{"id":63770,"date":"2016-02-10T07:51:42","date_gmt":"2016-02-10T06:51:42","guid":{"rendered":"http:\/\/eldigitaldeasturias.com\/magazine365\/?p=63770"},"modified":"2016-02-10T07:51:42","modified_gmt":"2016-02-10T06:51:42","slug":"francisco-jose-romero-visita-el-unico-camping-en-el-que-pernoctar-en-donana","status":"publish","type":"post","link":"https:\/\/eldigitaldeasturias.com\/magazine365\/francisco-jose-romero-visita-el-unico-camping-en-el-que-pernoctar-en-donana\/","title":{"rendered":"Francisco Jos\u00e9 Romero visita el \u00fanico camping en el que pernoctar en Do\u00f1ana"},"content":{"rendered":"<p><img fetchpriority=\"high\" decoding=\"async\" class=\"alignleft size-medium wp-image-63771\" src=\"https:\/\/eldigitaldeasturias.com\/magazine365\/wp-content\/uploads\/2016\/02\/fotonoticia_20160209161015_800-360x270.jpg\" alt=\"fotonoticia_20160209161015_800\" width=\"360\" height=\"270\" srcset=\"https:\/\/eldigitaldeasturias.com\/magazine365\/wp-content\/uploads\/2016\/02\/fotonoticia_20160209161015_800-360x270.jpg 360w, https:\/\/eldigitaldeasturias.com\/magazine365\/wp-content\/uploads\/2016\/02\/fotonoticia_20160209161015_800-650x488.jpg 650w, https:\/\/eldigitaldeasturias.com\/magazine365\/wp-content\/uploads\/2016\/02\/fotonoticia_20160209161015_800-768x576.jpg 768w, https:\/\/eldigitaldeasturias.com\/magazine365\/wp-content\/uploads\/2016\/02\/fotonoticia_20160209161015_800-150x113.jpg 150w, https:\/\/eldigitaldeasturias.com\/magazine365\/wp-content\/uploads\/2016\/02\/fotonoticia_20160209161015_800-450x338.jpg 450w, https:\/\/eldigitaldeasturias.com\/magazine365\/wp-content\/uploads\/2016\/02\/fotonoticia_20160209161015_800-80x60.jpg 80w, https:\/\/eldigitaldeasturias.com\/magazine365\/wp-content\/uploads\/2016\/02\/fotonoticia_20160209161015_800-265x198.jpg 265w, https:\/\/eldigitaldeasturias.com\/magazine365\/wp-content\/uploads\/2016\/02\/fotonoticia_20160209161015_800-696x522.jpg 696w, https:\/\/eldigitaldeasturias.com\/magazine365\/wp-content\/uploads\/2016\/02\/fotonoticia_20160209161015_800-560x420.jpg 560w, https:\/\/eldigitaldeasturias.com\/magazine365\/wp-content\/uploads\/2016\/02\/fotonoticia_20160209161015_800-90x67.jpg 90w, https:\/\/eldigitaldeasturias.com\/magazine365\/wp-content\/uploads\/2016\/02\/fotonoticia_20160209161015_800-164x124.jpg 164w, https:\/\/eldigitaldeasturias.com\/magazine365\/wp-content\/uploads\/2016\/02\/fotonoticia_20160209161015_800-100x75.jpg 100w, https:\/\/eldigitaldeasturias.com\/magazine365\/wp-content\/uploads\/2016\/02\/fotonoticia_20160209161015_800.jpg 800w\" sizes=\"(max-width: 360px) 100vw, 360px\" \/>El delegado de la Junta de Andaluc\u00eda en Huelva, Francisco Jos\u00e9 Romero, ha destacado durante su visita al camping Do\u00f1anarray\u00e1n de Hinojos, el \u00fanico que permite pernoctar en pleno coraz\u00f3n del Espacio Natural de Do\u00f1ana, que \u00abel ecoturismo es de las alternativas m\u00e1s pujantes para el desarrollo socioecon\u00f3mico de los espacios naturales ya que el auge de esta actividad conlleva nuevas posibilidades laborales y econ\u00f3micas, siempre que se combinen con el respeto a la propia naturaleza\u00bb.<\/p>\n<p>En esta l\u00ednea, en un comunicado, ha subrayado la apuesta de la Junta por el empleo verde y, en este caso, con el plus de \u00e9ste asociado a la actividad tur\u00edstica. \u00abUn ejemplo de ello es precisamente este camping, que recibi\u00f3 una subvenci\u00f3n por parte del Gobierno andaluz de 900.000 euros\u00bb, ha recordado.<\/p>\n<p>El camping comenz\u00f3 a funcionar en 2014, gracias al convenio de colaboraci\u00f3n firmado entre la Consejer\u00eda de Medio Ambiente y el Ayuntamiento de Hinojos en 2011, por el que la Junta cede el uso al consistorio.<\/p>\n<p>Forma parte de la franquicia francesa Yelloh Village, una agrupaci\u00f3n de los mejores campings de Francia &#8211;con varias de estas instalaciones en Espa\u00f1a y Portugal dentro de la cadena&#8211; que lleva m\u00e1s de 15 a\u00f1os trabajando en este \u00e1mbito, donde cuenta con un gran reconocimiento. En 2014, Yelloh Village, factur\u00f3 141 millones de euros.<\/p>\n<p>La incorporaci\u00f3n del camping Do\u00f1anarray\u00e1n a la franquicia \u00abconlleva una mejora en las instalaciones con una inversi\u00f3n de medio mill\u00f3n de euros para cumplir los requisitos de calidad de la empresa francesa que atraer\u00e1 a un mayor n\u00famero de clientes\u00bb, ha explicado la Junta. Para ello, ha adquirido nuevos lodges (casas rurales) y se ha creado un nuevo espacio. Estos trabajos se est\u00e1n ultimando.<\/p>\n<p>El delegado tambi\u00e9n ha mantenido un encuentro con el alcalde Hinojos, Miguel \u00c1ngel Curiel, y el equipo de gobierno, durante el que ha repasado algunos de los incentivos que ha recibido el municipio.<\/p>\n<p>En concreto, desde la Agencia IDEA, esta localidad condal ha recibido en el periodo 2013-2015 un total de 839.600,91 euros para diferentes proyectos empresariales, lo que ha generado una inversi\u00f3n de 2.240.397,77 euros.<\/p>\n<p>En cuanto a los planes de empleo para este a\u00f1o las cantidades previstas para Hinojos ascienden a 116.697,92 euros, de los que 68.041euros corresponden al Plan de Empleo Joven, y 48.656,02, al Emple@30.<\/p>\n","protected":false},"excerpt":{"rendered":"<p>El delegado de la Junta de Andaluc\u00eda en Huelva, Francisco Jos\u00e9 Romero, ha destacado durante su visita al camping Do\u00f1anarray\u00e1n de Hinojos, el \u00fanico que permite pernoctar en pleno coraz\u00f3n del Espacio Natural de Do\u00f1ana, que \u00abel ecoturismo es de las alternativas m\u00e1s pujantes para el desarrollo socioecon\u00f3mico de los espacios naturales ya que el<\/p>\n","protected":false},"author":1,"featured_media":63771,"comment_status":"open","ping_status":"closed","sticky":false,"template":"","format":"standard","meta":{"footnotes":""},"categories":[224],"tags":[],"class_list":{"0":"post-63770","1":"post","2":"type-post","3":"status-publish","4":"format-standard","5":"has-post-thumbnail","7":"category-noticias-actualidad"},"aioseo_notices":[],"aioseo_head":"\n\t\t<!-- All in One SEO Pro 4.9.6.1 - aioseo.com -->\n\t<meta name=\"description\" content=\"El delegado de la Junta de Andaluc\u00eda en Huelva, Francisco Jos\u00e9 Romero, ha destacado durante su visita al camping Do\u00f1anarray\u00e1n de Hinojos, el \u00fanico que permite pernoctar en pleno coraz\u00f3n del Espacio Natural de Do\u00f1ana, que &quot;el ecoturismo es de las alternativas m\u00e1s pujantes para el desarrollo socioecon\u00f3mico de los espacios naturales ya que el\" \/>\n\t<meta name=\"robots\" content=\"max-image-preview:large\" \/>\n\t<meta name=\"author\" content=\"admin\"\/>\n\t<meta name=\"google-site-verification\" content=\"UA-38556648-1\" \/>\n\t<meta name=\"keywords\" content=\"noticias y actualidad\" \/>\n\t<link rel=\"canonical\" href=\"https:\/\/eldigitaldeasturias.com\/magazine365\/francisco-jose-romero-visita-el-unico-camping-en-el-que-pernoctar-en-donana\/\" \/>\n\t<meta name=\"generator\" content=\"All in One SEO Pro (AIOSEO) 4.9.6.1\" \/>\n\t\t<meta property=\"og:locale\" content=\"es_ES\" \/>\n\t\t<meta property=\"og:site_name\" content=\"El Digital de Asturias \u2013 Revista de ocio, turismo y estilo de vida\" \/>\n\t\t<meta property=\"og:type\" content=\"article\" \/>\n\t\t<meta property=\"og:title\" content=\"Francisco Jos\u00e9 Romero visita el \u00fanico camping en el que pernoctar en Do\u00f1ana | El Digital de Asturias\" \/>\n\t\t<meta property=\"og:description\" content=\"El delegado de la Junta de Andaluc\u00eda en Huelva, Francisco Jos\u00e9 Romero, ha destacado durante su visita al camping Do\u00f1anarray\u00e1n de Hinojos, el \u00fanico que permite pernoctar en pleno coraz\u00f3n del Espacio Natural de Do\u00f1ana, que &quot;el ecoturismo es de las alternativas m\u00e1s pujantes para el desarrollo socioecon\u00f3mico de los espacios naturales ya que el\" \/>\n\t\t<meta property=\"og:url\" content=\"https:\/\/eldigitaldeasturias.com\/magazine365\/francisco-jose-romero-visita-el-unico-camping-en-el-que-pernoctar-en-donana\/\" \/>\n\t\t<meta property=\"og:image\" content=\"https:\/\/eldigitaldeasturias.com\/magazine365\/wp-content\/uploads\/2016\/02\/fotonoticia_20160209161015_800.jpg\" \/>\n\t\t<meta property=\"og:image:secure_url\" content=\"https:\/\/eldigitaldeasturias.com\/magazine365\/wp-content\/uploads\/2016\/02\/fotonoticia_20160209161015_800.jpg\" \/>\n\t\t<meta property=\"og:image:width\" content=\"800\" \/>\n\t\t<meta property=\"og:image:height\" content=\"600\" \/>\n\t\t<meta property=\"article:published_time\" content=\"2016-02-10T06:51:42+00:00\" \/>\n\t\t<meta property=\"article:modified_time\" content=\"2016-02-10T06:51:42+00:00\" \/>\n\t\t<meta name=\"twitter:card\" content=\"summary_large_image\" \/>\n\t\t<meta name=\"twitter:title\" content=\"Francisco Jos\u00e9 Romero visita el \u00fanico camping en el que pernoctar en Do\u00f1ana | El Digital de Asturias\" \/>\n\t\t<meta name=\"twitter:description\" content=\"El delegado de la Junta de Andaluc\u00eda en Huelva, Francisco Jos\u00e9 Romero, ha destacado durante su visita al camping Do\u00f1anarray\u00e1n de Hinojos, el \u00fanico que permite pernoctar en pleno coraz\u00f3n del Espacio Natural de Do\u00f1ana, que &quot;el ecoturismo es de las alternativas m\u00e1s pujantes para el desarrollo socioecon\u00f3mico de los espacios naturales ya que el\" \/>\n\t\t<meta name=\"twitter:image\" content=\"https:\/\/eldigitaldeasturias.com\/magazine365\/wp-content\/uploads\/2016\/02\/fotonoticia_20160209161015_800.jpg\" \/>\n\t\t<script type=\"application\/ld+json\" class=\"aioseo-schema\">\n\t\t\t{\"@context\":\"https:\\\/\\\/schema.org\",\"@graph\":[{\"@type\":\"Article\",\"@id\":\"https:\\\/\\\/eldigitaldeasturias.com\\\/magazine365\\\/francisco-jose-romero-visita-el-unico-camping-en-el-que-pernoctar-en-donana\\\/#article\",\"name\":\"Francisco Jos\\u00e9 Romero visita el \\u00fanico camping en el que pernoctar en Do\\u00f1ana | El Digital de Asturias\",\"headline\":\"Francisco Jos\\u00e9 Romero visita el \\u00fanico camping en el que pernoctar en Do\\u00f1ana\",\"author\":{\"@id\":\"https:\\\/\\\/eldigitaldeasturias.com\\\/magazine365\\\/author\\\/admin\\\/#author\"},\"publisher\":{\"@id\":\"https:\\\/\\\/eldigitaldeasturias.com\\\/magazine365\\\/#organization\"},\"image\":{\"@type\":\"ImageObject\",\"url\":\"https:\\\/\\\/eldigitaldeasturias.com\\\/magazine365\\\/wp-content\\\/uploads\\\/2016\\\/02\\\/fotonoticia_20160209161015_800.jpg\",\"width\":800,\"height\":600},\"datePublished\":\"2016-02-10T07:51:42+01:00\",\"dateModified\":\"2016-02-10T07:51:42+01:00\",\"inLanguage\":\"es-ES\",\"mainEntityOfPage\":{\"@id\":\"https:\\\/\\\/eldigitaldeasturias.com\\\/magazine365\\\/francisco-jose-romero-visita-el-unico-camping-en-el-que-pernoctar-en-donana\\\/#webpage\"},\"isPartOf\":{\"@id\":\"https:\\\/\\\/eldigitaldeasturias.com\\\/magazine365\\\/francisco-jose-romero-visita-el-unico-camping-en-el-que-pernoctar-en-donana\\\/#webpage\"},\"articleSection\":\"Noticias y Actualidad\"},{\"@type\":\"BreadcrumbList\",\"@id\":\"https:\\\/\\\/eldigitaldeasturias.com\\\/magazine365\\\/francisco-jose-romero-visita-el-unico-camping-en-el-que-pernoctar-en-donana\\\/#breadcrumblist\",\"itemListElement\":[{\"@type\":\"ListItem\",\"@id\":\"https:\\\/\\\/eldigitaldeasturias.com\\\/magazine365#listItem\",\"position\":1,\"name\":\"Home\",\"item\":\"https:\\\/\\\/eldigitaldeasturias.com\\\/magazine365\",\"nextItem\":{\"@type\":\"ListItem\",\"@id\":\"https:\\\/\\\/eldigitaldeasturias.com\\\/magazine365\\\/category\\\/noticias-actualidad\\\/#listItem\",\"name\":\"Noticias y Actualidad\"}},{\"@type\":\"ListItem\",\"@id\":\"https:\\\/\\\/eldigitaldeasturias.com\\\/magazine365\\\/category\\\/noticias-actualidad\\\/#listItem\",\"position\":2,\"name\":\"Noticias y Actualidad\",\"item\":\"https:\\\/\\\/eldigitaldeasturias.com\\\/magazine365\\\/category\\\/noticias-actualidad\\\/\",\"nextItem\":{\"@type\":\"ListItem\",\"@id\":\"https:\\\/\\\/eldigitaldeasturias.com\\\/magazine365\\\/francisco-jose-romero-visita-el-unico-camping-en-el-que-pernoctar-en-donana\\\/#listItem\",\"name\":\"Francisco Jos\\u00e9 Romero visita el \\u00fanico camping en el que pernoctar en Do\\u00f1ana\"},\"previousItem\":{\"@type\":\"ListItem\",\"@id\":\"https:\\\/\\\/eldigitaldeasturias.com\\\/magazine365#listItem\",\"name\":\"Home\"}},{\"@type\":\"ListItem\",\"@id\":\"https:\\\/\\\/eldigitaldeasturias.com\\\/magazine365\\\/francisco-jose-romero-visita-el-unico-camping-en-el-que-pernoctar-en-donana\\\/#listItem\",\"position\":3,\"name\":\"Francisco Jos\\u00e9 Romero visita el \\u00fanico camping en el que pernoctar en Do\\u00f1ana\",\"previousItem\":{\"@type\":\"ListItem\",\"@id\":\"https:\\\/\\\/eldigitaldeasturias.com\\\/magazine365\\\/category\\\/noticias-actualidad\\\/#listItem\",\"name\":\"Noticias y Actualidad\"}}]},{\"@type\":\"Organization\",\"@id\":\"https:\\\/\\\/eldigitaldeasturias.com\\\/magazine365\\\/#organization\",\"name\":\"El digital de Asturias\",\"description\":\"Revista de ocio, turismo y estilo de vida\",\"url\":\"https:\\\/\\\/eldigitaldeasturias.com\\\/magazine365\\\/\",\"logo\":{\"@type\":\"ImageObject\",\"url\":\"https:\\\/\\\/www.eldigitaldeasturias.com\\\/noticias\\\/wp-content\\\/uploads\\\/2020\\\/12\\\/EDA.jpg\",\"@id\":\"https:\\\/\\\/eldigitaldeasturias.com\\\/magazine365\\\/francisco-jose-romero-visita-el-unico-camping-en-el-que-pernoctar-en-donana\\\/#organizationLogo\"},\"image\":{\"@id\":\"https:\\\/\\\/eldigitaldeasturias.com\\\/magazine365\\\/francisco-jose-romero-visita-el-unico-camping-en-el-que-pernoctar-en-donana\\\/#organizationLogo\"}},{\"@type\":\"Person\",\"@id\":\"https:\\\/\\\/eldigitaldeasturias.com\\\/magazine365\\\/author\\\/admin\\\/#author\",\"url\":\"https:\\\/\\\/eldigitaldeasturias.com\\\/magazine365\\\/author\\\/admin\\\/\",\"name\":\"admin\",\"image\":{\"@type\":\"ImageObject\",\"@id\":\"https:\\\/\\\/eldigitaldeasturias.com\\\/magazine365\\\/francisco-jose-romero-visita-el-unico-camping-en-el-que-pernoctar-en-donana\\\/#authorImage\",\"url\":\"https:\\\/\\\/eldigitaldeasturias.com\\\/magazine365\\\/wp-content\\\/litespeed\\\/avatar\\\/e571bcf59a0edd6fa6838245a470f2fe.jpg?ver=1776969259\",\"width\":96,\"height\":96,\"caption\":\"admin\"}},{\"@type\":\"WebPage\",\"@id\":\"https:\\\/\\\/eldigitaldeasturias.com\\\/magazine365\\\/francisco-jose-romero-visita-el-unico-camping-en-el-que-pernoctar-en-donana\\\/#webpage\",\"url\":\"https:\\\/\\\/eldigitaldeasturias.com\\\/magazine365\\\/francisco-jose-romero-visita-el-unico-camping-en-el-que-pernoctar-en-donana\\\/\",\"name\":\"Francisco Jos\\u00e9 Romero visita el \\u00fanico camping en el que pernoctar en Do\\u00f1ana | El Digital de Asturias\",\"description\":\"El delegado de la Junta de Andaluc\\u00eda en Huelva, Francisco Jos\\u00e9 Romero, ha destacado durante su visita al camping Do\\u00f1anarray\\u00e1n de Hinojos, el \\u00fanico que permite pernoctar en pleno coraz\\u00f3n del Espacio Natural de Do\\u00f1ana, que \\\"el ecoturismo es de las alternativas m\\u00e1s pujantes para el desarrollo socioecon\\u00f3mico de los espacios naturales ya que el\",\"inLanguage\":\"es-ES\",\"isPartOf\":{\"@id\":\"https:\\\/\\\/eldigitaldeasturias.com\\\/magazine365\\\/#website\"},\"breadcrumb\":{\"@id\":\"https:\\\/\\\/eldigitaldeasturias.com\\\/magazine365\\\/francisco-jose-romero-visita-el-unico-camping-en-el-que-pernoctar-en-donana\\\/#breadcrumblist\"},\"author\":{\"@id\":\"https:\\\/\\\/eldigitaldeasturias.com\\\/magazine365\\\/author\\\/admin\\\/#author\"},\"creator\":{\"@id\":\"https:\\\/\\\/eldigitaldeasturias.com\\\/magazine365\\\/author\\\/admin\\\/#author\"},\"image\":{\"@type\":\"ImageObject\",\"url\":\"https:\\\/\\\/eldigitaldeasturias.com\\\/magazine365\\\/wp-content\\\/uploads\\\/2016\\\/02\\\/fotonoticia_20160209161015_800.jpg\",\"@id\":\"https:\\\/\\\/eldigitaldeasturias.com\\\/magazine365\\\/francisco-jose-romero-visita-el-unico-camping-en-el-que-pernoctar-en-donana\\\/#mainImage\",\"width\":800,\"height\":600},\"primaryImageOfPage\":{\"@id\":\"https:\\\/\\\/eldigitaldeasturias.com\\\/magazine365\\\/francisco-jose-romero-visita-el-unico-camping-en-el-que-pernoctar-en-donana\\\/#mainImage\"},\"datePublished\":\"2016-02-10T07:51:42+01:00\",\"dateModified\":\"2016-02-10T07:51:42+01:00\"},{\"@type\":\"WebSite\",\"@id\":\"https:\\\/\\\/eldigitaldeasturias.com\\\/magazine365\\\/#website\",\"url\":\"https:\\\/\\\/eldigitaldeasturias.com\\\/magazine365\\\/\",\"name\":\"El Digital de Asturias\",\"description\":\"Revista de ocio, turismo y estilo de vida\",\"inLanguage\":\"es-ES\",\"publisher\":{\"@id\":\"https:\\\/\\\/eldigitaldeasturias.com\\\/magazine365\\\/#organization\"}}]}\n\t\t<\/script>\n\t\t<!-- All in One SEO Pro -->\r\n\t\t<title>Francisco Jos\u00e9 Romero visita el \u00fanico camping en el que pernoctar en Do\u00f1ana | El Digital de Asturias<\/title>\n\n","aioseo_head_json":{"title":"Francisco Jos\u00e9 Romero visita el \u00fanico camping en el que pernoctar en Do\u00f1ana | El Digital de Asturias","description":"El delegado de la Junta de Andaluc\u00eda en Huelva, Francisco Jos\u00e9 Romero, ha destacado durante su visita al camping Do\u00f1anarray\u00e1n de Hinojos, el \u00fanico que permite pernoctar en pleno coraz\u00f3n del Espacio Natural de Do\u00f1ana, que \"el ecoturismo es de las alternativas m\u00e1s pujantes para el desarrollo socioecon\u00f3mico de los espacios naturales ya que el","canonical_url":"https:\/\/eldigitaldeasturias.com\/magazine365\/francisco-jose-romero-visita-el-unico-camping-en-el-que-pernoctar-en-donana\/","robots":"max-image-preview:large","keywords":"noticias y actualidad","webmasterTools":{"google-site-verification":"UA-38556648-1","miscellaneous":""},"schema":{"@context":"https:\/\/schema.org","@graph":[{"@type":"Article","@id":"https:\/\/eldigitaldeasturias.com\/magazine365\/francisco-jose-romero-visita-el-unico-camping-en-el-que-pernoctar-en-donana\/#article","name":"Francisco Jos\u00e9 Romero visita el \u00fanico camping en el que pernoctar en Do\u00f1ana | El Digital de Asturias","headline":"Francisco Jos\u00e9 Romero visita el \u00fanico camping en el que pernoctar en Do\u00f1ana","author":{"@id":"https:\/\/eldigitaldeasturias.com\/magazine365\/author\/admin\/#author"},"publisher":{"@id":"https:\/\/eldigitaldeasturias.com\/magazine365\/#organization"},"image":{"@type":"ImageObject","url":"https:\/\/eldigitaldeasturias.com\/magazine365\/wp-content\/uploads\/2016\/02\/fotonoticia_20160209161015_800.jpg","width":800,"height":600},"datePublished":"2016-02-10T07:51:42+01:00","dateModified":"2016-02-10T07:51:42+01:00","inLanguage":"es-ES","mainEntityOfPage":{"@id":"https:\/\/eldigitaldeasturias.com\/magazine365\/francisco-jose-romero-visita-el-unico-camping-en-el-que-pernoctar-en-donana\/#webpage"},"isPartOf":{"@id":"https:\/\/eldigitaldeasturias.com\/magazine365\/francisco-jose-romero-visita-el-unico-camping-en-el-que-pernoctar-en-donana\/#webpage"},"articleSection":"Noticias y Actualidad"},{"@type":"BreadcrumbList","@id":"https:\/\/eldigitaldeasturias.com\/magazine365\/francisco-jose-romero-visita-el-unico-camping-en-el-que-pernoctar-en-donana\/#breadcrumblist","itemListElement":[{"@type":"ListItem","@id":"https:\/\/eldigitaldeasturias.com\/magazine365#listItem","position":1,"name":"Home","item":"https:\/\/eldigitaldeasturias.com\/magazine365","nextItem":{"@type":"ListItem","@id":"https:\/\/eldigitaldeasturias.com\/magazine365\/category\/noticias-actualidad\/#listItem","name":"Noticias y Actualidad"}},{"@type":"ListItem","@id":"https:\/\/eldigitaldeasturias.com\/magazine365\/category\/noticias-actualidad\/#listItem","position":2,"name":"Noticias y Actualidad","item":"https:\/\/eldigitaldeasturias.com\/magazine365\/category\/noticias-actualidad\/","nextItem":{"@type":"ListItem","@id":"https:\/\/eldigitaldeasturias.com\/magazine365\/francisco-jose-romero-visita-el-unico-camping-en-el-que-pernoctar-en-donana\/#listItem","name":"Francisco Jos\u00e9 Romero visita el \u00fanico camping en el que pernoctar en Do\u00f1ana"},"previousItem":{"@type":"ListItem","@id":"https:\/\/eldigitaldeasturias.com\/magazine365#listItem","name":"Home"}},{"@type":"ListItem","@id":"https:\/\/eldigitaldeasturias.com\/magazine365\/francisco-jose-romero-visita-el-unico-camping-en-el-que-pernoctar-en-donana\/#listItem","position":3,"name":"Francisco Jos\u00e9 Romero visita el \u00fanico camping en el que pernoctar en Do\u00f1ana","previousItem":{"@type":"ListItem","@id":"https:\/\/eldigitaldeasturias.com\/magazine365\/category\/noticias-actualidad\/#listItem","name":"Noticias y Actualidad"}}]},{"@type":"Organization","@id":"https:\/\/eldigitaldeasturias.com\/magazine365\/#organization","name":"El digital de Asturias","description":"Revista de ocio, turismo y estilo de vida","url":"https:\/\/eldigitaldeasturias.com\/magazine365\/","logo":{"@type":"ImageObject","url":"https:\/\/www.eldigitaldeasturias.com\/noticias\/wp-content\/uploads\/2020\/12\/EDA.jpg","@id":"https:\/\/eldigitaldeasturias.com\/magazine365\/francisco-jose-romero-visita-el-unico-camping-en-el-que-pernoctar-en-donana\/#organizationLogo"},"image":{"@id":"https:\/\/eldigitaldeasturias.com\/magazine365\/francisco-jose-romero-visita-el-unico-camping-en-el-que-pernoctar-en-donana\/#organizationLogo"}},{"@type":"Person","@id":"https:\/\/eldigitaldeasturias.com\/magazine365\/author\/admin\/#author","url":"https:\/\/eldigitaldeasturias.com\/magazine365\/author\/admin\/","name":"admin","image":{"@type":"ImageObject","@id":"https:\/\/eldigitaldeasturias.com\/magazine365\/francisco-jose-romero-visita-el-unico-camping-en-el-que-pernoctar-en-donana\/#authorImage","url":"https:\/\/eldigitaldeasturias.com\/magazine365\/wp-content\/litespeed\/avatar\/e571bcf59a0edd6fa6838245a470f2fe.jpg?ver=1776969259","width":96,"height":96,"caption":"admin"}},{"@type":"WebPage","@id":"https:\/\/eldigitaldeasturias.com\/magazine365\/francisco-jose-romero-visita-el-unico-camping-en-el-que-pernoctar-en-donana\/#webpage","url":"https:\/\/eldigitaldeasturias.com\/magazine365\/francisco-jose-romero-visita-el-unico-camping-en-el-que-pernoctar-en-donana\/","name":"Francisco Jos\u00e9 Romero visita el \u00fanico camping en el que pernoctar en Do\u00f1ana | El Digital de Asturias","description":"El delegado de la Junta de Andaluc\u00eda en Huelva, Francisco Jos\u00e9 Romero, ha destacado durante su visita al camping Do\u00f1anarray\u00e1n de Hinojos, el \u00fanico que permite pernoctar en pleno coraz\u00f3n del Espacio Natural de Do\u00f1ana, que \"el ecoturismo es de las alternativas m\u00e1s pujantes para el desarrollo socioecon\u00f3mico de los espacios naturales ya que el","inLanguage":"es-ES","isPartOf":{"@id":"https:\/\/eldigitaldeasturias.com\/magazine365\/#website"},"breadcrumb":{"@id":"https:\/\/eldigitaldeasturias.com\/magazine365\/francisco-jose-romero-visita-el-unico-camping-en-el-que-pernoctar-en-donana\/#breadcrumblist"},"author":{"@id":"https:\/\/eldigitaldeasturias.com\/magazine365\/author\/admin\/#author"},"creator":{"@id":"https:\/\/eldigitaldeasturias.com\/magazine365\/author\/admin\/#author"},"image":{"@type":"ImageObject","url":"https:\/\/eldigitaldeasturias.com\/magazine365\/wp-content\/uploads\/2016\/02\/fotonoticia_20160209161015_800.jpg","@id":"https:\/\/eldigitaldeasturias.com\/magazine365\/francisco-jose-romero-visita-el-unico-camping-en-el-que-pernoctar-en-donana\/#mainImage","width":800,"height":600},"primaryImageOfPage":{"@id":"https:\/\/eldigitaldeasturias.com\/magazine365\/francisco-jose-romero-visita-el-unico-camping-en-el-que-pernoctar-en-donana\/#mainImage"},"datePublished":"2016-02-10T07:51:42+01:00","dateModified":"2016-02-10T07:51:42+01:00"},{"@type":"WebSite","@id":"https:\/\/eldigitaldeasturias.com\/magazine365\/#website","url":"https:\/\/eldigitaldeasturias.com\/magazine365\/","name":"El Digital de Asturias","description":"Revista de ocio, turismo y estilo de vida","inLanguage":"es-ES","publisher":{"@id":"https:\/\/eldigitaldeasturias.com\/magazine365\/#organization"}}]},"og:locale":"es_ES","og:site_name":"El Digital de Asturias \u2013 Revista de ocio, turismo y estilo de vida","og:type":"article","og:title":"Francisco Jos\u00e9 Romero visita el \u00fanico camping en el que pernoctar en Do\u00f1ana | El Digital de Asturias","og:description":"El delegado de la Junta de Andaluc\u00eda en Huelva, Francisco Jos\u00e9 Romero, ha destacado durante su visita al camping Do\u00f1anarray\u00e1n de Hinojos, el \u00fanico que permite pernoctar en pleno coraz\u00f3n del Espacio Natural de Do\u00f1ana, que &quot;el ecoturismo es de las alternativas m\u00e1s pujantes para el desarrollo socioecon\u00f3mico de los espacios naturales ya que el","og:url":"https:\/\/eldigitaldeasturias.com\/magazine365\/francisco-jose-romero-visita-el-unico-camping-en-el-que-pernoctar-en-donana\/","og:image":"https:\/\/eldigitaldeasturias.com\/magazine365\/wp-content\/uploads\/2016\/02\/fotonoticia_20160209161015_800.jpg","og:image:secure_url":"https:\/\/eldigitaldeasturias.com\/magazine365\/wp-content\/uploads\/2016\/02\/fotonoticia_20160209161015_800.jpg","og:image:width":800,"og:image:height":600,"article:published_time":"2016-02-10T06:51:42+00:00","article:modified_time":"2016-02-10T06:51:42+00:00","twitter:card":"summary_large_image","twitter:title":"Francisco Jos\u00e9 Romero visita el \u00fanico camping en el que pernoctar en Do\u00f1ana | El Digital de Asturias","twitter:description":"El delegado de la Junta de Andaluc\u00eda en Huelva, Francisco Jos\u00e9 Romero, ha destacado durante su visita al camping Do\u00f1anarray\u00e1n de Hinojos, el \u00fanico que permite pernoctar en pleno coraz\u00f3n del Espacio Natural de Do\u00f1ana, que &quot;el ecoturismo es de las alternativas m\u00e1s pujantes para el desarrollo socioecon\u00f3mico de los espacios naturales ya que el","twitter:image":"https:\/\/eldigitaldeasturias.com\/magazine365\/wp-content\/uploads\/2016\/02\/fotonoticia_20160209161015_800.jpg"},"aioseo_meta_data":{"post_id":"63770","title":null,"description":null,"keywords":null,"keyphrases":null,"primary_term":null,"canonical_url":null,"og_title":null,"og_description":null,"og_object_type":"default","og_image_type":"default","og_image_url":null,"og_image_width":null,"og_image_height":null,"og_image_custom_url":null,"og_image_custom_fields":null,"og_video":null,"og_custom_url":null,"og_article_section":null,"og_article_tags":null,"twitter_use_og":false,"twitter_card":"default","twitter_image_type":"default","twitter_image_url":null,"twitter_image_custom_url":null,"twitter_image_custom_fields":null,"twitter_title":null,"twitter_description":null,"schema":{"blockGraphs":[],"customGraphs":[],"default":{"data":{"Article":[],"Course":[],"Dataset":[],"FAQPage":[],"Movie":[],"Person":[],"Product":[],"ProductReview":[],"Car":[],"Recipe":[],"Service":[],"SoftwareApplication":[],"WebPage":[]},"graphName":"","isEnabled":true},"graphs":[],"defaultGraph":"","defaultPostTypeGraph":""},"schema_type":null,"schema_type_options":null,"pillar_content":false,"robots_default":true,"robots_noindex":false,"robots_noarchive":false,"robots_nosnippet":false,"robots_nofollow":false,"robots_noimageindex":false,"robots_noodp":false,"robots_notranslate":false,"robots_max_snippet":null,"robots_max_videopreview":null,"robots_max_imagepreview":"large","priority":null,"frequency":null,"location":null,"local_seo":null,"seo_analyzer_scan_date":"2025-09-25 13:47:57","breadcrumb_settings":null,"limit_modified_date":false,"open_ai":null,"ai":null,"created":"2021-03-08 21:18:28","updated":"2025-09-25 13:47:57"},"aioseo_breadcrumb":"<div class=\"aioseo-breadcrumbs\"><span class=\"aioseo-breadcrumb\">\n\t<a href=\"https:\/\/eldigitaldeasturias.com\/magazine365\" title=\"Home\">Home<\/a>\n<\/span><span class=\"aioseo-breadcrumb-separator\">\u2013<\/span><span class=\"aioseo-breadcrumb\">\n\t<a href=\"https:\/\/eldigitaldeasturias.com\/magazine365\/category\/noticias-actualidad\/\" title=\"Noticias y Actualidad\">Noticias y Actualidad<\/a>\n<\/span><span class=\"aioseo-breadcrumb-separator\">\u2013<\/span><span class=\"aioseo-breadcrumb\">\n\t<a href=\"https:\/\/eldigitaldeasturias.com\/magazine365\/francisco-jose-romero-visita-el-unico-camping-en-el-que-pernoctar-en-donana\/\" title=\"Francisco Jos\u00e9 Romero visita el \u00fanico camping en el que pernoctar en Do\u00f1ana\">Francisco Jos\u00e9 Romero visita el \u00fanico camping en el que pernoctar en Do\u00f1ana<\/a>\n<\/span><\/div>","aioseo_breadcrumb_json":[{"label":"Home","link":"https:\/\/eldigitaldeasturias.com\/magazine365"},{"label":"Noticias y Actualidad","link":"https:\/\/eldigitaldeasturias.com\/magazine365\/category\/noticias-actualidad\/"},{"label":"Francisco Jos\u00e9 Romero visita el \u00fanico camping en el que pernoctar en Do\u00f1ana","link":"https:\/\/eldigitaldeasturias.com\/magazine365\/francisco-jose-romero-visita-el-unico-camping-en-el-que-pernoctar-en-donana\/"}],"_links":{"self":[{"href":"https:\/\/eldigitaldeasturias.com\/magazine365\/wp-json\/wp\/v2\/posts\/63770","targetHints":{"allow":["GET"]}}],"collection":[{"href":"https:\/\/eldigitaldeasturias.com\/magazine365\/wp-json\/wp\/v2\/posts"}],"about":[{"href":"https:\/\/eldigitaldeasturias.com\/magazine365\/wp-json\/wp\/v2\/types\/post"}],"author":[{"embeddable":true,"href":"https:\/\/eldigitaldeasturias.com\/magazine365\/wp-json\/wp\/v2\/users\/1"}],"replies":[{"embeddable":true,"href":"https:\/\/eldigitaldeasturias.com\/magazine365\/wp-json\/wp\/v2\/comments?post=63770"}],"version-history":[{"count":0,"href":"https:\/\/eldigitaldeasturias.com\/magazine365\/wp-json\/wp\/v2\/posts\/63770\/revisions"}],"wp:featuredmedia":[{"embeddable":true,"href":"https:\/\/eldigitaldeasturias.com\/magazine365\/wp-json\/wp\/v2\/media\/63771"}],"wp:attachment":[{"href":"https:\/\/eldigitaldeasturias.com\/magazine365\/wp-json\/wp\/v2\/media?parent=63770"}],"wp:term":[{"taxonomy":"category","embeddable":true,"href":"https:\/\/eldigitaldeasturias.com\/magazine365\/wp-json\/wp\/v2\/categories?post=63770"},{"taxonomy":"post_tag","embeddable":true,"href":"https:\/\/eldigitaldeasturias.com\/magazine365\/wp-json\/wp\/v2\/tags?post=63770"}],"curies":[{"name":"wp","href":"https:\/\/api.w.org\/{rel}","templated":true}]}}