{"id":63755,"date":"2016-02-10T07:46:21","date_gmt":"2016-02-10T06:46:21","guid":{"rendered":"http:\/\/eldigitaldeasturias.com\/magazine365\/?p=63755"},"modified":"2016-02-10T07:46:21","modified_gmt":"2016-02-10T06:46:21","slug":"mas-de-40-establecimientos-hosteleros-de-manilva-participaran-en-una-campana-para-el-reciclaje-de-vidrio","status":"publish","type":"post","link":"https:\/\/eldigitaldeasturias.com\/magazine365\/mas-de-40-establecimientos-hosteleros-de-manilva-participaran-en-una-campana-para-el-reciclaje-de-vidrio\/","title":{"rendered":"M\u00e1s de 40 establecimientos hosteleros de Manilva participar\u00e1n en una campa\u00f1a para el reciclaje de vidrio"},"content":{"rendered":"<p><img fetchpriority=\"high\" decoding=\"async\" class=\"alignleft size-medium wp-image-63756\" src=\"https:\/\/eldigitaldeasturias.com\/magazine365\/wp-content\/uploads\/2016\/02\/fotonoticia_20160209151439_800-360x203.jpg\" alt=\"fotonoticia_20160209151439_800\" width=\"360\" height=\"203\" srcset=\"https:\/\/eldigitaldeasturias.com\/magazine365\/wp-content\/uploads\/2016\/02\/fotonoticia_20160209151439_800-360x203.jpg 360w, https:\/\/eldigitaldeasturias.com\/magazine365\/wp-content\/uploads\/2016\/02\/fotonoticia_20160209151439_800-650x366.jpg 650w, https:\/\/eldigitaldeasturias.com\/magazine365\/wp-content\/uploads\/2016\/02\/fotonoticia_20160209151439_800-768x432.jpg 768w, https:\/\/eldigitaldeasturias.com\/magazine365\/wp-content\/uploads\/2016\/02\/fotonoticia_20160209151439_800-150x84.jpg 150w, https:\/\/eldigitaldeasturias.com\/magazine365\/wp-content\/uploads\/2016\/02\/fotonoticia_20160209151439_800-450x253.jpg 450w, https:\/\/eldigitaldeasturias.com\/magazine365\/wp-content\/uploads\/2016\/02\/fotonoticia_20160209151439_800-696x392.jpg 696w, https:\/\/eldigitaldeasturias.com\/magazine365\/wp-content\/uploads\/2016\/02\/fotonoticia_20160209151439_800-747x420.jpg 747w, https:\/\/eldigitaldeasturias.com\/magazine365\/wp-content\/uploads\/2016\/02\/fotonoticia_20160209151439_800-499x280.jpg 499w, https:\/\/eldigitaldeasturias.com\/magazine365\/wp-content\/uploads\/2016\/02\/fotonoticia_20160209151439_800-510x289.jpg 510w, https:\/\/eldigitaldeasturias.com\/magazine365\/wp-content\/uploads\/2016\/02\/fotonoticia_20160209151439_800.jpg 800w\" sizes=\"(max-width: 360px) 100vw, 360px\" \/>La Mancomunidad de Municipios de la Costa del Sol Occidental, el Ayuntamiento del municipio malague\u00f1o de Manilva y Ecovidrio han desarrollado una campa\u00f1a para promover el reciclaje de vidrio en la que participar\u00e1n 45 locales de hosteler\u00eda de la localidad.<\/p>\n<p>El vicepresidente del ente mancomunado, Jos\u00e9 Antonio G\u00f3mez; el alcalde de Manilva, Diego Jim\u00e9nez, y el gerente de zona de la entidad encargada de la gesti\u00f3n del reciclado en estos materiales, Roberto Fuentes, han presentado este martes el proyecto.<\/p>\n<p>G\u00f3mez ha explicado que, tras estudiar las necesidades de los establecimientos, y con el fin de facilitarles el reciclaje, Ecovidrio pondr\u00e1 a disposici\u00f3n de \u00e9stos 15 contenedores VACRI, \u00abque cuentan con una boca m\u00e1s ancha y est\u00e1n dotados de un sistema hidr\u00e1ulico que facilita el reciclaje de grandes cantidades de vidrio\u00bb.<\/p>\n<p>Para completar la iniciativa, Jim\u00e9nez ha afirmado que \u00abla entidad entregar\u00e1 57 cubos a los locales, que as\u00ed lo han solicitado, para que puedan separar de forma c\u00f3moda los residuos en el interior del local, transportarlos f\u00e1cilmente hasta el contenedor verde y vaciar todo el contenido de una sola vez\u00bb.<\/p>\n<p>El gerente de Ecovidrio ha recordado adem\u00e1s que el canal Horeca (Hosteler\u00eda, Restauraci\u00f3n y Catering) \u00abes uno de los ejes principales sobre los que trabaja la instituci\u00f3n para incrementar la tasa de reciclaje, ya que en \u00e9l se generan el 50 por ciento de los residuos de envases de vidrio que se comercializan en Espa\u00f1a\u00bb.<\/p>\n<p>En 2014, seg\u00fan ha a\u00f1adido el vicepresidente de la Mancomunidad, \u00ablos ciudadanos de Manilva reciclaron un total de 409.320 kilogramos de envases de vidrio, lo que supone una media de 28 kilogramos por ciudadano al a\u00f1o\u00bb. Asimismo, ha informado de que el municipio dispone de un total de 105 contenedores, cifra que se traduce en un dep\u00f3sito por cada 138 ciudadanos.<\/p>\n<p>\u00abGracias al vidrio depositado en los contenedores, los ciudadanos de Manilva lograron evitar la emisi\u00f3n de 280 toneladas de di\u00f3xido de carbono (Co2) a la atm\u00f3sfera, la extracci\u00f3n de m\u00e1s de 340 toneladas de materias primas de la naturaleza y el ahorro de m\u00e1s de 1.100 megavatios-hora (MWh) de energ\u00eda\u00bb, ha concluido.<\/p>\n","protected":false},"excerpt":{"rendered":"<p>La Mancomunidad de Municipios de la Costa del Sol Occidental, el Ayuntamiento del municipio malague\u00f1o de Manilva y Ecovidrio han desarrollado una campa\u00f1a para promover el reciclaje de vidrio en la que participar\u00e1n 45 locales de hosteler\u00eda de la localidad. El vicepresidente del ente mancomunado, Jos\u00e9 Antonio G\u00f3mez; el alcalde de Manilva, Diego Jim\u00e9nez, y<\/p>\n","protected":false},"author":1,"featured_media":63756,"comment_status":"open","ping_status":"closed","sticky":false,"template":"","format":"standard","meta":{"footnotes":""},"categories":[224],"tags":[],"class_list":{"0":"post-63755","1":"post","2":"type-post","3":"status-publish","4":"format-standard","5":"has-post-thumbnail","7":"category-noticias-actualidad"},"aioseo_notices":[],"aioseo_head":"\n\t\t<!-- All in One SEO Pro 4.9.6.1 - aioseo.com -->\n\t<meta name=\"description\" content=\"La Mancomunidad de Municipios de la Costa del Sol Occidental, el Ayuntamiento del municipio malague\u00f1o de Manilva y Ecovidrio han desarrollado una campa\u00f1a para promover el reciclaje de vidrio en la que participar\u00e1n 45 locales de hosteler\u00eda de la localidad. El vicepresidente del ente mancomunado, Jos\u00e9 Antonio G\u00f3mez; el alcalde de Manilva, Diego Jim\u00e9nez, y\" \/>\n\t<meta name=\"robots\" content=\"max-image-preview:large\" \/>\n\t<meta name=\"author\" content=\"admin\"\/>\n\t<meta name=\"google-site-verification\" content=\"UA-38556648-1\" \/>\n\t<meta name=\"keywords\" content=\"noticias y actualidad\" \/>\n\t<link rel=\"canonical\" href=\"https:\/\/eldigitaldeasturias.com\/magazine365\/mas-de-40-establecimientos-hosteleros-de-manilva-participaran-en-una-campana-para-el-reciclaje-de-vidrio\/\" \/>\n\t<meta name=\"generator\" content=\"All in One SEO Pro (AIOSEO) 4.9.6.1\" \/>\n\t\t<meta property=\"og:locale\" content=\"es_ES\" \/>\n\t\t<meta property=\"og:site_name\" content=\"El Digital de Asturias \u2013 Revista de ocio, turismo y estilo de vida\" \/>\n\t\t<meta property=\"og:type\" content=\"article\" \/>\n\t\t<meta property=\"og:title\" content=\"M\u00e1s de 40 establecimientos hosteleros de Manilva participar\u00e1n en una campa\u00f1a para el reciclaje de vidrio | El Digital de Asturias\" \/>\n\t\t<meta property=\"og:description\" content=\"La Mancomunidad de Municipios de la Costa del Sol Occidental, el Ayuntamiento del municipio malague\u00f1o de Manilva y Ecovidrio han desarrollado una campa\u00f1a para promover el reciclaje de vidrio en la que participar\u00e1n 45 locales de hosteler\u00eda de la localidad. El vicepresidente del ente mancomunado, Jos\u00e9 Antonio G\u00f3mez; el alcalde de Manilva, Diego Jim\u00e9nez, y\" \/>\n\t\t<meta property=\"og:url\" content=\"https:\/\/eldigitaldeasturias.com\/magazine365\/mas-de-40-establecimientos-hosteleros-de-manilva-participaran-en-una-campana-para-el-reciclaje-de-vidrio\/\" \/>\n\t\t<meta property=\"og:image\" content=\"https:\/\/eldigitaldeasturias.com\/magazine365\/wp-content\/uploads\/2016\/02\/fotonoticia_20160209151439_800.jpg\" \/>\n\t\t<meta property=\"og:image:secure_url\" content=\"https:\/\/eldigitaldeasturias.com\/magazine365\/wp-content\/uploads\/2016\/02\/fotonoticia_20160209151439_800.jpg\" \/>\n\t\t<meta property=\"og:image:width\" content=\"800\" \/>\n\t\t<meta property=\"og:image:height\" content=\"450\" \/>\n\t\t<meta property=\"article:published_time\" content=\"2016-02-10T06:46:21+00:00\" \/>\n\t\t<meta property=\"article:modified_time\" content=\"2016-02-10T06:46:21+00:00\" \/>\n\t\t<meta name=\"twitter:card\" content=\"summary_large_image\" \/>\n\t\t<meta name=\"twitter:title\" content=\"M\u00e1s de 40 establecimientos hosteleros de Manilva participar\u00e1n en una campa\u00f1a para el reciclaje de vidrio | El Digital de Asturias\" \/>\n\t\t<meta name=\"twitter:description\" content=\"La Mancomunidad de Municipios de la Costa del Sol Occidental, el Ayuntamiento del municipio malague\u00f1o de Manilva y Ecovidrio han desarrollado una campa\u00f1a para promover el reciclaje de vidrio en la que participar\u00e1n 45 locales de hosteler\u00eda de la localidad. El vicepresidente del ente mancomunado, Jos\u00e9 Antonio G\u00f3mez; el alcalde de Manilva, Diego Jim\u00e9nez, y\" \/>\n\t\t<meta name=\"twitter:image\" content=\"https:\/\/eldigitaldeasturias.com\/magazine365\/wp-content\/uploads\/2016\/02\/fotonoticia_20160209151439_800.jpg\" \/>\n\t\t<script type=\"application\/ld+json\" class=\"aioseo-schema\">\n\t\t\t{\"@context\":\"https:\\\/\\\/schema.org\",\"@graph\":[{\"@type\":\"Article\",\"@id\":\"https:\\\/\\\/eldigitaldeasturias.com\\\/magazine365\\\/mas-de-40-establecimientos-hosteleros-de-manilva-participaran-en-una-campana-para-el-reciclaje-de-vidrio\\\/#article\",\"name\":\"M\\u00e1s de 40 establecimientos hosteleros de Manilva participar\\u00e1n en una campa\\u00f1a para el reciclaje de vidrio | El Digital de Asturias\",\"headline\":\"M\\u00e1s de 40 establecimientos hosteleros de Manilva participar\\u00e1n en una campa\\u00f1a para el reciclaje de vidrio\",\"author\":{\"@id\":\"https:\\\/\\\/eldigitaldeasturias.com\\\/magazine365\\\/author\\\/admin\\\/#author\"},\"publisher\":{\"@id\":\"https:\\\/\\\/eldigitaldeasturias.com\\\/magazine365\\\/#organization\"},\"image\":{\"@type\":\"ImageObject\",\"url\":\"https:\\\/\\\/eldigitaldeasturias.com\\\/magazine365\\\/wp-content\\\/uploads\\\/2016\\\/02\\\/fotonoticia_20160209151439_800.jpg\",\"width\":800,\"height\":450},\"datePublished\":\"2016-02-10T07:46:21+01:00\",\"dateModified\":\"2016-02-10T07:46:21+01:00\",\"inLanguage\":\"es-ES\",\"mainEntityOfPage\":{\"@id\":\"https:\\\/\\\/eldigitaldeasturias.com\\\/magazine365\\\/mas-de-40-establecimientos-hosteleros-de-manilva-participaran-en-una-campana-para-el-reciclaje-de-vidrio\\\/#webpage\"},\"isPartOf\":{\"@id\":\"https:\\\/\\\/eldigitaldeasturias.com\\\/magazine365\\\/mas-de-40-establecimientos-hosteleros-de-manilva-participaran-en-una-campana-para-el-reciclaje-de-vidrio\\\/#webpage\"},\"articleSection\":\"Noticias y Actualidad\"},{\"@type\":\"BreadcrumbList\",\"@id\":\"https:\\\/\\\/eldigitaldeasturias.com\\\/magazine365\\\/mas-de-40-establecimientos-hosteleros-de-manilva-participaran-en-una-campana-para-el-reciclaje-de-vidrio\\\/#breadcrumblist\",\"itemListElement\":[{\"@type\":\"ListItem\",\"@id\":\"https:\\\/\\\/eldigitaldeasturias.com\\\/magazine365#listItem\",\"position\":1,\"name\":\"Home\",\"item\":\"https:\\\/\\\/eldigitaldeasturias.com\\\/magazine365\",\"nextItem\":{\"@type\":\"ListItem\",\"@id\":\"https:\\\/\\\/eldigitaldeasturias.com\\\/magazine365\\\/category\\\/noticias-actualidad\\\/#listItem\",\"name\":\"Noticias y Actualidad\"}},{\"@type\":\"ListItem\",\"@id\":\"https:\\\/\\\/eldigitaldeasturias.com\\\/magazine365\\\/category\\\/noticias-actualidad\\\/#listItem\",\"position\":2,\"name\":\"Noticias y Actualidad\",\"item\":\"https:\\\/\\\/eldigitaldeasturias.com\\\/magazine365\\\/category\\\/noticias-actualidad\\\/\",\"nextItem\":{\"@type\":\"ListItem\",\"@id\":\"https:\\\/\\\/eldigitaldeasturias.com\\\/magazine365\\\/mas-de-40-establecimientos-hosteleros-de-manilva-participaran-en-una-campana-para-el-reciclaje-de-vidrio\\\/#listItem\",\"name\":\"M\\u00e1s de 40 establecimientos hosteleros de Manilva participar\\u00e1n en una campa\\u00f1a para el reciclaje de vidrio\"},\"previousItem\":{\"@type\":\"ListItem\",\"@id\":\"https:\\\/\\\/eldigitaldeasturias.com\\\/magazine365#listItem\",\"name\":\"Home\"}},{\"@type\":\"ListItem\",\"@id\":\"https:\\\/\\\/eldigitaldeasturias.com\\\/magazine365\\\/mas-de-40-establecimientos-hosteleros-de-manilva-participaran-en-una-campana-para-el-reciclaje-de-vidrio\\\/#listItem\",\"position\":3,\"name\":\"M\\u00e1s de 40 establecimientos hosteleros de Manilva participar\\u00e1n en una campa\\u00f1a para el reciclaje de vidrio\",\"previousItem\":{\"@type\":\"ListItem\",\"@id\":\"https:\\\/\\\/eldigitaldeasturias.com\\\/magazine365\\\/category\\\/noticias-actualidad\\\/#listItem\",\"name\":\"Noticias y Actualidad\"}}]},{\"@type\":\"Organization\",\"@id\":\"https:\\\/\\\/eldigitaldeasturias.com\\\/magazine365\\\/#organization\",\"name\":\"El digital de Asturias\",\"description\":\"Revista de ocio, turismo y estilo de vida\",\"url\":\"https:\\\/\\\/eldigitaldeasturias.com\\\/magazine365\\\/\",\"logo\":{\"@type\":\"ImageObject\",\"url\":\"https:\\\/\\\/www.eldigitaldeasturias.com\\\/noticias\\\/wp-content\\\/uploads\\\/2020\\\/12\\\/EDA.jpg\",\"@id\":\"https:\\\/\\\/eldigitaldeasturias.com\\\/magazine365\\\/mas-de-40-establecimientos-hosteleros-de-manilva-participaran-en-una-campana-para-el-reciclaje-de-vidrio\\\/#organizationLogo\"},\"image\":{\"@id\":\"https:\\\/\\\/eldigitaldeasturias.com\\\/magazine365\\\/mas-de-40-establecimientos-hosteleros-de-manilva-participaran-en-una-campana-para-el-reciclaje-de-vidrio\\\/#organizationLogo\"}},{\"@type\":\"Person\",\"@id\":\"https:\\\/\\\/eldigitaldeasturias.com\\\/magazine365\\\/author\\\/admin\\\/#author\",\"url\":\"https:\\\/\\\/eldigitaldeasturias.com\\\/magazine365\\\/author\\\/admin\\\/\",\"name\":\"admin\",\"image\":{\"@type\":\"ImageObject\",\"@id\":\"https:\\\/\\\/eldigitaldeasturias.com\\\/magazine365\\\/mas-de-40-establecimientos-hosteleros-de-manilva-participaran-en-una-campana-para-el-reciclaje-de-vidrio\\\/#authorImage\",\"url\":\"https:\\\/\\\/eldigitaldeasturias.com\\\/magazine365\\\/wp-content\\\/litespeed\\\/avatar\\\/e571bcf59a0edd6fa6838245a470f2fe.jpg?ver=1776969259\",\"width\":96,\"height\":96,\"caption\":\"admin\"}},{\"@type\":\"WebPage\",\"@id\":\"https:\\\/\\\/eldigitaldeasturias.com\\\/magazine365\\\/mas-de-40-establecimientos-hosteleros-de-manilva-participaran-en-una-campana-para-el-reciclaje-de-vidrio\\\/#webpage\",\"url\":\"https:\\\/\\\/eldigitaldeasturias.com\\\/magazine365\\\/mas-de-40-establecimientos-hosteleros-de-manilva-participaran-en-una-campana-para-el-reciclaje-de-vidrio\\\/\",\"name\":\"M\\u00e1s de 40 establecimientos hosteleros de Manilva participar\\u00e1n en una campa\\u00f1a para el reciclaje de vidrio | El Digital de Asturias\",\"description\":\"La Mancomunidad de Municipios de la Costa del Sol Occidental, el Ayuntamiento del municipio malague\\u00f1o de Manilva y Ecovidrio han desarrollado una campa\\u00f1a para promover el reciclaje de vidrio en la que participar\\u00e1n 45 locales de hosteler\\u00eda de la localidad. El vicepresidente del ente mancomunado, Jos\\u00e9 Antonio G\\u00f3mez; el alcalde de Manilva, Diego Jim\\u00e9nez, y\",\"inLanguage\":\"es-ES\",\"isPartOf\":{\"@id\":\"https:\\\/\\\/eldigitaldeasturias.com\\\/magazine365\\\/#website\"},\"breadcrumb\":{\"@id\":\"https:\\\/\\\/eldigitaldeasturias.com\\\/magazine365\\\/mas-de-40-establecimientos-hosteleros-de-manilva-participaran-en-una-campana-para-el-reciclaje-de-vidrio\\\/#breadcrumblist\"},\"author\":{\"@id\":\"https:\\\/\\\/eldigitaldeasturias.com\\\/magazine365\\\/author\\\/admin\\\/#author\"},\"creator\":{\"@id\":\"https:\\\/\\\/eldigitaldeasturias.com\\\/magazine365\\\/author\\\/admin\\\/#author\"},\"image\":{\"@type\":\"ImageObject\",\"url\":\"https:\\\/\\\/eldigitaldeasturias.com\\\/magazine365\\\/wp-content\\\/uploads\\\/2016\\\/02\\\/fotonoticia_20160209151439_800.jpg\",\"@id\":\"https:\\\/\\\/eldigitaldeasturias.com\\\/magazine365\\\/mas-de-40-establecimientos-hosteleros-de-manilva-participaran-en-una-campana-para-el-reciclaje-de-vidrio\\\/#mainImage\",\"width\":800,\"height\":450},\"primaryImageOfPage\":{\"@id\":\"https:\\\/\\\/eldigitaldeasturias.com\\\/magazine365\\\/mas-de-40-establecimientos-hosteleros-de-manilva-participaran-en-una-campana-para-el-reciclaje-de-vidrio\\\/#mainImage\"},\"datePublished\":\"2016-02-10T07:46:21+01:00\",\"dateModified\":\"2016-02-10T07:46:21+01:00\"},{\"@type\":\"WebSite\",\"@id\":\"https:\\\/\\\/eldigitaldeasturias.com\\\/magazine365\\\/#website\",\"url\":\"https:\\\/\\\/eldigitaldeasturias.com\\\/magazine365\\\/\",\"name\":\"El Digital de Asturias\",\"description\":\"Revista de ocio, turismo y estilo de vida\",\"inLanguage\":\"es-ES\",\"publisher\":{\"@id\":\"https:\\\/\\\/eldigitaldeasturias.com\\\/magazine365\\\/#organization\"}}]}\n\t\t<\/script>\n\t\t<!-- All in One SEO Pro -->\r\n\t\t<title>M\u00e1s de 40 establecimientos hosteleros de Manilva participar\u00e1n en una campa\u00f1a para el reciclaje de vidrio | El Digital de Asturias<\/title>\n\n","aioseo_head_json":{"title":"M\u00e1s de 40 establecimientos hosteleros de Manilva participar\u00e1n en una campa\u00f1a para el reciclaje de vidrio | El Digital de Asturias","description":"La Mancomunidad de Municipios de la Costa del Sol Occidental, el Ayuntamiento del municipio malague\u00f1o de Manilva y Ecovidrio han desarrollado una campa\u00f1a para promover el reciclaje de vidrio en la que participar\u00e1n 45 locales de hosteler\u00eda de la localidad. El vicepresidente del ente mancomunado, Jos\u00e9 Antonio G\u00f3mez; el alcalde de Manilva, Diego Jim\u00e9nez, y","canonical_url":"https:\/\/eldigitaldeasturias.com\/magazine365\/mas-de-40-establecimientos-hosteleros-de-manilva-participaran-en-una-campana-para-el-reciclaje-de-vidrio\/","robots":"max-image-preview:large","keywords":"noticias y actualidad","webmasterTools":{"google-site-verification":"UA-38556648-1","miscellaneous":""},"schema":{"@context":"https:\/\/schema.org","@graph":[{"@type":"Article","@id":"https:\/\/eldigitaldeasturias.com\/magazine365\/mas-de-40-establecimientos-hosteleros-de-manilva-participaran-en-una-campana-para-el-reciclaje-de-vidrio\/#article","name":"M\u00e1s de 40 establecimientos hosteleros de Manilva participar\u00e1n en una campa\u00f1a para el reciclaje de vidrio | El Digital de Asturias","headline":"M\u00e1s de 40 establecimientos hosteleros de Manilva participar\u00e1n en una campa\u00f1a para el reciclaje de vidrio","author":{"@id":"https:\/\/eldigitaldeasturias.com\/magazine365\/author\/admin\/#author"},"publisher":{"@id":"https:\/\/eldigitaldeasturias.com\/magazine365\/#organization"},"image":{"@type":"ImageObject","url":"https:\/\/eldigitaldeasturias.com\/magazine365\/wp-content\/uploads\/2016\/02\/fotonoticia_20160209151439_800.jpg","width":800,"height":450},"datePublished":"2016-02-10T07:46:21+01:00","dateModified":"2016-02-10T07:46:21+01:00","inLanguage":"es-ES","mainEntityOfPage":{"@id":"https:\/\/eldigitaldeasturias.com\/magazine365\/mas-de-40-establecimientos-hosteleros-de-manilva-participaran-en-una-campana-para-el-reciclaje-de-vidrio\/#webpage"},"isPartOf":{"@id":"https:\/\/eldigitaldeasturias.com\/magazine365\/mas-de-40-establecimientos-hosteleros-de-manilva-participaran-en-una-campana-para-el-reciclaje-de-vidrio\/#webpage"},"articleSection":"Noticias y Actualidad"},{"@type":"BreadcrumbList","@id":"https:\/\/eldigitaldeasturias.com\/magazine365\/mas-de-40-establecimientos-hosteleros-de-manilva-participaran-en-una-campana-para-el-reciclaje-de-vidrio\/#breadcrumblist","itemListElement":[{"@type":"ListItem","@id":"https:\/\/eldigitaldeasturias.com\/magazine365#listItem","position":1,"name":"Home","item":"https:\/\/eldigitaldeasturias.com\/magazine365","nextItem":{"@type":"ListItem","@id":"https:\/\/eldigitaldeasturias.com\/magazine365\/category\/noticias-actualidad\/#listItem","name":"Noticias y Actualidad"}},{"@type":"ListItem","@id":"https:\/\/eldigitaldeasturias.com\/magazine365\/category\/noticias-actualidad\/#listItem","position":2,"name":"Noticias y Actualidad","item":"https:\/\/eldigitaldeasturias.com\/magazine365\/category\/noticias-actualidad\/","nextItem":{"@type":"ListItem","@id":"https:\/\/eldigitaldeasturias.com\/magazine365\/mas-de-40-establecimientos-hosteleros-de-manilva-participaran-en-una-campana-para-el-reciclaje-de-vidrio\/#listItem","name":"M\u00e1s de 40 establecimientos hosteleros de Manilva participar\u00e1n en una campa\u00f1a para el reciclaje de vidrio"},"previousItem":{"@type":"ListItem","@id":"https:\/\/eldigitaldeasturias.com\/magazine365#listItem","name":"Home"}},{"@type":"ListItem","@id":"https:\/\/eldigitaldeasturias.com\/magazine365\/mas-de-40-establecimientos-hosteleros-de-manilva-participaran-en-una-campana-para-el-reciclaje-de-vidrio\/#listItem","position":3,"name":"M\u00e1s de 40 establecimientos hosteleros de Manilva participar\u00e1n en una campa\u00f1a para el reciclaje de vidrio","previousItem":{"@type":"ListItem","@id":"https:\/\/eldigitaldeasturias.com\/magazine365\/category\/noticias-actualidad\/#listItem","name":"Noticias y Actualidad"}}]},{"@type":"Organization","@id":"https:\/\/eldigitaldeasturias.com\/magazine365\/#organization","name":"El digital de Asturias","description":"Revista de ocio, turismo y estilo de vida","url":"https:\/\/eldigitaldeasturias.com\/magazine365\/","logo":{"@type":"ImageObject","url":"https:\/\/www.eldigitaldeasturias.com\/noticias\/wp-content\/uploads\/2020\/12\/EDA.jpg","@id":"https:\/\/eldigitaldeasturias.com\/magazine365\/mas-de-40-establecimientos-hosteleros-de-manilva-participaran-en-una-campana-para-el-reciclaje-de-vidrio\/#organizationLogo"},"image":{"@id":"https:\/\/eldigitaldeasturias.com\/magazine365\/mas-de-40-establecimientos-hosteleros-de-manilva-participaran-en-una-campana-para-el-reciclaje-de-vidrio\/#organizationLogo"}},{"@type":"Person","@id":"https:\/\/eldigitaldeasturias.com\/magazine365\/author\/admin\/#author","url":"https:\/\/eldigitaldeasturias.com\/magazine365\/author\/admin\/","name":"admin","image":{"@type":"ImageObject","@id":"https:\/\/eldigitaldeasturias.com\/magazine365\/mas-de-40-establecimientos-hosteleros-de-manilva-participaran-en-una-campana-para-el-reciclaje-de-vidrio\/#authorImage","url":"https:\/\/eldigitaldeasturias.com\/magazine365\/wp-content\/litespeed\/avatar\/e571bcf59a0edd6fa6838245a470f2fe.jpg?ver=1776969259","width":96,"height":96,"caption":"admin"}},{"@type":"WebPage","@id":"https:\/\/eldigitaldeasturias.com\/magazine365\/mas-de-40-establecimientos-hosteleros-de-manilva-participaran-en-una-campana-para-el-reciclaje-de-vidrio\/#webpage","url":"https:\/\/eldigitaldeasturias.com\/magazine365\/mas-de-40-establecimientos-hosteleros-de-manilva-participaran-en-una-campana-para-el-reciclaje-de-vidrio\/","name":"M\u00e1s de 40 establecimientos hosteleros de Manilva participar\u00e1n en una campa\u00f1a para el reciclaje de vidrio | El Digital de Asturias","description":"La Mancomunidad de Municipios de la Costa del Sol Occidental, el Ayuntamiento del municipio malague\u00f1o de Manilva y Ecovidrio han desarrollado una campa\u00f1a para promover el reciclaje de vidrio en la que participar\u00e1n 45 locales de hosteler\u00eda de la localidad. El vicepresidente del ente mancomunado, Jos\u00e9 Antonio G\u00f3mez; el alcalde de Manilva, Diego Jim\u00e9nez, y","inLanguage":"es-ES","isPartOf":{"@id":"https:\/\/eldigitaldeasturias.com\/magazine365\/#website"},"breadcrumb":{"@id":"https:\/\/eldigitaldeasturias.com\/magazine365\/mas-de-40-establecimientos-hosteleros-de-manilva-participaran-en-una-campana-para-el-reciclaje-de-vidrio\/#breadcrumblist"},"author":{"@id":"https:\/\/eldigitaldeasturias.com\/magazine365\/author\/admin\/#author"},"creator":{"@id":"https:\/\/eldigitaldeasturias.com\/magazine365\/author\/admin\/#author"},"image":{"@type":"ImageObject","url":"https:\/\/eldigitaldeasturias.com\/magazine365\/wp-content\/uploads\/2016\/02\/fotonoticia_20160209151439_800.jpg","@id":"https:\/\/eldigitaldeasturias.com\/magazine365\/mas-de-40-establecimientos-hosteleros-de-manilva-participaran-en-una-campana-para-el-reciclaje-de-vidrio\/#mainImage","width":800,"height":450},"primaryImageOfPage":{"@id":"https:\/\/eldigitaldeasturias.com\/magazine365\/mas-de-40-establecimientos-hosteleros-de-manilva-participaran-en-una-campana-para-el-reciclaje-de-vidrio\/#mainImage"},"datePublished":"2016-02-10T07:46:21+01:00","dateModified":"2016-02-10T07:46:21+01:00"},{"@type":"WebSite","@id":"https:\/\/eldigitaldeasturias.com\/magazine365\/#website","url":"https:\/\/eldigitaldeasturias.com\/magazine365\/","name":"El Digital de Asturias","description":"Revista de ocio, turismo y estilo de vida","inLanguage":"es-ES","publisher":{"@id":"https:\/\/eldigitaldeasturias.com\/magazine365\/#organization"}}]},"og:locale":"es_ES","og:site_name":"El Digital de Asturias \u2013 Revista de ocio, turismo y estilo de vida","og:type":"article","og:title":"M\u00e1s de 40 establecimientos hosteleros de Manilva participar\u00e1n en una campa\u00f1a para el reciclaje de vidrio | El Digital de Asturias","og:description":"La Mancomunidad de Municipios de la Costa del Sol Occidental, el Ayuntamiento del municipio malague\u00f1o de Manilva y Ecovidrio han desarrollado una campa\u00f1a para promover el reciclaje de vidrio en la que participar\u00e1n 45 locales de hosteler\u00eda de la localidad. El vicepresidente del ente mancomunado, Jos\u00e9 Antonio G\u00f3mez; el alcalde de Manilva, Diego Jim\u00e9nez, y","og:url":"https:\/\/eldigitaldeasturias.com\/magazine365\/mas-de-40-establecimientos-hosteleros-de-manilva-participaran-en-una-campana-para-el-reciclaje-de-vidrio\/","og:image":"https:\/\/eldigitaldeasturias.com\/magazine365\/wp-content\/uploads\/2016\/02\/fotonoticia_20160209151439_800.jpg","og:image:secure_url":"https:\/\/eldigitaldeasturias.com\/magazine365\/wp-content\/uploads\/2016\/02\/fotonoticia_20160209151439_800.jpg","og:image:width":800,"og:image:height":450,"article:published_time":"2016-02-10T06:46:21+00:00","article:modified_time":"2016-02-10T06:46:21+00:00","twitter:card":"summary_large_image","twitter:title":"M\u00e1s de 40 establecimientos hosteleros de Manilva participar\u00e1n en una campa\u00f1a para el reciclaje de vidrio | El Digital de Asturias","twitter:description":"La Mancomunidad de Municipios de la Costa del Sol Occidental, el Ayuntamiento del municipio malague\u00f1o de Manilva y Ecovidrio han desarrollado una campa\u00f1a para promover el reciclaje de vidrio en la que participar\u00e1n 45 locales de hosteler\u00eda de la localidad. El vicepresidente del ente mancomunado, Jos\u00e9 Antonio G\u00f3mez; el alcalde de Manilva, Diego Jim\u00e9nez, y","twitter:image":"https:\/\/eldigitaldeasturias.com\/magazine365\/wp-content\/uploads\/2016\/02\/fotonoticia_20160209151439_800.jpg"},"aioseo_meta_data":{"post_id":"63755","title":null,"description":null,"keywords":null,"keyphrases":null,"primary_term":null,"canonical_url":null,"og_title":null,"og_description":null,"og_object_type":"default","og_image_type":"default","og_image_url":null,"og_image_width":null,"og_image_height":null,"og_image_custom_url":null,"og_image_custom_fields":null,"og_video":null,"og_custom_url":null,"og_article_section":null,"og_article_tags":null,"twitter_use_og":false,"twitter_card":"default","twitter_image_type":"default","twitter_image_url":null,"twitter_image_custom_url":null,"twitter_image_custom_fields":null,"twitter_title":null,"twitter_description":null,"schema":{"blockGraphs":[],"customGraphs":[],"default":{"data":{"Article":[],"Course":[],"Dataset":[],"FAQPage":[],"Movie":[],"Person":[],"Product":[],"ProductReview":[],"Car":[],"Recipe":[],"Service":[],"SoftwareApplication":[],"WebPage":[]},"graphName":"","isEnabled":true},"graphs":[],"defaultGraph":"","defaultPostTypeGraph":""},"schema_type":null,"schema_type_options":null,"pillar_content":false,"robots_default":true,"robots_noindex":false,"robots_noarchive":false,"robots_nosnippet":false,"robots_nofollow":false,"robots_noimageindex":false,"robots_noodp":false,"robots_notranslate":false,"robots_max_snippet":null,"robots_max_videopreview":null,"robots_max_imagepreview":"large","priority":null,"frequency":null,"location":null,"local_seo":null,"seo_analyzer_scan_date":"2025-09-25 13:46:25","breadcrumb_settings":null,"limit_modified_date":false,"open_ai":null,"ai":null,"created":"2021-03-08 21:18:28","updated":"2025-09-25 13:46:25"},"aioseo_breadcrumb":"<div class=\"aioseo-breadcrumbs\"><span class=\"aioseo-breadcrumb\">\n\t<a href=\"https:\/\/eldigitaldeasturias.com\/magazine365\" title=\"Home\">Home<\/a>\n<\/span><span class=\"aioseo-breadcrumb-separator\">\u2013<\/span><span class=\"aioseo-breadcrumb\">\n\t<a href=\"https:\/\/eldigitaldeasturias.com\/magazine365\/category\/noticias-actualidad\/\" title=\"Noticias y Actualidad\">Noticias y Actualidad<\/a>\n<\/span><span class=\"aioseo-breadcrumb-separator\">\u2013<\/span><span class=\"aioseo-breadcrumb\">\n\t<a href=\"https:\/\/eldigitaldeasturias.com\/magazine365\/mas-de-40-establecimientos-hosteleros-de-manilva-participaran-en-una-campana-para-el-reciclaje-de-vidrio\/\" title=\"M\u00e1s de 40 establecimientos hosteleros de Manilva participar\u00e1n en una campa\u00f1a para el reciclaje de vidrio\">M\u00e1s de 40 establecimientos hosteleros de Manilva participar\u00e1n en una campa\u00f1a para el reciclaje de vidrio<\/a>\n<\/span><\/div>","aioseo_breadcrumb_json":[{"label":"Home","link":"https:\/\/eldigitaldeasturias.com\/magazine365"},{"label":"Noticias y Actualidad","link":"https:\/\/eldigitaldeasturias.com\/magazine365\/category\/noticias-actualidad\/"},{"label":"M\u00e1s de 40 establecimientos hosteleros de Manilva participar\u00e1n en una campa\u00f1a para el reciclaje de vidrio","link":"https:\/\/eldigitaldeasturias.com\/magazine365\/mas-de-40-establecimientos-hosteleros-de-manilva-participaran-en-una-campana-para-el-reciclaje-de-vidrio\/"}],"_links":{"self":[{"href":"https:\/\/eldigitaldeasturias.com\/magazine365\/wp-json\/wp\/v2\/posts\/63755","targetHints":{"allow":["GET"]}}],"collection":[{"href":"https:\/\/eldigitaldeasturias.com\/magazine365\/wp-json\/wp\/v2\/posts"}],"about":[{"href":"https:\/\/eldigitaldeasturias.com\/magazine365\/wp-json\/wp\/v2\/types\/post"}],"author":[{"embeddable":true,"href":"https:\/\/eldigitaldeasturias.com\/magazine365\/wp-json\/wp\/v2\/users\/1"}],"replies":[{"embeddable":true,"href":"https:\/\/eldigitaldeasturias.com\/magazine365\/wp-json\/wp\/v2\/comments?post=63755"}],"version-history":[{"count":0,"href":"https:\/\/eldigitaldeasturias.com\/magazine365\/wp-json\/wp\/v2\/posts\/63755\/revisions"}],"wp:featuredmedia":[{"embeddable":true,"href":"https:\/\/eldigitaldeasturias.com\/magazine365\/wp-json\/wp\/v2\/media\/63756"}],"wp:attachment":[{"href":"https:\/\/eldigitaldeasturias.com\/magazine365\/wp-json\/wp\/v2\/media?parent=63755"}],"wp:term":[{"taxonomy":"category","embeddable":true,"href":"https:\/\/eldigitaldeasturias.com\/magazine365\/wp-json\/wp\/v2\/categories?post=63755"},{"taxonomy":"post_tag","embeddable":true,"href":"https:\/\/eldigitaldeasturias.com\/magazine365\/wp-json\/wp\/v2\/tags?post=63755"}],"curies":[{"name":"wp","href":"https:\/\/api.w.org\/{rel}","templated":true}]}}