{"id":637,"date":"2014-01-10T11:38:32","date_gmt":"2014-01-10T12:38:32","guid":{"rendered":"http:\/\/eldigitaldeasturias.com\/magazine365\/?p=637"},"modified":"2014-01-10T11:38:32","modified_gmt":"2014-01-10T12:38:32","slug":"robert-de-niro-asegura-que-soy-como-soy-gracias-a-lo-que-fui","status":"publish","type":"post","link":"https:\/\/eldigitaldeasturias.com\/magazine365\/robert-de-niro-asegura-que-soy-como-soy-gracias-a-lo-que-fui\/","title":{"rendered":"Robert De Niro asegura que \u00absoy como soy gracias a lo que fui\u00bb"},"content":{"rendered":"<p><img fetchpriority=\"high\" decoding=\"async\" class=\"alignleft size-medium wp-image-638\" alt=\"5839778w\" src=\"https:\/\/eldigitaldeasturias.com\/magazine365\/wp-content\/uploads\/2014\/01\/5839778w-360x261.jpg\" width=\"360\" height=\"261\" srcset=\"https:\/\/eldigitaldeasturias.com\/magazine365\/wp-content\/uploads\/2014\/01\/5839778w-360x261.jpg 360w, https:\/\/eldigitaldeasturias.com\/magazine365\/wp-content\/uploads\/2014\/01\/5839778w-650x471.jpg 650w, https:\/\/eldigitaldeasturias.com\/magazine365\/wp-content\/uploads\/2014\/01\/5839778w-768x557.jpg 768w, https:\/\/eldigitaldeasturias.com\/magazine365\/wp-content\/uploads\/2014\/01\/5839778w-150x109.jpg 150w, https:\/\/eldigitaldeasturias.com\/magazine365\/wp-content\/uploads\/2014\/01\/5839778w-450x326.jpg 450w, https:\/\/eldigitaldeasturias.com\/magazine365\/wp-content\/uploads\/2014\/01\/5839778w.jpg 800w\" sizes=\"(max-width: 360px) 100vw, 360px\" \/>Nueva York, 10 ene (EFE).- \u00abYo soy como soy hoy gracias a lo que fui y me considero muy afortunado porque despu\u00e9s de treinta a\u00f1os todav\u00eda seguimos aqu\u00ed\u00bb. As\u00ed de rotundo se muestra Robert de Niro en una entrevista con Efe con motivo del estreno de \u00abLa gran revancha\u00bb, una pel\u00edcula en la que vuelve al ring junto a Sylvester Stallone.<\/p>\n<p>Un proyecto que ha hecho regresar a estos dos mitos del cine a un espacio que les ha dado grandes \u00e9xitos: un ring de boxeo, aunque en esta ocasi\u00f3n interpretando a dos boxeadores retirados lejos de su momento \u00e1lgido profesional.<\/p>\n<p>Stallone no ha logrado repetir el \u00e9xito que logr\u00f3 interpretando a un boxeador en la pel\u00edcula \u00abRocky\u00bb, pel\u00edcula de 1976 que le lanz\u00f3 a la fama y le acerc\u00f3 al \u00d3scar por primera y ultima vez en su vida y de la que hizo unas cuantas secuelas.<\/p>\n<p>Por su parte, el legendario actor Robert de Niro lleva tiempo sin obtener reconocimientos como los de la pel\u00edcula \u00abToro salvaje\u00bb (1980), donde obtuvo su segundo \u00d3scar al representar a Jake La Motta, un joven boxeador autodestructivo.<\/p>\n<p>As\u00ed, De Niro y Stallone se enfrentan de nuevo al reto de subirse a un ring treinta a\u00f1os despu\u00e9s sin ser ya los mismos j\u00f3venes que revivieron entonces el fervor por el boxeo en la gran pantalla.<\/p>\n<p>Y si algo ten\u00eda claro De Niro es que Stallone ten\u00eda que estar en esta pel\u00edcula, dirigida por Peter Segal.<\/p>\n<p>\u00abDesde el principio supe que esta pel\u00edcula deb\u00eda aparecer Sylvester Stallone para que valiera la pena\u00bb, explic\u00f3 De Niro.<\/p>\n<p>Y Stallone se muestra encantado con este pel\u00edcula, como reconoce a Efe: \u00abEs como casarte con tu mujer por s\u00e9ptima vez, es maravilloso. Ya has estado ah\u00ed pero todav\u00eda tienes la frescura suficiente, es extraordinario\u00bb.<\/p>\n<p>Los actores ya no son j\u00f3venes ni tan fuertes como hace d\u00e9cadas, cuando rompieron a pu\u00f1etazos las taquillas de la gran pantalla, pero ahora cuentan con otra edad y experiencia que les permite representar otro tipo de papeles.<\/p>\n<p>La pel\u00edcula muestra en un tono c\u00f3mico los fracasos y aspiraciones de dos boxeadores ya retirados, como ocurre en la mayor\u00eda de sus pel\u00edculas.<\/p>\n<p>Stallone encarna a \u00abRazor\u00bb, con problemas econ\u00f3micos y un pasado que a\u00fan no ha conseguido dejar atr\u00e1s, mientras que De Niro encarna a otro boxeador, el orgulloso \u00abThe Kid\u00bb, que detr\u00e1s de su altivez tambi\u00e9n tiene asuntos pendientes que resolver.<\/p>\n<p>En la pel\u00edcula dos viejos rivales en el boxeo se enfrentan en el \u00faltimo combate, cada uno gana una pelea pero en la tercera y definitiva uno de ellos, el que interpreta el actor de \u00abEl Padrino II\u00bb, se retira sin explicar por qu\u00e9 abandona su profesi\u00f3n antes de que haya un ganador.<\/p>\n<p>Tres d\u00e9cadas m\u00e1s tarde, casi los mismos a\u00f1os que Stallone y De Niro llevaban sin boxear frente a la c\u00e1mara, los protagonistas de la pel\u00edcula deciden retomar el combate final de sus carreras profesionales.<\/p>\n<p>Segal subray\u00f3 que \u00abtodos los actores del reparto\u00bb son los que \u00e9l quiso \u00abdesde un primer momento\u00bb, porque aunque el gui\u00f3n no se escribi\u00f3 pensando en ellos, seg\u00fan lo ley\u00f3 se dio cuenta que eran los artistas id\u00f3neos para el papel.<\/p>\n<p>En un tono c\u00f3mico, con referencias constantes a sus antiguos \u00e9xitos pugil\u00edsticos, el eje de \u00abLa gran revancha\u00bb no est\u00e1 en el ring ni en el boxeo sino en la vida de dos personas despu\u00e9s de su momento \u00e1lgido profesional, cuando ya est\u00e1n retirados.<\/p>\n<p>\u00abEl objetivo primordial de la pel\u00edcula no era el boxeo sino contar una historia que hablara de sentimientos y motivaci\u00f3n mientras se cuenta una historia interesante de un modo divertido y desgarrador\u00bb, subray\u00f3 el director de la pel\u00edcula.<\/p>\n<p>En la misma l\u00ednea, Stallone valor\u00f3 que \u00abLa gran revancha\u00bb te anima a \u00abno rendirte nunca\u00bb y \u00abaprender que tu enemigo tambi\u00e9n es la persona que te motiva para convertirte en algo mejor\u00bb.<\/p>\n<p>Como compa\u00f1eros de reparto, la actriz Kim Basinger es esencial para revivir las viejas pasiones de los boxeadores mientras que otros actores como Alan Arkin y Kevin Hart aportan el punto c\u00f3mico.<\/p>\n<p>\u00abMe imaginaba que era una &#8216;groupie&#8217; que estaba con las dos estrellas de rock y que al final se enamoraba de uno\u00bb, explic\u00f3 Kim Basinger, que cree que la \u00abdeterminaci\u00f3n\u00bb de su personaje es clave para abrir el coraz\u00f3n y mostrar el lado sensible del resto de los personajes.<\/p>\n<p>Tal y como explic\u00f3 Stallone, al principio la gente cuando vea la pel\u00edcula pensar\u00e1 en \u00abToro Salvaje\u00bb y \u00abRocky\u00bb, pero cuando sigan vi\u00e9ndola se dar\u00e1n cuenta de que \u00abes otra historia con fant\u00e1sticos artistas\u00bb. Marta Jim\u00e9nez<\/p>\n<p>&nbsp;<\/p>\n","protected":false},"excerpt":{"rendered":"<p>Nueva York, 10 ene (EFE).- \u00abYo soy como soy hoy gracias a lo que fui y me considero muy afortunado porque despu\u00e9s de treinta a\u00f1os todav\u00eda seguimos aqu\u00ed\u00bb. As\u00ed de rotundo se muestra Robert de Niro en una entrevista con Efe con motivo del estreno de \u00abLa gran revancha\u00bb, una pel\u00edcula en la que vuelve<\/p>\n","protected":false},"author":1,"featured_media":638,"comment_status":"open","ping_status":"open","sticky":false,"template":"","format":"standard","meta":{"footnotes":""},"categories":[224],"tags":[],"class_list":{"0":"post-637","1":"post","2":"type-post","3":"status-publish","4":"format-standard","5":"has-post-thumbnail","7":"category-noticias-actualidad"},"aioseo_notices":[],"aioseo_head":"\n\t\t<!-- All in One SEO Pro 4.9.6.1 - aioseo.com -->\n\t<meta name=\"description\" content=\"Nueva York, 10 ene (EFE).- &quot;Yo soy como soy hoy gracias a lo que fui y me considero muy afortunado porque despu\u00e9s de treinta a\u00f1os todav\u00eda seguimos aqu\u00ed&quot;. As\u00ed de rotundo se muestra Robert de Niro en una entrevista con Efe con motivo del estreno de &quot;La gran revancha&quot;, una pel\u00edcula en la que vuelve\" \/>\n\t<meta name=\"robots\" content=\"max-image-preview:large\" \/>\n\t<meta name=\"author\" content=\"admin\"\/>\n\t<meta name=\"google-site-verification\" content=\"UA-38556648-1\" \/>\n\t<meta name=\"keywords\" content=\"noticias y actualidad\" \/>\n\t<link rel=\"canonical\" href=\"https:\/\/eldigitaldeasturias.com\/magazine365\/robert-de-niro-asegura-que-soy-como-soy-gracias-a-lo-que-fui\/\" \/>\n\t<meta name=\"generator\" content=\"All in One SEO Pro (AIOSEO) 4.9.6.1\" \/>\n\t\t<meta property=\"og:locale\" content=\"es_ES\" \/>\n\t\t<meta property=\"og:site_name\" content=\"El Digital de Asturias \u2013 Revista de ocio, turismo y estilo de vida\" \/>\n\t\t<meta property=\"og:type\" content=\"article\" \/>\n\t\t<meta property=\"og:title\" content=\"Robert De Niro asegura que \u00absoy como soy gracias a lo que fui\u00bb | El Digital de Asturias\" \/>\n\t\t<meta property=\"og:description\" content=\"Nueva York, 10 ene (EFE).- &quot;Yo soy como soy hoy gracias a lo que fui y me considero muy afortunado porque despu\u00e9s de treinta a\u00f1os todav\u00eda seguimos aqu\u00ed&quot;. As\u00ed de rotundo se muestra Robert de Niro en una entrevista con Efe con motivo del estreno de &quot;La gran revancha&quot;, una pel\u00edcula en la que vuelve\" \/>\n\t\t<meta property=\"og:url\" content=\"https:\/\/eldigitaldeasturias.com\/magazine365\/robert-de-niro-asegura-que-soy-como-soy-gracias-a-lo-que-fui\/\" \/>\n\t\t<meta property=\"og:image\" content=\"https:\/\/eldigitaldeasturias.com\/magazine365\/wp-content\/uploads\/2014\/01\/5839778w.jpg\" \/>\n\t\t<meta property=\"og:image:secure_url\" content=\"https:\/\/eldigitaldeasturias.com\/magazine365\/wp-content\/uploads\/2014\/01\/5839778w.jpg\" \/>\n\t\t<meta property=\"og:image:width\" content=\"800\" \/>\n\t\t<meta property=\"og:image:height\" content=\"580\" \/>\n\t\t<meta property=\"article:published_time\" content=\"2014-01-10T12:38:32+00:00\" \/>\n\t\t<meta property=\"article:modified_time\" content=\"2014-01-10T12:38:32+00:00\" \/>\n\t\t<meta name=\"twitter:card\" content=\"summary_large_image\" \/>\n\t\t<meta name=\"twitter:title\" content=\"Robert De Niro asegura que \u00absoy como soy gracias a lo que fui\u00bb | El Digital de Asturias\" \/>\n\t\t<meta name=\"twitter:description\" content=\"Nueva York, 10 ene (EFE).- &quot;Yo soy como soy hoy gracias a lo que fui y me considero muy afortunado porque despu\u00e9s de treinta a\u00f1os todav\u00eda seguimos aqu\u00ed&quot;. As\u00ed de rotundo se muestra Robert de Niro en una entrevista con Efe con motivo del estreno de &quot;La gran revancha&quot;, una pel\u00edcula en la que vuelve\" \/>\n\t\t<meta name=\"twitter:image\" content=\"https:\/\/eldigitaldeasturias.com\/magazine365\/wp-content\/uploads\/2014\/01\/5839778w.jpg\" \/>\n\t\t<script type=\"application\/ld+json\" class=\"aioseo-schema\">\n\t\t\t{\"@context\":\"https:\\\/\\\/schema.org\",\"@graph\":[{\"@type\":\"Article\",\"@id\":\"https:\\\/\\\/eldigitaldeasturias.com\\\/magazine365\\\/robert-de-niro-asegura-que-soy-como-soy-gracias-a-lo-que-fui\\\/#article\",\"name\":\"Robert De Niro asegura que \\u00absoy como soy gracias a lo que fui\\u00bb | El Digital de Asturias\",\"headline\":\"Robert De Niro asegura que \\u00absoy como soy gracias a lo que fui\\u00bb\",\"author\":{\"@id\":\"https:\\\/\\\/eldigitaldeasturias.com\\\/magazine365\\\/author\\\/admin\\\/#author\"},\"publisher\":{\"@id\":\"https:\\\/\\\/eldigitaldeasturias.com\\\/magazine365\\\/#organization\"},\"image\":{\"@type\":\"ImageObject\",\"url\":\"https:\\\/\\\/eldigitaldeasturias.com\\\/magazine365\\\/wp-content\\\/uploads\\\/2014\\\/01\\\/5839778w.jpg\",\"width\":800,\"height\":580},\"datePublished\":\"2014-01-10T11:38:32+01:00\",\"dateModified\":\"2014-01-10T11:38:32+01:00\",\"inLanguage\":\"es-ES\",\"mainEntityOfPage\":{\"@id\":\"https:\\\/\\\/eldigitaldeasturias.com\\\/magazine365\\\/robert-de-niro-asegura-que-soy-como-soy-gracias-a-lo-que-fui\\\/#webpage\"},\"isPartOf\":{\"@id\":\"https:\\\/\\\/eldigitaldeasturias.com\\\/magazine365\\\/robert-de-niro-asegura-que-soy-como-soy-gracias-a-lo-que-fui\\\/#webpage\"},\"articleSection\":\"Noticias y Actualidad\"},{\"@type\":\"BreadcrumbList\",\"@id\":\"https:\\\/\\\/eldigitaldeasturias.com\\\/magazine365\\\/robert-de-niro-asegura-que-soy-como-soy-gracias-a-lo-que-fui\\\/#breadcrumblist\",\"itemListElement\":[{\"@type\":\"ListItem\",\"@id\":\"https:\\\/\\\/eldigitaldeasturias.com\\\/magazine365#listItem\",\"position\":1,\"name\":\"Home\",\"item\":\"https:\\\/\\\/eldigitaldeasturias.com\\\/magazine365\",\"nextItem\":{\"@type\":\"ListItem\",\"@id\":\"https:\\\/\\\/eldigitaldeasturias.com\\\/magazine365\\\/category\\\/noticias-actualidad\\\/#listItem\",\"name\":\"Noticias y Actualidad\"}},{\"@type\":\"ListItem\",\"@id\":\"https:\\\/\\\/eldigitaldeasturias.com\\\/magazine365\\\/category\\\/noticias-actualidad\\\/#listItem\",\"position\":2,\"name\":\"Noticias y Actualidad\",\"item\":\"https:\\\/\\\/eldigitaldeasturias.com\\\/magazine365\\\/category\\\/noticias-actualidad\\\/\",\"nextItem\":{\"@type\":\"ListItem\",\"@id\":\"https:\\\/\\\/eldigitaldeasturias.com\\\/magazine365\\\/robert-de-niro-asegura-que-soy-como-soy-gracias-a-lo-que-fui\\\/#listItem\",\"name\":\"Robert De Niro asegura que \\u00absoy como soy gracias a lo que fui\\u00bb\"},\"previousItem\":{\"@type\":\"ListItem\",\"@id\":\"https:\\\/\\\/eldigitaldeasturias.com\\\/magazine365#listItem\",\"name\":\"Home\"}},{\"@type\":\"ListItem\",\"@id\":\"https:\\\/\\\/eldigitaldeasturias.com\\\/magazine365\\\/robert-de-niro-asegura-que-soy-como-soy-gracias-a-lo-que-fui\\\/#listItem\",\"position\":3,\"name\":\"Robert De Niro asegura que \\u00absoy como soy gracias a lo que fui\\u00bb\",\"previousItem\":{\"@type\":\"ListItem\",\"@id\":\"https:\\\/\\\/eldigitaldeasturias.com\\\/magazine365\\\/category\\\/noticias-actualidad\\\/#listItem\",\"name\":\"Noticias y Actualidad\"}}]},{\"@type\":\"Organization\",\"@id\":\"https:\\\/\\\/eldigitaldeasturias.com\\\/magazine365\\\/#organization\",\"name\":\"El digital de Asturias\",\"description\":\"Revista de ocio, turismo y estilo de vida\",\"url\":\"https:\\\/\\\/eldigitaldeasturias.com\\\/magazine365\\\/\",\"logo\":{\"@type\":\"ImageObject\",\"url\":\"https:\\\/\\\/www.eldigitaldeasturias.com\\\/noticias\\\/wp-content\\\/uploads\\\/2020\\\/12\\\/EDA.jpg\",\"@id\":\"https:\\\/\\\/eldigitaldeasturias.com\\\/magazine365\\\/robert-de-niro-asegura-que-soy-como-soy-gracias-a-lo-que-fui\\\/#organizationLogo\"},\"image\":{\"@id\":\"https:\\\/\\\/eldigitaldeasturias.com\\\/magazine365\\\/robert-de-niro-asegura-que-soy-como-soy-gracias-a-lo-que-fui\\\/#organizationLogo\"}},{\"@type\":\"Person\",\"@id\":\"https:\\\/\\\/eldigitaldeasturias.com\\\/magazine365\\\/author\\\/admin\\\/#author\",\"url\":\"https:\\\/\\\/eldigitaldeasturias.com\\\/magazine365\\\/author\\\/admin\\\/\",\"name\":\"admin\",\"image\":{\"@type\":\"ImageObject\",\"@id\":\"https:\\\/\\\/eldigitaldeasturias.com\\\/magazine365\\\/robert-de-niro-asegura-que-soy-como-soy-gracias-a-lo-que-fui\\\/#authorImage\",\"url\":\"https:\\\/\\\/eldigitaldeasturias.com\\\/magazine365\\\/wp-content\\\/litespeed\\\/avatar\\\/e571bcf59a0edd6fa6838245a470f2fe.jpg?ver=1776969259\",\"width\":96,\"height\":96,\"caption\":\"admin\"}},{\"@type\":\"WebPage\",\"@id\":\"https:\\\/\\\/eldigitaldeasturias.com\\\/magazine365\\\/robert-de-niro-asegura-que-soy-como-soy-gracias-a-lo-que-fui\\\/#webpage\",\"url\":\"https:\\\/\\\/eldigitaldeasturias.com\\\/magazine365\\\/robert-de-niro-asegura-que-soy-como-soy-gracias-a-lo-que-fui\\\/\",\"name\":\"Robert De Niro asegura que \\u00absoy como soy gracias a lo que fui\\u00bb | El Digital de Asturias\",\"description\":\"Nueva York, 10 ene (EFE).- \\\"Yo soy como soy hoy gracias a lo que fui y me considero muy afortunado porque despu\\u00e9s de treinta a\\u00f1os todav\\u00eda seguimos aqu\\u00ed\\\". As\\u00ed de rotundo se muestra Robert de Niro en una entrevista con Efe con motivo del estreno de \\\"La gran revancha\\\", una pel\\u00edcula en la que vuelve\",\"inLanguage\":\"es-ES\",\"isPartOf\":{\"@id\":\"https:\\\/\\\/eldigitaldeasturias.com\\\/magazine365\\\/#website\"},\"breadcrumb\":{\"@id\":\"https:\\\/\\\/eldigitaldeasturias.com\\\/magazine365\\\/robert-de-niro-asegura-que-soy-como-soy-gracias-a-lo-que-fui\\\/#breadcrumblist\"},\"author\":{\"@id\":\"https:\\\/\\\/eldigitaldeasturias.com\\\/magazine365\\\/author\\\/admin\\\/#author\"},\"creator\":{\"@id\":\"https:\\\/\\\/eldigitaldeasturias.com\\\/magazine365\\\/author\\\/admin\\\/#author\"},\"image\":{\"@type\":\"ImageObject\",\"url\":\"https:\\\/\\\/eldigitaldeasturias.com\\\/magazine365\\\/wp-content\\\/uploads\\\/2014\\\/01\\\/5839778w.jpg\",\"@id\":\"https:\\\/\\\/eldigitaldeasturias.com\\\/magazine365\\\/robert-de-niro-asegura-que-soy-como-soy-gracias-a-lo-que-fui\\\/#mainImage\",\"width\":800,\"height\":580},\"primaryImageOfPage\":{\"@id\":\"https:\\\/\\\/eldigitaldeasturias.com\\\/magazine365\\\/robert-de-niro-asegura-que-soy-como-soy-gracias-a-lo-que-fui\\\/#mainImage\"},\"datePublished\":\"2014-01-10T11:38:32+01:00\",\"dateModified\":\"2014-01-10T11:38:32+01:00\"},{\"@type\":\"WebSite\",\"@id\":\"https:\\\/\\\/eldigitaldeasturias.com\\\/magazine365\\\/#website\",\"url\":\"https:\\\/\\\/eldigitaldeasturias.com\\\/magazine365\\\/\",\"name\":\"El Digital de Asturias\",\"description\":\"Revista de ocio, turismo y estilo de vida\",\"inLanguage\":\"es-ES\",\"publisher\":{\"@id\":\"https:\\\/\\\/eldigitaldeasturias.com\\\/magazine365\\\/#organization\"}}]}\n\t\t<\/script>\n\t\t<!-- All in One SEO Pro -->\r\n\t\t<title>Robert De Niro asegura que \u00absoy como soy gracias a lo que fui\u00bb | El Digital de Asturias<\/title>\n\n","aioseo_head_json":{"title":"Robert De Niro asegura que \u00absoy como soy gracias a lo que fui\u00bb | El Digital de Asturias","description":"Nueva York, 10 ene (EFE).- \"Yo soy como soy hoy gracias a lo que fui y me considero muy afortunado porque despu\u00e9s de treinta a\u00f1os todav\u00eda seguimos aqu\u00ed\". As\u00ed de rotundo se muestra Robert de Niro en una entrevista con Efe con motivo del estreno de \"La gran revancha\", una pel\u00edcula en la que vuelve","canonical_url":"https:\/\/eldigitaldeasturias.com\/magazine365\/robert-de-niro-asegura-que-soy-como-soy-gracias-a-lo-que-fui\/","robots":"max-image-preview:large","keywords":"noticias y actualidad","webmasterTools":{"google-site-verification":"UA-38556648-1","miscellaneous":""},"schema":{"@context":"https:\/\/schema.org","@graph":[{"@type":"Article","@id":"https:\/\/eldigitaldeasturias.com\/magazine365\/robert-de-niro-asegura-que-soy-como-soy-gracias-a-lo-que-fui\/#article","name":"Robert De Niro asegura que \u00absoy como soy gracias a lo que fui\u00bb | El Digital de Asturias","headline":"Robert De Niro asegura que \u00absoy como soy gracias a lo que fui\u00bb","author":{"@id":"https:\/\/eldigitaldeasturias.com\/magazine365\/author\/admin\/#author"},"publisher":{"@id":"https:\/\/eldigitaldeasturias.com\/magazine365\/#organization"},"image":{"@type":"ImageObject","url":"https:\/\/eldigitaldeasturias.com\/magazine365\/wp-content\/uploads\/2014\/01\/5839778w.jpg","width":800,"height":580},"datePublished":"2014-01-10T11:38:32+01:00","dateModified":"2014-01-10T11:38:32+01:00","inLanguage":"es-ES","mainEntityOfPage":{"@id":"https:\/\/eldigitaldeasturias.com\/magazine365\/robert-de-niro-asegura-que-soy-como-soy-gracias-a-lo-que-fui\/#webpage"},"isPartOf":{"@id":"https:\/\/eldigitaldeasturias.com\/magazine365\/robert-de-niro-asegura-que-soy-como-soy-gracias-a-lo-que-fui\/#webpage"},"articleSection":"Noticias y Actualidad"},{"@type":"BreadcrumbList","@id":"https:\/\/eldigitaldeasturias.com\/magazine365\/robert-de-niro-asegura-que-soy-como-soy-gracias-a-lo-que-fui\/#breadcrumblist","itemListElement":[{"@type":"ListItem","@id":"https:\/\/eldigitaldeasturias.com\/magazine365#listItem","position":1,"name":"Home","item":"https:\/\/eldigitaldeasturias.com\/magazine365","nextItem":{"@type":"ListItem","@id":"https:\/\/eldigitaldeasturias.com\/magazine365\/category\/noticias-actualidad\/#listItem","name":"Noticias y Actualidad"}},{"@type":"ListItem","@id":"https:\/\/eldigitaldeasturias.com\/magazine365\/category\/noticias-actualidad\/#listItem","position":2,"name":"Noticias y Actualidad","item":"https:\/\/eldigitaldeasturias.com\/magazine365\/category\/noticias-actualidad\/","nextItem":{"@type":"ListItem","@id":"https:\/\/eldigitaldeasturias.com\/magazine365\/robert-de-niro-asegura-que-soy-como-soy-gracias-a-lo-que-fui\/#listItem","name":"Robert De Niro asegura que \u00absoy como soy gracias a lo que fui\u00bb"},"previousItem":{"@type":"ListItem","@id":"https:\/\/eldigitaldeasturias.com\/magazine365#listItem","name":"Home"}},{"@type":"ListItem","@id":"https:\/\/eldigitaldeasturias.com\/magazine365\/robert-de-niro-asegura-que-soy-como-soy-gracias-a-lo-que-fui\/#listItem","position":3,"name":"Robert De Niro asegura que \u00absoy como soy gracias a lo que fui\u00bb","previousItem":{"@type":"ListItem","@id":"https:\/\/eldigitaldeasturias.com\/magazine365\/category\/noticias-actualidad\/#listItem","name":"Noticias y Actualidad"}}]},{"@type":"Organization","@id":"https:\/\/eldigitaldeasturias.com\/magazine365\/#organization","name":"El digital de Asturias","description":"Revista de ocio, turismo y estilo de vida","url":"https:\/\/eldigitaldeasturias.com\/magazine365\/","logo":{"@type":"ImageObject","url":"https:\/\/www.eldigitaldeasturias.com\/noticias\/wp-content\/uploads\/2020\/12\/EDA.jpg","@id":"https:\/\/eldigitaldeasturias.com\/magazine365\/robert-de-niro-asegura-que-soy-como-soy-gracias-a-lo-que-fui\/#organizationLogo"},"image":{"@id":"https:\/\/eldigitaldeasturias.com\/magazine365\/robert-de-niro-asegura-que-soy-como-soy-gracias-a-lo-que-fui\/#organizationLogo"}},{"@type":"Person","@id":"https:\/\/eldigitaldeasturias.com\/magazine365\/author\/admin\/#author","url":"https:\/\/eldigitaldeasturias.com\/magazine365\/author\/admin\/","name":"admin","image":{"@type":"ImageObject","@id":"https:\/\/eldigitaldeasturias.com\/magazine365\/robert-de-niro-asegura-que-soy-como-soy-gracias-a-lo-que-fui\/#authorImage","url":"https:\/\/eldigitaldeasturias.com\/magazine365\/wp-content\/litespeed\/avatar\/e571bcf59a0edd6fa6838245a470f2fe.jpg?ver=1776969259","width":96,"height":96,"caption":"admin"}},{"@type":"WebPage","@id":"https:\/\/eldigitaldeasturias.com\/magazine365\/robert-de-niro-asegura-que-soy-como-soy-gracias-a-lo-que-fui\/#webpage","url":"https:\/\/eldigitaldeasturias.com\/magazine365\/robert-de-niro-asegura-que-soy-como-soy-gracias-a-lo-que-fui\/","name":"Robert De Niro asegura que \u00absoy como soy gracias a lo que fui\u00bb | El Digital de Asturias","description":"Nueva York, 10 ene (EFE).- \"Yo soy como soy hoy gracias a lo que fui y me considero muy afortunado porque despu\u00e9s de treinta a\u00f1os todav\u00eda seguimos aqu\u00ed\". As\u00ed de rotundo se muestra Robert de Niro en una entrevista con Efe con motivo del estreno de \"La gran revancha\", una pel\u00edcula en la que vuelve","inLanguage":"es-ES","isPartOf":{"@id":"https:\/\/eldigitaldeasturias.com\/magazine365\/#website"},"breadcrumb":{"@id":"https:\/\/eldigitaldeasturias.com\/magazine365\/robert-de-niro-asegura-que-soy-como-soy-gracias-a-lo-que-fui\/#breadcrumblist"},"author":{"@id":"https:\/\/eldigitaldeasturias.com\/magazine365\/author\/admin\/#author"},"creator":{"@id":"https:\/\/eldigitaldeasturias.com\/magazine365\/author\/admin\/#author"},"image":{"@type":"ImageObject","url":"https:\/\/eldigitaldeasturias.com\/magazine365\/wp-content\/uploads\/2014\/01\/5839778w.jpg","@id":"https:\/\/eldigitaldeasturias.com\/magazine365\/robert-de-niro-asegura-que-soy-como-soy-gracias-a-lo-que-fui\/#mainImage","width":800,"height":580},"primaryImageOfPage":{"@id":"https:\/\/eldigitaldeasturias.com\/magazine365\/robert-de-niro-asegura-que-soy-como-soy-gracias-a-lo-que-fui\/#mainImage"},"datePublished":"2014-01-10T11:38:32+01:00","dateModified":"2014-01-10T11:38:32+01:00"},{"@type":"WebSite","@id":"https:\/\/eldigitaldeasturias.com\/magazine365\/#website","url":"https:\/\/eldigitaldeasturias.com\/magazine365\/","name":"El Digital de Asturias","description":"Revista de ocio, turismo y estilo de vida","inLanguage":"es-ES","publisher":{"@id":"https:\/\/eldigitaldeasturias.com\/magazine365\/#organization"}}]},"og:locale":"es_ES","og:site_name":"El Digital de Asturias \u2013 Revista de ocio, turismo y estilo de vida","og:type":"article","og:title":"Robert De Niro asegura que \u00absoy como soy gracias a lo que fui\u00bb | El Digital de Asturias","og:description":"Nueva York, 10 ene (EFE).- &quot;Yo soy como soy hoy gracias a lo que fui y me considero muy afortunado porque despu\u00e9s de treinta a\u00f1os todav\u00eda seguimos aqu\u00ed&quot;. As\u00ed de rotundo se muestra Robert de Niro en una entrevista con Efe con motivo del estreno de &quot;La gran revancha&quot;, una pel\u00edcula en la que vuelve","og:url":"https:\/\/eldigitaldeasturias.com\/magazine365\/robert-de-niro-asegura-que-soy-como-soy-gracias-a-lo-que-fui\/","og:image":"https:\/\/eldigitaldeasturias.com\/magazine365\/wp-content\/uploads\/2014\/01\/5839778w.jpg","og:image:secure_url":"https:\/\/eldigitaldeasturias.com\/magazine365\/wp-content\/uploads\/2014\/01\/5839778w.jpg","og:image:width":800,"og:image:height":580,"article:published_time":"2014-01-10T12:38:32+00:00","article:modified_time":"2014-01-10T12:38:32+00:00","twitter:card":"summary_large_image","twitter:title":"Robert De Niro asegura que \u00absoy como soy gracias a lo que fui\u00bb | El Digital de Asturias","twitter:description":"Nueva York, 10 ene (EFE).- &quot;Yo soy como soy hoy gracias a lo que fui y me considero muy afortunado porque despu\u00e9s de treinta a\u00f1os todav\u00eda seguimos aqu\u00ed&quot;. As\u00ed de rotundo se muestra Robert de Niro en una entrevista con Efe con motivo del estreno de &quot;La gran revancha&quot;, una pel\u00edcula en la que vuelve","twitter:image":"https:\/\/eldigitaldeasturias.com\/magazine365\/wp-content\/uploads\/2014\/01\/5839778w.jpg"},"aioseo_meta_data":{"post_id":"637","title":null,"description":null,"keywords":null,"keyphrases":null,"primary_term":null,"canonical_url":null,"og_title":null,"og_description":null,"og_object_type":"default","og_image_type":"default","og_image_url":null,"og_image_width":null,"og_image_height":null,"og_image_custom_url":null,"og_image_custom_fields":null,"og_video":null,"og_custom_url":null,"og_article_section":null,"og_article_tags":null,"twitter_use_og":false,"twitter_card":"default","twitter_image_type":"default","twitter_image_url":null,"twitter_image_custom_url":null,"twitter_image_custom_fields":null,"twitter_title":null,"twitter_description":null,"schema":{"blockGraphs":[],"customGraphs":[],"default":{"data":{"Article":[],"Course":[],"Dataset":[],"FAQPage":[],"Movie":[],"Person":[],"Product":[],"ProductReview":[],"Car":[],"Recipe":[],"Service":[],"SoftwareApplication":[],"WebPage":[]},"graphName":"","isEnabled":true},"graphs":[],"defaultGraph":"","defaultPostTypeGraph":""},"schema_type":null,"schema_type_options":null,"pillar_content":false,"robots_default":true,"robots_noindex":false,"robots_noarchive":false,"robots_nosnippet":false,"robots_nofollow":false,"robots_noimageindex":false,"robots_noodp":false,"robots_notranslate":false,"robots_max_snippet":null,"robots_max_videopreview":null,"robots_max_imagepreview":"large","priority":null,"frequency":null,"location":null,"local_seo":null,"seo_analyzer_scan_date":"2025-09-16 07:54:59","breadcrumb_settings":null,"limit_modified_date":false,"open_ai":null,"ai":null,"created":"2020-12-21 13:33:32","updated":"2025-09-16 07:54:59"},"aioseo_breadcrumb":"<div class=\"aioseo-breadcrumbs\"><span class=\"aioseo-breadcrumb\">\n\t<a href=\"https:\/\/eldigitaldeasturias.com\/magazine365\" title=\"Home\">Home<\/a>\n<\/span><span class=\"aioseo-breadcrumb-separator\">\u2013<\/span><span class=\"aioseo-breadcrumb\">\n\t<a href=\"https:\/\/eldigitaldeasturias.com\/magazine365\/category\/noticias-actualidad\/\" title=\"Noticias y Actualidad\">Noticias y Actualidad<\/a>\n<\/span><span class=\"aioseo-breadcrumb-separator\">\u2013<\/span><span class=\"aioseo-breadcrumb\">\n\t<a href=\"https:\/\/eldigitaldeasturias.com\/magazine365\/robert-de-niro-asegura-que-soy-como-soy-gracias-a-lo-que-fui\/\" title=\"Robert De Niro asegura que \u00absoy como soy gracias a lo que fui\u00bb\">Robert De Niro asegura que \u00absoy como soy gracias a lo que fui\u00bb<\/a>\n<\/span><\/div>","aioseo_breadcrumb_json":[{"label":"Home","link":"https:\/\/eldigitaldeasturias.com\/magazine365"},{"label":"Noticias y Actualidad","link":"https:\/\/eldigitaldeasturias.com\/magazine365\/category\/noticias-actualidad\/"},{"label":"Robert De Niro asegura que \u00absoy como soy gracias a lo que fui\u00bb","link":"https:\/\/eldigitaldeasturias.com\/magazine365\/robert-de-niro-asegura-que-soy-como-soy-gracias-a-lo-que-fui\/"}],"_links":{"self":[{"href":"https:\/\/eldigitaldeasturias.com\/magazine365\/wp-json\/wp\/v2\/posts\/637","targetHints":{"allow":["GET"]}}],"collection":[{"href":"https:\/\/eldigitaldeasturias.com\/magazine365\/wp-json\/wp\/v2\/posts"}],"about":[{"href":"https:\/\/eldigitaldeasturias.com\/magazine365\/wp-json\/wp\/v2\/types\/post"}],"author":[{"embeddable":true,"href":"https:\/\/eldigitaldeasturias.com\/magazine365\/wp-json\/wp\/v2\/users\/1"}],"replies":[{"embeddable":true,"href":"https:\/\/eldigitaldeasturias.com\/magazine365\/wp-json\/wp\/v2\/comments?post=637"}],"version-history":[{"count":0,"href":"https:\/\/eldigitaldeasturias.com\/magazine365\/wp-json\/wp\/v2\/posts\/637\/revisions"}],"wp:featuredmedia":[{"embeddable":true,"href":"https:\/\/eldigitaldeasturias.com\/magazine365\/wp-json\/wp\/v2\/media\/638"}],"wp:attachment":[{"href":"https:\/\/eldigitaldeasturias.com\/magazine365\/wp-json\/wp\/v2\/media?parent=637"}],"wp:term":[{"taxonomy":"category","embeddable":true,"href":"https:\/\/eldigitaldeasturias.com\/magazine365\/wp-json\/wp\/v2\/categories?post=637"},{"taxonomy":"post_tag","embeddable":true,"href":"https:\/\/eldigitaldeasturias.com\/magazine365\/wp-json\/wp\/v2\/tags?post=637"}],"curies":[{"name":"wp","href":"https:\/\/api.w.org\/{rel}","templated":true}]}}