{"id":63679,"date":"2016-02-09T22:32:03","date_gmt":"2016-02-09T21:32:03","guid":{"rendered":"http:\/\/eldigitaldeasturias.com\/magazine365\/?p=63679"},"modified":"2016-02-09T22:32:03","modified_gmt":"2016-02-09T21:32:03","slug":"las-casas-rurales-espanolas-alcanzan-mas-de-un-30-de-ocupacion-durante-san-valentin","status":"publish","type":"post","link":"https:\/\/eldigitaldeasturias.com\/magazine365\/las-casas-rurales-espanolas-alcanzan-mas-de-un-30-de-ocupacion-durante-san-valentin\/","title":{"rendered":"Las casas rurales espa\u00f1olas alcanzan m\u00e1s de un 30% de ocupaci\u00f3n durante San Valent\u00edn"},"content":{"rendered":"<p><img fetchpriority=\"high\" decoding=\"async\" class=\"alignleft size-medium wp-image-63517\" src=\"https:\/\/eldigitaldeasturias.com\/magazine365\/wp-content\/uploads\/2016\/02\/fotonoticia_20160207125933_800-360x240.jpg\" alt=\"fotonoticia_20160207125933_800\" width=\"360\" height=\"240\" srcset=\"https:\/\/eldigitaldeasturias.com\/magazine365\/wp-content\/uploads\/2016\/02\/fotonoticia_20160207125933_800-360x240.jpg 360w, https:\/\/eldigitaldeasturias.com\/magazine365\/wp-content\/uploads\/2016\/02\/fotonoticia_20160207125933_800-650x433.jpg 650w, https:\/\/eldigitaldeasturias.com\/magazine365\/wp-content\/uploads\/2016\/02\/fotonoticia_20160207125933_800-768x512.jpg 768w, https:\/\/eldigitaldeasturias.com\/magazine365\/wp-content\/uploads\/2016\/02\/fotonoticia_20160207125933_800-150x100.jpg 150w, https:\/\/eldigitaldeasturias.com\/magazine365\/wp-content\/uploads\/2016\/02\/fotonoticia_20160207125933_800-450x300.jpg 450w, https:\/\/eldigitaldeasturias.com\/magazine365\/wp-content\/uploads\/2016\/02\/fotonoticia_20160207125933_800-696x464.jpg 696w, https:\/\/eldigitaldeasturias.com\/magazine365\/wp-content\/uploads\/2016\/02\/fotonoticia_20160207125933_800-630x420.jpg 630w, https:\/\/eldigitaldeasturias.com\/magazine365\/wp-content\/uploads\/2016\/02\/fotonoticia_20160207125933_800-101x66.jpg 101w, https:\/\/eldigitaldeasturias.com\/magazine365\/wp-content\/uploads\/2016\/02\/fotonoticia_20160207125933_800.jpg 800w\" sizes=\"(max-width: 360px) 100vw, 360px\" \/>Las casas rurales en Espa\u00f1a presentan una ocupaci\u00f3n del 30,3% para el fin de semana de San Valent\u00edn, seg\u00fan el calendario actualizado entre el 12 y 15 de febrero y a falta de contabilizar las reservas de \u00faltima hora, lo que supone 8 puntos porcentuales menos que el pasado a\u00f1o para estas mismas fechas, seg\u00fan los datos del portal Tuscasasrurales.com.<\/p>\n<p>Este descenso de ocupaci\u00f3n respecto al mismo periodo del a\u00f1o pasado es inferior debido a que en 2015 el d\u00eda de San Valent\u00edn cay\u00f3 en s\u00e1bado y coincidi\u00f3 con la celebraci\u00f3n del Carnaval, lo que tuvo un impacto directo en el n\u00famero de reservas, que este a\u00f1o no se han producido al no coincidir ambas celebraciones en la mayor\u00eda de las provincias.<\/p>\n<p>Por comunidades aut\u00f3nomas, Canarias es la comunidad que lidera la ocupaci\u00f3n con un 56,85%, seguida de Catalu\u00f1a (49,26%), Comunidad de Madrid (39,34%), Navarra (35,47%), La Rioja (34,84%) y Andaluc\u00eda (33,68%). Tras ellas, se sit\u00faan la Comunidad Valenciana (33,21%), Castilla y Le\u00f3n (30,25%) o Arag\u00f3n (29,48%).<\/p>\n<p>En cuanto a las que presentan menor ocupaci\u00f3n, figuran Galicia (19,49%), Baleares (15,24%) y Asturias (11,29%).<\/p>\n<p>Por provincias, Las Palmas se sit\u00faa a la cabeza por mayor ocupaci\u00f3n durante los d\u00edas de San Valent\u00edn, con un nivel del 67,26%, seguida de Barcelona (49,82%), Lleida (48,66%), Tenerife (46,42%), C\u00e1diz (40,33%) o Madrid (39,34%).<\/p>\n<p>OFERTAS EN ACTIVIDADES.<\/p>\n<p>Entre las casas m\u00e1s demandadas figuran aquellas que disponen de jacuzzi, chimenea y spa, con una ocupaci\u00f3n media de siete puntos porcentuales superior al resto de alojamientos que no disponen de estas instalaciones.<\/p>\n<p>Asimismo, durante estas fechas muchos de los propietarios de estos alojamientos ofrecen actividades pensadas para parejas tales como circuitos de spa, paseos a caballo, cenas rom\u00e1nticas o rutas de senderismo.<\/p>\n","protected":false},"excerpt":{"rendered":"<p>Las casas rurales en Espa\u00f1a presentan una ocupaci\u00f3n del 30,3% para el fin de semana de San Valent\u00edn, seg\u00fan el calendario actualizado entre el 12 y 15 de febrero y a falta de contabilizar las reservas de \u00faltima hora, lo que supone 8 puntos porcentuales menos que el pasado a\u00f1o para estas mismas fechas, seg\u00fan<\/p>\n","protected":false},"author":1,"featured_media":63517,"comment_status":"open","ping_status":"closed","sticky":false,"template":"","format":"standard","meta":{"footnotes":""},"categories":[224],"tags":[],"class_list":{"0":"post-63679","1":"post","2":"type-post","3":"status-publish","4":"format-standard","5":"has-post-thumbnail","7":"category-noticias-actualidad"},"aioseo_notices":[],"aioseo_head":"\n\t\t<!-- All in One SEO Pro 4.9.6.1 - aioseo.com -->\n\t<meta name=\"description\" content=\"Las casas rurales en Espa\u00f1a presentan una ocupaci\u00f3n del 30,3% para el fin de semana de San Valent\u00edn, seg\u00fan el calendario actualizado entre el 12 y 15 de febrero y a falta de contabilizar las reservas de \u00faltima hora, lo que supone 8 puntos porcentuales menos que el pasado a\u00f1o para estas mismas fechas, seg\u00fan\" \/>\n\t<meta name=\"robots\" content=\"max-image-preview:large\" \/>\n\t<meta name=\"author\" content=\"admin\"\/>\n\t<meta name=\"google-site-verification\" content=\"UA-38556648-1\" \/>\n\t<meta name=\"keywords\" content=\"noticias y actualidad\" \/>\n\t<link rel=\"canonical\" href=\"https:\/\/eldigitaldeasturias.com\/magazine365\/las-casas-rurales-espanolas-alcanzan-mas-de-un-30-de-ocupacion-durante-san-valentin\/\" \/>\n\t<meta name=\"generator\" content=\"All in One SEO Pro (AIOSEO) 4.9.6.1\" \/>\n\t\t<meta property=\"og:locale\" content=\"es_ES\" \/>\n\t\t<meta property=\"og:site_name\" content=\"El Digital de Asturias \u2013 Revista de ocio, turismo y estilo de vida\" \/>\n\t\t<meta property=\"og:type\" content=\"article\" \/>\n\t\t<meta property=\"og:title\" content=\"Las casas rurales espa\u00f1olas alcanzan m\u00e1s de un 30% de ocupaci\u00f3n durante San Valent\u00edn | El Digital de Asturias\" \/>\n\t\t<meta property=\"og:description\" content=\"Las casas rurales en Espa\u00f1a presentan una ocupaci\u00f3n del 30,3% para el fin de semana de San Valent\u00edn, seg\u00fan el calendario actualizado entre el 12 y 15 de febrero y a falta de contabilizar las reservas de \u00faltima hora, lo que supone 8 puntos porcentuales menos que el pasado a\u00f1o para estas mismas fechas, seg\u00fan\" \/>\n\t\t<meta property=\"og:url\" content=\"https:\/\/eldigitaldeasturias.com\/magazine365\/las-casas-rurales-espanolas-alcanzan-mas-de-un-30-de-ocupacion-durante-san-valentin\/\" \/>\n\t\t<meta property=\"og:image\" content=\"https:\/\/eldigitaldeasturias.com\/magazine365\/wp-content\/uploads\/2016\/02\/fotonoticia_20160207125933_800.jpg\" \/>\n\t\t<meta property=\"og:image:secure_url\" content=\"https:\/\/eldigitaldeasturias.com\/magazine365\/wp-content\/uploads\/2016\/02\/fotonoticia_20160207125933_800.jpg\" \/>\n\t\t<meta property=\"og:image:width\" content=\"800\" \/>\n\t\t<meta property=\"og:image:height\" content=\"533\" \/>\n\t\t<meta property=\"article:published_time\" content=\"2016-02-09T21:32:03+00:00\" \/>\n\t\t<meta property=\"article:modified_time\" content=\"2016-02-09T21:32:03+00:00\" \/>\n\t\t<meta name=\"twitter:card\" content=\"summary_large_image\" \/>\n\t\t<meta name=\"twitter:title\" content=\"Las casas rurales espa\u00f1olas alcanzan m\u00e1s de un 30% de ocupaci\u00f3n durante San Valent\u00edn | El Digital de Asturias\" \/>\n\t\t<meta name=\"twitter:description\" content=\"Las casas rurales en Espa\u00f1a presentan una ocupaci\u00f3n del 30,3% para el fin de semana de San Valent\u00edn, seg\u00fan el calendario actualizado entre el 12 y 15 de febrero y a falta de contabilizar las reservas de \u00faltima hora, lo que supone 8 puntos porcentuales menos que el pasado a\u00f1o para estas mismas fechas, seg\u00fan\" \/>\n\t\t<meta name=\"twitter:image\" content=\"https:\/\/eldigitaldeasturias.com\/magazine365\/wp-content\/uploads\/2016\/02\/fotonoticia_20160207125933_800.jpg\" \/>\n\t\t<script type=\"application\/ld+json\" class=\"aioseo-schema\">\n\t\t\t{\"@context\":\"https:\\\/\\\/schema.org\",\"@graph\":[{\"@type\":\"Article\",\"@id\":\"https:\\\/\\\/eldigitaldeasturias.com\\\/magazine365\\\/las-casas-rurales-espanolas-alcanzan-mas-de-un-30-de-ocupacion-durante-san-valentin\\\/#article\",\"name\":\"Las casas rurales espa\\u00f1olas alcanzan m\\u00e1s de un 30% de ocupaci\\u00f3n durante San Valent\\u00edn | El Digital de Asturias\",\"headline\":\"Las casas rurales espa\\u00f1olas alcanzan m\\u00e1s de un 30% de ocupaci\\u00f3n durante San Valent\\u00edn\",\"author\":{\"@id\":\"https:\\\/\\\/eldigitaldeasturias.com\\\/magazine365\\\/author\\\/admin\\\/#author\"},\"publisher\":{\"@id\":\"https:\\\/\\\/eldigitaldeasturias.com\\\/magazine365\\\/#organization\"},\"image\":{\"@type\":\"ImageObject\",\"url\":\"https:\\\/\\\/eldigitaldeasturias.com\\\/magazine365\\\/wp-content\\\/uploads\\\/2016\\\/02\\\/fotonoticia_20160207125933_800.jpg\",\"width\":800,\"height\":533},\"datePublished\":\"2016-02-09T22:32:03+01:00\",\"dateModified\":\"2016-02-09T22:32:03+01:00\",\"inLanguage\":\"es-ES\",\"mainEntityOfPage\":{\"@id\":\"https:\\\/\\\/eldigitaldeasturias.com\\\/magazine365\\\/las-casas-rurales-espanolas-alcanzan-mas-de-un-30-de-ocupacion-durante-san-valentin\\\/#webpage\"},\"isPartOf\":{\"@id\":\"https:\\\/\\\/eldigitaldeasturias.com\\\/magazine365\\\/las-casas-rurales-espanolas-alcanzan-mas-de-un-30-de-ocupacion-durante-san-valentin\\\/#webpage\"},\"articleSection\":\"Noticias y Actualidad\"},{\"@type\":\"BreadcrumbList\",\"@id\":\"https:\\\/\\\/eldigitaldeasturias.com\\\/magazine365\\\/las-casas-rurales-espanolas-alcanzan-mas-de-un-30-de-ocupacion-durante-san-valentin\\\/#breadcrumblist\",\"itemListElement\":[{\"@type\":\"ListItem\",\"@id\":\"https:\\\/\\\/eldigitaldeasturias.com\\\/magazine365#listItem\",\"position\":1,\"name\":\"Home\",\"item\":\"https:\\\/\\\/eldigitaldeasturias.com\\\/magazine365\",\"nextItem\":{\"@type\":\"ListItem\",\"@id\":\"https:\\\/\\\/eldigitaldeasturias.com\\\/magazine365\\\/category\\\/noticias-actualidad\\\/#listItem\",\"name\":\"Noticias y Actualidad\"}},{\"@type\":\"ListItem\",\"@id\":\"https:\\\/\\\/eldigitaldeasturias.com\\\/magazine365\\\/category\\\/noticias-actualidad\\\/#listItem\",\"position\":2,\"name\":\"Noticias y Actualidad\",\"item\":\"https:\\\/\\\/eldigitaldeasturias.com\\\/magazine365\\\/category\\\/noticias-actualidad\\\/\",\"nextItem\":{\"@type\":\"ListItem\",\"@id\":\"https:\\\/\\\/eldigitaldeasturias.com\\\/magazine365\\\/las-casas-rurales-espanolas-alcanzan-mas-de-un-30-de-ocupacion-durante-san-valentin\\\/#listItem\",\"name\":\"Las casas rurales espa\\u00f1olas alcanzan m\\u00e1s de un 30% de ocupaci\\u00f3n durante San Valent\\u00edn\"},\"previousItem\":{\"@type\":\"ListItem\",\"@id\":\"https:\\\/\\\/eldigitaldeasturias.com\\\/magazine365#listItem\",\"name\":\"Home\"}},{\"@type\":\"ListItem\",\"@id\":\"https:\\\/\\\/eldigitaldeasturias.com\\\/magazine365\\\/las-casas-rurales-espanolas-alcanzan-mas-de-un-30-de-ocupacion-durante-san-valentin\\\/#listItem\",\"position\":3,\"name\":\"Las casas rurales espa\\u00f1olas alcanzan m\\u00e1s de un 30% de ocupaci\\u00f3n durante San Valent\\u00edn\",\"previousItem\":{\"@type\":\"ListItem\",\"@id\":\"https:\\\/\\\/eldigitaldeasturias.com\\\/magazine365\\\/category\\\/noticias-actualidad\\\/#listItem\",\"name\":\"Noticias y Actualidad\"}}]},{\"@type\":\"Organization\",\"@id\":\"https:\\\/\\\/eldigitaldeasturias.com\\\/magazine365\\\/#organization\",\"name\":\"El digital de Asturias\",\"description\":\"Revista de ocio, turismo y estilo de vida\",\"url\":\"https:\\\/\\\/eldigitaldeasturias.com\\\/magazine365\\\/\",\"logo\":{\"@type\":\"ImageObject\",\"url\":\"https:\\\/\\\/www.eldigitaldeasturias.com\\\/noticias\\\/wp-content\\\/uploads\\\/2020\\\/12\\\/EDA.jpg\",\"@id\":\"https:\\\/\\\/eldigitaldeasturias.com\\\/magazine365\\\/las-casas-rurales-espanolas-alcanzan-mas-de-un-30-de-ocupacion-durante-san-valentin\\\/#organizationLogo\"},\"image\":{\"@id\":\"https:\\\/\\\/eldigitaldeasturias.com\\\/magazine365\\\/las-casas-rurales-espanolas-alcanzan-mas-de-un-30-de-ocupacion-durante-san-valentin\\\/#organizationLogo\"}},{\"@type\":\"Person\",\"@id\":\"https:\\\/\\\/eldigitaldeasturias.com\\\/magazine365\\\/author\\\/admin\\\/#author\",\"url\":\"https:\\\/\\\/eldigitaldeasturias.com\\\/magazine365\\\/author\\\/admin\\\/\",\"name\":\"admin\",\"image\":{\"@type\":\"ImageObject\",\"@id\":\"https:\\\/\\\/eldigitaldeasturias.com\\\/magazine365\\\/las-casas-rurales-espanolas-alcanzan-mas-de-un-30-de-ocupacion-durante-san-valentin\\\/#authorImage\",\"url\":\"https:\\\/\\\/eldigitaldeasturias.com\\\/magazine365\\\/wp-content\\\/litespeed\\\/avatar\\\/e571bcf59a0edd6fa6838245a470f2fe.jpg?ver=1776969259\",\"width\":96,\"height\":96,\"caption\":\"admin\"}},{\"@type\":\"WebPage\",\"@id\":\"https:\\\/\\\/eldigitaldeasturias.com\\\/magazine365\\\/las-casas-rurales-espanolas-alcanzan-mas-de-un-30-de-ocupacion-durante-san-valentin\\\/#webpage\",\"url\":\"https:\\\/\\\/eldigitaldeasturias.com\\\/magazine365\\\/las-casas-rurales-espanolas-alcanzan-mas-de-un-30-de-ocupacion-durante-san-valentin\\\/\",\"name\":\"Las casas rurales espa\\u00f1olas alcanzan m\\u00e1s de un 30% de ocupaci\\u00f3n durante San Valent\\u00edn | El Digital de Asturias\",\"description\":\"Las casas rurales en Espa\\u00f1a presentan una ocupaci\\u00f3n del 30,3% para el fin de semana de San Valent\\u00edn, seg\\u00fan el calendario actualizado entre el 12 y 15 de febrero y a falta de contabilizar las reservas de \\u00faltima hora, lo que supone 8 puntos porcentuales menos que el pasado a\\u00f1o para estas mismas fechas, seg\\u00fan\",\"inLanguage\":\"es-ES\",\"isPartOf\":{\"@id\":\"https:\\\/\\\/eldigitaldeasturias.com\\\/magazine365\\\/#website\"},\"breadcrumb\":{\"@id\":\"https:\\\/\\\/eldigitaldeasturias.com\\\/magazine365\\\/las-casas-rurales-espanolas-alcanzan-mas-de-un-30-de-ocupacion-durante-san-valentin\\\/#breadcrumblist\"},\"author\":{\"@id\":\"https:\\\/\\\/eldigitaldeasturias.com\\\/magazine365\\\/author\\\/admin\\\/#author\"},\"creator\":{\"@id\":\"https:\\\/\\\/eldigitaldeasturias.com\\\/magazine365\\\/author\\\/admin\\\/#author\"},\"image\":{\"@type\":\"ImageObject\",\"url\":\"https:\\\/\\\/eldigitaldeasturias.com\\\/magazine365\\\/wp-content\\\/uploads\\\/2016\\\/02\\\/fotonoticia_20160207125933_800.jpg\",\"@id\":\"https:\\\/\\\/eldigitaldeasturias.com\\\/magazine365\\\/las-casas-rurales-espanolas-alcanzan-mas-de-un-30-de-ocupacion-durante-san-valentin\\\/#mainImage\",\"width\":800,\"height\":533},\"primaryImageOfPage\":{\"@id\":\"https:\\\/\\\/eldigitaldeasturias.com\\\/magazine365\\\/las-casas-rurales-espanolas-alcanzan-mas-de-un-30-de-ocupacion-durante-san-valentin\\\/#mainImage\"},\"datePublished\":\"2016-02-09T22:32:03+01:00\",\"dateModified\":\"2016-02-09T22:32:03+01:00\"},{\"@type\":\"WebSite\",\"@id\":\"https:\\\/\\\/eldigitaldeasturias.com\\\/magazine365\\\/#website\",\"url\":\"https:\\\/\\\/eldigitaldeasturias.com\\\/magazine365\\\/\",\"name\":\"El Digital de Asturias\",\"description\":\"Revista de ocio, turismo y estilo de vida\",\"inLanguage\":\"es-ES\",\"publisher\":{\"@id\":\"https:\\\/\\\/eldigitaldeasturias.com\\\/magazine365\\\/#organization\"}}]}\n\t\t<\/script>\n\t\t<!-- All in One SEO Pro -->\r\n\t\t<title>Las casas rurales espa\u00f1olas alcanzan m\u00e1s de un 30% de ocupaci\u00f3n durante San Valent\u00edn | El Digital de Asturias<\/title>\n\n","aioseo_head_json":{"title":"Las casas rurales espa\u00f1olas alcanzan m\u00e1s de un 30% de ocupaci\u00f3n durante San Valent\u00edn | El Digital de Asturias","description":"Las casas rurales en Espa\u00f1a presentan una ocupaci\u00f3n del 30,3% para el fin de semana de San Valent\u00edn, seg\u00fan el calendario actualizado entre el 12 y 15 de febrero y a falta de contabilizar las reservas de \u00faltima hora, lo que supone 8 puntos porcentuales menos que el pasado a\u00f1o para estas mismas fechas, seg\u00fan","canonical_url":"https:\/\/eldigitaldeasturias.com\/magazine365\/las-casas-rurales-espanolas-alcanzan-mas-de-un-30-de-ocupacion-durante-san-valentin\/","robots":"max-image-preview:large","keywords":"noticias y actualidad","webmasterTools":{"google-site-verification":"UA-38556648-1","miscellaneous":""},"schema":{"@context":"https:\/\/schema.org","@graph":[{"@type":"Article","@id":"https:\/\/eldigitaldeasturias.com\/magazine365\/las-casas-rurales-espanolas-alcanzan-mas-de-un-30-de-ocupacion-durante-san-valentin\/#article","name":"Las casas rurales espa\u00f1olas alcanzan m\u00e1s de un 30% de ocupaci\u00f3n durante San Valent\u00edn | El Digital de Asturias","headline":"Las casas rurales espa\u00f1olas alcanzan m\u00e1s de un 30% de ocupaci\u00f3n durante San Valent\u00edn","author":{"@id":"https:\/\/eldigitaldeasturias.com\/magazine365\/author\/admin\/#author"},"publisher":{"@id":"https:\/\/eldigitaldeasturias.com\/magazine365\/#organization"},"image":{"@type":"ImageObject","url":"https:\/\/eldigitaldeasturias.com\/magazine365\/wp-content\/uploads\/2016\/02\/fotonoticia_20160207125933_800.jpg","width":800,"height":533},"datePublished":"2016-02-09T22:32:03+01:00","dateModified":"2016-02-09T22:32:03+01:00","inLanguage":"es-ES","mainEntityOfPage":{"@id":"https:\/\/eldigitaldeasturias.com\/magazine365\/las-casas-rurales-espanolas-alcanzan-mas-de-un-30-de-ocupacion-durante-san-valentin\/#webpage"},"isPartOf":{"@id":"https:\/\/eldigitaldeasturias.com\/magazine365\/las-casas-rurales-espanolas-alcanzan-mas-de-un-30-de-ocupacion-durante-san-valentin\/#webpage"},"articleSection":"Noticias y Actualidad"},{"@type":"BreadcrumbList","@id":"https:\/\/eldigitaldeasturias.com\/magazine365\/las-casas-rurales-espanolas-alcanzan-mas-de-un-30-de-ocupacion-durante-san-valentin\/#breadcrumblist","itemListElement":[{"@type":"ListItem","@id":"https:\/\/eldigitaldeasturias.com\/magazine365#listItem","position":1,"name":"Home","item":"https:\/\/eldigitaldeasturias.com\/magazine365","nextItem":{"@type":"ListItem","@id":"https:\/\/eldigitaldeasturias.com\/magazine365\/category\/noticias-actualidad\/#listItem","name":"Noticias y Actualidad"}},{"@type":"ListItem","@id":"https:\/\/eldigitaldeasturias.com\/magazine365\/category\/noticias-actualidad\/#listItem","position":2,"name":"Noticias y Actualidad","item":"https:\/\/eldigitaldeasturias.com\/magazine365\/category\/noticias-actualidad\/","nextItem":{"@type":"ListItem","@id":"https:\/\/eldigitaldeasturias.com\/magazine365\/las-casas-rurales-espanolas-alcanzan-mas-de-un-30-de-ocupacion-durante-san-valentin\/#listItem","name":"Las casas rurales espa\u00f1olas alcanzan m\u00e1s de un 30% de ocupaci\u00f3n durante San Valent\u00edn"},"previousItem":{"@type":"ListItem","@id":"https:\/\/eldigitaldeasturias.com\/magazine365#listItem","name":"Home"}},{"@type":"ListItem","@id":"https:\/\/eldigitaldeasturias.com\/magazine365\/las-casas-rurales-espanolas-alcanzan-mas-de-un-30-de-ocupacion-durante-san-valentin\/#listItem","position":3,"name":"Las casas rurales espa\u00f1olas alcanzan m\u00e1s de un 30% de ocupaci\u00f3n durante San Valent\u00edn","previousItem":{"@type":"ListItem","@id":"https:\/\/eldigitaldeasturias.com\/magazine365\/category\/noticias-actualidad\/#listItem","name":"Noticias y Actualidad"}}]},{"@type":"Organization","@id":"https:\/\/eldigitaldeasturias.com\/magazine365\/#organization","name":"El digital de Asturias","description":"Revista de ocio, turismo y estilo de vida","url":"https:\/\/eldigitaldeasturias.com\/magazine365\/","logo":{"@type":"ImageObject","url":"https:\/\/www.eldigitaldeasturias.com\/noticias\/wp-content\/uploads\/2020\/12\/EDA.jpg","@id":"https:\/\/eldigitaldeasturias.com\/magazine365\/las-casas-rurales-espanolas-alcanzan-mas-de-un-30-de-ocupacion-durante-san-valentin\/#organizationLogo"},"image":{"@id":"https:\/\/eldigitaldeasturias.com\/magazine365\/las-casas-rurales-espanolas-alcanzan-mas-de-un-30-de-ocupacion-durante-san-valentin\/#organizationLogo"}},{"@type":"Person","@id":"https:\/\/eldigitaldeasturias.com\/magazine365\/author\/admin\/#author","url":"https:\/\/eldigitaldeasturias.com\/magazine365\/author\/admin\/","name":"admin","image":{"@type":"ImageObject","@id":"https:\/\/eldigitaldeasturias.com\/magazine365\/las-casas-rurales-espanolas-alcanzan-mas-de-un-30-de-ocupacion-durante-san-valentin\/#authorImage","url":"https:\/\/eldigitaldeasturias.com\/magazine365\/wp-content\/litespeed\/avatar\/e571bcf59a0edd6fa6838245a470f2fe.jpg?ver=1776969259","width":96,"height":96,"caption":"admin"}},{"@type":"WebPage","@id":"https:\/\/eldigitaldeasturias.com\/magazine365\/las-casas-rurales-espanolas-alcanzan-mas-de-un-30-de-ocupacion-durante-san-valentin\/#webpage","url":"https:\/\/eldigitaldeasturias.com\/magazine365\/las-casas-rurales-espanolas-alcanzan-mas-de-un-30-de-ocupacion-durante-san-valentin\/","name":"Las casas rurales espa\u00f1olas alcanzan m\u00e1s de un 30% de ocupaci\u00f3n durante San Valent\u00edn | El Digital de Asturias","description":"Las casas rurales en Espa\u00f1a presentan una ocupaci\u00f3n del 30,3% para el fin de semana de San Valent\u00edn, seg\u00fan el calendario actualizado entre el 12 y 15 de febrero y a falta de contabilizar las reservas de \u00faltima hora, lo que supone 8 puntos porcentuales menos que el pasado a\u00f1o para estas mismas fechas, seg\u00fan","inLanguage":"es-ES","isPartOf":{"@id":"https:\/\/eldigitaldeasturias.com\/magazine365\/#website"},"breadcrumb":{"@id":"https:\/\/eldigitaldeasturias.com\/magazine365\/las-casas-rurales-espanolas-alcanzan-mas-de-un-30-de-ocupacion-durante-san-valentin\/#breadcrumblist"},"author":{"@id":"https:\/\/eldigitaldeasturias.com\/magazine365\/author\/admin\/#author"},"creator":{"@id":"https:\/\/eldigitaldeasturias.com\/magazine365\/author\/admin\/#author"},"image":{"@type":"ImageObject","url":"https:\/\/eldigitaldeasturias.com\/magazine365\/wp-content\/uploads\/2016\/02\/fotonoticia_20160207125933_800.jpg","@id":"https:\/\/eldigitaldeasturias.com\/magazine365\/las-casas-rurales-espanolas-alcanzan-mas-de-un-30-de-ocupacion-durante-san-valentin\/#mainImage","width":800,"height":533},"primaryImageOfPage":{"@id":"https:\/\/eldigitaldeasturias.com\/magazine365\/las-casas-rurales-espanolas-alcanzan-mas-de-un-30-de-ocupacion-durante-san-valentin\/#mainImage"},"datePublished":"2016-02-09T22:32:03+01:00","dateModified":"2016-02-09T22:32:03+01:00"},{"@type":"WebSite","@id":"https:\/\/eldigitaldeasturias.com\/magazine365\/#website","url":"https:\/\/eldigitaldeasturias.com\/magazine365\/","name":"El Digital de Asturias","description":"Revista de ocio, turismo y estilo de vida","inLanguage":"es-ES","publisher":{"@id":"https:\/\/eldigitaldeasturias.com\/magazine365\/#organization"}}]},"og:locale":"es_ES","og:site_name":"El Digital de Asturias \u2013 Revista de ocio, turismo y estilo de vida","og:type":"article","og:title":"Las casas rurales espa\u00f1olas alcanzan m\u00e1s de un 30% de ocupaci\u00f3n durante San Valent\u00edn | El Digital de Asturias","og:description":"Las casas rurales en Espa\u00f1a presentan una ocupaci\u00f3n del 30,3% para el fin de semana de San Valent\u00edn, seg\u00fan el calendario actualizado entre el 12 y 15 de febrero y a falta de contabilizar las reservas de \u00faltima hora, lo que supone 8 puntos porcentuales menos que el pasado a\u00f1o para estas mismas fechas, seg\u00fan","og:url":"https:\/\/eldigitaldeasturias.com\/magazine365\/las-casas-rurales-espanolas-alcanzan-mas-de-un-30-de-ocupacion-durante-san-valentin\/","og:image":"https:\/\/eldigitaldeasturias.com\/magazine365\/wp-content\/uploads\/2016\/02\/fotonoticia_20160207125933_800.jpg","og:image:secure_url":"https:\/\/eldigitaldeasturias.com\/magazine365\/wp-content\/uploads\/2016\/02\/fotonoticia_20160207125933_800.jpg","og:image:width":800,"og:image:height":533,"article:published_time":"2016-02-09T21:32:03+00:00","article:modified_time":"2016-02-09T21:32:03+00:00","twitter:card":"summary_large_image","twitter:title":"Las casas rurales espa\u00f1olas alcanzan m\u00e1s de un 30% de ocupaci\u00f3n durante San Valent\u00edn | El Digital de Asturias","twitter:description":"Las casas rurales en Espa\u00f1a presentan una ocupaci\u00f3n del 30,3% para el fin de semana de San Valent\u00edn, seg\u00fan el calendario actualizado entre el 12 y 15 de febrero y a falta de contabilizar las reservas de \u00faltima hora, lo que supone 8 puntos porcentuales menos que el pasado a\u00f1o para estas mismas fechas, seg\u00fan","twitter:image":"https:\/\/eldigitaldeasturias.com\/magazine365\/wp-content\/uploads\/2016\/02\/fotonoticia_20160207125933_800.jpg"},"aioseo_meta_data":{"post_id":"63679","title":null,"description":null,"keywords":null,"keyphrases":null,"primary_term":null,"canonical_url":null,"og_title":null,"og_description":null,"og_object_type":"default","og_image_type":"default","og_image_url":null,"og_image_width":null,"og_image_height":null,"og_image_custom_url":null,"og_image_custom_fields":null,"og_video":null,"og_custom_url":null,"og_article_section":null,"og_article_tags":null,"twitter_use_og":false,"twitter_card":"default","twitter_image_type":"default","twitter_image_url":null,"twitter_image_custom_url":null,"twitter_image_custom_fields":null,"twitter_title":null,"twitter_description":null,"schema":{"blockGraphs":[],"customGraphs":[],"default":{"data":{"Article":[],"Course":[],"Dataset":[],"FAQPage":[],"Movie":[],"Person":[],"Product":[],"ProductReview":[],"Car":[],"Recipe":[],"Service":[],"SoftwareApplication":[],"WebPage":[]},"graphName":"","isEnabled":true},"graphs":[]},"schema_type":null,"schema_type_options":null,"pillar_content":false,"robots_default":true,"robots_noindex":false,"robots_noarchive":false,"robots_nosnippet":false,"robots_nofollow":false,"robots_noimageindex":false,"robots_noodp":false,"robots_notranslate":false,"robots_max_snippet":null,"robots_max_videopreview":null,"robots_max_imagepreview":"large","priority":null,"frequency":null,"location":null,"local_seo":null,"seo_analyzer_scan_date":"2025-09-25 13:36:20","breadcrumb_settings":null,"limit_modified_date":false,"open_ai":null,"ai":null,"created":"2021-03-08 21:19:48","updated":"2025-09-25 13:36:20"},"aioseo_breadcrumb":"<div class=\"aioseo-breadcrumbs\"><span class=\"aioseo-breadcrumb\">\n\t<a href=\"https:\/\/eldigitaldeasturias.com\/magazine365\" title=\"Home\">Home<\/a>\n<\/span><span class=\"aioseo-breadcrumb-separator\">\u2013<\/span><span class=\"aioseo-breadcrumb\">\n\t<a href=\"https:\/\/eldigitaldeasturias.com\/magazine365\/category\/noticias-actualidad\/\" title=\"Noticias y Actualidad\">Noticias y Actualidad<\/a>\n<\/span><span class=\"aioseo-breadcrumb-separator\">\u2013<\/span><span class=\"aioseo-breadcrumb\">\n\t<a href=\"https:\/\/eldigitaldeasturias.com\/magazine365\/las-casas-rurales-espanolas-alcanzan-mas-de-un-30-de-ocupacion-durante-san-valentin\/\" title=\"Las casas rurales espa\u00f1olas alcanzan m\u00e1s de un 30% de ocupaci\u00f3n durante San Valent\u00edn\">Las casas rurales espa\u00f1olas alcanzan m\u00e1s de un 30% de ocupaci\u00f3n durante San Valent\u00edn<\/a>\n<\/span><\/div>","aioseo_breadcrumb_json":[{"label":"Home","link":"https:\/\/eldigitaldeasturias.com\/magazine365"},{"label":"Noticias y Actualidad","link":"https:\/\/eldigitaldeasturias.com\/magazine365\/category\/noticias-actualidad\/"},{"label":"Las casas rurales espa\u00f1olas alcanzan m\u00e1s de un 30% de ocupaci\u00f3n durante San Valent\u00edn","link":"https:\/\/eldigitaldeasturias.com\/magazine365\/las-casas-rurales-espanolas-alcanzan-mas-de-un-30-de-ocupacion-durante-san-valentin\/"}],"_links":{"self":[{"href":"https:\/\/eldigitaldeasturias.com\/magazine365\/wp-json\/wp\/v2\/posts\/63679","targetHints":{"allow":["GET"]}}],"collection":[{"href":"https:\/\/eldigitaldeasturias.com\/magazine365\/wp-json\/wp\/v2\/posts"}],"about":[{"href":"https:\/\/eldigitaldeasturias.com\/magazine365\/wp-json\/wp\/v2\/types\/post"}],"author":[{"embeddable":true,"href":"https:\/\/eldigitaldeasturias.com\/magazine365\/wp-json\/wp\/v2\/users\/1"}],"replies":[{"embeddable":true,"href":"https:\/\/eldigitaldeasturias.com\/magazine365\/wp-json\/wp\/v2\/comments?post=63679"}],"version-history":[{"count":0,"href":"https:\/\/eldigitaldeasturias.com\/magazine365\/wp-json\/wp\/v2\/posts\/63679\/revisions"}],"wp:featuredmedia":[{"embeddable":true,"href":"https:\/\/eldigitaldeasturias.com\/magazine365\/wp-json\/wp\/v2\/media\/63517"}],"wp:attachment":[{"href":"https:\/\/eldigitaldeasturias.com\/magazine365\/wp-json\/wp\/v2\/media?parent=63679"}],"wp:term":[{"taxonomy":"category","embeddable":true,"href":"https:\/\/eldigitaldeasturias.com\/magazine365\/wp-json\/wp\/v2\/categories?post=63679"},{"taxonomy":"post_tag","embeddable":true,"href":"https:\/\/eldigitaldeasturias.com\/magazine365\/wp-json\/wp\/v2\/tags?post=63679"}],"curies":[{"name":"wp","href":"https:\/\/api.w.org\/{rel}","templated":true}]}}