{"id":63671,"date":"2016-02-09T22:26:12","date_gmt":"2016-02-09T21:26:12","guid":{"rendered":"http:\/\/eldigitaldeasturias.com\/magazine365\/?p=63671"},"modified":"2016-02-09T22:26:12","modified_gmt":"2016-02-09T21:26:12","slug":"el-vicepresidente-cubano-visitara-hoy-espana","status":"publish","type":"post","link":"https:\/\/eldigitaldeasturias.com\/magazine365\/el-vicepresidente-cubano-visitara-hoy-espana\/","title":{"rendered":"El vicepresidente cubano visitar\u00e1 hoy Espa\u00f1a"},"content":{"rendered":"<p><img fetchpriority=\"high\" decoding=\"async\" class=\"alignleft size-medium wp-image-63672\" src=\"https:\/\/eldigitaldeasturias.com\/magazine365\/wp-content\/uploads\/2016\/02\/fotonoticia_20160209101201_800-360x240.jpg\" alt=\"fotonoticia_20160209101201_800\" width=\"360\" height=\"240\" srcset=\"https:\/\/eldigitaldeasturias.com\/magazine365\/wp-content\/uploads\/2016\/02\/fotonoticia_20160209101201_800-360x240.jpg 360w, https:\/\/eldigitaldeasturias.com\/magazine365\/wp-content\/uploads\/2016\/02\/fotonoticia_20160209101201_800-650x433.jpg 650w, https:\/\/eldigitaldeasturias.com\/magazine365\/wp-content\/uploads\/2016\/02\/fotonoticia_20160209101201_800-768x512.jpg 768w, https:\/\/eldigitaldeasturias.com\/magazine365\/wp-content\/uploads\/2016\/02\/fotonoticia_20160209101201_800-150x100.jpg 150w, https:\/\/eldigitaldeasturias.com\/magazine365\/wp-content\/uploads\/2016\/02\/fotonoticia_20160209101201_800-450x300.jpg 450w, https:\/\/eldigitaldeasturias.com\/magazine365\/wp-content\/uploads\/2016\/02\/fotonoticia_20160209101201_800-696x464.jpg 696w, https:\/\/eldigitaldeasturias.com\/magazine365\/wp-content\/uploads\/2016\/02\/fotonoticia_20160209101201_800-630x420.jpg 630w, https:\/\/eldigitaldeasturias.com\/magazine365\/wp-content\/uploads\/2016\/02\/fotonoticia_20160209101201_800-101x66.jpg 101w, https:\/\/eldigitaldeasturias.com\/magazine365\/wp-content\/uploads\/2016\/02\/fotonoticia_20160209101201_800.jpg 800w\" sizes=\"(max-width: 360px) 100vw, 360px\" \/>Los ministros en funciones de Exteriores y Econom\u00eda, Jos\u00e9 Manuel Garc\u00eda-Margallo y Luis de Guindos, respectivamente, recibir\u00e1n hoy al vicepresidente cubano Ricardo Cabrisas, uno de los cargos que acompa\u00f1\u00f3 la semana pasada al presidente Ra\u00fal Castro en su visita de Estado a Francia, la primera que realiza a un pa\u00eds europeo.<\/p>\n<p>Estos encuentros se celebrar\u00e1n a petici\u00f3n de la parte cubana. La presencia de Cabrisas en nuestro pa\u00eds constituye una de las escasas visitas de car\u00e1cter internacional que recibir\u00e1 el actual Gobierno en funciones, ya que la agenda exterior se restringe notablemente en estas circunstancias.<\/p>\n<p>En la pasada legislatura Cabrisas se reuni\u00f3 en diversas ocasiones tanto con Guindos como con Garc\u00eda-Margallo, al que recibi\u00f3 durante la visita de \u00e9ste a La Habana, en la que no fue recibido por Ra\u00fal Castro. En noviembre pasado, Cabrisas y Guindos firmaron un acuerdo de refinanciaci\u00f3n de la deuda a corto plazo de Cuba, que tiene un volumen de 201,5 millones de euros.<\/p>\n<p>Poco despu\u00e9s Espa\u00f1a facilitaba el acuerdo entre Cuba y el Club de Par\u00eds, por el que la organizaci\u00f3n financiera condona 8.500 millones de d\u00f3lares a la isla caribe\u00f1a y reestructura los 2.600 millones de d\u00f3lares restantes en c\u00f3modos plazos, aunque incluye tambi\u00e9n duras sanciones en caso de incumplimiento.<\/p>\n<p>De ese montante total, 2.470 millones de d\u00f3lares (unos 2.250 millones de euros) pertenecen a Espa\u00f1a, segundo principal acreedor de la isla, por detr\u00e1s de Francia.<\/p>\n","protected":false},"excerpt":{"rendered":"<p>Los ministros en funciones de Exteriores y Econom\u00eda, Jos\u00e9 Manuel Garc\u00eda-Margallo y Luis de Guindos, respectivamente, recibir\u00e1n hoy al vicepresidente cubano Ricardo Cabrisas, uno de los cargos que acompa\u00f1\u00f3 la semana pasada al presidente Ra\u00fal Castro en su visita de Estado a Francia, la primera que realiza a un pa\u00eds europeo. Estos encuentros se celebrar\u00e1n<\/p>\n","protected":false},"author":1,"featured_media":63672,"comment_status":"open","ping_status":"closed","sticky":false,"template":"","format":"standard","meta":{"footnotes":""},"categories":[224],"tags":[],"class_list":{"0":"post-63671","1":"post","2":"type-post","3":"status-publish","4":"format-standard","5":"has-post-thumbnail","7":"category-noticias-actualidad"},"aioseo_notices":[],"aioseo_head":"\n\t\t<!-- All in One SEO Pro 4.9.6.1 - aioseo.com -->\n\t<meta name=\"description\" content=\"Los ministros en funciones de Exteriores y Econom\u00eda, Jos\u00e9 Manuel Garc\u00eda-Margallo y Luis de Guindos, respectivamente, recibir\u00e1n hoy al vicepresidente cubano Ricardo Cabrisas, uno de los cargos que acompa\u00f1\u00f3 la semana pasada al presidente Ra\u00fal Castro en su visita de Estado a Francia, la primera que realiza a un pa\u00eds europeo. Estos encuentros se celebrar\u00e1n\" \/>\n\t<meta name=\"robots\" content=\"max-image-preview:large\" \/>\n\t<meta name=\"author\" content=\"admin\"\/>\n\t<meta name=\"google-site-verification\" content=\"UA-38556648-1\" \/>\n\t<meta name=\"keywords\" content=\"noticias y actualidad\" \/>\n\t<link rel=\"canonical\" href=\"https:\/\/eldigitaldeasturias.com\/magazine365\/el-vicepresidente-cubano-visitara-hoy-espana\/\" \/>\n\t<meta name=\"generator\" content=\"All in One SEO Pro (AIOSEO) 4.9.6.1\" \/>\n\t\t<meta property=\"og:locale\" content=\"es_ES\" \/>\n\t\t<meta property=\"og:site_name\" content=\"El Digital de Asturias \u2013 Revista de ocio, turismo y estilo de vida\" \/>\n\t\t<meta property=\"og:type\" content=\"article\" \/>\n\t\t<meta property=\"og:title\" content=\"El vicepresidente cubano visitar\u00e1 hoy Espa\u00f1a | El Digital de Asturias\" \/>\n\t\t<meta property=\"og:description\" content=\"Los ministros en funciones de Exteriores y Econom\u00eda, Jos\u00e9 Manuel Garc\u00eda-Margallo y Luis de Guindos, respectivamente, recibir\u00e1n hoy al vicepresidente cubano Ricardo Cabrisas, uno de los cargos que acompa\u00f1\u00f3 la semana pasada al presidente Ra\u00fal Castro en su visita de Estado a Francia, la primera que realiza a un pa\u00eds europeo. Estos encuentros se celebrar\u00e1n\" \/>\n\t\t<meta property=\"og:url\" content=\"https:\/\/eldigitaldeasturias.com\/magazine365\/el-vicepresidente-cubano-visitara-hoy-espana\/\" \/>\n\t\t<meta property=\"og:image\" content=\"https:\/\/eldigitaldeasturias.com\/magazine365\/wp-content\/uploads\/2016\/02\/fotonoticia_20160209101201_800.jpg\" \/>\n\t\t<meta property=\"og:image:secure_url\" content=\"https:\/\/eldigitaldeasturias.com\/magazine365\/wp-content\/uploads\/2016\/02\/fotonoticia_20160209101201_800.jpg\" \/>\n\t\t<meta property=\"og:image:width\" content=\"800\" \/>\n\t\t<meta property=\"og:image:height\" content=\"533\" \/>\n\t\t<meta property=\"article:published_time\" content=\"2016-02-09T21:26:12+00:00\" \/>\n\t\t<meta property=\"article:modified_time\" content=\"2016-02-09T21:26:12+00:00\" \/>\n\t\t<meta name=\"twitter:card\" content=\"summary_large_image\" \/>\n\t\t<meta name=\"twitter:title\" content=\"El vicepresidente cubano visitar\u00e1 hoy Espa\u00f1a | El Digital de Asturias\" \/>\n\t\t<meta name=\"twitter:description\" content=\"Los ministros en funciones de Exteriores y Econom\u00eda, Jos\u00e9 Manuel Garc\u00eda-Margallo y Luis de Guindos, respectivamente, recibir\u00e1n hoy al vicepresidente cubano Ricardo Cabrisas, uno de los cargos que acompa\u00f1\u00f3 la semana pasada al presidente Ra\u00fal Castro en su visita de Estado a Francia, la primera que realiza a un pa\u00eds europeo. Estos encuentros se celebrar\u00e1n\" \/>\n\t\t<meta name=\"twitter:image\" content=\"https:\/\/eldigitaldeasturias.com\/magazine365\/wp-content\/uploads\/2016\/02\/fotonoticia_20160209101201_800.jpg\" \/>\n\t\t<script type=\"application\/ld+json\" class=\"aioseo-schema\">\n\t\t\t{\"@context\":\"https:\\\/\\\/schema.org\",\"@graph\":[{\"@type\":\"Article\",\"@id\":\"https:\\\/\\\/eldigitaldeasturias.com\\\/magazine365\\\/el-vicepresidente-cubano-visitara-hoy-espana\\\/#article\",\"name\":\"El vicepresidente cubano visitar\\u00e1 hoy Espa\\u00f1a | El Digital de Asturias\",\"headline\":\"El vicepresidente cubano visitar\\u00e1 hoy Espa\\u00f1a\",\"author\":{\"@id\":\"https:\\\/\\\/eldigitaldeasturias.com\\\/magazine365\\\/author\\\/admin\\\/#author\"},\"publisher\":{\"@id\":\"https:\\\/\\\/eldigitaldeasturias.com\\\/magazine365\\\/#organization\"},\"image\":{\"@type\":\"ImageObject\",\"url\":\"https:\\\/\\\/eldigitaldeasturias.com\\\/magazine365\\\/wp-content\\\/uploads\\\/2016\\\/02\\\/fotonoticia_20160209101201_800.jpg\",\"width\":800,\"height\":533},\"datePublished\":\"2016-02-09T22:26:12+01:00\",\"dateModified\":\"2016-02-09T22:26:12+01:00\",\"inLanguage\":\"es-ES\",\"mainEntityOfPage\":{\"@id\":\"https:\\\/\\\/eldigitaldeasturias.com\\\/magazine365\\\/el-vicepresidente-cubano-visitara-hoy-espana\\\/#webpage\"},\"isPartOf\":{\"@id\":\"https:\\\/\\\/eldigitaldeasturias.com\\\/magazine365\\\/el-vicepresidente-cubano-visitara-hoy-espana\\\/#webpage\"},\"articleSection\":\"Noticias y Actualidad\"},{\"@type\":\"BreadcrumbList\",\"@id\":\"https:\\\/\\\/eldigitaldeasturias.com\\\/magazine365\\\/el-vicepresidente-cubano-visitara-hoy-espana\\\/#breadcrumblist\",\"itemListElement\":[{\"@type\":\"ListItem\",\"@id\":\"https:\\\/\\\/eldigitaldeasturias.com\\\/magazine365#listItem\",\"position\":1,\"name\":\"Home\",\"item\":\"https:\\\/\\\/eldigitaldeasturias.com\\\/magazine365\",\"nextItem\":{\"@type\":\"ListItem\",\"@id\":\"https:\\\/\\\/eldigitaldeasturias.com\\\/magazine365\\\/category\\\/noticias-actualidad\\\/#listItem\",\"name\":\"Noticias y Actualidad\"}},{\"@type\":\"ListItem\",\"@id\":\"https:\\\/\\\/eldigitaldeasturias.com\\\/magazine365\\\/category\\\/noticias-actualidad\\\/#listItem\",\"position\":2,\"name\":\"Noticias y Actualidad\",\"item\":\"https:\\\/\\\/eldigitaldeasturias.com\\\/magazine365\\\/category\\\/noticias-actualidad\\\/\",\"nextItem\":{\"@type\":\"ListItem\",\"@id\":\"https:\\\/\\\/eldigitaldeasturias.com\\\/magazine365\\\/el-vicepresidente-cubano-visitara-hoy-espana\\\/#listItem\",\"name\":\"El vicepresidente cubano visitar\\u00e1 hoy Espa\\u00f1a\"},\"previousItem\":{\"@type\":\"ListItem\",\"@id\":\"https:\\\/\\\/eldigitaldeasturias.com\\\/magazine365#listItem\",\"name\":\"Home\"}},{\"@type\":\"ListItem\",\"@id\":\"https:\\\/\\\/eldigitaldeasturias.com\\\/magazine365\\\/el-vicepresidente-cubano-visitara-hoy-espana\\\/#listItem\",\"position\":3,\"name\":\"El vicepresidente cubano visitar\\u00e1 hoy Espa\\u00f1a\",\"previousItem\":{\"@type\":\"ListItem\",\"@id\":\"https:\\\/\\\/eldigitaldeasturias.com\\\/magazine365\\\/category\\\/noticias-actualidad\\\/#listItem\",\"name\":\"Noticias y Actualidad\"}}]},{\"@type\":\"Organization\",\"@id\":\"https:\\\/\\\/eldigitaldeasturias.com\\\/magazine365\\\/#organization\",\"name\":\"El digital de Asturias\",\"description\":\"Revista de ocio, turismo y estilo de vida\",\"url\":\"https:\\\/\\\/eldigitaldeasturias.com\\\/magazine365\\\/\",\"logo\":{\"@type\":\"ImageObject\",\"url\":\"https:\\\/\\\/www.eldigitaldeasturias.com\\\/noticias\\\/wp-content\\\/uploads\\\/2020\\\/12\\\/EDA.jpg\",\"@id\":\"https:\\\/\\\/eldigitaldeasturias.com\\\/magazine365\\\/el-vicepresidente-cubano-visitara-hoy-espana\\\/#organizationLogo\"},\"image\":{\"@id\":\"https:\\\/\\\/eldigitaldeasturias.com\\\/magazine365\\\/el-vicepresidente-cubano-visitara-hoy-espana\\\/#organizationLogo\"}},{\"@type\":\"Person\",\"@id\":\"https:\\\/\\\/eldigitaldeasturias.com\\\/magazine365\\\/author\\\/admin\\\/#author\",\"url\":\"https:\\\/\\\/eldigitaldeasturias.com\\\/magazine365\\\/author\\\/admin\\\/\",\"name\":\"admin\",\"image\":{\"@type\":\"ImageObject\",\"@id\":\"https:\\\/\\\/eldigitaldeasturias.com\\\/magazine365\\\/el-vicepresidente-cubano-visitara-hoy-espana\\\/#authorImage\",\"url\":\"https:\\\/\\\/eldigitaldeasturias.com\\\/magazine365\\\/wp-content\\\/litespeed\\\/avatar\\\/e571bcf59a0edd6fa6838245a470f2fe.jpg?ver=1776969259\",\"width\":96,\"height\":96,\"caption\":\"admin\"}},{\"@type\":\"WebPage\",\"@id\":\"https:\\\/\\\/eldigitaldeasturias.com\\\/magazine365\\\/el-vicepresidente-cubano-visitara-hoy-espana\\\/#webpage\",\"url\":\"https:\\\/\\\/eldigitaldeasturias.com\\\/magazine365\\\/el-vicepresidente-cubano-visitara-hoy-espana\\\/\",\"name\":\"El vicepresidente cubano visitar\\u00e1 hoy Espa\\u00f1a | El Digital de Asturias\",\"description\":\"Los ministros en funciones de Exteriores y Econom\\u00eda, Jos\\u00e9 Manuel Garc\\u00eda-Margallo y Luis de Guindos, respectivamente, recibir\\u00e1n hoy al vicepresidente cubano Ricardo Cabrisas, uno de los cargos que acompa\\u00f1\\u00f3 la semana pasada al presidente Ra\\u00fal Castro en su visita de Estado a Francia, la primera que realiza a un pa\\u00eds europeo. Estos encuentros se celebrar\\u00e1n\",\"inLanguage\":\"es-ES\",\"isPartOf\":{\"@id\":\"https:\\\/\\\/eldigitaldeasturias.com\\\/magazine365\\\/#website\"},\"breadcrumb\":{\"@id\":\"https:\\\/\\\/eldigitaldeasturias.com\\\/magazine365\\\/el-vicepresidente-cubano-visitara-hoy-espana\\\/#breadcrumblist\"},\"author\":{\"@id\":\"https:\\\/\\\/eldigitaldeasturias.com\\\/magazine365\\\/author\\\/admin\\\/#author\"},\"creator\":{\"@id\":\"https:\\\/\\\/eldigitaldeasturias.com\\\/magazine365\\\/author\\\/admin\\\/#author\"},\"image\":{\"@type\":\"ImageObject\",\"url\":\"https:\\\/\\\/eldigitaldeasturias.com\\\/magazine365\\\/wp-content\\\/uploads\\\/2016\\\/02\\\/fotonoticia_20160209101201_800.jpg\",\"@id\":\"https:\\\/\\\/eldigitaldeasturias.com\\\/magazine365\\\/el-vicepresidente-cubano-visitara-hoy-espana\\\/#mainImage\",\"width\":800,\"height\":533},\"primaryImageOfPage\":{\"@id\":\"https:\\\/\\\/eldigitaldeasturias.com\\\/magazine365\\\/el-vicepresidente-cubano-visitara-hoy-espana\\\/#mainImage\"},\"datePublished\":\"2016-02-09T22:26:12+01:00\",\"dateModified\":\"2016-02-09T22:26:12+01:00\"},{\"@type\":\"WebSite\",\"@id\":\"https:\\\/\\\/eldigitaldeasturias.com\\\/magazine365\\\/#website\",\"url\":\"https:\\\/\\\/eldigitaldeasturias.com\\\/magazine365\\\/\",\"name\":\"El Digital de Asturias\",\"description\":\"Revista de ocio, turismo y estilo de vida\",\"inLanguage\":\"es-ES\",\"publisher\":{\"@id\":\"https:\\\/\\\/eldigitaldeasturias.com\\\/magazine365\\\/#organization\"}}]}\n\t\t<\/script>\n\t\t<!-- All in One SEO Pro -->\r\n\t\t<title>El vicepresidente cubano visitar\u00e1 hoy Espa\u00f1a | El Digital de Asturias<\/title>\n\n","aioseo_head_json":{"title":"El vicepresidente cubano visitar\u00e1 hoy Espa\u00f1a | El Digital de Asturias","description":"Los ministros en funciones de Exteriores y Econom\u00eda, Jos\u00e9 Manuel Garc\u00eda-Margallo y Luis de Guindos, respectivamente, recibir\u00e1n hoy al vicepresidente cubano Ricardo Cabrisas, uno de los cargos que acompa\u00f1\u00f3 la semana pasada al presidente Ra\u00fal Castro en su visita de Estado a Francia, la primera que realiza a un pa\u00eds europeo. Estos encuentros se celebrar\u00e1n","canonical_url":"https:\/\/eldigitaldeasturias.com\/magazine365\/el-vicepresidente-cubano-visitara-hoy-espana\/","robots":"max-image-preview:large","keywords":"noticias y actualidad","webmasterTools":{"google-site-verification":"UA-38556648-1","miscellaneous":""},"schema":{"@context":"https:\/\/schema.org","@graph":[{"@type":"Article","@id":"https:\/\/eldigitaldeasturias.com\/magazine365\/el-vicepresidente-cubano-visitara-hoy-espana\/#article","name":"El vicepresidente cubano visitar\u00e1 hoy Espa\u00f1a | El Digital de Asturias","headline":"El vicepresidente cubano visitar\u00e1 hoy Espa\u00f1a","author":{"@id":"https:\/\/eldigitaldeasturias.com\/magazine365\/author\/admin\/#author"},"publisher":{"@id":"https:\/\/eldigitaldeasturias.com\/magazine365\/#organization"},"image":{"@type":"ImageObject","url":"https:\/\/eldigitaldeasturias.com\/magazine365\/wp-content\/uploads\/2016\/02\/fotonoticia_20160209101201_800.jpg","width":800,"height":533},"datePublished":"2016-02-09T22:26:12+01:00","dateModified":"2016-02-09T22:26:12+01:00","inLanguage":"es-ES","mainEntityOfPage":{"@id":"https:\/\/eldigitaldeasturias.com\/magazine365\/el-vicepresidente-cubano-visitara-hoy-espana\/#webpage"},"isPartOf":{"@id":"https:\/\/eldigitaldeasturias.com\/magazine365\/el-vicepresidente-cubano-visitara-hoy-espana\/#webpage"},"articleSection":"Noticias y Actualidad"},{"@type":"BreadcrumbList","@id":"https:\/\/eldigitaldeasturias.com\/magazine365\/el-vicepresidente-cubano-visitara-hoy-espana\/#breadcrumblist","itemListElement":[{"@type":"ListItem","@id":"https:\/\/eldigitaldeasturias.com\/magazine365#listItem","position":1,"name":"Home","item":"https:\/\/eldigitaldeasturias.com\/magazine365","nextItem":{"@type":"ListItem","@id":"https:\/\/eldigitaldeasturias.com\/magazine365\/category\/noticias-actualidad\/#listItem","name":"Noticias y Actualidad"}},{"@type":"ListItem","@id":"https:\/\/eldigitaldeasturias.com\/magazine365\/category\/noticias-actualidad\/#listItem","position":2,"name":"Noticias y Actualidad","item":"https:\/\/eldigitaldeasturias.com\/magazine365\/category\/noticias-actualidad\/","nextItem":{"@type":"ListItem","@id":"https:\/\/eldigitaldeasturias.com\/magazine365\/el-vicepresidente-cubano-visitara-hoy-espana\/#listItem","name":"El vicepresidente cubano visitar\u00e1 hoy Espa\u00f1a"},"previousItem":{"@type":"ListItem","@id":"https:\/\/eldigitaldeasturias.com\/magazine365#listItem","name":"Home"}},{"@type":"ListItem","@id":"https:\/\/eldigitaldeasturias.com\/magazine365\/el-vicepresidente-cubano-visitara-hoy-espana\/#listItem","position":3,"name":"El vicepresidente cubano visitar\u00e1 hoy Espa\u00f1a","previousItem":{"@type":"ListItem","@id":"https:\/\/eldigitaldeasturias.com\/magazine365\/category\/noticias-actualidad\/#listItem","name":"Noticias y Actualidad"}}]},{"@type":"Organization","@id":"https:\/\/eldigitaldeasturias.com\/magazine365\/#organization","name":"El digital de Asturias","description":"Revista de ocio, turismo y estilo de vida","url":"https:\/\/eldigitaldeasturias.com\/magazine365\/","logo":{"@type":"ImageObject","url":"https:\/\/www.eldigitaldeasturias.com\/noticias\/wp-content\/uploads\/2020\/12\/EDA.jpg","@id":"https:\/\/eldigitaldeasturias.com\/magazine365\/el-vicepresidente-cubano-visitara-hoy-espana\/#organizationLogo"},"image":{"@id":"https:\/\/eldigitaldeasturias.com\/magazine365\/el-vicepresidente-cubano-visitara-hoy-espana\/#organizationLogo"}},{"@type":"Person","@id":"https:\/\/eldigitaldeasturias.com\/magazine365\/author\/admin\/#author","url":"https:\/\/eldigitaldeasturias.com\/magazine365\/author\/admin\/","name":"admin","image":{"@type":"ImageObject","@id":"https:\/\/eldigitaldeasturias.com\/magazine365\/el-vicepresidente-cubano-visitara-hoy-espana\/#authorImage","url":"https:\/\/eldigitaldeasturias.com\/magazine365\/wp-content\/litespeed\/avatar\/e571bcf59a0edd6fa6838245a470f2fe.jpg?ver=1776969259","width":96,"height":96,"caption":"admin"}},{"@type":"WebPage","@id":"https:\/\/eldigitaldeasturias.com\/magazine365\/el-vicepresidente-cubano-visitara-hoy-espana\/#webpage","url":"https:\/\/eldigitaldeasturias.com\/magazine365\/el-vicepresidente-cubano-visitara-hoy-espana\/","name":"El vicepresidente cubano visitar\u00e1 hoy Espa\u00f1a | El Digital de Asturias","description":"Los ministros en funciones de Exteriores y Econom\u00eda, Jos\u00e9 Manuel Garc\u00eda-Margallo y Luis de Guindos, respectivamente, recibir\u00e1n hoy al vicepresidente cubano Ricardo Cabrisas, uno de los cargos que acompa\u00f1\u00f3 la semana pasada al presidente Ra\u00fal Castro en su visita de Estado a Francia, la primera que realiza a un pa\u00eds europeo. Estos encuentros se celebrar\u00e1n","inLanguage":"es-ES","isPartOf":{"@id":"https:\/\/eldigitaldeasturias.com\/magazine365\/#website"},"breadcrumb":{"@id":"https:\/\/eldigitaldeasturias.com\/magazine365\/el-vicepresidente-cubano-visitara-hoy-espana\/#breadcrumblist"},"author":{"@id":"https:\/\/eldigitaldeasturias.com\/magazine365\/author\/admin\/#author"},"creator":{"@id":"https:\/\/eldigitaldeasturias.com\/magazine365\/author\/admin\/#author"},"image":{"@type":"ImageObject","url":"https:\/\/eldigitaldeasturias.com\/magazine365\/wp-content\/uploads\/2016\/02\/fotonoticia_20160209101201_800.jpg","@id":"https:\/\/eldigitaldeasturias.com\/magazine365\/el-vicepresidente-cubano-visitara-hoy-espana\/#mainImage","width":800,"height":533},"primaryImageOfPage":{"@id":"https:\/\/eldigitaldeasturias.com\/magazine365\/el-vicepresidente-cubano-visitara-hoy-espana\/#mainImage"},"datePublished":"2016-02-09T22:26:12+01:00","dateModified":"2016-02-09T22:26:12+01:00"},{"@type":"WebSite","@id":"https:\/\/eldigitaldeasturias.com\/magazine365\/#website","url":"https:\/\/eldigitaldeasturias.com\/magazine365\/","name":"El Digital de Asturias","description":"Revista de ocio, turismo y estilo de vida","inLanguage":"es-ES","publisher":{"@id":"https:\/\/eldigitaldeasturias.com\/magazine365\/#organization"}}]},"og:locale":"es_ES","og:site_name":"El Digital de Asturias \u2013 Revista de ocio, turismo y estilo de vida","og:type":"article","og:title":"El vicepresidente cubano visitar\u00e1 hoy Espa\u00f1a | El Digital de Asturias","og:description":"Los ministros en funciones de Exteriores y Econom\u00eda, Jos\u00e9 Manuel Garc\u00eda-Margallo y Luis de Guindos, respectivamente, recibir\u00e1n hoy al vicepresidente cubano Ricardo Cabrisas, uno de los cargos que acompa\u00f1\u00f3 la semana pasada al presidente Ra\u00fal Castro en su visita de Estado a Francia, la primera que realiza a un pa\u00eds europeo. Estos encuentros se celebrar\u00e1n","og:url":"https:\/\/eldigitaldeasturias.com\/magazine365\/el-vicepresidente-cubano-visitara-hoy-espana\/","og:image":"https:\/\/eldigitaldeasturias.com\/magazine365\/wp-content\/uploads\/2016\/02\/fotonoticia_20160209101201_800.jpg","og:image:secure_url":"https:\/\/eldigitaldeasturias.com\/magazine365\/wp-content\/uploads\/2016\/02\/fotonoticia_20160209101201_800.jpg","og:image:width":800,"og:image:height":533,"article:published_time":"2016-02-09T21:26:12+00:00","article:modified_time":"2016-02-09T21:26:12+00:00","twitter:card":"summary_large_image","twitter:title":"El vicepresidente cubano visitar\u00e1 hoy Espa\u00f1a | El Digital de Asturias","twitter:description":"Los ministros en funciones de Exteriores y Econom\u00eda, Jos\u00e9 Manuel Garc\u00eda-Margallo y Luis de Guindos, respectivamente, recibir\u00e1n hoy al vicepresidente cubano Ricardo Cabrisas, uno de los cargos que acompa\u00f1\u00f3 la semana pasada al presidente Ra\u00fal Castro en su visita de Estado a Francia, la primera que realiza a un pa\u00eds europeo. Estos encuentros se celebrar\u00e1n","twitter:image":"https:\/\/eldigitaldeasturias.com\/magazine365\/wp-content\/uploads\/2016\/02\/fotonoticia_20160209101201_800.jpg"},"aioseo_meta_data":{"post_id":"63671","title":null,"description":null,"keywords":null,"keyphrases":null,"primary_term":null,"canonical_url":null,"og_title":null,"og_description":null,"og_object_type":"default","og_image_type":"default","og_image_url":null,"og_image_width":null,"og_image_height":null,"og_image_custom_url":null,"og_image_custom_fields":null,"og_video":null,"og_custom_url":null,"og_article_section":null,"og_article_tags":null,"twitter_use_og":false,"twitter_card":"default","twitter_image_type":"default","twitter_image_url":null,"twitter_image_custom_url":null,"twitter_image_custom_fields":null,"twitter_title":null,"twitter_description":null,"schema":{"blockGraphs":[],"customGraphs":[],"default":{"data":{"Article":[],"Course":[],"Dataset":[],"FAQPage":[],"Movie":[],"Person":[],"Product":[],"ProductReview":[],"Car":[],"Recipe":[],"Service":[],"SoftwareApplication":[],"WebPage":[]},"graphName":"","isEnabled":true},"graphs":[],"defaultGraph":"","defaultPostTypeGraph":""},"schema_type":null,"schema_type_options":null,"pillar_content":false,"robots_default":true,"robots_noindex":false,"robots_noarchive":false,"robots_nosnippet":false,"robots_nofollow":false,"robots_noimageindex":false,"robots_noodp":false,"robots_notranslate":false,"robots_max_snippet":null,"robots_max_videopreview":null,"robots_max_imagepreview":"large","priority":null,"frequency":null,"location":null,"local_seo":null,"seo_analyzer_scan_date":"2025-09-25 13:34:39","breadcrumb_settings":null,"limit_modified_date":false,"open_ai":null,"ai":null,"created":"2021-03-08 21:19:48","updated":"2025-09-25 13:34:39"},"aioseo_breadcrumb":"<div class=\"aioseo-breadcrumbs\"><span class=\"aioseo-breadcrumb\">\n\t<a href=\"https:\/\/eldigitaldeasturias.com\/magazine365\" title=\"Home\">Home<\/a>\n<\/span><span class=\"aioseo-breadcrumb-separator\">\u2013<\/span><span class=\"aioseo-breadcrumb\">\n\t<a href=\"https:\/\/eldigitaldeasturias.com\/magazine365\/category\/noticias-actualidad\/\" title=\"Noticias y Actualidad\">Noticias y Actualidad<\/a>\n<\/span><span class=\"aioseo-breadcrumb-separator\">\u2013<\/span><span class=\"aioseo-breadcrumb\">\n\t<a href=\"https:\/\/eldigitaldeasturias.com\/magazine365\/el-vicepresidente-cubano-visitara-hoy-espana\/\" title=\"El vicepresidente cubano visitar\u00e1 hoy Espa\u00f1a\">El vicepresidente cubano visitar\u00e1 hoy Espa\u00f1a<\/a>\n<\/span><\/div>","aioseo_breadcrumb_json":[{"label":"Home","link":"https:\/\/eldigitaldeasturias.com\/magazine365"},{"label":"Noticias y Actualidad","link":"https:\/\/eldigitaldeasturias.com\/magazine365\/category\/noticias-actualidad\/"},{"label":"El vicepresidente cubano visitar\u00e1 hoy Espa\u00f1a","link":"https:\/\/eldigitaldeasturias.com\/magazine365\/el-vicepresidente-cubano-visitara-hoy-espana\/"}],"_links":{"self":[{"href":"https:\/\/eldigitaldeasturias.com\/magazine365\/wp-json\/wp\/v2\/posts\/63671","targetHints":{"allow":["GET"]}}],"collection":[{"href":"https:\/\/eldigitaldeasturias.com\/magazine365\/wp-json\/wp\/v2\/posts"}],"about":[{"href":"https:\/\/eldigitaldeasturias.com\/magazine365\/wp-json\/wp\/v2\/types\/post"}],"author":[{"embeddable":true,"href":"https:\/\/eldigitaldeasturias.com\/magazine365\/wp-json\/wp\/v2\/users\/1"}],"replies":[{"embeddable":true,"href":"https:\/\/eldigitaldeasturias.com\/magazine365\/wp-json\/wp\/v2\/comments?post=63671"}],"version-history":[{"count":0,"href":"https:\/\/eldigitaldeasturias.com\/magazine365\/wp-json\/wp\/v2\/posts\/63671\/revisions"}],"wp:featuredmedia":[{"embeddable":true,"href":"https:\/\/eldigitaldeasturias.com\/magazine365\/wp-json\/wp\/v2\/media\/63672"}],"wp:attachment":[{"href":"https:\/\/eldigitaldeasturias.com\/magazine365\/wp-json\/wp\/v2\/media?parent=63671"}],"wp:term":[{"taxonomy":"category","embeddable":true,"href":"https:\/\/eldigitaldeasturias.com\/magazine365\/wp-json\/wp\/v2\/categories?post=63671"},{"taxonomy":"post_tag","embeddable":true,"href":"https:\/\/eldigitaldeasturias.com\/magazine365\/wp-json\/wp\/v2\/tags?post=63671"}],"curies":[{"name":"wp","href":"https:\/\/api.w.org\/{rel}","templated":true}]}}