{"id":63649,"date":"2016-02-08T22:56:45","date_gmt":"2016-02-08T21:56:45","guid":{"rendered":"http:\/\/eldigitaldeasturias.com\/magazine365\/?p=63649"},"modified":"2016-02-08T22:56:45","modified_gmt":"2016-02-08T21:56:45","slug":"airberlin-aumento-sus-reservas-a-australia-un-46-en-2015","status":"publish","type":"post","link":"https:\/\/eldigitaldeasturias.com\/magazine365\/airberlin-aumento-sus-reservas-a-australia-un-46-en-2015\/","title":{"rendered":"airberlin aument\u00f3 sus reservas a Australia un 46% en 2015"},"content":{"rendered":"<p><img fetchpriority=\"high\" decoding=\"async\" class=\"alignleft size-medium wp-image-63650\" src=\"https:\/\/eldigitaldeasturias.com\/magazine365\/wp-content\/uploads\/2016\/02\/fotonoticia_20160208183434_800-360x204.jpg\" alt=\"fotonoticia_20160208183434_800\" width=\"360\" height=\"204\" srcset=\"https:\/\/eldigitaldeasturias.com\/magazine365\/wp-content\/uploads\/2016\/02\/fotonoticia_20160208183434_800-360x204.jpg 360w, https:\/\/eldigitaldeasturias.com\/magazine365\/wp-content\/uploads\/2016\/02\/fotonoticia_20160208183434_800-650x369.jpg 650w, https:\/\/eldigitaldeasturias.com\/magazine365\/wp-content\/uploads\/2016\/02\/fotonoticia_20160208183434_800-768x436.jpg 768w, https:\/\/eldigitaldeasturias.com\/magazine365\/wp-content\/uploads\/2016\/02\/fotonoticia_20160208183434_800-150x85.jpg 150w, https:\/\/eldigitaldeasturias.com\/magazine365\/wp-content\/uploads\/2016\/02\/fotonoticia_20160208183434_800-450x255.jpg 450w, https:\/\/eldigitaldeasturias.com\/magazine365\/wp-content\/uploads\/2016\/02\/fotonoticia_20160208183434_800-696x395.jpg 696w, https:\/\/eldigitaldeasturias.com\/magazine365\/wp-content\/uploads\/2016\/02\/fotonoticia_20160208183434_800-740x420.jpg 740w, https:\/\/eldigitaldeasturias.com\/magazine365\/wp-content\/uploads\/2016\/02\/fotonoticia_20160208183434_800-510x289.jpg 510w, https:\/\/eldigitaldeasturias.com\/magazine365\/wp-content\/uploads\/2016\/02\/fotonoticia_20160208183434_800.jpg 800w\" sizes=\"(max-width: 360px) 100vw, 360px\" \/>airberlin aument\u00f3 sus reservas a Australia un 46% en 2015 y sus rutas v\u00eda Abu Dhabi a Melbourne, S\u00eddney, Brisbane y Perth han ascendido a 39 vuelos semanales desde que la compa\u00f1\u00eda firmara un acuerdo con Etihad Airways en 2012.<\/p>\n<p>Para apoyar esta tendencia ascendente la aerol\u00ednea, junto con Turismo de Australia, ha decorado uno de sus A320 con la calcoman\u00eda de un canguro bajo el nombre de #seeaustralia Airbus que operar\u00e1 vuelos de corto y medio radio durante un a\u00f1o.<\/p>\n<p>Por otra parte, airberlin ha lanzado una promoci\u00f3n que ofrece vuelos a Australia desde 956 euros hasta el 14 de marzo que despegar\u00e1n del 8 de febrero hasta el 30 de junio.<\/p>\n<p>El consejero delegado de airberlin, Stefan Pichler, ha se\u00f1alado que en los \u00faltimos a\u00f1os Australia ha sido un mercado muy \u00abdin\u00e1mico\u00bb para la compa\u00f1\u00eda, ya que al margen de los vuelos efectuados junto a Etihad Airways tambi\u00e9n opera alrededor de 500 vuelos semanales de c\u00f3digo compartido con Virgin Australia.<\/p>\n","protected":false},"excerpt":{"rendered":"<p>airberlin aument\u00f3 sus reservas a Australia un 46% en 2015 y sus rutas v\u00eda Abu Dhabi a Melbourne, S\u00eddney, Brisbane y Perth han ascendido a 39 vuelos semanales desde que la compa\u00f1\u00eda firmara un acuerdo con Etihad Airways en 2012. Para apoyar esta tendencia ascendente la aerol\u00ednea, junto con Turismo de Australia, ha decorado uno<\/p>\n","protected":false},"author":1,"featured_media":63650,"comment_status":"open","ping_status":"closed","sticky":false,"template":"","format":"standard","meta":{"footnotes":""},"categories":[224],"tags":[],"class_list":{"0":"post-63649","1":"post","2":"type-post","3":"status-publish","4":"format-standard","5":"has-post-thumbnail","7":"category-noticias-actualidad"},"aioseo_notices":[],"aioseo_head":"\n\t\t<!-- All in One SEO Pro 4.9.6.1 - aioseo.com -->\n\t<meta name=\"description\" content=\"airberlin aument\u00f3 sus reservas a Australia un 46% en 2015 y sus rutas v\u00eda Abu Dhabi a Melbourne, S\u00eddney, Brisbane y Perth han ascendido a 39 vuelos semanales desde que la compa\u00f1\u00eda firmara un acuerdo con Etihad Airways en 2012. Para apoyar esta tendencia ascendente la aerol\u00ednea, junto con Turismo de Australia, ha decorado uno\" \/>\n\t<meta name=\"robots\" content=\"max-image-preview:large\" \/>\n\t<meta name=\"author\" content=\"admin\"\/>\n\t<meta name=\"google-site-verification\" content=\"UA-38556648-1\" \/>\n\t<meta name=\"keywords\" content=\"noticias y actualidad\" \/>\n\t<link rel=\"canonical\" href=\"https:\/\/eldigitaldeasturias.com\/magazine365\/airberlin-aumento-sus-reservas-a-australia-un-46-en-2015\/\" \/>\n\t<meta name=\"generator\" content=\"All in One SEO Pro (AIOSEO) 4.9.6.1\" \/>\n\t\t<meta property=\"og:locale\" content=\"es_ES\" \/>\n\t\t<meta property=\"og:site_name\" content=\"El Digital de Asturias \u2013 Revista de ocio, turismo y estilo de vida\" \/>\n\t\t<meta property=\"og:type\" content=\"article\" \/>\n\t\t<meta property=\"og:title\" content=\"airberlin aument\u00f3 sus reservas a Australia un 46% en 2015 | El Digital de Asturias\" \/>\n\t\t<meta property=\"og:description\" content=\"airberlin aument\u00f3 sus reservas a Australia un 46% en 2015 y sus rutas v\u00eda Abu Dhabi a Melbourne, S\u00eddney, Brisbane y Perth han ascendido a 39 vuelos semanales desde que la compa\u00f1\u00eda firmara un acuerdo con Etihad Airways en 2012. Para apoyar esta tendencia ascendente la aerol\u00ednea, junto con Turismo de Australia, ha decorado uno\" \/>\n\t\t<meta property=\"og:url\" content=\"https:\/\/eldigitaldeasturias.com\/magazine365\/airberlin-aumento-sus-reservas-a-australia-un-46-en-2015\/\" \/>\n\t\t<meta property=\"og:image\" content=\"https:\/\/eldigitaldeasturias.com\/magazine365\/wp-content\/uploads\/2016\/02\/fotonoticia_20160208183434_800.jpg\" \/>\n\t\t<meta property=\"og:image:secure_url\" content=\"https:\/\/eldigitaldeasturias.com\/magazine365\/wp-content\/uploads\/2016\/02\/fotonoticia_20160208183434_800.jpg\" \/>\n\t\t<meta property=\"og:image:width\" content=\"800\" \/>\n\t\t<meta property=\"og:image:height\" content=\"454\" \/>\n\t\t<meta property=\"article:published_time\" content=\"2016-02-08T21:56:45+00:00\" \/>\n\t\t<meta property=\"article:modified_time\" content=\"2016-02-08T21:56:45+00:00\" \/>\n\t\t<meta name=\"twitter:card\" content=\"summary_large_image\" \/>\n\t\t<meta name=\"twitter:title\" content=\"airberlin aument\u00f3 sus reservas a Australia un 46% en 2015 | El Digital de Asturias\" \/>\n\t\t<meta name=\"twitter:description\" content=\"airberlin aument\u00f3 sus reservas a Australia un 46% en 2015 y sus rutas v\u00eda Abu Dhabi a Melbourne, S\u00eddney, Brisbane y Perth han ascendido a 39 vuelos semanales desde que la compa\u00f1\u00eda firmara un acuerdo con Etihad Airways en 2012. Para apoyar esta tendencia ascendente la aerol\u00ednea, junto con Turismo de Australia, ha decorado uno\" \/>\n\t\t<meta name=\"twitter:image\" content=\"https:\/\/eldigitaldeasturias.com\/magazine365\/wp-content\/uploads\/2016\/02\/fotonoticia_20160208183434_800.jpg\" \/>\n\t\t<script type=\"application\/ld+json\" class=\"aioseo-schema\">\n\t\t\t{\"@context\":\"https:\\\/\\\/schema.org\",\"@graph\":[{\"@type\":\"Article\",\"@id\":\"https:\\\/\\\/eldigitaldeasturias.com\\\/magazine365\\\/airberlin-aumento-sus-reservas-a-australia-un-46-en-2015\\\/#article\",\"name\":\"airberlin aument\\u00f3 sus reservas a Australia un 46% en 2015 | El Digital de Asturias\",\"headline\":\"airberlin aument\\u00f3 sus reservas a Australia un 46% en 2015\",\"author\":{\"@id\":\"https:\\\/\\\/eldigitaldeasturias.com\\\/magazine365\\\/author\\\/admin\\\/#author\"},\"publisher\":{\"@id\":\"https:\\\/\\\/eldigitaldeasturias.com\\\/magazine365\\\/#organization\"},\"image\":{\"@type\":\"ImageObject\",\"url\":\"https:\\\/\\\/eldigitaldeasturias.com\\\/magazine365\\\/wp-content\\\/uploads\\\/2016\\\/02\\\/fotonoticia_20160208183434_800.jpg\",\"width\":800,\"height\":454},\"datePublished\":\"2016-02-08T22:56:45+01:00\",\"dateModified\":\"2016-02-08T22:56:45+01:00\",\"inLanguage\":\"es-ES\",\"mainEntityOfPage\":{\"@id\":\"https:\\\/\\\/eldigitaldeasturias.com\\\/magazine365\\\/airberlin-aumento-sus-reservas-a-australia-un-46-en-2015\\\/#webpage\"},\"isPartOf\":{\"@id\":\"https:\\\/\\\/eldigitaldeasturias.com\\\/magazine365\\\/airberlin-aumento-sus-reservas-a-australia-un-46-en-2015\\\/#webpage\"},\"articleSection\":\"Noticias y Actualidad\"},{\"@type\":\"BreadcrumbList\",\"@id\":\"https:\\\/\\\/eldigitaldeasturias.com\\\/magazine365\\\/airberlin-aumento-sus-reservas-a-australia-un-46-en-2015\\\/#breadcrumblist\",\"itemListElement\":[{\"@type\":\"ListItem\",\"@id\":\"https:\\\/\\\/eldigitaldeasturias.com\\\/magazine365#listItem\",\"position\":1,\"name\":\"Home\",\"item\":\"https:\\\/\\\/eldigitaldeasturias.com\\\/magazine365\",\"nextItem\":{\"@type\":\"ListItem\",\"@id\":\"https:\\\/\\\/eldigitaldeasturias.com\\\/magazine365\\\/category\\\/noticias-actualidad\\\/#listItem\",\"name\":\"Noticias y Actualidad\"}},{\"@type\":\"ListItem\",\"@id\":\"https:\\\/\\\/eldigitaldeasturias.com\\\/magazine365\\\/category\\\/noticias-actualidad\\\/#listItem\",\"position\":2,\"name\":\"Noticias y Actualidad\",\"item\":\"https:\\\/\\\/eldigitaldeasturias.com\\\/magazine365\\\/category\\\/noticias-actualidad\\\/\",\"nextItem\":{\"@type\":\"ListItem\",\"@id\":\"https:\\\/\\\/eldigitaldeasturias.com\\\/magazine365\\\/airberlin-aumento-sus-reservas-a-australia-un-46-en-2015\\\/#listItem\",\"name\":\"airberlin aument\\u00f3 sus reservas a Australia un 46% en 2015\"},\"previousItem\":{\"@type\":\"ListItem\",\"@id\":\"https:\\\/\\\/eldigitaldeasturias.com\\\/magazine365#listItem\",\"name\":\"Home\"}},{\"@type\":\"ListItem\",\"@id\":\"https:\\\/\\\/eldigitaldeasturias.com\\\/magazine365\\\/airberlin-aumento-sus-reservas-a-australia-un-46-en-2015\\\/#listItem\",\"position\":3,\"name\":\"airberlin aument\\u00f3 sus reservas a Australia un 46% en 2015\",\"previousItem\":{\"@type\":\"ListItem\",\"@id\":\"https:\\\/\\\/eldigitaldeasturias.com\\\/magazine365\\\/category\\\/noticias-actualidad\\\/#listItem\",\"name\":\"Noticias y Actualidad\"}}]},{\"@type\":\"Organization\",\"@id\":\"https:\\\/\\\/eldigitaldeasturias.com\\\/magazine365\\\/#organization\",\"name\":\"El digital de Asturias\",\"description\":\"Revista de ocio, turismo y estilo de vida\",\"url\":\"https:\\\/\\\/eldigitaldeasturias.com\\\/magazine365\\\/\",\"logo\":{\"@type\":\"ImageObject\",\"url\":\"https:\\\/\\\/www.eldigitaldeasturias.com\\\/noticias\\\/wp-content\\\/uploads\\\/2020\\\/12\\\/EDA.jpg\",\"@id\":\"https:\\\/\\\/eldigitaldeasturias.com\\\/magazine365\\\/airberlin-aumento-sus-reservas-a-australia-un-46-en-2015\\\/#organizationLogo\"},\"image\":{\"@id\":\"https:\\\/\\\/eldigitaldeasturias.com\\\/magazine365\\\/airberlin-aumento-sus-reservas-a-australia-un-46-en-2015\\\/#organizationLogo\"}},{\"@type\":\"Person\",\"@id\":\"https:\\\/\\\/eldigitaldeasturias.com\\\/magazine365\\\/author\\\/admin\\\/#author\",\"url\":\"https:\\\/\\\/eldigitaldeasturias.com\\\/magazine365\\\/author\\\/admin\\\/\",\"name\":\"admin\",\"image\":{\"@type\":\"ImageObject\",\"@id\":\"https:\\\/\\\/eldigitaldeasturias.com\\\/magazine365\\\/airberlin-aumento-sus-reservas-a-australia-un-46-en-2015\\\/#authorImage\",\"url\":\"https:\\\/\\\/eldigitaldeasturias.com\\\/magazine365\\\/wp-content\\\/litespeed\\\/avatar\\\/e571bcf59a0edd6fa6838245a470f2fe.jpg?ver=1776969259\",\"width\":96,\"height\":96,\"caption\":\"admin\"}},{\"@type\":\"WebPage\",\"@id\":\"https:\\\/\\\/eldigitaldeasturias.com\\\/magazine365\\\/airberlin-aumento-sus-reservas-a-australia-un-46-en-2015\\\/#webpage\",\"url\":\"https:\\\/\\\/eldigitaldeasturias.com\\\/magazine365\\\/airberlin-aumento-sus-reservas-a-australia-un-46-en-2015\\\/\",\"name\":\"airberlin aument\\u00f3 sus reservas a Australia un 46% en 2015 | El Digital de Asturias\",\"description\":\"airberlin aument\\u00f3 sus reservas a Australia un 46% en 2015 y sus rutas v\\u00eda Abu Dhabi a Melbourne, S\\u00eddney, Brisbane y Perth han ascendido a 39 vuelos semanales desde que la compa\\u00f1\\u00eda firmara un acuerdo con Etihad Airways en 2012. Para apoyar esta tendencia ascendente la aerol\\u00ednea, junto con Turismo de Australia, ha decorado uno\",\"inLanguage\":\"es-ES\",\"isPartOf\":{\"@id\":\"https:\\\/\\\/eldigitaldeasturias.com\\\/magazine365\\\/#website\"},\"breadcrumb\":{\"@id\":\"https:\\\/\\\/eldigitaldeasturias.com\\\/magazine365\\\/airberlin-aumento-sus-reservas-a-australia-un-46-en-2015\\\/#breadcrumblist\"},\"author\":{\"@id\":\"https:\\\/\\\/eldigitaldeasturias.com\\\/magazine365\\\/author\\\/admin\\\/#author\"},\"creator\":{\"@id\":\"https:\\\/\\\/eldigitaldeasturias.com\\\/magazine365\\\/author\\\/admin\\\/#author\"},\"image\":{\"@type\":\"ImageObject\",\"url\":\"https:\\\/\\\/eldigitaldeasturias.com\\\/magazine365\\\/wp-content\\\/uploads\\\/2016\\\/02\\\/fotonoticia_20160208183434_800.jpg\",\"@id\":\"https:\\\/\\\/eldigitaldeasturias.com\\\/magazine365\\\/airberlin-aumento-sus-reservas-a-australia-un-46-en-2015\\\/#mainImage\",\"width\":800,\"height\":454},\"primaryImageOfPage\":{\"@id\":\"https:\\\/\\\/eldigitaldeasturias.com\\\/magazine365\\\/airberlin-aumento-sus-reservas-a-australia-un-46-en-2015\\\/#mainImage\"},\"datePublished\":\"2016-02-08T22:56:45+01:00\",\"dateModified\":\"2016-02-08T22:56:45+01:00\"},{\"@type\":\"WebSite\",\"@id\":\"https:\\\/\\\/eldigitaldeasturias.com\\\/magazine365\\\/#website\",\"url\":\"https:\\\/\\\/eldigitaldeasturias.com\\\/magazine365\\\/\",\"name\":\"El Digital de Asturias\",\"description\":\"Revista de ocio, turismo y estilo de vida\",\"inLanguage\":\"es-ES\",\"publisher\":{\"@id\":\"https:\\\/\\\/eldigitaldeasturias.com\\\/magazine365\\\/#organization\"}}]}\n\t\t<\/script>\n\t\t<!-- All in One SEO Pro -->\r\n\t\t<title>airberlin aument\u00f3 sus reservas a Australia un 46% en 2015 | El Digital de Asturias<\/title>\n\n","aioseo_head_json":{"title":"airberlin aument\u00f3 sus reservas a Australia un 46% en 2015 | El Digital de Asturias","description":"airberlin aument\u00f3 sus reservas a Australia un 46% en 2015 y sus rutas v\u00eda Abu Dhabi a Melbourne, S\u00eddney, Brisbane y Perth han ascendido a 39 vuelos semanales desde que la compa\u00f1\u00eda firmara un acuerdo con Etihad Airways en 2012. Para apoyar esta tendencia ascendente la aerol\u00ednea, junto con Turismo de Australia, ha decorado uno","canonical_url":"https:\/\/eldigitaldeasturias.com\/magazine365\/airberlin-aumento-sus-reservas-a-australia-un-46-en-2015\/","robots":"max-image-preview:large","keywords":"noticias y actualidad","webmasterTools":{"google-site-verification":"UA-38556648-1","miscellaneous":""},"schema":{"@context":"https:\/\/schema.org","@graph":[{"@type":"Article","@id":"https:\/\/eldigitaldeasturias.com\/magazine365\/airberlin-aumento-sus-reservas-a-australia-un-46-en-2015\/#article","name":"airberlin aument\u00f3 sus reservas a Australia un 46% en 2015 | El Digital de Asturias","headline":"airberlin aument\u00f3 sus reservas a Australia un 46% en 2015","author":{"@id":"https:\/\/eldigitaldeasturias.com\/magazine365\/author\/admin\/#author"},"publisher":{"@id":"https:\/\/eldigitaldeasturias.com\/magazine365\/#organization"},"image":{"@type":"ImageObject","url":"https:\/\/eldigitaldeasturias.com\/magazine365\/wp-content\/uploads\/2016\/02\/fotonoticia_20160208183434_800.jpg","width":800,"height":454},"datePublished":"2016-02-08T22:56:45+01:00","dateModified":"2016-02-08T22:56:45+01:00","inLanguage":"es-ES","mainEntityOfPage":{"@id":"https:\/\/eldigitaldeasturias.com\/magazine365\/airberlin-aumento-sus-reservas-a-australia-un-46-en-2015\/#webpage"},"isPartOf":{"@id":"https:\/\/eldigitaldeasturias.com\/magazine365\/airberlin-aumento-sus-reservas-a-australia-un-46-en-2015\/#webpage"},"articleSection":"Noticias y Actualidad"},{"@type":"BreadcrumbList","@id":"https:\/\/eldigitaldeasturias.com\/magazine365\/airberlin-aumento-sus-reservas-a-australia-un-46-en-2015\/#breadcrumblist","itemListElement":[{"@type":"ListItem","@id":"https:\/\/eldigitaldeasturias.com\/magazine365#listItem","position":1,"name":"Home","item":"https:\/\/eldigitaldeasturias.com\/magazine365","nextItem":{"@type":"ListItem","@id":"https:\/\/eldigitaldeasturias.com\/magazine365\/category\/noticias-actualidad\/#listItem","name":"Noticias y Actualidad"}},{"@type":"ListItem","@id":"https:\/\/eldigitaldeasturias.com\/magazine365\/category\/noticias-actualidad\/#listItem","position":2,"name":"Noticias y Actualidad","item":"https:\/\/eldigitaldeasturias.com\/magazine365\/category\/noticias-actualidad\/","nextItem":{"@type":"ListItem","@id":"https:\/\/eldigitaldeasturias.com\/magazine365\/airberlin-aumento-sus-reservas-a-australia-un-46-en-2015\/#listItem","name":"airberlin aument\u00f3 sus reservas a Australia un 46% en 2015"},"previousItem":{"@type":"ListItem","@id":"https:\/\/eldigitaldeasturias.com\/magazine365#listItem","name":"Home"}},{"@type":"ListItem","@id":"https:\/\/eldigitaldeasturias.com\/magazine365\/airberlin-aumento-sus-reservas-a-australia-un-46-en-2015\/#listItem","position":3,"name":"airberlin aument\u00f3 sus reservas a Australia un 46% en 2015","previousItem":{"@type":"ListItem","@id":"https:\/\/eldigitaldeasturias.com\/magazine365\/category\/noticias-actualidad\/#listItem","name":"Noticias y Actualidad"}}]},{"@type":"Organization","@id":"https:\/\/eldigitaldeasturias.com\/magazine365\/#organization","name":"El digital de Asturias","description":"Revista de ocio, turismo y estilo de vida","url":"https:\/\/eldigitaldeasturias.com\/magazine365\/","logo":{"@type":"ImageObject","url":"https:\/\/www.eldigitaldeasturias.com\/noticias\/wp-content\/uploads\/2020\/12\/EDA.jpg","@id":"https:\/\/eldigitaldeasturias.com\/magazine365\/airberlin-aumento-sus-reservas-a-australia-un-46-en-2015\/#organizationLogo"},"image":{"@id":"https:\/\/eldigitaldeasturias.com\/magazine365\/airberlin-aumento-sus-reservas-a-australia-un-46-en-2015\/#organizationLogo"}},{"@type":"Person","@id":"https:\/\/eldigitaldeasturias.com\/magazine365\/author\/admin\/#author","url":"https:\/\/eldigitaldeasturias.com\/magazine365\/author\/admin\/","name":"admin","image":{"@type":"ImageObject","@id":"https:\/\/eldigitaldeasturias.com\/magazine365\/airberlin-aumento-sus-reservas-a-australia-un-46-en-2015\/#authorImage","url":"https:\/\/eldigitaldeasturias.com\/magazine365\/wp-content\/litespeed\/avatar\/e571bcf59a0edd6fa6838245a470f2fe.jpg?ver=1776969259","width":96,"height":96,"caption":"admin"}},{"@type":"WebPage","@id":"https:\/\/eldigitaldeasturias.com\/magazine365\/airberlin-aumento-sus-reservas-a-australia-un-46-en-2015\/#webpage","url":"https:\/\/eldigitaldeasturias.com\/magazine365\/airberlin-aumento-sus-reservas-a-australia-un-46-en-2015\/","name":"airberlin aument\u00f3 sus reservas a Australia un 46% en 2015 | El Digital de Asturias","description":"airberlin aument\u00f3 sus reservas a Australia un 46% en 2015 y sus rutas v\u00eda Abu Dhabi a Melbourne, S\u00eddney, Brisbane y Perth han ascendido a 39 vuelos semanales desde que la compa\u00f1\u00eda firmara un acuerdo con Etihad Airways en 2012. Para apoyar esta tendencia ascendente la aerol\u00ednea, junto con Turismo de Australia, ha decorado uno","inLanguage":"es-ES","isPartOf":{"@id":"https:\/\/eldigitaldeasturias.com\/magazine365\/#website"},"breadcrumb":{"@id":"https:\/\/eldigitaldeasturias.com\/magazine365\/airberlin-aumento-sus-reservas-a-australia-un-46-en-2015\/#breadcrumblist"},"author":{"@id":"https:\/\/eldigitaldeasturias.com\/magazine365\/author\/admin\/#author"},"creator":{"@id":"https:\/\/eldigitaldeasturias.com\/magazine365\/author\/admin\/#author"},"image":{"@type":"ImageObject","url":"https:\/\/eldigitaldeasturias.com\/magazine365\/wp-content\/uploads\/2016\/02\/fotonoticia_20160208183434_800.jpg","@id":"https:\/\/eldigitaldeasturias.com\/magazine365\/airberlin-aumento-sus-reservas-a-australia-un-46-en-2015\/#mainImage","width":800,"height":454},"primaryImageOfPage":{"@id":"https:\/\/eldigitaldeasturias.com\/magazine365\/airberlin-aumento-sus-reservas-a-australia-un-46-en-2015\/#mainImage"},"datePublished":"2016-02-08T22:56:45+01:00","dateModified":"2016-02-08T22:56:45+01:00"},{"@type":"WebSite","@id":"https:\/\/eldigitaldeasturias.com\/magazine365\/#website","url":"https:\/\/eldigitaldeasturias.com\/magazine365\/","name":"El Digital de Asturias","description":"Revista de ocio, turismo y estilo de vida","inLanguage":"es-ES","publisher":{"@id":"https:\/\/eldigitaldeasturias.com\/magazine365\/#organization"}}]},"og:locale":"es_ES","og:site_name":"El Digital de Asturias \u2013 Revista de ocio, turismo y estilo de vida","og:type":"article","og:title":"airberlin aument\u00f3 sus reservas a Australia un 46% en 2015 | El Digital de Asturias","og:description":"airberlin aument\u00f3 sus reservas a Australia un 46% en 2015 y sus rutas v\u00eda Abu Dhabi a Melbourne, S\u00eddney, Brisbane y Perth han ascendido a 39 vuelos semanales desde que la compa\u00f1\u00eda firmara un acuerdo con Etihad Airways en 2012. Para apoyar esta tendencia ascendente la aerol\u00ednea, junto con Turismo de Australia, ha decorado uno","og:url":"https:\/\/eldigitaldeasturias.com\/magazine365\/airberlin-aumento-sus-reservas-a-australia-un-46-en-2015\/","og:image":"https:\/\/eldigitaldeasturias.com\/magazine365\/wp-content\/uploads\/2016\/02\/fotonoticia_20160208183434_800.jpg","og:image:secure_url":"https:\/\/eldigitaldeasturias.com\/magazine365\/wp-content\/uploads\/2016\/02\/fotonoticia_20160208183434_800.jpg","og:image:width":800,"og:image:height":454,"article:published_time":"2016-02-08T21:56:45+00:00","article:modified_time":"2016-02-08T21:56:45+00:00","twitter:card":"summary_large_image","twitter:title":"airberlin aument\u00f3 sus reservas a Australia un 46% en 2015 | El Digital de Asturias","twitter:description":"airberlin aument\u00f3 sus reservas a Australia un 46% en 2015 y sus rutas v\u00eda Abu Dhabi a Melbourne, S\u00eddney, Brisbane y Perth han ascendido a 39 vuelos semanales desde que la compa\u00f1\u00eda firmara un acuerdo con Etihad Airways en 2012. Para apoyar esta tendencia ascendente la aerol\u00ednea, junto con Turismo de Australia, ha decorado uno","twitter:image":"https:\/\/eldigitaldeasturias.com\/magazine365\/wp-content\/uploads\/2016\/02\/fotonoticia_20160208183434_800.jpg"},"aioseo_meta_data":{"post_id":"63649","title":null,"description":null,"keywords":null,"keyphrases":null,"primary_term":null,"canonical_url":null,"og_title":null,"og_description":null,"og_object_type":"default","og_image_type":"default","og_image_url":null,"og_image_width":null,"og_image_height":null,"og_image_custom_url":null,"og_image_custom_fields":null,"og_video":null,"og_custom_url":null,"og_article_section":null,"og_article_tags":null,"twitter_use_og":false,"twitter_card":"default","twitter_image_type":"default","twitter_image_url":null,"twitter_image_custom_url":null,"twitter_image_custom_fields":null,"twitter_title":null,"twitter_description":null,"schema":{"blockGraphs":[],"customGraphs":[],"default":{"data":{"Article":[],"Course":[],"Dataset":[],"FAQPage":[],"Movie":[],"Person":[],"Product":[],"ProductReview":[],"Car":[],"Recipe":[],"Service":[],"SoftwareApplication":[],"WebPage":[]},"graphName":"","isEnabled":true},"graphs":[]},"schema_type":null,"schema_type_options":null,"pillar_content":false,"robots_default":true,"robots_noindex":false,"robots_noarchive":false,"robots_nosnippet":false,"robots_nofollow":false,"robots_noimageindex":false,"robots_noodp":false,"robots_notranslate":false,"robots_max_snippet":null,"robots_max_videopreview":null,"robots_max_imagepreview":"large","priority":null,"frequency":null,"location":null,"local_seo":null,"seo_analyzer_scan_date":"2025-09-25 13:32:56","breadcrumb_settings":null,"limit_modified_date":false,"open_ai":null,"ai":null,"created":"2021-03-08 21:21:19","updated":"2025-09-25 13:32:56"},"aioseo_breadcrumb":"<div class=\"aioseo-breadcrumbs\"><span class=\"aioseo-breadcrumb\">\n\t<a href=\"https:\/\/eldigitaldeasturias.com\/magazine365\" title=\"Home\">Home<\/a>\n<\/span><span class=\"aioseo-breadcrumb-separator\">\u2013<\/span><span class=\"aioseo-breadcrumb\">\n\t<a href=\"https:\/\/eldigitaldeasturias.com\/magazine365\/category\/noticias-actualidad\/\" title=\"Noticias y Actualidad\">Noticias y Actualidad<\/a>\n<\/span><span class=\"aioseo-breadcrumb-separator\">\u2013<\/span><span class=\"aioseo-breadcrumb\">\n\t<a href=\"https:\/\/eldigitaldeasturias.com\/magazine365\/airberlin-aumento-sus-reservas-a-australia-un-46-en-2015\/\" title=\"airberlin aument\u00f3 sus reservas a Australia un 46% en 2015\">airberlin aument\u00f3 sus reservas a Australia un 46% en 2015<\/a>\n<\/span><\/div>","aioseo_breadcrumb_json":[{"label":"Home","link":"https:\/\/eldigitaldeasturias.com\/magazine365"},{"label":"Noticias y Actualidad","link":"https:\/\/eldigitaldeasturias.com\/magazine365\/category\/noticias-actualidad\/"},{"label":"airberlin aument\u00f3 sus reservas a Australia un 46% en 2015","link":"https:\/\/eldigitaldeasturias.com\/magazine365\/airberlin-aumento-sus-reservas-a-australia-un-46-en-2015\/"}],"_links":{"self":[{"href":"https:\/\/eldigitaldeasturias.com\/magazine365\/wp-json\/wp\/v2\/posts\/63649","targetHints":{"allow":["GET"]}}],"collection":[{"href":"https:\/\/eldigitaldeasturias.com\/magazine365\/wp-json\/wp\/v2\/posts"}],"about":[{"href":"https:\/\/eldigitaldeasturias.com\/magazine365\/wp-json\/wp\/v2\/types\/post"}],"author":[{"embeddable":true,"href":"https:\/\/eldigitaldeasturias.com\/magazine365\/wp-json\/wp\/v2\/users\/1"}],"replies":[{"embeddable":true,"href":"https:\/\/eldigitaldeasturias.com\/magazine365\/wp-json\/wp\/v2\/comments?post=63649"}],"version-history":[{"count":0,"href":"https:\/\/eldigitaldeasturias.com\/magazine365\/wp-json\/wp\/v2\/posts\/63649\/revisions"}],"wp:featuredmedia":[{"embeddable":true,"href":"https:\/\/eldigitaldeasturias.com\/magazine365\/wp-json\/wp\/v2\/media\/63650"}],"wp:attachment":[{"href":"https:\/\/eldigitaldeasturias.com\/magazine365\/wp-json\/wp\/v2\/media?parent=63649"}],"wp:term":[{"taxonomy":"category","embeddable":true,"href":"https:\/\/eldigitaldeasturias.com\/magazine365\/wp-json\/wp\/v2\/categories?post=63649"},{"taxonomy":"post_tag","embeddable":true,"href":"https:\/\/eldigitaldeasturias.com\/magazine365\/wp-json\/wp\/v2\/tags?post=63649"}],"curies":[{"name":"wp","href":"https:\/\/api.w.org\/{rel}","templated":true}]}}