{"id":63644,"date":"2016-02-08T22:54:48","date_gmt":"2016-02-08T21:54:48","guid":{"rendered":"http:\/\/eldigitaldeasturias.com\/magazine365\/?p=63644"},"modified":"2016-02-08T22:54:48","modified_gmt":"2016-02-08T21:54:48","slug":"la-oms-eleva-a-33-el-numero-de-paises-afectados-por-el-virus-zika","status":"publish","type":"post","link":"https:\/\/eldigitaldeasturias.com\/magazine365\/la-oms-eleva-a-33-el-numero-de-paises-afectados-por-el-virus-zika\/","title":{"rendered":"La OMS eleva a 33 el n\u00famero de pa\u00edses afectados por el virus Zika"},"content":{"rendered":"<p><img fetchpriority=\"high\" decoding=\"async\" class=\"alignleft size-medium wp-image-63645\" src=\"https:\/\/eldigitaldeasturias.com\/magazine365\/wp-content\/uploads\/2016\/02\/fotonoticia_20160208181851_800-360x238.jpg\" alt=\"fotonoticia_20160208181851_800\" width=\"360\" height=\"238\" srcset=\"https:\/\/eldigitaldeasturias.com\/magazine365\/wp-content\/uploads\/2016\/02\/fotonoticia_20160208181851_800-360x238.jpg 360w, https:\/\/eldigitaldeasturias.com\/magazine365\/wp-content\/uploads\/2016\/02\/fotonoticia_20160208181851_800-650x430.jpg 650w, https:\/\/eldigitaldeasturias.com\/magazine365\/wp-content\/uploads\/2016\/02\/fotonoticia_20160208181851_800-768x508.jpg 768w, https:\/\/eldigitaldeasturias.com\/magazine365\/wp-content\/uploads\/2016\/02\/fotonoticia_20160208181851_800-150x99.jpg 150w, https:\/\/eldigitaldeasturias.com\/magazine365\/wp-content\/uploads\/2016\/02\/fotonoticia_20160208181851_800-450x298.jpg 450w, https:\/\/eldigitaldeasturias.com\/magazine365\/wp-content\/uploads\/2016\/02\/fotonoticia_20160208181851_800-696x460.jpg 696w, https:\/\/eldigitaldeasturias.com\/magazine365\/wp-content\/uploads\/2016\/02\/fotonoticia_20160208181851_800-635x420.jpg 635w, https:\/\/eldigitaldeasturias.com\/magazine365\/wp-content\/uploads\/2016\/02\/fotonoticia_20160208181851_800-121x79.jpg 121w, https:\/\/eldigitaldeasturias.com\/magazine365\/wp-content\/uploads\/2016\/02\/fotonoticia_20160208181851_800-101x66.jpg 101w, https:\/\/eldigitaldeasturias.com\/magazine365\/wp-content\/uploads\/2016\/02\/fotonoticia_20160208181851_800.jpg 800w\" sizes=\"(max-width: 360px) 100vw, 360px\" \/>La Organizaci\u00f3n Mundial de la Salud (OMS) asegura que son ya 33 los pa\u00edses que han notificado alg\u00fan caso de transmisi\u00f3n aut\u00f3ctona del virus Zika, ante el constante incremento de casos de los \u00faltimos a\u00f1os, seg\u00fan su \u00faltimo informe semanal con datos actualizados hasta el pasado 5 de febrero.<\/p>\n<p>En concreto, dicho informe asegura que desde enero de 2015 se han registrado casos aut\u00f3ctonos en Barbados, Bolivia, Brasil, Colombia, Cura\u00e7ao, Costa Rica, Rep\u00fablica Dominicana, Ecuador, El Salvador, Guayana Francesa, Guadalupe, Guatemala, Guyana, Haiti, Honduras, Jamaica, Martinica, M\u00e9xico, Nicaragua, Panam\u00e1, Paraguay, Puerto Rico, Saint Martin, Surin\u00e1m, Islas V\u00edrgenes, Venezuela, Maldivas, Fiji, Tonga, Samoa, Islas Salom\u00f3n y Vanuatu.<\/p>\n<p>A estos pa\u00edses habr\u00eda que sumar otros seis que, aunque de momento no han notificado casos, s\u00ed que se ha constatado la transmisi\u00f3n del virus: Gab\u00f3n, Indonesia, Tailandia, Camboya, Filipinas y Malasia.<\/p>\n<p>La distribuci\u00f3n geogr\u00e1fica del virus ha aumentado constantemente en los dos \u00faltimos a\u00f1os, siendo Brasil el pa\u00eds m\u00e1s afectado, con 56.318 casos sospechosos s\u00f3lo en el estado de Bah\u00eda, al noreste del pa\u00eds, lo que ha llevado a las autoridades a dejar de contabilizar el n\u00famero de casos. De hecho, las estimaciones de casos apuntan a entre 497.000 y 1,4 millones de casos desde que comenzara el actual brote.<\/p>\n<p>Tras Brasil el pa\u00eds m\u00e1s afectado es Colombia, con 20.297 casos notificados hasta el pasado 23 de enero, si bien los primeros pacientes se comenzaron a detectar en octubre de 2015.<\/p>\n<p>El principal problema del virus, que se transmite a trav\u00e9s del mosquito de la familia &#8216;Aedes&#8217;, es su posible relaci\u00f3n con un aumento de casos de microcefalia en reci\u00e9n nacidos o con el s\u00edndrome de Guillain-Barr\u00e9, que se ha detectado en siete pa\u00edses.<\/p>\n<p>En octubre de 2015 el Ministerio de Sanidad de Brasil inform\u00f3 un aumento de casos de microcefalia en Pernambuco, al noreste de Brasil. Mientras que entre 2001 y 2014 la incidencia media era de unos 163 casos al a\u00f1o en todo el pa\u00eds, hasta el 30 de enero de 2016 se hab\u00edan notificado un total de 4.783 casos de microcefalia, incluyendo 76 fallecimientos.<\/p>\n<p>BRASIL YA HA ANALIZADO EL 25% DE LOS CASOS DE MICROCEFALIA<\/p>\n<p>Por el momento, las autoridades sanitarias han concluido la investigaci\u00f3n de un total de 1.113 casos, de los que en 709 se ha descartado una asociaci\u00f3n con el virus Zika, 17 casos dieron positivo y en 387 se han visto hallazgos radiol\u00f3gicos que podr\u00edan relacionar la microcefalia con una infecci\u00f3n completa.<\/p>\n<p>Y de los 17 casos confirmados en laboratorio, s\u00f3lo en dos se produjo un aborto espont\u00e1neo mientras que el resto de menores nacieron a t\u00e9rmino. En cuanto a los fallecimientos con microcefalia, s\u00f3lo se ha identificado el virus Zika en 5 de las 76 muertes, todas ellas al noreste de la pa\u00eds.<\/p>\n<p>No obstante, la OMS reconoce que este incremento de casos en Brasil s\u00f3lo puede relacionarse espacio-temporalmente con el Zika y se necesitan investigaciones m\u00e1s s\u00f3lidas para confirmar dicha relaci\u00f3n.<\/p>\n<p>Lo mismo sucede con el s\u00edndrome de Guillain-Barr\u00e9, del que se ha detectado un aumento de casos en Brasil, Colombia, El Salvador, Surin\u00e1m y Venezuela, mientras que la Polinesia Francesa ya registr\u00f3 un aumento de casos entre 2013 y 2014.<\/p>\n","protected":false},"excerpt":{"rendered":"<p>La Organizaci\u00f3n Mundial de la Salud (OMS) asegura que son ya 33 los pa\u00edses que han notificado alg\u00fan caso de transmisi\u00f3n aut\u00f3ctona del virus Zika, ante el constante incremento de casos de los \u00faltimos a\u00f1os, seg\u00fan su \u00faltimo informe semanal con datos actualizados hasta el pasado 5 de febrero. En concreto, dicho informe asegura que<\/p>\n","protected":false},"author":1,"featured_media":63645,"comment_status":"open","ping_status":"closed","sticky":false,"template":"","format":"standard","meta":{"footnotes":""},"categories":[224],"tags":[],"class_list":{"0":"post-63644","1":"post","2":"type-post","3":"status-publish","4":"format-standard","5":"has-post-thumbnail","7":"category-noticias-actualidad"},"aioseo_notices":[],"aioseo_head":"\n\t\t<!-- All in One SEO Pro 4.9.6.1 - aioseo.com -->\n\t<meta name=\"description\" content=\"La Organizaci\u00f3n Mundial de la Salud (OMS) asegura que son ya 33 los pa\u00edses que han notificado alg\u00fan caso de transmisi\u00f3n aut\u00f3ctona del virus Zika, ante el constante incremento de casos de los \u00faltimos a\u00f1os, seg\u00fan su \u00faltimo informe semanal con datos actualizados hasta el pasado 5 de febrero. En concreto, dicho informe asegura que\" \/>\n\t<meta name=\"robots\" content=\"max-image-preview:large\" \/>\n\t<meta name=\"author\" content=\"admin\"\/>\n\t<meta name=\"google-site-verification\" content=\"UA-38556648-1\" \/>\n\t<meta name=\"keywords\" content=\"noticias y actualidad\" \/>\n\t<link rel=\"canonical\" href=\"https:\/\/eldigitaldeasturias.com\/magazine365\/la-oms-eleva-a-33-el-numero-de-paises-afectados-por-el-virus-zika\/\" \/>\n\t<meta name=\"generator\" content=\"All in One SEO Pro (AIOSEO) 4.9.6.1\" \/>\n\t\t<meta property=\"og:locale\" content=\"es_ES\" \/>\n\t\t<meta property=\"og:site_name\" content=\"El Digital de Asturias \u2013 Revista de ocio, turismo y estilo de vida\" \/>\n\t\t<meta property=\"og:type\" content=\"article\" \/>\n\t\t<meta property=\"og:title\" content=\"La OMS eleva a 33 el n\u00famero de pa\u00edses afectados por el virus Zika | El Digital de Asturias\" \/>\n\t\t<meta property=\"og:description\" content=\"La Organizaci\u00f3n Mundial de la Salud (OMS) asegura que son ya 33 los pa\u00edses que han notificado alg\u00fan caso de transmisi\u00f3n aut\u00f3ctona del virus Zika, ante el constante incremento de casos de los \u00faltimos a\u00f1os, seg\u00fan su \u00faltimo informe semanal con datos actualizados hasta el pasado 5 de febrero. En concreto, dicho informe asegura que\" \/>\n\t\t<meta property=\"og:url\" content=\"https:\/\/eldigitaldeasturias.com\/magazine365\/la-oms-eleva-a-33-el-numero-de-paises-afectados-por-el-virus-zika\/\" \/>\n\t\t<meta property=\"og:image\" content=\"https:\/\/eldigitaldeasturias.com\/magazine365\/wp-content\/uploads\/2016\/02\/fotonoticia_20160208181851_800.jpg\" \/>\n\t\t<meta property=\"og:image:secure_url\" content=\"https:\/\/eldigitaldeasturias.com\/magazine365\/wp-content\/uploads\/2016\/02\/fotonoticia_20160208181851_800.jpg\" \/>\n\t\t<meta property=\"og:image:width\" content=\"800\" \/>\n\t\t<meta property=\"og:image:height\" content=\"529\" \/>\n\t\t<meta property=\"article:published_time\" content=\"2016-02-08T21:54:48+00:00\" \/>\n\t\t<meta property=\"article:modified_time\" content=\"2016-02-08T21:54:48+00:00\" \/>\n\t\t<meta name=\"twitter:card\" content=\"summary_large_image\" \/>\n\t\t<meta name=\"twitter:title\" content=\"La OMS eleva a 33 el n\u00famero de pa\u00edses afectados por el virus Zika | El Digital de Asturias\" \/>\n\t\t<meta name=\"twitter:description\" content=\"La Organizaci\u00f3n Mundial de la Salud (OMS) asegura que son ya 33 los pa\u00edses que han notificado alg\u00fan caso de transmisi\u00f3n aut\u00f3ctona del virus Zika, ante el constante incremento de casos de los \u00faltimos a\u00f1os, seg\u00fan su \u00faltimo informe semanal con datos actualizados hasta el pasado 5 de febrero. En concreto, dicho informe asegura que\" \/>\n\t\t<meta name=\"twitter:image\" content=\"https:\/\/eldigitaldeasturias.com\/magazine365\/wp-content\/uploads\/2016\/02\/fotonoticia_20160208181851_800.jpg\" \/>\n\t\t<script type=\"application\/ld+json\" class=\"aioseo-schema\">\n\t\t\t{\"@context\":\"https:\\\/\\\/schema.org\",\"@graph\":[{\"@type\":\"Article\",\"@id\":\"https:\\\/\\\/eldigitaldeasturias.com\\\/magazine365\\\/la-oms-eleva-a-33-el-numero-de-paises-afectados-por-el-virus-zika\\\/#article\",\"name\":\"La OMS eleva a 33 el n\\u00famero de pa\\u00edses afectados por el virus Zika | El Digital de Asturias\",\"headline\":\"La OMS eleva a 33 el n\\u00famero de pa\\u00edses afectados por el virus Zika\",\"author\":{\"@id\":\"https:\\\/\\\/eldigitaldeasturias.com\\\/magazine365\\\/author\\\/admin\\\/#author\"},\"publisher\":{\"@id\":\"https:\\\/\\\/eldigitaldeasturias.com\\\/magazine365\\\/#organization\"},\"image\":{\"@type\":\"ImageObject\",\"url\":\"https:\\\/\\\/eldigitaldeasturias.com\\\/magazine365\\\/wp-content\\\/uploads\\\/2016\\\/02\\\/fotonoticia_20160208181851_800.jpg\",\"width\":800,\"height\":529},\"datePublished\":\"2016-02-08T22:54:48+01:00\",\"dateModified\":\"2016-02-08T22:54:48+01:00\",\"inLanguage\":\"es-ES\",\"mainEntityOfPage\":{\"@id\":\"https:\\\/\\\/eldigitaldeasturias.com\\\/magazine365\\\/la-oms-eleva-a-33-el-numero-de-paises-afectados-por-el-virus-zika\\\/#webpage\"},\"isPartOf\":{\"@id\":\"https:\\\/\\\/eldigitaldeasturias.com\\\/magazine365\\\/la-oms-eleva-a-33-el-numero-de-paises-afectados-por-el-virus-zika\\\/#webpage\"},\"articleSection\":\"Noticias y Actualidad\"},{\"@type\":\"BreadcrumbList\",\"@id\":\"https:\\\/\\\/eldigitaldeasturias.com\\\/magazine365\\\/la-oms-eleva-a-33-el-numero-de-paises-afectados-por-el-virus-zika\\\/#breadcrumblist\",\"itemListElement\":[{\"@type\":\"ListItem\",\"@id\":\"https:\\\/\\\/eldigitaldeasturias.com\\\/magazine365#listItem\",\"position\":1,\"name\":\"Home\",\"item\":\"https:\\\/\\\/eldigitaldeasturias.com\\\/magazine365\",\"nextItem\":{\"@type\":\"ListItem\",\"@id\":\"https:\\\/\\\/eldigitaldeasturias.com\\\/magazine365\\\/category\\\/noticias-actualidad\\\/#listItem\",\"name\":\"Noticias y Actualidad\"}},{\"@type\":\"ListItem\",\"@id\":\"https:\\\/\\\/eldigitaldeasturias.com\\\/magazine365\\\/category\\\/noticias-actualidad\\\/#listItem\",\"position\":2,\"name\":\"Noticias y Actualidad\",\"item\":\"https:\\\/\\\/eldigitaldeasturias.com\\\/magazine365\\\/category\\\/noticias-actualidad\\\/\",\"nextItem\":{\"@type\":\"ListItem\",\"@id\":\"https:\\\/\\\/eldigitaldeasturias.com\\\/magazine365\\\/la-oms-eleva-a-33-el-numero-de-paises-afectados-por-el-virus-zika\\\/#listItem\",\"name\":\"La OMS eleva a 33 el n\\u00famero de pa\\u00edses afectados por el virus Zika\"},\"previousItem\":{\"@type\":\"ListItem\",\"@id\":\"https:\\\/\\\/eldigitaldeasturias.com\\\/magazine365#listItem\",\"name\":\"Home\"}},{\"@type\":\"ListItem\",\"@id\":\"https:\\\/\\\/eldigitaldeasturias.com\\\/magazine365\\\/la-oms-eleva-a-33-el-numero-de-paises-afectados-por-el-virus-zika\\\/#listItem\",\"position\":3,\"name\":\"La OMS eleva a 33 el n\\u00famero de pa\\u00edses afectados por el virus Zika\",\"previousItem\":{\"@type\":\"ListItem\",\"@id\":\"https:\\\/\\\/eldigitaldeasturias.com\\\/magazine365\\\/category\\\/noticias-actualidad\\\/#listItem\",\"name\":\"Noticias y Actualidad\"}}]},{\"@type\":\"Organization\",\"@id\":\"https:\\\/\\\/eldigitaldeasturias.com\\\/magazine365\\\/#organization\",\"name\":\"El digital de Asturias\",\"description\":\"Revista de ocio, turismo y estilo de vida\",\"url\":\"https:\\\/\\\/eldigitaldeasturias.com\\\/magazine365\\\/\",\"logo\":{\"@type\":\"ImageObject\",\"url\":\"https:\\\/\\\/www.eldigitaldeasturias.com\\\/noticias\\\/wp-content\\\/uploads\\\/2020\\\/12\\\/EDA.jpg\",\"@id\":\"https:\\\/\\\/eldigitaldeasturias.com\\\/magazine365\\\/la-oms-eleva-a-33-el-numero-de-paises-afectados-por-el-virus-zika\\\/#organizationLogo\"},\"image\":{\"@id\":\"https:\\\/\\\/eldigitaldeasturias.com\\\/magazine365\\\/la-oms-eleva-a-33-el-numero-de-paises-afectados-por-el-virus-zika\\\/#organizationLogo\"}},{\"@type\":\"Person\",\"@id\":\"https:\\\/\\\/eldigitaldeasturias.com\\\/magazine365\\\/author\\\/admin\\\/#author\",\"url\":\"https:\\\/\\\/eldigitaldeasturias.com\\\/magazine365\\\/author\\\/admin\\\/\",\"name\":\"admin\",\"image\":{\"@type\":\"ImageObject\",\"@id\":\"https:\\\/\\\/eldigitaldeasturias.com\\\/magazine365\\\/la-oms-eleva-a-33-el-numero-de-paises-afectados-por-el-virus-zika\\\/#authorImage\",\"url\":\"https:\\\/\\\/eldigitaldeasturias.com\\\/magazine365\\\/wp-content\\\/litespeed\\\/avatar\\\/e571bcf59a0edd6fa6838245a470f2fe.jpg?ver=1776969259\",\"width\":96,\"height\":96,\"caption\":\"admin\"}},{\"@type\":\"WebPage\",\"@id\":\"https:\\\/\\\/eldigitaldeasturias.com\\\/magazine365\\\/la-oms-eleva-a-33-el-numero-de-paises-afectados-por-el-virus-zika\\\/#webpage\",\"url\":\"https:\\\/\\\/eldigitaldeasturias.com\\\/magazine365\\\/la-oms-eleva-a-33-el-numero-de-paises-afectados-por-el-virus-zika\\\/\",\"name\":\"La OMS eleva a 33 el n\\u00famero de pa\\u00edses afectados por el virus Zika | El Digital de Asturias\",\"description\":\"La Organizaci\\u00f3n Mundial de la Salud (OMS) asegura que son ya 33 los pa\\u00edses que han notificado alg\\u00fan caso de transmisi\\u00f3n aut\\u00f3ctona del virus Zika, ante el constante incremento de casos de los \\u00faltimos a\\u00f1os, seg\\u00fan su \\u00faltimo informe semanal con datos actualizados hasta el pasado 5 de febrero. En concreto, dicho informe asegura que\",\"inLanguage\":\"es-ES\",\"isPartOf\":{\"@id\":\"https:\\\/\\\/eldigitaldeasturias.com\\\/magazine365\\\/#website\"},\"breadcrumb\":{\"@id\":\"https:\\\/\\\/eldigitaldeasturias.com\\\/magazine365\\\/la-oms-eleva-a-33-el-numero-de-paises-afectados-por-el-virus-zika\\\/#breadcrumblist\"},\"author\":{\"@id\":\"https:\\\/\\\/eldigitaldeasturias.com\\\/magazine365\\\/author\\\/admin\\\/#author\"},\"creator\":{\"@id\":\"https:\\\/\\\/eldigitaldeasturias.com\\\/magazine365\\\/author\\\/admin\\\/#author\"},\"image\":{\"@type\":\"ImageObject\",\"url\":\"https:\\\/\\\/eldigitaldeasturias.com\\\/magazine365\\\/wp-content\\\/uploads\\\/2016\\\/02\\\/fotonoticia_20160208181851_800.jpg\",\"@id\":\"https:\\\/\\\/eldigitaldeasturias.com\\\/magazine365\\\/la-oms-eleva-a-33-el-numero-de-paises-afectados-por-el-virus-zika\\\/#mainImage\",\"width\":800,\"height\":529},\"primaryImageOfPage\":{\"@id\":\"https:\\\/\\\/eldigitaldeasturias.com\\\/magazine365\\\/la-oms-eleva-a-33-el-numero-de-paises-afectados-por-el-virus-zika\\\/#mainImage\"},\"datePublished\":\"2016-02-08T22:54:48+01:00\",\"dateModified\":\"2016-02-08T22:54:48+01:00\"},{\"@type\":\"WebSite\",\"@id\":\"https:\\\/\\\/eldigitaldeasturias.com\\\/magazine365\\\/#website\",\"url\":\"https:\\\/\\\/eldigitaldeasturias.com\\\/magazine365\\\/\",\"name\":\"El Digital de Asturias\",\"description\":\"Revista de ocio, turismo y estilo de vida\",\"inLanguage\":\"es-ES\",\"publisher\":{\"@id\":\"https:\\\/\\\/eldigitaldeasturias.com\\\/magazine365\\\/#organization\"}}]}\n\t\t<\/script>\n\t\t<!-- All in One SEO Pro -->\r\n\t\t<title>La OMS eleva a 33 el n\u00famero de pa\u00edses afectados por el virus Zika | El Digital de Asturias<\/title>\n\n","aioseo_head_json":{"title":"La OMS eleva a 33 el n\u00famero de pa\u00edses afectados por el virus Zika | El Digital de Asturias","description":"La Organizaci\u00f3n Mundial de la Salud (OMS) asegura que son ya 33 los pa\u00edses que han notificado alg\u00fan caso de transmisi\u00f3n aut\u00f3ctona del virus Zika, ante el constante incremento de casos de los \u00faltimos a\u00f1os, seg\u00fan su \u00faltimo informe semanal con datos actualizados hasta el pasado 5 de febrero. En concreto, dicho informe asegura que","canonical_url":"https:\/\/eldigitaldeasturias.com\/magazine365\/la-oms-eleva-a-33-el-numero-de-paises-afectados-por-el-virus-zika\/","robots":"max-image-preview:large","keywords":"noticias y actualidad","webmasterTools":{"google-site-verification":"UA-38556648-1","miscellaneous":""},"schema":{"@context":"https:\/\/schema.org","@graph":[{"@type":"Article","@id":"https:\/\/eldigitaldeasturias.com\/magazine365\/la-oms-eleva-a-33-el-numero-de-paises-afectados-por-el-virus-zika\/#article","name":"La OMS eleva a 33 el n\u00famero de pa\u00edses afectados por el virus Zika | El Digital de Asturias","headline":"La OMS eleva a 33 el n\u00famero de pa\u00edses afectados por el virus Zika","author":{"@id":"https:\/\/eldigitaldeasturias.com\/magazine365\/author\/admin\/#author"},"publisher":{"@id":"https:\/\/eldigitaldeasturias.com\/magazine365\/#organization"},"image":{"@type":"ImageObject","url":"https:\/\/eldigitaldeasturias.com\/magazine365\/wp-content\/uploads\/2016\/02\/fotonoticia_20160208181851_800.jpg","width":800,"height":529},"datePublished":"2016-02-08T22:54:48+01:00","dateModified":"2016-02-08T22:54:48+01:00","inLanguage":"es-ES","mainEntityOfPage":{"@id":"https:\/\/eldigitaldeasturias.com\/magazine365\/la-oms-eleva-a-33-el-numero-de-paises-afectados-por-el-virus-zika\/#webpage"},"isPartOf":{"@id":"https:\/\/eldigitaldeasturias.com\/magazine365\/la-oms-eleva-a-33-el-numero-de-paises-afectados-por-el-virus-zika\/#webpage"},"articleSection":"Noticias y Actualidad"},{"@type":"BreadcrumbList","@id":"https:\/\/eldigitaldeasturias.com\/magazine365\/la-oms-eleva-a-33-el-numero-de-paises-afectados-por-el-virus-zika\/#breadcrumblist","itemListElement":[{"@type":"ListItem","@id":"https:\/\/eldigitaldeasturias.com\/magazine365#listItem","position":1,"name":"Home","item":"https:\/\/eldigitaldeasturias.com\/magazine365","nextItem":{"@type":"ListItem","@id":"https:\/\/eldigitaldeasturias.com\/magazine365\/category\/noticias-actualidad\/#listItem","name":"Noticias y Actualidad"}},{"@type":"ListItem","@id":"https:\/\/eldigitaldeasturias.com\/magazine365\/category\/noticias-actualidad\/#listItem","position":2,"name":"Noticias y Actualidad","item":"https:\/\/eldigitaldeasturias.com\/magazine365\/category\/noticias-actualidad\/","nextItem":{"@type":"ListItem","@id":"https:\/\/eldigitaldeasturias.com\/magazine365\/la-oms-eleva-a-33-el-numero-de-paises-afectados-por-el-virus-zika\/#listItem","name":"La OMS eleva a 33 el n\u00famero de pa\u00edses afectados por el virus Zika"},"previousItem":{"@type":"ListItem","@id":"https:\/\/eldigitaldeasturias.com\/magazine365#listItem","name":"Home"}},{"@type":"ListItem","@id":"https:\/\/eldigitaldeasturias.com\/magazine365\/la-oms-eleva-a-33-el-numero-de-paises-afectados-por-el-virus-zika\/#listItem","position":3,"name":"La OMS eleva a 33 el n\u00famero de pa\u00edses afectados por el virus Zika","previousItem":{"@type":"ListItem","@id":"https:\/\/eldigitaldeasturias.com\/magazine365\/category\/noticias-actualidad\/#listItem","name":"Noticias y Actualidad"}}]},{"@type":"Organization","@id":"https:\/\/eldigitaldeasturias.com\/magazine365\/#organization","name":"El digital de Asturias","description":"Revista de ocio, turismo y estilo de vida","url":"https:\/\/eldigitaldeasturias.com\/magazine365\/","logo":{"@type":"ImageObject","url":"https:\/\/www.eldigitaldeasturias.com\/noticias\/wp-content\/uploads\/2020\/12\/EDA.jpg","@id":"https:\/\/eldigitaldeasturias.com\/magazine365\/la-oms-eleva-a-33-el-numero-de-paises-afectados-por-el-virus-zika\/#organizationLogo"},"image":{"@id":"https:\/\/eldigitaldeasturias.com\/magazine365\/la-oms-eleva-a-33-el-numero-de-paises-afectados-por-el-virus-zika\/#organizationLogo"}},{"@type":"Person","@id":"https:\/\/eldigitaldeasturias.com\/magazine365\/author\/admin\/#author","url":"https:\/\/eldigitaldeasturias.com\/magazine365\/author\/admin\/","name":"admin","image":{"@type":"ImageObject","@id":"https:\/\/eldigitaldeasturias.com\/magazine365\/la-oms-eleva-a-33-el-numero-de-paises-afectados-por-el-virus-zika\/#authorImage","url":"https:\/\/eldigitaldeasturias.com\/magazine365\/wp-content\/litespeed\/avatar\/e571bcf59a0edd6fa6838245a470f2fe.jpg?ver=1776969259","width":96,"height":96,"caption":"admin"}},{"@type":"WebPage","@id":"https:\/\/eldigitaldeasturias.com\/magazine365\/la-oms-eleva-a-33-el-numero-de-paises-afectados-por-el-virus-zika\/#webpage","url":"https:\/\/eldigitaldeasturias.com\/magazine365\/la-oms-eleva-a-33-el-numero-de-paises-afectados-por-el-virus-zika\/","name":"La OMS eleva a 33 el n\u00famero de pa\u00edses afectados por el virus Zika | El Digital de Asturias","description":"La Organizaci\u00f3n Mundial de la Salud (OMS) asegura que son ya 33 los pa\u00edses que han notificado alg\u00fan caso de transmisi\u00f3n aut\u00f3ctona del virus Zika, ante el constante incremento de casos de los \u00faltimos a\u00f1os, seg\u00fan su \u00faltimo informe semanal con datos actualizados hasta el pasado 5 de febrero. En concreto, dicho informe asegura que","inLanguage":"es-ES","isPartOf":{"@id":"https:\/\/eldigitaldeasturias.com\/magazine365\/#website"},"breadcrumb":{"@id":"https:\/\/eldigitaldeasturias.com\/magazine365\/la-oms-eleva-a-33-el-numero-de-paises-afectados-por-el-virus-zika\/#breadcrumblist"},"author":{"@id":"https:\/\/eldigitaldeasturias.com\/magazine365\/author\/admin\/#author"},"creator":{"@id":"https:\/\/eldigitaldeasturias.com\/magazine365\/author\/admin\/#author"},"image":{"@type":"ImageObject","url":"https:\/\/eldigitaldeasturias.com\/magazine365\/wp-content\/uploads\/2016\/02\/fotonoticia_20160208181851_800.jpg","@id":"https:\/\/eldigitaldeasturias.com\/magazine365\/la-oms-eleva-a-33-el-numero-de-paises-afectados-por-el-virus-zika\/#mainImage","width":800,"height":529},"primaryImageOfPage":{"@id":"https:\/\/eldigitaldeasturias.com\/magazine365\/la-oms-eleva-a-33-el-numero-de-paises-afectados-por-el-virus-zika\/#mainImage"},"datePublished":"2016-02-08T22:54:48+01:00","dateModified":"2016-02-08T22:54:48+01:00"},{"@type":"WebSite","@id":"https:\/\/eldigitaldeasturias.com\/magazine365\/#website","url":"https:\/\/eldigitaldeasturias.com\/magazine365\/","name":"El Digital de Asturias","description":"Revista de ocio, turismo y estilo de vida","inLanguage":"es-ES","publisher":{"@id":"https:\/\/eldigitaldeasturias.com\/magazine365\/#organization"}}]},"og:locale":"es_ES","og:site_name":"El Digital de Asturias \u2013 Revista de ocio, turismo y estilo de vida","og:type":"article","og:title":"La OMS eleva a 33 el n\u00famero de pa\u00edses afectados por el virus Zika | El Digital de Asturias","og:description":"La Organizaci\u00f3n Mundial de la Salud (OMS) asegura que son ya 33 los pa\u00edses que han notificado alg\u00fan caso de transmisi\u00f3n aut\u00f3ctona del virus Zika, ante el constante incremento de casos de los \u00faltimos a\u00f1os, seg\u00fan su \u00faltimo informe semanal con datos actualizados hasta el pasado 5 de febrero. En concreto, dicho informe asegura que","og:url":"https:\/\/eldigitaldeasturias.com\/magazine365\/la-oms-eleva-a-33-el-numero-de-paises-afectados-por-el-virus-zika\/","og:image":"https:\/\/eldigitaldeasturias.com\/magazine365\/wp-content\/uploads\/2016\/02\/fotonoticia_20160208181851_800.jpg","og:image:secure_url":"https:\/\/eldigitaldeasturias.com\/magazine365\/wp-content\/uploads\/2016\/02\/fotonoticia_20160208181851_800.jpg","og:image:width":800,"og:image:height":529,"article:published_time":"2016-02-08T21:54:48+00:00","article:modified_time":"2016-02-08T21:54:48+00:00","twitter:card":"summary_large_image","twitter:title":"La OMS eleva a 33 el n\u00famero de pa\u00edses afectados por el virus Zika | El Digital de Asturias","twitter:description":"La Organizaci\u00f3n Mundial de la Salud (OMS) asegura que son ya 33 los pa\u00edses que han notificado alg\u00fan caso de transmisi\u00f3n aut\u00f3ctona del virus Zika, ante el constante incremento de casos de los \u00faltimos a\u00f1os, seg\u00fan su \u00faltimo informe semanal con datos actualizados hasta el pasado 5 de febrero. En concreto, dicho informe asegura que","twitter:image":"https:\/\/eldigitaldeasturias.com\/magazine365\/wp-content\/uploads\/2016\/02\/fotonoticia_20160208181851_800.jpg"},"aioseo_meta_data":{"post_id":"63644","title":null,"description":null,"keywords":null,"keyphrases":null,"primary_term":null,"canonical_url":null,"og_title":null,"og_description":null,"og_object_type":"default","og_image_type":"default","og_image_url":null,"og_image_width":null,"og_image_height":null,"og_image_custom_url":null,"og_image_custom_fields":null,"og_video":null,"og_custom_url":null,"og_article_section":null,"og_article_tags":null,"twitter_use_og":false,"twitter_card":"default","twitter_image_type":"default","twitter_image_url":null,"twitter_image_custom_url":null,"twitter_image_custom_fields":null,"twitter_title":null,"twitter_description":null,"schema":{"blockGraphs":[],"customGraphs":[],"default":{"data":{"Article":[],"Course":[],"Dataset":[],"FAQPage":[],"Movie":[],"Person":[],"Product":[],"ProductReview":[],"Car":[],"Recipe":[],"Service":[],"SoftwareApplication":[],"WebPage":[]},"graphName":"","isEnabled":true},"graphs":[],"defaultGraph":"","defaultPostTypeGraph":""},"schema_type":null,"schema_type_options":null,"pillar_content":false,"robots_default":true,"robots_noindex":false,"robots_noarchive":false,"robots_nosnippet":false,"robots_nofollow":false,"robots_noimageindex":false,"robots_noodp":false,"robots_notranslate":false,"robots_max_snippet":null,"robots_max_videopreview":null,"robots_max_imagepreview":"large","priority":null,"frequency":null,"location":null,"local_seo":null,"seo_analyzer_scan_date":"2025-09-25 13:32:54","breadcrumb_settings":null,"limit_modified_date":false,"open_ai":null,"ai":null,"created":"2021-03-08 21:21:19","updated":"2025-09-25 13:32:54"},"aioseo_breadcrumb":"<div class=\"aioseo-breadcrumbs\"><span class=\"aioseo-breadcrumb\">\n\t<a href=\"https:\/\/eldigitaldeasturias.com\/magazine365\" title=\"Home\">Home<\/a>\n<\/span><span class=\"aioseo-breadcrumb-separator\">\u2013<\/span><span class=\"aioseo-breadcrumb\">\n\t<a href=\"https:\/\/eldigitaldeasturias.com\/magazine365\/category\/noticias-actualidad\/\" title=\"Noticias y Actualidad\">Noticias y Actualidad<\/a>\n<\/span><span class=\"aioseo-breadcrumb-separator\">\u2013<\/span><span class=\"aioseo-breadcrumb\">\n\t<a href=\"https:\/\/eldigitaldeasturias.com\/magazine365\/la-oms-eleva-a-33-el-numero-de-paises-afectados-por-el-virus-zika\/\" title=\"La OMS eleva a 33 el n\u00famero de pa\u00edses afectados por el virus Zika\">La OMS eleva a 33 el n\u00famero de pa\u00edses afectados por el virus Zika<\/a>\n<\/span><\/div>","aioseo_breadcrumb_json":[{"label":"Home","link":"https:\/\/eldigitaldeasturias.com\/magazine365"},{"label":"Noticias y Actualidad","link":"https:\/\/eldigitaldeasturias.com\/magazine365\/category\/noticias-actualidad\/"},{"label":"La OMS eleva a 33 el n\u00famero de pa\u00edses afectados por el virus Zika","link":"https:\/\/eldigitaldeasturias.com\/magazine365\/la-oms-eleva-a-33-el-numero-de-paises-afectados-por-el-virus-zika\/"}],"_links":{"self":[{"href":"https:\/\/eldigitaldeasturias.com\/magazine365\/wp-json\/wp\/v2\/posts\/63644","targetHints":{"allow":["GET"]}}],"collection":[{"href":"https:\/\/eldigitaldeasturias.com\/magazine365\/wp-json\/wp\/v2\/posts"}],"about":[{"href":"https:\/\/eldigitaldeasturias.com\/magazine365\/wp-json\/wp\/v2\/types\/post"}],"author":[{"embeddable":true,"href":"https:\/\/eldigitaldeasturias.com\/magazine365\/wp-json\/wp\/v2\/users\/1"}],"replies":[{"embeddable":true,"href":"https:\/\/eldigitaldeasturias.com\/magazine365\/wp-json\/wp\/v2\/comments?post=63644"}],"version-history":[{"count":0,"href":"https:\/\/eldigitaldeasturias.com\/magazine365\/wp-json\/wp\/v2\/posts\/63644\/revisions"}],"wp:featuredmedia":[{"embeddable":true,"href":"https:\/\/eldigitaldeasturias.com\/magazine365\/wp-json\/wp\/v2\/media\/63645"}],"wp:attachment":[{"href":"https:\/\/eldigitaldeasturias.com\/magazine365\/wp-json\/wp\/v2\/media?parent=63644"}],"wp:term":[{"taxonomy":"category","embeddable":true,"href":"https:\/\/eldigitaldeasturias.com\/magazine365\/wp-json\/wp\/v2\/categories?post=63644"},{"taxonomy":"post_tag","embeddable":true,"href":"https:\/\/eldigitaldeasturias.com\/magazine365\/wp-json\/wp\/v2\/tags?post=63644"}],"curies":[{"name":"wp","href":"https:\/\/api.w.org\/{rel}","templated":true}]}}