{"id":63638,"date":"2016-02-08T22:51:31","date_gmt":"2016-02-08T21:51:31","guid":{"rendered":"http:\/\/eldigitaldeasturias.com\/magazine365\/?p=63638"},"modified":"2016-02-08T22:51:31","modified_gmt":"2016-02-08T21:51:31","slug":"ana-elevo-un-13-sus-pasajeros-en-rutas-internacionales-en-2015","status":"publish","type":"post","link":"https:\/\/eldigitaldeasturias.com\/magazine365\/ana-elevo-un-13-sus-pasajeros-en-rutas-internacionales-en-2015\/","title":{"rendered":"ANA elev\u00f3 un 13% sus pasajeros en rutas internacionales en 2015"},"content":{"rendered":"<p><img fetchpriority=\"high\" decoding=\"async\" class=\"alignleft size-medium wp-image-63639\" src=\"https:\/\/eldigitaldeasturias.com\/magazine365\/wp-content\/uploads\/2016\/02\/fotonoticia_20160208175709_800-360x270.jpg\" alt=\"fotonoticia_20160208175709_800\" width=\"360\" height=\"270\" srcset=\"https:\/\/eldigitaldeasturias.com\/magazine365\/wp-content\/uploads\/2016\/02\/fotonoticia_20160208175709_800-360x270.jpg 360w, https:\/\/eldigitaldeasturias.com\/magazine365\/wp-content\/uploads\/2016\/02\/fotonoticia_20160208175709_800-650x488.jpg 650w, https:\/\/eldigitaldeasturias.com\/magazine365\/wp-content\/uploads\/2016\/02\/fotonoticia_20160208175709_800-768x576.jpg 768w, https:\/\/eldigitaldeasturias.com\/magazine365\/wp-content\/uploads\/2016\/02\/fotonoticia_20160208175709_800-150x113.jpg 150w, https:\/\/eldigitaldeasturias.com\/magazine365\/wp-content\/uploads\/2016\/02\/fotonoticia_20160208175709_800-450x338.jpg 450w, https:\/\/eldigitaldeasturias.com\/magazine365\/wp-content\/uploads\/2016\/02\/fotonoticia_20160208175709_800-80x60.jpg 80w, https:\/\/eldigitaldeasturias.com\/magazine365\/wp-content\/uploads\/2016\/02\/fotonoticia_20160208175709_800-265x198.jpg 265w, https:\/\/eldigitaldeasturias.com\/magazine365\/wp-content\/uploads\/2016\/02\/fotonoticia_20160208175709_800-696x522.jpg 696w, https:\/\/eldigitaldeasturias.com\/magazine365\/wp-content\/uploads\/2016\/02\/fotonoticia_20160208175709_800-560x420.jpg 560w, https:\/\/eldigitaldeasturias.com\/magazine365\/wp-content\/uploads\/2016\/02\/fotonoticia_20160208175709_800-90x67.jpg 90w, https:\/\/eldigitaldeasturias.com\/magazine365\/wp-content\/uploads\/2016\/02\/fotonoticia_20160208175709_800-164x124.jpg 164w, https:\/\/eldigitaldeasturias.com\/magazine365\/wp-content\/uploads\/2016\/02\/fotonoticia_20160208175709_800-100x75.jpg 100w, https:\/\/eldigitaldeasturias.com\/magazine365\/wp-content\/uploads\/2016\/02\/fotonoticia_20160208175709_800.jpg 800w\" sizes=\"(max-width: 360px) 100vw, 360px\" \/>All Nippon Airways (ANA) transport\u00f3 a un total 6,05 millones de pasajeros en sus rutas internacionales en 2015, lo que supone un 13% m\u00e1s que en 2014, con un factor de ocupaci\u00f3n que se situ\u00f3 en el 74,7%, 2,6 puntos porcentuales m\u00e1s.<\/p>\n<p>La demanda medida en Pasajeros por Kil\u00f3metro Transportado (PKT) aument\u00f3 un 13% y la oferta o Asientos por Kil\u00f3metro Ofertado (AKO) subi\u00f3 un 9,06%.<\/p>\n<p>En Europa, ANA movi\u00f3 a 55.185 pasajeros durante, lo que supone un 12,3% menos, con una ca\u00edda del 12,8% del tr\u00e1fico de viajeros. El factor de ocupaci\u00f3n fue del 63,8%, 7,5 puntos porcentuales menos, tras aplicar un recorte del 2,8% de la oferta.<\/p>\n<p>En el mercado estadounidense ANA traslad\u00f3 a 165.365 pasajeros, un 17,2% m\u00e1s que en el a\u00f1o anterior, con un factor de ocupaci\u00f3n del 75,5%, 0,7 puntos porcentuales m\u00e1s. En este mercado logr\u00f3 aumentar un 15,7% su demanda, tras elevar un 17% su oferta. .<\/p>\n<p>En las rutas asi\u00e1ticas la compa\u00f1\u00eda traslad\u00f3 a 463.820 pasajeros, un 13,5% m\u00e1s que en 2014 y su factor de ocupaci\u00f3n creci\u00f3 0,8 puntos porcentuales hasta el 74,3%. La aerol\u00ednea aument\u00f3 un 21,1% su oferta y vio crecer un 22,4% su demanda.<\/p>\n<p>2,1% MENOS DE PASAJEROS DOM\u00c9STICOS<\/p>\n<p>En el mercado dom\u00e9stico, ANA disminuy\u00f3 un 2,1% el volumen de pasajeros transportados durante 2015, hasta 29,35 millones de viajeros. El factor de ocupaci\u00f3n alcanz\u00f3 el 64,2%, 0,6 puntos porcentuales m\u00e1s que en 2014. La demanda en este mercado descendi\u00f3 un 0,67%, tras reducir en un 1,6% su oferta.<\/p>\n<p>En el tr\u00e1fico de carga, la aerol\u00ednea nipona movi\u00f3 m\u00e1s de 511.323 toneladas a trav\u00e9s de sus rutas internacionales en 2015, lo que supone una disminuci\u00f3n del 6,28% respecto al a\u00f1o anterior. A cierre de a\u00f1o, en el mercado nacional la aerol\u00ednea transport\u00f3 376.456 toneladas de carga, un 2% menos que en 2014.<\/p>\n","protected":false},"excerpt":{"rendered":"<p>All Nippon Airways (ANA) transport\u00f3 a un total 6,05 millones de pasajeros en sus rutas internacionales en 2015, lo que supone un 13% m\u00e1s que en 2014, con un factor de ocupaci\u00f3n que se situ\u00f3 en el 74,7%, 2,6 puntos porcentuales m\u00e1s. La demanda medida en Pasajeros por Kil\u00f3metro Transportado (PKT) aument\u00f3 un 13% y<\/p>\n","protected":false},"author":1,"featured_media":63639,"comment_status":"open","ping_status":"closed","sticky":false,"template":"","format":"standard","meta":{"footnotes":""},"categories":[224],"tags":[],"class_list":{"0":"post-63638","1":"post","2":"type-post","3":"status-publish","4":"format-standard","5":"has-post-thumbnail","7":"category-noticias-actualidad"},"aioseo_notices":[],"aioseo_head":"\n\t\t<!-- All in One SEO Pro 4.9.6.1 - aioseo.com -->\n\t<meta name=\"description\" content=\"All Nippon Airways (ANA) transport\u00f3 a un total 6,05 millones de pasajeros en sus rutas internacionales en 2015, lo que supone un 13% m\u00e1s que en 2014, con un factor de ocupaci\u00f3n que se situ\u00f3 en el 74,7%, 2,6 puntos porcentuales m\u00e1s. La demanda medida en Pasajeros por Kil\u00f3metro Transportado (PKT) aument\u00f3 un 13% y\" \/>\n\t<meta name=\"robots\" content=\"max-image-preview:large\" \/>\n\t<meta name=\"author\" content=\"admin\"\/>\n\t<meta name=\"google-site-verification\" content=\"UA-38556648-1\" \/>\n\t<meta name=\"keywords\" content=\"noticias y actualidad\" \/>\n\t<link rel=\"canonical\" href=\"https:\/\/eldigitaldeasturias.com\/magazine365\/ana-elevo-un-13-sus-pasajeros-en-rutas-internacionales-en-2015\/\" \/>\n\t<meta name=\"generator\" content=\"All in One SEO Pro (AIOSEO) 4.9.6.1\" \/>\n\t\t<meta property=\"og:locale\" content=\"es_ES\" \/>\n\t\t<meta property=\"og:site_name\" content=\"El Digital de Asturias \u2013 Revista de ocio, turismo y estilo de vida\" \/>\n\t\t<meta property=\"og:type\" content=\"article\" \/>\n\t\t<meta property=\"og:title\" content=\"ANA elev\u00f3 un 13% sus pasajeros en rutas internacionales en 2015 | El Digital de Asturias\" \/>\n\t\t<meta property=\"og:description\" content=\"All Nippon Airways (ANA) transport\u00f3 a un total 6,05 millones de pasajeros en sus rutas internacionales en 2015, lo que supone un 13% m\u00e1s que en 2014, con un factor de ocupaci\u00f3n que se situ\u00f3 en el 74,7%, 2,6 puntos porcentuales m\u00e1s. La demanda medida en Pasajeros por Kil\u00f3metro Transportado (PKT) aument\u00f3 un 13% y\" \/>\n\t\t<meta property=\"og:url\" content=\"https:\/\/eldigitaldeasturias.com\/magazine365\/ana-elevo-un-13-sus-pasajeros-en-rutas-internacionales-en-2015\/\" \/>\n\t\t<meta property=\"og:image\" content=\"https:\/\/eldigitaldeasturias.com\/magazine365\/wp-content\/uploads\/2016\/02\/fotonoticia_20160208175709_800.jpg\" \/>\n\t\t<meta property=\"og:image:secure_url\" content=\"https:\/\/eldigitaldeasturias.com\/magazine365\/wp-content\/uploads\/2016\/02\/fotonoticia_20160208175709_800.jpg\" \/>\n\t\t<meta property=\"og:image:width\" content=\"800\" \/>\n\t\t<meta property=\"og:image:height\" content=\"600\" \/>\n\t\t<meta property=\"article:published_time\" content=\"2016-02-08T21:51:31+00:00\" \/>\n\t\t<meta property=\"article:modified_time\" content=\"2016-02-08T21:51:31+00:00\" \/>\n\t\t<meta name=\"twitter:card\" content=\"summary_large_image\" \/>\n\t\t<meta name=\"twitter:title\" content=\"ANA elev\u00f3 un 13% sus pasajeros en rutas internacionales en 2015 | El Digital de Asturias\" \/>\n\t\t<meta name=\"twitter:description\" content=\"All Nippon Airways (ANA) transport\u00f3 a un total 6,05 millones de pasajeros en sus rutas internacionales en 2015, lo que supone un 13% m\u00e1s que en 2014, con un factor de ocupaci\u00f3n que se situ\u00f3 en el 74,7%, 2,6 puntos porcentuales m\u00e1s. La demanda medida en Pasajeros por Kil\u00f3metro Transportado (PKT) aument\u00f3 un 13% y\" \/>\n\t\t<meta name=\"twitter:image\" content=\"https:\/\/eldigitaldeasturias.com\/magazine365\/wp-content\/uploads\/2016\/02\/fotonoticia_20160208175709_800.jpg\" \/>\n\t\t<script type=\"application\/ld+json\" class=\"aioseo-schema\">\n\t\t\t{\"@context\":\"https:\\\/\\\/schema.org\",\"@graph\":[{\"@type\":\"Article\",\"@id\":\"https:\\\/\\\/eldigitaldeasturias.com\\\/magazine365\\\/ana-elevo-un-13-sus-pasajeros-en-rutas-internacionales-en-2015\\\/#article\",\"name\":\"ANA elev\\u00f3 un 13% sus pasajeros en rutas internacionales en 2015 | El Digital de Asturias\",\"headline\":\"ANA elev\\u00f3 un 13% sus pasajeros en rutas internacionales en 2015\",\"author\":{\"@id\":\"https:\\\/\\\/eldigitaldeasturias.com\\\/magazine365\\\/author\\\/admin\\\/#author\"},\"publisher\":{\"@id\":\"https:\\\/\\\/eldigitaldeasturias.com\\\/magazine365\\\/#organization\"},\"image\":{\"@type\":\"ImageObject\",\"url\":\"https:\\\/\\\/eldigitaldeasturias.com\\\/magazine365\\\/wp-content\\\/uploads\\\/2016\\\/02\\\/fotonoticia_20160208175709_800.jpg\",\"width\":800,\"height\":600},\"datePublished\":\"2016-02-08T22:51:31+01:00\",\"dateModified\":\"2016-02-08T22:51:31+01:00\",\"inLanguage\":\"es-ES\",\"mainEntityOfPage\":{\"@id\":\"https:\\\/\\\/eldigitaldeasturias.com\\\/magazine365\\\/ana-elevo-un-13-sus-pasajeros-en-rutas-internacionales-en-2015\\\/#webpage\"},\"isPartOf\":{\"@id\":\"https:\\\/\\\/eldigitaldeasturias.com\\\/magazine365\\\/ana-elevo-un-13-sus-pasajeros-en-rutas-internacionales-en-2015\\\/#webpage\"},\"articleSection\":\"Noticias y Actualidad\"},{\"@type\":\"BreadcrumbList\",\"@id\":\"https:\\\/\\\/eldigitaldeasturias.com\\\/magazine365\\\/ana-elevo-un-13-sus-pasajeros-en-rutas-internacionales-en-2015\\\/#breadcrumblist\",\"itemListElement\":[{\"@type\":\"ListItem\",\"@id\":\"https:\\\/\\\/eldigitaldeasturias.com\\\/magazine365#listItem\",\"position\":1,\"name\":\"Home\",\"item\":\"https:\\\/\\\/eldigitaldeasturias.com\\\/magazine365\",\"nextItem\":{\"@type\":\"ListItem\",\"@id\":\"https:\\\/\\\/eldigitaldeasturias.com\\\/magazine365\\\/category\\\/noticias-actualidad\\\/#listItem\",\"name\":\"Noticias y Actualidad\"}},{\"@type\":\"ListItem\",\"@id\":\"https:\\\/\\\/eldigitaldeasturias.com\\\/magazine365\\\/category\\\/noticias-actualidad\\\/#listItem\",\"position\":2,\"name\":\"Noticias y Actualidad\",\"item\":\"https:\\\/\\\/eldigitaldeasturias.com\\\/magazine365\\\/category\\\/noticias-actualidad\\\/\",\"nextItem\":{\"@type\":\"ListItem\",\"@id\":\"https:\\\/\\\/eldigitaldeasturias.com\\\/magazine365\\\/ana-elevo-un-13-sus-pasajeros-en-rutas-internacionales-en-2015\\\/#listItem\",\"name\":\"ANA elev\\u00f3 un 13% sus pasajeros en rutas internacionales en 2015\"},\"previousItem\":{\"@type\":\"ListItem\",\"@id\":\"https:\\\/\\\/eldigitaldeasturias.com\\\/magazine365#listItem\",\"name\":\"Home\"}},{\"@type\":\"ListItem\",\"@id\":\"https:\\\/\\\/eldigitaldeasturias.com\\\/magazine365\\\/ana-elevo-un-13-sus-pasajeros-en-rutas-internacionales-en-2015\\\/#listItem\",\"position\":3,\"name\":\"ANA elev\\u00f3 un 13% sus pasajeros en rutas internacionales en 2015\",\"previousItem\":{\"@type\":\"ListItem\",\"@id\":\"https:\\\/\\\/eldigitaldeasturias.com\\\/magazine365\\\/category\\\/noticias-actualidad\\\/#listItem\",\"name\":\"Noticias y Actualidad\"}}]},{\"@type\":\"Organization\",\"@id\":\"https:\\\/\\\/eldigitaldeasturias.com\\\/magazine365\\\/#organization\",\"name\":\"El digital de Asturias\",\"description\":\"Revista de ocio, turismo y estilo de vida\",\"url\":\"https:\\\/\\\/eldigitaldeasturias.com\\\/magazine365\\\/\",\"logo\":{\"@type\":\"ImageObject\",\"url\":\"https:\\\/\\\/www.eldigitaldeasturias.com\\\/noticias\\\/wp-content\\\/uploads\\\/2020\\\/12\\\/EDA.jpg\",\"@id\":\"https:\\\/\\\/eldigitaldeasturias.com\\\/magazine365\\\/ana-elevo-un-13-sus-pasajeros-en-rutas-internacionales-en-2015\\\/#organizationLogo\"},\"image\":{\"@id\":\"https:\\\/\\\/eldigitaldeasturias.com\\\/magazine365\\\/ana-elevo-un-13-sus-pasajeros-en-rutas-internacionales-en-2015\\\/#organizationLogo\"}},{\"@type\":\"Person\",\"@id\":\"https:\\\/\\\/eldigitaldeasturias.com\\\/magazine365\\\/author\\\/admin\\\/#author\",\"url\":\"https:\\\/\\\/eldigitaldeasturias.com\\\/magazine365\\\/author\\\/admin\\\/\",\"name\":\"admin\",\"image\":{\"@type\":\"ImageObject\",\"@id\":\"https:\\\/\\\/eldigitaldeasturias.com\\\/magazine365\\\/ana-elevo-un-13-sus-pasajeros-en-rutas-internacionales-en-2015\\\/#authorImage\",\"url\":\"https:\\\/\\\/eldigitaldeasturias.com\\\/magazine365\\\/wp-content\\\/litespeed\\\/avatar\\\/e571bcf59a0edd6fa6838245a470f2fe.jpg?ver=1776969259\",\"width\":96,\"height\":96,\"caption\":\"admin\"}},{\"@type\":\"WebPage\",\"@id\":\"https:\\\/\\\/eldigitaldeasturias.com\\\/magazine365\\\/ana-elevo-un-13-sus-pasajeros-en-rutas-internacionales-en-2015\\\/#webpage\",\"url\":\"https:\\\/\\\/eldigitaldeasturias.com\\\/magazine365\\\/ana-elevo-un-13-sus-pasajeros-en-rutas-internacionales-en-2015\\\/\",\"name\":\"ANA elev\\u00f3 un 13% sus pasajeros en rutas internacionales en 2015 | El Digital de Asturias\",\"description\":\"All Nippon Airways (ANA) transport\\u00f3 a un total 6,05 millones de pasajeros en sus rutas internacionales en 2015, lo que supone un 13% m\\u00e1s que en 2014, con un factor de ocupaci\\u00f3n que se situ\\u00f3 en el 74,7%, 2,6 puntos porcentuales m\\u00e1s. La demanda medida en Pasajeros por Kil\\u00f3metro Transportado (PKT) aument\\u00f3 un 13% y\",\"inLanguage\":\"es-ES\",\"isPartOf\":{\"@id\":\"https:\\\/\\\/eldigitaldeasturias.com\\\/magazine365\\\/#website\"},\"breadcrumb\":{\"@id\":\"https:\\\/\\\/eldigitaldeasturias.com\\\/magazine365\\\/ana-elevo-un-13-sus-pasajeros-en-rutas-internacionales-en-2015\\\/#breadcrumblist\"},\"author\":{\"@id\":\"https:\\\/\\\/eldigitaldeasturias.com\\\/magazine365\\\/author\\\/admin\\\/#author\"},\"creator\":{\"@id\":\"https:\\\/\\\/eldigitaldeasturias.com\\\/magazine365\\\/author\\\/admin\\\/#author\"},\"image\":{\"@type\":\"ImageObject\",\"url\":\"https:\\\/\\\/eldigitaldeasturias.com\\\/magazine365\\\/wp-content\\\/uploads\\\/2016\\\/02\\\/fotonoticia_20160208175709_800.jpg\",\"@id\":\"https:\\\/\\\/eldigitaldeasturias.com\\\/magazine365\\\/ana-elevo-un-13-sus-pasajeros-en-rutas-internacionales-en-2015\\\/#mainImage\",\"width\":800,\"height\":600},\"primaryImageOfPage\":{\"@id\":\"https:\\\/\\\/eldigitaldeasturias.com\\\/magazine365\\\/ana-elevo-un-13-sus-pasajeros-en-rutas-internacionales-en-2015\\\/#mainImage\"},\"datePublished\":\"2016-02-08T22:51:31+01:00\",\"dateModified\":\"2016-02-08T22:51:31+01:00\"},{\"@type\":\"WebSite\",\"@id\":\"https:\\\/\\\/eldigitaldeasturias.com\\\/magazine365\\\/#website\",\"url\":\"https:\\\/\\\/eldigitaldeasturias.com\\\/magazine365\\\/\",\"name\":\"El Digital de Asturias\",\"description\":\"Revista de ocio, turismo y estilo de vida\",\"inLanguage\":\"es-ES\",\"publisher\":{\"@id\":\"https:\\\/\\\/eldigitaldeasturias.com\\\/magazine365\\\/#organization\"}}]}\n\t\t<\/script>\n\t\t<!-- All in One SEO Pro -->\r\n\t\t<title>ANA elev\u00f3 un 13% sus pasajeros en rutas internacionales en 2015 | El Digital de Asturias<\/title>\n\n","aioseo_head_json":{"title":"ANA elev\u00f3 un 13% sus pasajeros en rutas internacionales en 2015 | El Digital de Asturias","description":"All Nippon Airways (ANA) transport\u00f3 a un total 6,05 millones de pasajeros en sus rutas internacionales en 2015, lo que supone un 13% m\u00e1s que en 2014, con un factor de ocupaci\u00f3n que se situ\u00f3 en el 74,7%, 2,6 puntos porcentuales m\u00e1s. La demanda medida en Pasajeros por Kil\u00f3metro Transportado (PKT) aument\u00f3 un 13% y","canonical_url":"https:\/\/eldigitaldeasturias.com\/magazine365\/ana-elevo-un-13-sus-pasajeros-en-rutas-internacionales-en-2015\/","robots":"max-image-preview:large","keywords":"noticias y actualidad","webmasterTools":{"google-site-verification":"UA-38556648-1","miscellaneous":""},"schema":{"@context":"https:\/\/schema.org","@graph":[{"@type":"Article","@id":"https:\/\/eldigitaldeasturias.com\/magazine365\/ana-elevo-un-13-sus-pasajeros-en-rutas-internacionales-en-2015\/#article","name":"ANA elev\u00f3 un 13% sus pasajeros en rutas internacionales en 2015 | El Digital de Asturias","headline":"ANA elev\u00f3 un 13% sus pasajeros en rutas internacionales en 2015","author":{"@id":"https:\/\/eldigitaldeasturias.com\/magazine365\/author\/admin\/#author"},"publisher":{"@id":"https:\/\/eldigitaldeasturias.com\/magazine365\/#organization"},"image":{"@type":"ImageObject","url":"https:\/\/eldigitaldeasturias.com\/magazine365\/wp-content\/uploads\/2016\/02\/fotonoticia_20160208175709_800.jpg","width":800,"height":600},"datePublished":"2016-02-08T22:51:31+01:00","dateModified":"2016-02-08T22:51:31+01:00","inLanguage":"es-ES","mainEntityOfPage":{"@id":"https:\/\/eldigitaldeasturias.com\/magazine365\/ana-elevo-un-13-sus-pasajeros-en-rutas-internacionales-en-2015\/#webpage"},"isPartOf":{"@id":"https:\/\/eldigitaldeasturias.com\/magazine365\/ana-elevo-un-13-sus-pasajeros-en-rutas-internacionales-en-2015\/#webpage"},"articleSection":"Noticias y Actualidad"},{"@type":"BreadcrumbList","@id":"https:\/\/eldigitaldeasturias.com\/magazine365\/ana-elevo-un-13-sus-pasajeros-en-rutas-internacionales-en-2015\/#breadcrumblist","itemListElement":[{"@type":"ListItem","@id":"https:\/\/eldigitaldeasturias.com\/magazine365#listItem","position":1,"name":"Home","item":"https:\/\/eldigitaldeasturias.com\/magazine365","nextItem":{"@type":"ListItem","@id":"https:\/\/eldigitaldeasturias.com\/magazine365\/category\/noticias-actualidad\/#listItem","name":"Noticias y Actualidad"}},{"@type":"ListItem","@id":"https:\/\/eldigitaldeasturias.com\/magazine365\/category\/noticias-actualidad\/#listItem","position":2,"name":"Noticias y Actualidad","item":"https:\/\/eldigitaldeasturias.com\/magazine365\/category\/noticias-actualidad\/","nextItem":{"@type":"ListItem","@id":"https:\/\/eldigitaldeasturias.com\/magazine365\/ana-elevo-un-13-sus-pasajeros-en-rutas-internacionales-en-2015\/#listItem","name":"ANA elev\u00f3 un 13% sus pasajeros en rutas internacionales en 2015"},"previousItem":{"@type":"ListItem","@id":"https:\/\/eldigitaldeasturias.com\/magazine365#listItem","name":"Home"}},{"@type":"ListItem","@id":"https:\/\/eldigitaldeasturias.com\/magazine365\/ana-elevo-un-13-sus-pasajeros-en-rutas-internacionales-en-2015\/#listItem","position":3,"name":"ANA elev\u00f3 un 13% sus pasajeros en rutas internacionales en 2015","previousItem":{"@type":"ListItem","@id":"https:\/\/eldigitaldeasturias.com\/magazine365\/category\/noticias-actualidad\/#listItem","name":"Noticias y Actualidad"}}]},{"@type":"Organization","@id":"https:\/\/eldigitaldeasturias.com\/magazine365\/#organization","name":"El digital de Asturias","description":"Revista de ocio, turismo y estilo de vida","url":"https:\/\/eldigitaldeasturias.com\/magazine365\/","logo":{"@type":"ImageObject","url":"https:\/\/www.eldigitaldeasturias.com\/noticias\/wp-content\/uploads\/2020\/12\/EDA.jpg","@id":"https:\/\/eldigitaldeasturias.com\/magazine365\/ana-elevo-un-13-sus-pasajeros-en-rutas-internacionales-en-2015\/#organizationLogo"},"image":{"@id":"https:\/\/eldigitaldeasturias.com\/magazine365\/ana-elevo-un-13-sus-pasajeros-en-rutas-internacionales-en-2015\/#organizationLogo"}},{"@type":"Person","@id":"https:\/\/eldigitaldeasturias.com\/magazine365\/author\/admin\/#author","url":"https:\/\/eldigitaldeasturias.com\/magazine365\/author\/admin\/","name":"admin","image":{"@type":"ImageObject","@id":"https:\/\/eldigitaldeasturias.com\/magazine365\/ana-elevo-un-13-sus-pasajeros-en-rutas-internacionales-en-2015\/#authorImage","url":"https:\/\/eldigitaldeasturias.com\/magazine365\/wp-content\/litespeed\/avatar\/e571bcf59a0edd6fa6838245a470f2fe.jpg?ver=1776969259","width":96,"height":96,"caption":"admin"}},{"@type":"WebPage","@id":"https:\/\/eldigitaldeasturias.com\/magazine365\/ana-elevo-un-13-sus-pasajeros-en-rutas-internacionales-en-2015\/#webpage","url":"https:\/\/eldigitaldeasturias.com\/magazine365\/ana-elevo-un-13-sus-pasajeros-en-rutas-internacionales-en-2015\/","name":"ANA elev\u00f3 un 13% sus pasajeros en rutas internacionales en 2015 | El Digital de Asturias","description":"All Nippon Airways (ANA) transport\u00f3 a un total 6,05 millones de pasajeros en sus rutas internacionales en 2015, lo que supone un 13% m\u00e1s que en 2014, con un factor de ocupaci\u00f3n que se situ\u00f3 en el 74,7%, 2,6 puntos porcentuales m\u00e1s. La demanda medida en Pasajeros por Kil\u00f3metro Transportado (PKT) aument\u00f3 un 13% y","inLanguage":"es-ES","isPartOf":{"@id":"https:\/\/eldigitaldeasturias.com\/magazine365\/#website"},"breadcrumb":{"@id":"https:\/\/eldigitaldeasturias.com\/magazine365\/ana-elevo-un-13-sus-pasajeros-en-rutas-internacionales-en-2015\/#breadcrumblist"},"author":{"@id":"https:\/\/eldigitaldeasturias.com\/magazine365\/author\/admin\/#author"},"creator":{"@id":"https:\/\/eldigitaldeasturias.com\/magazine365\/author\/admin\/#author"},"image":{"@type":"ImageObject","url":"https:\/\/eldigitaldeasturias.com\/magazine365\/wp-content\/uploads\/2016\/02\/fotonoticia_20160208175709_800.jpg","@id":"https:\/\/eldigitaldeasturias.com\/magazine365\/ana-elevo-un-13-sus-pasajeros-en-rutas-internacionales-en-2015\/#mainImage","width":800,"height":600},"primaryImageOfPage":{"@id":"https:\/\/eldigitaldeasturias.com\/magazine365\/ana-elevo-un-13-sus-pasajeros-en-rutas-internacionales-en-2015\/#mainImage"},"datePublished":"2016-02-08T22:51:31+01:00","dateModified":"2016-02-08T22:51:31+01:00"},{"@type":"WebSite","@id":"https:\/\/eldigitaldeasturias.com\/magazine365\/#website","url":"https:\/\/eldigitaldeasturias.com\/magazine365\/","name":"El Digital de Asturias","description":"Revista de ocio, turismo y estilo de vida","inLanguage":"es-ES","publisher":{"@id":"https:\/\/eldigitaldeasturias.com\/magazine365\/#organization"}}]},"og:locale":"es_ES","og:site_name":"El Digital de Asturias \u2013 Revista de ocio, turismo y estilo de vida","og:type":"article","og:title":"ANA elev\u00f3 un 13% sus pasajeros en rutas internacionales en 2015 | El Digital de Asturias","og:description":"All Nippon Airways (ANA) transport\u00f3 a un total 6,05 millones de pasajeros en sus rutas internacionales en 2015, lo que supone un 13% m\u00e1s que en 2014, con un factor de ocupaci\u00f3n que se situ\u00f3 en el 74,7%, 2,6 puntos porcentuales m\u00e1s. La demanda medida en Pasajeros por Kil\u00f3metro Transportado (PKT) aument\u00f3 un 13% y","og:url":"https:\/\/eldigitaldeasturias.com\/magazine365\/ana-elevo-un-13-sus-pasajeros-en-rutas-internacionales-en-2015\/","og:image":"https:\/\/eldigitaldeasturias.com\/magazine365\/wp-content\/uploads\/2016\/02\/fotonoticia_20160208175709_800.jpg","og:image:secure_url":"https:\/\/eldigitaldeasturias.com\/magazine365\/wp-content\/uploads\/2016\/02\/fotonoticia_20160208175709_800.jpg","og:image:width":800,"og:image:height":600,"article:published_time":"2016-02-08T21:51:31+00:00","article:modified_time":"2016-02-08T21:51:31+00:00","twitter:card":"summary_large_image","twitter:title":"ANA elev\u00f3 un 13% sus pasajeros en rutas internacionales en 2015 | El Digital de Asturias","twitter:description":"All Nippon Airways (ANA) transport\u00f3 a un total 6,05 millones de pasajeros en sus rutas internacionales en 2015, lo que supone un 13% m\u00e1s que en 2014, con un factor de ocupaci\u00f3n que se situ\u00f3 en el 74,7%, 2,6 puntos porcentuales m\u00e1s. La demanda medida en Pasajeros por Kil\u00f3metro Transportado (PKT) aument\u00f3 un 13% y","twitter:image":"https:\/\/eldigitaldeasturias.com\/magazine365\/wp-content\/uploads\/2016\/02\/fotonoticia_20160208175709_800.jpg"},"aioseo_meta_data":{"post_id":"63638","title":null,"description":null,"keywords":null,"keyphrases":null,"primary_term":null,"canonical_url":null,"og_title":null,"og_description":null,"og_object_type":"default","og_image_type":"default","og_image_url":null,"og_image_width":null,"og_image_height":null,"og_image_custom_url":null,"og_image_custom_fields":null,"og_video":null,"og_custom_url":null,"og_article_section":null,"og_article_tags":null,"twitter_use_og":false,"twitter_card":"default","twitter_image_type":"default","twitter_image_url":null,"twitter_image_custom_url":null,"twitter_image_custom_fields":null,"twitter_title":null,"twitter_description":null,"schema":{"blockGraphs":[],"customGraphs":[],"default":{"data":{"Article":[],"Course":[],"Dataset":[],"FAQPage":[],"Movie":[],"Person":[],"Product":[],"ProductReview":[],"Car":[],"Recipe":[],"Service":[],"SoftwareApplication":[],"WebPage":[]},"graphName":"","isEnabled":true},"graphs":[],"defaultGraph":"","defaultPostTypeGraph":""},"schema_type":null,"schema_type_options":null,"pillar_content":false,"robots_default":true,"robots_noindex":false,"robots_noarchive":false,"robots_nosnippet":false,"robots_nofollow":false,"robots_noimageindex":false,"robots_noodp":false,"robots_notranslate":false,"robots_max_snippet":null,"robots_max_videopreview":null,"robots_max_imagepreview":"large","priority":null,"frequency":null,"location":null,"local_seo":null,"seo_analyzer_scan_date":"2025-09-25 13:31:11","breadcrumb_settings":null,"limit_modified_date":false,"open_ai":null,"ai":null,"created":"2021-03-08 21:21:19","updated":"2025-09-25 13:31:11"},"aioseo_breadcrumb":"<div class=\"aioseo-breadcrumbs\"><span class=\"aioseo-breadcrumb\">\n\t<a href=\"https:\/\/eldigitaldeasturias.com\/magazine365\" title=\"Home\">Home<\/a>\n<\/span><span class=\"aioseo-breadcrumb-separator\">\u2013<\/span><span class=\"aioseo-breadcrumb\">\n\t<a href=\"https:\/\/eldigitaldeasturias.com\/magazine365\/category\/noticias-actualidad\/\" title=\"Noticias y Actualidad\">Noticias y Actualidad<\/a>\n<\/span><span class=\"aioseo-breadcrumb-separator\">\u2013<\/span><span class=\"aioseo-breadcrumb\">\n\t<a href=\"https:\/\/eldigitaldeasturias.com\/magazine365\/ana-elevo-un-13-sus-pasajeros-en-rutas-internacionales-en-2015\/\" title=\"ANA elev\u00f3 un 13% sus pasajeros en rutas internacionales en 2015\">ANA elev\u00f3 un 13% sus pasajeros en rutas internacionales en 2015<\/a>\n<\/span><\/div>","aioseo_breadcrumb_json":[{"label":"Home","link":"https:\/\/eldigitaldeasturias.com\/magazine365"},{"label":"Noticias y Actualidad","link":"https:\/\/eldigitaldeasturias.com\/magazine365\/category\/noticias-actualidad\/"},{"label":"ANA elev\u00f3 un 13% sus pasajeros en rutas internacionales en 2015","link":"https:\/\/eldigitaldeasturias.com\/magazine365\/ana-elevo-un-13-sus-pasajeros-en-rutas-internacionales-en-2015\/"}],"_links":{"self":[{"href":"https:\/\/eldigitaldeasturias.com\/magazine365\/wp-json\/wp\/v2\/posts\/63638","targetHints":{"allow":["GET"]}}],"collection":[{"href":"https:\/\/eldigitaldeasturias.com\/magazine365\/wp-json\/wp\/v2\/posts"}],"about":[{"href":"https:\/\/eldigitaldeasturias.com\/magazine365\/wp-json\/wp\/v2\/types\/post"}],"author":[{"embeddable":true,"href":"https:\/\/eldigitaldeasturias.com\/magazine365\/wp-json\/wp\/v2\/users\/1"}],"replies":[{"embeddable":true,"href":"https:\/\/eldigitaldeasturias.com\/magazine365\/wp-json\/wp\/v2\/comments?post=63638"}],"version-history":[{"count":0,"href":"https:\/\/eldigitaldeasturias.com\/magazine365\/wp-json\/wp\/v2\/posts\/63638\/revisions"}],"wp:featuredmedia":[{"embeddable":true,"href":"https:\/\/eldigitaldeasturias.com\/magazine365\/wp-json\/wp\/v2\/media\/63639"}],"wp:attachment":[{"href":"https:\/\/eldigitaldeasturias.com\/magazine365\/wp-json\/wp\/v2\/media?parent=63638"}],"wp:term":[{"taxonomy":"category","embeddable":true,"href":"https:\/\/eldigitaldeasturias.com\/magazine365\/wp-json\/wp\/v2\/categories?post=63638"},{"taxonomy":"post_tag","embeddable":true,"href":"https:\/\/eldigitaldeasturias.com\/magazine365\/wp-json\/wp\/v2\/tags?post=63638"}],"curies":[{"name":"wp","href":"https:\/\/api.w.org\/{rel}","templated":true}]}}