{"id":63606,"date":"2016-02-08T22:34:41","date_gmt":"2016-02-08T21:34:41","guid":{"rendered":"http:\/\/eldigitaldeasturias.com\/magazine365\/?p=63606"},"modified":"2016-02-08T22:34:41","modified_gmt":"2016-02-08T21:34:41","slug":"la-junta-de-andalucia-destaca-que-hara-promocionara-cordoba-como-ciudad-de-congresos","status":"publish","type":"post","link":"https:\/\/eldigitaldeasturias.com\/magazine365\/la-junta-de-andalucia-destaca-que-hara-promocionara-cordoba-como-ciudad-de-congresos\/","title":{"rendered":"La Junta de Andaluc\u00eda destaca que har\u00e1 promocionar\u00e1 C\u00f3rdoba como &#8216;Ciudad de congresos&#8217;"},"content":{"rendered":"<p><img fetchpriority=\"high\" decoding=\"async\" class=\"alignleft size-medium wp-image-63607\" src=\"https:\/\/eldigitaldeasturias.com\/magazine365\/wp-content\/uploads\/2016\/02\/fotonoticia_20160208152720_800-225x300.jpg\" alt=\"fotonoticia_20160208152720_800\" width=\"225\" height=\"300\" srcset=\"https:\/\/eldigitaldeasturias.com\/magazine365\/wp-content\/uploads\/2016\/02\/fotonoticia_20160208152720_800-225x300.jpg 225w, https:\/\/eldigitaldeasturias.com\/magazine365\/wp-content\/uploads\/2016\/02\/fotonoticia_20160208152720_800-480x640.jpg 480w, https:\/\/eldigitaldeasturias.com\/magazine365\/wp-content\/uploads\/2016\/02\/fotonoticia_20160208152720_800-768x1024.jpg 768w, https:\/\/eldigitaldeasturias.com\/magazine365\/wp-content\/uploads\/2016\/02\/fotonoticia_20160208152720_800-150x200.jpg 150w, https:\/\/eldigitaldeasturias.com\/magazine365\/wp-content\/uploads\/2016\/02\/fotonoticia_20160208152720_800-450x600.jpg 450w, https:\/\/eldigitaldeasturias.com\/magazine365\/wp-content\/uploads\/2016\/02\/fotonoticia_20160208152720_800-696x928.jpg 696w, https:\/\/eldigitaldeasturias.com\/magazine365\/wp-content\/uploads\/2016\/02\/fotonoticia_20160208152720_800-315x420.jpg 315w, https:\/\/eldigitaldeasturias.com\/magazine365\/wp-content\/uploads\/2016\/02\/fotonoticia_20160208152720_800.jpg 800w\" sizes=\"(max-width: 225px) 100vw, 225px\" \/>El consejero de Turismo y Deporte de la Junta de Andaluc\u00eda, Francisco Javier Fern\u00e1ndez, ha destacado este lunes que el Gobierno regional realizar\u00e1 \u00abuna promoci\u00f3n espec\u00edfica\u00bb de C\u00f3rdoba como &#8216;Ciudad de congresos&#8217;, junto con el Ayuntamiento de la capital y la Diputaci\u00f3n.<\/p>\n<p>En declaraciones a los periodistas, el consejero ha manifestado que desde la Consejer\u00eda de Turismo \u00abcuando est\u00e9 la fecha de finalizaci\u00f3n ya establecida\u00bb sobre las obras del Palacio de Congresos de la calle Torrijos, \u00abse va a hacer un programa de apoyo espec\u00edfico\u00bb, de manera que \u00abse va a desarrollar una acci\u00f3n espec\u00edfica de promoci\u00f3n para atraer congresos de mediano y gran tama\u00f1o\u00bb.<\/p>\n<p>As\u00ed, a la espera de adjudicaci\u00f3n tras la decisi\u00f3n de rescindir el contrato con Aldesa Construcciones S.A., Francisco Javier Fern\u00e1ndez ha defendido que se haga dicha promoci\u00f3n, porque considera que \u00abC\u00f3rdoba tiene mucha capacidad, un gran potencial y es una verdadera oportunidad para hacerla en este marco y ciudad que puede ofrecer tanto\u00bb.<\/p>\n","protected":false},"excerpt":{"rendered":"<p>El consejero de Turismo y Deporte de la Junta de Andaluc\u00eda, Francisco Javier Fern\u00e1ndez, ha destacado este lunes que el Gobierno regional realizar\u00e1 \u00abuna promoci\u00f3n espec\u00edfica\u00bb de C\u00f3rdoba como &#8216;Ciudad de congresos&#8217;, junto con el Ayuntamiento de la capital y la Diputaci\u00f3n. En declaraciones a los periodistas, el consejero ha manifestado que desde la Consejer\u00eda<\/p>\n","protected":false},"author":1,"featured_media":63607,"comment_status":"open","ping_status":"closed","sticky":false,"template":"","format":"standard","meta":{"footnotes":""},"categories":[224],"tags":[],"class_list":{"0":"post-63606","1":"post","2":"type-post","3":"status-publish","4":"format-standard","5":"has-post-thumbnail","7":"category-noticias-actualidad"},"aioseo_notices":[],"aioseo_head":"\n\t\t<!-- All in One SEO Pro 4.9.6.1 - aioseo.com -->\n\t<meta name=\"description\" content=\"El consejero de Turismo y Deporte de la Junta de Andaluc\u00eda, Francisco Javier Fern\u00e1ndez, ha destacado este lunes que el Gobierno regional realizar\u00e1 &quot;una promoci\u00f3n espec\u00edfica&quot; de C\u00f3rdoba como &#039;Ciudad de congresos&#039;, junto con el Ayuntamiento de la capital y la Diputaci\u00f3n. En declaraciones a los periodistas, el consejero ha manifestado que desde la Consejer\u00eda\" \/>\n\t<meta name=\"robots\" content=\"max-image-preview:large\" \/>\n\t<meta name=\"author\" content=\"admin\"\/>\n\t<meta name=\"google-site-verification\" content=\"UA-38556648-1\" \/>\n\t<meta name=\"keywords\" content=\"noticias y actualidad\" \/>\n\t<link rel=\"canonical\" href=\"https:\/\/eldigitaldeasturias.com\/magazine365\/la-junta-de-andalucia-destaca-que-hara-promocionara-cordoba-como-ciudad-de-congresos\/\" \/>\n\t<meta name=\"generator\" content=\"All in One SEO Pro (AIOSEO) 4.9.6.1\" \/>\n\t\t<meta property=\"og:locale\" content=\"es_ES\" \/>\n\t\t<meta property=\"og:site_name\" content=\"El Digital de Asturias \u2013 Revista de ocio, turismo y estilo de vida\" \/>\n\t\t<meta property=\"og:type\" content=\"article\" \/>\n\t\t<meta property=\"og:title\" content=\"La Junta de Andaluc\u00eda destaca que har\u00e1 promocionar\u00e1 C\u00f3rdoba como \u2018Ciudad de congresos\u2019 | El Digital de Asturias\" \/>\n\t\t<meta property=\"og:description\" content=\"El consejero de Turismo y Deporte de la Junta de Andaluc\u00eda, Francisco Javier Fern\u00e1ndez, ha destacado este lunes que el Gobierno regional realizar\u00e1 &quot;una promoci\u00f3n espec\u00edfica&quot; de C\u00f3rdoba como &#039;Ciudad de congresos&#039;, junto con el Ayuntamiento de la capital y la Diputaci\u00f3n. En declaraciones a los periodistas, el consejero ha manifestado que desde la Consejer\u00eda\" \/>\n\t\t<meta property=\"og:url\" content=\"https:\/\/eldigitaldeasturias.com\/magazine365\/la-junta-de-andalucia-destaca-que-hara-promocionara-cordoba-como-ciudad-de-congresos\/\" \/>\n\t\t<meta property=\"og:image\" content=\"https:\/\/eldigitaldeasturias.com\/magazine365\/wp-content\/uploads\/2016\/02\/fotonoticia_20160208152720_800.jpg\" \/>\n\t\t<meta property=\"og:image:secure_url\" content=\"https:\/\/eldigitaldeasturias.com\/magazine365\/wp-content\/uploads\/2016\/02\/fotonoticia_20160208152720_800.jpg\" \/>\n\t\t<meta property=\"og:image:width\" content=\"800\" \/>\n\t\t<meta property=\"og:image:height\" content=\"1067\" \/>\n\t\t<meta property=\"article:published_time\" content=\"2016-02-08T21:34:41+00:00\" \/>\n\t\t<meta property=\"article:modified_time\" content=\"2016-02-08T21:34:41+00:00\" \/>\n\t\t<meta name=\"twitter:card\" content=\"summary_large_image\" \/>\n\t\t<meta name=\"twitter:title\" content=\"La Junta de Andaluc\u00eda destaca que har\u00e1 promocionar\u00e1 C\u00f3rdoba como \u2018Ciudad de congresos\u2019 | El Digital de Asturias\" \/>\n\t\t<meta name=\"twitter:description\" content=\"El consejero de Turismo y Deporte de la Junta de Andaluc\u00eda, Francisco Javier Fern\u00e1ndez, ha destacado este lunes que el Gobierno regional realizar\u00e1 &quot;una promoci\u00f3n espec\u00edfica&quot; de C\u00f3rdoba como &#039;Ciudad de congresos&#039;, junto con el Ayuntamiento de la capital y la Diputaci\u00f3n. En declaraciones a los periodistas, el consejero ha manifestado que desde la Consejer\u00eda\" \/>\n\t\t<meta name=\"twitter:image\" content=\"https:\/\/eldigitaldeasturias.com\/magazine365\/wp-content\/uploads\/2016\/02\/fotonoticia_20160208152720_800.jpg\" \/>\n\t\t<script type=\"application\/ld+json\" class=\"aioseo-schema\">\n\t\t\t{\"@context\":\"https:\\\/\\\/schema.org\",\"@graph\":[{\"@type\":\"Article\",\"@id\":\"https:\\\/\\\/eldigitaldeasturias.com\\\/magazine365\\\/la-junta-de-andalucia-destaca-que-hara-promocionara-cordoba-como-ciudad-de-congresos\\\/#article\",\"name\":\"La Junta de Andaluc\\u00eda destaca que har\\u00e1 promocionar\\u00e1 C\\u00f3rdoba como \\u2018Ciudad de congresos\\u2019 | El Digital de Asturias\",\"headline\":\"La Junta de Andaluc\\u00eda destaca que har\\u00e1 promocionar\\u00e1 C\\u00f3rdoba como &#8216;Ciudad de congresos&#8217;\",\"author\":{\"@id\":\"https:\\\/\\\/eldigitaldeasturias.com\\\/magazine365\\\/author\\\/admin\\\/#author\"},\"publisher\":{\"@id\":\"https:\\\/\\\/eldigitaldeasturias.com\\\/magazine365\\\/#organization\"},\"image\":{\"@type\":\"ImageObject\",\"url\":\"https:\\\/\\\/eldigitaldeasturias.com\\\/magazine365\\\/wp-content\\\/uploads\\\/2016\\\/02\\\/fotonoticia_20160208152720_800.jpg\",\"width\":800,\"height\":1067},\"datePublished\":\"2016-02-08T22:34:41+01:00\",\"dateModified\":\"2016-02-08T22:34:41+01:00\",\"inLanguage\":\"es-ES\",\"mainEntityOfPage\":{\"@id\":\"https:\\\/\\\/eldigitaldeasturias.com\\\/magazine365\\\/la-junta-de-andalucia-destaca-que-hara-promocionara-cordoba-como-ciudad-de-congresos\\\/#webpage\"},\"isPartOf\":{\"@id\":\"https:\\\/\\\/eldigitaldeasturias.com\\\/magazine365\\\/la-junta-de-andalucia-destaca-que-hara-promocionara-cordoba-como-ciudad-de-congresos\\\/#webpage\"},\"articleSection\":\"Noticias y Actualidad\"},{\"@type\":\"BreadcrumbList\",\"@id\":\"https:\\\/\\\/eldigitaldeasturias.com\\\/magazine365\\\/la-junta-de-andalucia-destaca-que-hara-promocionara-cordoba-como-ciudad-de-congresos\\\/#breadcrumblist\",\"itemListElement\":[{\"@type\":\"ListItem\",\"@id\":\"https:\\\/\\\/eldigitaldeasturias.com\\\/magazine365#listItem\",\"position\":1,\"name\":\"Home\",\"item\":\"https:\\\/\\\/eldigitaldeasturias.com\\\/magazine365\",\"nextItem\":{\"@type\":\"ListItem\",\"@id\":\"https:\\\/\\\/eldigitaldeasturias.com\\\/magazine365\\\/category\\\/noticias-actualidad\\\/#listItem\",\"name\":\"Noticias y Actualidad\"}},{\"@type\":\"ListItem\",\"@id\":\"https:\\\/\\\/eldigitaldeasturias.com\\\/magazine365\\\/category\\\/noticias-actualidad\\\/#listItem\",\"position\":2,\"name\":\"Noticias y Actualidad\",\"item\":\"https:\\\/\\\/eldigitaldeasturias.com\\\/magazine365\\\/category\\\/noticias-actualidad\\\/\",\"nextItem\":{\"@type\":\"ListItem\",\"@id\":\"https:\\\/\\\/eldigitaldeasturias.com\\\/magazine365\\\/la-junta-de-andalucia-destaca-que-hara-promocionara-cordoba-como-ciudad-de-congresos\\\/#listItem\",\"name\":\"La Junta de Andaluc\\u00eda destaca que har\\u00e1 promocionar\\u00e1 C\\u00f3rdoba como &#8216;Ciudad de congresos&#8217;\"},\"previousItem\":{\"@type\":\"ListItem\",\"@id\":\"https:\\\/\\\/eldigitaldeasturias.com\\\/magazine365#listItem\",\"name\":\"Home\"}},{\"@type\":\"ListItem\",\"@id\":\"https:\\\/\\\/eldigitaldeasturias.com\\\/magazine365\\\/la-junta-de-andalucia-destaca-que-hara-promocionara-cordoba-como-ciudad-de-congresos\\\/#listItem\",\"position\":3,\"name\":\"La Junta de Andaluc\\u00eda destaca que har\\u00e1 promocionar\\u00e1 C\\u00f3rdoba como &#8216;Ciudad de congresos&#8217;\",\"previousItem\":{\"@type\":\"ListItem\",\"@id\":\"https:\\\/\\\/eldigitaldeasturias.com\\\/magazine365\\\/category\\\/noticias-actualidad\\\/#listItem\",\"name\":\"Noticias y Actualidad\"}}]},{\"@type\":\"Organization\",\"@id\":\"https:\\\/\\\/eldigitaldeasturias.com\\\/magazine365\\\/#organization\",\"name\":\"El digital de Asturias\",\"description\":\"Revista de ocio, turismo y estilo de vida\",\"url\":\"https:\\\/\\\/eldigitaldeasturias.com\\\/magazine365\\\/\",\"logo\":{\"@type\":\"ImageObject\",\"url\":\"https:\\\/\\\/www.eldigitaldeasturias.com\\\/noticias\\\/wp-content\\\/uploads\\\/2020\\\/12\\\/EDA.jpg\",\"@id\":\"https:\\\/\\\/eldigitaldeasturias.com\\\/magazine365\\\/la-junta-de-andalucia-destaca-que-hara-promocionara-cordoba-como-ciudad-de-congresos\\\/#organizationLogo\"},\"image\":{\"@id\":\"https:\\\/\\\/eldigitaldeasturias.com\\\/magazine365\\\/la-junta-de-andalucia-destaca-que-hara-promocionara-cordoba-como-ciudad-de-congresos\\\/#organizationLogo\"}},{\"@type\":\"Person\",\"@id\":\"https:\\\/\\\/eldigitaldeasturias.com\\\/magazine365\\\/author\\\/admin\\\/#author\",\"url\":\"https:\\\/\\\/eldigitaldeasturias.com\\\/magazine365\\\/author\\\/admin\\\/\",\"name\":\"admin\",\"image\":{\"@type\":\"ImageObject\",\"@id\":\"https:\\\/\\\/eldigitaldeasturias.com\\\/magazine365\\\/la-junta-de-andalucia-destaca-que-hara-promocionara-cordoba-como-ciudad-de-congresos\\\/#authorImage\",\"url\":\"https:\\\/\\\/eldigitaldeasturias.com\\\/magazine365\\\/wp-content\\\/litespeed\\\/avatar\\\/e571bcf59a0edd6fa6838245a470f2fe.jpg?ver=1776969259\",\"width\":96,\"height\":96,\"caption\":\"admin\"}},{\"@type\":\"WebPage\",\"@id\":\"https:\\\/\\\/eldigitaldeasturias.com\\\/magazine365\\\/la-junta-de-andalucia-destaca-que-hara-promocionara-cordoba-como-ciudad-de-congresos\\\/#webpage\",\"url\":\"https:\\\/\\\/eldigitaldeasturias.com\\\/magazine365\\\/la-junta-de-andalucia-destaca-que-hara-promocionara-cordoba-como-ciudad-de-congresos\\\/\",\"name\":\"La Junta de Andaluc\\u00eda destaca que har\\u00e1 promocionar\\u00e1 C\\u00f3rdoba como \\u2018Ciudad de congresos\\u2019 | El Digital de Asturias\",\"description\":\"El consejero de Turismo y Deporte de la Junta de Andaluc\\u00eda, Francisco Javier Fern\\u00e1ndez, ha destacado este lunes que el Gobierno regional realizar\\u00e1 \\\"una promoci\\u00f3n espec\\u00edfica\\\" de C\\u00f3rdoba como 'Ciudad de congresos', junto con el Ayuntamiento de la capital y la Diputaci\\u00f3n. En declaraciones a los periodistas, el consejero ha manifestado que desde la Consejer\\u00eda\",\"inLanguage\":\"es-ES\",\"isPartOf\":{\"@id\":\"https:\\\/\\\/eldigitaldeasturias.com\\\/magazine365\\\/#website\"},\"breadcrumb\":{\"@id\":\"https:\\\/\\\/eldigitaldeasturias.com\\\/magazine365\\\/la-junta-de-andalucia-destaca-que-hara-promocionara-cordoba-como-ciudad-de-congresos\\\/#breadcrumblist\"},\"author\":{\"@id\":\"https:\\\/\\\/eldigitaldeasturias.com\\\/magazine365\\\/author\\\/admin\\\/#author\"},\"creator\":{\"@id\":\"https:\\\/\\\/eldigitaldeasturias.com\\\/magazine365\\\/author\\\/admin\\\/#author\"},\"image\":{\"@type\":\"ImageObject\",\"url\":\"https:\\\/\\\/eldigitaldeasturias.com\\\/magazine365\\\/wp-content\\\/uploads\\\/2016\\\/02\\\/fotonoticia_20160208152720_800.jpg\",\"@id\":\"https:\\\/\\\/eldigitaldeasturias.com\\\/magazine365\\\/la-junta-de-andalucia-destaca-que-hara-promocionara-cordoba-como-ciudad-de-congresos\\\/#mainImage\",\"width\":800,\"height\":1067},\"primaryImageOfPage\":{\"@id\":\"https:\\\/\\\/eldigitaldeasturias.com\\\/magazine365\\\/la-junta-de-andalucia-destaca-que-hara-promocionara-cordoba-como-ciudad-de-congresos\\\/#mainImage\"},\"datePublished\":\"2016-02-08T22:34:41+01:00\",\"dateModified\":\"2016-02-08T22:34:41+01:00\"},{\"@type\":\"WebSite\",\"@id\":\"https:\\\/\\\/eldigitaldeasturias.com\\\/magazine365\\\/#website\",\"url\":\"https:\\\/\\\/eldigitaldeasturias.com\\\/magazine365\\\/\",\"name\":\"El Digital de Asturias\",\"description\":\"Revista de ocio, turismo y estilo de vida\",\"inLanguage\":\"es-ES\",\"publisher\":{\"@id\":\"https:\\\/\\\/eldigitaldeasturias.com\\\/magazine365\\\/#organization\"}}]}\n\t\t<\/script>\n\t\t<!-- All in One SEO Pro -->\r\n\t\t<title>La Junta de Andaluc\u00eda destaca que har\u00e1 promocionar\u00e1 C\u00f3rdoba como \u2018Ciudad de congresos\u2019 | El Digital de Asturias<\/title>\n\n","aioseo_head_json":{"title":"La Junta de Andaluc\u00eda destaca que har\u00e1 promocionar\u00e1 C\u00f3rdoba como \u2018Ciudad de congresos\u2019 | El Digital de Asturias","description":"El consejero de Turismo y Deporte de la Junta de Andaluc\u00eda, Francisco Javier Fern\u00e1ndez, ha destacado este lunes que el Gobierno regional realizar\u00e1 \"una promoci\u00f3n espec\u00edfica\" de C\u00f3rdoba como 'Ciudad de congresos', junto con el Ayuntamiento de la capital y la Diputaci\u00f3n. En declaraciones a los periodistas, el consejero ha manifestado que desde la Consejer\u00eda","canonical_url":"https:\/\/eldigitaldeasturias.com\/magazine365\/la-junta-de-andalucia-destaca-que-hara-promocionara-cordoba-como-ciudad-de-congresos\/","robots":"max-image-preview:large","keywords":"noticias y actualidad","webmasterTools":{"google-site-verification":"UA-38556648-1","miscellaneous":""},"schema":{"@context":"https:\/\/schema.org","@graph":[{"@type":"Article","@id":"https:\/\/eldigitaldeasturias.com\/magazine365\/la-junta-de-andalucia-destaca-que-hara-promocionara-cordoba-como-ciudad-de-congresos\/#article","name":"La Junta de Andaluc\u00eda destaca que har\u00e1 promocionar\u00e1 C\u00f3rdoba como \u2018Ciudad de congresos\u2019 | El Digital de Asturias","headline":"La Junta de Andaluc\u00eda destaca que har\u00e1 promocionar\u00e1 C\u00f3rdoba como &#8216;Ciudad de congresos&#8217;","author":{"@id":"https:\/\/eldigitaldeasturias.com\/magazine365\/author\/admin\/#author"},"publisher":{"@id":"https:\/\/eldigitaldeasturias.com\/magazine365\/#organization"},"image":{"@type":"ImageObject","url":"https:\/\/eldigitaldeasturias.com\/magazine365\/wp-content\/uploads\/2016\/02\/fotonoticia_20160208152720_800.jpg","width":800,"height":1067},"datePublished":"2016-02-08T22:34:41+01:00","dateModified":"2016-02-08T22:34:41+01:00","inLanguage":"es-ES","mainEntityOfPage":{"@id":"https:\/\/eldigitaldeasturias.com\/magazine365\/la-junta-de-andalucia-destaca-que-hara-promocionara-cordoba-como-ciudad-de-congresos\/#webpage"},"isPartOf":{"@id":"https:\/\/eldigitaldeasturias.com\/magazine365\/la-junta-de-andalucia-destaca-que-hara-promocionara-cordoba-como-ciudad-de-congresos\/#webpage"},"articleSection":"Noticias y Actualidad"},{"@type":"BreadcrumbList","@id":"https:\/\/eldigitaldeasturias.com\/magazine365\/la-junta-de-andalucia-destaca-que-hara-promocionara-cordoba-como-ciudad-de-congresos\/#breadcrumblist","itemListElement":[{"@type":"ListItem","@id":"https:\/\/eldigitaldeasturias.com\/magazine365#listItem","position":1,"name":"Home","item":"https:\/\/eldigitaldeasturias.com\/magazine365","nextItem":{"@type":"ListItem","@id":"https:\/\/eldigitaldeasturias.com\/magazine365\/category\/noticias-actualidad\/#listItem","name":"Noticias y Actualidad"}},{"@type":"ListItem","@id":"https:\/\/eldigitaldeasturias.com\/magazine365\/category\/noticias-actualidad\/#listItem","position":2,"name":"Noticias y Actualidad","item":"https:\/\/eldigitaldeasturias.com\/magazine365\/category\/noticias-actualidad\/","nextItem":{"@type":"ListItem","@id":"https:\/\/eldigitaldeasturias.com\/magazine365\/la-junta-de-andalucia-destaca-que-hara-promocionara-cordoba-como-ciudad-de-congresos\/#listItem","name":"La Junta de Andaluc\u00eda destaca que har\u00e1 promocionar\u00e1 C\u00f3rdoba como &#8216;Ciudad de congresos&#8217;"},"previousItem":{"@type":"ListItem","@id":"https:\/\/eldigitaldeasturias.com\/magazine365#listItem","name":"Home"}},{"@type":"ListItem","@id":"https:\/\/eldigitaldeasturias.com\/magazine365\/la-junta-de-andalucia-destaca-que-hara-promocionara-cordoba-como-ciudad-de-congresos\/#listItem","position":3,"name":"La Junta de Andaluc\u00eda destaca que har\u00e1 promocionar\u00e1 C\u00f3rdoba como &#8216;Ciudad de congresos&#8217;","previousItem":{"@type":"ListItem","@id":"https:\/\/eldigitaldeasturias.com\/magazine365\/category\/noticias-actualidad\/#listItem","name":"Noticias y Actualidad"}}]},{"@type":"Organization","@id":"https:\/\/eldigitaldeasturias.com\/magazine365\/#organization","name":"El digital de Asturias","description":"Revista de ocio, turismo y estilo de vida","url":"https:\/\/eldigitaldeasturias.com\/magazine365\/","logo":{"@type":"ImageObject","url":"https:\/\/www.eldigitaldeasturias.com\/noticias\/wp-content\/uploads\/2020\/12\/EDA.jpg","@id":"https:\/\/eldigitaldeasturias.com\/magazine365\/la-junta-de-andalucia-destaca-que-hara-promocionara-cordoba-como-ciudad-de-congresos\/#organizationLogo"},"image":{"@id":"https:\/\/eldigitaldeasturias.com\/magazine365\/la-junta-de-andalucia-destaca-que-hara-promocionara-cordoba-como-ciudad-de-congresos\/#organizationLogo"}},{"@type":"Person","@id":"https:\/\/eldigitaldeasturias.com\/magazine365\/author\/admin\/#author","url":"https:\/\/eldigitaldeasturias.com\/magazine365\/author\/admin\/","name":"admin","image":{"@type":"ImageObject","@id":"https:\/\/eldigitaldeasturias.com\/magazine365\/la-junta-de-andalucia-destaca-que-hara-promocionara-cordoba-como-ciudad-de-congresos\/#authorImage","url":"https:\/\/eldigitaldeasturias.com\/magazine365\/wp-content\/litespeed\/avatar\/e571bcf59a0edd6fa6838245a470f2fe.jpg?ver=1776969259","width":96,"height":96,"caption":"admin"}},{"@type":"WebPage","@id":"https:\/\/eldigitaldeasturias.com\/magazine365\/la-junta-de-andalucia-destaca-que-hara-promocionara-cordoba-como-ciudad-de-congresos\/#webpage","url":"https:\/\/eldigitaldeasturias.com\/magazine365\/la-junta-de-andalucia-destaca-que-hara-promocionara-cordoba-como-ciudad-de-congresos\/","name":"La Junta de Andaluc\u00eda destaca que har\u00e1 promocionar\u00e1 C\u00f3rdoba como \u2018Ciudad de congresos\u2019 | El Digital de Asturias","description":"El consejero de Turismo y Deporte de la Junta de Andaluc\u00eda, Francisco Javier Fern\u00e1ndez, ha destacado este lunes que el Gobierno regional realizar\u00e1 \"una promoci\u00f3n espec\u00edfica\" de C\u00f3rdoba como 'Ciudad de congresos', junto con el Ayuntamiento de la capital y la Diputaci\u00f3n. En declaraciones a los periodistas, el consejero ha manifestado que desde la Consejer\u00eda","inLanguage":"es-ES","isPartOf":{"@id":"https:\/\/eldigitaldeasturias.com\/magazine365\/#website"},"breadcrumb":{"@id":"https:\/\/eldigitaldeasturias.com\/magazine365\/la-junta-de-andalucia-destaca-que-hara-promocionara-cordoba-como-ciudad-de-congresos\/#breadcrumblist"},"author":{"@id":"https:\/\/eldigitaldeasturias.com\/magazine365\/author\/admin\/#author"},"creator":{"@id":"https:\/\/eldigitaldeasturias.com\/magazine365\/author\/admin\/#author"},"image":{"@type":"ImageObject","url":"https:\/\/eldigitaldeasturias.com\/magazine365\/wp-content\/uploads\/2016\/02\/fotonoticia_20160208152720_800.jpg","@id":"https:\/\/eldigitaldeasturias.com\/magazine365\/la-junta-de-andalucia-destaca-que-hara-promocionara-cordoba-como-ciudad-de-congresos\/#mainImage","width":800,"height":1067},"primaryImageOfPage":{"@id":"https:\/\/eldigitaldeasturias.com\/magazine365\/la-junta-de-andalucia-destaca-que-hara-promocionara-cordoba-como-ciudad-de-congresos\/#mainImage"},"datePublished":"2016-02-08T22:34:41+01:00","dateModified":"2016-02-08T22:34:41+01:00"},{"@type":"WebSite","@id":"https:\/\/eldigitaldeasturias.com\/magazine365\/#website","url":"https:\/\/eldigitaldeasturias.com\/magazine365\/","name":"El Digital de Asturias","description":"Revista de ocio, turismo y estilo de vida","inLanguage":"es-ES","publisher":{"@id":"https:\/\/eldigitaldeasturias.com\/magazine365\/#organization"}}]},"og:locale":"es_ES","og:site_name":"El Digital de Asturias \u2013 Revista de ocio, turismo y estilo de vida","og:type":"article","og:title":"La Junta de Andaluc\u00eda destaca que har\u00e1 promocionar\u00e1 C\u00f3rdoba como \u2018Ciudad de congresos\u2019 | El Digital de Asturias","og:description":"El consejero de Turismo y Deporte de la Junta de Andaluc\u00eda, Francisco Javier Fern\u00e1ndez, ha destacado este lunes que el Gobierno regional realizar\u00e1 &quot;una promoci\u00f3n espec\u00edfica&quot; de C\u00f3rdoba como 'Ciudad de congresos', junto con el Ayuntamiento de la capital y la Diputaci\u00f3n. En declaraciones a los periodistas, el consejero ha manifestado que desde la Consejer\u00eda","og:url":"https:\/\/eldigitaldeasturias.com\/magazine365\/la-junta-de-andalucia-destaca-que-hara-promocionara-cordoba-como-ciudad-de-congresos\/","og:image":"https:\/\/eldigitaldeasturias.com\/magazine365\/wp-content\/uploads\/2016\/02\/fotonoticia_20160208152720_800.jpg","og:image:secure_url":"https:\/\/eldigitaldeasturias.com\/magazine365\/wp-content\/uploads\/2016\/02\/fotonoticia_20160208152720_800.jpg","og:image:width":800,"og:image:height":1067,"article:published_time":"2016-02-08T21:34:41+00:00","article:modified_time":"2016-02-08T21:34:41+00:00","twitter:card":"summary_large_image","twitter:title":"La Junta de Andaluc\u00eda destaca que har\u00e1 promocionar\u00e1 C\u00f3rdoba como \u2018Ciudad de congresos\u2019 | El Digital de Asturias","twitter:description":"El consejero de Turismo y Deporte de la Junta de Andaluc\u00eda, Francisco Javier Fern\u00e1ndez, ha destacado este lunes que el Gobierno regional realizar\u00e1 &quot;una promoci\u00f3n espec\u00edfica&quot; de C\u00f3rdoba como 'Ciudad de congresos', junto con el Ayuntamiento de la capital y la Diputaci\u00f3n. En declaraciones a los periodistas, el consejero ha manifestado que desde la Consejer\u00eda","twitter:image":"https:\/\/eldigitaldeasturias.com\/magazine365\/wp-content\/uploads\/2016\/02\/fotonoticia_20160208152720_800.jpg"},"aioseo_meta_data":{"post_id":"63606","title":null,"description":null,"keywords":null,"keyphrases":null,"primary_term":null,"canonical_url":null,"og_title":null,"og_description":null,"og_object_type":"default","og_image_type":"default","og_image_url":null,"og_image_width":null,"og_image_height":null,"og_image_custom_url":null,"og_image_custom_fields":null,"og_video":null,"og_custom_url":null,"og_article_section":null,"og_article_tags":null,"twitter_use_og":false,"twitter_card":"default","twitter_image_type":"default","twitter_image_url":null,"twitter_image_custom_url":null,"twitter_image_custom_fields":null,"twitter_title":null,"twitter_description":null,"schema":{"blockGraphs":[],"customGraphs":[],"default":{"data":{"Article":[],"Course":[],"Dataset":[],"FAQPage":[],"Movie":[],"Person":[],"Product":[],"ProductReview":[],"Car":[],"Recipe":[],"Service":[],"SoftwareApplication":[],"WebPage":[]},"graphName":"","isEnabled":true},"graphs":[],"defaultGraph":"","defaultPostTypeGraph":""},"schema_type":null,"schema_type_options":null,"pillar_content":false,"robots_default":true,"robots_noindex":false,"robots_noarchive":false,"robots_nosnippet":false,"robots_nofollow":false,"robots_noimageindex":false,"robots_noodp":false,"robots_notranslate":false,"robots_max_snippet":null,"robots_max_videopreview":null,"robots_max_imagepreview":"large","priority":null,"frequency":null,"location":null,"local_seo":null,"seo_analyzer_scan_date":"2025-09-25 13:28:10","breadcrumb_settings":null,"limit_modified_date":false,"open_ai":null,"ai":null,"created":"2021-03-08 21:21:19","updated":"2025-09-25 13:28:10"},"aioseo_breadcrumb":"<div class=\"aioseo-breadcrumbs\"><span class=\"aioseo-breadcrumb\">\n\t<a href=\"https:\/\/eldigitaldeasturias.com\/magazine365\" title=\"Home\">Home<\/a>\n<\/span><span class=\"aioseo-breadcrumb-separator\">\u2013<\/span><span class=\"aioseo-breadcrumb\">\n\t<a href=\"https:\/\/eldigitaldeasturias.com\/magazine365\/category\/noticias-actualidad\/\" title=\"Noticias y Actualidad\">Noticias y Actualidad<\/a>\n<\/span><span class=\"aioseo-breadcrumb-separator\">\u2013<\/span><span class=\"aioseo-breadcrumb\">\n\t<a href=\"https:\/\/eldigitaldeasturias.com\/magazine365\/la-junta-de-andalucia-destaca-que-hara-promocionara-cordoba-como-ciudad-de-congresos\/\" title=\"La Junta de Andaluc\u00eda destaca que har\u00e1 promocionar\u00e1 C\u00f3rdoba como \u2018Ciudad de congresos\u2019\">La Junta de Andaluc\u00eda destaca que har\u00e1 promocionar\u00e1 C\u00f3rdoba como \u2018Ciudad de congresos\u2019<\/a>\n<\/span><\/div>","aioseo_breadcrumb_json":[{"label":"Home","link":"https:\/\/eldigitaldeasturias.com\/magazine365"},{"label":"Noticias y Actualidad","link":"https:\/\/eldigitaldeasturias.com\/magazine365\/category\/noticias-actualidad\/"},{"label":"La Junta de Andaluc\u00eda destaca que har\u00e1 promocionar\u00e1 C\u00f3rdoba como &#8216;Ciudad de congresos&#8217;","link":"https:\/\/eldigitaldeasturias.com\/magazine365\/la-junta-de-andalucia-destaca-que-hara-promocionara-cordoba-como-ciudad-de-congresos\/"}],"_links":{"self":[{"href":"https:\/\/eldigitaldeasturias.com\/magazine365\/wp-json\/wp\/v2\/posts\/63606","targetHints":{"allow":["GET"]}}],"collection":[{"href":"https:\/\/eldigitaldeasturias.com\/magazine365\/wp-json\/wp\/v2\/posts"}],"about":[{"href":"https:\/\/eldigitaldeasturias.com\/magazine365\/wp-json\/wp\/v2\/types\/post"}],"author":[{"embeddable":true,"href":"https:\/\/eldigitaldeasturias.com\/magazine365\/wp-json\/wp\/v2\/users\/1"}],"replies":[{"embeddable":true,"href":"https:\/\/eldigitaldeasturias.com\/magazine365\/wp-json\/wp\/v2\/comments?post=63606"}],"version-history":[{"count":0,"href":"https:\/\/eldigitaldeasturias.com\/magazine365\/wp-json\/wp\/v2\/posts\/63606\/revisions"}],"wp:featuredmedia":[{"embeddable":true,"href":"https:\/\/eldigitaldeasturias.com\/magazine365\/wp-json\/wp\/v2\/media\/63607"}],"wp:attachment":[{"href":"https:\/\/eldigitaldeasturias.com\/magazine365\/wp-json\/wp\/v2\/media?parent=63606"}],"wp:term":[{"taxonomy":"category","embeddable":true,"href":"https:\/\/eldigitaldeasturias.com\/magazine365\/wp-json\/wp\/v2\/categories?post=63606"},{"taxonomy":"post_tag","embeddable":true,"href":"https:\/\/eldigitaldeasturias.com\/magazine365\/wp-json\/wp\/v2\/tags?post=63606"}],"curies":[{"name":"wp","href":"https:\/\/api.w.org\/{rel}","templated":true}]}}