{"id":63603,"date":"2016-02-08T22:33:44","date_gmt":"2016-02-08T21:33:44","guid":{"rendered":"http:\/\/eldigitaldeasturias.com\/magazine365\/?p=63603"},"modified":"2016-02-08T22:33:44","modified_gmt":"2016-02-08T21:33:44","slug":"la-rabida-abre-un-punto-de-informacion-turistica","status":"publish","type":"post","link":"https:\/\/eldigitaldeasturias.com\/magazine365\/la-rabida-abre-un-punto-de-informacion-turistica\/","title":{"rendered":"La R\u00e1bida abre un punto de informaci\u00f3n tur\u00edstica"},"content":{"rendered":"<p><img fetchpriority=\"high\" decoding=\"async\" class=\"alignleft size-medium wp-image-63604\" src=\"https:\/\/eldigitaldeasturias.com\/magazine365\/wp-content\/uploads\/2016\/02\/fotonoticia_20160208152621_800-360x240.jpg\" alt=\"fotonoticia_20160208152621_800\" width=\"360\" height=\"240\" srcset=\"https:\/\/eldigitaldeasturias.com\/magazine365\/wp-content\/uploads\/2016\/02\/fotonoticia_20160208152621_800-360x240.jpg 360w, https:\/\/eldigitaldeasturias.com\/magazine365\/wp-content\/uploads\/2016\/02\/fotonoticia_20160208152621_800-650x434.jpg 650w, https:\/\/eldigitaldeasturias.com\/magazine365\/wp-content\/uploads\/2016\/02\/fotonoticia_20160208152621_800-768x513.jpg 768w, https:\/\/eldigitaldeasturias.com\/magazine365\/wp-content\/uploads\/2016\/02\/fotonoticia_20160208152621_800-150x100.jpg 150w, https:\/\/eldigitaldeasturias.com\/magazine365\/wp-content\/uploads\/2016\/02\/fotonoticia_20160208152621_800-450x300.jpg 450w, https:\/\/eldigitaldeasturias.com\/magazine365\/wp-content\/uploads\/2016\/02\/fotonoticia_20160208152621_800-696x465.jpg 696w, https:\/\/eldigitaldeasturias.com\/magazine365\/wp-content\/uploads\/2016\/02\/fotonoticia_20160208152621_800-629x420.jpg 629w, https:\/\/eldigitaldeasturias.com\/magazine365\/wp-content\/uploads\/2016\/02\/fotonoticia_20160208152621_800-101x66.jpg 101w, https:\/\/eldigitaldeasturias.com\/magazine365\/wp-content\/uploads\/2016\/02\/fotonoticia_20160208152621_800.jpg 800w\" sizes=\"(max-width: 360px) 100vw, 360px\" \/>La R\u00e1bida, un espacio que el pasado a\u00f1o super\u00f3 las 200.000 visitas, cuenta desde este lunes con un Punto de Informaci\u00f3n Tur\u00edstica para ofrecer a los visitantes tanto informaci\u00f3n de los Lugares Colombinos como del resto de la provincia de Huelva.<\/p>\n<p>La oficina se ubica en el nuevo edificio denominado &#8216;Edificio Puente&#8217;, situado en el paseo paralelo al Estero Domingo Rubio, y donde tambi\u00e9n se encuentra una Sala Multiusos que hoy ha acogido la inauguraci\u00f3n del XII Concurso Internacional de Vinos y Espirituosos y la VII Edici\u00f3n de Cata Internacional de Aceites de Oliva Virgen (Cinve&#8217;2016), seg\u00fan ha informado la Diputaci\u00f3n en una nota de prensa.<\/p>\n<p>El presidente de la Diputaci\u00f3n de Huelva, Ignacio Caraballo, junto a otras autoridades, ha inaugurado este espacio, enmarcado dentro del proyecto de remodelaci\u00f3n integral de La R\u00e1bida bajo el nombre de &#8216;Redescubrir&#8217; y cofinanciado por el Forum II.<\/p>\n<p>Para Caraballo, \u00abcon esta nueva actuaci\u00f3n damos un paso m\u00e1s para hacer de La R\u00e1bida un lugar m\u00e1s atractivo y dirigido al ciudadano. En los \u00faltimos a\u00f1os hemos invertido unos diez millones de euros en este entorno, parte fundamental de nuestra historia, pero manteniendo siempre nuestras ra\u00edces\u00bb.<\/p>\n<p>El presidente tambi\u00e9n ha asegurado que \u00absi el remanente nos lo permite el pr\u00f3ximo mes comenzaremos las obras de mejora en el Foro Iberoamericano. Con esta inversi\u00f3n y la que tenemos prevista para el pr\u00f3ximo a\u00f1o, finalizar\u00edamos las obras en el Foro con el objetivo de que est\u00e9n concluidas para el 525 aniversario\u00bb, ha dicho.<\/p>\n<p>Este nuevo Punto de Informaci\u00f3n Tur\u00edstica abrir\u00e1 al p\u00fablico seg\u00fan los horarios de visitas de los principales espacios de La R\u00e1bida, por lo que permanecer\u00e1 abierto de martes a domingo de 10,00 a 19,00 horas. Caraballo tambi\u00e9n ha adelantado que pr\u00f3ximamente se abrir\u00e1 otro Punto de Turismo en la Casa Zenobia, pedido por el Ayuntamiento de Palos y que ser\u00e1 cedido por la Diputaci\u00f3n de Huelva.<\/p>\n<p>El segundo espacio de este Edificio Puente se ha habilitado para convertirse en una Sala Multiusos en la que celebrar jornadas, seminarios, presentaciones o exposiciones temporales, entre otras actividades. Prueba de ello es la celebraci\u00f3n durante estos d\u00edas, del 7 al 10 de febrero, del XII Concurso Internacional de Vinos y Espirituosos y la VII Edici\u00f3n de Cata Internacional de Aceites de Oliva Virgen (Cinve&#8217;2016).<\/p>\n<p>A lo largo de estos d\u00edas, expertos catadores llevar\u00e1n a cabo m\u00e1s de 650 catas de vinos, espirituosos y aceites procedentes de todas las Comunidades Aut\u00f3nomas productoras de Espa\u00f1a, as\u00ed como de Alemania, Argentina, Bolivia, Chile, Estados Unidos, Francia, Italia, M\u00e9xico, Per\u00fa, Portugal, T\u00fanez y Uruguay.<\/p>\n<p>Caraballo ha recordado que \u00abel vino est\u00e1 muy presente en la agricultura onubense y que la oferta enotur\u00edstica de la Ruta del Vino del Condado de Huelva se consolida cada vez m\u00e1s\u00bb.<\/p>\n<p>Adem\u00e1s, ha destacado \u00abel esfuerzo\u00bb de la Diputaci\u00f3n con la puesta en marcha del Club de producto Ruta del Vino, la construcci\u00f3n del Centro de Interpretaci\u00f3n del Vino, ubicado en Bollullos par del Condado, y que el pasado a\u00f1o recibi\u00f3 m\u00e1s de 5.000 visitas, as\u00ed como las diversas campa\u00f1as de promoci\u00f3n que a lo largo de la temporada estival se realizan en diferentes hoteles del litoral onubense.<\/p>\n<p>Por su parte, el presidente del Cinve&#8217;2016, Jes\u00fas Guirau, quien ha agradecido a las instituciones su apoyo para que Huelva sea sede de esta certamen, ha se\u00f1alado que el Concurso Internacional de Vinos y Espirituosos est\u00e1 oficialmente reconocido por el Ministerio de Agricultura, Alimentaci\u00f3n y Medio Ambiente, y promueve la participaci\u00f3n de todos los vinos embotellados y etiquetados, tanto nacionales como internacionales, siempre que los productos y su etiquetado se ajusten a la normativa de la Organizaci\u00f3n Internacional de la Vi\u00f1a y del Vino (OIV) y de la Uni\u00f3n Europea.<\/p>\n<p>En el acto tambi\u00e9n han estado presentes otras autoridades como el delegado provincial de Agricultura de la Junta de Andaluc\u00eda, Pedro Pascual Hern\u00e1ndez; el rector de la Universidad de Huelva, Francisco Ruiz; y el delegado de la Junta de Andaluc\u00eda en Huelva, Francisco Romero.<\/p>\n","protected":false},"excerpt":{"rendered":"<p>La R\u00e1bida, un espacio que el pasado a\u00f1o super\u00f3 las 200.000 visitas, cuenta desde este lunes con un Punto de Informaci\u00f3n Tur\u00edstica para ofrecer a los visitantes tanto informaci\u00f3n de los Lugares Colombinos como del resto de la provincia de Huelva. La oficina se ubica en el nuevo edificio denominado &#8216;Edificio Puente&#8217;, situado en el<\/p>\n","protected":false},"author":1,"featured_media":63604,"comment_status":"open","ping_status":"closed","sticky":false,"template":"","format":"standard","meta":{"footnotes":""},"categories":[224],"tags":[],"class_list":{"0":"post-63603","1":"post","2":"type-post","3":"status-publish","4":"format-standard","5":"has-post-thumbnail","7":"category-noticias-actualidad"},"aioseo_notices":[],"aioseo_head":"\n\t\t<!-- All in One SEO Pro 4.9.6.1 - aioseo.com -->\n\t<meta name=\"description\" content=\"La R\u00e1bida, un espacio que el pasado a\u00f1o super\u00f3 las 200.000 visitas, cuenta desde este lunes con un Punto de Informaci\u00f3n Tur\u00edstica para ofrecer a los visitantes tanto informaci\u00f3n de los Lugares Colombinos como del resto de la provincia de Huelva. La oficina se ubica en el nuevo edificio denominado &#039;Edificio Puente&#039;, situado en el\" \/>\n\t<meta name=\"robots\" content=\"max-image-preview:large\" \/>\n\t<meta name=\"author\" content=\"admin\"\/>\n\t<meta name=\"google-site-verification\" content=\"UA-38556648-1\" \/>\n\t<meta name=\"keywords\" content=\"noticias y actualidad\" \/>\n\t<link rel=\"canonical\" href=\"https:\/\/eldigitaldeasturias.com\/magazine365\/la-rabida-abre-un-punto-de-informacion-turistica\/\" \/>\n\t<meta name=\"generator\" content=\"All in One SEO Pro (AIOSEO) 4.9.6.1\" \/>\n\t\t<meta property=\"og:locale\" content=\"es_ES\" \/>\n\t\t<meta property=\"og:site_name\" content=\"El Digital de Asturias \u2013 Revista de ocio, turismo y estilo de vida\" \/>\n\t\t<meta property=\"og:type\" content=\"article\" \/>\n\t\t<meta property=\"og:title\" content=\"La R\u00e1bida abre un punto de informaci\u00f3n tur\u00edstica | El Digital de Asturias\" \/>\n\t\t<meta property=\"og:description\" content=\"La R\u00e1bida, un espacio que el pasado a\u00f1o super\u00f3 las 200.000 visitas, cuenta desde este lunes con un Punto de Informaci\u00f3n Tur\u00edstica para ofrecer a los visitantes tanto informaci\u00f3n de los Lugares Colombinos como del resto de la provincia de Huelva. La oficina se ubica en el nuevo edificio denominado &#039;Edificio Puente&#039;, situado en el\" \/>\n\t\t<meta property=\"og:url\" content=\"https:\/\/eldigitaldeasturias.com\/magazine365\/la-rabida-abre-un-punto-de-informacion-turistica\/\" \/>\n\t\t<meta property=\"og:image\" content=\"https:\/\/eldigitaldeasturias.com\/magazine365\/wp-content\/uploads\/2016\/02\/fotonoticia_20160208152621_800.jpg\" \/>\n\t\t<meta property=\"og:image:secure_url\" content=\"https:\/\/eldigitaldeasturias.com\/magazine365\/wp-content\/uploads\/2016\/02\/fotonoticia_20160208152621_800.jpg\" \/>\n\t\t<meta property=\"og:image:width\" content=\"800\" \/>\n\t\t<meta property=\"og:image:height\" content=\"534\" \/>\n\t\t<meta property=\"article:published_time\" content=\"2016-02-08T21:33:44+00:00\" \/>\n\t\t<meta property=\"article:modified_time\" content=\"2016-02-08T21:33:44+00:00\" \/>\n\t\t<meta name=\"twitter:card\" content=\"summary_large_image\" \/>\n\t\t<meta name=\"twitter:title\" content=\"La R\u00e1bida abre un punto de informaci\u00f3n tur\u00edstica | El Digital de Asturias\" \/>\n\t\t<meta name=\"twitter:description\" content=\"La R\u00e1bida, un espacio que el pasado a\u00f1o super\u00f3 las 200.000 visitas, cuenta desde este lunes con un Punto de Informaci\u00f3n Tur\u00edstica para ofrecer a los visitantes tanto informaci\u00f3n de los Lugares Colombinos como del resto de la provincia de Huelva. La oficina se ubica en el nuevo edificio denominado &#039;Edificio Puente&#039;, situado en el\" \/>\n\t\t<meta name=\"twitter:image\" content=\"https:\/\/eldigitaldeasturias.com\/magazine365\/wp-content\/uploads\/2016\/02\/fotonoticia_20160208152621_800.jpg\" \/>\n\t\t<script type=\"application\/ld+json\" class=\"aioseo-schema\">\n\t\t\t{\"@context\":\"https:\\\/\\\/schema.org\",\"@graph\":[{\"@type\":\"Article\",\"@id\":\"https:\\\/\\\/eldigitaldeasturias.com\\\/magazine365\\\/la-rabida-abre-un-punto-de-informacion-turistica\\\/#article\",\"name\":\"La R\\u00e1bida abre un punto de informaci\\u00f3n tur\\u00edstica | El Digital de Asturias\",\"headline\":\"La R\\u00e1bida abre un punto de informaci\\u00f3n tur\\u00edstica\",\"author\":{\"@id\":\"https:\\\/\\\/eldigitaldeasturias.com\\\/magazine365\\\/author\\\/admin\\\/#author\"},\"publisher\":{\"@id\":\"https:\\\/\\\/eldigitaldeasturias.com\\\/magazine365\\\/#organization\"},\"image\":{\"@type\":\"ImageObject\",\"url\":\"https:\\\/\\\/eldigitaldeasturias.com\\\/magazine365\\\/wp-content\\\/uploads\\\/2016\\\/02\\\/fotonoticia_20160208152621_800.jpg\",\"width\":800,\"height\":534},\"datePublished\":\"2016-02-08T22:33:44+01:00\",\"dateModified\":\"2016-02-08T22:33:44+01:00\",\"inLanguage\":\"es-ES\",\"mainEntityOfPage\":{\"@id\":\"https:\\\/\\\/eldigitaldeasturias.com\\\/magazine365\\\/la-rabida-abre-un-punto-de-informacion-turistica\\\/#webpage\"},\"isPartOf\":{\"@id\":\"https:\\\/\\\/eldigitaldeasturias.com\\\/magazine365\\\/la-rabida-abre-un-punto-de-informacion-turistica\\\/#webpage\"},\"articleSection\":\"Noticias y Actualidad\"},{\"@type\":\"BreadcrumbList\",\"@id\":\"https:\\\/\\\/eldigitaldeasturias.com\\\/magazine365\\\/la-rabida-abre-un-punto-de-informacion-turistica\\\/#breadcrumblist\",\"itemListElement\":[{\"@type\":\"ListItem\",\"@id\":\"https:\\\/\\\/eldigitaldeasturias.com\\\/magazine365#listItem\",\"position\":1,\"name\":\"Home\",\"item\":\"https:\\\/\\\/eldigitaldeasturias.com\\\/magazine365\",\"nextItem\":{\"@type\":\"ListItem\",\"@id\":\"https:\\\/\\\/eldigitaldeasturias.com\\\/magazine365\\\/category\\\/noticias-actualidad\\\/#listItem\",\"name\":\"Noticias y Actualidad\"}},{\"@type\":\"ListItem\",\"@id\":\"https:\\\/\\\/eldigitaldeasturias.com\\\/magazine365\\\/category\\\/noticias-actualidad\\\/#listItem\",\"position\":2,\"name\":\"Noticias y Actualidad\",\"item\":\"https:\\\/\\\/eldigitaldeasturias.com\\\/magazine365\\\/category\\\/noticias-actualidad\\\/\",\"nextItem\":{\"@type\":\"ListItem\",\"@id\":\"https:\\\/\\\/eldigitaldeasturias.com\\\/magazine365\\\/la-rabida-abre-un-punto-de-informacion-turistica\\\/#listItem\",\"name\":\"La R\\u00e1bida abre un punto de informaci\\u00f3n tur\\u00edstica\"},\"previousItem\":{\"@type\":\"ListItem\",\"@id\":\"https:\\\/\\\/eldigitaldeasturias.com\\\/magazine365#listItem\",\"name\":\"Home\"}},{\"@type\":\"ListItem\",\"@id\":\"https:\\\/\\\/eldigitaldeasturias.com\\\/magazine365\\\/la-rabida-abre-un-punto-de-informacion-turistica\\\/#listItem\",\"position\":3,\"name\":\"La R\\u00e1bida abre un punto de informaci\\u00f3n tur\\u00edstica\",\"previousItem\":{\"@type\":\"ListItem\",\"@id\":\"https:\\\/\\\/eldigitaldeasturias.com\\\/magazine365\\\/category\\\/noticias-actualidad\\\/#listItem\",\"name\":\"Noticias y Actualidad\"}}]},{\"@type\":\"Organization\",\"@id\":\"https:\\\/\\\/eldigitaldeasturias.com\\\/magazine365\\\/#organization\",\"name\":\"El digital de Asturias\",\"description\":\"Revista de ocio, turismo y estilo de vida\",\"url\":\"https:\\\/\\\/eldigitaldeasturias.com\\\/magazine365\\\/\",\"logo\":{\"@type\":\"ImageObject\",\"url\":\"https:\\\/\\\/www.eldigitaldeasturias.com\\\/noticias\\\/wp-content\\\/uploads\\\/2020\\\/12\\\/EDA.jpg\",\"@id\":\"https:\\\/\\\/eldigitaldeasturias.com\\\/magazine365\\\/la-rabida-abre-un-punto-de-informacion-turistica\\\/#organizationLogo\"},\"image\":{\"@id\":\"https:\\\/\\\/eldigitaldeasturias.com\\\/magazine365\\\/la-rabida-abre-un-punto-de-informacion-turistica\\\/#organizationLogo\"}},{\"@type\":\"Person\",\"@id\":\"https:\\\/\\\/eldigitaldeasturias.com\\\/magazine365\\\/author\\\/admin\\\/#author\",\"url\":\"https:\\\/\\\/eldigitaldeasturias.com\\\/magazine365\\\/author\\\/admin\\\/\",\"name\":\"admin\",\"image\":{\"@type\":\"ImageObject\",\"@id\":\"https:\\\/\\\/eldigitaldeasturias.com\\\/magazine365\\\/la-rabida-abre-un-punto-de-informacion-turistica\\\/#authorImage\",\"url\":\"https:\\\/\\\/eldigitaldeasturias.com\\\/magazine365\\\/wp-content\\\/litespeed\\\/avatar\\\/e571bcf59a0edd6fa6838245a470f2fe.jpg?ver=1776969259\",\"width\":96,\"height\":96,\"caption\":\"admin\"}},{\"@type\":\"WebPage\",\"@id\":\"https:\\\/\\\/eldigitaldeasturias.com\\\/magazine365\\\/la-rabida-abre-un-punto-de-informacion-turistica\\\/#webpage\",\"url\":\"https:\\\/\\\/eldigitaldeasturias.com\\\/magazine365\\\/la-rabida-abre-un-punto-de-informacion-turistica\\\/\",\"name\":\"La R\\u00e1bida abre un punto de informaci\\u00f3n tur\\u00edstica | El Digital de Asturias\",\"description\":\"La R\\u00e1bida, un espacio que el pasado a\\u00f1o super\\u00f3 las 200.000 visitas, cuenta desde este lunes con un Punto de Informaci\\u00f3n Tur\\u00edstica para ofrecer a los visitantes tanto informaci\\u00f3n de los Lugares Colombinos como del resto de la provincia de Huelva. La oficina se ubica en el nuevo edificio denominado 'Edificio Puente', situado en el\",\"inLanguage\":\"es-ES\",\"isPartOf\":{\"@id\":\"https:\\\/\\\/eldigitaldeasturias.com\\\/magazine365\\\/#website\"},\"breadcrumb\":{\"@id\":\"https:\\\/\\\/eldigitaldeasturias.com\\\/magazine365\\\/la-rabida-abre-un-punto-de-informacion-turistica\\\/#breadcrumblist\"},\"author\":{\"@id\":\"https:\\\/\\\/eldigitaldeasturias.com\\\/magazine365\\\/author\\\/admin\\\/#author\"},\"creator\":{\"@id\":\"https:\\\/\\\/eldigitaldeasturias.com\\\/magazine365\\\/author\\\/admin\\\/#author\"},\"image\":{\"@type\":\"ImageObject\",\"url\":\"https:\\\/\\\/eldigitaldeasturias.com\\\/magazine365\\\/wp-content\\\/uploads\\\/2016\\\/02\\\/fotonoticia_20160208152621_800.jpg\",\"@id\":\"https:\\\/\\\/eldigitaldeasturias.com\\\/magazine365\\\/la-rabida-abre-un-punto-de-informacion-turistica\\\/#mainImage\",\"width\":800,\"height\":534},\"primaryImageOfPage\":{\"@id\":\"https:\\\/\\\/eldigitaldeasturias.com\\\/magazine365\\\/la-rabida-abre-un-punto-de-informacion-turistica\\\/#mainImage\"},\"datePublished\":\"2016-02-08T22:33:44+01:00\",\"dateModified\":\"2016-02-08T22:33:44+01:00\"},{\"@type\":\"WebSite\",\"@id\":\"https:\\\/\\\/eldigitaldeasturias.com\\\/magazine365\\\/#website\",\"url\":\"https:\\\/\\\/eldigitaldeasturias.com\\\/magazine365\\\/\",\"name\":\"El Digital de Asturias\",\"description\":\"Revista de ocio, turismo y estilo de vida\",\"inLanguage\":\"es-ES\",\"publisher\":{\"@id\":\"https:\\\/\\\/eldigitaldeasturias.com\\\/magazine365\\\/#organization\"}}]}\n\t\t<\/script>\n\t\t<!-- All in One SEO Pro -->\r\n\t\t<title>La R\u00e1bida abre un punto de informaci\u00f3n tur\u00edstica | El Digital de Asturias<\/title>\n\n","aioseo_head_json":{"title":"La R\u00e1bida abre un punto de informaci\u00f3n tur\u00edstica | El Digital de Asturias","description":"La R\u00e1bida, un espacio que el pasado a\u00f1o super\u00f3 las 200.000 visitas, cuenta desde este lunes con un Punto de Informaci\u00f3n Tur\u00edstica para ofrecer a los visitantes tanto informaci\u00f3n de los Lugares Colombinos como del resto de la provincia de Huelva. La oficina se ubica en el nuevo edificio denominado 'Edificio Puente', situado en el","canonical_url":"https:\/\/eldigitaldeasturias.com\/magazine365\/la-rabida-abre-un-punto-de-informacion-turistica\/","robots":"max-image-preview:large","keywords":"noticias y actualidad","webmasterTools":{"google-site-verification":"UA-38556648-1","miscellaneous":""},"schema":{"@context":"https:\/\/schema.org","@graph":[{"@type":"Article","@id":"https:\/\/eldigitaldeasturias.com\/magazine365\/la-rabida-abre-un-punto-de-informacion-turistica\/#article","name":"La R\u00e1bida abre un punto de informaci\u00f3n tur\u00edstica | El Digital de Asturias","headline":"La R\u00e1bida abre un punto de informaci\u00f3n tur\u00edstica","author":{"@id":"https:\/\/eldigitaldeasturias.com\/magazine365\/author\/admin\/#author"},"publisher":{"@id":"https:\/\/eldigitaldeasturias.com\/magazine365\/#organization"},"image":{"@type":"ImageObject","url":"https:\/\/eldigitaldeasturias.com\/magazine365\/wp-content\/uploads\/2016\/02\/fotonoticia_20160208152621_800.jpg","width":800,"height":534},"datePublished":"2016-02-08T22:33:44+01:00","dateModified":"2016-02-08T22:33:44+01:00","inLanguage":"es-ES","mainEntityOfPage":{"@id":"https:\/\/eldigitaldeasturias.com\/magazine365\/la-rabida-abre-un-punto-de-informacion-turistica\/#webpage"},"isPartOf":{"@id":"https:\/\/eldigitaldeasturias.com\/magazine365\/la-rabida-abre-un-punto-de-informacion-turistica\/#webpage"},"articleSection":"Noticias y Actualidad"},{"@type":"BreadcrumbList","@id":"https:\/\/eldigitaldeasturias.com\/magazine365\/la-rabida-abre-un-punto-de-informacion-turistica\/#breadcrumblist","itemListElement":[{"@type":"ListItem","@id":"https:\/\/eldigitaldeasturias.com\/magazine365#listItem","position":1,"name":"Home","item":"https:\/\/eldigitaldeasturias.com\/magazine365","nextItem":{"@type":"ListItem","@id":"https:\/\/eldigitaldeasturias.com\/magazine365\/category\/noticias-actualidad\/#listItem","name":"Noticias y Actualidad"}},{"@type":"ListItem","@id":"https:\/\/eldigitaldeasturias.com\/magazine365\/category\/noticias-actualidad\/#listItem","position":2,"name":"Noticias y Actualidad","item":"https:\/\/eldigitaldeasturias.com\/magazine365\/category\/noticias-actualidad\/","nextItem":{"@type":"ListItem","@id":"https:\/\/eldigitaldeasturias.com\/magazine365\/la-rabida-abre-un-punto-de-informacion-turistica\/#listItem","name":"La R\u00e1bida abre un punto de informaci\u00f3n tur\u00edstica"},"previousItem":{"@type":"ListItem","@id":"https:\/\/eldigitaldeasturias.com\/magazine365#listItem","name":"Home"}},{"@type":"ListItem","@id":"https:\/\/eldigitaldeasturias.com\/magazine365\/la-rabida-abre-un-punto-de-informacion-turistica\/#listItem","position":3,"name":"La R\u00e1bida abre un punto de informaci\u00f3n tur\u00edstica","previousItem":{"@type":"ListItem","@id":"https:\/\/eldigitaldeasturias.com\/magazine365\/category\/noticias-actualidad\/#listItem","name":"Noticias y Actualidad"}}]},{"@type":"Organization","@id":"https:\/\/eldigitaldeasturias.com\/magazine365\/#organization","name":"El digital de Asturias","description":"Revista de ocio, turismo y estilo de vida","url":"https:\/\/eldigitaldeasturias.com\/magazine365\/","logo":{"@type":"ImageObject","url":"https:\/\/www.eldigitaldeasturias.com\/noticias\/wp-content\/uploads\/2020\/12\/EDA.jpg","@id":"https:\/\/eldigitaldeasturias.com\/magazine365\/la-rabida-abre-un-punto-de-informacion-turistica\/#organizationLogo"},"image":{"@id":"https:\/\/eldigitaldeasturias.com\/magazine365\/la-rabida-abre-un-punto-de-informacion-turistica\/#organizationLogo"}},{"@type":"Person","@id":"https:\/\/eldigitaldeasturias.com\/magazine365\/author\/admin\/#author","url":"https:\/\/eldigitaldeasturias.com\/magazine365\/author\/admin\/","name":"admin","image":{"@type":"ImageObject","@id":"https:\/\/eldigitaldeasturias.com\/magazine365\/la-rabida-abre-un-punto-de-informacion-turistica\/#authorImage","url":"https:\/\/eldigitaldeasturias.com\/magazine365\/wp-content\/litespeed\/avatar\/e571bcf59a0edd6fa6838245a470f2fe.jpg?ver=1776969259","width":96,"height":96,"caption":"admin"}},{"@type":"WebPage","@id":"https:\/\/eldigitaldeasturias.com\/magazine365\/la-rabida-abre-un-punto-de-informacion-turistica\/#webpage","url":"https:\/\/eldigitaldeasturias.com\/magazine365\/la-rabida-abre-un-punto-de-informacion-turistica\/","name":"La R\u00e1bida abre un punto de informaci\u00f3n tur\u00edstica | El Digital de Asturias","description":"La R\u00e1bida, un espacio que el pasado a\u00f1o super\u00f3 las 200.000 visitas, cuenta desde este lunes con un Punto de Informaci\u00f3n Tur\u00edstica para ofrecer a los visitantes tanto informaci\u00f3n de los Lugares Colombinos como del resto de la provincia de Huelva. La oficina se ubica en el nuevo edificio denominado 'Edificio Puente', situado en el","inLanguage":"es-ES","isPartOf":{"@id":"https:\/\/eldigitaldeasturias.com\/magazine365\/#website"},"breadcrumb":{"@id":"https:\/\/eldigitaldeasturias.com\/magazine365\/la-rabida-abre-un-punto-de-informacion-turistica\/#breadcrumblist"},"author":{"@id":"https:\/\/eldigitaldeasturias.com\/magazine365\/author\/admin\/#author"},"creator":{"@id":"https:\/\/eldigitaldeasturias.com\/magazine365\/author\/admin\/#author"},"image":{"@type":"ImageObject","url":"https:\/\/eldigitaldeasturias.com\/magazine365\/wp-content\/uploads\/2016\/02\/fotonoticia_20160208152621_800.jpg","@id":"https:\/\/eldigitaldeasturias.com\/magazine365\/la-rabida-abre-un-punto-de-informacion-turistica\/#mainImage","width":800,"height":534},"primaryImageOfPage":{"@id":"https:\/\/eldigitaldeasturias.com\/magazine365\/la-rabida-abre-un-punto-de-informacion-turistica\/#mainImage"},"datePublished":"2016-02-08T22:33:44+01:00","dateModified":"2016-02-08T22:33:44+01:00"},{"@type":"WebSite","@id":"https:\/\/eldigitaldeasturias.com\/magazine365\/#website","url":"https:\/\/eldigitaldeasturias.com\/magazine365\/","name":"El Digital de Asturias","description":"Revista de ocio, turismo y estilo de vida","inLanguage":"es-ES","publisher":{"@id":"https:\/\/eldigitaldeasturias.com\/magazine365\/#organization"}}]},"og:locale":"es_ES","og:site_name":"El Digital de Asturias \u2013 Revista de ocio, turismo y estilo de vida","og:type":"article","og:title":"La R\u00e1bida abre un punto de informaci\u00f3n tur\u00edstica | El Digital de Asturias","og:description":"La R\u00e1bida, un espacio que el pasado a\u00f1o super\u00f3 las 200.000 visitas, cuenta desde este lunes con un Punto de Informaci\u00f3n Tur\u00edstica para ofrecer a los visitantes tanto informaci\u00f3n de los Lugares Colombinos como del resto de la provincia de Huelva. La oficina se ubica en el nuevo edificio denominado 'Edificio Puente', situado en el","og:url":"https:\/\/eldigitaldeasturias.com\/magazine365\/la-rabida-abre-un-punto-de-informacion-turistica\/","og:image":"https:\/\/eldigitaldeasturias.com\/magazine365\/wp-content\/uploads\/2016\/02\/fotonoticia_20160208152621_800.jpg","og:image:secure_url":"https:\/\/eldigitaldeasturias.com\/magazine365\/wp-content\/uploads\/2016\/02\/fotonoticia_20160208152621_800.jpg","og:image:width":800,"og:image:height":534,"article:published_time":"2016-02-08T21:33:44+00:00","article:modified_time":"2016-02-08T21:33:44+00:00","twitter:card":"summary_large_image","twitter:title":"La R\u00e1bida abre un punto de informaci\u00f3n tur\u00edstica | El Digital de Asturias","twitter:description":"La R\u00e1bida, un espacio que el pasado a\u00f1o super\u00f3 las 200.000 visitas, cuenta desde este lunes con un Punto de Informaci\u00f3n Tur\u00edstica para ofrecer a los visitantes tanto informaci\u00f3n de los Lugares Colombinos como del resto de la provincia de Huelva. La oficina se ubica en el nuevo edificio denominado 'Edificio Puente', situado en el","twitter:image":"https:\/\/eldigitaldeasturias.com\/magazine365\/wp-content\/uploads\/2016\/02\/fotonoticia_20160208152621_800.jpg"},"aioseo_meta_data":{"post_id":"63603","title":null,"description":null,"keywords":null,"keyphrases":null,"primary_term":null,"canonical_url":null,"og_title":null,"og_description":null,"og_object_type":"default","og_image_type":"default","og_image_url":null,"og_image_width":null,"og_image_height":null,"og_image_custom_url":null,"og_image_custom_fields":null,"og_video":null,"og_custom_url":null,"og_article_section":null,"og_article_tags":null,"twitter_use_og":false,"twitter_card":"default","twitter_image_type":"default","twitter_image_url":null,"twitter_image_custom_url":null,"twitter_image_custom_fields":null,"twitter_title":null,"twitter_description":null,"schema":{"blockGraphs":[],"customGraphs":[],"default":{"data":{"Article":[],"Course":[],"Dataset":[],"FAQPage":[],"Movie":[],"Person":[],"Product":[],"ProductReview":[],"Car":[],"Recipe":[],"Service":[],"SoftwareApplication":[],"WebPage":[]},"graphName":"","isEnabled":true},"graphs":[]},"schema_type":null,"schema_type_options":null,"pillar_content":false,"robots_default":true,"robots_noindex":false,"robots_noarchive":false,"robots_nosnippet":false,"robots_nofollow":false,"robots_noimageindex":false,"robots_noodp":false,"robots_notranslate":false,"robots_max_snippet":null,"robots_max_videopreview":null,"robots_max_imagepreview":"large","priority":null,"frequency":null,"location":null,"local_seo":null,"seo_analyzer_scan_date":"2025-09-25 13:28:09","breadcrumb_settings":null,"limit_modified_date":false,"open_ai":null,"ai":null,"created":"2021-03-08 21:21:19","updated":"2025-09-25 13:28:09"},"aioseo_breadcrumb":"<div class=\"aioseo-breadcrumbs\"><span class=\"aioseo-breadcrumb\">\n\t<a href=\"https:\/\/eldigitaldeasturias.com\/magazine365\" title=\"Home\">Home<\/a>\n<\/span><span class=\"aioseo-breadcrumb-separator\">\u2013<\/span><span class=\"aioseo-breadcrumb\">\n\t<a href=\"https:\/\/eldigitaldeasturias.com\/magazine365\/category\/noticias-actualidad\/\" title=\"Noticias y Actualidad\">Noticias y Actualidad<\/a>\n<\/span><span class=\"aioseo-breadcrumb-separator\">\u2013<\/span><span class=\"aioseo-breadcrumb\">\n\t<a href=\"https:\/\/eldigitaldeasturias.com\/magazine365\/la-rabida-abre-un-punto-de-informacion-turistica\/\" title=\"La R\u00e1bida abre un punto de informaci\u00f3n tur\u00edstica\">La R\u00e1bida abre un punto de informaci\u00f3n tur\u00edstica<\/a>\n<\/span><\/div>","aioseo_breadcrumb_json":[{"label":"Home","link":"https:\/\/eldigitaldeasturias.com\/magazine365"},{"label":"Noticias y Actualidad","link":"https:\/\/eldigitaldeasturias.com\/magazine365\/category\/noticias-actualidad\/"},{"label":"La R\u00e1bida abre un punto de informaci\u00f3n tur\u00edstica","link":"https:\/\/eldigitaldeasturias.com\/magazine365\/la-rabida-abre-un-punto-de-informacion-turistica\/"}],"_links":{"self":[{"href":"https:\/\/eldigitaldeasturias.com\/magazine365\/wp-json\/wp\/v2\/posts\/63603","targetHints":{"allow":["GET"]}}],"collection":[{"href":"https:\/\/eldigitaldeasturias.com\/magazine365\/wp-json\/wp\/v2\/posts"}],"about":[{"href":"https:\/\/eldigitaldeasturias.com\/magazine365\/wp-json\/wp\/v2\/types\/post"}],"author":[{"embeddable":true,"href":"https:\/\/eldigitaldeasturias.com\/magazine365\/wp-json\/wp\/v2\/users\/1"}],"replies":[{"embeddable":true,"href":"https:\/\/eldigitaldeasturias.com\/magazine365\/wp-json\/wp\/v2\/comments?post=63603"}],"version-history":[{"count":0,"href":"https:\/\/eldigitaldeasturias.com\/magazine365\/wp-json\/wp\/v2\/posts\/63603\/revisions"}],"wp:featuredmedia":[{"embeddable":true,"href":"https:\/\/eldigitaldeasturias.com\/magazine365\/wp-json\/wp\/v2\/media\/63604"}],"wp:attachment":[{"href":"https:\/\/eldigitaldeasturias.com\/magazine365\/wp-json\/wp\/v2\/media?parent=63603"}],"wp:term":[{"taxonomy":"category","embeddable":true,"href":"https:\/\/eldigitaldeasturias.com\/magazine365\/wp-json\/wp\/v2\/categories?post=63603"},{"taxonomy":"post_tag","embeddable":true,"href":"https:\/\/eldigitaldeasturias.com\/magazine365\/wp-json\/wp\/v2\/tags?post=63603"}],"curies":[{"name":"wp","href":"https:\/\/api.w.org\/{rel}","templated":true}]}}