{"id":63588,"date":"2016-02-08T19:51:18","date_gmt":"2016-02-08T18:51:18","guid":{"rendered":"http:\/\/eldigitaldeasturias.com\/magazine365\/?p=63588"},"modified":"2016-02-08T19:51:18","modified_gmt":"2016-02-08T18:51:18","slug":"el-carnaval-de-malaga-se-consolida-y-aglutina-a-100-000-personas-en-torno-a-los-actos-programados","status":"publish","type":"post","link":"https:\/\/eldigitaldeasturias.com\/magazine365\/el-carnaval-de-malaga-se-consolida-y-aglutina-a-100-000-personas-en-torno-a-los-actos-programados\/","title":{"rendered":"El Carnaval de M\u00e1laga se consolida y aglutina a 100.000 personas en torno a los actos programados"},"content":{"rendered":"<p><img fetchpriority=\"high\" decoding=\"async\" class=\"alignleft size-medium wp-image-63589\" src=\"https:\/\/eldigitaldeasturias.com\/magazine365\/wp-content\/uploads\/2016\/02\/fotonoticia_20160208134722_800-360x240.jpg\" alt=\"fotonoticia_20160208134722_800\" width=\"360\" height=\"240\" srcset=\"https:\/\/eldigitaldeasturias.com\/magazine365\/wp-content\/uploads\/2016\/02\/fotonoticia_20160208134722_800-360x240.jpg 360w, https:\/\/eldigitaldeasturias.com\/magazine365\/wp-content\/uploads\/2016\/02\/fotonoticia_20160208134722_800-650x433.jpg 650w, https:\/\/eldigitaldeasturias.com\/magazine365\/wp-content\/uploads\/2016\/02\/fotonoticia_20160208134722_800-768x512.jpg 768w, https:\/\/eldigitaldeasturias.com\/magazine365\/wp-content\/uploads\/2016\/02\/fotonoticia_20160208134722_800-150x100.jpg 150w, https:\/\/eldigitaldeasturias.com\/magazine365\/wp-content\/uploads\/2016\/02\/fotonoticia_20160208134722_800-450x300.jpg 450w, https:\/\/eldigitaldeasturias.com\/magazine365\/wp-content\/uploads\/2016\/02\/fotonoticia_20160208134722_800-696x464.jpg 696w, https:\/\/eldigitaldeasturias.com\/magazine365\/wp-content\/uploads\/2016\/02\/fotonoticia_20160208134722_800-630x420.jpg 630w, https:\/\/eldigitaldeasturias.com\/magazine365\/wp-content\/uploads\/2016\/02\/fotonoticia_20160208134722_800-101x66.jpg 101w, https:\/\/eldigitaldeasturias.com\/magazine365\/wp-content\/uploads\/2016\/02\/fotonoticia_20160208134722_800.jpg 800w\" sizes=\"(max-width: 360px) 100vw, 360px\" \/>La Fundaci\u00f3n Carnaval de M\u00e1laga estima que m\u00e1s de 100.000 ciudadanos disfrutaron de los actos programados del 30 de enero al 7 de febrero de esta fiesta de invierno. Estos datos los ha dado a conocer este lunes el alcalde de M\u00e1laga, Francisco de la Torre; que ha estado acompa\u00f1ado por la concejala de Fiestas, Teresa Porras, y el presidente de la Fundaci\u00f3n del Carnaval, Rafael Acejo.<\/p>\n<p>Asimismo, el Concurso Oficial de Agrupaciones de Canto (COAC) sigue superando cada a\u00f1o su r\u00e9cord de inscripciones. M\u00e1s all\u00e1 de la cantidad &#8211;este a\u00f1o hasta 54 agrupaciones&#8211;, tambi\u00e9n es significativo el alcance regional del concurso.<\/p>\n<p>Por su parte, el certamen de coplas malague\u00f1o se asienta como el segundo en importancia de Andaluc\u00eda, no s\u00f3lo por el n\u00famero de agrupaciones, sino por la variada procedencia de las murgas, comparsas y cuartetos que se inscriben. Adem\u00e1s de M\u00e1laga, los teatros Alameda &#8211;en preliminares&#8211; y Cervantes &#8211;semifinales&#8211;, han recibido la presencia de grupos de las provincias de C\u00e1diz, C\u00f3rdoba, Granada y Almer\u00eda.<\/p>\n<p>La Fundaci\u00f3n del Carnaval tambi\u00e9n destaca que en la calle el Carnaval de M\u00e1laga ha creado en torno a s\u00ed diversos \u00absat\u00e9lites\u00bb de la fiesta. As\u00ed, diversas asociaciones y empresas han ofrecido actividades carnavalescas m\u00e1s all\u00e1 del programa oficial, \u00ablo que refuerza la idea de que el Carnaval es una fiesta de ciudad\u00bb, han indicado el alcalde en rueda de prensa.<\/p>\n<p>Centros comerciales como Larios Centro o Rosaleda; la asociaci\u00f3n de restauradores Amares o el Mercado de la Merced han ofrecido a sus clientes actuaciones e iniciativas relacionadas con el Carnaval de forma aut\u00f3noma y que han complementado la oferta carnavalera.<\/p>\n<p>CARNAVAL SOLIDARIO<\/p>\n<p>Por segundo a\u00f1o consecutivo, la Fundaci\u00f3n del Carnaval ha invitado a presenciar distintas sesiones del COAC a personas en riesgo de exclusi\u00f3n social y a asociaciones que tienen por fundamento levantar y poner en valor la dignidad de las personas menos favorecidas por la sociedad.<\/p>\n<p>Estas asociaciones han sido el Banco del Tiempo (Ciudad Jard\u00edn), las mujeres del Taller de Alfabetizaci\u00f3n (Mangas Verdes), los j\u00f3venes estudiantes de la barriada de Los Asperones, familias del barrio de la Cruz Verde, MIES (Misioneros de la Esperanza), estudiantes del colegio de las Misioneras Cruzadas de la Iglesia, chicos de la Fundaci\u00f3n Don Bosco, usuarios del Hogar Pozo Dulce (C\u00e1ritas), o miembros de la Asociaci\u00f3n Nahim (Palma-Palmilla).<\/p>\n<p>PARTICIPACI\u00d3N<\/p>\n<p>La Fundaci\u00f3n estima una participaci\u00f3n durante el Carnaval de M\u00e1laga &#8211;del 30 de enero al 7 de febrero&#8211; superior a los 100.000 ciudadanos. A este c\u00e1lculo, que estima la respuesta de personas en torno a los actos programados en la plaza de la Constituci\u00f3n y la calle Larios, cabr\u00eda a\u00f1adir las personas que durante los nueve d\u00edas de Carnaval se han movido por el centro, donde las murgas, comparsas y cuartetos han cantado sus coplas, al margen del &#8216;recinto oficial&#8217;.<\/p>\n<p>El programa oficial del Carnaval de M\u00e1laga 2016 se ha prolongado durante casi dos meses del invierno malague\u00f1o. Desde el s\u00e1bado 9 de enero que se iniciaron las denominadas &#8216;previas&#8217;, que son fiestas gastron\u00f3micas y copleras por los barrios. En total se han celebrado seis, con una participaci\u00f3n superior a la de a\u00f1os anteriores, en una media de 3.500 personas.<\/p>\n<p>As\u00ed, la movilizaci\u00f3n total estimada de La Previa ronda las 21.000 personas. Igualmente, de la mano del \u00e1rea de Derechos Social del Ayuntamiento de M\u00e1laga, se han celebrado 11 fiestas del &#8216;Carnaval del Mayor&#8217;, con unos 500 participantes que suman m\u00e1s de 5.000 mayores.<\/p>\n<p>Respecto al COAC, las ocho preliminares &#8211;una m\u00e1s que en 2015&#8211; celebradas en el Teatro Alameda han registrado una venta media de entradas del 80-85 por ciento &#8211;unas 3.880 entradas vendidas totales, algunos de los d\u00edas con el &#8216;no hay billetes&#8217; colgado&#8211;; las cuatro semifinales en el Teatro Cervantes, un 85 por ciento &#8211;3.740 entradas vendidas entre las cuatro jornadas&#8211;; y lleno de &#8216;no hay billetes&#8217; en la Gran Final &#8211;aforo de 1.100&#8211;.<\/p>\n<p>De este modo, unas 35.000 personas se han movilizado en torno a los distintos actos carnavalescos que son realmente previos a la Fiesta: La Previa, el Carnaval del Mayor y el COAC.<\/p>\n","protected":false},"excerpt":{"rendered":"<p>La Fundaci\u00f3n Carnaval de M\u00e1laga estima que m\u00e1s de 100.000 ciudadanos disfrutaron de los actos programados del 30 de enero al 7 de febrero de esta fiesta de invierno. Estos datos los ha dado a conocer este lunes el alcalde de M\u00e1laga, Francisco de la Torre; que ha estado acompa\u00f1ado por la concejala de Fiestas,<\/p>\n","protected":false},"author":1,"featured_media":63589,"comment_status":"open","ping_status":"closed","sticky":false,"template":"","format":"standard","meta":{"footnotes":""},"categories":[224],"tags":[],"class_list":{"0":"post-63588","1":"post","2":"type-post","3":"status-publish","4":"format-standard","5":"has-post-thumbnail","7":"category-noticias-actualidad"},"aioseo_notices":[],"aioseo_head":"\n\t\t<!-- All in One SEO Pro 4.9.6.1 - aioseo.com -->\n\t<meta name=\"description\" content=\"La Fundaci\u00f3n Carnaval de M\u00e1laga estima que m\u00e1s de 100.000 ciudadanos disfrutaron de los actos programados del 30 de enero al 7 de febrero de esta fiesta de invierno. Estos datos los ha dado a conocer este lunes el alcalde de M\u00e1laga, Francisco de la Torre; que ha estado acompa\u00f1ado por la concejala de Fiestas,\" \/>\n\t<meta name=\"robots\" content=\"max-image-preview:large\" \/>\n\t<meta name=\"author\" content=\"admin\"\/>\n\t<meta name=\"google-site-verification\" content=\"UA-38556648-1\" \/>\n\t<meta name=\"keywords\" content=\"noticias y actualidad\" \/>\n\t<link rel=\"canonical\" href=\"https:\/\/eldigitaldeasturias.com\/magazine365\/el-carnaval-de-malaga-se-consolida-y-aglutina-a-100-000-personas-en-torno-a-los-actos-programados\/\" \/>\n\t<meta name=\"generator\" content=\"All in One SEO Pro (AIOSEO) 4.9.6.1\" \/>\n\t\t<meta property=\"og:locale\" content=\"es_ES\" \/>\n\t\t<meta property=\"og:site_name\" content=\"El Digital de Asturias \u2013 Revista de ocio, turismo y estilo de vida\" \/>\n\t\t<meta property=\"og:type\" content=\"article\" \/>\n\t\t<meta property=\"og:title\" content=\"El Carnaval de M\u00e1laga se consolida y aglutina a 100.000 personas en torno a los actos programados | El Digital de Asturias\" \/>\n\t\t<meta property=\"og:description\" content=\"La Fundaci\u00f3n Carnaval de M\u00e1laga estima que m\u00e1s de 100.000 ciudadanos disfrutaron de los actos programados del 30 de enero al 7 de febrero de esta fiesta de invierno. Estos datos los ha dado a conocer este lunes el alcalde de M\u00e1laga, Francisco de la Torre; que ha estado acompa\u00f1ado por la concejala de Fiestas,\" \/>\n\t\t<meta property=\"og:url\" content=\"https:\/\/eldigitaldeasturias.com\/magazine365\/el-carnaval-de-malaga-se-consolida-y-aglutina-a-100-000-personas-en-torno-a-los-actos-programados\/\" \/>\n\t\t<meta property=\"og:image\" content=\"https:\/\/eldigitaldeasturias.com\/magazine365\/wp-content\/uploads\/2016\/02\/fotonoticia_20160208134722_800.jpg\" \/>\n\t\t<meta property=\"og:image:secure_url\" content=\"https:\/\/eldigitaldeasturias.com\/magazine365\/wp-content\/uploads\/2016\/02\/fotonoticia_20160208134722_800.jpg\" \/>\n\t\t<meta property=\"og:image:width\" content=\"800\" \/>\n\t\t<meta property=\"og:image:height\" content=\"533\" \/>\n\t\t<meta property=\"article:published_time\" content=\"2016-02-08T18:51:18+00:00\" \/>\n\t\t<meta property=\"article:modified_time\" content=\"2016-02-08T18:51:18+00:00\" \/>\n\t\t<meta name=\"twitter:card\" content=\"summary_large_image\" \/>\n\t\t<meta name=\"twitter:title\" content=\"El Carnaval de M\u00e1laga se consolida y aglutina a 100.000 personas en torno a los actos programados | El Digital de Asturias\" \/>\n\t\t<meta name=\"twitter:description\" content=\"La Fundaci\u00f3n Carnaval de M\u00e1laga estima que m\u00e1s de 100.000 ciudadanos disfrutaron de los actos programados del 30 de enero al 7 de febrero de esta fiesta de invierno. Estos datos los ha dado a conocer este lunes el alcalde de M\u00e1laga, Francisco de la Torre; que ha estado acompa\u00f1ado por la concejala de Fiestas,\" \/>\n\t\t<meta name=\"twitter:image\" content=\"https:\/\/eldigitaldeasturias.com\/magazine365\/wp-content\/uploads\/2016\/02\/fotonoticia_20160208134722_800.jpg\" \/>\n\t\t<script type=\"application\/ld+json\" class=\"aioseo-schema\">\n\t\t\t{\"@context\":\"https:\\\/\\\/schema.org\",\"@graph\":[{\"@type\":\"Article\",\"@id\":\"https:\\\/\\\/eldigitaldeasturias.com\\\/magazine365\\\/el-carnaval-de-malaga-se-consolida-y-aglutina-a-100-000-personas-en-torno-a-los-actos-programados\\\/#article\",\"name\":\"El Carnaval de M\\u00e1laga se consolida y aglutina a 100.000 personas en torno a los actos programados | El Digital de Asturias\",\"headline\":\"El Carnaval de M\\u00e1laga se consolida y aglutina a 100.000 personas en torno a los actos programados\",\"author\":{\"@id\":\"https:\\\/\\\/eldigitaldeasturias.com\\\/magazine365\\\/author\\\/admin\\\/#author\"},\"publisher\":{\"@id\":\"https:\\\/\\\/eldigitaldeasturias.com\\\/magazine365\\\/#organization\"},\"image\":{\"@type\":\"ImageObject\",\"url\":\"https:\\\/\\\/eldigitaldeasturias.com\\\/magazine365\\\/wp-content\\\/uploads\\\/2016\\\/02\\\/fotonoticia_20160208134722_800.jpg\",\"width\":800,\"height\":533},\"datePublished\":\"2016-02-08T19:51:18+01:00\",\"dateModified\":\"2016-02-08T19:51:18+01:00\",\"inLanguage\":\"es-ES\",\"mainEntityOfPage\":{\"@id\":\"https:\\\/\\\/eldigitaldeasturias.com\\\/magazine365\\\/el-carnaval-de-malaga-se-consolida-y-aglutina-a-100-000-personas-en-torno-a-los-actos-programados\\\/#webpage\"},\"isPartOf\":{\"@id\":\"https:\\\/\\\/eldigitaldeasturias.com\\\/magazine365\\\/el-carnaval-de-malaga-se-consolida-y-aglutina-a-100-000-personas-en-torno-a-los-actos-programados\\\/#webpage\"},\"articleSection\":\"Noticias y Actualidad\"},{\"@type\":\"BreadcrumbList\",\"@id\":\"https:\\\/\\\/eldigitaldeasturias.com\\\/magazine365\\\/el-carnaval-de-malaga-se-consolida-y-aglutina-a-100-000-personas-en-torno-a-los-actos-programados\\\/#breadcrumblist\",\"itemListElement\":[{\"@type\":\"ListItem\",\"@id\":\"https:\\\/\\\/eldigitaldeasturias.com\\\/magazine365#listItem\",\"position\":1,\"name\":\"Home\",\"item\":\"https:\\\/\\\/eldigitaldeasturias.com\\\/magazine365\",\"nextItem\":{\"@type\":\"ListItem\",\"@id\":\"https:\\\/\\\/eldigitaldeasturias.com\\\/magazine365\\\/category\\\/noticias-actualidad\\\/#listItem\",\"name\":\"Noticias y Actualidad\"}},{\"@type\":\"ListItem\",\"@id\":\"https:\\\/\\\/eldigitaldeasturias.com\\\/magazine365\\\/category\\\/noticias-actualidad\\\/#listItem\",\"position\":2,\"name\":\"Noticias y Actualidad\",\"item\":\"https:\\\/\\\/eldigitaldeasturias.com\\\/magazine365\\\/category\\\/noticias-actualidad\\\/\",\"nextItem\":{\"@type\":\"ListItem\",\"@id\":\"https:\\\/\\\/eldigitaldeasturias.com\\\/magazine365\\\/el-carnaval-de-malaga-se-consolida-y-aglutina-a-100-000-personas-en-torno-a-los-actos-programados\\\/#listItem\",\"name\":\"El Carnaval de M\\u00e1laga se consolida y aglutina a 100.000 personas en torno a los actos programados\"},\"previousItem\":{\"@type\":\"ListItem\",\"@id\":\"https:\\\/\\\/eldigitaldeasturias.com\\\/magazine365#listItem\",\"name\":\"Home\"}},{\"@type\":\"ListItem\",\"@id\":\"https:\\\/\\\/eldigitaldeasturias.com\\\/magazine365\\\/el-carnaval-de-malaga-se-consolida-y-aglutina-a-100-000-personas-en-torno-a-los-actos-programados\\\/#listItem\",\"position\":3,\"name\":\"El Carnaval de M\\u00e1laga se consolida y aglutina a 100.000 personas en torno a los actos programados\",\"previousItem\":{\"@type\":\"ListItem\",\"@id\":\"https:\\\/\\\/eldigitaldeasturias.com\\\/magazine365\\\/category\\\/noticias-actualidad\\\/#listItem\",\"name\":\"Noticias y Actualidad\"}}]},{\"@type\":\"Organization\",\"@id\":\"https:\\\/\\\/eldigitaldeasturias.com\\\/magazine365\\\/#organization\",\"name\":\"El digital de Asturias\",\"description\":\"Revista de ocio, turismo y estilo de vida\",\"url\":\"https:\\\/\\\/eldigitaldeasturias.com\\\/magazine365\\\/\",\"logo\":{\"@type\":\"ImageObject\",\"url\":\"https:\\\/\\\/www.eldigitaldeasturias.com\\\/noticias\\\/wp-content\\\/uploads\\\/2020\\\/12\\\/EDA.jpg\",\"@id\":\"https:\\\/\\\/eldigitaldeasturias.com\\\/magazine365\\\/el-carnaval-de-malaga-se-consolida-y-aglutina-a-100-000-personas-en-torno-a-los-actos-programados\\\/#organizationLogo\"},\"image\":{\"@id\":\"https:\\\/\\\/eldigitaldeasturias.com\\\/magazine365\\\/el-carnaval-de-malaga-se-consolida-y-aglutina-a-100-000-personas-en-torno-a-los-actos-programados\\\/#organizationLogo\"}},{\"@type\":\"Person\",\"@id\":\"https:\\\/\\\/eldigitaldeasturias.com\\\/magazine365\\\/author\\\/admin\\\/#author\",\"url\":\"https:\\\/\\\/eldigitaldeasturias.com\\\/magazine365\\\/author\\\/admin\\\/\",\"name\":\"admin\",\"image\":{\"@type\":\"ImageObject\",\"@id\":\"https:\\\/\\\/eldigitaldeasturias.com\\\/magazine365\\\/el-carnaval-de-malaga-se-consolida-y-aglutina-a-100-000-personas-en-torno-a-los-actos-programados\\\/#authorImage\",\"url\":\"https:\\\/\\\/eldigitaldeasturias.com\\\/magazine365\\\/wp-content\\\/litespeed\\\/avatar\\\/e571bcf59a0edd6fa6838245a470f2fe.jpg?ver=1776969259\",\"width\":96,\"height\":96,\"caption\":\"admin\"}},{\"@type\":\"WebPage\",\"@id\":\"https:\\\/\\\/eldigitaldeasturias.com\\\/magazine365\\\/el-carnaval-de-malaga-se-consolida-y-aglutina-a-100-000-personas-en-torno-a-los-actos-programados\\\/#webpage\",\"url\":\"https:\\\/\\\/eldigitaldeasturias.com\\\/magazine365\\\/el-carnaval-de-malaga-se-consolida-y-aglutina-a-100-000-personas-en-torno-a-los-actos-programados\\\/\",\"name\":\"El Carnaval de M\\u00e1laga se consolida y aglutina a 100.000 personas en torno a los actos programados | El Digital de Asturias\",\"description\":\"La Fundaci\\u00f3n Carnaval de M\\u00e1laga estima que m\\u00e1s de 100.000 ciudadanos disfrutaron de los actos programados del 30 de enero al 7 de febrero de esta fiesta de invierno. Estos datos los ha dado a conocer este lunes el alcalde de M\\u00e1laga, Francisco de la Torre; que ha estado acompa\\u00f1ado por la concejala de Fiestas,\",\"inLanguage\":\"es-ES\",\"isPartOf\":{\"@id\":\"https:\\\/\\\/eldigitaldeasturias.com\\\/magazine365\\\/#website\"},\"breadcrumb\":{\"@id\":\"https:\\\/\\\/eldigitaldeasturias.com\\\/magazine365\\\/el-carnaval-de-malaga-se-consolida-y-aglutina-a-100-000-personas-en-torno-a-los-actos-programados\\\/#breadcrumblist\"},\"author\":{\"@id\":\"https:\\\/\\\/eldigitaldeasturias.com\\\/magazine365\\\/author\\\/admin\\\/#author\"},\"creator\":{\"@id\":\"https:\\\/\\\/eldigitaldeasturias.com\\\/magazine365\\\/author\\\/admin\\\/#author\"},\"image\":{\"@type\":\"ImageObject\",\"url\":\"https:\\\/\\\/eldigitaldeasturias.com\\\/magazine365\\\/wp-content\\\/uploads\\\/2016\\\/02\\\/fotonoticia_20160208134722_800.jpg\",\"@id\":\"https:\\\/\\\/eldigitaldeasturias.com\\\/magazine365\\\/el-carnaval-de-malaga-se-consolida-y-aglutina-a-100-000-personas-en-torno-a-los-actos-programados\\\/#mainImage\",\"width\":800,\"height\":533},\"primaryImageOfPage\":{\"@id\":\"https:\\\/\\\/eldigitaldeasturias.com\\\/magazine365\\\/el-carnaval-de-malaga-se-consolida-y-aglutina-a-100-000-personas-en-torno-a-los-actos-programados\\\/#mainImage\"},\"datePublished\":\"2016-02-08T19:51:18+01:00\",\"dateModified\":\"2016-02-08T19:51:18+01:00\"},{\"@type\":\"WebSite\",\"@id\":\"https:\\\/\\\/eldigitaldeasturias.com\\\/magazine365\\\/#website\",\"url\":\"https:\\\/\\\/eldigitaldeasturias.com\\\/magazine365\\\/\",\"name\":\"El Digital de Asturias\",\"description\":\"Revista de ocio, turismo y estilo de vida\",\"inLanguage\":\"es-ES\",\"publisher\":{\"@id\":\"https:\\\/\\\/eldigitaldeasturias.com\\\/magazine365\\\/#organization\"}}]}\n\t\t<\/script>\n\t\t<!-- All in One SEO Pro -->\r\n\t\t<title>El Carnaval de M\u00e1laga se consolida y aglutina a 100.000 personas en torno a los actos programados | El Digital de Asturias<\/title>\n\n","aioseo_head_json":{"title":"El Carnaval de M\u00e1laga se consolida y aglutina a 100.000 personas en torno a los actos programados | El Digital de Asturias","description":"La Fundaci\u00f3n Carnaval de M\u00e1laga estima que m\u00e1s de 100.000 ciudadanos disfrutaron de los actos programados del 30 de enero al 7 de febrero de esta fiesta de invierno. Estos datos los ha dado a conocer este lunes el alcalde de M\u00e1laga, Francisco de la Torre; que ha estado acompa\u00f1ado por la concejala de Fiestas,","canonical_url":"https:\/\/eldigitaldeasturias.com\/magazine365\/el-carnaval-de-malaga-se-consolida-y-aglutina-a-100-000-personas-en-torno-a-los-actos-programados\/","robots":"max-image-preview:large","keywords":"noticias y actualidad","webmasterTools":{"google-site-verification":"UA-38556648-1","miscellaneous":""},"schema":{"@context":"https:\/\/schema.org","@graph":[{"@type":"Article","@id":"https:\/\/eldigitaldeasturias.com\/magazine365\/el-carnaval-de-malaga-se-consolida-y-aglutina-a-100-000-personas-en-torno-a-los-actos-programados\/#article","name":"El Carnaval de M\u00e1laga se consolida y aglutina a 100.000 personas en torno a los actos programados | El Digital de Asturias","headline":"El Carnaval de M\u00e1laga se consolida y aglutina a 100.000 personas en torno a los actos programados","author":{"@id":"https:\/\/eldigitaldeasturias.com\/magazine365\/author\/admin\/#author"},"publisher":{"@id":"https:\/\/eldigitaldeasturias.com\/magazine365\/#organization"},"image":{"@type":"ImageObject","url":"https:\/\/eldigitaldeasturias.com\/magazine365\/wp-content\/uploads\/2016\/02\/fotonoticia_20160208134722_800.jpg","width":800,"height":533},"datePublished":"2016-02-08T19:51:18+01:00","dateModified":"2016-02-08T19:51:18+01:00","inLanguage":"es-ES","mainEntityOfPage":{"@id":"https:\/\/eldigitaldeasturias.com\/magazine365\/el-carnaval-de-malaga-se-consolida-y-aglutina-a-100-000-personas-en-torno-a-los-actos-programados\/#webpage"},"isPartOf":{"@id":"https:\/\/eldigitaldeasturias.com\/magazine365\/el-carnaval-de-malaga-se-consolida-y-aglutina-a-100-000-personas-en-torno-a-los-actos-programados\/#webpage"},"articleSection":"Noticias y Actualidad"},{"@type":"BreadcrumbList","@id":"https:\/\/eldigitaldeasturias.com\/magazine365\/el-carnaval-de-malaga-se-consolida-y-aglutina-a-100-000-personas-en-torno-a-los-actos-programados\/#breadcrumblist","itemListElement":[{"@type":"ListItem","@id":"https:\/\/eldigitaldeasturias.com\/magazine365#listItem","position":1,"name":"Home","item":"https:\/\/eldigitaldeasturias.com\/magazine365","nextItem":{"@type":"ListItem","@id":"https:\/\/eldigitaldeasturias.com\/magazine365\/category\/noticias-actualidad\/#listItem","name":"Noticias y Actualidad"}},{"@type":"ListItem","@id":"https:\/\/eldigitaldeasturias.com\/magazine365\/category\/noticias-actualidad\/#listItem","position":2,"name":"Noticias y Actualidad","item":"https:\/\/eldigitaldeasturias.com\/magazine365\/category\/noticias-actualidad\/","nextItem":{"@type":"ListItem","@id":"https:\/\/eldigitaldeasturias.com\/magazine365\/el-carnaval-de-malaga-se-consolida-y-aglutina-a-100-000-personas-en-torno-a-los-actos-programados\/#listItem","name":"El Carnaval de M\u00e1laga se consolida y aglutina a 100.000 personas en torno a los actos programados"},"previousItem":{"@type":"ListItem","@id":"https:\/\/eldigitaldeasturias.com\/magazine365#listItem","name":"Home"}},{"@type":"ListItem","@id":"https:\/\/eldigitaldeasturias.com\/magazine365\/el-carnaval-de-malaga-se-consolida-y-aglutina-a-100-000-personas-en-torno-a-los-actos-programados\/#listItem","position":3,"name":"El Carnaval de M\u00e1laga se consolida y aglutina a 100.000 personas en torno a los actos programados","previousItem":{"@type":"ListItem","@id":"https:\/\/eldigitaldeasturias.com\/magazine365\/category\/noticias-actualidad\/#listItem","name":"Noticias y Actualidad"}}]},{"@type":"Organization","@id":"https:\/\/eldigitaldeasturias.com\/magazine365\/#organization","name":"El digital de Asturias","description":"Revista de ocio, turismo y estilo de vida","url":"https:\/\/eldigitaldeasturias.com\/magazine365\/","logo":{"@type":"ImageObject","url":"https:\/\/www.eldigitaldeasturias.com\/noticias\/wp-content\/uploads\/2020\/12\/EDA.jpg","@id":"https:\/\/eldigitaldeasturias.com\/magazine365\/el-carnaval-de-malaga-se-consolida-y-aglutina-a-100-000-personas-en-torno-a-los-actos-programados\/#organizationLogo"},"image":{"@id":"https:\/\/eldigitaldeasturias.com\/magazine365\/el-carnaval-de-malaga-se-consolida-y-aglutina-a-100-000-personas-en-torno-a-los-actos-programados\/#organizationLogo"}},{"@type":"Person","@id":"https:\/\/eldigitaldeasturias.com\/magazine365\/author\/admin\/#author","url":"https:\/\/eldigitaldeasturias.com\/magazine365\/author\/admin\/","name":"admin","image":{"@type":"ImageObject","@id":"https:\/\/eldigitaldeasturias.com\/magazine365\/el-carnaval-de-malaga-se-consolida-y-aglutina-a-100-000-personas-en-torno-a-los-actos-programados\/#authorImage","url":"https:\/\/eldigitaldeasturias.com\/magazine365\/wp-content\/litespeed\/avatar\/e571bcf59a0edd6fa6838245a470f2fe.jpg?ver=1776969259","width":96,"height":96,"caption":"admin"}},{"@type":"WebPage","@id":"https:\/\/eldigitaldeasturias.com\/magazine365\/el-carnaval-de-malaga-se-consolida-y-aglutina-a-100-000-personas-en-torno-a-los-actos-programados\/#webpage","url":"https:\/\/eldigitaldeasturias.com\/magazine365\/el-carnaval-de-malaga-se-consolida-y-aglutina-a-100-000-personas-en-torno-a-los-actos-programados\/","name":"El Carnaval de M\u00e1laga se consolida y aglutina a 100.000 personas en torno a los actos programados | El Digital de Asturias","description":"La Fundaci\u00f3n Carnaval de M\u00e1laga estima que m\u00e1s de 100.000 ciudadanos disfrutaron de los actos programados del 30 de enero al 7 de febrero de esta fiesta de invierno. Estos datos los ha dado a conocer este lunes el alcalde de M\u00e1laga, Francisco de la Torre; que ha estado acompa\u00f1ado por la concejala de Fiestas,","inLanguage":"es-ES","isPartOf":{"@id":"https:\/\/eldigitaldeasturias.com\/magazine365\/#website"},"breadcrumb":{"@id":"https:\/\/eldigitaldeasturias.com\/magazine365\/el-carnaval-de-malaga-se-consolida-y-aglutina-a-100-000-personas-en-torno-a-los-actos-programados\/#breadcrumblist"},"author":{"@id":"https:\/\/eldigitaldeasturias.com\/magazine365\/author\/admin\/#author"},"creator":{"@id":"https:\/\/eldigitaldeasturias.com\/magazine365\/author\/admin\/#author"},"image":{"@type":"ImageObject","url":"https:\/\/eldigitaldeasturias.com\/magazine365\/wp-content\/uploads\/2016\/02\/fotonoticia_20160208134722_800.jpg","@id":"https:\/\/eldigitaldeasturias.com\/magazine365\/el-carnaval-de-malaga-se-consolida-y-aglutina-a-100-000-personas-en-torno-a-los-actos-programados\/#mainImage","width":800,"height":533},"primaryImageOfPage":{"@id":"https:\/\/eldigitaldeasturias.com\/magazine365\/el-carnaval-de-malaga-se-consolida-y-aglutina-a-100-000-personas-en-torno-a-los-actos-programados\/#mainImage"},"datePublished":"2016-02-08T19:51:18+01:00","dateModified":"2016-02-08T19:51:18+01:00"},{"@type":"WebSite","@id":"https:\/\/eldigitaldeasturias.com\/magazine365\/#website","url":"https:\/\/eldigitaldeasturias.com\/magazine365\/","name":"El Digital de Asturias","description":"Revista de ocio, turismo y estilo de vida","inLanguage":"es-ES","publisher":{"@id":"https:\/\/eldigitaldeasturias.com\/magazine365\/#organization"}}]},"og:locale":"es_ES","og:site_name":"El Digital de Asturias \u2013 Revista de ocio, turismo y estilo de vida","og:type":"article","og:title":"El Carnaval de M\u00e1laga se consolida y aglutina a 100.000 personas en torno a los actos programados | El Digital de Asturias","og:description":"La Fundaci\u00f3n Carnaval de M\u00e1laga estima que m\u00e1s de 100.000 ciudadanos disfrutaron de los actos programados del 30 de enero al 7 de febrero de esta fiesta de invierno. Estos datos los ha dado a conocer este lunes el alcalde de M\u00e1laga, Francisco de la Torre; que ha estado acompa\u00f1ado por la concejala de Fiestas,","og:url":"https:\/\/eldigitaldeasturias.com\/magazine365\/el-carnaval-de-malaga-se-consolida-y-aglutina-a-100-000-personas-en-torno-a-los-actos-programados\/","og:image":"https:\/\/eldigitaldeasturias.com\/magazine365\/wp-content\/uploads\/2016\/02\/fotonoticia_20160208134722_800.jpg","og:image:secure_url":"https:\/\/eldigitaldeasturias.com\/magazine365\/wp-content\/uploads\/2016\/02\/fotonoticia_20160208134722_800.jpg","og:image:width":800,"og:image:height":533,"article:published_time":"2016-02-08T18:51:18+00:00","article:modified_time":"2016-02-08T18:51:18+00:00","twitter:card":"summary_large_image","twitter:title":"El Carnaval de M\u00e1laga se consolida y aglutina a 100.000 personas en torno a los actos programados | El Digital de Asturias","twitter:description":"La Fundaci\u00f3n Carnaval de M\u00e1laga estima que m\u00e1s de 100.000 ciudadanos disfrutaron de los actos programados del 30 de enero al 7 de febrero de esta fiesta de invierno. Estos datos los ha dado a conocer este lunes el alcalde de M\u00e1laga, Francisco de la Torre; que ha estado acompa\u00f1ado por la concejala de Fiestas,","twitter:image":"https:\/\/eldigitaldeasturias.com\/magazine365\/wp-content\/uploads\/2016\/02\/fotonoticia_20160208134722_800.jpg"},"aioseo_meta_data":{"post_id":"63588","title":null,"description":null,"keywords":null,"keyphrases":null,"primary_term":null,"canonical_url":null,"og_title":null,"og_description":null,"og_object_type":"default","og_image_type":"default","og_image_url":null,"og_image_width":null,"og_image_height":null,"og_image_custom_url":null,"og_image_custom_fields":null,"og_video":null,"og_custom_url":null,"og_article_section":null,"og_article_tags":null,"twitter_use_og":false,"twitter_card":"default","twitter_image_type":"default","twitter_image_url":null,"twitter_image_custom_url":null,"twitter_image_custom_fields":null,"twitter_title":null,"twitter_description":null,"schema":{"blockGraphs":[],"customGraphs":[],"default":{"data":{"Article":[],"Course":[],"Dataset":[],"FAQPage":[],"Movie":[],"Person":[],"Product":[],"ProductReview":[],"Car":[],"Recipe":[],"Service":[],"SoftwareApplication":[],"WebPage":[]},"graphName":"","isEnabled":true},"graphs":[],"defaultGraph":"","defaultPostTypeGraph":""},"schema_type":null,"schema_type_options":null,"pillar_content":false,"robots_default":true,"robots_noindex":false,"robots_noarchive":false,"robots_nosnippet":false,"robots_nofollow":false,"robots_noimageindex":false,"robots_noodp":false,"robots_notranslate":false,"robots_max_snippet":null,"robots_max_videopreview":null,"robots_max_imagepreview":"large","priority":null,"frequency":null,"location":null,"local_seo":null,"seo_analyzer_scan_date":"2025-09-25 13:26:04","breadcrumb_settings":null,"limit_modified_date":false,"open_ai":null,"ai":null,"created":"2021-03-08 21:21:19","updated":"2025-09-25 13:26:05"},"aioseo_breadcrumb":"<div class=\"aioseo-breadcrumbs\"><span class=\"aioseo-breadcrumb\">\n\t<a href=\"https:\/\/eldigitaldeasturias.com\/magazine365\" title=\"Home\">Home<\/a>\n<\/span><span class=\"aioseo-breadcrumb-separator\">\u2013<\/span><span class=\"aioseo-breadcrumb\">\n\t<a href=\"https:\/\/eldigitaldeasturias.com\/magazine365\/category\/noticias-actualidad\/\" title=\"Noticias y Actualidad\">Noticias y Actualidad<\/a>\n<\/span><span class=\"aioseo-breadcrumb-separator\">\u2013<\/span><span class=\"aioseo-breadcrumb\">\n\t<a href=\"https:\/\/eldigitaldeasturias.com\/magazine365\/el-carnaval-de-malaga-se-consolida-y-aglutina-a-100-000-personas-en-torno-a-los-actos-programados\/\" title=\"El Carnaval de M\u00e1laga se consolida y aglutina a 100.000 personas en torno a los actos programados\">El Carnaval de M\u00e1laga se consolida y aglutina a 100.000 personas en torno a los actos programados<\/a>\n<\/span><\/div>","aioseo_breadcrumb_json":[{"label":"Home","link":"https:\/\/eldigitaldeasturias.com\/magazine365"},{"label":"Noticias y Actualidad","link":"https:\/\/eldigitaldeasturias.com\/magazine365\/category\/noticias-actualidad\/"},{"label":"El Carnaval de M\u00e1laga se consolida y aglutina a 100.000 personas en torno a los actos programados","link":"https:\/\/eldigitaldeasturias.com\/magazine365\/el-carnaval-de-malaga-se-consolida-y-aglutina-a-100-000-personas-en-torno-a-los-actos-programados\/"}],"_links":{"self":[{"href":"https:\/\/eldigitaldeasturias.com\/magazine365\/wp-json\/wp\/v2\/posts\/63588","targetHints":{"allow":["GET"]}}],"collection":[{"href":"https:\/\/eldigitaldeasturias.com\/magazine365\/wp-json\/wp\/v2\/posts"}],"about":[{"href":"https:\/\/eldigitaldeasturias.com\/magazine365\/wp-json\/wp\/v2\/types\/post"}],"author":[{"embeddable":true,"href":"https:\/\/eldigitaldeasturias.com\/magazine365\/wp-json\/wp\/v2\/users\/1"}],"replies":[{"embeddable":true,"href":"https:\/\/eldigitaldeasturias.com\/magazine365\/wp-json\/wp\/v2\/comments?post=63588"}],"version-history":[{"count":0,"href":"https:\/\/eldigitaldeasturias.com\/magazine365\/wp-json\/wp\/v2\/posts\/63588\/revisions"}],"wp:featuredmedia":[{"embeddable":true,"href":"https:\/\/eldigitaldeasturias.com\/magazine365\/wp-json\/wp\/v2\/media\/63589"}],"wp:attachment":[{"href":"https:\/\/eldigitaldeasturias.com\/magazine365\/wp-json\/wp\/v2\/media?parent=63588"}],"wp:term":[{"taxonomy":"category","embeddable":true,"href":"https:\/\/eldigitaldeasturias.com\/magazine365\/wp-json\/wp\/v2\/categories?post=63588"},{"taxonomy":"post_tag","embeddable":true,"href":"https:\/\/eldigitaldeasturias.com\/magazine365\/wp-json\/wp\/v2\/tags?post=63588"}],"curies":[{"name":"wp","href":"https:\/\/api.w.org\/{rel}","templated":true}]}}