{"id":63582,"date":"2016-02-08T19:45:49","date_gmt":"2016-02-08T18:45:49","guid":{"rendered":"http:\/\/eldigitaldeasturias.com\/magazine365\/?p=63582"},"modified":"2016-02-08T19:45:49","modified_gmt":"2016-02-08T18:45:49","slug":"el-trafico-aereo-mundial-de-pasajeros-crecio-un-65-durante-2015","status":"publish","type":"post","link":"https:\/\/eldigitaldeasturias.com\/magazine365\/el-trafico-aereo-mundial-de-pasajeros-crecio-un-65-durante-2015\/","title":{"rendered":"El tr\u00e1fico a\u00e9reo mundial de pasajeros creci\u00f3 un 6,5% durante 2015"},"content":{"rendered":"<p><img fetchpriority=\"high\" decoding=\"async\" class=\"alignleft size-medium wp-image-63583\" src=\"https:\/\/eldigitaldeasturias.com\/magazine365\/wp-content\/uploads\/2016\/02\/fotonoticia_20160208133930_800-360x240.jpg\" alt=\"fotonoticia_20160208133930_800\" width=\"360\" height=\"240\" srcset=\"https:\/\/eldigitaldeasturias.com\/magazine365\/wp-content\/uploads\/2016\/02\/fotonoticia_20160208133930_800-360x240.jpg 360w, https:\/\/eldigitaldeasturias.com\/magazine365\/wp-content\/uploads\/2016\/02\/fotonoticia_20160208133930_800-650x433.jpg 650w, https:\/\/eldigitaldeasturias.com\/magazine365\/wp-content\/uploads\/2016\/02\/fotonoticia_20160208133930_800-768x512.jpg 768w, https:\/\/eldigitaldeasturias.com\/magazine365\/wp-content\/uploads\/2016\/02\/fotonoticia_20160208133930_800-150x100.jpg 150w, https:\/\/eldigitaldeasturias.com\/magazine365\/wp-content\/uploads\/2016\/02\/fotonoticia_20160208133930_800-450x300.jpg 450w, https:\/\/eldigitaldeasturias.com\/magazine365\/wp-content\/uploads\/2016\/02\/fotonoticia_20160208133930_800-696x464.jpg 696w, https:\/\/eldigitaldeasturias.com\/magazine365\/wp-content\/uploads\/2016\/02\/fotonoticia_20160208133930_800-630x420.jpg 630w, https:\/\/eldigitaldeasturias.com\/magazine365\/wp-content\/uploads\/2016\/02\/fotonoticia_20160208133930_800-101x66.jpg 101w, https:\/\/eldigitaldeasturias.com\/magazine365\/wp-content\/uploads\/2016\/02\/fotonoticia_20160208133930_800.jpg 800w\" sizes=\"(max-width: 360px) 100vw, 360px\" \/>El tr\u00e1fico mundial de pasajeros aument\u00f3 un 6,5% en 2015, con un factor de ocupaci\u00f3n r\u00e9cord del 80,3% para el conjunto del a\u00f1o, 0,6 puntos porcentuales m\u00e1s, seg\u00fan el informe de la Asociaci\u00f3n Internacional del Transporte A\u00e9reo (IATA), que aglutina a casi el 90% del tr\u00e1fico a\u00e9reo mundial.<\/p>\n<p>Se trata del mayor repunte desde 2010, con un porcentaje muy por encima de la tasa de crecimiento anual promedio prevista en el 5,5%, se\u00f1ala la IATA, que justifica que el incremento de la demanda de pasajeros se ha visto impulsada por unas tarifas un 5% m\u00e1s bajas con respecto a 2014, como resultado de ajustar las distorsiones por la revalorizaci\u00f3n del d\u00f3lar, entre otros factores.<\/p>\n<p>\u00abEn un contexto econ\u00f3mico m\u00e1s d\u00e9bil este resultado confirma la fuerte demanda de conectividad de la aviaci\u00f3n, donde la demanda del transporte a\u00e9reo ha crecido y los consumidores se han beneficiado de tarifas m\u00e1s bajas en comparaci\u00f3n con 2014\u00bb, ha se\u00f1alado el director general y consejero delegado de la IATA, Tony Tyler.<\/p>\n<p>En diciembre, el tr\u00e1fico a\u00e9reo mundial de pasajeros creci\u00f3 un 5,4%, con un aumento del 5,3% de la oferta, y un factor de ocupaci\u00f3n del 78,8%, lo que supone un punto porcentual menos que en el \u00faltimo mes del a\u00f1o 2014.<\/p>\n<p>En concreto, el crecimiento en el n\u00famero de asientos ofertados fue mayor en el \u00e1mbito internacional (+5,9%) que en el nacional (+4,2%), una tendencia que se repite en la demanda, siendo la internacional la de mayor peso (+5,6%) que la dom\u00e9stica (+5,1%).<\/p>\n<p>En el conjunto de 2015, la capacidad a\u00e9rea mundial se increment\u00f3 un 5,6%, con crecimientos en el tr\u00e1fico a\u00e9reo en todas las regiones. Tanto la capacidad en rutas internacionales (+5,9%) como en rutas nacionales (+5,2%) fue notable.<\/p>\n<p>La IATA destac\u00f3 la buena evoluci\u00f3n en la regi\u00f3n de Asia-Pac\u00edfico, que represent\u00f3 un tercio del aumento total del tr\u00e1fico a\u00e9reo anual. Por contra, rese\u00f1\u00f3 el leve aumento (+0,8%) del tr\u00e1fico a\u00e9reo dom\u00e9stico en Brasil, como reflejo del deterioro de la situaci\u00f3n econ\u00f3mica del pa\u00eds.<\/p>\n<p>En EE.UU., el tr\u00e1fico dom\u00e9stico creci\u00f3 un 4,9% con respecto a 2014 ayudado por un crecimiento econ\u00f3mico s\u00f3lido, primer aumento desde 2003 por encima del tr\u00e1fico internacional en la regi\u00f3n. Esta tasa fue mayor que el aumento registrado desde 2004.<\/p>\n<p>POR REGIONES.<\/p>\n<p>Las compa\u00f1\u00edas en Asia-Pac\u00edfico registraron un aumento del 8,2% del tr\u00e1fico a\u00e9reo internacional, el mayor de las tres regiones m\u00e1s grandes, con un aumento del 6,4% de la oferta. El factor de ocupaci\u00f3n se situ\u00f3 en el 78,2%, 1,3 puntos porcentuales m\u00e1s.<\/p>\n<p>En Europa, las aerol\u00edneas lograron un incremento medio del 5% del tr\u00e1fico de viajeros, con una oferta un 3,8% superior de media. El factor de ocupaci\u00f3n se situ\u00f3 en el 82,6%, la m\u00e1s alta entre las regiones. La IATA atribuye esta mejora al repunte del gasto medio del consumidor en la zona euro, as\u00ed como a un aumento moderado de la frecuencia de los vuelos.<\/p>\n<p>Hacia final de a\u00f1o, se ralentiz\u00f3 por las huelgas de Lufthansa y el cierre de Transaero en Rusia. A\u00fan as\u00ed, en el mercado dom\u00e9stico el tr\u00e1fico creci\u00f3 un 5,1%, con una oferta un 3,9% mayor, y un coeficiente de ocupaci\u00f3n del 81,7%.<\/p>\n<p>EL MAYOR INCREMENTO EN ORIENTE MEDIO.<\/p>\n<p>Las aerol\u00edneas norteamericanas aumentaron un 3,2% el tr\u00e1fico internacional de viajeros, pr\u00e1cticamente sin cambios, con una oferta un 3,1% superior. El factor de ocupaci\u00f3n se situ\u00f3 en el 81,8%, 0,1 puntos porcentuales m\u00e1s.<\/p>\n<p>En Oriente Medio, las compa\u00f1\u00edas a\u00e9reas protagonizaron el crecimiento m\u00e1s fuerte del tr\u00e1fico anual en el 10,5%, que aportaron el 14,2% del incremento total por encima de los operadores de Am\u00e9rica del Norte (+13,4%). La capacidad creci\u00f3 un 13,2% superando la demanda, con un factor de ocupaci\u00f3n del 76,4%, 1,7 puntos porcentuales m\u00e1s.<\/p>\n<p>En Latianom\u00e9rica, el tr\u00e1fico de pasajeros creci\u00f3 un 9,3% en 2015 en rutas internacionales, con un aumento del 9,2% de la oferta y un factor de carga del 80,1%, 1,1 puntos porcentuales m\u00e1s. En las rutas dom\u00e9sticas de esta regi\u00f3n, creci\u00f3 un 6,7%, con una oferta un 6,4% mayor, y un factor de ocupaci\u00f3n en el 79,9%.<\/p>\n<p>Finalmente, las aerol\u00edneas africanas registraron un crecimiento mucho m\u00e1s lento, hasta un 3%, tras elevar un 1,5% su oferta. El factor de coeficiente de ocupaci\u00f3n fue del 68,5%, un punto porcentual m\u00e1s. El tr\u00e1fico internacional aument\u00f3 considerablemente en la segunda mitad de 2015, junto con un aumento en la actividad comercial desde y hacia la regi\u00f3n.<\/p>\n","protected":false},"excerpt":{"rendered":"<p>El tr\u00e1fico mundial de pasajeros aument\u00f3 un 6,5% en 2015, con un factor de ocupaci\u00f3n r\u00e9cord del 80,3% para el conjunto del a\u00f1o, 0,6 puntos porcentuales m\u00e1s, seg\u00fan el informe de la Asociaci\u00f3n Internacional del Transporte A\u00e9reo (IATA), que aglutina a casi el 90% del tr\u00e1fico a\u00e9reo mundial. Se trata del mayor repunte desde 2010,<\/p>\n","protected":false},"author":1,"featured_media":63583,"comment_status":"open","ping_status":"closed","sticky":false,"template":"","format":"standard","meta":{"footnotes":""},"categories":[224],"tags":[],"class_list":{"0":"post-63582","1":"post","2":"type-post","3":"status-publish","4":"format-standard","5":"has-post-thumbnail","7":"category-noticias-actualidad"},"aioseo_notices":[],"aioseo_head":"\n\t\t<!-- All in One SEO Pro 4.9.6.1 - aioseo.com -->\n\t<meta name=\"description\" content=\"El tr\u00e1fico mundial de pasajeros aument\u00f3 un 6,5% en 2015, con un factor de ocupaci\u00f3n r\u00e9cord del 80,3% para el conjunto del a\u00f1o, 0,6 puntos porcentuales m\u00e1s, seg\u00fan el informe de la Asociaci\u00f3n Internacional del Transporte A\u00e9reo (IATA), que aglutina a casi el 90% del tr\u00e1fico a\u00e9reo mundial. Se trata del mayor repunte desde 2010,\" \/>\n\t<meta name=\"robots\" content=\"max-image-preview:large\" \/>\n\t<meta name=\"author\" content=\"admin\"\/>\n\t<meta name=\"google-site-verification\" content=\"UA-38556648-1\" \/>\n\t<meta name=\"keywords\" content=\"noticias y actualidad\" \/>\n\t<link rel=\"canonical\" href=\"https:\/\/eldigitaldeasturias.com\/magazine365\/el-trafico-aereo-mundial-de-pasajeros-crecio-un-65-durante-2015\/\" \/>\n\t<meta name=\"generator\" content=\"All in One SEO Pro (AIOSEO) 4.9.6.1\" \/>\n\t\t<meta property=\"og:locale\" content=\"es_ES\" \/>\n\t\t<meta property=\"og:site_name\" content=\"El Digital de Asturias \u2013 Revista de ocio, turismo y estilo de vida\" \/>\n\t\t<meta property=\"og:type\" content=\"article\" \/>\n\t\t<meta property=\"og:title\" content=\"El tr\u00e1fico a\u00e9reo mundial de pasajeros creci\u00f3 un 6,5% durante 2015 | El Digital de Asturias\" \/>\n\t\t<meta property=\"og:description\" content=\"El tr\u00e1fico mundial de pasajeros aument\u00f3 un 6,5% en 2015, con un factor de ocupaci\u00f3n r\u00e9cord del 80,3% para el conjunto del a\u00f1o, 0,6 puntos porcentuales m\u00e1s, seg\u00fan el informe de la Asociaci\u00f3n Internacional del Transporte A\u00e9reo (IATA), que aglutina a casi el 90% del tr\u00e1fico a\u00e9reo mundial. Se trata del mayor repunte desde 2010,\" \/>\n\t\t<meta property=\"og:url\" content=\"https:\/\/eldigitaldeasturias.com\/magazine365\/el-trafico-aereo-mundial-de-pasajeros-crecio-un-65-durante-2015\/\" \/>\n\t\t<meta property=\"og:image\" content=\"https:\/\/eldigitaldeasturias.com\/magazine365\/wp-content\/uploads\/2016\/02\/fotonoticia_20160208133930_800.jpg\" \/>\n\t\t<meta property=\"og:image:secure_url\" content=\"https:\/\/eldigitaldeasturias.com\/magazine365\/wp-content\/uploads\/2016\/02\/fotonoticia_20160208133930_800.jpg\" \/>\n\t\t<meta property=\"og:image:width\" content=\"800\" \/>\n\t\t<meta property=\"og:image:height\" content=\"533\" \/>\n\t\t<meta property=\"article:published_time\" content=\"2016-02-08T18:45:49+00:00\" \/>\n\t\t<meta property=\"article:modified_time\" content=\"2016-02-08T18:45:49+00:00\" \/>\n\t\t<meta name=\"twitter:card\" content=\"summary_large_image\" \/>\n\t\t<meta name=\"twitter:title\" content=\"El tr\u00e1fico a\u00e9reo mundial de pasajeros creci\u00f3 un 6,5% durante 2015 | El Digital de Asturias\" \/>\n\t\t<meta name=\"twitter:description\" content=\"El tr\u00e1fico mundial de pasajeros aument\u00f3 un 6,5% en 2015, con un factor de ocupaci\u00f3n r\u00e9cord del 80,3% para el conjunto del a\u00f1o, 0,6 puntos porcentuales m\u00e1s, seg\u00fan el informe de la Asociaci\u00f3n Internacional del Transporte A\u00e9reo (IATA), que aglutina a casi el 90% del tr\u00e1fico a\u00e9reo mundial. Se trata del mayor repunte desde 2010,\" \/>\n\t\t<meta name=\"twitter:image\" content=\"https:\/\/eldigitaldeasturias.com\/magazine365\/wp-content\/uploads\/2016\/02\/fotonoticia_20160208133930_800.jpg\" \/>\n\t\t<script type=\"application\/ld+json\" class=\"aioseo-schema\">\n\t\t\t{\"@context\":\"https:\\\/\\\/schema.org\",\"@graph\":[{\"@type\":\"Article\",\"@id\":\"https:\\\/\\\/eldigitaldeasturias.com\\\/magazine365\\\/el-trafico-aereo-mundial-de-pasajeros-crecio-un-65-durante-2015\\\/#article\",\"name\":\"El tr\\u00e1fico a\\u00e9reo mundial de pasajeros creci\\u00f3 un 6,5% durante 2015 | El Digital de Asturias\",\"headline\":\"El tr\\u00e1fico a\\u00e9reo mundial de pasajeros creci\\u00f3 un 6,5% durante 2015\",\"author\":{\"@id\":\"https:\\\/\\\/eldigitaldeasturias.com\\\/magazine365\\\/author\\\/admin\\\/#author\"},\"publisher\":{\"@id\":\"https:\\\/\\\/eldigitaldeasturias.com\\\/magazine365\\\/#organization\"},\"image\":{\"@type\":\"ImageObject\",\"url\":\"https:\\\/\\\/eldigitaldeasturias.com\\\/magazine365\\\/wp-content\\\/uploads\\\/2016\\\/02\\\/fotonoticia_20160208133930_800.jpg\",\"width\":800,\"height\":533},\"datePublished\":\"2016-02-08T19:45:49+01:00\",\"dateModified\":\"2016-02-08T19:45:49+01:00\",\"inLanguage\":\"es-ES\",\"mainEntityOfPage\":{\"@id\":\"https:\\\/\\\/eldigitaldeasturias.com\\\/magazine365\\\/el-trafico-aereo-mundial-de-pasajeros-crecio-un-65-durante-2015\\\/#webpage\"},\"isPartOf\":{\"@id\":\"https:\\\/\\\/eldigitaldeasturias.com\\\/magazine365\\\/el-trafico-aereo-mundial-de-pasajeros-crecio-un-65-durante-2015\\\/#webpage\"},\"articleSection\":\"Noticias y Actualidad\"},{\"@type\":\"BreadcrumbList\",\"@id\":\"https:\\\/\\\/eldigitaldeasturias.com\\\/magazine365\\\/el-trafico-aereo-mundial-de-pasajeros-crecio-un-65-durante-2015\\\/#breadcrumblist\",\"itemListElement\":[{\"@type\":\"ListItem\",\"@id\":\"https:\\\/\\\/eldigitaldeasturias.com\\\/magazine365#listItem\",\"position\":1,\"name\":\"Home\",\"item\":\"https:\\\/\\\/eldigitaldeasturias.com\\\/magazine365\",\"nextItem\":{\"@type\":\"ListItem\",\"@id\":\"https:\\\/\\\/eldigitaldeasturias.com\\\/magazine365\\\/category\\\/noticias-actualidad\\\/#listItem\",\"name\":\"Noticias y Actualidad\"}},{\"@type\":\"ListItem\",\"@id\":\"https:\\\/\\\/eldigitaldeasturias.com\\\/magazine365\\\/category\\\/noticias-actualidad\\\/#listItem\",\"position\":2,\"name\":\"Noticias y Actualidad\",\"item\":\"https:\\\/\\\/eldigitaldeasturias.com\\\/magazine365\\\/category\\\/noticias-actualidad\\\/\",\"nextItem\":{\"@type\":\"ListItem\",\"@id\":\"https:\\\/\\\/eldigitaldeasturias.com\\\/magazine365\\\/el-trafico-aereo-mundial-de-pasajeros-crecio-un-65-durante-2015\\\/#listItem\",\"name\":\"El tr\\u00e1fico a\\u00e9reo mundial de pasajeros creci\\u00f3 un 6,5% durante 2015\"},\"previousItem\":{\"@type\":\"ListItem\",\"@id\":\"https:\\\/\\\/eldigitaldeasturias.com\\\/magazine365#listItem\",\"name\":\"Home\"}},{\"@type\":\"ListItem\",\"@id\":\"https:\\\/\\\/eldigitaldeasturias.com\\\/magazine365\\\/el-trafico-aereo-mundial-de-pasajeros-crecio-un-65-durante-2015\\\/#listItem\",\"position\":3,\"name\":\"El tr\\u00e1fico a\\u00e9reo mundial de pasajeros creci\\u00f3 un 6,5% durante 2015\",\"previousItem\":{\"@type\":\"ListItem\",\"@id\":\"https:\\\/\\\/eldigitaldeasturias.com\\\/magazine365\\\/category\\\/noticias-actualidad\\\/#listItem\",\"name\":\"Noticias y Actualidad\"}}]},{\"@type\":\"Organization\",\"@id\":\"https:\\\/\\\/eldigitaldeasturias.com\\\/magazine365\\\/#organization\",\"name\":\"El digital de Asturias\",\"description\":\"Revista de ocio, turismo y estilo de vida\",\"url\":\"https:\\\/\\\/eldigitaldeasturias.com\\\/magazine365\\\/\",\"logo\":{\"@type\":\"ImageObject\",\"url\":\"https:\\\/\\\/www.eldigitaldeasturias.com\\\/noticias\\\/wp-content\\\/uploads\\\/2020\\\/12\\\/EDA.jpg\",\"@id\":\"https:\\\/\\\/eldigitaldeasturias.com\\\/magazine365\\\/el-trafico-aereo-mundial-de-pasajeros-crecio-un-65-durante-2015\\\/#organizationLogo\"},\"image\":{\"@id\":\"https:\\\/\\\/eldigitaldeasturias.com\\\/magazine365\\\/el-trafico-aereo-mundial-de-pasajeros-crecio-un-65-durante-2015\\\/#organizationLogo\"}},{\"@type\":\"Person\",\"@id\":\"https:\\\/\\\/eldigitaldeasturias.com\\\/magazine365\\\/author\\\/admin\\\/#author\",\"url\":\"https:\\\/\\\/eldigitaldeasturias.com\\\/magazine365\\\/author\\\/admin\\\/\",\"name\":\"admin\",\"image\":{\"@type\":\"ImageObject\",\"@id\":\"https:\\\/\\\/eldigitaldeasturias.com\\\/magazine365\\\/el-trafico-aereo-mundial-de-pasajeros-crecio-un-65-durante-2015\\\/#authorImage\",\"url\":\"https:\\\/\\\/eldigitaldeasturias.com\\\/magazine365\\\/wp-content\\\/litespeed\\\/avatar\\\/e571bcf59a0edd6fa6838245a470f2fe.jpg?ver=1776969259\",\"width\":96,\"height\":96,\"caption\":\"admin\"}},{\"@type\":\"WebPage\",\"@id\":\"https:\\\/\\\/eldigitaldeasturias.com\\\/magazine365\\\/el-trafico-aereo-mundial-de-pasajeros-crecio-un-65-durante-2015\\\/#webpage\",\"url\":\"https:\\\/\\\/eldigitaldeasturias.com\\\/magazine365\\\/el-trafico-aereo-mundial-de-pasajeros-crecio-un-65-durante-2015\\\/\",\"name\":\"El tr\\u00e1fico a\\u00e9reo mundial de pasajeros creci\\u00f3 un 6,5% durante 2015 | El Digital de Asturias\",\"description\":\"El tr\\u00e1fico mundial de pasajeros aument\\u00f3 un 6,5% en 2015, con un factor de ocupaci\\u00f3n r\\u00e9cord del 80,3% para el conjunto del a\\u00f1o, 0,6 puntos porcentuales m\\u00e1s, seg\\u00fan el informe de la Asociaci\\u00f3n Internacional del Transporte A\\u00e9reo (IATA), que aglutina a casi el 90% del tr\\u00e1fico a\\u00e9reo mundial. Se trata del mayor repunte desde 2010,\",\"inLanguage\":\"es-ES\",\"isPartOf\":{\"@id\":\"https:\\\/\\\/eldigitaldeasturias.com\\\/magazine365\\\/#website\"},\"breadcrumb\":{\"@id\":\"https:\\\/\\\/eldigitaldeasturias.com\\\/magazine365\\\/el-trafico-aereo-mundial-de-pasajeros-crecio-un-65-durante-2015\\\/#breadcrumblist\"},\"author\":{\"@id\":\"https:\\\/\\\/eldigitaldeasturias.com\\\/magazine365\\\/author\\\/admin\\\/#author\"},\"creator\":{\"@id\":\"https:\\\/\\\/eldigitaldeasturias.com\\\/magazine365\\\/author\\\/admin\\\/#author\"},\"image\":{\"@type\":\"ImageObject\",\"url\":\"https:\\\/\\\/eldigitaldeasturias.com\\\/magazine365\\\/wp-content\\\/uploads\\\/2016\\\/02\\\/fotonoticia_20160208133930_800.jpg\",\"@id\":\"https:\\\/\\\/eldigitaldeasturias.com\\\/magazine365\\\/el-trafico-aereo-mundial-de-pasajeros-crecio-un-65-durante-2015\\\/#mainImage\",\"width\":800,\"height\":533},\"primaryImageOfPage\":{\"@id\":\"https:\\\/\\\/eldigitaldeasturias.com\\\/magazine365\\\/el-trafico-aereo-mundial-de-pasajeros-crecio-un-65-durante-2015\\\/#mainImage\"},\"datePublished\":\"2016-02-08T19:45:49+01:00\",\"dateModified\":\"2016-02-08T19:45:49+01:00\"},{\"@type\":\"WebSite\",\"@id\":\"https:\\\/\\\/eldigitaldeasturias.com\\\/magazine365\\\/#website\",\"url\":\"https:\\\/\\\/eldigitaldeasturias.com\\\/magazine365\\\/\",\"name\":\"El Digital de Asturias\",\"description\":\"Revista de ocio, turismo y estilo de vida\",\"inLanguage\":\"es-ES\",\"publisher\":{\"@id\":\"https:\\\/\\\/eldigitaldeasturias.com\\\/magazine365\\\/#organization\"}}]}\n\t\t<\/script>\n\t\t<!-- All in One SEO Pro -->\r\n\t\t<title>El tr\u00e1fico a\u00e9reo mundial de pasajeros creci\u00f3 un 6,5% durante 2015 | El Digital de Asturias<\/title>\n\n","aioseo_head_json":{"title":"El tr\u00e1fico a\u00e9reo mundial de pasajeros creci\u00f3 un 6,5% durante 2015 | El Digital de Asturias","description":"El tr\u00e1fico mundial de pasajeros aument\u00f3 un 6,5% en 2015, con un factor de ocupaci\u00f3n r\u00e9cord del 80,3% para el conjunto del a\u00f1o, 0,6 puntos porcentuales m\u00e1s, seg\u00fan el informe de la Asociaci\u00f3n Internacional del Transporte A\u00e9reo (IATA), que aglutina a casi el 90% del tr\u00e1fico a\u00e9reo mundial. Se trata del mayor repunte desde 2010,","canonical_url":"https:\/\/eldigitaldeasturias.com\/magazine365\/el-trafico-aereo-mundial-de-pasajeros-crecio-un-65-durante-2015\/","robots":"max-image-preview:large","keywords":"noticias y actualidad","webmasterTools":{"google-site-verification":"UA-38556648-1","miscellaneous":""},"schema":{"@context":"https:\/\/schema.org","@graph":[{"@type":"Article","@id":"https:\/\/eldigitaldeasturias.com\/magazine365\/el-trafico-aereo-mundial-de-pasajeros-crecio-un-65-durante-2015\/#article","name":"El tr\u00e1fico a\u00e9reo mundial de pasajeros creci\u00f3 un 6,5% durante 2015 | El Digital de Asturias","headline":"El tr\u00e1fico a\u00e9reo mundial de pasajeros creci\u00f3 un 6,5% durante 2015","author":{"@id":"https:\/\/eldigitaldeasturias.com\/magazine365\/author\/admin\/#author"},"publisher":{"@id":"https:\/\/eldigitaldeasturias.com\/magazine365\/#organization"},"image":{"@type":"ImageObject","url":"https:\/\/eldigitaldeasturias.com\/magazine365\/wp-content\/uploads\/2016\/02\/fotonoticia_20160208133930_800.jpg","width":800,"height":533},"datePublished":"2016-02-08T19:45:49+01:00","dateModified":"2016-02-08T19:45:49+01:00","inLanguage":"es-ES","mainEntityOfPage":{"@id":"https:\/\/eldigitaldeasturias.com\/magazine365\/el-trafico-aereo-mundial-de-pasajeros-crecio-un-65-durante-2015\/#webpage"},"isPartOf":{"@id":"https:\/\/eldigitaldeasturias.com\/magazine365\/el-trafico-aereo-mundial-de-pasajeros-crecio-un-65-durante-2015\/#webpage"},"articleSection":"Noticias y Actualidad"},{"@type":"BreadcrumbList","@id":"https:\/\/eldigitaldeasturias.com\/magazine365\/el-trafico-aereo-mundial-de-pasajeros-crecio-un-65-durante-2015\/#breadcrumblist","itemListElement":[{"@type":"ListItem","@id":"https:\/\/eldigitaldeasturias.com\/magazine365#listItem","position":1,"name":"Home","item":"https:\/\/eldigitaldeasturias.com\/magazine365","nextItem":{"@type":"ListItem","@id":"https:\/\/eldigitaldeasturias.com\/magazine365\/category\/noticias-actualidad\/#listItem","name":"Noticias y Actualidad"}},{"@type":"ListItem","@id":"https:\/\/eldigitaldeasturias.com\/magazine365\/category\/noticias-actualidad\/#listItem","position":2,"name":"Noticias y Actualidad","item":"https:\/\/eldigitaldeasturias.com\/magazine365\/category\/noticias-actualidad\/","nextItem":{"@type":"ListItem","@id":"https:\/\/eldigitaldeasturias.com\/magazine365\/el-trafico-aereo-mundial-de-pasajeros-crecio-un-65-durante-2015\/#listItem","name":"El tr\u00e1fico a\u00e9reo mundial de pasajeros creci\u00f3 un 6,5% durante 2015"},"previousItem":{"@type":"ListItem","@id":"https:\/\/eldigitaldeasturias.com\/magazine365#listItem","name":"Home"}},{"@type":"ListItem","@id":"https:\/\/eldigitaldeasturias.com\/magazine365\/el-trafico-aereo-mundial-de-pasajeros-crecio-un-65-durante-2015\/#listItem","position":3,"name":"El tr\u00e1fico a\u00e9reo mundial de pasajeros creci\u00f3 un 6,5% durante 2015","previousItem":{"@type":"ListItem","@id":"https:\/\/eldigitaldeasturias.com\/magazine365\/category\/noticias-actualidad\/#listItem","name":"Noticias y Actualidad"}}]},{"@type":"Organization","@id":"https:\/\/eldigitaldeasturias.com\/magazine365\/#organization","name":"El digital de Asturias","description":"Revista de ocio, turismo y estilo de vida","url":"https:\/\/eldigitaldeasturias.com\/magazine365\/","logo":{"@type":"ImageObject","url":"https:\/\/www.eldigitaldeasturias.com\/noticias\/wp-content\/uploads\/2020\/12\/EDA.jpg","@id":"https:\/\/eldigitaldeasturias.com\/magazine365\/el-trafico-aereo-mundial-de-pasajeros-crecio-un-65-durante-2015\/#organizationLogo"},"image":{"@id":"https:\/\/eldigitaldeasturias.com\/magazine365\/el-trafico-aereo-mundial-de-pasajeros-crecio-un-65-durante-2015\/#organizationLogo"}},{"@type":"Person","@id":"https:\/\/eldigitaldeasturias.com\/magazine365\/author\/admin\/#author","url":"https:\/\/eldigitaldeasturias.com\/magazine365\/author\/admin\/","name":"admin","image":{"@type":"ImageObject","@id":"https:\/\/eldigitaldeasturias.com\/magazine365\/el-trafico-aereo-mundial-de-pasajeros-crecio-un-65-durante-2015\/#authorImage","url":"https:\/\/eldigitaldeasturias.com\/magazine365\/wp-content\/litespeed\/avatar\/e571bcf59a0edd6fa6838245a470f2fe.jpg?ver=1776969259","width":96,"height":96,"caption":"admin"}},{"@type":"WebPage","@id":"https:\/\/eldigitaldeasturias.com\/magazine365\/el-trafico-aereo-mundial-de-pasajeros-crecio-un-65-durante-2015\/#webpage","url":"https:\/\/eldigitaldeasturias.com\/magazine365\/el-trafico-aereo-mundial-de-pasajeros-crecio-un-65-durante-2015\/","name":"El tr\u00e1fico a\u00e9reo mundial de pasajeros creci\u00f3 un 6,5% durante 2015 | El Digital de Asturias","description":"El tr\u00e1fico mundial de pasajeros aument\u00f3 un 6,5% en 2015, con un factor de ocupaci\u00f3n r\u00e9cord del 80,3% para el conjunto del a\u00f1o, 0,6 puntos porcentuales m\u00e1s, seg\u00fan el informe de la Asociaci\u00f3n Internacional del Transporte A\u00e9reo (IATA), que aglutina a casi el 90% del tr\u00e1fico a\u00e9reo mundial. Se trata del mayor repunte desde 2010,","inLanguage":"es-ES","isPartOf":{"@id":"https:\/\/eldigitaldeasturias.com\/magazine365\/#website"},"breadcrumb":{"@id":"https:\/\/eldigitaldeasturias.com\/magazine365\/el-trafico-aereo-mundial-de-pasajeros-crecio-un-65-durante-2015\/#breadcrumblist"},"author":{"@id":"https:\/\/eldigitaldeasturias.com\/magazine365\/author\/admin\/#author"},"creator":{"@id":"https:\/\/eldigitaldeasturias.com\/magazine365\/author\/admin\/#author"},"image":{"@type":"ImageObject","url":"https:\/\/eldigitaldeasturias.com\/magazine365\/wp-content\/uploads\/2016\/02\/fotonoticia_20160208133930_800.jpg","@id":"https:\/\/eldigitaldeasturias.com\/magazine365\/el-trafico-aereo-mundial-de-pasajeros-crecio-un-65-durante-2015\/#mainImage","width":800,"height":533},"primaryImageOfPage":{"@id":"https:\/\/eldigitaldeasturias.com\/magazine365\/el-trafico-aereo-mundial-de-pasajeros-crecio-un-65-durante-2015\/#mainImage"},"datePublished":"2016-02-08T19:45:49+01:00","dateModified":"2016-02-08T19:45:49+01:00"},{"@type":"WebSite","@id":"https:\/\/eldigitaldeasturias.com\/magazine365\/#website","url":"https:\/\/eldigitaldeasturias.com\/magazine365\/","name":"El Digital de Asturias","description":"Revista de ocio, turismo y estilo de vida","inLanguage":"es-ES","publisher":{"@id":"https:\/\/eldigitaldeasturias.com\/magazine365\/#organization"}}]},"og:locale":"es_ES","og:site_name":"El Digital de Asturias \u2013 Revista de ocio, turismo y estilo de vida","og:type":"article","og:title":"El tr\u00e1fico a\u00e9reo mundial de pasajeros creci\u00f3 un 6,5% durante 2015 | El Digital de Asturias","og:description":"El tr\u00e1fico mundial de pasajeros aument\u00f3 un 6,5% en 2015, con un factor de ocupaci\u00f3n r\u00e9cord del 80,3% para el conjunto del a\u00f1o, 0,6 puntos porcentuales m\u00e1s, seg\u00fan el informe de la Asociaci\u00f3n Internacional del Transporte A\u00e9reo (IATA), que aglutina a casi el 90% del tr\u00e1fico a\u00e9reo mundial. Se trata del mayor repunte desde 2010,","og:url":"https:\/\/eldigitaldeasturias.com\/magazine365\/el-trafico-aereo-mundial-de-pasajeros-crecio-un-65-durante-2015\/","og:image":"https:\/\/eldigitaldeasturias.com\/magazine365\/wp-content\/uploads\/2016\/02\/fotonoticia_20160208133930_800.jpg","og:image:secure_url":"https:\/\/eldigitaldeasturias.com\/magazine365\/wp-content\/uploads\/2016\/02\/fotonoticia_20160208133930_800.jpg","og:image:width":800,"og:image:height":533,"article:published_time":"2016-02-08T18:45:49+00:00","article:modified_time":"2016-02-08T18:45:49+00:00","twitter:card":"summary_large_image","twitter:title":"El tr\u00e1fico a\u00e9reo mundial de pasajeros creci\u00f3 un 6,5% durante 2015 | El Digital de Asturias","twitter:description":"El tr\u00e1fico mundial de pasajeros aument\u00f3 un 6,5% en 2015, con un factor de ocupaci\u00f3n r\u00e9cord del 80,3% para el conjunto del a\u00f1o, 0,6 puntos porcentuales m\u00e1s, seg\u00fan el informe de la Asociaci\u00f3n Internacional del Transporte A\u00e9reo (IATA), que aglutina a casi el 90% del tr\u00e1fico a\u00e9reo mundial. Se trata del mayor repunte desde 2010,","twitter:image":"https:\/\/eldigitaldeasturias.com\/magazine365\/wp-content\/uploads\/2016\/02\/fotonoticia_20160208133930_800.jpg"},"aioseo_meta_data":{"post_id":"63582","title":null,"description":null,"keywords":null,"keyphrases":null,"primary_term":null,"canonical_url":null,"og_title":null,"og_description":null,"og_object_type":"default","og_image_type":"default","og_image_url":null,"og_image_width":null,"og_image_height":null,"og_image_custom_url":null,"og_image_custom_fields":null,"og_video":null,"og_custom_url":null,"og_article_section":null,"og_article_tags":null,"twitter_use_og":false,"twitter_card":"default","twitter_image_type":"default","twitter_image_url":null,"twitter_image_custom_url":null,"twitter_image_custom_fields":null,"twitter_title":null,"twitter_description":null,"schema":{"blockGraphs":[],"customGraphs":[],"default":{"data":{"Article":[],"Course":[],"Dataset":[],"FAQPage":[],"Movie":[],"Person":[],"Product":[],"ProductReview":[],"Car":[],"Recipe":[],"Service":[],"SoftwareApplication":[],"WebPage":[]},"graphName":"","isEnabled":true},"graphs":[],"defaultGraph":"","defaultPostTypeGraph":""},"schema_type":null,"schema_type_options":null,"pillar_content":false,"robots_default":true,"robots_noindex":false,"robots_noarchive":false,"robots_nosnippet":false,"robots_nofollow":false,"robots_noimageindex":false,"robots_noodp":false,"robots_notranslate":false,"robots_max_snippet":null,"robots_max_videopreview":null,"robots_max_imagepreview":"large","priority":null,"frequency":null,"location":null,"local_seo":null,"seo_analyzer_scan_date":"2025-09-25 13:24:34","breadcrumb_settings":null,"limit_modified_date":false,"open_ai":null,"ai":null,"created":"2021-03-08 21:21:19","updated":"2025-09-25 13:24:34"},"aioseo_breadcrumb":"<div class=\"aioseo-breadcrumbs\"><span class=\"aioseo-breadcrumb\">\n\t<a href=\"https:\/\/eldigitaldeasturias.com\/magazine365\" title=\"Home\">Home<\/a>\n<\/span><span class=\"aioseo-breadcrumb-separator\">\u2013<\/span><span class=\"aioseo-breadcrumb\">\n\t<a href=\"https:\/\/eldigitaldeasturias.com\/magazine365\/category\/noticias-actualidad\/\" title=\"Noticias y Actualidad\">Noticias y Actualidad<\/a>\n<\/span><span class=\"aioseo-breadcrumb-separator\">\u2013<\/span><span class=\"aioseo-breadcrumb\">\n\t<a href=\"https:\/\/eldigitaldeasturias.com\/magazine365\/el-trafico-aereo-mundial-de-pasajeros-crecio-un-65-durante-2015\/\" title=\"El tr\u00e1fico a\u00e9reo mundial de pasajeros creci\u00f3 un 6,5% durante 2015\">El tr\u00e1fico a\u00e9reo mundial de pasajeros creci\u00f3 un 6,5% durante 2015<\/a>\n<\/span><\/div>","aioseo_breadcrumb_json":[{"label":"Home","link":"https:\/\/eldigitaldeasturias.com\/magazine365"},{"label":"Noticias y Actualidad","link":"https:\/\/eldigitaldeasturias.com\/magazine365\/category\/noticias-actualidad\/"},{"label":"El tr\u00e1fico a\u00e9reo mundial de pasajeros creci\u00f3 un 6,5% durante 2015","link":"https:\/\/eldigitaldeasturias.com\/magazine365\/el-trafico-aereo-mundial-de-pasajeros-crecio-un-65-durante-2015\/"}],"_links":{"self":[{"href":"https:\/\/eldigitaldeasturias.com\/magazine365\/wp-json\/wp\/v2\/posts\/63582","targetHints":{"allow":["GET"]}}],"collection":[{"href":"https:\/\/eldigitaldeasturias.com\/magazine365\/wp-json\/wp\/v2\/posts"}],"about":[{"href":"https:\/\/eldigitaldeasturias.com\/magazine365\/wp-json\/wp\/v2\/types\/post"}],"author":[{"embeddable":true,"href":"https:\/\/eldigitaldeasturias.com\/magazine365\/wp-json\/wp\/v2\/users\/1"}],"replies":[{"embeddable":true,"href":"https:\/\/eldigitaldeasturias.com\/magazine365\/wp-json\/wp\/v2\/comments?post=63582"}],"version-history":[{"count":0,"href":"https:\/\/eldigitaldeasturias.com\/magazine365\/wp-json\/wp\/v2\/posts\/63582\/revisions"}],"wp:featuredmedia":[{"embeddable":true,"href":"https:\/\/eldigitaldeasturias.com\/magazine365\/wp-json\/wp\/v2\/media\/63583"}],"wp:attachment":[{"href":"https:\/\/eldigitaldeasturias.com\/magazine365\/wp-json\/wp\/v2\/media?parent=63582"}],"wp:term":[{"taxonomy":"category","embeddable":true,"href":"https:\/\/eldigitaldeasturias.com\/magazine365\/wp-json\/wp\/v2\/categories?post=63582"},{"taxonomy":"post_tag","embeddable":true,"href":"https:\/\/eldigitaldeasturias.com\/magazine365\/wp-json\/wp\/v2\/tags?post=63582"}],"curies":[{"name":"wp","href":"https:\/\/api.w.org\/{rel}","templated":true}]}}