{"id":63576,"date":"2016-02-08T19:42:42","date_gmt":"2016-02-08T18:42:42","guid":{"rendered":"http:\/\/eldigitaldeasturias.com\/magazine365\/?p=63576"},"modified":"2016-02-08T19:42:42","modified_gmt":"2016-02-08T18:42:42","slug":"san-isidro-la-pinilla-y-roncalia-inician-su-temporada-de-esqui","status":"publish","type":"post","link":"https:\/\/eldigitaldeasturias.com\/magazine365\/san-isidro-la-pinilla-y-roncalia-inician-su-temporada-de-esqui\/","title":{"rendered":"San Isidro, La Pinilla y Roncalia inician su temporada de esqu\u00ed"},"content":{"rendered":"<p><img fetchpriority=\"high\" decoding=\"async\" class=\"alignleft size-medium wp-image-63577\" src=\"https:\/\/eldigitaldeasturias.com\/magazine365\/wp-content\/uploads\/2016\/02\/fotonoticia_20160208124934_800-360x270.jpg\" alt=\"fotonoticia_20160208124934_800\" width=\"360\" height=\"270\" srcset=\"https:\/\/eldigitaldeasturias.com\/magazine365\/wp-content\/uploads\/2016\/02\/fotonoticia_20160208124934_800-360x270.jpg 360w, https:\/\/eldigitaldeasturias.com\/magazine365\/wp-content\/uploads\/2016\/02\/fotonoticia_20160208124934_800-650x488.jpg 650w, https:\/\/eldigitaldeasturias.com\/magazine365\/wp-content\/uploads\/2016\/02\/fotonoticia_20160208124934_800-768x576.jpg 768w, https:\/\/eldigitaldeasturias.com\/magazine365\/wp-content\/uploads\/2016\/02\/fotonoticia_20160208124934_800-150x113.jpg 150w, https:\/\/eldigitaldeasturias.com\/magazine365\/wp-content\/uploads\/2016\/02\/fotonoticia_20160208124934_800-450x338.jpg 450w, https:\/\/eldigitaldeasturias.com\/magazine365\/wp-content\/uploads\/2016\/02\/fotonoticia_20160208124934_800-80x60.jpg 80w, https:\/\/eldigitaldeasturias.com\/magazine365\/wp-content\/uploads\/2016\/02\/fotonoticia_20160208124934_800-265x198.jpg 265w, https:\/\/eldigitaldeasturias.com\/magazine365\/wp-content\/uploads\/2016\/02\/fotonoticia_20160208124934_800-696x522.jpg 696w, https:\/\/eldigitaldeasturias.com\/magazine365\/wp-content\/uploads\/2016\/02\/fotonoticia_20160208124934_800-560x420.jpg 560w, https:\/\/eldigitaldeasturias.com\/magazine365\/wp-content\/uploads\/2016\/02\/fotonoticia_20160208124934_800-90x67.jpg 90w, https:\/\/eldigitaldeasturias.com\/magazine365\/wp-content\/uploads\/2016\/02\/fotonoticia_20160208124934_800-164x124.jpg 164w, https:\/\/eldigitaldeasturias.com\/magazine365\/wp-content\/uploads\/2016\/02\/fotonoticia_20160208124934_800-100x75.jpg 100w, https:\/\/eldigitaldeasturias.com\/magazine365\/wp-content\/uploads\/2016\/02\/fotonoticia_20160208124934_800.jpg 800w\" sizes=\"(max-width: 360px) 100vw, 360px\" \/>Las estaciones de San Isidro (Le\u00f3n), La Pinilla (Segovia) y Roncalia (Navarra) inician su temporada de esqu\u00ed, seg\u00fan se desprende del parte diario ofrecido por la Asociaci\u00f3n Tur\u00edstica de Estaciones de Monta\u00f1a y Esqu\u00ed (ATUDEM).<\/p>\n<p>San Isidro (Le\u00f3n) es la segunda estaci\u00f3n abierta en la Cordillera Cant\u00e1brica, despu\u00e9s de Leitariegos (Le\u00f3n). Esta tiene en funcionamiento dos remontes de los 16 disponibles, una pista abierta 0,14 kil\u00f3metros esquiables con un m\u00e1ximo de 20 cent\u00edmetros de nieve dura.<\/p>\n<p>En el Sistema Central ha abierto la estaci\u00f3n de La Pinilla (Segovia). Esta tiene en funcionamiento cuatro de sus 13 remontes en funcionamiento y tres pistas abiertas que suman 0,4 kil\u00f3metros esquiables con un m\u00e1ximo de 35 cent\u00edmetros de nieve h\u00fameda.<\/p>\n<p>La estaci\u00f3n de Roncalia (Navarra) tambi\u00e9n acaba de iniciar su temporada abriendo una pista, ofreciendo hasta 7 kil\u00f3metros esquiables y con un m\u00e1ximo de 15 cent\u00edmetros de nieve.<\/p>\n","protected":false},"excerpt":{"rendered":"<p>Las estaciones de San Isidro (Le\u00f3n), La Pinilla (Segovia) y Roncalia (Navarra) inician su temporada de esqu\u00ed, seg\u00fan se desprende del parte diario ofrecido por la Asociaci\u00f3n Tur\u00edstica de Estaciones de Monta\u00f1a y Esqu\u00ed (ATUDEM). San Isidro (Le\u00f3n) es la segunda estaci\u00f3n abierta en la Cordillera Cant\u00e1brica, despu\u00e9s de Leitariegos (Le\u00f3n). Esta tiene en funcionamiento<\/p>\n","protected":false},"author":1,"featured_media":63577,"comment_status":"open","ping_status":"closed","sticky":false,"template":"","format":"standard","meta":{"footnotes":""},"categories":[224],"tags":[],"class_list":{"0":"post-63576","1":"post","2":"type-post","3":"status-publish","4":"format-standard","5":"has-post-thumbnail","7":"category-noticias-actualidad"},"aioseo_notices":[],"aioseo_head":"\n\t\t<!-- All in One SEO Pro 4.9.6.1 - aioseo.com -->\n\t<meta name=\"description\" content=\"Las estaciones de San Isidro (Le\u00f3n), La Pinilla (Segovia) y Roncalia (Navarra) inician su temporada de esqu\u00ed, seg\u00fan se desprende del parte diario ofrecido por la Asociaci\u00f3n Tur\u00edstica de Estaciones de Monta\u00f1a y Esqu\u00ed (ATUDEM). San Isidro (Le\u00f3n) es la segunda estaci\u00f3n abierta en la Cordillera Cant\u00e1brica, despu\u00e9s de Leitariegos (Le\u00f3n). Esta tiene en funcionamiento\" \/>\n\t<meta name=\"robots\" content=\"max-image-preview:large\" \/>\n\t<meta name=\"author\" content=\"admin\"\/>\n\t<meta name=\"google-site-verification\" content=\"UA-38556648-1\" \/>\n\t<meta name=\"keywords\" content=\"noticias y actualidad\" \/>\n\t<link rel=\"canonical\" href=\"https:\/\/eldigitaldeasturias.com\/magazine365\/san-isidro-la-pinilla-y-roncalia-inician-su-temporada-de-esqui\/\" \/>\n\t<meta name=\"generator\" content=\"All in One SEO Pro (AIOSEO) 4.9.6.1\" \/>\n\t\t<meta property=\"og:locale\" content=\"es_ES\" \/>\n\t\t<meta property=\"og:site_name\" content=\"El Digital de Asturias \u2013 Revista de ocio, turismo y estilo de vida\" \/>\n\t\t<meta property=\"og:type\" content=\"article\" \/>\n\t\t<meta property=\"og:title\" content=\"San Isidro, La Pinilla y Roncalia inician su temporada de esqu\u00ed | El Digital de Asturias\" \/>\n\t\t<meta property=\"og:description\" content=\"Las estaciones de San Isidro (Le\u00f3n), La Pinilla (Segovia) y Roncalia (Navarra) inician su temporada de esqu\u00ed, seg\u00fan se desprende del parte diario ofrecido por la Asociaci\u00f3n Tur\u00edstica de Estaciones de Monta\u00f1a y Esqu\u00ed (ATUDEM). San Isidro (Le\u00f3n) es la segunda estaci\u00f3n abierta en la Cordillera Cant\u00e1brica, despu\u00e9s de Leitariegos (Le\u00f3n). Esta tiene en funcionamiento\" \/>\n\t\t<meta property=\"og:url\" content=\"https:\/\/eldigitaldeasturias.com\/magazine365\/san-isidro-la-pinilla-y-roncalia-inician-su-temporada-de-esqui\/\" \/>\n\t\t<meta property=\"og:image\" content=\"https:\/\/eldigitaldeasturias.com\/magazine365\/wp-content\/uploads\/2016\/02\/fotonoticia_20160208124934_800.jpg\" \/>\n\t\t<meta property=\"og:image:secure_url\" content=\"https:\/\/eldigitaldeasturias.com\/magazine365\/wp-content\/uploads\/2016\/02\/fotonoticia_20160208124934_800.jpg\" \/>\n\t\t<meta property=\"og:image:width\" content=\"800\" \/>\n\t\t<meta property=\"og:image:height\" content=\"600\" \/>\n\t\t<meta property=\"article:published_time\" content=\"2016-02-08T18:42:42+00:00\" \/>\n\t\t<meta property=\"article:modified_time\" content=\"2016-02-08T18:42:42+00:00\" \/>\n\t\t<meta name=\"twitter:card\" content=\"summary_large_image\" \/>\n\t\t<meta name=\"twitter:title\" content=\"San Isidro, La Pinilla y Roncalia inician su temporada de esqu\u00ed | El Digital de Asturias\" \/>\n\t\t<meta name=\"twitter:description\" content=\"Las estaciones de San Isidro (Le\u00f3n), La Pinilla (Segovia) y Roncalia (Navarra) inician su temporada de esqu\u00ed, seg\u00fan se desprende del parte diario ofrecido por la Asociaci\u00f3n Tur\u00edstica de Estaciones de Monta\u00f1a y Esqu\u00ed (ATUDEM). San Isidro (Le\u00f3n) es la segunda estaci\u00f3n abierta en la Cordillera Cant\u00e1brica, despu\u00e9s de Leitariegos (Le\u00f3n). Esta tiene en funcionamiento\" \/>\n\t\t<meta name=\"twitter:image\" content=\"https:\/\/eldigitaldeasturias.com\/magazine365\/wp-content\/uploads\/2016\/02\/fotonoticia_20160208124934_800.jpg\" \/>\n\t\t<script type=\"application\/ld+json\" class=\"aioseo-schema\">\n\t\t\t{\"@context\":\"https:\\\/\\\/schema.org\",\"@graph\":[{\"@type\":\"Article\",\"@id\":\"https:\\\/\\\/eldigitaldeasturias.com\\\/magazine365\\\/san-isidro-la-pinilla-y-roncalia-inician-su-temporada-de-esqui\\\/#article\",\"name\":\"San Isidro, La Pinilla y Roncalia inician su temporada de esqu\\u00ed | El Digital de Asturias\",\"headline\":\"San Isidro, La Pinilla y Roncalia inician su temporada de esqu\\u00ed\",\"author\":{\"@id\":\"https:\\\/\\\/eldigitaldeasturias.com\\\/magazine365\\\/author\\\/admin\\\/#author\"},\"publisher\":{\"@id\":\"https:\\\/\\\/eldigitaldeasturias.com\\\/magazine365\\\/#organization\"},\"image\":{\"@type\":\"ImageObject\",\"url\":\"https:\\\/\\\/eldigitaldeasturias.com\\\/magazine365\\\/wp-content\\\/uploads\\\/2016\\\/02\\\/fotonoticia_20160208124934_800.jpg\",\"width\":800,\"height\":600},\"datePublished\":\"2016-02-08T19:42:42+01:00\",\"dateModified\":\"2016-02-08T19:42:42+01:00\",\"inLanguage\":\"es-ES\",\"mainEntityOfPage\":{\"@id\":\"https:\\\/\\\/eldigitaldeasturias.com\\\/magazine365\\\/san-isidro-la-pinilla-y-roncalia-inician-su-temporada-de-esqui\\\/#webpage\"},\"isPartOf\":{\"@id\":\"https:\\\/\\\/eldigitaldeasturias.com\\\/magazine365\\\/san-isidro-la-pinilla-y-roncalia-inician-su-temporada-de-esqui\\\/#webpage\"},\"articleSection\":\"Noticias y Actualidad\"},{\"@type\":\"BreadcrumbList\",\"@id\":\"https:\\\/\\\/eldigitaldeasturias.com\\\/magazine365\\\/san-isidro-la-pinilla-y-roncalia-inician-su-temporada-de-esqui\\\/#breadcrumblist\",\"itemListElement\":[{\"@type\":\"ListItem\",\"@id\":\"https:\\\/\\\/eldigitaldeasturias.com\\\/magazine365#listItem\",\"position\":1,\"name\":\"Home\",\"item\":\"https:\\\/\\\/eldigitaldeasturias.com\\\/magazine365\",\"nextItem\":{\"@type\":\"ListItem\",\"@id\":\"https:\\\/\\\/eldigitaldeasturias.com\\\/magazine365\\\/category\\\/noticias-actualidad\\\/#listItem\",\"name\":\"Noticias y Actualidad\"}},{\"@type\":\"ListItem\",\"@id\":\"https:\\\/\\\/eldigitaldeasturias.com\\\/magazine365\\\/category\\\/noticias-actualidad\\\/#listItem\",\"position\":2,\"name\":\"Noticias y Actualidad\",\"item\":\"https:\\\/\\\/eldigitaldeasturias.com\\\/magazine365\\\/category\\\/noticias-actualidad\\\/\",\"nextItem\":{\"@type\":\"ListItem\",\"@id\":\"https:\\\/\\\/eldigitaldeasturias.com\\\/magazine365\\\/san-isidro-la-pinilla-y-roncalia-inician-su-temporada-de-esqui\\\/#listItem\",\"name\":\"San Isidro, La Pinilla y Roncalia inician su temporada de esqu\\u00ed\"},\"previousItem\":{\"@type\":\"ListItem\",\"@id\":\"https:\\\/\\\/eldigitaldeasturias.com\\\/magazine365#listItem\",\"name\":\"Home\"}},{\"@type\":\"ListItem\",\"@id\":\"https:\\\/\\\/eldigitaldeasturias.com\\\/magazine365\\\/san-isidro-la-pinilla-y-roncalia-inician-su-temporada-de-esqui\\\/#listItem\",\"position\":3,\"name\":\"San Isidro, La Pinilla y Roncalia inician su temporada de esqu\\u00ed\",\"previousItem\":{\"@type\":\"ListItem\",\"@id\":\"https:\\\/\\\/eldigitaldeasturias.com\\\/magazine365\\\/category\\\/noticias-actualidad\\\/#listItem\",\"name\":\"Noticias y Actualidad\"}}]},{\"@type\":\"Organization\",\"@id\":\"https:\\\/\\\/eldigitaldeasturias.com\\\/magazine365\\\/#organization\",\"name\":\"El digital de Asturias\",\"description\":\"Revista de ocio, turismo y estilo de vida\",\"url\":\"https:\\\/\\\/eldigitaldeasturias.com\\\/magazine365\\\/\",\"logo\":{\"@type\":\"ImageObject\",\"url\":\"https:\\\/\\\/www.eldigitaldeasturias.com\\\/noticias\\\/wp-content\\\/uploads\\\/2020\\\/12\\\/EDA.jpg\",\"@id\":\"https:\\\/\\\/eldigitaldeasturias.com\\\/magazine365\\\/san-isidro-la-pinilla-y-roncalia-inician-su-temporada-de-esqui\\\/#organizationLogo\"},\"image\":{\"@id\":\"https:\\\/\\\/eldigitaldeasturias.com\\\/magazine365\\\/san-isidro-la-pinilla-y-roncalia-inician-su-temporada-de-esqui\\\/#organizationLogo\"}},{\"@type\":\"Person\",\"@id\":\"https:\\\/\\\/eldigitaldeasturias.com\\\/magazine365\\\/author\\\/admin\\\/#author\",\"url\":\"https:\\\/\\\/eldigitaldeasturias.com\\\/magazine365\\\/author\\\/admin\\\/\",\"name\":\"admin\",\"image\":{\"@type\":\"ImageObject\",\"@id\":\"https:\\\/\\\/eldigitaldeasturias.com\\\/magazine365\\\/san-isidro-la-pinilla-y-roncalia-inician-su-temporada-de-esqui\\\/#authorImage\",\"url\":\"https:\\\/\\\/eldigitaldeasturias.com\\\/magazine365\\\/wp-content\\\/litespeed\\\/avatar\\\/e571bcf59a0edd6fa6838245a470f2fe.jpg?ver=1776969259\",\"width\":96,\"height\":96,\"caption\":\"admin\"}},{\"@type\":\"WebPage\",\"@id\":\"https:\\\/\\\/eldigitaldeasturias.com\\\/magazine365\\\/san-isidro-la-pinilla-y-roncalia-inician-su-temporada-de-esqui\\\/#webpage\",\"url\":\"https:\\\/\\\/eldigitaldeasturias.com\\\/magazine365\\\/san-isidro-la-pinilla-y-roncalia-inician-su-temporada-de-esqui\\\/\",\"name\":\"San Isidro, La Pinilla y Roncalia inician su temporada de esqu\\u00ed | El Digital de Asturias\",\"description\":\"Las estaciones de San Isidro (Le\\u00f3n), La Pinilla (Segovia) y Roncalia (Navarra) inician su temporada de esqu\\u00ed, seg\\u00fan se desprende del parte diario ofrecido por la Asociaci\\u00f3n Tur\\u00edstica de Estaciones de Monta\\u00f1a y Esqu\\u00ed (ATUDEM). San Isidro (Le\\u00f3n) es la segunda estaci\\u00f3n abierta en la Cordillera Cant\\u00e1brica, despu\\u00e9s de Leitariegos (Le\\u00f3n). Esta tiene en funcionamiento\",\"inLanguage\":\"es-ES\",\"isPartOf\":{\"@id\":\"https:\\\/\\\/eldigitaldeasturias.com\\\/magazine365\\\/#website\"},\"breadcrumb\":{\"@id\":\"https:\\\/\\\/eldigitaldeasturias.com\\\/magazine365\\\/san-isidro-la-pinilla-y-roncalia-inician-su-temporada-de-esqui\\\/#breadcrumblist\"},\"author\":{\"@id\":\"https:\\\/\\\/eldigitaldeasturias.com\\\/magazine365\\\/author\\\/admin\\\/#author\"},\"creator\":{\"@id\":\"https:\\\/\\\/eldigitaldeasturias.com\\\/magazine365\\\/author\\\/admin\\\/#author\"},\"image\":{\"@type\":\"ImageObject\",\"url\":\"https:\\\/\\\/eldigitaldeasturias.com\\\/magazine365\\\/wp-content\\\/uploads\\\/2016\\\/02\\\/fotonoticia_20160208124934_800.jpg\",\"@id\":\"https:\\\/\\\/eldigitaldeasturias.com\\\/magazine365\\\/san-isidro-la-pinilla-y-roncalia-inician-su-temporada-de-esqui\\\/#mainImage\",\"width\":800,\"height\":600},\"primaryImageOfPage\":{\"@id\":\"https:\\\/\\\/eldigitaldeasturias.com\\\/magazine365\\\/san-isidro-la-pinilla-y-roncalia-inician-su-temporada-de-esqui\\\/#mainImage\"},\"datePublished\":\"2016-02-08T19:42:42+01:00\",\"dateModified\":\"2016-02-08T19:42:42+01:00\"},{\"@type\":\"WebSite\",\"@id\":\"https:\\\/\\\/eldigitaldeasturias.com\\\/magazine365\\\/#website\",\"url\":\"https:\\\/\\\/eldigitaldeasturias.com\\\/magazine365\\\/\",\"name\":\"El Digital de Asturias\",\"description\":\"Revista de ocio, turismo y estilo de vida\",\"inLanguage\":\"es-ES\",\"publisher\":{\"@id\":\"https:\\\/\\\/eldigitaldeasturias.com\\\/magazine365\\\/#organization\"}}]}\n\t\t<\/script>\n\t\t<!-- All in One SEO Pro -->\r\n\t\t<title>San Isidro, La Pinilla y Roncalia inician su temporada de esqu\u00ed | El Digital de Asturias<\/title>\n\n","aioseo_head_json":{"title":"San Isidro, La Pinilla y Roncalia inician su temporada de esqu\u00ed | El Digital de Asturias","description":"Las estaciones de San Isidro (Le\u00f3n), La Pinilla (Segovia) y Roncalia (Navarra) inician su temporada de esqu\u00ed, seg\u00fan se desprende del parte diario ofrecido por la Asociaci\u00f3n Tur\u00edstica de Estaciones de Monta\u00f1a y Esqu\u00ed (ATUDEM). San Isidro (Le\u00f3n) es la segunda estaci\u00f3n abierta en la Cordillera Cant\u00e1brica, despu\u00e9s de Leitariegos (Le\u00f3n). Esta tiene en funcionamiento","canonical_url":"https:\/\/eldigitaldeasturias.com\/magazine365\/san-isidro-la-pinilla-y-roncalia-inician-su-temporada-de-esqui\/","robots":"max-image-preview:large","keywords":"noticias y actualidad","webmasterTools":{"google-site-verification":"UA-38556648-1","miscellaneous":""},"schema":{"@context":"https:\/\/schema.org","@graph":[{"@type":"Article","@id":"https:\/\/eldigitaldeasturias.com\/magazine365\/san-isidro-la-pinilla-y-roncalia-inician-su-temporada-de-esqui\/#article","name":"San Isidro, La Pinilla y Roncalia inician su temporada de esqu\u00ed | El Digital de Asturias","headline":"San Isidro, La Pinilla y Roncalia inician su temporada de esqu\u00ed","author":{"@id":"https:\/\/eldigitaldeasturias.com\/magazine365\/author\/admin\/#author"},"publisher":{"@id":"https:\/\/eldigitaldeasturias.com\/magazine365\/#organization"},"image":{"@type":"ImageObject","url":"https:\/\/eldigitaldeasturias.com\/magazine365\/wp-content\/uploads\/2016\/02\/fotonoticia_20160208124934_800.jpg","width":800,"height":600},"datePublished":"2016-02-08T19:42:42+01:00","dateModified":"2016-02-08T19:42:42+01:00","inLanguage":"es-ES","mainEntityOfPage":{"@id":"https:\/\/eldigitaldeasturias.com\/magazine365\/san-isidro-la-pinilla-y-roncalia-inician-su-temporada-de-esqui\/#webpage"},"isPartOf":{"@id":"https:\/\/eldigitaldeasturias.com\/magazine365\/san-isidro-la-pinilla-y-roncalia-inician-su-temporada-de-esqui\/#webpage"},"articleSection":"Noticias y Actualidad"},{"@type":"BreadcrumbList","@id":"https:\/\/eldigitaldeasturias.com\/magazine365\/san-isidro-la-pinilla-y-roncalia-inician-su-temporada-de-esqui\/#breadcrumblist","itemListElement":[{"@type":"ListItem","@id":"https:\/\/eldigitaldeasturias.com\/magazine365#listItem","position":1,"name":"Home","item":"https:\/\/eldigitaldeasturias.com\/magazine365","nextItem":{"@type":"ListItem","@id":"https:\/\/eldigitaldeasturias.com\/magazine365\/category\/noticias-actualidad\/#listItem","name":"Noticias y Actualidad"}},{"@type":"ListItem","@id":"https:\/\/eldigitaldeasturias.com\/magazine365\/category\/noticias-actualidad\/#listItem","position":2,"name":"Noticias y Actualidad","item":"https:\/\/eldigitaldeasturias.com\/magazine365\/category\/noticias-actualidad\/","nextItem":{"@type":"ListItem","@id":"https:\/\/eldigitaldeasturias.com\/magazine365\/san-isidro-la-pinilla-y-roncalia-inician-su-temporada-de-esqui\/#listItem","name":"San Isidro, La Pinilla y Roncalia inician su temporada de esqu\u00ed"},"previousItem":{"@type":"ListItem","@id":"https:\/\/eldigitaldeasturias.com\/magazine365#listItem","name":"Home"}},{"@type":"ListItem","@id":"https:\/\/eldigitaldeasturias.com\/magazine365\/san-isidro-la-pinilla-y-roncalia-inician-su-temporada-de-esqui\/#listItem","position":3,"name":"San Isidro, La Pinilla y Roncalia inician su temporada de esqu\u00ed","previousItem":{"@type":"ListItem","@id":"https:\/\/eldigitaldeasturias.com\/magazine365\/category\/noticias-actualidad\/#listItem","name":"Noticias y Actualidad"}}]},{"@type":"Organization","@id":"https:\/\/eldigitaldeasturias.com\/magazine365\/#organization","name":"El digital de Asturias","description":"Revista de ocio, turismo y estilo de vida","url":"https:\/\/eldigitaldeasturias.com\/magazine365\/","logo":{"@type":"ImageObject","url":"https:\/\/www.eldigitaldeasturias.com\/noticias\/wp-content\/uploads\/2020\/12\/EDA.jpg","@id":"https:\/\/eldigitaldeasturias.com\/magazine365\/san-isidro-la-pinilla-y-roncalia-inician-su-temporada-de-esqui\/#organizationLogo"},"image":{"@id":"https:\/\/eldigitaldeasturias.com\/magazine365\/san-isidro-la-pinilla-y-roncalia-inician-su-temporada-de-esqui\/#organizationLogo"}},{"@type":"Person","@id":"https:\/\/eldigitaldeasturias.com\/magazine365\/author\/admin\/#author","url":"https:\/\/eldigitaldeasturias.com\/magazine365\/author\/admin\/","name":"admin","image":{"@type":"ImageObject","@id":"https:\/\/eldigitaldeasturias.com\/magazine365\/san-isidro-la-pinilla-y-roncalia-inician-su-temporada-de-esqui\/#authorImage","url":"https:\/\/eldigitaldeasturias.com\/magazine365\/wp-content\/litespeed\/avatar\/e571bcf59a0edd6fa6838245a470f2fe.jpg?ver=1776969259","width":96,"height":96,"caption":"admin"}},{"@type":"WebPage","@id":"https:\/\/eldigitaldeasturias.com\/magazine365\/san-isidro-la-pinilla-y-roncalia-inician-su-temporada-de-esqui\/#webpage","url":"https:\/\/eldigitaldeasturias.com\/magazine365\/san-isidro-la-pinilla-y-roncalia-inician-su-temporada-de-esqui\/","name":"San Isidro, La Pinilla y Roncalia inician su temporada de esqu\u00ed | El Digital de Asturias","description":"Las estaciones de San Isidro (Le\u00f3n), La Pinilla (Segovia) y Roncalia (Navarra) inician su temporada de esqu\u00ed, seg\u00fan se desprende del parte diario ofrecido por la Asociaci\u00f3n Tur\u00edstica de Estaciones de Monta\u00f1a y Esqu\u00ed (ATUDEM). San Isidro (Le\u00f3n) es la segunda estaci\u00f3n abierta en la Cordillera Cant\u00e1brica, despu\u00e9s de Leitariegos (Le\u00f3n). Esta tiene en funcionamiento","inLanguage":"es-ES","isPartOf":{"@id":"https:\/\/eldigitaldeasturias.com\/magazine365\/#website"},"breadcrumb":{"@id":"https:\/\/eldigitaldeasturias.com\/magazine365\/san-isidro-la-pinilla-y-roncalia-inician-su-temporada-de-esqui\/#breadcrumblist"},"author":{"@id":"https:\/\/eldigitaldeasturias.com\/magazine365\/author\/admin\/#author"},"creator":{"@id":"https:\/\/eldigitaldeasturias.com\/magazine365\/author\/admin\/#author"},"image":{"@type":"ImageObject","url":"https:\/\/eldigitaldeasturias.com\/magazine365\/wp-content\/uploads\/2016\/02\/fotonoticia_20160208124934_800.jpg","@id":"https:\/\/eldigitaldeasturias.com\/magazine365\/san-isidro-la-pinilla-y-roncalia-inician-su-temporada-de-esqui\/#mainImage","width":800,"height":600},"primaryImageOfPage":{"@id":"https:\/\/eldigitaldeasturias.com\/magazine365\/san-isidro-la-pinilla-y-roncalia-inician-su-temporada-de-esqui\/#mainImage"},"datePublished":"2016-02-08T19:42:42+01:00","dateModified":"2016-02-08T19:42:42+01:00"},{"@type":"WebSite","@id":"https:\/\/eldigitaldeasturias.com\/magazine365\/#website","url":"https:\/\/eldigitaldeasturias.com\/magazine365\/","name":"El Digital de Asturias","description":"Revista de ocio, turismo y estilo de vida","inLanguage":"es-ES","publisher":{"@id":"https:\/\/eldigitaldeasturias.com\/magazine365\/#organization"}}]},"og:locale":"es_ES","og:site_name":"El Digital de Asturias \u2013 Revista de ocio, turismo y estilo de vida","og:type":"article","og:title":"San Isidro, La Pinilla y Roncalia inician su temporada de esqu\u00ed | El Digital de Asturias","og:description":"Las estaciones de San Isidro (Le\u00f3n), La Pinilla (Segovia) y Roncalia (Navarra) inician su temporada de esqu\u00ed, seg\u00fan se desprende del parte diario ofrecido por la Asociaci\u00f3n Tur\u00edstica de Estaciones de Monta\u00f1a y Esqu\u00ed (ATUDEM). San Isidro (Le\u00f3n) es la segunda estaci\u00f3n abierta en la Cordillera Cant\u00e1brica, despu\u00e9s de Leitariegos (Le\u00f3n). Esta tiene en funcionamiento","og:url":"https:\/\/eldigitaldeasturias.com\/magazine365\/san-isidro-la-pinilla-y-roncalia-inician-su-temporada-de-esqui\/","og:image":"https:\/\/eldigitaldeasturias.com\/magazine365\/wp-content\/uploads\/2016\/02\/fotonoticia_20160208124934_800.jpg","og:image:secure_url":"https:\/\/eldigitaldeasturias.com\/magazine365\/wp-content\/uploads\/2016\/02\/fotonoticia_20160208124934_800.jpg","og:image:width":800,"og:image:height":600,"article:published_time":"2016-02-08T18:42:42+00:00","article:modified_time":"2016-02-08T18:42:42+00:00","twitter:card":"summary_large_image","twitter:title":"San Isidro, La Pinilla y Roncalia inician su temporada de esqu\u00ed | El Digital de Asturias","twitter:description":"Las estaciones de San Isidro (Le\u00f3n), La Pinilla (Segovia) y Roncalia (Navarra) inician su temporada de esqu\u00ed, seg\u00fan se desprende del parte diario ofrecido por la Asociaci\u00f3n Tur\u00edstica de Estaciones de Monta\u00f1a y Esqu\u00ed (ATUDEM). San Isidro (Le\u00f3n) es la segunda estaci\u00f3n abierta en la Cordillera Cant\u00e1brica, despu\u00e9s de Leitariegos (Le\u00f3n). Esta tiene en funcionamiento","twitter:image":"https:\/\/eldigitaldeasturias.com\/magazine365\/wp-content\/uploads\/2016\/02\/fotonoticia_20160208124934_800.jpg"},"aioseo_meta_data":{"post_id":"63576","title":null,"description":null,"keywords":null,"keyphrases":null,"primary_term":null,"canonical_url":null,"og_title":null,"og_description":null,"og_object_type":"default","og_image_type":"default","og_image_url":null,"og_image_width":null,"og_image_height":null,"og_image_custom_url":null,"og_image_custom_fields":null,"og_video":null,"og_custom_url":null,"og_article_section":null,"og_article_tags":null,"twitter_use_og":false,"twitter_card":"default","twitter_image_type":"default","twitter_image_url":null,"twitter_image_custom_url":null,"twitter_image_custom_fields":null,"twitter_title":null,"twitter_description":null,"schema":{"blockGraphs":[],"customGraphs":[],"default":{"data":{"Article":[],"Course":[],"Dataset":[],"FAQPage":[],"Movie":[],"Person":[],"Product":[],"ProductReview":[],"Car":[],"Recipe":[],"Service":[],"SoftwareApplication":[],"WebPage":[]},"graphName":"","isEnabled":true},"graphs":[],"defaultGraph":"","defaultPostTypeGraph":""},"schema_type":null,"schema_type_options":null,"pillar_content":false,"robots_default":true,"robots_noindex":false,"robots_noarchive":false,"robots_nosnippet":false,"robots_nofollow":false,"robots_noimageindex":false,"robots_noodp":false,"robots_notranslate":false,"robots_max_snippet":null,"robots_max_videopreview":null,"robots_max_imagepreview":"large","priority":null,"frequency":null,"location":null,"local_seo":null,"seo_analyzer_scan_date":"2025-09-25 13:24:32","breadcrumb_settings":null,"limit_modified_date":false,"open_ai":null,"ai":null,"created":"2021-03-08 21:21:19","updated":"2025-09-25 13:24:32"},"aioseo_breadcrumb":"<div class=\"aioseo-breadcrumbs\"><span class=\"aioseo-breadcrumb\">\n\t<a href=\"https:\/\/eldigitaldeasturias.com\/magazine365\" title=\"Home\">Home<\/a>\n<\/span><span class=\"aioseo-breadcrumb-separator\">\u2013<\/span><span class=\"aioseo-breadcrumb\">\n\t<a href=\"https:\/\/eldigitaldeasturias.com\/magazine365\/category\/noticias-actualidad\/\" title=\"Noticias y Actualidad\">Noticias y Actualidad<\/a>\n<\/span><span class=\"aioseo-breadcrumb-separator\">\u2013<\/span><span class=\"aioseo-breadcrumb\">\n\t<a href=\"https:\/\/eldigitaldeasturias.com\/magazine365\/san-isidro-la-pinilla-y-roncalia-inician-su-temporada-de-esqui\/\" title=\"San Isidro, La Pinilla y Roncalia inician su temporada de esqu\u00ed\">San Isidro, La Pinilla y Roncalia inician su temporada de esqu\u00ed<\/a>\n<\/span><\/div>","aioseo_breadcrumb_json":[{"label":"Home","link":"https:\/\/eldigitaldeasturias.com\/magazine365"},{"label":"Noticias y Actualidad","link":"https:\/\/eldigitaldeasturias.com\/magazine365\/category\/noticias-actualidad\/"},{"label":"San Isidro, La Pinilla y Roncalia inician su temporada de esqu\u00ed","link":"https:\/\/eldigitaldeasturias.com\/magazine365\/san-isidro-la-pinilla-y-roncalia-inician-su-temporada-de-esqui\/"}],"_links":{"self":[{"href":"https:\/\/eldigitaldeasturias.com\/magazine365\/wp-json\/wp\/v2\/posts\/63576","targetHints":{"allow":["GET"]}}],"collection":[{"href":"https:\/\/eldigitaldeasturias.com\/magazine365\/wp-json\/wp\/v2\/posts"}],"about":[{"href":"https:\/\/eldigitaldeasturias.com\/magazine365\/wp-json\/wp\/v2\/types\/post"}],"author":[{"embeddable":true,"href":"https:\/\/eldigitaldeasturias.com\/magazine365\/wp-json\/wp\/v2\/users\/1"}],"replies":[{"embeddable":true,"href":"https:\/\/eldigitaldeasturias.com\/magazine365\/wp-json\/wp\/v2\/comments?post=63576"}],"version-history":[{"count":0,"href":"https:\/\/eldigitaldeasturias.com\/magazine365\/wp-json\/wp\/v2\/posts\/63576\/revisions"}],"wp:featuredmedia":[{"embeddable":true,"href":"https:\/\/eldigitaldeasturias.com\/magazine365\/wp-json\/wp\/v2\/media\/63577"}],"wp:attachment":[{"href":"https:\/\/eldigitaldeasturias.com\/magazine365\/wp-json\/wp\/v2\/media?parent=63576"}],"wp:term":[{"taxonomy":"category","embeddable":true,"href":"https:\/\/eldigitaldeasturias.com\/magazine365\/wp-json\/wp\/v2\/categories?post=63576"},{"taxonomy":"post_tag","embeddable":true,"href":"https:\/\/eldigitaldeasturias.com\/magazine365\/wp-json\/wp\/v2\/tags?post=63576"}],"curies":[{"name":"wp","href":"https:\/\/api.w.org\/{rel}","templated":true}]}}