{"id":63552,"date":"2016-02-08T14:03:18","date_gmt":"2016-02-08T13:03:18","guid":{"rendered":"http:\/\/eldigitaldeasturias.com\/magazine365\/?p=63552"},"modified":"2016-02-08T14:03:18","modified_gmt":"2016-02-08T13:03:18","slug":"portugal-recupera-el-50-del-control-de-la-aerolinea-tap","status":"publish","type":"post","link":"https:\/\/eldigitaldeasturias.com\/magazine365\/portugal-recupera-el-50-del-control-de-la-aerolinea-tap\/","title":{"rendered":"Portugal recupera el 50% del control de la aerol\u00ednea TAP"},"content":{"rendered":"<p><img fetchpriority=\"high\" decoding=\"async\" class=\"alignleft size-medium wp-image-63553\" src=\"https:\/\/eldigitaldeasturias.com\/magazine365\/wp-content\/uploads\/2016\/02\/fotonoticia_20160208112734_800-360x239.jpg\" alt=\"fotonoticia_20160208112734_800\" width=\"360\" height=\"239\" srcset=\"https:\/\/eldigitaldeasturias.com\/magazine365\/wp-content\/uploads\/2016\/02\/fotonoticia_20160208112734_800-360x239.jpg 360w, https:\/\/eldigitaldeasturias.com\/magazine365\/wp-content\/uploads\/2016\/02\/fotonoticia_20160208112734_800-650x432.jpg 650w, https:\/\/eldigitaldeasturias.com\/magazine365\/wp-content\/uploads\/2016\/02\/fotonoticia_20160208112734_800-768x511.jpg 768w, https:\/\/eldigitaldeasturias.com\/magazine365\/wp-content\/uploads\/2016\/02\/fotonoticia_20160208112734_800-150x100.jpg 150w, https:\/\/eldigitaldeasturias.com\/magazine365\/wp-content\/uploads\/2016\/02\/fotonoticia_20160208112734_800-450x299.jpg 450w, https:\/\/eldigitaldeasturias.com\/magazine365\/wp-content\/uploads\/2016\/02\/fotonoticia_20160208112734_800-696x463.jpg 696w, https:\/\/eldigitaldeasturias.com\/magazine365\/wp-content\/uploads\/2016\/02\/fotonoticia_20160208112734_800-632x420.jpg 632w, https:\/\/eldigitaldeasturias.com\/magazine365\/wp-content\/uploads\/2016\/02\/fotonoticia_20160208112734_800-121x79.jpg 121w, https:\/\/eldigitaldeasturias.com\/magazine365\/wp-content\/uploads\/2016\/02\/fotonoticia_20160208112734_800-101x66.jpg 101w, https:\/\/eldigitaldeasturias.com\/magazine365\/wp-content\/uploads\/2016\/02\/fotonoticia_20160208112734_800.jpg 800w\" sizes=\"(max-width: 360px) 100vw, 360px\" \/>El Gobierno luso recupera el 50% del control de capital de la aerol\u00ednea TAP, frente al 34% que gestionaba el anterior ejecutivo, por 1,9 millones, seg\u00fan el memorando firmado con el consorcio Gateway, que se har\u00e1 cargo de la gesti\u00f3n de la compa\u00f1\u00eda.<\/p>\n<p>El anterior ejecutivo luso cerr\u00f3 la venta del 61% de TAP en noviembre de 2015 con los empresarios que lideran el consorcio Gateway &#8211;el director ejecutivo de la aerol\u00ednea brasile\u00f1a Azul, David Neeleman, y el empresario portugu\u00e9s Humberto Pedrosa&#8211; por 354 millones de euros, con una inyecci\u00f3n de 10 millones para el Estado portugu\u00e9s, con la intenci\u00f3n de vender el resto del capital.<\/p>\n<p>\u00abEste es un acuerdo 50%-50%, que ser\u00e1 gestionado de forma privada por la compa\u00f1\u00eda\u00bb, ha explicado el socio portugu\u00e9s del consorcio, Humberto Pedrosa.<\/p>\n<p>El primer ministro luso, Antonio Costa, ha a\u00f1adido que el Estado tiene que garantizar una posici\u00f3n estrat\u00e9gica al transportista y respetar los derechos de los inversores privados, a lo que ha agregado que las negociaciones no han sido f\u00e1ciles, pero han obtenido un buen resultado.<\/p>\n<p>El fundador de la aerol\u00ednea de bajo coste estadounidense JetBlue y propietario de la brasile\u00f1a Azul, David Neeleman, ha asegurado que \u00abtodav\u00eda hay mucho que negociar\u00bb, refiri\u00e9ndose a las tasas de inter\u00e9s de los pr\u00e9stamos bancarios concedidos a la empresa.<\/p>\n<p>El consorcio Gateway y el Estado luso tendr\u00e1n el mismo n\u00famero de miembros en el consejo de administraci\u00f3n de TAP, a pesar de que la participaci\u00f3n del consorcio por ahora formalmente s\u00f3lo el 45%. El 5% restante de la empresa est\u00e1 reservado para los empleados, pero el consorcio puede llegar a comprar esas acciones.<\/p>\n<p>Desde que Gateaway compr\u00f3 TAP en noviembre de 2015 la aerol\u00ednea lusa ha encargado 53 nuevos aviones Airbus y 17 aviones regionales por un valor total 9.000 millones de d\u00f3lares (8.053 millones de euros).<\/p>\n","protected":false},"excerpt":{"rendered":"<p>El Gobierno luso recupera el 50% del control de capital de la aerol\u00ednea TAP, frente al 34% que gestionaba el anterior ejecutivo, por 1,9 millones, seg\u00fan el memorando firmado con el consorcio Gateway, que se har\u00e1 cargo de la gesti\u00f3n de la compa\u00f1\u00eda. El anterior ejecutivo luso cerr\u00f3 la venta del 61% de TAP en<\/p>\n","protected":false},"author":1,"featured_media":63553,"comment_status":"open","ping_status":"closed","sticky":false,"template":"","format":"standard","meta":{"footnotes":""},"categories":[224],"tags":[],"class_list":{"0":"post-63552","1":"post","2":"type-post","3":"status-publish","4":"format-standard","5":"has-post-thumbnail","7":"category-noticias-actualidad"},"aioseo_notices":[],"aioseo_head":"\n\t\t<!-- All in One SEO Pro 4.9.6.1 - aioseo.com -->\n\t<meta name=\"description\" content=\"El Gobierno luso recupera el 50% del control de capital de la aerol\u00ednea TAP, frente al 34% que gestionaba el anterior ejecutivo, por 1,9 millones, seg\u00fan el memorando firmado con el consorcio Gateway, que se har\u00e1 cargo de la gesti\u00f3n de la compa\u00f1\u00eda. El anterior ejecutivo luso cerr\u00f3 la venta del 61% de TAP en\" \/>\n\t<meta name=\"robots\" content=\"max-image-preview:large\" \/>\n\t<meta name=\"author\" content=\"admin\"\/>\n\t<meta name=\"google-site-verification\" content=\"UA-38556648-1\" \/>\n\t<meta name=\"keywords\" content=\"noticias y actualidad\" \/>\n\t<link rel=\"canonical\" href=\"https:\/\/eldigitaldeasturias.com\/magazine365\/portugal-recupera-el-50-del-control-de-la-aerolinea-tap\/\" \/>\n\t<meta name=\"generator\" content=\"All in One SEO Pro (AIOSEO) 4.9.6.1\" \/>\n\t\t<meta property=\"og:locale\" content=\"es_ES\" \/>\n\t\t<meta property=\"og:site_name\" content=\"El Digital de Asturias \u2013 Revista de ocio, turismo y estilo de vida\" \/>\n\t\t<meta property=\"og:type\" content=\"article\" \/>\n\t\t<meta property=\"og:title\" content=\"Portugal recupera el 50% del control de la aerol\u00ednea TAP | El Digital de Asturias\" \/>\n\t\t<meta property=\"og:description\" content=\"El Gobierno luso recupera el 50% del control de capital de la aerol\u00ednea TAP, frente al 34% que gestionaba el anterior ejecutivo, por 1,9 millones, seg\u00fan el memorando firmado con el consorcio Gateway, que se har\u00e1 cargo de la gesti\u00f3n de la compa\u00f1\u00eda. El anterior ejecutivo luso cerr\u00f3 la venta del 61% de TAP en\" \/>\n\t\t<meta property=\"og:url\" content=\"https:\/\/eldigitaldeasturias.com\/magazine365\/portugal-recupera-el-50-del-control-de-la-aerolinea-tap\/\" \/>\n\t\t<meta property=\"og:image\" content=\"https:\/\/eldigitaldeasturias.com\/magazine365\/wp-content\/uploads\/2016\/02\/fotonoticia_20160208112734_800.jpg\" \/>\n\t\t<meta property=\"og:image:secure_url\" content=\"https:\/\/eldigitaldeasturias.com\/magazine365\/wp-content\/uploads\/2016\/02\/fotonoticia_20160208112734_800.jpg\" \/>\n\t\t<meta property=\"og:image:width\" content=\"800\" \/>\n\t\t<meta property=\"og:image:height\" content=\"532\" \/>\n\t\t<meta property=\"article:published_time\" content=\"2016-02-08T13:03:18+00:00\" \/>\n\t\t<meta property=\"article:modified_time\" content=\"2016-02-08T13:03:18+00:00\" \/>\n\t\t<meta name=\"twitter:card\" content=\"summary_large_image\" \/>\n\t\t<meta name=\"twitter:title\" content=\"Portugal recupera el 50% del control de la aerol\u00ednea TAP | El Digital de Asturias\" \/>\n\t\t<meta name=\"twitter:description\" content=\"El Gobierno luso recupera el 50% del control de capital de la aerol\u00ednea TAP, frente al 34% que gestionaba el anterior ejecutivo, por 1,9 millones, seg\u00fan el memorando firmado con el consorcio Gateway, que se har\u00e1 cargo de la gesti\u00f3n de la compa\u00f1\u00eda. El anterior ejecutivo luso cerr\u00f3 la venta del 61% de TAP en\" \/>\n\t\t<meta name=\"twitter:image\" content=\"https:\/\/eldigitaldeasturias.com\/magazine365\/wp-content\/uploads\/2016\/02\/fotonoticia_20160208112734_800.jpg\" \/>\n\t\t<script type=\"application\/ld+json\" class=\"aioseo-schema\">\n\t\t\t{\"@context\":\"https:\\\/\\\/schema.org\",\"@graph\":[{\"@type\":\"Article\",\"@id\":\"https:\\\/\\\/eldigitaldeasturias.com\\\/magazine365\\\/portugal-recupera-el-50-del-control-de-la-aerolinea-tap\\\/#article\",\"name\":\"Portugal recupera el 50% del control de la aerol\\u00ednea TAP | El Digital de Asturias\",\"headline\":\"Portugal recupera el 50% del control de la aerol\\u00ednea TAP\",\"author\":{\"@id\":\"https:\\\/\\\/eldigitaldeasturias.com\\\/magazine365\\\/author\\\/admin\\\/#author\"},\"publisher\":{\"@id\":\"https:\\\/\\\/eldigitaldeasturias.com\\\/magazine365\\\/#organization\"},\"image\":{\"@type\":\"ImageObject\",\"url\":\"https:\\\/\\\/eldigitaldeasturias.com\\\/magazine365\\\/wp-content\\\/uploads\\\/2016\\\/02\\\/fotonoticia_20160208112734_800.jpg\",\"width\":800,\"height\":532},\"datePublished\":\"2016-02-08T14:03:18+01:00\",\"dateModified\":\"2016-02-08T14:03:18+01:00\",\"inLanguage\":\"es-ES\",\"mainEntityOfPage\":{\"@id\":\"https:\\\/\\\/eldigitaldeasturias.com\\\/magazine365\\\/portugal-recupera-el-50-del-control-de-la-aerolinea-tap\\\/#webpage\"},\"isPartOf\":{\"@id\":\"https:\\\/\\\/eldigitaldeasturias.com\\\/magazine365\\\/portugal-recupera-el-50-del-control-de-la-aerolinea-tap\\\/#webpage\"},\"articleSection\":\"Noticias y Actualidad\"},{\"@type\":\"BreadcrumbList\",\"@id\":\"https:\\\/\\\/eldigitaldeasturias.com\\\/magazine365\\\/portugal-recupera-el-50-del-control-de-la-aerolinea-tap\\\/#breadcrumblist\",\"itemListElement\":[{\"@type\":\"ListItem\",\"@id\":\"https:\\\/\\\/eldigitaldeasturias.com\\\/magazine365#listItem\",\"position\":1,\"name\":\"Home\",\"item\":\"https:\\\/\\\/eldigitaldeasturias.com\\\/magazine365\",\"nextItem\":{\"@type\":\"ListItem\",\"@id\":\"https:\\\/\\\/eldigitaldeasturias.com\\\/magazine365\\\/category\\\/noticias-actualidad\\\/#listItem\",\"name\":\"Noticias y Actualidad\"}},{\"@type\":\"ListItem\",\"@id\":\"https:\\\/\\\/eldigitaldeasturias.com\\\/magazine365\\\/category\\\/noticias-actualidad\\\/#listItem\",\"position\":2,\"name\":\"Noticias y Actualidad\",\"item\":\"https:\\\/\\\/eldigitaldeasturias.com\\\/magazine365\\\/category\\\/noticias-actualidad\\\/\",\"nextItem\":{\"@type\":\"ListItem\",\"@id\":\"https:\\\/\\\/eldigitaldeasturias.com\\\/magazine365\\\/portugal-recupera-el-50-del-control-de-la-aerolinea-tap\\\/#listItem\",\"name\":\"Portugal recupera el 50% del control de la aerol\\u00ednea TAP\"},\"previousItem\":{\"@type\":\"ListItem\",\"@id\":\"https:\\\/\\\/eldigitaldeasturias.com\\\/magazine365#listItem\",\"name\":\"Home\"}},{\"@type\":\"ListItem\",\"@id\":\"https:\\\/\\\/eldigitaldeasturias.com\\\/magazine365\\\/portugal-recupera-el-50-del-control-de-la-aerolinea-tap\\\/#listItem\",\"position\":3,\"name\":\"Portugal recupera el 50% del control de la aerol\\u00ednea TAP\",\"previousItem\":{\"@type\":\"ListItem\",\"@id\":\"https:\\\/\\\/eldigitaldeasturias.com\\\/magazine365\\\/category\\\/noticias-actualidad\\\/#listItem\",\"name\":\"Noticias y Actualidad\"}}]},{\"@type\":\"Organization\",\"@id\":\"https:\\\/\\\/eldigitaldeasturias.com\\\/magazine365\\\/#organization\",\"name\":\"El digital de Asturias\",\"description\":\"Revista de ocio, turismo y estilo de vida\",\"url\":\"https:\\\/\\\/eldigitaldeasturias.com\\\/magazine365\\\/\",\"logo\":{\"@type\":\"ImageObject\",\"url\":\"https:\\\/\\\/www.eldigitaldeasturias.com\\\/noticias\\\/wp-content\\\/uploads\\\/2020\\\/12\\\/EDA.jpg\",\"@id\":\"https:\\\/\\\/eldigitaldeasturias.com\\\/magazine365\\\/portugal-recupera-el-50-del-control-de-la-aerolinea-tap\\\/#organizationLogo\"},\"image\":{\"@id\":\"https:\\\/\\\/eldigitaldeasturias.com\\\/magazine365\\\/portugal-recupera-el-50-del-control-de-la-aerolinea-tap\\\/#organizationLogo\"}},{\"@type\":\"Person\",\"@id\":\"https:\\\/\\\/eldigitaldeasturias.com\\\/magazine365\\\/author\\\/admin\\\/#author\",\"url\":\"https:\\\/\\\/eldigitaldeasturias.com\\\/magazine365\\\/author\\\/admin\\\/\",\"name\":\"admin\",\"image\":{\"@type\":\"ImageObject\",\"@id\":\"https:\\\/\\\/eldigitaldeasturias.com\\\/magazine365\\\/portugal-recupera-el-50-del-control-de-la-aerolinea-tap\\\/#authorImage\",\"url\":\"https:\\\/\\\/eldigitaldeasturias.com\\\/magazine365\\\/wp-content\\\/litespeed\\\/avatar\\\/e571bcf59a0edd6fa6838245a470f2fe.jpg?ver=1776969259\",\"width\":96,\"height\":96,\"caption\":\"admin\"}},{\"@type\":\"WebPage\",\"@id\":\"https:\\\/\\\/eldigitaldeasturias.com\\\/magazine365\\\/portugal-recupera-el-50-del-control-de-la-aerolinea-tap\\\/#webpage\",\"url\":\"https:\\\/\\\/eldigitaldeasturias.com\\\/magazine365\\\/portugal-recupera-el-50-del-control-de-la-aerolinea-tap\\\/\",\"name\":\"Portugal recupera el 50% del control de la aerol\\u00ednea TAP | El Digital de Asturias\",\"description\":\"El Gobierno luso recupera el 50% del control de capital de la aerol\\u00ednea TAP, frente al 34% que gestionaba el anterior ejecutivo, por 1,9 millones, seg\\u00fan el memorando firmado con el consorcio Gateway, que se har\\u00e1 cargo de la gesti\\u00f3n de la compa\\u00f1\\u00eda. El anterior ejecutivo luso cerr\\u00f3 la venta del 61% de TAP en\",\"inLanguage\":\"es-ES\",\"isPartOf\":{\"@id\":\"https:\\\/\\\/eldigitaldeasturias.com\\\/magazine365\\\/#website\"},\"breadcrumb\":{\"@id\":\"https:\\\/\\\/eldigitaldeasturias.com\\\/magazine365\\\/portugal-recupera-el-50-del-control-de-la-aerolinea-tap\\\/#breadcrumblist\"},\"author\":{\"@id\":\"https:\\\/\\\/eldigitaldeasturias.com\\\/magazine365\\\/author\\\/admin\\\/#author\"},\"creator\":{\"@id\":\"https:\\\/\\\/eldigitaldeasturias.com\\\/magazine365\\\/author\\\/admin\\\/#author\"},\"image\":{\"@type\":\"ImageObject\",\"url\":\"https:\\\/\\\/eldigitaldeasturias.com\\\/magazine365\\\/wp-content\\\/uploads\\\/2016\\\/02\\\/fotonoticia_20160208112734_800.jpg\",\"@id\":\"https:\\\/\\\/eldigitaldeasturias.com\\\/magazine365\\\/portugal-recupera-el-50-del-control-de-la-aerolinea-tap\\\/#mainImage\",\"width\":800,\"height\":532},\"primaryImageOfPage\":{\"@id\":\"https:\\\/\\\/eldigitaldeasturias.com\\\/magazine365\\\/portugal-recupera-el-50-del-control-de-la-aerolinea-tap\\\/#mainImage\"},\"datePublished\":\"2016-02-08T14:03:18+01:00\",\"dateModified\":\"2016-02-08T14:03:18+01:00\"},{\"@type\":\"WebSite\",\"@id\":\"https:\\\/\\\/eldigitaldeasturias.com\\\/magazine365\\\/#website\",\"url\":\"https:\\\/\\\/eldigitaldeasturias.com\\\/magazine365\\\/\",\"name\":\"El Digital de Asturias\",\"description\":\"Revista de ocio, turismo y estilo de vida\",\"inLanguage\":\"es-ES\",\"publisher\":{\"@id\":\"https:\\\/\\\/eldigitaldeasturias.com\\\/magazine365\\\/#organization\"}}]}\n\t\t<\/script>\n\t\t<!-- All in One SEO Pro -->\r\n\t\t<title>Portugal recupera el 50% del control de la aerol\u00ednea TAP | El Digital de Asturias<\/title>\n\n","aioseo_head_json":{"title":"Portugal recupera el 50% del control de la aerol\u00ednea TAP | El Digital de Asturias","description":"El Gobierno luso recupera el 50% del control de capital de la aerol\u00ednea TAP, frente al 34% que gestionaba el anterior ejecutivo, por 1,9 millones, seg\u00fan el memorando firmado con el consorcio Gateway, que se har\u00e1 cargo de la gesti\u00f3n de la compa\u00f1\u00eda. El anterior ejecutivo luso cerr\u00f3 la venta del 61% de TAP en","canonical_url":"https:\/\/eldigitaldeasturias.com\/magazine365\/portugal-recupera-el-50-del-control-de-la-aerolinea-tap\/","robots":"max-image-preview:large","keywords":"noticias y actualidad","webmasterTools":{"google-site-verification":"UA-38556648-1","miscellaneous":""},"schema":{"@context":"https:\/\/schema.org","@graph":[{"@type":"Article","@id":"https:\/\/eldigitaldeasturias.com\/magazine365\/portugal-recupera-el-50-del-control-de-la-aerolinea-tap\/#article","name":"Portugal recupera el 50% del control de la aerol\u00ednea TAP | El Digital de Asturias","headline":"Portugal recupera el 50% del control de la aerol\u00ednea TAP","author":{"@id":"https:\/\/eldigitaldeasturias.com\/magazine365\/author\/admin\/#author"},"publisher":{"@id":"https:\/\/eldigitaldeasturias.com\/magazine365\/#organization"},"image":{"@type":"ImageObject","url":"https:\/\/eldigitaldeasturias.com\/magazine365\/wp-content\/uploads\/2016\/02\/fotonoticia_20160208112734_800.jpg","width":800,"height":532},"datePublished":"2016-02-08T14:03:18+01:00","dateModified":"2016-02-08T14:03:18+01:00","inLanguage":"es-ES","mainEntityOfPage":{"@id":"https:\/\/eldigitaldeasturias.com\/magazine365\/portugal-recupera-el-50-del-control-de-la-aerolinea-tap\/#webpage"},"isPartOf":{"@id":"https:\/\/eldigitaldeasturias.com\/magazine365\/portugal-recupera-el-50-del-control-de-la-aerolinea-tap\/#webpage"},"articleSection":"Noticias y Actualidad"},{"@type":"BreadcrumbList","@id":"https:\/\/eldigitaldeasturias.com\/magazine365\/portugal-recupera-el-50-del-control-de-la-aerolinea-tap\/#breadcrumblist","itemListElement":[{"@type":"ListItem","@id":"https:\/\/eldigitaldeasturias.com\/magazine365#listItem","position":1,"name":"Home","item":"https:\/\/eldigitaldeasturias.com\/magazine365","nextItem":{"@type":"ListItem","@id":"https:\/\/eldigitaldeasturias.com\/magazine365\/category\/noticias-actualidad\/#listItem","name":"Noticias y Actualidad"}},{"@type":"ListItem","@id":"https:\/\/eldigitaldeasturias.com\/magazine365\/category\/noticias-actualidad\/#listItem","position":2,"name":"Noticias y Actualidad","item":"https:\/\/eldigitaldeasturias.com\/magazine365\/category\/noticias-actualidad\/","nextItem":{"@type":"ListItem","@id":"https:\/\/eldigitaldeasturias.com\/magazine365\/portugal-recupera-el-50-del-control-de-la-aerolinea-tap\/#listItem","name":"Portugal recupera el 50% del control de la aerol\u00ednea TAP"},"previousItem":{"@type":"ListItem","@id":"https:\/\/eldigitaldeasturias.com\/magazine365#listItem","name":"Home"}},{"@type":"ListItem","@id":"https:\/\/eldigitaldeasturias.com\/magazine365\/portugal-recupera-el-50-del-control-de-la-aerolinea-tap\/#listItem","position":3,"name":"Portugal recupera el 50% del control de la aerol\u00ednea TAP","previousItem":{"@type":"ListItem","@id":"https:\/\/eldigitaldeasturias.com\/magazine365\/category\/noticias-actualidad\/#listItem","name":"Noticias y Actualidad"}}]},{"@type":"Organization","@id":"https:\/\/eldigitaldeasturias.com\/magazine365\/#organization","name":"El digital de Asturias","description":"Revista de ocio, turismo y estilo de vida","url":"https:\/\/eldigitaldeasturias.com\/magazine365\/","logo":{"@type":"ImageObject","url":"https:\/\/www.eldigitaldeasturias.com\/noticias\/wp-content\/uploads\/2020\/12\/EDA.jpg","@id":"https:\/\/eldigitaldeasturias.com\/magazine365\/portugal-recupera-el-50-del-control-de-la-aerolinea-tap\/#organizationLogo"},"image":{"@id":"https:\/\/eldigitaldeasturias.com\/magazine365\/portugal-recupera-el-50-del-control-de-la-aerolinea-tap\/#organizationLogo"}},{"@type":"Person","@id":"https:\/\/eldigitaldeasturias.com\/magazine365\/author\/admin\/#author","url":"https:\/\/eldigitaldeasturias.com\/magazine365\/author\/admin\/","name":"admin","image":{"@type":"ImageObject","@id":"https:\/\/eldigitaldeasturias.com\/magazine365\/portugal-recupera-el-50-del-control-de-la-aerolinea-tap\/#authorImage","url":"https:\/\/eldigitaldeasturias.com\/magazine365\/wp-content\/litespeed\/avatar\/e571bcf59a0edd6fa6838245a470f2fe.jpg?ver=1776969259","width":96,"height":96,"caption":"admin"}},{"@type":"WebPage","@id":"https:\/\/eldigitaldeasturias.com\/magazine365\/portugal-recupera-el-50-del-control-de-la-aerolinea-tap\/#webpage","url":"https:\/\/eldigitaldeasturias.com\/magazine365\/portugal-recupera-el-50-del-control-de-la-aerolinea-tap\/","name":"Portugal recupera el 50% del control de la aerol\u00ednea TAP | El Digital de Asturias","description":"El Gobierno luso recupera el 50% del control de capital de la aerol\u00ednea TAP, frente al 34% que gestionaba el anterior ejecutivo, por 1,9 millones, seg\u00fan el memorando firmado con el consorcio Gateway, que se har\u00e1 cargo de la gesti\u00f3n de la compa\u00f1\u00eda. El anterior ejecutivo luso cerr\u00f3 la venta del 61% de TAP en","inLanguage":"es-ES","isPartOf":{"@id":"https:\/\/eldigitaldeasturias.com\/magazine365\/#website"},"breadcrumb":{"@id":"https:\/\/eldigitaldeasturias.com\/magazine365\/portugal-recupera-el-50-del-control-de-la-aerolinea-tap\/#breadcrumblist"},"author":{"@id":"https:\/\/eldigitaldeasturias.com\/magazine365\/author\/admin\/#author"},"creator":{"@id":"https:\/\/eldigitaldeasturias.com\/magazine365\/author\/admin\/#author"},"image":{"@type":"ImageObject","url":"https:\/\/eldigitaldeasturias.com\/magazine365\/wp-content\/uploads\/2016\/02\/fotonoticia_20160208112734_800.jpg","@id":"https:\/\/eldigitaldeasturias.com\/magazine365\/portugal-recupera-el-50-del-control-de-la-aerolinea-tap\/#mainImage","width":800,"height":532},"primaryImageOfPage":{"@id":"https:\/\/eldigitaldeasturias.com\/magazine365\/portugal-recupera-el-50-del-control-de-la-aerolinea-tap\/#mainImage"},"datePublished":"2016-02-08T14:03:18+01:00","dateModified":"2016-02-08T14:03:18+01:00"},{"@type":"WebSite","@id":"https:\/\/eldigitaldeasturias.com\/magazine365\/#website","url":"https:\/\/eldigitaldeasturias.com\/magazine365\/","name":"El Digital de Asturias","description":"Revista de ocio, turismo y estilo de vida","inLanguage":"es-ES","publisher":{"@id":"https:\/\/eldigitaldeasturias.com\/magazine365\/#organization"}}]},"og:locale":"es_ES","og:site_name":"El Digital de Asturias \u2013 Revista de ocio, turismo y estilo de vida","og:type":"article","og:title":"Portugal recupera el 50% del control de la aerol\u00ednea TAP | El Digital de Asturias","og:description":"El Gobierno luso recupera el 50% del control de capital de la aerol\u00ednea TAP, frente al 34% que gestionaba el anterior ejecutivo, por 1,9 millones, seg\u00fan el memorando firmado con el consorcio Gateway, que se har\u00e1 cargo de la gesti\u00f3n de la compa\u00f1\u00eda. El anterior ejecutivo luso cerr\u00f3 la venta del 61% de TAP en","og:url":"https:\/\/eldigitaldeasturias.com\/magazine365\/portugal-recupera-el-50-del-control-de-la-aerolinea-tap\/","og:image":"https:\/\/eldigitaldeasturias.com\/magazine365\/wp-content\/uploads\/2016\/02\/fotonoticia_20160208112734_800.jpg","og:image:secure_url":"https:\/\/eldigitaldeasturias.com\/magazine365\/wp-content\/uploads\/2016\/02\/fotonoticia_20160208112734_800.jpg","og:image:width":800,"og:image:height":532,"article:published_time":"2016-02-08T13:03:18+00:00","article:modified_time":"2016-02-08T13:03:18+00:00","twitter:card":"summary_large_image","twitter:title":"Portugal recupera el 50% del control de la aerol\u00ednea TAP | El Digital de Asturias","twitter:description":"El Gobierno luso recupera el 50% del control de capital de la aerol\u00ednea TAP, frente al 34% que gestionaba el anterior ejecutivo, por 1,9 millones, seg\u00fan el memorando firmado con el consorcio Gateway, que se har\u00e1 cargo de la gesti\u00f3n de la compa\u00f1\u00eda. El anterior ejecutivo luso cerr\u00f3 la venta del 61% de TAP en","twitter:image":"https:\/\/eldigitaldeasturias.com\/magazine365\/wp-content\/uploads\/2016\/02\/fotonoticia_20160208112734_800.jpg"},"aioseo_meta_data":{"post_id":"63552","title":null,"description":null,"keywords":null,"keyphrases":null,"primary_term":null,"canonical_url":null,"og_title":null,"og_description":null,"og_object_type":"default","og_image_type":"default","og_image_url":null,"og_image_width":null,"og_image_height":null,"og_image_custom_url":null,"og_image_custom_fields":null,"og_video":null,"og_custom_url":null,"og_article_section":null,"og_article_tags":null,"twitter_use_og":false,"twitter_card":"default","twitter_image_type":"default","twitter_image_url":null,"twitter_image_custom_url":null,"twitter_image_custom_fields":null,"twitter_title":null,"twitter_description":null,"schema":{"blockGraphs":[],"customGraphs":[],"default":{"data":{"Article":[],"Course":[],"Dataset":[],"FAQPage":[],"Movie":[],"Person":[],"Product":[],"ProductReview":[],"Car":[],"Recipe":[],"Service":[],"SoftwareApplication":[],"WebPage":[]},"graphName":"","isEnabled":true},"graphs":[]},"schema_type":null,"schema_type_options":null,"pillar_content":false,"robots_default":true,"robots_noindex":false,"robots_noarchive":false,"robots_nosnippet":false,"robots_nofollow":false,"robots_noimageindex":false,"robots_noodp":false,"robots_notranslate":false,"robots_max_snippet":null,"robots_max_videopreview":null,"robots_max_imagepreview":"large","priority":null,"frequency":null,"location":null,"local_seo":null,"seo_analyzer_scan_date":"2025-09-25 13:21:27","breadcrumb_settings":null,"limit_modified_date":false,"open_ai":null,"ai":null,"created":"2021-03-08 21:22:18","updated":"2025-09-25 13:21:27"},"aioseo_breadcrumb":"<div class=\"aioseo-breadcrumbs\"><span class=\"aioseo-breadcrumb\">\n\t<a href=\"https:\/\/eldigitaldeasturias.com\/magazine365\" title=\"Home\">Home<\/a>\n<\/span><span class=\"aioseo-breadcrumb-separator\">\u2013<\/span><span class=\"aioseo-breadcrumb\">\n\t<a href=\"https:\/\/eldigitaldeasturias.com\/magazine365\/category\/noticias-actualidad\/\" title=\"Noticias y Actualidad\">Noticias y Actualidad<\/a>\n<\/span><span class=\"aioseo-breadcrumb-separator\">\u2013<\/span><span class=\"aioseo-breadcrumb\">\n\t<a href=\"https:\/\/eldigitaldeasturias.com\/magazine365\/portugal-recupera-el-50-del-control-de-la-aerolinea-tap\/\" title=\"Portugal recupera el 50% del control de la aerol\u00ednea TAP\">Portugal recupera el 50% del control de la aerol\u00ednea TAP<\/a>\n<\/span><\/div>","aioseo_breadcrumb_json":[{"label":"Home","link":"https:\/\/eldigitaldeasturias.com\/magazine365"},{"label":"Noticias y Actualidad","link":"https:\/\/eldigitaldeasturias.com\/magazine365\/category\/noticias-actualidad\/"},{"label":"Portugal recupera el 50% del control de la aerol\u00ednea TAP","link":"https:\/\/eldigitaldeasturias.com\/magazine365\/portugal-recupera-el-50-del-control-de-la-aerolinea-tap\/"}],"_links":{"self":[{"href":"https:\/\/eldigitaldeasturias.com\/magazine365\/wp-json\/wp\/v2\/posts\/63552","targetHints":{"allow":["GET"]}}],"collection":[{"href":"https:\/\/eldigitaldeasturias.com\/magazine365\/wp-json\/wp\/v2\/posts"}],"about":[{"href":"https:\/\/eldigitaldeasturias.com\/magazine365\/wp-json\/wp\/v2\/types\/post"}],"author":[{"embeddable":true,"href":"https:\/\/eldigitaldeasturias.com\/magazine365\/wp-json\/wp\/v2\/users\/1"}],"replies":[{"embeddable":true,"href":"https:\/\/eldigitaldeasturias.com\/magazine365\/wp-json\/wp\/v2\/comments?post=63552"}],"version-history":[{"count":0,"href":"https:\/\/eldigitaldeasturias.com\/magazine365\/wp-json\/wp\/v2\/posts\/63552\/revisions"}],"wp:featuredmedia":[{"embeddable":true,"href":"https:\/\/eldigitaldeasturias.com\/magazine365\/wp-json\/wp\/v2\/media\/63553"}],"wp:attachment":[{"href":"https:\/\/eldigitaldeasturias.com\/magazine365\/wp-json\/wp\/v2\/media?parent=63552"}],"wp:term":[{"taxonomy":"category","embeddable":true,"href":"https:\/\/eldigitaldeasturias.com\/magazine365\/wp-json\/wp\/v2\/categories?post=63552"},{"taxonomy":"post_tag","embeddable":true,"href":"https:\/\/eldigitaldeasturias.com\/magazine365\/wp-json\/wp\/v2\/tags?post=63552"}],"curies":[{"name":"wp","href":"https:\/\/api.w.org\/{rel}","templated":true}]}}