{"id":63543,"date":"2016-02-08T12:19:49","date_gmt":"2016-02-08T11:19:49","guid":{"rendered":"http:\/\/eldigitaldeasturias.com\/magazine365\/?p=63543"},"modified":"2016-02-08T12:19:49","modified_gmt":"2016-02-08T11:19:49","slug":"air-france-klm-transporto-637-millones-de-pasajeros-en-enero","status":"publish","type":"post","link":"https:\/\/eldigitaldeasturias.com\/magazine365\/air-france-klm-transporto-637-millones-de-pasajeros-en-enero\/","title":{"rendered":"Air France-KLM transport\u00f3 6,37 millones de pasajeros en enero"},"content":{"rendered":"<p><img fetchpriority=\"high\" decoding=\"async\" class=\"alignleft size-medium wp-image-63544\" src=\"https:\/\/eldigitaldeasturias.com\/magazine365\/wp-content\/uploads\/2016\/02\/fotonoticia_20160208103658_800-360x191.jpg\" alt=\"fotonoticia_20160208103658_800\" width=\"360\" height=\"191\" srcset=\"https:\/\/eldigitaldeasturias.com\/magazine365\/wp-content\/uploads\/2016\/02\/fotonoticia_20160208103658_800-360x191.jpg 360w, https:\/\/eldigitaldeasturias.com\/magazine365\/wp-content\/uploads\/2016\/02\/fotonoticia_20160208103658_800-650x345.jpg 650w, https:\/\/eldigitaldeasturias.com\/magazine365\/wp-content\/uploads\/2016\/02\/fotonoticia_20160208103658_800-768x407.jpg 768w, https:\/\/eldigitaldeasturias.com\/magazine365\/wp-content\/uploads\/2016\/02\/fotonoticia_20160208103658_800-150x80.jpg 150w, https:\/\/eldigitaldeasturias.com\/magazine365\/wp-content\/uploads\/2016\/02\/fotonoticia_20160208103658_800-450x239.jpg 450w, https:\/\/eldigitaldeasturias.com\/magazine365\/wp-content\/uploads\/2016\/02\/fotonoticia_20160208103658_800-696x369.jpg 696w, https:\/\/eldigitaldeasturias.com\/magazine365\/wp-content\/uploads\/2016\/02\/fotonoticia_20160208103658_800-792x420.jpg 792w, https:\/\/eldigitaldeasturias.com\/magazine365\/wp-content\/uploads\/2016\/02\/fotonoticia_20160208103658_800.jpg 800w\" sizes=\"(max-width: 360px) 100vw, 360px\" \/>El grupo Air France-KLM, que incluye Air Framce, KLM, HOP! y Transavia, transport\u00f3 6,37 millones de pasajeros el primer mes del a\u00f1o, un 3% m\u00e1s que en enero de 2015, crecimiento al que contribuy\u00f3 la &#8216;low cost&#8217; de la compa\u00f1\u00eda, Transavia, con 530.000 viajeros, un 9,3% m\u00e1s que hace un a\u00f1o.<\/p>\n<p>Excluyendo Transavia, el n\u00famero de pasajeros transportados fue de 5,8 millones durante el mes de enero, lo que supone un incremento del 2,4% con respecto al mismo mes de 2015.<\/p>\n<p>En cuanto a la oferta del grupo, que engloba a las aerol\u00edneas Air France, KLM, HOP! y Transavia, descendi\u00f3 levemente un 0,2%, mientras que la demanda ascendi\u00f3 un 3,2% en enero, con un factor de ocupaci\u00f3n del 85,2%, lo que supone un aumento de 2,7 puntos porcentuales.<\/p>\n<p>Transavia registr\u00f3 un 4,4% m\u00e1s de demanda y un 4,6% m\u00e1s de oferta, y su factor de ocupaci\u00f3n alcanz\u00f3 el 83,8%, 0,2 puntos porcentuales menos comparado con el mismo mes del a\u00f1o precedente.<\/p>\n<p>A nivel general, los vuelos de largo radio en Air France, KLM y HOP! registraron una subida del 3,8% en el n\u00famero de viajeros (2 millones), con un 3,4% m\u00e1s de demanda, y un aumento de un 0,4% su capacidad. El factor de ocupaci\u00f3n se situ\u00f3 en el 87,1%, lo que supone 2,5 puntos porcentuales m\u00e1s.<\/p>\n<p>MAYOR CRECIMIENTO EN NORTEAM\u00c9RICA Y ORIENTE MEDIO.<\/p>\n<p>Por regiones, el tr\u00e1fico del grupo &#8211;Air France, KLM y HOP!&#8211; creci\u00f3 sobre todo Norteam\u00e9rica (+5,7%), con un total de 523.000 pasajeros transportados, un 4,7% m\u00e1s de oferta y un incremento del 5,9% de la demanda. El factor de ocupaci\u00f3n fue del 87%, un punto porcentual m\u00e1s que hace un a\u00f1o.<\/p>\n<p>A continuaci\u00f3n, le sigue \u00c1frica y Oriente Medio que consigui\u00f3 un 5,6% m\u00e1s de pasajeros, con casi 2,6 millones, gracias al aumento en un 5,6% de la demanda, ya que la oferta se mantuvo estable. El factor de ocupaci\u00f3n fue del 82,4%, 4,4 puntos porcentuales m\u00e1s respecto al a\u00f1o anterior.<\/p>\n<p>En el caso de Latinoam\u00e9rica, logr\u00f3 un 4,6% m\u00e1s de pasajeros, hasta 2,6 millones de viajeros, con un aumento del 4,6% de la demanda, para una oferta un 2,6% superior. En cuanto a su factor de ocupaci\u00f3n, se situ\u00f3 en el 91,9%, un 1,8 puntos porcentuales m\u00e1s que en 2015.<\/p>\n<p>A estas zonas les siguen en t\u00e9rminos de demanda Oc\u00e9ano \u00cdndico y Caribe, con 2,5 millones viajeros, un 2,5% m\u00e1s, con un incremento del 2,5% del tr\u00e1fico y un 1,4% m\u00e1s de oferta. El nivel de ocupaci\u00f3n se situ\u00f3 en el 88,6%, un 0,9 puntos porcentuales mayor.<\/p>\n<p>En Asia-Pac\u00edfico, transport\u00f3 4,2 millones de pasajeros, un 0,3% m\u00e1s que el a\u00f1o anterior, tras registrar un descenso del 0,3% del tr\u00e1fico, con una oferta un 4,4% inferior. El factor de ocupaci\u00f3n se situ\u00f3 en el 86,7%, 3,6 puntos porcentuales m\u00e1s.<\/p>\n<p>CAE LA CARGA.<\/p>\n<p>Por otra parte, el negocio de carga del grupo franco-holand\u00e9s registr\u00f3 un retroceso del 6,4% en la demanda en enero, tras recortar su capacidad un 6,8%. El factor de ocupaci\u00f3n se situ\u00f3 en el 56,8%, lo que supone 0,2 puntos porcentuales m\u00e1s.<\/p>\n","protected":false},"excerpt":{"rendered":"<p>El grupo Air France-KLM, que incluye Air Framce, KLM, HOP! y Transavia, transport\u00f3 6,37 millones de pasajeros el primer mes del a\u00f1o, un 3% m\u00e1s que en enero de 2015, crecimiento al que contribuy\u00f3 la &#8216;low cost&#8217; de la compa\u00f1\u00eda, Transavia, con 530.000 viajeros, un 9,3% m\u00e1s que hace un a\u00f1o. Excluyendo Transavia, el n\u00famero<\/p>\n","protected":false},"author":1,"featured_media":63544,"comment_status":"open","ping_status":"closed","sticky":false,"template":"","format":"standard","meta":{"footnotes":""},"categories":[224],"tags":[],"class_list":{"0":"post-63543","1":"post","2":"type-post","3":"status-publish","4":"format-standard","5":"has-post-thumbnail","7":"category-noticias-actualidad"},"aioseo_notices":[],"aioseo_head":"\n\t\t<!-- All in One SEO Pro 4.9.6.1 - aioseo.com -->\n\t<meta name=\"description\" content=\"El grupo Air France-KLM, que incluye Air Framce, KLM, HOP! y Transavia, transport\u00f3 6,37 millones de pasajeros el primer mes del a\u00f1o, un 3% m\u00e1s que en enero de 2015, crecimiento al que contribuy\u00f3 la &#039;low cost&#039; de la compa\u00f1\u00eda, Transavia, con 530.000 viajeros, un 9,3% m\u00e1s que hace un a\u00f1o. Excluyendo Transavia, el n\u00famero\" \/>\n\t<meta name=\"robots\" content=\"max-image-preview:large\" \/>\n\t<meta name=\"author\" content=\"admin\"\/>\n\t<meta name=\"google-site-verification\" content=\"UA-38556648-1\" \/>\n\t<meta name=\"keywords\" content=\"noticias y actualidad\" \/>\n\t<link rel=\"canonical\" href=\"https:\/\/eldigitaldeasturias.com\/magazine365\/air-france-klm-transporto-637-millones-de-pasajeros-en-enero\/\" \/>\n\t<meta name=\"generator\" content=\"All in One SEO Pro (AIOSEO) 4.9.6.1\" \/>\n\t\t<meta property=\"og:locale\" content=\"es_ES\" \/>\n\t\t<meta property=\"og:site_name\" content=\"El Digital de Asturias \u2013 Revista de ocio, turismo y estilo de vida\" \/>\n\t\t<meta property=\"og:type\" content=\"article\" \/>\n\t\t<meta property=\"og:title\" content=\"Air France-KLM transport\u00f3 6,37 millones de pasajeros en enero | El Digital de Asturias\" \/>\n\t\t<meta property=\"og:description\" content=\"El grupo Air France-KLM, que incluye Air Framce, KLM, HOP! y Transavia, transport\u00f3 6,37 millones de pasajeros el primer mes del a\u00f1o, un 3% m\u00e1s que en enero de 2015, crecimiento al que contribuy\u00f3 la &#039;low cost&#039; de la compa\u00f1\u00eda, Transavia, con 530.000 viajeros, un 9,3% m\u00e1s que hace un a\u00f1o. Excluyendo Transavia, el n\u00famero\" \/>\n\t\t<meta property=\"og:url\" content=\"https:\/\/eldigitaldeasturias.com\/magazine365\/air-france-klm-transporto-637-millones-de-pasajeros-en-enero\/\" \/>\n\t\t<meta property=\"og:image\" content=\"https:\/\/eldigitaldeasturias.com\/magazine365\/wp-content\/uploads\/2016\/02\/fotonoticia_20160208103658_800.jpg\" \/>\n\t\t<meta property=\"og:image:secure_url\" content=\"https:\/\/eldigitaldeasturias.com\/magazine365\/wp-content\/uploads\/2016\/02\/fotonoticia_20160208103658_800.jpg\" \/>\n\t\t<meta property=\"og:image:width\" content=\"800\" \/>\n\t\t<meta property=\"og:image:height\" content=\"424\" \/>\n\t\t<meta property=\"article:published_time\" content=\"2016-02-08T11:19:49+00:00\" \/>\n\t\t<meta property=\"article:modified_time\" content=\"2016-02-08T11:19:49+00:00\" \/>\n\t\t<meta name=\"twitter:card\" content=\"summary_large_image\" \/>\n\t\t<meta name=\"twitter:title\" content=\"Air France-KLM transport\u00f3 6,37 millones de pasajeros en enero | El Digital de Asturias\" \/>\n\t\t<meta name=\"twitter:description\" content=\"El grupo Air France-KLM, que incluye Air Framce, KLM, HOP! y Transavia, transport\u00f3 6,37 millones de pasajeros el primer mes del a\u00f1o, un 3% m\u00e1s que en enero de 2015, crecimiento al que contribuy\u00f3 la &#039;low cost&#039; de la compa\u00f1\u00eda, Transavia, con 530.000 viajeros, un 9,3% m\u00e1s que hace un a\u00f1o. Excluyendo Transavia, el n\u00famero\" \/>\n\t\t<meta name=\"twitter:image\" content=\"https:\/\/eldigitaldeasturias.com\/magazine365\/wp-content\/uploads\/2016\/02\/fotonoticia_20160208103658_800.jpg\" \/>\n\t\t<script type=\"application\/ld+json\" class=\"aioseo-schema\">\n\t\t\t{\"@context\":\"https:\\\/\\\/schema.org\",\"@graph\":[{\"@type\":\"Article\",\"@id\":\"https:\\\/\\\/eldigitaldeasturias.com\\\/magazine365\\\/air-france-klm-transporto-637-millones-de-pasajeros-en-enero\\\/#article\",\"name\":\"Air France-KLM transport\\u00f3 6,37 millones de pasajeros en enero | El Digital de Asturias\",\"headline\":\"Air France-KLM transport\\u00f3 6,37 millones de pasajeros en enero\",\"author\":{\"@id\":\"https:\\\/\\\/eldigitaldeasturias.com\\\/magazine365\\\/author\\\/admin\\\/#author\"},\"publisher\":{\"@id\":\"https:\\\/\\\/eldigitaldeasturias.com\\\/magazine365\\\/#organization\"},\"image\":{\"@type\":\"ImageObject\",\"url\":\"https:\\\/\\\/eldigitaldeasturias.com\\\/magazine365\\\/wp-content\\\/uploads\\\/2016\\\/02\\\/fotonoticia_20160208103658_800.jpg\",\"width\":800,\"height\":424},\"datePublished\":\"2016-02-08T12:19:49+01:00\",\"dateModified\":\"2016-02-08T12:19:49+01:00\",\"inLanguage\":\"es-ES\",\"mainEntityOfPage\":{\"@id\":\"https:\\\/\\\/eldigitaldeasturias.com\\\/magazine365\\\/air-france-klm-transporto-637-millones-de-pasajeros-en-enero\\\/#webpage\"},\"isPartOf\":{\"@id\":\"https:\\\/\\\/eldigitaldeasturias.com\\\/magazine365\\\/air-france-klm-transporto-637-millones-de-pasajeros-en-enero\\\/#webpage\"},\"articleSection\":\"Noticias y Actualidad\"},{\"@type\":\"BreadcrumbList\",\"@id\":\"https:\\\/\\\/eldigitaldeasturias.com\\\/magazine365\\\/air-france-klm-transporto-637-millones-de-pasajeros-en-enero\\\/#breadcrumblist\",\"itemListElement\":[{\"@type\":\"ListItem\",\"@id\":\"https:\\\/\\\/eldigitaldeasturias.com\\\/magazine365#listItem\",\"position\":1,\"name\":\"Home\",\"item\":\"https:\\\/\\\/eldigitaldeasturias.com\\\/magazine365\",\"nextItem\":{\"@type\":\"ListItem\",\"@id\":\"https:\\\/\\\/eldigitaldeasturias.com\\\/magazine365\\\/category\\\/noticias-actualidad\\\/#listItem\",\"name\":\"Noticias y Actualidad\"}},{\"@type\":\"ListItem\",\"@id\":\"https:\\\/\\\/eldigitaldeasturias.com\\\/magazine365\\\/category\\\/noticias-actualidad\\\/#listItem\",\"position\":2,\"name\":\"Noticias y Actualidad\",\"item\":\"https:\\\/\\\/eldigitaldeasturias.com\\\/magazine365\\\/category\\\/noticias-actualidad\\\/\",\"nextItem\":{\"@type\":\"ListItem\",\"@id\":\"https:\\\/\\\/eldigitaldeasturias.com\\\/magazine365\\\/air-france-klm-transporto-637-millones-de-pasajeros-en-enero\\\/#listItem\",\"name\":\"Air France-KLM transport\\u00f3 6,37 millones de pasajeros en enero\"},\"previousItem\":{\"@type\":\"ListItem\",\"@id\":\"https:\\\/\\\/eldigitaldeasturias.com\\\/magazine365#listItem\",\"name\":\"Home\"}},{\"@type\":\"ListItem\",\"@id\":\"https:\\\/\\\/eldigitaldeasturias.com\\\/magazine365\\\/air-france-klm-transporto-637-millones-de-pasajeros-en-enero\\\/#listItem\",\"position\":3,\"name\":\"Air France-KLM transport\\u00f3 6,37 millones de pasajeros en enero\",\"previousItem\":{\"@type\":\"ListItem\",\"@id\":\"https:\\\/\\\/eldigitaldeasturias.com\\\/magazine365\\\/category\\\/noticias-actualidad\\\/#listItem\",\"name\":\"Noticias y Actualidad\"}}]},{\"@type\":\"Organization\",\"@id\":\"https:\\\/\\\/eldigitaldeasturias.com\\\/magazine365\\\/#organization\",\"name\":\"El digital de Asturias\",\"description\":\"Revista de ocio, turismo y estilo de vida\",\"url\":\"https:\\\/\\\/eldigitaldeasturias.com\\\/magazine365\\\/\",\"logo\":{\"@type\":\"ImageObject\",\"url\":\"https:\\\/\\\/www.eldigitaldeasturias.com\\\/noticias\\\/wp-content\\\/uploads\\\/2020\\\/12\\\/EDA.jpg\",\"@id\":\"https:\\\/\\\/eldigitaldeasturias.com\\\/magazine365\\\/air-france-klm-transporto-637-millones-de-pasajeros-en-enero\\\/#organizationLogo\"},\"image\":{\"@id\":\"https:\\\/\\\/eldigitaldeasturias.com\\\/magazine365\\\/air-france-klm-transporto-637-millones-de-pasajeros-en-enero\\\/#organizationLogo\"}},{\"@type\":\"Person\",\"@id\":\"https:\\\/\\\/eldigitaldeasturias.com\\\/magazine365\\\/author\\\/admin\\\/#author\",\"url\":\"https:\\\/\\\/eldigitaldeasturias.com\\\/magazine365\\\/author\\\/admin\\\/\",\"name\":\"admin\",\"image\":{\"@type\":\"ImageObject\",\"@id\":\"https:\\\/\\\/eldigitaldeasturias.com\\\/magazine365\\\/air-france-klm-transporto-637-millones-de-pasajeros-en-enero\\\/#authorImage\",\"url\":\"https:\\\/\\\/eldigitaldeasturias.com\\\/magazine365\\\/wp-content\\\/litespeed\\\/avatar\\\/e571bcf59a0edd6fa6838245a470f2fe.jpg?ver=1776969259\",\"width\":96,\"height\":96,\"caption\":\"admin\"}},{\"@type\":\"WebPage\",\"@id\":\"https:\\\/\\\/eldigitaldeasturias.com\\\/magazine365\\\/air-france-klm-transporto-637-millones-de-pasajeros-en-enero\\\/#webpage\",\"url\":\"https:\\\/\\\/eldigitaldeasturias.com\\\/magazine365\\\/air-france-klm-transporto-637-millones-de-pasajeros-en-enero\\\/\",\"name\":\"Air France-KLM transport\\u00f3 6,37 millones de pasajeros en enero | El Digital de Asturias\",\"description\":\"El grupo Air France-KLM, que incluye Air Framce, KLM, HOP! y Transavia, transport\\u00f3 6,37 millones de pasajeros el primer mes del a\\u00f1o, un 3% m\\u00e1s que en enero de 2015, crecimiento al que contribuy\\u00f3 la 'low cost' de la compa\\u00f1\\u00eda, Transavia, con 530.000 viajeros, un 9,3% m\\u00e1s que hace un a\\u00f1o. Excluyendo Transavia, el n\\u00famero\",\"inLanguage\":\"es-ES\",\"isPartOf\":{\"@id\":\"https:\\\/\\\/eldigitaldeasturias.com\\\/magazine365\\\/#website\"},\"breadcrumb\":{\"@id\":\"https:\\\/\\\/eldigitaldeasturias.com\\\/magazine365\\\/air-france-klm-transporto-637-millones-de-pasajeros-en-enero\\\/#breadcrumblist\"},\"author\":{\"@id\":\"https:\\\/\\\/eldigitaldeasturias.com\\\/magazine365\\\/author\\\/admin\\\/#author\"},\"creator\":{\"@id\":\"https:\\\/\\\/eldigitaldeasturias.com\\\/magazine365\\\/author\\\/admin\\\/#author\"},\"image\":{\"@type\":\"ImageObject\",\"url\":\"https:\\\/\\\/eldigitaldeasturias.com\\\/magazine365\\\/wp-content\\\/uploads\\\/2016\\\/02\\\/fotonoticia_20160208103658_800.jpg\",\"@id\":\"https:\\\/\\\/eldigitaldeasturias.com\\\/magazine365\\\/air-france-klm-transporto-637-millones-de-pasajeros-en-enero\\\/#mainImage\",\"width\":800,\"height\":424},\"primaryImageOfPage\":{\"@id\":\"https:\\\/\\\/eldigitaldeasturias.com\\\/magazine365\\\/air-france-klm-transporto-637-millones-de-pasajeros-en-enero\\\/#mainImage\"},\"datePublished\":\"2016-02-08T12:19:49+01:00\",\"dateModified\":\"2016-02-08T12:19:49+01:00\"},{\"@type\":\"WebSite\",\"@id\":\"https:\\\/\\\/eldigitaldeasturias.com\\\/magazine365\\\/#website\",\"url\":\"https:\\\/\\\/eldigitaldeasturias.com\\\/magazine365\\\/\",\"name\":\"El Digital de Asturias\",\"description\":\"Revista de ocio, turismo y estilo de vida\",\"inLanguage\":\"es-ES\",\"publisher\":{\"@id\":\"https:\\\/\\\/eldigitaldeasturias.com\\\/magazine365\\\/#organization\"}}]}\n\t\t<\/script>\n\t\t<!-- All in One SEO Pro -->\r\n\t\t<title>Air France-KLM transport\u00f3 6,37 millones de pasajeros en enero | El Digital de Asturias<\/title>\n\n","aioseo_head_json":{"title":"Air France-KLM transport\u00f3 6,37 millones de pasajeros en enero | El Digital de Asturias","description":"El grupo Air France-KLM, que incluye Air Framce, KLM, HOP! y Transavia, transport\u00f3 6,37 millones de pasajeros el primer mes del a\u00f1o, un 3% m\u00e1s que en enero de 2015, crecimiento al que contribuy\u00f3 la 'low cost' de la compa\u00f1\u00eda, Transavia, con 530.000 viajeros, un 9,3% m\u00e1s que hace un a\u00f1o. Excluyendo Transavia, el n\u00famero","canonical_url":"https:\/\/eldigitaldeasturias.com\/magazine365\/air-france-klm-transporto-637-millones-de-pasajeros-en-enero\/","robots":"max-image-preview:large","keywords":"noticias y actualidad","webmasterTools":{"google-site-verification":"UA-38556648-1","miscellaneous":""},"schema":{"@context":"https:\/\/schema.org","@graph":[{"@type":"Article","@id":"https:\/\/eldigitaldeasturias.com\/magazine365\/air-france-klm-transporto-637-millones-de-pasajeros-en-enero\/#article","name":"Air France-KLM transport\u00f3 6,37 millones de pasajeros en enero | El Digital de Asturias","headline":"Air France-KLM transport\u00f3 6,37 millones de pasajeros en enero","author":{"@id":"https:\/\/eldigitaldeasturias.com\/magazine365\/author\/admin\/#author"},"publisher":{"@id":"https:\/\/eldigitaldeasturias.com\/magazine365\/#organization"},"image":{"@type":"ImageObject","url":"https:\/\/eldigitaldeasturias.com\/magazine365\/wp-content\/uploads\/2016\/02\/fotonoticia_20160208103658_800.jpg","width":800,"height":424},"datePublished":"2016-02-08T12:19:49+01:00","dateModified":"2016-02-08T12:19:49+01:00","inLanguage":"es-ES","mainEntityOfPage":{"@id":"https:\/\/eldigitaldeasturias.com\/magazine365\/air-france-klm-transporto-637-millones-de-pasajeros-en-enero\/#webpage"},"isPartOf":{"@id":"https:\/\/eldigitaldeasturias.com\/magazine365\/air-france-klm-transporto-637-millones-de-pasajeros-en-enero\/#webpage"},"articleSection":"Noticias y Actualidad"},{"@type":"BreadcrumbList","@id":"https:\/\/eldigitaldeasturias.com\/magazine365\/air-france-klm-transporto-637-millones-de-pasajeros-en-enero\/#breadcrumblist","itemListElement":[{"@type":"ListItem","@id":"https:\/\/eldigitaldeasturias.com\/magazine365#listItem","position":1,"name":"Home","item":"https:\/\/eldigitaldeasturias.com\/magazine365","nextItem":{"@type":"ListItem","@id":"https:\/\/eldigitaldeasturias.com\/magazine365\/category\/noticias-actualidad\/#listItem","name":"Noticias y Actualidad"}},{"@type":"ListItem","@id":"https:\/\/eldigitaldeasturias.com\/magazine365\/category\/noticias-actualidad\/#listItem","position":2,"name":"Noticias y Actualidad","item":"https:\/\/eldigitaldeasturias.com\/magazine365\/category\/noticias-actualidad\/","nextItem":{"@type":"ListItem","@id":"https:\/\/eldigitaldeasturias.com\/magazine365\/air-france-klm-transporto-637-millones-de-pasajeros-en-enero\/#listItem","name":"Air France-KLM transport\u00f3 6,37 millones de pasajeros en enero"},"previousItem":{"@type":"ListItem","@id":"https:\/\/eldigitaldeasturias.com\/magazine365#listItem","name":"Home"}},{"@type":"ListItem","@id":"https:\/\/eldigitaldeasturias.com\/magazine365\/air-france-klm-transporto-637-millones-de-pasajeros-en-enero\/#listItem","position":3,"name":"Air France-KLM transport\u00f3 6,37 millones de pasajeros en enero","previousItem":{"@type":"ListItem","@id":"https:\/\/eldigitaldeasturias.com\/magazine365\/category\/noticias-actualidad\/#listItem","name":"Noticias y Actualidad"}}]},{"@type":"Organization","@id":"https:\/\/eldigitaldeasturias.com\/magazine365\/#organization","name":"El digital de Asturias","description":"Revista de ocio, turismo y estilo de vida","url":"https:\/\/eldigitaldeasturias.com\/magazine365\/","logo":{"@type":"ImageObject","url":"https:\/\/www.eldigitaldeasturias.com\/noticias\/wp-content\/uploads\/2020\/12\/EDA.jpg","@id":"https:\/\/eldigitaldeasturias.com\/magazine365\/air-france-klm-transporto-637-millones-de-pasajeros-en-enero\/#organizationLogo"},"image":{"@id":"https:\/\/eldigitaldeasturias.com\/magazine365\/air-france-klm-transporto-637-millones-de-pasajeros-en-enero\/#organizationLogo"}},{"@type":"Person","@id":"https:\/\/eldigitaldeasturias.com\/magazine365\/author\/admin\/#author","url":"https:\/\/eldigitaldeasturias.com\/magazine365\/author\/admin\/","name":"admin","image":{"@type":"ImageObject","@id":"https:\/\/eldigitaldeasturias.com\/magazine365\/air-france-klm-transporto-637-millones-de-pasajeros-en-enero\/#authorImage","url":"https:\/\/eldigitaldeasturias.com\/magazine365\/wp-content\/litespeed\/avatar\/e571bcf59a0edd6fa6838245a470f2fe.jpg?ver=1776969259","width":96,"height":96,"caption":"admin"}},{"@type":"WebPage","@id":"https:\/\/eldigitaldeasturias.com\/magazine365\/air-france-klm-transporto-637-millones-de-pasajeros-en-enero\/#webpage","url":"https:\/\/eldigitaldeasturias.com\/magazine365\/air-france-klm-transporto-637-millones-de-pasajeros-en-enero\/","name":"Air France-KLM transport\u00f3 6,37 millones de pasajeros en enero | El Digital de Asturias","description":"El grupo Air France-KLM, que incluye Air Framce, KLM, HOP! y Transavia, transport\u00f3 6,37 millones de pasajeros el primer mes del a\u00f1o, un 3% m\u00e1s que en enero de 2015, crecimiento al que contribuy\u00f3 la 'low cost' de la compa\u00f1\u00eda, Transavia, con 530.000 viajeros, un 9,3% m\u00e1s que hace un a\u00f1o. Excluyendo Transavia, el n\u00famero","inLanguage":"es-ES","isPartOf":{"@id":"https:\/\/eldigitaldeasturias.com\/magazine365\/#website"},"breadcrumb":{"@id":"https:\/\/eldigitaldeasturias.com\/magazine365\/air-france-klm-transporto-637-millones-de-pasajeros-en-enero\/#breadcrumblist"},"author":{"@id":"https:\/\/eldigitaldeasturias.com\/magazine365\/author\/admin\/#author"},"creator":{"@id":"https:\/\/eldigitaldeasturias.com\/magazine365\/author\/admin\/#author"},"image":{"@type":"ImageObject","url":"https:\/\/eldigitaldeasturias.com\/magazine365\/wp-content\/uploads\/2016\/02\/fotonoticia_20160208103658_800.jpg","@id":"https:\/\/eldigitaldeasturias.com\/magazine365\/air-france-klm-transporto-637-millones-de-pasajeros-en-enero\/#mainImage","width":800,"height":424},"primaryImageOfPage":{"@id":"https:\/\/eldigitaldeasturias.com\/magazine365\/air-france-klm-transporto-637-millones-de-pasajeros-en-enero\/#mainImage"},"datePublished":"2016-02-08T12:19:49+01:00","dateModified":"2016-02-08T12:19:49+01:00"},{"@type":"WebSite","@id":"https:\/\/eldigitaldeasturias.com\/magazine365\/#website","url":"https:\/\/eldigitaldeasturias.com\/magazine365\/","name":"El Digital de Asturias","description":"Revista de ocio, turismo y estilo de vida","inLanguage":"es-ES","publisher":{"@id":"https:\/\/eldigitaldeasturias.com\/magazine365\/#organization"}}]},"og:locale":"es_ES","og:site_name":"El Digital de Asturias \u2013 Revista de ocio, turismo y estilo de vida","og:type":"article","og:title":"Air France-KLM transport\u00f3 6,37 millones de pasajeros en enero | El Digital de Asturias","og:description":"El grupo Air France-KLM, que incluye Air Framce, KLM, HOP! y Transavia, transport\u00f3 6,37 millones de pasajeros el primer mes del a\u00f1o, un 3% m\u00e1s que en enero de 2015, crecimiento al que contribuy\u00f3 la 'low cost' de la compa\u00f1\u00eda, Transavia, con 530.000 viajeros, un 9,3% m\u00e1s que hace un a\u00f1o. Excluyendo Transavia, el n\u00famero","og:url":"https:\/\/eldigitaldeasturias.com\/magazine365\/air-france-klm-transporto-637-millones-de-pasajeros-en-enero\/","og:image":"https:\/\/eldigitaldeasturias.com\/magazine365\/wp-content\/uploads\/2016\/02\/fotonoticia_20160208103658_800.jpg","og:image:secure_url":"https:\/\/eldigitaldeasturias.com\/magazine365\/wp-content\/uploads\/2016\/02\/fotonoticia_20160208103658_800.jpg","og:image:width":800,"og:image:height":424,"article:published_time":"2016-02-08T11:19:49+00:00","article:modified_time":"2016-02-08T11:19:49+00:00","twitter:card":"summary_large_image","twitter:title":"Air France-KLM transport\u00f3 6,37 millones de pasajeros en enero | El Digital de Asturias","twitter:description":"El grupo Air France-KLM, que incluye Air Framce, KLM, HOP! y Transavia, transport\u00f3 6,37 millones de pasajeros el primer mes del a\u00f1o, un 3% m\u00e1s que en enero de 2015, crecimiento al que contribuy\u00f3 la 'low cost' de la compa\u00f1\u00eda, Transavia, con 530.000 viajeros, un 9,3% m\u00e1s que hace un a\u00f1o. Excluyendo Transavia, el n\u00famero","twitter:image":"https:\/\/eldigitaldeasturias.com\/magazine365\/wp-content\/uploads\/2016\/02\/fotonoticia_20160208103658_800.jpg"},"aioseo_meta_data":{"post_id":"63543","title":null,"description":null,"keywords":null,"keyphrases":null,"primary_term":null,"canonical_url":null,"og_title":null,"og_description":null,"og_object_type":"default","og_image_type":"default","og_image_url":null,"og_image_width":null,"og_image_height":null,"og_image_custom_url":null,"og_image_custom_fields":null,"og_video":null,"og_custom_url":null,"og_article_section":null,"og_article_tags":null,"twitter_use_og":false,"twitter_card":"default","twitter_image_type":"default","twitter_image_url":null,"twitter_image_custom_url":null,"twitter_image_custom_fields":null,"twitter_title":null,"twitter_description":null,"schema":{"blockGraphs":[],"customGraphs":[],"default":{"data":{"Article":[],"Course":[],"Dataset":[],"FAQPage":[],"Movie":[],"Person":[],"Product":[],"ProductReview":[],"Car":[],"Recipe":[],"Service":[],"SoftwareApplication":[],"WebPage":[]},"graphName":"","isEnabled":true},"graphs":[],"defaultGraph":"","defaultPostTypeGraph":""},"schema_type":null,"schema_type_options":null,"pillar_content":false,"robots_default":true,"robots_noindex":false,"robots_noarchive":false,"robots_nosnippet":false,"robots_nofollow":false,"robots_noimageindex":false,"robots_noodp":false,"robots_notranslate":false,"robots_max_snippet":null,"robots_max_videopreview":null,"robots_max_imagepreview":"large","priority":null,"frequency":null,"location":null,"local_seo":null,"seo_analyzer_scan_date":"2025-09-25 13:21:21","breadcrumb_settings":null,"limit_modified_date":false,"open_ai":null,"ai":null,"created":"2021-03-08 21:22:18","updated":"2025-09-25 13:21:21"},"aioseo_breadcrumb":"<div class=\"aioseo-breadcrumbs\"><span class=\"aioseo-breadcrumb\">\n\t<a href=\"https:\/\/eldigitaldeasturias.com\/magazine365\" title=\"Home\">Home<\/a>\n<\/span><span class=\"aioseo-breadcrumb-separator\">\u2013<\/span><span class=\"aioseo-breadcrumb\">\n\t<a href=\"https:\/\/eldigitaldeasturias.com\/magazine365\/category\/noticias-actualidad\/\" title=\"Noticias y Actualidad\">Noticias y Actualidad<\/a>\n<\/span><span class=\"aioseo-breadcrumb-separator\">\u2013<\/span><span class=\"aioseo-breadcrumb\">\n\t<a href=\"https:\/\/eldigitaldeasturias.com\/magazine365\/air-france-klm-transporto-637-millones-de-pasajeros-en-enero\/\" title=\"Air France-KLM transport\u00f3 6,37 millones de pasajeros en enero\">Air France-KLM transport\u00f3 6,37 millones de pasajeros en enero<\/a>\n<\/span><\/div>","aioseo_breadcrumb_json":[{"label":"Home","link":"https:\/\/eldigitaldeasturias.com\/magazine365"},{"label":"Noticias y Actualidad","link":"https:\/\/eldigitaldeasturias.com\/magazine365\/category\/noticias-actualidad\/"},{"label":"Air France-KLM transport\u00f3 6,37 millones de pasajeros en enero","link":"https:\/\/eldigitaldeasturias.com\/magazine365\/air-france-klm-transporto-637-millones-de-pasajeros-en-enero\/"}],"_links":{"self":[{"href":"https:\/\/eldigitaldeasturias.com\/magazine365\/wp-json\/wp\/v2\/posts\/63543","targetHints":{"allow":["GET"]}}],"collection":[{"href":"https:\/\/eldigitaldeasturias.com\/magazine365\/wp-json\/wp\/v2\/posts"}],"about":[{"href":"https:\/\/eldigitaldeasturias.com\/magazine365\/wp-json\/wp\/v2\/types\/post"}],"author":[{"embeddable":true,"href":"https:\/\/eldigitaldeasturias.com\/magazine365\/wp-json\/wp\/v2\/users\/1"}],"replies":[{"embeddable":true,"href":"https:\/\/eldigitaldeasturias.com\/magazine365\/wp-json\/wp\/v2\/comments?post=63543"}],"version-history":[{"count":0,"href":"https:\/\/eldigitaldeasturias.com\/magazine365\/wp-json\/wp\/v2\/posts\/63543\/revisions"}],"wp:featuredmedia":[{"embeddable":true,"href":"https:\/\/eldigitaldeasturias.com\/magazine365\/wp-json\/wp\/v2\/media\/63544"}],"wp:attachment":[{"href":"https:\/\/eldigitaldeasturias.com\/magazine365\/wp-json\/wp\/v2\/media?parent=63543"}],"wp:term":[{"taxonomy":"category","embeddable":true,"href":"https:\/\/eldigitaldeasturias.com\/magazine365\/wp-json\/wp\/v2\/categories?post=63543"},{"taxonomy":"post_tag","embeddable":true,"href":"https:\/\/eldigitaldeasturias.com\/magazine365\/wp-json\/wp\/v2\/tags?post=63543"}],"curies":[{"name":"wp","href":"https:\/\/api.w.org\/{rel}","templated":true}]}}