{"id":63534,"date":"2016-02-08T12:07:12","date_gmt":"2016-02-08T11:07:12","guid":{"rendered":"http:\/\/eldigitaldeasturias.com\/magazine365\/?p=63534"},"modified":"2016-02-08T12:07:12","modified_gmt":"2016-02-08T11:07:12","slug":"el-ayuntamiento-de-cordoba-aboga-por-generar-sinergias-con-fides","status":"publish","type":"post","link":"https:\/\/eldigitaldeasturias.com\/magazine365\/el-ayuntamiento-de-cordoba-aboga-por-generar-sinergias-con-fides\/","title":{"rendered":"El Ayuntamiento de C\u00f3rdoba aboga por generar sinergias con Fides"},"content":{"rendered":"<p><img fetchpriority=\"high\" decoding=\"async\" class=\"alignleft size-medium wp-image-63535\" src=\"https:\/\/eldigitaldeasturias.com\/magazine365\/wp-content\/uploads\/2016\/02\/fotonoticia_20160208101211_800-360x240.jpg\" alt=\"fotonoticia_20160208101211_800\" width=\"360\" height=\"240\" srcset=\"https:\/\/eldigitaldeasturias.com\/magazine365\/wp-content\/uploads\/2016\/02\/fotonoticia_20160208101211_800-360x240.jpg 360w, https:\/\/eldigitaldeasturias.com\/magazine365\/wp-content\/uploads\/2016\/02\/fotonoticia_20160208101211_800-650x433.jpg 650w, https:\/\/eldigitaldeasturias.com\/magazine365\/wp-content\/uploads\/2016\/02\/fotonoticia_20160208101211_800-768x512.jpg 768w, https:\/\/eldigitaldeasturias.com\/magazine365\/wp-content\/uploads\/2016\/02\/fotonoticia_20160208101211_800-150x100.jpg 150w, https:\/\/eldigitaldeasturias.com\/magazine365\/wp-content\/uploads\/2016\/02\/fotonoticia_20160208101211_800-450x300.jpg 450w, https:\/\/eldigitaldeasturias.com\/magazine365\/wp-content\/uploads\/2016\/02\/fotonoticia_20160208101211_800-696x464.jpg 696w, https:\/\/eldigitaldeasturias.com\/magazine365\/wp-content\/uploads\/2016\/02\/fotonoticia_20160208101211_800-630x420.jpg 630w, https:\/\/eldigitaldeasturias.com\/magazine365\/wp-content\/uploads\/2016\/02\/fotonoticia_20160208101211_800-101x66.jpg 101w, https:\/\/eldigitaldeasturias.com\/magazine365\/wp-content\/uploads\/2016\/02\/fotonoticia_20160208101211_800.jpg 800w\" sizes=\"(max-width: 360px) 100vw, 360px\" \/>El Ayuntamiento de C\u00f3rdoba, reunido con representantes del reci\u00e9n constituido Cl\u00faster Estrat\u00e9gico de C\u00f3rdoba, denominado Fides, ha considerado \u00abfundamental\u00bb que existan sinergias entre la instituci\u00f3n p\u00fablica y el tejido empresarial de la ciudad, sobre todo en la b\u00fasqueda de nuevas iniciativas que \u00abhagan y consoliden a C\u00f3rdoba como destino preferente\u00bb.<\/p>\n<p>En un comunicado, el Consistorio ha valorado de manera \u00abmuy positiva\u00bb la creaci\u00f3n de este Cl\u00faster y considera que \u00abel objetivo para este y los pr\u00f3ximos a\u00f1os es plantear una estrategia y una pol\u00edtica tur\u00edstica desde la coparticipaci\u00f3n con todos los agentes relacionados con dicho sector\u00bb.<\/p>\n<p>Asimismo, representantes del Fides se han reunido el primer teniente de alcalde del Ayuntamiento y delegado de Turismo, Pedro Garc\u00eda, y la delegada de Hacienda y Participaci\u00f3n Ciudadana, Alba Doblas, para presentarles y exponerles los objetivos que persigue en pro de la ciudad esta nueva alianza del sector servicios cordob\u00e9s, formada principalmente por empresas de turismo, comercio y hosteler\u00eda.<\/p>\n<p>El primer teniente de alcalde ha valorado la reuni\u00f3n, por lo que ha asegurado que en C\u00f3rdoba \u00abafrontamos un reto en los pr\u00f3ximos meses y es ver c\u00f3mo gestionamos el turismo en nuestra ciudad y c\u00f3mo lo adaptamos a las necesidades y la realidad existente\u00bb, una gesti\u00f3n que pasa, \u00absin lugar a dudas, por la toma de decisiones desde la coparticipaci\u00f3n con todos y cada uno de los agentes que forman parte del sector tur\u00edstico, y ah\u00ed va a jugar un papel muy importante el Cl\u00faster Estrat\u00e9gico de C\u00f3rdoba, Fides\u00bb, a\u00f1ade.<\/p>\n<p>Y en ese af\u00e1n de construir de manera colectiva las pol\u00edticas tur\u00edsticas de C\u00f3rdoba, el delegado ha expuesto tanto al presidente de la Asociaci\u00f3n de Agencias de Viaje, Antonio Ca\u00f1o, como al presidente de Comercio C\u00f3rdoba, Rafael Bados, el Plan de acci\u00f3n 2016, con el que se pretende \u00abdesestacionalizar la oferta tur\u00edstica de la ciudad y propiciar que este 2016 sea el a\u00f1o en el que se consolide la marca C\u00f3rdoba a nivel nacional e internacional\u00bb.<\/p>\n<p>Por su parte, Bados ha resaltado esta colaboraci\u00f3n en la que tomen parte todos los agentes relacionados con el sector, ya que \u00abes necesario crear una sinergia con las administraciones y un valor positivo para crear una capital y una provincia con m\u00e1s futuro\u00bb, pues \u00abel objetivo de la creaci\u00f3n de este Cl\u00faster es dar un giro al actual modelo de relaciones con las empresas, asociaciones e instituciones, creando as\u00ed un modelo \u00fanico donde tengan cabida nuevos proyectos y donde el objetivo principal sea la proyecci\u00f3n de los sectores implicados\u00bb.<\/p>\n<p>Por su parte, el vicepresidente del Cl\u00faster Estrat\u00e9gico de C\u00f3rdoba, Antonio Ca\u00f1o, ha asegurado que \u00ablo que se pretende es crear nuevas estrategias que impulsen el desarrollo econ\u00f3mico de la ciudad, por lo que esta reuni\u00f3n es el primer paso de una serie de encuentros que creemos necesarios para el buen funcionamiento de tanto de la ciudad como tambi\u00e9n de la provincia\u00bb.<\/p>\n<p>Tanto el primer teniente de alcalde del Ayuntamiento como los representantes de Fides han coincidido en la necesidad de \u00abmantener reuniones peri\u00f3dicas\u00bb para \u00abplantear estrategias de futuro que redunden y reviertan en la ciudad\u00bb.<\/p>\n","protected":false},"excerpt":{"rendered":"<p>El Ayuntamiento de C\u00f3rdoba, reunido con representantes del reci\u00e9n constituido Cl\u00faster Estrat\u00e9gico de C\u00f3rdoba, denominado Fides, ha considerado \u00abfundamental\u00bb que existan sinergias entre la instituci\u00f3n p\u00fablica y el tejido empresarial de la ciudad, sobre todo en la b\u00fasqueda de nuevas iniciativas que \u00abhagan y consoliden a C\u00f3rdoba como destino preferente\u00bb. En un comunicado, el Consistorio<\/p>\n","protected":false},"author":1,"featured_media":63535,"comment_status":"open","ping_status":"closed","sticky":false,"template":"","format":"standard","meta":{"footnotes":""},"categories":[224],"tags":[],"class_list":{"0":"post-63534","1":"post","2":"type-post","3":"status-publish","4":"format-standard","5":"has-post-thumbnail","7":"category-noticias-actualidad"},"aioseo_notices":[],"aioseo_head":"\n\t\t<!-- All in One SEO Pro 4.9.6.1 - aioseo.com -->\n\t<meta name=\"description\" content=\"El Ayuntamiento de C\u00f3rdoba, reunido con representantes del reci\u00e9n constituido Cl\u00faster Estrat\u00e9gico de C\u00f3rdoba, denominado Fides, ha considerado &quot;fundamental&quot; que existan sinergias entre la instituci\u00f3n p\u00fablica y el tejido empresarial de la ciudad, sobre todo en la b\u00fasqueda de nuevas iniciativas que &quot;hagan y consoliden a C\u00f3rdoba como destino preferente&quot;. En un comunicado, el Consistorio\" \/>\n\t<meta name=\"robots\" content=\"max-image-preview:large\" \/>\n\t<meta name=\"author\" content=\"admin\"\/>\n\t<meta name=\"google-site-verification\" content=\"UA-38556648-1\" \/>\n\t<meta name=\"keywords\" content=\"noticias y actualidad\" \/>\n\t<link rel=\"canonical\" href=\"https:\/\/eldigitaldeasturias.com\/magazine365\/el-ayuntamiento-de-cordoba-aboga-por-generar-sinergias-con-fides\/\" \/>\n\t<meta name=\"generator\" content=\"All in One SEO Pro (AIOSEO) 4.9.6.1\" \/>\n\t\t<meta property=\"og:locale\" content=\"es_ES\" \/>\n\t\t<meta property=\"og:site_name\" content=\"El Digital de Asturias \u2013 Revista de ocio, turismo y estilo de vida\" \/>\n\t\t<meta property=\"og:type\" content=\"article\" \/>\n\t\t<meta property=\"og:title\" content=\"El Ayuntamiento de C\u00f3rdoba aboga por generar sinergias con Fides | El Digital de Asturias\" \/>\n\t\t<meta property=\"og:description\" content=\"El Ayuntamiento de C\u00f3rdoba, reunido con representantes del reci\u00e9n constituido Cl\u00faster Estrat\u00e9gico de C\u00f3rdoba, denominado Fides, ha considerado &quot;fundamental&quot; que existan sinergias entre la instituci\u00f3n p\u00fablica y el tejido empresarial de la ciudad, sobre todo en la b\u00fasqueda de nuevas iniciativas que &quot;hagan y consoliden a C\u00f3rdoba como destino preferente&quot;. En un comunicado, el Consistorio\" \/>\n\t\t<meta property=\"og:url\" content=\"https:\/\/eldigitaldeasturias.com\/magazine365\/el-ayuntamiento-de-cordoba-aboga-por-generar-sinergias-con-fides\/\" \/>\n\t\t<meta property=\"og:image\" content=\"https:\/\/eldigitaldeasturias.com\/magazine365\/wp-content\/uploads\/2016\/02\/fotonoticia_20160208101211_800.jpg\" \/>\n\t\t<meta property=\"og:image:secure_url\" content=\"https:\/\/eldigitaldeasturias.com\/magazine365\/wp-content\/uploads\/2016\/02\/fotonoticia_20160208101211_800.jpg\" \/>\n\t\t<meta property=\"og:image:width\" content=\"800\" \/>\n\t\t<meta property=\"og:image:height\" content=\"533\" \/>\n\t\t<meta property=\"article:published_time\" content=\"2016-02-08T11:07:12+00:00\" \/>\n\t\t<meta property=\"article:modified_time\" content=\"2016-02-08T11:07:12+00:00\" \/>\n\t\t<meta name=\"twitter:card\" content=\"summary_large_image\" \/>\n\t\t<meta name=\"twitter:title\" content=\"El Ayuntamiento de C\u00f3rdoba aboga por generar sinergias con Fides | El Digital de Asturias\" \/>\n\t\t<meta name=\"twitter:description\" content=\"El Ayuntamiento de C\u00f3rdoba, reunido con representantes del reci\u00e9n constituido Cl\u00faster Estrat\u00e9gico de C\u00f3rdoba, denominado Fides, ha considerado &quot;fundamental&quot; que existan sinergias entre la instituci\u00f3n p\u00fablica y el tejido empresarial de la ciudad, sobre todo en la b\u00fasqueda de nuevas iniciativas que &quot;hagan y consoliden a C\u00f3rdoba como destino preferente&quot;. En un comunicado, el Consistorio\" \/>\n\t\t<meta name=\"twitter:image\" content=\"https:\/\/eldigitaldeasturias.com\/magazine365\/wp-content\/uploads\/2016\/02\/fotonoticia_20160208101211_800.jpg\" \/>\n\t\t<script type=\"application\/ld+json\" class=\"aioseo-schema\">\n\t\t\t{\"@context\":\"https:\\\/\\\/schema.org\",\"@graph\":[{\"@type\":\"Article\",\"@id\":\"https:\\\/\\\/eldigitaldeasturias.com\\\/magazine365\\\/el-ayuntamiento-de-cordoba-aboga-por-generar-sinergias-con-fides\\\/#article\",\"name\":\"El Ayuntamiento de C\\u00f3rdoba aboga por generar sinergias con Fides | El Digital de Asturias\",\"headline\":\"El Ayuntamiento de C\\u00f3rdoba aboga por generar sinergias con Fides\",\"author\":{\"@id\":\"https:\\\/\\\/eldigitaldeasturias.com\\\/magazine365\\\/author\\\/admin\\\/#author\"},\"publisher\":{\"@id\":\"https:\\\/\\\/eldigitaldeasturias.com\\\/magazine365\\\/#organization\"},\"image\":{\"@type\":\"ImageObject\",\"url\":\"https:\\\/\\\/eldigitaldeasturias.com\\\/magazine365\\\/wp-content\\\/uploads\\\/2016\\\/02\\\/fotonoticia_20160208101211_800.jpg\",\"width\":800,\"height\":533},\"datePublished\":\"2016-02-08T12:07:12+01:00\",\"dateModified\":\"2016-02-08T12:07:12+01:00\",\"inLanguage\":\"es-ES\",\"mainEntityOfPage\":{\"@id\":\"https:\\\/\\\/eldigitaldeasturias.com\\\/magazine365\\\/el-ayuntamiento-de-cordoba-aboga-por-generar-sinergias-con-fides\\\/#webpage\"},\"isPartOf\":{\"@id\":\"https:\\\/\\\/eldigitaldeasturias.com\\\/magazine365\\\/el-ayuntamiento-de-cordoba-aboga-por-generar-sinergias-con-fides\\\/#webpage\"},\"articleSection\":\"Noticias y Actualidad\"},{\"@type\":\"BreadcrumbList\",\"@id\":\"https:\\\/\\\/eldigitaldeasturias.com\\\/magazine365\\\/el-ayuntamiento-de-cordoba-aboga-por-generar-sinergias-con-fides\\\/#breadcrumblist\",\"itemListElement\":[{\"@type\":\"ListItem\",\"@id\":\"https:\\\/\\\/eldigitaldeasturias.com\\\/magazine365#listItem\",\"position\":1,\"name\":\"Home\",\"item\":\"https:\\\/\\\/eldigitaldeasturias.com\\\/magazine365\",\"nextItem\":{\"@type\":\"ListItem\",\"@id\":\"https:\\\/\\\/eldigitaldeasturias.com\\\/magazine365\\\/category\\\/noticias-actualidad\\\/#listItem\",\"name\":\"Noticias y Actualidad\"}},{\"@type\":\"ListItem\",\"@id\":\"https:\\\/\\\/eldigitaldeasturias.com\\\/magazine365\\\/category\\\/noticias-actualidad\\\/#listItem\",\"position\":2,\"name\":\"Noticias y Actualidad\",\"item\":\"https:\\\/\\\/eldigitaldeasturias.com\\\/magazine365\\\/category\\\/noticias-actualidad\\\/\",\"nextItem\":{\"@type\":\"ListItem\",\"@id\":\"https:\\\/\\\/eldigitaldeasturias.com\\\/magazine365\\\/el-ayuntamiento-de-cordoba-aboga-por-generar-sinergias-con-fides\\\/#listItem\",\"name\":\"El Ayuntamiento de C\\u00f3rdoba aboga por generar sinergias con Fides\"},\"previousItem\":{\"@type\":\"ListItem\",\"@id\":\"https:\\\/\\\/eldigitaldeasturias.com\\\/magazine365#listItem\",\"name\":\"Home\"}},{\"@type\":\"ListItem\",\"@id\":\"https:\\\/\\\/eldigitaldeasturias.com\\\/magazine365\\\/el-ayuntamiento-de-cordoba-aboga-por-generar-sinergias-con-fides\\\/#listItem\",\"position\":3,\"name\":\"El Ayuntamiento de C\\u00f3rdoba aboga por generar sinergias con Fides\",\"previousItem\":{\"@type\":\"ListItem\",\"@id\":\"https:\\\/\\\/eldigitaldeasturias.com\\\/magazine365\\\/category\\\/noticias-actualidad\\\/#listItem\",\"name\":\"Noticias y Actualidad\"}}]},{\"@type\":\"Organization\",\"@id\":\"https:\\\/\\\/eldigitaldeasturias.com\\\/magazine365\\\/#organization\",\"name\":\"El digital de Asturias\",\"description\":\"Revista de ocio, turismo y estilo de vida\",\"url\":\"https:\\\/\\\/eldigitaldeasturias.com\\\/magazine365\\\/\",\"logo\":{\"@type\":\"ImageObject\",\"url\":\"https:\\\/\\\/www.eldigitaldeasturias.com\\\/noticias\\\/wp-content\\\/uploads\\\/2020\\\/12\\\/EDA.jpg\",\"@id\":\"https:\\\/\\\/eldigitaldeasturias.com\\\/magazine365\\\/el-ayuntamiento-de-cordoba-aboga-por-generar-sinergias-con-fides\\\/#organizationLogo\"},\"image\":{\"@id\":\"https:\\\/\\\/eldigitaldeasturias.com\\\/magazine365\\\/el-ayuntamiento-de-cordoba-aboga-por-generar-sinergias-con-fides\\\/#organizationLogo\"}},{\"@type\":\"Person\",\"@id\":\"https:\\\/\\\/eldigitaldeasturias.com\\\/magazine365\\\/author\\\/admin\\\/#author\",\"url\":\"https:\\\/\\\/eldigitaldeasturias.com\\\/magazine365\\\/author\\\/admin\\\/\",\"name\":\"admin\",\"image\":{\"@type\":\"ImageObject\",\"@id\":\"https:\\\/\\\/eldigitaldeasturias.com\\\/magazine365\\\/el-ayuntamiento-de-cordoba-aboga-por-generar-sinergias-con-fides\\\/#authorImage\",\"url\":\"https:\\\/\\\/eldigitaldeasturias.com\\\/magazine365\\\/wp-content\\\/litespeed\\\/avatar\\\/e571bcf59a0edd6fa6838245a470f2fe.jpg?ver=1776969259\",\"width\":96,\"height\":96,\"caption\":\"admin\"}},{\"@type\":\"WebPage\",\"@id\":\"https:\\\/\\\/eldigitaldeasturias.com\\\/magazine365\\\/el-ayuntamiento-de-cordoba-aboga-por-generar-sinergias-con-fides\\\/#webpage\",\"url\":\"https:\\\/\\\/eldigitaldeasturias.com\\\/magazine365\\\/el-ayuntamiento-de-cordoba-aboga-por-generar-sinergias-con-fides\\\/\",\"name\":\"El Ayuntamiento de C\\u00f3rdoba aboga por generar sinergias con Fides | El Digital de Asturias\",\"description\":\"El Ayuntamiento de C\\u00f3rdoba, reunido con representantes del reci\\u00e9n constituido Cl\\u00faster Estrat\\u00e9gico de C\\u00f3rdoba, denominado Fides, ha considerado \\\"fundamental\\\" que existan sinergias entre la instituci\\u00f3n p\\u00fablica y el tejido empresarial de la ciudad, sobre todo en la b\\u00fasqueda de nuevas iniciativas que \\\"hagan y consoliden a C\\u00f3rdoba como destino preferente\\\". En un comunicado, el Consistorio\",\"inLanguage\":\"es-ES\",\"isPartOf\":{\"@id\":\"https:\\\/\\\/eldigitaldeasturias.com\\\/magazine365\\\/#website\"},\"breadcrumb\":{\"@id\":\"https:\\\/\\\/eldigitaldeasturias.com\\\/magazine365\\\/el-ayuntamiento-de-cordoba-aboga-por-generar-sinergias-con-fides\\\/#breadcrumblist\"},\"author\":{\"@id\":\"https:\\\/\\\/eldigitaldeasturias.com\\\/magazine365\\\/author\\\/admin\\\/#author\"},\"creator\":{\"@id\":\"https:\\\/\\\/eldigitaldeasturias.com\\\/magazine365\\\/author\\\/admin\\\/#author\"},\"image\":{\"@type\":\"ImageObject\",\"url\":\"https:\\\/\\\/eldigitaldeasturias.com\\\/magazine365\\\/wp-content\\\/uploads\\\/2016\\\/02\\\/fotonoticia_20160208101211_800.jpg\",\"@id\":\"https:\\\/\\\/eldigitaldeasturias.com\\\/magazine365\\\/el-ayuntamiento-de-cordoba-aboga-por-generar-sinergias-con-fides\\\/#mainImage\",\"width\":800,\"height\":533},\"primaryImageOfPage\":{\"@id\":\"https:\\\/\\\/eldigitaldeasturias.com\\\/magazine365\\\/el-ayuntamiento-de-cordoba-aboga-por-generar-sinergias-con-fides\\\/#mainImage\"},\"datePublished\":\"2016-02-08T12:07:12+01:00\",\"dateModified\":\"2016-02-08T12:07:12+01:00\"},{\"@type\":\"WebSite\",\"@id\":\"https:\\\/\\\/eldigitaldeasturias.com\\\/magazine365\\\/#website\",\"url\":\"https:\\\/\\\/eldigitaldeasturias.com\\\/magazine365\\\/\",\"name\":\"El Digital de Asturias\",\"description\":\"Revista de ocio, turismo y estilo de vida\",\"inLanguage\":\"es-ES\",\"publisher\":{\"@id\":\"https:\\\/\\\/eldigitaldeasturias.com\\\/magazine365\\\/#organization\"}}]}\n\t\t<\/script>\n\t\t<!-- All in One SEO Pro -->\r\n\t\t<title>El Ayuntamiento de C\u00f3rdoba aboga por generar sinergias con Fides | El Digital de Asturias<\/title>\n\n","aioseo_head_json":{"title":"El Ayuntamiento de C\u00f3rdoba aboga por generar sinergias con Fides | El Digital de Asturias","description":"El Ayuntamiento de C\u00f3rdoba, reunido con representantes del reci\u00e9n constituido Cl\u00faster Estrat\u00e9gico de C\u00f3rdoba, denominado Fides, ha considerado \"fundamental\" que existan sinergias entre la instituci\u00f3n p\u00fablica y el tejido empresarial de la ciudad, sobre todo en la b\u00fasqueda de nuevas iniciativas que \"hagan y consoliden a C\u00f3rdoba como destino preferente\". En un comunicado, el Consistorio","canonical_url":"https:\/\/eldigitaldeasturias.com\/magazine365\/el-ayuntamiento-de-cordoba-aboga-por-generar-sinergias-con-fides\/","robots":"max-image-preview:large","keywords":"noticias y actualidad","webmasterTools":{"google-site-verification":"UA-38556648-1","miscellaneous":""},"schema":{"@context":"https:\/\/schema.org","@graph":[{"@type":"Article","@id":"https:\/\/eldigitaldeasturias.com\/magazine365\/el-ayuntamiento-de-cordoba-aboga-por-generar-sinergias-con-fides\/#article","name":"El Ayuntamiento de C\u00f3rdoba aboga por generar sinergias con Fides | El Digital de Asturias","headline":"El Ayuntamiento de C\u00f3rdoba aboga por generar sinergias con Fides","author":{"@id":"https:\/\/eldigitaldeasturias.com\/magazine365\/author\/admin\/#author"},"publisher":{"@id":"https:\/\/eldigitaldeasturias.com\/magazine365\/#organization"},"image":{"@type":"ImageObject","url":"https:\/\/eldigitaldeasturias.com\/magazine365\/wp-content\/uploads\/2016\/02\/fotonoticia_20160208101211_800.jpg","width":800,"height":533},"datePublished":"2016-02-08T12:07:12+01:00","dateModified":"2016-02-08T12:07:12+01:00","inLanguage":"es-ES","mainEntityOfPage":{"@id":"https:\/\/eldigitaldeasturias.com\/magazine365\/el-ayuntamiento-de-cordoba-aboga-por-generar-sinergias-con-fides\/#webpage"},"isPartOf":{"@id":"https:\/\/eldigitaldeasturias.com\/magazine365\/el-ayuntamiento-de-cordoba-aboga-por-generar-sinergias-con-fides\/#webpage"},"articleSection":"Noticias y Actualidad"},{"@type":"BreadcrumbList","@id":"https:\/\/eldigitaldeasturias.com\/magazine365\/el-ayuntamiento-de-cordoba-aboga-por-generar-sinergias-con-fides\/#breadcrumblist","itemListElement":[{"@type":"ListItem","@id":"https:\/\/eldigitaldeasturias.com\/magazine365#listItem","position":1,"name":"Home","item":"https:\/\/eldigitaldeasturias.com\/magazine365","nextItem":{"@type":"ListItem","@id":"https:\/\/eldigitaldeasturias.com\/magazine365\/category\/noticias-actualidad\/#listItem","name":"Noticias y Actualidad"}},{"@type":"ListItem","@id":"https:\/\/eldigitaldeasturias.com\/magazine365\/category\/noticias-actualidad\/#listItem","position":2,"name":"Noticias y Actualidad","item":"https:\/\/eldigitaldeasturias.com\/magazine365\/category\/noticias-actualidad\/","nextItem":{"@type":"ListItem","@id":"https:\/\/eldigitaldeasturias.com\/magazine365\/el-ayuntamiento-de-cordoba-aboga-por-generar-sinergias-con-fides\/#listItem","name":"El Ayuntamiento de C\u00f3rdoba aboga por generar sinergias con Fides"},"previousItem":{"@type":"ListItem","@id":"https:\/\/eldigitaldeasturias.com\/magazine365#listItem","name":"Home"}},{"@type":"ListItem","@id":"https:\/\/eldigitaldeasturias.com\/magazine365\/el-ayuntamiento-de-cordoba-aboga-por-generar-sinergias-con-fides\/#listItem","position":3,"name":"El Ayuntamiento de C\u00f3rdoba aboga por generar sinergias con Fides","previousItem":{"@type":"ListItem","@id":"https:\/\/eldigitaldeasturias.com\/magazine365\/category\/noticias-actualidad\/#listItem","name":"Noticias y Actualidad"}}]},{"@type":"Organization","@id":"https:\/\/eldigitaldeasturias.com\/magazine365\/#organization","name":"El digital de Asturias","description":"Revista de ocio, turismo y estilo de vida","url":"https:\/\/eldigitaldeasturias.com\/magazine365\/","logo":{"@type":"ImageObject","url":"https:\/\/www.eldigitaldeasturias.com\/noticias\/wp-content\/uploads\/2020\/12\/EDA.jpg","@id":"https:\/\/eldigitaldeasturias.com\/magazine365\/el-ayuntamiento-de-cordoba-aboga-por-generar-sinergias-con-fides\/#organizationLogo"},"image":{"@id":"https:\/\/eldigitaldeasturias.com\/magazine365\/el-ayuntamiento-de-cordoba-aboga-por-generar-sinergias-con-fides\/#organizationLogo"}},{"@type":"Person","@id":"https:\/\/eldigitaldeasturias.com\/magazine365\/author\/admin\/#author","url":"https:\/\/eldigitaldeasturias.com\/magazine365\/author\/admin\/","name":"admin","image":{"@type":"ImageObject","@id":"https:\/\/eldigitaldeasturias.com\/magazine365\/el-ayuntamiento-de-cordoba-aboga-por-generar-sinergias-con-fides\/#authorImage","url":"https:\/\/eldigitaldeasturias.com\/magazine365\/wp-content\/litespeed\/avatar\/e571bcf59a0edd6fa6838245a470f2fe.jpg?ver=1776969259","width":96,"height":96,"caption":"admin"}},{"@type":"WebPage","@id":"https:\/\/eldigitaldeasturias.com\/magazine365\/el-ayuntamiento-de-cordoba-aboga-por-generar-sinergias-con-fides\/#webpage","url":"https:\/\/eldigitaldeasturias.com\/magazine365\/el-ayuntamiento-de-cordoba-aboga-por-generar-sinergias-con-fides\/","name":"El Ayuntamiento de C\u00f3rdoba aboga por generar sinergias con Fides | El Digital de Asturias","description":"El Ayuntamiento de C\u00f3rdoba, reunido con representantes del reci\u00e9n constituido Cl\u00faster Estrat\u00e9gico de C\u00f3rdoba, denominado Fides, ha considerado \"fundamental\" que existan sinergias entre la instituci\u00f3n p\u00fablica y el tejido empresarial de la ciudad, sobre todo en la b\u00fasqueda de nuevas iniciativas que \"hagan y consoliden a C\u00f3rdoba como destino preferente\". En un comunicado, el Consistorio","inLanguage":"es-ES","isPartOf":{"@id":"https:\/\/eldigitaldeasturias.com\/magazine365\/#website"},"breadcrumb":{"@id":"https:\/\/eldigitaldeasturias.com\/magazine365\/el-ayuntamiento-de-cordoba-aboga-por-generar-sinergias-con-fides\/#breadcrumblist"},"author":{"@id":"https:\/\/eldigitaldeasturias.com\/magazine365\/author\/admin\/#author"},"creator":{"@id":"https:\/\/eldigitaldeasturias.com\/magazine365\/author\/admin\/#author"},"image":{"@type":"ImageObject","url":"https:\/\/eldigitaldeasturias.com\/magazine365\/wp-content\/uploads\/2016\/02\/fotonoticia_20160208101211_800.jpg","@id":"https:\/\/eldigitaldeasturias.com\/magazine365\/el-ayuntamiento-de-cordoba-aboga-por-generar-sinergias-con-fides\/#mainImage","width":800,"height":533},"primaryImageOfPage":{"@id":"https:\/\/eldigitaldeasturias.com\/magazine365\/el-ayuntamiento-de-cordoba-aboga-por-generar-sinergias-con-fides\/#mainImage"},"datePublished":"2016-02-08T12:07:12+01:00","dateModified":"2016-02-08T12:07:12+01:00"},{"@type":"WebSite","@id":"https:\/\/eldigitaldeasturias.com\/magazine365\/#website","url":"https:\/\/eldigitaldeasturias.com\/magazine365\/","name":"El Digital de Asturias","description":"Revista de ocio, turismo y estilo de vida","inLanguage":"es-ES","publisher":{"@id":"https:\/\/eldigitaldeasturias.com\/magazine365\/#organization"}}]},"og:locale":"es_ES","og:site_name":"El Digital de Asturias \u2013 Revista de ocio, turismo y estilo de vida","og:type":"article","og:title":"El Ayuntamiento de C\u00f3rdoba aboga por generar sinergias con Fides | El Digital de Asturias","og:description":"El Ayuntamiento de C\u00f3rdoba, reunido con representantes del reci\u00e9n constituido Cl\u00faster Estrat\u00e9gico de C\u00f3rdoba, denominado Fides, ha considerado &quot;fundamental&quot; que existan sinergias entre la instituci\u00f3n p\u00fablica y el tejido empresarial de la ciudad, sobre todo en la b\u00fasqueda de nuevas iniciativas que &quot;hagan y consoliden a C\u00f3rdoba como destino preferente&quot;. En un comunicado, el Consistorio","og:url":"https:\/\/eldigitaldeasturias.com\/magazine365\/el-ayuntamiento-de-cordoba-aboga-por-generar-sinergias-con-fides\/","og:image":"https:\/\/eldigitaldeasturias.com\/magazine365\/wp-content\/uploads\/2016\/02\/fotonoticia_20160208101211_800.jpg","og:image:secure_url":"https:\/\/eldigitaldeasturias.com\/magazine365\/wp-content\/uploads\/2016\/02\/fotonoticia_20160208101211_800.jpg","og:image:width":800,"og:image:height":533,"article:published_time":"2016-02-08T11:07:12+00:00","article:modified_time":"2016-02-08T11:07:12+00:00","twitter:card":"summary_large_image","twitter:title":"El Ayuntamiento de C\u00f3rdoba aboga por generar sinergias con Fides | El Digital de Asturias","twitter:description":"El Ayuntamiento de C\u00f3rdoba, reunido con representantes del reci\u00e9n constituido Cl\u00faster Estrat\u00e9gico de C\u00f3rdoba, denominado Fides, ha considerado &quot;fundamental&quot; que existan sinergias entre la instituci\u00f3n p\u00fablica y el tejido empresarial de la ciudad, sobre todo en la b\u00fasqueda de nuevas iniciativas que &quot;hagan y consoliden a C\u00f3rdoba como destino preferente&quot;. En un comunicado, el Consistorio","twitter:image":"https:\/\/eldigitaldeasturias.com\/magazine365\/wp-content\/uploads\/2016\/02\/fotonoticia_20160208101211_800.jpg"},"aioseo_meta_data":{"post_id":"63534","title":null,"description":null,"keywords":null,"keyphrases":null,"primary_term":null,"canonical_url":null,"og_title":null,"og_description":null,"og_object_type":"default","og_image_type":"default","og_image_url":null,"og_image_width":null,"og_image_height":null,"og_image_custom_url":null,"og_image_custom_fields":null,"og_video":null,"og_custom_url":null,"og_article_section":null,"og_article_tags":null,"twitter_use_og":false,"twitter_card":"default","twitter_image_type":"default","twitter_image_url":null,"twitter_image_custom_url":null,"twitter_image_custom_fields":null,"twitter_title":null,"twitter_description":null,"schema":{"blockGraphs":[],"customGraphs":[],"default":{"data":{"Article":[],"Course":[],"Dataset":[],"FAQPage":[],"Movie":[],"Person":[],"Product":[],"ProductReview":[],"Car":[],"Recipe":[],"Service":[],"SoftwareApplication":[],"WebPage":[]},"graphName":"","isEnabled":true},"graphs":[],"defaultGraph":"","defaultPostTypeGraph":""},"schema_type":null,"schema_type_options":null,"pillar_content":false,"robots_default":true,"robots_noindex":false,"robots_noarchive":false,"robots_nosnippet":false,"robots_nofollow":false,"robots_noimageindex":false,"robots_noodp":false,"robots_notranslate":false,"robots_max_snippet":null,"robots_max_videopreview":null,"robots_max_imagepreview":"large","priority":null,"frequency":null,"location":null,"local_seo":null,"seo_analyzer_scan_date":"2025-09-25 13:20:10","breadcrumb_settings":null,"limit_modified_date":false,"open_ai":null,"ai":null,"created":"2021-03-08 21:22:18","updated":"2025-09-25 13:20:10"},"aioseo_breadcrumb":"<div class=\"aioseo-breadcrumbs\"><span class=\"aioseo-breadcrumb\">\n\t<a href=\"https:\/\/eldigitaldeasturias.com\/magazine365\" title=\"Home\">Home<\/a>\n<\/span><span class=\"aioseo-breadcrumb-separator\">\u2013<\/span><span class=\"aioseo-breadcrumb\">\n\t<a href=\"https:\/\/eldigitaldeasturias.com\/magazine365\/category\/noticias-actualidad\/\" title=\"Noticias y Actualidad\">Noticias y Actualidad<\/a>\n<\/span><span class=\"aioseo-breadcrumb-separator\">\u2013<\/span><span class=\"aioseo-breadcrumb\">\n\t<a href=\"https:\/\/eldigitaldeasturias.com\/magazine365\/el-ayuntamiento-de-cordoba-aboga-por-generar-sinergias-con-fides\/\" title=\"El Ayuntamiento de C\u00f3rdoba aboga por generar sinergias con Fides\">El Ayuntamiento de C\u00f3rdoba aboga por generar sinergias con Fides<\/a>\n<\/span><\/div>","aioseo_breadcrumb_json":[{"label":"Home","link":"https:\/\/eldigitaldeasturias.com\/magazine365"},{"label":"Noticias y Actualidad","link":"https:\/\/eldigitaldeasturias.com\/magazine365\/category\/noticias-actualidad\/"},{"label":"El Ayuntamiento de C\u00f3rdoba aboga por generar sinergias con Fides","link":"https:\/\/eldigitaldeasturias.com\/magazine365\/el-ayuntamiento-de-cordoba-aboga-por-generar-sinergias-con-fides\/"}],"_links":{"self":[{"href":"https:\/\/eldigitaldeasturias.com\/magazine365\/wp-json\/wp\/v2\/posts\/63534","targetHints":{"allow":["GET"]}}],"collection":[{"href":"https:\/\/eldigitaldeasturias.com\/magazine365\/wp-json\/wp\/v2\/posts"}],"about":[{"href":"https:\/\/eldigitaldeasturias.com\/magazine365\/wp-json\/wp\/v2\/types\/post"}],"author":[{"embeddable":true,"href":"https:\/\/eldigitaldeasturias.com\/magazine365\/wp-json\/wp\/v2\/users\/1"}],"replies":[{"embeddable":true,"href":"https:\/\/eldigitaldeasturias.com\/magazine365\/wp-json\/wp\/v2\/comments?post=63534"}],"version-history":[{"count":0,"href":"https:\/\/eldigitaldeasturias.com\/magazine365\/wp-json\/wp\/v2\/posts\/63534\/revisions"}],"wp:featuredmedia":[{"embeddable":true,"href":"https:\/\/eldigitaldeasturias.com\/magazine365\/wp-json\/wp\/v2\/media\/63535"}],"wp:attachment":[{"href":"https:\/\/eldigitaldeasturias.com\/magazine365\/wp-json\/wp\/v2\/media?parent=63534"}],"wp:term":[{"taxonomy":"category","embeddable":true,"href":"https:\/\/eldigitaldeasturias.com\/magazine365\/wp-json\/wp\/v2\/categories?post=63534"},{"taxonomy":"post_tag","embeddable":true,"href":"https:\/\/eldigitaldeasturias.com\/magazine365\/wp-json\/wp\/v2\/tags?post=63534"}],"curies":[{"name":"wp","href":"https:\/\/api.w.org\/{rel}","templated":true}]}}