{"id":63525,"date":"2016-02-08T12:04:22","date_gmt":"2016-02-08T11:04:22","guid":{"rendered":"http:\/\/eldigitaldeasturias.com\/magazine365\/?p=63525"},"modified":"2016-02-08T12:04:22","modified_gmt":"2016-02-08T11:04:22","slug":"el-rio-tinto-protagonista-en-la-revista-muy-interesante","status":"publish","type":"post","link":"https:\/\/eldigitaldeasturias.com\/magazine365\/el-rio-tinto-protagonista-en-la-revista-muy-interesante\/","title":{"rendered":"El r\u00edo Tinto, protagonista en la revista &#8216;Muy Interesante&#8217;"},"content":{"rendered":"<p><img fetchpriority=\"high\" decoding=\"async\" class=\"alignleft size-medium wp-image-63526\" src=\"https:\/\/eldigitaldeasturias.com\/magazine365\/wp-content\/uploads\/2016\/02\/fotonoticia_20160208100830_800-200x300.jpg\" alt=\"fotonoticia_20160208100830_800\" width=\"200\" height=\"300\" srcset=\"https:\/\/eldigitaldeasturias.com\/magazine365\/wp-content\/uploads\/2016\/02\/fotonoticia_20160208100830_800-200x300.jpg 200w, https:\/\/eldigitaldeasturias.com\/magazine365\/wp-content\/uploads\/2016\/02\/fotonoticia_20160208100830_800-427x640.jpg 427w, https:\/\/eldigitaldeasturias.com\/magazine365\/wp-content\/uploads\/2016\/02\/fotonoticia_20160208100830_800-768x1150.jpg 768w, https:\/\/eldigitaldeasturias.com\/magazine365\/wp-content\/uploads\/2016\/02\/fotonoticia_20160208100830_800-150x225.jpg 150w, https:\/\/eldigitaldeasturias.com\/magazine365\/wp-content\/uploads\/2016\/02\/fotonoticia_20160208100830_800-450x674.jpg 450w, https:\/\/eldigitaldeasturias.com\/magazine365\/wp-content\/uploads\/2016\/02\/fotonoticia_20160208100830_800-696x1042.jpg 696w, https:\/\/eldigitaldeasturias.com\/magazine365\/wp-content\/uploads\/2016\/02\/fotonoticia_20160208100830_800-280x420.jpg 280w, https:\/\/eldigitaldeasturias.com\/magazine365\/wp-content\/uploads\/2016\/02\/fotonoticia_20160208100830_800.jpg 800w\" sizes=\"(max-width: 200px) 100vw, 200px\" \/>El caudal de las aguas del r\u00edo Tinto de Huelva ha sido la protagonista en la revista &#8216;Muy Interesante&#8217; con un amplio reportaje en su \u00faltimo n\u00famero del mes de febrero, siendo calificado por el mismo como \u00abuno de los lugares m\u00e1s bellos y extremos de la tierra\u00bb.<\/p>\n<p>En un comunicado, la Diputaci\u00f3n provincial ha explicado que, a lo largo de este amplio reportaje de seis p\u00e1ginas en la mencionada revista, pueden contemplarse im\u00e1genes de \u00abimpactante belleza\u00bb que han sido captadas desde 500 metros de altura, \u00abdibujando la misteriosa silueta del r\u00edo que traza a su paso una pintura multicolor\u00bb, definida por el redactor jefe de la publicaci\u00f3n y autor del reportaje, Abraham Alonso, como un \u00ablienzo natural\u00bb.<\/p>\n<p>Este paisaje \u00abexcepcional\u00bb y el medio ambiente que lo rodea han sido el &#8216;leit motiv&#8217; del reportaje titulado &#8216;Los colores del r\u00edo Tinto&#8217;, ilustrado con im\u00e1genes del reportero gr\u00e1fico especializado en temas de naturaleza, Francisco Mingorance.<\/p>\n<p>La explotaci\u00f3n milenaria de las minas de cobre, la acidez que los sulfuros met\u00e1licos confieren a las aguas del r\u00edo onubense y los estudios de la NASA sobre los microorganismos que viven en su cauce, en condiciones comparables a las del planeta Rojo, hacen a\u00fan \u00abm\u00e1s interesante y atractivo\u00bb este territorio, explica el autor del reportaje.<\/p>\n<p>Precisamente fue una \u00abimpresionante\u00bb fotograf\u00eda de un ciclista surcando las piedras del r\u00edo Tinto en todo su despliegue crom\u00e1tico la elegida por el Patronato de Turismo en la \u00faltima edici\u00f3n de la Feria Internacional del Turismo, Fitur, para dar la bienvenida al &#8216;stand&#8217; de la provincia de Huelva en el pabell\u00f3n de Andaluc\u00eda. Una imagen que, desde el mismo momento de la inauguraci\u00f3n, \u00abatrajo la atenci\u00f3n de autoridades, agentes tur\u00edsticos y medios de comunicaci\u00f3n\u00bb, a\u00f1ade la instituci\u00f3n provincial.<\/p>\n<p>El r\u00edo Tinto y su entorno forman parte del Cat\u00e1logo General del Patrimonio Hist\u00f3rico Andaluz, como Bien de Inter\u00e9s Cultural (BIC), con la tipolog\u00eda de &#8216;Zona Patrimonial&#8217;, que incluye la cuenca minera de Riotinto-Nerva, en los t\u00e9rminos municipales onubenses de Minas de Riotinto, Nerva y El Campillo.<\/p>\n<p>La publicaci\u00f3n &#8216;Muy Interesante&#8217;, se\u00f1era en el panorama de la prensa espa\u00f1ola, con una audiencia de 2.204.000 lectores, ha fijado su atenci\u00f3n en este entorno \u00abde singular belleza\u00bb para trasladar a sus lectores \u00ablos misterios que rodean las rojizas y m\u00edticas aguas del R\u00edo Tinto\u00bb.<\/p>\n","protected":false},"excerpt":{"rendered":"<p>El caudal de las aguas del r\u00edo Tinto de Huelva ha sido la protagonista en la revista &#8216;Muy Interesante&#8217; con un amplio reportaje en su \u00faltimo n\u00famero del mes de febrero, siendo calificado por el mismo como \u00abuno de los lugares m\u00e1s bellos y extremos de la tierra\u00bb. En un comunicado, la Diputaci\u00f3n provincial ha<\/p>\n","protected":false},"author":1,"featured_media":63526,"comment_status":"open","ping_status":"closed","sticky":false,"template":"","format":"standard","meta":{"footnotes":""},"categories":[224],"tags":[],"class_list":{"0":"post-63525","1":"post","2":"type-post","3":"status-publish","4":"format-standard","5":"has-post-thumbnail","7":"category-noticias-actualidad"},"aioseo_notices":[],"aioseo_head":"\n\t\t<!-- All in One SEO Pro 4.9.6.1 - aioseo.com -->\n\t<meta name=\"description\" content=\"El caudal de las aguas del r\u00edo Tinto de Huelva ha sido la protagonista en la revista &#039;Muy Interesante&#039; con un amplio reportaje en su \u00faltimo n\u00famero del mes de febrero, siendo calificado por el mismo como &quot;uno de los lugares m\u00e1s bellos y extremos de la tierra&quot;. En un comunicado, la Diputaci\u00f3n provincial ha\" \/>\n\t<meta name=\"robots\" content=\"max-image-preview:large\" \/>\n\t<meta name=\"author\" content=\"admin\"\/>\n\t<meta name=\"google-site-verification\" content=\"UA-38556648-1\" \/>\n\t<meta name=\"keywords\" content=\"noticias y actualidad\" \/>\n\t<link rel=\"canonical\" href=\"https:\/\/eldigitaldeasturias.com\/magazine365\/el-rio-tinto-protagonista-en-la-revista-muy-interesante\/\" \/>\n\t<meta name=\"generator\" content=\"All in One SEO Pro (AIOSEO) 4.9.6.1\" \/>\n\t\t<meta property=\"og:locale\" content=\"es_ES\" \/>\n\t\t<meta property=\"og:site_name\" content=\"El Digital de Asturias \u2013 Revista de ocio, turismo y estilo de vida\" \/>\n\t\t<meta property=\"og:type\" content=\"article\" \/>\n\t\t<meta property=\"og:title\" content=\"El r\u00edo Tinto, protagonista en la revista \u2018Muy Interesante\u2019 | El Digital de Asturias\" \/>\n\t\t<meta property=\"og:description\" content=\"El caudal de las aguas del r\u00edo Tinto de Huelva ha sido la protagonista en la revista &#039;Muy Interesante&#039; con un amplio reportaje en su \u00faltimo n\u00famero del mes de febrero, siendo calificado por el mismo como &quot;uno de los lugares m\u00e1s bellos y extremos de la tierra&quot;. En un comunicado, la Diputaci\u00f3n provincial ha\" \/>\n\t\t<meta property=\"og:url\" content=\"https:\/\/eldigitaldeasturias.com\/magazine365\/el-rio-tinto-protagonista-en-la-revista-muy-interesante\/\" \/>\n\t\t<meta property=\"og:image\" content=\"https:\/\/eldigitaldeasturias.com\/magazine365\/wp-content\/uploads\/2016\/02\/fotonoticia_20160208100830_800.jpg\" \/>\n\t\t<meta property=\"og:image:secure_url\" content=\"https:\/\/eldigitaldeasturias.com\/magazine365\/wp-content\/uploads\/2016\/02\/fotonoticia_20160208100830_800.jpg\" \/>\n\t\t<meta property=\"og:image:width\" content=\"800\" \/>\n\t\t<meta property=\"og:image:height\" content=\"1198\" \/>\n\t\t<meta property=\"article:published_time\" content=\"2016-02-08T11:04:22+00:00\" \/>\n\t\t<meta property=\"article:modified_time\" content=\"2016-02-08T11:04:22+00:00\" \/>\n\t\t<meta name=\"twitter:card\" content=\"summary_large_image\" \/>\n\t\t<meta name=\"twitter:title\" content=\"El r\u00edo Tinto, protagonista en la revista \u2018Muy Interesante\u2019 | El Digital de Asturias\" \/>\n\t\t<meta name=\"twitter:description\" content=\"El caudal de las aguas del r\u00edo Tinto de Huelva ha sido la protagonista en la revista &#039;Muy Interesante&#039; con un amplio reportaje en su \u00faltimo n\u00famero del mes de febrero, siendo calificado por el mismo como &quot;uno de los lugares m\u00e1s bellos y extremos de la tierra&quot;. En un comunicado, la Diputaci\u00f3n provincial ha\" \/>\n\t\t<meta name=\"twitter:image\" content=\"https:\/\/eldigitaldeasturias.com\/magazine365\/wp-content\/uploads\/2016\/02\/fotonoticia_20160208100830_800.jpg\" \/>\n\t\t<script type=\"application\/ld+json\" class=\"aioseo-schema\">\n\t\t\t{\"@context\":\"https:\\\/\\\/schema.org\",\"@graph\":[{\"@type\":\"Article\",\"@id\":\"https:\\\/\\\/eldigitaldeasturias.com\\\/magazine365\\\/el-rio-tinto-protagonista-en-la-revista-muy-interesante\\\/#article\",\"name\":\"El r\\u00edo Tinto, protagonista en la revista \\u2018Muy Interesante\\u2019 | El Digital de Asturias\",\"headline\":\"El r\\u00edo Tinto, protagonista en la revista &#8216;Muy Interesante&#8217;\",\"author\":{\"@id\":\"https:\\\/\\\/eldigitaldeasturias.com\\\/magazine365\\\/author\\\/admin\\\/#author\"},\"publisher\":{\"@id\":\"https:\\\/\\\/eldigitaldeasturias.com\\\/magazine365\\\/#organization\"},\"image\":{\"@type\":\"ImageObject\",\"url\":\"https:\\\/\\\/eldigitaldeasturias.com\\\/magazine365\\\/wp-content\\\/uploads\\\/2016\\\/02\\\/fotonoticia_20160208100830_800.jpg\",\"width\":800,\"height\":1198},\"datePublished\":\"2016-02-08T12:04:22+01:00\",\"dateModified\":\"2016-02-08T12:04:22+01:00\",\"inLanguage\":\"es-ES\",\"mainEntityOfPage\":{\"@id\":\"https:\\\/\\\/eldigitaldeasturias.com\\\/magazine365\\\/el-rio-tinto-protagonista-en-la-revista-muy-interesante\\\/#webpage\"},\"isPartOf\":{\"@id\":\"https:\\\/\\\/eldigitaldeasturias.com\\\/magazine365\\\/el-rio-tinto-protagonista-en-la-revista-muy-interesante\\\/#webpage\"},\"articleSection\":\"Noticias y Actualidad\"},{\"@type\":\"BreadcrumbList\",\"@id\":\"https:\\\/\\\/eldigitaldeasturias.com\\\/magazine365\\\/el-rio-tinto-protagonista-en-la-revista-muy-interesante\\\/#breadcrumblist\",\"itemListElement\":[{\"@type\":\"ListItem\",\"@id\":\"https:\\\/\\\/eldigitaldeasturias.com\\\/magazine365#listItem\",\"position\":1,\"name\":\"Home\",\"item\":\"https:\\\/\\\/eldigitaldeasturias.com\\\/magazine365\",\"nextItem\":{\"@type\":\"ListItem\",\"@id\":\"https:\\\/\\\/eldigitaldeasturias.com\\\/magazine365\\\/category\\\/noticias-actualidad\\\/#listItem\",\"name\":\"Noticias y Actualidad\"}},{\"@type\":\"ListItem\",\"@id\":\"https:\\\/\\\/eldigitaldeasturias.com\\\/magazine365\\\/category\\\/noticias-actualidad\\\/#listItem\",\"position\":2,\"name\":\"Noticias y Actualidad\",\"item\":\"https:\\\/\\\/eldigitaldeasturias.com\\\/magazine365\\\/category\\\/noticias-actualidad\\\/\",\"nextItem\":{\"@type\":\"ListItem\",\"@id\":\"https:\\\/\\\/eldigitaldeasturias.com\\\/magazine365\\\/el-rio-tinto-protagonista-en-la-revista-muy-interesante\\\/#listItem\",\"name\":\"El r\\u00edo Tinto, protagonista en la revista &#8216;Muy Interesante&#8217;\"},\"previousItem\":{\"@type\":\"ListItem\",\"@id\":\"https:\\\/\\\/eldigitaldeasturias.com\\\/magazine365#listItem\",\"name\":\"Home\"}},{\"@type\":\"ListItem\",\"@id\":\"https:\\\/\\\/eldigitaldeasturias.com\\\/magazine365\\\/el-rio-tinto-protagonista-en-la-revista-muy-interesante\\\/#listItem\",\"position\":3,\"name\":\"El r\\u00edo Tinto, protagonista en la revista &#8216;Muy Interesante&#8217;\",\"previousItem\":{\"@type\":\"ListItem\",\"@id\":\"https:\\\/\\\/eldigitaldeasturias.com\\\/magazine365\\\/category\\\/noticias-actualidad\\\/#listItem\",\"name\":\"Noticias y Actualidad\"}}]},{\"@type\":\"Organization\",\"@id\":\"https:\\\/\\\/eldigitaldeasturias.com\\\/magazine365\\\/#organization\",\"name\":\"El digital de Asturias\",\"description\":\"Revista de ocio, turismo y estilo de vida\",\"url\":\"https:\\\/\\\/eldigitaldeasturias.com\\\/magazine365\\\/\",\"logo\":{\"@type\":\"ImageObject\",\"url\":\"https:\\\/\\\/www.eldigitaldeasturias.com\\\/noticias\\\/wp-content\\\/uploads\\\/2020\\\/12\\\/EDA.jpg\",\"@id\":\"https:\\\/\\\/eldigitaldeasturias.com\\\/magazine365\\\/el-rio-tinto-protagonista-en-la-revista-muy-interesante\\\/#organizationLogo\"},\"image\":{\"@id\":\"https:\\\/\\\/eldigitaldeasturias.com\\\/magazine365\\\/el-rio-tinto-protagonista-en-la-revista-muy-interesante\\\/#organizationLogo\"}},{\"@type\":\"Person\",\"@id\":\"https:\\\/\\\/eldigitaldeasturias.com\\\/magazine365\\\/author\\\/admin\\\/#author\",\"url\":\"https:\\\/\\\/eldigitaldeasturias.com\\\/magazine365\\\/author\\\/admin\\\/\",\"name\":\"admin\",\"image\":{\"@type\":\"ImageObject\",\"@id\":\"https:\\\/\\\/eldigitaldeasturias.com\\\/magazine365\\\/el-rio-tinto-protagonista-en-la-revista-muy-interesante\\\/#authorImage\",\"url\":\"https:\\\/\\\/eldigitaldeasturias.com\\\/magazine365\\\/wp-content\\\/litespeed\\\/avatar\\\/e571bcf59a0edd6fa6838245a470f2fe.jpg?ver=1776969259\",\"width\":96,\"height\":96,\"caption\":\"admin\"}},{\"@type\":\"WebPage\",\"@id\":\"https:\\\/\\\/eldigitaldeasturias.com\\\/magazine365\\\/el-rio-tinto-protagonista-en-la-revista-muy-interesante\\\/#webpage\",\"url\":\"https:\\\/\\\/eldigitaldeasturias.com\\\/magazine365\\\/el-rio-tinto-protagonista-en-la-revista-muy-interesante\\\/\",\"name\":\"El r\\u00edo Tinto, protagonista en la revista \\u2018Muy Interesante\\u2019 | El Digital de Asturias\",\"description\":\"El caudal de las aguas del r\\u00edo Tinto de Huelva ha sido la protagonista en la revista 'Muy Interesante' con un amplio reportaje en su \\u00faltimo n\\u00famero del mes de febrero, siendo calificado por el mismo como \\\"uno de los lugares m\\u00e1s bellos y extremos de la tierra\\\". En un comunicado, la Diputaci\\u00f3n provincial ha\",\"inLanguage\":\"es-ES\",\"isPartOf\":{\"@id\":\"https:\\\/\\\/eldigitaldeasturias.com\\\/magazine365\\\/#website\"},\"breadcrumb\":{\"@id\":\"https:\\\/\\\/eldigitaldeasturias.com\\\/magazine365\\\/el-rio-tinto-protagonista-en-la-revista-muy-interesante\\\/#breadcrumblist\"},\"author\":{\"@id\":\"https:\\\/\\\/eldigitaldeasturias.com\\\/magazine365\\\/author\\\/admin\\\/#author\"},\"creator\":{\"@id\":\"https:\\\/\\\/eldigitaldeasturias.com\\\/magazine365\\\/author\\\/admin\\\/#author\"},\"image\":{\"@type\":\"ImageObject\",\"url\":\"https:\\\/\\\/eldigitaldeasturias.com\\\/magazine365\\\/wp-content\\\/uploads\\\/2016\\\/02\\\/fotonoticia_20160208100830_800.jpg\",\"@id\":\"https:\\\/\\\/eldigitaldeasturias.com\\\/magazine365\\\/el-rio-tinto-protagonista-en-la-revista-muy-interesante\\\/#mainImage\",\"width\":800,\"height\":1198},\"primaryImageOfPage\":{\"@id\":\"https:\\\/\\\/eldigitaldeasturias.com\\\/magazine365\\\/el-rio-tinto-protagonista-en-la-revista-muy-interesante\\\/#mainImage\"},\"datePublished\":\"2016-02-08T12:04:22+01:00\",\"dateModified\":\"2016-02-08T12:04:22+01:00\"},{\"@type\":\"WebSite\",\"@id\":\"https:\\\/\\\/eldigitaldeasturias.com\\\/magazine365\\\/#website\",\"url\":\"https:\\\/\\\/eldigitaldeasturias.com\\\/magazine365\\\/\",\"name\":\"El Digital de Asturias\",\"description\":\"Revista de ocio, turismo y estilo de vida\",\"inLanguage\":\"es-ES\",\"publisher\":{\"@id\":\"https:\\\/\\\/eldigitaldeasturias.com\\\/magazine365\\\/#organization\"}}]}\n\t\t<\/script>\n\t\t<!-- All in One SEO Pro -->\r\n\t\t<title>El r\u00edo Tinto, protagonista en la revista \u2018Muy Interesante\u2019 | El Digital de Asturias<\/title>\n\n","aioseo_head_json":{"title":"El r\u00edo Tinto, protagonista en la revista \u2018Muy Interesante\u2019 | El Digital de Asturias","description":"El caudal de las aguas del r\u00edo Tinto de Huelva ha sido la protagonista en la revista 'Muy Interesante' con un amplio reportaje en su \u00faltimo n\u00famero del mes de febrero, siendo calificado por el mismo como \"uno de los lugares m\u00e1s bellos y extremos de la tierra\". En un comunicado, la Diputaci\u00f3n provincial ha","canonical_url":"https:\/\/eldigitaldeasturias.com\/magazine365\/el-rio-tinto-protagonista-en-la-revista-muy-interesante\/","robots":"max-image-preview:large","keywords":"noticias y actualidad","webmasterTools":{"google-site-verification":"UA-38556648-1","miscellaneous":""},"schema":{"@context":"https:\/\/schema.org","@graph":[{"@type":"Article","@id":"https:\/\/eldigitaldeasturias.com\/magazine365\/el-rio-tinto-protagonista-en-la-revista-muy-interesante\/#article","name":"El r\u00edo Tinto, protagonista en la revista \u2018Muy Interesante\u2019 | El Digital de Asturias","headline":"El r\u00edo Tinto, protagonista en la revista &#8216;Muy Interesante&#8217;","author":{"@id":"https:\/\/eldigitaldeasturias.com\/magazine365\/author\/admin\/#author"},"publisher":{"@id":"https:\/\/eldigitaldeasturias.com\/magazine365\/#organization"},"image":{"@type":"ImageObject","url":"https:\/\/eldigitaldeasturias.com\/magazine365\/wp-content\/uploads\/2016\/02\/fotonoticia_20160208100830_800.jpg","width":800,"height":1198},"datePublished":"2016-02-08T12:04:22+01:00","dateModified":"2016-02-08T12:04:22+01:00","inLanguage":"es-ES","mainEntityOfPage":{"@id":"https:\/\/eldigitaldeasturias.com\/magazine365\/el-rio-tinto-protagonista-en-la-revista-muy-interesante\/#webpage"},"isPartOf":{"@id":"https:\/\/eldigitaldeasturias.com\/magazine365\/el-rio-tinto-protagonista-en-la-revista-muy-interesante\/#webpage"},"articleSection":"Noticias y Actualidad"},{"@type":"BreadcrumbList","@id":"https:\/\/eldigitaldeasturias.com\/magazine365\/el-rio-tinto-protagonista-en-la-revista-muy-interesante\/#breadcrumblist","itemListElement":[{"@type":"ListItem","@id":"https:\/\/eldigitaldeasturias.com\/magazine365#listItem","position":1,"name":"Home","item":"https:\/\/eldigitaldeasturias.com\/magazine365","nextItem":{"@type":"ListItem","@id":"https:\/\/eldigitaldeasturias.com\/magazine365\/category\/noticias-actualidad\/#listItem","name":"Noticias y Actualidad"}},{"@type":"ListItem","@id":"https:\/\/eldigitaldeasturias.com\/magazine365\/category\/noticias-actualidad\/#listItem","position":2,"name":"Noticias y Actualidad","item":"https:\/\/eldigitaldeasturias.com\/magazine365\/category\/noticias-actualidad\/","nextItem":{"@type":"ListItem","@id":"https:\/\/eldigitaldeasturias.com\/magazine365\/el-rio-tinto-protagonista-en-la-revista-muy-interesante\/#listItem","name":"El r\u00edo Tinto, protagonista en la revista &#8216;Muy Interesante&#8217;"},"previousItem":{"@type":"ListItem","@id":"https:\/\/eldigitaldeasturias.com\/magazine365#listItem","name":"Home"}},{"@type":"ListItem","@id":"https:\/\/eldigitaldeasturias.com\/magazine365\/el-rio-tinto-protagonista-en-la-revista-muy-interesante\/#listItem","position":3,"name":"El r\u00edo Tinto, protagonista en la revista &#8216;Muy Interesante&#8217;","previousItem":{"@type":"ListItem","@id":"https:\/\/eldigitaldeasturias.com\/magazine365\/category\/noticias-actualidad\/#listItem","name":"Noticias y Actualidad"}}]},{"@type":"Organization","@id":"https:\/\/eldigitaldeasturias.com\/magazine365\/#organization","name":"El digital de Asturias","description":"Revista de ocio, turismo y estilo de vida","url":"https:\/\/eldigitaldeasturias.com\/magazine365\/","logo":{"@type":"ImageObject","url":"https:\/\/www.eldigitaldeasturias.com\/noticias\/wp-content\/uploads\/2020\/12\/EDA.jpg","@id":"https:\/\/eldigitaldeasturias.com\/magazine365\/el-rio-tinto-protagonista-en-la-revista-muy-interesante\/#organizationLogo"},"image":{"@id":"https:\/\/eldigitaldeasturias.com\/magazine365\/el-rio-tinto-protagonista-en-la-revista-muy-interesante\/#organizationLogo"}},{"@type":"Person","@id":"https:\/\/eldigitaldeasturias.com\/magazine365\/author\/admin\/#author","url":"https:\/\/eldigitaldeasturias.com\/magazine365\/author\/admin\/","name":"admin","image":{"@type":"ImageObject","@id":"https:\/\/eldigitaldeasturias.com\/magazine365\/el-rio-tinto-protagonista-en-la-revista-muy-interesante\/#authorImage","url":"https:\/\/eldigitaldeasturias.com\/magazine365\/wp-content\/litespeed\/avatar\/e571bcf59a0edd6fa6838245a470f2fe.jpg?ver=1776969259","width":96,"height":96,"caption":"admin"}},{"@type":"WebPage","@id":"https:\/\/eldigitaldeasturias.com\/magazine365\/el-rio-tinto-protagonista-en-la-revista-muy-interesante\/#webpage","url":"https:\/\/eldigitaldeasturias.com\/magazine365\/el-rio-tinto-protagonista-en-la-revista-muy-interesante\/","name":"El r\u00edo Tinto, protagonista en la revista \u2018Muy Interesante\u2019 | El Digital de Asturias","description":"El caudal de las aguas del r\u00edo Tinto de Huelva ha sido la protagonista en la revista 'Muy Interesante' con un amplio reportaje en su \u00faltimo n\u00famero del mes de febrero, siendo calificado por el mismo como \"uno de los lugares m\u00e1s bellos y extremos de la tierra\". En un comunicado, la Diputaci\u00f3n provincial ha","inLanguage":"es-ES","isPartOf":{"@id":"https:\/\/eldigitaldeasturias.com\/magazine365\/#website"},"breadcrumb":{"@id":"https:\/\/eldigitaldeasturias.com\/magazine365\/el-rio-tinto-protagonista-en-la-revista-muy-interesante\/#breadcrumblist"},"author":{"@id":"https:\/\/eldigitaldeasturias.com\/magazine365\/author\/admin\/#author"},"creator":{"@id":"https:\/\/eldigitaldeasturias.com\/magazine365\/author\/admin\/#author"},"image":{"@type":"ImageObject","url":"https:\/\/eldigitaldeasturias.com\/magazine365\/wp-content\/uploads\/2016\/02\/fotonoticia_20160208100830_800.jpg","@id":"https:\/\/eldigitaldeasturias.com\/magazine365\/el-rio-tinto-protagonista-en-la-revista-muy-interesante\/#mainImage","width":800,"height":1198},"primaryImageOfPage":{"@id":"https:\/\/eldigitaldeasturias.com\/magazine365\/el-rio-tinto-protagonista-en-la-revista-muy-interesante\/#mainImage"},"datePublished":"2016-02-08T12:04:22+01:00","dateModified":"2016-02-08T12:04:22+01:00"},{"@type":"WebSite","@id":"https:\/\/eldigitaldeasturias.com\/magazine365\/#website","url":"https:\/\/eldigitaldeasturias.com\/magazine365\/","name":"El Digital de Asturias","description":"Revista de ocio, turismo y estilo de vida","inLanguage":"es-ES","publisher":{"@id":"https:\/\/eldigitaldeasturias.com\/magazine365\/#organization"}}]},"og:locale":"es_ES","og:site_name":"El Digital de Asturias \u2013 Revista de ocio, turismo y estilo de vida","og:type":"article","og:title":"El r\u00edo Tinto, protagonista en la revista \u2018Muy Interesante\u2019 | El Digital de Asturias","og:description":"El caudal de las aguas del r\u00edo Tinto de Huelva ha sido la protagonista en la revista 'Muy Interesante' con un amplio reportaje en su \u00faltimo n\u00famero del mes de febrero, siendo calificado por el mismo como &quot;uno de los lugares m\u00e1s bellos y extremos de la tierra&quot;. En un comunicado, la Diputaci\u00f3n provincial ha","og:url":"https:\/\/eldigitaldeasturias.com\/magazine365\/el-rio-tinto-protagonista-en-la-revista-muy-interesante\/","og:image":"https:\/\/eldigitaldeasturias.com\/magazine365\/wp-content\/uploads\/2016\/02\/fotonoticia_20160208100830_800.jpg","og:image:secure_url":"https:\/\/eldigitaldeasturias.com\/magazine365\/wp-content\/uploads\/2016\/02\/fotonoticia_20160208100830_800.jpg","og:image:width":800,"og:image:height":1198,"article:published_time":"2016-02-08T11:04:22+00:00","article:modified_time":"2016-02-08T11:04:22+00:00","twitter:card":"summary_large_image","twitter:title":"El r\u00edo Tinto, protagonista en la revista \u2018Muy Interesante\u2019 | El Digital de Asturias","twitter:description":"El caudal de las aguas del r\u00edo Tinto de Huelva ha sido la protagonista en la revista 'Muy Interesante' con un amplio reportaje en su \u00faltimo n\u00famero del mes de febrero, siendo calificado por el mismo como &quot;uno de los lugares m\u00e1s bellos y extremos de la tierra&quot;. En un comunicado, la Diputaci\u00f3n provincial ha","twitter:image":"https:\/\/eldigitaldeasturias.com\/magazine365\/wp-content\/uploads\/2016\/02\/fotonoticia_20160208100830_800.jpg"},"aioseo_meta_data":{"post_id":"63525","title":null,"description":null,"keywords":null,"keyphrases":null,"primary_term":null,"canonical_url":null,"og_title":null,"og_description":null,"og_object_type":"default","og_image_type":"default","og_image_url":null,"og_image_width":null,"og_image_height":null,"og_image_custom_url":null,"og_image_custom_fields":null,"og_video":null,"og_custom_url":null,"og_article_section":null,"og_article_tags":null,"twitter_use_og":false,"twitter_card":"default","twitter_image_type":"default","twitter_image_url":null,"twitter_image_custom_url":null,"twitter_image_custom_fields":null,"twitter_title":null,"twitter_description":null,"schema":{"blockGraphs":[],"customGraphs":[],"default":{"data":{"Article":[],"Course":[],"Dataset":[],"FAQPage":[],"Movie":[],"Person":[],"Product":[],"ProductReview":[],"Car":[],"Recipe":[],"Service":[],"SoftwareApplication":[],"WebPage":[]},"graphName":"","isEnabled":true},"graphs":[]},"schema_type":null,"schema_type_options":null,"pillar_content":false,"robots_default":true,"robots_noindex":false,"robots_noarchive":false,"robots_nosnippet":false,"robots_nofollow":false,"robots_noimageindex":false,"robots_noodp":false,"robots_notranslate":false,"robots_max_snippet":null,"robots_max_videopreview":null,"robots_max_imagepreview":"large","priority":null,"frequency":null,"location":null,"local_seo":null,"seo_analyzer_scan_date":"2025-09-25 13:20:06","breadcrumb_settings":null,"limit_modified_date":false,"open_ai":null,"ai":null,"created":"2021-03-08 21:22:18","updated":"2025-09-25 13:20:06"},"aioseo_breadcrumb":"<div class=\"aioseo-breadcrumbs\"><span class=\"aioseo-breadcrumb\">\n\t<a href=\"https:\/\/eldigitaldeasturias.com\/magazine365\" title=\"Home\">Home<\/a>\n<\/span><span class=\"aioseo-breadcrumb-separator\">\u2013<\/span><span class=\"aioseo-breadcrumb\">\n\t<a href=\"https:\/\/eldigitaldeasturias.com\/magazine365\/category\/noticias-actualidad\/\" title=\"Noticias y Actualidad\">Noticias y Actualidad<\/a>\n<\/span><span class=\"aioseo-breadcrumb-separator\">\u2013<\/span><span class=\"aioseo-breadcrumb\">\n\t<a href=\"https:\/\/eldigitaldeasturias.com\/magazine365\/el-rio-tinto-protagonista-en-la-revista-muy-interesante\/\" title=\"El r\u00edo Tinto, protagonista en la revista \u2018Muy Interesante\u2019\">El r\u00edo Tinto, protagonista en la revista \u2018Muy Interesante\u2019<\/a>\n<\/span><\/div>","aioseo_breadcrumb_json":[{"label":"Home","link":"https:\/\/eldigitaldeasturias.com\/magazine365"},{"label":"Noticias y Actualidad","link":"https:\/\/eldigitaldeasturias.com\/magazine365\/category\/noticias-actualidad\/"},{"label":"El r\u00edo Tinto, protagonista en la revista &#8216;Muy Interesante&#8217;","link":"https:\/\/eldigitaldeasturias.com\/magazine365\/el-rio-tinto-protagonista-en-la-revista-muy-interesante\/"}],"_links":{"self":[{"href":"https:\/\/eldigitaldeasturias.com\/magazine365\/wp-json\/wp\/v2\/posts\/63525","targetHints":{"allow":["GET"]}}],"collection":[{"href":"https:\/\/eldigitaldeasturias.com\/magazine365\/wp-json\/wp\/v2\/posts"}],"about":[{"href":"https:\/\/eldigitaldeasturias.com\/magazine365\/wp-json\/wp\/v2\/types\/post"}],"author":[{"embeddable":true,"href":"https:\/\/eldigitaldeasturias.com\/magazine365\/wp-json\/wp\/v2\/users\/1"}],"replies":[{"embeddable":true,"href":"https:\/\/eldigitaldeasturias.com\/magazine365\/wp-json\/wp\/v2\/comments?post=63525"}],"version-history":[{"count":0,"href":"https:\/\/eldigitaldeasturias.com\/magazine365\/wp-json\/wp\/v2\/posts\/63525\/revisions"}],"wp:featuredmedia":[{"embeddable":true,"href":"https:\/\/eldigitaldeasturias.com\/magazine365\/wp-json\/wp\/v2\/media\/63526"}],"wp:attachment":[{"href":"https:\/\/eldigitaldeasturias.com\/magazine365\/wp-json\/wp\/v2\/media?parent=63525"}],"wp:term":[{"taxonomy":"category","embeddable":true,"href":"https:\/\/eldigitaldeasturias.com\/magazine365\/wp-json\/wp\/v2\/categories?post=63525"},{"taxonomy":"post_tag","embeddable":true,"href":"https:\/\/eldigitaldeasturias.com\/magazine365\/wp-json\/wp\/v2\/tags?post=63525"}],"curies":[{"name":"wp","href":"https:\/\/api.w.org\/{rel}","templated":true}]}}