{"id":63522,"date":"2016-02-08T12:03:11","date_gmt":"2016-02-08T11:03:11","guid":{"rendered":"http:\/\/eldigitaldeasturias.com\/magazine365\/?p=63522"},"modified":"2016-02-08T12:03:11","modified_gmt":"2016-02-08T11:03:11","slug":"sierra-nevada-celebra-el-carnaval","status":"publish","type":"post","link":"https:\/\/eldigitaldeasturias.com\/magazine365\/sierra-nevada-celebra-el-carnaval\/","title":{"rendered":"Sierra Nevada celebra el carnaval"},"content":{"rendered":"<p><img fetchpriority=\"high\" decoding=\"async\" class=\"alignleft size-medium wp-image-63523\" src=\"https:\/\/eldigitaldeasturias.com\/magazine365\/wp-content\/uploads\/2016\/02\/fotonoticia_20160208100658_800-360x223.jpg\" alt=\"fotonoticia_20160208100658_800\" width=\"360\" height=\"223\" srcset=\"https:\/\/eldigitaldeasturias.com\/magazine365\/wp-content\/uploads\/2016\/02\/fotonoticia_20160208100658_800-360x223.jpg 360w, https:\/\/eldigitaldeasturias.com\/magazine365\/wp-content\/uploads\/2016\/02\/fotonoticia_20160208100658_800-650x403.jpg 650w, https:\/\/eldigitaldeasturias.com\/magazine365\/wp-content\/uploads\/2016\/02\/fotonoticia_20160208100658_800-768x476.jpg 768w, https:\/\/eldigitaldeasturias.com\/magazine365\/wp-content\/uploads\/2016\/02\/fotonoticia_20160208100658_800-150x93.jpg 150w, https:\/\/eldigitaldeasturias.com\/magazine365\/wp-content\/uploads\/2016\/02\/fotonoticia_20160208100658_800-450x279.jpg 450w, https:\/\/eldigitaldeasturias.com\/magazine365\/wp-content\/uploads\/2016\/02\/fotonoticia_20160208100658_800-356x220.jpg 356w, https:\/\/eldigitaldeasturias.com\/magazine365\/wp-content\/uploads\/2016\/02\/fotonoticia_20160208100658_800-696x432.jpg 696w, https:\/\/eldigitaldeasturias.com\/magazine365\/wp-content\/uploads\/2016\/02\/fotonoticia_20160208100658_800-677x420.jpg 677w, https:\/\/eldigitaldeasturias.com\/magazine365\/wp-content\/uploads\/2016\/02\/fotonoticia_20160208100658_800-279x173.jpg 279w, https:\/\/eldigitaldeasturias.com\/magazine365\/wp-content\/uploads\/2016\/02\/fotonoticia_20160208100658_800-160x100.jpg 160w, https:\/\/eldigitaldeasturias.com\/magazine365\/wp-content\/uploads\/2016\/02\/fotonoticia_20160208100658_800.jpg 800w\" sizes=\"(max-width: 360px) 100vw, 360px\" \/>Sierra Nevada se ha llenado este s\u00e1bado de colorido en el \u00e1rea esquiable y la urbanizaci\u00f3n de la estaci\u00f3n invernal granadina con la participaci\u00f3n de unos 400 esquiadores y &#8216;snowboarders&#8217; a lo largo de la pista de El R\u00edo iluminada en el descenso de Carnaval, \u00abel de mayor poder de convocatoria de los \u00faltimos a\u00f1os\u00bb.<\/p>\n<p>Seg\u00fan ha informado en un comunicado la empresa que gestiona la estaci\u00f3n de esqu\u00ed de Sierra Nevada, Cetursa, los participantes, que por haberse registrado en la web de la estaci\u00f3n invernal granadina y acudir disfrazados ten\u00edan gratis el &#8216;forfait&#8217; de esqu\u00ed nocturno de este s\u00e1bado, se concentraron en Borreguiles a las 18,30 horas y, guiados por Suly, la mascota de Sierra Nevada, y la peque\u00f1a telemarkera Riquitaum, llegaron a Pradollano en torno a las 19,00 horas.<\/p>\n<p>Asimismo, a partir de este domingo y hasta el d\u00eda 14, los participantes en el descenso que suban sus fotos con disfraces a las redes sociales de Sierra Nevada &#8211;con el hashtag #CarnavalSN2016&#8211; recibir\u00e1n un &#8216;forfait&#8217; de primavera y \u00abla imagen m\u00e1s viral ganar\u00e1 un &#8216;forfait&#8217; de cinco d\u00edas para consumir en cualquier momento de la temporada\u00bb.<\/p>\n<p>Tras el descenso de Carnaval, se abri\u00f3 la pista de El R\u00edo para esqu\u00ed nocturno con lo que usuarios habituales de esta actividad y los participantes en el Carnaval se fundieron en una de las noches \u00abm\u00e1s coloridas del a\u00f1o\u00bb en Sierra Nevada.<\/p>\n<p>Finalmente, Cetursa ha apuntado que, este domingo, la estaci\u00f3n ha retrasado su apertura por viento y escasa visibilidad hasta las 11,30 horas, momento en el que se registraron cinco cent\u00edmetros de nieve nueva que \u00abha mejorado la calidad de nieve en pistas\u00bb.<\/p>\n","protected":false},"excerpt":{"rendered":"<p>Sierra Nevada se ha llenado este s\u00e1bado de colorido en el \u00e1rea esquiable y la urbanizaci\u00f3n de la estaci\u00f3n invernal granadina con la participaci\u00f3n de unos 400 esquiadores y &#8216;snowboarders&#8217; a lo largo de la pista de El R\u00edo iluminada en el descenso de Carnaval, \u00abel de mayor poder de convocatoria de los \u00faltimos a\u00f1os\u00bb.<\/p>\n","protected":false},"author":1,"featured_media":63523,"comment_status":"open","ping_status":"closed","sticky":false,"template":"","format":"standard","meta":{"footnotes":""},"categories":[224],"tags":[],"class_list":{"0":"post-63522","1":"post","2":"type-post","3":"status-publish","4":"format-standard","5":"has-post-thumbnail","7":"category-noticias-actualidad"},"aioseo_notices":[],"aioseo_head":"\n\t\t<!-- All in One SEO Pro 4.9.6.1 - aioseo.com -->\n\t<meta name=\"description\" content=\"Sierra Nevada se ha llenado este s\u00e1bado de colorido en el \u00e1rea esquiable y la urbanizaci\u00f3n de la estaci\u00f3n invernal granadina con la participaci\u00f3n de unos 400 esquiadores y &#039;snowboarders&#039; a lo largo de la pista de El R\u00edo iluminada en el descenso de Carnaval, &quot;el de mayor poder de convocatoria de los \u00faltimos a\u00f1os&quot;.\" \/>\n\t<meta name=\"robots\" content=\"max-image-preview:large\" \/>\n\t<meta name=\"author\" content=\"admin\"\/>\n\t<meta name=\"google-site-verification\" content=\"UA-38556648-1\" \/>\n\t<meta name=\"keywords\" content=\"noticias y actualidad\" \/>\n\t<link rel=\"canonical\" href=\"https:\/\/eldigitaldeasturias.com\/magazine365\/sierra-nevada-celebra-el-carnaval\/\" \/>\n\t<meta name=\"generator\" content=\"All in One SEO Pro (AIOSEO) 4.9.6.1\" \/>\n\t\t<meta property=\"og:locale\" content=\"es_ES\" \/>\n\t\t<meta property=\"og:site_name\" content=\"El Digital de Asturias \u2013 Revista de ocio, turismo y estilo de vida\" \/>\n\t\t<meta property=\"og:type\" content=\"article\" \/>\n\t\t<meta property=\"og:title\" content=\"Sierra Nevada celebra el carnaval | El Digital de Asturias\" \/>\n\t\t<meta property=\"og:description\" content=\"Sierra Nevada se ha llenado este s\u00e1bado de colorido en el \u00e1rea esquiable y la urbanizaci\u00f3n de la estaci\u00f3n invernal granadina con la participaci\u00f3n de unos 400 esquiadores y &#039;snowboarders&#039; a lo largo de la pista de El R\u00edo iluminada en el descenso de Carnaval, &quot;el de mayor poder de convocatoria de los \u00faltimos a\u00f1os&quot;.\" \/>\n\t\t<meta property=\"og:url\" content=\"https:\/\/eldigitaldeasturias.com\/magazine365\/sierra-nevada-celebra-el-carnaval\/\" \/>\n\t\t<meta property=\"og:image\" content=\"https:\/\/eldigitaldeasturias.com\/magazine365\/wp-content\/uploads\/2016\/02\/fotonoticia_20160208100658_800.jpg\" \/>\n\t\t<meta property=\"og:image:secure_url\" content=\"https:\/\/eldigitaldeasturias.com\/magazine365\/wp-content\/uploads\/2016\/02\/fotonoticia_20160208100658_800.jpg\" \/>\n\t\t<meta property=\"og:image:width\" content=\"800\" \/>\n\t\t<meta property=\"og:image:height\" content=\"496\" \/>\n\t\t<meta property=\"article:published_time\" content=\"2016-02-08T11:03:11+00:00\" \/>\n\t\t<meta property=\"article:modified_time\" content=\"2016-02-08T11:03:11+00:00\" \/>\n\t\t<meta name=\"twitter:card\" content=\"summary_large_image\" \/>\n\t\t<meta name=\"twitter:title\" content=\"Sierra Nevada celebra el carnaval | El Digital de Asturias\" \/>\n\t\t<meta name=\"twitter:description\" content=\"Sierra Nevada se ha llenado este s\u00e1bado de colorido en el \u00e1rea esquiable y la urbanizaci\u00f3n de la estaci\u00f3n invernal granadina con la participaci\u00f3n de unos 400 esquiadores y &#039;snowboarders&#039; a lo largo de la pista de El R\u00edo iluminada en el descenso de Carnaval, &quot;el de mayor poder de convocatoria de los \u00faltimos a\u00f1os&quot;.\" \/>\n\t\t<meta name=\"twitter:image\" content=\"https:\/\/eldigitaldeasturias.com\/magazine365\/wp-content\/uploads\/2016\/02\/fotonoticia_20160208100658_800.jpg\" \/>\n\t\t<script type=\"application\/ld+json\" class=\"aioseo-schema\">\n\t\t\t{\"@context\":\"https:\\\/\\\/schema.org\",\"@graph\":[{\"@type\":\"Article\",\"@id\":\"https:\\\/\\\/eldigitaldeasturias.com\\\/magazine365\\\/sierra-nevada-celebra-el-carnaval\\\/#article\",\"name\":\"Sierra Nevada celebra el carnaval | El Digital de Asturias\",\"headline\":\"Sierra Nevada celebra el carnaval\",\"author\":{\"@id\":\"https:\\\/\\\/eldigitaldeasturias.com\\\/magazine365\\\/author\\\/admin\\\/#author\"},\"publisher\":{\"@id\":\"https:\\\/\\\/eldigitaldeasturias.com\\\/magazine365\\\/#organization\"},\"image\":{\"@type\":\"ImageObject\",\"url\":\"https:\\\/\\\/eldigitaldeasturias.com\\\/magazine365\\\/wp-content\\\/uploads\\\/2016\\\/02\\\/fotonoticia_20160208100658_800.jpg\",\"width\":800,\"height\":496},\"datePublished\":\"2016-02-08T12:03:11+01:00\",\"dateModified\":\"2016-02-08T12:03:11+01:00\",\"inLanguage\":\"es-ES\",\"mainEntityOfPage\":{\"@id\":\"https:\\\/\\\/eldigitaldeasturias.com\\\/magazine365\\\/sierra-nevada-celebra-el-carnaval\\\/#webpage\"},\"isPartOf\":{\"@id\":\"https:\\\/\\\/eldigitaldeasturias.com\\\/magazine365\\\/sierra-nevada-celebra-el-carnaval\\\/#webpage\"},\"articleSection\":\"Noticias y Actualidad\"},{\"@type\":\"BreadcrumbList\",\"@id\":\"https:\\\/\\\/eldigitaldeasturias.com\\\/magazine365\\\/sierra-nevada-celebra-el-carnaval\\\/#breadcrumblist\",\"itemListElement\":[{\"@type\":\"ListItem\",\"@id\":\"https:\\\/\\\/eldigitaldeasturias.com\\\/magazine365#listItem\",\"position\":1,\"name\":\"Home\",\"item\":\"https:\\\/\\\/eldigitaldeasturias.com\\\/magazine365\",\"nextItem\":{\"@type\":\"ListItem\",\"@id\":\"https:\\\/\\\/eldigitaldeasturias.com\\\/magazine365\\\/category\\\/noticias-actualidad\\\/#listItem\",\"name\":\"Noticias y Actualidad\"}},{\"@type\":\"ListItem\",\"@id\":\"https:\\\/\\\/eldigitaldeasturias.com\\\/magazine365\\\/category\\\/noticias-actualidad\\\/#listItem\",\"position\":2,\"name\":\"Noticias y Actualidad\",\"item\":\"https:\\\/\\\/eldigitaldeasturias.com\\\/magazine365\\\/category\\\/noticias-actualidad\\\/\",\"nextItem\":{\"@type\":\"ListItem\",\"@id\":\"https:\\\/\\\/eldigitaldeasturias.com\\\/magazine365\\\/sierra-nevada-celebra-el-carnaval\\\/#listItem\",\"name\":\"Sierra Nevada celebra el carnaval\"},\"previousItem\":{\"@type\":\"ListItem\",\"@id\":\"https:\\\/\\\/eldigitaldeasturias.com\\\/magazine365#listItem\",\"name\":\"Home\"}},{\"@type\":\"ListItem\",\"@id\":\"https:\\\/\\\/eldigitaldeasturias.com\\\/magazine365\\\/sierra-nevada-celebra-el-carnaval\\\/#listItem\",\"position\":3,\"name\":\"Sierra Nevada celebra el carnaval\",\"previousItem\":{\"@type\":\"ListItem\",\"@id\":\"https:\\\/\\\/eldigitaldeasturias.com\\\/magazine365\\\/category\\\/noticias-actualidad\\\/#listItem\",\"name\":\"Noticias y Actualidad\"}}]},{\"@type\":\"Organization\",\"@id\":\"https:\\\/\\\/eldigitaldeasturias.com\\\/magazine365\\\/#organization\",\"name\":\"El digital de Asturias\",\"description\":\"Revista de ocio, turismo y estilo de vida\",\"url\":\"https:\\\/\\\/eldigitaldeasturias.com\\\/magazine365\\\/\",\"logo\":{\"@type\":\"ImageObject\",\"url\":\"https:\\\/\\\/www.eldigitaldeasturias.com\\\/noticias\\\/wp-content\\\/uploads\\\/2020\\\/12\\\/EDA.jpg\",\"@id\":\"https:\\\/\\\/eldigitaldeasturias.com\\\/magazine365\\\/sierra-nevada-celebra-el-carnaval\\\/#organizationLogo\"},\"image\":{\"@id\":\"https:\\\/\\\/eldigitaldeasturias.com\\\/magazine365\\\/sierra-nevada-celebra-el-carnaval\\\/#organizationLogo\"}},{\"@type\":\"Person\",\"@id\":\"https:\\\/\\\/eldigitaldeasturias.com\\\/magazine365\\\/author\\\/admin\\\/#author\",\"url\":\"https:\\\/\\\/eldigitaldeasturias.com\\\/magazine365\\\/author\\\/admin\\\/\",\"name\":\"admin\",\"image\":{\"@type\":\"ImageObject\",\"@id\":\"https:\\\/\\\/eldigitaldeasturias.com\\\/magazine365\\\/sierra-nevada-celebra-el-carnaval\\\/#authorImage\",\"url\":\"https:\\\/\\\/eldigitaldeasturias.com\\\/magazine365\\\/wp-content\\\/litespeed\\\/avatar\\\/e571bcf59a0edd6fa6838245a470f2fe.jpg?ver=1776969259\",\"width\":96,\"height\":96,\"caption\":\"admin\"}},{\"@type\":\"WebPage\",\"@id\":\"https:\\\/\\\/eldigitaldeasturias.com\\\/magazine365\\\/sierra-nevada-celebra-el-carnaval\\\/#webpage\",\"url\":\"https:\\\/\\\/eldigitaldeasturias.com\\\/magazine365\\\/sierra-nevada-celebra-el-carnaval\\\/\",\"name\":\"Sierra Nevada celebra el carnaval | El Digital de Asturias\",\"description\":\"Sierra Nevada se ha llenado este s\\u00e1bado de colorido en el \\u00e1rea esquiable y la urbanizaci\\u00f3n de la estaci\\u00f3n invernal granadina con la participaci\\u00f3n de unos 400 esquiadores y 'snowboarders' a lo largo de la pista de El R\\u00edo iluminada en el descenso de Carnaval, \\\"el de mayor poder de convocatoria de los \\u00faltimos a\\u00f1os\\\".\",\"inLanguage\":\"es-ES\",\"isPartOf\":{\"@id\":\"https:\\\/\\\/eldigitaldeasturias.com\\\/magazine365\\\/#website\"},\"breadcrumb\":{\"@id\":\"https:\\\/\\\/eldigitaldeasturias.com\\\/magazine365\\\/sierra-nevada-celebra-el-carnaval\\\/#breadcrumblist\"},\"author\":{\"@id\":\"https:\\\/\\\/eldigitaldeasturias.com\\\/magazine365\\\/author\\\/admin\\\/#author\"},\"creator\":{\"@id\":\"https:\\\/\\\/eldigitaldeasturias.com\\\/magazine365\\\/author\\\/admin\\\/#author\"},\"image\":{\"@type\":\"ImageObject\",\"url\":\"https:\\\/\\\/eldigitaldeasturias.com\\\/magazine365\\\/wp-content\\\/uploads\\\/2016\\\/02\\\/fotonoticia_20160208100658_800.jpg\",\"@id\":\"https:\\\/\\\/eldigitaldeasturias.com\\\/magazine365\\\/sierra-nevada-celebra-el-carnaval\\\/#mainImage\",\"width\":800,\"height\":496},\"primaryImageOfPage\":{\"@id\":\"https:\\\/\\\/eldigitaldeasturias.com\\\/magazine365\\\/sierra-nevada-celebra-el-carnaval\\\/#mainImage\"},\"datePublished\":\"2016-02-08T12:03:11+01:00\",\"dateModified\":\"2016-02-08T12:03:11+01:00\"},{\"@type\":\"WebSite\",\"@id\":\"https:\\\/\\\/eldigitaldeasturias.com\\\/magazine365\\\/#website\",\"url\":\"https:\\\/\\\/eldigitaldeasturias.com\\\/magazine365\\\/\",\"name\":\"El Digital de Asturias\",\"description\":\"Revista de ocio, turismo y estilo de vida\",\"inLanguage\":\"es-ES\",\"publisher\":{\"@id\":\"https:\\\/\\\/eldigitaldeasturias.com\\\/magazine365\\\/#organization\"}}]}\n\t\t<\/script>\n\t\t<!-- All in One SEO Pro -->\r\n\t\t<title>Sierra Nevada celebra el carnaval | El Digital de Asturias<\/title>\n\n","aioseo_head_json":{"title":"Sierra Nevada celebra el carnaval | El Digital de Asturias","description":"Sierra Nevada se ha llenado este s\u00e1bado de colorido en el \u00e1rea esquiable y la urbanizaci\u00f3n de la estaci\u00f3n invernal granadina con la participaci\u00f3n de unos 400 esquiadores y 'snowboarders' a lo largo de la pista de El R\u00edo iluminada en el descenso de Carnaval, \"el de mayor poder de convocatoria de los \u00faltimos a\u00f1os\".","canonical_url":"https:\/\/eldigitaldeasturias.com\/magazine365\/sierra-nevada-celebra-el-carnaval\/","robots":"max-image-preview:large","keywords":"noticias y actualidad","webmasterTools":{"google-site-verification":"UA-38556648-1","miscellaneous":""},"schema":{"@context":"https:\/\/schema.org","@graph":[{"@type":"Article","@id":"https:\/\/eldigitaldeasturias.com\/magazine365\/sierra-nevada-celebra-el-carnaval\/#article","name":"Sierra Nevada celebra el carnaval | El Digital de Asturias","headline":"Sierra Nevada celebra el carnaval","author":{"@id":"https:\/\/eldigitaldeasturias.com\/magazine365\/author\/admin\/#author"},"publisher":{"@id":"https:\/\/eldigitaldeasturias.com\/magazine365\/#organization"},"image":{"@type":"ImageObject","url":"https:\/\/eldigitaldeasturias.com\/magazine365\/wp-content\/uploads\/2016\/02\/fotonoticia_20160208100658_800.jpg","width":800,"height":496},"datePublished":"2016-02-08T12:03:11+01:00","dateModified":"2016-02-08T12:03:11+01:00","inLanguage":"es-ES","mainEntityOfPage":{"@id":"https:\/\/eldigitaldeasturias.com\/magazine365\/sierra-nevada-celebra-el-carnaval\/#webpage"},"isPartOf":{"@id":"https:\/\/eldigitaldeasturias.com\/magazine365\/sierra-nevada-celebra-el-carnaval\/#webpage"},"articleSection":"Noticias y Actualidad"},{"@type":"BreadcrumbList","@id":"https:\/\/eldigitaldeasturias.com\/magazine365\/sierra-nevada-celebra-el-carnaval\/#breadcrumblist","itemListElement":[{"@type":"ListItem","@id":"https:\/\/eldigitaldeasturias.com\/magazine365#listItem","position":1,"name":"Home","item":"https:\/\/eldigitaldeasturias.com\/magazine365","nextItem":{"@type":"ListItem","@id":"https:\/\/eldigitaldeasturias.com\/magazine365\/category\/noticias-actualidad\/#listItem","name":"Noticias y Actualidad"}},{"@type":"ListItem","@id":"https:\/\/eldigitaldeasturias.com\/magazine365\/category\/noticias-actualidad\/#listItem","position":2,"name":"Noticias y Actualidad","item":"https:\/\/eldigitaldeasturias.com\/magazine365\/category\/noticias-actualidad\/","nextItem":{"@type":"ListItem","@id":"https:\/\/eldigitaldeasturias.com\/magazine365\/sierra-nevada-celebra-el-carnaval\/#listItem","name":"Sierra Nevada celebra el carnaval"},"previousItem":{"@type":"ListItem","@id":"https:\/\/eldigitaldeasturias.com\/magazine365#listItem","name":"Home"}},{"@type":"ListItem","@id":"https:\/\/eldigitaldeasturias.com\/magazine365\/sierra-nevada-celebra-el-carnaval\/#listItem","position":3,"name":"Sierra Nevada celebra el carnaval","previousItem":{"@type":"ListItem","@id":"https:\/\/eldigitaldeasturias.com\/magazine365\/category\/noticias-actualidad\/#listItem","name":"Noticias y Actualidad"}}]},{"@type":"Organization","@id":"https:\/\/eldigitaldeasturias.com\/magazine365\/#organization","name":"El digital de Asturias","description":"Revista de ocio, turismo y estilo de vida","url":"https:\/\/eldigitaldeasturias.com\/magazine365\/","logo":{"@type":"ImageObject","url":"https:\/\/www.eldigitaldeasturias.com\/noticias\/wp-content\/uploads\/2020\/12\/EDA.jpg","@id":"https:\/\/eldigitaldeasturias.com\/magazine365\/sierra-nevada-celebra-el-carnaval\/#organizationLogo"},"image":{"@id":"https:\/\/eldigitaldeasturias.com\/magazine365\/sierra-nevada-celebra-el-carnaval\/#organizationLogo"}},{"@type":"Person","@id":"https:\/\/eldigitaldeasturias.com\/magazine365\/author\/admin\/#author","url":"https:\/\/eldigitaldeasturias.com\/magazine365\/author\/admin\/","name":"admin","image":{"@type":"ImageObject","@id":"https:\/\/eldigitaldeasturias.com\/magazine365\/sierra-nevada-celebra-el-carnaval\/#authorImage","url":"https:\/\/eldigitaldeasturias.com\/magazine365\/wp-content\/litespeed\/avatar\/e571bcf59a0edd6fa6838245a470f2fe.jpg?ver=1776969259","width":96,"height":96,"caption":"admin"}},{"@type":"WebPage","@id":"https:\/\/eldigitaldeasturias.com\/magazine365\/sierra-nevada-celebra-el-carnaval\/#webpage","url":"https:\/\/eldigitaldeasturias.com\/magazine365\/sierra-nevada-celebra-el-carnaval\/","name":"Sierra Nevada celebra el carnaval | El Digital de Asturias","description":"Sierra Nevada se ha llenado este s\u00e1bado de colorido en el \u00e1rea esquiable y la urbanizaci\u00f3n de la estaci\u00f3n invernal granadina con la participaci\u00f3n de unos 400 esquiadores y 'snowboarders' a lo largo de la pista de El R\u00edo iluminada en el descenso de Carnaval, \"el de mayor poder de convocatoria de los \u00faltimos a\u00f1os\".","inLanguage":"es-ES","isPartOf":{"@id":"https:\/\/eldigitaldeasturias.com\/magazine365\/#website"},"breadcrumb":{"@id":"https:\/\/eldigitaldeasturias.com\/magazine365\/sierra-nevada-celebra-el-carnaval\/#breadcrumblist"},"author":{"@id":"https:\/\/eldigitaldeasturias.com\/magazine365\/author\/admin\/#author"},"creator":{"@id":"https:\/\/eldigitaldeasturias.com\/magazine365\/author\/admin\/#author"},"image":{"@type":"ImageObject","url":"https:\/\/eldigitaldeasturias.com\/magazine365\/wp-content\/uploads\/2016\/02\/fotonoticia_20160208100658_800.jpg","@id":"https:\/\/eldigitaldeasturias.com\/magazine365\/sierra-nevada-celebra-el-carnaval\/#mainImage","width":800,"height":496},"primaryImageOfPage":{"@id":"https:\/\/eldigitaldeasturias.com\/magazine365\/sierra-nevada-celebra-el-carnaval\/#mainImage"},"datePublished":"2016-02-08T12:03:11+01:00","dateModified":"2016-02-08T12:03:11+01:00"},{"@type":"WebSite","@id":"https:\/\/eldigitaldeasturias.com\/magazine365\/#website","url":"https:\/\/eldigitaldeasturias.com\/magazine365\/","name":"El Digital de Asturias","description":"Revista de ocio, turismo y estilo de vida","inLanguage":"es-ES","publisher":{"@id":"https:\/\/eldigitaldeasturias.com\/magazine365\/#organization"}}]},"og:locale":"es_ES","og:site_name":"El Digital de Asturias \u2013 Revista de ocio, turismo y estilo de vida","og:type":"article","og:title":"Sierra Nevada celebra el carnaval | El Digital de Asturias","og:description":"Sierra Nevada se ha llenado este s\u00e1bado de colorido en el \u00e1rea esquiable y la urbanizaci\u00f3n de la estaci\u00f3n invernal granadina con la participaci\u00f3n de unos 400 esquiadores y 'snowboarders' a lo largo de la pista de El R\u00edo iluminada en el descenso de Carnaval, &quot;el de mayor poder de convocatoria de los \u00faltimos a\u00f1os&quot;.","og:url":"https:\/\/eldigitaldeasturias.com\/magazine365\/sierra-nevada-celebra-el-carnaval\/","og:image":"https:\/\/eldigitaldeasturias.com\/magazine365\/wp-content\/uploads\/2016\/02\/fotonoticia_20160208100658_800.jpg","og:image:secure_url":"https:\/\/eldigitaldeasturias.com\/magazine365\/wp-content\/uploads\/2016\/02\/fotonoticia_20160208100658_800.jpg","og:image:width":800,"og:image:height":496,"article:published_time":"2016-02-08T11:03:11+00:00","article:modified_time":"2016-02-08T11:03:11+00:00","twitter:card":"summary_large_image","twitter:title":"Sierra Nevada celebra el carnaval | El Digital de Asturias","twitter:description":"Sierra Nevada se ha llenado este s\u00e1bado de colorido en el \u00e1rea esquiable y la urbanizaci\u00f3n de la estaci\u00f3n invernal granadina con la participaci\u00f3n de unos 400 esquiadores y 'snowboarders' a lo largo de la pista de El R\u00edo iluminada en el descenso de Carnaval, &quot;el de mayor poder de convocatoria de los \u00faltimos a\u00f1os&quot;.","twitter:image":"https:\/\/eldigitaldeasturias.com\/magazine365\/wp-content\/uploads\/2016\/02\/fotonoticia_20160208100658_800.jpg"},"aioseo_meta_data":{"post_id":"63522","title":null,"description":null,"keywords":null,"keyphrases":null,"primary_term":null,"canonical_url":null,"og_title":null,"og_description":null,"og_object_type":"default","og_image_type":"default","og_image_url":null,"og_image_width":null,"og_image_height":null,"og_image_custom_url":null,"og_image_custom_fields":null,"og_video":null,"og_custom_url":null,"og_article_section":null,"og_article_tags":null,"twitter_use_og":false,"twitter_card":"default","twitter_image_type":"default","twitter_image_url":null,"twitter_image_custom_url":null,"twitter_image_custom_fields":null,"twitter_title":null,"twitter_description":null,"schema":{"blockGraphs":[],"customGraphs":[],"default":{"data":{"Article":[],"Course":[],"Dataset":[],"FAQPage":[],"Movie":[],"Person":[],"Product":[],"ProductReview":[],"Car":[],"Recipe":[],"Service":[],"SoftwareApplication":[],"WebPage":[]},"graphName":"","isEnabled":true},"graphs":[],"defaultGraph":"","defaultPostTypeGraph":""},"schema_type":null,"schema_type_options":null,"pillar_content":false,"robots_default":true,"robots_noindex":false,"robots_noarchive":false,"robots_nosnippet":false,"robots_nofollow":false,"robots_noimageindex":false,"robots_noodp":false,"robots_notranslate":false,"robots_max_snippet":null,"robots_max_videopreview":null,"robots_max_imagepreview":"large","priority":null,"frequency":null,"location":null,"local_seo":null,"seo_analyzer_scan_date":"2025-09-25 13:18:18","breadcrumb_settings":null,"limit_modified_date":false,"open_ai":null,"ai":null,"created":"2021-03-08 21:22:18","updated":"2025-09-25 13:18:18"},"aioseo_breadcrumb":"<div class=\"aioseo-breadcrumbs\"><span class=\"aioseo-breadcrumb\">\n\t<a href=\"https:\/\/eldigitaldeasturias.com\/magazine365\" title=\"Home\">Home<\/a>\n<\/span><span class=\"aioseo-breadcrumb-separator\">\u2013<\/span><span class=\"aioseo-breadcrumb\">\n\t<a href=\"https:\/\/eldigitaldeasturias.com\/magazine365\/category\/noticias-actualidad\/\" title=\"Noticias y Actualidad\">Noticias y Actualidad<\/a>\n<\/span><span class=\"aioseo-breadcrumb-separator\">\u2013<\/span><span class=\"aioseo-breadcrumb\">\n\t<a href=\"https:\/\/eldigitaldeasturias.com\/magazine365\/sierra-nevada-celebra-el-carnaval\/\" title=\"Sierra Nevada celebra el carnaval\">Sierra Nevada celebra el carnaval<\/a>\n<\/span><\/div>","aioseo_breadcrumb_json":[{"label":"Home","link":"https:\/\/eldigitaldeasturias.com\/magazine365"},{"label":"Noticias y Actualidad","link":"https:\/\/eldigitaldeasturias.com\/magazine365\/category\/noticias-actualidad\/"},{"label":"Sierra Nevada celebra el carnaval","link":"https:\/\/eldigitaldeasturias.com\/magazine365\/sierra-nevada-celebra-el-carnaval\/"}],"_links":{"self":[{"href":"https:\/\/eldigitaldeasturias.com\/magazine365\/wp-json\/wp\/v2\/posts\/63522","targetHints":{"allow":["GET"]}}],"collection":[{"href":"https:\/\/eldigitaldeasturias.com\/magazine365\/wp-json\/wp\/v2\/posts"}],"about":[{"href":"https:\/\/eldigitaldeasturias.com\/magazine365\/wp-json\/wp\/v2\/types\/post"}],"author":[{"embeddable":true,"href":"https:\/\/eldigitaldeasturias.com\/magazine365\/wp-json\/wp\/v2\/users\/1"}],"replies":[{"embeddable":true,"href":"https:\/\/eldigitaldeasturias.com\/magazine365\/wp-json\/wp\/v2\/comments?post=63522"}],"version-history":[{"count":0,"href":"https:\/\/eldigitaldeasturias.com\/magazine365\/wp-json\/wp\/v2\/posts\/63522\/revisions"}],"wp:featuredmedia":[{"embeddable":true,"href":"https:\/\/eldigitaldeasturias.com\/magazine365\/wp-json\/wp\/v2\/media\/63523"}],"wp:attachment":[{"href":"https:\/\/eldigitaldeasturias.com\/magazine365\/wp-json\/wp\/v2\/media?parent=63522"}],"wp:term":[{"taxonomy":"category","embeddable":true,"href":"https:\/\/eldigitaldeasturias.com\/magazine365\/wp-json\/wp\/v2\/categories?post=63522"},{"taxonomy":"post_tag","embeddable":true,"href":"https:\/\/eldigitaldeasturias.com\/magazine365\/wp-json\/wp\/v2\/tags?post=63522"}],"curies":[{"name":"wp","href":"https:\/\/api.w.org\/{rel}","templated":true}]}}