{"id":63520,"date":"2016-02-08T11:59:33","date_gmt":"2016-02-08T10:59:33","guid":{"rendered":"http:\/\/eldigitaldeasturias.com\/magazine365\/?p=63520"},"modified":"2016-02-08T11:59:33","modified_gmt":"2016-02-08T10:59:33","slug":"el-presunto-terrorista-que-se-inmolo-en-un-avion-en-somalia-tenia-previsto-embarcar-con-turkish-airlines","status":"publish","type":"post","link":"https:\/\/eldigitaldeasturias.com\/magazine365\/el-presunto-terrorista-que-se-inmolo-en-un-avion-en-somalia-tenia-previsto-embarcar-con-turkish-airlines\/","title":{"rendered":"El presunto terrorista que se inmol\u00f3 en un avi\u00f3n en Somalia ten\u00eda previsto embarcar con Turkish Airlines"},"content":{"rendered":"<p>El presidente de la aerol\u00ednea Daallo Airlines, Mohamed Ibrahim Yasin Olad, ha asegurado este domingo que el presunto terrorista suicida que se inmol\u00f3 esta semana en un avi\u00f3n de la compa\u00f1\u00eda, obligando a un aterrizaje forzoso en Somalia, ten\u00eda previsto embarcar en un avi\u00f3n de Turkish Airlines.<\/p>\n<p>   Yasin Olad ha detallado, en declaraciones concedidas a la cadena de televisi\u00f3n qatar\u00ed Al Yazira, que los 74 pasajeros del avi\u00f3n hab\u00edan reservado sus billetes con la aerol\u00ednea turca, si bien \u00e9sta cancel\u00f3 su vuelo.<\/p>\n<p>   \u00abNo eran nuestros pasajeros. Turkish Airlines cancel\u00f3 su vuelo desde Mogadiscio esta ma\u00f1ana porque el vuelo que llegaba de Yibuti no lo hizo debido al fuerte viento\u00bb, ha dicho.<\/p>\n<p>   \u00abNos pidieron que llev\u00e1ramos a los pasajeros a Yibuti en su nombre, desde donde continuar\u00edan con un vuelo de Turkish Airlines\u00bb, ha relatado, agregando que la compa\u00f1\u00eda est\u00e1 trabajando con las autoridades somal\u00edes para evitar nuevos incidentes similares en el futuro.<\/p>\n<p>   As\u00ed, ha asegurado que Turkish Airlines no ha estado en contacto con Daallo Airlines desde el incidente. \u00abSe puede decir que est\u00e1n intentando distanciarse del incidente\u00bb, ha remachado Yasin Olad.<\/p>\n<p>   El ministro somal\u00ed de Transporte y Aviaci\u00f3n, Al\u00ed Ahmed Jamac, anunci\u00f3 el viernes que la explosi\u00f3n registrada en el avi\u00f3n habr\u00eda sido provocada por una explosi\u00f3n, confirmando las primeras hip\u00f3tesis sobre el suceso.<\/p>\n<p>   El avi\u00f3n despeg\u00f3 desde Mogadiscio rumbo a Yibuti pero tuvo que volver despu\u00e9s de un \u00abincidente\u00bb a bordo. Testigos confirmaron una fuerte explosi\u00f3n y las im\u00e1genes muestran un agujero en el fuselaje sobre una de las alas.<\/p>\n<p>   Los investigadores indicaron el jueves que la explosi\u00f3n habr\u00eda sido provocada por un terrorista suicida perteneciente a la milicia islamista Al Shabaab que habr\u00eda infiltrado los explosivos en una silla de ruedas.<\/p>\n<p>   El presunto terrorista ser\u00eda el hombre que sali\u00f3 despedido del avi\u00f3n a trav\u00e9s del agujero provocado por la explosi\u00f3n, que se sald\u00f3 con dos heridos leves entre el pasaje.<\/p>\n<p>   Las autoridades de la zona de Balcad, a unos 30 kil\u00f3metros de Mogadiscio, informaron horas despu\u00e9s de la localizaci\u00f3n del cuerpo que hab\u00eda salido despedido de la aeronave.<\/p>\n","protected":false},"excerpt":{"rendered":"<p>El presidente de la aerol\u00ednea Daallo Airlines, Mohamed Ibrahim Yasin Olad, ha asegurado este domingo que el presunto terrorista suicida que se inmol\u00f3 esta semana en un avi\u00f3n de la compa\u00f1\u00eda, obligando a un aterrizaje forzoso en Somalia, ten\u00eda previsto embarcar en un avi\u00f3n de Turkish Airlines. Yasin Olad ha detallado, en declaraciones concedidas a<\/p>\n","protected":false},"author":1,"featured_media":39092,"comment_status":"open","ping_status":"closed","sticky":false,"template":"","format":"standard","meta":{"footnotes":""},"categories":[224],"tags":[],"class_list":{"0":"post-63520","1":"post","2":"type-post","3":"status-publish","4":"format-standard","5":"has-post-thumbnail","7":"category-noticias-actualidad"},"aioseo_notices":[],"aioseo_head":"\n\t\t<!-- All in One SEO Pro 4.9.6.1 - aioseo.com -->\n\t<meta name=\"description\" content=\"El presidente de la aerol\u00ednea Daallo Airlines, Mohamed Ibrahim Yasin Olad, ha asegurado este domingo que el presunto terrorista suicida que se inmol\u00f3 esta semana en un avi\u00f3n de la compa\u00f1\u00eda, obligando a un aterrizaje forzoso en Somalia, ten\u00eda previsto embarcar en un avi\u00f3n de Turkish Airlines. Yasin Olad ha detallado, en declaraciones concedidas a\" \/>\n\t<meta name=\"robots\" content=\"max-image-preview:large\" \/>\n\t<meta name=\"author\" content=\"admin\"\/>\n\t<meta name=\"google-site-verification\" content=\"UA-38556648-1\" \/>\n\t<meta name=\"keywords\" content=\"noticias y actualidad\" \/>\n\t<link rel=\"canonical\" href=\"https:\/\/eldigitaldeasturias.com\/magazine365\/el-presunto-terrorista-que-se-inmolo-en-un-avion-en-somalia-tenia-previsto-embarcar-con-turkish-airlines\/\" \/>\n\t<meta name=\"generator\" content=\"All in One SEO Pro (AIOSEO) 4.9.6.1\" \/>\n\t\t<meta property=\"og:locale\" content=\"es_ES\" \/>\n\t\t<meta property=\"og:site_name\" content=\"El Digital de Asturias \u2013 Revista de ocio, turismo y estilo de vida\" \/>\n\t\t<meta property=\"og:type\" content=\"article\" \/>\n\t\t<meta property=\"og:title\" content=\"El presunto terrorista que se inmol\u00f3 en un avi\u00f3n en Somalia ten\u00eda previsto embarcar con Turkish Airlines | El Digital de Asturias\" \/>\n\t\t<meta property=\"og:description\" content=\"El presidente de la aerol\u00ednea Daallo Airlines, Mohamed Ibrahim Yasin Olad, ha asegurado este domingo que el presunto terrorista suicida que se inmol\u00f3 esta semana en un avi\u00f3n de la compa\u00f1\u00eda, obligando a un aterrizaje forzoso en Somalia, ten\u00eda previsto embarcar en un avi\u00f3n de Turkish Airlines. Yasin Olad ha detallado, en declaraciones concedidas a\" \/>\n\t\t<meta property=\"og:url\" content=\"https:\/\/eldigitaldeasturias.com\/magazine365\/el-presunto-terrorista-que-se-inmolo-en-un-avion-en-somalia-tenia-previsto-embarcar-con-turkish-airlines\/\" \/>\n\t\t<meta property=\"og:image\" content=\"https:\/\/eldigitaldeasturias.com\/magazine365\/wp-content\/uploads\/2015\/06\/aeropuerto.jpg\" \/>\n\t\t<meta property=\"og:image:secure_url\" content=\"https:\/\/eldigitaldeasturias.com\/magazine365\/wp-content\/uploads\/2015\/06\/aeropuerto.jpg\" \/>\n\t\t<meta property=\"og:image:width\" content=\"800\" \/>\n\t\t<meta property=\"og:image:height\" content=\"531\" \/>\n\t\t<meta property=\"article:published_time\" content=\"2016-02-08T10:59:33+00:00\" \/>\n\t\t<meta property=\"article:modified_time\" content=\"2016-02-08T10:59:33+00:00\" \/>\n\t\t<meta name=\"twitter:card\" content=\"summary_large_image\" \/>\n\t\t<meta name=\"twitter:title\" content=\"El presunto terrorista que se inmol\u00f3 en un avi\u00f3n en Somalia ten\u00eda previsto embarcar con Turkish Airlines | El Digital de Asturias\" \/>\n\t\t<meta name=\"twitter:description\" content=\"El presidente de la aerol\u00ednea Daallo Airlines, Mohamed Ibrahim Yasin Olad, ha asegurado este domingo que el presunto terrorista suicida que se inmol\u00f3 esta semana en un avi\u00f3n de la compa\u00f1\u00eda, obligando a un aterrizaje forzoso en Somalia, ten\u00eda previsto embarcar en un avi\u00f3n de Turkish Airlines. Yasin Olad ha detallado, en declaraciones concedidas a\" \/>\n\t\t<meta name=\"twitter:image\" content=\"https:\/\/eldigitaldeasturias.com\/magazine365\/wp-content\/uploads\/2015\/06\/aeropuerto.jpg\" \/>\n\t\t<script type=\"application\/ld+json\" class=\"aioseo-schema\">\n\t\t\t{\"@context\":\"https:\\\/\\\/schema.org\",\"@graph\":[{\"@type\":\"Article\",\"@id\":\"https:\\\/\\\/eldigitaldeasturias.com\\\/magazine365\\\/el-presunto-terrorista-que-se-inmolo-en-un-avion-en-somalia-tenia-previsto-embarcar-con-turkish-airlines\\\/#article\",\"name\":\"El presunto terrorista que se inmol\\u00f3 en un avi\\u00f3n en Somalia ten\\u00eda previsto embarcar con Turkish Airlines | El Digital de Asturias\",\"headline\":\"El presunto terrorista que se inmol\\u00f3 en un avi\\u00f3n en Somalia ten\\u00eda previsto embarcar con Turkish Airlines\",\"author\":{\"@id\":\"https:\\\/\\\/eldigitaldeasturias.com\\\/magazine365\\\/author\\\/admin\\\/#author\"},\"publisher\":{\"@id\":\"https:\\\/\\\/eldigitaldeasturias.com\\\/magazine365\\\/#organization\"},\"image\":{\"@type\":\"ImageObject\",\"url\":\"https:\\\/\\\/eldigitaldeasturias.com\\\/magazine365\\\/wp-content\\\/uploads\\\/2015\\\/06\\\/aeropuerto.jpg\",\"width\":800,\"height\":531},\"datePublished\":\"2016-02-08T11:59:33+01:00\",\"dateModified\":\"2016-02-08T11:59:33+01:00\",\"inLanguage\":\"es-ES\",\"mainEntityOfPage\":{\"@id\":\"https:\\\/\\\/eldigitaldeasturias.com\\\/magazine365\\\/el-presunto-terrorista-que-se-inmolo-en-un-avion-en-somalia-tenia-previsto-embarcar-con-turkish-airlines\\\/#webpage\"},\"isPartOf\":{\"@id\":\"https:\\\/\\\/eldigitaldeasturias.com\\\/magazine365\\\/el-presunto-terrorista-que-se-inmolo-en-un-avion-en-somalia-tenia-previsto-embarcar-con-turkish-airlines\\\/#webpage\"},\"articleSection\":\"Noticias y Actualidad\"},{\"@type\":\"BreadcrumbList\",\"@id\":\"https:\\\/\\\/eldigitaldeasturias.com\\\/magazine365\\\/el-presunto-terrorista-que-se-inmolo-en-un-avion-en-somalia-tenia-previsto-embarcar-con-turkish-airlines\\\/#breadcrumblist\",\"itemListElement\":[{\"@type\":\"ListItem\",\"@id\":\"https:\\\/\\\/eldigitaldeasturias.com\\\/magazine365#listItem\",\"position\":1,\"name\":\"Home\",\"item\":\"https:\\\/\\\/eldigitaldeasturias.com\\\/magazine365\",\"nextItem\":{\"@type\":\"ListItem\",\"@id\":\"https:\\\/\\\/eldigitaldeasturias.com\\\/magazine365\\\/category\\\/noticias-actualidad\\\/#listItem\",\"name\":\"Noticias y Actualidad\"}},{\"@type\":\"ListItem\",\"@id\":\"https:\\\/\\\/eldigitaldeasturias.com\\\/magazine365\\\/category\\\/noticias-actualidad\\\/#listItem\",\"position\":2,\"name\":\"Noticias y Actualidad\",\"item\":\"https:\\\/\\\/eldigitaldeasturias.com\\\/magazine365\\\/category\\\/noticias-actualidad\\\/\",\"nextItem\":{\"@type\":\"ListItem\",\"@id\":\"https:\\\/\\\/eldigitaldeasturias.com\\\/magazine365\\\/el-presunto-terrorista-que-se-inmolo-en-un-avion-en-somalia-tenia-previsto-embarcar-con-turkish-airlines\\\/#listItem\",\"name\":\"El presunto terrorista que se inmol\\u00f3 en un avi\\u00f3n en Somalia ten\\u00eda previsto embarcar con Turkish Airlines\"},\"previousItem\":{\"@type\":\"ListItem\",\"@id\":\"https:\\\/\\\/eldigitaldeasturias.com\\\/magazine365#listItem\",\"name\":\"Home\"}},{\"@type\":\"ListItem\",\"@id\":\"https:\\\/\\\/eldigitaldeasturias.com\\\/magazine365\\\/el-presunto-terrorista-que-se-inmolo-en-un-avion-en-somalia-tenia-previsto-embarcar-con-turkish-airlines\\\/#listItem\",\"position\":3,\"name\":\"El presunto terrorista que se inmol\\u00f3 en un avi\\u00f3n en Somalia ten\\u00eda previsto embarcar con Turkish Airlines\",\"previousItem\":{\"@type\":\"ListItem\",\"@id\":\"https:\\\/\\\/eldigitaldeasturias.com\\\/magazine365\\\/category\\\/noticias-actualidad\\\/#listItem\",\"name\":\"Noticias y Actualidad\"}}]},{\"@type\":\"Organization\",\"@id\":\"https:\\\/\\\/eldigitaldeasturias.com\\\/magazine365\\\/#organization\",\"name\":\"El digital de Asturias\",\"description\":\"Revista de ocio, turismo y estilo de vida\",\"url\":\"https:\\\/\\\/eldigitaldeasturias.com\\\/magazine365\\\/\",\"logo\":{\"@type\":\"ImageObject\",\"url\":\"https:\\\/\\\/www.eldigitaldeasturias.com\\\/noticias\\\/wp-content\\\/uploads\\\/2020\\\/12\\\/EDA.jpg\",\"@id\":\"https:\\\/\\\/eldigitaldeasturias.com\\\/magazine365\\\/el-presunto-terrorista-que-se-inmolo-en-un-avion-en-somalia-tenia-previsto-embarcar-con-turkish-airlines\\\/#organizationLogo\"},\"image\":{\"@id\":\"https:\\\/\\\/eldigitaldeasturias.com\\\/magazine365\\\/el-presunto-terrorista-que-se-inmolo-en-un-avion-en-somalia-tenia-previsto-embarcar-con-turkish-airlines\\\/#organizationLogo\"}},{\"@type\":\"Person\",\"@id\":\"https:\\\/\\\/eldigitaldeasturias.com\\\/magazine365\\\/author\\\/admin\\\/#author\",\"url\":\"https:\\\/\\\/eldigitaldeasturias.com\\\/magazine365\\\/author\\\/admin\\\/\",\"name\":\"admin\",\"image\":{\"@type\":\"ImageObject\",\"@id\":\"https:\\\/\\\/eldigitaldeasturias.com\\\/magazine365\\\/el-presunto-terrorista-que-se-inmolo-en-un-avion-en-somalia-tenia-previsto-embarcar-con-turkish-airlines\\\/#authorImage\",\"url\":\"https:\\\/\\\/eldigitaldeasturias.com\\\/magazine365\\\/wp-content\\\/litespeed\\\/avatar\\\/e571bcf59a0edd6fa6838245a470f2fe.jpg?ver=1776969259\",\"width\":96,\"height\":96,\"caption\":\"admin\"}},{\"@type\":\"WebPage\",\"@id\":\"https:\\\/\\\/eldigitaldeasturias.com\\\/magazine365\\\/el-presunto-terrorista-que-se-inmolo-en-un-avion-en-somalia-tenia-previsto-embarcar-con-turkish-airlines\\\/#webpage\",\"url\":\"https:\\\/\\\/eldigitaldeasturias.com\\\/magazine365\\\/el-presunto-terrorista-que-se-inmolo-en-un-avion-en-somalia-tenia-previsto-embarcar-con-turkish-airlines\\\/\",\"name\":\"El presunto terrorista que se inmol\\u00f3 en un avi\\u00f3n en Somalia ten\\u00eda previsto embarcar con Turkish Airlines | El Digital de Asturias\",\"description\":\"El presidente de la aerol\\u00ednea Daallo Airlines, Mohamed Ibrahim Yasin Olad, ha asegurado este domingo que el presunto terrorista suicida que se inmol\\u00f3 esta semana en un avi\\u00f3n de la compa\\u00f1\\u00eda, obligando a un aterrizaje forzoso en Somalia, ten\\u00eda previsto embarcar en un avi\\u00f3n de Turkish Airlines. Yasin Olad ha detallado, en declaraciones concedidas a\",\"inLanguage\":\"es-ES\",\"isPartOf\":{\"@id\":\"https:\\\/\\\/eldigitaldeasturias.com\\\/magazine365\\\/#website\"},\"breadcrumb\":{\"@id\":\"https:\\\/\\\/eldigitaldeasturias.com\\\/magazine365\\\/el-presunto-terrorista-que-se-inmolo-en-un-avion-en-somalia-tenia-previsto-embarcar-con-turkish-airlines\\\/#breadcrumblist\"},\"author\":{\"@id\":\"https:\\\/\\\/eldigitaldeasturias.com\\\/magazine365\\\/author\\\/admin\\\/#author\"},\"creator\":{\"@id\":\"https:\\\/\\\/eldigitaldeasturias.com\\\/magazine365\\\/author\\\/admin\\\/#author\"},\"image\":{\"@type\":\"ImageObject\",\"url\":\"https:\\\/\\\/eldigitaldeasturias.com\\\/magazine365\\\/wp-content\\\/uploads\\\/2015\\\/06\\\/aeropuerto.jpg\",\"@id\":\"https:\\\/\\\/eldigitaldeasturias.com\\\/magazine365\\\/el-presunto-terrorista-que-se-inmolo-en-un-avion-en-somalia-tenia-previsto-embarcar-con-turkish-airlines\\\/#mainImage\",\"width\":800,\"height\":531},\"primaryImageOfPage\":{\"@id\":\"https:\\\/\\\/eldigitaldeasturias.com\\\/magazine365\\\/el-presunto-terrorista-que-se-inmolo-en-un-avion-en-somalia-tenia-previsto-embarcar-con-turkish-airlines\\\/#mainImage\"},\"datePublished\":\"2016-02-08T11:59:33+01:00\",\"dateModified\":\"2016-02-08T11:59:33+01:00\"},{\"@type\":\"WebSite\",\"@id\":\"https:\\\/\\\/eldigitaldeasturias.com\\\/magazine365\\\/#website\",\"url\":\"https:\\\/\\\/eldigitaldeasturias.com\\\/magazine365\\\/\",\"name\":\"El Digital de Asturias\",\"description\":\"Revista de ocio, turismo y estilo de vida\",\"inLanguage\":\"es-ES\",\"publisher\":{\"@id\":\"https:\\\/\\\/eldigitaldeasturias.com\\\/magazine365\\\/#organization\"}}]}\n\t\t<\/script>\n\t\t<!-- All in One SEO Pro -->\r\n\t\t<title>El presunto terrorista que se inmol\u00f3 en un avi\u00f3n en Somalia ten\u00eda previsto embarcar con Turkish Airlines | El Digital de Asturias<\/title>\n\n","aioseo_head_json":{"title":"El presunto terrorista que se inmol\u00f3 en un avi\u00f3n en Somalia ten\u00eda previsto embarcar con Turkish Airlines | El Digital de Asturias","description":"El presidente de la aerol\u00ednea Daallo Airlines, Mohamed Ibrahim Yasin Olad, ha asegurado este domingo que el presunto terrorista suicida que se inmol\u00f3 esta semana en un avi\u00f3n de la compa\u00f1\u00eda, obligando a un aterrizaje forzoso en Somalia, ten\u00eda previsto embarcar en un avi\u00f3n de Turkish Airlines. Yasin Olad ha detallado, en declaraciones concedidas a","canonical_url":"https:\/\/eldigitaldeasturias.com\/magazine365\/el-presunto-terrorista-que-se-inmolo-en-un-avion-en-somalia-tenia-previsto-embarcar-con-turkish-airlines\/","robots":"max-image-preview:large","keywords":"noticias y actualidad","webmasterTools":{"google-site-verification":"UA-38556648-1","miscellaneous":""},"schema":{"@context":"https:\/\/schema.org","@graph":[{"@type":"Article","@id":"https:\/\/eldigitaldeasturias.com\/magazine365\/el-presunto-terrorista-que-se-inmolo-en-un-avion-en-somalia-tenia-previsto-embarcar-con-turkish-airlines\/#article","name":"El presunto terrorista que se inmol\u00f3 en un avi\u00f3n en Somalia ten\u00eda previsto embarcar con Turkish Airlines | El Digital de Asturias","headline":"El presunto terrorista que se inmol\u00f3 en un avi\u00f3n en Somalia ten\u00eda previsto embarcar con Turkish Airlines","author":{"@id":"https:\/\/eldigitaldeasturias.com\/magazine365\/author\/admin\/#author"},"publisher":{"@id":"https:\/\/eldigitaldeasturias.com\/magazine365\/#organization"},"image":{"@type":"ImageObject","url":"https:\/\/eldigitaldeasturias.com\/magazine365\/wp-content\/uploads\/2015\/06\/aeropuerto.jpg","width":800,"height":531},"datePublished":"2016-02-08T11:59:33+01:00","dateModified":"2016-02-08T11:59:33+01:00","inLanguage":"es-ES","mainEntityOfPage":{"@id":"https:\/\/eldigitaldeasturias.com\/magazine365\/el-presunto-terrorista-que-se-inmolo-en-un-avion-en-somalia-tenia-previsto-embarcar-con-turkish-airlines\/#webpage"},"isPartOf":{"@id":"https:\/\/eldigitaldeasturias.com\/magazine365\/el-presunto-terrorista-que-se-inmolo-en-un-avion-en-somalia-tenia-previsto-embarcar-con-turkish-airlines\/#webpage"},"articleSection":"Noticias y Actualidad"},{"@type":"BreadcrumbList","@id":"https:\/\/eldigitaldeasturias.com\/magazine365\/el-presunto-terrorista-que-se-inmolo-en-un-avion-en-somalia-tenia-previsto-embarcar-con-turkish-airlines\/#breadcrumblist","itemListElement":[{"@type":"ListItem","@id":"https:\/\/eldigitaldeasturias.com\/magazine365#listItem","position":1,"name":"Home","item":"https:\/\/eldigitaldeasturias.com\/magazine365","nextItem":{"@type":"ListItem","@id":"https:\/\/eldigitaldeasturias.com\/magazine365\/category\/noticias-actualidad\/#listItem","name":"Noticias y Actualidad"}},{"@type":"ListItem","@id":"https:\/\/eldigitaldeasturias.com\/magazine365\/category\/noticias-actualidad\/#listItem","position":2,"name":"Noticias y Actualidad","item":"https:\/\/eldigitaldeasturias.com\/magazine365\/category\/noticias-actualidad\/","nextItem":{"@type":"ListItem","@id":"https:\/\/eldigitaldeasturias.com\/magazine365\/el-presunto-terrorista-que-se-inmolo-en-un-avion-en-somalia-tenia-previsto-embarcar-con-turkish-airlines\/#listItem","name":"El presunto terrorista que se inmol\u00f3 en un avi\u00f3n en Somalia ten\u00eda previsto embarcar con Turkish Airlines"},"previousItem":{"@type":"ListItem","@id":"https:\/\/eldigitaldeasturias.com\/magazine365#listItem","name":"Home"}},{"@type":"ListItem","@id":"https:\/\/eldigitaldeasturias.com\/magazine365\/el-presunto-terrorista-que-se-inmolo-en-un-avion-en-somalia-tenia-previsto-embarcar-con-turkish-airlines\/#listItem","position":3,"name":"El presunto terrorista que se inmol\u00f3 en un avi\u00f3n en Somalia ten\u00eda previsto embarcar con Turkish Airlines","previousItem":{"@type":"ListItem","@id":"https:\/\/eldigitaldeasturias.com\/magazine365\/category\/noticias-actualidad\/#listItem","name":"Noticias y Actualidad"}}]},{"@type":"Organization","@id":"https:\/\/eldigitaldeasturias.com\/magazine365\/#organization","name":"El digital de Asturias","description":"Revista de ocio, turismo y estilo de vida","url":"https:\/\/eldigitaldeasturias.com\/magazine365\/","logo":{"@type":"ImageObject","url":"https:\/\/www.eldigitaldeasturias.com\/noticias\/wp-content\/uploads\/2020\/12\/EDA.jpg","@id":"https:\/\/eldigitaldeasturias.com\/magazine365\/el-presunto-terrorista-que-se-inmolo-en-un-avion-en-somalia-tenia-previsto-embarcar-con-turkish-airlines\/#organizationLogo"},"image":{"@id":"https:\/\/eldigitaldeasturias.com\/magazine365\/el-presunto-terrorista-que-se-inmolo-en-un-avion-en-somalia-tenia-previsto-embarcar-con-turkish-airlines\/#organizationLogo"}},{"@type":"Person","@id":"https:\/\/eldigitaldeasturias.com\/magazine365\/author\/admin\/#author","url":"https:\/\/eldigitaldeasturias.com\/magazine365\/author\/admin\/","name":"admin","image":{"@type":"ImageObject","@id":"https:\/\/eldigitaldeasturias.com\/magazine365\/el-presunto-terrorista-que-se-inmolo-en-un-avion-en-somalia-tenia-previsto-embarcar-con-turkish-airlines\/#authorImage","url":"https:\/\/eldigitaldeasturias.com\/magazine365\/wp-content\/litespeed\/avatar\/e571bcf59a0edd6fa6838245a470f2fe.jpg?ver=1776969259","width":96,"height":96,"caption":"admin"}},{"@type":"WebPage","@id":"https:\/\/eldigitaldeasturias.com\/magazine365\/el-presunto-terrorista-que-se-inmolo-en-un-avion-en-somalia-tenia-previsto-embarcar-con-turkish-airlines\/#webpage","url":"https:\/\/eldigitaldeasturias.com\/magazine365\/el-presunto-terrorista-que-se-inmolo-en-un-avion-en-somalia-tenia-previsto-embarcar-con-turkish-airlines\/","name":"El presunto terrorista que se inmol\u00f3 en un avi\u00f3n en Somalia ten\u00eda previsto embarcar con Turkish Airlines | El Digital de Asturias","description":"El presidente de la aerol\u00ednea Daallo Airlines, Mohamed Ibrahim Yasin Olad, ha asegurado este domingo que el presunto terrorista suicida que se inmol\u00f3 esta semana en un avi\u00f3n de la compa\u00f1\u00eda, obligando a un aterrizaje forzoso en Somalia, ten\u00eda previsto embarcar en un avi\u00f3n de Turkish Airlines. Yasin Olad ha detallado, en declaraciones concedidas a","inLanguage":"es-ES","isPartOf":{"@id":"https:\/\/eldigitaldeasturias.com\/magazine365\/#website"},"breadcrumb":{"@id":"https:\/\/eldigitaldeasturias.com\/magazine365\/el-presunto-terrorista-que-se-inmolo-en-un-avion-en-somalia-tenia-previsto-embarcar-con-turkish-airlines\/#breadcrumblist"},"author":{"@id":"https:\/\/eldigitaldeasturias.com\/magazine365\/author\/admin\/#author"},"creator":{"@id":"https:\/\/eldigitaldeasturias.com\/magazine365\/author\/admin\/#author"},"image":{"@type":"ImageObject","url":"https:\/\/eldigitaldeasturias.com\/magazine365\/wp-content\/uploads\/2015\/06\/aeropuerto.jpg","@id":"https:\/\/eldigitaldeasturias.com\/magazine365\/el-presunto-terrorista-que-se-inmolo-en-un-avion-en-somalia-tenia-previsto-embarcar-con-turkish-airlines\/#mainImage","width":800,"height":531},"primaryImageOfPage":{"@id":"https:\/\/eldigitaldeasturias.com\/magazine365\/el-presunto-terrorista-que-se-inmolo-en-un-avion-en-somalia-tenia-previsto-embarcar-con-turkish-airlines\/#mainImage"},"datePublished":"2016-02-08T11:59:33+01:00","dateModified":"2016-02-08T11:59:33+01:00"},{"@type":"WebSite","@id":"https:\/\/eldigitaldeasturias.com\/magazine365\/#website","url":"https:\/\/eldigitaldeasturias.com\/magazine365\/","name":"El Digital de Asturias","description":"Revista de ocio, turismo y estilo de vida","inLanguage":"es-ES","publisher":{"@id":"https:\/\/eldigitaldeasturias.com\/magazine365\/#organization"}}]},"og:locale":"es_ES","og:site_name":"El Digital de Asturias \u2013 Revista de ocio, turismo y estilo de vida","og:type":"article","og:title":"El presunto terrorista que se inmol\u00f3 en un avi\u00f3n en Somalia ten\u00eda previsto embarcar con Turkish Airlines | El Digital de Asturias","og:description":"El presidente de la aerol\u00ednea Daallo Airlines, Mohamed Ibrahim Yasin Olad, ha asegurado este domingo que el presunto terrorista suicida que se inmol\u00f3 esta semana en un avi\u00f3n de la compa\u00f1\u00eda, obligando a un aterrizaje forzoso en Somalia, ten\u00eda previsto embarcar en un avi\u00f3n de Turkish Airlines. Yasin Olad ha detallado, en declaraciones concedidas a","og:url":"https:\/\/eldigitaldeasturias.com\/magazine365\/el-presunto-terrorista-que-se-inmolo-en-un-avion-en-somalia-tenia-previsto-embarcar-con-turkish-airlines\/","og:image":"https:\/\/eldigitaldeasturias.com\/magazine365\/wp-content\/uploads\/2015\/06\/aeropuerto.jpg","og:image:secure_url":"https:\/\/eldigitaldeasturias.com\/magazine365\/wp-content\/uploads\/2015\/06\/aeropuerto.jpg","og:image:width":800,"og:image:height":531,"article:published_time":"2016-02-08T10:59:33+00:00","article:modified_time":"2016-02-08T10:59:33+00:00","twitter:card":"summary_large_image","twitter:title":"El presunto terrorista que se inmol\u00f3 en un avi\u00f3n en Somalia ten\u00eda previsto embarcar con Turkish Airlines | El Digital de Asturias","twitter:description":"El presidente de la aerol\u00ednea Daallo Airlines, Mohamed Ibrahim Yasin Olad, ha asegurado este domingo que el presunto terrorista suicida que se inmol\u00f3 esta semana en un avi\u00f3n de la compa\u00f1\u00eda, obligando a un aterrizaje forzoso en Somalia, ten\u00eda previsto embarcar en un avi\u00f3n de Turkish Airlines. Yasin Olad ha detallado, en declaraciones concedidas a","twitter:image":"https:\/\/eldigitaldeasturias.com\/magazine365\/wp-content\/uploads\/2015\/06\/aeropuerto.jpg"},"aioseo_meta_data":{"post_id":"63520","title":null,"description":null,"keywords":null,"keyphrases":null,"primary_term":null,"canonical_url":null,"og_title":null,"og_description":null,"og_object_type":"default","og_image_type":"default","og_image_url":null,"og_image_width":null,"og_image_height":null,"og_image_custom_url":null,"og_image_custom_fields":null,"og_video":null,"og_custom_url":null,"og_article_section":null,"og_article_tags":null,"twitter_use_og":false,"twitter_card":"default","twitter_image_type":"default","twitter_image_url":null,"twitter_image_custom_url":null,"twitter_image_custom_fields":null,"twitter_title":null,"twitter_description":null,"schema":{"blockGraphs":[],"customGraphs":[],"default":{"data":{"Article":[],"Course":[],"Dataset":[],"FAQPage":[],"Movie":[],"Person":[],"Product":[],"ProductReview":[],"Car":[],"Recipe":[],"Service":[],"SoftwareApplication":[],"WebPage":[]},"graphName":"","isEnabled":true},"graphs":[]},"schema_type":null,"schema_type_options":null,"pillar_content":false,"robots_default":true,"robots_noindex":false,"robots_noarchive":false,"robots_nosnippet":false,"robots_nofollow":false,"robots_noimageindex":false,"robots_noodp":false,"robots_notranslate":false,"robots_max_snippet":null,"robots_max_videopreview":null,"robots_max_imagepreview":"large","priority":null,"frequency":null,"location":null,"local_seo":null,"seo_analyzer_scan_date":"2025-09-25 13:18:17","breadcrumb_settings":null,"limit_modified_date":false,"open_ai":null,"ai":null,"created":"2021-03-08 21:22:18","updated":"2025-09-25 13:18:17"},"aioseo_breadcrumb":"<div class=\"aioseo-breadcrumbs\"><span class=\"aioseo-breadcrumb\">\n\t<a href=\"https:\/\/eldigitaldeasturias.com\/magazine365\" title=\"Home\">Home<\/a>\n<\/span><span class=\"aioseo-breadcrumb-separator\">\u2013<\/span><span class=\"aioseo-breadcrumb\">\n\t<a href=\"https:\/\/eldigitaldeasturias.com\/magazine365\/category\/noticias-actualidad\/\" title=\"Noticias y Actualidad\">Noticias y Actualidad<\/a>\n<\/span><span class=\"aioseo-breadcrumb-separator\">\u2013<\/span><span class=\"aioseo-breadcrumb\">\n\t<a href=\"https:\/\/eldigitaldeasturias.com\/magazine365\/el-presunto-terrorista-que-se-inmolo-en-un-avion-en-somalia-tenia-previsto-embarcar-con-turkish-airlines\/\" title=\"El presunto terrorista que se inmol\u00f3 en un avi\u00f3n en Somalia ten\u00eda previsto embarcar con Turkish Airlines\">El presunto terrorista que se inmol\u00f3 en un avi\u00f3n en Somalia ten\u00eda previsto embarcar con Turkish Airlines<\/a>\n<\/span><\/div>","aioseo_breadcrumb_json":[{"label":"Home","link":"https:\/\/eldigitaldeasturias.com\/magazine365"},{"label":"Noticias y Actualidad","link":"https:\/\/eldigitaldeasturias.com\/magazine365\/category\/noticias-actualidad\/"},{"label":"El presunto terrorista que se inmol\u00f3 en un avi\u00f3n en Somalia ten\u00eda previsto embarcar con Turkish Airlines","link":"https:\/\/eldigitaldeasturias.com\/magazine365\/el-presunto-terrorista-que-se-inmolo-en-un-avion-en-somalia-tenia-previsto-embarcar-con-turkish-airlines\/"}],"_links":{"self":[{"href":"https:\/\/eldigitaldeasturias.com\/magazine365\/wp-json\/wp\/v2\/posts\/63520","targetHints":{"allow":["GET"]}}],"collection":[{"href":"https:\/\/eldigitaldeasturias.com\/magazine365\/wp-json\/wp\/v2\/posts"}],"about":[{"href":"https:\/\/eldigitaldeasturias.com\/magazine365\/wp-json\/wp\/v2\/types\/post"}],"author":[{"embeddable":true,"href":"https:\/\/eldigitaldeasturias.com\/magazine365\/wp-json\/wp\/v2\/users\/1"}],"replies":[{"embeddable":true,"href":"https:\/\/eldigitaldeasturias.com\/magazine365\/wp-json\/wp\/v2\/comments?post=63520"}],"version-history":[{"count":0,"href":"https:\/\/eldigitaldeasturias.com\/magazine365\/wp-json\/wp\/v2\/posts\/63520\/revisions"}],"wp:featuredmedia":[{"embeddable":true,"href":"https:\/\/eldigitaldeasturias.com\/magazine365\/wp-json\/wp\/v2\/media\/39092"}],"wp:attachment":[{"href":"https:\/\/eldigitaldeasturias.com\/magazine365\/wp-json\/wp\/v2\/media?parent=63520"}],"wp:term":[{"taxonomy":"category","embeddable":true,"href":"https:\/\/eldigitaldeasturias.com\/magazine365\/wp-json\/wp\/v2\/categories?post=63520"},{"taxonomy":"post_tag","embeddable":true,"href":"https:\/\/eldigitaldeasturias.com\/magazine365\/wp-json\/wp\/v2\/tags?post=63520"}],"curies":[{"name":"wp","href":"https:\/\/api.w.org\/{rel}","templated":true}]}}