{"id":63501,"date":"2016-02-07T01:43:01","date_gmt":"2016-02-07T00:43:01","guid":{"rendered":"http:\/\/eldigitaldeasturias.com\/magazine365\/?p=63501"},"modified":"2016-02-07T01:43:01","modified_gmt":"2016-02-07T00:43:01","slug":"gastrofestival-se-despide-en-madrid-este-domingo-con-un-picnic-en-el-retiro","status":"publish","type":"post","link":"https:\/\/eldigitaldeasturias.com\/magazine365\/gastrofestival-se-despide-en-madrid-este-domingo-con-un-picnic-en-el-retiro\/","title":{"rendered":"Gastrofestival se despide en Madrid este domingo con un picnic en el Retiro"},"content":{"rendered":"<p><img fetchpriority=\"high\" decoding=\"async\" class=\"alignleft size-medium wp-image-63502\" src=\"https:\/\/eldigitaldeasturias.com\/magazine365\/wp-content\/uploads\/2016\/02\/fotonoticia_20160206095934_800-360x239.jpg\" alt=\"fotonoticia_20160206095934_800\" width=\"360\" height=\"239\" srcset=\"https:\/\/eldigitaldeasturias.com\/magazine365\/wp-content\/uploads\/2016\/02\/fotonoticia_20160206095934_800-360x239.jpg 360w, https:\/\/eldigitaldeasturias.com\/magazine365\/wp-content\/uploads\/2016\/02\/fotonoticia_20160206095934_800-650x431.jpg 650w, https:\/\/eldigitaldeasturias.com\/magazine365\/wp-content\/uploads\/2016\/02\/fotonoticia_20160206095934_800-768x510.jpg 768w, https:\/\/eldigitaldeasturias.com\/magazine365\/wp-content\/uploads\/2016\/02\/fotonoticia_20160206095934_800-150x100.jpg 150w, https:\/\/eldigitaldeasturias.com\/magazine365\/wp-content\/uploads\/2016\/02\/fotonoticia_20160206095934_800-450x299.jpg 450w, https:\/\/eldigitaldeasturias.com\/magazine365\/wp-content\/uploads\/2016\/02\/fotonoticia_20160206095934_800-696x462.jpg 696w, https:\/\/eldigitaldeasturias.com\/magazine365\/wp-content\/uploads\/2016\/02\/fotonoticia_20160206095934_800-633x420.jpg 633w, https:\/\/eldigitaldeasturias.com\/magazine365\/wp-content\/uploads\/2016\/02\/fotonoticia_20160206095934_800-121x79.jpg 121w, https:\/\/eldigitaldeasturias.com\/magazine365\/wp-content\/uploads\/2016\/02\/fotonoticia_20160206095934_800-101x66.jpg 101w, https:\/\/eldigitaldeasturias.com\/magazine365\/wp-content\/uploads\/2016\/02\/fotonoticia_20160206095934_800.jpg 800w\" sizes=\"(max-width: 360px) 100vw, 360px\" \/>Gastrofestival se despide este domingo con un picnic en el parque del Retiro, frente a la puerta de Alcal\u00e1, donde se organizar\u00e1 un taller de horticultura, ha informado el Ayuntamiento de Madrid en un comunicado.<\/p>\n<p>Durante el fin de semana contin\u00faan los men\u00fas de cocinas espa\u00f1olas y del mundo y cocina Fusi\u00f3n en 171 restaurantes; el Degustatapas y Nuestras Barras favoritas con un Rioja en m\u00e1s de 90 establecimientos; la Ruta del Caf\u00e9 y la Golosa por casi 40 locales madrile\u00f1os.<\/p>\n<p>El programa de Gastrofestival Madrid 2016 se ha desarrollado con la participaci\u00f3n de m\u00e1s de 400 empresas e instituciones p\u00fablicas que han colaborado con el Ayuntamiento de Madrid.<\/p>\n<p>Uno de los platos fuerte de este festival, que difunde el arte culinario y su vinculaci\u00f3n con otras disciplinas art\u00edsticas, es Gastrocultura, que este fin de semana propone actividades en Conde Duque y los museos madrile\u00f1os.<\/p>\n<p>Esta misma tarde (viernes 5 de febrero), Conde Duque ofrece una doble sesi\u00f3n de cine, con Deliciosa Marta (18 horas) y Fast Food Nation (20 horas), a la que seguir\u00e1 una degustaci\u00f3n de Freixenet. Esta actividad es de entrada libre hasta completar aforo, previa retirada de invitaci\u00f3n en la taquilla, una hora antes del comienzo.<\/p>\n<p>Este centro tambi\u00e9n celebrar\u00e1 el s\u00e1bado (6 de febrero) dos actividades para todos los p\u00fablicos, La comida como material art\u00edstico (12 y 18 horas) e Inmersi\u00f3n en los olores puros (12 y 18 horas), en las que se podr\u00e1 experimentar con los alimentos y los olores.<\/p>\n<p>Adem\u00e1s, el Museo de Arte Contempor\u00e1neo, que se localiza tambi\u00e9n en Conde Duque, organiza este d\u00eda una visita tem\u00e1tica sobre Ram\u00f3n G\u00f3mez de la Serna y el Caf\u00e9 de Pombo (12 horas), en la que se dar\u00e1n a conocer los productos gastron\u00f3micos que se serv\u00edan en los principales caf\u00e9s madrile\u00f1os de la \u00e9poca.<\/p>\n<p>Durante todo el festival, los museos han programado actividades que llegan ahora a su fin. El Museo del Romanticismo tendr\u00e1 hoy su \u00faltima tea party (17.30 horas), una visita taller donde se descubre cu\u00e1l era el protocolo que acompa\u00f1aba a este tipo de reuniones y que incluye una cata en la que se explica cu\u00e1l era el t\u00e9 m\u00e1s consumido en el siglo XIX.<\/p>\n<p>La Real F\u00e1brica de Tapices organiza este viernes (19 y 20.30 horas) y s\u00e1bado (11 y 12 horas) el itinerario tem\u00e1tico Arte y gastronom\u00eda, que incluye un aperitivo. Tambi\u00e9n este viernes el Templo de Debod participa con el recorrido guiado Una comida divina (10 y 17 horas) y este s\u00e1bado con el taller familiar Un banquete para Am\u00f3n (11.30 horas).<\/p>\n<p>El s\u00e1bado, se podr\u00e1 disfrutar en el Museo del Prado de La loca historia de la comida (18.30 horas); en el Museo Thyssen-Bornemisza, de un recorrido que describe la cr\u00f3nica de la historia de la cocina con cuadros de Richard Estes o Picasso (12 horas), en el que tambi\u00e9n habr\u00e1 una degustaci\u00f3n; y en el Museo de Historia de Madrid, de un recorrido especial por la exposici\u00f3n permanente El arte de la mesa (12 horas).<\/p>\n<p>Adem\u00e1s, el Museo L\u00e1zaro Galdiano tendr\u00e1 visitas guiadas en torno al arte y la gastronom\u00eda (s\u00e1bado y domingo, 12 horas), el Museo Artes Decorativas, el taller A nadie le amarga un dulce (domingo, 12 horas) y el Museo Cerralbo, un curso de cocina fusi\u00f3n y lecciones de cocteler\u00eda (domingo, 11 y 12 horas). Y en el Museo del Traje se puede ver una exposici\u00f3n de carteles publicitarios relacionados con la alimentaci\u00f3n, que no se despedir\u00e1 hasta el 24 de abril.<\/p>\n<p>MERCADOS<\/p>\n<p>Los mercados madrile\u00f1os tambi\u00e9n son protagonistas de Gastrofestival Madrid. El Mercado Barcel\u00f3 contin\u00faa con actuaciones de grupos musicales (viernes y s\u00e1bado de 21-23 horas) y sus talleres para ni\u00f1os (s\u00e1bado y domingo, 10-13 horas); el Mercado de la Paz ofrecer\u00e1 este viernes una degustaci\u00f3n de verdura de temporada y delicias del mar acompa\u00f1ada de un vino blanco y un concierto de m\u00fasica jazz-country-folk (18.30 horas) y, el s\u00e1bado, otra degustaci\u00f3n de productos franceses (12-14 horas).<\/p>\n<p>El Mercado Ant\u00f3n Mart\u00edn organiza este viernes y el s\u00e1bado talleres de cocina fusi\u00f3n. Tambi\u00e9n ma\u00f1ana, los que se acerquen al Mercado San Ant\u00f3n podr\u00e1n degustar tapas tradicionales y de vanguardia que se ofrecer\u00e1n en sus diferentes locales.<\/p>\n<p>Los talleres y cursos han estado presentes en los mercados y en las escuelas de cocina, sorprendiendo con sus propuestas y su variedad. Este fin de semana todav\u00eda podr\u00e1 aprenderse a hacer pan o arroces y conocer mejor la cocina japonesa, la cocina creativa o la reposter\u00eda de autor.<\/p>\n","protected":false},"excerpt":{"rendered":"<p>Gastrofestival se despide este domingo con un picnic en el parque del Retiro, frente a la puerta de Alcal\u00e1, donde se organizar\u00e1 un taller de horticultura, ha informado el Ayuntamiento de Madrid en un comunicado. Durante el fin de semana contin\u00faan los men\u00fas de cocinas espa\u00f1olas y del mundo y cocina Fusi\u00f3n en 171 restaurantes;<\/p>\n","protected":false},"author":1,"featured_media":63502,"comment_status":"open","ping_status":"closed","sticky":false,"template":"","format":"standard","meta":{"footnotes":""},"categories":[224],"tags":[],"class_list":{"0":"post-63501","1":"post","2":"type-post","3":"status-publish","4":"format-standard","5":"has-post-thumbnail","7":"category-noticias-actualidad"},"aioseo_notices":[],"aioseo_head":"\n\t\t<!-- All in One SEO Pro 4.9.6.1 - aioseo.com -->\n\t<meta name=\"description\" content=\"Gastrofestival se despide este domingo con un picnic en el parque del Retiro, frente a la puerta de Alcal\u00e1, donde se organizar\u00e1 un taller de horticultura, ha informado el Ayuntamiento de Madrid en un comunicado. Durante el fin de semana contin\u00faan los men\u00fas de cocinas espa\u00f1olas y del mundo y cocina Fusi\u00f3n en 171 restaurantes;\" \/>\n\t<meta name=\"robots\" content=\"max-image-preview:large\" \/>\n\t<meta name=\"author\" content=\"admin\"\/>\n\t<meta name=\"google-site-verification\" content=\"UA-38556648-1\" \/>\n\t<meta name=\"keywords\" content=\"noticias y actualidad\" \/>\n\t<link rel=\"canonical\" href=\"https:\/\/eldigitaldeasturias.com\/magazine365\/gastrofestival-se-despide-en-madrid-este-domingo-con-un-picnic-en-el-retiro\/\" \/>\n\t<meta name=\"generator\" content=\"All in One SEO Pro (AIOSEO) 4.9.6.1\" \/>\n\t\t<meta property=\"og:locale\" content=\"es_ES\" \/>\n\t\t<meta property=\"og:site_name\" content=\"El Digital de Asturias \u2013 Revista de ocio, turismo y estilo de vida\" \/>\n\t\t<meta property=\"og:type\" content=\"article\" \/>\n\t\t<meta property=\"og:title\" content=\"Gastrofestival se despide en Madrid este domingo con un picnic en el Retiro | El Digital de Asturias\" \/>\n\t\t<meta property=\"og:description\" content=\"Gastrofestival se despide este domingo con un picnic en el parque del Retiro, frente a la puerta de Alcal\u00e1, donde se organizar\u00e1 un taller de horticultura, ha informado el Ayuntamiento de Madrid en un comunicado. Durante el fin de semana contin\u00faan los men\u00fas de cocinas espa\u00f1olas y del mundo y cocina Fusi\u00f3n en 171 restaurantes;\" \/>\n\t\t<meta property=\"og:url\" content=\"https:\/\/eldigitaldeasturias.com\/magazine365\/gastrofestival-se-despide-en-madrid-este-domingo-con-un-picnic-en-el-retiro\/\" \/>\n\t\t<meta property=\"og:image\" content=\"https:\/\/eldigitaldeasturias.com\/magazine365\/wp-content\/uploads\/2016\/02\/fotonoticia_20160206095934_800.jpg\" \/>\n\t\t<meta property=\"og:image:secure_url\" content=\"https:\/\/eldigitaldeasturias.com\/magazine365\/wp-content\/uploads\/2016\/02\/fotonoticia_20160206095934_800.jpg\" \/>\n\t\t<meta property=\"og:image:width\" content=\"800\" \/>\n\t\t<meta property=\"og:image:height\" content=\"531\" \/>\n\t\t<meta property=\"article:published_time\" content=\"2016-02-07T00:43:01+00:00\" \/>\n\t\t<meta property=\"article:modified_time\" content=\"2016-02-07T00:43:01+00:00\" \/>\n\t\t<meta name=\"twitter:card\" content=\"summary_large_image\" \/>\n\t\t<meta name=\"twitter:title\" content=\"Gastrofestival se despide en Madrid este domingo con un picnic en el Retiro | El Digital de Asturias\" \/>\n\t\t<meta name=\"twitter:description\" content=\"Gastrofestival se despide este domingo con un picnic en el parque del Retiro, frente a la puerta de Alcal\u00e1, donde se organizar\u00e1 un taller de horticultura, ha informado el Ayuntamiento de Madrid en un comunicado. Durante el fin de semana contin\u00faan los men\u00fas de cocinas espa\u00f1olas y del mundo y cocina Fusi\u00f3n en 171 restaurantes;\" \/>\n\t\t<meta name=\"twitter:image\" content=\"https:\/\/eldigitaldeasturias.com\/magazine365\/wp-content\/uploads\/2016\/02\/fotonoticia_20160206095934_800.jpg\" \/>\n\t\t<script type=\"application\/ld+json\" class=\"aioseo-schema\">\n\t\t\t{\"@context\":\"https:\\\/\\\/schema.org\",\"@graph\":[{\"@type\":\"Article\",\"@id\":\"https:\\\/\\\/eldigitaldeasturias.com\\\/magazine365\\\/gastrofestival-se-despide-en-madrid-este-domingo-con-un-picnic-en-el-retiro\\\/#article\",\"name\":\"Gastrofestival se despide en Madrid este domingo con un picnic en el Retiro | El Digital de Asturias\",\"headline\":\"Gastrofestival se despide en Madrid este domingo con un picnic en el Retiro\",\"author\":{\"@id\":\"https:\\\/\\\/eldigitaldeasturias.com\\\/magazine365\\\/author\\\/admin\\\/#author\"},\"publisher\":{\"@id\":\"https:\\\/\\\/eldigitaldeasturias.com\\\/magazine365\\\/#organization\"},\"image\":{\"@type\":\"ImageObject\",\"url\":\"https:\\\/\\\/eldigitaldeasturias.com\\\/magazine365\\\/wp-content\\\/uploads\\\/2016\\\/02\\\/fotonoticia_20160206095934_800.jpg\",\"width\":800,\"height\":531},\"datePublished\":\"2016-02-07T01:43:01+01:00\",\"dateModified\":\"2016-02-07T01:43:01+01:00\",\"inLanguage\":\"es-ES\",\"mainEntityOfPage\":{\"@id\":\"https:\\\/\\\/eldigitaldeasturias.com\\\/magazine365\\\/gastrofestival-se-despide-en-madrid-este-domingo-con-un-picnic-en-el-retiro\\\/#webpage\"},\"isPartOf\":{\"@id\":\"https:\\\/\\\/eldigitaldeasturias.com\\\/magazine365\\\/gastrofestival-se-despide-en-madrid-este-domingo-con-un-picnic-en-el-retiro\\\/#webpage\"},\"articleSection\":\"Noticias y Actualidad\"},{\"@type\":\"BreadcrumbList\",\"@id\":\"https:\\\/\\\/eldigitaldeasturias.com\\\/magazine365\\\/gastrofestival-se-despide-en-madrid-este-domingo-con-un-picnic-en-el-retiro\\\/#breadcrumblist\",\"itemListElement\":[{\"@type\":\"ListItem\",\"@id\":\"https:\\\/\\\/eldigitaldeasturias.com\\\/magazine365#listItem\",\"position\":1,\"name\":\"Home\",\"item\":\"https:\\\/\\\/eldigitaldeasturias.com\\\/magazine365\",\"nextItem\":{\"@type\":\"ListItem\",\"@id\":\"https:\\\/\\\/eldigitaldeasturias.com\\\/magazine365\\\/category\\\/noticias-actualidad\\\/#listItem\",\"name\":\"Noticias y Actualidad\"}},{\"@type\":\"ListItem\",\"@id\":\"https:\\\/\\\/eldigitaldeasturias.com\\\/magazine365\\\/category\\\/noticias-actualidad\\\/#listItem\",\"position\":2,\"name\":\"Noticias y Actualidad\",\"item\":\"https:\\\/\\\/eldigitaldeasturias.com\\\/magazine365\\\/category\\\/noticias-actualidad\\\/\",\"nextItem\":{\"@type\":\"ListItem\",\"@id\":\"https:\\\/\\\/eldigitaldeasturias.com\\\/magazine365\\\/gastrofestival-se-despide-en-madrid-este-domingo-con-un-picnic-en-el-retiro\\\/#listItem\",\"name\":\"Gastrofestival se despide en Madrid este domingo con un picnic en el Retiro\"},\"previousItem\":{\"@type\":\"ListItem\",\"@id\":\"https:\\\/\\\/eldigitaldeasturias.com\\\/magazine365#listItem\",\"name\":\"Home\"}},{\"@type\":\"ListItem\",\"@id\":\"https:\\\/\\\/eldigitaldeasturias.com\\\/magazine365\\\/gastrofestival-se-despide-en-madrid-este-domingo-con-un-picnic-en-el-retiro\\\/#listItem\",\"position\":3,\"name\":\"Gastrofestival se despide en Madrid este domingo con un picnic en el Retiro\",\"previousItem\":{\"@type\":\"ListItem\",\"@id\":\"https:\\\/\\\/eldigitaldeasturias.com\\\/magazine365\\\/category\\\/noticias-actualidad\\\/#listItem\",\"name\":\"Noticias y Actualidad\"}}]},{\"@type\":\"Organization\",\"@id\":\"https:\\\/\\\/eldigitaldeasturias.com\\\/magazine365\\\/#organization\",\"name\":\"El digital de Asturias\",\"description\":\"Revista de ocio, turismo y estilo de vida\",\"url\":\"https:\\\/\\\/eldigitaldeasturias.com\\\/magazine365\\\/\",\"logo\":{\"@type\":\"ImageObject\",\"url\":\"https:\\\/\\\/www.eldigitaldeasturias.com\\\/noticias\\\/wp-content\\\/uploads\\\/2020\\\/12\\\/EDA.jpg\",\"@id\":\"https:\\\/\\\/eldigitaldeasturias.com\\\/magazine365\\\/gastrofestival-se-despide-en-madrid-este-domingo-con-un-picnic-en-el-retiro\\\/#organizationLogo\"},\"image\":{\"@id\":\"https:\\\/\\\/eldigitaldeasturias.com\\\/magazine365\\\/gastrofestival-se-despide-en-madrid-este-domingo-con-un-picnic-en-el-retiro\\\/#organizationLogo\"}},{\"@type\":\"Person\",\"@id\":\"https:\\\/\\\/eldigitaldeasturias.com\\\/magazine365\\\/author\\\/admin\\\/#author\",\"url\":\"https:\\\/\\\/eldigitaldeasturias.com\\\/magazine365\\\/author\\\/admin\\\/\",\"name\":\"admin\",\"image\":{\"@type\":\"ImageObject\",\"@id\":\"https:\\\/\\\/eldigitaldeasturias.com\\\/magazine365\\\/gastrofestival-se-despide-en-madrid-este-domingo-con-un-picnic-en-el-retiro\\\/#authorImage\",\"url\":\"https:\\\/\\\/eldigitaldeasturias.com\\\/magazine365\\\/wp-content\\\/litespeed\\\/avatar\\\/e571bcf59a0edd6fa6838245a470f2fe.jpg?ver=1776969259\",\"width\":96,\"height\":96,\"caption\":\"admin\"}},{\"@type\":\"WebPage\",\"@id\":\"https:\\\/\\\/eldigitaldeasturias.com\\\/magazine365\\\/gastrofestival-se-despide-en-madrid-este-domingo-con-un-picnic-en-el-retiro\\\/#webpage\",\"url\":\"https:\\\/\\\/eldigitaldeasturias.com\\\/magazine365\\\/gastrofestival-se-despide-en-madrid-este-domingo-con-un-picnic-en-el-retiro\\\/\",\"name\":\"Gastrofestival se despide en Madrid este domingo con un picnic en el Retiro | El Digital de Asturias\",\"description\":\"Gastrofestival se despide este domingo con un picnic en el parque del Retiro, frente a la puerta de Alcal\\u00e1, donde se organizar\\u00e1 un taller de horticultura, ha informado el Ayuntamiento de Madrid en un comunicado. Durante el fin de semana contin\\u00faan los men\\u00fas de cocinas espa\\u00f1olas y del mundo y cocina Fusi\\u00f3n en 171 restaurantes;\",\"inLanguage\":\"es-ES\",\"isPartOf\":{\"@id\":\"https:\\\/\\\/eldigitaldeasturias.com\\\/magazine365\\\/#website\"},\"breadcrumb\":{\"@id\":\"https:\\\/\\\/eldigitaldeasturias.com\\\/magazine365\\\/gastrofestival-se-despide-en-madrid-este-domingo-con-un-picnic-en-el-retiro\\\/#breadcrumblist\"},\"author\":{\"@id\":\"https:\\\/\\\/eldigitaldeasturias.com\\\/magazine365\\\/author\\\/admin\\\/#author\"},\"creator\":{\"@id\":\"https:\\\/\\\/eldigitaldeasturias.com\\\/magazine365\\\/author\\\/admin\\\/#author\"},\"image\":{\"@type\":\"ImageObject\",\"url\":\"https:\\\/\\\/eldigitaldeasturias.com\\\/magazine365\\\/wp-content\\\/uploads\\\/2016\\\/02\\\/fotonoticia_20160206095934_800.jpg\",\"@id\":\"https:\\\/\\\/eldigitaldeasturias.com\\\/magazine365\\\/gastrofestival-se-despide-en-madrid-este-domingo-con-un-picnic-en-el-retiro\\\/#mainImage\",\"width\":800,\"height\":531},\"primaryImageOfPage\":{\"@id\":\"https:\\\/\\\/eldigitaldeasturias.com\\\/magazine365\\\/gastrofestival-se-despide-en-madrid-este-domingo-con-un-picnic-en-el-retiro\\\/#mainImage\"},\"datePublished\":\"2016-02-07T01:43:01+01:00\",\"dateModified\":\"2016-02-07T01:43:01+01:00\"},{\"@type\":\"WebSite\",\"@id\":\"https:\\\/\\\/eldigitaldeasturias.com\\\/magazine365\\\/#website\",\"url\":\"https:\\\/\\\/eldigitaldeasturias.com\\\/magazine365\\\/\",\"name\":\"El Digital de Asturias\",\"description\":\"Revista de ocio, turismo y estilo de vida\",\"inLanguage\":\"es-ES\",\"publisher\":{\"@id\":\"https:\\\/\\\/eldigitaldeasturias.com\\\/magazine365\\\/#organization\"}}]}\n\t\t<\/script>\n\t\t<!-- All in One SEO Pro -->\r\n\t\t<title>Gastrofestival se despide en Madrid este domingo con un picnic en el Retiro | El Digital de Asturias<\/title>\n\n","aioseo_head_json":{"title":"Gastrofestival se despide en Madrid este domingo con un picnic en el Retiro | El Digital de Asturias","description":"Gastrofestival se despide este domingo con un picnic en el parque del Retiro, frente a la puerta de Alcal\u00e1, donde se organizar\u00e1 un taller de horticultura, ha informado el Ayuntamiento de Madrid en un comunicado. Durante el fin de semana contin\u00faan los men\u00fas de cocinas espa\u00f1olas y del mundo y cocina Fusi\u00f3n en 171 restaurantes;","canonical_url":"https:\/\/eldigitaldeasturias.com\/magazine365\/gastrofestival-se-despide-en-madrid-este-domingo-con-un-picnic-en-el-retiro\/","robots":"max-image-preview:large","keywords":"noticias y actualidad","webmasterTools":{"google-site-verification":"UA-38556648-1","miscellaneous":""},"schema":{"@context":"https:\/\/schema.org","@graph":[{"@type":"Article","@id":"https:\/\/eldigitaldeasturias.com\/magazine365\/gastrofestival-se-despide-en-madrid-este-domingo-con-un-picnic-en-el-retiro\/#article","name":"Gastrofestival se despide en Madrid este domingo con un picnic en el Retiro | El Digital de Asturias","headline":"Gastrofestival se despide en Madrid este domingo con un picnic en el Retiro","author":{"@id":"https:\/\/eldigitaldeasturias.com\/magazine365\/author\/admin\/#author"},"publisher":{"@id":"https:\/\/eldigitaldeasturias.com\/magazine365\/#organization"},"image":{"@type":"ImageObject","url":"https:\/\/eldigitaldeasturias.com\/magazine365\/wp-content\/uploads\/2016\/02\/fotonoticia_20160206095934_800.jpg","width":800,"height":531},"datePublished":"2016-02-07T01:43:01+01:00","dateModified":"2016-02-07T01:43:01+01:00","inLanguage":"es-ES","mainEntityOfPage":{"@id":"https:\/\/eldigitaldeasturias.com\/magazine365\/gastrofestival-se-despide-en-madrid-este-domingo-con-un-picnic-en-el-retiro\/#webpage"},"isPartOf":{"@id":"https:\/\/eldigitaldeasturias.com\/magazine365\/gastrofestival-se-despide-en-madrid-este-domingo-con-un-picnic-en-el-retiro\/#webpage"},"articleSection":"Noticias y Actualidad"},{"@type":"BreadcrumbList","@id":"https:\/\/eldigitaldeasturias.com\/magazine365\/gastrofestival-se-despide-en-madrid-este-domingo-con-un-picnic-en-el-retiro\/#breadcrumblist","itemListElement":[{"@type":"ListItem","@id":"https:\/\/eldigitaldeasturias.com\/magazine365#listItem","position":1,"name":"Home","item":"https:\/\/eldigitaldeasturias.com\/magazine365","nextItem":{"@type":"ListItem","@id":"https:\/\/eldigitaldeasturias.com\/magazine365\/category\/noticias-actualidad\/#listItem","name":"Noticias y Actualidad"}},{"@type":"ListItem","@id":"https:\/\/eldigitaldeasturias.com\/magazine365\/category\/noticias-actualidad\/#listItem","position":2,"name":"Noticias y Actualidad","item":"https:\/\/eldigitaldeasturias.com\/magazine365\/category\/noticias-actualidad\/","nextItem":{"@type":"ListItem","@id":"https:\/\/eldigitaldeasturias.com\/magazine365\/gastrofestival-se-despide-en-madrid-este-domingo-con-un-picnic-en-el-retiro\/#listItem","name":"Gastrofestival se despide en Madrid este domingo con un picnic en el Retiro"},"previousItem":{"@type":"ListItem","@id":"https:\/\/eldigitaldeasturias.com\/magazine365#listItem","name":"Home"}},{"@type":"ListItem","@id":"https:\/\/eldigitaldeasturias.com\/magazine365\/gastrofestival-se-despide-en-madrid-este-domingo-con-un-picnic-en-el-retiro\/#listItem","position":3,"name":"Gastrofestival se despide en Madrid este domingo con un picnic en el Retiro","previousItem":{"@type":"ListItem","@id":"https:\/\/eldigitaldeasturias.com\/magazine365\/category\/noticias-actualidad\/#listItem","name":"Noticias y Actualidad"}}]},{"@type":"Organization","@id":"https:\/\/eldigitaldeasturias.com\/magazine365\/#organization","name":"El digital de Asturias","description":"Revista de ocio, turismo y estilo de vida","url":"https:\/\/eldigitaldeasturias.com\/magazine365\/","logo":{"@type":"ImageObject","url":"https:\/\/www.eldigitaldeasturias.com\/noticias\/wp-content\/uploads\/2020\/12\/EDA.jpg","@id":"https:\/\/eldigitaldeasturias.com\/magazine365\/gastrofestival-se-despide-en-madrid-este-domingo-con-un-picnic-en-el-retiro\/#organizationLogo"},"image":{"@id":"https:\/\/eldigitaldeasturias.com\/magazine365\/gastrofestival-se-despide-en-madrid-este-domingo-con-un-picnic-en-el-retiro\/#organizationLogo"}},{"@type":"Person","@id":"https:\/\/eldigitaldeasturias.com\/magazine365\/author\/admin\/#author","url":"https:\/\/eldigitaldeasturias.com\/magazine365\/author\/admin\/","name":"admin","image":{"@type":"ImageObject","@id":"https:\/\/eldigitaldeasturias.com\/magazine365\/gastrofestival-se-despide-en-madrid-este-domingo-con-un-picnic-en-el-retiro\/#authorImage","url":"https:\/\/eldigitaldeasturias.com\/magazine365\/wp-content\/litespeed\/avatar\/e571bcf59a0edd6fa6838245a470f2fe.jpg?ver=1776969259","width":96,"height":96,"caption":"admin"}},{"@type":"WebPage","@id":"https:\/\/eldigitaldeasturias.com\/magazine365\/gastrofestival-se-despide-en-madrid-este-domingo-con-un-picnic-en-el-retiro\/#webpage","url":"https:\/\/eldigitaldeasturias.com\/magazine365\/gastrofestival-se-despide-en-madrid-este-domingo-con-un-picnic-en-el-retiro\/","name":"Gastrofestival se despide en Madrid este domingo con un picnic en el Retiro | El Digital de Asturias","description":"Gastrofestival se despide este domingo con un picnic en el parque del Retiro, frente a la puerta de Alcal\u00e1, donde se organizar\u00e1 un taller de horticultura, ha informado el Ayuntamiento de Madrid en un comunicado. Durante el fin de semana contin\u00faan los men\u00fas de cocinas espa\u00f1olas y del mundo y cocina Fusi\u00f3n en 171 restaurantes;","inLanguage":"es-ES","isPartOf":{"@id":"https:\/\/eldigitaldeasturias.com\/magazine365\/#website"},"breadcrumb":{"@id":"https:\/\/eldigitaldeasturias.com\/magazine365\/gastrofestival-se-despide-en-madrid-este-domingo-con-un-picnic-en-el-retiro\/#breadcrumblist"},"author":{"@id":"https:\/\/eldigitaldeasturias.com\/magazine365\/author\/admin\/#author"},"creator":{"@id":"https:\/\/eldigitaldeasturias.com\/magazine365\/author\/admin\/#author"},"image":{"@type":"ImageObject","url":"https:\/\/eldigitaldeasturias.com\/magazine365\/wp-content\/uploads\/2016\/02\/fotonoticia_20160206095934_800.jpg","@id":"https:\/\/eldigitaldeasturias.com\/magazine365\/gastrofestival-se-despide-en-madrid-este-domingo-con-un-picnic-en-el-retiro\/#mainImage","width":800,"height":531},"primaryImageOfPage":{"@id":"https:\/\/eldigitaldeasturias.com\/magazine365\/gastrofestival-se-despide-en-madrid-este-domingo-con-un-picnic-en-el-retiro\/#mainImage"},"datePublished":"2016-02-07T01:43:01+01:00","dateModified":"2016-02-07T01:43:01+01:00"},{"@type":"WebSite","@id":"https:\/\/eldigitaldeasturias.com\/magazine365\/#website","url":"https:\/\/eldigitaldeasturias.com\/magazine365\/","name":"El Digital de Asturias","description":"Revista de ocio, turismo y estilo de vida","inLanguage":"es-ES","publisher":{"@id":"https:\/\/eldigitaldeasturias.com\/magazine365\/#organization"}}]},"og:locale":"es_ES","og:site_name":"El Digital de Asturias \u2013 Revista de ocio, turismo y estilo de vida","og:type":"article","og:title":"Gastrofestival se despide en Madrid este domingo con un picnic en el Retiro | El Digital de Asturias","og:description":"Gastrofestival se despide este domingo con un picnic en el parque del Retiro, frente a la puerta de Alcal\u00e1, donde se organizar\u00e1 un taller de horticultura, ha informado el Ayuntamiento de Madrid en un comunicado. Durante el fin de semana contin\u00faan los men\u00fas de cocinas espa\u00f1olas y del mundo y cocina Fusi\u00f3n en 171 restaurantes;","og:url":"https:\/\/eldigitaldeasturias.com\/magazine365\/gastrofestival-se-despide-en-madrid-este-domingo-con-un-picnic-en-el-retiro\/","og:image":"https:\/\/eldigitaldeasturias.com\/magazine365\/wp-content\/uploads\/2016\/02\/fotonoticia_20160206095934_800.jpg","og:image:secure_url":"https:\/\/eldigitaldeasturias.com\/magazine365\/wp-content\/uploads\/2016\/02\/fotonoticia_20160206095934_800.jpg","og:image:width":800,"og:image:height":531,"article:published_time":"2016-02-07T00:43:01+00:00","article:modified_time":"2016-02-07T00:43:01+00:00","twitter:card":"summary_large_image","twitter:title":"Gastrofestival se despide en Madrid este domingo con un picnic en el Retiro | El Digital de Asturias","twitter:description":"Gastrofestival se despide este domingo con un picnic en el parque del Retiro, frente a la puerta de Alcal\u00e1, donde se organizar\u00e1 un taller de horticultura, ha informado el Ayuntamiento de Madrid en un comunicado. Durante el fin de semana contin\u00faan los men\u00fas de cocinas espa\u00f1olas y del mundo y cocina Fusi\u00f3n en 171 restaurantes;","twitter:image":"https:\/\/eldigitaldeasturias.com\/magazine365\/wp-content\/uploads\/2016\/02\/fotonoticia_20160206095934_800.jpg"},"aioseo_meta_data":{"post_id":"63501","title":null,"description":null,"keywords":null,"keyphrases":null,"primary_term":null,"canonical_url":null,"og_title":null,"og_description":null,"og_object_type":"default","og_image_type":"default","og_image_url":null,"og_image_width":null,"og_image_height":null,"og_image_custom_url":null,"og_image_custom_fields":null,"og_video":null,"og_custom_url":null,"og_article_section":null,"og_article_tags":null,"twitter_use_og":false,"twitter_card":"default","twitter_image_type":"default","twitter_image_url":null,"twitter_image_custom_url":null,"twitter_image_custom_fields":null,"twitter_title":null,"twitter_description":null,"schema":{"blockGraphs":[],"customGraphs":[],"default":{"data":{"Article":[],"Course":[],"Dataset":[],"FAQPage":[],"Movie":[],"Person":[],"Product":[],"ProductReview":[],"Car":[],"Recipe":[],"Service":[],"SoftwareApplication":[],"WebPage":[]},"graphName":"","isEnabled":true},"graphs":[],"defaultGraph":"","defaultPostTypeGraph":""},"schema_type":null,"schema_type_options":null,"pillar_content":false,"robots_default":true,"robots_noindex":false,"robots_noarchive":false,"robots_nosnippet":false,"robots_nofollow":false,"robots_noimageindex":false,"robots_noodp":false,"robots_notranslate":false,"robots_max_snippet":null,"robots_max_videopreview":null,"robots_max_imagepreview":"large","priority":null,"frequency":null,"location":null,"local_seo":null,"seo_analyzer_scan_date":"2025-09-25 13:16:31","breadcrumb_settings":null,"limit_modified_date":false,"open_ai":null,"ai":null,"created":"2021-03-08 21:22:18","updated":"2025-09-25 13:16:31"},"aioseo_breadcrumb":"<div class=\"aioseo-breadcrumbs\"><span class=\"aioseo-breadcrumb\">\n\t<a href=\"https:\/\/eldigitaldeasturias.com\/magazine365\" title=\"Home\">Home<\/a>\n<\/span><span class=\"aioseo-breadcrumb-separator\">\u2013<\/span><span class=\"aioseo-breadcrumb\">\n\t<a href=\"https:\/\/eldigitaldeasturias.com\/magazine365\/category\/noticias-actualidad\/\" title=\"Noticias y Actualidad\">Noticias y Actualidad<\/a>\n<\/span><span class=\"aioseo-breadcrumb-separator\">\u2013<\/span><span class=\"aioseo-breadcrumb\">\n\t<a href=\"https:\/\/eldigitaldeasturias.com\/magazine365\/gastrofestival-se-despide-en-madrid-este-domingo-con-un-picnic-en-el-retiro\/\" title=\"Gastrofestival se despide en Madrid este domingo con un picnic en el Retiro\">Gastrofestival se despide en Madrid este domingo con un picnic en el Retiro<\/a>\n<\/span><\/div>","aioseo_breadcrumb_json":[{"label":"Home","link":"https:\/\/eldigitaldeasturias.com\/magazine365"},{"label":"Noticias y Actualidad","link":"https:\/\/eldigitaldeasturias.com\/magazine365\/category\/noticias-actualidad\/"},{"label":"Gastrofestival se despide en Madrid este domingo con un picnic en el Retiro","link":"https:\/\/eldigitaldeasturias.com\/magazine365\/gastrofestival-se-despide-en-madrid-este-domingo-con-un-picnic-en-el-retiro\/"}],"_links":{"self":[{"href":"https:\/\/eldigitaldeasturias.com\/magazine365\/wp-json\/wp\/v2\/posts\/63501","targetHints":{"allow":["GET"]}}],"collection":[{"href":"https:\/\/eldigitaldeasturias.com\/magazine365\/wp-json\/wp\/v2\/posts"}],"about":[{"href":"https:\/\/eldigitaldeasturias.com\/magazine365\/wp-json\/wp\/v2\/types\/post"}],"author":[{"embeddable":true,"href":"https:\/\/eldigitaldeasturias.com\/magazine365\/wp-json\/wp\/v2\/users\/1"}],"replies":[{"embeddable":true,"href":"https:\/\/eldigitaldeasturias.com\/magazine365\/wp-json\/wp\/v2\/comments?post=63501"}],"version-history":[{"count":0,"href":"https:\/\/eldigitaldeasturias.com\/magazine365\/wp-json\/wp\/v2\/posts\/63501\/revisions"}],"wp:featuredmedia":[{"embeddable":true,"href":"https:\/\/eldigitaldeasturias.com\/magazine365\/wp-json\/wp\/v2\/media\/63502"}],"wp:attachment":[{"href":"https:\/\/eldigitaldeasturias.com\/magazine365\/wp-json\/wp\/v2\/media?parent=63501"}],"wp:term":[{"taxonomy":"category","embeddable":true,"href":"https:\/\/eldigitaldeasturias.com\/magazine365\/wp-json\/wp\/v2\/categories?post=63501"},{"taxonomy":"post_tag","embeddable":true,"href":"https:\/\/eldigitaldeasturias.com\/magazine365\/wp-json\/wp\/v2\/tags?post=63501"}],"curies":[{"name":"wp","href":"https:\/\/api.w.org\/{rel}","templated":true}]}}