{"id":63495,"date":"2016-02-07T01:35:44","date_gmt":"2016-02-07T00:35:44","guid":{"rendered":"http:\/\/eldigitaldeasturias.com\/magazine365\/?p=63495"},"modified":"2016-02-07T01:35:44","modified_gmt":"2016-02-07T00:35:44","slug":"fomento-dice-que-la-inversion-en-la-red-de-cercanias-catalana-asciende-a-247-millones","status":"publish","type":"post","link":"https:\/\/eldigitaldeasturias.com\/magazine365\/fomento-dice-que-la-inversion-en-la-red-de-cercanias-catalana-asciende-a-247-millones\/","title":{"rendered":"Fomento dice que la inversi\u00f3n en la red de Cercan\u00edas catalana asciende a 247 millones"},"content":{"rendered":"<p><img fetchpriority=\"high\" decoding=\"async\" class=\"alignleft size-medium wp-image-63496\" src=\"https:\/\/eldigitaldeasturias.com\/magazine365\/wp-content\/uploads\/2016\/02\/fotonoticia_20160205174714_800-360x240.jpg\" alt=\"fotonoticia_20160205174714_800\" width=\"360\" height=\"240\" srcset=\"https:\/\/eldigitaldeasturias.com\/magazine365\/wp-content\/uploads\/2016\/02\/fotonoticia_20160205174714_800-360x240.jpg 360w, https:\/\/eldigitaldeasturias.com\/magazine365\/wp-content\/uploads\/2016\/02\/fotonoticia_20160205174714_800-650x433.jpg 650w, https:\/\/eldigitaldeasturias.com\/magazine365\/wp-content\/uploads\/2016\/02\/fotonoticia_20160205174714_800-768x512.jpg 768w, https:\/\/eldigitaldeasturias.com\/magazine365\/wp-content\/uploads\/2016\/02\/fotonoticia_20160205174714_800-150x100.jpg 150w, https:\/\/eldigitaldeasturias.com\/magazine365\/wp-content\/uploads\/2016\/02\/fotonoticia_20160205174714_800-450x300.jpg 450w, https:\/\/eldigitaldeasturias.com\/magazine365\/wp-content\/uploads\/2016\/02\/fotonoticia_20160205174714_800-696x464.jpg 696w, https:\/\/eldigitaldeasturias.com\/magazine365\/wp-content\/uploads\/2016\/02\/fotonoticia_20160205174714_800-630x420.jpg 630w, https:\/\/eldigitaldeasturias.com\/magazine365\/wp-content\/uploads\/2016\/02\/fotonoticia_20160205174714_800-101x66.jpg 101w, https:\/\/eldigitaldeasturias.com\/magazine365\/wp-content\/uploads\/2016\/02\/fotonoticia_20160205174714_800.jpg 800w\" sizes=\"(max-width: 360px) 100vw, 360px\" \/>La ministra de Fomento, Ana Pastor, ha asegurado que el Estado ha invertido en la red de Cercan\u00edas de Catalu\u00f1a desde el a\u00f1o 2012 un total de 247 millones de euros y, adem\u00e1s, \u00aben este momento se est\u00e1n ejecutando\u00bb m\u00e1s de 400 millones de euros.<\/p>\n<p>As\u00ed lo ha puesto de manifiesto Pastor en declaraciones a los periodistas tras la reuni\u00f3n que este viernes ha mantenido con el consejero de Territorio y Sostenibilidad de la Generalitat de Catalu\u00f1a, Josep Rull, en la sede del Ministerio, quien ha mostrado su discrepancia ante las cifras dadas desde Fomento.<\/p>\n<p>La ministra ha recalcado que esta cantidad responde a los \u00abdatos reales\u00bb al mismo tiempo que ha a\u00f1adido que para abordar m\u00e1s obras en Rodalies, este a\u00f1o se van a sacar a licitaci\u00f3n m\u00e1s de 100 millones.<\/p>\n<p>Preguntada acerca del motivo por el que el nivel de incidencias en la red es tan elevado pese a las numerosas inversiones, la ministra ha sido tajante: \u00abQue haya sido la l\u00ednea en Catalu\u00f1a donde ha habido el mayor robo cobre, la culpa no la tiene la ministra de Fomento. O que haya instalaciones que llevaran a\u00f1os y a\u00f1os que nadie haya invertido un euro\u00bb, ha sentenciado.<\/p>\n<p>As\u00ed es como la ministra ha reaccionado a la iniciativa del consejero Rull, quien ha reclamado \u00abla transferencia de la gesti\u00f3n\u00bb de la red de Cercan\u00edas de la Comunidad Aut\u00f3noma que en la actualidad est\u00e1 gestionando Adif y ha planteado as\u00ed \u00abun cambio radical de funcionamiento\u00bb de esta infraestructura.<\/p>\n<p>En cualquier caso, representantes de Fomento y de la Generalitat de Catalu\u00f1a tienen previsto reunirse el pr\u00f3ximo martes en Barcelona para \u00abhacer balance\u00bb de todas las inversiones del Estado en infraestructuras en esta comunidad.<\/p>\n<p>Adem\u00e1s de Rodalies, se abordar\u00e1n infraestructuras como la N-340, la N-240 o los accesos al Puerto de Barcelona.<\/p>\n","protected":false},"excerpt":{"rendered":"<p>La ministra de Fomento, Ana Pastor, ha asegurado que el Estado ha invertido en la red de Cercan\u00edas de Catalu\u00f1a desde el a\u00f1o 2012 un total de 247 millones de euros y, adem\u00e1s, \u00aben este momento se est\u00e1n ejecutando\u00bb m\u00e1s de 400 millones de euros. As\u00ed lo ha puesto de manifiesto Pastor en declaraciones a<\/p>\n","protected":false},"author":1,"featured_media":63496,"comment_status":"open","ping_status":"closed","sticky":false,"template":"","format":"standard","meta":{"footnotes":""},"categories":[224],"tags":[],"class_list":{"0":"post-63495","1":"post","2":"type-post","3":"status-publish","4":"format-standard","5":"has-post-thumbnail","7":"category-noticias-actualidad"},"aioseo_notices":[],"aioseo_head":"\n\t\t<!-- All in One SEO Pro 4.9.6.1 - aioseo.com -->\n\t<meta name=\"description\" content=\"La ministra de Fomento, Ana Pastor, ha asegurado que el Estado ha invertido en la red de Cercan\u00edas de Catalu\u00f1a desde el a\u00f1o 2012 un total de 247 millones de euros y, adem\u00e1s, &quot;en este momento se est\u00e1n ejecutando&quot; m\u00e1s de 400 millones de euros. As\u00ed lo ha puesto de manifiesto Pastor en declaraciones a\" \/>\n\t<meta name=\"robots\" content=\"max-image-preview:large\" \/>\n\t<meta name=\"author\" content=\"admin\"\/>\n\t<meta name=\"google-site-verification\" content=\"UA-38556648-1\" \/>\n\t<meta name=\"keywords\" content=\"noticias y actualidad\" \/>\n\t<link rel=\"canonical\" href=\"https:\/\/eldigitaldeasturias.com\/magazine365\/fomento-dice-que-la-inversion-en-la-red-de-cercanias-catalana-asciende-a-247-millones\/\" \/>\n\t<meta name=\"generator\" content=\"All in One SEO Pro (AIOSEO) 4.9.6.1\" \/>\n\t\t<meta property=\"og:locale\" content=\"es_ES\" \/>\n\t\t<meta property=\"og:site_name\" content=\"El Digital de Asturias \u2013 Revista de ocio, turismo y estilo de vida\" \/>\n\t\t<meta property=\"og:type\" content=\"article\" \/>\n\t\t<meta property=\"og:title\" content=\"Fomento dice que la inversi\u00f3n en la red de Cercan\u00edas catalana asciende a 247 millones | El Digital de Asturias\" \/>\n\t\t<meta property=\"og:description\" content=\"La ministra de Fomento, Ana Pastor, ha asegurado que el Estado ha invertido en la red de Cercan\u00edas de Catalu\u00f1a desde el a\u00f1o 2012 un total de 247 millones de euros y, adem\u00e1s, &quot;en este momento se est\u00e1n ejecutando&quot; m\u00e1s de 400 millones de euros. As\u00ed lo ha puesto de manifiesto Pastor en declaraciones a\" \/>\n\t\t<meta property=\"og:url\" content=\"https:\/\/eldigitaldeasturias.com\/magazine365\/fomento-dice-que-la-inversion-en-la-red-de-cercanias-catalana-asciende-a-247-millones\/\" \/>\n\t\t<meta property=\"og:image\" content=\"https:\/\/eldigitaldeasturias.com\/magazine365\/wp-content\/uploads\/2016\/02\/fotonoticia_20160205174714_800.jpg\" \/>\n\t\t<meta property=\"og:image:secure_url\" content=\"https:\/\/eldigitaldeasturias.com\/magazine365\/wp-content\/uploads\/2016\/02\/fotonoticia_20160205174714_800.jpg\" \/>\n\t\t<meta property=\"og:image:width\" content=\"800\" \/>\n\t\t<meta property=\"og:image:height\" content=\"533\" \/>\n\t\t<meta property=\"article:published_time\" content=\"2016-02-07T00:35:44+00:00\" \/>\n\t\t<meta property=\"article:modified_time\" content=\"2016-02-07T00:35:44+00:00\" \/>\n\t\t<meta name=\"twitter:card\" content=\"summary_large_image\" \/>\n\t\t<meta name=\"twitter:title\" content=\"Fomento dice que la inversi\u00f3n en la red de Cercan\u00edas catalana asciende a 247 millones | El Digital de Asturias\" \/>\n\t\t<meta name=\"twitter:description\" content=\"La ministra de Fomento, Ana Pastor, ha asegurado que el Estado ha invertido en la red de Cercan\u00edas de Catalu\u00f1a desde el a\u00f1o 2012 un total de 247 millones de euros y, adem\u00e1s, &quot;en este momento se est\u00e1n ejecutando&quot; m\u00e1s de 400 millones de euros. As\u00ed lo ha puesto de manifiesto Pastor en declaraciones a\" \/>\n\t\t<meta name=\"twitter:image\" content=\"https:\/\/eldigitaldeasturias.com\/magazine365\/wp-content\/uploads\/2016\/02\/fotonoticia_20160205174714_800.jpg\" \/>\n\t\t<script type=\"application\/ld+json\" class=\"aioseo-schema\">\n\t\t\t{\"@context\":\"https:\\\/\\\/schema.org\",\"@graph\":[{\"@type\":\"Article\",\"@id\":\"https:\\\/\\\/eldigitaldeasturias.com\\\/magazine365\\\/fomento-dice-que-la-inversion-en-la-red-de-cercanias-catalana-asciende-a-247-millones\\\/#article\",\"name\":\"Fomento dice que la inversi\\u00f3n en la red de Cercan\\u00edas catalana asciende a 247 millones | El Digital de Asturias\",\"headline\":\"Fomento dice que la inversi\\u00f3n en la red de Cercan\\u00edas catalana asciende a 247 millones\",\"author\":{\"@id\":\"https:\\\/\\\/eldigitaldeasturias.com\\\/magazine365\\\/author\\\/admin\\\/#author\"},\"publisher\":{\"@id\":\"https:\\\/\\\/eldigitaldeasturias.com\\\/magazine365\\\/#organization\"},\"image\":{\"@type\":\"ImageObject\",\"url\":\"https:\\\/\\\/eldigitaldeasturias.com\\\/magazine365\\\/wp-content\\\/uploads\\\/2016\\\/02\\\/fotonoticia_20160205174714_800.jpg\",\"width\":800,\"height\":533},\"datePublished\":\"2016-02-07T01:35:44+01:00\",\"dateModified\":\"2016-02-07T01:35:44+01:00\",\"inLanguage\":\"es-ES\",\"mainEntityOfPage\":{\"@id\":\"https:\\\/\\\/eldigitaldeasturias.com\\\/magazine365\\\/fomento-dice-que-la-inversion-en-la-red-de-cercanias-catalana-asciende-a-247-millones\\\/#webpage\"},\"isPartOf\":{\"@id\":\"https:\\\/\\\/eldigitaldeasturias.com\\\/magazine365\\\/fomento-dice-que-la-inversion-en-la-red-de-cercanias-catalana-asciende-a-247-millones\\\/#webpage\"},\"articleSection\":\"Noticias y Actualidad\"},{\"@type\":\"BreadcrumbList\",\"@id\":\"https:\\\/\\\/eldigitaldeasturias.com\\\/magazine365\\\/fomento-dice-que-la-inversion-en-la-red-de-cercanias-catalana-asciende-a-247-millones\\\/#breadcrumblist\",\"itemListElement\":[{\"@type\":\"ListItem\",\"@id\":\"https:\\\/\\\/eldigitaldeasturias.com\\\/magazine365#listItem\",\"position\":1,\"name\":\"Home\",\"item\":\"https:\\\/\\\/eldigitaldeasturias.com\\\/magazine365\",\"nextItem\":{\"@type\":\"ListItem\",\"@id\":\"https:\\\/\\\/eldigitaldeasturias.com\\\/magazine365\\\/category\\\/noticias-actualidad\\\/#listItem\",\"name\":\"Noticias y Actualidad\"}},{\"@type\":\"ListItem\",\"@id\":\"https:\\\/\\\/eldigitaldeasturias.com\\\/magazine365\\\/category\\\/noticias-actualidad\\\/#listItem\",\"position\":2,\"name\":\"Noticias y Actualidad\",\"item\":\"https:\\\/\\\/eldigitaldeasturias.com\\\/magazine365\\\/category\\\/noticias-actualidad\\\/\",\"nextItem\":{\"@type\":\"ListItem\",\"@id\":\"https:\\\/\\\/eldigitaldeasturias.com\\\/magazine365\\\/fomento-dice-que-la-inversion-en-la-red-de-cercanias-catalana-asciende-a-247-millones\\\/#listItem\",\"name\":\"Fomento dice que la inversi\\u00f3n en la red de Cercan\\u00edas catalana asciende a 247 millones\"},\"previousItem\":{\"@type\":\"ListItem\",\"@id\":\"https:\\\/\\\/eldigitaldeasturias.com\\\/magazine365#listItem\",\"name\":\"Home\"}},{\"@type\":\"ListItem\",\"@id\":\"https:\\\/\\\/eldigitaldeasturias.com\\\/magazine365\\\/fomento-dice-que-la-inversion-en-la-red-de-cercanias-catalana-asciende-a-247-millones\\\/#listItem\",\"position\":3,\"name\":\"Fomento dice que la inversi\\u00f3n en la red de Cercan\\u00edas catalana asciende a 247 millones\",\"previousItem\":{\"@type\":\"ListItem\",\"@id\":\"https:\\\/\\\/eldigitaldeasturias.com\\\/magazine365\\\/category\\\/noticias-actualidad\\\/#listItem\",\"name\":\"Noticias y Actualidad\"}}]},{\"@type\":\"Organization\",\"@id\":\"https:\\\/\\\/eldigitaldeasturias.com\\\/magazine365\\\/#organization\",\"name\":\"El digital de Asturias\",\"description\":\"Revista de ocio, turismo y estilo de vida\",\"url\":\"https:\\\/\\\/eldigitaldeasturias.com\\\/magazine365\\\/\",\"logo\":{\"@type\":\"ImageObject\",\"url\":\"https:\\\/\\\/www.eldigitaldeasturias.com\\\/noticias\\\/wp-content\\\/uploads\\\/2020\\\/12\\\/EDA.jpg\",\"@id\":\"https:\\\/\\\/eldigitaldeasturias.com\\\/magazine365\\\/fomento-dice-que-la-inversion-en-la-red-de-cercanias-catalana-asciende-a-247-millones\\\/#organizationLogo\"},\"image\":{\"@id\":\"https:\\\/\\\/eldigitaldeasturias.com\\\/magazine365\\\/fomento-dice-que-la-inversion-en-la-red-de-cercanias-catalana-asciende-a-247-millones\\\/#organizationLogo\"}},{\"@type\":\"Person\",\"@id\":\"https:\\\/\\\/eldigitaldeasturias.com\\\/magazine365\\\/author\\\/admin\\\/#author\",\"url\":\"https:\\\/\\\/eldigitaldeasturias.com\\\/magazine365\\\/author\\\/admin\\\/\",\"name\":\"admin\",\"image\":{\"@type\":\"ImageObject\",\"@id\":\"https:\\\/\\\/eldigitaldeasturias.com\\\/magazine365\\\/fomento-dice-que-la-inversion-en-la-red-de-cercanias-catalana-asciende-a-247-millones\\\/#authorImage\",\"url\":\"https:\\\/\\\/eldigitaldeasturias.com\\\/magazine365\\\/wp-content\\\/litespeed\\\/avatar\\\/e571bcf59a0edd6fa6838245a470f2fe.jpg?ver=1776969259\",\"width\":96,\"height\":96,\"caption\":\"admin\"}},{\"@type\":\"WebPage\",\"@id\":\"https:\\\/\\\/eldigitaldeasturias.com\\\/magazine365\\\/fomento-dice-que-la-inversion-en-la-red-de-cercanias-catalana-asciende-a-247-millones\\\/#webpage\",\"url\":\"https:\\\/\\\/eldigitaldeasturias.com\\\/magazine365\\\/fomento-dice-que-la-inversion-en-la-red-de-cercanias-catalana-asciende-a-247-millones\\\/\",\"name\":\"Fomento dice que la inversi\\u00f3n en la red de Cercan\\u00edas catalana asciende a 247 millones | El Digital de Asturias\",\"description\":\"La ministra de Fomento, Ana Pastor, ha asegurado que el Estado ha invertido en la red de Cercan\\u00edas de Catalu\\u00f1a desde el a\\u00f1o 2012 un total de 247 millones de euros y, adem\\u00e1s, \\\"en este momento se est\\u00e1n ejecutando\\\" m\\u00e1s de 400 millones de euros. As\\u00ed lo ha puesto de manifiesto Pastor en declaraciones a\",\"inLanguage\":\"es-ES\",\"isPartOf\":{\"@id\":\"https:\\\/\\\/eldigitaldeasturias.com\\\/magazine365\\\/#website\"},\"breadcrumb\":{\"@id\":\"https:\\\/\\\/eldigitaldeasturias.com\\\/magazine365\\\/fomento-dice-que-la-inversion-en-la-red-de-cercanias-catalana-asciende-a-247-millones\\\/#breadcrumblist\"},\"author\":{\"@id\":\"https:\\\/\\\/eldigitaldeasturias.com\\\/magazine365\\\/author\\\/admin\\\/#author\"},\"creator\":{\"@id\":\"https:\\\/\\\/eldigitaldeasturias.com\\\/magazine365\\\/author\\\/admin\\\/#author\"},\"image\":{\"@type\":\"ImageObject\",\"url\":\"https:\\\/\\\/eldigitaldeasturias.com\\\/magazine365\\\/wp-content\\\/uploads\\\/2016\\\/02\\\/fotonoticia_20160205174714_800.jpg\",\"@id\":\"https:\\\/\\\/eldigitaldeasturias.com\\\/magazine365\\\/fomento-dice-que-la-inversion-en-la-red-de-cercanias-catalana-asciende-a-247-millones\\\/#mainImage\",\"width\":800,\"height\":533},\"primaryImageOfPage\":{\"@id\":\"https:\\\/\\\/eldigitaldeasturias.com\\\/magazine365\\\/fomento-dice-que-la-inversion-en-la-red-de-cercanias-catalana-asciende-a-247-millones\\\/#mainImage\"},\"datePublished\":\"2016-02-07T01:35:44+01:00\",\"dateModified\":\"2016-02-07T01:35:44+01:00\"},{\"@type\":\"WebSite\",\"@id\":\"https:\\\/\\\/eldigitaldeasturias.com\\\/magazine365\\\/#website\",\"url\":\"https:\\\/\\\/eldigitaldeasturias.com\\\/magazine365\\\/\",\"name\":\"El Digital de Asturias\",\"description\":\"Revista de ocio, turismo y estilo de vida\",\"inLanguage\":\"es-ES\",\"publisher\":{\"@id\":\"https:\\\/\\\/eldigitaldeasturias.com\\\/magazine365\\\/#organization\"}}]}\n\t\t<\/script>\n\t\t<!-- All in One SEO Pro -->\r\n\t\t<title>Fomento dice que la inversi\u00f3n en la red de Cercan\u00edas catalana asciende a 247 millones | El Digital de Asturias<\/title>\n\n","aioseo_head_json":{"title":"Fomento dice que la inversi\u00f3n en la red de Cercan\u00edas catalana asciende a 247 millones | El Digital de Asturias","description":"La ministra de Fomento, Ana Pastor, ha asegurado que el Estado ha invertido en la red de Cercan\u00edas de Catalu\u00f1a desde el a\u00f1o 2012 un total de 247 millones de euros y, adem\u00e1s, \"en este momento se est\u00e1n ejecutando\" m\u00e1s de 400 millones de euros. As\u00ed lo ha puesto de manifiesto Pastor en declaraciones a","canonical_url":"https:\/\/eldigitaldeasturias.com\/magazine365\/fomento-dice-que-la-inversion-en-la-red-de-cercanias-catalana-asciende-a-247-millones\/","robots":"max-image-preview:large","keywords":"noticias y actualidad","webmasterTools":{"google-site-verification":"UA-38556648-1","miscellaneous":""},"schema":{"@context":"https:\/\/schema.org","@graph":[{"@type":"Article","@id":"https:\/\/eldigitaldeasturias.com\/magazine365\/fomento-dice-que-la-inversion-en-la-red-de-cercanias-catalana-asciende-a-247-millones\/#article","name":"Fomento dice que la inversi\u00f3n en la red de Cercan\u00edas catalana asciende a 247 millones | El Digital de Asturias","headline":"Fomento dice que la inversi\u00f3n en la red de Cercan\u00edas catalana asciende a 247 millones","author":{"@id":"https:\/\/eldigitaldeasturias.com\/magazine365\/author\/admin\/#author"},"publisher":{"@id":"https:\/\/eldigitaldeasturias.com\/magazine365\/#organization"},"image":{"@type":"ImageObject","url":"https:\/\/eldigitaldeasturias.com\/magazine365\/wp-content\/uploads\/2016\/02\/fotonoticia_20160205174714_800.jpg","width":800,"height":533},"datePublished":"2016-02-07T01:35:44+01:00","dateModified":"2016-02-07T01:35:44+01:00","inLanguage":"es-ES","mainEntityOfPage":{"@id":"https:\/\/eldigitaldeasturias.com\/magazine365\/fomento-dice-que-la-inversion-en-la-red-de-cercanias-catalana-asciende-a-247-millones\/#webpage"},"isPartOf":{"@id":"https:\/\/eldigitaldeasturias.com\/magazine365\/fomento-dice-que-la-inversion-en-la-red-de-cercanias-catalana-asciende-a-247-millones\/#webpage"},"articleSection":"Noticias y Actualidad"},{"@type":"BreadcrumbList","@id":"https:\/\/eldigitaldeasturias.com\/magazine365\/fomento-dice-que-la-inversion-en-la-red-de-cercanias-catalana-asciende-a-247-millones\/#breadcrumblist","itemListElement":[{"@type":"ListItem","@id":"https:\/\/eldigitaldeasturias.com\/magazine365#listItem","position":1,"name":"Home","item":"https:\/\/eldigitaldeasturias.com\/magazine365","nextItem":{"@type":"ListItem","@id":"https:\/\/eldigitaldeasturias.com\/magazine365\/category\/noticias-actualidad\/#listItem","name":"Noticias y Actualidad"}},{"@type":"ListItem","@id":"https:\/\/eldigitaldeasturias.com\/magazine365\/category\/noticias-actualidad\/#listItem","position":2,"name":"Noticias y Actualidad","item":"https:\/\/eldigitaldeasturias.com\/magazine365\/category\/noticias-actualidad\/","nextItem":{"@type":"ListItem","@id":"https:\/\/eldigitaldeasturias.com\/magazine365\/fomento-dice-que-la-inversion-en-la-red-de-cercanias-catalana-asciende-a-247-millones\/#listItem","name":"Fomento dice que la inversi\u00f3n en la red de Cercan\u00edas catalana asciende a 247 millones"},"previousItem":{"@type":"ListItem","@id":"https:\/\/eldigitaldeasturias.com\/magazine365#listItem","name":"Home"}},{"@type":"ListItem","@id":"https:\/\/eldigitaldeasturias.com\/magazine365\/fomento-dice-que-la-inversion-en-la-red-de-cercanias-catalana-asciende-a-247-millones\/#listItem","position":3,"name":"Fomento dice que la inversi\u00f3n en la red de Cercan\u00edas catalana asciende a 247 millones","previousItem":{"@type":"ListItem","@id":"https:\/\/eldigitaldeasturias.com\/magazine365\/category\/noticias-actualidad\/#listItem","name":"Noticias y Actualidad"}}]},{"@type":"Organization","@id":"https:\/\/eldigitaldeasturias.com\/magazine365\/#organization","name":"El digital de Asturias","description":"Revista de ocio, turismo y estilo de vida","url":"https:\/\/eldigitaldeasturias.com\/magazine365\/","logo":{"@type":"ImageObject","url":"https:\/\/www.eldigitaldeasturias.com\/noticias\/wp-content\/uploads\/2020\/12\/EDA.jpg","@id":"https:\/\/eldigitaldeasturias.com\/magazine365\/fomento-dice-que-la-inversion-en-la-red-de-cercanias-catalana-asciende-a-247-millones\/#organizationLogo"},"image":{"@id":"https:\/\/eldigitaldeasturias.com\/magazine365\/fomento-dice-que-la-inversion-en-la-red-de-cercanias-catalana-asciende-a-247-millones\/#organizationLogo"}},{"@type":"Person","@id":"https:\/\/eldigitaldeasturias.com\/magazine365\/author\/admin\/#author","url":"https:\/\/eldigitaldeasturias.com\/magazine365\/author\/admin\/","name":"admin","image":{"@type":"ImageObject","@id":"https:\/\/eldigitaldeasturias.com\/magazine365\/fomento-dice-que-la-inversion-en-la-red-de-cercanias-catalana-asciende-a-247-millones\/#authorImage","url":"https:\/\/eldigitaldeasturias.com\/magazine365\/wp-content\/litespeed\/avatar\/e571bcf59a0edd6fa6838245a470f2fe.jpg?ver=1776969259","width":96,"height":96,"caption":"admin"}},{"@type":"WebPage","@id":"https:\/\/eldigitaldeasturias.com\/magazine365\/fomento-dice-que-la-inversion-en-la-red-de-cercanias-catalana-asciende-a-247-millones\/#webpage","url":"https:\/\/eldigitaldeasturias.com\/magazine365\/fomento-dice-que-la-inversion-en-la-red-de-cercanias-catalana-asciende-a-247-millones\/","name":"Fomento dice que la inversi\u00f3n en la red de Cercan\u00edas catalana asciende a 247 millones | El Digital de Asturias","description":"La ministra de Fomento, Ana Pastor, ha asegurado que el Estado ha invertido en la red de Cercan\u00edas de Catalu\u00f1a desde el a\u00f1o 2012 un total de 247 millones de euros y, adem\u00e1s, \"en este momento se est\u00e1n ejecutando\" m\u00e1s de 400 millones de euros. As\u00ed lo ha puesto de manifiesto Pastor en declaraciones a","inLanguage":"es-ES","isPartOf":{"@id":"https:\/\/eldigitaldeasturias.com\/magazine365\/#website"},"breadcrumb":{"@id":"https:\/\/eldigitaldeasturias.com\/magazine365\/fomento-dice-que-la-inversion-en-la-red-de-cercanias-catalana-asciende-a-247-millones\/#breadcrumblist"},"author":{"@id":"https:\/\/eldigitaldeasturias.com\/magazine365\/author\/admin\/#author"},"creator":{"@id":"https:\/\/eldigitaldeasturias.com\/magazine365\/author\/admin\/#author"},"image":{"@type":"ImageObject","url":"https:\/\/eldigitaldeasturias.com\/magazine365\/wp-content\/uploads\/2016\/02\/fotonoticia_20160205174714_800.jpg","@id":"https:\/\/eldigitaldeasturias.com\/magazine365\/fomento-dice-que-la-inversion-en-la-red-de-cercanias-catalana-asciende-a-247-millones\/#mainImage","width":800,"height":533},"primaryImageOfPage":{"@id":"https:\/\/eldigitaldeasturias.com\/magazine365\/fomento-dice-que-la-inversion-en-la-red-de-cercanias-catalana-asciende-a-247-millones\/#mainImage"},"datePublished":"2016-02-07T01:35:44+01:00","dateModified":"2016-02-07T01:35:44+01:00"},{"@type":"WebSite","@id":"https:\/\/eldigitaldeasturias.com\/magazine365\/#website","url":"https:\/\/eldigitaldeasturias.com\/magazine365\/","name":"El Digital de Asturias","description":"Revista de ocio, turismo y estilo de vida","inLanguage":"es-ES","publisher":{"@id":"https:\/\/eldigitaldeasturias.com\/magazine365\/#organization"}}]},"og:locale":"es_ES","og:site_name":"El Digital de Asturias \u2013 Revista de ocio, turismo y estilo de vida","og:type":"article","og:title":"Fomento dice que la inversi\u00f3n en la red de Cercan\u00edas catalana asciende a 247 millones | El Digital de Asturias","og:description":"La ministra de Fomento, Ana Pastor, ha asegurado que el Estado ha invertido en la red de Cercan\u00edas de Catalu\u00f1a desde el a\u00f1o 2012 un total de 247 millones de euros y, adem\u00e1s, &quot;en este momento se est\u00e1n ejecutando&quot; m\u00e1s de 400 millones de euros. As\u00ed lo ha puesto de manifiesto Pastor en declaraciones a","og:url":"https:\/\/eldigitaldeasturias.com\/magazine365\/fomento-dice-que-la-inversion-en-la-red-de-cercanias-catalana-asciende-a-247-millones\/","og:image":"https:\/\/eldigitaldeasturias.com\/magazine365\/wp-content\/uploads\/2016\/02\/fotonoticia_20160205174714_800.jpg","og:image:secure_url":"https:\/\/eldigitaldeasturias.com\/magazine365\/wp-content\/uploads\/2016\/02\/fotonoticia_20160205174714_800.jpg","og:image:width":800,"og:image:height":533,"article:published_time":"2016-02-07T00:35:44+00:00","article:modified_time":"2016-02-07T00:35:44+00:00","twitter:card":"summary_large_image","twitter:title":"Fomento dice que la inversi\u00f3n en la red de Cercan\u00edas catalana asciende a 247 millones | El Digital de Asturias","twitter:description":"La ministra de Fomento, Ana Pastor, ha asegurado que el Estado ha invertido en la red de Cercan\u00edas de Catalu\u00f1a desde el a\u00f1o 2012 un total de 247 millones de euros y, adem\u00e1s, &quot;en este momento se est\u00e1n ejecutando&quot; m\u00e1s de 400 millones de euros. As\u00ed lo ha puesto de manifiesto Pastor en declaraciones a","twitter:image":"https:\/\/eldigitaldeasturias.com\/magazine365\/wp-content\/uploads\/2016\/02\/fotonoticia_20160205174714_800.jpg"},"aioseo_meta_data":{"post_id":"63495","title":null,"description":null,"keywords":null,"keyphrases":null,"primary_term":null,"canonical_url":null,"og_title":null,"og_description":null,"og_object_type":"default","og_image_type":"default","og_image_url":null,"og_image_width":null,"og_image_height":null,"og_image_custom_url":null,"og_image_custom_fields":null,"og_video":null,"og_custom_url":null,"og_article_section":null,"og_article_tags":null,"twitter_use_og":false,"twitter_card":"default","twitter_image_type":"default","twitter_image_url":null,"twitter_image_custom_url":null,"twitter_image_custom_fields":null,"twitter_title":null,"twitter_description":null,"schema":{"blockGraphs":[],"customGraphs":[],"default":{"data":{"Article":[],"Course":[],"Dataset":[],"FAQPage":[],"Movie":[],"Person":[],"Product":[],"ProductReview":[],"Car":[],"Recipe":[],"Service":[],"SoftwareApplication":[],"WebPage":[]},"graphName":"","isEnabled":true},"graphs":[],"defaultGraph":"","defaultPostTypeGraph":""},"schema_type":null,"schema_type_options":null,"pillar_content":false,"robots_default":true,"robots_noindex":false,"robots_noarchive":false,"robots_nosnippet":false,"robots_nofollow":false,"robots_noimageindex":false,"robots_noodp":false,"robots_notranslate":false,"robots_max_snippet":null,"robots_max_videopreview":null,"robots_max_imagepreview":"large","priority":null,"frequency":null,"location":null,"local_seo":null,"seo_analyzer_scan_date":"2025-09-25 13:16:28","breadcrumb_settings":null,"limit_modified_date":false,"open_ai":null,"ai":null,"created":"2021-03-08 21:22:18","updated":"2025-09-25 13:16:28"},"aioseo_breadcrumb":"<div class=\"aioseo-breadcrumbs\"><span class=\"aioseo-breadcrumb\">\n\t<a href=\"https:\/\/eldigitaldeasturias.com\/magazine365\" title=\"Home\">Home<\/a>\n<\/span><span class=\"aioseo-breadcrumb-separator\">\u2013<\/span><span class=\"aioseo-breadcrumb\">\n\t<a href=\"https:\/\/eldigitaldeasturias.com\/magazine365\/category\/noticias-actualidad\/\" title=\"Noticias y Actualidad\">Noticias y Actualidad<\/a>\n<\/span><span class=\"aioseo-breadcrumb-separator\">\u2013<\/span><span class=\"aioseo-breadcrumb\">\n\t<a href=\"https:\/\/eldigitaldeasturias.com\/magazine365\/fomento-dice-que-la-inversion-en-la-red-de-cercanias-catalana-asciende-a-247-millones\/\" title=\"Fomento dice que la inversi\u00f3n en la red de Cercan\u00edas catalana asciende a 247 millones\">Fomento dice que la inversi\u00f3n en la red de Cercan\u00edas catalana asciende a 247 millones<\/a>\n<\/span><\/div>","aioseo_breadcrumb_json":[{"label":"Home","link":"https:\/\/eldigitaldeasturias.com\/magazine365"},{"label":"Noticias y Actualidad","link":"https:\/\/eldigitaldeasturias.com\/magazine365\/category\/noticias-actualidad\/"},{"label":"Fomento dice que la inversi\u00f3n en la red de Cercan\u00edas catalana asciende a 247 millones","link":"https:\/\/eldigitaldeasturias.com\/magazine365\/fomento-dice-que-la-inversion-en-la-red-de-cercanias-catalana-asciende-a-247-millones\/"}],"_links":{"self":[{"href":"https:\/\/eldigitaldeasturias.com\/magazine365\/wp-json\/wp\/v2\/posts\/63495","targetHints":{"allow":["GET"]}}],"collection":[{"href":"https:\/\/eldigitaldeasturias.com\/magazine365\/wp-json\/wp\/v2\/posts"}],"about":[{"href":"https:\/\/eldigitaldeasturias.com\/magazine365\/wp-json\/wp\/v2\/types\/post"}],"author":[{"embeddable":true,"href":"https:\/\/eldigitaldeasturias.com\/magazine365\/wp-json\/wp\/v2\/users\/1"}],"replies":[{"embeddable":true,"href":"https:\/\/eldigitaldeasturias.com\/magazine365\/wp-json\/wp\/v2\/comments?post=63495"}],"version-history":[{"count":0,"href":"https:\/\/eldigitaldeasturias.com\/magazine365\/wp-json\/wp\/v2\/posts\/63495\/revisions"}],"wp:featuredmedia":[{"embeddable":true,"href":"https:\/\/eldigitaldeasturias.com\/magazine365\/wp-json\/wp\/v2\/media\/63496"}],"wp:attachment":[{"href":"https:\/\/eldigitaldeasturias.com\/magazine365\/wp-json\/wp\/v2\/media?parent=63495"}],"wp:term":[{"taxonomy":"category","embeddable":true,"href":"https:\/\/eldigitaldeasturias.com\/magazine365\/wp-json\/wp\/v2\/categories?post=63495"},{"taxonomy":"post_tag","embeddable":true,"href":"https:\/\/eldigitaldeasturias.com\/magazine365\/wp-json\/wp\/v2\/tags?post=63495"}],"curies":[{"name":"wp","href":"https:\/\/api.w.org\/{rel}","templated":true}]}}