{"id":63492,"date":"2016-02-07T01:32:08","date_gmt":"2016-02-07T00:32:08","guid":{"rendered":"http:\/\/eldigitaldeasturias.com\/magazine365\/?p=63492"},"modified":"2016-02-07T01:32:08","modified_gmt":"2016-02-07T00:32:08","slug":"los-pilotos-denuncian-el-inmovilismo-de-las-autoridades-aeronauticas-durante-los-ultimos-cinco-anos","status":"publish","type":"post","link":"https:\/\/eldigitaldeasturias.com\/magazine365\/los-pilotos-denuncian-el-inmovilismo-de-las-autoridades-aeronauticas-durante-los-ultimos-cinco-anos\/","title":{"rendered":"Los pilotos denuncian el \u00abinmovilismo\u00bb de las autoridades aeron\u00e1uticas durante los \u00faltimos cinco a\u00f1os"},"content":{"rendered":"<p><img fetchpriority=\"high\" decoding=\"async\" class=\"alignleft size-medium wp-image-63493\" src=\"https:\/\/eldigitaldeasturias.com\/magazine365\/wp-content\/uploads\/2016\/02\/fotonoticia_20160205172205_800-360x240.jpg\" alt=\"fotonoticia_20160205172205_800\" width=\"360\" height=\"240\" srcset=\"https:\/\/eldigitaldeasturias.com\/magazine365\/wp-content\/uploads\/2016\/02\/fotonoticia_20160205172205_800-360x240.jpg 360w, https:\/\/eldigitaldeasturias.com\/magazine365\/wp-content\/uploads\/2016\/02\/fotonoticia_20160205172205_800-650x433.jpg 650w, https:\/\/eldigitaldeasturias.com\/magazine365\/wp-content\/uploads\/2016\/02\/fotonoticia_20160205172205_800-768x512.jpg 768w, https:\/\/eldigitaldeasturias.com\/magazine365\/wp-content\/uploads\/2016\/02\/fotonoticia_20160205172205_800-150x100.jpg 150w, https:\/\/eldigitaldeasturias.com\/magazine365\/wp-content\/uploads\/2016\/02\/fotonoticia_20160205172205_800-450x300.jpg 450w, https:\/\/eldigitaldeasturias.com\/magazine365\/wp-content\/uploads\/2016\/02\/fotonoticia_20160205172205_800-696x464.jpg 696w, https:\/\/eldigitaldeasturias.com\/magazine365\/wp-content\/uploads\/2016\/02\/fotonoticia_20160205172205_800-630x420.jpg 630w, https:\/\/eldigitaldeasturias.com\/magazine365\/wp-content\/uploads\/2016\/02\/fotonoticia_20160205172205_800-101x66.jpg 101w, https:\/\/eldigitaldeasturias.com\/magazine365\/wp-content\/uploads\/2016\/02\/fotonoticia_20160205172205_800.jpg 800w\" sizes=\"(max-width: 360px) 100vw, 360px\" \/>Los pilotos reclaman un mayor compromiso con el sector a\u00e9reo y sus profesionales para recuperar la competitividad y denuncian el inmovilismo de las autoridades aeron\u00e1uticas durante los \u00faltimos cinco a\u00f1os, seg\u00fan se desprende del Aerobar\u00f3metro que ha realizado el Colegio Oficial de Pilotos de Aviaci\u00f3n Comercial (Copac) por quinto a\u00f1o consecutivo.<\/p>\n<p>Seg\u00fan concluye este estudio, que analiza la percepci\u00f3n de los colegiados sobre el panorama a\u00e9reo, los pilotos lamentan el \u00ab\u00bbinmovilismo de las autoridades aeron\u00e1uticas durante los \u00faltimos cinco a\u00f1os\u00bb y consideran que \u00e9stas \u00abdeber\u00edan\u00bb ofrecer un mayor apoyo al sector a\u00e9reo.<\/p>\n<p>Los pilotos consideran que el Ministerio de Fomento y los organismos aeron\u00e1uticos deber\u00edan renovar las gestiones enfocadas al sector a\u00e9reo, ya que hay una falta de \u00absensibilidad\u00bb y \u00abconocimiento\u00bb por parte de la Agencia Estatal de Seguridad A\u00e9rea (AESA), ENAIRE, Aena y la Comisi\u00f3n de Investigaci\u00f3n de Accidentes e Incidente de Aviaci\u00f3n Civil (CIAIAC).<\/p>\n<p>As\u00ed, consideran que la AESA no promueve la cultura de seguridad ni supervisa adecuadamente las operaciones y se\u00f1alan la necesidad de que la CIAIAC sea \u00abindependiente\u00bb a la hora de garantizar la eficacia de las investigaciones de accidentes y su labor preventiva.<\/p>\n<p>Asimismo, puntos como la falta de relaci\u00f3n entre los pilotos y la alta direcci\u00f3n y la escasa consideraci\u00f3n del impacto de fatiga en los pilotos, de la seguridad y de la supervisi\u00f3n de los trabajos a\u00e9reos tambi\u00e9n se encuentran entre los aspectos a mejorar, seg\u00fan el Copac.<\/p>\n<p>Tambi\u00e9n se se se\u00f1ala que se deber\u00eda recuperar a aquellos pilotos experimentados que han tenido que emigrar en busca de oportunidades profesionales para poder mejorar la calidad a\u00e9rea espa\u00f1ola.<\/p>\n<p>Finalmente, reclaman que los accesos a la profesi\u00f3n de piloto sean m\u00e1s \u00abescrupulosos\u00bb sin incurrir en pr\u00e1cticas como el \u00abpagar por volar\u00bb que degradan el ejercicio profesional y deterioran el sector.<\/p>\n","protected":false},"excerpt":{"rendered":"<p>Los pilotos reclaman un mayor compromiso con el sector a\u00e9reo y sus profesionales para recuperar la competitividad y denuncian el inmovilismo de las autoridades aeron\u00e1uticas durante los \u00faltimos cinco a\u00f1os, seg\u00fan se desprende del Aerobar\u00f3metro que ha realizado el Colegio Oficial de Pilotos de Aviaci\u00f3n Comercial (Copac) por quinto a\u00f1o consecutivo. Seg\u00fan concluye este estudio,<\/p>\n","protected":false},"author":1,"featured_media":63493,"comment_status":"open","ping_status":"closed","sticky":false,"template":"","format":"standard","meta":{"footnotes":""},"categories":[224],"tags":[],"class_list":{"0":"post-63492","1":"post","2":"type-post","3":"status-publish","4":"format-standard","5":"has-post-thumbnail","7":"category-noticias-actualidad"},"aioseo_notices":[],"aioseo_head":"\n\t\t<!-- All in One SEO Pro 4.9.6.1 - aioseo.com -->\n\t<meta name=\"description\" content=\"Los pilotos reclaman un mayor compromiso con el sector a\u00e9reo y sus profesionales para recuperar la competitividad y denuncian el inmovilismo de las autoridades aeron\u00e1uticas durante los \u00faltimos cinco a\u00f1os, seg\u00fan se desprende del Aerobar\u00f3metro que ha realizado el Colegio Oficial de Pilotos de Aviaci\u00f3n Comercial (Copac) por quinto a\u00f1o consecutivo. Seg\u00fan concluye este estudio,\" \/>\n\t<meta name=\"robots\" content=\"max-image-preview:large\" \/>\n\t<meta name=\"author\" content=\"admin\"\/>\n\t<meta name=\"google-site-verification\" content=\"UA-38556648-1\" \/>\n\t<meta name=\"keywords\" content=\"noticias y actualidad\" \/>\n\t<link rel=\"canonical\" href=\"https:\/\/eldigitaldeasturias.com\/magazine365\/los-pilotos-denuncian-el-inmovilismo-de-las-autoridades-aeronauticas-durante-los-ultimos-cinco-anos\/\" \/>\n\t<meta name=\"generator\" content=\"All in One SEO Pro (AIOSEO) 4.9.6.1\" \/>\n\t\t<meta property=\"og:locale\" content=\"es_ES\" \/>\n\t\t<meta property=\"og:site_name\" content=\"El Digital de Asturias \u2013 Revista de ocio, turismo y estilo de vida\" \/>\n\t\t<meta property=\"og:type\" content=\"article\" \/>\n\t\t<meta property=\"og:title\" content=\"Los pilotos denuncian el \u00abinmovilismo\u00bb de las autoridades aeron\u00e1uticas durante los \u00faltimos cinco a\u00f1os | El Digital de Asturias\" \/>\n\t\t<meta property=\"og:description\" content=\"Los pilotos reclaman un mayor compromiso con el sector a\u00e9reo y sus profesionales para recuperar la competitividad y denuncian el inmovilismo de las autoridades aeron\u00e1uticas durante los \u00faltimos cinco a\u00f1os, seg\u00fan se desprende del Aerobar\u00f3metro que ha realizado el Colegio Oficial de Pilotos de Aviaci\u00f3n Comercial (Copac) por quinto a\u00f1o consecutivo. Seg\u00fan concluye este estudio,\" \/>\n\t\t<meta property=\"og:url\" content=\"https:\/\/eldigitaldeasturias.com\/magazine365\/los-pilotos-denuncian-el-inmovilismo-de-las-autoridades-aeronauticas-durante-los-ultimos-cinco-anos\/\" \/>\n\t\t<meta property=\"og:image\" content=\"https:\/\/eldigitaldeasturias.com\/magazine365\/wp-content\/uploads\/2016\/02\/fotonoticia_20160205172205_800.jpg\" \/>\n\t\t<meta property=\"og:image:secure_url\" content=\"https:\/\/eldigitaldeasturias.com\/magazine365\/wp-content\/uploads\/2016\/02\/fotonoticia_20160205172205_800.jpg\" \/>\n\t\t<meta property=\"og:image:width\" content=\"800\" \/>\n\t\t<meta property=\"og:image:height\" content=\"533\" \/>\n\t\t<meta property=\"article:published_time\" content=\"2016-02-07T00:32:08+00:00\" \/>\n\t\t<meta property=\"article:modified_time\" content=\"2016-02-07T00:32:08+00:00\" \/>\n\t\t<meta name=\"twitter:card\" content=\"summary_large_image\" \/>\n\t\t<meta name=\"twitter:title\" content=\"Los pilotos denuncian el \u00abinmovilismo\u00bb de las autoridades aeron\u00e1uticas durante los \u00faltimos cinco a\u00f1os | El Digital de Asturias\" \/>\n\t\t<meta name=\"twitter:description\" content=\"Los pilotos reclaman un mayor compromiso con el sector a\u00e9reo y sus profesionales para recuperar la competitividad y denuncian el inmovilismo de las autoridades aeron\u00e1uticas durante los \u00faltimos cinco a\u00f1os, seg\u00fan se desprende del Aerobar\u00f3metro que ha realizado el Colegio Oficial de Pilotos de Aviaci\u00f3n Comercial (Copac) por quinto a\u00f1o consecutivo. Seg\u00fan concluye este estudio,\" \/>\n\t\t<meta name=\"twitter:image\" content=\"https:\/\/eldigitaldeasturias.com\/magazine365\/wp-content\/uploads\/2016\/02\/fotonoticia_20160205172205_800.jpg\" \/>\n\t\t<script type=\"application\/ld+json\" class=\"aioseo-schema\">\n\t\t\t{\"@context\":\"https:\\\/\\\/schema.org\",\"@graph\":[{\"@type\":\"Article\",\"@id\":\"https:\\\/\\\/eldigitaldeasturias.com\\\/magazine365\\\/los-pilotos-denuncian-el-inmovilismo-de-las-autoridades-aeronauticas-durante-los-ultimos-cinco-anos\\\/#article\",\"name\":\"Los pilotos denuncian el \\u00abinmovilismo\\u00bb de las autoridades aeron\\u00e1uticas durante los \\u00faltimos cinco a\\u00f1os | El Digital de Asturias\",\"headline\":\"Los pilotos denuncian el \\u00abinmovilismo\\u00bb de las autoridades aeron\\u00e1uticas durante los \\u00faltimos cinco a\\u00f1os\",\"author\":{\"@id\":\"https:\\\/\\\/eldigitaldeasturias.com\\\/magazine365\\\/author\\\/admin\\\/#author\"},\"publisher\":{\"@id\":\"https:\\\/\\\/eldigitaldeasturias.com\\\/magazine365\\\/#organization\"},\"image\":{\"@type\":\"ImageObject\",\"url\":\"https:\\\/\\\/eldigitaldeasturias.com\\\/magazine365\\\/wp-content\\\/uploads\\\/2016\\\/02\\\/fotonoticia_20160205172205_800.jpg\",\"width\":800,\"height\":533},\"datePublished\":\"2016-02-07T01:32:08+01:00\",\"dateModified\":\"2016-02-07T01:32:08+01:00\",\"inLanguage\":\"es-ES\",\"mainEntityOfPage\":{\"@id\":\"https:\\\/\\\/eldigitaldeasturias.com\\\/magazine365\\\/los-pilotos-denuncian-el-inmovilismo-de-las-autoridades-aeronauticas-durante-los-ultimos-cinco-anos\\\/#webpage\"},\"isPartOf\":{\"@id\":\"https:\\\/\\\/eldigitaldeasturias.com\\\/magazine365\\\/los-pilotos-denuncian-el-inmovilismo-de-las-autoridades-aeronauticas-durante-los-ultimos-cinco-anos\\\/#webpage\"},\"articleSection\":\"Noticias y Actualidad\"},{\"@type\":\"BreadcrumbList\",\"@id\":\"https:\\\/\\\/eldigitaldeasturias.com\\\/magazine365\\\/los-pilotos-denuncian-el-inmovilismo-de-las-autoridades-aeronauticas-durante-los-ultimos-cinco-anos\\\/#breadcrumblist\",\"itemListElement\":[{\"@type\":\"ListItem\",\"@id\":\"https:\\\/\\\/eldigitaldeasturias.com\\\/magazine365#listItem\",\"position\":1,\"name\":\"Home\",\"item\":\"https:\\\/\\\/eldigitaldeasturias.com\\\/magazine365\",\"nextItem\":{\"@type\":\"ListItem\",\"@id\":\"https:\\\/\\\/eldigitaldeasturias.com\\\/magazine365\\\/category\\\/noticias-actualidad\\\/#listItem\",\"name\":\"Noticias y Actualidad\"}},{\"@type\":\"ListItem\",\"@id\":\"https:\\\/\\\/eldigitaldeasturias.com\\\/magazine365\\\/category\\\/noticias-actualidad\\\/#listItem\",\"position\":2,\"name\":\"Noticias y Actualidad\",\"item\":\"https:\\\/\\\/eldigitaldeasturias.com\\\/magazine365\\\/category\\\/noticias-actualidad\\\/\",\"nextItem\":{\"@type\":\"ListItem\",\"@id\":\"https:\\\/\\\/eldigitaldeasturias.com\\\/magazine365\\\/los-pilotos-denuncian-el-inmovilismo-de-las-autoridades-aeronauticas-durante-los-ultimos-cinco-anos\\\/#listItem\",\"name\":\"Los pilotos denuncian el \\u00abinmovilismo\\u00bb de las autoridades aeron\\u00e1uticas durante los \\u00faltimos cinco a\\u00f1os\"},\"previousItem\":{\"@type\":\"ListItem\",\"@id\":\"https:\\\/\\\/eldigitaldeasturias.com\\\/magazine365#listItem\",\"name\":\"Home\"}},{\"@type\":\"ListItem\",\"@id\":\"https:\\\/\\\/eldigitaldeasturias.com\\\/magazine365\\\/los-pilotos-denuncian-el-inmovilismo-de-las-autoridades-aeronauticas-durante-los-ultimos-cinco-anos\\\/#listItem\",\"position\":3,\"name\":\"Los pilotos denuncian el \\u00abinmovilismo\\u00bb de las autoridades aeron\\u00e1uticas durante los \\u00faltimos cinco a\\u00f1os\",\"previousItem\":{\"@type\":\"ListItem\",\"@id\":\"https:\\\/\\\/eldigitaldeasturias.com\\\/magazine365\\\/category\\\/noticias-actualidad\\\/#listItem\",\"name\":\"Noticias y Actualidad\"}}]},{\"@type\":\"Organization\",\"@id\":\"https:\\\/\\\/eldigitaldeasturias.com\\\/magazine365\\\/#organization\",\"name\":\"El digital de Asturias\",\"description\":\"Revista de ocio, turismo y estilo de vida\",\"url\":\"https:\\\/\\\/eldigitaldeasturias.com\\\/magazine365\\\/\",\"logo\":{\"@type\":\"ImageObject\",\"url\":\"https:\\\/\\\/www.eldigitaldeasturias.com\\\/noticias\\\/wp-content\\\/uploads\\\/2020\\\/12\\\/EDA.jpg\",\"@id\":\"https:\\\/\\\/eldigitaldeasturias.com\\\/magazine365\\\/los-pilotos-denuncian-el-inmovilismo-de-las-autoridades-aeronauticas-durante-los-ultimos-cinco-anos\\\/#organizationLogo\"},\"image\":{\"@id\":\"https:\\\/\\\/eldigitaldeasturias.com\\\/magazine365\\\/los-pilotos-denuncian-el-inmovilismo-de-las-autoridades-aeronauticas-durante-los-ultimos-cinco-anos\\\/#organizationLogo\"}},{\"@type\":\"Person\",\"@id\":\"https:\\\/\\\/eldigitaldeasturias.com\\\/magazine365\\\/author\\\/admin\\\/#author\",\"url\":\"https:\\\/\\\/eldigitaldeasturias.com\\\/magazine365\\\/author\\\/admin\\\/\",\"name\":\"admin\",\"image\":{\"@type\":\"ImageObject\",\"@id\":\"https:\\\/\\\/eldigitaldeasturias.com\\\/magazine365\\\/los-pilotos-denuncian-el-inmovilismo-de-las-autoridades-aeronauticas-durante-los-ultimos-cinco-anos\\\/#authorImage\",\"url\":\"https:\\\/\\\/eldigitaldeasturias.com\\\/magazine365\\\/wp-content\\\/litespeed\\\/avatar\\\/e571bcf59a0edd6fa6838245a470f2fe.jpg?ver=1776969259\",\"width\":96,\"height\":96,\"caption\":\"admin\"}},{\"@type\":\"WebPage\",\"@id\":\"https:\\\/\\\/eldigitaldeasturias.com\\\/magazine365\\\/los-pilotos-denuncian-el-inmovilismo-de-las-autoridades-aeronauticas-durante-los-ultimos-cinco-anos\\\/#webpage\",\"url\":\"https:\\\/\\\/eldigitaldeasturias.com\\\/magazine365\\\/los-pilotos-denuncian-el-inmovilismo-de-las-autoridades-aeronauticas-durante-los-ultimos-cinco-anos\\\/\",\"name\":\"Los pilotos denuncian el \\u00abinmovilismo\\u00bb de las autoridades aeron\\u00e1uticas durante los \\u00faltimos cinco a\\u00f1os | El Digital de Asturias\",\"description\":\"Los pilotos reclaman un mayor compromiso con el sector a\\u00e9reo y sus profesionales para recuperar la competitividad y denuncian el inmovilismo de las autoridades aeron\\u00e1uticas durante los \\u00faltimos cinco a\\u00f1os, seg\\u00fan se desprende del Aerobar\\u00f3metro que ha realizado el Colegio Oficial de Pilotos de Aviaci\\u00f3n Comercial (Copac) por quinto a\\u00f1o consecutivo. Seg\\u00fan concluye este estudio,\",\"inLanguage\":\"es-ES\",\"isPartOf\":{\"@id\":\"https:\\\/\\\/eldigitaldeasturias.com\\\/magazine365\\\/#website\"},\"breadcrumb\":{\"@id\":\"https:\\\/\\\/eldigitaldeasturias.com\\\/magazine365\\\/los-pilotos-denuncian-el-inmovilismo-de-las-autoridades-aeronauticas-durante-los-ultimos-cinco-anos\\\/#breadcrumblist\"},\"author\":{\"@id\":\"https:\\\/\\\/eldigitaldeasturias.com\\\/magazine365\\\/author\\\/admin\\\/#author\"},\"creator\":{\"@id\":\"https:\\\/\\\/eldigitaldeasturias.com\\\/magazine365\\\/author\\\/admin\\\/#author\"},\"image\":{\"@type\":\"ImageObject\",\"url\":\"https:\\\/\\\/eldigitaldeasturias.com\\\/magazine365\\\/wp-content\\\/uploads\\\/2016\\\/02\\\/fotonoticia_20160205172205_800.jpg\",\"@id\":\"https:\\\/\\\/eldigitaldeasturias.com\\\/magazine365\\\/los-pilotos-denuncian-el-inmovilismo-de-las-autoridades-aeronauticas-durante-los-ultimos-cinco-anos\\\/#mainImage\",\"width\":800,\"height\":533},\"primaryImageOfPage\":{\"@id\":\"https:\\\/\\\/eldigitaldeasturias.com\\\/magazine365\\\/los-pilotos-denuncian-el-inmovilismo-de-las-autoridades-aeronauticas-durante-los-ultimos-cinco-anos\\\/#mainImage\"},\"datePublished\":\"2016-02-07T01:32:08+01:00\",\"dateModified\":\"2016-02-07T01:32:08+01:00\"},{\"@type\":\"WebSite\",\"@id\":\"https:\\\/\\\/eldigitaldeasturias.com\\\/magazine365\\\/#website\",\"url\":\"https:\\\/\\\/eldigitaldeasturias.com\\\/magazine365\\\/\",\"name\":\"El Digital de Asturias\",\"description\":\"Revista de ocio, turismo y estilo de vida\",\"inLanguage\":\"es-ES\",\"publisher\":{\"@id\":\"https:\\\/\\\/eldigitaldeasturias.com\\\/magazine365\\\/#organization\"}}]}\n\t\t<\/script>\n\t\t<!-- All in One SEO Pro -->\r\n\t\t<title>Los pilotos denuncian el \u00abinmovilismo\u00bb de las autoridades aeron\u00e1uticas durante los \u00faltimos cinco a\u00f1os | El Digital de Asturias<\/title>\n\n","aioseo_head_json":{"title":"Los pilotos denuncian el \u00abinmovilismo\u00bb de las autoridades aeron\u00e1uticas durante los \u00faltimos cinco a\u00f1os | El Digital de Asturias","description":"Los pilotos reclaman un mayor compromiso con el sector a\u00e9reo y sus profesionales para recuperar la competitividad y denuncian el inmovilismo de las autoridades aeron\u00e1uticas durante los \u00faltimos cinco a\u00f1os, seg\u00fan se desprende del Aerobar\u00f3metro que ha realizado el Colegio Oficial de Pilotos de Aviaci\u00f3n Comercial (Copac) por quinto a\u00f1o consecutivo. Seg\u00fan concluye este estudio,","canonical_url":"https:\/\/eldigitaldeasturias.com\/magazine365\/los-pilotos-denuncian-el-inmovilismo-de-las-autoridades-aeronauticas-durante-los-ultimos-cinco-anos\/","robots":"max-image-preview:large","keywords":"noticias y actualidad","webmasterTools":{"google-site-verification":"UA-38556648-1","miscellaneous":""},"schema":{"@context":"https:\/\/schema.org","@graph":[{"@type":"Article","@id":"https:\/\/eldigitaldeasturias.com\/magazine365\/los-pilotos-denuncian-el-inmovilismo-de-las-autoridades-aeronauticas-durante-los-ultimos-cinco-anos\/#article","name":"Los pilotos denuncian el \u00abinmovilismo\u00bb de las autoridades aeron\u00e1uticas durante los \u00faltimos cinco a\u00f1os | El Digital de Asturias","headline":"Los pilotos denuncian el \u00abinmovilismo\u00bb de las autoridades aeron\u00e1uticas durante los \u00faltimos cinco a\u00f1os","author":{"@id":"https:\/\/eldigitaldeasturias.com\/magazine365\/author\/admin\/#author"},"publisher":{"@id":"https:\/\/eldigitaldeasturias.com\/magazine365\/#organization"},"image":{"@type":"ImageObject","url":"https:\/\/eldigitaldeasturias.com\/magazine365\/wp-content\/uploads\/2016\/02\/fotonoticia_20160205172205_800.jpg","width":800,"height":533},"datePublished":"2016-02-07T01:32:08+01:00","dateModified":"2016-02-07T01:32:08+01:00","inLanguage":"es-ES","mainEntityOfPage":{"@id":"https:\/\/eldigitaldeasturias.com\/magazine365\/los-pilotos-denuncian-el-inmovilismo-de-las-autoridades-aeronauticas-durante-los-ultimos-cinco-anos\/#webpage"},"isPartOf":{"@id":"https:\/\/eldigitaldeasturias.com\/magazine365\/los-pilotos-denuncian-el-inmovilismo-de-las-autoridades-aeronauticas-durante-los-ultimos-cinco-anos\/#webpage"},"articleSection":"Noticias y Actualidad"},{"@type":"BreadcrumbList","@id":"https:\/\/eldigitaldeasturias.com\/magazine365\/los-pilotos-denuncian-el-inmovilismo-de-las-autoridades-aeronauticas-durante-los-ultimos-cinco-anos\/#breadcrumblist","itemListElement":[{"@type":"ListItem","@id":"https:\/\/eldigitaldeasturias.com\/magazine365#listItem","position":1,"name":"Home","item":"https:\/\/eldigitaldeasturias.com\/magazine365","nextItem":{"@type":"ListItem","@id":"https:\/\/eldigitaldeasturias.com\/magazine365\/category\/noticias-actualidad\/#listItem","name":"Noticias y Actualidad"}},{"@type":"ListItem","@id":"https:\/\/eldigitaldeasturias.com\/magazine365\/category\/noticias-actualidad\/#listItem","position":2,"name":"Noticias y Actualidad","item":"https:\/\/eldigitaldeasturias.com\/magazine365\/category\/noticias-actualidad\/","nextItem":{"@type":"ListItem","@id":"https:\/\/eldigitaldeasturias.com\/magazine365\/los-pilotos-denuncian-el-inmovilismo-de-las-autoridades-aeronauticas-durante-los-ultimos-cinco-anos\/#listItem","name":"Los pilotos denuncian el \u00abinmovilismo\u00bb de las autoridades aeron\u00e1uticas durante los \u00faltimos cinco a\u00f1os"},"previousItem":{"@type":"ListItem","@id":"https:\/\/eldigitaldeasturias.com\/magazine365#listItem","name":"Home"}},{"@type":"ListItem","@id":"https:\/\/eldigitaldeasturias.com\/magazine365\/los-pilotos-denuncian-el-inmovilismo-de-las-autoridades-aeronauticas-durante-los-ultimos-cinco-anos\/#listItem","position":3,"name":"Los pilotos denuncian el \u00abinmovilismo\u00bb de las autoridades aeron\u00e1uticas durante los \u00faltimos cinco a\u00f1os","previousItem":{"@type":"ListItem","@id":"https:\/\/eldigitaldeasturias.com\/magazine365\/category\/noticias-actualidad\/#listItem","name":"Noticias y Actualidad"}}]},{"@type":"Organization","@id":"https:\/\/eldigitaldeasturias.com\/magazine365\/#organization","name":"El digital de Asturias","description":"Revista de ocio, turismo y estilo de vida","url":"https:\/\/eldigitaldeasturias.com\/magazine365\/","logo":{"@type":"ImageObject","url":"https:\/\/www.eldigitaldeasturias.com\/noticias\/wp-content\/uploads\/2020\/12\/EDA.jpg","@id":"https:\/\/eldigitaldeasturias.com\/magazine365\/los-pilotos-denuncian-el-inmovilismo-de-las-autoridades-aeronauticas-durante-los-ultimos-cinco-anos\/#organizationLogo"},"image":{"@id":"https:\/\/eldigitaldeasturias.com\/magazine365\/los-pilotos-denuncian-el-inmovilismo-de-las-autoridades-aeronauticas-durante-los-ultimos-cinco-anos\/#organizationLogo"}},{"@type":"Person","@id":"https:\/\/eldigitaldeasturias.com\/magazine365\/author\/admin\/#author","url":"https:\/\/eldigitaldeasturias.com\/magazine365\/author\/admin\/","name":"admin","image":{"@type":"ImageObject","@id":"https:\/\/eldigitaldeasturias.com\/magazine365\/los-pilotos-denuncian-el-inmovilismo-de-las-autoridades-aeronauticas-durante-los-ultimos-cinco-anos\/#authorImage","url":"https:\/\/eldigitaldeasturias.com\/magazine365\/wp-content\/litespeed\/avatar\/e571bcf59a0edd6fa6838245a470f2fe.jpg?ver=1776969259","width":96,"height":96,"caption":"admin"}},{"@type":"WebPage","@id":"https:\/\/eldigitaldeasturias.com\/magazine365\/los-pilotos-denuncian-el-inmovilismo-de-las-autoridades-aeronauticas-durante-los-ultimos-cinco-anos\/#webpage","url":"https:\/\/eldigitaldeasturias.com\/magazine365\/los-pilotos-denuncian-el-inmovilismo-de-las-autoridades-aeronauticas-durante-los-ultimos-cinco-anos\/","name":"Los pilotos denuncian el \u00abinmovilismo\u00bb de las autoridades aeron\u00e1uticas durante los \u00faltimos cinco a\u00f1os | El Digital de Asturias","description":"Los pilotos reclaman un mayor compromiso con el sector a\u00e9reo y sus profesionales para recuperar la competitividad y denuncian el inmovilismo de las autoridades aeron\u00e1uticas durante los \u00faltimos cinco a\u00f1os, seg\u00fan se desprende del Aerobar\u00f3metro que ha realizado el Colegio Oficial de Pilotos de Aviaci\u00f3n Comercial (Copac) por quinto a\u00f1o consecutivo. Seg\u00fan concluye este estudio,","inLanguage":"es-ES","isPartOf":{"@id":"https:\/\/eldigitaldeasturias.com\/magazine365\/#website"},"breadcrumb":{"@id":"https:\/\/eldigitaldeasturias.com\/magazine365\/los-pilotos-denuncian-el-inmovilismo-de-las-autoridades-aeronauticas-durante-los-ultimos-cinco-anos\/#breadcrumblist"},"author":{"@id":"https:\/\/eldigitaldeasturias.com\/magazine365\/author\/admin\/#author"},"creator":{"@id":"https:\/\/eldigitaldeasturias.com\/magazine365\/author\/admin\/#author"},"image":{"@type":"ImageObject","url":"https:\/\/eldigitaldeasturias.com\/magazine365\/wp-content\/uploads\/2016\/02\/fotonoticia_20160205172205_800.jpg","@id":"https:\/\/eldigitaldeasturias.com\/magazine365\/los-pilotos-denuncian-el-inmovilismo-de-las-autoridades-aeronauticas-durante-los-ultimos-cinco-anos\/#mainImage","width":800,"height":533},"primaryImageOfPage":{"@id":"https:\/\/eldigitaldeasturias.com\/magazine365\/los-pilotos-denuncian-el-inmovilismo-de-las-autoridades-aeronauticas-durante-los-ultimos-cinco-anos\/#mainImage"},"datePublished":"2016-02-07T01:32:08+01:00","dateModified":"2016-02-07T01:32:08+01:00"},{"@type":"WebSite","@id":"https:\/\/eldigitaldeasturias.com\/magazine365\/#website","url":"https:\/\/eldigitaldeasturias.com\/magazine365\/","name":"El Digital de Asturias","description":"Revista de ocio, turismo y estilo de vida","inLanguage":"es-ES","publisher":{"@id":"https:\/\/eldigitaldeasturias.com\/magazine365\/#organization"}}]},"og:locale":"es_ES","og:site_name":"El Digital de Asturias \u2013 Revista de ocio, turismo y estilo de vida","og:type":"article","og:title":"Los pilotos denuncian el \u00abinmovilismo\u00bb de las autoridades aeron\u00e1uticas durante los \u00faltimos cinco a\u00f1os | El Digital de Asturias","og:description":"Los pilotos reclaman un mayor compromiso con el sector a\u00e9reo y sus profesionales para recuperar la competitividad y denuncian el inmovilismo de las autoridades aeron\u00e1uticas durante los \u00faltimos cinco a\u00f1os, seg\u00fan se desprende del Aerobar\u00f3metro que ha realizado el Colegio Oficial de Pilotos de Aviaci\u00f3n Comercial (Copac) por quinto a\u00f1o consecutivo. Seg\u00fan concluye este estudio,","og:url":"https:\/\/eldigitaldeasturias.com\/magazine365\/los-pilotos-denuncian-el-inmovilismo-de-las-autoridades-aeronauticas-durante-los-ultimos-cinco-anos\/","og:image":"https:\/\/eldigitaldeasturias.com\/magazine365\/wp-content\/uploads\/2016\/02\/fotonoticia_20160205172205_800.jpg","og:image:secure_url":"https:\/\/eldigitaldeasturias.com\/magazine365\/wp-content\/uploads\/2016\/02\/fotonoticia_20160205172205_800.jpg","og:image:width":800,"og:image:height":533,"article:published_time":"2016-02-07T00:32:08+00:00","article:modified_time":"2016-02-07T00:32:08+00:00","twitter:card":"summary_large_image","twitter:title":"Los pilotos denuncian el \u00abinmovilismo\u00bb de las autoridades aeron\u00e1uticas durante los \u00faltimos cinco a\u00f1os | El Digital de Asturias","twitter:description":"Los pilotos reclaman un mayor compromiso con el sector a\u00e9reo y sus profesionales para recuperar la competitividad y denuncian el inmovilismo de las autoridades aeron\u00e1uticas durante los \u00faltimos cinco a\u00f1os, seg\u00fan se desprende del Aerobar\u00f3metro que ha realizado el Colegio Oficial de Pilotos de Aviaci\u00f3n Comercial (Copac) por quinto a\u00f1o consecutivo. Seg\u00fan concluye este estudio,","twitter:image":"https:\/\/eldigitaldeasturias.com\/magazine365\/wp-content\/uploads\/2016\/02\/fotonoticia_20160205172205_800.jpg"},"aioseo_meta_data":{"post_id":"63492","title":null,"description":null,"keywords":null,"keyphrases":null,"primary_term":null,"canonical_url":null,"og_title":null,"og_description":null,"og_object_type":"default","og_image_type":"default","og_image_url":null,"og_image_width":null,"og_image_height":null,"og_image_custom_url":null,"og_image_custom_fields":null,"og_video":null,"og_custom_url":null,"og_article_section":null,"og_article_tags":null,"twitter_use_og":false,"twitter_card":"default","twitter_image_type":"default","twitter_image_url":null,"twitter_image_custom_url":null,"twitter_image_custom_fields":null,"twitter_title":null,"twitter_description":null,"schema":{"blockGraphs":[],"customGraphs":[],"default":{"data":{"Article":[],"Course":[],"Dataset":[],"FAQPage":[],"Movie":[],"Person":[],"Product":[],"ProductReview":[],"Car":[],"Recipe":[],"Service":[],"SoftwareApplication":[],"WebPage":[]},"graphName":"","isEnabled":true},"graphs":[],"defaultGraph":"","defaultPostTypeGraph":""},"schema_type":null,"schema_type_options":null,"pillar_content":false,"robots_default":true,"robots_noindex":false,"robots_noarchive":false,"robots_nosnippet":false,"robots_nofollow":false,"robots_noimageindex":false,"robots_noodp":false,"robots_notranslate":false,"robots_max_snippet":null,"robots_max_videopreview":null,"robots_max_imagepreview":"large","priority":null,"frequency":null,"location":null,"local_seo":null,"seo_analyzer_scan_date":"2025-09-25 13:12:36","breadcrumb_settings":null,"limit_modified_date":false,"open_ai":null,"ai":null,"created":"2021-03-08 21:22:50","updated":"2025-09-25 13:12:36"},"aioseo_breadcrumb":"<div class=\"aioseo-breadcrumbs\"><span class=\"aioseo-breadcrumb\">\n\t<a href=\"https:\/\/eldigitaldeasturias.com\/magazine365\" title=\"Home\">Home<\/a>\n<\/span><span class=\"aioseo-breadcrumb-separator\">\u2013<\/span><span class=\"aioseo-breadcrumb\">\n\t<a href=\"https:\/\/eldigitaldeasturias.com\/magazine365\/category\/noticias-actualidad\/\" title=\"Noticias y Actualidad\">Noticias y Actualidad<\/a>\n<\/span><span class=\"aioseo-breadcrumb-separator\">\u2013<\/span><span class=\"aioseo-breadcrumb\">\n\t<a href=\"https:\/\/eldigitaldeasturias.com\/magazine365\/los-pilotos-denuncian-el-inmovilismo-de-las-autoridades-aeronauticas-durante-los-ultimos-cinco-anos\/\" title=\"Los pilotos denuncian el \u00abinmovilismo\u00bb de las autoridades aeron\u00e1uticas durante los \u00faltimos cinco a\u00f1os\">Los pilotos denuncian el \u00abinmovilismo\u00bb de las autoridades aeron\u00e1uticas durante los \u00faltimos cinco a\u00f1os<\/a>\n<\/span><\/div>","aioseo_breadcrumb_json":[{"label":"Home","link":"https:\/\/eldigitaldeasturias.com\/magazine365"},{"label":"Noticias y Actualidad","link":"https:\/\/eldigitaldeasturias.com\/magazine365\/category\/noticias-actualidad\/"},{"label":"Los pilotos denuncian el \u00abinmovilismo\u00bb de las autoridades aeron\u00e1uticas durante los \u00faltimos cinco a\u00f1os","link":"https:\/\/eldigitaldeasturias.com\/magazine365\/los-pilotos-denuncian-el-inmovilismo-de-las-autoridades-aeronauticas-durante-los-ultimos-cinco-anos\/"}],"_links":{"self":[{"href":"https:\/\/eldigitaldeasturias.com\/magazine365\/wp-json\/wp\/v2\/posts\/63492","targetHints":{"allow":["GET"]}}],"collection":[{"href":"https:\/\/eldigitaldeasturias.com\/magazine365\/wp-json\/wp\/v2\/posts"}],"about":[{"href":"https:\/\/eldigitaldeasturias.com\/magazine365\/wp-json\/wp\/v2\/types\/post"}],"author":[{"embeddable":true,"href":"https:\/\/eldigitaldeasturias.com\/magazine365\/wp-json\/wp\/v2\/users\/1"}],"replies":[{"embeddable":true,"href":"https:\/\/eldigitaldeasturias.com\/magazine365\/wp-json\/wp\/v2\/comments?post=63492"}],"version-history":[{"count":0,"href":"https:\/\/eldigitaldeasturias.com\/magazine365\/wp-json\/wp\/v2\/posts\/63492\/revisions"}],"wp:featuredmedia":[{"embeddable":true,"href":"https:\/\/eldigitaldeasturias.com\/magazine365\/wp-json\/wp\/v2\/media\/63493"}],"wp:attachment":[{"href":"https:\/\/eldigitaldeasturias.com\/magazine365\/wp-json\/wp\/v2\/media?parent=63492"}],"wp:term":[{"taxonomy":"category","embeddable":true,"href":"https:\/\/eldigitaldeasturias.com\/magazine365\/wp-json\/wp\/v2\/categories?post=63492"},{"taxonomy":"post_tag","embeddable":true,"href":"https:\/\/eldigitaldeasturias.com\/magazine365\/wp-json\/wp\/v2\/tags?post=63492"}],"curies":[{"name":"wp","href":"https:\/\/api.w.org\/{rel}","templated":true}]}}