{"id":63480,"date":"2016-02-07T01:24:58","date_gmt":"2016-02-07T00:24:58","guid":{"rendered":"http:\/\/eldigitaldeasturias.com\/magazine365\/?p=63480"},"modified":"2016-02-07T01:24:58","modified_gmt":"2016-02-07T00:24:58","slug":"murcia-destinara-mas-de-18-millones-para-reactivar-la-manga-y-ampliar-la-actividad-turistica-todo-el-ano","status":"publish","type":"post","link":"https:\/\/eldigitaldeasturias.com\/magazine365\/murcia-destinara-mas-de-18-millones-para-reactivar-la-manga-y-ampliar-la-actividad-turistica-todo-el-ano\/","title":{"rendered":"Murcia destinar\u00e1 m\u00e1s de 18 millones para reactivar La Manga y ampliar la actividad tur\u00edstica todo el a\u00f1o"},"content":{"rendered":"<p><img fetchpriority=\"high\" decoding=\"async\" class=\"alignleft size-medium wp-image-63481\" src=\"https:\/\/eldigitaldeasturias.com\/magazine365\/wp-content\/uploads\/2016\/02\/fotonoticia_20160205163908_800-360x213.jpg\" alt=\"fotonoticia_20160205163908_800\" width=\"360\" height=\"213\" srcset=\"https:\/\/eldigitaldeasturias.com\/magazine365\/wp-content\/uploads\/2016\/02\/fotonoticia_20160205163908_800-360x213.jpg 360w, https:\/\/eldigitaldeasturias.com\/magazine365\/wp-content\/uploads\/2016\/02\/fotonoticia_20160205163908_800-650x385.jpg 650w, https:\/\/eldigitaldeasturias.com\/magazine365\/wp-content\/uploads\/2016\/02\/fotonoticia_20160205163908_800-768x455.jpg 768w, https:\/\/eldigitaldeasturias.com\/magazine365\/wp-content\/uploads\/2016\/02\/fotonoticia_20160205163908_800-150x89.jpg 150w, https:\/\/eldigitaldeasturias.com\/magazine365\/wp-content\/uploads\/2016\/02\/fotonoticia_20160205163908_800-450x267.jpg 450w, https:\/\/eldigitaldeasturias.com\/magazine365\/wp-content\/uploads\/2016\/02\/fotonoticia_20160205163908_800-696x412.jpg 696w, https:\/\/eldigitaldeasturias.com\/magazine365\/wp-content\/uploads\/2016\/02\/fotonoticia_20160205163908_800-709x420.jpg 709w, https:\/\/eldigitaldeasturias.com\/magazine365\/wp-content\/uploads\/2016\/02\/fotonoticia_20160205163908_800.jpg 800w\" sizes=\"(max-width: 360px) 100vw, 360px\" \/>La Comunidad, a trav\u00e9s de las consejer\u00edas de Fomento e Infraestructuras y de Desarrollo Econ\u00f3mico, Turismo y Empleo, prev\u00e9 destinar m\u00e1s de 18 millones de euros para mejorar la dotaci\u00f3n de infraestructuras y de servicios innovadores, reactivar La Manga y convertir este enclave en un referente tur\u00edstico de todo el sureste de Espa\u00f1a, lo que conllevar\u00e1 la creaci\u00f3n de alrededor de 4.000 empleos de calidad director e indirectos en toda la Regi\u00f3n.<\/p>\n<p>As\u00ed lo expusieron los consejeros de Fomento e Infraestructuras, Francisco Bernab\u00e9, y de Desarrollo Econ\u00f3mico, Turismo y Empleo, Juan Hern\u00e1ndez, que presentaron este viernes el Plan Estrat\u00e9gico de Revitalizaci\u00f3n de La Manga del Mar Menor, que recoge una veintena de iniciativas para ampliar la actividad tur\u00edstica durante todo el a\u00f1o, seg\u00fan informaron fuentes del Ayuntamiento en un comunicado.<\/p>\n<p>Al acto, que se celebr\u00f3 en el Palacio Aguirre de Cartagena, asistieron los m\u00e1ximos representantes de los ayuntamientos de Cartagena y San Javier, las c\u00e1maras de Comercio de Murcia y Cartagena, Confederaci\u00f3n Comarcal de Organizaciones Empresariales de Cartagena (COEC), as\u00ed como medio centenar de personas, entre representantes de asociaciones empresariales y comerciantes, las entidades n\u00e1uticas, los clubes n\u00e1uticos y puertos deportivos y las asociaciones vecinales de la zona.<\/p>\n<p>El consejero Francisco Bernab\u00e9 ha destacado que este Plan Estrat\u00e9gico \u00abes una de las primeras iniciativas que se ponen en marcha dentro de la ITI del Mar Menor, que cambiar\u00e1 por completo la forma de vivir, sentir y disfrutar de La Manga y la laguna, ya que aumentar\u00e1 las infraestructuras en los \u00e1mbitos de la movilidad, el desarrollo urbano sostenible y la gesti\u00f3n eficiente de los recursos disponibles\u00bb.<\/p>\n<p>Asimismo, \u00abcontribuir\u00e1 a que los ciudadanos y los diferentes sectores pongan en valor los recursos naturales y tur\u00edsticos de La Manga y a dar respuesta a las necesidades de los ciudadanos que acuden a ella como destino\u00bb, destac\u00f3 el titular de la Consejer\u00eda de Fomento.<\/p>\n<p>POTENCIAR EL DESTINO TUR\u00cdSTICO<\/p>\n<p>El consejero Juan Hern\u00e1ndez ha explicado que con el plan \u00abpretendemos potenciar La Manga del Mar Menor como destino tur\u00edstico durante todo el a\u00f1o y mejorar la competitividad de la oferta tur\u00edstica, se trata de aumentar la rentabilidad y la riqueza del destino, y que beneficie a los empresarios\u00bb.<\/p>\n<p>El titular de Turismo ha avanzado que \u00abel objetivo es reducir la estacionalidad tur\u00edstica para 2019, de 10 a 15 puntos porcentuales, lo que se conseguir\u00e1 a trav\u00e9s de una promoci\u00f3n segmentada por productos y mercados adaptados a las necesidades espec\u00edficas del destino\u00bb. En este sentido, \u00abuno de los &#8216;productos estrella&#8217; ser\u00e1 el deporte, ya que La Manga re\u00fane las condiciones perfectas como destino de pretemporada para los equipos deportivos nacionales e internacionales que durante el par\u00f3n invernal y veraniego buscan lugares propicios para realizar concentraciones y continuar su actividad deportiva\u00bb.<\/p>\n<p>Asimismo, el Instituto de Turismo ha cerrado cinco operativas, dos m\u00e1s que el a\u00f1o pasado, que traer\u00e1n un total de 41.800 turistas adicionales a La Manga durante este a\u00f1o, de ellos 15.800 ser\u00e1n internacionales y 26.000 nacionales. Estos visitantes generar\u00e1n un m\u00ednimo de 292.600 pernoctaciones en 2016, lo que supone un 20 por ciento del total. Juan Hern\u00e1ndez destac\u00f3 la importancia de estas acciones espec\u00edficas en mercados internacionales, ya que mejoran los \u00edndices de ocupaci\u00f3n en temporada media y baja.<\/p>\n<p>Las acciones de promoci\u00f3n estar\u00e1n destinadas a mejorar la percepci\u00f3n nacional e internacional de La Manga, bajo la marca &#8216;Costa C\u00e1lida-Regi\u00f3n de Murcia&#8217;, con ellas se quiere aumentar el \u00edndice de fidelizaci\u00f3n y captar nuevos turistas a trav\u00e9s de una estrategia que tiene su eje en Sol y Playa y que tambi\u00e9n cubre nuevas l\u00edneas de inter\u00e9s.<\/p>\n<p>REVITALIZACI\u00d3N DE LA MANGA<\/p>\n<p>Igualmente, el plan contempla como medida esencial el reequilibrio del tejido urbano, con la construcci\u00f3n de tramos de paseos mar\u00edtimos en la zona del Mar Mediterr\u00e1neo, que permitan conectar los ya existentes con otros nuevos y dar un servicio de calidad junto a la l\u00ednea de costa, y la creaci\u00f3n de sendas mar\u00edtimas que abrir\u00e1n nuevas \u00e1reas en el Mar Menor.<\/p>\n<p>En cuanto a la movilidad, se dar\u00e1 el protagonismo al peat\u00f3n y al transporte p\u00fablico, para ello se apostar\u00e1 por la creaci\u00f3n de carriles reversibles de tr\u00e1fico, la continuidad del carril bici que permita recorrer de manera \u00edntegra toda La Manga, el aumento de la superficie peatonal, la mejora del transporte p\u00fablico terrestre y mar\u00edtimo (ferry Mar Menor y taxis n\u00e1uticos) y la creaci\u00f3n de espacios alternativos para aparcamientos.<\/p>\n<p>Por otra parte, la mejora ambiental y urbana se llevar\u00e1 a cabo mediante una red de pantalanes tradicionales, tipo balneario, y la instalaci\u00f3n de puntos de acceso, la salida de embarcaciones para eliminar los fondeos ilegales en la laguna, el uso intensivo de la vegetaci\u00f3n como elemento de mejora urbana y la rehabilitaci\u00f3n de las \u00e1reas deterioradas.<\/p>\n<p>Asimismo, se va implantar un &#8216;Sistema Global de Inteligencia&#8217; en La Manga del que se beneficiar\u00e1n los turistas y las empresas tur\u00edsticas, que van a poder ofrecer sus productos por un mayor n\u00famero de canales y monitorizar a tiempo real el estado del sector, para adaptar m\u00e1s eficazmente su oferta a la demanda del mercado, todo de manera gratuita.<\/p>\n<p>Para poder ejecutar todas estas iniciativas, el Gobierno regional ha solicitado fondos por un total de 18,75 millones de euros en la convocatoria europea de Estrategia de Desarrollo Urbano Sostenible e Integrado (Edusi), que es cofinanciada por el programa operativo FEDER de crecimiento sostenible 2014-2020. La ayuda total FEDER asignada a las estrategias Edusi en la Regi\u00f3n supera los 39,07 millones.<\/p>\n<p>En concreto, el Gobierno regional prev\u00e9 que las actuaciones del Plan Estrat\u00e9gico se cofinanciar\u00e1n en un 80 por ciento con fondos FEDER, lo que supone 15 millones, y en un 20 por ciento, 3,75 millones, por la Comunidad Aut\u00f3noma y las entidades locales que se comprometan con el proyecto.<\/p>\n","protected":false},"excerpt":{"rendered":"<p>La Comunidad, a trav\u00e9s de las consejer\u00edas de Fomento e Infraestructuras y de Desarrollo Econ\u00f3mico, Turismo y Empleo, prev\u00e9 destinar m\u00e1s de 18 millones de euros para mejorar la dotaci\u00f3n de infraestructuras y de servicios innovadores, reactivar La Manga y convertir este enclave en un referente tur\u00edstico de todo el sureste de Espa\u00f1a, lo que<\/p>\n","protected":false},"author":1,"featured_media":63481,"comment_status":"open","ping_status":"closed","sticky":false,"template":"","format":"standard","meta":{"footnotes":""},"categories":[224],"tags":[],"class_list":{"0":"post-63480","1":"post","2":"type-post","3":"status-publish","4":"format-standard","5":"has-post-thumbnail","7":"category-noticias-actualidad"},"aioseo_notices":[],"aioseo_head":"\n\t\t<!-- All in One SEO Pro 4.9.6.1 - aioseo.com -->\n\t<meta name=\"description\" content=\"La Comunidad, a trav\u00e9s de las consejer\u00edas de Fomento e Infraestructuras y de Desarrollo Econ\u00f3mico, Turismo y Empleo, prev\u00e9 destinar m\u00e1s de 18 millones de euros para mejorar la dotaci\u00f3n de infraestructuras y de servicios innovadores, reactivar La Manga y convertir este enclave en un referente tur\u00edstico de todo el sureste de Espa\u00f1a, lo que\" \/>\n\t<meta name=\"robots\" content=\"max-image-preview:large\" \/>\n\t<meta name=\"author\" content=\"admin\"\/>\n\t<meta name=\"google-site-verification\" content=\"UA-38556648-1\" \/>\n\t<meta name=\"keywords\" content=\"noticias y actualidad\" \/>\n\t<link rel=\"canonical\" href=\"https:\/\/eldigitaldeasturias.com\/magazine365\/murcia-destinara-mas-de-18-millones-para-reactivar-la-manga-y-ampliar-la-actividad-turistica-todo-el-ano\/\" \/>\n\t<meta name=\"generator\" content=\"All in One SEO Pro (AIOSEO) 4.9.6.1\" \/>\n\t\t<meta property=\"og:locale\" content=\"es_ES\" \/>\n\t\t<meta property=\"og:site_name\" content=\"El Digital de Asturias \u2013 Revista de ocio, turismo y estilo de vida\" \/>\n\t\t<meta property=\"og:type\" content=\"article\" \/>\n\t\t<meta property=\"og:title\" content=\"Murcia destinar\u00e1 m\u00e1s de 18 millones para reactivar La Manga y ampliar la actividad tur\u00edstica todo el a\u00f1o | El Digital de Asturias\" \/>\n\t\t<meta property=\"og:description\" content=\"La Comunidad, a trav\u00e9s de las consejer\u00edas de Fomento e Infraestructuras y de Desarrollo Econ\u00f3mico, Turismo y Empleo, prev\u00e9 destinar m\u00e1s de 18 millones de euros para mejorar la dotaci\u00f3n de infraestructuras y de servicios innovadores, reactivar La Manga y convertir este enclave en un referente tur\u00edstico de todo el sureste de Espa\u00f1a, lo que\" \/>\n\t\t<meta property=\"og:url\" content=\"https:\/\/eldigitaldeasturias.com\/magazine365\/murcia-destinara-mas-de-18-millones-para-reactivar-la-manga-y-ampliar-la-actividad-turistica-todo-el-ano\/\" \/>\n\t\t<meta property=\"og:image\" content=\"https:\/\/eldigitaldeasturias.com\/magazine365\/wp-content\/uploads\/2016\/02\/fotonoticia_20160205163908_800.jpg\" \/>\n\t\t<meta property=\"og:image:secure_url\" content=\"https:\/\/eldigitaldeasturias.com\/magazine365\/wp-content\/uploads\/2016\/02\/fotonoticia_20160205163908_800.jpg\" \/>\n\t\t<meta property=\"og:image:width\" content=\"800\" \/>\n\t\t<meta property=\"og:image:height\" content=\"474\" \/>\n\t\t<meta property=\"article:published_time\" content=\"2016-02-07T00:24:58+00:00\" \/>\n\t\t<meta property=\"article:modified_time\" content=\"2016-02-07T00:24:58+00:00\" \/>\n\t\t<meta name=\"twitter:card\" content=\"summary_large_image\" \/>\n\t\t<meta name=\"twitter:title\" content=\"Murcia destinar\u00e1 m\u00e1s de 18 millones para reactivar La Manga y ampliar la actividad tur\u00edstica todo el a\u00f1o | El Digital de Asturias\" \/>\n\t\t<meta name=\"twitter:description\" content=\"La Comunidad, a trav\u00e9s de las consejer\u00edas de Fomento e Infraestructuras y de Desarrollo Econ\u00f3mico, Turismo y Empleo, prev\u00e9 destinar m\u00e1s de 18 millones de euros para mejorar la dotaci\u00f3n de infraestructuras y de servicios innovadores, reactivar La Manga y convertir este enclave en un referente tur\u00edstico de todo el sureste de Espa\u00f1a, lo que\" \/>\n\t\t<meta name=\"twitter:image\" content=\"https:\/\/eldigitaldeasturias.com\/magazine365\/wp-content\/uploads\/2016\/02\/fotonoticia_20160205163908_800.jpg\" \/>\n\t\t<script type=\"application\/ld+json\" class=\"aioseo-schema\">\n\t\t\t{\"@context\":\"https:\\\/\\\/schema.org\",\"@graph\":[{\"@type\":\"Article\",\"@id\":\"https:\\\/\\\/eldigitaldeasturias.com\\\/magazine365\\\/murcia-destinara-mas-de-18-millones-para-reactivar-la-manga-y-ampliar-la-actividad-turistica-todo-el-ano\\\/#article\",\"name\":\"Murcia destinar\\u00e1 m\\u00e1s de 18 millones para reactivar La Manga y ampliar la actividad tur\\u00edstica todo el a\\u00f1o | El Digital de Asturias\",\"headline\":\"Murcia destinar\\u00e1 m\\u00e1s de 18 millones para reactivar La Manga y ampliar la actividad tur\\u00edstica todo el a\\u00f1o\",\"author\":{\"@id\":\"https:\\\/\\\/eldigitaldeasturias.com\\\/magazine365\\\/author\\\/admin\\\/#author\"},\"publisher\":{\"@id\":\"https:\\\/\\\/eldigitaldeasturias.com\\\/magazine365\\\/#organization\"},\"image\":{\"@type\":\"ImageObject\",\"url\":\"https:\\\/\\\/eldigitaldeasturias.com\\\/magazine365\\\/wp-content\\\/uploads\\\/2016\\\/02\\\/fotonoticia_20160205163908_800.jpg\",\"width\":800,\"height\":474},\"datePublished\":\"2016-02-07T01:24:58+01:00\",\"dateModified\":\"2016-02-07T01:24:58+01:00\",\"inLanguage\":\"es-ES\",\"mainEntityOfPage\":{\"@id\":\"https:\\\/\\\/eldigitaldeasturias.com\\\/magazine365\\\/murcia-destinara-mas-de-18-millones-para-reactivar-la-manga-y-ampliar-la-actividad-turistica-todo-el-ano\\\/#webpage\"},\"isPartOf\":{\"@id\":\"https:\\\/\\\/eldigitaldeasturias.com\\\/magazine365\\\/murcia-destinara-mas-de-18-millones-para-reactivar-la-manga-y-ampliar-la-actividad-turistica-todo-el-ano\\\/#webpage\"},\"articleSection\":\"Noticias y Actualidad\"},{\"@type\":\"BreadcrumbList\",\"@id\":\"https:\\\/\\\/eldigitaldeasturias.com\\\/magazine365\\\/murcia-destinara-mas-de-18-millones-para-reactivar-la-manga-y-ampliar-la-actividad-turistica-todo-el-ano\\\/#breadcrumblist\",\"itemListElement\":[{\"@type\":\"ListItem\",\"@id\":\"https:\\\/\\\/eldigitaldeasturias.com\\\/magazine365#listItem\",\"position\":1,\"name\":\"Home\",\"item\":\"https:\\\/\\\/eldigitaldeasturias.com\\\/magazine365\",\"nextItem\":{\"@type\":\"ListItem\",\"@id\":\"https:\\\/\\\/eldigitaldeasturias.com\\\/magazine365\\\/category\\\/noticias-actualidad\\\/#listItem\",\"name\":\"Noticias y Actualidad\"}},{\"@type\":\"ListItem\",\"@id\":\"https:\\\/\\\/eldigitaldeasturias.com\\\/magazine365\\\/category\\\/noticias-actualidad\\\/#listItem\",\"position\":2,\"name\":\"Noticias y Actualidad\",\"item\":\"https:\\\/\\\/eldigitaldeasturias.com\\\/magazine365\\\/category\\\/noticias-actualidad\\\/\",\"nextItem\":{\"@type\":\"ListItem\",\"@id\":\"https:\\\/\\\/eldigitaldeasturias.com\\\/magazine365\\\/murcia-destinara-mas-de-18-millones-para-reactivar-la-manga-y-ampliar-la-actividad-turistica-todo-el-ano\\\/#listItem\",\"name\":\"Murcia destinar\\u00e1 m\\u00e1s de 18 millones para reactivar La Manga y ampliar la actividad tur\\u00edstica todo el a\\u00f1o\"},\"previousItem\":{\"@type\":\"ListItem\",\"@id\":\"https:\\\/\\\/eldigitaldeasturias.com\\\/magazine365#listItem\",\"name\":\"Home\"}},{\"@type\":\"ListItem\",\"@id\":\"https:\\\/\\\/eldigitaldeasturias.com\\\/magazine365\\\/murcia-destinara-mas-de-18-millones-para-reactivar-la-manga-y-ampliar-la-actividad-turistica-todo-el-ano\\\/#listItem\",\"position\":3,\"name\":\"Murcia destinar\\u00e1 m\\u00e1s de 18 millones para reactivar La Manga y ampliar la actividad tur\\u00edstica todo el a\\u00f1o\",\"previousItem\":{\"@type\":\"ListItem\",\"@id\":\"https:\\\/\\\/eldigitaldeasturias.com\\\/magazine365\\\/category\\\/noticias-actualidad\\\/#listItem\",\"name\":\"Noticias y Actualidad\"}}]},{\"@type\":\"Organization\",\"@id\":\"https:\\\/\\\/eldigitaldeasturias.com\\\/magazine365\\\/#organization\",\"name\":\"El digital de Asturias\",\"description\":\"Revista de ocio, turismo y estilo de vida\",\"url\":\"https:\\\/\\\/eldigitaldeasturias.com\\\/magazine365\\\/\",\"logo\":{\"@type\":\"ImageObject\",\"url\":\"https:\\\/\\\/www.eldigitaldeasturias.com\\\/noticias\\\/wp-content\\\/uploads\\\/2020\\\/12\\\/EDA.jpg\",\"@id\":\"https:\\\/\\\/eldigitaldeasturias.com\\\/magazine365\\\/murcia-destinara-mas-de-18-millones-para-reactivar-la-manga-y-ampliar-la-actividad-turistica-todo-el-ano\\\/#organizationLogo\"},\"image\":{\"@id\":\"https:\\\/\\\/eldigitaldeasturias.com\\\/magazine365\\\/murcia-destinara-mas-de-18-millones-para-reactivar-la-manga-y-ampliar-la-actividad-turistica-todo-el-ano\\\/#organizationLogo\"}},{\"@type\":\"Person\",\"@id\":\"https:\\\/\\\/eldigitaldeasturias.com\\\/magazine365\\\/author\\\/admin\\\/#author\",\"url\":\"https:\\\/\\\/eldigitaldeasturias.com\\\/magazine365\\\/author\\\/admin\\\/\",\"name\":\"admin\",\"image\":{\"@type\":\"ImageObject\",\"@id\":\"https:\\\/\\\/eldigitaldeasturias.com\\\/magazine365\\\/murcia-destinara-mas-de-18-millones-para-reactivar-la-manga-y-ampliar-la-actividad-turistica-todo-el-ano\\\/#authorImage\",\"url\":\"https:\\\/\\\/eldigitaldeasturias.com\\\/magazine365\\\/wp-content\\\/litespeed\\\/avatar\\\/e571bcf59a0edd6fa6838245a470f2fe.jpg?ver=1776969259\",\"width\":96,\"height\":96,\"caption\":\"admin\"}},{\"@type\":\"WebPage\",\"@id\":\"https:\\\/\\\/eldigitaldeasturias.com\\\/magazine365\\\/murcia-destinara-mas-de-18-millones-para-reactivar-la-manga-y-ampliar-la-actividad-turistica-todo-el-ano\\\/#webpage\",\"url\":\"https:\\\/\\\/eldigitaldeasturias.com\\\/magazine365\\\/murcia-destinara-mas-de-18-millones-para-reactivar-la-manga-y-ampliar-la-actividad-turistica-todo-el-ano\\\/\",\"name\":\"Murcia destinar\\u00e1 m\\u00e1s de 18 millones para reactivar La Manga y ampliar la actividad tur\\u00edstica todo el a\\u00f1o | El Digital de Asturias\",\"description\":\"La Comunidad, a trav\\u00e9s de las consejer\\u00edas de Fomento e Infraestructuras y de Desarrollo Econ\\u00f3mico, Turismo y Empleo, prev\\u00e9 destinar m\\u00e1s de 18 millones de euros para mejorar la dotaci\\u00f3n de infraestructuras y de servicios innovadores, reactivar La Manga y convertir este enclave en un referente tur\\u00edstico de todo el sureste de Espa\\u00f1a, lo que\",\"inLanguage\":\"es-ES\",\"isPartOf\":{\"@id\":\"https:\\\/\\\/eldigitaldeasturias.com\\\/magazine365\\\/#website\"},\"breadcrumb\":{\"@id\":\"https:\\\/\\\/eldigitaldeasturias.com\\\/magazine365\\\/murcia-destinara-mas-de-18-millones-para-reactivar-la-manga-y-ampliar-la-actividad-turistica-todo-el-ano\\\/#breadcrumblist\"},\"author\":{\"@id\":\"https:\\\/\\\/eldigitaldeasturias.com\\\/magazine365\\\/author\\\/admin\\\/#author\"},\"creator\":{\"@id\":\"https:\\\/\\\/eldigitaldeasturias.com\\\/magazine365\\\/author\\\/admin\\\/#author\"},\"image\":{\"@type\":\"ImageObject\",\"url\":\"https:\\\/\\\/eldigitaldeasturias.com\\\/magazine365\\\/wp-content\\\/uploads\\\/2016\\\/02\\\/fotonoticia_20160205163908_800.jpg\",\"@id\":\"https:\\\/\\\/eldigitaldeasturias.com\\\/magazine365\\\/murcia-destinara-mas-de-18-millones-para-reactivar-la-manga-y-ampliar-la-actividad-turistica-todo-el-ano\\\/#mainImage\",\"width\":800,\"height\":474},\"primaryImageOfPage\":{\"@id\":\"https:\\\/\\\/eldigitaldeasturias.com\\\/magazine365\\\/murcia-destinara-mas-de-18-millones-para-reactivar-la-manga-y-ampliar-la-actividad-turistica-todo-el-ano\\\/#mainImage\"},\"datePublished\":\"2016-02-07T01:24:58+01:00\",\"dateModified\":\"2016-02-07T01:24:58+01:00\"},{\"@type\":\"WebSite\",\"@id\":\"https:\\\/\\\/eldigitaldeasturias.com\\\/magazine365\\\/#website\",\"url\":\"https:\\\/\\\/eldigitaldeasturias.com\\\/magazine365\\\/\",\"name\":\"El Digital de Asturias\",\"description\":\"Revista de ocio, turismo y estilo de vida\",\"inLanguage\":\"es-ES\",\"publisher\":{\"@id\":\"https:\\\/\\\/eldigitaldeasturias.com\\\/magazine365\\\/#organization\"}}]}\n\t\t<\/script>\n\t\t<!-- All in One SEO Pro -->\r\n\t\t<title>Murcia destinar\u00e1 m\u00e1s de 18 millones para reactivar La Manga y ampliar la actividad tur\u00edstica todo el a\u00f1o | El Digital de Asturias<\/title>\n\n","aioseo_head_json":{"title":"Murcia destinar\u00e1 m\u00e1s de 18 millones para reactivar La Manga y ampliar la actividad tur\u00edstica todo el a\u00f1o | El Digital de Asturias","description":"La Comunidad, a trav\u00e9s de las consejer\u00edas de Fomento e Infraestructuras y de Desarrollo Econ\u00f3mico, Turismo y Empleo, prev\u00e9 destinar m\u00e1s de 18 millones de euros para mejorar la dotaci\u00f3n de infraestructuras y de servicios innovadores, reactivar La Manga y convertir este enclave en un referente tur\u00edstico de todo el sureste de Espa\u00f1a, lo que","canonical_url":"https:\/\/eldigitaldeasturias.com\/magazine365\/murcia-destinara-mas-de-18-millones-para-reactivar-la-manga-y-ampliar-la-actividad-turistica-todo-el-ano\/","robots":"max-image-preview:large","keywords":"noticias y actualidad","webmasterTools":{"google-site-verification":"UA-38556648-1","miscellaneous":""},"schema":{"@context":"https:\/\/schema.org","@graph":[{"@type":"Article","@id":"https:\/\/eldigitaldeasturias.com\/magazine365\/murcia-destinara-mas-de-18-millones-para-reactivar-la-manga-y-ampliar-la-actividad-turistica-todo-el-ano\/#article","name":"Murcia destinar\u00e1 m\u00e1s de 18 millones para reactivar La Manga y ampliar la actividad tur\u00edstica todo el a\u00f1o | El Digital de Asturias","headline":"Murcia destinar\u00e1 m\u00e1s de 18 millones para reactivar La Manga y ampliar la actividad tur\u00edstica todo el a\u00f1o","author":{"@id":"https:\/\/eldigitaldeasturias.com\/magazine365\/author\/admin\/#author"},"publisher":{"@id":"https:\/\/eldigitaldeasturias.com\/magazine365\/#organization"},"image":{"@type":"ImageObject","url":"https:\/\/eldigitaldeasturias.com\/magazine365\/wp-content\/uploads\/2016\/02\/fotonoticia_20160205163908_800.jpg","width":800,"height":474},"datePublished":"2016-02-07T01:24:58+01:00","dateModified":"2016-02-07T01:24:58+01:00","inLanguage":"es-ES","mainEntityOfPage":{"@id":"https:\/\/eldigitaldeasturias.com\/magazine365\/murcia-destinara-mas-de-18-millones-para-reactivar-la-manga-y-ampliar-la-actividad-turistica-todo-el-ano\/#webpage"},"isPartOf":{"@id":"https:\/\/eldigitaldeasturias.com\/magazine365\/murcia-destinara-mas-de-18-millones-para-reactivar-la-manga-y-ampliar-la-actividad-turistica-todo-el-ano\/#webpage"},"articleSection":"Noticias y Actualidad"},{"@type":"BreadcrumbList","@id":"https:\/\/eldigitaldeasturias.com\/magazine365\/murcia-destinara-mas-de-18-millones-para-reactivar-la-manga-y-ampliar-la-actividad-turistica-todo-el-ano\/#breadcrumblist","itemListElement":[{"@type":"ListItem","@id":"https:\/\/eldigitaldeasturias.com\/magazine365#listItem","position":1,"name":"Home","item":"https:\/\/eldigitaldeasturias.com\/magazine365","nextItem":{"@type":"ListItem","@id":"https:\/\/eldigitaldeasturias.com\/magazine365\/category\/noticias-actualidad\/#listItem","name":"Noticias y Actualidad"}},{"@type":"ListItem","@id":"https:\/\/eldigitaldeasturias.com\/magazine365\/category\/noticias-actualidad\/#listItem","position":2,"name":"Noticias y Actualidad","item":"https:\/\/eldigitaldeasturias.com\/magazine365\/category\/noticias-actualidad\/","nextItem":{"@type":"ListItem","@id":"https:\/\/eldigitaldeasturias.com\/magazine365\/murcia-destinara-mas-de-18-millones-para-reactivar-la-manga-y-ampliar-la-actividad-turistica-todo-el-ano\/#listItem","name":"Murcia destinar\u00e1 m\u00e1s de 18 millones para reactivar La Manga y ampliar la actividad tur\u00edstica todo el a\u00f1o"},"previousItem":{"@type":"ListItem","@id":"https:\/\/eldigitaldeasturias.com\/magazine365#listItem","name":"Home"}},{"@type":"ListItem","@id":"https:\/\/eldigitaldeasturias.com\/magazine365\/murcia-destinara-mas-de-18-millones-para-reactivar-la-manga-y-ampliar-la-actividad-turistica-todo-el-ano\/#listItem","position":3,"name":"Murcia destinar\u00e1 m\u00e1s de 18 millones para reactivar La Manga y ampliar la actividad tur\u00edstica todo el a\u00f1o","previousItem":{"@type":"ListItem","@id":"https:\/\/eldigitaldeasturias.com\/magazine365\/category\/noticias-actualidad\/#listItem","name":"Noticias y Actualidad"}}]},{"@type":"Organization","@id":"https:\/\/eldigitaldeasturias.com\/magazine365\/#organization","name":"El digital de Asturias","description":"Revista de ocio, turismo y estilo de vida","url":"https:\/\/eldigitaldeasturias.com\/magazine365\/","logo":{"@type":"ImageObject","url":"https:\/\/www.eldigitaldeasturias.com\/noticias\/wp-content\/uploads\/2020\/12\/EDA.jpg","@id":"https:\/\/eldigitaldeasturias.com\/magazine365\/murcia-destinara-mas-de-18-millones-para-reactivar-la-manga-y-ampliar-la-actividad-turistica-todo-el-ano\/#organizationLogo"},"image":{"@id":"https:\/\/eldigitaldeasturias.com\/magazine365\/murcia-destinara-mas-de-18-millones-para-reactivar-la-manga-y-ampliar-la-actividad-turistica-todo-el-ano\/#organizationLogo"}},{"@type":"Person","@id":"https:\/\/eldigitaldeasturias.com\/magazine365\/author\/admin\/#author","url":"https:\/\/eldigitaldeasturias.com\/magazine365\/author\/admin\/","name":"admin","image":{"@type":"ImageObject","@id":"https:\/\/eldigitaldeasturias.com\/magazine365\/murcia-destinara-mas-de-18-millones-para-reactivar-la-manga-y-ampliar-la-actividad-turistica-todo-el-ano\/#authorImage","url":"https:\/\/eldigitaldeasturias.com\/magazine365\/wp-content\/litespeed\/avatar\/e571bcf59a0edd6fa6838245a470f2fe.jpg?ver=1776969259","width":96,"height":96,"caption":"admin"}},{"@type":"WebPage","@id":"https:\/\/eldigitaldeasturias.com\/magazine365\/murcia-destinara-mas-de-18-millones-para-reactivar-la-manga-y-ampliar-la-actividad-turistica-todo-el-ano\/#webpage","url":"https:\/\/eldigitaldeasturias.com\/magazine365\/murcia-destinara-mas-de-18-millones-para-reactivar-la-manga-y-ampliar-la-actividad-turistica-todo-el-ano\/","name":"Murcia destinar\u00e1 m\u00e1s de 18 millones para reactivar La Manga y ampliar la actividad tur\u00edstica todo el a\u00f1o | El Digital de Asturias","description":"La Comunidad, a trav\u00e9s de las consejer\u00edas de Fomento e Infraestructuras y de Desarrollo Econ\u00f3mico, Turismo y Empleo, prev\u00e9 destinar m\u00e1s de 18 millones de euros para mejorar la dotaci\u00f3n de infraestructuras y de servicios innovadores, reactivar La Manga y convertir este enclave en un referente tur\u00edstico de todo el sureste de Espa\u00f1a, lo que","inLanguage":"es-ES","isPartOf":{"@id":"https:\/\/eldigitaldeasturias.com\/magazine365\/#website"},"breadcrumb":{"@id":"https:\/\/eldigitaldeasturias.com\/magazine365\/murcia-destinara-mas-de-18-millones-para-reactivar-la-manga-y-ampliar-la-actividad-turistica-todo-el-ano\/#breadcrumblist"},"author":{"@id":"https:\/\/eldigitaldeasturias.com\/magazine365\/author\/admin\/#author"},"creator":{"@id":"https:\/\/eldigitaldeasturias.com\/magazine365\/author\/admin\/#author"},"image":{"@type":"ImageObject","url":"https:\/\/eldigitaldeasturias.com\/magazine365\/wp-content\/uploads\/2016\/02\/fotonoticia_20160205163908_800.jpg","@id":"https:\/\/eldigitaldeasturias.com\/magazine365\/murcia-destinara-mas-de-18-millones-para-reactivar-la-manga-y-ampliar-la-actividad-turistica-todo-el-ano\/#mainImage","width":800,"height":474},"primaryImageOfPage":{"@id":"https:\/\/eldigitaldeasturias.com\/magazine365\/murcia-destinara-mas-de-18-millones-para-reactivar-la-manga-y-ampliar-la-actividad-turistica-todo-el-ano\/#mainImage"},"datePublished":"2016-02-07T01:24:58+01:00","dateModified":"2016-02-07T01:24:58+01:00"},{"@type":"WebSite","@id":"https:\/\/eldigitaldeasturias.com\/magazine365\/#website","url":"https:\/\/eldigitaldeasturias.com\/magazine365\/","name":"El Digital de Asturias","description":"Revista de ocio, turismo y estilo de vida","inLanguage":"es-ES","publisher":{"@id":"https:\/\/eldigitaldeasturias.com\/magazine365\/#organization"}}]},"og:locale":"es_ES","og:site_name":"El Digital de Asturias \u2013 Revista de ocio, turismo y estilo de vida","og:type":"article","og:title":"Murcia destinar\u00e1 m\u00e1s de 18 millones para reactivar La Manga y ampliar la actividad tur\u00edstica todo el a\u00f1o | El Digital de Asturias","og:description":"La Comunidad, a trav\u00e9s de las consejer\u00edas de Fomento e Infraestructuras y de Desarrollo Econ\u00f3mico, Turismo y Empleo, prev\u00e9 destinar m\u00e1s de 18 millones de euros para mejorar la dotaci\u00f3n de infraestructuras y de servicios innovadores, reactivar La Manga y convertir este enclave en un referente tur\u00edstico de todo el sureste de Espa\u00f1a, lo que","og:url":"https:\/\/eldigitaldeasturias.com\/magazine365\/murcia-destinara-mas-de-18-millones-para-reactivar-la-manga-y-ampliar-la-actividad-turistica-todo-el-ano\/","og:image":"https:\/\/eldigitaldeasturias.com\/magazine365\/wp-content\/uploads\/2016\/02\/fotonoticia_20160205163908_800.jpg","og:image:secure_url":"https:\/\/eldigitaldeasturias.com\/magazine365\/wp-content\/uploads\/2016\/02\/fotonoticia_20160205163908_800.jpg","og:image:width":800,"og:image:height":474,"article:published_time":"2016-02-07T00:24:58+00:00","article:modified_time":"2016-02-07T00:24:58+00:00","twitter:card":"summary_large_image","twitter:title":"Murcia destinar\u00e1 m\u00e1s de 18 millones para reactivar La Manga y ampliar la actividad tur\u00edstica todo el a\u00f1o | El Digital de Asturias","twitter:description":"La Comunidad, a trav\u00e9s de las consejer\u00edas de Fomento e Infraestructuras y de Desarrollo Econ\u00f3mico, Turismo y Empleo, prev\u00e9 destinar m\u00e1s de 18 millones de euros para mejorar la dotaci\u00f3n de infraestructuras y de servicios innovadores, reactivar La Manga y convertir este enclave en un referente tur\u00edstico de todo el sureste de Espa\u00f1a, lo que","twitter:image":"https:\/\/eldigitaldeasturias.com\/magazine365\/wp-content\/uploads\/2016\/02\/fotonoticia_20160205163908_800.jpg"},"aioseo_meta_data":{"post_id":"63480","title":null,"description":null,"keywords":null,"keyphrases":null,"primary_term":null,"canonical_url":null,"og_title":null,"og_description":null,"og_object_type":"default","og_image_type":"default","og_image_url":null,"og_image_width":null,"og_image_height":null,"og_image_custom_url":null,"og_image_custom_fields":null,"og_video":null,"og_custom_url":null,"og_article_section":null,"og_article_tags":null,"twitter_use_og":false,"twitter_card":"default","twitter_image_type":"default","twitter_image_url":null,"twitter_image_custom_url":null,"twitter_image_custom_fields":null,"twitter_title":null,"twitter_description":null,"schema":{"blockGraphs":[],"customGraphs":[],"default":{"data":{"Article":[],"Course":[],"Dataset":[],"FAQPage":[],"Movie":[],"Person":[],"Product":[],"ProductReview":[],"Car":[],"Recipe":[],"Service":[],"SoftwareApplication":[],"WebPage":[]},"graphName":"","isEnabled":true},"graphs":[],"defaultGraph":"","defaultPostTypeGraph":""},"schema_type":null,"schema_type_options":null,"pillar_content":false,"robots_default":true,"robots_noindex":false,"robots_noarchive":false,"robots_nosnippet":false,"robots_nofollow":false,"robots_noimageindex":false,"robots_noodp":false,"robots_notranslate":false,"robots_max_snippet":null,"robots_max_videopreview":null,"robots_max_imagepreview":"large","priority":null,"frequency":null,"location":null,"local_seo":null,"seo_analyzer_scan_date":"2025-09-25 13:12:31","breadcrumb_settings":null,"limit_modified_date":false,"open_ai":null,"ai":null,"created":"2021-03-08 21:22:50","updated":"2025-09-25 13:12:31"},"aioseo_breadcrumb":"<div class=\"aioseo-breadcrumbs\"><span class=\"aioseo-breadcrumb\">\n\t<a href=\"https:\/\/eldigitaldeasturias.com\/magazine365\" title=\"Home\">Home<\/a>\n<\/span><span class=\"aioseo-breadcrumb-separator\">\u2013<\/span><span class=\"aioseo-breadcrumb\">\n\t<a href=\"https:\/\/eldigitaldeasturias.com\/magazine365\/category\/noticias-actualidad\/\" title=\"Noticias y Actualidad\">Noticias y Actualidad<\/a>\n<\/span><span class=\"aioseo-breadcrumb-separator\">\u2013<\/span><span class=\"aioseo-breadcrumb\">\n\t<a href=\"https:\/\/eldigitaldeasturias.com\/magazine365\/murcia-destinara-mas-de-18-millones-para-reactivar-la-manga-y-ampliar-la-actividad-turistica-todo-el-ano\/\" title=\"Murcia destinar\u00e1 m\u00e1s de 18 millones para reactivar La Manga y ampliar la actividad tur\u00edstica todo el a\u00f1o\">Murcia destinar\u00e1 m\u00e1s de 18 millones para reactivar La Manga y ampliar la actividad tur\u00edstica todo el a\u00f1o<\/a>\n<\/span><\/div>","aioseo_breadcrumb_json":[{"label":"Home","link":"https:\/\/eldigitaldeasturias.com\/magazine365"},{"label":"Noticias y Actualidad","link":"https:\/\/eldigitaldeasturias.com\/magazine365\/category\/noticias-actualidad\/"},{"label":"Murcia destinar\u00e1 m\u00e1s de 18 millones para reactivar La Manga y ampliar la actividad tur\u00edstica todo el a\u00f1o","link":"https:\/\/eldigitaldeasturias.com\/magazine365\/murcia-destinara-mas-de-18-millones-para-reactivar-la-manga-y-ampliar-la-actividad-turistica-todo-el-ano\/"}],"_links":{"self":[{"href":"https:\/\/eldigitaldeasturias.com\/magazine365\/wp-json\/wp\/v2\/posts\/63480","targetHints":{"allow":["GET"]}}],"collection":[{"href":"https:\/\/eldigitaldeasturias.com\/magazine365\/wp-json\/wp\/v2\/posts"}],"about":[{"href":"https:\/\/eldigitaldeasturias.com\/magazine365\/wp-json\/wp\/v2\/types\/post"}],"author":[{"embeddable":true,"href":"https:\/\/eldigitaldeasturias.com\/magazine365\/wp-json\/wp\/v2\/users\/1"}],"replies":[{"embeddable":true,"href":"https:\/\/eldigitaldeasturias.com\/magazine365\/wp-json\/wp\/v2\/comments?post=63480"}],"version-history":[{"count":0,"href":"https:\/\/eldigitaldeasturias.com\/magazine365\/wp-json\/wp\/v2\/posts\/63480\/revisions"}],"wp:featuredmedia":[{"embeddable":true,"href":"https:\/\/eldigitaldeasturias.com\/magazine365\/wp-json\/wp\/v2\/media\/63481"}],"wp:attachment":[{"href":"https:\/\/eldigitaldeasturias.com\/magazine365\/wp-json\/wp\/v2\/media?parent=63480"}],"wp:term":[{"taxonomy":"category","embeddable":true,"href":"https:\/\/eldigitaldeasturias.com\/magazine365\/wp-json\/wp\/v2\/categories?post=63480"},{"taxonomy":"post_tag","embeddable":true,"href":"https:\/\/eldigitaldeasturias.com\/magazine365\/wp-json\/wp\/v2\/tags?post=63480"}],"curies":[{"name":"wp","href":"https:\/\/api.w.org\/{rel}","templated":true}]}}