{"id":63471,"date":"2016-02-07T01:18:01","date_gmt":"2016-02-07T00:18:01","guid":{"rendered":"http:\/\/eldigitaldeasturias.com\/magazine365\/?p=63471"},"modified":"2016-02-07T01:18:01","modified_gmt":"2016-02-07T00:18:01","slug":"inaugurada-la-nueva-estacion-de-autobuses-de-san-sebastian","status":"publish","type":"post","link":"https:\/\/eldigitaldeasturias.com\/magazine365\/inaugurada-la-nueva-estacion-de-autobuses-de-san-sebastian\/","title":{"rendered":"Inaugurada la nueva estaci\u00f3n de autobuses de San Sebasti\u00e1n"},"content":{"rendered":"<p><img fetchpriority=\"high\" decoding=\"async\" class=\"alignleft size-medium wp-image-63472\" src=\"https:\/\/eldigitaldeasturias.com\/magazine365\/wp-content\/uploads\/2016\/02\/fotonoticia_20160205154440_800-360x270.jpg\" alt=\"fotonoticia_20160205154440_800\" width=\"360\" height=\"270\" srcset=\"https:\/\/eldigitaldeasturias.com\/magazine365\/wp-content\/uploads\/2016\/02\/fotonoticia_20160205154440_800-360x270.jpg 360w, https:\/\/eldigitaldeasturias.com\/magazine365\/wp-content\/uploads\/2016\/02\/fotonoticia_20160205154440_800-650x488.jpg 650w, https:\/\/eldigitaldeasturias.com\/magazine365\/wp-content\/uploads\/2016\/02\/fotonoticia_20160205154440_800-768x576.jpg 768w, https:\/\/eldigitaldeasturias.com\/magazine365\/wp-content\/uploads\/2016\/02\/fotonoticia_20160205154440_800-150x113.jpg 150w, https:\/\/eldigitaldeasturias.com\/magazine365\/wp-content\/uploads\/2016\/02\/fotonoticia_20160205154440_800-450x338.jpg 450w, https:\/\/eldigitaldeasturias.com\/magazine365\/wp-content\/uploads\/2016\/02\/fotonoticia_20160205154440_800-80x60.jpg 80w, https:\/\/eldigitaldeasturias.com\/magazine365\/wp-content\/uploads\/2016\/02\/fotonoticia_20160205154440_800-265x198.jpg 265w, https:\/\/eldigitaldeasturias.com\/magazine365\/wp-content\/uploads\/2016\/02\/fotonoticia_20160205154440_800-696x522.jpg 696w, https:\/\/eldigitaldeasturias.com\/magazine365\/wp-content\/uploads\/2016\/02\/fotonoticia_20160205154440_800-560x420.jpg 560w, https:\/\/eldigitaldeasturias.com\/magazine365\/wp-content\/uploads\/2016\/02\/fotonoticia_20160205154440_800-90x67.jpg 90w, https:\/\/eldigitaldeasturias.com\/magazine365\/wp-content\/uploads\/2016\/02\/fotonoticia_20160205154440_800-164x124.jpg 164w, https:\/\/eldigitaldeasturias.com\/magazine365\/wp-content\/uploads\/2016\/02\/fotonoticia_20160205154440_800-100x75.jpg 100w, https:\/\/eldigitaldeasturias.com\/magazine365\/wp-content\/uploads\/2016\/02\/fotonoticia_20160205154440_800.jpg 800w\" sizes=\"(max-width: 360px) 100vw, 360px\" \/>La nueva estaci\u00f3n de autobuses de San Sebasti\u00e1n, subterr\u00e1nea y ubicada a pocos metros del nuevo centro internacional de cultura contempor\u00e1nea Tabakalera, ha sido inaugurada este viernes tras una inversi\u00f3n de 32 millones de euros, de los cuales unos 20 han sido financiados por el Ayuntamiento y seis por la Diputaci\u00f3n de Gipuzkoa, para recibir a partir de ahora a unos 8.000 viajeros al d\u00eda.<\/p>\n<p>La inauguraci\u00f3n oficial ha tenido lugar este mediod\u00eda, tras lo cual se ha abierto al p\u00fablico para que pueda conocer las instalaciones hasta las 17.00 horas y, a partir de este s\u00e1bado, empezar\u00e1 a funcionar con normalidad.<\/p>\n<p>Decenas de personas se agolpaban en la puerta principal de la nueva infraestructura para entrar por primera vez y contemplar las d\u00e1rsenas en las que circular\u00e1n unos 500 autobuses al d\u00eda en 21 d\u00e1rsenas operados por Lurraldebus, Pesa, Alsa, La Baztanesa, Bilmanbus, La Burundesa, La Estellesa, Le Basque Bondissant, Socibus, Monbus y Atlassib. La instalaci\u00f3n cuenta con consignas, cafeter\u00eda, taquillas, una zona vending y un kiosko.<\/p>\n<p>Durante el acto inaugural, en el que ha tomado parte la Corporaci\u00f3n municipal encabezada por el alcalde, Eneko Goia, representantes de los grupos municipales, as\u00ed como el diputado general de Gipuzkoa, Markel Olano, y la diputada foral de Movilidad y Ordenaci\u00f3n del Territorio, Marisol Garmendia, entre otros.<\/p>\n<p>Olano ha se\u00f1alado que todos los guipuzcoanos est\u00e1n \u00abexultantes, felices\u00bb ante este \u00abgran d\u00eda\u00bb y ha a\u00f1adido que esta nueva \u00abmodern\u00edsima\u00bb estaci\u00f3n supone \u00abun paso muy importante\u00bb y un \u00abavance sustancial\u00bb para el territorio hist\u00f3rico. Adem\u00e1s, ha se\u00f1alado que Gipuzkoa avanza en \u00abtodas las infraestructuras\u00bb.<\/p>\n<p>Goia ha afirmado que \u00abpor fin\u00bb San Sebasti\u00e1n tiene la estaci\u00f3n de autobuses que \u00abse merece\u00bb y de la que ha carecido \u00abdurante demasiado tiempo\u00bb. Adem\u00e1s, ha apuntado que la puesta en marcha de esta nueva infraestructura ha sido \u00abuna aventura larga\u00bb pero al fin con \u00abfinal feliz\u00bb. A ello ha a\u00f1adido que ahora el \u00abreto de movilidad a futuro\u00bb est\u00e1 en \u00abacertar a encajar bien\u00bb todas las piezas que existen en torno a esta instalaci\u00f3n, como la estaci\u00f3n de Renfe, en este \u00abnuevo punto de centralidad de la ciudad\u00bb.<\/p>\n<p>Garmendia ha destacado que esta nueva estaci\u00f3n es \u00abimportant\u00edsima para reordenar la movilidad urbana e interurbana, coordinar los diferentes modos de transporte y fomentar la intermodalidad del autob\u00fas con el tren\u00bb.<\/p>\n<p>Adem\u00e1s, ha recordado que unos cuatro mil usuarios de Lurraldebus pasar\u00e1n diariamente por esta nueva infraestructura que supone \u00abun paso m\u00e1s en la apuesta de la Diputaci\u00f3n y del Ayuntamiento por ir avanzando en el desarrollo de una red de transporte p\u00fablico coordinada, eficiente y eficaz, con una tarjeta \u00fanica y tarifas integradas en la Mugi\u00bb.<\/p>\n","protected":false},"excerpt":{"rendered":"<p>La nueva estaci\u00f3n de autobuses de San Sebasti\u00e1n, subterr\u00e1nea y ubicada a pocos metros del nuevo centro internacional de cultura contempor\u00e1nea Tabakalera, ha sido inaugurada este viernes tras una inversi\u00f3n de 32 millones de euros, de los cuales unos 20 han sido financiados por el Ayuntamiento y seis por la Diputaci\u00f3n de Gipuzkoa, para recibir<\/p>\n","protected":false},"author":1,"featured_media":63472,"comment_status":"open","ping_status":"closed","sticky":false,"template":"","format":"standard","meta":{"footnotes":""},"categories":[224],"tags":[],"class_list":{"0":"post-63471","1":"post","2":"type-post","3":"status-publish","4":"format-standard","5":"has-post-thumbnail","7":"category-noticias-actualidad"},"aioseo_notices":[],"aioseo_head":"\n\t\t<!-- All in One SEO Pro 4.9.6.1 - aioseo.com -->\n\t<meta name=\"description\" content=\"La nueva estaci\u00f3n de autobuses de San Sebasti\u00e1n, subterr\u00e1nea y ubicada a pocos metros del nuevo centro internacional de cultura contempor\u00e1nea Tabakalera, ha sido inaugurada este viernes tras una inversi\u00f3n de 32 millones de euros, de los cuales unos 20 han sido financiados por el Ayuntamiento y seis por la Diputaci\u00f3n de Gipuzkoa, para recibir\" \/>\n\t<meta name=\"robots\" content=\"max-image-preview:large\" \/>\n\t<meta name=\"author\" content=\"admin\"\/>\n\t<meta name=\"google-site-verification\" content=\"UA-38556648-1\" \/>\n\t<meta name=\"keywords\" content=\"noticias y actualidad\" \/>\n\t<link rel=\"canonical\" href=\"https:\/\/eldigitaldeasturias.com\/magazine365\/inaugurada-la-nueva-estacion-de-autobuses-de-san-sebastian\/\" \/>\n\t<meta name=\"generator\" content=\"All in One SEO Pro (AIOSEO) 4.9.6.1\" \/>\n\t\t<meta property=\"og:locale\" content=\"es_ES\" \/>\n\t\t<meta property=\"og:site_name\" content=\"El Digital de Asturias \u2013 Revista de ocio, turismo y estilo de vida\" \/>\n\t\t<meta property=\"og:type\" content=\"article\" \/>\n\t\t<meta property=\"og:title\" content=\"Inaugurada la nueva estaci\u00f3n de autobuses de San Sebasti\u00e1n | El Digital de Asturias\" \/>\n\t\t<meta property=\"og:description\" content=\"La nueva estaci\u00f3n de autobuses de San Sebasti\u00e1n, subterr\u00e1nea y ubicada a pocos metros del nuevo centro internacional de cultura contempor\u00e1nea Tabakalera, ha sido inaugurada este viernes tras una inversi\u00f3n de 32 millones de euros, de los cuales unos 20 han sido financiados por el Ayuntamiento y seis por la Diputaci\u00f3n de Gipuzkoa, para recibir\" \/>\n\t\t<meta property=\"og:url\" content=\"https:\/\/eldigitaldeasturias.com\/magazine365\/inaugurada-la-nueva-estacion-de-autobuses-de-san-sebastian\/\" \/>\n\t\t<meta property=\"og:image\" content=\"https:\/\/eldigitaldeasturias.com\/magazine365\/wp-content\/uploads\/2016\/02\/fotonoticia_20160205154440_800.jpg\" \/>\n\t\t<meta property=\"og:image:secure_url\" content=\"https:\/\/eldigitaldeasturias.com\/magazine365\/wp-content\/uploads\/2016\/02\/fotonoticia_20160205154440_800.jpg\" \/>\n\t\t<meta property=\"og:image:width\" content=\"800\" \/>\n\t\t<meta property=\"og:image:height\" content=\"600\" \/>\n\t\t<meta property=\"article:published_time\" content=\"2016-02-07T00:18:01+00:00\" \/>\n\t\t<meta property=\"article:modified_time\" content=\"2016-02-07T00:18:01+00:00\" \/>\n\t\t<meta name=\"twitter:card\" content=\"summary_large_image\" \/>\n\t\t<meta name=\"twitter:title\" content=\"Inaugurada la nueva estaci\u00f3n de autobuses de San Sebasti\u00e1n | El Digital de Asturias\" \/>\n\t\t<meta name=\"twitter:description\" content=\"La nueva estaci\u00f3n de autobuses de San Sebasti\u00e1n, subterr\u00e1nea y ubicada a pocos metros del nuevo centro internacional de cultura contempor\u00e1nea Tabakalera, ha sido inaugurada este viernes tras una inversi\u00f3n de 32 millones de euros, de los cuales unos 20 han sido financiados por el Ayuntamiento y seis por la Diputaci\u00f3n de Gipuzkoa, para recibir\" \/>\n\t\t<meta name=\"twitter:image\" content=\"https:\/\/eldigitaldeasturias.com\/magazine365\/wp-content\/uploads\/2016\/02\/fotonoticia_20160205154440_800.jpg\" \/>\n\t\t<script type=\"application\/ld+json\" class=\"aioseo-schema\">\n\t\t\t{\"@context\":\"https:\\\/\\\/schema.org\",\"@graph\":[{\"@type\":\"Article\",\"@id\":\"https:\\\/\\\/eldigitaldeasturias.com\\\/magazine365\\\/inaugurada-la-nueva-estacion-de-autobuses-de-san-sebastian\\\/#article\",\"name\":\"Inaugurada la nueva estaci\\u00f3n de autobuses de San Sebasti\\u00e1n | El Digital de Asturias\",\"headline\":\"Inaugurada la nueva estaci\\u00f3n de autobuses de San Sebasti\\u00e1n\",\"author\":{\"@id\":\"https:\\\/\\\/eldigitaldeasturias.com\\\/magazine365\\\/author\\\/admin\\\/#author\"},\"publisher\":{\"@id\":\"https:\\\/\\\/eldigitaldeasturias.com\\\/magazine365\\\/#organization\"},\"image\":{\"@type\":\"ImageObject\",\"url\":\"https:\\\/\\\/eldigitaldeasturias.com\\\/magazine365\\\/wp-content\\\/uploads\\\/2016\\\/02\\\/fotonoticia_20160205154440_800.jpg\",\"width\":800,\"height\":600},\"datePublished\":\"2016-02-07T01:18:01+01:00\",\"dateModified\":\"2016-02-07T01:18:01+01:00\",\"inLanguage\":\"es-ES\",\"mainEntityOfPage\":{\"@id\":\"https:\\\/\\\/eldigitaldeasturias.com\\\/magazine365\\\/inaugurada-la-nueva-estacion-de-autobuses-de-san-sebastian\\\/#webpage\"},\"isPartOf\":{\"@id\":\"https:\\\/\\\/eldigitaldeasturias.com\\\/magazine365\\\/inaugurada-la-nueva-estacion-de-autobuses-de-san-sebastian\\\/#webpage\"},\"articleSection\":\"Noticias y Actualidad\"},{\"@type\":\"BreadcrumbList\",\"@id\":\"https:\\\/\\\/eldigitaldeasturias.com\\\/magazine365\\\/inaugurada-la-nueva-estacion-de-autobuses-de-san-sebastian\\\/#breadcrumblist\",\"itemListElement\":[{\"@type\":\"ListItem\",\"@id\":\"https:\\\/\\\/eldigitaldeasturias.com\\\/magazine365#listItem\",\"position\":1,\"name\":\"Home\",\"item\":\"https:\\\/\\\/eldigitaldeasturias.com\\\/magazine365\",\"nextItem\":{\"@type\":\"ListItem\",\"@id\":\"https:\\\/\\\/eldigitaldeasturias.com\\\/magazine365\\\/category\\\/noticias-actualidad\\\/#listItem\",\"name\":\"Noticias y Actualidad\"}},{\"@type\":\"ListItem\",\"@id\":\"https:\\\/\\\/eldigitaldeasturias.com\\\/magazine365\\\/category\\\/noticias-actualidad\\\/#listItem\",\"position\":2,\"name\":\"Noticias y Actualidad\",\"item\":\"https:\\\/\\\/eldigitaldeasturias.com\\\/magazine365\\\/category\\\/noticias-actualidad\\\/\",\"nextItem\":{\"@type\":\"ListItem\",\"@id\":\"https:\\\/\\\/eldigitaldeasturias.com\\\/magazine365\\\/inaugurada-la-nueva-estacion-de-autobuses-de-san-sebastian\\\/#listItem\",\"name\":\"Inaugurada la nueva estaci\\u00f3n de autobuses de San Sebasti\\u00e1n\"},\"previousItem\":{\"@type\":\"ListItem\",\"@id\":\"https:\\\/\\\/eldigitaldeasturias.com\\\/magazine365#listItem\",\"name\":\"Home\"}},{\"@type\":\"ListItem\",\"@id\":\"https:\\\/\\\/eldigitaldeasturias.com\\\/magazine365\\\/inaugurada-la-nueva-estacion-de-autobuses-de-san-sebastian\\\/#listItem\",\"position\":3,\"name\":\"Inaugurada la nueva estaci\\u00f3n de autobuses de San Sebasti\\u00e1n\",\"previousItem\":{\"@type\":\"ListItem\",\"@id\":\"https:\\\/\\\/eldigitaldeasturias.com\\\/magazine365\\\/category\\\/noticias-actualidad\\\/#listItem\",\"name\":\"Noticias y Actualidad\"}}]},{\"@type\":\"Organization\",\"@id\":\"https:\\\/\\\/eldigitaldeasturias.com\\\/magazine365\\\/#organization\",\"name\":\"El digital de Asturias\",\"description\":\"Revista de ocio, turismo y estilo de vida\",\"url\":\"https:\\\/\\\/eldigitaldeasturias.com\\\/magazine365\\\/\",\"logo\":{\"@type\":\"ImageObject\",\"url\":\"https:\\\/\\\/www.eldigitaldeasturias.com\\\/noticias\\\/wp-content\\\/uploads\\\/2020\\\/12\\\/EDA.jpg\",\"@id\":\"https:\\\/\\\/eldigitaldeasturias.com\\\/magazine365\\\/inaugurada-la-nueva-estacion-de-autobuses-de-san-sebastian\\\/#organizationLogo\"},\"image\":{\"@id\":\"https:\\\/\\\/eldigitaldeasturias.com\\\/magazine365\\\/inaugurada-la-nueva-estacion-de-autobuses-de-san-sebastian\\\/#organizationLogo\"}},{\"@type\":\"Person\",\"@id\":\"https:\\\/\\\/eldigitaldeasturias.com\\\/magazine365\\\/author\\\/admin\\\/#author\",\"url\":\"https:\\\/\\\/eldigitaldeasturias.com\\\/magazine365\\\/author\\\/admin\\\/\",\"name\":\"admin\",\"image\":{\"@type\":\"ImageObject\",\"@id\":\"https:\\\/\\\/eldigitaldeasturias.com\\\/magazine365\\\/inaugurada-la-nueva-estacion-de-autobuses-de-san-sebastian\\\/#authorImage\",\"url\":\"https:\\\/\\\/eldigitaldeasturias.com\\\/magazine365\\\/wp-content\\\/litespeed\\\/avatar\\\/e571bcf59a0edd6fa6838245a470f2fe.jpg?ver=1776969259\",\"width\":96,\"height\":96,\"caption\":\"admin\"}},{\"@type\":\"WebPage\",\"@id\":\"https:\\\/\\\/eldigitaldeasturias.com\\\/magazine365\\\/inaugurada-la-nueva-estacion-de-autobuses-de-san-sebastian\\\/#webpage\",\"url\":\"https:\\\/\\\/eldigitaldeasturias.com\\\/magazine365\\\/inaugurada-la-nueva-estacion-de-autobuses-de-san-sebastian\\\/\",\"name\":\"Inaugurada la nueva estaci\\u00f3n de autobuses de San Sebasti\\u00e1n | El Digital de Asturias\",\"description\":\"La nueva estaci\\u00f3n de autobuses de San Sebasti\\u00e1n, subterr\\u00e1nea y ubicada a pocos metros del nuevo centro internacional de cultura contempor\\u00e1nea Tabakalera, ha sido inaugurada este viernes tras una inversi\\u00f3n de 32 millones de euros, de los cuales unos 20 han sido financiados por el Ayuntamiento y seis por la Diputaci\\u00f3n de Gipuzkoa, para recibir\",\"inLanguage\":\"es-ES\",\"isPartOf\":{\"@id\":\"https:\\\/\\\/eldigitaldeasturias.com\\\/magazine365\\\/#website\"},\"breadcrumb\":{\"@id\":\"https:\\\/\\\/eldigitaldeasturias.com\\\/magazine365\\\/inaugurada-la-nueva-estacion-de-autobuses-de-san-sebastian\\\/#breadcrumblist\"},\"author\":{\"@id\":\"https:\\\/\\\/eldigitaldeasturias.com\\\/magazine365\\\/author\\\/admin\\\/#author\"},\"creator\":{\"@id\":\"https:\\\/\\\/eldigitaldeasturias.com\\\/magazine365\\\/author\\\/admin\\\/#author\"},\"image\":{\"@type\":\"ImageObject\",\"url\":\"https:\\\/\\\/eldigitaldeasturias.com\\\/magazine365\\\/wp-content\\\/uploads\\\/2016\\\/02\\\/fotonoticia_20160205154440_800.jpg\",\"@id\":\"https:\\\/\\\/eldigitaldeasturias.com\\\/magazine365\\\/inaugurada-la-nueva-estacion-de-autobuses-de-san-sebastian\\\/#mainImage\",\"width\":800,\"height\":600},\"primaryImageOfPage\":{\"@id\":\"https:\\\/\\\/eldigitaldeasturias.com\\\/magazine365\\\/inaugurada-la-nueva-estacion-de-autobuses-de-san-sebastian\\\/#mainImage\"},\"datePublished\":\"2016-02-07T01:18:01+01:00\",\"dateModified\":\"2016-02-07T01:18:01+01:00\"},{\"@type\":\"WebSite\",\"@id\":\"https:\\\/\\\/eldigitaldeasturias.com\\\/magazine365\\\/#website\",\"url\":\"https:\\\/\\\/eldigitaldeasturias.com\\\/magazine365\\\/\",\"name\":\"El Digital de Asturias\",\"description\":\"Revista de ocio, turismo y estilo de vida\",\"inLanguage\":\"es-ES\",\"publisher\":{\"@id\":\"https:\\\/\\\/eldigitaldeasturias.com\\\/magazine365\\\/#organization\"}}]}\n\t\t<\/script>\n\t\t<!-- All in One SEO Pro -->\r\n\t\t<title>Inaugurada la nueva estaci\u00f3n de autobuses de San Sebasti\u00e1n | El Digital de Asturias<\/title>\n\n","aioseo_head_json":{"title":"Inaugurada la nueva estaci\u00f3n de autobuses de San Sebasti\u00e1n | El Digital de Asturias","description":"La nueva estaci\u00f3n de autobuses de San Sebasti\u00e1n, subterr\u00e1nea y ubicada a pocos metros del nuevo centro internacional de cultura contempor\u00e1nea Tabakalera, ha sido inaugurada este viernes tras una inversi\u00f3n de 32 millones de euros, de los cuales unos 20 han sido financiados por el Ayuntamiento y seis por la Diputaci\u00f3n de Gipuzkoa, para recibir","canonical_url":"https:\/\/eldigitaldeasturias.com\/magazine365\/inaugurada-la-nueva-estacion-de-autobuses-de-san-sebastian\/","robots":"max-image-preview:large","keywords":"noticias y actualidad","webmasterTools":{"google-site-verification":"UA-38556648-1","miscellaneous":""},"schema":{"@context":"https:\/\/schema.org","@graph":[{"@type":"Article","@id":"https:\/\/eldigitaldeasturias.com\/magazine365\/inaugurada-la-nueva-estacion-de-autobuses-de-san-sebastian\/#article","name":"Inaugurada la nueva estaci\u00f3n de autobuses de San Sebasti\u00e1n | El Digital de Asturias","headline":"Inaugurada la nueva estaci\u00f3n de autobuses de San Sebasti\u00e1n","author":{"@id":"https:\/\/eldigitaldeasturias.com\/magazine365\/author\/admin\/#author"},"publisher":{"@id":"https:\/\/eldigitaldeasturias.com\/magazine365\/#organization"},"image":{"@type":"ImageObject","url":"https:\/\/eldigitaldeasturias.com\/magazine365\/wp-content\/uploads\/2016\/02\/fotonoticia_20160205154440_800.jpg","width":800,"height":600},"datePublished":"2016-02-07T01:18:01+01:00","dateModified":"2016-02-07T01:18:01+01:00","inLanguage":"es-ES","mainEntityOfPage":{"@id":"https:\/\/eldigitaldeasturias.com\/magazine365\/inaugurada-la-nueva-estacion-de-autobuses-de-san-sebastian\/#webpage"},"isPartOf":{"@id":"https:\/\/eldigitaldeasturias.com\/magazine365\/inaugurada-la-nueva-estacion-de-autobuses-de-san-sebastian\/#webpage"},"articleSection":"Noticias y Actualidad"},{"@type":"BreadcrumbList","@id":"https:\/\/eldigitaldeasturias.com\/magazine365\/inaugurada-la-nueva-estacion-de-autobuses-de-san-sebastian\/#breadcrumblist","itemListElement":[{"@type":"ListItem","@id":"https:\/\/eldigitaldeasturias.com\/magazine365#listItem","position":1,"name":"Home","item":"https:\/\/eldigitaldeasturias.com\/magazine365","nextItem":{"@type":"ListItem","@id":"https:\/\/eldigitaldeasturias.com\/magazine365\/category\/noticias-actualidad\/#listItem","name":"Noticias y Actualidad"}},{"@type":"ListItem","@id":"https:\/\/eldigitaldeasturias.com\/magazine365\/category\/noticias-actualidad\/#listItem","position":2,"name":"Noticias y Actualidad","item":"https:\/\/eldigitaldeasturias.com\/magazine365\/category\/noticias-actualidad\/","nextItem":{"@type":"ListItem","@id":"https:\/\/eldigitaldeasturias.com\/magazine365\/inaugurada-la-nueva-estacion-de-autobuses-de-san-sebastian\/#listItem","name":"Inaugurada la nueva estaci\u00f3n de autobuses de San Sebasti\u00e1n"},"previousItem":{"@type":"ListItem","@id":"https:\/\/eldigitaldeasturias.com\/magazine365#listItem","name":"Home"}},{"@type":"ListItem","@id":"https:\/\/eldigitaldeasturias.com\/magazine365\/inaugurada-la-nueva-estacion-de-autobuses-de-san-sebastian\/#listItem","position":3,"name":"Inaugurada la nueva estaci\u00f3n de autobuses de San Sebasti\u00e1n","previousItem":{"@type":"ListItem","@id":"https:\/\/eldigitaldeasturias.com\/magazine365\/category\/noticias-actualidad\/#listItem","name":"Noticias y Actualidad"}}]},{"@type":"Organization","@id":"https:\/\/eldigitaldeasturias.com\/magazine365\/#organization","name":"El digital de Asturias","description":"Revista de ocio, turismo y estilo de vida","url":"https:\/\/eldigitaldeasturias.com\/magazine365\/","logo":{"@type":"ImageObject","url":"https:\/\/www.eldigitaldeasturias.com\/noticias\/wp-content\/uploads\/2020\/12\/EDA.jpg","@id":"https:\/\/eldigitaldeasturias.com\/magazine365\/inaugurada-la-nueva-estacion-de-autobuses-de-san-sebastian\/#organizationLogo"},"image":{"@id":"https:\/\/eldigitaldeasturias.com\/magazine365\/inaugurada-la-nueva-estacion-de-autobuses-de-san-sebastian\/#organizationLogo"}},{"@type":"Person","@id":"https:\/\/eldigitaldeasturias.com\/magazine365\/author\/admin\/#author","url":"https:\/\/eldigitaldeasturias.com\/magazine365\/author\/admin\/","name":"admin","image":{"@type":"ImageObject","@id":"https:\/\/eldigitaldeasturias.com\/magazine365\/inaugurada-la-nueva-estacion-de-autobuses-de-san-sebastian\/#authorImage","url":"https:\/\/eldigitaldeasturias.com\/magazine365\/wp-content\/litespeed\/avatar\/e571bcf59a0edd6fa6838245a470f2fe.jpg?ver=1776969259","width":96,"height":96,"caption":"admin"}},{"@type":"WebPage","@id":"https:\/\/eldigitaldeasturias.com\/magazine365\/inaugurada-la-nueva-estacion-de-autobuses-de-san-sebastian\/#webpage","url":"https:\/\/eldigitaldeasturias.com\/magazine365\/inaugurada-la-nueva-estacion-de-autobuses-de-san-sebastian\/","name":"Inaugurada la nueva estaci\u00f3n de autobuses de San Sebasti\u00e1n | El Digital de Asturias","description":"La nueva estaci\u00f3n de autobuses de San Sebasti\u00e1n, subterr\u00e1nea y ubicada a pocos metros del nuevo centro internacional de cultura contempor\u00e1nea Tabakalera, ha sido inaugurada este viernes tras una inversi\u00f3n de 32 millones de euros, de los cuales unos 20 han sido financiados por el Ayuntamiento y seis por la Diputaci\u00f3n de Gipuzkoa, para recibir","inLanguage":"es-ES","isPartOf":{"@id":"https:\/\/eldigitaldeasturias.com\/magazine365\/#website"},"breadcrumb":{"@id":"https:\/\/eldigitaldeasturias.com\/magazine365\/inaugurada-la-nueva-estacion-de-autobuses-de-san-sebastian\/#breadcrumblist"},"author":{"@id":"https:\/\/eldigitaldeasturias.com\/magazine365\/author\/admin\/#author"},"creator":{"@id":"https:\/\/eldigitaldeasturias.com\/magazine365\/author\/admin\/#author"},"image":{"@type":"ImageObject","url":"https:\/\/eldigitaldeasturias.com\/magazine365\/wp-content\/uploads\/2016\/02\/fotonoticia_20160205154440_800.jpg","@id":"https:\/\/eldigitaldeasturias.com\/magazine365\/inaugurada-la-nueva-estacion-de-autobuses-de-san-sebastian\/#mainImage","width":800,"height":600},"primaryImageOfPage":{"@id":"https:\/\/eldigitaldeasturias.com\/magazine365\/inaugurada-la-nueva-estacion-de-autobuses-de-san-sebastian\/#mainImage"},"datePublished":"2016-02-07T01:18:01+01:00","dateModified":"2016-02-07T01:18:01+01:00"},{"@type":"WebSite","@id":"https:\/\/eldigitaldeasturias.com\/magazine365\/#website","url":"https:\/\/eldigitaldeasturias.com\/magazine365\/","name":"El Digital de Asturias","description":"Revista de ocio, turismo y estilo de vida","inLanguage":"es-ES","publisher":{"@id":"https:\/\/eldigitaldeasturias.com\/magazine365\/#organization"}}]},"og:locale":"es_ES","og:site_name":"El Digital de Asturias \u2013 Revista de ocio, turismo y estilo de vida","og:type":"article","og:title":"Inaugurada la nueva estaci\u00f3n de autobuses de San Sebasti\u00e1n | El Digital de Asturias","og:description":"La nueva estaci\u00f3n de autobuses de San Sebasti\u00e1n, subterr\u00e1nea y ubicada a pocos metros del nuevo centro internacional de cultura contempor\u00e1nea Tabakalera, ha sido inaugurada este viernes tras una inversi\u00f3n de 32 millones de euros, de los cuales unos 20 han sido financiados por el Ayuntamiento y seis por la Diputaci\u00f3n de Gipuzkoa, para recibir","og:url":"https:\/\/eldigitaldeasturias.com\/magazine365\/inaugurada-la-nueva-estacion-de-autobuses-de-san-sebastian\/","og:image":"https:\/\/eldigitaldeasturias.com\/magazine365\/wp-content\/uploads\/2016\/02\/fotonoticia_20160205154440_800.jpg","og:image:secure_url":"https:\/\/eldigitaldeasturias.com\/magazine365\/wp-content\/uploads\/2016\/02\/fotonoticia_20160205154440_800.jpg","og:image:width":800,"og:image:height":600,"article:published_time":"2016-02-07T00:18:01+00:00","article:modified_time":"2016-02-07T00:18:01+00:00","twitter:card":"summary_large_image","twitter:title":"Inaugurada la nueva estaci\u00f3n de autobuses de San Sebasti\u00e1n | El Digital de Asturias","twitter:description":"La nueva estaci\u00f3n de autobuses de San Sebasti\u00e1n, subterr\u00e1nea y ubicada a pocos metros del nuevo centro internacional de cultura contempor\u00e1nea Tabakalera, ha sido inaugurada este viernes tras una inversi\u00f3n de 32 millones de euros, de los cuales unos 20 han sido financiados por el Ayuntamiento y seis por la Diputaci\u00f3n de Gipuzkoa, para recibir","twitter:image":"https:\/\/eldigitaldeasturias.com\/magazine365\/wp-content\/uploads\/2016\/02\/fotonoticia_20160205154440_800.jpg"},"aioseo_meta_data":{"post_id":"63471","title":null,"description":null,"keywords":null,"keyphrases":null,"primary_term":null,"canonical_url":null,"og_title":null,"og_description":null,"og_object_type":"default","og_image_type":"default","og_image_url":null,"og_image_width":null,"og_image_height":null,"og_image_custom_url":null,"og_image_custom_fields":null,"og_video":null,"og_custom_url":null,"og_article_section":null,"og_article_tags":null,"twitter_use_og":false,"twitter_card":"default","twitter_image_type":"default","twitter_image_url":null,"twitter_image_custom_url":null,"twitter_image_custom_fields":null,"twitter_title":null,"twitter_description":null,"schema":{"blockGraphs":[],"customGraphs":[],"default":{"data":{"Article":[],"Course":[],"Dataset":[],"FAQPage":[],"Movie":[],"Person":[],"Product":[],"ProductReview":[],"Car":[],"Recipe":[],"Service":[],"SoftwareApplication":[],"WebPage":[]},"graphName":"","isEnabled":true},"graphs":[],"defaultGraph":"","defaultPostTypeGraph":""},"schema_type":null,"schema_type_options":null,"pillar_content":false,"robots_default":true,"robots_noindex":false,"robots_noarchive":false,"robots_nosnippet":false,"robots_nofollow":false,"robots_noimageindex":false,"robots_noodp":false,"robots_notranslate":false,"robots_max_snippet":null,"robots_max_videopreview":null,"robots_max_imagepreview":"large","priority":null,"frequency":null,"location":null,"local_seo":null,"seo_analyzer_scan_date":"2025-09-25 13:10:35","breadcrumb_settings":null,"limit_modified_date":false,"open_ai":null,"ai":null,"created":"2021-03-08 21:22:50","updated":"2025-09-25 13:10:35"},"aioseo_breadcrumb":"<div class=\"aioseo-breadcrumbs\"><span class=\"aioseo-breadcrumb\">\n\t<a href=\"https:\/\/eldigitaldeasturias.com\/magazine365\" title=\"Home\">Home<\/a>\n<\/span><span class=\"aioseo-breadcrumb-separator\">\u2013<\/span><span class=\"aioseo-breadcrumb\">\n\t<a href=\"https:\/\/eldigitaldeasturias.com\/magazine365\/category\/noticias-actualidad\/\" title=\"Noticias y Actualidad\">Noticias y Actualidad<\/a>\n<\/span><span class=\"aioseo-breadcrumb-separator\">\u2013<\/span><span class=\"aioseo-breadcrumb\">\n\t<a href=\"https:\/\/eldigitaldeasturias.com\/magazine365\/inaugurada-la-nueva-estacion-de-autobuses-de-san-sebastian\/\" title=\"Inaugurada la nueva estaci\u00f3n de autobuses de San Sebasti\u00e1n\">Inaugurada la nueva estaci\u00f3n de autobuses de San Sebasti\u00e1n<\/a>\n<\/span><\/div>","aioseo_breadcrumb_json":[{"label":"Home","link":"https:\/\/eldigitaldeasturias.com\/magazine365"},{"label":"Noticias y Actualidad","link":"https:\/\/eldigitaldeasturias.com\/magazine365\/category\/noticias-actualidad\/"},{"label":"Inaugurada la nueva estaci\u00f3n de autobuses de San Sebasti\u00e1n","link":"https:\/\/eldigitaldeasturias.com\/magazine365\/inaugurada-la-nueva-estacion-de-autobuses-de-san-sebastian\/"}],"_links":{"self":[{"href":"https:\/\/eldigitaldeasturias.com\/magazine365\/wp-json\/wp\/v2\/posts\/63471","targetHints":{"allow":["GET"]}}],"collection":[{"href":"https:\/\/eldigitaldeasturias.com\/magazine365\/wp-json\/wp\/v2\/posts"}],"about":[{"href":"https:\/\/eldigitaldeasturias.com\/magazine365\/wp-json\/wp\/v2\/types\/post"}],"author":[{"embeddable":true,"href":"https:\/\/eldigitaldeasturias.com\/magazine365\/wp-json\/wp\/v2\/users\/1"}],"replies":[{"embeddable":true,"href":"https:\/\/eldigitaldeasturias.com\/magazine365\/wp-json\/wp\/v2\/comments?post=63471"}],"version-history":[{"count":0,"href":"https:\/\/eldigitaldeasturias.com\/magazine365\/wp-json\/wp\/v2\/posts\/63471\/revisions"}],"wp:featuredmedia":[{"embeddable":true,"href":"https:\/\/eldigitaldeasturias.com\/magazine365\/wp-json\/wp\/v2\/media\/63472"}],"wp:attachment":[{"href":"https:\/\/eldigitaldeasturias.com\/magazine365\/wp-json\/wp\/v2\/media?parent=63471"}],"wp:term":[{"taxonomy":"category","embeddable":true,"href":"https:\/\/eldigitaldeasturias.com\/magazine365\/wp-json\/wp\/v2\/categories?post=63471"},{"taxonomy":"post_tag","embeddable":true,"href":"https:\/\/eldigitaldeasturias.com\/magazine365\/wp-json\/wp\/v2\/tags?post=63471"}],"curies":[{"name":"wp","href":"https:\/\/api.w.org\/{rel}","templated":true}]}}