{"id":63441,"date":"2016-02-07T00:59:24","date_gmt":"2016-02-06T23:59:24","guid":{"rendered":"http:\/\/eldigitaldeasturias.com\/magazine365\/?p=63441"},"modified":"2016-02-07T00:59:24","modified_gmt":"2016-02-06T23:59:24","slug":"la-xunta-dice-que-la-delimitacion-del-camino-norte-es-la-historica-y-vincula-criticas-a-otros-intereses","status":"publish","type":"post","link":"https:\/\/eldigitaldeasturias.com\/magazine365\/la-xunta-dice-que-la-delimitacion-del-camino-norte-es-la-historica-y-vincula-criticas-a-otros-intereses\/","title":{"rendered":"La Xunta dice que la delimitaci\u00f3n del Camino Norte es la \u00abhist\u00f3rica\u00bb y vincula cr\u00edticas a \u00abotros intereses\u00bb"},"content":{"rendered":"<p><img fetchpriority=\"high\" decoding=\"async\" class=\"alignleft size-medium wp-image-63442\" src=\"https:\/\/eldigitaldeasturias.com\/magazine365\/wp-content\/uploads\/2016\/02\/fotonoticia_20160205134755_800-360x236.jpg\" alt=\"fotonoticia_20160205134755_800\" width=\"360\" height=\"236\" srcset=\"https:\/\/eldigitaldeasturias.com\/magazine365\/wp-content\/uploads\/2016\/02\/fotonoticia_20160205134755_800-360x236.jpg 360w, https:\/\/eldigitaldeasturias.com\/magazine365\/wp-content\/uploads\/2016\/02\/fotonoticia_20160205134755_800-650x427.jpg 650w, https:\/\/eldigitaldeasturias.com\/magazine365\/wp-content\/uploads\/2016\/02\/fotonoticia_20160205134755_800-768x504.jpg 768w, https:\/\/eldigitaldeasturias.com\/magazine365\/wp-content\/uploads\/2016\/02\/fotonoticia_20160205134755_800-150x98.jpg 150w, https:\/\/eldigitaldeasturias.com\/magazine365\/wp-content\/uploads\/2016\/02\/fotonoticia_20160205134755_800-450x295.jpg 450w, https:\/\/eldigitaldeasturias.com\/magazine365\/wp-content\/uploads\/2016\/02\/fotonoticia_20160205134755_800-696x457.jpg 696w, https:\/\/eldigitaldeasturias.com\/magazine365\/wp-content\/uploads\/2016\/02\/fotonoticia_20160205134755_800-741x486.jpg 741w, https:\/\/eldigitaldeasturias.com\/magazine365\/wp-content\/uploads\/2016\/02\/fotonoticia_20160205134755_800-640x420.jpg 640w, https:\/\/eldigitaldeasturias.com\/magazine365\/wp-content\/uploads\/2016\/02\/fotonoticia_20160205134755_800-121x79.jpg 121w, https:\/\/eldigitaldeasturias.com\/magazine365\/wp-content\/uploads\/2016\/02\/fotonoticia_20160205134755_800-101x66.jpg 101w, https:\/\/eldigitaldeasturias.com\/magazine365\/wp-content\/uploads\/2016\/02\/fotonoticia_20160205134755_800-326x213.jpg 326w, https:\/\/eldigitaldeasturias.com\/magazine365\/wp-content\/uploads\/2016\/02\/fotonoticia_20160205134755_800.jpg 800w\" sizes=\"(max-width: 360px) 100vw, 360px\" \/>La directora xeral de Patrimonio de la Xunta, Mar\u00eda del Carmen Mart\u00ednez \u00cdnsua, ha defendido este viernes que la delimitaci\u00f3n oficial del Camino del Norte a Santiago &#8211;Ruta de la Costa&#8211; hecha por la Administraci\u00f3n gallega corresponde a criterios \u00abhist\u00f3ricos\u00bb y ha sostenido que las cr\u00edticas a la misma obedecen a \u00abotro tipo de intereses\u00bb.<\/p>\n<p>Mart\u00ednez \u00cdnsua ha comparecido en Comisi\u00f3n parlamentaria para responder a una pregunta formulada por la diputada socialista Concepci\u00f3n Burgo sobre el proceso seguido para realizar la delimitaci\u00f3n de esta ruta del Camino de Santiago y los criterios empleados.<\/p>\n<p>En su intervenci\u00f3n, Concepci\u00f3n Burgo ha hecho referencia a las cr\u00edticas despertadas por la delimitaci\u00f3n oficial entre algunos ayuntamientos y asociaciones de la provincia de Lugo, tras la decisi\u00f3n de la Xunta de \u00abcambiar el trazado marcado por la Diputaci\u00f3n\u00bb.<\/p>\n<p>Para la socialista, el trazado anterior hab\u00eda sido recuperado en base a \u00abestudios arqueol\u00f3gicos e hist\u00f3ricos\u00bb que fueron modificados por la Xunta a trav\u00e9s de un estudio que Concepci\u00f3n Burgo ha puesto en duda.<\/p>\n<p>La ruta, que cambia \u00abtotalmente\u00bb a partir de Begonte, pasa ahora por \u00ablugares de dif\u00edcil acceso\u00bb y \u00abse aleja de infraestructuras como albergues y comercios\u00bb, produciendo un \u00abda\u00f1o importante\u00bb a nivel econ\u00f3mico a estos municipios, ha dicho Burgo.<\/p>\n<p>UN \u00abEQUIPO MULTIDISCIPLINAR\u00bb<\/p>\n<p>En su respuesta, Mart\u00ednez \u00cdnsua ha defendido los trabajos desarrollados para la delimitaci\u00f3n de esta ruta, que emplearon tanto \u00abdocumentaci\u00f3n de car\u00e1cter hist\u00f3rico\u00bb como \u00abtrabajos\u00bb anteriores a los a\u00f1os 90 y labores \u00abde reconocimiento del territorio hist\u00f3rico\u00bb.<\/p>\n<p>En estas actividades particip\u00f3 un \u00abequipo multidisciplinar\u00bb de \u00abcualificaci\u00f3n incontestable\u00bb, que integraron expertos en arqueolog\u00eda, historia, restauraci\u00f3n, arquitectura, topograf\u00eda o ingenier\u00eda. Asimismo, ha apuntado la directora xeral, las labores fueron \u00abcoordinadas y asumidas\u00bb por los servicios t\u00e9cnicos de la Direcci\u00f3n Xeral de Patrimonio.<\/p>\n<p>El trabajo fue contratado a trav\u00e9s de un procedimiento negociado sin publicidad por algo m\u00e1s de 50.000 euros a la empresa Redondo Valladares y Rodr\u00edguez y en el resultado se abarc\u00f3 la \u00abperspectiva hist\u00f3rica y funcional\u00bb de la ruta, ha garantizado Mart\u00ednez \u00cdnsua.<\/p>\n<p>Aunque ha reconocido que el proceso \u00abtuvo alegaciones\u00bb, la directora xeral ha defendido los trabajos argumentando, por ejemplo, la participaci\u00f3n de Miguel Ta\u00edn Guzm\u00e1n, \u00abexperto en este Camino\u00bb y asesor de la UNESCO para su declaraci\u00f3n como Patrimonio.<\/p>\n<p>Para concluir, Mart\u00ednez \u00cdnsua ha asegurado que las cr\u00edticas recibidas al trazado de la Xunta \u00abno cuestionan los estudios hist\u00f3ricos\u00bb del mismo, sino que responden a \u00abotro tipo de intereses que no son los relativos al Patrimonio Cultural\u00bb.<\/p>\n","protected":false},"excerpt":{"rendered":"<p>La directora xeral de Patrimonio de la Xunta, Mar\u00eda del Carmen Mart\u00ednez \u00cdnsua, ha defendido este viernes que la delimitaci\u00f3n oficial del Camino del Norte a Santiago &#8211;Ruta de la Costa&#8211; hecha por la Administraci\u00f3n gallega corresponde a criterios \u00abhist\u00f3ricos\u00bb y ha sostenido que las cr\u00edticas a la misma obedecen a \u00abotro tipo de intereses\u00bb.<\/p>\n","protected":false},"author":1,"featured_media":63442,"comment_status":"open","ping_status":"closed","sticky":false,"template":"","format":"standard","meta":{"footnotes":""},"categories":[224],"tags":[],"class_list":{"0":"post-63441","1":"post","2":"type-post","3":"status-publish","4":"format-standard","5":"has-post-thumbnail","7":"category-noticias-actualidad"},"aioseo_notices":[],"aioseo_head":"\n\t\t<!-- All in One SEO Pro 4.9.6.1 - aioseo.com -->\n\t<meta name=\"description\" content=\"La directora xeral de Patrimonio de la Xunta, Mar\u00eda del Carmen Mart\u00ednez \u00cdnsua, ha defendido este viernes que la delimitaci\u00f3n oficial del Camino del Norte a Santiago --Ruta de la Costa-- hecha por la Administraci\u00f3n gallega corresponde a criterios &quot;hist\u00f3ricos&quot; y ha sostenido que las cr\u00edticas a la misma obedecen a &quot;otro tipo de intereses&quot;.\" \/>\n\t<meta name=\"robots\" content=\"max-image-preview:large\" \/>\n\t<meta name=\"author\" content=\"admin\"\/>\n\t<meta name=\"google-site-verification\" content=\"UA-38556648-1\" \/>\n\t<meta name=\"keywords\" content=\"noticias y actualidad\" \/>\n\t<link rel=\"canonical\" href=\"https:\/\/eldigitaldeasturias.com\/magazine365\/la-xunta-dice-que-la-delimitacion-del-camino-norte-es-la-historica-y-vincula-criticas-a-otros-intereses\/\" \/>\n\t<meta name=\"generator\" content=\"All in One SEO Pro (AIOSEO) 4.9.6.1\" \/>\n\t\t<meta property=\"og:locale\" content=\"es_ES\" \/>\n\t\t<meta property=\"og:site_name\" content=\"El Digital de Asturias \u2013 Revista de ocio, turismo y estilo de vida\" \/>\n\t\t<meta property=\"og:type\" content=\"article\" \/>\n\t\t<meta property=\"og:title\" content=\"La Xunta dice que la delimitaci\u00f3n del Camino Norte es la \u00abhist\u00f3rica\u00bb y vincula cr\u00edticas a \u00abotros intereses\u00bb | El Digital de Asturias\" \/>\n\t\t<meta property=\"og:description\" content=\"La directora xeral de Patrimonio de la Xunta, Mar\u00eda del Carmen Mart\u00ednez \u00cdnsua, ha defendido este viernes que la delimitaci\u00f3n oficial del Camino del Norte a Santiago --Ruta de la Costa-- hecha por la Administraci\u00f3n gallega corresponde a criterios &quot;hist\u00f3ricos&quot; y ha sostenido que las cr\u00edticas a la misma obedecen a &quot;otro tipo de intereses&quot;.\" \/>\n\t\t<meta property=\"og:url\" content=\"https:\/\/eldigitaldeasturias.com\/magazine365\/la-xunta-dice-que-la-delimitacion-del-camino-norte-es-la-historica-y-vincula-criticas-a-otros-intereses\/\" \/>\n\t\t<meta property=\"og:image\" content=\"https:\/\/eldigitaldeasturias.com\/magazine365\/wp-content\/uploads\/2016\/02\/fotonoticia_20160205134755_800.jpg\" \/>\n\t\t<meta property=\"og:image:secure_url\" content=\"https:\/\/eldigitaldeasturias.com\/magazine365\/wp-content\/uploads\/2016\/02\/fotonoticia_20160205134755_800.jpg\" \/>\n\t\t<meta property=\"og:image:width\" content=\"800\" \/>\n\t\t<meta property=\"og:image:height\" content=\"525\" \/>\n\t\t<meta property=\"article:published_time\" content=\"2016-02-06T23:59:24+00:00\" \/>\n\t\t<meta property=\"article:modified_time\" content=\"2016-02-06T23:59:24+00:00\" \/>\n\t\t<meta name=\"twitter:card\" content=\"summary_large_image\" \/>\n\t\t<meta name=\"twitter:title\" content=\"La Xunta dice que la delimitaci\u00f3n del Camino Norte es la \u00abhist\u00f3rica\u00bb y vincula cr\u00edticas a \u00abotros intereses\u00bb | El Digital de Asturias\" \/>\n\t\t<meta name=\"twitter:description\" content=\"La directora xeral de Patrimonio de la Xunta, Mar\u00eda del Carmen Mart\u00ednez \u00cdnsua, ha defendido este viernes que la delimitaci\u00f3n oficial del Camino del Norte a Santiago --Ruta de la Costa-- hecha por la Administraci\u00f3n gallega corresponde a criterios &quot;hist\u00f3ricos&quot; y ha sostenido que las cr\u00edticas a la misma obedecen a &quot;otro tipo de intereses&quot;.\" \/>\n\t\t<meta name=\"twitter:image\" content=\"https:\/\/eldigitaldeasturias.com\/magazine365\/wp-content\/uploads\/2016\/02\/fotonoticia_20160205134755_800.jpg\" \/>\n\t\t<script type=\"application\/ld+json\" class=\"aioseo-schema\">\n\t\t\t{\"@context\":\"https:\\\/\\\/schema.org\",\"@graph\":[{\"@type\":\"Article\",\"@id\":\"https:\\\/\\\/eldigitaldeasturias.com\\\/magazine365\\\/la-xunta-dice-que-la-delimitacion-del-camino-norte-es-la-historica-y-vincula-criticas-a-otros-intereses\\\/#article\",\"name\":\"La Xunta dice que la delimitaci\\u00f3n del Camino Norte es la \\u00abhist\\u00f3rica\\u00bb y vincula cr\\u00edticas a \\u00abotros intereses\\u00bb | El Digital de Asturias\",\"headline\":\"La Xunta dice que la delimitaci\\u00f3n del Camino Norte es la \\u00abhist\\u00f3rica\\u00bb y vincula cr\\u00edticas a \\u00abotros intereses\\u00bb\",\"author\":{\"@id\":\"https:\\\/\\\/eldigitaldeasturias.com\\\/magazine365\\\/author\\\/admin\\\/#author\"},\"publisher\":{\"@id\":\"https:\\\/\\\/eldigitaldeasturias.com\\\/magazine365\\\/#organization\"},\"image\":{\"@type\":\"ImageObject\",\"url\":\"https:\\\/\\\/eldigitaldeasturias.com\\\/magazine365\\\/wp-content\\\/uploads\\\/2016\\\/02\\\/fotonoticia_20160205134755_800.jpg\",\"width\":800,\"height\":525},\"datePublished\":\"2016-02-07T00:59:24+01:00\",\"dateModified\":\"2016-02-07T00:59:24+01:00\",\"inLanguage\":\"es-ES\",\"mainEntityOfPage\":{\"@id\":\"https:\\\/\\\/eldigitaldeasturias.com\\\/magazine365\\\/la-xunta-dice-que-la-delimitacion-del-camino-norte-es-la-historica-y-vincula-criticas-a-otros-intereses\\\/#webpage\"},\"isPartOf\":{\"@id\":\"https:\\\/\\\/eldigitaldeasturias.com\\\/magazine365\\\/la-xunta-dice-que-la-delimitacion-del-camino-norte-es-la-historica-y-vincula-criticas-a-otros-intereses\\\/#webpage\"},\"articleSection\":\"Noticias y Actualidad\"},{\"@type\":\"BreadcrumbList\",\"@id\":\"https:\\\/\\\/eldigitaldeasturias.com\\\/magazine365\\\/la-xunta-dice-que-la-delimitacion-del-camino-norte-es-la-historica-y-vincula-criticas-a-otros-intereses\\\/#breadcrumblist\",\"itemListElement\":[{\"@type\":\"ListItem\",\"@id\":\"https:\\\/\\\/eldigitaldeasturias.com\\\/magazine365#listItem\",\"position\":1,\"name\":\"Home\",\"item\":\"https:\\\/\\\/eldigitaldeasturias.com\\\/magazine365\",\"nextItem\":{\"@type\":\"ListItem\",\"@id\":\"https:\\\/\\\/eldigitaldeasturias.com\\\/magazine365\\\/category\\\/noticias-actualidad\\\/#listItem\",\"name\":\"Noticias y Actualidad\"}},{\"@type\":\"ListItem\",\"@id\":\"https:\\\/\\\/eldigitaldeasturias.com\\\/magazine365\\\/category\\\/noticias-actualidad\\\/#listItem\",\"position\":2,\"name\":\"Noticias y Actualidad\",\"item\":\"https:\\\/\\\/eldigitaldeasturias.com\\\/magazine365\\\/category\\\/noticias-actualidad\\\/\",\"nextItem\":{\"@type\":\"ListItem\",\"@id\":\"https:\\\/\\\/eldigitaldeasturias.com\\\/magazine365\\\/la-xunta-dice-que-la-delimitacion-del-camino-norte-es-la-historica-y-vincula-criticas-a-otros-intereses\\\/#listItem\",\"name\":\"La Xunta dice que la delimitaci\\u00f3n del Camino Norte es la \\u00abhist\\u00f3rica\\u00bb y vincula cr\\u00edticas a \\u00abotros intereses\\u00bb\"},\"previousItem\":{\"@type\":\"ListItem\",\"@id\":\"https:\\\/\\\/eldigitaldeasturias.com\\\/magazine365#listItem\",\"name\":\"Home\"}},{\"@type\":\"ListItem\",\"@id\":\"https:\\\/\\\/eldigitaldeasturias.com\\\/magazine365\\\/la-xunta-dice-que-la-delimitacion-del-camino-norte-es-la-historica-y-vincula-criticas-a-otros-intereses\\\/#listItem\",\"position\":3,\"name\":\"La Xunta dice que la delimitaci\\u00f3n del Camino Norte es la \\u00abhist\\u00f3rica\\u00bb y vincula cr\\u00edticas a \\u00abotros intereses\\u00bb\",\"previousItem\":{\"@type\":\"ListItem\",\"@id\":\"https:\\\/\\\/eldigitaldeasturias.com\\\/magazine365\\\/category\\\/noticias-actualidad\\\/#listItem\",\"name\":\"Noticias y Actualidad\"}}]},{\"@type\":\"Organization\",\"@id\":\"https:\\\/\\\/eldigitaldeasturias.com\\\/magazine365\\\/#organization\",\"name\":\"El digital de Asturias\",\"description\":\"Revista de ocio, turismo y estilo de vida\",\"url\":\"https:\\\/\\\/eldigitaldeasturias.com\\\/magazine365\\\/\",\"logo\":{\"@type\":\"ImageObject\",\"url\":\"https:\\\/\\\/www.eldigitaldeasturias.com\\\/noticias\\\/wp-content\\\/uploads\\\/2020\\\/12\\\/EDA.jpg\",\"@id\":\"https:\\\/\\\/eldigitaldeasturias.com\\\/magazine365\\\/la-xunta-dice-que-la-delimitacion-del-camino-norte-es-la-historica-y-vincula-criticas-a-otros-intereses\\\/#organizationLogo\"},\"image\":{\"@id\":\"https:\\\/\\\/eldigitaldeasturias.com\\\/magazine365\\\/la-xunta-dice-que-la-delimitacion-del-camino-norte-es-la-historica-y-vincula-criticas-a-otros-intereses\\\/#organizationLogo\"}},{\"@type\":\"Person\",\"@id\":\"https:\\\/\\\/eldigitaldeasturias.com\\\/magazine365\\\/author\\\/admin\\\/#author\",\"url\":\"https:\\\/\\\/eldigitaldeasturias.com\\\/magazine365\\\/author\\\/admin\\\/\",\"name\":\"admin\",\"image\":{\"@type\":\"ImageObject\",\"@id\":\"https:\\\/\\\/eldigitaldeasturias.com\\\/magazine365\\\/la-xunta-dice-que-la-delimitacion-del-camino-norte-es-la-historica-y-vincula-criticas-a-otros-intereses\\\/#authorImage\",\"url\":\"https:\\\/\\\/eldigitaldeasturias.com\\\/magazine365\\\/wp-content\\\/litespeed\\\/avatar\\\/e571bcf59a0edd6fa6838245a470f2fe.jpg?ver=1776969259\",\"width\":96,\"height\":96,\"caption\":\"admin\"}},{\"@type\":\"WebPage\",\"@id\":\"https:\\\/\\\/eldigitaldeasturias.com\\\/magazine365\\\/la-xunta-dice-que-la-delimitacion-del-camino-norte-es-la-historica-y-vincula-criticas-a-otros-intereses\\\/#webpage\",\"url\":\"https:\\\/\\\/eldigitaldeasturias.com\\\/magazine365\\\/la-xunta-dice-que-la-delimitacion-del-camino-norte-es-la-historica-y-vincula-criticas-a-otros-intereses\\\/\",\"name\":\"La Xunta dice que la delimitaci\\u00f3n del Camino Norte es la \\u00abhist\\u00f3rica\\u00bb y vincula cr\\u00edticas a \\u00abotros intereses\\u00bb | El Digital de Asturias\",\"description\":\"La directora xeral de Patrimonio de la Xunta, Mar\\u00eda del Carmen Mart\\u00ednez \\u00cdnsua, ha defendido este viernes que la delimitaci\\u00f3n oficial del Camino del Norte a Santiago --Ruta de la Costa-- hecha por la Administraci\\u00f3n gallega corresponde a criterios \\\"hist\\u00f3ricos\\\" y ha sostenido que las cr\\u00edticas a la misma obedecen a \\\"otro tipo de intereses\\\".\",\"inLanguage\":\"es-ES\",\"isPartOf\":{\"@id\":\"https:\\\/\\\/eldigitaldeasturias.com\\\/magazine365\\\/#website\"},\"breadcrumb\":{\"@id\":\"https:\\\/\\\/eldigitaldeasturias.com\\\/magazine365\\\/la-xunta-dice-que-la-delimitacion-del-camino-norte-es-la-historica-y-vincula-criticas-a-otros-intereses\\\/#breadcrumblist\"},\"author\":{\"@id\":\"https:\\\/\\\/eldigitaldeasturias.com\\\/magazine365\\\/author\\\/admin\\\/#author\"},\"creator\":{\"@id\":\"https:\\\/\\\/eldigitaldeasturias.com\\\/magazine365\\\/author\\\/admin\\\/#author\"},\"image\":{\"@type\":\"ImageObject\",\"url\":\"https:\\\/\\\/eldigitaldeasturias.com\\\/magazine365\\\/wp-content\\\/uploads\\\/2016\\\/02\\\/fotonoticia_20160205134755_800.jpg\",\"@id\":\"https:\\\/\\\/eldigitaldeasturias.com\\\/magazine365\\\/la-xunta-dice-que-la-delimitacion-del-camino-norte-es-la-historica-y-vincula-criticas-a-otros-intereses\\\/#mainImage\",\"width\":800,\"height\":525},\"primaryImageOfPage\":{\"@id\":\"https:\\\/\\\/eldigitaldeasturias.com\\\/magazine365\\\/la-xunta-dice-que-la-delimitacion-del-camino-norte-es-la-historica-y-vincula-criticas-a-otros-intereses\\\/#mainImage\"},\"datePublished\":\"2016-02-07T00:59:24+01:00\",\"dateModified\":\"2016-02-07T00:59:24+01:00\"},{\"@type\":\"WebSite\",\"@id\":\"https:\\\/\\\/eldigitaldeasturias.com\\\/magazine365\\\/#website\",\"url\":\"https:\\\/\\\/eldigitaldeasturias.com\\\/magazine365\\\/\",\"name\":\"El Digital de Asturias\",\"description\":\"Revista de ocio, turismo y estilo de vida\",\"inLanguage\":\"es-ES\",\"publisher\":{\"@id\":\"https:\\\/\\\/eldigitaldeasturias.com\\\/magazine365\\\/#organization\"}}]}\n\t\t<\/script>\n\t\t<!-- All in One SEO Pro -->\r\n\t\t<title>La Xunta dice que la delimitaci\u00f3n del Camino Norte es la \u00abhist\u00f3rica\u00bb y vincula cr\u00edticas a \u00abotros intereses\u00bb | El Digital de Asturias<\/title>\n\n","aioseo_head_json":{"title":"La Xunta dice que la delimitaci\u00f3n del Camino Norte es la \u00abhist\u00f3rica\u00bb y vincula cr\u00edticas a \u00abotros intereses\u00bb | El Digital de Asturias","description":"La directora xeral de Patrimonio de la Xunta, Mar\u00eda del Carmen Mart\u00ednez \u00cdnsua, ha defendido este viernes que la delimitaci\u00f3n oficial del Camino del Norte a Santiago --Ruta de la Costa-- hecha por la Administraci\u00f3n gallega corresponde a criterios \"hist\u00f3ricos\" y ha sostenido que las cr\u00edticas a la misma obedecen a \"otro tipo de intereses\".","canonical_url":"https:\/\/eldigitaldeasturias.com\/magazine365\/la-xunta-dice-que-la-delimitacion-del-camino-norte-es-la-historica-y-vincula-criticas-a-otros-intereses\/","robots":"max-image-preview:large","keywords":"noticias y actualidad","webmasterTools":{"google-site-verification":"UA-38556648-1","miscellaneous":""},"schema":{"@context":"https:\/\/schema.org","@graph":[{"@type":"Article","@id":"https:\/\/eldigitaldeasturias.com\/magazine365\/la-xunta-dice-que-la-delimitacion-del-camino-norte-es-la-historica-y-vincula-criticas-a-otros-intereses\/#article","name":"La Xunta dice que la delimitaci\u00f3n del Camino Norte es la \u00abhist\u00f3rica\u00bb y vincula cr\u00edticas a \u00abotros intereses\u00bb | El Digital de Asturias","headline":"La Xunta dice que la delimitaci\u00f3n del Camino Norte es la \u00abhist\u00f3rica\u00bb y vincula cr\u00edticas a \u00abotros intereses\u00bb","author":{"@id":"https:\/\/eldigitaldeasturias.com\/magazine365\/author\/admin\/#author"},"publisher":{"@id":"https:\/\/eldigitaldeasturias.com\/magazine365\/#organization"},"image":{"@type":"ImageObject","url":"https:\/\/eldigitaldeasturias.com\/magazine365\/wp-content\/uploads\/2016\/02\/fotonoticia_20160205134755_800.jpg","width":800,"height":525},"datePublished":"2016-02-07T00:59:24+01:00","dateModified":"2016-02-07T00:59:24+01:00","inLanguage":"es-ES","mainEntityOfPage":{"@id":"https:\/\/eldigitaldeasturias.com\/magazine365\/la-xunta-dice-que-la-delimitacion-del-camino-norte-es-la-historica-y-vincula-criticas-a-otros-intereses\/#webpage"},"isPartOf":{"@id":"https:\/\/eldigitaldeasturias.com\/magazine365\/la-xunta-dice-que-la-delimitacion-del-camino-norte-es-la-historica-y-vincula-criticas-a-otros-intereses\/#webpage"},"articleSection":"Noticias y Actualidad"},{"@type":"BreadcrumbList","@id":"https:\/\/eldigitaldeasturias.com\/magazine365\/la-xunta-dice-que-la-delimitacion-del-camino-norte-es-la-historica-y-vincula-criticas-a-otros-intereses\/#breadcrumblist","itemListElement":[{"@type":"ListItem","@id":"https:\/\/eldigitaldeasturias.com\/magazine365#listItem","position":1,"name":"Home","item":"https:\/\/eldigitaldeasturias.com\/magazine365","nextItem":{"@type":"ListItem","@id":"https:\/\/eldigitaldeasturias.com\/magazine365\/category\/noticias-actualidad\/#listItem","name":"Noticias y Actualidad"}},{"@type":"ListItem","@id":"https:\/\/eldigitaldeasturias.com\/magazine365\/category\/noticias-actualidad\/#listItem","position":2,"name":"Noticias y Actualidad","item":"https:\/\/eldigitaldeasturias.com\/magazine365\/category\/noticias-actualidad\/","nextItem":{"@type":"ListItem","@id":"https:\/\/eldigitaldeasturias.com\/magazine365\/la-xunta-dice-que-la-delimitacion-del-camino-norte-es-la-historica-y-vincula-criticas-a-otros-intereses\/#listItem","name":"La Xunta dice que la delimitaci\u00f3n del Camino Norte es la \u00abhist\u00f3rica\u00bb y vincula cr\u00edticas a \u00abotros intereses\u00bb"},"previousItem":{"@type":"ListItem","@id":"https:\/\/eldigitaldeasturias.com\/magazine365#listItem","name":"Home"}},{"@type":"ListItem","@id":"https:\/\/eldigitaldeasturias.com\/magazine365\/la-xunta-dice-que-la-delimitacion-del-camino-norte-es-la-historica-y-vincula-criticas-a-otros-intereses\/#listItem","position":3,"name":"La Xunta dice que la delimitaci\u00f3n del Camino Norte es la \u00abhist\u00f3rica\u00bb y vincula cr\u00edticas a \u00abotros intereses\u00bb","previousItem":{"@type":"ListItem","@id":"https:\/\/eldigitaldeasturias.com\/magazine365\/category\/noticias-actualidad\/#listItem","name":"Noticias y Actualidad"}}]},{"@type":"Organization","@id":"https:\/\/eldigitaldeasturias.com\/magazine365\/#organization","name":"El digital de Asturias","description":"Revista de ocio, turismo y estilo de vida","url":"https:\/\/eldigitaldeasturias.com\/magazine365\/","logo":{"@type":"ImageObject","url":"https:\/\/www.eldigitaldeasturias.com\/noticias\/wp-content\/uploads\/2020\/12\/EDA.jpg","@id":"https:\/\/eldigitaldeasturias.com\/magazine365\/la-xunta-dice-que-la-delimitacion-del-camino-norte-es-la-historica-y-vincula-criticas-a-otros-intereses\/#organizationLogo"},"image":{"@id":"https:\/\/eldigitaldeasturias.com\/magazine365\/la-xunta-dice-que-la-delimitacion-del-camino-norte-es-la-historica-y-vincula-criticas-a-otros-intereses\/#organizationLogo"}},{"@type":"Person","@id":"https:\/\/eldigitaldeasturias.com\/magazine365\/author\/admin\/#author","url":"https:\/\/eldigitaldeasturias.com\/magazine365\/author\/admin\/","name":"admin","image":{"@type":"ImageObject","@id":"https:\/\/eldigitaldeasturias.com\/magazine365\/la-xunta-dice-que-la-delimitacion-del-camino-norte-es-la-historica-y-vincula-criticas-a-otros-intereses\/#authorImage","url":"https:\/\/eldigitaldeasturias.com\/magazine365\/wp-content\/litespeed\/avatar\/e571bcf59a0edd6fa6838245a470f2fe.jpg?ver=1776969259","width":96,"height":96,"caption":"admin"}},{"@type":"WebPage","@id":"https:\/\/eldigitaldeasturias.com\/magazine365\/la-xunta-dice-que-la-delimitacion-del-camino-norte-es-la-historica-y-vincula-criticas-a-otros-intereses\/#webpage","url":"https:\/\/eldigitaldeasturias.com\/magazine365\/la-xunta-dice-que-la-delimitacion-del-camino-norte-es-la-historica-y-vincula-criticas-a-otros-intereses\/","name":"La Xunta dice que la delimitaci\u00f3n del Camino Norte es la \u00abhist\u00f3rica\u00bb y vincula cr\u00edticas a \u00abotros intereses\u00bb | El Digital de Asturias","description":"La directora xeral de Patrimonio de la Xunta, Mar\u00eda del Carmen Mart\u00ednez \u00cdnsua, ha defendido este viernes que la delimitaci\u00f3n oficial del Camino del Norte a Santiago --Ruta de la Costa-- hecha por la Administraci\u00f3n gallega corresponde a criterios \"hist\u00f3ricos\" y ha sostenido que las cr\u00edticas a la misma obedecen a \"otro tipo de intereses\".","inLanguage":"es-ES","isPartOf":{"@id":"https:\/\/eldigitaldeasturias.com\/magazine365\/#website"},"breadcrumb":{"@id":"https:\/\/eldigitaldeasturias.com\/magazine365\/la-xunta-dice-que-la-delimitacion-del-camino-norte-es-la-historica-y-vincula-criticas-a-otros-intereses\/#breadcrumblist"},"author":{"@id":"https:\/\/eldigitaldeasturias.com\/magazine365\/author\/admin\/#author"},"creator":{"@id":"https:\/\/eldigitaldeasturias.com\/magazine365\/author\/admin\/#author"},"image":{"@type":"ImageObject","url":"https:\/\/eldigitaldeasturias.com\/magazine365\/wp-content\/uploads\/2016\/02\/fotonoticia_20160205134755_800.jpg","@id":"https:\/\/eldigitaldeasturias.com\/magazine365\/la-xunta-dice-que-la-delimitacion-del-camino-norte-es-la-historica-y-vincula-criticas-a-otros-intereses\/#mainImage","width":800,"height":525},"primaryImageOfPage":{"@id":"https:\/\/eldigitaldeasturias.com\/magazine365\/la-xunta-dice-que-la-delimitacion-del-camino-norte-es-la-historica-y-vincula-criticas-a-otros-intereses\/#mainImage"},"datePublished":"2016-02-07T00:59:24+01:00","dateModified":"2016-02-07T00:59:24+01:00"},{"@type":"WebSite","@id":"https:\/\/eldigitaldeasturias.com\/magazine365\/#website","url":"https:\/\/eldigitaldeasturias.com\/magazine365\/","name":"El Digital de Asturias","description":"Revista de ocio, turismo y estilo de vida","inLanguage":"es-ES","publisher":{"@id":"https:\/\/eldigitaldeasturias.com\/magazine365\/#organization"}}]},"og:locale":"es_ES","og:site_name":"El Digital de Asturias \u2013 Revista de ocio, turismo y estilo de vida","og:type":"article","og:title":"La Xunta dice que la delimitaci\u00f3n del Camino Norte es la \u00abhist\u00f3rica\u00bb y vincula cr\u00edticas a \u00abotros intereses\u00bb | El Digital de Asturias","og:description":"La directora xeral de Patrimonio de la Xunta, Mar\u00eda del Carmen Mart\u00ednez \u00cdnsua, ha defendido este viernes que la delimitaci\u00f3n oficial del Camino del Norte a Santiago --Ruta de la Costa-- hecha por la Administraci\u00f3n gallega corresponde a criterios &quot;hist\u00f3ricos&quot; y ha sostenido que las cr\u00edticas a la misma obedecen a &quot;otro tipo de intereses&quot;.","og:url":"https:\/\/eldigitaldeasturias.com\/magazine365\/la-xunta-dice-que-la-delimitacion-del-camino-norte-es-la-historica-y-vincula-criticas-a-otros-intereses\/","og:image":"https:\/\/eldigitaldeasturias.com\/magazine365\/wp-content\/uploads\/2016\/02\/fotonoticia_20160205134755_800.jpg","og:image:secure_url":"https:\/\/eldigitaldeasturias.com\/magazine365\/wp-content\/uploads\/2016\/02\/fotonoticia_20160205134755_800.jpg","og:image:width":800,"og:image:height":525,"article:published_time":"2016-02-06T23:59:24+00:00","article:modified_time":"2016-02-06T23:59:24+00:00","twitter:card":"summary_large_image","twitter:title":"La Xunta dice que la delimitaci\u00f3n del Camino Norte es la \u00abhist\u00f3rica\u00bb y vincula cr\u00edticas a \u00abotros intereses\u00bb | El Digital de Asturias","twitter:description":"La directora xeral de Patrimonio de la Xunta, Mar\u00eda del Carmen Mart\u00ednez \u00cdnsua, ha defendido este viernes que la delimitaci\u00f3n oficial del Camino del Norte a Santiago --Ruta de la Costa-- hecha por la Administraci\u00f3n gallega corresponde a criterios &quot;hist\u00f3ricos&quot; y ha sostenido que las cr\u00edticas a la misma obedecen a &quot;otro tipo de intereses&quot;.","twitter:image":"https:\/\/eldigitaldeasturias.com\/magazine365\/wp-content\/uploads\/2016\/02\/fotonoticia_20160205134755_800.jpg"},"aioseo_meta_data":{"post_id":"63441","title":null,"description":null,"keywords":null,"keyphrases":null,"primary_term":null,"canonical_url":null,"og_title":null,"og_description":null,"og_object_type":"default","og_image_type":"default","og_image_url":null,"og_image_width":null,"og_image_height":null,"og_image_custom_url":null,"og_image_custom_fields":null,"og_video":null,"og_custom_url":null,"og_article_section":null,"og_article_tags":null,"twitter_use_og":false,"twitter_card":"default","twitter_image_type":"default","twitter_image_url":null,"twitter_image_custom_url":null,"twitter_image_custom_fields":null,"twitter_title":null,"twitter_description":null,"schema":{"blockGraphs":[],"customGraphs":[],"default":{"data":{"Article":[],"Course":[],"Dataset":[],"FAQPage":[],"Movie":[],"Person":[],"Product":[],"ProductReview":[],"Car":[],"Recipe":[],"Service":[],"SoftwareApplication":[],"WebPage":[]},"graphName":"","isEnabled":true},"graphs":[],"defaultGraph":"","defaultPostTypeGraph":""},"schema_type":null,"schema_type_options":null,"pillar_content":false,"robots_default":true,"robots_noindex":false,"robots_noarchive":false,"robots_nosnippet":false,"robots_nofollow":false,"robots_noimageindex":false,"robots_noodp":false,"robots_notranslate":false,"robots_max_snippet":null,"robots_max_videopreview":null,"robots_max_imagepreview":"large","priority":null,"frequency":null,"location":null,"local_seo":null,"seo_analyzer_scan_date":"2025-09-25 13:08:03","breadcrumb_settings":null,"limit_modified_date":false,"open_ai":null,"ai":null,"created":"2021-03-08 21:22:50","updated":"2025-09-25 13:08:03"},"aioseo_breadcrumb":"<div class=\"aioseo-breadcrumbs\"><span class=\"aioseo-breadcrumb\">\n\t<a href=\"https:\/\/eldigitaldeasturias.com\/magazine365\" title=\"Home\">Home<\/a>\n<\/span><span class=\"aioseo-breadcrumb-separator\">\u2013<\/span><span class=\"aioseo-breadcrumb\">\n\t<a href=\"https:\/\/eldigitaldeasturias.com\/magazine365\/category\/noticias-actualidad\/\" title=\"Noticias y Actualidad\">Noticias y Actualidad<\/a>\n<\/span><span class=\"aioseo-breadcrumb-separator\">\u2013<\/span><span class=\"aioseo-breadcrumb\">\n\t<a href=\"https:\/\/eldigitaldeasturias.com\/magazine365\/la-xunta-dice-que-la-delimitacion-del-camino-norte-es-la-historica-y-vincula-criticas-a-otros-intereses\/\" title=\"La Xunta dice que la delimitaci\u00f3n del Camino Norte es la \u00abhist\u00f3rica\u00bb y vincula cr\u00edticas a \u00abotros intereses\u00bb\">La Xunta dice que la delimitaci\u00f3n del Camino Norte es la \u00abhist\u00f3rica\u00bb y vincula cr\u00edticas a \u00abotros intereses\u00bb<\/a>\n<\/span><\/div>","aioseo_breadcrumb_json":[{"label":"Home","link":"https:\/\/eldigitaldeasturias.com\/magazine365"},{"label":"Noticias y Actualidad","link":"https:\/\/eldigitaldeasturias.com\/magazine365\/category\/noticias-actualidad\/"},{"label":"La Xunta dice que la delimitaci\u00f3n del Camino Norte es la \u00abhist\u00f3rica\u00bb y vincula cr\u00edticas a \u00abotros intereses\u00bb","link":"https:\/\/eldigitaldeasturias.com\/magazine365\/la-xunta-dice-que-la-delimitacion-del-camino-norte-es-la-historica-y-vincula-criticas-a-otros-intereses\/"}],"_links":{"self":[{"href":"https:\/\/eldigitaldeasturias.com\/magazine365\/wp-json\/wp\/v2\/posts\/63441","targetHints":{"allow":["GET"]}}],"collection":[{"href":"https:\/\/eldigitaldeasturias.com\/magazine365\/wp-json\/wp\/v2\/posts"}],"about":[{"href":"https:\/\/eldigitaldeasturias.com\/magazine365\/wp-json\/wp\/v2\/types\/post"}],"author":[{"embeddable":true,"href":"https:\/\/eldigitaldeasturias.com\/magazine365\/wp-json\/wp\/v2\/users\/1"}],"replies":[{"embeddable":true,"href":"https:\/\/eldigitaldeasturias.com\/magazine365\/wp-json\/wp\/v2\/comments?post=63441"}],"version-history":[{"count":0,"href":"https:\/\/eldigitaldeasturias.com\/magazine365\/wp-json\/wp\/v2\/posts\/63441\/revisions"}],"wp:featuredmedia":[{"embeddable":true,"href":"https:\/\/eldigitaldeasturias.com\/magazine365\/wp-json\/wp\/v2\/media\/63442"}],"wp:attachment":[{"href":"https:\/\/eldigitaldeasturias.com\/magazine365\/wp-json\/wp\/v2\/media?parent=63441"}],"wp:term":[{"taxonomy":"category","embeddable":true,"href":"https:\/\/eldigitaldeasturias.com\/magazine365\/wp-json\/wp\/v2\/categories?post=63441"},{"taxonomy":"post_tag","embeddable":true,"href":"https:\/\/eldigitaldeasturias.com\/magazine365\/wp-json\/wp\/v2\/tags?post=63441"}],"curies":[{"name":"wp","href":"https:\/\/api.w.org\/{rel}","templated":true}]}}