{"id":63434,"date":"2016-02-07T00:55:45","date_gmt":"2016-02-06T23:55:45","guid":{"rendered":"http:\/\/eldigitaldeasturias.com\/magazine365\/?p=63434"},"modified":"2016-02-07T00:57:46","modified_gmt":"2016-02-06T23:57:46","slug":"el-turismo-rural-alcanza-el-33-de-ocupacion-por-san-valentin","status":"publish","type":"post","link":"https:\/\/eldigitaldeasturias.com\/magazine365\/el-turismo-rural-alcanza-el-33-de-ocupacion-por-san-valentin\/","title":{"rendered":"El turismo rural alcanza el 33% de ocupaci\u00f3n por San Valent\u00edn"},"content":{"rendered":"<p><img fetchpriority=\"high\" decoding=\"async\" class=\"alignleft size-medium wp-image-63435\" src=\"https:\/\/eldigitaldeasturias.com\/magazine365\/wp-content\/uploads\/2016\/02\/fotonoticia_20160205131319_800-360x240.jpg\" alt=\"fotonoticia_20160205131319_800\" width=\"360\" height=\"240\" srcset=\"https:\/\/eldigitaldeasturias.com\/magazine365\/wp-content\/uploads\/2016\/02\/fotonoticia_20160205131319_800-360x240.jpg 360w, https:\/\/eldigitaldeasturias.com\/magazine365\/wp-content\/uploads\/2016\/02\/fotonoticia_20160205131319_800-650x433.jpg 650w, https:\/\/eldigitaldeasturias.com\/magazine365\/wp-content\/uploads\/2016\/02\/fotonoticia_20160205131319_800-768x512.jpg 768w, https:\/\/eldigitaldeasturias.com\/magazine365\/wp-content\/uploads\/2016\/02\/fotonoticia_20160205131319_800-150x100.jpg 150w, https:\/\/eldigitaldeasturias.com\/magazine365\/wp-content\/uploads\/2016\/02\/fotonoticia_20160205131319_800-450x300.jpg 450w, https:\/\/eldigitaldeasturias.com\/magazine365\/wp-content\/uploads\/2016\/02\/fotonoticia_20160205131319_800-696x464.jpg 696w, https:\/\/eldigitaldeasturias.com\/magazine365\/wp-content\/uploads\/2016\/02\/fotonoticia_20160205131319_800-630x420.jpg 630w, https:\/\/eldigitaldeasturias.com\/magazine365\/wp-content\/uploads\/2016\/02\/fotonoticia_20160205131319_800-101x66.jpg 101w, https:\/\/eldigitaldeasturias.com\/magazine365\/wp-content\/uploads\/2016\/02\/fotonoticia_20160205131319_800.jpg 800w\" sizes=\"(max-width: 360px) 100vw, 360px\" \/>Las casas rurales espa\u00f1olas alcanzaron el 33% de ocupaci\u00f3n durante el fin de semana de San Valent\u00edn, lo que supone 4 puntos porcentuales menos que en 2015, siendo Canarias, Catalu\u00f1a y Euskadi las comunidades m\u00e1s demandadas, seg\u00fan el buscador de alojamientos rurales Toprural.<\/p>\n<p>El lugar m\u00e1s demandado por los viajeros rurales espa\u00f1oles para pasar San Valent\u00edn vuelve a ser Canarias por segundo a\u00f1o consecutivo, que se sit\u00faa a la cabeza, con un 55% de ocupaci\u00f3n durante esos d\u00edas (frente al 56% en 2015), seguida por Catalu\u00f1a, con un 50% de ocupaci\u00f3n (frente al 46% en 2015) y por Euskadi que alcanza el 43% de ocupaci\u00f3n (frente al 36% en 2015).<\/p>\n<p>Frente a \u00e9stas, las regiones que cuentan con el menor \u00edndice de ocupaci\u00f3n durante el fin de semana son: Baleares, con un 7% de ocupaci\u00f3n (en 2015, no se dispon\u00eda de datos para el archipi\u00e9lago), Asturias, con un 11% de ocupaci\u00f3n (frente al 15% en 2015), Galicia con un 14% de ocupaci\u00f3n (frente al 20% en 2015) y Murcia, con el 20% de ocupaci\u00f3n (frente al 29% en 2015).<\/p>\n<p>JACUZZI Y CHIMENEA LO MAS BUSCADO<\/p>\n<p>El romanticismo de la fecha hace que el jacuzzi y la chimenea en la propia habitaci\u00f3n sean las caracter\u00edsticas m\u00e1s deseadas por los viajeros rurales a la hora de encontrar su alojamiento perfecto. En cuanto a la ubicaci\u00f3n, la monta\u00f1a gana adeptos frente a los que buscan sol y playa.<\/p>\n<p>En cuanto a actividades, el esqu\u00ed cobra un fuerte protagonismo durante el fin de semana m\u00e1s rom\u00e1ntico del a\u00f1o. Es una actividad propicia para practicar en pareja, en una \u00e9poca donde las estaciones de esqu\u00ed estar\u00e1n abiertas a su m\u00e1ximo rendimiento.<\/p>\n<p>Adem\u00e1s, las actividades al aire libre, especialmente las relacionadas con el contacto con la naturaleza como el senderismo o trekking se erigen como favoritas en las escapadas rurales para dos.<\/p>\n<p>Las cenas rom\u00e1nticas, con una decoraci\u00f3n especial, y los regalos de bienvenida a base de bombones y champ\u00e1n o masajes para dos, son los reclamos m\u00e1s empleados por los propietarios de casas rurales entre las cerca de 150 ofertas analizadas en Toprural.<br \/>\n<img fetchpriority=\"high\" decoding=\"async\" class=\"alignleft size-medium wp-image-63435\" src=\"https:\/\/eldigitaldeasturias.com\/magazine365\/wp-content\/uploads\/2016\/02\/fotonoticia_20160205131319_800-360x240.jpg\" alt=\"fotonoticia_20160205131319_800\" width=\"360\" height=\"240\" srcset=\"https:\/\/eldigitaldeasturias.com\/magazine365\/wp-content\/uploads\/2016\/02\/fotonoticia_20160205131319_800-360x240.jpg 360w, https:\/\/eldigitaldeasturias.com\/magazine365\/wp-content\/uploads\/2016\/02\/fotonoticia_20160205131319_800-650x433.jpg 650w, https:\/\/eldigitaldeasturias.com\/magazine365\/wp-content\/uploads\/2016\/02\/fotonoticia_20160205131319_800-768x512.jpg 768w, https:\/\/eldigitaldeasturias.com\/magazine365\/wp-content\/uploads\/2016\/02\/fotonoticia_20160205131319_800-150x100.jpg 150w, https:\/\/eldigitaldeasturias.com\/magazine365\/wp-content\/uploads\/2016\/02\/fotonoticia_20160205131319_800-450x300.jpg 450w, https:\/\/eldigitaldeasturias.com\/magazine365\/wp-content\/uploads\/2016\/02\/fotonoticia_20160205131319_800-696x464.jpg 696w, https:\/\/eldigitaldeasturias.com\/magazine365\/wp-content\/uploads\/2016\/02\/fotonoticia_20160205131319_800-630x420.jpg 630w, https:\/\/eldigitaldeasturias.com\/magazine365\/wp-content\/uploads\/2016\/02\/fotonoticia_20160205131319_800-101x66.jpg 101w, https:\/\/eldigitaldeasturias.com\/magazine365\/wp-content\/uploads\/2016\/02\/fotonoticia_20160205131319_800.jpg 800w\" sizes=\"(max-width: 360px) 100vw, 360px\" \/><\/p>\n","protected":false},"excerpt":{"rendered":"<p>Las casas rurales espa\u00f1olas alcanzaron el 33% de ocupaci\u00f3n durante el fin de semana de San Valent\u00edn, lo que supone 4 puntos porcentuales menos que en 2015, siendo Canarias, Catalu\u00f1a y Euskadi las comunidades m\u00e1s demandadas, seg\u00fan el buscador de alojamientos rurales Toprural. El lugar m\u00e1s demandado por los viajeros rurales espa\u00f1oles para pasar San<\/p>\n","protected":false},"author":1,"featured_media":63435,"comment_status":"open","ping_status":"closed","sticky":false,"template":"","format":"standard","meta":{"footnotes":""},"categories":[224],"tags":[],"class_list":{"0":"post-63434","1":"post","2":"type-post","3":"status-publish","4":"format-standard","5":"has-post-thumbnail","7":"category-noticias-actualidad"},"aioseo_notices":[],"aioseo_head":"\n\t\t<!-- All in One SEO Pro 4.9.6.1 - aioseo.com -->\n\t<meta name=\"description\" content=\"Las casas rurales espa\u00f1olas alcanzaron el 33% de ocupaci\u00f3n durante el fin de semana de San Valent\u00edn, lo que supone 4 puntos porcentuales menos que en 2015, siendo Canarias, Catalu\u00f1a y Euskadi las comunidades m\u00e1s demandadas, seg\u00fan el buscador de alojamientos rurales Toprural. El lugar m\u00e1s demandado por los viajeros rurales espa\u00f1oles para pasar San\" \/>\n\t<meta name=\"robots\" content=\"max-image-preview:large\" \/>\n\t<meta name=\"author\" content=\"admin\"\/>\n\t<meta name=\"google-site-verification\" content=\"UA-38556648-1\" \/>\n\t<meta name=\"keywords\" content=\"noticias y actualidad\" \/>\n\t<link rel=\"canonical\" href=\"https:\/\/eldigitaldeasturias.com\/magazine365\/el-turismo-rural-alcanza-el-33-de-ocupacion-por-san-valentin\/\" \/>\n\t<meta name=\"generator\" content=\"All in One SEO Pro (AIOSEO) 4.9.6.1\" \/>\n\t\t<meta property=\"og:locale\" content=\"es_ES\" \/>\n\t\t<meta property=\"og:site_name\" content=\"El Digital de Asturias \u2013 Revista de ocio, turismo y estilo de vida\" \/>\n\t\t<meta property=\"og:type\" content=\"article\" \/>\n\t\t<meta property=\"og:title\" content=\"El turismo rural alcanza el 33% de ocupaci\u00f3n por San Valent\u00edn | El Digital de Asturias\" \/>\n\t\t<meta property=\"og:description\" content=\"Las casas rurales espa\u00f1olas alcanzaron el 33% de ocupaci\u00f3n durante el fin de semana de San Valent\u00edn, lo que supone 4 puntos porcentuales menos que en 2015, siendo Canarias, Catalu\u00f1a y Euskadi las comunidades m\u00e1s demandadas, seg\u00fan el buscador de alojamientos rurales Toprural. El lugar m\u00e1s demandado por los viajeros rurales espa\u00f1oles para pasar San\" \/>\n\t\t<meta property=\"og:url\" content=\"https:\/\/eldigitaldeasturias.com\/magazine365\/el-turismo-rural-alcanza-el-33-de-ocupacion-por-san-valentin\/\" \/>\n\t\t<meta property=\"og:image\" content=\"https:\/\/eldigitaldeasturias.com\/magazine365\/wp-content\/uploads\/2016\/02\/fotonoticia_20160205131319_800.jpg\" \/>\n\t\t<meta property=\"og:image:secure_url\" content=\"https:\/\/eldigitaldeasturias.com\/magazine365\/wp-content\/uploads\/2016\/02\/fotonoticia_20160205131319_800.jpg\" \/>\n\t\t<meta property=\"og:image:width\" content=\"800\" \/>\n\t\t<meta property=\"og:image:height\" content=\"533\" \/>\n\t\t<meta property=\"article:published_time\" content=\"2016-02-06T23:55:45+00:00\" \/>\n\t\t<meta property=\"article:modified_time\" content=\"2016-02-06T23:57:46+00:00\" \/>\n\t\t<meta name=\"twitter:card\" content=\"summary_large_image\" \/>\n\t\t<meta name=\"twitter:title\" content=\"El turismo rural alcanza el 33% de ocupaci\u00f3n por San Valent\u00edn | El Digital de Asturias\" \/>\n\t\t<meta name=\"twitter:description\" content=\"Las casas rurales espa\u00f1olas alcanzaron el 33% de ocupaci\u00f3n durante el fin de semana de San Valent\u00edn, lo que supone 4 puntos porcentuales menos que en 2015, siendo Canarias, Catalu\u00f1a y Euskadi las comunidades m\u00e1s demandadas, seg\u00fan el buscador de alojamientos rurales Toprural. El lugar m\u00e1s demandado por los viajeros rurales espa\u00f1oles para pasar San\" \/>\n\t\t<meta name=\"twitter:image\" content=\"https:\/\/eldigitaldeasturias.com\/magazine365\/wp-content\/uploads\/2016\/02\/fotonoticia_20160205131319_800.jpg\" \/>\n\t\t<script type=\"application\/ld+json\" class=\"aioseo-schema\">\n\t\t\t{\"@context\":\"https:\\\/\\\/schema.org\",\"@graph\":[{\"@type\":\"Article\",\"@id\":\"https:\\\/\\\/eldigitaldeasturias.com\\\/magazine365\\\/el-turismo-rural-alcanza-el-33-de-ocupacion-por-san-valentin\\\/#article\",\"name\":\"El turismo rural alcanza el 33% de ocupaci\\u00f3n por San Valent\\u00edn | El Digital de Asturias\",\"headline\":\"El turismo rural alcanza el 33% de ocupaci\\u00f3n por San Valent\\u00edn\",\"author\":{\"@id\":\"https:\\\/\\\/eldigitaldeasturias.com\\\/magazine365\\\/author\\\/admin\\\/#author\"},\"publisher\":{\"@id\":\"https:\\\/\\\/eldigitaldeasturias.com\\\/magazine365\\\/#organization\"},\"image\":{\"@type\":\"ImageObject\",\"url\":\"https:\\\/\\\/eldigitaldeasturias.com\\\/magazine365\\\/wp-content\\\/uploads\\\/2016\\\/02\\\/fotonoticia_20160205131319_800.jpg\",\"width\":800,\"height\":533},\"datePublished\":\"2016-02-07T00:55:45+01:00\",\"dateModified\":\"2016-02-07T00:57:46+01:00\",\"inLanguage\":\"es-ES\",\"mainEntityOfPage\":{\"@id\":\"https:\\\/\\\/eldigitaldeasturias.com\\\/magazine365\\\/el-turismo-rural-alcanza-el-33-de-ocupacion-por-san-valentin\\\/#webpage\"},\"isPartOf\":{\"@id\":\"https:\\\/\\\/eldigitaldeasturias.com\\\/magazine365\\\/el-turismo-rural-alcanza-el-33-de-ocupacion-por-san-valentin\\\/#webpage\"},\"articleSection\":\"Noticias y Actualidad\"},{\"@type\":\"BreadcrumbList\",\"@id\":\"https:\\\/\\\/eldigitaldeasturias.com\\\/magazine365\\\/el-turismo-rural-alcanza-el-33-de-ocupacion-por-san-valentin\\\/#breadcrumblist\",\"itemListElement\":[{\"@type\":\"ListItem\",\"@id\":\"https:\\\/\\\/eldigitaldeasturias.com\\\/magazine365#listItem\",\"position\":1,\"name\":\"Home\",\"item\":\"https:\\\/\\\/eldigitaldeasturias.com\\\/magazine365\",\"nextItem\":{\"@type\":\"ListItem\",\"@id\":\"https:\\\/\\\/eldigitaldeasturias.com\\\/magazine365\\\/category\\\/noticias-actualidad\\\/#listItem\",\"name\":\"Noticias y Actualidad\"}},{\"@type\":\"ListItem\",\"@id\":\"https:\\\/\\\/eldigitaldeasturias.com\\\/magazine365\\\/category\\\/noticias-actualidad\\\/#listItem\",\"position\":2,\"name\":\"Noticias y Actualidad\",\"item\":\"https:\\\/\\\/eldigitaldeasturias.com\\\/magazine365\\\/category\\\/noticias-actualidad\\\/\",\"nextItem\":{\"@type\":\"ListItem\",\"@id\":\"https:\\\/\\\/eldigitaldeasturias.com\\\/magazine365\\\/el-turismo-rural-alcanza-el-33-de-ocupacion-por-san-valentin\\\/#listItem\",\"name\":\"El turismo rural alcanza el 33% de ocupaci\\u00f3n por San Valent\\u00edn\"},\"previousItem\":{\"@type\":\"ListItem\",\"@id\":\"https:\\\/\\\/eldigitaldeasturias.com\\\/magazine365#listItem\",\"name\":\"Home\"}},{\"@type\":\"ListItem\",\"@id\":\"https:\\\/\\\/eldigitaldeasturias.com\\\/magazine365\\\/el-turismo-rural-alcanza-el-33-de-ocupacion-por-san-valentin\\\/#listItem\",\"position\":3,\"name\":\"El turismo rural alcanza el 33% de ocupaci\\u00f3n por San Valent\\u00edn\",\"previousItem\":{\"@type\":\"ListItem\",\"@id\":\"https:\\\/\\\/eldigitaldeasturias.com\\\/magazine365\\\/category\\\/noticias-actualidad\\\/#listItem\",\"name\":\"Noticias y Actualidad\"}}]},{\"@type\":\"Organization\",\"@id\":\"https:\\\/\\\/eldigitaldeasturias.com\\\/magazine365\\\/#organization\",\"name\":\"El digital de Asturias\",\"description\":\"Revista de ocio, turismo y estilo de vida\",\"url\":\"https:\\\/\\\/eldigitaldeasturias.com\\\/magazine365\\\/\",\"logo\":{\"@type\":\"ImageObject\",\"url\":\"https:\\\/\\\/www.eldigitaldeasturias.com\\\/noticias\\\/wp-content\\\/uploads\\\/2020\\\/12\\\/EDA.jpg\",\"@id\":\"https:\\\/\\\/eldigitaldeasturias.com\\\/magazine365\\\/el-turismo-rural-alcanza-el-33-de-ocupacion-por-san-valentin\\\/#organizationLogo\"},\"image\":{\"@id\":\"https:\\\/\\\/eldigitaldeasturias.com\\\/magazine365\\\/el-turismo-rural-alcanza-el-33-de-ocupacion-por-san-valentin\\\/#organizationLogo\"}},{\"@type\":\"Person\",\"@id\":\"https:\\\/\\\/eldigitaldeasturias.com\\\/magazine365\\\/author\\\/admin\\\/#author\",\"url\":\"https:\\\/\\\/eldigitaldeasturias.com\\\/magazine365\\\/author\\\/admin\\\/\",\"name\":\"admin\",\"image\":{\"@type\":\"ImageObject\",\"@id\":\"https:\\\/\\\/eldigitaldeasturias.com\\\/magazine365\\\/el-turismo-rural-alcanza-el-33-de-ocupacion-por-san-valentin\\\/#authorImage\",\"url\":\"https:\\\/\\\/eldigitaldeasturias.com\\\/magazine365\\\/wp-content\\\/litespeed\\\/avatar\\\/e571bcf59a0edd6fa6838245a470f2fe.jpg?ver=1776969259\",\"width\":96,\"height\":96,\"caption\":\"admin\"}},{\"@type\":\"WebPage\",\"@id\":\"https:\\\/\\\/eldigitaldeasturias.com\\\/magazine365\\\/el-turismo-rural-alcanza-el-33-de-ocupacion-por-san-valentin\\\/#webpage\",\"url\":\"https:\\\/\\\/eldigitaldeasturias.com\\\/magazine365\\\/el-turismo-rural-alcanza-el-33-de-ocupacion-por-san-valentin\\\/\",\"name\":\"El turismo rural alcanza el 33% de ocupaci\\u00f3n por San Valent\\u00edn | El Digital de Asturias\",\"description\":\"Las casas rurales espa\\u00f1olas alcanzaron el 33% de ocupaci\\u00f3n durante el fin de semana de San Valent\\u00edn, lo que supone 4 puntos porcentuales menos que en 2015, siendo Canarias, Catalu\\u00f1a y Euskadi las comunidades m\\u00e1s demandadas, seg\\u00fan el buscador de alojamientos rurales Toprural. El lugar m\\u00e1s demandado por los viajeros rurales espa\\u00f1oles para pasar San\",\"inLanguage\":\"es-ES\",\"isPartOf\":{\"@id\":\"https:\\\/\\\/eldigitaldeasturias.com\\\/magazine365\\\/#website\"},\"breadcrumb\":{\"@id\":\"https:\\\/\\\/eldigitaldeasturias.com\\\/magazine365\\\/el-turismo-rural-alcanza-el-33-de-ocupacion-por-san-valentin\\\/#breadcrumblist\"},\"author\":{\"@id\":\"https:\\\/\\\/eldigitaldeasturias.com\\\/magazine365\\\/author\\\/admin\\\/#author\"},\"creator\":{\"@id\":\"https:\\\/\\\/eldigitaldeasturias.com\\\/magazine365\\\/author\\\/admin\\\/#author\"},\"image\":{\"@type\":\"ImageObject\",\"url\":\"https:\\\/\\\/eldigitaldeasturias.com\\\/magazine365\\\/wp-content\\\/uploads\\\/2016\\\/02\\\/fotonoticia_20160205131319_800.jpg\",\"@id\":\"https:\\\/\\\/eldigitaldeasturias.com\\\/magazine365\\\/el-turismo-rural-alcanza-el-33-de-ocupacion-por-san-valentin\\\/#mainImage\",\"width\":800,\"height\":533},\"primaryImageOfPage\":{\"@id\":\"https:\\\/\\\/eldigitaldeasturias.com\\\/magazine365\\\/el-turismo-rural-alcanza-el-33-de-ocupacion-por-san-valentin\\\/#mainImage\"},\"datePublished\":\"2016-02-07T00:55:45+01:00\",\"dateModified\":\"2016-02-07T00:57:46+01:00\"},{\"@type\":\"WebSite\",\"@id\":\"https:\\\/\\\/eldigitaldeasturias.com\\\/magazine365\\\/#website\",\"url\":\"https:\\\/\\\/eldigitaldeasturias.com\\\/magazine365\\\/\",\"name\":\"El Digital de Asturias\",\"description\":\"Revista de ocio, turismo y estilo de vida\",\"inLanguage\":\"es-ES\",\"publisher\":{\"@id\":\"https:\\\/\\\/eldigitaldeasturias.com\\\/magazine365\\\/#organization\"}}]}\n\t\t<\/script>\n\t\t<!-- All in One SEO Pro -->\r\n\t\t<title>El turismo rural alcanza el 33% de ocupaci\u00f3n por San Valent\u00edn | El Digital de Asturias<\/title>\n\n","aioseo_head_json":{"title":"El turismo rural alcanza el 33% de ocupaci\u00f3n por San Valent\u00edn | El Digital de Asturias","description":"Las casas rurales espa\u00f1olas alcanzaron el 33% de ocupaci\u00f3n durante el fin de semana de San Valent\u00edn, lo que supone 4 puntos porcentuales menos que en 2015, siendo Canarias, Catalu\u00f1a y Euskadi las comunidades m\u00e1s demandadas, seg\u00fan el buscador de alojamientos rurales Toprural. El lugar m\u00e1s demandado por los viajeros rurales espa\u00f1oles para pasar San","canonical_url":"https:\/\/eldigitaldeasturias.com\/magazine365\/el-turismo-rural-alcanza-el-33-de-ocupacion-por-san-valentin\/","robots":"max-image-preview:large","keywords":"noticias y actualidad","webmasterTools":{"google-site-verification":"UA-38556648-1","miscellaneous":""},"schema":{"@context":"https:\/\/schema.org","@graph":[{"@type":"Article","@id":"https:\/\/eldigitaldeasturias.com\/magazine365\/el-turismo-rural-alcanza-el-33-de-ocupacion-por-san-valentin\/#article","name":"El turismo rural alcanza el 33% de ocupaci\u00f3n por San Valent\u00edn | El Digital de Asturias","headline":"El turismo rural alcanza el 33% de ocupaci\u00f3n por San Valent\u00edn","author":{"@id":"https:\/\/eldigitaldeasturias.com\/magazine365\/author\/admin\/#author"},"publisher":{"@id":"https:\/\/eldigitaldeasturias.com\/magazine365\/#organization"},"image":{"@type":"ImageObject","url":"https:\/\/eldigitaldeasturias.com\/magazine365\/wp-content\/uploads\/2016\/02\/fotonoticia_20160205131319_800.jpg","width":800,"height":533},"datePublished":"2016-02-07T00:55:45+01:00","dateModified":"2016-02-07T00:57:46+01:00","inLanguage":"es-ES","mainEntityOfPage":{"@id":"https:\/\/eldigitaldeasturias.com\/magazine365\/el-turismo-rural-alcanza-el-33-de-ocupacion-por-san-valentin\/#webpage"},"isPartOf":{"@id":"https:\/\/eldigitaldeasturias.com\/magazine365\/el-turismo-rural-alcanza-el-33-de-ocupacion-por-san-valentin\/#webpage"},"articleSection":"Noticias y Actualidad"},{"@type":"BreadcrumbList","@id":"https:\/\/eldigitaldeasturias.com\/magazine365\/el-turismo-rural-alcanza-el-33-de-ocupacion-por-san-valentin\/#breadcrumblist","itemListElement":[{"@type":"ListItem","@id":"https:\/\/eldigitaldeasturias.com\/magazine365#listItem","position":1,"name":"Home","item":"https:\/\/eldigitaldeasturias.com\/magazine365","nextItem":{"@type":"ListItem","@id":"https:\/\/eldigitaldeasturias.com\/magazine365\/category\/noticias-actualidad\/#listItem","name":"Noticias y Actualidad"}},{"@type":"ListItem","@id":"https:\/\/eldigitaldeasturias.com\/magazine365\/category\/noticias-actualidad\/#listItem","position":2,"name":"Noticias y Actualidad","item":"https:\/\/eldigitaldeasturias.com\/magazine365\/category\/noticias-actualidad\/","nextItem":{"@type":"ListItem","@id":"https:\/\/eldigitaldeasturias.com\/magazine365\/el-turismo-rural-alcanza-el-33-de-ocupacion-por-san-valentin\/#listItem","name":"El turismo rural alcanza el 33% de ocupaci\u00f3n por San Valent\u00edn"},"previousItem":{"@type":"ListItem","@id":"https:\/\/eldigitaldeasturias.com\/magazine365#listItem","name":"Home"}},{"@type":"ListItem","@id":"https:\/\/eldigitaldeasturias.com\/magazine365\/el-turismo-rural-alcanza-el-33-de-ocupacion-por-san-valentin\/#listItem","position":3,"name":"El turismo rural alcanza el 33% de ocupaci\u00f3n por San Valent\u00edn","previousItem":{"@type":"ListItem","@id":"https:\/\/eldigitaldeasturias.com\/magazine365\/category\/noticias-actualidad\/#listItem","name":"Noticias y Actualidad"}}]},{"@type":"Organization","@id":"https:\/\/eldigitaldeasturias.com\/magazine365\/#organization","name":"El digital de Asturias","description":"Revista de ocio, turismo y estilo de vida","url":"https:\/\/eldigitaldeasturias.com\/magazine365\/","logo":{"@type":"ImageObject","url":"https:\/\/www.eldigitaldeasturias.com\/noticias\/wp-content\/uploads\/2020\/12\/EDA.jpg","@id":"https:\/\/eldigitaldeasturias.com\/magazine365\/el-turismo-rural-alcanza-el-33-de-ocupacion-por-san-valentin\/#organizationLogo"},"image":{"@id":"https:\/\/eldigitaldeasturias.com\/magazine365\/el-turismo-rural-alcanza-el-33-de-ocupacion-por-san-valentin\/#organizationLogo"}},{"@type":"Person","@id":"https:\/\/eldigitaldeasturias.com\/magazine365\/author\/admin\/#author","url":"https:\/\/eldigitaldeasturias.com\/magazine365\/author\/admin\/","name":"admin","image":{"@type":"ImageObject","@id":"https:\/\/eldigitaldeasturias.com\/magazine365\/el-turismo-rural-alcanza-el-33-de-ocupacion-por-san-valentin\/#authorImage","url":"https:\/\/eldigitaldeasturias.com\/magazine365\/wp-content\/litespeed\/avatar\/e571bcf59a0edd6fa6838245a470f2fe.jpg?ver=1776969259","width":96,"height":96,"caption":"admin"}},{"@type":"WebPage","@id":"https:\/\/eldigitaldeasturias.com\/magazine365\/el-turismo-rural-alcanza-el-33-de-ocupacion-por-san-valentin\/#webpage","url":"https:\/\/eldigitaldeasturias.com\/magazine365\/el-turismo-rural-alcanza-el-33-de-ocupacion-por-san-valentin\/","name":"El turismo rural alcanza el 33% de ocupaci\u00f3n por San Valent\u00edn | El Digital de Asturias","description":"Las casas rurales espa\u00f1olas alcanzaron el 33% de ocupaci\u00f3n durante el fin de semana de San Valent\u00edn, lo que supone 4 puntos porcentuales menos que en 2015, siendo Canarias, Catalu\u00f1a y Euskadi las comunidades m\u00e1s demandadas, seg\u00fan el buscador de alojamientos rurales Toprural. El lugar m\u00e1s demandado por los viajeros rurales espa\u00f1oles para pasar San","inLanguage":"es-ES","isPartOf":{"@id":"https:\/\/eldigitaldeasturias.com\/magazine365\/#website"},"breadcrumb":{"@id":"https:\/\/eldigitaldeasturias.com\/magazine365\/el-turismo-rural-alcanza-el-33-de-ocupacion-por-san-valentin\/#breadcrumblist"},"author":{"@id":"https:\/\/eldigitaldeasturias.com\/magazine365\/author\/admin\/#author"},"creator":{"@id":"https:\/\/eldigitaldeasturias.com\/magazine365\/author\/admin\/#author"},"image":{"@type":"ImageObject","url":"https:\/\/eldigitaldeasturias.com\/magazine365\/wp-content\/uploads\/2016\/02\/fotonoticia_20160205131319_800.jpg","@id":"https:\/\/eldigitaldeasturias.com\/magazine365\/el-turismo-rural-alcanza-el-33-de-ocupacion-por-san-valentin\/#mainImage","width":800,"height":533},"primaryImageOfPage":{"@id":"https:\/\/eldigitaldeasturias.com\/magazine365\/el-turismo-rural-alcanza-el-33-de-ocupacion-por-san-valentin\/#mainImage"},"datePublished":"2016-02-07T00:55:45+01:00","dateModified":"2016-02-07T00:57:46+01:00"},{"@type":"WebSite","@id":"https:\/\/eldigitaldeasturias.com\/magazine365\/#website","url":"https:\/\/eldigitaldeasturias.com\/magazine365\/","name":"El Digital de Asturias","description":"Revista de ocio, turismo y estilo de vida","inLanguage":"es-ES","publisher":{"@id":"https:\/\/eldigitaldeasturias.com\/magazine365\/#organization"}}]},"og:locale":"es_ES","og:site_name":"El Digital de Asturias \u2013 Revista de ocio, turismo y estilo de vida","og:type":"article","og:title":"El turismo rural alcanza el 33% de ocupaci\u00f3n por San Valent\u00edn | El Digital de Asturias","og:description":"Las casas rurales espa\u00f1olas alcanzaron el 33% de ocupaci\u00f3n durante el fin de semana de San Valent\u00edn, lo que supone 4 puntos porcentuales menos que en 2015, siendo Canarias, Catalu\u00f1a y Euskadi las comunidades m\u00e1s demandadas, seg\u00fan el buscador de alojamientos rurales Toprural. El lugar m\u00e1s demandado por los viajeros rurales espa\u00f1oles para pasar San","og:url":"https:\/\/eldigitaldeasturias.com\/magazine365\/el-turismo-rural-alcanza-el-33-de-ocupacion-por-san-valentin\/","og:image":"https:\/\/eldigitaldeasturias.com\/magazine365\/wp-content\/uploads\/2016\/02\/fotonoticia_20160205131319_800.jpg","og:image:secure_url":"https:\/\/eldigitaldeasturias.com\/magazine365\/wp-content\/uploads\/2016\/02\/fotonoticia_20160205131319_800.jpg","og:image:width":800,"og:image:height":533,"article:published_time":"2016-02-06T23:55:45+00:00","article:modified_time":"2016-02-06T23:57:46+00:00","twitter:card":"summary_large_image","twitter:title":"El turismo rural alcanza el 33% de ocupaci\u00f3n por San Valent\u00edn | El Digital de Asturias","twitter:description":"Las casas rurales espa\u00f1olas alcanzaron el 33% de ocupaci\u00f3n durante el fin de semana de San Valent\u00edn, lo que supone 4 puntos porcentuales menos que en 2015, siendo Canarias, Catalu\u00f1a y Euskadi las comunidades m\u00e1s demandadas, seg\u00fan el buscador de alojamientos rurales Toprural. El lugar m\u00e1s demandado por los viajeros rurales espa\u00f1oles para pasar San","twitter:image":"https:\/\/eldigitaldeasturias.com\/magazine365\/wp-content\/uploads\/2016\/02\/fotonoticia_20160205131319_800.jpg"},"aioseo_meta_data":{"post_id":"63434","title":null,"description":null,"keywords":null,"keyphrases":null,"primary_term":null,"canonical_url":null,"og_title":null,"og_description":null,"og_object_type":"default","og_image_type":"default","og_image_url":null,"og_image_width":null,"og_image_height":null,"og_image_custom_url":null,"og_image_custom_fields":null,"og_video":null,"og_custom_url":null,"og_article_section":null,"og_article_tags":null,"twitter_use_og":false,"twitter_card":"default","twitter_image_type":"default","twitter_image_url":null,"twitter_image_custom_url":null,"twitter_image_custom_fields":null,"twitter_title":null,"twitter_description":null,"schema":{"blockGraphs":[],"customGraphs":[],"default":{"data":{"Article":[],"Course":[],"Dataset":[],"FAQPage":[],"Movie":[],"Person":[],"Product":[],"ProductReview":[],"Car":[],"Recipe":[],"Service":[],"SoftwareApplication":[],"WebPage":[]},"graphName":"","isEnabled":true},"graphs":[],"defaultGraph":"","defaultPostTypeGraph":""},"schema_type":null,"schema_type_options":null,"pillar_content":false,"robots_default":true,"robots_noindex":false,"robots_noarchive":false,"robots_nosnippet":false,"robots_nofollow":false,"robots_noimageindex":false,"robots_noodp":false,"robots_notranslate":false,"robots_max_snippet":null,"robots_max_videopreview":null,"robots_max_imagepreview":"large","priority":null,"frequency":null,"location":null,"local_seo":null,"seo_analyzer_scan_date":"2025-09-25 13:07:58","breadcrumb_settings":null,"limit_modified_date":false,"open_ai":null,"ai":null,"created":"2021-03-08 21:22:50","updated":"2025-09-25 13:07:58"},"aioseo_breadcrumb":"<div class=\"aioseo-breadcrumbs\"><span class=\"aioseo-breadcrumb\">\n\t<a href=\"https:\/\/eldigitaldeasturias.com\/magazine365\" title=\"Home\">Home<\/a>\n<\/span><span class=\"aioseo-breadcrumb-separator\">\u2013<\/span><span class=\"aioseo-breadcrumb\">\n\t<a href=\"https:\/\/eldigitaldeasturias.com\/magazine365\/category\/noticias-actualidad\/\" title=\"Noticias y Actualidad\">Noticias y Actualidad<\/a>\n<\/span><span class=\"aioseo-breadcrumb-separator\">\u2013<\/span><span class=\"aioseo-breadcrumb\">\n\t<a href=\"https:\/\/eldigitaldeasturias.com\/magazine365\/el-turismo-rural-alcanza-el-33-de-ocupacion-por-san-valentin\/\" title=\"El turismo rural alcanza el 33% de ocupaci\u00f3n por San Valent\u00edn\">El turismo rural alcanza el 33% de ocupaci\u00f3n por San Valent\u00edn<\/a>\n<\/span><\/div>","aioseo_breadcrumb_json":[{"label":"Home","link":"https:\/\/eldigitaldeasturias.com\/magazine365"},{"label":"Noticias y Actualidad","link":"https:\/\/eldigitaldeasturias.com\/magazine365\/category\/noticias-actualidad\/"},{"label":"El turismo rural alcanza el 33% de ocupaci\u00f3n por San Valent\u00edn","link":"https:\/\/eldigitaldeasturias.com\/magazine365\/el-turismo-rural-alcanza-el-33-de-ocupacion-por-san-valentin\/"}],"_links":{"self":[{"href":"https:\/\/eldigitaldeasturias.com\/magazine365\/wp-json\/wp\/v2\/posts\/63434","targetHints":{"allow":["GET"]}}],"collection":[{"href":"https:\/\/eldigitaldeasturias.com\/magazine365\/wp-json\/wp\/v2\/posts"}],"about":[{"href":"https:\/\/eldigitaldeasturias.com\/magazine365\/wp-json\/wp\/v2\/types\/post"}],"author":[{"embeddable":true,"href":"https:\/\/eldigitaldeasturias.com\/magazine365\/wp-json\/wp\/v2\/users\/1"}],"replies":[{"embeddable":true,"href":"https:\/\/eldigitaldeasturias.com\/magazine365\/wp-json\/wp\/v2\/comments?post=63434"}],"version-history":[{"count":0,"href":"https:\/\/eldigitaldeasturias.com\/magazine365\/wp-json\/wp\/v2\/posts\/63434\/revisions"}],"wp:featuredmedia":[{"embeddable":true,"href":"https:\/\/eldigitaldeasturias.com\/magazine365\/wp-json\/wp\/v2\/media\/63435"}],"wp:attachment":[{"href":"https:\/\/eldigitaldeasturias.com\/magazine365\/wp-json\/wp\/v2\/media?parent=63434"}],"wp:term":[{"taxonomy":"category","embeddable":true,"href":"https:\/\/eldigitaldeasturias.com\/magazine365\/wp-json\/wp\/v2\/categories?post=63434"},{"taxonomy":"post_tag","embeddable":true,"href":"https:\/\/eldigitaldeasturias.com\/magazine365\/wp-json\/wp\/v2\/tags?post=63434"}],"curies":[{"name":"wp","href":"https:\/\/api.w.org\/{rel}","templated":true}]}}