{"id":63417,"date":"2016-02-06T23:59:46","date_gmt":"2016-02-06T22:59:46","guid":{"rendered":"http:\/\/eldigitaldeasturias.com\/magazine365\/?p=63417"},"modified":"2016-02-06T23:59:46","modified_gmt":"2016-02-06T22:59:46","slug":"los-espanoles-gastaran-un-25-mas-en-san-valentin-que-el-ano-pasado","status":"publish","type":"post","link":"https:\/\/eldigitaldeasturias.com\/magazine365\/los-espanoles-gastaran-un-25-mas-en-san-valentin-que-el-ano-pasado\/","title":{"rendered":"Los espa\u00f1oles gastar\u00e1n un 25% m\u00e1s en San Valent\u00edn que el a\u00f1o pasado"},"content":{"rendered":"<p><img fetchpriority=\"high\" decoding=\"async\" class=\"alignleft size-medium wp-image-63418\" src=\"https:\/\/eldigitaldeasturias.com\/magazine365\/wp-content\/uploads\/2016\/02\/fotonoticia_20160205120802_800-360x238.jpg\" alt=\"fotonoticia_20160205120802_800\" width=\"360\" height=\"238\" srcset=\"https:\/\/eldigitaldeasturias.com\/magazine365\/wp-content\/uploads\/2016\/02\/fotonoticia_20160205120802_800-360x238.jpg 360w, https:\/\/eldigitaldeasturias.com\/magazine365\/wp-content\/uploads\/2016\/02\/fotonoticia_20160205120802_800-650x430.jpg 650w, https:\/\/eldigitaldeasturias.com\/magazine365\/wp-content\/uploads\/2016\/02\/fotonoticia_20160205120802_800-768x508.jpg 768w, https:\/\/eldigitaldeasturias.com\/magazine365\/wp-content\/uploads\/2016\/02\/fotonoticia_20160205120802_800-150x99.jpg 150w, https:\/\/eldigitaldeasturias.com\/magazine365\/wp-content\/uploads\/2016\/02\/fotonoticia_20160205120802_800-450x298.jpg 450w, https:\/\/eldigitaldeasturias.com\/magazine365\/wp-content\/uploads\/2016\/02\/fotonoticia_20160205120802_800-696x460.jpg 696w, https:\/\/eldigitaldeasturias.com\/magazine365\/wp-content\/uploads\/2016\/02\/fotonoticia_20160205120802_800-635x420.jpg 635w, https:\/\/eldigitaldeasturias.com\/magazine365\/wp-content\/uploads\/2016\/02\/fotonoticia_20160205120802_800-121x79.jpg 121w, https:\/\/eldigitaldeasturias.com\/magazine365\/wp-content\/uploads\/2016\/02\/fotonoticia_20160205120802_800-101x66.jpg 101w, https:\/\/eldigitaldeasturias.com\/magazine365\/wp-content\/uploads\/2016\/02\/fotonoticia_20160205120802_800.jpg 800w\" sizes=\"(max-width: 360px) 100vw, 360px\" \/>Los espa\u00f1oles gastar\u00e1n un 25% m\u00e1s en San Valent\u00edn que el a\u00f1o pasado, gastando una media de 54 euros, seg\u00fan un estudio realizado por la compa\u00f1\u00eda de venta de ocio Atr\u00e1palo.<\/p>\n<p>La plataforma ha apuntado que los restaurantes aumentan un 80% sus ventas en el d\u00eda de los enamorados, un 119% los &#8216;spas&#8217; y un 15% los espect\u00e1culos.<\/p>\n<p>Las reservas de las escapadas han aumentado un 20% y el gasto en los viajes se sit\u00faa entre los 110 y los 450 euros, dependiendo de la duraci\u00f3n y el destino.<\/p>\n<p>\u00abEste a\u00f1o San Valent\u00edn coincide con el fin de semana lo que incrementar\u00e1 el n\u00famero de ventas y el gasto medio\u00bb, ha afirmado la gerente de Atr\u00e1palo, Nuria Corral.<\/p>\n","protected":false},"excerpt":{"rendered":"<p>Los espa\u00f1oles gastar\u00e1n un 25% m\u00e1s en San Valent\u00edn que el a\u00f1o pasado, gastando una media de 54 euros, seg\u00fan un estudio realizado por la compa\u00f1\u00eda de venta de ocio Atr\u00e1palo. La plataforma ha apuntado que los restaurantes aumentan un 80% sus ventas en el d\u00eda de los enamorados, un 119% los &#8216;spas&#8217; y un<\/p>\n","protected":false},"author":1,"featured_media":63418,"comment_status":"open","ping_status":"closed","sticky":false,"template":"","format":"standard","meta":{"footnotes":""},"categories":[224],"tags":[],"class_list":{"0":"post-63417","1":"post","2":"type-post","3":"status-publish","4":"format-standard","5":"has-post-thumbnail","7":"category-noticias-actualidad"},"aioseo_notices":[],"aioseo_head":"\n\t\t<!-- All in One SEO Pro 4.9.6.1 - aioseo.com -->\n\t<meta name=\"description\" content=\"Los espa\u00f1oles gastar\u00e1n un 25% m\u00e1s en San Valent\u00edn que el a\u00f1o pasado, gastando una media de 54 euros, seg\u00fan un estudio realizado por la compa\u00f1\u00eda de venta de ocio Atr\u00e1palo. La plataforma ha apuntado que los restaurantes aumentan un 80% sus ventas en el d\u00eda de los enamorados, un 119% los &#039;spas&#039; y un\" \/>\n\t<meta name=\"robots\" content=\"max-image-preview:large\" \/>\n\t<meta name=\"author\" content=\"admin\"\/>\n\t<meta name=\"google-site-verification\" content=\"UA-38556648-1\" \/>\n\t<meta name=\"keywords\" content=\"noticias y actualidad\" \/>\n\t<link rel=\"canonical\" href=\"https:\/\/eldigitaldeasturias.com\/magazine365\/los-espanoles-gastaran-un-25-mas-en-san-valentin-que-el-ano-pasado\/\" \/>\n\t<meta name=\"generator\" content=\"All in One SEO Pro (AIOSEO) 4.9.6.1\" \/>\n\t\t<meta property=\"og:locale\" content=\"es_ES\" \/>\n\t\t<meta property=\"og:site_name\" content=\"El Digital de Asturias \u2013 Revista de ocio, turismo y estilo de vida\" \/>\n\t\t<meta property=\"og:type\" content=\"article\" \/>\n\t\t<meta property=\"og:title\" content=\"Los espa\u00f1oles gastar\u00e1n un 25% m\u00e1s en San Valent\u00edn que el a\u00f1o pasado | El Digital de Asturias\" \/>\n\t\t<meta property=\"og:description\" content=\"Los espa\u00f1oles gastar\u00e1n un 25% m\u00e1s en San Valent\u00edn que el a\u00f1o pasado, gastando una media de 54 euros, seg\u00fan un estudio realizado por la compa\u00f1\u00eda de venta de ocio Atr\u00e1palo. La plataforma ha apuntado que los restaurantes aumentan un 80% sus ventas en el d\u00eda de los enamorados, un 119% los &#039;spas&#039; y un\" \/>\n\t\t<meta property=\"og:url\" content=\"https:\/\/eldigitaldeasturias.com\/magazine365\/los-espanoles-gastaran-un-25-mas-en-san-valentin-que-el-ano-pasado\/\" \/>\n\t\t<meta property=\"og:image\" content=\"https:\/\/eldigitaldeasturias.com\/magazine365\/wp-content\/uploads\/2016\/02\/fotonoticia_20160205120802_800.jpg\" \/>\n\t\t<meta property=\"og:image:secure_url\" content=\"https:\/\/eldigitaldeasturias.com\/magazine365\/wp-content\/uploads\/2016\/02\/fotonoticia_20160205120802_800.jpg\" \/>\n\t\t<meta property=\"og:image:width\" content=\"800\" \/>\n\t\t<meta property=\"og:image:height\" content=\"529\" \/>\n\t\t<meta property=\"article:published_time\" content=\"2016-02-06T22:59:46+00:00\" \/>\n\t\t<meta property=\"article:modified_time\" content=\"2016-02-06T22:59:46+00:00\" \/>\n\t\t<meta name=\"twitter:card\" content=\"summary_large_image\" \/>\n\t\t<meta name=\"twitter:title\" content=\"Los espa\u00f1oles gastar\u00e1n un 25% m\u00e1s en San Valent\u00edn que el a\u00f1o pasado | El Digital de Asturias\" \/>\n\t\t<meta name=\"twitter:description\" content=\"Los espa\u00f1oles gastar\u00e1n un 25% m\u00e1s en San Valent\u00edn que el a\u00f1o pasado, gastando una media de 54 euros, seg\u00fan un estudio realizado por la compa\u00f1\u00eda de venta de ocio Atr\u00e1palo. La plataforma ha apuntado que los restaurantes aumentan un 80% sus ventas en el d\u00eda de los enamorados, un 119% los &#039;spas&#039; y un\" \/>\n\t\t<meta name=\"twitter:image\" content=\"https:\/\/eldigitaldeasturias.com\/magazine365\/wp-content\/uploads\/2016\/02\/fotonoticia_20160205120802_800.jpg\" \/>\n\t\t<script type=\"application\/ld+json\" class=\"aioseo-schema\">\n\t\t\t{\"@context\":\"https:\\\/\\\/schema.org\",\"@graph\":[{\"@type\":\"Article\",\"@id\":\"https:\\\/\\\/eldigitaldeasturias.com\\\/magazine365\\\/los-espanoles-gastaran-un-25-mas-en-san-valentin-que-el-ano-pasado\\\/#article\",\"name\":\"Los espa\\u00f1oles gastar\\u00e1n un 25% m\\u00e1s en San Valent\\u00edn que el a\\u00f1o pasado | El Digital de Asturias\",\"headline\":\"Los espa\\u00f1oles gastar\\u00e1n un 25% m\\u00e1s en San Valent\\u00edn que el a\\u00f1o pasado\",\"author\":{\"@id\":\"https:\\\/\\\/eldigitaldeasturias.com\\\/magazine365\\\/author\\\/admin\\\/#author\"},\"publisher\":{\"@id\":\"https:\\\/\\\/eldigitaldeasturias.com\\\/magazine365\\\/#organization\"},\"image\":{\"@type\":\"ImageObject\",\"url\":\"https:\\\/\\\/eldigitaldeasturias.com\\\/magazine365\\\/wp-content\\\/uploads\\\/2016\\\/02\\\/fotonoticia_20160205120802_800.jpg\",\"width\":800,\"height\":529},\"datePublished\":\"2016-02-06T23:59:46+01:00\",\"dateModified\":\"2016-02-06T23:59:46+01:00\",\"inLanguage\":\"es-ES\",\"mainEntityOfPage\":{\"@id\":\"https:\\\/\\\/eldigitaldeasturias.com\\\/magazine365\\\/los-espanoles-gastaran-un-25-mas-en-san-valentin-que-el-ano-pasado\\\/#webpage\"},\"isPartOf\":{\"@id\":\"https:\\\/\\\/eldigitaldeasturias.com\\\/magazine365\\\/los-espanoles-gastaran-un-25-mas-en-san-valentin-que-el-ano-pasado\\\/#webpage\"},\"articleSection\":\"Noticias y Actualidad\"},{\"@type\":\"BreadcrumbList\",\"@id\":\"https:\\\/\\\/eldigitaldeasturias.com\\\/magazine365\\\/los-espanoles-gastaran-un-25-mas-en-san-valentin-que-el-ano-pasado\\\/#breadcrumblist\",\"itemListElement\":[{\"@type\":\"ListItem\",\"@id\":\"https:\\\/\\\/eldigitaldeasturias.com\\\/magazine365#listItem\",\"position\":1,\"name\":\"Home\",\"item\":\"https:\\\/\\\/eldigitaldeasturias.com\\\/magazine365\",\"nextItem\":{\"@type\":\"ListItem\",\"@id\":\"https:\\\/\\\/eldigitaldeasturias.com\\\/magazine365\\\/category\\\/noticias-actualidad\\\/#listItem\",\"name\":\"Noticias y Actualidad\"}},{\"@type\":\"ListItem\",\"@id\":\"https:\\\/\\\/eldigitaldeasturias.com\\\/magazine365\\\/category\\\/noticias-actualidad\\\/#listItem\",\"position\":2,\"name\":\"Noticias y Actualidad\",\"item\":\"https:\\\/\\\/eldigitaldeasturias.com\\\/magazine365\\\/category\\\/noticias-actualidad\\\/\",\"nextItem\":{\"@type\":\"ListItem\",\"@id\":\"https:\\\/\\\/eldigitaldeasturias.com\\\/magazine365\\\/los-espanoles-gastaran-un-25-mas-en-san-valentin-que-el-ano-pasado\\\/#listItem\",\"name\":\"Los espa\\u00f1oles gastar\\u00e1n un 25% m\\u00e1s en San Valent\\u00edn que el a\\u00f1o pasado\"},\"previousItem\":{\"@type\":\"ListItem\",\"@id\":\"https:\\\/\\\/eldigitaldeasturias.com\\\/magazine365#listItem\",\"name\":\"Home\"}},{\"@type\":\"ListItem\",\"@id\":\"https:\\\/\\\/eldigitaldeasturias.com\\\/magazine365\\\/los-espanoles-gastaran-un-25-mas-en-san-valentin-que-el-ano-pasado\\\/#listItem\",\"position\":3,\"name\":\"Los espa\\u00f1oles gastar\\u00e1n un 25% m\\u00e1s en San Valent\\u00edn que el a\\u00f1o pasado\",\"previousItem\":{\"@type\":\"ListItem\",\"@id\":\"https:\\\/\\\/eldigitaldeasturias.com\\\/magazine365\\\/category\\\/noticias-actualidad\\\/#listItem\",\"name\":\"Noticias y Actualidad\"}}]},{\"@type\":\"Organization\",\"@id\":\"https:\\\/\\\/eldigitaldeasturias.com\\\/magazine365\\\/#organization\",\"name\":\"El digital de Asturias\",\"description\":\"Revista de ocio, turismo y estilo de vida\",\"url\":\"https:\\\/\\\/eldigitaldeasturias.com\\\/magazine365\\\/\",\"logo\":{\"@type\":\"ImageObject\",\"url\":\"https:\\\/\\\/www.eldigitaldeasturias.com\\\/noticias\\\/wp-content\\\/uploads\\\/2020\\\/12\\\/EDA.jpg\",\"@id\":\"https:\\\/\\\/eldigitaldeasturias.com\\\/magazine365\\\/los-espanoles-gastaran-un-25-mas-en-san-valentin-que-el-ano-pasado\\\/#organizationLogo\"},\"image\":{\"@id\":\"https:\\\/\\\/eldigitaldeasturias.com\\\/magazine365\\\/los-espanoles-gastaran-un-25-mas-en-san-valentin-que-el-ano-pasado\\\/#organizationLogo\"}},{\"@type\":\"Person\",\"@id\":\"https:\\\/\\\/eldigitaldeasturias.com\\\/magazine365\\\/author\\\/admin\\\/#author\",\"url\":\"https:\\\/\\\/eldigitaldeasturias.com\\\/magazine365\\\/author\\\/admin\\\/\",\"name\":\"admin\",\"image\":{\"@type\":\"ImageObject\",\"@id\":\"https:\\\/\\\/eldigitaldeasturias.com\\\/magazine365\\\/los-espanoles-gastaran-un-25-mas-en-san-valentin-que-el-ano-pasado\\\/#authorImage\",\"url\":\"https:\\\/\\\/eldigitaldeasturias.com\\\/magazine365\\\/wp-content\\\/litespeed\\\/avatar\\\/e571bcf59a0edd6fa6838245a470f2fe.jpg?ver=1776969259\",\"width\":96,\"height\":96,\"caption\":\"admin\"}},{\"@type\":\"WebPage\",\"@id\":\"https:\\\/\\\/eldigitaldeasturias.com\\\/magazine365\\\/los-espanoles-gastaran-un-25-mas-en-san-valentin-que-el-ano-pasado\\\/#webpage\",\"url\":\"https:\\\/\\\/eldigitaldeasturias.com\\\/magazine365\\\/los-espanoles-gastaran-un-25-mas-en-san-valentin-que-el-ano-pasado\\\/\",\"name\":\"Los espa\\u00f1oles gastar\\u00e1n un 25% m\\u00e1s en San Valent\\u00edn que el a\\u00f1o pasado | El Digital de Asturias\",\"description\":\"Los espa\\u00f1oles gastar\\u00e1n un 25% m\\u00e1s en San Valent\\u00edn que el a\\u00f1o pasado, gastando una media de 54 euros, seg\\u00fan un estudio realizado por la compa\\u00f1\\u00eda de venta de ocio Atr\\u00e1palo. La plataforma ha apuntado que los restaurantes aumentan un 80% sus ventas en el d\\u00eda de los enamorados, un 119% los 'spas' y un\",\"inLanguage\":\"es-ES\",\"isPartOf\":{\"@id\":\"https:\\\/\\\/eldigitaldeasturias.com\\\/magazine365\\\/#website\"},\"breadcrumb\":{\"@id\":\"https:\\\/\\\/eldigitaldeasturias.com\\\/magazine365\\\/los-espanoles-gastaran-un-25-mas-en-san-valentin-que-el-ano-pasado\\\/#breadcrumblist\"},\"author\":{\"@id\":\"https:\\\/\\\/eldigitaldeasturias.com\\\/magazine365\\\/author\\\/admin\\\/#author\"},\"creator\":{\"@id\":\"https:\\\/\\\/eldigitaldeasturias.com\\\/magazine365\\\/author\\\/admin\\\/#author\"},\"image\":{\"@type\":\"ImageObject\",\"url\":\"https:\\\/\\\/eldigitaldeasturias.com\\\/magazine365\\\/wp-content\\\/uploads\\\/2016\\\/02\\\/fotonoticia_20160205120802_800.jpg\",\"@id\":\"https:\\\/\\\/eldigitaldeasturias.com\\\/magazine365\\\/los-espanoles-gastaran-un-25-mas-en-san-valentin-que-el-ano-pasado\\\/#mainImage\",\"width\":800,\"height\":529},\"primaryImageOfPage\":{\"@id\":\"https:\\\/\\\/eldigitaldeasturias.com\\\/magazine365\\\/los-espanoles-gastaran-un-25-mas-en-san-valentin-que-el-ano-pasado\\\/#mainImage\"},\"datePublished\":\"2016-02-06T23:59:46+01:00\",\"dateModified\":\"2016-02-06T23:59:46+01:00\"},{\"@type\":\"WebSite\",\"@id\":\"https:\\\/\\\/eldigitaldeasturias.com\\\/magazine365\\\/#website\",\"url\":\"https:\\\/\\\/eldigitaldeasturias.com\\\/magazine365\\\/\",\"name\":\"El Digital de Asturias\",\"description\":\"Revista de ocio, turismo y estilo de vida\",\"inLanguage\":\"es-ES\",\"publisher\":{\"@id\":\"https:\\\/\\\/eldigitaldeasturias.com\\\/magazine365\\\/#organization\"}}]}\n\t\t<\/script>\n\t\t<!-- All in One SEO Pro -->\r\n\t\t<title>Los espa\u00f1oles gastar\u00e1n un 25% m\u00e1s en San Valent\u00edn que el a\u00f1o pasado | El Digital de Asturias<\/title>\n\n","aioseo_head_json":{"title":"Los espa\u00f1oles gastar\u00e1n un 25% m\u00e1s en San Valent\u00edn que el a\u00f1o pasado | El Digital de Asturias","description":"Los espa\u00f1oles gastar\u00e1n un 25% m\u00e1s en San Valent\u00edn que el a\u00f1o pasado, gastando una media de 54 euros, seg\u00fan un estudio realizado por la compa\u00f1\u00eda de venta de ocio Atr\u00e1palo. La plataforma ha apuntado que los restaurantes aumentan un 80% sus ventas en el d\u00eda de los enamorados, un 119% los 'spas' y un","canonical_url":"https:\/\/eldigitaldeasturias.com\/magazine365\/los-espanoles-gastaran-un-25-mas-en-san-valentin-que-el-ano-pasado\/","robots":"max-image-preview:large","keywords":"noticias y actualidad","webmasterTools":{"google-site-verification":"UA-38556648-1","miscellaneous":""},"schema":{"@context":"https:\/\/schema.org","@graph":[{"@type":"Article","@id":"https:\/\/eldigitaldeasturias.com\/magazine365\/los-espanoles-gastaran-un-25-mas-en-san-valentin-que-el-ano-pasado\/#article","name":"Los espa\u00f1oles gastar\u00e1n un 25% m\u00e1s en San Valent\u00edn que el a\u00f1o pasado | El Digital de Asturias","headline":"Los espa\u00f1oles gastar\u00e1n un 25% m\u00e1s en San Valent\u00edn que el a\u00f1o pasado","author":{"@id":"https:\/\/eldigitaldeasturias.com\/magazine365\/author\/admin\/#author"},"publisher":{"@id":"https:\/\/eldigitaldeasturias.com\/magazine365\/#organization"},"image":{"@type":"ImageObject","url":"https:\/\/eldigitaldeasturias.com\/magazine365\/wp-content\/uploads\/2016\/02\/fotonoticia_20160205120802_800.jpg","width":800,"height":529},"datePublished":"2016-02-06T23:59:46+01:00","dateModified":"2016-02-06T23:59:46+01:00","inLanguage":"es-ES","mainEntityOfPage":{"@id":"https:\/\/eldigitaldeasturias.com\/magazine365\/los-espanoles-gastaran-un-25-mas-en-san-valentin-que-el-ano-pasado\/#webpage"},"isPartOf":{"@id":"https:\/\/eldigitaldeasturias.com\/magazine365\/los-espanoles-gastaran-un-25-mas-en-san-valentin-que-el-ano-pasado\/#webpage"},"articleSection":"Noticias y Actualidad"},{"@type":"BreadcrumbList","@id":"https:\/\/eldigitaldeasturias.com\/magazine365\/los-espanoles-gastaran-un-25-mas-en-san-valentin-que-el-ano-pasado\/#breadcrumblist","itemListElement":[{"@type":"ListItem","@id":"https:\/\/eldigitaldeasturias.com\/magazine365#listItem","position":1,"name":"Home","item":"https:\/\/eldigitaldeasturias.com\/magazine365","nextItem":{"@type":"ListItem","@id":"https:\/\/eldigitaldeasturias.com\/magazine365\/category\/noticias-actualidad\/#listItem","name":"Noticias y Actualidad"}},{"@type":"ListItem","@id":"https:\/\/eldigitaldeasturias.com\/magazine365\/category\/noticias-actualidad\/#listItem","position":2,"name":"Noticias y Actualidad","item":"https:\/\/eldigitaldeasturias.com\/magazine365\/category\/noticias-actualidad\/","nextItem":{"@type":"ListItem","@id":"https:\/\/eldigitaldeasturias.com\/magazine365\/los-espanoles-gastaran-un-25-mas-en-san-valentin-que-el-ano-pasado\/#listItem","name":"Los espa\u00f1oles gastar\u00e1n un 25% m\u00e1s en San Valent\u00edn que el a\u00f1o pasado"},"previousItem":{"@type":"ListItem","@id":"https:\/\/eldigitaldeasturias.com\/magazine365#listItem","name":"Home"}},{"@type":"ListItem","@id":"https:\/\/eldigitaldeasturias.com\/magazine365\/los-espanoles-gastaran-un-25-mas-en-san-valentin-que-el-ano-pasado\/#listItem","position":3,"name":"Los espa\u00f1oles gastar\u00e1n un 25% m\u00e1s en San Valent\u00edn que el a\u00f1o pasado","previousItem":{"@type":"ListItem","@id":"https:\/\/eldigitaldeasturias.com\/magazine365\/category\/noticias-actualidad\/#listItem","name":"Noticias y Actualidad"}}]},{"@type":"Organization","@id":"https:\/\/eldigitaldeasturias.com\/magazine365\/#organization","name":"El digital de Asturias","description":"Revista de ocio, turismo y estilo de vida","url":"https:\/\/eldigitaldeasturias.com\/magazine365\/","logo":{"@type":"ImageObject","url":"https:\/\/www.eldigitaldeasturias.com\/noticias\/wp-content\/uploads\/2020\/12\/EDA.jpg","@id":"https:\/\/eldigitaldeasturias.com\/magazine365\/los-espanoles-gastaran-un-25-mas-en-san-valentin-que-el-ano-pasado\/#organizationLogo"},"image":{"@id":"https:\/\/eldigitaldeasturias.com\/magazine365\/los-espanoles-gastaran-un-25-mas-en-san-valentin-que-el-ano-pasado\/#organizationLogo"}},{"@type":"Person","@id":"https:\/\/eldigitaldeasturias.com\/magazine365\/author\/admin\/#author","url":"https:\/\/eldigitaldeasturias.com\/magazine365\/author\/admin\/","name":"admin","image":{"@type":"ImageObject","@id":"https:\/\/eldigitaldeasturias.com\/magazine365\/los-espanoles-gastaran-un-25-mas-en-san-valentin-que-el-ano-pasado\/#authorImage","url":"https:\/\/eldigitaldeasturias.com\/magazine365\/wp-content\/litespeed\/avatar\/e571bcf59a0edd6fa6838245a470f2fe.jpg?ver=1776969259","width":96,"height":96,"caption":"admin"}},{"@type":"WebPage","@id":"https:\/\/eldigitaldeasturias.com\/magazine365\/los-espanoles-gastaran-un-25-mas-en-san-valentin-que-el-ano-pasado\/#webpage","url":"https:\/\/eldigitaldeasturias.com\/magazine365\/los-espanoles-gastaran-un-25-mas-en-san-valentin-que-el-ano-pasado\/","name":"Los espa\u00f1oles gastar\u00e1n un 25% m\u00e1s en San Valent\u00edn que el a\u00f1o pasado | El Digital de Asturias","description":"Los espa\u00f1oles gastar\u00e1n un 25% m\u00e1s en San Valent\u00edn que el a\u00f1o pasado, gastando una media de 54 euros, seg\u00fan un estudio realizado por la compa\u00f1\u00eda de venta de ocio Atr\u00e1palo. La plataforma ha apuntado que los restaurantes aumentan un 80% sus ventas en el d\u00eda de los enamorados, un 119% los 'spas' y un","inLanguage":"es-ES","isPartOf":{"@id":"https:\/\/eldigitaldeasturias.com\/magazine365\/#website"},"breadcrumb":{"@id":"https:\/\/eldigitaldeasturias.com\/magazine365\/los-espanoles-gastaran-un-25-mas-en-san-valentin-que-el-ano-pasado\/#breadcrumblist"},"author":{"@id":"https:\/\/eldigitaldeasturias.com\/magazine365\/author\/admin\/#author"},"creator":{"@id":"https:\/\/eldigitaldeasturias.com\/magazine365\/author\/admin\/#author"},"image":{"@type":"ImageObject","url":"https:\/\/eldigitaldeasturias.com\/magazine365\/wp-content\/uploads\/2016\/02\/fotonoticia_20160205120802_800.jpg","@id":"https:\/\/eldigitaldeasturias.com\/magazine365\/los-espanoles-gastaran-un-25-mas-en-san-valentin-que-el-ano-pasado\/#mainImage","width":800,"height":529},"primaryImageOfPage":{"@id":"https:\/\/eldigitaldeasturias.com\/magazine365\/los-espanoles-gastaran-un-25-mas-en-san-valentin-que-el-ano-pasado\/#mainImage"},"datePublished":"2016-02-06T23:59:46+01:00","dateModified":"2016-02-06T23:59:46+01:00"},{"@type":"WebSite","@id":"https:\/\/eldigitaldeasturias.com\/magazine365\/#website","url":"https:\/\/eldigitaldeasturias.com\/magazine365\/","name":"El Digital de Asturias","description":"Revista de ocio, turismo y estilo de vida","inLanguage":"es-ES","publisher":{"@id":"https:\/\/eldigitaldeasturias.com\/magazine365\/#organization"}}]},"og:locale":"es_ES","og:site_name":"El Digital de Asturias \u2013 Revista de ocio, turismo y estilo de vida","og:type":"article","og:title":"Los espa\u00f1oles gastar\u00e1n un 25% m\u00e1s en San Valent\u00edn que el a\u00f1o pasado | El Digital de Asturias","og:description":"Los espa\u00f1oles gastar\u00e1n un 25% m\u00e1s en San Valent\u00edn que el a\u00f1o pasado, gastando una media de 54 euros, seg\u00fan un estudio realizado por la compa\u00f1\u00eda de venta de ocio Atr\u00e1palo. La plataforma ha apuntado que los restaurantes aumentan un 80% sus ventas en el d\u00eda de los enamorados, un 119% los 'spas' y un","og:url":"https:\/\/eldigitaldeasturias.com\/magazine365\/los-espanoles-gastaran-un-25-mas-en-san-valentin-que-el-ano-pasado\/","og:image":"https:\/\/eldigitaldeasturias.com\/magazine365\/wp-content\/uploads\/2016\/02\/fotonoticia_20160205120802_800.jpg","og:image:secure_url":"https:\/\/eldigitaldeasturias.com\/magazine365\/wp-content\/uploads\/2016\/02\/fotonoticia_20160205120802_800.jpg","og:image:width":800,"og:image:height":529,"article:published_time":"2016-02-06T22:59:46+00:00","article:modified_time":"2016-02-06T22:59:46+00:00","twitter:card":"summary_large_image","twitter:title":"Los espa\u00f1oles gastar\u00e1n un 25% m\u00e1s en San Valent\u00edn que el a\u00f1o pasado | El Digital de Asturias","twitter:description":"Los espa\u00f1oles gastar\u00e1n un 25% m\u00e1s en San Valent\u00edn que el a\u00f1o pasado, gastando una media de 54 euros, seg\u00fan un estudio realizado por la compa\u00f1\u00eda de venta de ocio Atr\u00e1palo. La plataforma ha apuntado que los restaurantes aumentan un 80% sus ventas en el d\u00eda de los enamorados, un 119% los 'spas' y un","twitter:image":"https:\/\/eldigitaldeasturias.com\/magazine365\/wp-content\/uploads\/2016\/02\/fotonoticia_20160205120802_800.jpg"},"aioseo_meta_data":{"post_id":"63417","title":null,"description":null,"keywords":null,"keyphrases":null,"primary_term":null,"canonical_url":null,"og_title":null,"og_description":null,"og_object_type":"default","og_image_type":"default","og_image_url":null,"og_image_width":null,"og_image_height":null,"og_image_custom_url":null,"og_image_custom_fields":null,"og_video":null,"og_custom_url":null,"og_article_section":null,"og_article_tags":null,"twitter_use_og":false,"twitter_card":"default","twitter_image_type":"default","twitter_image_url":null,"twitter_image_custom_url":null,"twitter_image_custom_fields":null,"twitter_title":null,"twitter_description":null,"schema":{"blockGraphs":[],"customGraphs":[],"default":{"data":{"Article":[],"Course":[],"Dataset":[],"FAQPage":[],"Movie":[],"Person":[],"Product":[],"ProductReview":[],"Car":[],"Recipe":[],"Service":[],"SoftwareApplication":[],"WebPage":[]},"graphName":"","isEnabled":true},"graphs":[],"defaultGraph":"","defaultPostTypeGraph":""},"schema_type":null,"schema_type_options":null,"pillar_content":false,"robots_default":true,"robots_noindex":false,"robots_noarchive":false,"robots_nosnippet":false,"robots_nofollow":false,"robots_noimageindex":false,"robots_noodp":false,"robots_notranslate":false,"robots_max_snippet":null,"robots_max_videopreview":null,"robots_max_imagepreview":"large","priority":null,"frequency":null,"location":null,"local_seo":null,"seo_analyzer_scan_date":"2025-09-25 13:06:10","breadcrumb_settings":null,"limit_modified_date":false,"open_ai":null,"ai":null,"created":"2021-03-08 21:22:51","updated":"2025-09-25 13:06:10"},"aioseo_breadcrumb":"<div class=\"aioseo-breadcrumbs\"><span class=\"aioseo-breadcrumb\">\n\t<a href=\"https:\/\/eldigitaldeasturias.com\/magazine365\" title=\"Home\">Home<\/a>\n<\/span><span class=\"aioseo-breadcrumb-separator\">\u2013<\/span><span class=\"aioseo-breadcrumb\">\n\t<a href=\"https:\/\/eldigitaldeasturias.com\/magazine365\/category\/noticias-actualidad\/\" title=\"Noticias y Actualidad\">Noticias y Actualidad<\/a>\n<\/span><span class=\"aioseo-breadcrumb-separator\">\u2013<\/span><span class=\"aioseo-breadcrumb\">\n\t<a href=\"https:\/\/eldigitaldeasturias.com\/magazine365\/los-espanoles-gastaran-un-25-mas-en-san-valentin-que-el-ano-pasado\/\" title=\"Los espa\u00f1oles gastar\u00e1n un 25% m\u00e1s en San Valent\u00edn que el a\u00f1o pasado\">Los espa\u00f1oles gastar\u00e1n un 25% m\u00e1s en San Valent\u00edn que el a\u00f1o pasado<\/a>\n<\/span><\/div>","aioseo_breadcrumb_json":[{"label":"Home","link":"https:\/\/eldigitaldeasturias.com\/magazine365"},{"label":"Noticias y Actualidad","link":"https:\/\/eldigitaldeasturias.com\/magazine365\/category\/noticias-actualidad\/"},{"label":"Los espa\u00f1oles gastar\u00e1n un 25% m\u00e1s en San Valent\u00edn que el a\u00f1o pasado","link":"https:\/\/eldigitaldeasturias.com\/magazine365\/los-espanoles-gastaran-un-25-mas-en-san-valentin-que-el-ano-pasado\/"}],"_links":{"self":[{"href":"https:\/\/eldigitaldeasturias.com\/magazine365\/wp-json\/wp\/v2\/posts\/63417","targetHints":{"allow":["GET"]}}],"collection":[{"href":"https:\/\/eldigitaldeasturias.com\/magazine365\/wp-json\/wp\/v2\/posts"}],"about":[{"href":"https:\/\/eldigitaldeasturias.com\/magazine365\/wp-json\/wp\/v2\/types\/post"}],"author":[{"embeddable":true,"href":"https:\/\/eldigitaldeasturias.com\/magazine365\/wp-json\/wp\/v2\/users\/1"}],"replies":[{"embeddable":true,"href":"https:\/\/eldigitaldeasturias.com\/magazine365\/wp-json\/wp\/v2\/comments?post=63417"}],"version-history":[{"count":0,"href":"https:\/\/eldigitaldeasturias.com\/magazine365\/wp-json\/wp\/v2\/posts\/63417\/revisions"}],"wp:featuredmedia":[{"embeddable":true,"href":"https:\/\/eldigitaldeasturias.com\/magazine365\/wp-json\/wp\/v2\/media\/63418"}],"wp:attachment":[{"href":"https:\/\/eldigitaldeasturias.com\/magazine365\/wp-json\/wp\/v2\/media?parent=63417"}],"wp:term":[{"taxonomy":"category","embeddable":true,"href":"https:\/\/eldigitaldeasturias.com\/magazine365\/wp-json\/wp\/v2\/categories?post=63417"},{"taxonomy":"post_tag","embeddable":true,"href":"https:\/\/eldigitaldeasturias.com\/magazine365\/wp-json\/wp\/v2\/tags?post=63417"}],"curies":[{"name":"wp","href":"https:\/\/api.w.org\/{rel}","templated":true}]}}