{"id":63392,"date":"2016-02-06T23:50:10","date_gmt":"2016-02-06T22:50:10","guid":{"rendered":"http:\/\/eldigitaldeasturias.com\/magazine365\/?p=63392"},"modified":"2016-02-06T23:50:10","modified_gmt":"2016-02-06T22:50:10","slug":"el-carnaval-de-madrid-se-traslada-a-tetuan","status":"publish","type":"post","link":"https:\/\/eldigitaldeasturias.com\/magazine365\/el-carnaval-de-madrid-se-traslada-a-tetuan\/","title":{"rendered":"El Carnaval de Madrid se traslada a Tetu\u00e1n"},"content":{"rendered":"<p><img fetchpriority=\"high\" decoding=\"async\" class=\"alignleft size-medium wp-image-63393\" src=\"https:\/\/eldigitaldeasturias.com\/magazine365\/wp-content\/uploads\/2016\/02\/fotonoticia_20160205103639_800-360x239.jpg\" alt=\"fotonoticia_20160205103639_800\" width=\"360\" height=\"239\" srcset=\"https:\/\/eldigitaldeasturias.com\/magazine365\/wp-content\/uploads\/2016\/02\/fotonoticia_20160205103639_800-360x239.jpg 360w, https:\/\/eldigitaldeasturias.com\/magazine365\/wp-content\/uploads\/2016\/02\/fotonoticia_20160205103639_800-650x431.jpg 650w, https:\/\/eldigitaldeasturias.com\/magazine365\/wp-content\/uploads\/2016\/02\/fotonoticia_20160205103639_800-768x510.jpg 768w, https:\/\/eldigitaldeasturias.com\/magazine365\/wp-content\/uploads\/2016\/02\/fotonoticia_20160205103639_800-150x100.jpg 150w, https:\/\/eldigitaldeasturias.com\/magazine365\/wp-content\/uploads\/2016\/02\/fotonoticia_20160205103639_800-450x299.jpg 450w, https:\/\/eldigitaldeasturias.com\/magazine365\/wp-content\/uploads\/2016\/02\/fotonoticia_20160205103639_800-696x462.jpg 696w, https:\/\/eldigitaldeasturias.com\/magazine365\/wp-content\/uploads\/2016\/02\/fotonoticia_20160205103639_800-633x420.jpg 633w, https:\/\/eldigitaldeasturias.com\/magazine365\/wp-content\/uploads\/2016\/02\/fotonoticia_20160205103639_800-121x79.jpg 121w, https:\/\/eldigitaldeasturias.com\/magazine365\/wp-content\/uploads\/2016\/02\/fotonoticia_20160205103639_800-101x66.jpg 101w, https:\/\/eldigitaldeasturias.com\/magazine365\/wp-content\/uploads\/2016\/02\/fotonoticia_20160205103639_800.jpg 800w\" sizes=\"(max-width: 360px) 100vw, 360px\" \/>El Carnaval de Madrid se traslada este a\u00f1o al distrito de Tetu\u00e1n en su apuesta por la descentralizaci\u00f3n de las actividades de la ciudad, ha informado el Ayuntamiento de Madrid en un comunicado.<\/p>\n<p>Del 5 al 10 de febrero el Carnaval inundar\u00e1 las calles con pasacalles infantiles, un festival de m\u00fasicas y danzas del mundo, conciertos o las tradicionales chirigotas, comparsas y murgas.<\/p>\n<p>Otro de los atractivos de esta edici\u00f3n es que se podr\u00e1 disfrutar de las formas de celebrar el Carnaval en otros lugares del mundo, adem\u00e1s de en Espa\u00f1a. Brasil, la Rep\u00fablica Dominicana, Senegal, Paraguay, Per\u00fa o Colombia son algunos de los pa\u00edses representados.<\/p>\n<p>Adem\u00e1s, como novedad, este a\u00f1o se celebrar\u00e1 un desfile del Entierro de la Sardina en el distrito de Tetu\u00e1n, que se celebrar\u00e1 el mi\u00e9rcoles 10 de febrero desde la calle Francos Rodr\u00edguez hasta Dehesa de la Villa.<\/p>\n<p>La nueva ubicaci\u00f3n se enmarca en la l\u00ednea de descentralizaci\u00f3n del Gobierno municipal con \u00abuna apuesta desde el \u00e1rea de Cultura y Deportes por acercar la cultura a m\u00e1s puntos de la ciudad\u00bb, en coordinaci\u00f3n con la Junta Municipal del Distrito de Tetu\u00e1n.<\/p>\n<p>El Carnaval se vivir\u00e1 en enclaves como la calle Bravo Murillo o la plaza de la Remonta, as\u00ed como en instalaciones municipales, donde la ciudadan\u00eda ser\u00e1 protagonista.<\/p>\n<p>Un amplio grupo de asociaciones de vecinos de distintos distritos de Madrid, colectivos de diversidad funcional, organizaciones de cooperaci\u00f3n al desarrollo, grupos de artesanos y de artistas, entre otros, se han implicado activamente en la participaci\u00f3n y la organizaci\u00f3n de estas fiestas.<\/p>\n<p>En estas semanas previas a la celebraci\u00f3n se est\u00e1n desarrollando talleres y actividades de creaci\u00f3n colectiva abiertos a todos los vecinos de Madrid.<\/p>\n<p>En esta edici\u00f3n el pasacalles rinde homenaje a uno de los personajes que mejor representan el esp\u00edritu carnavalesco, los bufones, que tomar\u00e1n las calles de Tetu\u00e1n para contagiar su energ\u00eda a trav\u00e9s de la risa, la transgresi\u00f3n, el juego y la fantas\u00eda.<\/p>\n<p>Ellos ser\u00e1n los protagonistas del Gran Pasacalles del Carnaval, que tendr\u00e1 lugar el s\u00e1bado 6 de febrero a partir de las 17 horas, y que recorrer\u00e1 el tramo de la calle de Bravo Murillo entre la calle Almansa y la de Pinos Alta.<\/p>\n<p>Al concluir el pasacalles tendr\u00e1 lugar el \u00abantipreg\u00f3n\u00bb y un espect\u00e1culo de bufonadas carnavalescas. Como broche final se organizar\u00e1 un concierto que rendir\u00e1 culto al soul y al funk con Freedonia y CosmoSoul.<\/p>\n<p>Adem\u00e1s, y como todos los a\u00f1os para concluir la celebraciones de Carnaval, los miembros de la Alegre Cofrad\u00eda con su tradicional pasacalles pondr\u00e1 fin a cinco d\u00edas de Carnaval, dando paso al entierro de la Sardina. Por la tarde del d\u00eda 10 de febrero, a las 17 horas, ir\u00e1n en procesi\u00f3n desde la iglesia de San Antonio de la Florida, donde rinden homenaje a Francisco de Goya, hasta la Fuente de los Pajaritos, en la Casa de Campo, donde la enterrar\u00e1n.<\/p>\n","protected":false},"excerpt":{"rendered":"<p>El Carnaval de Madrid se traslada este a\u00f1o al distrito de Tetu\u00e1n en su apuesta por la descentralizaci\u00f3n de las actividades de la ciudad, ha informado el Ayuntamiento de Madrid en un comunicado. Del 5 al 10 de febrero el Carnaval inundar\u00e1 las calles con pasacalles infantiles, un festival de m\u00fasicas y danzas del mundo,<\/p>\n","protected":false},"author":1,"featured_media":63393,"comment_status":"open","ping_status":"closed","sticky":false,"template":"","format":"standard","meta":{"footnotes":""},"categories":[224],"tags":[],"class_list":{"0":"post-63392","1":"post","2":"type-post","3":"status-publish","4":"format-standard","5":"has-post-thumbnail","7":"category-noticias-actualidad"},"aioseo_notices":[],"aioseo_head":"\n\t\t<!-- All in One SEO Pro 4.9.6.1 - aioseo.com -->\n\t<meta name=\"description\" content=\"El Carnaval de Madrid se traslada este a\u00f1o al distrito de Tetu\u00e1n en su apuesta por la descentralizaci\u00f3n de las actividades de la ciudad, ha informado el Ayuntamiento de Madrid en un comunicado. Del 5 al 10 de febrero el Carnaval inundar\u00e1 las calles con pasacalles infantiles, un festival de m\u00fasicas y danzas del mundo,\" \/>\n\t<meta name=\"robots\" content=\"max-image-preview:large\" \/>\n\t<meta name=\"author\" content=\"admin\"\/>\n\t<meta name=\"google-site-verification\" content=\"UA-38556648-1\" \/>\n\t<meta name=\"keywords\" content=\"noticias y actualidad\" \/>\n\t<link rel=\"canonical\" href=\"https:\/\/eldigitaldeasturias.com\/magazine365\/el-carnaval-de-madrid-se-traslada-a-tetuan\/\" \/>\n\t<meta name=\"generator\" content=\"All in One SEO Pro (AIOSEO) 4.9.6.1\" \/>\n\t\t<meta property=\"og:locale\" content=\"es_ES\" \/>\n\t\t<meta property=\"og:site_name\" content=\"El Digital de Asturias \u2013 Revista de ocio, turismo y estilo de vida\" \/>\n\t\t<meta property=\"og:type\" content=\"article\" \/>\n\t\t<meta property=\"og:title\" content=\"El Carnaval de Madrid se traslada a Tetu\u00e1n | El Digital de Asturias\" \/>\n\t\t<meta property=\"og:description\" content=\"El Carnaval de Madrid se traslada este a\u00f1o al distrito de Tetu\u00e1n en su apuesta por la descentralizaci\u00f3n de las actividades de la ciudad, ha informado el Ayuntamiento de Madrid en un comunicado. Del 5 al 10 de febrero el Carnaval inundar\u00e1 las calles con pasacalles infantiles, un festival de m\u00fasicas y danzas del mundo,\" \/>\n\t\t<meta property=\"og:url\" content=\"https:\/\/eldigitaldeasturias.com\/magazine365\/el-carnaval-de-madrid-se-traslada-a-tetuan\/\" \/>\n\t\t<meta property=\"og:image\" content=\"https:\/\/eldigitaldeasturias.com\/magazine365\/wp-content\/uploads\/2016\/02\/fotonoticia_20160205103639_800.jpg\" \/>\n\t\t<meta property=\"og:image:secure_url\" content=\"https:\/\/eldigitaldeasturias.com\/magazine365\/wp-content\/uploads\/2016\/02\/fotonoticia_20160205103639_800.jpg\" \/>\n\t\t<meta property=\"og:image:width\" content=\"800\" \/>\n\t\t<meta property=\"og:image:height\" content=\"531\" \/>\n\t\t<meta property=\"article:published_time\" content=\"2016-02-06T22:50:10+00:00\" \/>\n\t\t<meta property=\"article:modified_time\" content=\"2016-02-06T22:50:10+00:00\" \/>\n\t\t<meta name=\"twitter:card\" content=\"summary_large_image\" \/>\n\t\t<meta name=\"twitter:title\" content=\"El Carnaval de Madrid se traslada a Tetu\u00e1n | El Digital de Asturias\" \/>\n\t\t<meta name=\"twitter:description\" content=\"El Carnaval de Madrid se traslada este a\u00f1o al distrito de Tetu\u00e1n en su apuesta por la descentralizaci\u00f3n de las actividades de la ciudad, ha informado el Ayuntamiento de Madrid en un comunicado. Del 5 al 10 de febrero el Carnaval inundar\u00e1 las calles con pasacalles infantiles, un festival de m\u00fasicas y danzas del mundo,\" \/>\n\t\t<meta name=\"twitter:image\" content=\"https:\/\/eldigitaldeasturias.com\/magazine365\/wp-content\/uploads\/2016\/02\/fotonoticia_20160205103639_800.jpg\" \/>\n\t\t<script type=\"application\/ld+json\" class=\"aioseo-schema\">\n\t\t\t{\"@context\":\"https:\\\/\\\/schema.org\",\"@graph\":[{\"@type\":\"Article\",\"@id\":\"https:\\\/\\\/eldigitaldeasturias.com\\\/magazine365\\\/el-carnaval-de-madrid-se-traslada-a-tetuan\\\/#article\",\"name\":\"El Carnaval de Madrid se traslada a Tetu\\u00e1n | El Digital de Asturias\",\"headline\":\"El Carnaval de Madrid se traslada a Tetu\\u00e1n\",\"author\":{\"@id\":\"https:\\\/\\\/eldigitaldeasturias.com\\\/magazine365\\\/author\\\/admin\\\/#author\"},\"publisher\":{\"@id\":\"https:\\\/\\\/eldigitaldeasturias.com\\\/magazine365\\\/#organization\"},\"image\":{\"@type\":\"ImageObject\",\"url\":\"https:\\\/\\\/eldigitaldeasturias.com\\\/magazine365\\\/wp-content\\\/uploads\\\/2016\\\/02\\\/fotonoticia_20160205103639_800.jpg\",\"width\":800,\"height\":531},\"datePublished\":\"2016-02-06T23:50:10+01:00\",\"dateModified\":\"2016-02-06T23:50:10+01:00\",\"inLanguage\":\"es-ES\",\"mainEntityOfPage\":{\"@id\":\"https:\\\/\\\/eldigitaldeasturias.com\\\/magazine365\\\/el-carnaval-de-madrid-se-traslada-a-tetuan\\\/#webpage\"},\"isPartOf\":{\"@id\":\"https:\\\/\\\/eldigitaldeasturias.com\\\/magazine365\\\/el-carnaval-de-madrid-se-traslada-a-tetuan\\\/#webpage\"},\"articleSection\":\"Noticias y Actualidad\"},{\"@type\":\"BreadcrumbList\",\"@id\":\"https:\\\/\\\/eldigitaldeasturias.com\\\/magazine365\\\/el-carnaval-de-madrid-se-traslada-a-tetuan\\\/#breadcrumblist\",\"itemListElement\":[{\"@type\":\"ListItem\",\"@id\":\"https:\\\/\\\/eldigitaldeasturias.com\\\/magazine365#listItem\",\"position\":1,\"name\":\"Home\",\"item\":\"https:\\\/\\\/eldigitaldeasturias.com\\\/magazine365\",\"nextItem\":{\"@type\":\"ListItem\",\"@id\":\"https:\\\/\\\/eldigitaldeasturias.com\\\/magazine365\\\/category\\\/noticias-actualidad\\\/#listItem\",\"name\":\"Noticias y Actualidad\"}},{\"@type\":\"ListItem\",\"@id\":\"https:\\\/\\\/eldigitaldeasturias.com\\\/magazine365\\\/category\\\/noticias-actualidad\\\/#listItem\",\"position\":2,\"name\":\"Noticias y Actualidad\",\"item\":\"https:\\\/\\\/eldigitaldeasturias.com\\\/magazine365\\\/category\\\/noticias-actualidad\\\/\",\"nextItem\":{\"@type\":\"ListItem\",\"@id\":\"https:\\\/\\\/eldigitaldeasturias.com\\\/magazine365\\\/el-carnaval-de-madrid-se-traslada-a-tetuan\\\/#listItem\",\"name\":\"El Carnaval de Madrid se traslada a Tetu\\u00e1n\"},\"previousItem\":{\"@type\":\"ListItem\",\"@id\":\"https:\\\/\\\/eldigitaldeasturias.com\\\/magazine365#listItem\",\"name\":\"Home\"}},{\"@type\":\"ListItem\",\"@id\":\"https:\\\/\\\/eldigitaldeasturias.com\\\/magazine365\\\/el-carnaval-de-madrid-se-traslada-a-tetuan\\\/#listItem\",\"position\":3,\"name\":\"El Carnaval de Madrid se traslada a Tetu\\u00e1n\",\"previousItem\":{\"@type\":\"ListItem\",\"@id\":\"https:\\\/\\\/eldigitaldeasturias.com\\\/magazine365\\\/category\\\/noticias-actualidad\\\/#listItem\",\"name\":\"Noticias y Actualidad\"}}]},{\"@type\":\"Organization\",\"@id\":\"https:\\\/\\\/eldigitaldeasturias.com\\\/magazine365\\\/#organization\",\"name\":\"El digital de Asturias\",\"description\":\"Revista de ocio, turismo y estilo de vida\",\"url\":\"https:\\\/\\\/eldigitaldeasturias.com\\\/magazine365\\\/\",\"logo\":{\"@type\":\"ImageObject\",\"url\":\"https:\\\/\\\/www.eldigitaldeasturias.com\\\/noticias\\\/wp-content\\\/uploads\\\/2020\\\/12\\\/EDA.jpg\",\"@id\":\"https:\\\/\\\/eldigitaldeasturias.com\\\/magazine365\\\/el-carnaval-de-madrid-se-traslada-a-tetuan\\\/#organizationLogo\"},\"image\":{\"@id\":\"https:\\\/\\\/eldigitaldeasturias.com\\\/magazine365\\\/el-carnaval-de-madrid-se-traslada-a-tetuan\\\/#organizationLogo\"}},{\"@type\":\"Person\",\"@id\":\"https:\\\/\\\/eldigitaldeasturias.com\\\/magazine365\\\/author\\\/admin\\\/#author\",\"url\":\"https:\\\/\\\/eldigitaldeasturias.com\\\/magazine365\\\/author\\\/admin\\\/\",\"name\":\"admin\",\"image\":{\"@type\":\"ImageObject\",\"@id\":\"https:\\\/\\\/eldigitaldeasturias.com\\\/magazine365\\\/el-carnaval-de-madrid-se-traslada-a-tetuan\\\/#authorImage\",\"url\":\"https:\\\/\\\/eldigitaldeasturias.com\\\/magazine365\\\/wp-content\\\/litespeed\\\/avatar\\\/e571bcf59a0edd6fa6838245a470f2fe.jpg?ver=1776969259\",\"width\":96,\"height\":96,\"caption\":\"admin\"}},{\"@type\":\"WebPage\",\"@id\":\"https:\\\/\\\/eldigitaldeasturias.com\\\/magazine365\\\/el-carnaval-de-madrid-se-traslada-a-tetuan\\\/#webpage\",\"url\":\"https:\\\/\\\/eldigitaldeasturias.com\\\/magazine365\\\/el-carnaval-de-madrid-se-traslada-a-tetuan\\\/\",\"name\":\"El Carnaval de Madrid se traslada a Tetu\\u00e1n | El Digital de Asturias\",\"description\":\"El Carnaval de Madrid se traslada este a\\u00f1o al distrito de Tetu\\u00e1n en su apuesta por la descentralizaci\\u00f3n de las actividades de la ciudad, ha informado el Ayuntamiento de Madrid en un comunicado. Del 5 al 10 de febrero el Carnaval inundar\\u00e1 las calles con pasacalles infantiles, un festival de m\\u00fasicas y danzas del mundo,\",\"inLanguage\":\"es-ES\",\"isPartOf\":{\"@id\":\"https:\\\/\\\/eldigitaldeasturias.com\\\/magazine365\\\/#website\"},\"breadcrumb\":{\"@id\":\"https:\\\/\\\/eldigitaldeasturias.com\\\/magazine365\\\/el-carnaval-de-madrid-se-traslada-a-tetuan\\\/#breadcrumblist\"},\"author\":{\"@id\":\"https:\\\/\\\/eldigitaldeasturias.com\\\/magazine365\\\/author\\\/admin\\\/#author\"},\"creator\":{\"@id\":\"https:\\\/\\\/eldigitaldeasturias.com\\\/magazine365\\\/author\\\/admin\\\/#author\"},\"image\":{\"@type\":\"ImageObject\",\"url\":\"https:\\\/\\\/eldigitaldeasturias.com\\\/magazine365\\\/wp-content\\\/uploads\\\/2016\\\/02\\\/fotonoticia_20160205103639_800.jpg\",\"@id\":\"https:\\\/\\\/eldigitaldeasturias.com\\\/magazine365\\\/el-carnaval-de-madrid-se-traslada-a-tetuan\\\/#mainImage\",\"width\":800,\"height\":531},\"primaryImageOfPage\":{\"@id\":\"https:\\\/\\\/eldigitaldeasturias.com\\\/magazine365\\\/el-carnaval-de-madrid-se-traslada-a-tetuan\\\/#mainImage\"},\"datePublished\":\"2016-02-06T23:50:10+01:00\",\"dateModified\":\"2016-02-06T23:50:10+01:00\"},{\"@type\":\"WebSite\",\"@id\":\"https:\\\/\\\/eldigitaldeasturias.com\\\/magazine365\\\/#website\",\"url\":\"https:\\\/\\\/eldigitaldeasturias.com\\\/magazine365\\\/\",\"name\":\"El Digital de Asturias\",\"description\":\"Revista de ocio, turismo y estilo de vida\",\"inLanguage\":\"es-ES\",\"publisher\":{\"@id\":\"https:\\\/\\\/eldigitaldeasturias.com\\\/magazine365\\\/#organization\"}}]}\n\t\t<\/script>\n\t\t<!-- All in One SEO Pro -->\r\n\t\t<title>El Carnaval de Madrid se traslada a Tetu\u00e1n | El Digital de Asturias<\/title>\n\n","aioseo_head_json":{"title":"El Carnaval de Madrid se traslada a Tetu\u00e1n | El Digital de Asturias","description":"El Carnaval de Madrid se traslada este a\u00f1o al distrito de Tetu\u00e1n en su apuesta por la descentralizaci\u00f3n de las actividades de la ciudad, ha informado el Ayuntamiento de Madrid en un comunicado. Del 5 al 10 de febrero el Carnaval inundar\u00e1 las calles con pasacalles infantiles, un festival de m\u00fasicas y danzas del mundo,","canonical_url":"https:\/\/eldigitaldeasturias.com\/magazine365\/el-carnaval-de-madrid-se-traslada-a-tetuan\/","robots":"max-image-preview:large","keywords":"noticias y actualidad","webmasterTools":{"google-site-verification":"UA-38556648-1","miscellaneous":""},"schema":{"@context":"https:\/\/schema.org","@graph":[{"@type":"Article","@id":"https:\/\/eldigitaldeasturias.com\/magazine365\/el-carnaval-de-madrid-se-traslada-a-tetuan\/#article","name":"El Carnaval de Madrid se traslada a Tetu\u00e1n | El Digital de Asturias","headline":"El Carnaval de Madrid se traslada a Tetu\u00e1n","author":{"@id":"https:\/\/eldigitaldeasturias.com\/magazine365\/author\/admin\/#author"},"publisher":{"@id":"https:\/\/eldigitaldeasturias.com\/magazine365\/#organization"},"image":{"@type":"ImageObject","url":"https:\/\/eldigitaldeasturias.com\/magazine365\/wp-content\/uploads\/2016\/02\/fotonoticia_20160205103639_800.jpg","width":800,"height":531},"datePublished":"2016-02-06T23:50:10+01:00","dateModified":"2016-02-06T23:50:10+01:00","inLanguage":"es-ES","mainEntityOfPage":{"@id":"https:\/\/eldigitaldeasturias.com\/magazine365\/el-carnaval-de-madrid-se-traslada-a-tetuan\/#webpage"},"isPartOf":{"@id":"https:\/\/eldigitaldeasturias.com\/magazine365\/el-carnaval-de-madrid-se-traslada-a-tetuan\/#webpage"},"articleSection":"Noticias y Actualidad"},{"@type":"BreadcrumbList","@id":"https:\/\/eldigitaldeasturias.com\/magazine365\/el-carnaval-de-madrid-se-traslada-a-tetuan\/#breadcrumblist","itemListElement":[{"@type":"ListItem","@id":"https:\/\/eldigitaldeasturias.com\/magazine365#listItem","position":1,"name":"Home","item":"https:\/\/eldigitaldeasturias.com\/magazine365","nextItem":{"@type":"ListItem","@id":"https:\/\/eldigitaldeasturias.com\/magazine365\/category\/noticias-actualidad\/#listItem","name":"Noticias y Actualidad"}},{"@type":"ListItem","@id":"https:\/\/eldigitaldeasturias.com\/magazine365\/category\/noticias-actualidad\/#listItem","position":2,"name":"Noticias y Actualidad","item":"https:\/\/eldigitaldeasturias.com\/magazine365\/category\/noticias-actualidad\/","nextItem":{"@type":"ListItem","@id":"https:\/\/eldigitaldeasturias.com\/magazine365\/el-carnaval-de-madrid-se-traslada-a-tetuan\/#listItem","name":"El Carnaval de Madrid se traslada a Tetu\u00e1n"},"previousItem":{"@type":"ListItem","@id":"https:\/\/eldigitaldeasturias.com\/magazine365#listItem","name":"Home"}},{"@type":"ListItem","@id":"https:\/\/eldigitaldeasturias.com\/magazine365\/el-carnaval-de-madrid-se-traslada-a-tetuan\/#listItem","position":3,"name":"El Carnaval de Madrid se traslada a Tetu\u00e1n","previousItem":{"@type":"ListItem","@id":"https:\/\/eldigitaldeasturias.com\/magazine365\/category\/noticias-actualidad\/#listItem","name":"Noticias y Actualidad"}}]},{"@type":"Organization","@id":"https:\/\/eldigitaldeasturias.com\/magazine365\/#organization","name":"El digital de Asturias","description":"Revista de ocio, turismo y estilo de vida","url":"https:\/\/eldigitaldeasturias.com\/magazine365\/","logo":{"@type":"ImageObject","url":"https:\/\/www.eldigitaldeasturias.com\/noticias\/wp-content\/uploads\/2020\/12\/EDA.jpg","@id":"https:\/\/eldigitaldeasturias.com\/magazine365\/el-carnaval-de-madrid-se-traslada-a-tetuan\/#organizationLogo"},"image":{"@id":"https:\/\/eldigitaldeasturias.com\/magazine365\/el-carnaval-de-madrid-se-traslada-a-tetuan\/#organizationLogo"}},{"@type":"Person","@id":"https:\/\/eldigitaldeasturias.com\/magazine365\/author\/admin\/#author","url":"https:\/\/eldigitaldeasturias.com\/magazine365\/author\/admin\/","name":"admin","image":{"@type":"ImageObject","@id":"https:\/\/eldigitaldeasturias.com\/magazine365\/el-carnaval-de-madrid-se-traslada-a-tetuan\/#authorImage","url":"https:\/\/eldigitaldeasturias.com\/magazine365\/wp-content\/litespeed\/avatar\/e571bcf59a0edd6fa6838245a470f2fe.jpg?ver=1776969259","width":96,"height":96,"caption":"admin"}},{"@type":"WebPage","@id":"https:\/\/eldigitaldeasturias.com\/magazine365\/el-carnaval-de-madrid-se-traslada-a-tetuan\/#webpage","url":"https:\/\/eldigitaldeasturias.com\/magazine365\/el-carnaval-de-madrid-se-traslada-a-tetuan\/","name":"El Carnaval de Madrid se traslada a Tetu\u00e1n | El Digital de Asturias","description":"El Carnaval de Madrid se traslada este a\u00f1o al distrito de Tetu\u00e1n en su apuesta por la descentralizaci\u00f3n de las actividades de la ciudad, ha informado el Ayuntamiento de Madrid en un comunicado. Del 5 al 10 de febrero el Carnaval inundar\u00e1 las calles con pasacalles infantiles, un festival de m\u00fasicas y danzas del mundo,","inLanguage":"es-ES","isPartOf":{"@id":"https:\/\/eldigitaldeasturias.com\/magazine365\/#website"},"breadcrumb":{"@id":"https:\/\/eldigitaldeasturias.com\/magazine365\/el-carnaval-de-madrid-se-traslada-a-tetuan\/#breadcrumblist"},"author":{"@id":"https:\/\/eldigitaldeasturias.com\/magazine365\/author\/admin\/#author"},"creator":{"@id":"https:\/\/eldigitaldeasturias.com\/magazine365\/author\/admin\/#author"},"image":{"@type":"ImageObject","url":"https:\/\/eldigitaldeasturias.com\/magazine365\/wp-content\/uploads\/2016\/02\/fotonoticia_20160205103639_800.jpg","@id":"https:\/\/eldigitaldeasturias.com\/magazine365\/el-carnaval-de-madrid-se-traslada-a-tetuan\/#mainImage","width":800,"height":531},"primaryImageOfPage":{"@id":"https:\/\/eldigitaldeasturias.com\/magazine365\/el-carnaval-de-madrid-se-traslada-a-tetuan\/#mainImage"},"datePublished":"2016-02-06T23:50:10+01:00","dateModified":"2016-02-06T23:50:10+01:00"},{"@type":"WebSite","@id":"https:\/\/eldigitaldeasturias.com\/magazine365\/#website","url":"https:\/\/eldigitaldeasturias.com\/magazine365\/","name":"El Digital de Asturias","description":"Revista de ocio, turismo y estilo de vida","inLanguage":"es-ES","publisher":{"@id":"https:\/\/eldigitaldeasturias.com\/magazine365\/#organization"}}]},"og:locale":"es_ES","og:site_name":"El Digital de Asturias \u2013 Revista de ocio, turismo y estilo de vida","og:type":"article","og:title":"El Carnaval de Madrid se traslada a Tetu\u00e1n | El Digital de Asturias","og:description":"El Carnaval de Madrid se traslada este a\u00f1o al distrito de Tetu\u00e1n en su apuesta por la descentralizaci\u00f3n de las actividades de la ciudad, ha informado el Ayuntamiento de Madrid en un comunicado. Del 5 al 10 de febrero el Carnaval inundar\u00e1 las calles con pasacalles infantiles, un festival de m\u00fasicas y danzas del mundo,","og:url":"https:\/\/eldigitaldeasturias.com\/magazine365\/el-carnaval-de-madrid-se-traslada-a-tetuan\/","og:image":"https:\/\/eldigitaldeasturias.com\/magazine365\/wp-content\/uploads\/2016\/02\/fotonoticia_20160205103639_800.jpg","og:image:secure_url":"https:\/\/eldigitaldeasturias.com\/magazine365\/wp-content\/uploads\/2016\/02\/fotonoticia_20160205103639_800.jpg","og:image:width":800,"og:image:height":531,"article:published_time":"2016-02-06T22:50:10+00:00","article:modified_time":"2016-02-06T22:50:10+00:00","twitter:card":"summary_large_image","twitter:title":"El Carnaval de Madrid se traslada a Tetu\u00e1n | El Digital de Asturias","twitter:description":"El Carnaval de Madrid se traslada este a\u00f1o al distrito de Tetu\u00e1n en su apuesta por la descentralizaci\u00f3n de las actividades de la ciudad, ha informado el Ayuntamiento de Madrid en un comunicado. Del 5 al 10 de febrero el Carnaval inundar\u00e1 las calles con pasacalles infantiles, un festival de m\u00fasicas y danzas del mundo,","twitter:image":"https:\/\/eldigitaldeasturias.com\/magazine365\/wp-content\/uploads\/2016\/02\/fotonoticia_20160205103639_800.jpg"},"aioseo_meta_data":{"post_id":"63392","title":null,"description":null,"keywords":null,"keyphrases":null,"primary_term":null,"canonical_url":null,"og_title":null,"og_description":null,"og_object_type":"default","og_image_type":"default","og_image_url":null,"og_image_width":null,"og_image_height":null,"og_image_custom_url":null,"og_image_custom_fields":null,"og_video":null,"og_custom_url":null,"og_article_section":null,"og_article_tags":null,"twitter_use_og":false,"twitter_card":"default","twitter_image_type":"default","twitter_image_url":null,"twitter_image_custom_url":null,"twitter_image_custom_fields":null,"twitter_title":null,"twitter_description":null,"schema":{"blockGraphs":[],"customGraphs":[],"default":{"data":{"Article":[],"Course":[],"Dataset":[],"FAQPage":[],"Movie":[],"Person":[],"Product":[],"ProductReview":[],"Car":[],"Recipe":[],"Service":[],"SoftwareApplication":[],"WebPage":[]},"graphName":"","isEnabled":true},"graphs":[],"defaultGraph":"","defaultPostTypeGraph":""},"schema_type":null,"schema_type_options":null,"pillar_content":false,"robots_default":true,"robots_noindex":false,"robots_noarchive":false,"robots_nosnippet":false,"robots_nofollow":false,"robots_noimageindex":false,"robots_noodp":false,"robots_notranslate":false,"robots_max_snippet":null,"robots_max_videopreview":null,"robots_max_imagepreview":"large","priority":null,"frequency":null,"location":null,"local_seo":null,"seo_analyzer_scan_date":"2025-09-25 13:02:18","breadcrumb_settings":null,"limit_modified_date":false,"open_ai":null,"ai":null,"created":"2021-03-08 21:24:01","updated":"2025-09-25 13:02:18"},"aioseo_breadcrumb":"<div class=\"aioseo-breadcrumbs\"><span class=\"aioseo-breadcrumb\">\n\t<a href=\"https:\/\/eldigitaldeasturias.com\/magazine365\" title=\"Home\">Home<\/a>\n<\/span><span class=\"aioseo-breadcrumb-separator\">\u2013<\/span><span class=\"aioseo-breadcrumb\">\n\t<a href=\"https:\/\/eldigitaldeasturias.com\/magazine365\/category\/noticias-actualidad\/\" title=\"Noticias y Actualidad\">Noticias y Actualidad<\/a>\n<\/span><span class=\"aioseo-breadcrumb-separator\">\u2013<\/span><span class=\"aioseo-breadcrumb\">\n\t<a href=\"https:\/\/eldigitaldeasturias.com\/magazine365\/el-carnaval-de-madrid-se-traslada-a-tetuan\/\" title=\"El Carnaval de Madrid se traslada a Tetu\u00e1n\">El Carnaval de Madrid se traslada a Tetu\u00e1n<\/a>\n<\/span><\/div>","aioseo_breadcrumb_json":[{"label":"Home","link":"https:\/\/eldigitaldeasturias.com\/magazine365"},{"label":"Noticias y Actualidad","link":"https:\/\/eldigitaldeasturias.com\/magazine365\/category\/noticias-actualidad\/"},{"label":"El Carnaval de Madrid se traslada a Tetu\u00e1n","link":"https:\/\/eldigitaldeasturias.com\/magazine365\/el-carnaval-de-madrid-se-traslada-a-tetuan\/"}],"_links":{"self":[{"href":"https:\/\/eldigitaldeasturias.com\/magazine365\/wp-json\/wp\/v2\/posts\/63392","targetHints":{"allow":["GET"]}}],"collection":[{"href":"https:\/\/eldigitaldeasturias.com\/magazine365\/wp-json\/wp\/v2\/posts"}],"about":[{"href":"https:\/\/eldigitaldeasturias.com\/magazine365\/wp-json\/wp\/v2\/types\/post"}],"author":[{"embeddable":true,"href":"https:\/\/eldigitaldeasturias.com\/magazine365\/wp-json\/wp\/v2\/users\/1"}],"replies":[{"embeddable":true,"href":"https:\/\/eldigitaldeasturias.com\/magazine365\/wp-json\/wp\/v2\/comments?post=63392"}],"version-history":[{"count":0,"href":"https:\/\/eldigitaldeasturias.com\/magazine365\/wp-json\/wp\/v2\/posts\/63392\/revisions"}],"wp:featuredmedia":[{"embeddable":true,"href":"https:\/\/eldigitaldeasturias.com\/magazine365\/wp-json\/wp\/v2\/media\/63393"}],"wp:attachment":[{"href":"https:\/\/eldigitaldeasturias.com\/magazine365\/wp-json\/wp\/v2\/media?parent=63392"}],"wp:term":[{"taxonomy":"category","embeddable":true,"href":"https:\/\/eldigitaldeasturias.com\/magazine365\/wp-json\/wp\/v2\/categories?post=63392"},{"taxonomy":"post_tag","embeddable":true,"href":"https:\/\/eldigitaldeasturias.com\/magazine365\/wp-json\/wp\/v2\/tags?post=63392"}],"curies":[{"name":"wp","href":"https:\/\/api.w.org\/{rel}","templated":true}]}}