{"id":63389,"date":"2016-02-06T23:22:04","date_gmt":"2016-02-06T22:22:04","guid":{"rendered":"http:\/\/eldigitaldeasturias.com\/magazine365\/?p=63389"},"modified":"2016-02-06T23:22:04","modified_gmt":"2016-02-06T22:22:04","slug":"magia-y-los-concursos-de-murgas-comparsas-y-disfraces-abren-el-carnaval-en-santander","status":"publish","type":"post","link":"https:\/\/eldigitaldeasturias.com\/magazine365\/magia-y-los-concursos-de-murgas-comparsas-y-disfraces-abren-el-carnaval-en-santander\/","title":{"rendered":"Magia y los concursos de murgas, comparsas y disfraces abren el Carnaval en Santander"},"content":{"rendered":"<p><img fetchpriority=\"high\" decoding=\"async\" class=\"alignleft size-medium wp-image-63390\" src=\"https:\/\/eldigitaldeasturias.com\/magazine365\/wp-content\/uploads\/2016\/02\/fotonoticia_20160205103511_800-360x230.jpg\" alt=\"fotonoticia_20160205103511_800\" width=\"360\" height=\"230\" srcset=\"https:\/\/eldigitaldeasturias.com\/magazine365\/wp-content\/uploads\/2016\/02\/fotonoticia_20160205103511_800-360x230.jpg 360w, https:\/\/eldigitaldeasturias.com\/magazine365\/wp-content\/uploads\/2016\/02\/fotonoticia_20160205103511_800-650x416.jpg 650w, https:\/\/eldigitaldeasturias.com\/magazine365\/wp-content\/uploads\/2016\/02\/fotonoticia_20160205103511_800-768x492.jpg 768w, https:\/\/eldigitaldeasturias.com\/magazine365\/wp-content\/uploads\/2016\/02\/fotonoticia_20160205103511_800-150x96.jpg 150w, https:\/\/eldigitaldeasturias.com\/magazine365\/wp-content\/uploads\/2016\/02\/fotonoticia_20160205103511_800-450x288.jpg 450w, https:\/\/eldigitaldeasturias.com\/magazine365\/wp-content\/uploads\/2016\/02\/fotonoticia_20160205103511_800-696x445.jpg 696w, https:\/\/eldigitaldeasturias.com\/magazine365\/wp-content\/uploads\/2016\/02\/fotonoticia_20160205103511_800-656x420.jpg 656w, https:\/\/eldigitaldeasturias.com\/magazine365\/wp-content\/uploads\/2016\/02\/fotonoticia_20160205103511_800-225x145.jpg 225w, https:\/\/eldigitaldeasturias.com\/magazine365\/wp-content\/uploads\/2016\/02\/fotonoticia_20160205103511_800-355x226.jpg 355w, https:\/\/eldigitaldeasturias.com\/magazine365\/wp-content\/uploads\/2016\/02\/fotonoticia_20160205103511_800-101x66.jpg 101w, https:\/\/eldigitaldeasturias.com\/magazine365\/wp-content\/uploads\/2016\/02\/fotonoticia_20160205103511_800.jpg 800w\" sizes=\"(max-width: 360px) 100vw, 360px\" \/>Las actividades organizadas por el Ayuntamiento de Santander para celebrar el Carnaval 2016 arrancar\u00e1n este viernes, 5 de febrero, con una fiesta en el Palacio de Deportes, a partir de las 20.45 horas, que se iniciar\u00e1 con un espect\u00e1culo de magia a cargo de Ra\u00fal Alegr\u00eda creado especialmente para la ocasi\u00f3n.<\/p>\n<p>La primera jornada del carnaval incluir\u00e1 adem\u00e1s el concurso de murgas, en el que participar\u00e1n &#8216;Los S\u00faper Raqueros&#8217; y &#8216;Los Machichacos&#8217;, as\u00ed como el de comparsas y disfraces.<\/p>\n<p>Este a\u00f1o m\u00e1s de 1.000 personas, 400 de ellos ni\u00f1os, y un total de 18 comparsas animar\u00e1n el Carnaval de Santander, que se celebrar\u00e1 durante todo el fin de semana.<\/p>\n<p>Las actividades continuar\u00e1n el s\u00e1bado 6 con el Gran Desfile de Carnaval, que recorrer\u00e1 las principales calles de la ciudad. Partir\u00e1 a las 18:00 horas de Perines, continuar\u00e1 por Jes\u00fas de Monasterio, el Ayuntamiento, la Avenida de Calvo Sotelo y llegar\u00e1 al Paseo de Pereda. En el desfile participar\u00e1n dos carrozas, -una de la Pe\u00f1a La Pera y una de Los Arreglaos-, y 17 veh\u00edculos disfrazados.<\/p>\n<p>Tras finalizar el recorrido en el Paseo de Pereda, los participantes se trasladar\u00e1n de nuevo al Palacio de los Deportes, donde se celebrar\u00e1 la fiesta de entrega de los premios del Carnaval, que incluir\u00e1 la entrega de la Copa de Cava a los Bomberos de Santander, y la Copa de Vinagre, a los causantes de los incendios que asolaron Cantabria. Adem\u00e1s, habr\u00e1 una menci\u00f3n especial a todos los efectivos que participaron en las labores de extinci\u00f3n de estos incendios.<\/p>\n<p>Durante la tarde del s\u00e1bado, tendr\u00e1 lugar la iniciativa &#8216;Bocadillo Solidario&#8217; con la que se repartir\u00e1n bocadillos al precio de 1 euro, y cuya recaudaci\u00f3n se destinar\u00e1 a la Cocina Econ\u00f3mica; y una macro-discoteca de carnaval pondr\u00e1 el broche final a la jornada del s\u00e1bado.<\/p>\n<p>El domingo d\u00eda 7 las actividades comenzar\u00e1n a las 11.00 horas con una fiesta infantil que se prolongar\u00e1 hasta las 14.00 horas en el Palacio de los Deportes. Habr\u00e1 actividades, hinchables, y un espect\u00e1culo para el p\u00fablico familiar al que seguir\u00e1 el desfile infantil de disfraces.<\/p>\n<p>Por la tarde, el Entierro de la Sardina se iniciar\u00e1 con un responso y los rezos de los participantes en la Plaza del Ayuntamiento, y la comitiva f\u00fanebre se dirigir\u00e1 a la Plaza de Alfonso XIII, donde se proceder\u00e1 a la quema, que despedir\u00e1 el Carnaval 2016.<\/p>\n<p>CARNAVAL EN LOS CENTROS C\u00cdVICOS<\/p>\n<p>Los centros c\u00edvicos tambi\u00e9n celebrar\u00e1n una fiesta este viernes, a las 18.00 horas, en el Centro C\u00edvico de Nueva Monta\u00f1a, e incluir\u00e1 una merienda, baile, juegos infantiles y un desfile de disfraces. Los vecinos que quieran participar podr\u00e1n inscribirse a partir de las 17.30 horas en el propio centro.<\/p>\n<p>Adem\u00e1s, el Centro C\u00edvico San Jos\u00e9 10 acoger\u00e1 una nueva edici\u00f3n de la ludoteca de Carnaval, los pr\u00f3ximos 8 y 9 de febrero, en horario de 10.00 a 13.00 horas, dirigida a ni\u00f1os de 4 a 12 a\u00f1os.<\/p>\n<p>MODIFICACI\u00d3N DE L\u00cdNEAS Y AUTOBUSES<\/p>\n<p>El s\u00e1bado y coincidiendo con el desfile, los autobuses municipales modificar\u00e1n sus recorridos en pr\u00e1cticamente la totalidad de las l\u00edneas desde las 18.00 horas hasta el final del mismo. Se desviar\u00e1n por Jer\u00f3nimo Sainz de la Maza y Marqu\u00e9s de la Hermida hacia la zona mar\u00edtima, pasando por la calle Castilla en las rutas de regreso. A pesar de estos cambios, se mantendr\u00e1n las mismas frecuencias.<\/p>\n<p>Adem\u00e1s, el servicio municipal de transporte p\u00fablico habilitar\u00e1 tres autobuses lanzadera que unir\u00e1n la rotonda del Paseo Pereda, donde finalizar\u00e1 el desfile, con el Palacio de Deportes, donde continuar\u00e1 la celebraci\u00f3n del Carnaval.<\/p>\n","protected":false},"excerpt":{"rendered":"<p>Las actividades organizadas por el Ayuntamiento de Santander para celebrar el Carnaval 2016 arrancar\u00e1n este viernes, 5 de febrero, con una fiesta en el Palacio de Deportes, a partir de las 20.45 horas, que se iniciar\u00e1 con un espect\u00e1culo de magia a cargo de Ra\u00fal Alegr\u00eda creado especialmente para la ocasi\u00f3n. La primera jornada del<\/p>\n","protected":false},"author":1,"featured_media":63390,"comment_status":"open","ping_status":"closed","sticky":false,"template":"","format":"standard","meta":{"footnotes":""},"categories":[224],"tags":[],"class_list":{"0":"post-63389","1":"post","2":"type-post","3":"status-publish","4":"format-standard","5":"has-post-thumbnail","7":"category-noticias-actualidad"},"aioseo_notices":[],"aioseo_head":"\n\t\t<!-- All in One SEO Pro 4.9.6.1 - aioseo.com -->\n\t<meta name=\"description\" content=\"Las actividades organizadas por el Ayuntamiento de Santander para celebrar el Carnaval 2016 arrancar\u00e1n este viernes, 5 de febrero, con una fiesta en el Palacio de Deportes, a partir de las 20.45 horas, que se iniciar\u00e1 con un espect\u00e1culo de magia a cargo de Ra\u00fal Alegr\u00eda creado especialmente para la ocasi\u00f3n. La primera jornada del\" \/>\n\t<meta name=\"robots\" content=\"max-image-preview:large\" \/>\n\t<meta name=\"author\" content=\"admin\"\/>\n\t<meta name=\"google-site-verification\" content=\"UA-38556648-1\" \/>\n\t<meta name=\"keywords\" content=\"noticias y actualidad\" \/>\n\t<link rel=\"canonical\" href=\"https:\/\/eldigitaldeasturias.com\/magazine365\/magia-y-los-concursos-de-murgas-comparsas-y-disfraces-abren-el-carnaval-en-santander\/\" \/>\n\t<meta name=\"generator\" content=\"All in One SEO Pro (AIOSEO) 4.9.6.1\" \/>\n\t\t<meta property=\"og:locale\" content=\"es_ES\" \/>\n\t\t<meta property=\"og:site_name\" content=\"El Digital de Asturias \u2013 Revista de ocio, turismo y estilo de vida\" \/>\n\t\t<meta property=\"og:type\" content=\"article\" \/>\n\t\t<meta property=\"og:title\" content=\"Magia y los concursos de murgas, comparsas y disfraces abren el Carnaval en Santander | El Digital de Asturias\" \/>\n\t\t<meta property=\"og:description\" content=\"Las actividades organizadas por el Ayuntamiento de Santander para celebrar el Carnaval 2016 arrancar\u00e1n este viernes, 5 de febrero, con una fiesta en el Palacio de Deportes, a partir de las 20.45 horas, que se iniciar\u00e1 con un espect\u00e1culo de magia a cargo de Ra\u00fal Alegr\u00eda creado especialmente para la ocasi\u00f3n. La primera jornada del\" \/>\n\t\t<meta property=\"og:url\" content=\"https:\/\/eldigitaldeasturias.com\/magazine365\/magia-y-los-concursos-de-murgas-comparsas-y-disfraces-abren-el-carnaval-en-santander\/\" \/>\n\t\t<meta property=\"og:image\" content=\"https:\/\/eldigitaldeasturias.com\/magazine365\/wp-content\/uploads\/2016\/02\/fotonoticia_20160205103511_800.jpg\" \/>\n\t\t<meta property=\"og:image:secure_url\" content=\"https:\/\/eldigitaldeasturias.com\/magazine365\/wp-content\/uploads\/2016\/02\/fotonoticia_20160205103511_800.jpg\" \/>\n\t\t<meta property=\"og:image:width\" content=\"800\" \/>\n\t\t<meta property=\"og:image:height\" content=\"512\" \/>\n\t\t<meta property=\"article:published_time\" content=\"2016-02-06T22:22:04+00:00\" \/>\n\t\t<meta property=\"article:modified_time\" content=\"2016-02-06T22:22:04+00:00\" \/>\n\t\t<meta name=\"twitter:card\" content=\"summary_large_image\" \/>\n\t\t<meta name=\"twitter:title\" content=\"Magia y los concursos de murgas, comparsas y disfraces abren el Carnaval en Santander | El Digital de Asturias\" \/>\n\t\t<meta name=\"twitter:description\" content=\"Las actividades organizadas por el Ayuntamiento de Santander para celebrar el Carnaval 2016 arrancar\u00e1n este viernes, 5 de febrero, con una fiesta en el Palacio de Deportes, a partir de las 20.45 horas, que se iniciar\u00e1 con un espect\u00e1culo de magia a cargo de Ra\u00fal Alegr\u00eda creado especialmente para la ocasi\u00f3n. La primera jornada del\" \/>\n\t\t<meta name=\"twitter:image\" content=\"https:\/\/eldigitaldeasturias.com\/magazine365\/wp-content\/uploads\/2016\/02\/fotonoticia_20160205103511_800.jpg\" \/>\n\t\t<script type=\"application\/ld+json\" class=\"aioseo-schema\">\n\t\t\t{\"@context\":\"https:\\\/\\\/schema.org\",\"@graph\":[{\"@type\":\"Article\",\"@id\":\"https:\\\/\\\/eldigitaldeasturias.com\\\/magazine365\\\/magia-y-los-concursos-de-murgas-comparsas-y-disfraces-abren-el-carnaval-en-santander\\\/#article\",\"name\":\"Magia y los concursos de murgas, comparsas y disfraces abren el Carnaval en Santander | El Digital de Asturias\",\"headline\":\"Magia y los concursos de murgas, comparsas y disfraces abren el Carnaval en Santander\",\"author\":{\"@id\":\"https:\\\/\\\/eldigitaldeasturias.com\\\/magazine365\\\/author\\\/admin\\\/#author\"},\"publisher\":{\"@id\":\"https:\\\/\\\/eldigitaldeasturias.com\\\/magazine365\\\/#organization\"},\"image\":{\"@type\":\"ImageObject\",\"url\":\"https:\\\/\\\/eldigitaldeasturias.com\\\/magazine365\\\/wp-content\\\/uploads\\\/2016\\\/02\\\/fotonoticia_20160205103511_800.jpg\",\"width\":800,\"height\":512},\"datePublished\":\"2016-02-06T23:22:04+01:00\",\"dateModified\":\"2016-02-06T23:22:04+01:00\",\"inLanguage\":\"es-ES\",\"mainEntityOfPage\":{\"@id\":\"https:\\\/\\\/eldigitaldeasturias.com\\\/magazine365\\\/magia-y-los-concursos-de-murgas-comparsas-y-disfraces-abren-el-carnaval-en-santander\\\/#webpage\"},\"isPartOf\":{\"@id\":\"https:\\\/\\\/eldigitaldeasturias.com\\\/magazine365\\\/magia-y-los-concursos-de-murgas-comparsas-y-disfraces-abren-el-carnaval-en-santander\\\/#webpage\"},\"articleSection\":\"Noticias y Actualidad\"},{\"@type\":\"BreadcrumbList\",\"@id\":\"https:\\\/\\\/eldigitaldeasturias.com\\\/magazine365\\\/magia-y-los-concursos-de-murgas-comparsas-y-disfraces-abren-el-carnaval-en-santander\\\/#breadcrumblist\",\"itemListElement\":[{\"@type\":\"ListItem\",\"@id\":\"https:\\\/\\\/eldigitaldeasturias.com\\\/magazine365#listItem\",\"position\":1,\"name\":\"Home\",\"item\":\"https:\\\/\\\/eldigitaldeasturias.com\\\/magazine365\",\"nextItem\":{\"@type\":\"ListItem\",\"@id\":\"https:\\\/\\\/eldigitaldeasturias.com\\\/magazine365\\\/category\\\/noticias-actualidad\\\/#listItem\",\"name\":\"Noticias y Actualidad\"}},{\"@type\":\"ListItem\",\"@id\":\"https:\\\/\\\/eldigitaldeasturias.com\\\/magazine365\\\/category\\\/noticias-actualidad\\\/#listItem\",\"position\":2,\"name\":\"Noticias y Actualidad\",\"item\":\"https:\\\/\\\/eldigitaldeasturias.com\\\/magazine365\\\/category\\\/noticias-actualidad\\\/\",\"nextItem\":{\"@type\":\"ListItem\",\"@id\":\"https:\\\/\\\/eldigitaldeasturias.com\\\/magazine365\\\/magia-y-los-concursos-de-murgas-comparsas-y-disfraces-abren-el-carnaval-en-santander\\\/#listItem\",\"name\":\"Magia y los concursos de murgas, comparsas y disfraces abren el Carnaval en Santander\"},\"previousItem\":{\"@type\":\"ListItem\",\"@id\":\"https:\\\/\\\/eldigitaldeasturias.com\\\/magazine365#listItem\",\"name\":\"Home\"}},{\"@type\":\"ListItem\",\"@id\":\"https:\\\/\\\/eldigitaldeasturias.com\\\/magazine365\\\/magia-y-los-concursos-de-murgas-comparsas-y-disfraces-abren-el-carnaval-en-santander\\\/#listItem\",\"position\":3,\"name\":\"Magia y los concursos de murgas, comparsas y disfraces abren el Carnaval en Santander\",\"previousItem\":{\"@type\":\"ListItem\",\"@id\":\"https:\\\/\\\/eldigitaldeasturias.com\\\/magazine365\\\/category\\\/noticias-actualidad\\\/#listItem\",\"name\":\"Noticias y Actualidad\"}}]},{\"@type\":\"Organization\",\"@id\":\"https:\\\/\\\/eldigitaldeasturias.com\\\/magazine365\\\/#organization\",\"name\":\"El digital de Asturias\",\"description\":\"Revista de ocio, turismo y estilo de vida\",\"url\":\"https:\\\/\\\/eldigitaldeasturias.com\\\/magazine365\\\/\",\"logo\":{\"@type\":\"ImageObject\",\"url\":\"https:\\\/\\\/www.eldigitaldeasturias.com\\\/noticias\\\/wp-content\\\/uploads\\\/2020\\\/12\\\/EDA.jpg\",\"@id\":\"https:\\\/\\\/eldigitaldeasturias.com\\\/magazine365\\\/magia-y-los-concursos-de-murgas-comparsas-y-disfraces-abren-el-carnaval-en-santander\\\/#organizationLogo\"},\"image\":{\"@id\":\"https:\\\/\\\/eldigitaldeasturias.com\\\/magazine365\\\/magia-y-los-concursos-de-murgas-comparsas-y-disfraces-abren-el-carnaval-en-santander\\\/#organizationLogo\"}},{\"@type\":\"Person\",\"@id\":\"https:\\\/\\\/eldigitaldeasturias.com\\\/magazine365\\\/author\\\/admin\\\/#author\",\"url\":\"https:\\\/\\\/eldigitaldeasturias.com\\\/magazine365\\\/author\\\/admin\\\/\",\"name\":\"admin\",\"image\":{\"@type\":\"ImageObject\",\"@id\":\"https:\\\/\\\/eldigitaldeasturias.com\\\/magazine365\\\/magia-y-los-concursos-de-murgas-comparsas-y-disfraces-abren-el-carnaval-en-santander\\\/#authorImage\",\"url\":\"https:\\\/\\\/eldigitaldeasturias.com\\\/magazine365\\\/wp-content\\\/litespeed\\\/avatar\\\/e571bcf59a0edd6fa6838245a470f2fe.jpg?ver=1776969259\",\"width\":96,\"height\":96,\"caption\":\"admin\"}},{\"@type\":\"WebPage\",\"@id\":\"https:\\\/\\\/eldigitaldeasturias.com\\\/magazine365\\\/magia-y-los-concursos-de-murgas-comparsas-y-disfraces-abren-el-carnaval-en-santander\\\/#webpage\",\"url\":\"https:\\\/\\\/eldigitaldeasturias.com\\\/magazine365\\\/magia-y-los-concursos-de-murgas-comparsas-y-disfraces-abren-el-carnaval-en-santander\\\/\",\"name\":\"Magia y los concursos de murgas, comparsas y disfraces abren el Carnaval en Santander | El Digital de Asturias\",\"description\":\"Las actividades organizadas por el Ayuntamiento de Santander para celebrar el Carnaval 2016 arrancar\\u00e1n este viernes, 5 de febrero, con una fiesta en el Palacio de Deportes, a partir de las 20.45 horas, que se iniciar\\u00e1 con un espect\\u00e1culo de magia a cargo de Ra\\u00fal Alegr\\u00eda creado especialmente para la ocasi\\u00f3n. La primera jornada del\",\"inLanguage\":\"es-ES\",\"isPartOf\":{\"@id\":\"https:\\\/\\\/eldigitaldeasturias.com\\\/magazine365\\\/#website\"},\"breadcrumb\":{\"@id\":\"https:\\\/\\\/eldigitaldeasturias.com\\\/magazine365\\\/magia-y-los-concursos-de-murgas-comparsas-y-disfraces-abren-el-carnaval-en-santander\\\/#breadcrumblist\"},\"author\":{\"@id\":\"https:\\\/\\\/eldigitaldeasturias.com\\\/magazine365\\\/author\\\/admin\\\/#author\"},\"creator\":{\"@id\":\"https:\\\/\\\/eldigitaldeasturias.com\\\/magazine365\\\/author\\\/admin\\\/#author\"},\"image\":{\"@type\":\"ImageObject\",\"url\":\"https:\\\/\\\/eldigitaldeasturias.com\\\/magazine365\\\/wp-content\\\/uploads\\\/2016\\\/02\\\/fotonoticia_20160205103511_800.jpg\",\"@id\":\"https:\\\/\\\/eldigitaldeasturias.com\\\/magazine365\\\/magia-y-los-concursos-de-murgas-comparsas-y-disfraces-abren-el-carnaval-en-santander\\\/#mainImage\",\"width\":800,\"height\":512},\"primaryImageOfPage\":{\"@id\":\"https:\\\/\\\/eldigitaldeasturias.com\\\/magazine365\\\/magia-y-los-concursos-de-murgas-comparsas-y-disfraces-abren-el-carnaval-en-santander\\\/#mainImage\"},\"datePublished\":\"2016-02-06T23:22:04+01:00\",\"dateModified\":\"2016-02-06T23:22:04+01:00\"},{\"@type\":\"WebSite\",\"@id\":\"https:\\\/\\\/eldigitaldeasturias.com\\\/magazine365\\\/#website\",\"url\":\"https:\\\/\\\/eldigitaldeasturias.com\\\/magazine365\\\/\",\"name\":\"El Digital de Asturias\",\"description\":\"Revista de ocio, turismo y estilo de vida\",\"inLanguage\":\"es-ES\",\"publisher\":{\"@id\":\"https:\\\/\\\/eldigitaldeasturias.com\\\/magazine365\\\/#organization\"}}]}\n\t\t<\/script>\n\t\t<!-- All in One SEO Pro -->\r\n\t\t<title>Magia y los concursos de murgas, comparsas y disfraces abren el Carnaval en Santander | El Digital de Asturias<\/title>\n\n","aioseo_head_json":{"title":"Magia y los concursos de murgas, comparsas y disfraces abren el Carnaval en Santander | El Digital de Asturias","description":"Las actividades organizadas por el Ayuntamiento de Santander para celebrar el Carnaval 2016 arrancar\u00e1n este viernes, 5 de febrero, con una fiesta en el Palacio de Deportes, a partir de las 20.45 horas, que se iniciar\u00e1 con un espect\u00e1culo de magia a cargo de Ra\u00fal Alegr\u00eda creado especialmente para la ocasi\u00f3n. La primera jornada del","canonical_url":"https:\/\/eldigitaldeasturias.com\/magazine365\/magia-y-los-concursos-de-murgas-comparsas-y-disfraces-abren-el-carnaval-en-santander\/","robots":"max-image-preview:large","keywords":"noticias y actualidad","webmasterTools":{"google-site-verification":"UA-38556648-1","miscellaneous":""},"schema":{"@context":"https:\/\/schema.org","@graph":[{"@type":"Article","@id":"https:\/\/eldigitaldeasturias.com\/magazine365\/magia-y-los-concursos-de-murgas-comparsas-y-disfraces-abren-el-carnaval-en-santander\/#article","name":"Magia y los concursos de murgas, comparsas y disfraces abren el Carnaval en Santander | El Digital de Asturias","headline":"Magia y los concursos de murgas, comparsas y disfraces abren el Carnaval en Santander","author":{"@id":"https:\/\/eldigitaldeasturias.com\/magazine365\/author\/admin\/#author"},"publisher":{"@id":"https:\/\/eldigitaldeasturias.com\/magazine365\/#organization"},"image":{"@type":"ImageObject","url":"https:\/\/eldigitaldeasturias.com\/magazine365\/wp-content\/uploads\/2016\/02\/fotonoticia_20160205103511_800.jpg","width":800,"height":512},"datePublished":"2016-02-06T23:22:04+01:00","dateModified":"2016-02-06T23:22:04+01:00","inLanguage":"es-ES","mainEntityOfPage":{"@id":"https:\/\/eldigitaldeasturias.com\/magazine365\/magia-y-los-concursos-de-murgas-comparsas-y-disfraces-abren-el-carnaval-en-santander\/#webpage"},"isPartOf":{"@id":"https:\/\/eldigitaldeasturias.com\/magazine365\/magia-y-los-concursos-de-murgas-comparsas-y-disfraces-abren-el-carnaval-en-santander\/#webpage"},"articleSection":"Noticias y Actualidad"},{"@type":"BreadcrumbList","@id":"https:\/\/eldigitaldeasturias.com\/magazine365\/magia-y-los-concursos-de-murgas-comparsas-y-disfraces-abren-el-carnaval-en-santander\/#breadcrumblist","itemListElement":[{"@type":"ListItem","@id":"https:\/\/eldigitaldeasturias.com\/magazine365#listItem","position":1,"name":"Home","item":"https:\/\/eldigitaldeasturias.com\/magazine365","nextItem":{"@type":"ListItem","@id":"https:\/\/eldigitaldeasturias.com\/magazine365\/category\/noticias-actualidad\/#listItem","name":"Noticias y Actualidad"}},{"@type":"ListItem","@id":"https:\/\/eldigitaldeasturias.com\/magazine365\/category\/noticias-actualidad\/#listItem","position":2,"name":"Noticias y Actualidad","item":"https:\/\/eldigitaldeasturias.com\/magazine365\/category\/noticias-actualidad\/","nextItem":{"@type":"ListItem","@id":"https:\/\/eldigitaldeasturias.com\/magazine365\/magia-y-los-concursos-de-murgas-comparsas-y-disfraces-abren-el-carnaval-en-santander\/#listItem","name":"Magia y los concursos de murgas, comparsas y disfraces abren el Carnaval en Santander"},"previousItem":{"@type":"ListItem","@id":"https:\/\/eldigitaldeasturias.com\/magazine365#listItem","name":"Home"}},{"@type":"ListItem","@id":"https:\/\/eldigitaldeasturias.com\/magazine365\/magia-y-los-concursos-de-murgas-comparsas-y-disfraces-abren-el-carnaval-en-santander\/#listItem","position":3,"name":"Magia y los concursos de murgas, comparsas y disfraces abren el Carnaval en Santander","previousItem":{"@type":"ListItem","@id":"https:\/\/eldigitaldeasturias.com\/magazine365\/category\/noticias-actualidad\/#listItem","name":"Noticias y Actualidad"}}]},{"@type":"Organization","@id":"https:\/\/eldigitaldeasturias.com\/magazine365\/#organization","name":"El digital de Asturias","description":"Revista de ocio, turismo y estilo de vida","url":"https:\/\/eldigitaldeasturias.com\/magazine365\/","logo":{"@type":"ImageObject","url":"https:\/\/www.eldigitaldeasturias.com\/noticias\/wp-content\/uploads\/2020\/12\/EDA.jpg","@id":"https:\/\/eldigitaldeasturias.com\/magazine365\/magia-y-los-concursos-de-murgas-comparsas-y-disfraces-abren-el-carnaval-en-santander\/#organizationLogo"},"image":{"@id":"https:\/\/eldigitaldeasturias.com\/magazine365\/magia-y-los-concursos-de-murgas-comparsas-y-disfraces-abren-el-carnaval-en-santander\/#organizationLogo"}},{"@type":"Person","@id":"https:\/\/eldigitaldeasturias.com\/magazine365\/author\/admin\/#author","url":"https:\/\/eldigitaldeasturias.com\/magazine365\/author\/admin\/","name":"admin","image":{"@type":"ImageObject","@id":"https:\/\/eldigitaldeasturias.com\/magazine365\/magia-y-los-concursos-de-murgas-comparsas-y-disfraces-abren-el-carnaval-en-santander\/#authorImage","url":"https:\/\/eldigitaldeasturias.com\/magazine365\/wp-content\/litespeed\/avatar\/e571bcf59a0edd6fa6838245a470f2fe.jpg?ver=1776969259","width":96,"height":96,"caption":"admin"}},{"@type":"WebPage","@id":"https:\/\/eldigitaldeasturias.com\/magazine365\/magia-y-los-concursos-de-murgas-comparsas-y-disfraces-abren-el-carnaval-en-santander\/#webpage","url":"https:\/\/eldigitaldeasturias.com\/magazine365\/magia-y-los-concursos-de-murgas-comparsas-y-disfraces-abren-el-carnaval-en-santander\/","name":"Magia y los concursos de murgas, comparsas y disfraces abren el Carnaval en Santander | El Digital de Asturias","description":"Las actividades organizadas por el Ayuntamiento de Santander para celebrar el Carnaval 2016 arrancar\u00e1n este viernes, 5 de febrero, con una fiesta en el Palacio de Deportes, a partir de las 20.45 horas, que se iniciar\u00e1 con un espect\u00e1culo de magia a cargo de Ra\u00fal Alegr\u00eda creado especialmente para la ocasi\u00f3n. La primera jornada del","inLanguage":"es-ES","isPartOf":{"@id":"https:\/\/eldigitaldeasturias.com\/magazine365\/#website"},"breadcrumb":{"@id":"https:\/\/eldigitaldeasturias.com\/magazine365\/magia-y-los-concursos-de-murgas-comparsas-y-disfraces-abren-el-carnaval-en-santander\/#breadcrumblist"},"author":{"@id":"https:\/\/eldigitaldeasturias.com\/magazine365\/author\/admin\/#author"},"creator":{"@id":"https:\/\/eldigitaldeasturias.com\/magazine365\/author\/admin\/#author"},"image":{"@type":"ImageObject","url":"https:\/\/eldigitaldeasturias.com\/magazine365\/wp-content\/uploads\/2016\/02\/fotonoticia_20160205103511_800.jpg","@id":"https:\/\/eldigitaldeasturias.com\/magazine365\/magia-y-los-concursos-de-murgas-comparsas-y-disfraces-abren-el-carnaval-en-santander\/#mainImage","width":800,"height":512},"primaryImageOfPage":{"@id":"https:\/\/eldigitaldeasturias.com\/magazine365\/magia-y-los-concursos-de-murgas-comparsas-y-disfraces-abren-el-carnaval-en-santander\/#mainImage"},"datePublished":"2016-02-06T23:22:04+01:00","dateModified":"2016-02-06T23:22:04+01:00"},{"@type":"WebSite","@id":"https:\/\/eldigitaldeasturias.com\/magazine365\/#website","url":"https:\/\/eldigitaldeasturias.com\/magazine365\/","name":"El Digital de Asturias","description":"Revista de ocio, turismo y estilo de vida","inLanguage":"es-ES","publisher":{"@id":"https:\/\/eldigitaldeasturias.com\/magazine365\/#organization"}}]},"og:locale":"es_ES","og:site_name":"El Digital de Asturias \u2013 Revista de ocio, turismo y estilo de vida","og:type":"article","og:title":"Magia y los concursos de murgas, comparsas y disfraces abren el Carnaval en Santander | El Digital de Asturias","og:description":"Las actividades organizadas por el Ayuntamiento de Santander para celebrar el Carnaval 2016 arrancar\u00e1n este viernes, 5 de febrero, con una fiesta en el Palacio de Deportes, a partir de las 20.45 horas, que se iniciar\u00e1 con un espect\u00e1culo de magia a cargo de Ra\u00fal Alegr\u00eda creado especialmente para la ocasi\u00f3n. La primera jornada del","og:url":"https:\/\/eldigitaldeasturias.com\/magazine365\/magia-y-los-concursos-de-murgas-comparsas-y-disfraces-abren-el-carnaval-en-santander\/","og:image":"https:\/\/eldigitaldeasturias.com\/magazine365\/wp-content\/uploads\/2016\/02\/fotonoticia_20160205103511_800.jpg","og:image:secure_url":"https:\/\/eldigitaldeasturias.com\/magazine365\/wp-content\/uploads\/2016\/02\/fotonoticia_20160205103511_800.jpg","og:image:width":800,"og:image:height":512,"article:published_time":"2016-02-06T22:22:04+00:00","article:modified_time":"2016-02-06T22:22:04+00:00","twitter:card":"summary_large_image","twitter:title":"Magia y los concursos de murgas, comparsas y disfraces abren el Carnaval en Santander | El Digital de Asturias","twitter:description":"Las actividades organizadas por el Ayuntamiento de Santander para celebrar el Carnaval 2016 arrancar\u00e1n este viernes, 5 de febrero, con una fiesta en el Palacio de Deportes, a partir de las 20.45 horas, que se iniciar\u00e1 con un espect\u00e1culo de magia a cargo de Ra\u00fal Alegr\u00eda creado especialmente para la ocasi\u00f3n. La primera jornada del","twitter:image":"https:\/\/eldigitaldeasturias.com\/magazine365\/wp-content\/uploads\/2016\/02\/fotonoticia_20160205103511_800.jpg"},"aioseo_meta_data":{"post_id":"63389","title":null,"description":null,"keywords":null,"keyphrases":null,"primary_term":null,"canonical_url":null,"og_title":null,"og_description":null,"og_object_type":"default","og_image_type":"default","og_image_url":null,"og_image_width":null,"og_image_height":null,"og_image_custom_url":null,"og_image_custom_fields":null,"og_video":null,"og_custom_url":null,"og_article_section":null,"og_article_tags":null,"twitter_use_og":false,"twitter_card":"default","twitter_image_type":"default","twitter_image_url":null,"twitter_image_custom_url":null,"twitter_image_custom_fields":null,"twitter_title":null,"twitter_description":null,"schema":{"blockGraphs":[],"customGraphs":[],"default":{"data":{"Article":[],"Course":[],"Dataset":[],"FAQPage":[],"Movie":[],"Person":[],"Product":[],"ProductReview":[],"Car":[],"Recipe":[],"Service":[],"SoftwareApplication":[],"WebPage":[]},"graphName":"","isEnabled":true},"graphs":[]},"schema_type":null,"schema_type_options":null,"pillar_content":false,"robots_default":true,"robots_noindex":false,"robots_noarchive":false,"robots_nosnippet":false,"robots_nofollow":false,"robots_noimageindex":false,"robots_noodp":false,"robots_notranslate":false,"robots_max_snippet":null,"robots_max_videopreview":null,"robots_max_imagepreview":"large","priority":null,"frequency":null,"location":null,"local_seo":null,"seo_analyzer_scan_date":"2025-09-25 13:02:16","breadcrumb_settings":null,"limit_modified_date":false,"open_ai":null,"ai":null,"created":"2021-03-08 21:24:01","updated":"2025-09-25 13:02:16"},"aioseo_breadcrumb":"<div class=\"aioseo-breadcrumbs\"><span class=\"aioseo-breadcrumb\">\n\t<a href=\"https:\/\/eldigitaldeasturias.com\/magazine365\" title=\"Home\">Home<\/a>\n<\/span><span class=\"aioseo-breadcrumb-separator\">\u2013<\/span><span class=\"aioseo-breadcrumb\">\n\t<a href=\"https:\/\/eldigitaldeasturias.com\/magazine365\/category\/noticias-actualidad\/\" title=\"Noticias y Actualidad\">Noticias y Actualidad<\/a>\n<\/span><span class=\"aioseo-breadcrumb-separator\">\u2013<\/span><span class=\"aioseo-breadcrumb\">\n\t<a href=\"https:\/\/eldigitaldeasturias.com\/magazine365\/magia-y-los-concursos-de-murgas-comparsas-y-disfraces-abren-el-carnaval-en-santander\/\" title=\"Magia y los concursos de murgas, comparsas y disfraces abren el Carnaval en Santander\">Magia y los concursos de murgas, comparsas y disfraces abren el Carnaval en Santander<\/a>\n<\/span><\/div>","aioseo_breadcrumb_json":[{"label":"Home","link":"https:\/\/eldigitaldeasturias.com\/magazine365"},{"label":"Noticias y Actualidad","link":"https:\/\/eldigitaldeasturias.com\/magazine365\/category\/noticias-actualidad\/"},{"label":"Magia y los concursos de murgas, comparsas y disfraces abren el Carnaval en Santander","link":"https:\/\/eldigitaldeasturias.com\/magazine365\/magia-y-los-concursos-de-murgas-comparsas-y-disfraces-abren-el-carnaval-en-santander\/"}],"_links":{"self":[{"href":"https:\/\/eldigitaldeasturias.com\/magazine365\/wp-json\/wp\/v2\/posts\/63389","targetHints":{"allow":["GET"]}}],"collection":[{"href":"https:\/\/eldigitaldeasturias.com\/magazine365\/wp-json\/wp\/v2\/posts"}],"about":[{"href":"https:\/\/eldigitaldeasturias.com\/magazine365\/wp-json\/wp\/v2\/types\/post"}],"author":[{"embeddable":true,"href":"https:\/\/eldigitaldeasturias.com\/magazine365\/wp-json\/wp\/v2\/users\/1"}],"replies":[{"embeddable":true,"href":"https:\/\/eldigitaldeasturias.com\/magazine365\/wp-json\/wp\/v2\/comments?post=63389"}],"version-history":[{"count":0,"href":"https:\/\/eldigitaldeasturias.com\/magazine365\/wp-json\/wp\/v2\/posts\/63389\/revisions"}],"wp:featuredmedia":[{"embeddable":true,"href":"https:\/\/eldigitaldeasturias.com\/magazine365\/wp-json\/wp\/v2\/media\/63390"}],"wp:attachment":[{"href":"https:\/\/eldigitaldeasturias.com\/magazine365\/wp-json\/wp\/v2\/media?parent=63389"}],"wp:term":[{"taxonomy":"category","embeddable":true,"href":"https:\/\/eldigitaldeasturias.com\/magazine365\/wp-json\/wp\/v2\/categories?post=63389"},{"taxonomy":"post_tag","embeddable":true,"href":"https:\/\/eldigitaldeasturias.com\/magazine365\/wp-json\/wp\/v2\/tags?post=63389"}],"curies":[{"name":"wp","href":"https:\/\/api.w.org\/{rel}","templated":true}]}}