{"id":63383,"date":"2016-02-06T23:18:00","date_gmt":"2016-02-06T22:18:00","guid":{"rendered":"http:\/\/eldigitaldeasturias.com\/magazine365\/?p=63383"},"modified":"2016-02-06T23:18:00","modified_gmt":"2016-02-06T22:18:00","slug":"las-cortes-de-aragon-proponen-que-el-nuevo-plan-de-turismo-tenga-en-cuenta-las-zonas-desfavorecidas","status":"publish","type":"post","link":"https:\/\/eldigitaldeasturias.com\/magazine365\/las-cortes-de-aragon-proponen-que-el-nuevo-plan-de-turismo-tenga-en-cuenta-las-zonas-desfavorecidas\/","title":{"rendered":"Las Cortes de Arag\u00f3n proponen que el nuevo plan de turismo tenga en cuenta las zonas desfavorecidas"},"content":{"rendered":"<p><img fetchpriority=\"high\" decoding=\"async\" class=\"alignleft size-medium wp-image-63384\" src=\"https:\/\/eldigitaldeasturias.com\/magazine365\/wp-content\/uploads\/2016\/02\/fotonoticia_20160205102543_800-360x237.jpg\" alt=\"fotonoticia_20160205102543_800\" width=\"360\" height=\"237\" srcset=\"https:\/\/eldigitaldeasturias.com\/magazine365\/wp-content\/uploads\/2016\/02\/fotonoticia_20160205102543_800-360x237.jpg 360w, https:\/\/eldigitaldeasturias.com\/magazine365\/wp-content\/uploads\/2016\/02\/fotonoticia_20160205102543_800-650x427.jpg 650w, https:\/\/eldigitaldeasturias.com\/magazine365\/wp-content\/uploads\/2016\/02\/fotonoticia_20160205102543_800-768x505.jpg 768w, https:\/\/eldigitaldeasturias.com\/magazine365\/wp-content\/uploads\/2016\/02\/fotonoticia_20160205102543_800-150x99.jpg 150w, https:\/\/eldigitaldeasturias.com\/magazine365\/wp-content\/uploads\/2016\/02\/fotonoticia_20160205102543_800-450x296.jpg 450w, https:\/\/eldigitaldeasturias.com\/magazine365\/wp-content\/uploads\/2016\/02\/fotonoticia_20160205102543_800-696x458.jpg 696w, https:\/\/eldigitaldeasturias.com\/magazine365\/wp-content\/uploads\/2016\/02\/fotonoticia_20160205102543_800-741x486.jpg 741w, https:\/\/eldigitaldeasturias.com\/magazine365\/wp-content\/uploads\/2016\/02\/fotonoticia_20160205102543_800-639x420.jpg 639w, https:\/\/eldigitaldeasturias.com\/magazine365\/wp-content\/uploads\/2016\/02\/fotonoticia_20160205102543_800-121x79.jpg 121w, https:\/\/eldigitaldeasturias.com\/magazine365\/wp-content\/uploads\/2016\/02\/fotonoticia_20160205102543_800-101x66.jpg 101w, https:\/\/eldigitaldeasturias.com\/magazine365\/wp-content\/uploads\/2016\/02\/fotonoticia_20160205102543_800.jpg 800w\" sizes=\"(max-width: 360px) 100vw, 360px\" \/>El Pleno de las Cortes de Arag\u00f3n ha instado al Gobierno regional a que el Plan Estrat\u00e9gico de Promoci\u00f3n Tur\u00edstica (2016-2019) tenga en cuenta las zonas m\u00e1s despobladas y desfavorecidas para promover \u00abel fomento equilibrado de todo el territorio\u00bb.<\/p>\n<p>La c\u00e1mara ha aprobado por unanimidad una proposici\u00f3n no de ley de C&#8217;s transaccionada en la que tambi\u00e9n ha pedido que el plan contemple las \u00abespeciales\u00bb condiciones de la provincia de Teruel en cuanto a comunicaciones, la diversidad del patrimonio y la ubicaci\u00f3n de su capital, entre otros criterios.<\/p>\n<p>El diputado de C&#8217;s Ramiro Dom\u00ednguez ha defendido, inicialmente, una proposici\u00f3n no de ley para solicitar al Gobierno que elabore un plan tur\u00edstico solo para la provincia de Teruel centrado en las actividades de naturaleza, cultura y gastronom\u00eda. Ha emplazado a potenciar las infraestructuras tur\u00edsticas de la provincia y favorecer otras nuevas, como el recreacionismo.<\/p>\n<p>Ha hecho notar que Teruel y Albarrac\u00edn han registrado un incremento de las pernoctaciones pero el resto de la provincia ha bajado, y ha llamado la atenci\u00f3n sobre el \u00abtremendo problema\u00bb que ofrecen las tecnolog\u00edas para el desarrollo de esta actividad econ\u00f3mica.<\/p>\n<p>El diputado del PP, Ricardo Oliv\u00e1n, ha resaltado el valor de la planificaci\u00f3n del sector y ha considerado que \u00ablo importante, para crear la marca, es determinar los elementos que nos diferencian\u00bb, mencionando la nieve y la monta\u00f1a, as\u00ed como el mud\u00e9jar y el rom\u00e1nico aragon\u00e9s.<\/p>\n<p>El socialista Fernando Sab\u00e9s ha comentado que en 2015 han visitado Arag\u00f3n tres millones de turistas y que el sector genera empleo y riqueza, tras lo que ha animado a promocionarlo y a tener una importante presencia en Internet, ya que el 90 por ciento de los paquetes tur\u00edsticos se venden en la red.<\/p>\n<p>Desde Podemos, Alfonso Claver\u00eda ha dicho que el plan debe basarse en tres ideas fuerza: la participaci\u00f3n, las estrategias contra la despoblaci\u00f3n, la diversificaci\u00f3n y la convergencia institucional, subrayando que en el caso de Teruel el turismo produce el siete por ciento del PIB.<\/p>\n<p>La aragonesista Elena Allu\u00e9 (PAR) ha se\u00f1alado que su partido lleva una d\u00e9cada promocionando el turismo y ha confiado en que el nuevo plan apueste por el turismo extranjero. Ha considerado \u00abmuy localista\u00bb elaborar un plan espec\u00edfico para Teruel desde el Gobierno auton\u00f3mico.<\/p>\n<p>En representaci\u00f3n de CHA, Gregorio Briz, ha dejado claro que el Departamento de Vertebraci\u00f3n Territorial, Movilidad y Vivienda, que tiene estas competencias, quiere impulsar el turismo en los sectores desprotegidos y lugares singulares, indicando que \u00abqueremos volar m\u00e1s alto\u00bb y no hacer un plan provincial sino regional.<\/p>\n","protected":false},"excerpt":{"rendered":"<p>El Pleno de las Cortes de Arag\u00f3n ha instado al Gobierno regional a que el Plan Estrat\u00e9gico de Promoci\u00f3n Tur\u00edstica (2016-2019) tenga en cuenta las zonas m\u00e1s despobladas y desfavorecidas para promover \u00abel fomento equilibrado de todo el territorio\u00bb. La c\u00e1mara ha aprobado por unanimidad una proposici\u00f3n no de ley de C&#8217;s transaccionada en la<\/p>\n","protected":false},"author":1,"featured_media":63384,"comment_status":"open","ping_status":"closed","sticky":false,"template":"","format":"standard","meta":{"footnotes":""},"categories":[224],"tags":[],"class_list":{"0":"post-63383","1":"post","2":"type-post","3":"status-publish","4":"format-standard","5":"has-post-thumbnail","7":"category-noticias-actualidad"},"aioseo_notices":[],"aioseo_head":"\n\t\t<!-- All in One SEO Pro 4.9.6.1 - aioseo.com -->\n\t<meta name=\"description\" content=\"El Pleno de las Cortes de Arag\u00f3n ha instado al Gobierno regional a que el Plan Estrat\u00e9gico de Promoci\u00f3n Tur\u00edstica (2016-2019) tenga en cuenta las zonas m\u00e1s despobladas y desfavorecidas para promover &quot;el fomento equilibrado de todo el territorio&quot;. La c\u00e1mara ha aprobado por unanimidad una proposici\u00f3n no de ley de C&#039;s transaccionada en la\" \/>\n\t<meta name=\"robots\" content=\"max-image-preview:large\" \/>\n\t<meta name=\"author\" content=\"admin\"\/>\n\t<meta name=\"google-site-verification\" content=\"UA-38556648-1\" \/>\n\t<meta name=\"keywords\" content=\"noticias y actualidad\" \/>\n\t<link rel=\"canonical\" href=\"https:\/\/eldigitaldeasturias.com\/magazine365\/las-cortes-de-aragon-proponen-que-el-nuevo-plan-de-turismo-tenga-en-cuenta-las-zonas-desfavorecidas\/\" \/>\n\t<meta name=\"generator\" content=\"All in One SEO Pro (AIOSEO) 4.9.6.1\" \/>\n\t\t<meta property=\"og:locale\" content=\"es_ES\" \/>\n\t\t<meta property=\"og:site_name\" content=\"El Digital de Asturias \u2013 Revista de ocio, turismo y estilo de vida\" \/>\n\t\t<meta property=\"og:type\" content=\"article\" \/>\n\t\t<meta property=\"og:title\" content=\"Las Cortes de Arag\u00f3n proponen que el nuevo plan de turismo tenga en cuenta las zonas desfavorecidas | El Digital de Asturias\" \/>\n\t\t<meta property=\"og:description\" content=\"El Pleno de las Cortes de Arag\u00f3n ha instado al Gobierno regional a que el Plan Estrat\u00e9gico de Promoci\u00f3n Tur\u00edstica (2016-2019) tenga en cuenta las zonas m\u00e1s despobladas y desfavorecidas para promover &quot;el fomento equilibrado de todo el territorio&quot;. La c\u00e1mara ha aprobado por unanimidad una proposici\u00f3n no de ley de C&#039;s transaccionada en la\" \/>\n\t\t<meta property=\"og:url\" content=\"https:\/\/eldigitaldeasturias.com\/magazine365\/las-cortes-de-aragon-proponen-que-el-nuevo-plan-de-turismo-tenga-en-cuenta-las-zonas-desfavorecidas\/\" \/>\n\t\t<meta property=\"og:image\" content=\"https:\/\/eldigitaldeasturias.com\/magazine365\/wp-content\/uploads\/2016\/02\/fotonoticia_20160205102543_800.jpg\" \/>\n\t\t<meta property=\"og:image:secure_url\" content=\"https:\/\/eldigitaldeasturias.com\/magazine365\/wp-content\/uploads\/2016\/02\/fotonoticia_20160205102543_800.jpg\" \/>\n\t\t<meta property=\"og:image:width\" content=\"800\" \/>\n\t\t<meta property=\"og:image:height\" content=\"526\" \/>\n\t\t<meta property=\"article:published_time\" content=\"2016-02-06T22:18:00+00:00\" \/>\n\t\t<meta property=\"article:modified_time\" content=\"2016-02-06T22:18:00+00:00\" \/>\n\t\t<meta name=\"twitter:card\" content=\"summary_large_image\" \/>\n\t\t<meta name=\"twitter:title\" content=\"Las Cortes de Arag\u00f3n proponen que el nuevo plan de turismo tenga en cuenta las zonas desfavorecidas | El Digital de Asturias\" \/>\n\t\t<meta name=\"twitter:description\" content=\"El Pleno de las Cortes de Arag\u00f3n ha instado al Gobierno regional a que el Plan Estrat\u00e9gico de Promoci\u00f3n Tur\u00edstica (2016-2019) tenga en cuenta las zonas m\u00e1s despobladas y desfavorecidas para promover &quot;el fomento equilibrado de todo el territorio&quot;. La c\u00e1mara ha aprobado por unanimidad una proposici\u00f3n no de ley de C&#039;s transaccionada en la\" \/>\n\t\t<meta name=\"twitter:image\" content=\"https:\/\/eldigitaldeasturias.com\/magazine365\/wp-content\/uploads\/2016\/02\/fotonoticia_20160205102543_800.jpg\" \/>\n\t\t<script type=\"application\/ld+json\" class=\"aioseo-schema\">\n\t\t\t{\"@context\":\"https:\\\/\\\/schema.org\",\"@graph\":[{\"@type\":\"Article\",\"@id\":\"https:\\\/\\\/eldigitaldeasturias.com\\\/magazine365\\\/las-cortes-de-aragon-proponen-que-el-nuevo-plan-de-turismo-tenga-en-cuenta-las-zonas-desfavorecidas\\\/#article\",\"name\":\"Las Cortes de Arag\\u00f3n proponen que el nuevo plan de turismo tenga en cuenta las zonas desfavorecidas | El Digital de Asturias\",\"headline\":\"Las Cortes de Arag\\u00f3n proponen que el nuevo plan de turismo tenga en cuenta las zonas desfavorecidas\",\"author\":{\"@id\":\"https:\\\/\\\/eldigitaldeasturias.com\\\/magazine365\\\/author\\\/admin\\\/#author\"},\"publisher\":{\"@id\":\"https:\\\/\\\/eldigitaldeasturias.com\\\/magazine365\\\/#organization\"},\"image\":{\"@type\":\"ImageObject\",\"url\":\"https:\\\/\\\/eldigitaldeasturias.com\\\/magazine365\\\/wp-content\\\/uploads\\\/2016\\\/02\\\/fotonoticia_20160205102543_800.jpg\",\"width\":800,\"height\":526},\"datePublished\":\"2016-02-06T23:18:00+01:00\",\"dateModified\":\"2016-02-06T23:18:00+01:00\",\"inLanguage\":\"es-ES\",\"mainEntityOfPage\":{\"@id\":\"https:\\\/\\\/eldigitaldeasturias.com\\\/magazine365\\\/las-cortes-de-aragon-proponen-que-el-nuevo-plan-de-turismo-tenga-en-cuenta-las-zonas-desfavorecidas\\\/#webpage\"},\"isPartOf\":{\"@id\":\"https:\\\/\\\/eldigitaldeasturias.com\\\/magazine365\\\/las-cortes-de-aragon-proponen-que-el-nuevo-plan-de-turismo-tenga-en-cuenta-las-zonas-desfavorecidas\\\/#webpage\"},\"articleSection\":\"Noticias y Actualidad\"},{\"@type\":\"BreadcrumbList\",\"@id\":\"https:\\\/\\\/eldigitaldeasturias.com\\\/magazine365\\\/las-cortes-de-aragon-proponen-que-el-nuevo-plan-de-turismo-tenga-en-cuenta-las-zonas-desfavorecidas\\\/#breadcrumblist\",\"itemListElement\":[{\"@type\":\"ListItem\",\"@id\":\"https:\\\/\\\/eldigitaldeasturias.com\\\/magazine365#listItem\",\"position\":1,\"name\":\"Home\",\"item\":\"https:\\\/\\\/eldigitaldeasturias.com\\\/magazine365\",\"nextItem\":{\"@type\":\"ListItem\",\"@id\":\"https:\\\/\\\/eldigitaldeasturias.com\\\/magazine365\\\/category\\\/noticias-actualidad\\\/#listItem\",\"name\":\"Noticias y Actualidad\"}},{\"@type\":\"ListItem\",\"@id\":\"https:\\\/\\\/eldigitaldeasturias.com\\\/magazine365\\\/category\\\/noticias-actualidad\\\/#listItem\",\"position\":2,\"name\":\"Noticias y Actualidad\",\"item\":\"https:\\\/\\\/eldigitaldeasturias.com\\\/magazine365\\\/category\\\/noticias-actualidad\\\/\",\"nextItem\":{\"@type\":\"ListItem\",\"@id\":\"https:\\\/\\\/eldigitaldeasturias.com\\\/magazine365\\\/las-cortes-de-aragon-proponen-que-el-nuevo-plan-de-turismo-tenga-en-cuenta-las-zonas-desfavorecidas\\\/#listItem\",\"name\":\"Las Cortes de Arag\\u00f3n proponen que el nuevo plan de turismo tenga en cuenta las zonas desfavorecidas\"},\"previousItem\":{\"@type\":\"ListItem\",\"@id\":\"https:\\\/\\\/eldigitaldeasturias.com\\\/magazine365#listItem\",\"name\":\"Home\"}},{\"@type\":\"ListItem\",\"@id\":\"https:\\\/\\\/eldigitaldeasturias.com\\\/magazine365\\\/las-cortes-de-aragon-proponen-que-el-nuevo-plan-de-turismo-tenga-en-cuenta-las-zonas-desfavorecidas\\\/#listItem\",\"position\":3,\"name\":\"Las Cortes de Arag\\u00f3n proponen que el nuevo plan de turismo tenga en cuenta las zonas desfavorecidas\",\"previousItem\":{\"@type\":\"ListItem\",\"@id\":\"https:\\\/\\\/eldigitaldeasturias.com\\\/magazine365\\\/category\\\/noticias-actualidad\\\/#listItem\",\"name\":\"Noticias y Actualidad\"}}]},{\"@type\":\"Organization\",\"@id\":\"https:\\\/\\\/eldigitaldeasturias.com\\\/magazine365\\\/#organization\",\"name\":\"El digital de Asturias\",\"description\":\"Revista de ocio, turismo y estilo de vida\",\"url\":\"https:\\\/\\\/eldigitaldeasturias.com\\\/magazine365\\\/\",\"logo\":{\"@type\":\"ImageObject\",\"url\":\"https:\\\/\\\/www.eldigitaldeasturias.com\\\/noticias\\\/wp-content\\\/uploads\\\/2020\\\/12\\\/EDA.jpg\",\"@id\":\"https:\\\/\\\/eldigitaldeasturias.com\\\/magazine365\\\/las-cortes-de-aragon-proponen-que-el-nuevo-plan-de-turismo-tenga-en-cuenta-las-zonas-desfavorecidas\\\/#organizationLogo\"},\"image\":{\"@id\":\"https:\\\/\\\/eldigitaldeasturias.com\\\/magazine365\\\/las-cortes-de-aragon-proponen-que-el-nuevo-plan-de-turismo-tenga-en-cuenta-las-zonas-desfavorecidas\\\/#organizationLogo\"}},{\"@type\":\"Person\",\"@id\":\"https:\\\/\\\/eldigitaldeasturias.com\\\/magazine365\\\/author\\\/admin\\\/#author\",\"url\":\"https:\\\/\\\/eldigitaldeasturias.com\\\/magazine365\\\/author\\\/admin\\\/\",\"name\":\"admin\",\"image\":{\"@type\":\"ImageObject\",\"@id\":\"https:\\\/\\\/eldigitaldeasturias.com\\\/magazine365\\\/las-cortes-de-aragon-proponen-que-el-nuevo-plan-de-turismo-tenga-en-cuenta-las-zonas-desfavorecidas\\\/#authorImage\",\"url\":\"https:\\\/\\\/eldigitaldeasturias.com\\\/magazine365\\\/wp-content\\\/litespeed\\\/avatar\\\/e571bcf59a0edd6fa6838245a470f2fe.jpg?ver=1776969259\",\"width\":96,\"height\":96,\"caption\":\"admin\"}},{\"@type\":\"WebPage\",\"@id\":\"https:\\\/\\\/eldigitaldeasturias.com\\\/magazine365\\\/las-cortes-de-aragon-proponen-que-el-nuevo-plan-de-turismo-tenga-en-cuenta-las-zonas-desfavorecidas\\\/#webpage\",\"url\":\"https:\\\/\\\/eldigitaldeasturias.com\\\/magazine365\\\/las-cortes-de-aragon-proponen-que-el-nuevo-plan-de-turismo-tenga-en-cuenta-las-zonas-desfavorecidas\\\/\",\"name\":\"Las Cortes de Arag\\u00f3n proponen que el nuevo plan de turismo tenga en cuenta las zonas desfavorecidas | El Digital de Asturias\",\"description\":\"El Pleno de las Cortes de Arag\\u00f3n ha instado al Gobierno regional a que el Plan Estrat\\u00e9gico de Promoci\\u00f3n Tur\\u00edstica (2016-2019) tenga en cuenta las zonas m\\u00e1s despobladas y desfavorecidas para promover \\\"el fomento equilibrado de todo el territorio\\\". La c\\u00e1mara ha aprobado por unanimidad una proposici\\u00f3n no de ley de C's transaccionada en la\",\"inLanguage\":\"es-ES\",\"isPartOf\":{\"@id\":\"https:\\\/\\\/eldigitaldeasturias.com\\\/magazine365\\\/#website\"},\"breadcrumb\":{\"@id\":\"https:\\\/\\\/eldigitaldeasturias.com\\\/magazine365\\\/las-cortes-de-aragon-proponen-que-el-nuevo-plan-de-turismo-tenga-en-cuenta-las-zonas-desfavorecidas\\\/#breadcrumblist\"},\"author\":{\"@id\":\"https:\\\/\\\/eldigitaldeasturias.com\\\/magazine365\\\/author\\\/admin\\\/#author\"},\"creator\":{\"@id\":\"https:\\\/\\\/eldigitaldeasturias.com\\\/magazine365\\\/author\\\/admin\\\/#author\"},\"image\":{\"@type\":\"ImageObject\",\"url\":\"https:\\\/\\\/eldigitaldeasturias.com\\\/magazine365\\\/wp-content\\\/uploads\\\/2016\\\/02\\\/fotonoticia_20160205102543_800.jpg\",\"@id\":\"https:\\\/\\\/eldigitaldeasturias.com\\\/magazine365\\\/las-cortes-de-aragon-proponen-que-el-nuevo-plan-de-turismo-tenga-en-cuenta-las-zonas-desfavorecidas\\\/#mainImage\",\"width\":800,\"height\":526},\"primaryImageOfPage\":{\"@id\":\"https:\\\/\\\/eldigitaldeasturias.com\\\/magazine365\\\/las-cortes-de-aragon-proponen-que-el-nuevo-plan-de-turismo-tenga-en-cuenta-las-zonas-desfavorecidas\\\/#mainImage\"},\"datePublished\":\"2016-02-06T23:18:00+01:00\",\"dateModified\":\"2016-02-06T23:18:00+01:00\"},{\"@type\":\"WebSite\",\"@id\":\"https:\\\/\\\/eldigitaldeasturias.com\\\/magazine365\\\/#website\",\"url\":\"https:\\\/\\\/eldigitaldeasturias.com\\\/magazine365\\\/\",\"name\":\"El Digital de Asturias\",\"description\":\"Revista de ocio, turismo y estilo de vida\",\"inLanguage\":\"es-ES\",\"publisher\":{\"@id\":\"https:\\\/\\\/eldigitaldeasturias.com\\\/magazine365\\\/#organization\"}}]}\n\t\t<\/script>\n\t\t<!-- All in One SEO Pro -->\r\n\t\t<title>Las Cortes de Arag\u00f3n proponen que el nuevo plan de turismo tenga en cuenta las zonas desfavorecidas | El Digital de Asturias<\/title>\n\n","aioseo_head_json":{"title":"Las Cortes de Arag\u00f3n proponen que el nuevo plan de turismo tenga en cuenta las zonas desfavorecidas | El Digital de Asturias","description":"El Pleno de las Cortes de Arag\u00f3n ha instado al Gobierno regional a que el Plan Estrat\u00e9gico de Promoci\u00f3n Tur\u00edstica (2016-2019) tenga en cuenta las zonas m\u00e1s despobladas y desfavorecidas para promover \"el fomento equilibrado de todo el territorio\". La c\u00e1mara ha aprobado por unanimidad una proposici\u00f3n no de ley de C's transaccionada en la","canonical_url":"https:\/\/eldigitaldeasturias.com\/magazine365\/las-cortes-de-aragon-proponen-que-el-nuevo-plan-de-turismo-tenga-en-cuenta-las-zonas-desfavorecidas\/","robots":"max-image-preview:large","keywords":"noticias y actualidad","webmasterTools":{"google-site-verification":"UA-38556648-1","miscellaneous":""},"schema":{"@context":"https:\/\/schema.org","@graph":[{"@type":"Article","@id":"https:\/\/eldigitaldeasturias.com\/magazine365\/las-cortes-de-aragon-proponen-que-el-nuevo-plan-de-turismo-tenga-en-cuenta-las-zonas-desfavorecidas\/#article","name":"Las Cortes de Arag\u00f3n proponen que el nuevo plan de turismo tenga en cuenta las zonas desfavorecidas | El Digital de Asturias","headline":"Las Cortes de Arag\u00f3n proponen que el nuevo plan de turismo tenga en cuenta las zonas desfavorecidas","author":{"@id":"https:\/\/eldigitaldeasturias.com\/magazine365\/author\/admin\/#author"},"publisher":{"@id":"https:\/\/eldigitaldeasturias.com\/magazine365\/#organization"},"image":{"@type":"ImageObject","url":"https:\/\/eldigitaldeasturias.com\/magazine365\/wp-content\/uploads\/2016\/02\/fotonoticia_20160205102543_800.jpg","width":800,"height":526},"datePublished":"2016-02-06T23:18:00+01:00","dateModified":"2016-02-06T23:18:00+01:00","inLanguage":"es-ES","mainEntityOfPage":{"@id":"https:\/\/eldigitaldeasturias.com\/magazine365\/las-cortes-de-aragon-proponen-que-el-nuevo-plan-de-turismo-tenga-en-cuenta-las-zonas-desfavorecidas\/#webpage"},"isPartOf":{"@id":"https:\/\/eldigitaldeasturias.com\/magazine365\/las-cortes-de-aragon-proponen-que-el-nuevo-plan-de-turismo-tenga-en-cuenta-las-zonas-desfavorecidas\/#webpage"},"articleSection":"Noticias y Actualidad"},{"@type":"BreadcrumbList","@id":"https:\/\/eldigitaldeasturias.com\/magazine365\/las-cortes-de-aragon-proponen-que-el-nuevo-plan-de-turismo-tenga-en-cuenta-las-zonas-desfavorecidas\/#breadcrumblist","itemListElement":[{"@type":"ListItem","@id":"https:\/\/eldigitaldeasturias.com\/magazine365#listItem","position":1,"name":"Home","item":"https:\/\/eldigitaldeasturias.com\/magazine365","nextItem":{"@type":"ListItem","@id":"https:\/\/eldigitaldeasturias.com\/magazine365\/category\/noticias-actualidad\/#listItem","name":"Noticias y Actualidad"}},{"@type":"ListItem","@id":"https:\/\/eldigitaldeasturias.com\/magazine365\/category\/noticias-actualidad\/#listItem","position":2,"name":"Noticias y Actualidad","item":"https:\/\/eldigitaldeasturias.com\/magazine365\/category\/noticias-actualidad\/","nextItem":{"@type":"ListItem","@id":"https:\/\/eldigitaldeasturias.com\/magazine365\/las-cortes-de-aragon-proponen-que-el-nuevo-plan-de-turismo-tenga-en-cuenta-las-zonas-desfavorecidas\/#listItem","name":"Las Cortes de Arag\u00f3n proponen que el nuevo plan de turismo tenga en cuenta las zonas desfavorecidas"},"previousItem":{"@type":"ListItem","@id":"https:\/\/eldigitaldeasturias.com\/magazine365#listItem","name":"Home"}},{"@type":"ListItem","@id":"https:\/\/eldigitaldeasturias.com\/magazine365\/las-cortes-de-aragon-proponen-que-el-nuevo-plan-de-turismo-tenga-en-cuenta-las-zonas-desfavorecidas\/#listItem","position":3,"name":"Las Cortes de Arag\u00f3n proponen que el nuevo plan de turismo tenga en cuenta las zonas desfavorecidas","previousItem":{"@type":"ListItem","@id":"https:\/\/eldigitaldeasturias.com\/magazine365\/category\/noticias-actualidad\/#listItem","name":"Noticias y Actualidad"}}]},{"@type":"Organization","@id":"https:\/\/eldigitaldeasturias.com\/magazine365\/#organization","name":"El digital de Asturias","description":"Revista de ocio, turismo y estilo de vida","url":"https:\/\/eldigitaldeasturias.com\/magazine365\/","logo":{"@type":"ImageObject","url":"https:\/\/www.eldigitaldeasturias.com\/noticias\/wp-content\/uploads\/2020\/12\/EDA.jpg","@id":"https:\/\/eldigitaldeasturias.com\/magazine365\/las-cortes-de-aragon-proponen-que-el-nuevo-plan-de-turismo-tenga-en-cuenta-las-zonas-desfavorecidas\/#organizationLogo"},"image":{"@id":"https:\/\/eldigitaldeasturias.com\/magazine365\/las-cortes-de-aragon-proponen-que-el-nuevo-plan-de-turismo-tenga-en-cuenta-las-zonas-desfavorecidas\/#organizationLogo"}},{"@type":"Person","@id":"https:\/\/eldigitaldeasturias.com\/magazine365\/author\/admin\/#author","url":"https:\/\/eldigitaldeasturias.com\/magazine365\/author\/admin\/","name":"admin","image":{"@type":"ImageObject","@id":"https:\/\/eldigitaldeasturias.com\/magazine365\/las-cortes-de-aragon-proponen-que-el-nuevo-plan-de-turismo-tenga-en-cuenta-las-zonas-desfavorecidas\/#authorImage","url":"https:\/\/eldigitaldeasturias.com\/magazine365\/wp-content\/litespeed\/avatar\/e571bcf59a0edd6fa6838245a470f2fe.jpg?ver=1776969259","width":96,"height":96,"caption":"admin"}},{"@type":"WebPage","@id":"https:\/\/eldigitaldeasturias.com\/magazine365\/las-cortes-de-aragon-proponen-que-el-nuevo-plan-de-turismo-tenga-en-cuenta-las-zonas-desfavorecidas\/#webpage","url":"https:\/\/eldigitaldeasturias.com\/magazine365\/las-cortes-de-aragon-proponen-que-el-nuevo-plan-de-turismo-tenga-en-cuenta-las-zonas-desfavorecidas\/","name":"Las Cortes de Arag\u00f3n proponen que el nuevo plan de turismo tenga en cuenta las zonas desfavorecidas | El Digital de Asturias","description":"El Pleno de las Cortes de Arag\u00f3n ha instado al Gobierno regional a que el Plan Estrat\u00e9gico de Promoci\u00f3n Tur\u00edstica (2016-2019) tenga en cuenta las zonas m\u00e1s despobladas y desfavorecidas para promover \"el fomento equilibrado de todo el territorio\". La c\u00e1mara ha aprobado por unanimidad una proposici\u00f3n no de ley de C's transaccionada en la","inLanguage":"es-ES","isPartOf":{"@id":"https:\/\/eldigitaldeasturias.com\/magazine365\/#website"},"breadcrumb":{"@id":"https:\/\/eldigitaldeasturias.com\/magazine365\/las-cortes-de-aragon-proponen-que-el-nuevo-plan-de-turismo-tenga-en-cuenta-las-zonas-desfavorecidas\/#breadcrumblist"},"author":{"@id":"https:\/\/eldigitaldeasturias.com\/magazine365\/author\/admin\/#author"},"creator":{"@id":"https:\/\/eldigitaldeasturias.com\/magazine365\/author\/admin\/#author"},"image":{"@type":"ImageObject","url":"https:\/\/eldigitaldeasturias.com\/magazine365\/wp-content\/uploads\/2016\/02\/fotonoticia_20160205102543_800.jpg","@id":"https:\/\/eldigitaldeasturias.com\/magazine365\/las-cortes-de-aragon-proponen-que-el-nuevo-plan-de-turismo-tenga-en-cuenta-las-zonas-desfavorecidas\/#mainImage","width":800,"height":526},"primaryImageOfPage":{"@id":"https:\/\/eldigitaldeasturias.com\/magazine365\/las-cortes-de-aragon-proponen-que-el-nuevo-plan-de-turismo-tenga-en-cuenta-las-zonas-desfavorecidas\/#mainImage"},"datePublished":"2016-02-06T23:18:00+01:00","dateModified":"2016-02-06T23:18:00+01:00"},{"@type":"WebSite","@id":"https:\/\/eldigitaldeasturias.com\/magazine365\/#website","url":"https:\/\/eldigitaldeasturias.com\/magazine365\/","name":"El Digital de Asturias","description":"Revista de ocio, turismo y estilo de vida","inLanguage":"es-ES","publisher":{"@id":"https:\/\/eldigitaldeasturias.com\/magazine365\/#organization"}}]},"og:locale":"es_ES","og:site_name":"El Digital de Asturias \u2013 Revista de ocio, turismo y estilo de vida","og:type":"article","og:title":"Las Cortes de Arag\u00f3n proponen que el nuevo plan de turismo tenga en cuenta las zonas desfavorecidas | El Digital de Asturias","og:description":"El Pleno de las Cortes de Arag\u00f3n ha instado al Gobierno regional a que el Plan Estrat\u00e9gico de Promoci\u00f3n Tur\u00edstica (2016-2019) tenga en cuenta las zonas m\u00e1s despobladas y desfavorecidas para promover &quot;el fomento equilibrado de todo el territorio&quot;. La c\u00e1mara ha aprobado por unanimidad una proposici\u00f3n no de ley de C's transaccionada en la","og:url":"https:\/\/eldigitaldeasturias.com\/magazine365\/las-cortes-de-aragon-proponen-que-el-nuevo-plan-de-turismo-tenga-en-cuenta-las-zonas-desfavorecidas\/","og:image":"https:\/\/eldigitaldeasturias.com\/magazine365\/wp-content\/uploads\/2016\/02\/fotonoticia_20160205102543_800.jpg","og:image:secure_url":"https:\/\/eldigitaldeasturias.com\/magazine365\/wp-content\/uploads\/2016\/02\/fotonoticia_20160205102543_800.jpg","og:image:width":800,"og:image:height":526,"article:published_time":"2016-02-06T22:18:00+00:00","article:modified_time":"2016-02-06T22:18:00+00:00","twitter:card":"summary_large_image","twitter:title":"Las Cortes de Arag\u00f3n proponen que el nuevo plan de turismo tenga en cuenta las zonas desfavorecidas | El Digital de Asturias","twitter:description":"El Pleno de las Cortes de Arag\u00f3n ha instado al Gobierno regional a que el Plan Estrat\u00e9gico de Promoci\u00f3n Tur\u00edstica (2016-2019) tenga en cuenta las zonas m\u00e1s despobladas y desfavorecidas para promover &quot;el fomento equilibrado de todo el territorio&quot;. La c\u00e1mara ha aprobado por unanimidad una proposici\u00f3n no de ley de C's transaccionada en la","twitter:image":"https:\/\/eldigitaldeasturias.com\/magazine365\/wp-content\/uploads\/2016\/02\/fotonoticia_20160205102543_800.jpg"},"aioseo_meta_data":{"post_id":"63383","title":null,"description":null,"keywords":null,"keyphrases":null,"primary_term":null,"canonical_url":null,"og_title":null,"og_description":null,"og_object_type":"default","og_image_type":"default","og_image_url":null,"og_image_width":null,"og_image_height":null,"og_image_custom_url":null,"og_image_custom_fields":null,"og_video":null,"og_custom_url":null,"og_article_section":null,"og_article_tags":null,"twitter_use_og":false,"twitter_card":"default","twitter_image_type":"default","twitter_image_url":null,"twitter_image_custom_url":null,"twitter_image_custom_fields":null,"twitter_title":null,"twitter_description":null,"schema":{"blockGraphs":[],"customGraphs":[],"default":{"data":{"Article":[],"Course":[],"Dataset":[],"FAQPage":[],"Movie":[],"Person":[],"Product":[],"ProductReview":[],"Car":[],"Recipe":[],"Service":[],"SoftwareApplication":[],"WebPage":[]},"graphName":"","isEnabled":true},"graphs":[],"defaultGraph":"","defaultPostTypeGraph":""},"schema_type":null,"schema_type_options":null,"pillar_content":false,"robots_default":true,"robots_noindex":false,"robots_noarchive":false,"robots_nosnippet":false,"robots_nofollow":false,"robots_noimageindex":false,"robots_noodp":false,"robots_notranslate":false,"robots_max_snippet":null,"robots_max_videopreview":null,"robots_max_imagepreview":"large","priority":null,"frequency":null,"location":null,"local_seo":null,"seo_analyzer_scan_date":"2025-09-25 13:00:21","breadcrumb_settings":null,"limit_modified_date":false,"open_ai":null,"ai":null,"created":"2021-03-08 21:24:01","updated":"2025-09-25 13:00:21"},"aioseo_breadcrumb":"<div class=\"aioseo-breadcrumbs\"><span class=\"aioseo-breadcrumb\">\n\t<a href=\"https:\/\/eldigitaldeasturias.com\/magazine365\" title=\"Home\">Home<\/a>\n<\/span><span class=\"aioseo-breadcrumb-separator\">\u2013<\/span><span class=\"aioseo-breadcrumb\">\n\t<a href=\"https:\/\/eldigitaldeasturias.com\/magazine365\/category\/noticias-actualidad\/\" title=\"Noticias y Actualidad\">Noticias y Actualidad<\/a>\n<\/span><span class=\"aioseo-breadcrumb-separator\">\u2013<\/span><span class=\"aioseo-breadcrumb\">\n\t<a href=\"https:\/\/eldigitaldeasturias.com\/magazine365\/las-cortes-de-aragon-proponen-que-el-nuevo-plan-de-turismo-tenga-en-cuenta-las-zonas-desfavorecidas\/\" title=\"Las Cortes de Arag\u00f3n proponen que el nuevo plan de turismo tenga en cuenta las zonas desfavorecidas\">Las Cortes de Arag\u00f3n proponen que el nuevo plan de turismo tenga en cuenta las zonas desfavorecidas<\/a>\n<\/span><\/div>","aioseo_breadcrumb_json":[{"label":"Home","link":"https:\/\/eldigitaldeasturias.com\/magazine365"},{"label":"Noticias y Actualidad","link":"https:\/\/eldigitaldeasturias.com\/magazine365\/category\/noticias-actualidad\/"},{"label":"Las Cortes de Arag\u00f3n proponen que el nuevo plan de turismo tenga en cuenta las zonas desfavorecidas","link":"https:\/\/eldigitaldeasturias.com\/magazine365\/las-cortes-de-aragon-proponen-que-el-nuevo-plan-de-turismo-tenga-en-cuenta-las-zonas-desfavorecidas\/"}],"_links":{"self":[{"href":"https:\/\/eldigitaldeasturias.com\/magazine365\/wp-json\/wp\/v2\/posts\/63383","targetHints":{"allow":["GET"]}}],"collection":[{"href":"https:\/\/eldigitaldeasturias.com\/magazine365\/wp-json\/wp\/v2\/posts"}],"about":[{"href":"https:\/\/eldigitaldeasturias.com\/magazine365\/wp-json\/wp\/v2\/types\/post"}],"author":[{"embeddable":true,"href":"https:\/\/eldigitaldeasturias.com\/magazine365\/wp-json\/wp\/v2\/users\/1"}],"replies":[{"embeddable":true,"href":"https:\/\/eldigitaldeasturias.com\/magazine365\/wp-json\/wp\/v2\/comments?post=63383"}],"version-history":[{"count":0,"href":"https:\/\/eldigitaldeasturias.com\/magazine365\/wp-json\/wp\/v2\/posts\/63383\/revisions"}],"wp:featuredmedia":[{"embeddable":true,"href":"https:\/\/eldigitaldeasturias.com\/magazine365\/wp-json\/wp\/v2\/media\/63384"}],"wp:attachment":[{"href":"https:\/\/eldigitaldeasturias.com\/magazine365\/wp-json\/wp\/v2\/media?parent=63383"}],"wp:term":[{"taxonomy":"category","embeddable":true,"href":"https:\/\/eldigitaldeasturias.com\/magazine365\/wp-json\/wp\/v2\/categories?post=63383"},{"taxonomy":"post_tag","embeddable":true,"href":"https:\/\/eldigitaldeasturias.com\/magazine365\/wp-json\/wp\/v2\/tags?post=63383"}],"curies":[{"name":"wp","href":"https:\/\/api.w.org\/{rel}","templated":true}]}}