{"id":63380,"date":"2016-02-06T23:17:05","date_gmt":"2016-02-06T22:17:05","guid":{"rendered":"http:\/\/eldigitaldeasturias.com\/magazine365\/?p=63380"},"modified":"2016-02-06T23:17:05","modified_gmt":"2016-02-06T22:17:05","slug":"airberlin-transporto-156-millones-de-pasajeros-en-enero-un-74-menos","status":"publish","type":"post","link":"https:\/\/eldigitaldeasturias.com\/magazine365\/airberlin-transporto-156-millones-de-pasajeros-en-enero-un-74-menos\/","title":{"rendered":"airberlin transport\u00f3 1,56 millones de pasajeros en enero, un 7,4 menos"},"content":{"rendered":"<p><img fetchpriority=\"high\" decoding=\"async\" class=\"alignleft size-medium wp-image-63381\" src=\"https:\/\/eldigitaldeasturias.com\/magazine365\/wp-content\/uploads\/2016\/02\/fotonoticia_20160205102225_800-360x216.jpg\" alt=\"fotonoticia_20160205102225_800\" width=\"360\" height=\"216\" srcset=\"https:\/\/eldigitaldeasturias.com\/magazine365\/wp-content\/uploads\/2016\/02\/fotonoticia_20160205102225_800-360x216.jpg 360w, https:\/\/eldigitaldeasturias.com\/magazine365\/wp-content\/uploads\/2016\/02\/fotonoticia_20160205102225_800-650x390.jpg 650w, https:\/\/eldigitaldeasturias.com\/magazine365\/wp-content\/uploads\/2016\/02\/fotonoticia_20160205102225_800-768x461.jpg 768w, https:\/\/eldigitaldeasturias.com\/magazine365\/wp-content\/uploads\/2016\/02\/fotonoticia_20160205102225_800-150x90.jpg 150w, https:\/\/eldigitaldeasturias.com\/magazine365\/wp-content\/uploads\/2016\/02\/fotonoticia_20160205102225_800-450x270.jpg 450w, https:\/\/eldigitaldeasturias.com\/magazine365\/wp-content\/uploads\/2016\/02\/fotonoticia_20160205102225_800-696x418.jpg 696w, https:\/\/eldigitaldeasturias.com\/magazine365\/wp-content\/uploads\/2016\/02\/fotonoticia_20160205102225_800-700x420.jpg 700w, https:\/\/eldigitaldeasturias.com\/magazine365\/wp-content\/uploads\/2016\/02\/fotonoticia_20160205102225_800.jpg 800w\" sizes=\"(max-width: 360px) 100vw, 360px\" \/>La aerol\u00ednea airberlin transport\u00f3 a un total de 1,56 millones de pasajeros en enero, lo que supone un descenso del 7,4% respecto al mismo mes de 2015, inform\u00f3 la empresa en un comunicado, que justific\u00f3 esta ca\u00edda por la reducci\u00f3n de la oferta aplicada por la compa\u00f1\u00eda.<\/p>\n<p>La compa\u00f1\u00eda alemana obtuvo un ratio de ocupaci\u00f3n del 80,6% lo que representa un aumento de 2,3 puntos porcentuales en comparaci\u00f3n con el registrado en enero de 2015, incremento que airberlin calific\u00f3 de \u00absignificativo\u00bb al tiempo que se consolid\u00f3 su capacidad.<\/p>\n<p>En el primer mes del a\u00f1o, la aerol\u00ednea redujo un 10,2% su oferta, para una capacidad de unos 2,15 millones de viajeros, y registr\u00f3 una ca\u00edda del 10,2% del tr\u00e1fico.<\/p>\n<p>\u00abEsta cifra demuestra la capacidad de utilizaci\u00f3n favorable de la compa\u00f1\u00eda, que garantiza la continuidad de la creciente utilizaci\u00f3n de la capacidad mostrada en la segunda mitad de 2015. Estamos haciendo todo lo posible para continuar con esta tendencia positiva en el a\u00f1o 2016\u00bb, ha explicado el consejero delegado de airberlin, Stefan Pichler.<\/p>\n","protected":false},"excerpt":{"rendered":"<p>La aerol\u00ednea airberlin transport\u00f3 a un total de 1,56 millones de pasajeros en enero, lo que supone un descenso del 7,4% respecto al mismo mes de 2015, inform\u00f3 la empresa en un comunicado, que justific\u00f3 esta ca\u00edda por la reducci\u00f3n de la oferta aplicada por la compa\u00f1\u00eda. La compa\u00f1\u00eda alemana obtuvo un ratio de ocupaci\u00f3n<\/p>\n","protected":false},"author":1,"featured_media":63381,"comment_status":"open","ping_status":"closed","sticky":false,"template":"","format":"standard","meta":{"footnotes":""},"categories":[224],"tags":[],"class_list":{"0":"post-63380","1":"post","2":"type-post","3":"status-publish","4":"format-standard","5":"has-post-thumbnail","7":"category-noticias-actualidad"},"aioseo_notices":[],"aioseo_head":"\n\t\t<!-- All in One SEO Pro 4.9.6.1 - aioseo.com -->\n\t<meta name=\"description\" content=\"La aerol\u00ednea airberlin transport\u00f3 a un total de 1,56 millones de pasajeros en enero, lo que supone un descenso del 7,4% respecto al mismo mes de 2015, inform\u00f3 la empresa en un comunicado, que justific\u00f3 esta ca\u00edda por la reducci\u00f3n de la oferta aplicada por la compa\u00f1\u00eda. La compa\u00f1\u00eda alemana obtuvo un ratio de ocupaci\u00f3n\" \/>\n\t<meta name=\"robots\" content=\"max-image-preview:large\" \/>\n\t<meta name=\"author\" content=\"admin\"\/>\n\t<meta name=\"google-site-verification\" content=\"UA-38556648-1\" \/>\n\t<meta name=\"keywords\" content=\"noticias y actualidad\" \/>\n\t<link rel=\"canonical\" href=\"https:\/\/eldigitaldeasturias.com\/magazine365\/airberlin-transporto-156-millones-de-pasajeros-en-enero-un-74-menos\/\" \/>\n\t<meta name=\"generator\" content=\"All in One SEO Pro (AIOSEO) 4.9.6.1\" \/>\n\t\t<meta property=\"og:locale\" content=\"es_ES\" \/>\n\t\t<meta property=\"og:site_name\" content=\"El Digital de Asturias \u2013 Revista de ocio, turismo y estilo de vida\" \/>\n\t\t<meta property=\"og:type\" content=\"article\" \/>\n\t\t<meta property=\"og:title\" content=\"airberlin transport\u00f3 1,56 millones de pasajeros en enero, un 7,4 menos | El Digital de Asturias\" \/>\n\t\t<meta property=\"og:description\" content=\"La aerol\u00ednea airberlin transport\u00f3 a un total de 1,56 millones de pasajeros en enero, lo que supone un descenso del 7,4% respecto al mismo mes de 2015, inform\u00f3 la empresa en un comunicado, que justific\u00f3 esta ca\u00edda por la reducci\u00f3n de la oferta aplicada por la compa\u00f1\u00eda. La compa\u00f1\u00eda alemana obtuvo un ratio de ocupaci\u00f3n\" \/>\n\t\t<meta property=\"og:url\" content=\"https:\/\/eldigitaldeasturias.com\/magazine365\/airberlin-transporto-156-millones-de-pasajeros-en-enero-un-74-menos\/\" \/>\n\t\t<meta property=\"og:image\" content=\"https:\/\/eldigitaldeasturias.com\/magazine365\/wp-content\/uploads\/2016\/02\/fotonoticia_20160205102225_800.jpg\" \/>\n\t\t<meta property=\"og:image:secure_url\" content=\"https:\/\/eldigitaldeasturias.com\/magazine365\/wp-content\/uploads\/2016\/02\/fotonoticia_20160205102225_800.jpg\" \/>\n\t\t<meta property=\"og:image:width\" content=\"800\" \/>\n\t\t<meta property=\"og:image:height\" content=\"480\" \/>\n\t\t<meta property=\"article:published_time\" content=\"2016-02-06T22:17:05+00:00\" \/>\n\t\t<meta property=\"article:modified_time\" content=\"2016-02-06T22:17:05+00:00\" \/>\n\t\t<meta name=\"twitter:card\" content=\"summary_large_image\" \/>\n\t\t<meta name=\"twitter:title\" content=\"airberlin transport\u00f3 1,56 millones de pasajeros en enero, un 7,4 menos | El Digital de Asturias\" \/>\n\t\t<meta name=\"twitter:description\" content=\"La aerol\u00ednea airberlin transport\u00f3 a un total de 1,56 millones de pasajeros en enero, lo que supone un descenso del 7,4% respecto al mismo mes de 2015, inform\u00f3 la empresa en un comunicado, que justific\u00f3 esta ca\u00edda por la reducci\u00f3n de la oferta aplicada por la compa\u00f1\u00eda. La compa\u00f1\u00eda alemana obtuvo un ratio de ocupaci\u00f3n\" \/>\n\t\t<meta name=\"twitter:image\" content=\"https:\/\/eldigitaldeasturias.com\/magazine365\/wp-content\/uploads\/2016\/02\/fotonoticia_20160205102225_800.jpg\" \/>\n\t\t<script type=\"application\/ld+json\" class=\"aioseo-schema\">\n\t\t\t{\"@context\":\"https:\\\/\\\/schema.org\",\"@graph\":[{\"@type\":\"Article\",\"@id\":\"https:\\\/\\\/eldigitaldeasturias.com\\\/magazine365\\\/airberlin-transporto-156-millones-de-pasajeros-en-enero-un-74-menos\\\/#article\",\"name\":\"airberlin transport\\u00f3 1,56 millones de pasajeros en enero, un 7,4 menos | El Digital de Asturias\",\"headline\":\"airberlin transport\\u00f3 1,56 millones de pasajeros en enero, un 7,4 menos\",\"author\":{\"@id\":\"https:\\\/\\\/eldigitaldeasturias.com\\\/magazine365\\\/author\\\/admin\\\/#author\"},\"publisher\":{\"@id\":\"https:\\\/\\\/eldigitaldeasturias.com\\\/magazine365\\\/#organization\"},\"image\":{\"@type\":\"ImageObject\",\"url\":\"https:\\\/\\\/eldigitaldeasturias.com\\\/magazine365\\\/wp-content\\\/uploads\\\/2016\\\/02\\\/fotonoticia_20160205102225_800.jpg\",\"width\":800,\"height\":480},\"datePublished\":\"2016-02-06T23:17:05+01:00\",\"dateModified\":\"2016-02-06T23:17:05+01:00\",\"inLanguage\":\"es-ES\",\"mainEntityOfPage\":{\"@id\":\"https:\\\/\\\/eldigitaldeasturias.com\\\/magazine365\\\/airberlin-transporto-156-millones-de-pasajeros-en-enero-un-74-menos\\\/#webpage\"},\"isPartOf\":{\"@id\":\"https:\\\/\\\/eldigitaldeasturias.com\\\/magazine365\\\/airberlin-transporto-156-millones-de-pasajeros-en-enero-un-74-menos\\\/#webpage\"},\"articleSection\":\"Noticias y Actualidad\"},{\"@type\":\"BreadcrumbList\",\"@id\":\"https:\\\/\\\/eldigitaldeasturias.com\\\/magazine365\\\/airberlin-transporto-156-millones-de-pasajeros-en-enero-un-74-menos\\\/#breadcrumblist\",\"itemListElement\":[{\"@type\":\"ListItem\",\"@id\":\"https:\\\/\\\/eldigitaldeasturias.com\\\/magazine365#listItem\",\"position\":1,\"name\":\"Home\",\"item\":\"https:\\\/\\\/eldigitaldeasturias.com\\\/magazine365\",\"nextItem\":{\"@type\":\"ListItem\",\"@id\":\"https:\\\/\\\/eldigitaldeasturias.com\\\/magazine365\\\/category\\\/noticias-actualidad\\\/#listItem\",\"name\":\"Noticias y Actualidad\"}},{\"@type\":\"ListItem\",\"@id\":\"https:\\\/\\\/eldigitaldeasturias.com\\\/magazine365\\\/category\\\/noticias-actualidad\\\/#listItem\",\"position\":2,\"name\":\"Noticias y Actualidad\",\"item\":\"https:\\\/\\\/eldigitaldeasturias.com\\\/magazine365\\\/category\\\/noticias-actualidad\\\/\",\"nextItem\":{\"@type\":\"ListItem\",\"@id\":\"https:\\\/\\\/eldigitaldeasturias.com\\\/magazine365\\\/airberlin-transporto-156-millones-de-pasajeros-en-enero-un-74-menos\\\/#listItem\",\"name\":\"airberlin transport\\u00f3 1,56 millones de pasajeros en enero, un 7,4 menos\"},\"previousItem\":{\"@type\":\"ListItem\",\"@id\":\"https:\\\/\\\/eldigitaldeasturias.com\\\/magazine365#listItem\",\"name\":\"Home\"}},{\"@type\":\"ListItem\",\"@id\":\"https:\\\/\\\/eldigitaldeasturias.com\\\/magazine365\\\/airberlin-transporto-156-millones-de-pasajeros-en-enero-un-74-menos\\\/#listItem\",\"position\":3,\"name\":\"airberlin transport\\u00f3 1,56 millones de pasajeros en enero, un 7,4 menos\",\"previousItem\":{\"@type\":\"ListItem\",\"@id\":\"https:\\\/\\\/eldigitaldeasturias.com\\\/magazine365\\\/category\\\/noticias-actualidad\\\/#listItem\",\"name\":\"Noticias y Actualidad\"}}]},{\"@type\":\"Organization\",\"@id\":\"https:\\\/\\\/eldigitaldeasturias.com\\\/magazine365\\\/#organization\",\"name\":\"El digital de Asturias\",\"description\":\"Revista de ocio, turismo y estilo de vida\",\"url\":\"https:\\\/\\\/eldigitaldeasturias.com\\\/magazine365\\\/\",\"logo\":{\"@type\":\"ImageObject\",\"url\":\"https:\\\/\\\/www.eldigitaldeasturias.com\\\/noticias\\\/wp-content\\\/uploads\\\/2020\\\/12\\\/EDA.jpg\",\"@id\":\"https:\\\/\\\/eldigitaldeasturias.com\\\/magazine365\\\/airberlin-transporto-156-millones-de-pasajeros-en-enero-un-74-menos\\\/#organizationLogo\"},\"image\":{\"@id\":\"https:\\\/\\\/eldigitaldeasturias.com\\\/magazine365\\\/airberlin-transporto-156-millones-de-pasajeros-en-enero-un-74-menos\\\/#organizationLogo\"}},{\"@type\":\"Person\",\"@id\":\"https:\\\/\\\/eldigitaldeasturias.com\\\/magazine365\\\/author\\\/admin\\\/#author\",\"url\":\"https:\\\/\\\/eldigitaldeasturias.com\\\/magazine365\\\/author\\\/admin\\\/\",\"name\":\"admin\",\"image\":{\"@type\":\"ImageObject\",\"@id\":\"https:\\\/\\\/eldigitaldeasturias.com\\\/magazine365\\\/airberlin-transporto-156-millones-de-pasajeros-en-enero-un-74-menos\\\/#authorImage\",\"url\":\"https:\\\/\\\/eldigitaldeasturias.com\\\/magazine365\\\/wp-content\\\/litespeed\\\/avatar\\\/e571bcf59a0edd6fa6838245a470f2fe.jpg?ver=1776969259\",\"width\":96,\"height\":96,\"caption\":\"admin\"}},{\"@type\":\"WebPage\",\"@id\":\"https:\\\/\\\/eldigitaldeasturias.com\\\/magazine365\\\/airberlin-transporto-156-millones-de-pasajeros-en-enero-un-74-menos\\\/#webpage\",\"url\":\"https:\\\/\\\/eldigitaldeasturias.com\\\/magazine365\\\/airberlin-transporto-156-millones-de-pasajeros-en-enero-un-74-menos\\\/\",\"name\":\"airberlin transport\\u00f3 1,56 millones de pasajeros en enero, un 7,4 menos | El Digital de Asturias\",\"description\":\"La aerol\\u00ednea airberlin transport\\u00f3 a un total de 1,56 millones de pasajeros en enero, lo que supone un descenso del 7,4% respecto al mismo mes de 2015, inform\\u00f3 la empresa en un comunicado, que justific\\u00f3 esta ca\\u00edda por la reducci\\u00f3n de la oferta aplicada por la compa\\u00f1\\u00eda. La compa\\u00f1\\u00eda alemana obtuvo un ratio de ocupaci\\u00f3n\",\"inLanguage\":\"es-ES\",\"isPartOf\":{\"@id\":\"https:\\\/\\\/eldigitaldeasturias.com\\\/magazine365\\\/#website\"},\"breadcrumb\":{\"@id\":\"https:\\\/\\\/eldigitaldeasturias.com\\\/magazine365\\\/airberlin-transporto-156-millones-de-pasajeros-en-enero-un-74-menos\\\/#breadcrumblist\"},\"author\":{\"@id\":\"https:\\\/\\\/eldigitaldeasturias.com\\\/magazine365\\\/author\\\/admin\\\/#author\"},\"creator\":{\"@id\":\"https:\\\/\\\/eldigitaldeasturias.com\\\/magazine365\\\/author\\\/admin\\\/#author\"},\"image\":{\"@type\":\"ImageObject\",\"url\":\"https:\\\/\\\/eldigitaldeasturias.com\\\/magazine365\\\/wp-content\\\/uploads\\\/2016\\\/02\\\/fotonoticia_20160205102225_800.jpg\",\"@id\":\"https:\\\/\\\/eldigitaldeasturias.com\\\/magazine365\\\/airberlin-transporto-156-millones-de-pasajeros-en-enero-un-74-menos\\\/#mainImage\",\"width\":800,\"height\":480},\"primaryImageOfPage\":{\"@id\":\"https:\\\/\\\/eldigitaldeasturias.com\\\/magazine365\\\/airberlin-transporto-156-millones-de-pasajeros-en-enero-un-74-menos\\\/#mainImage\"},\"datePublished\":\"2016-02-06T23:17:05+01:00\",\"dateModified\":\"2016-02-06T23:17:05+01:00\"},{\"@type\":\"WebSite\",\"@id\":\"https:\\\/\\\/eldigitaldeasturias.com\\\/magazine365\\\/#website\",\"url\":\"https:\\\/\\\/eldigitaldeasturias.com\\\/magazine365\\\/\",\"name\":\"El Digital de Asturias\",\"description\":\"Revista de ocio, turismo y estilo de vida\",\"inLanguage\":\"es-ES\",\"publisher\":{\"@id\":\"https:\\\/\\\/eldigitaldeasturias.com\\\/magazine365\\\/#organization\"}}]}\n\t\t<\/script>\n\t\t<!-- All in One SEO Pro -->\r\n\t\t<title>airberlin transport\u00f3 1,56 millones de pasajeros en enero, un 7,4 menos | El Digital de Asturias<\/title>\n\n","aioseo_head_json":{"title":"airberlin transport\u00f3 1,56 millones de pasajeros en enero, un 7,4 menos | El Digital de Asturias","description":"La aerol\u00ednea airberlin transport\u00f3 a un total de 1,56 millones de pasajeros en enero, lo que supone un descenso del 7,4% respecto al mismo mes de 2015, inform\u00f3 la empresa en un comunicado, que justific\u00f3 esta ca\u00edda por la reducci\u00f3n de la oferta aplicada por la compa\u00f1\u00eda. La compa\u00f1\u00eda alemana obtuvo un ratio de ocupaci\u00f3n","canonical_url":"https:\/\/eldigitaldeasturias.com\/magazine365\/airberlin-transporto-156-millones-de-pasajeros-en-enero-un-74-menos\/","robots":"max-image-preview:large","keywords":"noticias y actualidad","webmasterTools":{"google-site-verification":"UA-38556648-1","miscellaneous":""},"schema":{"@context":"https:\/\/schema.org","@graph":[{"@type":"Article","@id":"https:\/\/eldigitaldeasturias.com\/magazine365\/airberlin-transporto-156-millones-de-pasajeros-en-enero-un-74-menos\/#article","name":"airberlin transport\u00f3 1,56 millones de pasajeros en enero, un 7,4 menos | El Digital de Asturias","headline":"airberlin transport\u00f3 1,56 millones de pasajeros en enero, un 7,4 menos","author":{"@id":"https:\/\/eldigitaldeasturias.com\/magazine365\/author\/admin\/#author"},"publisher":{"@id":"https:\/\/eldigitaldeasturias.com\/magazine365\/#organization"},"image":{"@type":"ImageObject","url":"https:\/\/eldigitaldeasturias.com\/magazine365\/wp-content\/uploads\/2016\/02\/fotonoticia_20160205102225_800.jpg","width":800,"height":480},"datePublished":"2016-02-06T23:17:05+01:00","dateModified":"2016-02-06T23:17:05+01:00","inLanguage":"es-ES","mainEntityOfPage":{"@id":"https:\/\/eldigitaldeasturias.com\/magazine365\/airberlin-transporto-156-millones-de-pasajeros-en-enero-un-74-menos\/#webpage"},"isPartOf":{"@id":"https:\/\/eldigitaldeasturias.com\/magazine365\/airberlin-transporto-156-millones-de-pasajeros-en-enero-un-74-menos\/#webpage"},"articleSection":"Noticias y Actualidad"},{"@type":"BreadcrumbList","@id":"https:\/\/eldigitaldeasturias.com\/magazine365\/airberlin-transporto-156-millones-de-pasajeros-en-enero-un-74-menos\/#breadcrumblist","itemListElement":[{"@type":"ListItem","@id":"https:\/\/eldigitaldeasturias.com\/magazine365#listItem","position":1,"name":"Home","item":"https:\/\/eldigitaldeasturias.com\/magazine365","nextItem":{"@type":"ListItem","@id":"https:\/\/eldigitaldeasturias.com\/magazine365\/category\/noticias-actualidad\/#listItem","name":"Noticias y Actualidad"}},{"@type":"ListItem","@id":"https:\/\/eldigitaldeasturias.com\/magazine365\/category\/noticias-actualidad\/#listItem","position":2,"name":"Noticias y Actualidad","item":"https:\/\/eldigitaldeasturias.com\/magazine365\/category\/noticias-actualidad\/","nextItem":{"@type":"ListItem","@id":"https:\/\/eldigitaldeasturias.com\/magazine365\/airberlin-transporto-156-millones-de-pasajeros-en-enero-un-74-menos\/#listItem","name":"airberlin transport\u00f3 1,56 millones de pasajeros en enero, un 7,4 menos"},"previousItem":{"@type":"ListItem","@id":"https:\/\/eldigitaldeasturias.com\/magazine365#listItem","name":"Home"}},{"@type":"ListItem","@id":"https:\/\/eldigitaldeasturias.com\/magazine365\/airberlin-transporto-156-millones-de-pasajeros-en-enero-un-74-menos\/#listItem","position":3,"name":"airberlin transport\u00f3 1,56 millones de pasajeros en enero, un 7,4 menos","previousItem":{"@type":"ListItem","@id":"https:\/\/eldigitaldeasturias.com\/magazine365\/category\/noticias-actualidad\/#listItem","name":"Noticias y Actualidad"}}]},{"@type":"Organization","@id":"https:\/\/eldigitaldeasturias.com\/magazine365\/#organization","name":"El digital de Asturias","description":"Revista de ocio, turismo y estilo de vida","url":"https:\/\/eldigitaldeasturias.com\/magazine365\/","logo":{"@type":"ImageObject","url":"https:\/\/www.eldigitaldeasturias.com\/noticias\/wp-content\/uploads\/2020\/12\/EDA.jpg","@id":"https:\/\/eldigitaldeasturias.com\/magazine365\/airberlin-transporto-156-millones-de-pasajeros-en-enero-un-74-menos\/#organizationLogo"},"image":{"@id":"https:\/\/eldigitaldeasturias.com\/magazine365\/airberlin-transporto-156-millones-de-pasajeros-en-enero-un-74-menos\/#organizationLogo"}},{"@type":"Person","@id":"https:\/\/eldigitaldeasturias.com\/magazine365\/author\/admin\/#author","url":"https:\/\/eldigitaldeasturias.com\/magazine365\/author\/admin\/","name":"admin","image":{"@type":"ImageObject","@id":"https:\/\/eldigitaldeasturias.com\/magazine365\/airberlin-transporto-156-millones-de-pasajeros-en-enero-un-74-menos\/#authorImage","url":"https:\/\/eldigitaldeasturias.com\/magazine365\/wp-content\/litespeed\/avatar\/e571bcf59a0edd6fa6838245a470f2fe.jpg?ver=1776969259","width":96,"height":96,"caption":"admin"}},{"@type":"WebPage","@id":"https:\/\/eldigitaldeasturias.com\/magazine365\/airberlin-transporto-156-millones-de-pasajeros-en-enero-un-74-menos\/#webpage","url":"https:\/\/eldigitaldeasturias.com\/magazine365\/airberlin-transporto-156-millones-de-pasajeros-en-enero-un-74-menos\/","name":"airberlin transport\u00f3 1,56 millones de pasajeros en enero, un 7,4 menos | El Digital de Asturias","description":"La aerol\u00ednea airberlin transport\u00f3 a un total de 1,56 millones de pasajeros en enero, lo que supone un descenso del 7,4% respecto al mismo mes de 2015, inform\u00f3 la empresa en un comunicado, que justific\u00f3 esta ca\u00edda por la reducci\u00f3n de la oferta aplicada por la compa\u00f1\u00eda. La compa\u00f1\u00eda alemana obtuvo un ratio de ocupaci\u00f3n","inLanguage":"es-ES","isPartOf":{"@id":"https:\/\/eldigitaldeasturias.com\/magazine365\/#website"},"breadcrumb":{"@id":"https:\/\/eldigitaldeasturias.com\/magazine365\/airberlin-transporto-156-millones-de-pasajeros-en-enero-un-74-menos\/#breadcrumblist"},"author":{"@id":"https:\/\/eldigitaldeasturias.com\/magazine365\/author\/admin\/#author"},"creator":{"@id":"https:\/\/eldigitaldeasturias.com\/magazine365\/author\/admin\/#author"},"image":{"@type":"ImageObject","url":"https:\/\/eldigitaldeasturias.com\/magazine365\/wp-content\/uploads\/2016\/02\/fotonoticia_20160205102225_800.jpg","@id":"https:\/\/eldigitaldeasturias.com\/magazine365\/airberlin-transporto-156-millones-de-pasajeros-en-enero-un-74-menos\/#mainImage","width":800,"height":480},"primaryImageOfPage":{"@id":"https:\/\/eldigitaldeasturias.com\/magazine365\/airberlin-transporto-156-millones-de-pasajeros-en-enero-un-74-menos\/#mainImage"},"datePublished":"2016-02-06T23:17:05+01:00","dateModified":"2016-02-06T23:17:05+01:00"},{"@type":"WebSite","@id":"https:\/\/eldigitaldeasturias.com\/magazine365\/#website","url":"https:\/\/eldigitaldeasturias.com\/magazine365\/","name":"El Digital de Asturias","description":"Revista de ocio, turismo y estilo de vida","inLanguage":"es-ES","publisher":{"@id":"https:\/\/eldigitaldeasturias.com\/magazine365\/#organization"}}]},"og:locale":"es_ES","og:site_name":"El Digital de Asturias \u2013 Revista de ocio, turismo y estilo de vida","og:type":"article","og:title":"airberlin transport\u00f3 1,56 millones de pasajeros en enero, un 7,4 menos | El Digital de Asturias","og:description":"La aerol\u00ednea airberlin transport\u00f3 a un total de 1,56 millones de pasajeros en enero, lo que supone un descenso del 7,4% respecto al mismo mes de 2015, inform\u00f3 la empresa en un comunicado, que justific\u00f3 esta ca\u00edda por la reducci\u00f3n de la oferta aplicada por la compa\u00f1\u00eda. La compa\u00f1\u00eda alemana obtuvo un ratio de ocupaci\u00f3n","og:url":"https:\/\/eldigitaldeasturias.com\/magazine365\/airberlin-transporto-156-millones-de-pasajeros-en-enero-un-74-menos\/","og:image":"https:\/\/eldigitaldeasturias.com\/magazine365\/wp-content\/uploads\/2016\/02\/fotonoticia_20160205102225_800.jpg","og:image:secure_url":"https:\/\/eldigitaldeasturias.com\/magazine365\/wp-content\/uploads\/2016\/02\/fotonoticia_20160205102225_800.jpg","og:image:width":800,"og:image:height":480,"article:published_time":"2016-02-06T22:17:05+00:00","article:modified_time":"2016-02-06T22:17:05+00:00","twitter:card":"summary_large_image","twitter:title":"airberlin transport\u00f3 1,56 millones de pasajeros en enero, un 7,4 menos | El Digital de Asturias","twitter:description":"La aerol\u00ednea airberlin transport\u00f3 a un total de 1,56 millones de pasajeros en enero, lo que supone un descenso del 7,4% respecto al mismo mes de 2015, inform\u00f3 la empresa en un comunicado, que justific\u00f3 esta ca\u00edda por la reducci\u00f3n de la oferta aplicada por la compa\u00f1\u00eda. La compa\u00f1\u00eda alemana obtuvo un ratio de ocupaci\u00f3n","twitter:image":"https:\/\/eldigitaldeasturias.com\/magazine365\/wp-content\/uploads\/2016\/02\/fotonoticia_20160205102225_800.jpg"},"aioseo_meta_data":{"post_id":"63380","title":null,"description":null,"keywords":null,"keyphrases":null,"primary_term":null,"canonical_url":null,"og_title":null,"og_description":null,"og_object_type":"default","og_image_type":"default","og_image_url":null,"og_image_width":null,"og_image_height":null,"og_image_custom_url":null,"og_image_custom_fields":null,"og_video":null,"og_custom_url":null,"og_article_section":null,"og_article_tags":null,"twitter_use_og":false,"twitter_card":"default","twitter_image_type":"default","twitter_image_url":null,"twitter_image_custom_url":null,"twitter_image_custom_fields":null,"twitter_title":null,"twitter_description":null,"schema":{"blockGraphs":[],"customGraphs":[],"default":{"data":{"Article":[],"Course":[],"Dataset":[],"FAQPage":[],"Movie":[],"Person":[],"Product":[],"ProductReview":[],"Car":[],"Recipe":[],"Service":[],"SoftwareApplication":[],"WebPage":[]},"graphName":"","isEnabled":true},"graphs":[],"defaultGraph":"","defaultPostTypeGraph":""},"schema_type":null,"schema_type_options":null,"pillar_content":false,"robots_default":true,"robots_noindex":false,"robots_noarchive":false,"robots_nosnippet":false,"robots_nofollow":false,"robots_noimageindex":false,"robots_noodp":false,"robots_notranslate":false,"robots_max_snippet":null,"robots_max_videopreview":null,"robots_max_imagepreview":"large","priority":null,"frequency":null,"location":null,"local_seo":null,"seo_analyzer_scan_date":"2025-09-25 13:00:19","breadcrumb_settings":null,"limit_modified_date":false,"open_ai":null,"ai":null,"created":"2021-03-08 21:24:01","updated":"2025-09-25 13:00:19"},"aioseo_breadcrumb":"<div class=\"aioseo-breadcrumbs\"><span class=\"aioseo-breadcrumb\">\n\t<a href=\"https:\/\/eldigitaldeasturias.com\/magazine365\" title=\"Home\">Home<\/a>\n<\/span><span class=\"aioseo-breadcrumb-separator\">\u2013<\/span><span class=\"aioseo-breadcrumb\">\n\t<a href=\"https:\/\/eldigitaldeasturias.com\/magazine365\/category\/noticias-actualidad\/\" title=\"Noticias y Actualidad\">Noticias y Actualidad<\/a>\n<\/span><span class=\"aioseo-breadcrumb-separator\">\u2013<\/span><span class=\"aioseo-breadcrumb\">\n\t<a href=\"https:\/\/eldigitaldeasturias.com\/magazine365\/airberlin-transporto-156-millones-de-pasajeros-en-enero-un-74-menos\/\" title=\"airberlin transport\u00f3 1,56 millones de pasajeros en enero, un 7,4 menos\">airberlin transport\u00f3 1,56 millones de pasajeros en enero, un 7,4 menos<\/a>\n<\/span><\/div>","aioseo_breadcrumb_json":[{"label":"Home","link":"https:\/\/eldigitaldeasturias.com\/magazine365"},{"label":"Noticias y Actualidad","link":"https:\/\/eldigitaldeasturias.com\/magazine365\/category\/noticias-actualidad\/"},{"label":"airberlin transport\u00f3 1,56 millones de pasajeros en enero, un 7,4 menos","link":"https:\/\/eldigitaldeasturias.com\/magazine365\/airberlin-transporto-156-millones-de-pasajeros-en-enero-un-74-menos\/"}],"_links":{"self":[{"href":"https:\/\/eldigitaldeasturias.com\/magazine365\/wp-json\/wp\/v2\/posts\/63380","targetHints":{"allow":["GET"]}}],"collection":[{"href":"https:\/\/eldigitaldeasturias.com\/magazine365\/wp-json\/wp\/v2\/posts"}],"about":[{"href":"https:\/\/eldigitaldeasturias.com\/magazine365\/wp-json\/wp\/v2\/types\/post"}],"author":[{"embeddable":true,"href":"https:\/\/eldigitaldeasturias.com\/magazine365\/wp-json\/wp\/v2\/users\/1"}],"replies":[{"embeddable":true,"href":"https:\/\/eldigitaldeasturias.com\/magazine365\/wp-json\/wp\/v2\/comments?post=63380"}],"version-history":[{"count":0,"href":"https:\/\/eldigitaldeasturias.com\/magazine365\/wp-json\/wp\/v2\/posts\/63380\/revisions"}],"wp:featuredmedia":[{"embeddable":true,"href":"https:\/\/eldigitaldeasturias.com\/magazine365\/wp-json\/wp\/v2\/media\/63381"}],"wp:attachment":[{"href":"https:\/\/eldigitaldeasturias.com\/magazine365\/wp-json\/wp\/v2\/media?parent=63380"}],"wp:term":[{"taxonomy":"category","embeddable":true,"href":"https:\/\/eldigitaldeasturias.com\/magazine365\/wp-json\/wp\/v2\/categories?post=63380"},{"taxonomy":"post_tag","embeddable":true,"href":"https:\/\/eldigitaldeasturias.com\/magazine365\/wp-json\/wp\/v2\/tags?post=63380"}],"curies":[{"name":"wp","href":"https:\/\/api.w.org\/{rel}","templated":true}]}}