{"id":63359,"date":"2016-02-06T22:59:12","date_gmt":"2016-02-06T21:59:12","guid":{"rendered":"http:\/\/eldigitaldeasturias.com\/magazine365\/?p=63359"},"modified":"2016-02-06T22:59:12","modified_gmt":"2016-02-06T21:59:12","slug":"una-visita-guiada-recorrera-las-casas-mudejares-la-plaza-alta-o-la-alcazaba-de-badajoz","status":"publish","type":"post","link":"https:\/\/eldigitaldeasturias.com\/magazine365\/una-visita-guiada-recorrera-las-casas-mudejares-la-plaza-alta-o-la-alcazaba-de-badajoz\/","title":{"rendered":"Una visita guiada recorrer\u00e1 las Casas Mud\u00e9jares, la Plaza Alta o la Alcazaba de Badajoz"},"content":{"rendered":"<p><img fetchpriority=\"high\" decoding=\"async\" class=\"alignleft size-medium wp-image-63360\" src=\"https:\/\/eldigitaldeasturias.com\/magazine365\/wp-content\/uploads\/2016\/02\/fotonoticia_20160204180847_800-360x270.jpg\" alt=\"fotonoticia_20160204180847_800\" width=\"360\" height=\"270\" srcset=\"https:\/\/eldigitaldeasturias.com\/magazine365\/wp-content\/uploads\/2016\/02\/fotonoticia_20160204180847_800-360x270.jpg 360w, https:\/\/eldigitaldeasturias.com\/magazine365\/wp-content\/uploads\/2016\/02\/fotonoticia_20160204180847_800-650x488.jpg 650w, https:\/\/eldigitaldeasturias.com\/magazine365\/wp-content\/uploads\/2016\/02\/fotonoticia_20160204180847_800-768x576.jpg 768w, https:\/\/eldigitaldeasturias.com\/magazine365\/wp-content\/uploads\/2016\/02\/fotonoticia_20160204180847_800-150x113.jpg 150w, https:\/\/eldigitaldeasturias.com\/magazine365\/wp-content\/uploads\/2016\/02\/fotonoticia_20160204180847_800-450x338.jpg 450w, https:\/\/eldigitaldeasturias.com\/magazine365\/wp-content\/uploads\/2016\/02\/fotonoticia_20160204180847_800-80x60.jpg 80w, https:\/\/eldigitaldeasturias.com\/magazine365\/wp-content\/uploads\/2016\/02\/fotonoticia_20160204180847_800-265x198.jpg 265w, https:\/\/eldigitaldeasturias.com\/magazine365\/wp-content\/uploads\/2016\/02\/fotonoticia_20160204180847_800-696x522.jpg 696w, https:\/\/eldigitaldeasturias.com\/magazine365\/wp-content\/uploads\/2016\/02\/fotonoticia_20160204180847_800-560x420.jpg 560w, https:\/\/eldigitaldeasturias.com\/magazine365\/wp-content\/uploads\/2016\/02\/fotonoticia_20160204180847_800-90x67.jpg 90w, https:\/\/eldigitaldeasturias.com\/magazine365\/wp-content\/uploads\/2016\/02\/fotonoticia_20160204180847_800-164x124.jpg 164w, https:\/\/eldigitaldeasturias.com\/magazine365\/wp-content\/uploads\/2016\/02\/fotonoticia_20160204180847_800-100x75.jpg 100w, https:\/\/eldigitaldeasturias.com\/magazine365\/wp-content\/uploads\/2016\/02\/fotonoticia_20160204180847_800.jpg 800w\" sizes=\"(max-width: 360px) 100vw, 360px\" \/>Una nueva visita guiada &#8216;Interiores&#8217; recorrer\u00e1 este s\u00e1bado, d\u00eda 6, las Casas Mud\u00e9jares, la Plaza Alta o la Alcazaba de Badajoz con el objetivo de mostrar el interior de algunos de los monumentos m\u00e1s emblem\u00e1ticos de la ciudad.<\/p>\n<p>La Concejal\u00eda de Turismo del ayuntamiento de Badajoz organiza esta visita guiada que se celebra el primer s\u00e1bado de cada mes y que, en esta ocasi\u00f3n, partir\u00e1 desde las Casas Mud\u00e9jares a las 10,30 horas con una duraci\u00f3n aproximada de dos horas.<\/p>\n<p>Los lugares a visitar ser\u00e1n las Casas Mud\u00e9jares donde se proyectar\u00e1 el nuevo v\u00eddeo promocional presentado en la Feria Internacional de Turismo (Fitur) 2016 &#8216;Elijo Badajoz&#8217;, la Plaza Alta donde se visitar\u00e1n las antiguas Casas Consistoriales, la Alcazaba con la subida a la Torre de Espantaperros, la Plaza de la Soledad y la Puerta de Palmas con entrada a las torres.<\/p>\n<p>La asistencia a la visita es libre y se ruega que los asistentes se congreguen unos minutos antes para poder comenzar con puntualidad, ha informado el ayuntamiento en una nota de prensa en la que ha matizado que, para m\u00e1s informaci\u00f3n, se puede llamar al 924 20 13 69 (Centro Informaci\u00f3n Tur\u00edstica de las Casas Mud\u00e9jares) de 10,00 a 14,00 y de 17,30 a 20,00 horas de lunes a viernes y en horario de ma\u00f1ana los s\u00e1bados.<\/p>\n","protected":false},"excerpt":{"rendered":"<p>Una nueva visita guiada &#8216;Interiores&#8217; recorrer\u00e1 este s\u00e1bado, d\u00eda 6, las Casas Mud\u00e9jares, la Plaza Alta o la Alcazaba de Badajoz con el objetivo de mostrar el interior de algunos de los monumentos m\u00e1s emblem\u00e1ticos de la ciudad. La Concejal\u00eda de Turismo del ayuntamiento de Badajoz organiza esta visita guiada que se celebra el primer<\/p>\n","protected":false},"author":1,"featured_media":63360,"comment_status":"open","ping_status":"closed","sticky":false,"template":"","format":"standard","meta":{"footnotes":""},"categories":[224],"tags":[],"class_list":{"0":"post-63359","1":"post","2":"type-post","3":"status-publish","4":"format-standard","5":"has-post-thumbnail","7":"category-noticias-actualidad"},"aioseo_notices":[],"aioseo_head":"\n\t\t<!-- All in One SEO Pro 4.9.6.1 - aioseo.com -->\n\t<meta name=\"description\" content=\"Una nueva visita guiada &#039;Interiores&#039; recorrer\u00e1 este s\u00e1bado, d\u00eda 6, las Casas Mud\u00e9jares, la Plaza Alta o la Alcazaba de Badajoz con el objetivo de mostrar el interior de algunos de los monumentos m\u00e1s emblem\u00e1ticos de la ciudad. La Concejal\u00eda de Turismo del ayuntamiento de Badajoz organiza esta visita guiada que se celebra el primer\" \/>\n\t<meta name=\"robots\" content=\"max-image-preview:large\" \/>\n\t<meta name=\"author\" content=\"admin\"\/>\n\t<meta name=\"google-site-verification\" content=\"UA-38556648-1\" \/>\n\t<meta name=\"keywords\" content=\"noticias y actualidad\" \/>\n\t<link rel=\"canonical\" href=\"https:\/\/eldigitaldeasturias.com\/magazine365\/una-visita-guiada-recorrera-las-casas-mudejares-la-plaza-alta-o-la-alcazaba-de-badajoz\/\" \/>\n\t<meta name=\"generator\" content=\"All in One SEO Pro (AIOSEO) 4.9.6.1\" \/>\n\t\t<meta property=\"og:locale\" content=\"es_ES\" \/>\n\t\t<meta property=\"og:site_name\" content=\"El Digital de Asturias \u2013 Revista de ocio, turismo y estilo de vida\" \/>\n\t\t<meta property=\"og:type\" content=\"article\" \/>\n\t\t<meta property=\"og:title\" content=\"Una visita guiada recorrer\u00e1 las Casas Mud\u00e9jares, la Plaza Alta o la Alcazaba de Badajoz | El Digital de Asturias\" \/>\n\t\t<meta property=\"og:description\" content=\"Una nueva visita guiada &#039;Interiores&#039; recorrer\u00e1 este s\u00e1bado, d\u00eda 6, las Casas Mud\u00e9jares, la Plaza Alta o la Alcazaba de Badajoz con el objetivo de mostrar el interior de algunos de los monumentos m\u00e1s emblem\u00e1ticos de la ciudad. La Concejal\u00eda de Turismo del ayuntamiento de Badajoz organiza esta visita guiada que se celebra el primer\" \/>\n\t\t<meta property=\"og:url\" content=\"https:\/\/eldigitaldeasturias.com\/magazine365\/una-visita-guiada-recorrera-las-casas-mudejares-la-plaza-alta-o-la-alcazaba-de-badajoz\/\" \/>\n\t\t<meta property=\"og:image\" content=\"https:\/\/eldigitaldeasturias.com\/magazine365\/wp-content\/uploads\/2016\/02\/fotonoticia_20160204180847_800.jpg\" \/>\n\t\t<meta property=\"og:image:secure_url\" content=\"https:\/\/eldigitaldeasturias.com\/magazine365\/wp-content\/uploads\/2016\/02\/fotonoticia_20160204180847_800.jpg\" \/>\n\t\t<meta property=\"og:image:width\" content=\"800\" \/>\n\t\t<meta property=\"og:image:height\" content=\"600\" \/>\n\t\t<meta property=\"article:published_time\" content=\"2016-02-06T21:59:12+00:00\" \/>\n\t\t<meta property=\"article:modified_time\" content=\"2016-02-06T21:59:12+00:00\" \/>\n\t\t<meta name=\"twitter:card\" content=\"summary_large_image\" \/>\n\t\t<meta name=\"twitter:title\" content=\"Una visita guiada recorrer\u00e1 las Casas Mud\u00e9jares, la Plaza Alta o la Alcazaba de Badajoz | El Digital de Asturias\" \/>\n\t\t<meta name=\"twitter:description\" content=\"Una nueva visita guiada &#039;Interiores&#039; recorrer\u00e1 este s\u00e1bado, d\u00eda 6, las Casas Mud\u00e9jares, la Plaza Alta o la Alcazaba de Badajoz con el objetivo de mostrar el interior de algunos de los monumentos m\u00e1s emblem\u00e1ticos de la ciudad. La Concejal\u00eda de Turismo del ayuntamiento de Badajoz organiza esta visita guiada que se celebra el primer\" \/>\n\t\t<meta name=\"twitter:image\" content=\"https:\/\/eldigitaldeasturias.com\/magazine365\/wp-content\/uploads\/2016\/02\/fotonoticia_20160204180847_800.jpg\" \/>\n\t\t<script type=\"application\/ld+json\" class=\"aioseo-schema\">\n\t\t\t{\"@context\":\"https:\\\/\\\/schema.org\",\"@graph\":[{\"@type\":\"Article\",\"@id\":\"https:\\\/\\\/eldigitaldeasturias.com\\\/magazine365\\\/una-visita-guiada-recorrera-las-casas-mudejares-la-plaza-alta-o-la-alcazaba-de-badajoz\\\/#article\",\"name\":\"Una visita guiada recorrer\\u00e1 las Casas Mud\\u00e9jares, la Plaza Alta o la Alcazaba de Badajoz | El Digital de Asturias\",\"headline\":\"Una visita guiada recorrer\\u00e1 las Casas Mud\\u00e9jares, la Plaza Alta o la Alcazaba de Badajoz\",\"author\":{\"@id\":\"https:\\\/\\\/eldigitaldeasturias.com\\\/magazine365\\\/author\\\/admin\\\/#author\"},\"publisher\":{\"@id\":\"https:\\\/\\\/eldigitaldeasturias.com\\\/magazine365\\\/#organization\"},\"image\":{\"@type\":\"ImageObject\",\"url\":\"https:\\\/\\\/eldigitaldeasturias.com\\\/magazine365\\\/wp-content\\\/uploads\\\/2016\\\/02\\\/fotonoticia_20160204180847_800.jpg\",\"width\":800,\"height\":600},\"datePublished\":\"2016-02-06T22:59:12+01:00\",\"dateModified\":\"2016-02-06T22:59:12+01:00\",\"inLanguage\":\"es-ES\",\"mainEntityOfPage\":{\"@id\":\"https:\\\/\\\/eldigitaldeasturias.com\\\/magazine365\\\/una-visita-guiada-recorrera-las-casas-mudejares-la-plaza-alta-o-la-alcazaba-de-badajoz\\\/#webpage\"},\"isPartOf\":{\"@id\":\"https:\\\/\\\/eldigitaldeasturias.com\\\/magazine365\\\/una-visita-guiada-recorrera-las-casas-mudejares-la-plaza-alta-o-la-alcazaba-de-badajoz\\\/#webpage\"},\"articleSection\":\"Noticias y Actualidad\"},{\"@type\":\"BreadcrumbList\",\"@id\":\"https:\\\/\\\/eldigitaldeasturias.com\\\/magazine365\\\/una-visita-guiada-recorrera-las-casas-mudejares-la-plaza-alta-o-la-alcazaba-de-badajoz\\\/#breadcrumblist\",\"itemListElement\":[{\"@type\":\"ListItem\",\"@id\":\"https:\\\/\\\/eldigitaldeasturias.com\\\/magazine365#listItem\",\"position\":1,\"name\":\"Home\",\"item\":\"https:\\\/\\\/eldigitaldeasturias.com\\\/magazine365\",\"nextItem\":{\"@type\":\"ListItem\",\"@id\":\"https:\\\/\\\/eldigitaldeasturias.com\\\/magazine365\\\/category\\\/noticias-actualidad\\\/#listItem\",\"name\":\"Noticias y Actualidad\"}},{\"@type\":\"ListItem\",\"@id\":\"https:\\\/\\\/eldigitaldeasturias.com\\\/magazine365\\\/category\\\/noticias-actualidad\\\/#listItem\",\"position\":2,\"name\":\"Noticias y Actualidad\",\"item\":\"https:\\\/\\\/eldigitaldeasturias.com\\\/magazine365\\\/category\\\/noticias-actualidad\\\/\",\"nextItem\":{\"@type\":\"ListItem\",\"@id\":\"https:\\\/\\\/eldigitaldeasturias.com\\\/magazine365\\\/una-visita-guiada-recorrera-las-casas-mudejares-la-plaza-alta-o-la-alcazaba-de-badajoz\\\/#listItem\",\"name\":\"Una visita guiada recorrer\\u00e1 las Casas Mud\\u00e9jares, la Plaza Alta o la Alcazaba de Badajoz\"},\"previousItem\":{\"@type\":\"ListItem\",\"@id\":\"https:\\\/\\\/eldigitaldeasturias.com\\\/magazine365#listItem\",\"name\":\"Home\"}},{\"@type\":\"ListItem\",\"@id\":\"https:\\\/\\\/eldigitaldeasturias.com\\\/magazine365\\\/una-visita-guiada-recorrera-las-casas-mudejares-la-plaza-alta-o-la-alcazaba-de-badajoz\\\/#listItem\",\"position\":3,\"name\":\"Una visita guiada recorrer\\u00e1 las Casas Mud\\u00e9jares, la Plaza Alta o la Alcazaba de Badajoz\",\"previousItem\":{\"@type\":\"ListItem\",\"@id\":\"https:\\\/\\\/eldigitaldeasturias.com\\\/magazine365\\\/category\\\/noticias-actualidad\\\/#listItem\",\"name\":\"Noticias y Actualidad\"}}]},{\"@type\":\"Organization\",\"@id\":\"https:\\\/\\\/eldigitaldeasturias.com\\\/magazine365\\\/#organization\",\"name\":\"El digital de Asturias\",\"description\":\"Revista de ocio, turismo y estilo de vida\",\"url\":\"https:\\\/\\\/eldigitaldeasturias.com\\\/magazine365\\\/\",\"logo\":{\"@type\":\"ImageObject\",\"url\":\"https:\\\/\\\/www.eldigitaldeasturias.com\\\/noticias\\\/wp-content\\\/uploads\\\/2020\\\/12\\\/EDA.jpg\",\"@id\":\"https:\\\/\\\/eldigitaldeasturias.com\\\/magazine365\\\/una-visita-guiada-recorrera-las-casas-mudejares-la-plaza-alta-o-la-alcazaba-de-badajoz\\\/#organizationLogo\"},\"image\":{\"@id\":\"https:\\\/\\\/eldigitaldeasturias.com\\\/magazine365\\\/una-visita-guiada-recorrera-las-casas-mudejares-la-plaza-alta-o-la-alcazaba-de-badajoz\\\/#organizationLogo\"}},{\"@type\":\"Person\",\"@id\":\"https:\\\/\\\/eldigitaldeasturias.com\\\/magazine365\\\/author\\\/admin\\\/#author\",\"url\":\"https:\\\/\\\/eldigitaldeasturias.com\\\/magazine365\\\/author\\\/admin\\\/\",\"name\":\"admin\",\"image\":{\"@type\":\"ImageObject\",\"@id\":\"https:\\\/\\\/eldigitaldeasturias.com\\\/magazine365\\\/una-visita-guiada-recorrera-las-casas-mudejares-la-plaza-alta-o-la-alcazaba-de-badajoz\\\/#authorImage\",\"url\":\"https:\\\/\\\/eldigitaldeasturias.com\\\/magazine365\\\/wp-content\\\/litespeed\\\/avatar\\\/e571bcf59a0edd6fa6838245a470f2fe.jpg?ver=1776969259\",\"width\":96,\"height\":96,\"caption\":\"admin\"}},{\"@type\":\"WebPage\",\"@id\":\"https:\\\/\\\/eldigitaldeasturias.com\\\/magazine365\\\/una-visita-guiada-recorrera-las-casas-mudejares-la-plaza-alta-o-la-alcazaba-de-badajoz\\\/#webpage\",\"url\":\"https:\\\/\\\/eldigitaldeasturias.com\\\/magazine365\\\/una-visita-guiada-recorrera-las-casas-mudejares-la-plaza-alta-o-la-alcazaba-de-badajoz\\\/\",\"name\":\"Una visita guiada recorrer\\u00e1 las Casas Mud\\u00e9jares, la Plaza Alta o la Alcazaba de Badajoz | El Digital de Asturias\",\"description\":\"Una nueva visita guiada 'Interiores' recorrer\\u00e1 este s\\u00e1bado, d\\u00eda 6, las Casas Mud\\u00e9jares, la Plaza Alta o la Alcazaba de Badajoz con el objetivo de mostrar el interior de algunos de los monumentos m\\u00e1s emblem\\u00e1ticos de la ciudad. La Concejal\\u00eda de Turismo del ayuntamiento de Badajoz organiza esta visita guiada que se celebra el primer\",\"inLanguage\":\"es-ES\",\"isPartOf\":{\"@id\":\"https:\\\/\\\/eldigitaldeasturias.com\\\/magazine365\\\/#website\"},\"breadcrumb\":{\"@id\":\"https:\\\/\\\/eldigitaldeasturias.com\\\/magazine365\\\/una-visita-guiada-recorrera-las-casas-mudejares-la-plaza-alta-o-la-alcazaba-de-badajoz\\\/#breadcrumblist\"},\"author\":{\"@id\":\"https:\\\/\\\/eldigitaldeasturias.com\\\/magazine365\\\/author\\\/admin\\\/#author\"},\"creator\":{\"@id\":\"https:\\\/\\\/eldigitaldeasturias.com\\\/magazine365\\\/author\\\/admin\\\/#author\"},\"image\":{\"@type\":\"ImageObject\",\"url\":\"https:\\\/\\\/eldigitaldeasturias.com\\\/magazine365\\\/wp-content\\\/uploads\\\/2016\\\/02\\\/fotonoticia_20160204180847_800.jpg\",\"@id\":\"https:\\\/\\\/eldigitaldeasturias.com\\\/magazine365\\\/una-visita-guiada-recorrera-las-casas-mudejares-la-plaza-alta-o-la-alcazaba-de-badajoz\\\/#mainImage\",\"width\":800,\"height\":600},\"primaryImageOfPage\":{\"@id\":\"https:\\\/\\\/eldigitaldeasturias.com\\\/magazine365\\\/una-visita-guiada-recorrera-las-casas-mudejares-la-plaza-alta-o-la-alcazaba-de-badajoz\\\/#mainImage\"},\"datePublished\":\"2016-02-06T22:59:12+01:00\",\"dateModified\":\"2016-02-06T22:59:12+01:00\"},{\"@type\":\"WebSite\",\"@id\":\"https:\\\/\\\/eldigitaldeasturias.com\\\/magazine365\\\/#website\",\"url\":\"https:\\\/\\\/eldigitaldeasturias.com\\\/magazine365\\\/\",\"name\":\"El Digital de Asturias\",\"description\":\"Revista de ocio, turismo y estilo de vida\",\"inLanguage\":\"es-ES\",\"publisher\":{\"@id\":\"https:\\\/\\\/eldigitaldeasturias.com\\\/magazine365\\\/#organization\"}}]}\n\t\t<\/script>\n\t\t<!-- All in One SEO Pro -->\r\n\t\t<title>Una visita guiada recorrer\u00e1 las Casas Mud\u00e9jares, la Plaza Alta o la Alcazaba de Badajoz | El Digital de Asturias<\/title>\n\n","aioseo_head_json":{"title":"Una visita guiada recorrer\u00e1 las Casas Mud\u00e9jares, la Plaza Alta o la Alcazaba de Badajoz | El Digital de Asturias","description":"Una nueva visita guiada 'Interiores' recorrer\u00e1 este s\u00e1bado, d\u00eda 6, las Casas Mud\u00e9jares, la Plaza Alta o la Alcazaba de Badajoz con el objetivo de mostrar el interior de algunos de los monumentos m\u00e1s emblem\u00e1ticos de la ciudad. La Concejal\u00eda de Turismo del ayuntamiento de Badajoz organiza esta visita guiada que se celebra el primer","canonical_url":"https:\/\/eldigitaldeasturias.com\/magazine365\/una-visita-guiada-recorrera-las-casas-mudejares-la-plaza-alta-o-la-alcazaba-de-badajoz\/","robots":"max-image-preview:large","keywords":"noticias y actualidad","webmasterTools":{"google-site-verification":"UA-38556648-1","miscellaneous":""},"schema":{"@context":"https:\/\/schema.org","@graph":[{"@type":"Article","@id":"https:\/\/eldigitaldeasturias.com\/magazine365\/una-visita-guiada-recorrera-las-casas-mudejares-la-plaza-alta-o-la-alcazaba-de-badajoz\/#article","name":"Una visita guiada recorrer\u00e1 las Casas Mud\u00e9jares, la Plaza Alta o la Alcazaba de Badajoz | El Digital de Asturias","headline":"Una visita guiada recorrer\u00e1 las Casas Mud\u00e9jares, la Plaza Alta o la Alcazaba de Badajoz","author":{"@id":"https:\/\/eldigitaldeasturias.com\/magazine365\/author\/admin\/#author"},"publisher":{"@id":"https:\/\/eldigitaldeasturias.com\/magazine365\/#organization"},"image":{"@type":"ImageObject","url":"https:\/\/eldigitaldeasturias.com\/magazine365\/wp-content\/uploads\/2016\/02\/fotonoticia_20160204180847_800.jpg","width":800,"height":600},"datePublished":"2016-02-06T22:59:12+01:00","dateModified":"2016-02-06T22:59:12+01:00","inLanguage":"es-ES","mainEntityOfPage":{"@id":"https:\/\/eldigitaldeasturias.com\/magazine365\/una-visita-guiada-recorrera-las-casas-mudejares-la-plaza-alta-o-la-alcazaba-de-badajoz\/#webpage"},"isPartOf":{"@id":"https:\/\/eldigitaldeasturias.com\/magazine365\/una-visita-guiada-recorrera-las-casas-mudejares-la-plaza-alta-o-la-alcazaba-de-badajoz\/#webpage"},"articleSection":"Noticias y Actualidad"},{"@type":"BreadcrumbList","@id":"https:\/\/eldigitaldeasturias.com\/magazine365\/una-visita-guiada-recorrera-las-casas-mudejares-la-plaza-alta-o-la-alcazaba-de-badajoz\/#breadcrumblist","itemListElement":[{"@type":"ListItem","@id":"https:\/\/eldigitaldeasturias.com\/magazine365#listItem","position":1,"name":"Home","item":"https:\/\/eldigitaldeasturias.com\/magazine365","nextItem":{"@type":"ListItem","@id":"https:\/\/eldigitaldeasturias.com\/magazine365\/category\/noticias-actualidad\/#listItem","name":"Noticias y Actualidad"}},{"@type":"ListItem","@id":"https:\/\/eldigitaldeasturias.com\/magazine365\/category\/noticias-actualidad\/#listItem","position":2,"name":"Noticias y Actualidad","item":"https:\/\/eldigitaldeasturias.com\/magazine365\/category\/noticias-actualidad\/","nextItem":{"@type":"ListItem","@id":"https:\/\/eldigitaldeasturias.com\/magazine365\/una-visita-guiada-recorrera-las-casas-mudejares-la-plaza-alta-o-la-alcazaba-de-badajoz\/#listItem","name":"Una visita guiada recorrer\u00e1 las Casas Mud\u00e9jares, la Plaza Alta o la Alcazaba de Badajoz"},"previousItem":{"@type":"ListItem","@id":"https:\/\/eldigitaldeasturias.com\/magazine365#listItem","name":"Home"}},{"@type":"ListItem","@id":"https:\/\/eldigitaldeasturias.com\/magazine365\/una-visita-guiada-recorrera-las-casas-mudejares-la-plaza-alta-o-la-alcazaba-de-badajoz\/#listItem","position":3,"name":"Una visita guiada recorrer\u00e1 las Casas Mud\u00e9jares, la Plaza Alta o la Alcazaba de Badajoz","previousItem":{"@type":"ListItem","@id":"https:\/\/eldigitaldeasturias.com\/magazine365\/category\/noticias-actualidad\/#listItem","name":"Noticias y Actualidad"}}]},{"@type":"Organization","@id":"https:\/\/eldigitaldeasturias.com\/magazine365\/#organization","name":"El digital de Asturias","description":"Revista de ocio, turismo y estilo de vida","url":"https:\/\/eldigitaldeasturias.com\/magazine365\/","logo":{"@type":"ImageObject","url":"https:\/\/www.eldigitaldeasturias.com\/noticias\/wp-content\/uploads\/2020\/12\/EDA.jpg","@id":"https:\/\/eldigitaldeasturias.com\/magazine365\/una-visita-guiada-recorrera-las-casas-mudejares-la-plaza-alta-o-la-alcazaba-de-badajoz\/#organizationLogo"},"image":{"@id":"https:\/\/eldigitaldeasturias.com\/magazine365\/una-visita-guiada-recorrera-las-casas-mudejares-la-plaza-alta-o-la-alcazaba-de-badajoz\/#organizationLogo"}},{"@type":"Person","@id":"https:\/\/eldigitaldeasturias.com\/magazine365\/author\/admin\/#author","url":"https:\/\/eldigitaldeasturias.com\/magazine365\/author\/admin\/","name":"admin","image":{"@type":"ImageObject","@id":"https:\/\/eldigitaldeasturias.com\/magazine365\/una-visita-guiada-recorrera-las-casas-mudejares-la-plaza-alta-o-la-alcazaba-de-badajoz\/#authorImage","url":"https:\/\/eldigitaldeasturias.com\/magazine365\/wp-content\/litespeed\/avatar\/e571bcf59a0edd6fa6838245a470f2fe.jpg?ver=1776969259","width":96,"height":96,"caption":"admin"}},{"@type":"WebPage","@id":"https:\/\/eldigitaldeasturias.com\/magazine365\/una-visita-guiada-recorrera-las-casas-mudejares-la-plaza-alta-o-la-alcazaba-de-badajoz\/#webpage","url":"https:\/\/eldigitaldeasturias.com\/magazine365\/una-visita-guiada-recorrera-las-casas-mudejares-la-plaza-alta-o-la-alcazaba-de-badajoz\/","name":"Una visita guiada recorrer\u00e1 las Casas Mud\u00e9jares, la Plaza Alta o la Alcazaba de Badajoz | El Digital de Asturias","description":"Una nueva visita guiada 'Interiores' recorrer\u00e1 este s\u00e1bado, d\u00eda 6, las Casas Mud\u00e9jares, la Plaza Alta o la Alcazaba de Badajoz con el objetivo de mostrar el interior de algunos de los monumentos m\u00e1s emblem\u00e1ticos de la ciudad. La Concejal\u00eda de Turismo del ayuntamiento de Badajoz organiza esta visita guiada que se celebra el primer","inLanguage":"es-ES","isPartOf":{"@id":"https:\/\/eldigitaldeasturias.com\/magazine365\/#website"},"breadcrumb":{"@id":"https:\/\/eldigitaldeasturias.com\/magazine365\/una-visita-guiada-recorrera-las-casas-mudejares-la-plaza-alta-o-la-alcazaba-de-badajoz\/#breadcrumblist"},"author":{"@id":"https:\/\/eldigitaldeasturias.com\/magazine365\/author\/admin\/#author"},"creator":{"@id":"https:\/\/eldigitaldeasturias.com\/magazine365\/author\/admin\/#author"},"image":{"@type":"ImageObject","url":"https:\/\/eldigitaldeasturias.com\/magazine365\/wp-content\/uploads\/2016\/02\/fotonoticia_20160204180847_800.jpg","@id":"https:\/\/eldigitaldeasturias.com\/magazine365\/una-visita-guiada-recorrera-las-casas-mudejares-la-plaza-alta-o-la-alcazaba-de-badajoz\/#mainImage","width":800,"height":600},"primaryImageOfPage":{"@id":"https:\/\/eldigitaldeasturias.com\/magazine365\/una-visita-guiada-recorrera-las-casas-mudejares-la-plaza-alta-o-la-alcazaba-de-badajoz\/#mainImage"},"datePublished":"2016-02-06T22:59:12+01:00","dateModified":"2016-02-06T22:59:12+01:00"},{"@type":"WebSite","@id":"https:\/\/eldigitaldeasturias.com\/magazine365\/#website","url":"https:\/\/eldigitaldeasturias.com\/magazine365\/","name":"El Digital de Asturias","description":"Revista de ocio, turismo y estilo de vida","inLanguage":"es-ES","publisher":{"@id":"https:\/\/eldigitaldeasturias.com\/magazine365\/#organization"}}]},"og:locale":"es_ES","og:site_name":"El Digital de Asturias \u2013 Revista de ocio, turismo y estilo de vida","og:type":"article","og:title":"Una visita guiada recorrer\u00e1 las Casas Mud\u00e9jares, la Plaza Alta o la Alcazaba de Badajoz | El Digital de Asturias","og:description":"Una nueva visita guiada 'Interiores' recorrer\u00e1 este s\u00e1bado, d\u00eda 6, las Casas Mud\u00e9jares, la Plaza Alta o la Alcazaba de Badajoz con el objetivo de mostrar el interior de algunos de los monumentos m\u00e1s emblem\u00e1ticos de la ciudad. La Concejal\u00eda de Turismo del ayuntamiento de Badajoz organiza esta visita guiada que se celebra el primer","og:url":"https:\/\/eldigitaldeasturias.com\/magazine365\/una-visita-guiada-recorrera-las-casas-mudejares-la-plaza-alta-o-la-alcazaba-de-badajoz\/","og:image":"https:\/\/eldigitaldeasturias.com\/magazine365\/wp-content\/uploads\/2016\/02\/fotonoticia_20160204180847_800.jpg","og:image:secure_url":"https:\/\/eldigitaldeasturias.com\/magazine365\/wp-content\/uploads\/2016\/02\/fotonoticia_20160204180847_800.jpg","og:image:width":800,"og:image:height":600,"article:published_time":"2016-02-06T21:59:12+00:00","article:modified_time":"2016-02-06T21:59:12+00:00","twitter:card":"summary_large_image","twitter:title":"Una visita guiada recorrer\u00e1 las Casas Mud\u00e9jares, la Plaza Alta o la Alcazaba de Badajoz | El Digital de Asturias","twitter:description":"Una nueva visita guiada 'Interiores' recorrer\u00e1 este s\u00e1bado, d\u00eda 6, las Casas Mud\u00e9jares, la Plaza Alta o la Alcazaba de Badajoz con el objetivo de mostrar el interior de algunos de los monumentos m\u00e1s emblem\u00e1ticos de la ciudad. La Concejal\u00eda de Turismo del ayuntamiento de Badajoz organiza esta visita guiada que se celebra el primer","twitter:image":"https:\/\/eldigitaldeasturias.com\/magazine365\/wp-content\/uploads\/2016\/02\/fotonoticia_20160204180847_800.jpg"},"aioseo_meta_data":{"post_id":"63359","title":null,"description":null,"keywords":null,"keyphrases":null,"primary_term":null,"canonical_url":null,"og_title":null,"og_description":null,"og_object_type":"default","og_image_type":"default","og_image_url":null,"og_image_width":null,"og_image_height":null,"og_image_custom_url":null,"og_image_custom_fields":null,"og_video":null,"og_custom_url":null,"og_article_section":null,"og_article_tags":null,"twitter_use_og":false,"twitter_card":"default","twitter_image_type":"default","twitter_image_url":null,"twitter_image_custom_url":null,"twitter_image_custom_fields":null,"twitter_title":null,"twitter_description":null,"schema":{"blockGraphs":[],"customGraphs":[],"default":{"data":{"Article":[],"Course":[],"Dataset":[],"FAQPage":[],"Movie":[],"Person":[],"Product":[],"ProductReview":[],"Car":[],"Recipe":[],"Service":[],"SoftwareApplication":[],"WebPage":[]},"graphName":"","isEnabled":true},"graphs":[]},"schema_type":null,"schema_type_options":null,"pillar_content":false,"robots_default":true,"robots_noindex":false,"robots_noarchive":false,"robots_nosnippet":false,"robots_nofollow":false,"robots_noimageindex":false,"robots_noodp":false,"robots_notranslate":false,"robots_max_snippet":null,"robots_max_videopreview":null,"robots_max_imagepreview":"large","priority":null,"frequency":null,"location":null,"local_seo":null,"seo_analyzer_scan_date":"2025-09-25 12:59:03","breadcrumb_settings":null,"limit_modified_date":false,"open_ai":null,"ai":null,"created":"2021-03-08 21:24:01","updated":"2025-09-25 12:59:03"},"aioseo_breadcrumb":"<div class=\"aioseo-breadcrumbs\"><span class=\"aioseo-breadcrumb\">\n\t<a href=\"https:\/\/eldigitaldeasturias.com\/magazine365\" title=\"Home\">Home<\/a>\n<\/span><span class=\"aioseo-breadcrumb-separator\">\u2013<\/span><span class=\"aioseo-breadcrumb\">\n\t<a href=\"https:\/\/eldigitaldeasturias.com\/magazine365\/category\/noticias-actualidad\/\" title=\"Noticias y Actualidad\">Noticias y Actualidad<\/a>\n<\/span><span class=\"aioseo-breadcrumb-separator\">\u2013<\/span><span class=\"aioseo-breadcrumb\">\n\t<a href=\"https:\/\/eldigitaldeasturias.com\/magazine365\/una-visita-guiada-recorrera-las-casas-mudejares-la-plaza-alta-o-la-alcazaba-de-badajoz\/\" title=\"Una visita guiada recorrer\u00e1 las Casas Mud\u00e9jares, la Plaza Alta o la Alcazaba de Badajoz\">Una visita guiada recorrer\u00e1 las Casas Mud\u00e9jares, la Plaza Alta o la Alcazaba de Badajoz<\/a>\n<\/span><\/div>","aioseo_breadcrumb_json":[{"label":"Home","link":"https:\/\/eldigitaldeasturias.com\/magazine365"},{"label":"Noticias y Actualidad","link":"https:\/\/eldigitaldeasturias.com\/magazine365\/category\/noticias-actualidad\/"},{"label":"Una visita guiada recorrer\u00e1 las Casas Mud\u00e9jares, la Plaza Alta o la Alcazaba de Badajoz","link":"https:\/\/eldigitaldeasturias.com\/magazine365\/una-visita-guiada-recorrera-las-casas-mudejares-la-plaza-alta-o-la-alcazaba-de-badajoz\/"}],"_links":{"self":[{"href":"https:\/\/eldigitaldeasturias.com\/magazine365\/wp-json\/wp\/v2\/posts\/63359","targetHints":{"allow":["GET"]}}],"collection":[{"href":"https:\/\/eldigitaldeasturias.com\/magazine365\/wp-json\/wp\/v2\/posts"}],"about":[{"href":"https:\/\/eldigitaldeasturias.com\/magazine365\/wp-json\/wp\/v2\/types\/post"}],"author":[{"embeddable":true,"href":"https:\/\/eldigitaldeasturias.com\/magazine365\/wp-json\/wp\/v2\/users\/1"}],"replies":[{"embeddable":true,"href":"https:\/\/eldigitaldeasturias.com\/magazine365\/wp-json\/wp\/v2\/comments?post=63359"}],"version-history":[{"count":0,"href":"https:\/\/eldigitaldeasturias.com\/magazine365\/wp-json\/wp\/v2\/posts\/63359\/revisions"}],"wp:featuredmedia":[{"embeddable":true,"href":"https:\/\/eldigitaldeasturias.com\/magazine365\/wp-json\/wp\/v2\/media\/63360"}],"wp:attachment":[{"href":"https:\/\/eldigitaldeasturias.com\/magazine365\/wp-json\/wp\/v2\/media?parent=63359"}],"wp:term":[{"taxonomy":"category","embeddable":true,"href":"https:\/\/eldigitaldeasturias.com\/magazine365\/wp-json\/wp\/v2\/categories?post=63359"},{"taxonomy":"post_tag","embeddable":true,"href":"https:\/\/eldigitaldeasturias.com\/magazine365\/wp-json\/wp\/v2\/tags?post=63359"}],"curies":[{"name":"wp","href":"https:\/\/api.w.org\/{rel}","templated":true}]}}