{"id":63342,"date":"2016-02-06T22:37:22","date_gmt":"2016-02-06T21:37:22","guid":{"rendered":"http:\/\/eldigitaldeasturias.com\/magazine365\/?p=63342"},"modified":"2016-02-06T22:37:22","modified_gmt":"2016-02-06T21:37:22","slug":"los-vecinos-de-reinosa-disfrutaran-de-una-reduccion-del-45-en-el-forfait-anual-de-alto-campoo","status":"publish","type":"post","link":"https:\/\/eldigitaldeasturias.com\/magazine365\/los-vecinos-de-reinosa-disfrutaran-de-una-reduccion-del-45-en-el-forfait-anual-de-alto-campoo\/","title":{"rendered":"Los vecinos de Reinosa disfrutar\u00e1n de una reducci\u00f3n del 45% en el forfait anual de Alto Campoo"},"content":{"rendered":"<p><img fetchpriority=\"high\" decoding=\"async\" class=\"alignleft size-medium wp-image-63343\" src=\"https:\/\/eldigitaldeasturias.com\/magazine365\/wp-content\/uploads\/2016\/02\/fotonoticia_20160204172656_800-360x203.jpg\" alt=\"fotonoticia_20160204172656_800\" width=\"360\" height=\"203\" srcset=\"https:\/\/eldigitaldeasturias.com\/magazine365\/wp-content\/uploads\/2016\/02\/fotonoticia_20160204172656_800-360x203.jpg 360w, https:\/\/eldigitaldeasturias.com\/magazine365\/wp-content\/uploads\/2016\/02\/fotonoticia_20160204172656_800-650x366.jpg 650w, https:\/\/eldigitaldeasturias.com\/magazine365\/wp-content\/uploads\/2016\/02\/fotonoticia_20160204172656_800-768x432.jpg 768w, https:\/\/eldigitaldeasturias.com\/magazine365\/wp-content\/uploads\/2016\/02\/fotonoticia_20160204172656_800-150x84.jpg 150w, https:\/\/eldigitaldeasturias.com\/magazine365\/wp-content\/uploads\/2016\/02\/fotonoticia_20160204172656_800-450x253.jpg 450w, https:\/\/eldigitaldeasturias.com\/magazine365\/wp-content\/uploads\/2016\/02\/fotonoticia_20160204172656_800-696x392.jpg 696w, https:\/\/eldigitaldeasturias.com\/magazine365\/wp-content\/uploads\/2016\/02\/fotonoticia_20160204172656_800-747x420.jpg 747w, https:\/\/eldigitaldeasturias.com\/magazine365\/wp-content\/uploads\/2016\/02\/fotonoticia_20160204172656_800-499x280.jpg 499w, https:\/\/eldigitaldeasturias.com\/magazine365\/wp-content\/uploads\/2016\/02\/fotonoticia_20160204172656_800-510x289.jpg 510w, https:\/\/eldigitaldeasturias.com\/magazine365\/wp-content\/uploads\/2016\/02\/fotonoticia_20160204172656_800.jpg 800w\" sizes=\"(max-width: 360px) 100vw, 360px\" \/>El Pleno del Ayuntamiento de Reinosa ha aprobado este jueves modificar la ordenanza fiscal reguladora de la tasa por utilizaci\u00f3n de las instalaciones deportivas municipales para cumplir as\u00ed con el convenio suscrito recientemente entre el Consistorio y Cantur.<\/p>\n<p>Un acuerdo por el que los vecinos de la capital campurriana disfrutar\u00e1n de una reducci\u00f3n del 45% en el precio del forfait anual de la Estaci\u00f3n Invernal de Alto Campoo.<\/p>\n<p>La misma rebaja que se aplicar\u00e1, a partir de ahora y tras el acuerdo adoptado por la Corporaci\u00f3n, a los clientes del Hotel La Corza Blanca en el momento en que decidan convertirse en usuarios de las Piscinas Climatizadas Municipales.<\/p>\n<p>La sesi\u00f3n plenaria ha servido, adem\u00e1s, para que el alcalde, Jos\u00e9 Miguel Barrio, diese cuenta ante la Corporaci\u00f3n reinosana de las gestiones que ha venido realizando ante la Confederaci\u00f3n Hidrogr\u00e1fica del Ebro a ra\u00edz de la \u00abinquietud\u00bb vecinal que ha despertado la ejecuci\u00f3n de la obra del Parque Fluvial R\u00edo HIjar.<\/p>\n<p>En las mismas, el regidor solicit\u00f3 la organizaci\u00f3n de un encuentro en el que se explicase a los vecinos los detalles de intrevenci\u00f3n y la toma de \u00abmedidas oportunas y pertinentes\u00bb al respecto en el tramo de la actuaci\u00f3n que afecta a la Avenida Naval.<\/p>\n<p>El regidor anunci\u00f3 que, a ra\u00edz de su petici\u00f3n, responsables de la CHE han confirmado la convocatoria de una reuni\u00f3n informativa en la ciudad, tras coordinar su celebraci\u00f3n con representantes del Gobierno de Cantabria y el Ministerio de Medio Ambiente, y cuya fecha se dar\u00e1 a conocer pr\u00f3ximamente.<\/p>\n<p>Asimismo, puso de manifiesto la intenci\u00f3n de la Confederaci\u00f3n de dada la \u00abcontroversia\u00bb generada, \u00abdejar en suspenso\u00bb la decisi\u00f3n sobre la cota definitiva de coronaci\u00f3n de los muros que se est\u00e1n construyendo en la actualidad, y que ser\u00e1 comunicada una vez sea realizada la citada reuni\u00f3n.<\/p>\n<p>Barrio, que dijo compartir \u00abla misma inquietud\u00bb que despierta esta intervenci\u00f3n entre vecinos y el resto de miembros de la Corporaci\u00f3n Municipal, afirm\u00f3 que al equipo de Gobierno \u00abno le gusta la obra\u00bb y pidi\u00f3 a los ediles de todos los grupos municipales, &#8211;PRC, PP, PSOE y REC&#8211;, que \u00abformen una pi\u00f1a\u00bb para \u00abalcanzar, entre todos, una soluci\u00f3n positiva para Reinosa y los vecinos\u00bb. \u00abEste es un tema muy serio\u00bb, afirm\u00f3, \u00aben el que no se puede andar con jugueteos pol\u00edticos\u00bb.<\/p>\n<p>Adem\u00e1s, el Pleno, en el que se dio a conocer los ediles que pasar\u00e1n a formar parte de la Comisi\u00f3n de Transparencia, acogi\u00f3 la creaci\u00f3n de una Comisi\u00f3n informativa especial para modificar la Ordenanza Reguladora de Tenencia y Protecci\u00f3n de Animales.<\/p>\n","protected":false},"excerpt":{"rendered":"<p>El Pleno del Ayuntamiento de Reinosa ha aprobado este jueves modificar la ordenanza fiscal reguladora de la tasa por utilizaci\u00f3n de las instalaciones deportivas municipales para cumplir as\u00ed con el convenio suscrito recientemente entre el Consistorio y Cantur. Un acuerdo por el que los vecinos de la capital campurriana disfrutar\u00e1n de una reducci\u00f3n del 45%<\/p>\n","protected":false},"author":1,"featured_media":63343,"comment_status":"open","ping_status":"closed","sticky":false,"template":"","format":"standard","meta":{"footnotes":""},"categories":[224],"tags":[],"class_list":{"0":"post-63342","1":"post","2":"type-post","3":"status-publish","4":"format-standard","5":"has-post-thumbnail","7":"category-noticias-actualidad"},"aioseo_notices":[],"aioseo_head":"\n\t\t<!-- All in One SEO Pro 4.9.6.1 - aioseo.com -->\n\t<meta name=\"description\" content=\"El Pleno del Ayuntamiento de Reinosa ha aprobado este jueves modificar la ordenanza fiscal reguladora de la tasa por utilizaci\u00f3n de las instalaciones deportivas municipales para cumplir as\u00ed con el convenio suscrito recientemente entre el Consistorio y Cantur. Un acuerdo por el que los vecinos de la capital campurriana disfrutar\u00e1n de una reducci\u00f3n del 45%\" \/>\n\t<meta name=\"robots\" content=\"max-image-preview:large\" \/>\n\t<meta name=\"author\" content=\"admin\"\/>\n\t<meta name=\"google-site-verification\" content=\"UA-38556648-1\" \/>\n\t<meta name=\"keywords\" content=\"noticias y actualidad\" \/>\n\t<link rel=\"canonical\" href=\"https:\/\/eldigitaldeasturias.com\/magazine365\/los-vecinos-de-reinosa-disfrutaran-de-una-reduccion-del-45-en-el-forfait-anual-de-alto-campoo\/\" \/>\n\t<meta name=\"generator\" content=\"All in One SEO Pro (AIOSEO) 4.9.6.1\" \/>\n\t\t<meta property=\"og:locale\" content=\"es_ES\" \/>\n\t\t<meta property=\"og:site_name\" content=\"El Digital de Asturias \u2013 Revista de ocio, turismo y estilo de vida\" \/>\n\t\t<meta property=\"og:type\" content=\"article\" \/>\n\t\t<meta property=\"og:title\" content=\"Los vecinos de Reinosa disfrutar\u00e1n de una reducci\u00f3n del 45% en el forfait anual de Alto Campoo | El Digital de Asturias\" \/>\n\t\t<meta property=\"og:description\" content=\"El Pleno del Ayuntamiento de Reinosa ha aprobado este jueves modificar la ordenanza fiscal reguladora de la tasa por utilizaci\u00f3n de las instalaciones deportivas municipales para cumplir as\u00ed con el convenio suscrito recientemente entre el Consistorio y Cantur. Un acuerdo por el que los vecinos de la capital campurriana disfrutar\u00e1n de una reducci\u00f3n del 45%\" \/>\n\t\t<meta property=\"og:url\" content=\"https:\/\/eldigitaldeasturias.com\/magazine365\/los-vecinos-de-reinosa-disfrutaran-de-una-reduccion-del-45-en-el-forfait-anual-de-alto-campoo\/\" \/>\n\t\t<meta property=\"og:image\" content=\"https:\/\/eldigitaldeasturias.com\/magazine365\/wp-content\/uploads\/2016\/02\/fotonoticia_20160204172656_800.jpg\" \/>\n\t\t<meta property=\"og:image:secure_url\" content=\"https:\/\/eldigitaldeasturias.com\/magazine365\/wp-content\/uploads\/2016\/02\/fotonoticia_20160204172656_800.jpg\" \/>\n\t\t<meta property=\"og:image:width\" content=\"800\" \/>\n\t\t<meta property=\"og:image:height\" content=\"450\" \/>\n\t\t<meta property=\"article:published_time\" content=\"2016-02-06T21:37:22+00:00\" \/>\n\t\t<meta property=\"article:modified_time\" content=\"2016-02-06T21:37:22+00:00\" \/>\n\t\t<meta name=\"twitter:card\" content=\"summary_large_image\" \/>\n\t\t<meta name=\"twitter:title\" content=\"Los vecinos de Reinosa disfrutar\u00e1n de una reducci\u00f3n del 45% en el forfait anual de Alto Campoo | El Digital de Asturias\" \/>\n\t\t<meta name=\"twitter:description\" content=\"El Pleno del Ayuntamiento de Reinosa ha aprobado este jueves modificar la ordenanza fiscal reguladora de la tasa por utilizaci\u00f3n de las instalaciones deportivas municipales para cumplir as\u00ed con el convenio suscrito recientemente entre el Consistorio y Cantur. Un acuerdo por el que los vecinos de la capital campurriana disfrutar\u00e1n de una reducci\u00f3n del 45%\" \/>\n\t\t<meta name=\"twitter:image\" content=\"https:\/\/eldigitaldeasturias.com\/magazine365\/wp-content\/uploads\/2016\/02\/fotonoticia_20160204172656_800.jpg\" \/>\n\t\t<script type=\"application\/ld+json\" class=\"aioseo-schema\">\n\t\t\t{\"@context\":\"https:\\\/\\\/schema.org\",\"@graph\":[{\"@type\":\"Article\",\"@id\":\"https:\\\/\\\/eldigitaldeasturias.com\\\/magazine365\\\/los-vecinos-de-reinosa-disfrutaran-de-una-reduccion-del-45-en-el-forfait-anual-de-alto-campoo\\\/#article\",\"name\":\"Los vecinos de Reinosa disfrutar\\u00e1n de una reducci\\u00f3n del 45% en el forfait anual de Alto Campoo | El Digital de Asturias\",\"headline\":\"Los vecinos de Reinosa disfrutar\\u00e1n de una reducci\\u00f3n del 45% en el forfait anual de Alto Campoo\",\"author\":{\"@id\":\"https:\\\/\\\/eldigitaldeasturias.com\\\/magazine365\\\/author\\\/admin\\\/#author\"},\"publisher\":{\"@id\":\"https:\\\/\\\/eldigitaldeasturias.com\\\/magazine365\\\/#organization\"},\"image\":{\"@type\":\"ImageObject\",\"url\":\"https:\\\/\\\/eldigitaldeasturias.com\\\/magazine365\\\/wp-content\\\/uploads\\\/2016\\\/02\\\/fotonoticia_20160204172656_800.jpg\",\"width\":800,\"height\":450},\"datePublished\":\"2016-02-06T22:37:22+01:00\",\"dateModified\":\"2016-02-06T22:37:22+01:00\",\"inLanguage\":\"es-ES\",\"mainEntityOfPage\":{\"@id\":\"https:\\\/\\\/eldigitaldeasturias.com\\\/magazine365\\\/los-vecinos-de-reinosa-disfrutaran-de-una-reduccion-del-45-en-el-forfait-anual-de-alto-campoo\\\/#webpage\"},\"isPartOf\":{\"@id\":\"https:\\\/\\\/eldigitaldeasturias.com\\\/magazine365\\\/los-vecinos-de-reinosa-disfrutaran-de-una-reduccion-del-45-en-el-forfait-anual-de-alto-campoo\\\/#webpage\"},\"articleSection\":\"Noticias y Actualidad\"},{\"@type\":\"BreadcrumbList\",\"@id\":\"https:\\\/\\\/eldigitaldeasturias.com\\\/magazine365\\\/los-vecinos-de-reinosa-disfrutaran-de-una-reduccion-del-45-en-el-forfait-anual-de-alto-campoo\\\/#breadcrumblist\",\"itemListElement\":[{\"@type\":\"ListItem\",\"@id\":\"https:\\\/\\\/eldigitaldeasturias.com\\\/magazine365#listItem\",\"position\":1,\"name\":\"Home\",\"item\":\"https:\\\/\\\/eldigitaldeasturias.com\\\/magazine365\",\"nextItem\":{\"@type\":\"ListItem\",\"@id\":\"https:\\\/\\\/eldigitaldeasturias.com\\\/magazine365\\\/category\\\/noticias-actualidad\\\/#listItem\",\"name\":\"Noticias y Actualidad\"}},{\"@type\":\"ListItem\",\"@id\":\"https:\\\/\\\/eldigitaldeasturias.com\\\/magazine365\\\/category\\\/noticias-actualidad\\\/#listItem\",\"position\":2,\"name\":\"Noticias y Actualidad\",\"item\":\"https:\\\/\\\/eldigitaldeasturias.com\\\/magazine365\\\/category\\\/noticias-actualidad\\\/\",\"nextItem\":{\"@type\":\"ListItem\",\"@id\":\"https:\\\/\\\/eldigitaldeasturias.com\\\/magazine365\\\/los-vecinos-de-reinosa-disfrutaran-de-una-reduccion-del-45-en-el-forfait-anual-de-alto-campoo\\\/#listItem\",\"name\":\"Los vecinos de Reinosa disfrutar\\u00e1n de una reducci\\u00f3n del 45% en el forfait anual de Alto Campoo\"},\"previousItem\":{\"@type\":\"ListItem\",\"@id\":\"https:\\\/\\\/eldigitaldeasturias.com\\\/magazine365#listItem\",\"name\":\"Home\"}},{\"@type\":\"ListItem\",\"@id\":\"https:\\\/\\\/eldigitaldeasturias.com\\\/magazine365\\\/los-vecinos-de-reinosa-disfrutaran-de-una-reduccion-del-45-en-el-forfait-anual-de-alto-campoo\\\/#listItem\",\"position\":3,\"name\":\"Los vecinos de Reinosa disfrutar\\u00e1n de una reducci\\u00f3n del 45% en el forfait anual de Alto Campoo\",\"previousItem\":{\"@type\":\"ListItem\",\"@id\":\"https:\\\/\\\/eldigitaldeasturias.com\\\/magazine365\\\/category\\\/noticias-actualidad\\\/#listItem\",\"name\":\"Noticias y Actualidad\"}}]},{\"@type\":\"Organization\",\"@id\":\"https:\\\/\\\/eldigitaldeasturias.com\\\/magazine365\\\/#organization\",\"name\":\"El digital de Asturias\",\"description\":\"Revista de ocio, turismo y estilo de vida\",\"url\":\"https:\\\/\\\/eldigitaldeasturias.com\\\/magazine365\\\/\",\"logo\":{\"@type\":\"ImageObject\",\"url\":\"https:\\\/\\\/www.eldigitaldeasturias.com\\\/noticias\\\/wp-content\\\/uploads\\\/2020\\\/12\\\/EDA.jpg\",\"@id\":\"https:\\\/\\\/eldigitaldeasturias.com\\\/magazine365\\\/los-vecinos-de-reinosa-disfrutaran-de-una-reduccion-del-45-en-el-forfait-anual-de-alto-campoo\\\/#organizationLogo\"},\"image\":{\"@id\":\"https:\\\/\\\/eldigitaldeasturias.com\\\/magazine365\\\/los-vecinos-de-reinosa-disfrutaran-de-una-reduccion-del-45-en-el-forfait-anual-de-alto-campoo\\\/#organizationLogo\"}},{\"@type\":\"Person\",\"@id\":\"https:\\\/\\\/eldigitaldeasturias.com\\\/magazine365\\\/author\\\/admin\\\/#author\",\"url\":\"https:\\\/\\\/eldigitaldeasturias.com\\\/magazine365\\\/author\\\/admin\\\/\",\"name\":\"admin\",\"image\":{\"@type\":\"ImageObject\",\"@id\":\"https:\\\/\\\/eldigitaldeasturias.com\\\/magazine365\\\/los-vecinos-de-reinosa-disfrutaran-de-una-reduccion-del-45-en-el-forfait-anual-de-alto-campoo\\\/#authorImage\",\"url\":\"https:\\\/\\\/eldigitaldeasturias.com\\\/magazine365\\\/wp-content\\\/litespeed\\\/avatar\\\/e571bcf59a0edd6fa6838245a470f2fe.jpg?ver=1776969259\",\"width\":96,\"height\":96,\"caption\":\"admin\"}},{\"@type\":\"WebPage\",\"@id\":\"https:\\\/\\\/eldigitaldeasturias.com\\\/magazine365\\\/los-vecinos-de-reinosa-disfrutaran-de-una-reduccion-del-45-en-el-forfait-anual-de-alto-campoo\\\/#webpage\",\"url\":\"https:\\\/\\\/eldigitaldeasturias.com\\\/magazine365\\\/los-vecinos-de-reinosa-disfrutaran-de-una-reduccion-del-45-en-el-forfait-anual-de-alto-campoo\\\/\",\"name\":\"Los vecinos de Reinosa disfrutar\\u00e1n de una reducci\\u00f3n del 45% en el forfait anual de Alto Campoo | El Digital de Asturias\",\"description\":\"El Pleno del Ayuntamiento de Reinosa ha aprobado este jueves modificar la ordenanza fiscal reguladora de la tasa por utilizaci\\u00f3n de las instalaciones deportivas municipales para cumplir as\\u00ed con el convenio suscrito recientemente entre el Consistorio y Cantur. Un acuerdo por el que los vecinos de la capital campurriana disfrutar\\u00e1n de una reducci\\u00f3n del 45%\",\"inLanguage\":\"es-ES\",\"isPartOf\":{\"@id\":\"https:\\\/\\\/eldigitaldeasturias.com\\\/magazine365\\\/#website\"},\"breadcrumb\":{\"@id\":\"https:\\\/\\\/eldigitaldeasturias.com\\\/magazine365\\\/los-vecinos-de-reinosa-disfrutaran-de-una-reduccion-del-45-en-el-forfait-anual-de-alto-campoo\\\/#breadcrumblist\"},\"author\":{\"@id\":\"https:\\\/\\\/eldigitaldeasturias.com\\\/magazine365\\\/author\\\/admin\\\/#author\"},\"creator\":{\"@id\":\"https:\\\/\\\/eldigitaldeasturias.com\\\/magazine365\\\/author\\\/admin\\\/#author\"},\"image\":{\"@type\":\"ImageObject\",\"url\":\"https:\\\/\\\/eldigitaldeasturias.com\\\/magazine365\\\/wp-content\\\/uploads\\\/2016\\\/02\\\/fotonoticia_20160204172656_800.jpg\",\"@id\":\"https:\\\/\\\/eldigitaldeasturias.com\\\/magazine365\\\/los-vecinos-de-reinosa-disfrutaran-de-una-reduccion-del-45-en-el-forfait-anual-de-alto-campoo\\\/#mainImage\",\"width\":800,\"height\":450},\"primaryImageOfPage\":{\"@id\":\"https:\\\/\\\/eldigitaldeasturias.com\\\/magazine365\\\/los-vecinos-de-reinosa-disfrutaran-de-una-reduccion-del-45-en-el-forfait-anual-de-alto-campoo\\\/#mainImage\"},\"datePublished\":\"2016-02-06T22:37:22+01:00\",\"dateModified\":\"2016-02-06T22:37:22+01:00\"},{\"@type\":\"WebSite\",\"@id\":\"https:\\\/\\\/eldigitaldeasturias.com\\\/magazine365\\\/#website\",\"url\":\"https:\\\/\\\/eldigitaldeasturias.com\\\/magazine365\\\/\",\"name\":\"El Digital de Asturias\",\"description\":\"Revista de ocio, turismo y estilo de vida\",\"inLanguage\":\"es-ES\",\"publisher\":{\"@id\":\"https:\\\/\\\/eldigitaldeasturias.com\\\/magazine365\\\/#organization\"}}]}\n\t\t<\/script>\n\t\t<!-- All in One SEO Pro -->\r\n\t\t<title>Los vecinos de Reinosa disfrutar\u00e1n de una reducci\u00f3n del 45% en el forfait anual de Alto Campoo | El Digital de Asturias<\/title>\n\n","aioseo_head_json":{"title":"Los vecinos de Reinosa disfrutar\u00e1n de una reducci\u00f3n del 45% en el forfait anual de Alto Campoo | El Digital de Asturias","description":"El Pleno del Ayuntamiento de Reinosa ha aprobado este jueves modificar la ordenanza fiscal reguladora de la tasa por utilizaci\u00f3n de las instalaciones deportivas municipales para cumplir as\u00ed con el convenio suscrito recientemente entre el Consistorio y Cantur. Un acuerdo por el que los vecinos de la capital campurriana disfrutar\u00e1n de una reducci\u00f3n del 45%","canonical_url":"https:\/\/eldigitaldeasturias.com\/magazine365\/los-vecinos-de-reinosa-disfrutaran-de-una-reduccion-del-45-en-el-forfait-anual-de-alto-campoo\/","robots":"max-image-preview:large","keywords":"noticias y actualidad","webmasterTools":{"google-site-verification":"UA-38556648-1","miscellaneous":""},"schema":{"@context":"https:\/\/schema.org","@graph":[{"@type":"Article","@id":"https:\/\/eldigitaldeasturias.com\/magazine365\/los-vecinos-de-reinosa-disfrutaran-de-una-reduccion-del-45-en-el-forfait-anual-de-alto-campoo\/#article","name":"Los vecinos de Reinosa disfrutar\u00e1n de una reducci\u00f3n del 45% en el forfait anual de Alto Campoo | El Digital de Asturias","headline":"Los vecinos de Reinosa disfrutar\u00e1n de una reducci\u00f3n del 45% en el forfait anual de Alto Campoo","author":{"@id":"https:\/\/eldigitaldeasturias.com\/magazine365\/author\/admin\/#author"},"publisher":{"@id":"https:\/\/eldigitaldeasturias.com\/magazine365\/#organization"},"image":{"@type":"ImageObject","url":"https:\/\/eldigitaldeasturias.com\/magazine365\/wp-content\/uploads\/2016\/02\/fotonoticia_20160204172656_800.jpg","width":800,"height":450},"datePublished":"2016-02-06T22:37:22+01:00","dateModified":"2016-02-06T22:37:22+01:00","inLanguage":"es-ES","mainEntityOfPage":{"@id":"https:\/\/eldigitaldeasturias.com\/magazine365\/los-vecinos-de-reinosa-disfrutaran-de-una-reduccion-del-45-en-el-forfait-anual-de-alto-campoo\/#webpage"},"isPartOf":{"@id":"https:\/\/eldigitaldeasturias.com\/magazine365\/los-vecinos-de-reinosa-disfrutaran-de-una-reduccion-del-45-en-el-forfait-anual-de-alto-campoo\/#webpage"},"articleSection":"Noticias y Actualidad"},{"@type":"BreadcrumbList","@id":"https:\/\/eldigitaldeasturias.com\/magazine365\/los-vecinos-de-reinosa-disfrutaran-de-una-reduccion-del-45-en-el-forfait-anual-de-alto-campoo\/#breadcrumblist","itemListElement":[{"@type":"ListItem","@id":"https:\/\/eldigitaldeasturias.com\/magazine365#listItem","position":1,"name":"Home","item":"https:\/\/eldigitaldeasturias.com\/magazine365","nextItem":{"@type":"ListItem","@id":"https:\/\/eldigitaldeasturias.com\/magazine365\/category\/noticias-actualidad\/#listItem","name":"Noticias y Actualidad"}},{"@type":"ListItem","@id":"https:\/\/eldigitaldeasturias.com\/magazine365\/category\/noticias-actualidad\/#listItem","position":2,"name":"Noticias y Actualidad","item":"https:\/\/eldigitaldeasturias.com\/magazine365\/category\/noticias-actualidad\/","nextItem":{"@type":"ListItem","@id":"https:\/\/eldigitaldeasturias.com\/magazine365\/los-vecinos-de-reinosa-disfrutaran-de-una-reduccion-del-45-en-el-forfait-anual-de-alto-campoo\/#listItem","name":"Los vecinos de Reinosa disfrutar\u00e1n de una reducci\u00f3n del 45% en el forfait anual de Alto Campoo"},"previousItem":{"@type":"ListItem","@id":"https:\/\/eldigitaldeasturias.com\/magazine365#listItem","name":"Home"}},{"@type":"ListItem","@id":"https:\/\/eldigitaldeasturias.com\/magazine365\/los-vecinos-de-reinosa-disfrutaran-de-una-reduccion-del-45-en-el-forfait-anual-de-alto-campoo\/#listItem","position":3,"name":"Los vecinos de Reinosa disfrutar\u00e1n de una reducci\u00f3n del 45% en el forfait anual de Alto Campoo","previousItem":{"@type":"ListItem","@id":"https:\/\/eldigitaldeasturias.com\/magazine365\/category\/noticias-actualidad\/#listItem","name":"Noticias y Actualidad"}}]},{"@type":"Organization","@id":"https:\/\/eldigitaldeasturias.com\/magazine365\/#organization","name":"El digital de Asturias","description":"Revista de ocio, turismo y estilo de vida","url":"https:\/\/eldigitaldeasturias.com\/magazine365\/","logo":{"@type":"ImageObject","url":"https:\/\/www.eldigitaldeasturias.com\/noticias\/wp-content\/uploads\/2020\/12\/EDA.jpg","@id":"https:\/\/eldigitaldeasturias.com\/magazine365\/los-vecinos-de-reinosa-disfrutaran-de-una-reduccion-del-45-en-el-forfait-anual-de-alto-campoo\/#organizationLogo"},"image":{"@id":"https:\/\/eldigitaldeasturias.com\/magazine365\/los-vecinos-de-reinosa-disfrutaran-de-una-reduccion-del-45-en-el-forfait-anual-de-alto-campoo\/#organizationLogo"}},{"@type":"Person","@id":"https:\/\/eldigitaldeasturias.com\/magazine365\/author\/admin\/#author","url":"https:\/\/eldigitaldeasturias.com\/magazine365\/author\/admin\/","name":"admin","image":{"@type":"ImageObject","@id":"https:\/\/eldigitaldeasturias.com\/magazine365\/los-vecinos-de-reinosa-disfrutaran-de-una-reduccion-del-45-en-el-forfait-anual-de-alto-campoo\/#authorImage","url":"https:\/\/eldigitaldeasturias.com\/magazine365\/wp-content\/litespeed\/avatar\/e571bcf59a0edd6fa6838245a470f2fe.jpg?ver=1776969259","width":96,"height":96,"caption":"admin"}},{"@type":"WebPage","@id":"https:\/\/eldigitaldeasturias.com\/magazine365\/los-vecinos-de-reinosa-disfrutaran-de-una-reduccion-del-45-en-el-forfait-anual-de-alto-campoo\/#webpage","url":"https:\/\/eldigitaldeasturias.com\/magazine365\/los-vecinos-de-reinosa-disfrutaran-de-una-reduccion-del-45-en-el-forfait-anual-de-alto-campoo\/","name":"Los vecinos de Reinosa disfrutar\u00e1n de una reducci\u00f3n del 45% en el forfait anual de Alto Campoo | El Digital de Asturias","description":"El Pleno del Ayuntamiento de Reinosa ha aprobado este jueves modificar la ordenanza fiscal reguladora de la tasa por utilizaci\u00f3n de las instalaciones deportivas municipales para cumplir as\u00ed con el convenio suscrito recientemente entre el Consistorio y Cantur. Un acuerdo por el que los vecinos de la capital campurriana disfrutar\u00e1n de una reducci\u00f3n del 45%","inLanguage":"es-ES","isPartOf":{"@id":"https:\/\/eldigitaldeasturias.com\/magazine365\/#website"},"breadcrumb":{"@id":"https:\/\/eldigitaldeasturias.com\/magazine365\/los-vecinos-de-reinosa-disfrutaran-de-una-reduccion-del-45-en-el-forfait-anual-de-alto-campoo\/#breadcrumblist"},"author":{"@id":"https:\/\/eldigitaldeasturias.com\/magazine365\/author\/admin\/#author"},"creator":{"@id":"https:\/\/eldigitaldeasturias.com\/magazine365\/author\/admin\/#author"},"image":{"@type":"ImageObject","url":"https:\/\/eldigitaldeasturias.com\/magazine365\/wp-content\/uploads\/2016\/02\/fotonoticia_20160204172656_800.jpg","@id":"https:\/\/eldigitaldeasturias.com\/magazine365\/los-vecinos-de-reinosa-disfrutaran-de-una-reduccion-del-45-en-el-forfait-anual-de-alto-campoo\/#mainImage","width":800,"height":450},"primaryImageOfPage":{"@id":"https:\/\/eldigitaldeasturias.com\/magazine365\/los-vecinos-de-reinosa-disfrutaran-de-una-reduccion-del-45-en-el-forfait-anual-de-alto-campoo\/#mainImage"},"datePublished":"2016-02-06T22:37:22+01:00","dateModified":"2016-02-06T22:37:22+01:00"},{"@type":"WebSite","@id":"https:\/\/eldigitaldeasturias.com\/magazine365\/#website","url":"https:\/\/eldigitaldeasturias.com\/magazine365\/","name":"El Digital de Asturias","description":"Revista de ocio, turismo y estilo de vida","inLanguage":"es-ES","publisher":{"@id":"https:\/\/eldigitaldeasturias.com\/magazine365\/#organization"}}]},"og:locale":"es_ES","og:site_name":"El Digital de Asturias \u2013 Revista de ocio, turismo y estilo de vida","og:type":"article","og:title":"Los vecinos de Reinosa disfrutar\u00e1n de una reducci\u00f3n del 45% en el forfait anual de Alto Campoo | El Digital de Asturias","og:description":"El Pleno del Ayuntamiento de Reinosa ha aprobado este jueves modificar la ordenanza fiscal reguladora de la tasa por utilizaci\u00f3n de las instalaciones deportivas municipales para cumplir as\u00ed con el convenio suscrito recientemente entre el Consistorio y Cantur. Un acuerdo por el que los vecinos de la capital campurriana disfrutar\u00e1n de una reducci\u00f3n del 45%","og:url":"https:\/\/eldigitaldeasturias.com\/magazine365\/los-vecinos-de-reinosa-disfrutaran-de-una-reduccion-del-45-en-el-forfait-anual-de-alto-campoo\/","og:image":"https:\/\/eldigitaldeasturias.com\/magazine365\/wp-content\/uploads\/2016\/02\/fotonoticia_20160204172656_800.jpg","og:image:secure_url":"https:\/\/eldigitaldeasturias.com\/magazine365\/wp-content\/uploads\/2016\/02\/fotonoticia_20160204172656_800.jpg","og:image:width":800,"og:image:height":450,"article:published_time":"2016-02-06T21:37:22+00:00","article:modified_time":"2016-02-06T21:37:22+00:00","twitter:card":"summary_large_image","twitter:title":"Los vecinos de Reinosa disfrutar\u00e1n de una reducci\u00f3n del 45% en el forfait anual de Alto Campoo | El Digital de Asturias","twitter:description":"El Pleno del Ayuntamiento de Reinosa ha aprobado este jueves modificar la ordenanza fiscal reguladora de la tasa por utilizaci\u00f3n de las instalaciones deportivas municipales para cumplir as\u00ed con el convenio suscrito recientemente entre el Consistorio y Cantur. Un acuerdo por el que los vecinos de la capital campurriana disfrutar\u00e1n de una reducci\u00f3n del 45%","twitter:image":"https:\/\/eldigitaldeasturias.com\/magazine365\/wp-content\/uploads\/2016\/02\/fotonoticia_20160204172656_800.jpg"},"aioseo_meta_data":{"post_id":"63342","title":null,"description":null,"keywords":null,"keyphrases":null,"primary_term":null,"canonical_url":null,"og_title":null,"og_description":null,"og_object_type":"default","og_image_type":"default","og_image_url":null,"og_image_width":null,"og_image_height":null,"og_image_custom_url":null,"og_image_custom_fields":null,"og_video":null,"og_custom_url":null,"og_article_section":null,"og_article_tags":null,"twitter_use_og":false,"twitter_card":"default","twitter_image_type":"default","twitter_image_url":null,"twitter_image_custom_url":null,"twitter_image_custom_fields":null,"twitter_title":null,"twitter_description":null,"schema":{"blockGraphs":[],"customGraphs":[],"default":{"data":{"Article":[],"Course":[],"Dataset":[],"FAQPage":[],"Movie":[],"Person":[],"Product":[],"ProductReview":[],"Car":[],"Recipe":[],"Service":[],"SoftwareApplication":[],"WebPage":[]},"graphName":"","isEnabled":true},"graphs":[],"defaultGraph":"","defaultPostTypeGraph":""},"schema_type":null,"schema_type_options":null,"pillar_content":false,"robots_default":true,"robots_noindex":false,"robots_noarchive":false,"robots_nosnippet":false,"robots_nofollow":false,"robots_noimageindex":false,"robots_noodp":false,"robots_notranslate":false,"robots_max_snippet":null,"robots_max_videopreview":null,"robots_max_imagepreview":"large","priority":null,"frequency":null,"location":null,"local_seo":null,"seo_analyzer_scan_date":"2025-09-25 12:56:52","breadcrumb_settings":null,"limit_modified_date":false,"open_ai":null,"ai":null,"created":"2021-03-08 21:24:01","updated":"2025-09-25 12:56:52"},"aioseo_breadcrumb":"<div class=\"aioseo-breadcrumbs\"><span class=\"aioseo-breadcrumb\">\n\t<a href=\"https:\/\/eldigitaldeasturias.com\/magazine365\" title=\"Home\">Home<\/a>\n<\/span><span class=\"aioseo-breadcrumb-separator\">\u2013<\/span><span class=\"aioseo-breadcrumb\">\n\t<a href=\"https:\/\/eldigitaldeasturias.com\/magazine365\/category\/noticias-actualidad\/\" title=\"Noticias y Actualidad\">Noticias y Actualidad<\/a>\n<\/span><span class=\"aioseo-breadcrumb-separator\">\u2013<\/span><span class=\"aioseo-breadcrumb\">\n\t<a href=\"https:\/\/eldigitaldeasturias.com\/magazine365\/los-vecinos-de-reinosa-disfrutaran-de-una-reduccion-del-45-en-el-forfait-anual-de-alto-campoo\/\" title=\"Los vecinos de Reinosa disfrutar\u00e1n de una reducci\u00f3n del 45% en el forfait anual de Alto Campoo\">Los vecinos de Reinosa disfrutar\u00e1n de una reducci\u00f3n del 45% en el forfait anual de Alto Campoo<\/a>\n<\/span><\/div>","aioseo_breadcrumb_json":[{"label":"Home","link":"https:\/\/eldigitaldeasturias.com\/magazine365"},{"label":"Noticias y Actualidad","link":"https:\/\/eldigitaldeasturias.com\/magazine365\/category\/noticias-actualidad\/"},{"label":"Los vecinos de Reinosa disfrutar\u00e1n de una reducci\u00f3n del 45% en el forfait anual de Alto Campoo","link":"https:\/\/eldigitaldeasturias.com\/magazine365\/los-vecinos-de-reinosa-disfrutaran-de-una-reduccion-del-45-en-el-forfait-anual-de-alto-campoo\/"}],"_links":{"self":[{"href":"https:\/\/eldigitaldeasturias.com\/magazine365\/wp-json\/wp\/v2\/posts\/63342","targetHints":{"allow":["GET"]}}],"collection":[{"href":"https:\/\/eldigitaldeasturias.com\/magazine365\/wp-json\/wp\/v2\/posts"}],"about":[{"href":"https:\/\/eldigitaldeasturias.com\/magazine365\/wp-json\/wp\/v2\/types\/post"}],"author":[{"embeddable":true,"href":"https:\/\/eldigitaldeasturias.com\/magazine365\/wp-json\/wp\/v2\/users\/1"}],"replies":[{"embeddable":true,"href":"https:\/\/eldigitaldeasturias.com\/magazine365\/wp-json\/wp\/v2\/comments?post=63342"}],"version-history":[{"count":0,"href":"https:\/\/eldigitaldeasturias.com\/magazine365\/wp-json\/wp\/v2\/posts\/63342\/revisions"}],"wp:featuredmedia":[{"embeddable":true,"href":"https:\/\/eldigitaldeasturias.com\/magazine365\/wp-json\/wp\/v2\/media\/63343"}],"wp:attachment":[{"href":"https:\/\/eldigitaldeasturias.com\/magazine365\/wp-json\/wp\/v2\/media?parent=63342"}],"wp:term":[{"taxonomy":"category","embeddable":true,"href":"https:\/\/eldigitaldeasturias.com\/magazine365\/wp-json\/wp\/v2\/categories?post=63342"},{"taxonomy":"post_tag","embeddable":true,"href":"https:\/\/eldigitaldeasturias.com\/magazine365\/wp-json\/wp\/v2\/tags?post=63342"}],"curies":[{"name":"wp","href":"https:\/\/api.w.org\/{rel}","templated":true}]}}