{"id":63321,"date":"2016-02-06T22:20:57","date_gmt":"2016-02-06T21:20:57","guid":{"rendered":"http:\/\/eldigitaldeasturias.com\/magazine365\/?p=63321"},"modified":"2016-02-06T22:20:57","modified_gmt":"2016-02-06T21:20:57","slug":"aena-desactiva-la-alerta-local-en-madrid-barajas","status":"publish","type":"post","link":"https:\/\/eldigitaldeasturias.com\/magazine365\/aena-desactiva-la-alerta-local-en-madrid-barajas\/","title":{"rendered":"Aena desactiva la alerta local en Madrid-Barajas"},"content":{"rendered":"<p><img fetchpriority=\"high\" decoding=\"async\" class=\"alignleft size-medium wp-image-63322\" src=\"https:\/\/eldigitaldeasturias.com\/magazine365\/wp-content\/uploads\/2016\/02\/fotonoticia_20160204153243_800-360x192.jpg\" alt=\"fotonoticia_20160204153243_800\" width=\"360\" height=\"192\" srcset=\"https:\/\/eldigitaldeasturias.com\/magazine365\/wp-content\/uploads\/2016\/02\/fotonoticia_20160204153243_800-360x192.jpg 360w, https:\/\/eldigitaldeasturias.com\/magazine365\/wp-content\/uploads\/2016\/02\/fotonoticia_20160204153243_800-650x346.jpg 650w, https:\/\/eldigitaldeasturias.com\/magazine365\/wp-content\/uploads\/2016\/02\/fotonoticia_20160204153243_800-768x409.jpg 768w, https:\/\/eldigitaldeasturias.com\/magazine365\/wp-content\/uploads\/2016\/02\/fotonoticia_20160204153243_800-150x80.jpg 150w, https:\/\/eldigitaldeasturias.com\/magazine365\/wp-content\/uploads\/2016\/02\/fotonoticia_20160204153243_800-450x240.jpg 450w, https:\/\/eldigitaldeasturias.com\/magazine365\/wp-content\/uploads\/2016\/02\/fotonoticia_20160204153243_800-696x371.jpg 696w, https:\/\/eldigitaldeasturias.com\/magazine365\/wp-content\/uploads\/2016\/02\/fotonoticia_20160204153243_800-789x420.jpg 789w, https:\/\/eldigitaldeasturias.com\/magazine365\/wp-content\/uploads\/2016\/02\/fotonoticia_20160204153243_800-420x225.jpg 420w, https:\/\/eldigitaldeasturias.com\/magazine365\/wp-content\/uploads\/2016\/02\/fotonoticia_20160204153243_800.jpg 800w\" sizes=\"(max-width: 360px) 100vw, 360px\" \/>Aena ha desactivado la alerta local en el aeropuerto Adolfo Su\u00e1rez Madrid-Barajas, tras confirmar la Guardia Civil que el aviso de bomba en un vuelo de Saudia Arabian Airlines es falso, seg\u00fan informa en su cuenta oficial en Twitter.<\/p>\n<p>Los investigadores de la Guardia Civil est\u00e1n procediendo a identificar a todos los pasajeros del avi\u00f3n de la compa\u00f1\u00eda Saudian Arabian Airlines en el marco de la investigaci\u00f3n abierta tras la amenaza de bomba que ha obligado a evacuar el aparato, han informado a Europa Press fuentes de la investigaci\u00f3n.<\/p>\n<p>Estas mismas fuentes han precisado que los 97 pasajeros han sido trasladados a una sala de la Terminal 4 donde se encuentran aislados.<\/p>\n<p>El avi\u00f3n ten\u00eda en su interior una amenaza de bomba en una carta manuscrita en ingl\u00e9s, que se encontr\u00f3 clavada con un cuchillo. Seg\u00fan han informado a Europa Press fuentes de la investigaci\u00f3n, la nota ten\u00eda el texto \u00abTIENE BOMBA 11:30H\u00bb. El vuelo SVA226 se dispon\u00eda a despegar con destino Riad.<\/p>\n<p>El comandante comunic\u00f3 el hallazgo al aeropuerto y a partir de ese momento se activ\u00f3 la alarma general, desviando el avi\u00f3n a una pista remota y desalojando a sus pasajeros y 15 tripulantes.<\/p>\n<p>Saudi Arabian Airlines tambi\u00e9n ha confirmado que la amenaza era falsa y fruto de \u00abun enga\u00f1o\u00bb, pero que se deb\u00edan hacer todos los tr\u00e1mites y tomar las precauci\u00f3n necesarias.<\/p>\n","protected":false},"excerpt":{"rendered":"<p>Aena ha desactivado la alerta local en el aeropuerto Adolfo Su\u00e1rez Madrid-Barajas, tras confirmar la Guardia Civil que el aviso de bomba en un vuelo de Saudia Arabian Airlines es falso, seg\u00fan informa en su cuenta oficial en Twitter. Los investigadores de la Guardia Civil est\u00e1n procediendo a identificar a todos los pasajeros del avi\u00f3n<\/p>\n","protected":false},"author":1,"featured_media":63322,"comment_status":"open","ping_status":"closed","sticky":false,"template":"","format":"standard","meta":{"footnotes":""},"categories":[224],"tags":[],"class_list":{"0":"post-63321","1":"post","2":"type-post","3":"status-publish","4":"format-standard","5":"has-post-thumbnail","7":"category-noticias-actualidad"},"aioseo_notices":[],"aioseo_head":"\n\t\t<!-- All in One SEO Pro 4.9.6.1 - aioseo.com -->\n\t<meta name=\"description\" content=\"Aena ha desactivado la alerta local en el aeropuerto Adolfo Su\u00e1rez Madrid-Barajas, tras confirmar la Guardia Civil que el aviso de bomba en un vuelo de Saudia Arabian Airlines es falso, seg\u00fan informa en su cuenta oficial en Twitter. Los investigadores de la Guardia Civil est\u00e1n procediendo a identificar a todos los pasajeros del avi\u00f3n\" \/>\n\t<meta name=\"robots\" content=\"max-image-preview:large\" \/>\n\t<meta name=\"author\" content=\"admin\"\/>\n\t<meta name=\"google-site-verification\" content=\"UA-38556648-1\" \/>\n\t<meta name=\"keywords\" content=\"noticias y actualidad\" \/>\n\t<link rel=\"canonical\" href=\"https:\/\/eldigitaldeasturias.com\/magazine365\/aena-desactiva-la-alerta-local-en-madrid-barajas\/\" \/>\n\t<meta name=\"generator\" content=\"All in One SEO Pro (AIOSEO) 4.9.6.1\" \/>\n\t\t<meta property=\"og:locale\" content=\"es_ES\" \/>\n\t\t<meta property=\"og:site_name\" content=\"El Digital de Asturias \u2013 Revista de ocio, turismo y estilo de vida\" \/>\n\t\t<meta property=\"og:type\" content=\"article\" \/>\n\t\t<meta property=\"og:title\" content=\"Aena desactiva la alerta local en Madrid-Barajas | El Digital de Asturias\" \/>\n\t\t<meta property=\"og:description\" content=\"Aena ha desactivado la alerta local en el aeropuerto Adolfo Su\u00e1rez Madrid-Barajas, tras confirmar la Guardia Civil que el aviso de bomba en un vuelo de Saudia Arabian Airlines es falso, seg\u00fan informa en su cuenta oficial en Twitter. Los investigadores de la Guardia Civil est\u00e1n procediendo a identificar a todos los pasajeros del avi\u00f3n\" \/>\n\t\t<meta property=\"og:url\" content=\"https:\/\/eldigitaldeasturias.com\/magazine365\/aena-desactiva-la-alerta-local-en-madrid-barajas\/\" \/>\n\t\t<meta property=\"og:image\" content=\"https:\/\/eldigitaldeasturias.com\/magazine365\/wp-content\/uploads\/2016\/02\/fotonoticia_20160204153243_800.jpg\" \/>\n\t\t<meta property=\"og:image:secure_url\" content=\"https:\/\/eldigitaldeasturias.com\/magazine365\/wp-content\/uploads\/2016\/02\/fotonoticia_20160204153243_800.jpg\" \/>\n\t\t<meta property=\"og:image:width\" content=\"800\" \/>\n\t\t<meta property=\"og:image:height\" content=\"426\" \/>\n\t\t<meta property=\"article:published_time\" content=\"2016-02-06T21:20:57+00:00\" \/>\n\t\t<meta property=\"article:modified_time\" content=\"2016-02-06T21:20:57+00:00\" \/>\n\t\t<meta name=\"twitter:card\" content=\"summary_large_image\" \/>\n\t\t<meta name=\"twitter:title\" content=\"Aena desactiva la alerta local en Madrid-Barajas | El Digital de Asturias\" \/>\n\t\t<meta name=\"twitter:description\" content=\"Aena ha desactivado la alerta local en el aeropuerto Adolfo Su\u00e1rez Madrid-Barajas, tras confirmar la Guardia Civil que el aviso de bomba en un vuelo de Saudia Arabian Airlines es falso, seg\u00fan informa en su cuenta oficial en Twitter. Los investigadores de la Guardia Civil est\u00e1n procediendo a identificar a todos los pasajeros del avi\u00f3n\" \/>\n\t\t<meta name=\"twitter:image\" content=\"https:\/\/eldigitaldeasturias.com\/magazine365\/wp-content\/uploads\/2016\/02\/fotonoticia_20160204153243_800.jpg\" \/>\n\t\t<script type=\"application\/ld+json\" class=\"aioseo-schema\">\n\t\t\t{\"@context\":\"https:\\\/\\\/schema.org\",\"@graph\":[{\"@type\":\"Article\",\"@id\":\"https:\\\/\\\/eldigitaldeasturias.com\\\/magazine365\\\/aena-desactiva-la-alerta-local-en-madrid-barajas\\\/#article\",\"name\":\"Aena desactiva la alerta local en Madrid-Barajas | El Digital de Asturias\",\"headline\":\"Aena desactiva la alerta local en Madrid-Barajas\",\"author\":{\"@id\":\"https:\\\/\\\/eldigitaldeasturias.com\\\/magazine365\\\/author\\\/admin\\\/#author\"},\"publisher\":{\"@id\":\"https:\\\/\\\/eldigitaldeasturias.com\\\/magazine365\\\/#organization\"},\"image\":{\"@type\":\"ImageObject\",\"url\":\"https:\\\/\\\/eldigitaldeasturias.com\\\/magazine365\\\/wp-content\\\/uploads\\\/2016\\\/02\\\/fotonoticia_20160204153243_800.jpg\",\"width\":800,\"height\":426},\"datePublished\":\"2016-02-06T22:20:57+01:00\",\"dateModified\":\"2016-02-06T22:20:57+01:00\",\"inLanguage\":\"es-ES\",\"mainEntityOfPage\":{\"@id\":\"https:\\\/\\\/eldigitaldeasturias.com\\\/magazine365\\\/aena-desactiva-la-alerta-local-en-madrid-barajas\\\/#webpage\"},\"isPartOf\":{\"@id\":\"https:\\\/\\\/eldigitaldeasturias.com\\\/magazine365\\\/aena-desactiva-la-alerta-local-en-madrid-barajas\\\/#webpage\"},\"articleSection\":\"Noticias y Actualidad\"},{\"@type\":\"BreadcrumbList\",\"@id\":\"https:\\\/\\\/eldigitaldeasturias.com\\\/magazine365\\\/aena-desactiva-la-alerta-local-en-madrid-barajas\\\/#breadcrumblist\",\"itemListElement\":[{\"@type\":\"ListItem\",\"@id\":\"https:\\\/\\\/eldigitaldeasturias.com\\\/magazine365#listItem\",\"position\":1,\"name\":\"Home\",\"item\":\"https:\\\/\\\/eldigitaldeasturias.com\\\/magazine365\",\"nextItem\":{\"@type\":\"ListItem\",\"@id\":\"https:\\\/\\\/eldigitaldeasturias.com\\\/magazine365\\\/category\\\/noticias-actualidad\\\/#listItem\",\"name\":\"Noticias y Actualidad\"}},{\"@type\":\"ListItem\",\"@id\":\"https:\\\/\\\/eldigitaldeasturias.com\\\/magazine365\\\/category\\\/noticias-actualidad\\\/#listItem\",\"position\":2,\"name\":\"Noticias y Actualidad\",\"item\":\"https:\\\/\\\/eldigitaldeasturias.com\\\/magazine365\\\/category\\\/noticias-actualidad\\\/\",\"nextItem\":{\"@type\":\"ListItem\",\"@id\":\"https:\\\/\\\/eldigitaldeasturias.com\\\/magazine365\\\/aena-desactiva-la-alerta-local-en-madrid-barajas\\\/#listItem\",\"name\":\"Aena desactiva la alerta local en Madrid-Barajas\"},\"previousItem\":{\"@type\":\"ListItem\",\"@id\":\"https:\\\/\\\/eldigitaldeasturias.com\\\/magazine365#listItem\",\"name\":\"Home\"}},{\"@type\":\"ListItem\",\"@id\":\"https:\\\/\\\/eldigitaldeasturias.com\\\/magazine365\\\/aena-desactiva-la-alerta-local-en-madrid-barajas\\\/#listItem\",\"position\":3,\"name\":\"Aena desactiva la alerta local en Madrid-Barajas\",\"previousItem\":{\"@type\":\"ListItem\",\"@id\":\"https:\\\/\\\/eldigitaldeasturias.com\\\/magazine365\\\/category\\\/noticias-actualidad\\\/#listItem\",\"name\":\"Noticias y Actualidad\"}}]},{\"@type\":\"Organization\",\"@id\":\"https:\\\/\\\/eldigitaldeasturias.com\\\/magazine365\\\/#organization\",\"name\":\"El digital de Asturias\",\"description\":\"Revista de ocio, turismo y estilo de vida\",\"url\":\"https:\\\/\\\/eldigitaldeasturias.com\\\/magazine365\\\/\",\"logo\":{\"@type\":\"ImageObject\",\"url\":\"https:\\\/\\\/www.eldigitaldeasturias.com\\\/noticias\\\/wp-content\\\/uploads\\\/2020\\\/12\\\/EDA.jpg\",\"@id\":\"https:\\\/\\\/eldigitaldeasturias.com\\\/magazine365\\\/aena-desactiva-la-alerta-local-en-madrid-barajas\\\/#organizationLogo\"},\"image\":{\"@id\":\"https:\\\/\\\/eldigitaldeasturias.com\\\/magazine365\\\/aena-desactiva-la-alerta-local-en-madrid-barajas\\\/#organizationLogo\"}},{\"@type\":\"Person\",\"@id\":\"https:\\\/\\\/eldigitaldeasturias.com\\\/magazine365\\\/author\\\/admin\\\/#author\",\"url\":\"https:\\\/\\\/eldigitaldeasturias.com\\\/magazine365\\\/author\\\/admin\\\/\",\"name\":\"admin\",\"image\":{\"@type\":\"ImageObject\",\"@id\":\"https:\\\/\\\/eldigitaldeasturias.com\\\/magazine365\\\/aena-desactiva-la-alerta-local-en-madrid-barajas\\\/#authorImage\",\"url\":\"https:\\\/\\\/eldigitaldeasturias.com\\\/magazine365\\\/wp-content\\\/litespeed\\\/avatar\\\/e571bcf59a0edd6fa6838245a470f2fe.jpg?ver=1776969259\",\"width\":96,\"height\":96,\"caption\":\"admin\"}},{\"@type\":\"WebPage\",\"@id\":\"https:\\\/\\\/eldigitaldeasturias.com\\\/magazine365\\\/aena-desactiva-la-alerta-local-en-madrid-barajas\\\/#webpage\",\"url\":\"https:\\\/\\\/eldigitaldeasturias.com\\\/magazine365\\\/aena-desactiva-la-alerta-local-en-madrid-barajas\\\/\",\"name\":\"Aena desactiva la alerta local en Madrid-Barajas | El Digital de Asturias\",\"description\":\"Aena ha desactivado la alerta local en el aeropuerto Adolfo Su\\u00e1rez Madrid-Barajas, tras confirmar la Guardia Civil que el aviso de bomba en un vuelo de Saudia Arabian Airlines es falso, seg\\u00fan informa en su cuenta oficial en Twitter. Los investigadores de la Guardia Civil est\\u00e1n procediendo a identificar a todos los pasajeros del avi\\u00f3n\",\"inLanguage\":\"es-ES\",\"isPartOf\":{\"@id\":\"https:\\\/\\\/eldigitaldeasturias.com\\\/magazine365\\\/#website\"},\"breadcrumb\":{\"@id\":\"https:\\\/\\\/eldigitaldeasturias.com\\\/magazine365\\\/aena-desactiva-la-alerta-local-en-madrid-barajas\\\/#breadcrumblist\"},\"author\":{\"@id\":\"https:\\\/\\\/eldigitaldeasturias.com\\\/magazine365\\\/author\\\/admin\\\/#author\"},\"creator\":{\"@id\":\"https:\\\/\\\/eldigitaldeasturias.com\\\/magazine365\\\/author\\\/admin\\\/#author\"},\"image\":{\"@type\":\"ImageObject\",\"url\":\"https:\\\/\\\/eldigitaldeasturias.com\\\/magazine365\\\/wp-content\\\/uploads\\\/2016\\\/02\\\/fotonoticia_20160204153243_800.jpg\",\"@id\":\"https:\\\/\\\/eldigitaldeasturias.com\\\/magazine365\\\/aena-desactiva-la-alerta-local-en-madrid-barajas\\\/#mainImage\",\"width\":800,\"height\":426},\"primaryImageOfPage\":{\"@id\":\"https:\\\/\\\/eldigitaldeasturias.com\\\/magazine365\\\/aena-desactiva-la-alerta-local-en-madrid-barajas\\\/#mainImage\"},\"datePublished\":\"2016-02-06T22:20:57+01:00\",\"dateModified\":\"2016-02-06T22:20:57+01:00\"},{\"@type\":\"WebSite\",\"@id\":\"https:\\\/\\\/eldigitaldeasturias.com\\\/magazine365\\\/#website\",\"url\":\"https:\\\/\\\/eldigitaldeasturias.com\\\/magazine365\\\/\",\"name\":\"El Digital de Asturias\",\"description\":\"Revista de ocio, turismo y estilo de vida\",\"inLanguage\":\"es-ES\",\"publisher\":{\"@id\":\"https:\\\/\\\/eldigitaldeasturias.com\\\/magazine365\\\/#organization\"}}]}\n\t\t<\/script>\n\t\t<!-- All in One SEO Pro -->\r\n\t\t<title>Aena desactiva la alerta local en Madrid-Barajas | El Digital de Asturias<\/title>\n\n","aioseo_head_json":{"title":"Aena desactiva la alerta local en Madrid-Barajas | El Digital de Asturias","description":"Aena ha desactivado la alerta local en el aeropuerto Adolfo Su\u00e1rez Madrid-Barajas, tras confirmar la Guardia Civil que el aviso de bomba en un vuelo de Saudia Arabian Airlines es falso, seg\u00fan informa en su cuenta oficial en Twitter. Los investigadores de la Guardia Civil est\u00e1n procediendo a identificar a todos los pasajeros del avi\u00f3n","canonical_url":"https:\/\/eldigitaldeasturias.com\/magazine365\/aena-desactiva-la-alerta-local-en-madrid-barajas\/","robots":"max-image-preview:large","keywords":"noticias y actualidad","webmasterTools":{"google-site-verification":"UA-38556648-1","miscellaneous":""},"schema":{"@context":"https:\/\/schema.org","@graph":[{"@type":"Article","@id":"https:\/\/eldigitaldeasturias.com\/magazine365\/aena-desactiva-la-alerta-local-en-madrid-barajas\/#article","name":"Aena desactiva la alerta local en Madrid-Barajas | El Digital de Asturias","headline":"Aena desactiva la alerta local en Madrid-Barajas","author":{"@id":"https:\/\/eldigitaldeasturias.com\/magazine365\/author\/admin\/#author"},"publisher":{"@id":"https:\/\/eldigitaldeasturias.com\/magazine365\/#organization"},"image":{"@type":"ImageObject","url":"https:\/\/eldigitaldeasturias.com\/magazine365\/wp-content\/uploads\/2016\/02\/fotonoticia_20160204153243_800.jpg","width":800,"height":426},"datePublished":"2016-02-06T22:20:57+01:00","dateModified":"2016-02-06T22:20:57+01:00","inLanguage":"es-ES","mainEntityOfPage":{"@id":"https:\/\/eldigitaldeasturias.com\/magazine365\/aena-desactiva-la-alerta-local-en-madrid-barajas\/#webpage"},"isPartOf":{"@id":"https:\/\/eldigitaldeasturias.com\/magazine365\/aena-desactiva-la-alerta-local-en-madrid-barajas\/#webpage"},"articleSection":"Noticias y Actualidad"},{"@type":"BreadcrumbList","@id":"https:\/\/eldigitaldeasturias.com\/magazine365\/aena-desactiva-la-alerta-local-en-madrid-barajas\/#breadcrumblist","itemListElement":[{"@type":"ListItem","@id":"https:\/\/eldigitaldeasturias.com\/magazine365#listItem","position":1,"name":"Home","item":"https:\/\/eldigitaldeasturias.com\/magazine365","nextItem":{"@type":"ListItem","@id":"https:\/\/eldigitaldeasturias.com\/magazine365\/category\/noticias-actualidad\/#listItem","name":"Noticias y Actualidad"}},{"@type":"ListItem","@id":"https:\/\/eldigitaldeasturias.com\/magazine365\/category\/noticias-actualidad\/#listItem","position":2,"name":"Noticias y Actualidad","item":"https:\/\/eldigitaldeasturias.com\/magazine365\/category\/noticias-actualidad\/","nextItem":{"@type":"ListItem","@id":"https:\/\/eldigitaldeasturias.com\/magazine365\/aena-desactiva-la-alerta-local-en-madrid-barajas\/#listItem","name":"Aena desactiva la alerta local en Madrid-Barajas"},"previousItem":{"@type":"ListItem","@id":"https:\/\/eldigitaldeasturias.com\/magazine365#listItem","name":"Home"}},{"@type":"ListItem","@id":"https:\/\/eldigitaldeasturias.com\/magazine365\/aena-desactiva-la-alerta-local-en-madrid-barajas\/#listItem","position":3,"name":"Aena desactiva la alerta local en Madrid-Barajas","previousItem":{"@type":"ListItem","@id":"https:\/\/eldigitaldeasturias.com\/magazine365\/category\/noticias-actualidad\/#listItem","name":"Noticias y Actualidad"}}]},{"@type":"Organization","@id":"https:\/\/eldigitaldeasturias.com\/magazine365\/#organization","name":"El digital de Asturias","description":"Revista de ocio, turismo y estilo de vida","url":"https:\/\/eldigitaldeasturias.com\/magazine365\/","logo":{"@type":"ImageObject","url":"https:\/\/www.eldigitaldeasturias.com\/noticias\/wp-content\/uploads\/2020\/12\/EDA.jpg","@id":"https:\/\/eldigitaldeasturias.com\/magazine365\/aena-desactiva-la-alerta-local-en-madrid-barajas\/#organizationLogo"},"image":{"@id":"https:\/\/eldigitaldeasturias.com\/magazine365\/aena-desactiva-la-alerta-local-en-madrid-barajas\/#organizationLogo"}},{"@type":"Person","@id":"https:\/\/eldigitaldeasturias.com\/magazine365\/author\/admin\/#author","url":"https:\/\/eldigitaldeasturias.com\/magazine365\/author\/admin\/","name":"admin","image":{"@type":"ImageObject","@id":"https:\/\/eldigitaldeasturias.com\/magazine365\/aena-desactiva-la-alerta-local-en-madrid-barajas\/#authorImage","url":"https:\/\/eldigitaldeasturias.com\/magazine365\/wp-content\/litespeed\/avatar\/e571bcf59a0edd6fa6838245a470f2fe.jpg?ver=1776969259","width":96,"height":96,"caption":"admin"}},{"@type":"WebPage","@id":"https:\/\/eldigitaldeasturias.com\/magazine365\/aena-desactiva-la-alerta-local-en-madrid-barajas\/#webpage","url":"https:\/\/eldigitaldeasturias.com\/magazine365\/aena-desactiva-la-alerta-local-en-madrid-barajas\/","name":"Aena desactiva la alerta local en Madrid-Barajas | El Digital de Asturias","description":"Aena ha desactivado la alerta local en el aeropuerto Adolfo Su\u00e1rez Madrid-Barajas, tras confirmar la Guardia Civil que el aviso de bomba en un vuelo de Saudia Arabian Airlines es falso, seg\u00fan informa en su cuenta oficial en Twitter. Los investigadores de la Guardia Civil est\u00e1n procediendo a identificar a todos los pasajeros del avi\u00f3n","inLanguage":"es-ES","isPartOf":{"@id":"https:\/\/eldigitaldeasturias.com\/magazine365\/#website"},"breadcrumb":{"@id":"https:\/\/eldigitaldeasturias.com\/magazine365\/aena-desactiva-la-alerta-local-en-madrid-barajas\/#breadcrumblist"},"author":{"@id":"https:\/\/eldigitaldeasturias.com\/magazine365\/author\/admin\/#author"},"creator":{"@id":"https:\/\/eldigitaldeasturias.com\/magazine365\/author\/admin\/#author"},"image":{"@type":"ImageObject","url":"https:\/\/eldigitaldeasturias.com\/magazine365\/wp-content\/uploads\/2016\/02\/fotonoticia_20160204153243_800.jpg","@id":"https:\/\/eldigitaldeasturias.com\/magazine365\/aena-desactiva-la-alerta-local-en-madrid-barajas\/#mainImage","width":800,"height":426},"primaryImageOfPage":{"@id":"https:\/\/eldigitaldeasturias.com\/magazine365\/aena-desactiva-la-alerta-local-en-madrid-barajas\/#mainImage"},"datePublished":"2016-02-06T22:20:57+01:00","dateModified":"2016-02-06T22:20:57+01:00"},{"@type":"WebSite","@id":"https:\/\/eldigitaldeasturias.com\/magazine365\/#website","url":"https:\/\/eldigitaldeasturias.com\/magazine365\/","name":"El Digital de Asturias","description":"Revista de ocio, turismo y estilo de vida","inLanguage":"es-ES","publisher":{"@id":"https:\/\/eldigitaldeasturias.com\/magazine365\/#organization"}}]},"og:locale":"es_ES","og:site_name":"El Digital de Asturias \u2013 Revista de ocio, turismo y estilo de vida","og:type":"article","og:title":"Aena desactiva la alerta local en Madrid-Barajas | El Digital de Asturias","og:description":"Aena ha desactivado la alerta local en el aeropuerto Adolfo Su\u00e1rez Madrid-Barajas, tras confirmar la Guardia Civil que el aviso de bomba en un vuelo de Saudia Arabian Airlines es falso, seg\u00fan informa en su cuenta oficial en Twitter. Los investigadores de la Guardia Civil est\u00e1n procediendo a identificar a todos los pasajeros del avi\u00f3n","og:url":"https:\/\/eldigitaldeasturias.com\/magazine365\/aena-desactiva-la-alerta-local-en-madrid-barajas\/","og:image":"https:\/\/eldigitaldeasturias.com\/magazine365\/wp-content\/uploads\/2016\/02\/fotonoticia_20160204153243_800.jpg","og:image:secure_url":"https:\/\/eldigitaldeasturias.com\/magazine365\/wp-content\/uploads\/2016\/02\/fotonoticia_20160204153243_800.jpg","og:image:width":800,"og:image:height":426,"article:published_time":"2016-02-06T21:20:57+00:00","article:modified_time":"2016-02-06T21:20:57+00:00","twitter:card":"summary_large_image","twitter:title":"Aena desactiva la alerta local en Madrid-Barajas | El Digital de Asturias","twitter:description":"Aena ha desactivado la alerta local en el aeropuerto Adolfo Su\u00e1rez Madrid-Barajas, tras confirmar la Guardia Civil que el aviso de bomba en un vuelo de Saudia Arabian Airlines es falso, seg\u00fan informa en su cuenta oficial en Twitter. Los investigadores de la Guardia Civil est\u00e1n procediendo a identificar a todos los pasajeros del avi\u00f3n","twitter:image":"https:\/\/eldigitaldeasturias.com\/magazine365\/wp-content\/uploads\/2016\/02\/fotonoticia_20160204153243_800.jpg"},"aioseo_meta_data":{"post_id":"63321","title":null,"description":null,"keywords":null,"keyphrases":null,"primary_term":null,"canonical_url":null,"og_title":null,"og_description":null,"og_object_type":"default","og_image_type":"default","og_image_url":null,"og_image_width":null,"og_image_height":null,"og_image_custom_url":null,"og_image_custom_fields":null,"og_video":null,"og_custom_url":null,"og_article_section":null,"og_article_tags":null,"twitter_use_og":false,"twitter_card":"default","twitter_image_type":"default","twitter_image_url":null,"twitter_image_custom_url":null,"twitter_image_custom_fields":null,"twitter_title":null,"twitter_description":null,"schema":{"blockGraphs":[],"customGraphs":[],"default":{"data":{"Article":[],"Course":[],"Dataset":[],"FAQPage":[],"Movie":[],"Person":[],"Product":[],"ProductReview":[],"Car":[],"Recipe":[],"Service":[],"SoftwareApplication":[],"WebPage":[]},"graphName":"","isEnabled":true},"graphs":[],"defaultGraph":"","defaultPostTypeGraph":""},"schema_type":null,"schema_type_options":null,"pillar_content":false,"robots_default":true,"robots_noindex":false,"robots_noarchive":false,"robots_nosnippet":false,"robots_nofollow":false,"robots_noimageindex":false,"robots_noodp":false,"robots_notranslate":false,"robots_max_snippet":null,"robots_max_videopreview":null,"robots_max_imagepreview":"large","priority":null,"frequency":null,"location":null,"local_seo":null,"seo_analyzer_scan_date":"2025-09-25 12:54:10","breadcrumb_settings":null,"limit_modified_date":false,"open_ai":null,"ai":null,"created":"2021-03-08 21:24:41","updated":"2025-09-25 12:54:10"},"aioseo_breadcrumb":"<div class=\"aioseo-breadcrumbs\"><span class=\"aioseo-breadcrumb\">\n\t<a href=\"https:\/\/eldigitaldeasturias.com\/magazine365\" title=\"Home\">Home<\/a>\n<\/span><span class=\"aioseo-breadcrumb-separator\">\u2013<\/span><span class=\"aioseo-breadcrumb\">\n\t<a href=\"https:\/\/eldigitaldeasturias.com\/magazine365\/category\/noticias-actualidad\/\" title=\"Noticias y Actualidad\">Noticias y Actualidad<\/a>\n<\/span><span class=\"aioseo-breadcrumb-separator\">\u2013<\/span><span class=\"aioseo-breadcrumb\">\n\t<a href=\"https:\/\/eldigitaldeasturias.com\/magazine365\/aena-desactiva-la-alerta-local-en-madrid-barajas\/\" title=\"Aena desactiva la alerta local en Madrid-Barajas\">Aena desactiva la alerta local en Madrid-Barajas<\/a>\n<\/span><\/div>","aioseo_breadcrumb_json":[{"label":"Home","link":"https:\/\/eldigitaldeasturias.com\/magazine365"},{"label":"Noticias y Actualidad","link":"https:\/\/eldigitaldeasturias.com\/magazine365\/category\/noticias-actualidad\/"},{"label":"Aena desactiva la alerta local en Madrid-Barajas","link":"https:\/\/eldigitaldeasturias.com\/magazine365\/aena-desactiva-la-alerta-local-en-madrid-barajas\/"}],"_links":{"self":[{"href":"https:\/\/eldigitaldeasturias.com\/magazine365\/wp-json\/wp\/v2\/posts\/63321","targetHints":{"allow":["GET"]}}],"collection":[{"href":"https:\/\/eldigitaldeasturias.com\/magazine365\/wp-json\/wp\/v2\/posts"}],"about":[{"href":"https:\/\/eldigitaldeasturias.com\/magazine365\/wp-json\/wp\/v2\/types\/post"}],"author":[{"embeddable":true,"href":"https:\/\/eldigitaldeasturias.com\/magazine365\/wp-json\/wp\/v2\/users\/1"}],"replies":[{"embeddable":true,"href":"https:\/\/eldigitaldeasturias.com\/magazine365\/wp-json\/wp\/v2\/comments?post=63321"}],"version-history":[{"count":0,"href":"https:\/\/eldigitaldeasturias.com\/magazine365\/wp-json\/wp\/v2\/posts\/63321\/revisions"}],"wp:featuredmedia":[{"embeddable":true,"href":"https:\/\/eldigitaldeasturias.com\/magazine365\/wp-json\/wp\/v2\/media\/63322"}],"wp:attachment":[{"href":"https:\/\/eldigitaldeasturias.com\/magazine365\/wp-json\/wp\/v2\/media?parent=63321"}],"wp:term":[{"taxonomy":"category","embeddable":true,"href":"https:\/\/eldigitaldeasturias.com\/magazine365\/wp-json\/wp\/v2\/categories?post=63321"},{"taxonomy":"post_tag","embeddable":true,"href":"https:\/\/eldigitaldeasturias.com\/magazine365\/wp-json\/wp\/v2\/tags?post=63321"}],"curies":[{"name":"wp","href":"https:\/\/api.w.org\/{rel}","templated":true}]}}