{"id":63308,"date":"2016-02-06T21:11:17","date_gmt":"2016-02-06T20:11:17","guid":{"rendered":"http:\/\/eldigitaldeasturias.com\/magazine365\/?p=63308"},"modified":"2016-02-06T21:11:17","modified_gmt":"2016-02-06T20:11:17","slug":"la-guardia-civil-confirma-que-es-falso-el-aviso-de-bomba-en-el-avion-desalojado-en-barajas","status":"publish","type":"post","link":"https:\/\/eldigitaldeasturias.com\/magazine365\/la-guardia-civil-confirma-que-es-falso-el-aviso-de-bomba-en-el-avion-desalojado-en-barajas\/","title":{"rendered":"La Guardia Civil confirma que es falso el aviso de bomba en el avi\u00f3n desalojado en Barajas"},"content":{"rendered":"<p><img fetchpriority=\"high\" decoding=\"async\" class=\"alignleft size-medium wp-image-63309\" src=\"https:\/\/eldigitaldeasturias.com\/magazine365\/wp-content\/uploads\/2016\/02\/fotonoticia_20160204151343_800-360x214.jpg\" alt=\"fotonoticia_20160204151343_800\" width=\"360\" height=\"214\" srcset=\"https:\/\/eldigitaldeasturias.com\/magazine365\/wp-content\/uploads\/2016\/02\/fotonoticia_20160204151343_800-360x214.jpg 360w, https:\/\/eldigitaldeasturias.com\/magazine365\/wp-content\/uploads\/2016\/02\/fotonoticia_20160204151343_800-650x386.jpg 650w, https:\/\/eldigitaldeasturias.com\/magazine365\/wp-content\/uploads\/2016\/02\/fotonoticia_20160204151343_800-768x456.jpg 768w, https:\/\/eldigitaldeasturias.com\/magazine365\/wp-content\/uploads\/2016\/02\/fotonoticia_20160204151343_800-150x89.jpg 150w, https:\/\/eldigitaldeasturias.com\/magazine365\/wp-content\/uploads\/2016\/02\/fotonoticia_20160204151343_800-450x267.jpg 450w, https:\/\/eldigitaldeasturias.com\/magazine365\/wp-content\/uploads\/2016\/02\/fotonoticia_20160204151343_800-696x413.jpg 696w, https:\/\/eldigitaldeasturias.com\/magazine365\/wp-content\/uploads\/2016\/02\/fotonoticia_20160204151343_800-707x420.jpg 707w, https:\/\/eldigitaldeasturias.com\/magazine365\/wp-content\/uploads\/2016\/02\/fotonoticia_20160204151343_800.jpg 800w\" sizes=\"(max-width: 360px) 100vw, 360px\" \/>El aviso de bomba que ha obligado este jueves a desalojar un avi\u00f3n de la compa\u00f1\u00eda Saudian Arabian Airlines y a activar una alarma general en el aeropuerto Adolfo Su\u00e1rez-Madrid Barajas es falso, seg\u00fan han informado fuentes del Instituto Armado.<\/p>\n<p>El avi\u00f3n ten\u00eda en su interior una amenaza de bomba en una carta manuscrita en ingl\u00e9s, que se encontr\u00f3 clavada con un cuchillo. Fuentes de la Guardia Civil han a\u00f1adido que en concreto la nota se encontraba en el interior de una sala de oraci\u00f3n con la que cuenta este modelo de avi\u00f3n saud\u00ed.<\/p>\n<p>Seg\u00fan han informado a Europa Press fuentes de la investigaci\u00f3n, la nota ten\u00eda el texto \u00abTIENE BOMBA 11:30H\u00bb. El vuelo SVA226 se dispon\u00eda a despegar con destino Riad, la capital de Arabia Saud\u00ed.<\/p>\n<p>El comandante comunic\u00f3 el hallazgo al aeropuerto y a partir de ese momento se activ\u00f3 la alarma general, desviando el avi\u00f3n a una pista remota y desalojando a sus pasajeros y 15 tripulantes. La investigaci\u00f3n corre a cargo de la Polic\u00eda Judicial de la Guardia Civil en Barajas, que est\u00e1n procediendo a identificar a todos los pasajeros en busca del autor de la amenaza.<\/p>\n<p>Por otro lado un portavoz de la compa\u00f1\u00eda saud\u00ed, ha confirmado a Reuters que se trata de una falsa alarma, pero que est\u00e1n realizando las oportunas comprobaciones en estos casos.<\/p>\n","protected":false},"excerpt":{"rendered":"<p>El aviso de bomba que ha obligado este jueves a desalojar un avi\u00f3n de la compa\u00f1\u00eda Saudian Arabian Airlines y a activar una alarma general en el aeropuerto Adolfo Su\u00e1rez-Madrid Barajas es falso, seg\u00fan han informado fuentes del Instituto Armado. El avi\u00f3n ten\u00eda en su interior una amenaza de bomba en una carta manuscrita en<\/p>\n","protected":false},"author":1,"featured_media":63309,"comment_status":"open","ping_status":"closed","sticky":false,"template":"","format":"standard","meta":{"footnotes":""},"categories":[224],"tags":[],"class_list":{"0":"post-63308","1":"post","2":"type-post","3":"status-publish","4":"format-standard","5":"has-post-thumbnail","7":"category-noticias-actualidad"},"aioseo_notices":[],"aioseo_head":"\n\t\t<!-- All in One SEO Pro 4.9.6.1 - aioseo.com -->\n\t<meta name=\"description\" content=\"El aviso de bomba que ha obligado este jueves a desalojar un avi\u00f3n de la compa\u00f1\u00eda Saudian Arabian Airlines y a activar una alarma general en el aeropuerto Adolfo Su\u00e1rez-Madrid Barajas es falso, seg\u00fan han informado fuentes del Instituto Armado. El avi\u00f3n ten\u00eda en su interior una amenaza de bomba en una carta manuscrita en\" \/>\n\t<meta name=\"robots\" content=\"max-image-preview:large\" \/>\n\t<meta name=\"author\" content=\"admin\"\/>\n\t<meta name=\"google-site-verification\" content=\"UA-38556648-1\" \/>\n\t<meta name=\"keywords\" content=\"noticias y actualidad\" \/>\n\t<link rel=\"canonical\" href=\"https:\/\/eldigitaldeasturias.com\/magazine365\/la-guardia-civil-confirma-que-es-falso-el-aviso-de-bomba-en-el-avion-desalojado-en-barajas\/\" \/>\n\t<meta name=\"generator\" content=\"All in One SEO Pro (AIOSEO) 4.9.6.1\" \/>\n\t\t<meta property=\"og:locale\" content=\"es_ES\" \/>\n\t\t<meta property=\"og:site_name\" content=\"El Digital de Asturias \u2013 Revista de ocio, turismo y estilo de vida\" \/>\n\t\t<meta property=\"og:type\" content=\"article\" \/>\n\t\t<meta property=\"og:title\" content=\"La Guardia Civil confirma que es falso el aviso de bomba en el avi\u00f3n desalojado en Barajas | El Digital de Asturias\" \/>\n\t\t<meta property=\"og:description\" content=\"El aviso de bomba que ha obligado este jueves a desalojar un avi\u00f3n de la compa\u00f1\u00eda Saudian Arabian Airlines y a activar una alarma general en el aeropuerto Adolfo Su\u00e1rez-Madrid Barajas es falso, seg\u00fan han informado fuentes del Instituto Armado. El avi\u00f3n ten\u00eda en su interior una amenaza de bomba en una carta manuscrita en\" \/>\n\t\t<meta property=\"og:url\" content=\"https:\/\/eldigitaldeasturias.com\/magazine365\/la-guardia-civil-confirma-que-es-falso-el-aviso-de-bomba-en-el-avion-desalojado-en-barajas\/\" \/>\n\t\t<meta property=\"og:image\" content=\"https:\/\/eldigitaldeasturias.com\/magazine365\/wp-content\/uploads\/2016\/02\/fotonoticia_20160204151343_800.jpg\" \/>\n\t\t<meta property=\"og:image:secure_url\" content=\"https:\/\/eldigitaldeasturias.com\/magazine365\/wp-content\/uploads\/2016\/02\/fotonoticia_20160204151343_800.jpg\" \/>\n\t\t<meta property=\"og:image:width\" content=\"800\" \/>\n\t\t<meta property=\"og:image:height\" content=\"475\" \/>\n\t\t<meta property=\"article:published_time\" content=\"2016-02-06T20:11:17+00:00\" \/>\n\t\t<meta property=\"article:modified_time\" content=\"2016-02-06T20:11:17+00:00\" \/>\n\t\t<meta name=\"twitter:card\" content=\"summary_large_image\" \/>\n\t\t<meta name=\"twitter:title\" content=\"La Guardia Civil confirma que es falso el aviso de bomba en el avi\u00f3n desalojado en Barajas | El Digital de Asturias\" \/>\n\t\t<meta name=\"twitter:description\" content=\"El aviso de bomba que ha obligado este jueves a desalojar un avi\u00f3n de la compa\u00f1\u00eda Saudian Arabian Airlines y a activar una alarma general en el aeropuerto Adolfo Su\u00e1rez-Madrid Barajas es falso, seg\u00fan han informado fuentes del Instituto Armado. El avi\u00f3n ten\u00eda en su interior una amenaza de bomba en una carta manuscrita en\" \/>\n\t\t<meta name=\"twitter:image\" content=\"https:\/\/eldigitaldeasturias.com\/magazine365\/wp-content\/uploads\/2016\/02\/fotonoticia_20160204151343_800.jpg\" \/>\n\t\t<script type=\"application\/ld+json\" class=\"aioseo-schema\">\n\t\t\t{\"@context\":\"https:\\\/\\\/schema.org\",\"@graph\":[{\"@type\":\"Article\",\"@id\":\"https:\\\/\\\/eldigitaldeasturias.com\\\/magazine365\\\/la-guardia-civil-confirma-que-es-falso-el-aviso-de-bomba-en-el-avion-desalojado-en-barajas\\\/#article\",\"name\":\"La Guardia Civil confirma que es falso el aviso de bomba en el avi\\u00f3n desalojado en Barajas | El Digital de Asturias\",\"headline\":\"La Guardia Civil confirma que es falso el aviso de bomba en el avi\\u00f3n desalojado en Barajas\",\"author\":{\"@id\":\"https:\\\/\\\/eldigitaldeasturias.com\\\/magazine365\\\/author\\\/admin\\\/#author\"},\"publisher\":{\"@id\":\"https:\\\/\\\/eldigitaldeasturias.com\\\/magazine365\\\/#organization\"},\"image\":{\"@type\":\"ImageObject\",\"url\":\"https:\\\/\\\/eldigitaldeasturias.com\\\/magazine365\\\/wp-content\\\/uploads\\\/2016\\\/02\\\/fotonoticia_20160204151343_800.jpg\",\"width\":800,\"height\":475},\"datePublished\":\"2016-02-06T21:11:17+01:00\",\"dateModified\":\"2016-02-06T21:11:17+01:00\",\"inLanguage\":\"es-ES\",\"mainEntityOfPage\":{\"@id\":\"https:\\\/\\\/eldigitaldeasturias.com\\\/magazine365\\\/la-guardia-civil-confirma-que-es-falso-el-aviso-de-bomba-en-el-avion-desalojado-en-barajas\\\/#webpage\"},\"isPartOf\":{\"@id\":\"https:\\\/\\\/eldigitaldeasturias.com\\\/magazine365\\\/la-guardia-civil-confirma-que-es-falso-el-aviso-de-bomba-en-el-avion-desalojado-en-barajas\\\/#webpage\"},\"articleSection\":\"Noticias y Actualidad\"},{\"@type\":\"BreadcrumbList\",\"@id\":\"https:\\\/\\\/eldigitaldeasturias.com\\\/magazine365\\\/la-guardia-civil-confirma-que-es-falso-el-aviso-de-bomba-en-el-avion-desalojado-en-barajas\\\/#breadcrumblist\",\"itemListElement\":[{\"@type\":\"ListItem\",\"@id\":\"https:\\\/\\\/eldigitaldeasturias.com\\\/magazine365#listItem\",\"position\":1,\"name\":\"Home\",\"item\":\"https:\\\/\\\/eldigitaldeasturias.com\\\/magazine365\",\"nextItem\":{\"@type\":\"ListItem\",\"@id\":\"https:\\\/\\\/eldigitaldeasturias.com\\\/magazine365\\\/category\\\/noticias-actualidad\\\/#listItem\",\"name\":\"Noticias y Actualidad\"}},{\"@type\":\"ListItem\",\"@id\":\"https:\\\/\\\/eldigitaldeasturias.com\\\/magazine365\\\/category\\\/noticias-actualidad\\\/#listItem\",\"position\":2,\"name\":\"Noticias y Actualidad\",\"item\":\"https:\\\/\\\/eldigitaldeasturias.com\\\/magazine365\\\/category\\\/noticias-actualidad\\\/\",\"nextItem\":{\"@type\":\"ListItem\",\"@id\":\"https:\\\/\\\/eldigitaldeasturias.com\\\/magazine365\\\/la-guardia-civil-confirma-que-es-falso-el-aviso-de-bomba-en-el-avion-desalojado-en-barajas\\\/#listItem\",\"name\":\"La Guardia Civil confirma que es falso el aviso de bomba en el avi\\u00f3n desalojado en Barajas\"},\"previousItem\":{\"@type\":\"ListItem\",\"@id\":\"https:\\\/\\\/eldigitaldeasturias.com\\\/magazine365#listItem\",\"name\":\"Home\"}},{\"@type\":\"ListItem\",\"@id\":\"https:\\\/\\\/eldigitaldeasturias.com\\\/magazine365\\\/la-guardia-civil-confirma-que-es-falso-el-aviso-de-bomba-en-el-avion-desalojado-en-barajas\\\/#listItem\",\"position\":3,\"name\":\"La Guardia Civil confirma que es falso el aviso de bomba en el avi\\u00f3n desalojado en Barajas\",\"previousItem\":{\"@type\":\"ListItem\",\"@id\":\"https:\\\/\\\/eldigitaldeasturias.com\\\/magazine365\\\/category\\\/noticias-actualidad\\\/#listItem\",\"name\":\"Noticias y Actualidad\"}}]},{\"@type\":\"Organization\",\"@id\":\"https:\\\/\\\/eldigitaldeasturias.com\\\/magazine365\\\/#organization\",\"name\":\"El digital de Asturias\",\"description\":\"Revista de ocio, turismo y estilo de vida\",\"url\":\"https:\\\/\\\/eldigitaldeasturias.com\\\/magazine365\\\/\",\"logo\":{\"@type\":\"ImageObject\",\"url\":\"https:\\\/\\\/www.eldigitaldeasturias.com\\\/noticias\\\/wp-content\\\/uploads\\\/2020\\\/12\\\/EDA.jpg\",\"@id\":\"https:\\\/\\\/eldigitaldeasturias.com\\\/magazine365\\\/la-guardia-civil-confirma-que-es-falso-el-aviso-de-bomba-en-el-avion-desalojado-en-barajas\\\/#organizationLogo\"},\"image\":{\"@id\":\"https:\\\/\\\/eldigitaldeasturias.com\\\/magazine365\\\/la-guardia-civil-confirma-que-es-falso-el-aviso-de-bomba-en-el-avion-desalojado-en-barajas\\\/#organizationLogo\"}},{\"@type\":\"Person\",\"@id\":\"https:\\\/\\\/eldigitaldeasturias.com\\\/magazine365\\\/author\\\/admin\\\/#author\",\"url\":\"https:\\\/\\\/eldigitaldeasturias.com\\\/magazine365\\\/author\\\/admin\\\/\",\"name\":\"admin\",\"image\":{\"@type\":\"ImageObject\",\"@id\":\"https:\\\/\\\/eldigitaldeasturias.com\\\/magazine365\\\/la-guardia-civil-confirma-que-es-falso-el-aviso-de-bomba-en-el-avion-desalojado-en-barajas\\\/#authorImage\",\"url\":\"https:\\\/\\\/eldigitaldeasturias.com\\\/magazine365\\\/wp-content\\\/litespeed\\\/avatar\\\/e571bcf59a0edd6fa6838245a470f2fe.jpg?ver=1776969259\",\"width\":96,\"height\":96,\"caption\":\"admin\"}},{\"@type\":\"WebPage\",\"@id\":\"https:\\\/\\\/eldigitaldeasturias.com\\\/magazine365\\\/la-guardia-civil-confirma-que-es-falso-el-aviso-de-bomba-en-el-avion-desalojado-en-barajas\\\/#webpage\",\"url\":\"https:\\\/\\\/eldigitaldeasturias.com\\\/magazine365\\\/la-guardia-civil-confirma-que-es-falso-el-aviso-de-bomba-en-el-avion-desalojado-en-barajas\\\/\",\"name\":\"La Guardia Civil confirma que es falso el aviso de bomba en el avi\\u00f3n desalojado en Barajas | El Digital de Asturias\",\"description\":\"El aviso de bomba que ha obligado este jueves a desalojar un avi\\u00f3n de la compa\\u00f1\\u00eda Saudian Arabian Airlines y a activar una alarma general en el aeropuerto Adolfo Su\\u00e1rez-Madrid Barajas es falso, seg\\u00fan han informado fuentes del Instituto Armado. El avi\\u00f3n ten\\u00eda en su interior una amenaza de bomba en una carta manuscrita en\",\"inLanguage\":\"es-ES\",\"isPartOf\":{\"@id\":\"https:\\\/\\\/eldigitaldeasturias.com\\\/magazine365\\\/#website\"},\"breadcrumb\":{\"@id\":\"https:\\\/\\\/eldigitaldeasturias.com\\\/magazine365\\\/la-guardia-civil-confirma-que-es-falso-el-aviso-de-bomba-en-el-avion-desalojado-en-barajas\\\/#breadcrumblist\"},\"author\":{\"@id\":\"https:\\\/\\\/eldigitaldeasturias.com\\\/magazine365\\\/author\\\/admin\\\/#author\"},\"creator\":{\"@id\":\"https:\\\/\\\/eldigitaldeasturias.com\\\/magazine365\\\/author\\\/admin\\\/#author\"},\"image\":{\"@type\":\"ImageObject\",\"url\":\"https:\\\/\\\/eldigitaldeasturias.com\\\/magazine365\\\/wp-content\\\/uploads\\\/2016\\\/02\\\/fotonoticia_20160204151343_800.jpg\",\"@id\":\"https:\\\/\\\/eldigitaldeasturias.com\\\/magazine365\\\/la-guardia-civil-confirma-que-es-falso-el-aviso-de-bomba-en-el-avion-desalojado-en-barajas\\\/#mainImage\",\"width\":800,\"height\":475},\"primaryImageOfPage\":{\"@id\":\"https:\\\/\\\/eldigitaldeasturias.com\\\/magazine365\\\/la-guardia-civil-confirma-que-es-falso-el-aviso-de-bomba-en-el-avion-desalojado-en-barajas\\\/#mainImage\"},\"datePublished\":\"2016-02-06T21:11:17+01:00\",\"dateModified\":\"2016-02-06T21:11:17+01:00\"},{\"@type\":\"WebSite\",\"@id\":\"https:\\\/\\\/eldigitaldeasturias.com\\\/magazine365\\\/#website\",\"url\":\"https:\\\/\\\/eldigitaldeasturias.com\\\/magazine365\\\/\",\"name\":\"El Digital de Asturias\",\"description\":\"Revista de ocio, turismo y estilo de vida\",\"inLanguage\":\"es-ES\",\"publisher\":{\"@id\":\"https:\\\/\\\/eldigitaldeasturias.com\\\/magazine365\\\/#organization\"}}]}\n\t\t<\/script>\n\t\t<!-- All in One SEO Pro -->\r\n\t\t<title>La Guardia Civil confirma que es falso el aviso de bomba en el avi\u00f3n desalojado en Barajas | El Digital de Asturias<\/title>\n\n","aioseo_head_json":{"title":"La Guardia Civil confirma que es falso el aviso de bomba en el avi\u00f3n desalojado en Barajas | El Digital de Asturias","description":"El aviso de bomba que ha obligado este jueves a desalojar un avi\u00f3n de la compa\u00f1\u00eda Saudian Arabian Airlines y a activar una alarma general en el aeropuerto Adolfo Su\u00e1rez-Madrid Barajas es falso, seg\u00fan han informado fuentes del Instituto Armado. El avi\u00f3n ten\u00eda en su interior una amenaza de bomba en una carta manuscrita en","canonical_url":"https:\/\/eldigitaldeasturias.com\/magazine365\/la-guardia-civil-confirma-que-es-falso-el-aviso-de-bomba-en-el-avion-desalojado-en-barajas\/","robots":"max-image-preview:large","keywords":"noticias y actualidad","webmasterTools":{"google-site-verification":"UA-38556648-1","miscellaneous":""},"schema":{"@context":"https:\/\/schema.org","@graph":[{"@type":"Article","@id":"https:\/\/eldigitaldeasturias.com\/magazine365\/la-guardia-civil-confirma-que-es-falso-el-aviso-de-bomba-en-el-avion-desalojado-en-barajas\/#article","name":"La Guardia Civil confirma que es falso el aviso de bomba en el avi\u00f3n desalojado en Barajas | El Digital de Asturias","headline":"La Guardia Civil confirma que es falso el aviso de bomba en el avi\u00f3n desalojado en Barajas","author":{"@id":"https:\/\/eldigitaldeasturias.com\/magazine365\/author\/admin\/#author"},"publisher":{"@id":"https:\/\/eldigitaldeasturias.com\/magazine365\/#organization"},"image":{"@type":"ImageObject","url":"https:\/\/eldigitaldeasturias.com\/magazine365\/wp-content\/uploads\/2016\/02\/fotonoticia_20160204151343_800.jpg","width":800,"height":475},"datePublished":"2016-02-06T21:11:17+01:00","dateModified":"2016-02-06T21:11:17+01:00","inLanguage":"es-ES","mainEntityOfPage":{"@id":"https:\/\/eldigitaldeasturias.com\/magazine365\/la-guardia-civil-confirma-que-es-falso-el-aviso-de-bomba-en-el-avion-desalojado-en-barajas\/#webpage"},"isPartOf":{"@id":"https:\/\/eldigitaldeasturias.com\/magazine365\/la-guardia-civil-confirma-que-es-falso-el-aviso-de-bomba-en-el-avion-desalojado-en-barajas\/#webpage"},"articleSection":"Noticias y Actualidad"},{"@type":"BreadcrumbList","@id":"https:\/\/eldigitaldeasturias.com\/magazine365\/la-guardia-civil-confirma-que-es-falso-el-aviso-de-bomba-en-el-avion-desalojado-en-barajas\/#breadcrumblist","itemListElement":[{"@type":"ListItem","@id":"https:\/\/eldigitaldeasturias.com\/magazine365#listItem","position":1,"name":"Home","item":"https:\/\/eldigitaldeasturias.com\/magazine365","nextItem":{"@type":"ListItem","@id":"https:\/\/eldigitaldeasturias.com\/magazine365\/category\/noticias-actualidad\/#listItem","name":"Noticias y Actualidad"}},{"@type":"ListItem","@id":"https:\/\/eldigitaldeasturias.com\/magazine365\/category\/noticias-actualidad\/#listItem","position":2,"name":"Noticias y Actualidad","item":"https:\/\/eldigitaldeasturias.com\/magazine365\/category\/noticias-actualidad\/","nextItem":{"@type":"ListItem","@id":"https:\/\/eldigitaldeasturias.com\/magazine365\/la-guardia-civil-confirma-que-es-falso-el-aviso-de-bomba-en-el-avion-desalojado-en-barajas\/#listItem","name":"La Guardia Civil confirma que es falso el aviso de bomba en el avi\u00f3n desalojado en Barajas"},"previousItem":{"@type":"ListItem","@id":"https:\/\/eldigitaldeasturias.com\/magazine365#listItem","name":"Home"}},{"@type":"ListItem","@id":"https:\/\/eldigitaldeasturias.com\/magazine365\/la-guardia-civil-confirma-que-es-falso-el-aviso-de-bomba-en-el-avion-desalojado-en-barajas\/#listItem","position":3,"name":"La Guardia Civil confirma que es falso el aviso de bomba en el avi\u00f3n desalojado en Barajas","previousItem":{"@type":"ListItem","@id":"https:\/\/eldigitaldeasturias.com\/magazine365\/category\/noticias-actualidad\/#listItem","name":"Noticias y Actualidad"}}]},{"@type":"Organization","@id":"https:\/\/eldigitaldeasturias.com\/magazine365\/#organization","name":"El digital de Asturias","description":"Revista de ocio, turismo y estilo de vida","url":"https:\/\/eldigitaldeasturias.com\/magazine365\/","logo":{"@type":"ImageObject","url":"https:\/\/www.eldigitaldeasturias.com\/noticias\/wp-content\/uploads\/2020\/12\/EDA.jpg","@id":"https:\/\/eldigitaldeasturias.com\/magazine365\/la-guardia-civil-confirma-que-es-falso-el-aviso-de-bomba-en-el-avion-desalojado-en-barajas\/#organizationLogo"},"image":{"@id":"https:\/\/eldigitaldeasturias.com\/magazine365\/la-guardia-civil-confirma-que-es-falso-el-aviso-de-bomba-en-el-avion-desalojado-en-barajas\/#organizationLogo"}},{"@type":"Person","@id":"https:\/\/eldigitaldeasturias.com\/magazine365\/author\/admin\/#author","url":"https:\/\/eldigitaldeasturias.com\/magazine365\/author\/admin\/","name":"admin","image":{"@type":"ImageObject","@id":"https:\/\/eldigitaldeasturias.com\/magazine365\/la-guardia-civil-confirma-que-es-falso-el-aviso-de-bomba-en-el-avion-desalojado-en-barajas\/#authorImage","url":"https:\/\/eldigitaldeasturias.com\/magazine365\/wp-content\/litespeed\/avatar\/e571bcf59a0edd6fa6838245a470f2fe.jpg?ver=1776969259","width":96,"height":96,"caption":"admin"}},{"@type":"WebPage","@id":"https:\/\/eldigitaldeasturias.com\/magazine365\/la-guardia-civil-confirma-que-es-falso-el-aviso-de-bomba-en-el-avion-desalojado-en-barajas\/#webpage","url":"https:\/\/eldigitaldeasturias.com\/magazine365\/la-guardia-civil-confirma-que-es-falso-el-aviso-de-bomba-en-el-avion-desalojado-en-barajas\/","name":"La Guardia Civil confirma que es falso el aviso de bomba en el avi\u00f3n desalojado en Barajas | El Digital de Asturias","description":"El aviso de bomba que ha obligado este jueves a desalojar un avi\u00f3n de la compa\u00f1\u00eda Saudian Arabian Airlines y a activar una alarma general en el aeropuerto Adolfo Su\u00e1rez-Madrid Barajas es falso, seg\u00fan han informado fuentes del Instituto Armado. El avi\u00f3n ten\u00eda en su interior una amenaza de bomba en una carta manuscrita en","inLanguage":"es-ES","isPartOf":{"@id":"https:\/\/eldigitaldeasturias.com\/magazine365\/#website"},"breadcrumb":{"@id":"https:\/\/eldigitaldeasturias.com\/magazine365\/la-guardia-civil-confirma-que-es-falso-el-aviso-de-bomba-en-el-avion-desalojado-en-barajas\/#breadcrumblist"},"author":{"@id":"https:\/\/eldigitaldeasturias.com\/magazine365\/author\/admin\/#author"},"creator":{"@id":"https:\/\/eldigitaldeasturias.com\/magazine365\/author\/admin\/#author"},"image":{"@type":"ImageObject","url":"https:\/\/eldigitaldeasturias.com\/magazine365\/wp-content\/uploads\/2016\/02\/fotonoticia_20160204151343_800.jpg","@id":"https:\/\/eldigitaldeasturias.com\/magazine365\/la-guardia-civil-confirma-que-es-falso-el-aviso-de-bomba-en-el-avion-desalojado-en-barajas\/#mainImage","width":800,"height":475},"primaryImageOfPage":{"@id":"https:\/\/eldigitaldeasturias.com\/magazine365\/la-guardia-civil-confirma-que-es-falso-el-aviso-de-bomba-en-el-avion-desalojado-en-barajas\/#mainImage"},"datePublished":"2016-02-06T21:11:17+01:00","dateModified":"2016-02-06T21:11:17+01:00"},{"@type":"WebSite","@id":"https:\/\/eldigitaldeasturias.com\/magazine365\/#website","url":"https:\/\/eldigitaldeasturias.com\/magazine365\/","name":"El Digital de Asturias","description":"Revista de ocio, turismo y estilo de vida","inLanguage":"es-ES","publisher":{"@id":"https:\/\/eldigitaldeasturias.com\/magazine365\/#organization"}}]},"og:locale":"es_ES","og:site_name":"El Digital de Asturias \u2013 Revista de ocio, turismo y estilo de vida","og:type":"article","og:title":"La Guardia Civil confirma que es falso el aviso de bomba en el avi\u00f3n desalojado en Barajas | El Digital de Asturias","og:description":"El aviso de bomba que ha obligado este jueves a desalojar un avi\u00f3n de la compa\u00f1\u00eda Saudian Arabian Airlines y a activar una alarma general en el aeropuerto Adolfo Su\u00e1rez-Madrid Barajas es falso, seg\u00fan han informado fuentes del Instituto Armado. El avi\u00f3n ten\u00eda en su interior una amenaza de bomba en una carta manuscrita en","og:url":"https:\/\/eldigitaldeasturias.com\/magazine365\/la-guardia-civil-confirma-que-es-falso-el-aviso-de-bomba-en-el-avion-desalojado-en-barajas\/","og:image":"https:\/\/eldigitaldeasturias.com\/magazine365\/wp-content\/uploads\/2016\/02\/fotonoticia_20160204151343_800.jpg","og:image:secure_url":"https:\/\/eldigitaldeasturias.com\/magazine365\/wp-content\/uploads\/2016\/02\/fotonoticia_20160204151343_800.jpg","og:image:width":800,"og:image:height":475,"article:published_time":"2016-02-06T20:11:17+00:00","article:modified_time":"2016-02-06T20:11:17+00:00","twitter:card":"summary_large_image","twitter:title":"La Guardia Civil confirma que es falso el aviso de bomba en el avi\u00f3n desalojado en Barajas | El Digital de Asturias","twitter:description":"El aviso de bomba que ha obligado este jueves a desalojar un avi\u00f3n de la compa\u00f1\u00eda Saudian Arabian Airlines y a activar una alarma general en el aeropuerto Adolfo Su\u00e1rez-Madrid Barajas es falso, seg\u00fan han informado fuentes del Instituto Armado. El avi\u00f3n ten\u00eda en su interior una amenaza de bomba en una carta manuscrita en","twitter:image":"https:\/\/eldigitaldeasturias.com\/magazine365\/wp-content\/uploads\/2016\/02\/fotonoticia_20160204151343_800.jpg"},"aioseo_meta_data":{"post_id":"63308","title":null,"description":null,"keywords":null,"keyphrases":null,"primary_term":null,"canonical_url":null,"og_title":null,"og_description":null,"og_object_type":"default","og_image_type":"default","og_image_url":null,"og_image_width":null,"og_image_height":null,"og_image_custom_url":null,"og_image_custom_fields":null,"og_video":null,"og_custom_url":null,"og_article_section":null,"og_article_tags":null,"twitter_use_og":false,"twitter_card":"default","twitter_image_type":"default","twitter_image_url":null,"twitter_image_custom_url":null,"twitter_image_custom_fields":null,"twitter_title":null,"twitter_description":null,"schema":{"blockGraphs":[],"customGraphs":[],"default":{"data":{"Article":[],"Course":[],"Dataset":[],"FAQPage":[],"Movie":[],"Person":[],"Product":[],"ProductReview":[],"Car":[],"Recipe":[],"Service":[],"SoftwareApplication":[],"WebPage":[]},"graphName":"","isEnabled":true},"graphs":[]},"schema_type":null,"schema_type_options":null,"pillar_content":false,"robots_default":true,"robots_noindex":false,"robots_noarchive":false,"robots_nosnippet":false,"robots_nofollow":false,"robots_noimageindex":false,"robots_noodp":false,"robots_notranslate":false,"robots_max_snippet":null,"robots_max_videopreview":null,"robots_max_imagepreview":"large","priority":null,"frequency":null,"location":null,"local_seo":null,"seo_analyzer_scan_date":"2025-09-25 12:53:01","breadcrumb_settings":null,"limit_modified_date":false,"open_ai":null,"ai":null,"created":"2021-03-08 21:24:41","updated":"2025-09-25 12:53:01"},"aioseo_breadcrumb":"<div class=\"aioseo-breadcrumbs\"><span class=\"aioseo-breadcrumb\">\n\t<a href=\"https:\/\/eldigitaldeasturias.com\/magazine365\" title=\"Home\">Home<\/a>\n<\/span><span class=\"aioseo-breadcrumb-separator\">\u2013<\/span><span class=\"aioseo-breadcrumb\">\n\t<a href=\"https:\/\/eldigitaldeasturias.com\/magazine365\/category\/noticias-actualidad\/\" title=\"Noticias y Actualidad\">Noticias y Actualidad<\/a>\n<\/span><span class=\"aioseo-breadcrumb-separator\">\u2013<\/span><span class=\"aioseo-breadcrumb\">\n\t<a href=\"https:\/\/eldigitaldeasturias.com\/magazine365\/la-guardia-civil-confirma-que-es-falso-el-aviso-de-bomba-en-el-avion-desalojado-en-barajas\/\" title=\"La Guardia Civil confirma que es falso el aviso de bomba en el avi\u00f3n desalojado en Barajas\">La Guardia Civil confirma que es falso el aviso de bomba en el avi\u00f3n desalojado en Barajas<\/a>\n<\/span><\/div>","aioseo_breadcrumb_json":[{"label":"Home","link":"https:\/\/eldigitaldeasturias.com\/magazine365"},{"label":"Noticias y Actualidad","link":"https:\/\/eldigitaldeasturias.com\/magazine365\/category\/noticias-actualidad\/"},{"label":"La Guardia Civil confirma que es falso el aviso de bomba en el avi\u00f3n desalojado en Barajas","link":"https:\/\/eldigitaldeasturias.com\/magazine365\/la-guardia-civil-confirma-que-es-falso-el-aviso-de-bomba-en-el-avion-desalojado-en-barajas\/"}],"_links":{"self":[{"href":"https:\/\/eldigitaldeasturias.com\/magazine365\/wp-json\/wp\/v2\/posts\/63308","targetHints":{"allow":["GET"]}}],"collection":[{"href":"https:\/\/eldigitaldeasturias.com\/magazine365\/wp-json\/wp\/v2\/posts"}],"about":[{"href":"https:\/\/eldigitaldeasturias.com\/magazine365\/wp-json\/wp\/v2\/types\/post"}],"author":[{"embeddable":true,"href":"https:\/\/eldigitaldeasturias.com\/magazine365\/wp-json\/wp\/v2\/users\/1"}],"replies":[{"embeddable":true,"href":"https:\/\/eldigitaldeasturias.com\/magazine365\/wp-json\/wp\/v2\/comments?post=63308"}],"version-history":[{"count":0,"href":"https:\/\/eldigitaldeasturias.com\/magazine365\/wp-json\/wp\/v2\/posts\/63308\/revisions"}],"wp:featuredmedia":[{"embeddable":true,"href":"https:\/\/eldigitaldeasturias.com\/magazine365\/wp-json\/wp\/v2\/media\/63309"}],"wp:attachment":[{"href":"https:\/\/eldigitaldeasturias.com\/magazine365\/wp-json\/wp\/v2\/media?parent=63308"}],"wp:term":[{"taxonomy":"category","embeddable":true,"href":"https:\/\/eldigitaldeasturias.com\/magazine365\/wp-json\/wp\/v2\/categories?post=63308"},{"taxonomy":"post_tag","embeddable":true,"href":"https:\/\/eldigitaldeasturias.com\/magazine365\/wp-json\/wp\/v2\/tags?post=63308"}],"curies":[{"name":"wp","href":"https:\/\/api.w.org\/{rel}","templated":true}]}}