{"id":63305,"date":"2016-02-06T21:08:52","date_gmt":"2016-02-06T20:08:52","guid":{"rendered":"http:\/\/eldigitaldeasturias.com\/magazine365\/?p=63305"},"modified":"2016-02-06T21:08:52","modified_gmt":"2016-02-06T20:08:52","slug":"normalidad-en-el-aeropuerto-madrid-barajas-pese-a-la-alerta-declarada-por-una-amenaza-en-un-avion","status":"publish","type":"post","link":"https:\/\/eldigitaldeasturias.com\/magazine365\/normalidad-en-el-aeropuerto-madrid-barajas-pese-a-la-alerta-declarada-por-una-amenaza-en-un-avion\/","title":{"rendered":"Normalidad en el aeropuerto Madrid-Barajas pese a la alerta declarada por una amenaza en un avi\u00f3n"},"content":{"rendered":"<p><img fetchpriority=\"high\" decoding=\"async\" class=\"alignleft size-medium wp-image-63306\" src=\"https:\/\/eldigitaldeasturias.com\/magazine365\/wp-content\/uploads\/2016\/02\/fotonoticia_20160204150046_800-360x203.jpg\" alt=\"fotonoticia_20160204150046_800\" width=\"360\" height=\"203\" srcset=\"https:\/\/eldigitaldeasturias.com\/magazine365\/wp-content\/uploads\/2016\/02\/fotonoticia_20160204150046_800-360x203.jpg 360w, https:\/\/eldigitaldeasturias.com\/magazine365\/wp-content\/uploads\/2016\/02\/fotonoticia_20160204150046_800-650x366.jpg 650w, https:\/\/eldigitaldeasturias.com\/magazine365\/wp-content\/uploads\/2016\/02\/fotonoticia_20160204150046_800-768x432.jpg 768w, https:\/\/eldigitaldeasturias.com\/magazine365\/wp-content\/uploads\/2016\/02\/fotonoticia_20160204150046_800-150x84.jpg 150w, https:\/\/eldigitaldeasturias.com\/magazine365\/wp-content\/uploads\/2016\/02\/fotonoticia_20160204150046_800-450x253.jpg 450w, https:\/\/eldigitaldeasturias.com\/magazine365\/wp-content\/uploads\/2016\/02\/fotonoticia_20160204150046_800-696x392.jpg 696w, https:\/\/eldigitaldeasturias.com\/magazine365\/wp-content\/uploads\/2016\/02\/fotonoticia_20160204150046_800-747x420.jpg 747w, https:\/\/eldigitaldeasturias.com\/magazine365\/wp-content\/uploads\/2016\/02\/fotonoticia_20160204150046_800-499x280.jpg 499w, https:\/\/eldigitaldeasturias.com\/magazine365\/wp-content\/uploads\/2016\/02\/fotonoticia_20160204150046_800-510x289.jpg 510w, https:\/\/eldigitaldeasturias.com\/magazine365\/wp-content\/uploads\/2016\/02\/fotonoticia_20160204150046_800.jpg 800w\" sizes=\"(max-width: 360px) 100vw, 360px\" \/>El aeropuerto Adolfo Su\u00e1rez Madrid-Barajas presenta la normalidad habitual a pesar de que un avi\u00f3n de la compa\u00f1\u00eda Saudian Arabian Airlines que part\u00eda desde Madrid a Riad ha motivado una alarma este jueves tras encontrar en su interior una amenaza de bomba.<\/p>\n<p>De hecho, la mayor\u00eda de los ciudadanos que se encontraban en Barajas este mediod\u00eda desconoc\u00eda la situaci\u00f3n de alerta, que inicialmente se ha decretado &#8216;general&#8217; y poco despu\u00e9s ha sido rebajada a alarma &#8216;local&#8217;. As\u00ed, predominaba la tranquilidad en el ambiente de la terminal 1, desde la que deb\u00eda despegar el avi\u00f3n, y en la terminal 4, lugar en el que sit\u00faa la pista remota a la que ha sido desplazado.<\/p>\n<p>\u00abLlevamos aqu\u00ed m\u00e1s de una hora esperando y no nos hemos enterado de nada\u00bb, han asegurado a Europa Press varios ciudadanos que estaban esperando la llegada de familiares y amigos en otros vuelos y que se han enterado de este incidente por los periodistas.<\/p>\n<p>En esta misma l\u00ednea se pronunciado un trabajador del aeropuerto, quien no ha visto \u00abning\u00fan despliegue especial\u00bb este jueves en Barajas. En este sentido, ha explicado que \u00abes habitual\u00bb que el despliegue policial var\u00ede a lo largo de un mismo d\u00eda. \u00abNo nos ha sorprendido\u00bb ha incidido.<\/p>\n<p>La alarma se ha decretado porque en el interior de la aeronave se ha encontrado una carta manuscrita en ingl\u00e9s, que se encontr\u00f3 clavada con un cuchillo en un monitor, con el siguiente texto: \u00abTIENE BOMBA 11:30H\u00bb, seg\u00fan han informado a Europa Press fuentes de la investigaci\u00f3n<\/p>\n<p>El comandante comunic\u00f3 el hallazgo al aeropuerto y a partir de ese momento se activ\u00f3 la alarma general, desviando el avi\u00f3n a una pista remota y desalojando a sus 97 pasajeros y 15 tripulantes.<\/p>\n","protected":false},"excerpt":{"rendered":"<p>El aeropuerto Adolfo Su\u00e1rez Madrid-Barajas presenta la normalidad habitual a pesar de que un avi\u00f3n de la compa\u00f1\u00eda Saudian Arabian Airlines que part\u00eda desde Madrid a Riad ha motivado una alarma este jueves tras encontrar en su interior una amenaza de bomba. De hecho, la mayor\u00eda de los ciudadanos que se encontraban en Barajas este<\/p>\n","protected":false},"author":1,"featured_media":63306,"comment_status":"open","ping_status":"closed","sticky":false,"template":"","format":"standard","meta":{"footnotes":""},"categories":[224],"tags":[],"class_list":{"0":"post-63305","1":"post","2":"type-post","3":"status-publish","4":"format-standard","5":"has-post-thumbnail","7":"category-noticias-actualidad"},"aioseo_notices":[],"aioseo_head":"\n\t\t<!-- All in One SEO Pro 4.9.6.1 - aioseo.com -->\n\t<meta name=\"description\" content=\"El aeropuerto Adolfo Su\u00e1rez Madrid-Barajas presenta la normalidad habitual a pesar de que un avi\u00f3n de la compa\u00f1\u00eda Saudian Arabian Airlines que part\u00eda desde Madrid a Riad ha motivado una alarma este jueves tras encontrar en su interior una amenaza de bomba. De hecho, la mayor\u00eda de los ciudadanos que se encontraban en Barajas este\" \/>\n\t<meta name=\"robots\" content=\"max-image-preview:large\" \/>\n\t<meta name=\"author\" content=\"admin\"\/>\n\t<meta name=\"google-site-verification\" content=\"UA-38556648-1\" \/>\n\t<meta name=\"keywords\" content=\"noticias y actualidad\" \/>\n\t<link rel=\"canonical\" href=\"https:\/\/eldigitaldeasturias.com\/magazine365\/normalidad-en-el-aeropuerto-madrid-barajas-pese-a-la-alerta-declarada-por-una-amenaza-en-un-avion\/\" \/>\n\t<meta name=\"generator\" content=\"All in One SEO Pro (AIOSEO) 4.9.6.1\" \/>\n\t\t<meta property=\"og:locale\" content=\"es_ES\" \/>\n\t\t<meta property=\"og:site_name\" content=\"El Digital de Asturias \u2013 Revista de ocio, turismo y estilo de vida\" \/>\n\t\t<meta property=\"og:type\" content=\"article\" \/>\n\t\t<meta property=\"og:title\" content=\"Normalidad en el aeropuerto Madrid-Barajas pese a la alerta declarada por una amenaza en un avi\u00f3n | El Digital de Asturias\" \/>\n\t\t<meta property=\"og:description\" content=\"El aeropuerto Adolfo Su\u00e1rez Madrid-Barajas presenta la normalidad habitual a pesar de que un avi\u00f3n de la compa\u00f1\u00eda Saudian Arabian Airlines que part\u00eda desde Madrid a Riad ha motivado una alarma este jueves tras encontrar en su interior una amenaza de bomba. De hecho, la mayor\u00eda de los ciudadanos que se encontraban en Barajas este\" \/>\n\t\t<meta property=\"og:url\" content=\"https:\/\/eldigitaldeasturias.com\/magazine365\/normalidad-en-el-aeropuerto-madrid-barajas-pese-a-la-alerta-declarada-por-una-amenaza-en-un-avion\/\" \/>\n\t\t<meta property=\"og:image\" content=\"https:\/\/eldigitaldeasturias.com\/magazine365\/wp-content\/uploads\/2016\/02\/fotonoticia_20160204150046_800.jpg\" \/>\n\t\t<meta property=\"og:image:secure_url\" content=\"https:\/\/eldigitaldeasturias.com\/magazine365\/wp-content\/uploads\/2016\/02\/fotonoticia_20160204150046_800.jpg\" \/>\n\t\t<meta property=\"og:image:width\" content=\"800\" \/>\n\t\t<meta property=\"og:image:height\" content=\"450\" \/>\n\t\t<meta property=\"article:published_time\" content=\"2016-02-06T20:08:52+00:00\" \/>\n\t\t<meta property=\"article:modified_time\" content=\"2016-02-06T20:08:52+00:00\" \/>\n\t\t<meta name=\"twitter:card\" content=\"summary_large_image\" \/>\n\t\t<meta name=\"twitter:title\" content=\"Normalidad en el aeropuerto Madrid-Barajas pese a la alerta declarada por una amenaza en un avi\u00f3n | El Digital de Asturias\" \/>\n\t\t<meta name=\"twitter:description\" content=\"El aeropuerto Adolfo Su\u00e1rez Madrid-Barajas presenta la normalidad habitual a pesar de que un avi\u00f3n de la compa\u00f1\u00eda Saudian Arabian Airlines que part\u00eda desde Madrid a Riad ha motivado una alarma este jueves tras encontrar en su interior una amenaza de bomba. De hecho, la mayor\u00eda de los ciudadanos que se encontraban en Barajas este\" \/>\n\t\t<meta name=\"twitter:image\" content=\"https:\/\/eldigitaldeasturias.com\/magazine365\/wp-content\/uploads\/2016\/02\/fotonoticia_20160204150046_800.jpg\" \/>\n\t\t<script type=\"application\/ld+json\" class=\"aioseo-schema\">\n\t\t\t{\"@context\":\"https:\\\/\\\/schema.org\",\"@graph\":[{\"@type\":\"Article\",\"@id\":\"https:\\\/\\\/eldigitaldeasturias.com\\\/magazine365\\\/normalidad-en-el-aeropuerto-madrid-barajas-pese-a-la-alerta-declarada-por-una-amenaza-en-un-avion\\\/#article\",\"name\":\"Normalidad en el aeropuerto Madrid-Barajas pese a la alerta declarada por una amenaza en un avi\\u00f3n | El Digital de Asturias\",\"headline\":\"Normalidad en el aeropuerto Madrid-Barajas pese a la alerta declarada por una amenaza en un avi\\u00f3n\",\"author\":{\"@id\":\"https:\\\/\\\/eldigitaldeasturias.com\\\/magazine365\\\/author\\\/admin\\\/#author\"},\"publisher\":{\"@id\":\"https:\\\/\\\/eldigitaldeasturias.com\\\/magazine365\\\/#organization\"},\"image\":{\"@type\":\"ImageObject\",\"url\":\"https:\\\/\\\/eldigitaldeasturias.com\\\/magazine365\\\/wp-content\\\/uploads\\\/2016\\\/02\\\/fotonoticia_20160204150046_800.jpg\",\"width\":800,\"height\":450},\"datePublished\":\"2016-02-06T21:08:52+01:00\",\"dateModified\":\"2016-02-06T21:08:52+01:00\",\"inLanguage\":\"es-ES\",\"mainEntityOfPage\":{\"@id\":\"https:\\\/\\\/eldigitaldeasturias.com\\\/magazine365\\\/normalidad-en-el-aeropuerto-madrid-barajas-pese-a-la-alerta-declarada-por-una-amenaza-en-un-avion\\\/#webpage\"},\"isPartOf\":{\"@id\":\"https:\\\/\\\/eldigitaldeasturias.com\\\/magazine365\\\/normalidad-en-el-aeropuerto-madrid-barajas-pese-a-la-alerta-declarada-por-una-amenaza-en-un-avion\\\/#webpage\"},\"articleSection\":\"Noticias y Actualidad\"},{\"@type\":\"BreadcrumbList\",\"@id\":\"https:\\\/\\\/eldigitaldeasturias.com\\\/magazine365\\\/normalidad-en-el-aeropuerto-madrid-barajas-pese-a-la-alerta-declarada-por-una-amenaza-en-un-avion\\\/#breadcrumblist\",\"itemListElement\":[{\"@type\":\"ListItem\",\"@id\":\"https:\\\/\\\/eldigitaldeasturias.com\\\/magazine365#listItem\",\"position\":1,\"name\":\"Home\",\"item\":\"https:\\\/\\\/eldigitaldeasturias.com\\\/magazine365\",\"nextItem\":{\"@type\":\"ListItem\",\"@id\":\"https:\\\/\\\/eldigitaldeasturias.com\\\/magazine365\\\/category\\\/noticias-actualidad\\\/#listItem\",\"name\":\"Noticias y Actualidad\"}},{\"@type\":\"ListItem\",\"@id\":\"https:\\\/\\\/eldigitaldeasturias.com\\\/magazine365\\\/category\\\/noticias-actualidad\\\/#listItem\",\"position\":2,\"name\":\"Noticias y Actualidad\",\"item\":\"https:\\\/\\\/eldigitaldeasturias.com\\\/magazine365\\\/category\\\/noticias-actualidad\\\/\",\"nextItem\":{\"@type\":\"ListItem\",\"@id\":\"https:\\\/\\\/eldigitaldeasturias.com\\\/magazine365\\\/normalidad-en-el-aeropuerto-madrid-barajas-pese-a-la-alerta-declarada-por-una-amenaza-en-un-avion\\\/#listItem\",\"name\":\"Normalidad en el aeropuerto Madrid-Barajas pese a la alerta declarada por una amenaza en un avi\\u00f3n\"},\"previousItem\":{\"@type\":\"ListItem\",\"@id\":\"https:\\\/\\\/eldigitaldeasturias.com\\\/magazine365#listItem\",\"name\":\"Home\"}},{\"@type\":\"ListItem\",\"@id\":\"https:\\\/\\\/eldigitaldeasturias.com\\\/magazine365\\\/normalidad-en-el-aeropuerto-madrid-barajas-pese-a-la-alerta-declarada-por-una-amenaza-en-un-avion\\\/#listItem\",\"position\":3,\"name\":\"Normalidad en el aeropuerto Madrid-Barajas pese a la alerta declarada por una amenaza en un avi\\u00f3n\",\"previousItem\":{\"@type\":\"ListItem\",\"@id\":\"https:\\\/\\\/eldigitaldeasturias.com\\\/magazine365\\\/category\\\/noticias-actualidad\\\/#listItem\",\"name\":\"Noticias y Actualidad\"}}]},{\"@type\":\"Organization\",\"@id\":\"https:\\\/\\\/eldigitaldeasturias.com\\\/magazine365\\\/#organization\",\"name\":\"El digital de Asturias\",\"description\":\"Revista de ocio, turismo y estilo de vida\",\"url\":\"https:\\\/\\\/eldigitaldeasturias.com\\\/magazine365\\\/\",\"logo\":{\"@type\":\"ImageObject\",\"url\":\"https:\\\/\\\/www.eldigitaldeasturias.com\\\/noticias\\\/wp-content\\\/uploads\\\/2020\\\/12\\\/EDA.jpg\",\"@id\":\"https:\\\/\\\/eldigitaldeasturias.com\\\/magazine365\\\/normalidad-en-el-aeropuerto-madrid-barajas-pese-a-la-alerta-declarada-por-una-amenaza-en-un-avion\\\/#organizationLogo\"},\"image\":{\"@id\":\"https:\\\/\\\/eldigitaldeasturias.com\\\/magazine365\\\/normalidad-en-el-aeropuerto-madrid-barajas-pese-a-la-alerta-declarada-por-una-amenaza-en-un-avion\\\/#organizationLogo\"}},{\"@type\":\"Person\",\"@id\":\"https:\\\/\\\/eldigitaldeasturias.com\\\/magazine365\\\/author\\\/admin\\\/#author\",\"url\":\"https:\\\/\\\/eldigitaldeasturias.com\\\/magazine365\\\/author\\\/admin\\\/\",\"name\":\"admin\",\"image\":{\"@type\":\"ImageObject\",\"@id\":\"https:\\\/\\\/eldigitaldeasturias.com\\\/magazine365\\\/normalidad-en-el-aeropuerto-madrid-barajas-pese-a-la-alerta-declarada-por-una-amenaza-en-un-avion\\\/#authorImage\",\"url\":\"https:\\\/\\\/eldigitaldeasturias.com\\\/magazine365\\\/wp-content\\\/litespeed\\\/avatar\\\/e571bcf59a0edd6fa6838245a470f2fe.jpg?ver=1776969259\",\"width\":96,\"height\":96,\"caption\":\"admin\"}},{\"@type\":\"WebPage\",\"@id\":\"https:\\\/\\\/eldigitaldeasturias.com\\\/magazine365\\\/normalidad-en-el-aeropuerto-madrid-barajas-pese-a-la-alerta-declarada-por-una-amenaza-en-un-avion\\\/#webpage\",\"url\":\"https:\\\/\\\/eldigitaldeasturias.com\\\/magazine365\\\/normalidad-en-el-aeropuerto-madrid-barajas-pese-a-la-alerta-declarada-por-una-amenaza-en-un-avion\\\/\",\"name\":\"Normalidad en el aeropuerto Madrid-Barajas pese a la alerta declarada por una amenaza en un avi\\u00f3n | El Digital de Asturias\",\"description\":\"El aeropuerto Adolfo Su\\u00e1rez Madrid-Barajas presenta la normalidad habitual a pesar de que un avi\\u00f3n de la compa\\u00f1\\u00eda Saudian Arabian Airlines que part\\u00eda desde Madrid a Riad ha motivado una alarma este jueves tras encontrar en su interior una amenaza de bomba. De hecho, la mayor\\u00eda de los ciudadanos que se encontraban en Barajas este\",\"inLanguage\":\"es-ES\",\"isPartOf\":{\"@id\":\"https:\\\/\\\/eldigitaldeasturias.com\\\/magazine365\\\/#website\"},\"breadcrumb\":{\"@id\":\"https:\\\/\\\/eldigitaldeasturias.com\\\/magazine365\\\/normalidad-en-el-aeropuerto-madrid-barajas-pese-a-la-alerta-declarada-por-una-amenaza-en-un-avion\\\/#breadcrumblist\"},\"author\":{\"@id\":\"https:\\\/\\\/eldigitaldeasturias.com\\\/magazine365\\\/author\\\/admin\\\/#author\"},\"creator\":{\"@id\":\"https:\\\/\\\/eldigitaldeasturias.com\\\/magazine365\\\/author\\\/admin\\\/#author\"},\"image\":{\"@type\":\"ImageObject\",\"url\":\"https:\\\/\\\/eldigitaldeasturias.com\\\/magazine365\\\/wp-content\\\/uploads\\\/2016\\\/02\\\/fotonoticia_20160204150046_800.jpg\",\"@id\":\"https:\\\/\\\/eldigitaldeasturias.com\\\/magazine365\\\/normalidad-en-el-aeropuerto-madrid-barajas-pese-a-la-alerta-declarada-por-una-amenaza-en-un-avion\\\/#mainImage\",\"width\":800,\"height\":450},\"primaryImageOfPage\":{\"@id\":\"https:\\\/\\\/eldigitaldeasturias.com\\\/magazine365\\\/normalidad-en-el-aeropuerto-madrid-barajas-pese-a-la-alerta-declarada-por-una-amenaza-en-un-avion\\\/#mainImage\"},\"datePublished\":\"2016-02-06T21:08:52+01:00\",\"dateModified\":\"2016-02-06T21:08:52+01:00\"},{\"@type\":\"WebSite\",\"@id\":\"https:\\\/\\\/eldigitaldeasturias.com\\\/magazine365\\\/#website\",\"url\":\"https:\\\/\\\/eldigitaldeasturias.com\\\/magazine365\\\/\",\"name\":\"El Digital de Asturias\",\"description\":\"Revista de ocio, turismo y estilo de vida\",\"inLanguage\":\"es-ES\",\"publisher\":{\"@id\":\"https:\\\/\\\/eldigitaldeasturias.com\\\/magazine365\\\/#organization\"}}]}\n\t\t<\/script>\n\t\t<!-- All in One SEO Pro -->\r\n\t\t<title>Normalidad en el aeropuerto Madrid-Barajas pese a la alerta declarada por una amenaza en un avi\u00f3n | El Digital de Asturias<\/title>\n\n","aioseo_head_json":{"title":"Normalidad en el aeropuerto Madrid-Barajas pese a la alerta declarada por una amenaza en un avi\u00f3n | El Digital de Asturias","description":"El aeropuerto Adolfo Su\u00e1rez Madrid-Barajas presenta la normalidad habitual a pesar de que un avi\u00f3n de la compa\u00f1\u00eda Saudian Arabian Airlines que part\u00eda desde Madrid a Riad ha motivado una alarma este jueves tras encontrar en su interior una amenaza de bomba. De hecho, la mayor\u00eda de los ciudadanos que se encontraban en Barajas este","canonical_url":"https:\/\/eldigitaldeasturias.com\/magazine365\/normalidad-en-el-aeropuerto-madrid-barajas-pese-a-la-alerta-declarada-por-una-amenaza-en-un-avion\/","robots":"max-image-preview:large","keywords":"noticias y actualidad","webmasterTools":{"google-site-verification":"UA-38556648-1","miscellaneous":""},"schema":{"@context":"https:\/\/schema.org","@graph":[{"@type":"Article","@id":"https:\/\/eldigitaldeasturias.com\/magazine365\/normalidad-en-el-aeropuerto-madrid-barajas-pese-a-la-alerta-declarada-por-una-amenaza-en-un-avion\/#article","name":"Normalidad en el aeropuerto Madrid-Barajas pese a la alerta declarada por una amenaza en un avi\u00f3n | El Digital de Asturias","headline":"Normalidad en el aeropuerto Madrid-Barajas pese a la alerta declarada por una amenaza en un avi\u00f3n","author":{"@id":"https:\/\/eldigitaldeasturias.com\/magazine365\/author\/admin\/#author"},"publisher":{"@id":"https:\/\/eldigitaldeasturias.com\/magazine365\/#organization"},"image":{"@type":"ImageObject","url":"https:\/\/eldigitaldeasturias.com\/magazine365\/wp-content\/uploads\/2016\/02\/fotonoticia_20160204150046_800.jpg","width":800,"height":450},"datePublished":"2016-02-06T21:08:52+01:00","dateModified":"2016-02-06T21:08:52+01:00","inLanguage":"es-ES","mainEntityOfPage":{"@id":"https:\/\/eldigitaldeasturias.com\/magazine365\/normalidad-en-el-aeropuerto-madrid-barajas-pese-a-la-alerta-declarada-por-una-amenaza-en-un-avion\/#webpage"},"isPartOf":{"@id":"https:\/\/eldigitaldeasturias.com\/magazine365\/normalidad-en-el-aeropuerto-madrid-barajas-pese-a-la-alerta-declarada-por-una-amenaza-en-un-avion\/#webpage"},"articleSection":"Noticias y Actualidad"},{"@type":"BreadcrumbList","@id":"https:\/\/eldigitaldeasturias.com\/magazine365\/normalidad-en-el-aeropuerto-madrid-barajas-pese-a-la-alerta-declarada-por-una-amenaza-en-un-avion\/#breadcrumblist","itemListElement":[{"@type":"ListItem","@id":"https:\/\/eldigitaldeasturias.com\/magazine365#listItem","position":1,"name":"Home","item":"https:\/\/eldigitaldeasturias.com\/magazine365","nextItem":{"@type":"ListItem","@id":"https:\/\/eldigitaldeasturias.com\/magazine365\/category\/noticias-actualidad\/#listItem","name":"Noticias y Actualidad"}},{"@type":"ListItem","@id":"https:\/\/eldigitaldeasturias.com\/magazine365\/category\/noticias-actualidad\/#listItem","position":2,"name":"Noticias y Actualidad","item":"https:\/\/eldigitaldeasturias.com\/magazine365\/category\/noticias-actualidad\/","nextItem":{"@type":"ListItem","@id":"https:\/\/eldigitaldeasturias.com\/magazine365\/normalidad-en-el-aeropuerto-madrid-barajas-pese-a-la-alerta-declarada-por-una-amenaza-en-un-avion\/#listItem","name":"Normalidad en el aeropuerto Madrid-Barajas pese a la alerta declarada por una amenaza en un avi\u00f3n"},"previousItem":{"@type":"ListItem","@id":"https:\/\/eldigitaldeasturias.com\/magazine365#listItem","name":"Home"}},{"@type":"ListItem","@id":"https:\/\/eldigitaldeasturias.com\/magazine365\/normalidad-en-el-aeropuerto-madrid-barajas-pese-a-la-alerta-declarada-por-una-amenaza-en-un-avion\/#listItem","position":3,"name":"Normalidad en el aeropuerto Madrid-Barajas pese a la alerta declarada por una amenaza en un avi\u00f3n","previousItem":{"@type":"ListItem","@id":"https:\/\/eldigitaldeasturias.com\/magazine365\/category\/noticias-actualidad\/#listItem","name":"Noticias y Actualidad"}}]},{"@type":"Organization","@id":"https:\/\/eldigitaldeasturias.com\/magazine365\/#organization","name":"El digital de Asturias","description":"Revista de ocio, turismo y estilo de vida","url":"https:\/\/eldigitaldeasturias.com\/magazine365\/","logo":{"@type":"ImageObject","url":"https:\/\/www.eldigitaldeasturias.com\/noticias\/wp-content\/uploads\/2020\/12\/EDA.jpg","@id":"https:\/\/eldigitaldeasturias.com\/magazine365\/normalidad-en-el-aeropuerto-madrid-barajas-pese-a-la-alerta-declarada-por-una-amenaza-en-un-avion\/#organizationLogo"},"image":{"@id":"https:\/\/eldigitaldeasturias.com\/magazine365\/normalidad-en-el-aeropuerto-madrid-barajas-pese-a-la-alerta-declarada-por-una-amenaza-en-un-avion\/#organizationLogo"}},{"@type":"Person","@id":"https:\/\/eldigitaldeasturias.com\/magazine365\/author\/admin\/#author","url":"https:\/\/eldigitaldeasturias.com\/magazine365\/author\/admin\/","name":"admin","image":{"@type":"ImageObject","@id":"https:\/\/eldigitaldeasturias.com\/magazine365\/normalidad-en-el-aeropuerto-madrid-barajas-pese-a-la-alerta-declarada-por-una-amenaza-en-un-avion\/#authorImage","url":"https:\/\/eldigitaldeasturias.com\/magazine365\/wp-content\/litespeed\/avatar\/e571bcf59a0edd6fa6838245a470f2fe.jpg?ver=1776969259","width":96,"height":96,"caption":"admin"}},{"@type":"WebPage","@id":"https:\/\/eldigitaldeasturias.com\/magazine365\/normalidad-en-el-aeropuerto-madrid-barajas-pese-a-la-alerta-declarada-por-una-amenaza-en-un-avion\/#webpage","url":"https:\/\/eldigitaldeasturias.com\/magazine365\/normalidad-en-el-aeropuerto-madrid-barajas-pese-a-la-alerta-declarada-por-una-amenaza-en-un-avion\/","name":"Normalidad en el aeropuerto Madrid-Barajas pese a la alerta declarada por una amenaza en un avi\u00f3n | El Digital de Asturias","description":"El aeropuerto Adolfo Su\u00e1rez Madrid-Barajas presenta la normalidad habitual a pesar de que un avi\u00f3n de la compa\u00f1\u00eda Saudian Arabian Airlines que part\u00eda desde Madrid a Riad ha motivado una alarma este jueves tras encontrar en su interior una amenaza de bomba. De hecho, la mayor\u00eda de los ciudadanos que se encontraban en Barajas este","inLanguage":"es-ES","isPartOf":{"@id":"https:\/\/eldigitaldeasturias.com\/magazine365\/#website"},"breadcrumb":{"@id":"https:\/\/eldigitaldeasturias.com\/magazine365\/normalidad-en-el-aeropuerto-madrid-barajas-pese-a-la-alerta-declarada-por-una-amenaza-en-un-avion\/#breadcrumblist"},"author":{"@id":"https:\/\/eldigitaldeasturias.com\/magazine365\/author\/admin\/#author"},"creator":{"@id":"https:\/\/eldigitaldeasturias.com\/magazine365\/author\/admin\/#author"},"image":{"@type":"ImageObject","url":"https:\/\/eldigitaldeasturias.com\/magazine365\/wp-content\/uploads\/2016\/02\/fotonoticia_20160204150046_800.jpg","@id":"https:\/\/eldigitaldeasturias.com\/magazine365\/normalidad-en-el-aeropuerto-madrid-barajas-pese-a-la-alerta-declarada-por-una-amenaza-en-un-avion\/#mainImage","width":800,"height":450},"primaryImageOfPage":{"@id":"https:\/\/eldigitaldeasturias.com\/magazine365\/normalidad-en-el-aeropuerto-madrid-barajas-pese-a-la-alerta-declarada-por-una-amenaza-en-un-avion\/#mainImage"},"datePublished":"2016-02-06T21:08:52+01:00","dateModified":"2016-02-06T21:08:52+01:00"},{"@type":"WebSite","@id":"https:\/\/eldigitaldeasturias.com\/magazine365\/#website","url":"https:\/\/eldigitaldeasturias.com\/magazine365\/","name":"El Digital de Asturias","description":"Revista de ocio, turismo y estilo de vida","inLanguage":"es-ES","publisher":{"@id":"https:\/\/eldigitaldeasturias.com\/magazine365\/#organization"}}]},"og:locale":"es_ES","og:site_name":"El Digital de Asturias \u2013 Revista de ocio, turismo y estilo de vida","og:type":"article","og:title":"Normalidad en el aeropuerto Madrid-Barajas pese a la alerta declarada por una amenaza en un avi\u00f3n | El Digital de Asturias","og:description":"El aeropuerto Adolfo Su\u00e1rez Madrid-Barajas presenta la normalidad habitual a pesar de que un avi\u00f3n de la compa\u00f1\u00eda Saudian Arabian Airlines que part\u00eda desde Madrid a Riad ha motivado una alarma este jueves tras encontrar en su interior una amenaza de bomba. De hecho, la mayor\u00eda de los ciudadanos que se encontraban en Barajas este","og:url":"https:\/\/eldigitaldeasturias.com\/magazine365\/normalidad-en-el-aeropuerto-madrid-barajas-pese-a-la-alerta-declarada-por-una-amenaza-en-un-avion\/","og:image":"https:\/\/eldigitaldeasturias.com\/magazine365\/wp-content\/uploads\/2016\/02\/fotonoticia_20160204150046_800.jpg","og:image:secure_url":"https:\/\/eldigitaldeasturias.com\/magazine365\/wp-content\/uploads\/2016\/02\/fotonoticia_20160204150046_800.jpg","og:image:width":800,"og:image:height":450,"article:published_time":"2016-02-06T20:08:52+00:00","article:modified_time":"2016-02-06T20:08:52+00:00","twitter:card":"summary_large_image","twitter:title":"Normalidad en el aeropuerto Madrid-Barajas pese a la alerta declarada por una amenaza en un avi\u00f3n | El Digital de Asturias","twitter:description":"El aeropuerto Adolfo Su\u00e1rez Madrid-Barajas presenta la normalidad habitual a pesar de que un avi\u00f3n de la compa\u00f1\u00eda Saudian Arabian Airlines que part\u00eda desde Madrid a Riad ha motivado una alarma este jueves tras encontrar en su interior una amenaza de bomba. De hecho, la mayor\u00eda de los ciudadanos que se encontraban en Barajas este","twitter:image":"https:\/\/eldigitaldeasturias.com\/magazine365\/wp-content\/uploads\/2016\/02\/fotonoticia_20160204150046_800.jpg"},"aioseo_meta_data":{"post_id":"63305","title":null,"description":null,"keywords":null,"keyphrases":null,"primary_term":null,"canonical_url":null,"og_title":null,"og_description":null,"og_object_type":"default","og_image_type":"default","og_image_url":null,"og_image_width":null,"og_image_height":null,"og_image_custom_url":null,"og_image_custom_fields":null,"og_video":null,"og_custom_url":null,"og_article_section":null,"og_article_tags":null,"twitter_use_og":false,"twitter_card":"default","twitter_image_type":"default","twitter_image_url":null,"twitter_image_custom_url":null,"twitter_image_custom_fields":null,"twitter_title":null,"twitter_description":null,"schema":{"blockGraphs":[],"customGraphs":[],"default":{"data":{"Article":[],"Course":[],"Dataset":[],"FAQPage":[],"Movie":[],"Person":[],"Product":[],"ProductReview":[],"Car":[],"Recipe":[],"Service":[],"SoftwareApplication":[],"WebPage":[]},"graphName":"","isEnabled":true},"graphs":[],"defaultGraph":"","defaultPostTypeGraph":""},"schema_type":null,"schema_type_options":null,"pillar_content":false,"robots_default":true,"robots_noindex":false,"robots_noarchive":false,"robots_nosnippet":false,"robots_nofollow":false,"robots_noimageindex":false,"robots_noodp":false,"robots_notranslate":false,"robots_max_snippet":null,"robots_max_videopreview":null,"robots_max_imagepreview":"large","priority":null,"frequency":null,"location":null,"local_seo":null,"seo_analyzer_scan_date":"2025-09-25 12:53:00","breadcrumb_settings":null,"limit_modified_date":false,"open_ai":null,"ai":null,"created":"2021-03-08 21:24:41","updated":"2025-09-25 12:53:00"},"aioseo_breadcrumb":"<div class=\"aioseo-breadcrumbs\"><span class=\"aioseo-breadcrumb\">\n\t<a href=\"https:\/\/eldigitaldeasturias.com\/magazine365\" title=\"Home\">Home<\/a>\n<\/span><span class=\"aioseo-breadcrumb-separator\">\u2013<\/span><span class=\"aioseo-breadcrumb\">\n\t<a href=\"https:\/\/eldigitaldeasturias.com\/magazine365\/category\/noticias-actualidad\/\" title=\"Noticias y Actualidad\">Noticias y Actualidad<\/a>\n<\/span><span class=\"aioseo-breadcrumb-separator\">\u2013<\/span><span class=\"aioseo-breadcrumb\">\n\t<a href=\"https:\/\/eldigitaldeasturias.com\/magazine365\/normalidad-en-el-aeropuerto-madrid-barajas-pese-a-la-alerta-declarada-por-una-amenaza-en-un-avion\/\" title=\"Normalidad en el aeropuerto Madrid-Barajas pese a la alerta declarada por una amenaza en un avi\u00f3n\">Normalidad en el aeropuerto Madrid-Barajas pese a la alerta declarada por una amenaza en un avi\u00f3n<\/a>\n<\/span><\/div>","aioseo_breadcrumb_json":[{"label":"Home","link":"https:\/\/eldigitaldeasturias.com\/magazine365"},{"label":"Noticias y Actualidad","link":"https:\/\/eldigitaldeasturias.com\/magazine365\/category\/noticias-actualidad\/"},{"label":"Normalidad en el aeropuerto Madrid-Barajas pese a la alerta declarada por una amenaza en un avi\u00f3n","link":"https:\/\/eldigitaldeasturias.com\/magazine365\/normalidad-en-el-aeropuerto-madrid-barajas-pese-a-la-alerta-declarada-por-una-amenaza-en-un-avion\/"}],"_links":{"self":[{"href":"https:\/\/eldigitaldeasturias.com\/magazine365\/wp-json\/wp\/v2\/posts\/63305","targetHints":{"allow":["GET"]}}],"collection":[{"href":"https:\/\/eldigitaldeasturias.com\/magazine365\/wp-json\/wp\/v2\/posts"}],"about":[{"href":"https:\/\/eldigitaldeasturias.com\/magazine365\/wp-json\/wp\/v2\/types\/post"}],"author":[{"embeddable":true,"href":"https:\/\/eldigitaldeasturias.com\/magazine365\/wp-json\/wp\/v2\/users\/1"}],"replies":[{"embeddable":true,"href":"https:\/\/eldigitaldeasturias.com\/magazine365\/wp-json\/wp\/v2\/comments?post=63305"}],"version-history":[{"count":0,"href":"https:\/\/eldigitaldeasturias.com\/magazine365\/wp-json\/wp\/v2\/posts\/63305\/revisions"}],"wp:featuredmedia":[{"embeddable":true,"href":"https:\/\/eldigitaldeasturias.com\/magazine365\/wp-json\/wp\/v2\/media\/63306"}],"wp:attachment":[{"href":"https:\/\/eldigitaldeasturias.com\/magazine365\/wp-json\/wp\/v2\/media?parent=63305"}],"wp:term":[{"taxonomy":"category","embeddable":true,"href":"https:\/\/eldigitaldeasturias.com\/magazine365\/wp-json\/wp\/v2\/categories?post=63305"},{"taxonomy":"post_tag","embeddable":true,"href":"https:\/\/eldigitaldeasturias.com\/magazine365\/wp-json\/wp\/v2\/tags?post=63305"}],"curies":[{"name":"wp","href":"https:\/\/api.w.org\/{rel}","templated":true}]}}