{"id":63275,"date":"2016-02-06T20:39:19","date_gmt":"2016-02-06T19:39:19","guid":{"rendered":"http:\/\/eldigitaldeasturias.com\/magazine365\/?p=63275"},"modified":"2016-02-06T20:39:19","modified_gmt":"2016-02-06T19:39:19","slug":"el-balneario-extremeno-el-raposo-abre-sus-puertas-el-8-de-febrero","status":"publish","type":"post","link":"https:\/\/eldigitaldeasturias.com\/magazine365\/el-balneario-extremeno-el-raposo-abre-sus-puertas-el-8-de-febrero\/","title":{"rendered":"El balneario extreme\u00f1o El Raposo abre sus puertas el 8 de febrero"},"content":{"rendered":"<p><img fetchpriority=\"high\" decoding=\"async\" class=\"alignleft size-medium wp-image-63276\" src=\"https:\/\/eldigitaldeasturias.com\/magazine365\/wp-content\/uploads\/2016\/02\/fotonoticia_20160204120644_800-300x300.jpg\" alt=\"fotonoticia_20160204120644_800\" width=\"300\" height=\"300\" srcset=\"https:\/\/eldigitaldeasturias.com\/magazine365\/wp-content\/uploads\/2016\/02\/fotonoticia_20160204120644_800-300x300.jpg 300w, https:\/\/eldigitaldeasturias.com\/magazine365\/wp-content\/uploads\/2016\/02\/fotonoticia_20160204120644_800-640x640.jpg 640w, https:\/\/eldigitaldeasturias.com\/magazine365\/wp-content\/uploads\/2016\/02\/fotonoticia_20160204120644_800-768x768.jpg 768w, https:\/\/eldigitaldeasturias.com\/magazine365\/wp-content\/uploads\/2016\/02\/fotonoticia_20160204120644_800-150x150.jpg 150w, https:\/\/eldigitaldeasturias.com\/magazine365\/wp-content\/uploads\/2016\/02\/fotonoticia_20160204120644_800-450x450.jpg 450w, https:\/\/eldigitaldeasturias.com\/magazine365\/wp-content\/uploads\/2016\/02\/fotonoticia_20160204120644_800-696x696.jpg 696w, https:\/\/eldigitaldeasturias.com\/magazine365\/wp-content\/uploads\/2016\/02\/fotonoticia_20160204120644_800-420x420.jpg 420w, https:\/\/eldigitaldeasturias.com\/magazine365\/wp-content\/uploads\/2016\/02\/fotonoticia_20160204120644_800-50x50.jpg 50w, https:\/\/eldigitaldeasturias.com\/magazine365\/wp-content\/uploads\/2016\/02\/fotonoticia_20160204120644_800-301x300.jpg 301w, https:\/\/eldigitaldeasturias.com\/magazine365\/wp-content\/uploads\/2016\/02\/fotonoticia_20160204120644_800-135x135.jpg 135w, https:\/\/eldigitaldeasturias.com\/magazine365\/wp-content\/uploads\/2016\/02\/fotonoticia_20160204120644_800-100x100.jpg 100w, https:\/\/eldigitaldeasturias.com\/magazine365\/wp-content\/uploads\/2016\/02\/fotonoticia_20160204120644_800.jpg 800w\" sizes=\"(max-width: 300px) 100vw, 300px\" \/>El balneario extreme\u00f1o El Raposo ser\u00e1 el primero en inaugurar el pr\u00f3ximo lunes, 8 de febrero, la temporada termal en la comunidad aut\u00f3noma y tambi\u00e9n ser\u00e1 de los aventajados en hacerlo a nivel nacional.<\/p>\n<p>El director de Explotaci\u00f3n del Raposo, \u00c1lvaro Cort\u00e9s, ha indicado que conf\u00eda en superar los resultados alcanzados en 2015 puesto que las cifras muestran que \u00abse est\u00e1n obteniendo los mejores resultados de los \u00faltimos a\u00f1os\u00bb.<\/p>\n<p>El Raposo es uno de los seis centros termales especializados en aguas mineromedicinales, de apreciadas propiedades beneficiosas para la salud de la marca Extremadura Termal y ubicado en la localidad pacense de Puebla de Sancho P\u00e9rez.<\/p>\n<p>Seg\u00fan ha informado en nota de prensa El Raposo, el balneario sigue a la cabeza como uno de los espacios termales en los que se aplican lodos naturales, muy indicados para las dolencias del aparato locomotor.<\/p>\n<p>Las envolturas y el empleo de t\u00e9cnicas de relajaci\u00f3n, procedentes de la India o China, se complementan con algunas de las actividades que ofrece como clases de matronataci\u00f3n y cursos de verano para los m\u00e1s peque\u00f1os de la casa.<\/p>\n<p>De igual modo, ampl\u00eda su unidad de negocio con la producci\u00f3n de plantas ecol\u00f3gicas o la posibilidad de celebrar cualquier tipo de evento de car\u00e1cter familiar o profesional, entre otras acciones.<\/p>\n<p>\u00abAqu\u00ed se compaginan las tecnolog\u00edas y terapias m\u00e1s avanzadas para aplicar tratamientos que aporten un mayor bienestar a sus usuarios procedentes de toda Espa\u00f1a y entre los que destacan no solo personas mayores, sino que cada vez es m\u00e1s habitual ver por aqu\u00ed a parejas que vienen a pasar un fin de semana de relax e incluso a familias completas\u00bb, ha se\u00f1alado Cort\u00e9s.<\/p>\n","protected":false},"excerpt":{"rendered":"<p>El balneario extreme\u00f1o El Raposo ser\u00e1 el primero en inaugurar el pr\u00f3ximo lunes, 8 de febrero, la temporada termal en la comunidad aut\u00f3noma y tambi\u00e9n ser\u00e1 de los aventajados en hacerlo a nivel nacional. El director de Explotaci\u00f3n del Raposo, \u00c1lvaro Cort\u00e9s, ha indicado que conf\u00eda en superar los resultados alcanzados en 2015 puesto que<\/p>\n","protected":false},"author":1,"featured_media":63276,"comment_status":"open","ping_status":"closed","sticky":false,"template":"","format":"standard","meta":{"footnotes":""},"categories":[224],"tags":[],"class_list":{"0":"post-63275","1":"post","2":"type-post","3":"status-publish","4":"format-standard","5":"has-post-thumbnail","7":"category-noticias-actualidad"},"aioseo_notices":[],"aioseo_head":"\n\t\t<!-- All in One SEO Pro 4.9.6.1 - aioseo.com -->\n\t<meta name=\"description\" content=\"El balneario extreme\u00f1o El Raposo ser\u00e1 el primero en inaugurar el pr\u00f3ximo lunes, 8 de febrero, la temporada termal en la comunidad aut\u00f3noma y tambi\u00e9n ser\u00e1 de los aventajados en hacerlo a nivel nacional. El director de Explotaci\u00f3n del Raposo, \u00c1lvaro Cort\u00e9s, ha indicado que conf\u00eda en superar los resultados alcanzados en 2015 puesto que\" \/>\n\t<meta name=\"robots\" content=\"max-image-preview:large\" \/>\n\t<meta name=\"author\" content=\"admin\"\/>\n\t<meta name=\"google-site-verification\" content=\"UA-38556648-1\" \/>\n\t<meta name=\"keywords\" content=\"noticias y actualidad\" \/>\n\t<link rel=\"canonical\" href=\"https:\/\/eldigitaldeasturias.com\/magazine365\/el-balneario-extremeno-el-raposo-abre-sus-puertas-el-8-de-febrero\/\" \/>\n\t<meta name=\"generator\" content=\"All in One SEO Pro (AIOSEO) 4.9.6.1\" \/>\n\t\t<meta property=\"og:locale\" content=\"es_ES\" \/>\n\t\t<meta property=\"og:site_name\" content=\"El Digital de Asturias \u2013 Revista de ocio, turismo y estilo de vida\" \/>\n\t\t<meta property=\"og:type\" content=\"article\" \/>\n\t\t<meta property=\"og:title\" content=\"El balneario extreme\u00f1o El Raposo abre sus puertas el 8 de febrero | El Digital de Asturias\" \/>\n\t\t<meta property=\"og:description\" content=\"El balneario extreme\u00f1o El Raposo ser\u00e1 el primero en inaugurar el pr\u00f3ximo lunes, 8 de febrero, la temporada termal en la comunidad aut\u00f3noma y tambi\u00e9n ser\u00e1 de los aventajados en hacerlo a nivel nacional. El director de Explotaci\u00f3n del Raposo, \u00c1lvaro Cort\u00e9s, ha indicado que conf\u00eda en superar los resultados alcanzados en 2015 puesto que\" \/>\n\t\t<meta property=\"og:url\" content=\"https:\/\/eldigitaldeasturias.com\/magazine365\/el-balneario-extremeno-el-raposo-abre-sus-puertas-el-8-de-febrero\/\" \/>\n\t\t<meta property=\"og:image\" content=\"https:\/\/eldigitaldeasturias.com\/magazine365\/wp-content\/uploads\/2016\/02\/fotonoticia_20160204120644_800.jpg\" \/>\n\t\t<meta property=\"og:image:secure_url\" content=\"https:\/\/eldigitaldeasturias.com\/magazine365\/wp-content\/uploads\/2016\/02\/fotonoticia_20160204120644_800.jpg\" \/>\n\t\t<meta property=\"og:image:width\" content=\"800\" \/>\n\t\t<meta property=\"og:image:height\" content=\"800\" \/>\n\t\t<meta property=\"article:published_time\" content=\"2016-02-06T19:39:19+00:00\" \/>\n\t\t<meta property=\"article:modified_time\" content=\"2016-02-06T19:39:19+00:00\" \/>\n\t\t<meta name=\"twitter:card\" content=\"summary_large_image\" \/>\n\t\t<meta name=\"twitter:title\" content=\"El balneario extreme\u00f1o El Raposo abre sus puertas el 8 de febrero | El Digital de Asturias\" \/>\n\t\t<meta name=\"twitter:description\" content=\"El balneario extreme\u00f1o El Raposo ser\u00e1 el primero en inaugurar el pr\u00f3ximo lunes, 8 de febrero, la temporada termal en la comunidad aut\u00f3noma y tambi\u00e9n ser\u00e1 de los aventajados en hacerlo a nivel nacional. El director de Explotaci\u00f3n del Raposo, \u00c1lvaro Cort\u00e9s, ha indicado que conf\u00eda en superar los resultados alcanzados en 2015 puesto que\" \/>\n\t\t<meta name=\"twitter:image\" content=\"https:\/\/eldigitaldeasturias.com\/magazine365\/wp-content\/uploads\/2016\/02\/fotonoticia_20160204120644_800.jpg\" \/>\n\t\t<script type=\"application\/ld+json\" class=\"aioseo-schema\">\n\t\t\t{\"@context\":\"https:\\\/\\\/schema.org\",\"@graph\":[{\"@type\":\"Article\",\"@id\":\"https:\\\/\\\/eldigitaldeasturias.com\\\/magazine365\\\/el-balneario-extremeno-el-raposo-abre-sus-puertas-el-8-de-febrero\\\/#article\",\"name\":\"El balneario extreme\\u00f1o El Raposo abre sus puertas el 8 de febrero | El Digital de Asturias\",\"headline\":\"El balneario extreme\\u00f1o El Raposo abre sus puertas el 8 de febrero\",\"author\":{\"@id\":\"https:\\\/\\\/eldigitaldeasturias.com\\\/magazine365\\\/author\\\/admin\\\/#author\"},\"publisher\":{\"@id\":\"https:\\\/\\\/eldigitaldeasturias.com\\\/magazine365\\\/#organization\"},\"image\":{\"@type\":\"ImageObject\",\"url\":\"https:\\\/\\\/eldigitaldeasturias.com\\\/magazine365\\\/wp-content\\\/uploads\\\/2016\\\/02\\\/fotonoticia_20160204120644_800.jpg\",\"width\":800,\"height\":800},\"datePublished\":\"2016-02-06T20:39:19+01:00\",\"dateModified\":\"2016-02-06T20:39:19+01:00\",\"inLanguage\":\"es-ES\",\"mainEntityOfPage\":{\"@id\":\"https:\\\/\\\/eldigitaldeasturias.com\\\/magazine365\\\/el-balneario-extremeno-el-raposo-abre-sus-puertas-el-8-de-febrero\\\/#webpage\"},\"isPartOf\":{\"@id\":\"https:\\\/\\\/eldigitaldeasturias.com\\\/magazine365\\\/el-balneario-extremeno-el-raposo-abre-sus-puertas-el-8-de-febrero\\\/#webpage\"},\"articleSection\":\"Noticias y Actualidad\"},{\"@type\":\"BreadcrumbList\",\"@id\":\"https:\\\/\\\/eldigitaldeasturias.com\\\/magazine365\\\/el-balneario-extremeno-el-raposo-abre-sus-puertas-el-8-de-febrero\\\/#breadcrumblist\",\"itemListElement\":[{\"@type\":\"ListItem\",\"@id\":\"https:\\\/\\\/eldigitaldeasturias.com\\\/magazine365#listItem\",\"position\":1,\"name\":\"Home\",\"item\":\"https:\\\/\\\/eldigitaldeasturias.com\\\/magazine365\",\"nextItem\":{\"@type\":\"ListItem\",\"@id\":\"https:\\\/\\\/eldigitaldeasturias.com\\\/magazine365\\\/category\\\/noticias-actualidad\\\/#listItem\",\"name\":\"Noticias y Actualidad\"}},{\"@type\":\"ListItem\",\"@id\":\"https:\\\/\\\/eldigitaldeasturias.com\\\/magazine365\\\/category\\\/noticias-actualidad\\\/#listItem\",\"position\":2,\"name\":\"Noticias y Actualidad\",\"item\":\"https:\\\/\\\/eldigitaldeasturias.com\\\/magazine365\\\/category\\\/noticias-actualidad\\\/\",\"nextItem\":{\"@type\":\"ListItem\",\"@id\":\"https:\\\/\\\/eldigitaldeasturias.com\\\/magazine365\\\/el-balneario-extremeno-el-raposo-abre-sus-puertas-el-8-de-febrero\\\/#listItem\",\"name\":\"El balneario extreme\\u00f1o El Raposo abre sus puertas el 8 de febrero\"},\"previousItem\":{\"@type\":\"ListItem\",\"@id\":\"https:\\\/\\\/eldigitaldeasturias.com\\\/magazine365#listItem\",\"name\":\"Home\"}},{\"@type\":\"ListItem\",\"@id\":\"https:\\\/\\\/eldigitaldeasturias.com\\\/magazine365\\\/el-balneario-extremeno-el-raposo-abre-sus-puertas-el-8-de-febrero\\\/#listItem\",\"position\":3,\"name\":\"El balneario extreme\\u00f1o El Raposo abre sus puertas el 8 de febrero\",\"previousItem\":{\"@type\":\"ListItem\",\"@id\":\"https:\\\/\\\/eldigitaldeasturias.com\\\/magazine365\\\/category\\\/noticias-actualidad\\\/#listItem\",\"name\":\"Noticias y Actualidad\"}}]},{\"@type\":\"Organization\",\"@id\":\"https:\\\/\\\/eldigitaldeasturias.com\\\/magazine365\\\/#organization\",\"name\":\"El digital de Asturias\",\"description\":\"Revista de ocio, turismo y estilo de vida\",\"url\":\"https:\\\/\\\/eldigitaldeasturias.com\\\/magazine365\\\/\",\"logo\":{\"@type\":\"ImageObject\",\"url\":\"https:\\\/\\\/www.eldigitaldeasturias.com\\\/noticias\\\/wp-content\\\/uploads\\\/2020\\\/12\\\/EDA.jpg\",\"@id\":\"https:\\\/\\\/eldigitaldeasturias.com\\\/magazine365\\\/el-balneario-extremeno-el-raposo-abre-sus-puertas-el-8-de-febrero\\\/#organizationLogo\"},\"image\":{\"@id\":\"https:\\\/\\\/eldigitaldeasturias.com\\\/magazine365\\\/el-balneario-extremeno-el-raposo-abre-sus-puertas-el-8-de-febrero\\\/#organizationLogo\"}},{\"@type\":\"Person\",\"@id\":\"https:\\\/\\\/eldigitaldeasturias.com\\\/magazine365\\\/author\\\/admin\\\/#author\",\"url\":\"https:\\\/\\\/eldigitaldeasturias.com\\\/magazine365\\\/author\\\/admin\\\/\",\"name\":\"admin\",\"image\":{\"@type\":\"ImageObject\",\"@id\":\"https:\\\/\\\/eldigitaldeasturias.com\\\/magazine365\\\/el-balneario-extremeno-el-raposo-abre-sus-puertas-el-8-de-febrero\\\/#authorImage\",\"url\":\"https:\\\/\\\/eldigitaldeasturias.com\\\/magazine365\\\/wp-content\\\/litespeed\\\/avatar\\\/e571bcf59a0edd6fa6838245a470f2fe.jpg?ver=1776969259\",\"width\":96,\"height\":96,\"caption\":\"admin\"}},{\"@type\":\"WebPage\",\"@id\":\"https:\\\/\\\/eldigitaldeasturias.com\\\/magazine365\\\/el-balneario-extremeno-el-raposo-abre-sus-puertas-el-8-de-febrero\\\/#webpage\",\"url\":\"https:\\\/\\\/eldigitaldeasturias.com\\\/magazine365\\\/el-balneario-extremeno-el-raposo-abre-sus-puertas-el-8-de-febrero\\\/\",\"name\":\"El balneario extreme\\u00f1o El Raposo abre sus puertas el 8 de febrero | El Digital de Asturias\",\"description\":\"El balneario extreme\\u00f1o El Raposo ser\\u00e1 el primero en inaugurar el pr\\u00f3ximo lunes, 8 de febrero, la temporada termal en la comunidad aut\\u00f3noma y tambi\\u00e9n ser\\u00e1 de los aventajados en hacerlo a nivel nacional. El director de Explotaci\\u00f3n del Raposo, \\u00c1lvaro Cort\\u00e9s, ha indicado que conf\\u00eda en superar los resultados alcanzados en 2015 puesto que\",\"inLanguage\":\"es-ES\",\"isPartOf\":{\"@id\":\"https:\\\/\\\/eldigitaldeasturias.com\\\/magazine365\\\/#website\"},\"breadcrumb\":{\"@id\":\"https:\\\/\\\/eldigitaldeasturias.com\\\/magazine365\\\/el-balneario-extremeno-el-raposo-abre-sus-puertas-el-8-de-febrero\\\/#breadcrumblist\"},\"author\":{\"@id\":\"https:\\\/\\\/eldigitaldeasturias.com\\\/magazine365\\\/author\\\/admin\\\/#author\"},\"creator\":{\"@id\":\"https:\\\/\\\/eldigitaldeasturias.com\\\/magazine365\\\/author\\\/admin\\\/#author\"},\"image\":{\"@type\":\"ImageObject\",\"url\":\"https:\\\/\\\/eldigitaldeasturias.com\\\/magazine365\\\/wp-content\\\/uploads\\\/2016\\\/02\\\/fotonoticia_20160204120644_800.jpg\",\"@id\":\"https:\\\/\\\/eldigitaldeasturias.com\\\/magazine365\\\/el-balneario-extremeno-el-raposo-abre-sus-puertas-el-8-de-febrero\\\/#mainImage\",\"width\":800,\"height\":800},\"primaryImageOfPage\":{\"@id\":\"https:\\\/\\\/eldigitaldeasturias.com\\\/magazine365\\\/el-balneario-extremeno-el-raposo-abre-sus-puertas-el-8-de-febrero\\\/#mainImage\"},\"datePublished\":\"2016-02-06T20:39:19+01:00\",\"dateModified\":\"2016-02-06T20:39:19+01:00\"},{\"@type\":\"WebSite\",\"@id\":\"https:\\\/\\\/eldigitaldeasturias.com\\\/magazine365\\\/#website\",\"url\":\"https:\\\/\\\/eldigitaldeasturias.com\\\/magazine365\\\/\",\"name\":\"El Digital de Asturias\",\"description\":\"Revista de ocio, turismo y estilo de vida\",\"inLanguage\":\"es-ES\",\"publisher\":{\"@id\":\"https:\\\/\\\/eldigitaldeasturias.com\\\/magazine365\\\/#organization\"}}]}\n\t\t<\/script>\n\t\t<!-- All in One SEO Pro -->\r\n\t\t<title>El balneario extreme\u00f1o El Raposo abre sus puertas el 8 de febrero | El Digital de Asturias<\/title>\n\n","aioseo_head_json":{"title":"El balneario extreme\u00f1o El Raposo abre sus puertas el 8 de febrero | El Digital de Asturias","description":"El balneario extreme\u00f1o El Raposo ser\u00e1 el primero en inaugurar el pr\u00f3ximo lunes, 8 de febrero, la temporada termal en la comunidad aut\u00f3noma y tambi\u00e9n ser\u00e1 de los aventajados en hacerlo a nivel nacional. El director de Explotaci\u00f3n del Raposo, \u00c1lvaro Cort\u00e9s, ha indicado que conf\u00eda en superar los resultados alcanzados en 2015 puesto que","canonical_url":"https:\/\/eldigitaldeasturias.com\/magazine365\/el-balneario-extremeno-el-raposo-abre-sus-puertas-el-8-de-febrero\/","robots":"max-image-preview:large","keywords":"noticias y actualidad","webmasterTools":{"google-site-verification":"UA-38556648-1","miscellaneous":""},"schema":{"@context":"https:\/\/schema.org","@graph":[{"@type":"Article","@id":"https:\/\/eldigitaldeasturias.com\/magazine365\/el-balneario-extremeno-el-raposo-abre-sus-puertas-el-8-de-febrero\/#article","name":"El balneario extreme\u00f1o El Raposo abre sus puertas el 8 de febrero | El Digital de Asturias","headline":"El balneario extreme\u00f1o El Raposo abre sus puertas el 8 de febrero","author":{"@id":"https:\/\/eldigitaldeasturias.com\/magazine365\/author\/admin\/#author"},"publisher":{"@id":"https:\/\/eldigitaldeasturias.com\/magazine365\/#organization"},"image":{"@type":"ImageObject","url":"https:\/\/eldigitaldeasturias.com\/magazine365\/wp-content\/uploads\/2016\/02\/fotonoticia_20160204120644_800.jpg","width":800,"height":800},"datePublished":"2016-02-06T20:39:19+01:00","dateModified":"2016-02-06T20:39:19+01:00","inLanguage":"es-ES","mainEntityOfPage":{"@id":"https:\/\/eldigitaldeasturias.com\/magazine365\/el-balneario-extremeno-el-raposo-abre-sus-puertas-el-8-de-febrero\/#webpage"},"isPartOf":{"@id":"https:\/\/eldigitaldeasturias.com\/magazine365\/el-balneario-extremeno-el-raposo-abre-sus-puertas-el-8-de-febrero\/#webpage"},"articleSection":"Noticias y Actualidad"},{"@type":"BreadcrumbList","@id":"https:\/\/eldigitaldeasturias.com\/magazine365\/el-balneario-extremeno-el-raposo-abre-sus-puertas-el-8-de-febrero\/#breadcrumblist","itemListElement":[{"@type":"ListItem","@id":"https:\/\/eldigitaldeasturias.com\/magazine365#listItem","position":1,"name":"Home","item":"https:\/\/eldigitaldeasturias.com\/magazine365","nextItem":{"@type":"ListItem","@id":"https:\/\/eldigitaldeasturias.com\/magazine365\/category\/noticias-actualidad\/#listItem","name":"Noticias y Actualidad"}},{"@type":"ListItem","@id":"https:\/\/eldigitaldeasturias.com\/magazine365\/category\/noticias-actualidad\/#listItem","position":2,"name":"Noticias y Actualidad","item":"https:\/\/eldigitaldeasturias.com\/magazine365\/category\/noticias-actualidad\/","nextItem":{"@type":"ListItem","@id":"https:\/\/eldigitaldeasturias.com\/magazine365\/el-balneario-extremeno-el-raposo-abre-sus-puertas-el-8-de-febrero\/#listItem","name":"El balneario extreme\u00f1o El Raposo abre sus puertas el 8 de febrero"},"previousItem":{"@type":"ListItem","@id":"https:\/\/eldigitaldeasturias.com\/magazine365#listItem","name":"Home"}},{"@type":"ListItem","@id":"https:\/\/eldigitaldeasturias.com\/magazine365\/el-balneario-extremeno-el-raposo-abre-sus-puertas-el-8-de-febrero\/#listItem","position":3,"name":"El balneario extreme\u00f1o El Raposo abre sus puertas el 8 de febrero","previousItem":{"@type":"ListItem","@id":"https:\/\/eldigitaldeasturias.com\/magazine365\/category\/noticias-actualidad\/#listItem","name":"Noticias y Actualidad"}}]},{"@type":"Organization","@id":"https:\/\/eldigitaldeasturias.com\/magazine365\/#organization","name":"El digital de Asturias","description":"Revista de ocio, turismo y estilo de vida","url":"https:\/\/eldigitaldeasturias.com\/magazine365\/","logo":{"@type":"ImageObject","url":"https:\/\/www.eldigitaldeasturias.com\/noticias\/wp-content\/uploads\/2020\/12\/EDA.jpg","@id":"https:\/\/eldigitaldeasturias.com\/magazine365\/el-balneario-extremeno-el-raposo-abre-sus-puertas-el-8-de-febrero\/#organizationLogo"},"image":{"@id":"https:\/\/eldigitaldeasturias.com\/magazine365\/el-balneario-extremeno-el-raposo-abre-sus-puertas-el-8-de-febrero\/#organizationLogo"}},{"@type":"Person","@id":"https:\/\/eldigitaldeasturias.com\/magazine365\/author\/admin\/#author","url":"https:\/\/eldigitaldeasturias.com\/magazine365\/author\/admin\/","name":"admin","image":{"@type":"ImageObject","@id":"https:\/\/eldigitaldeasturias.com\/magazine365\/el-balneario-extremeno-el-raposo-abre-sus-puertas-el-8-de-febrero\/#authorImage","url":"https:\/\/eldigitaldeasturias.com\/magazine365\/wp-content\/litespeed\/avatar\/e571bcf59a0edd6fa6838245a470f2fe.jpg?ver=1776969259","width":96,"height":96,"caption":"admin"}},{"@type":"WebPage","@id":"https:\/\/eldigitaldeasturias.com\/magazine365\/el-balneario-extremeno-el-raposo-abre-sus-puertas-el-8-de-febrero\/#webpage","url":"https:\/\/eldigitaldeasturias.com\/magazine365\/el-balneario-extremeno-el-raposo-abre-sus-puertas-el-8-de-febrero\/","name":"El balneario extreme\u00f1o El Raposo abre sus puertas el 8 de febrero | El Digital de Asturias","description":"El balneario extreme\u00f1o El Raposo ser\u00e1 el primero en inaugurar el pr\u00f3ximo lunes, 8 de febrero, la temporada termal en la comunidad aut\u00f3noma y tambi\u00e9n ser\u00e1 de los aventajados en hacerlo a nivel nacional. El director de Explotaci\u00f3n del Raposo, \u00c1lvaro Cort\u00e9s, ha indicado que conf\u00eda en superar los resultados alcanzados en 2015 puesto que","inLanguage":"es-ES","isPartOf":{"@id":"https:\/\/eldigitaldeasturias.com\/magazine365\/#website"},"breadcrumb":{"@id":"https:\/\/eldigitaldeasturias.com\/magazine365\/el-balneario-extremeno-el-raposo-abre-sus-puertas-el-8-de-febrero\/#breadcrumblist"},"author":{"@id":"https:\/\/eldigitaldeasturias.com\/magazine365\/author\/admin\/#author"},"creator":{"@id":"https:\/\/eldigitaldeasturias.com\/magazine365\/author\/admin\/#author"},"image":{"@type":"ImageObject","url":"https:\/\/eldigitaldeasturias.com\/magazine365\/wp-content\/uploads\/2016\/02\/fotonoticia_20160204120644_800.jpg","@id":"https:\/\/eldigitaldeasturias.com\/magazine365\/el-balneario-extremeno-el-raposo-abre-sus-puertas-el-8-de-febrero\/#mainImage","width":800,"height":800},"primaryImageOfPage":{"@id":"https:\/\/eldigitaldeasturias.com\/magazine365\/el-balneario-extremeno-el-raposo-abre-sus-puertas-el-8-de-febrero\/#mainImage"},"datePublished":"2016-02-06T20:39:19+01:00","dateModified":"2016-02-06T20:39:19+01:00"},{"@type":"WebSite","@id":"https:\/\/eldigitaldeasturias.com\/magazine365\/#website","url":"https:\/\/eldigitaldeasturias.com\/magazine365\/","name":"El Digital de Asturias","description":"Revista de ocio, turismo y estilo de vida","inLanguage":"es-ES","publisher":{"@id":"https:\/\/eldigitaldeasturias.com\/magazine365\/#organization"}}]},"og:locale":"es_ES","og:site_name":"El Digital de Asturias \u2013 Revista de ocio, turismo y estilo de vida","og:type":"article","og:title":"El balneario extreme\u00f1o El Raposo abre sus puertas el 8 de febrero | El Digital de Asturias","og:description":"El balneario extreme\u00f1o El Raposo ser\u00e1 el primero en inaugurar el pr\u00f3ximo lunes, 8 de febrero, la temporada termal en la comunidad aut\u00f3noma y tambi\u00e9n ser\u00e1 de los aventajados en hacerlo a nivel nacional. El director de Explotaci\u00f3n del Raposo, \u00c1lvaro Cort\u00e9s, ha indicado que conf\u00eda en superar los resultados alcanzados en 2015 puesto que","og:url":"https:\/\/eldigitaldeasturias.com\/magazine365\/el-balneario-extremeno-el-raposo-abre-sus-puertas-el-8-de-febrero\/","og:image":"https:\/\/eldigitaldeasturias.com\/magazine365\/wp-content\/uploads\/2016\/02\/fotonoticia_20160204120644_800.jpg","og:image:secure_url":"https:\/\/eldigitaldeasturias.com\/magazine365\/wp-content\/uploads\/2016\/02\/fotonoticia_20160204120644_800.jpg","og:image:width":800,"og:image:height":800,"article:published_time":"2016-02-06T19:39:19+00:00","article:modified_time":"2016-02-06T19:39:19+00:00","twitter:card":"summary_large_image","twitter:title":"El balneario extreme\u00f1o El Raposo abre sus puertas el 8 de febrero | El Digital de Asturias","twitter:description":"El balneario extreme\u00f1o El Raposo ser\u00e1 el primero en inaugurar el pr\u00f3ximo lunes, 8 de febrero, la temporada termal en la comunidad aut\u00f3noma y tambi\u00e9n ser\u00e1 de los aventajados en hacerlo a nivel nacional. El director de Explotaci\u00f3n del Raposo, \u00c1lvaro Cort\u00e9s, ha indicado que conf\u00eda en superar los resultados alcanzados en 2015 puesto que","twitter:image":"https:\/\/eldigitaldeasturias.com\/magazine365\/wp-content\/uploads\/2016\/02\/fotonoticia_20160204120644_800.jpg"},"aioseo_meta_data":{"post_id":"63275","title":null,"description":null,"keywords":null,"keyphrases":null,"primary_term":null,"canonical_url":null,"og_title":null,"og_description":null,"og_object_type":"default","og_image_type":"default","og_image_url":null,"og_image_width":null,"og_image_height":null,"og_image_custom_url":null,"og_image_custom_fields":null,"og_video":null,"og_custom_url":null,"og_article_section":null,"og_article_tags":null,"twitter_use_og":false,"twitter_card":"default","twitter_image_type":"default","twitter_image_url":null,"twitter_image_custom_url":null,"twitter_image_custom_fields":null,"twitter_title":null,"twitter_description":null,"schema":{"blockGraphs":[],"customGraphs":[],"default":{"data":{"Article":[],"Course":[],"Dataset":[],"FAQPage":[],"Movie":[],"Person":[],"Product":[],"ProductReview":[],"Car":[],"Recipe":[],"Service":[],"SoftwareApplication":[],"WebPage":[]},"graphName":"","isEnabled":true},"graphs":[],"defaultGraph":"","defaultPostTypeGraph":""},"schema_type":null,"schema_type_options":null,"pillar_content":false,"robots_default":true,"robots_noindex":false,"robots_noarchive":false,"robots_nosnippet":false,"robots_nofollow":false,"robots_noimageindex":false,"robots_noodp":false,"robots_notranslate":false,"robots_max_snippet":null,"robots_max_videopreview":null,"robots_max_imagepreview":"large","priority":null,"frequency":null,"location":null,"local_seo":null,"seo_analyzer_scan_date":"2025-09-25 12:49:06","breadcrumb_settings":null,"limit_modified_date":false,"open_ai":null,"ai":null,"created":"2021-03-08 21:24:41","updated":"2025-09-25 12:49:06"},"aioseo_breadcrumb":"<div class=\"aioseo-breadcrumbs\"><span class=\"aioseo-breadcrumb\">\n\t<a href=\"https:\/\/eldigitaldeasturias.com\/magazine365\" title=\"Home\">Home<\/a>\n<\/span><span class=\"aioseo-breadcrumb-separator\">\u2013<\/span><span class=\"aioseo-breadcrumb\">\n\t<a href=\"https:\/\/eldigitaldeasturias.com\/magazine365\/category\/noticias-actualidad\/\" title=\"Noticias y Actualidad\">Noticias y Actualidad<\/a>\n<\/span><span class=\"aioseo-breadcrumb-separator\">\u2013<\/span><span class=\"aioseo-breadcrumb\">\n\t<a href=\"https:\/\/eldigitaldeasturias.com\/magazine365\/el-balneario-extremeno-el-raposo-abre-sus-puertas-el-8-de-febrero\/\" title=\"El balneario extreme\u00f1o El Raposo abre sus puertas el 8 de febrero\">El balneario extreme\u00f1o El Raposo abre sus puertas el 8 de febrero<\/a>\n<\/span><\/div>","aioseo_breadcrumb_json":[{"label":"Home","link":"https:\/\/eldigitaldeasturias.com\/magazine365"},{"label":"Noticias y Actualidad","link":"https:\/\/eldigitaldeasturias.com\/magazine365\/category\/noticias-actualidad\/"},{"label":"El balneario extreme\u00f1o El Raposo abre sus puertas el 8 de febrero","link":"https:\/\/eldigitaldeasturias.com\/magazine365\/el-balneario-extremeno-el-raposo-abre-sus-puertas-el-8-de-febrero\/"}],"_links":{"self":[{"href":"https:\/\/eldigitaldeasturias.com\/magazine365\/wp-json\/wp\/v2\/posts\/63275","targetHints":{"allow":["GET"]}}],"collection":[{"href":"https:\/\/eldigitaldeasturias.com\/magazine365\/wp-json\/wp\/v2\/posts"}],"about":[{"href":"https:\/\/eldigitaldeasturias.com\/magazine365\/wp-json\/wp\/v2\/types\/post"}],"author":[{"embeddable":true,"href":"https:\/\/eldigitaldeasturias.com\/magazine365\/wp-json\/wp\/v2\/users\/1"}],"replies":[{"embeddable":true,"href":"https:\/\/eldigitaldeasturias.com\/magazine365\/wp-json\/wp\/v2\/comments?post=63275"}],"version-history":[{"count":0,"href":"https:\/\/eldigitaldeasturias.com\/magazine365\/wp-json\/wp\/v2\/posts\/63275\/revisions"}],"wp:featuredmedia":[{"embeddable":true,"href":"https:\/\/eldigitaldeasturias.com\/magazine365\/wp-json\/wp\/v2\/media\/63276"}],"wp:attachment":[{"href":"https:\/\/eldigitaldeasturias.com\/magazine365\/wp-json\/wp\/v2\/media?parent=63275"}],"wp:term":[{"taxonomy":"category","embeddable":true,"href":"https:\/\/eldigitaldeasturias.com\/magazine365\/wp-json\/wp\/v2\/categories?post=63275"},{"taxonomy":"post_tag","embeddable":true,"href":"https:\/\/eldigitaldeasturias.com\/magazine365\/wp-json\/wp\/v2\/tags?post=63275"}],"curies":[{"name":"wp","href":"https:\/\/api.w.org\/{rel}","templated":true}]}}