{"id":63257,"date":"2016-02-06T20:21:27","date_gmt":"2016-02-06T19:21:27","guid":{"rendered":"http:\/\/eldigitaldeasturias.com\/magazine365\/?p=63257"},"modified":"2016-02-06T20:21:27","modified_gmt":"2016-02-06T19:21:27","slug":"melia-obtiene-la-licencia-para-un-cinco-estrellas-en-el-centro-de-barcelona","status":"publish","type":"post","link":"https:\/\/eldigitaldeasturias.com\/magazine365\/melia-obtiene-la-licencia-para-un-cinco-estrellas-en-el-centro-de-barcelona\/","title":{"rendered":"Meli\u00e1 obtiene la licencia para un cinco estrellas en el centro de Barcelona"},"content":{"rendered":"<p><img fetchpriority=\"high\" decoding=\"async\" class=\"alignleft size-medium wp-image-63258\" src=\"https:\/\/eldigitaldeasturias.com\/magazine365\/wp-content\/uploads\/2016\/02\/fotonoticia_20160204110330_800-360x270.jpg\" alt=\"fotonoticia_20160204110330_800\" width=\"360\" height=\"270\" srcset=\"https:\/\/eldigitaldeasturias.com\/magazine365\/wp-content\/uploads\/2016\/02\/fotonoticia_20160204110330_800-360x270.jpg 360w, https:\/\/eldigitaldeasturias.com\/magazine365\/wp-content\/uploads\/2016\/02\/fotonoticia_20160204110330_800-650x488.jpg 650w, https:\/\/eldigitaldeasturias.com\/magazine365\/wp-content\/uploads\/2016\/02\/fotonoticia_20160204110330_800-768x576.jpg 768w, https:\/\/eldigitaldeasturias.com\/magazine365\/wp-content\/uploads\/2016\/02\/fotonoticia_20160204110330_800-150x113.jpg 150w, https:\/\/eldigitaldeasturias.com\/magazine365\/wp-content\/uploads\/2016\/02\/fotonoticia_20160204110330_800-450x338.jpg 450w, https:\/\/eldigitaldeasturias.com\/magazine365\/wp-content\/uploads\/2016\/02\/fotonoticia_20160204110330_800-80x60.jpg 80w, https:\/\/eldigitaldeasturias.com\/magazine365\/wp-content\/uploads\/2016\/02\/fotonoticia_20160204110330_800-265x198.jpg 265w, https:\/\/eldigitaldeasturias.com\/magazine365\/wp-content\/uploads\/2016\/02\/fotonoticia_20160204110330_800-696x522.jpg 696w, https:\/\/eldigitaldeasturias.com\/magazine365\/wp-content\/uploads\/2016\/02\/fotonoticia_20160204110330_800-560x420.jpg 560w, https:\/\/eldigitaldeasturias.com\/magazine365\/wp-content\/uploads\/2016\/02\/fotonoticia_20160204110330_800-90x67.jpg 90w, https:\/\/eldigitaldeasturias.com\/magazine365\/wp-content\/uploads\/2016\/02\/fotonoticia_20160204110330_800-164x124.jpg 164w, https:\/\/eldigitaldeasturias.com\/magazine365\/wp-content\/uploads\/2016\/02\/fotonoticia_20160204110330_800-100x75.jpg 100w, https:\/\/eldigitaldeasturias.com\/magazine365\/wp-content\/uploads\/2016\/02\/fotonoticia_20160204110330_800.jpg 800w\" sizes=\"(max-width: 360px) 100vw, 360px\" \/>El vicepresidente y consejero delegado de Meli\u00e1 Hotels International, Gabriel Escarrer, ha celebrado que la compa\u00f1\u00eda ha recibido esta semana la aprobaci\u00f3n de la licencia para construir un hotel de cinco estrellas en el centro de Barcelona, despu\u00e9s de nueve meses de paralizaci\u00f3n del proyecto debido a la moratoria del Ayuntamiento, y la previsi\u00f3n es que est\u00e9 abierto en 2018.<\/p>\n<p>En un desayuno-coloquio este jueves con empresarios organizado por La Vanguardia y PWC, Escarrer ha explicado que la cadena recibi\u00f3 la aprobaci\u00f3n el lunes, y ha se\u00f1alado que ser\u00e1 un hotel e la marca Me by Meli\u00e1, el primero de la capital catalana, ya que el que est\u00e1 situado en el distrito 22@ ha pasado a integrarse a la marca Meli\u00e1 Hotels &amp; Resorts.<\/p>\n<p>Escarrer ha criticado la \u00abincertidumbre jur\u00eddica\u00bb que ha provocado la moratoria del consistorio barcelon\u00e9s, y ha advertido de que a los inversores extranjeros les cuesta entender estas paralizaciones y que no se compensen de ninguna manera.<\/p>\n<p>En declaraciones a los medios tras el almuerzo, ha indicado que la previsi\u00f3n es que el hotel est\u00e9 construido en 18 meses \u00aba partir del momento que recupere la inercia\u00bb tras la moratoria, por lo que ha augurado que estar\u00e1 abierto en 2018.<\/p>\n<p>El establecimiento, ubicado en la esquina de la calle Casp con paseo de Gr\u00e0cia &#8211;antiguo Hotel Barcelona&#8211;, contar\u00e1 con 173 habitaciones; el inmueble ser\u00e1 derribado y el nuevo edificio tendr\u00e1 nueve plantas m\u00e1s cinco s\u00f3tanos.<\/p>\n","protected":false},"excerpt":{"rendered":"<p>El vicepresidente y consejero delegado de Meli\u00e1 Hotels International, Gabriel Escarrer, ha celebrado que la compa\u00f1\u00eda ha recibido esta semana la aprobaci\u00f3n de la licencia para construir un hotel de cinco estrellas en el centro de Barcelona, despu\u00e9s de nueve meses de paralizaci\u00f3n del proyecto debido a la moratoria del Ayuntamiento, y la previsi\u00f3n es<\/p>\n","protected":false},"author":1,"featured_media":63258,"comment_status":"open","ping_status":"closed","sticky":false,"template":"","format":"standard","meta":{"footnotes":""},"categories":[224],"tags":[],"class_list":{"0":"post-63257","1":"post","2":"type-post","3":"status-publish","4":"format-standard","5":"has-post-thumbnail","7":"category-noticias-actualidad"},"aioseo_notices":[],"aioseo_head":"\n\t\t<!-- All in One SEO Pro 4.9.6.1 - aioseo.com -->\n\t<meta name=\"description\" content=\"El vicepresidente y consejero delegado de Meli\u00e1 Hotels International, Gabriel Escarrer, ha celebrado que la compa\u00f1\u00eda ha recibido esta semana la aprobaci\u00f3n de la licencia para construir un hotel de cinco estrellas en el centro de Barcelona, despu\u00e9s de nueve meses de paralizaci\u00f3n del proyecto debido a la moratoria del Ayuntamiento, y la previsi\u00f3n es\" \/>\n\t<meta name=\"robots\" content=\"max-image-preview:large\" \/>\n\t<meta name=\"author\" content=\"admin\"\/>\n\t<meta name=\"google-site-verification\" content=\"UA-38556648-1\" \/>\n\t<meta name=\"keywords\" content=\"noticias y actualidad\" \/>\n\t<link rel=\"canonical\" href=\"https:\/\/eldigitaldeasturias.com\/magazine365\/melia-obtiene-la-licencia-para-un-cinco-estrellas-en-el-centro-de-barcelona\/\" \/>\n\t<meta name=\"generator\" content=\"All in One SEO Pro (AIOSEO) 4.9.6.1\" \/>\n\t\t<meta property=\"og:locale\" content=\"es_ES\" \/>\n\t\t<meta property=\"og:site_name\" content=\"El Digital de Asturias \u2013 Revista de ocio, turismo y estilo de vida\" \/>\n\t\t<meta property=\"og:type\" content=\"article\" \/>\n\t\t<meta property=\"og:title\" content=\"Meli\u00e1 obtiene la licencia para un cinco estrellas en el centro de Barcelona | El Digital de Asturias\" \/>\n\t\t<meta property=\"og:description\" content=\"El vicepresidente y consejero delegado de Meli\u00e1 Hotels International, Gabriel Escarrer, ha celebrado que la compa\u00f1\u00eda ha recibido esta semana la aprobaci\u00f3n de la licencia para construir un hotel de cinco estrellas en el centro de Barcelona, despu\u00e9s de nueve meses de paralizaci\u00f3n del proyecto debido a la moratoria del Ayuntamiento, y la previsi\u00f3n es\" \/>\n\t\t<meta property=\"og:url\" content=\"https:\/\/eldigitaldeasturias.com\/magazine365\/melia-obtiene-la-licencia-para-un-cinco-estrellas-en-el-centro-de-barcelona\/\" \/>\n\t\t<meta property=\"og:image\" content=\"https:\/\/eldigitaldeasturias.com\/magazine365\/wp-content\/uploads\/2016\/02\/fotonoticia_20160204110330_800.jpg\" \/>\n\t\t<meta property=\"og:image:secure_url\" content=\"https:\/\/eldigitaldeasturias.com\/magazine365\/wp-content\/uploads\/2016\/02\/fotonoticia_20160204110330_800.jpg\" \/>\n\t\t<meta property=\"og:image:width\" content=\"800\" \/>\n\t\t<meta property=\"og:image:height\" content=\"600\" \/>\n\t\t<meta property=\"article:published_time\" content=\"2016-02-06T19:21:27+00:00\" \/>\n\t\t<meta property=\"article:modified_time\" content=\"2016-02-06T19:21:27+00:00\" \/>\n\t\t<meta name=\"twitter:card\" content=\"summary_large_image\" \/>\n\t\t<meta name=\"twitter:title\" content=\"Meli\u00e1 obtiene la licencia para un cinco estrellas en el centro de Barcelona | El Digital de Asturias\" \/>\n\t\t<meta name=\"twitter:description\" content=\"El vicepresidente y consejero delegado de Meli\u00e1 Hotels International, Gabriel Escarrer, ha celebrado que la compa\u00f1\u00eda ha recibido esta semana la aprobaci\u00f3n de la licencia para construir un hotel de cinco estrellas en el centro de Barcelona, despu\u00e9s de nueve meses de paralizaci\u00f3n del proyecto debido a la moratoria del Ayuntamiento, y la previsi\u00f3n es\" \/>\n\t\t<meta name=\"twitter:image\" content=\"https:\/\/eldigitaldeasturias.com\/magazine365\/wp-content\/uploads\/2016\/02\/fotonoticia_20160204110330_800.jpg\" \/>\n\t\t<script type=\"application\/ld+json\" class=\"aioseo-schema\">\n\t\t\t{\"@context\":\"https:\\\/\\\/schema.org\",\"@graph\":[{\"@type\":\"Article\",\"@id\":\"https:\\\/\\\/eldigitaldeasturias.com\\\/magazine365\\\/melia-obtiene-la-licencia-para-un-cinco-estrellas-en-el-centro-de-barcelona\\\/#article\",\"name\":\"Meli\\u00e1 obtiene la licencia para un cinco estrellas en el centro de Barcelona | El Digital de Asturias\",\"headline\":\"Meli\\u00e1 obtiene la licencia para un cinco estrellas en el centro de Barcelona\",\"author\":{\"@id\":\"https:\\\/\\\/eldigitaldeasturias.com\\\/magazine365\\\/author\\\/admin\\\/#author\"},\"publisher\":{\"@id\":\"https:\\\/\\\/eldigitaldeasturias.com\\\/magazine365\\\/#organization\"},\"image\":{\"@type\":\"ImageObject\",\"url\":\"https:\\\/\\\/eldigitaldeasturias.com\\\/magazine365\\\/wp-content\\\/uploads\\\/2016\\\/02\\\/fotonoticia_20160204110330_800.jpg\",\"width\":800,\"height\":600},\"datePublished\":\"2016-02-06T20:21:27+01:00\",\"dateModified\":\"2016-02-06T20:21:27+01:00\",\"inLanguage\":\"es-ES\",\"mainEntityOfPage\":{\"@id\":\"https:\\\/\\\/eldigitaldeasturias.com\\\/magazine365\\\/melia-obtiene-la-licencia-para-un-cinco-estrellas-en-el-centro-de-barcelona\\\/#webpage\"},\"isPartOf\":{\"@id\":\"https:\\\/\\\/eldigitaldeasturias.com\\\/magazine365\\\/melia-obtiene-la-licencia-para-un-cinco-estrellas-en-el-centro-de-barcelona\\\/#webpage\"},\"articleSection\":\"Noticias y Actualidad\"},{\"@type\":\"BreadcrumbList\",\"@id\":\"https:\\\/\\\/eldigitaldeasturias.com\\\/magazine365\\\/melia-obtiene-la-licencia-para-un-cinco-estrellas-en-el-centro-de-barcelona\\\/#breadcrumblist\",\"itemListElement\":[{\"@type\":\"ListItem\",\"@id\":\"https:\\\/\\\/eldigitaldeasturias.com\\\/magazine365#listItem\",\"position\":1,\"name\":\"Home\",\"item\":\"https:\\\/\\\/eldigitaldeasturias.com\\\/magazine365\",\"nextItem\":{\"@type\":\"ListItem\",\"@id\":\"https:\\\/\\\/eldigitaldeasturias.com\\\/magazine365\\\/category\\\/noticias-actualidad\\\/#listItem\",\"name\":\"Noticias y Actualidad\"}},{\"@type\":\"ListItem\",\"@id\":\"https:\\\/\\\/eldigitaldeasturias.com\\\/magazine365\\\/category\\\/noticias-actualidad\\\/#listItem\",\"position\":2,\"name\":\"Noticias y Actualidad\",\"item\":\"https:\\\/\\\/eldigitaldeasturias.com\\\/magazine365\\\/category\\\/noticias-actualidad\\\/\",\"nextItem\":{\"@type\":\"ListItem\",\"@id\":\"https:\\\/\\\/eldigitaldeasturias.com\\\/magazine365\\\/melia-obtiene-la-licencia-para-un-cinco-estrellas-en-el-centro-de-barcelona\\\/#listItem\",\"name\":\"Meli\\u00e1 obtiene la licencia para un cinco estrellas en el centro de Barcelona\"},\"previousItem\":{\"@type\":\"ListItem\",\"@id\":\"https:\\\/\\\/eldigitaldeasturias.com\\\/magazine365#listItem\",\"name\":\"Home\"}},{\"@type\":\"ListItem\",\"@id\":\"https:\\\/\\\/eldigitaldeasturias.com\\\/magazine365\\\/melia-obtiene-la-licencia-para-un-cinco-estrellas-en-el-centro-de-barcelona\\\/#listItem\",\"position\":3,\"name\":\"Meli\\u00e1 obtiene la licencia para un cinco estrellas en el centro de Barcelona\",\"previousItem\":{\"@type\":\"ListItem\",\"@id\":\"https:\\\/\\\/eldigitaldeasturias.com\\\/magazine365\\\/category\\\/noticias-actualidad\\\/#listItem\",\"name\":\"Noticias y Actualidad\"}}]},{\"@type\":\"Organization\",\"@id\":\"https:\\\/\\\/eldigitaldeasturias.com\\\/magazine365\\\/#organization\",\"name\":\"El digital de Asturias\",\"description\":\"Revista de ocio, turismo y estilo de vida\",\"url\":\"https:\\\/\\\/eldigitaldeasturias.com\\\/magazine365\\\/\",\"logo\":{\"@type\":\"ImageObject\",\"url\":\"https:\\\/\\\/www.eldigitaldeasturias.com\\\/noticias\\\/wp-content\\\/uploads\\\/2020\\\/12\\\/EDA.jpg\",\"@id\":\"https:\\\/\\\/eldigitaldeasturias.com\\\/magazine365\\\/melia-obtiene-la-licencia-para-un-cinco-estrellas-en-el-centro-de-barcelona\\\/#organizationLogo\"},\"image\":{\"@id\":\"https:\\\/\\\/eldigitaldeasturias.com\\\/magazine365\\\/melia-obtiene-la-licencia-para-un-cinco-estrellas-en-el-centro-de-barcelona\\\/#organizationLogo\"}},{\"@type\":\"Person\",\"@id\":\"https:\\\/\\\/eldigitaldeasturias.com\\\/magazine365\\\/author\\\/admin\\\/#author\",\"url\":\"https:\\\/\\\/eldigitaldeasturias.com\\\/magazine365\\\/author\\\/admin\\\/\",\"name\":\"admin\",\"image\":{\"@type\":\"ImageObject\",\"@id\":\"https:\\\/\\\/eldigitaldeasturias.com\\\/magazine365\\\/melia-obtiene-la-licencia-para-un-cinco-estrellas-en-el-centro-de-barcelona\\\/#authorImage\",\"url\":\"https:\\\/\\\/eldigitaldeasturias.com\\\/magazine365\\\/wp-content\\\/litespeed\\\/avatar\\\/e571bcf59a0edd6fa6838245a470f2fe.jpg?ver=1776969259\",\"width\":96,\"height\":96,\"caption\":\"admin\"}},{\"@type\":\"WebPage\",\"@id\":\"https:\\\/\\\/eldigitaldeasturias.com\\\/magazine365\\\/melia-obtiene-la-licencia-para-un-cinco-estrellas-en-el-centro-de-barcelona\\\/#webpage\",\"url\":\"https:\\\/\\\/eldigitaldeasturias.com\\\/magazine365\\\/melia-obtiene-la-licencia-para-un-cinco-estrellas-en-el-centro-de-barcelona\\\/\",\"name\":\"Meli\\u00e1 obtiene la licencia para un cinco estrellas en el centro de Barcelona | El Digital de Asturias\",\"description\":\"El vicepresidente y consejero delegado de Meli\\u00e1 Hotels International, Gabriel Escarrer, ha celebrado que la compa\\u00f1\\u00eda ha recibido esta semana la aprobaci\\u00f3n de la licencia para construir un hotel de cinco estrellas en el centro de Barcelona, despu\\u00e9s de nueve meses de paralizaci\\u00f3n del proyecto debido a la moratoria del Ayuntamiento, y la previsi\\u00f3n es\",\"inLanguage\":\"es-ES\",\"isPartOf\":{\"@id\":\"https:\\\/\\\/eldigitaldeasturias.com\\\/magazine365\\\/#website\"},\"breadcrumb\":{\"@id\":\"https:\\\/\\\/eldigitaldeasturias.com\\\/magazine365\\\/melia-obtiene-la-licencia-para-un-cinco-estrellas-en-el-centro-de-barcelona\\\/#breadcrumblist\"},\"author\":{\"@id\":\"https:\\\/\\\/eldigitaldeasturias.com\\\/magazine365\\\/author\\\/admin\\\/#author\"},\"creator\":{\"@id\":\"https:\\\/\\\/eldigitaldeasturias.com\\\/magazine365\\\/author\\\/admin\\\/#author\"},\"image\":{\"@type\":\"ImageObject\",\"url\":\"https:\\\/\\\/eldigitaldeasturias.com\\\/magazine365\\\/wp-content\\\/uploads\\\/2016\\\/02\\\/fotonoticia_20160204110330_800.jpg\",\"@id\":\"https:\\\/\\\/eldigitaldeasturias.com\\\/magazine365\\\/melia-obtiene-la-licencia-para-un-cinco-estrellas-en-el-centro-de-barcelona\\\/#mainImage\",\"width\":800,\"height\":600},\"primaryImageOfPage\":{\"@id\":\"https:\\\/\\\/eldigitaldeasturias.com\\\/magazine365\\\/melia-obtiene-la-licencia-para-un-cinco-estrellas-en-el-centro-de-barcelona\\\/#mainImage\"},\"datePublished\":\"2016-02-06T20:21:27+01:00\",\"dateModified\":\"2016-02-06T20:21:27+01:00\"},{\"@type\":\"WebSite\",\"@id\":\"https:\\\/\\\/eldigitaldeasturias.com\\\/magazine365\\\/#website\",\"url\":\"https:\\\/\\\/eldigitaldeasturias.com\\\/magazine365\\\/\",\"name\":\"El Digital de Asturias\",\"description\":\"Revista de ocio, turismo y estilo de vida\",\"inLanguage\":\"es-ES\",\"publisher\":{\"@id\":\"https:\\\/\\\/eldigitaldeasturias.com\\\/magazine365\\\/#organization\"}}]}\n\t\t<\/script>\n\t\t<!-- All in One SEO Pro -->\r\n\t\t<title>Meli\u00e1 obtiene la licencia para un cinco estrellas en el centro de Barcelona | El Digital de Asturias<\/title>\n\n","aioseo_head_json":{"title":"Meli\u00e1 obtiene la licencia para un cinco estrellas en el centro de Barcelona | El Digital de Asturias","description":"El vicepresidente y consejero delegado de Meli\u00e1 Hotels International, Gabriel Escarrer, ha celebrado que la compa\u00f1\u00eda ha recibido esta semana la aprobaci\u00f3n de la licencia para construir un hotel de cinco estrellas en el centro de Barcelona, despu\u00e9s de nueve meses de paralizaci\u00f3n del proyecto debido a la moratoria del Ayuntamiento, y la previsi\u00f3n es","canonical_url":"https:\/\/eldigitaldeasturias.com\/magazine365\/melia-obtiene-la-licencia-para-un-cinco-estrellas-en-el-centro-de-barcelona\/","robots":"max-image-preview:large","keywords":"noticias y actualidad","webmasterTools":{"google-site-verification":"UA-38556648-1","miscellaneous":""},"schema":{"@context":"https:\/\/schema.org","@graph":[{"@type":"Article","@id":"https:\/\/eldigitaldeasturias.com\/magazine365\/melia-obtiene-la-licencia-para-un-cinco-estrellas-en-el-centro-de-barcelona\/#article","name":"Meli\u00e1 obtiene la licencia para un cinco estrellas en el centro de Barcelona | El Digital de Asturias","headline":"Meli\u00e1 obtiene la licencia para un cinco estrellas en el centro de Barcelona","author":{"@id":"https:\/\/eldigitaldeasturias.com\/magazine365\/author\/admin\/#author"},"publisher":{"@id":"https:\/\/eldigitaldeasturias.com\/magazine365\/#organization"},"image":{"@type":"ImageObject","url":"https:\/\/eldigitaldeasturias.com\/magazine365\/wp-content\/uploads\/2016\/02\/fotonoticia_20160204110330_800.jpg","width":800,"height":600},"datePublished":"2016-02-06T20:21:27+01:00","dateModified":"2016-02-06T20:21:27+01:00","inLanguage":"es-ES","mainEntityOfPage":{"@id":"https:\/\/eldigitaldeasturias.com\/magazine365\/melia-obtiene-la-licencia-para-un-cinco-estrellas-en-el-centro-de-barcelona\/#webpage"},"isPartOf":{"@id":"https:\/\/eldigitaldeasturias.com\/magazine365\/melia-obtiene-la-licencia-para-un-cinco-estrellas-en-el-centro-de-barcelona\/#webpage"},"articleSection":"Noticias y Actualidad"},{"@type":"BreadcrumbList","@id":"https:\/\/eldigitaldeasturias.com\/magazine365\/melia-obtiene-la-licencia-para-un-cinco-estrellas-en-el-centro-de-barcelona\/#breadcrumblist","itemListElement":[{"@type":"ListItem","@id":"https:\/\/eldigitaldeasturias.com\/magazine365#listItem","position":1,"name":"Home","item":"https:\/\/eldigitaldeasturias.com\/magazine365","nextItem":{"@type":"ListItem","@id":"https:\/\/eldigitaldeasturias.com\/magazine365\/category\/noticias-actualidad\/#listItem","name":"Noticias y Actualidad"}},{"@type":"ListItem","@id":"https:\/\/eldigitaldeasturias.com\/magazine365\/category\/noticias-actualidad\/#listItem","position":2,"name":"Noticias y Actualidad","item":"https:\/\/eldigitaldeasturias.com\/magazine365\/category\/noticias-actualidad\/","nextItem":{"@type":"ListItem","@id":"https:\/\/eldigitaldeasturias.com\/magazine365\/melia-obtiene-la-licencia-para-un-cinco-estrellas-en-el-centro-de-barcelona\/#listItem","name":"Meli\u00e1 obtiene la licencia para un cinco estrellas en el centro de Barcelona"},"previousItem":{"@type":"ListItem","@id":"https:\/\/eldigitaldeasturias.com\/magazine365#listItem","name":"Home"}},{"@type":"ListItem","@id":"https:\/\/eldigitaldeasturias.com\/magazine365\/melia-obtiene-la-licencia-para-un-cinco-estrellas-en-el-centro-de-barcelona\/#listItem","position":3,"name":"Meli\u00e1 obtiene la licencia para un cinco estrellas en el centro de Barcelona","previousItem":{"@type":"ListItem","@id":"https:\/\/eldigitaldeasturias.com\/magazine365\/category\/noticias-actualidad\/#listItem","name":"Noticias y Actualidad"}}]},{"@type":"Organization","@id":"https:\/\/eldigitaldeasturias.com\/magazine365\/#organization","name":"El digital de Asturias","description":"Revista de ocio, turismo y estilo de vida","url":"https:\/\/eldigitaldeasturias.com\/magazine365\/","logo":{"@type":"ImageObject","url":"https:\/\/www.eldigitaldeasturias.com\/noticias\/wp-content\/uploads\/2020\/12\/EDA.jpg","@id":"https:\/\/eldigitaldeasturias.com\/magazine365\/melia-obtiene-la-licencia-para-un-cinco-estrellas-en-el-centro-de-barcelona\/#organizationLogo"},"image":{"@id":"https:\/\/eldigitaldeasturias.com\/magazine365\/melia-obtiene-la-licencia-para-un-cinco-estrellas-en-el-centro-de-barcelona\/#organizationLogo"}},{"@type":"Person","@id":"https:\/\/eldigitaldeasturias.com\/magazine365\/author\/admin\/#author","url":"https:\/\/eldigitaldeasturias.com\/magazine365\/author\/admin\/","name":"admin","image":{"@type":"ImageObject","@id":"https:\/\/eldigitaldeasturias.com\/magazine365\/melia-obtiene-la-licencia-para-un-cinco-estrellas-en-el-centro-de-barcelona\/#authorImage","url":"https:\/\/eldigitaldeasturias.com\/magazine365\/wp-content\/litespeed\/avatar\/e571bcf59a0edd6fa6838245a470f2fe.jpg?ver=1776969259","width":96,"height":96,"caption":"admin"}},{"@type":"WebPage","@id":"https:\/\/eldigitaldeasturias.com\/magazine365\/melia-obtiene-la-licencia-para-un-cinco-estrellas-en-el-centro-de-barcelona\/#webpage","url":"https:\/\/eldigitaldeasturias.com\/magazine365\/melia-obtiene-la-licencia-para-un-cinco-estrellas-en-el-centro-de-barcelona\/","name":"Meli\u00e1 obtiene la licencia para un cinco estrellas en el centro de Barcelona | El Digital de Asturias","description":"El vicepresidente y consejero delegado de Meli\u00e1 Hotels International, Gabriel Escarrer, ha celebrado que la compa\u00f1\u00eda ha recibido esta semana la aprobaci\u00f3n de la licencia para construir un hotel de cinco estrellas en el centro de Barcelona, despu\u00e9s de nueve meses de paralizaci\u00f3n del proyecto debido a la moratoria del Ayuntamiento, y la previsi\u00f3n es","inLanguage":"es-ES","isPartOf":{"@id":"https:\/\/eldigitaldeasturias.com\/magazine365\/#website"},"breadcrumb":{"@id":"https:\/\/eldigitaldeasturias.com\/magazine365\/melia-obtiene-la-licencia-para-un-cinco-estrellas-en-el-centro-de-barcelona\/#breadcrumblist"},"author":{"@id":"https:\/\/eldigitaldeasturias.com\/magazine365\/author\/admin\/#author"},"creator":{"@id":"https:\/\/eldigitaldeasturias.com\/magazine365\/author\/admin\/#author"},"image":{"@type":"ImageObject","url":"https:\/\/eldigitaldeasturias.com\/magazine365\/wp-content\/uploads\/2016\/02\/fotonoticia_20160204110330_800.jpg","@id":"https:\/\/eldigitaldeasturias.com\/magazine365\/melia-obtiene-la-licencia-para-un-cinco-estrellas-en-el-centro-de-barcelona\/#mainImage","width":800,"height":600},"primaryImageOfPage":{"@id":"https:\/\/eldigitaldeasturias.com\/magazine365\/melia-obtiene-la-licencia-para-un-cinco-estrellas-en-el-centro-de-barcelona\/#mainImage"},"datePublished":"2016-02-06T20:21:27+01:00","dateModified":"2016-02-06T20:21:27+01:00"},{"@type":"WebSite","@id":"https:\/\/eldigitaldeasturias.com\/magazine365\/#website","url":"https:\/\/eldigitaldeasturias.com\/magazine365\/","name":"El Digital de Asturias","description":"Revista de ocio, turismo y estilo de vida","inLanguage":"es-ES","publisher":{"@id":"https:\/\/eldigitaldeasturias.com\/magazine365\/#organization"}}]},"og:locale":"es_ES","og:site_name":"El Digital de Asturias \u2013 Revista de ocio, turismo y estilo de vida","og:type":"article","og:title":"Meli\u00e1 obtiene la licencia para un cinco estrellas en el centro de Barcelona | El Digital de Asturias","og:description":"El vicepresidente y consejero delegado de Meli\u00e1 Hotels International, Gabriel Escarrer, ha celebrado que la compa\u00f1\u00eda ha recibido esta semana la aprobaci\u00f3n de la licencia para construir un hotel de cinco estrellas en el centro de Barcelona, despu\u00e9s de nueve meses de paralizaci\u00f3n del proyecto debido a la moratoria del Ayuntamiento, y la previsi\u00f3n es","og:url":"https:\/\/eldigitaldeasturias.com\/magazine365\/melia-obtiene-la-licencia-para-un-cinco-estrellas-en-el-centro-de-barcelona\/","og:image":"https:\/\/eldigitaldeasturias.com\/magazine365\/wp-content\/uploads\/2016\/02\/fotonoticia_20160204110330_800.jpg","og:image:secure_url":"https:\/\/eldigitaldeasturias.com\/magazine365\/wp-content\/uploads\/2016\/02\/fotonoticia_20160204110330_800.jpg","og:image:width":800,"og:image:height":600,"article:published_time":"2016-02-06T19:21:27+00:00","article:modified_time":"2016-02-06T19:21:27+00:00","twitter:card":"summary_large_image","twitter:title":"Meli\u00e1 obtiene la licencia para un cinco estrellas en el centro de Barcelona | El Digital de Asturias","twitter:description":"El vicepresidente y consejero delegado de Meli\u00e1 Hotels International, Gabriel Escarrer, ha celebrado que la compa\u00f1\u00eda ha recibido esta semana la aprobaci\u00f3n de la licencia para construir un hotel de cinco estrellas en el centro de Barcelona, despu\u00e9s de nueve meses de paralizaci\u00f3n del proyecto debido a la moratoria del Ayuntamiento, y la previsi\u00f3n es","twitter:image":"https:\/\/eldigitaldeasturias.com\/magazine365\/wp-content\/uploads\/2016\/02\/fotonoticia_20160204110330_800.jpg"},"aioseo_meta_data":{"post_id":"63257","title":null,"description":null,"keywords":null,"keyphrases":null,"primary_term":null,"canonical_url":null,"og_title":null,"og_description":null,"og_object_type":"default","og_image_type":"default","og_image_url":null,"og_image_width":null,"og_image_height":null,"og_image_custom_url":null,"og_image_custom_fields":null,"og_video":null,"og_custom_url":null,"og_article_section":null,"og_article_tags":null,"twitter_use_og":false,"twitter_card":"default","twitter_image_type":"default","twitter_image_url":null,"twitter_image_custom_url":null,"twitter_image_custom_fields":null,"twitter_title":null,"twitter_description":null,"schema":{"blockGraphs":[],"customGraphs":[],"default":{"data":{"Article":[],"Course":[],"Dataset":[],"FAQPage":[],"Movie":[],"Person":[],"Product":[],"ProductReview":[],"Car":[],"Recipe":[],"Service":[],"SoftwareApplication":[],"WebPage":[]},"graphName":"","isEnabled":true},"graphs":[],"defaultGraph":"","defaultPostTypeGraph":""},"schema_type":null,"schema_type_options":null,"pillar_content":false,"robots_default":true,"robots_noindex":false,"robots_noarchive":false,"robots_nosnippet":false,"robots_nofollow":false,"robots_noimageindex":false,"robots_noodp":false,"robots_notranslate":false,"robots_max_snippet":null,"robots_max_videopreview":null,"robots_max_imagepreview":"large","priority":null,"frequency":null,"location":null,"local_seo":null,"seo_analyzer_scan_date":"2025-09-25 12:47:56","breadcrumb_settings":null,"limit_modified_date":false,"open_ai":null,"ai":null,"created":"2021-03-08 21:25:20","updated":"2025-09-25 12:47:56"},"aioseo_breadcrumb":"<div class=\"aioseo-breadcrumbs\"><span class=\"aioseo-breadcrumb\">\n\t<a href=\"https:\/\/eldigitaldeasturias.com\/magazine365\" title=\"Home\">Home<\/a>\n<\/span><span class=\"aioseo-breadcrumb-separator\">\u2013<\/span><span class=\"aioseo-breadcrumb\">\n\t<a href=\"https:\/\/eldigitaldeasturias.com\/magazine365\/category\/noticias-actualidad\/\" title=\"Noticias y Actualidad\">Noticias y Actualidad<\/a>\n<\/span><span class=\"aioseo-breadcrumb-separator\">\u2013<\/span><span class=\"aioseo-breadcrumb\">\n\t<a href=\"https:\/\/eldigitaldeasturias.com\/magazine365\/melia-obtiene-la-licencia-para-un-cinco-estrellas-en-el-centro-de-barcelona\/\" title=\"Meli\u00e1 obtiene la licencia para un cinco estrellas en el centro de Barcelona\">Meli\u00e1 obtiene la licencia para un cinco estrellas en el centro de Barcelona<\/a>\n<\/span><\/div>","aioseo_breadcrumb_json":[{"label":"Home","link":"https:\/\/eldigitaldeasturias.com\/magazine365"},{"label":"Noticias y Actualidad","link":"https:\/\/eldigitaldeasturias.com\/magazine365\/category\/noticias-actualidad\/"},{"label":"Meli\u00e1 obtiene la licencia para un cinco estrellas en el centro de Barcelona","link":"https:\/\/eldigitaldeasturias.com\/magazine365\/melia-obtiene-la-licencia-para-un-cinco-estrellas-en-el-centro-de-barcelona\/"}],"_links":{"self":[{"href":"https:\/\/eldigitaldeasturias.com\/magazine365\/wp-json\/wp\/v2\/posts\/63257","targetHints":{"allow":["GET"]}}],"collection":[{"href":"https:\/\/eldigitaldeasturias.com\/magazine365\/wp-json\/wp\/v2\/posts"}],"about":[{"href":"https:\/\/eldigitaldeasturias.com\/magazine365\/wp-json\/wp\/v2\/types\/post"}],"author":[{"embeddable":true,"href":"https:\/\/eldigitaldeasturias.com\/magazine365\/wp-json\/wp\/v2\/users\/1"}],"replies":[{"embeddable":true,"href":"https:\/\/eldigitaldeasturias.com\/magazine365\/wp-json\/wp\/v2\/comments?post=63257"}],"version-history":[{"count":0,"href":"https:\/\/eldigitaldeasturias.com\/magazine365\/wp-json\/wp\/v2\/posts\/63257\/revisions"}],"wp:featuredmedia":[{"embeddable":true,"href":"https:\/\/eldigitaldeasturias.com\/magazine365\/wp-json\/wp\/v2\/media\/63258"}],"wp:attachment":[{"href":"https:\/\/eldigitaldeasturias.com\/magazine365\/wp-json\/wp\/v2\/media?parent=63257"}],"wp:term":[{"taxonomy":"category","embeddable":true,"href":"https:\/\/eldigitaldeasturias.com\/magazine365\/wp-json\/wp\/v2\/categories?post=63257"},{"taxonomy":"post_tag","embeddable":true,"href":"https:\/\/eldigitaldeasturias.com\/magazine365\/wp-json\/wp\/v2\/tags?post=63257"}],"curies":[{"name":"wp","href":"https:\/\/api.w.org\/{rel}","templated":true}]}}