{"id":63251,"date":"2016-02-06T20:15:58","date_gmt":"2016-02-06T19:15:58","guid":{"rendered":"http:\/\/eldigitaldeasturias.com\/magazine365\/?p=63251"},"modified":"2016-02-06T20:15:58","modified_gmt":"2016-02-06T19:15:58","slug":"la-fundacion-cajasol-acoge-en-cordoba-la-ii-jornada-de-calidad-turistica","status":"publish","type":"post","link":"https:\/\/eldigitaldeasturias.com\/magazine365\/la-fundacion-cajasol-acoge-en-cordoba-la-ii-jornada-de-calidad-turistica\/","title":{"rendered":"La Fundaci\u00f3n Cajasol acoge en C\u00f3rdoba la II Jornada de Calidad Tur\u00edstica"},"content":{"rendered":"<p><img fetchpriority=\"high\" decoding=\"async\" class=\"alignleft size-medium wp-image-63252\" src=\"https:\/\/eldigitaldeasturias.com\/magazine365\/wp-content\/uploads\/2016\/02\/fotonoticia_20160204103546_800-360x270.jpg\" alt=\"fotonoticia_20160204103546_800\" width=\"360\" height=\"270\" srcset=\"https:\/\/eldigitaldeasturias.com\/magazine365\/wp-content\/uploads\/2016\/02\/fotonoticia_20160204103546_800-360x270.jpg 360w, https:\/\/eldigitaldeasturias.com\/magazine365\/wp-content\/uploads\/2016\/02\/fotonoticia_20160204103546_800-650x488.jpg 650w, https:\/\/eldigitaldeasturias.com\/magazine365\/wp-content\/uploads\/2016\/02\/fotonoticia_20160204103546_800-768x576.jpg 768w, https:\/\/eldigitaldeasturias.com\/magazine365\/wp-content\/uploads\/2016\/02\/fotonoticia_20160204103546_800-150x113.jpg 150w, https:\/\/eldigitaldeasturias.com\/magazine365\/wp-content\/uploads\/2016\/02\/fotonoticia_20160204103546_800-450x338.jpg 450w, https:\/\/eldigitaldeasturias.com\/magazine365\/wp-content\/uploads\/2016\/02\/fotonoticia_20160204103546_800-80x60.jpg 80w, https:\/\/eldigitaldeasturias.com\/magazine365\/wp-content\/uploads\/2016\/02\/fotonoticia_20160204103546_800-265x198.jpg 265w, https:\/\/eldigitaldeasturias.com\/magazine365\/wp-content\/uploads\/2016\/02\/fotonoticia_20160204103546_800-696x522.jpg 696w, https:\/\/eldigitaldeasturias.com\/magazine365\/wp-content\/uploads\/2016\/02\/fotonoticia_20160204103546_800-560x420.jpg 560w, https:\/\/eldigitaldeasturias.com\/magazine365\/wp-content\/uploads\/2016\/02\/fotonoticia_20160204103546_800-90x67.jpg 90w, https:\/\/eldigitaldeasturias.com\/magazine365\/wp-content\/uploads\/2016\/02\/fotonoticia_20160204103546_800-164x124.jpg 164w, https:\/\/eldigitaldeasturias.com\/magazine365\/wp-content\/uploads\/2016\/02\/fotonoticia_20160204103546_800-100x75.jpg 100w, https:\/\/eldigitaldeasturias.com\/magazine365\/wp-content\/uploads\/2016\/02\/fotonoticia_20160204103546_800.jpg 800w\" sizes=\"(max-width: 360px) 100vw, 360px\" \/>La Fundaci\u00f3n Cajasol en C\u00f3rdoba capital acoge este jueves desde las 10,00 horas la II Jornada de Calidad Tur\u00edstica de C\u00f3rdoba, organizada por el Consorcio de Turismo, con la presencia de unos cien asistentes, entre los que se encuentran agentes institucionales y sociales, empresarios, responsables de calidad, directores, personal de atenci\u00f3n directa al p\u00fablico de empresas y organismos p\u00fablicos o privados del sector tur\u00edstico y cultural.<\/p>\n<p>Las jornadas han sido presentadas el martes por el primer teniente de alcalde y delegado de Turismo del Ayuntamiento de C\u00f3rdoba, Pedro Garc\u00eda, quien ha resaltado que esta cita tiene \u00abuna importancia alta\u00bb para el Consistorio, dado que \u00abse habla de la atenci\u00f3n a los visitantes y la calidad con la que un turista est\u00e1 en la ciudad\u00bb, de modo que el gobierno local quiere \u00abpotenciar un turismo de calidad para desarrollar un modelo que permita m\u00e1s pernoctaciones\u00bb.<\/p>\n<p>En concreto, ha detallado que los objetivos son sensibilizar a los empresarios del sector tur\u00edstico, del \u00e1mbito p\u00fablico y privado, ampliando sus conocimientos y promoviendo una actitud positiva hacia un turismo de calidad; informar de las ventajas que representa la implantaci\u00f3n de un Sistema de Gesti\u00f3n de Calidad Tur\u00edstica (Sicted), y proporcionar ejemplos de buena pr\u00e1ctica de empresas certificadas con un Sistema de Calidad Tur\u00edstica.<\/p>\n<p>Al respecto, en C\u00f3rdoba hay un total de 54 empresas tur\u00edsticas adheridas al citado sistema, de las que 31 empresas cuentan con la distinci\u00f3n de calidad del Sicted, mientras que en Espa\u00f1a hay m\u00e1s de 5.000 empresas adheridas al sistema. As\u00ed, esperan diversificar y aumentar las empresas que se incorporan a dicho sistema, no solo hoteles y restaurantes, sino agencias de viajes, comerciantes y artesanos, entre otros.<\/p>\n<p>Mientras, la delegada de la Fundaci\u00f3n Cajasol en C\u00f3rdoba, Gloria Ruiz, ha destacado que la sede de la Fundaci\u00f3n es \u00abun espacio ideal para hallar y potenciar herramientas que sirvan para el impulso de la creaci\u00f3n de riqueza en el territorio\u00bb, algo que \u00abforma parte del AND de la Fundaci\u00f3n, dentro de las \u00e1reas de Formaci\u00f3n y Emprendimiento\u00bb.<\/p>\n<p>Adem\u00e1s, ha se\u00f1alado que \u00aba trav\u00e9s del Instituto de Estudios Cajasol se ha firmado un compromiso con el sector de empresarios de Andaluc\u00eda, fomentando sus iniciativas de emprendimiento y la formaci\u00f3n de los mismos en excelencia\u00bb, de manera que esta jornada \u00abencuadra perfectamente en la l\u00ednea\u00bb de la Fundaci\u00f3n Cajasol.<\/p>\n","protected":false},"excerpt":{"rendered":"<p>La Fundaci\u00f3n Cajasol en C\u00f3rdoba capital acoge este jueves desde las 10,00 horas la II Jornada de Calidad Tur\u00edstica de C\u00f3rdoba, organizada por el Consorcio de Turismo, con la presencia de unos cien asistentes, entre los que se encuentran agentes institucionales y sociales, empresarios, responsables de calidad, directores, personal de atenci\u00f3n directa al p\u00fablico de<\/p>\n","protected":false},"author":1,"featured_media":63252,"comment_status":"open","ping_status":"closed","sticky":false,"template":"","format":"standard","meta":{"footnotes":""},"categories":[224],"tags":[],"class_list":{"0":"post-63251","1":"post","2":"type-post","3":"status-publish","4":"format-standard","5":"has-post-thumbnail","7":"category-noticias-actualidad"},"aioseo_notices":[],"aioseo_head":"\n\t\t<!-- All in One SEO Pro 4.9.6.1 - aioseo.com -->\n\t<meta name=\"description\" content=\"La Fundaci\u00f3n Cajasol en C\u00f3rdoba capital acoge este jueves desde las 10,00 horas la II Jornada de Calidad Tur\u00edstica de C\u00f3rdoba, organizada por el Consorcio de Turismo, con la presencia de unos cien asistentes, entre los que se encuentran agentes institucionales y sociales, empresarios, responsables de calidad, directores, personal de atenci\u00f3n directa al p\u00fablico de\" \/>\n\t<meta name=\"robots\" content=\"max-image-preview:large\" \/>\n\t<meta name=\"author\" content=\"admin\"\/>\n\t<meta name=\"google-site-verification\" content=\"UA-38556648-1\" \/>\n\t<meta name=\"keywords\" content=\"noticias y actualidad\" \/>\n\t<link rel=\"canonical\" href=\"https:\/\/eldigitaldeasturias.com\/magazine365\/la-fundacion-cajasol-acoge-en-cordoba-la-ii-jornada-de-calidad-turistica\/\" \/>\n\t<meta name=\"generator\" content=\"All in One SEO Pro (AIOSEO) 4.9.6.1\" \/>\n\t\t<meta property=\"og:locale\" content=\"es_ES\" \/>\n\t\t<meta property=\"og:site_name\" content=\"El Digital de Asturias \u2013 Revista de ocio, turismo y estilo de vida\" \/>\n\t\t<meta property=\"og:type\" content=\"article\" \/>\n\t\t<meta property=\"og:title\" content=\"La Fundaci\u00f3n Cajasol acoge en C\u00f3rdoba la II Jornada de Calidad Tur\u00edstica | El Digital de Asturias\" \/>\n\t\t<meta property=\"og:description\" content=\"La Fundaci\u00f3n Cajasol en C\u00f3rdoba capital acoge este jueves desde las 10,00 horas la II Jornada de Calidad Tur\u00edstica de C\u00f3rdoba, organizada por el Consorcio de Turismo, con la presencia de unos cien asistentes, entre los que se encuentran agentes institucionales y sociales, empresarios, responsables de calidad, directores, personal de atenci\u00f3n directa al p\u00fablico de\" \/>\n\t\t<meta property=\"og:url\" content=\"https:\/\/eldigitaldeasturias.com\/magazine365\/la-fundacion-cajasol-acoge-en-cordoba-la-ii-jornada-de-calidad-turistica\/\" \/>\n\t\t<meta property=\"og:image\" content=\"https:\/\/eldigitaldeasturias.com\/magazine365\/wp-content\/uploads\/2016\/02\/fotonoticia_20160204103546_800.jpg\" \/>\n\t\t<meta property=\"og:image:secure_url\" content=\"https:\/\/eldigitaldeasturias.com\/magazine365\/wp-content\/uploads\/2016\/02\/fotonoticia_20160204103546_800.jpg\" \/>\n\t\t<meta property=\"og:image:width\" content=\"800\" \/>\n\t\t<meta property=\"og:image:height\" content=\"600\" \/>\n\t\t<meta property=\"article:published_time\" content=\"2016-02-06T19:15:58+00:00\" \/>\n\t\t<meta property=\"article:modified_time\" content=\"2016-02-06T19:15:58+00:00\" \/>\n\t\t<meta name=\"twitter:card\" content=\"summary_large_image\" \/>\n\t\t<meta name=\"twitter:title\" content=\"La Fundaci\u00f3n Cajasol acoge en C\u00f3rdoba la II Jornada de Calidad Tur\u00edstica | El Digital de Asturias\" \/>\n\t\t<meta name=\"twitter:description\" content=\"La Fundaci\u00f3n Cajasol en C\u00f3rdoba capital acoge este jueves desde las 10,00 horas la II Jornada de Calidad Tur\u00edstica de C\u00f3rdoba, organizada por el Consorcio de Turismo, con la presencia de unos cien asistentes, entre los que se encuentran agentes institucionales y sociales, empresarios, responsables de calidad, directores, personal de atenci\u00f3n directa al p\u00fablico de\" \/>\n\t\t<meta name=\"twitter:image\" content=\"https:\/\/eldigitaldeasturias.com\/magazine365\/wp-content\/uploads\/2016\/02\/fotonoticia_20160204103546_800.jpg\" \/>\n\t\t<script type=\"application\/ld+json\" class=\"aioseo-schema\">\n\t\t\t{\"@context\":\"https:\\\/\\\/schema.org\",\"@graph\":[{\"@type\":\"Article\",\"@id\":\"https:\\\/\\\/eldigitaldeasturias.com\\\/magazine365\\\/la-fundacion-cajasol-acoge-en-cordoba-la-ii-jornada-de-calidad-turistica\\\/#article\",\"name\":\"La Fundaci\\u00f3n Cajasol acoge en C\\u00f3rdoba la II Jornada de Calidad Tur\\u00edstica | El Digital de Asturias\",\"headline\":\"La Fundaci\\u00f3n Cajasol acoge en C\\u00f3rdoba la II Jornada de Calidad Tur\\u00edstica\",\"author\":{\"@id\":\"https:\\\/\\\/eldigitaldeasturias.com\\\/magazine365\\\/author\\\/admin\\\/#author\"},\"publisher\":{\"@id\":\"https:\\\/\\\/eldigitaldeasturias.com\\\/magazine365\\\/#organization\"},\"image\":{\"@type\":\"ImageObject\",\"url\":\"https:\\\/\\\/eldigitaldeasturias.com\\\/magazine365\\\/wp-content\\\/uploads\\\/2016\\\/02\\\/fotonoticia_20160204103546_800.jpg\",\"width\":800,\"height\":600},\"datePublished\":\"2016-02-06T20:15:58+01:00\",\"dateModified\":\"2016-02-06T20:15:58+01:00\",\"inLanguage\":\"es-ES\",\"mainEntityOfPage\":{\"@id\":\"https:\\\/\\\/eldigitaldeasturias.com\\\/magazine365\\\/la-fundacion-cajasol-acoge-en-cordoba-la-ii-jornada-de-calidad-turistica\\\/#webpage\"},\"isPartOf\":{\"@id\":\"https:\\\/\\\/eldigitaldeasturias.com\\\/magazine365\\\/la-fundacion-cajasol-acoge-en-cordoba-la-ii-jornada-de-calidad-turistica\\\/#webpage\"},\"articleSection\":\"Noticias y Actualidad\"},{\"@type\":\"BreadcrumbList\",\"@id\":\"https:\\\/\\\/eldigitaldeasturias.com\\\/magazine365\\\/la-fundacion-cajasol-acoge-en-cordoba-la-ii-jornada-de-calidad-turistica\\\/#breadcrumblist\",\"itemListElement\":[{\"@type\":\"ListItem\",\"@id\":\"https:\\\/\\\/eldigitaldeasturias.com\\\/magazine365#listItem\",\"position\":1,\"name\":\"Home\",\"item\":\"https:\\\/\\\/eldigitaldeasturias.com\\\/magazine365\",\"nextItem\":{\"@type\":\"ListItem\",\"@id\":\"https:\\\/\\\/eldigitaldeasturias.com\\\/magazine365\\\/category\\\/noticias-actualidad\\\/#listItem\",\"name\":\"Noticias y Actualidad\"}},{\"@type\":\"ListItem\",\"@id\":\"https:\\\/\\\/eldigitaldeasturias.com\\\/magazine365\\\/category\\\/noticias-actualidad\\\/#listItem\",\"position\":2,\"name\":\"Noticias y Actualidad\",\"item\":\"https:\\\/\\\/eldigitaldeasturias.com\\\/magazine365\\\/category\\\/noticias-actualidad\\\/\",\"nextItem\":{\"@type\":\"ListItem\",\"@id\":\"https:\\\/\\\/eldigitaldeasturias.com\\\/magazine365\\\/la-fundacion-cajasol-acoge-en-cordoba-la-ii-jornada-de-calidad-turistica\\\/#listItem\",\"name\":\"La Fundaci\\u00f3n Cajasol acoge en C\\u00f3rdoba la II Jornada de Calidad Tur\\u00edstica\"},\"previousItem\":{\"@type\":\"ListItem\",\"@id\":\"https:\\\/\\\/eldigitaldeasturias.com\\\/magazine365#listItem\",\"name\":\"Home\"}},{\"@type\":\"ListItem\",\"@id\":\"https:\\\/\\\/eldigitaldeasturias.com\\\/magazine365\\\/la-fundacion-cajasol-acoge-en-cordoba-la-ii-jornada-de-calidad-turistica\\\/#listItem\",\"position\":3,\"name\":\"La Fundaci\\u00f3n Cajasol acoge en C\\u00f3rdoba la II Jornada de Calidad Tur\\u00edstica\",\"previousItem\":{\"@type\":\"ListItem\",\"@id\":\"https:\\\/\\\/eldigitaldeasturias.com\\\/magazine365\\\/category\\\/noticias-actualidad\\\/#listItem\",\"name\":\"Noticias y Actualidad\"}}]},{\"@type\":\"Organization\",\"@id\":\"https:\\\/\\\/eldigitaldeasturias.com\\\/magazine365\\\/#organization\",\"name\":\"El digital de Asturias\",\"description\":\"Revista de ocio, turismo y estilo de vida\",\"url\":\"https:\\\/\\\/eldigitaldeasturias.com\\\/magazine365\\\/\",\"logo\":{\"@type\":\"ImageObject\",\"url\":\"https:\\\/\\\/www.eldigitaldeasturias.com\\\/noticias\\\/wp-content\\\/uploads\\\/2020\\\/12\\\/EDA.jpg\",\"@id\":\"https:\\\/\\\/eldigitaldeasturias.com\\\/magazine365\\\/la-fundacion-cajasol-acoge-en-cordoba-la-ii-jornada-de-calidad-turistica\\\/#organizationLogo\"},\"image\":{\"@id\":\"https:\\\/\\\/eldigitaldeasturias.com\\\/magazine365\\\/la-fundacion-cajasol-acoge-en-cordoba-la-ii-jornada-de-calidad-turistica\\\/#organizationLogo\"}},{\"@type\":\"Person\",\"@id\":\"https:\\\/\\\/eldigitaldeasturias.com\\\/magazine365\\\/author\\\/admin\\\/#author\",\"url\":\"https:\\\/\\\/eldigitaldeasturias.com\\\/magazine365\\\/author\\\/admin\\\/\",\"name\":\"admin\",\"image\":{\"@type\":\"ImageObject\",\"@id\":\"https:\\\/\\\/eldigitaldeasturias.com\\\/magazine365\\\/la-fundacion-cajasol-acoge-en-cordoba-la-ii-jornada-de-calidad-turistica\\\/#authorImage\",\"url\":\"https:\\\/\\\/eldigitaldeasturias.com\\\/magazine365\\\/wp-content\\\/litespeed\\\/avatar\\\/e571bcf59a0edd6fa6838245a470f2fe.jpg?ver=1776969259\",\"width\":96,\"height\":96,\"caption\":\"admin\"}},{\"@type\":\"WebPage\",\"@id\":\"https:\\\/\\\/eldigitaldeasturias.com\\\/magazine365\\\/la-fundacion-cajasol-acoge-en-cordoba-la-ii-jornada-de-calidad-turistica\\\/#webpage\",\"url\":\"https:\\\/\\\/eldigitaldeasturias.com\\\/magazine365\\\/la-fundacion-cajasol-acoge-en-cordoba-la-ii-jornada-de-calidad-turistica\\\/\",\"name\":\"La Fundaci\\u00f3n Cajasol acoge en C\\u00f3rdoba la II Jornada de Calidad Tur\\u00edstica | El Digital de Asturias\",\"description\":\"La Fundaci\\u00f3n Cajasol en C\\u00f3rdoba capital acoge este jueves desde las 10,00 horas la II Jornada de Calidad Tur\\u00edstica de C\\u00f3rdoba, organizada por el Consorcio de Turismo, con la presencia de unos cien asistentes, entre los que se encuentran agentes institucionales y sociales, empresarios, responsables de calidad, directores, personal de atenci\\u00f3n directa al p\\u00fablico de\",\"inLanguage\":\"es-ES\",\"isPartOf\":{\"@id\":\"https:\\\/\\\/eldigitaldeasturias.com\\\/magazine365\\\/#website\"},\"breadcrumb\":{\"@id\":\"https:\\\/\\\/eldigitaldeasturias.com\\\/magazine365\\\/la-fundacion-cajasol-acoge-en-cordoba-la-ii-jornada-de-calidad-turistica\\\/#breadcrumblist\"},\"author\":{\"@id\":\"https:\\\/\\\/eldigitaldeasturias.com\\\/magazine365\\\/author\\\/admin\\\/#author\"},\"creator\":{\"@id\":\"https:\\\/\\\/eldigitaldeasturias.com\\\/magazine365\\\/author\\\/admin\\\/#author\"},\"image\":{\"@type\":\"ImageObject\",\"url\":\"https:\\\/\\\/eldigitaldeasturias.com\\\/magazine365\\\/wp-content\\\/uploads\\\/2016\\\/02\\\/fotonoticia_20160204103546_800.jpg\",\"@id\":\"https:\\\/\\\/eldigitaldeasturias.com\\\/magazine365\\\/la-fundacion-cajasol-acoge-en-cordoba-la-ii-jornada-de-calidad-turistica\\\/#mainImage\",\"width\":800,\"height\":600},\"primaryImageOfPage\":{\"@id\":\"https:\\\/\\\/eldigitaldeasturias.com\\\/magazine365\\\/la-fundacion-cajasol-acoge-en-cordoba-la-ii-jornada-de-calidad-turistica\\\/#mainImage\"},\"datePublished\":\"2016-02-06T20:15:58+01:00\",\"dateModified\":\"2016-02-06T20:15:58+01:00\"},{\"@type\":\"WebSite\",\"@id\":\"https:\\\/\\\/eldigitaldeasturias.com\\\/magazine365\\\/#website\",\"url\":\"https:\\\/\\\/eldigitaldeasturias.com\\\/magazine365\\\/\",\"name\":\"El Digital de Asturias\",\"description\":\"Revista de ocio, turismo y estilo de vida\",\"inLanguage\":\"es-ES\",\"publisher\":{\"@id\":\"https:\\\/\\\/eldigitaldeasturias.com\\\/magazine365\\\/#organization\"}}]}\n\t\t<\/script>\n\t\t<!-- All in One SEO Pro -->\r\n\t\t<title>La Fundaci\u00f3n Cajasol acoge en C\u00f3rdoba la II Jornada de Calidad Tur\u00edstica | El Digital de Asturias<\/title>\n\n","aioseo_head_json":{"title":"La Fundaci\u00f3n Cajasol acoge en C\u00f3rdoba la II Jornada de Calidad Tur\u00edstica | El Digital de Asturias","description":"La Fundaci\u00f3n Cajasol en C\u00f3rdoba capital acoge este jueves desde las 10,00 horas la II Jornada de Calidad Tur\u00edstica de C\u00f3rdoba, organizada por el Consorcio de Turismo, con la presencia de unos cien asistentes, entre los que se encuentran agentes institucionales y sociales, empresarios, responsables de calidad, directores, personal de atenci\u00f3n directa al p\u00fablico de","canonical_url":"https:\/\/eldigitaldeasturias.com\/magazine365\/la-fundacion-cajasol-acoge-en-cordoba-la-ii-jornada-de-calidad-turistica\/","robots":"max-image-preview:large","keywords":"noticias y actualidad","webmasterTools":{"google-site-verification":"UA-38556648-1","miscellaneous":""},"schema":{"@context":"https:\/\/schema.org","@graph":[{"@type":"Article","@id":"https:\/\/eldigitaldeasturias.com\/magazine365\/la-fundacion-cajasol-acoge-en-cordoba-la-ii-jornada-de-calidad-turistica\/#article","name":"La Fundaci\u00f3n Cajasol acoge en C\u00f3rdoba la II Jornada de Calidad Tur\u00edstica | El Digital de Asturias","headline":"La Fundaci\u00f3n Cajasol acoge en C\u00f3rdoba la II Jornada de Calidad Tur\u00edstica","author":{"@id":"https:\/\/eldigitaldeasturias.com\/magazine365\/author\/admin\/#author"},"publisher":{"@id":"https:\/\/eldigitaldeasturias.com\/magazine365\/#organization"},"image":{"@type":"ImageObject","url":"https:\/\/eldigitaldeasturias.com\/magazine365\/wp-content\/uploads\/2016\/02\/fotonoticia_20160204103546_800.jpg","width":800,"height":600},"datePublished":"2016-02-06T20:15:58+01:00","dateModified":"2016-02-06T20:15:58+01:00","inLanguage":"es-ES","mainEntityOfPage":{"@id":"https:\/\/eldigitaldeasturias.com\/magazine365\/la-fundacion-cajasol-acoge-en-cordoba-la-ii-jornada-de-calidad-turistica\/#webpage"},"isPartOf":{"@id":"https:\/\/eldigitaldeasturias.com\/magazine365\/la-fundacion-cajasol-acoge-en-cordoba-la-ii-jornada-de-calidad-turistica\/#webpage"},"articleSection":"Noticias y Actualidad"},{"@type":"BreadcrumbList","@id":"https:\/\/eldigitaldeasturias.com\/magazine365\/la-fundacion-cajasol-acoge-en-cordoba-la-ii-jornada-de-calidad-turistica\/#breadcrumblist","itemListElement":[{"@type":"ListItem","@id":"https:\/\/eldigitaldeasturias.com\/magazine365#listItem","position":1,"name":"Home","item":"https:\/\/eldigitaldeasturias.com\/magazine365","nextItem":{"@type":"ListItem","@id":"https:\/\/eldigitaldeasturias.com\/magazine365\/category\/noticias-actualidad\/#listItem","name":"Noticias y Actualidad"}},{"@type":"ListItem","@id":"https:\/\/eldigitaldeasturias.com\/magazine365\/category\/noticias-actualidad\/#listItem","position":2,"name":"Noticias y Actualidad","item":"https:\/\/eldigitaldeasturias.com\/magazine365\/category\/noticias-actualidad\/","nextItem":{"@type":"ListItem","@id":"https:\/\/eldigitaldeasturias.com\/magazine365\/la-fundacion-cajasol-acoge-en-cordoba-la-ii-jornada-de-calidad-turistica\/#listItem","name":"La Fundaci\u00f3n Cajasol acoge en C\u00f3rdoba la II Jornada de Calidad Tur\u00edstica"},"previousItem":{"@type":"ListItem","@id":"https:\/\/eldigitaldeasturias.com\/magazine365#listItem","name":"Home"}},{"@type":"ListItem","@id":"https:\/\/eldigitaldeasturias.com\/magazine365\/la-fundacion-cajasol-acoge-en-cordoba-la-ii-jornada-de-calidad-turistica\/#listItem","position":3,"name":"La Fundaci\u00f3n Cajasol acoge en C\u00f3rdoba la II Jornada de Calidad Tur\u00edstica","previousItem":{"@type":"ListItem","@id":"https:\/\/eldigitaldeasturias.com\/magazine365\/category\/noticias-actualidad\/#listItem","name":"Noticias y Actualidad"}}]},{"@type":"Organization","@id":"https:\/\/eldigitaldeasturias.com\/magazine365\/#organization","name":"El digital de Asturias","description":"Revista de ocio, turismo y estilo de vida","url":"https:\/\/eldigitaldeasturias.com\/magazine365\/","logo":{"@type":"ImageObject","url":"https:\/\/www.eldigitaldeasturias.com\/noticias\/wp-content\/uploads\/2020\/12\/EDA.jpg","@id":"https:\/\/eldigitaldeasturias.com\/magazine365\/la-fundacion-cajasol-acoge-en-cordoba-la-ii-jornada-de-calidad-turistica\/#organizationLogo"},"image":{"@id":"https:\/\/eldigitaldeasturias.com\/magazine365\/la-fundacion-cajasol-acoge-en-cordoba-la-ii-jornada-de-calidad-turistica\/#organizationLogo"}},{"@type":"Person","@id":"https:\/\/eldigitaldeasturias.com\/magazine365\/author\/admin\/#author","url":"https:\/\/eldigitaldeasturias.com\/magazine365\/author\/admin\/","name":"admin","image":{"@type":"ImageObject","@id":"https:\/\/eldigitaldeasturias.com\/magazine365\/la-fundacion-cajasol-acoge-en-cordoba-la-ii-jornada-de-calidad-turistica\/#authorImage","url":"https:\/\/eldigitaldeasturias.com\/magazine365\/wp-content\/litespeed\/avatar\/e571bcf59a0edd6fa6838245a470f2fe.jpg?ver=1776969259","width":96,"height":96,"caption":"admin"}},{"@type":"WebPage","@id":"https:\/\/eldigitaldeasturias.com\/magazine365\/la-fundacion-cajasol-acoge-en-cordoba-la-ii-jornada-de-calidad-turistica\/#webpage","url":"https:\/\/eldigitaldeasturias.com\/magazine365\/la-fundacion-cajasol-acoge-en-cordoba-la-ii-jornada-de-calidad-turistica\/","name":"La Fundaci\u00f3n Cajasol acoge en C\u00f3rdoba la II Jornada de Calidad Tur\u00edstica | El Digital de Asturias","description":"La Fundaci\u00f3n Cajasol en C\u00f3rdoba capital acoge este jueves desde las 10,00 horas la II Jornada de Calidad Tur\u00edstica de C\u00f3rdoba, organizada por el Consorcio de Turismo, con la presencia de unos cien asistentes, entre los que se encuentran agentes institucionales y sociales, empresarios, responsables de calidad, directores, personal de atenci\u00f3n directa al p\u00fablico de","inLanguage":"es-ES","isPartOf":{"@id":"https:\/\/eldigitaldeasturias.com\/magazine365\/#website"},"breadcrumb":{"@id":"https:\/\/eldigitaldeasturias.com\/magazine365\/la-fundacion-cajasol-acoge-en-cordoba-la-ii-jornada-de-calidad-turistica\/#breadcrumblist"},"author":{"@id":"https:\/\/eldigitaldeasturias.com\/magazine365\/author\/admin\/#author"},"creator":{"@id":"https:\/\/eldigitaldeasturias.com\/magazine365\/author\/admin\/#author"},"image":{"@type":"ImageObject","url":"https:\/\/eldigitaldeasturias.com\/magazine365\/wp-content\/uploads\/2016\/02\/fotonoticia_20160204103546_800.jpg","@id":"https:\/\/eldigitaldeasturias.com\/magazine365\/la-fundacion-cajasol-acoge-en-cordoba-la-ii-jornada-de-calidad-turistica\/#mainImage","width":800,"height":600},"primaryImageOfPage":{"@id":"https:\/\/eldigitaldeasturias.com\/magazine365\/la-fundacion-cajasol-acoge-en-cordoba-la-ii-jornada-de-calidad-turistica\/#mainImage"},"datePublished":"2016-02-06T20:15:58+01:00","dateModified":"2016-02-06T20:15:58+01:00"},{"@type":"WebSite","@id":"https:\/\/eldigitaldeasturias.com\/magazine365\/#website","url":"https:\/\/eldigitaldeasturias.com\/magazine365\/","name":"El Digital de Asturias","description":"Revista de ocio, turismo y estilo de vida","inLanguage":"es-ES","publisher":{"@id":"https:\/\/eldigitaldeasturias.com\/magazine365\/#organization"}}]},"og:locale":"es_ES","og:site_name":"El Digital de Asturias \u2013 Revista de ocio, turismo y estilo de vida","og:type":"article","og:title":"La Fundaci\u00f3n Cajasol acoge en C\u00f3rdoba la II Jornada de Calidad Tur\u00edstica | El Digital de Asturias","og:description":"La Fundaci\u00f3n Cajasol en C\u00f3rdoba capital acoge este jueves desde las 10,00 horas la II Jornada de Calidad Tur\u00edstica de C\u00f3rdoba, organizada por el Consorcio de Turismo, con la presencia de unos cien asistentes, entre los que se encuentran agentes institucionales y sociales, empresarios, responsables de calidad, directores, personal de atenci\u00f3n directa al p\u00fablico de","og:url":"https:\/\/eldigitaldeasturias.com\/magazine365\/la-fundacion-cajasol-acoge-en-cordoba-la-ii-jornada-de-calidad-turistica\/","og:image":"https:\/\/eldigitaldeasturias.com\/magazine365\/wp-content\/uploads\/2016\/02\/fotonoticia_20160204103546_800.jpg","og:image:secure_url":"https:\/\/eldigitaldeasturias.com\/magazine365\/wp-content\/uploads\/2016\/02\/fotonoticia_20160204103546_800.jpg","og:image:width":800,"og:image:height":600,"article:published_time":"2016-02-06T19:15:58+00:00","article:modified_time":"2016-02-06T19:15:58+00:00","twitter:card":"summary_large_image","twitter:title":"La Fundaci\u00f3n Cajasol acoge en C\u00f3rdoba la II Jornada de Calidad Tur\u00edstica | El Digital de Asturias","twitter:description":"La Fundaci\u00f3n Cajasol en C\u00f3rdoba capital acoge este jueves desde las 10,00 horas la II Jornada de Calidad Tur\u00edstica de C\u00f3rdoba, organizada por el Consorcio de Turismo, con la presencia de unos cien asistentes, entre los que se encuentran agentes institucionales y sociales, empresarios, responsables de calidad, directores, personal de atenci\u00f3n directa al p\u00fablico de","twitter:image":"https:\/\/eldigitaldeasturias.com\/magazine365\/wp-content\/uploads\/2016\/02\/fotonoticia_20160204103546_800.jpg"},"aioseo_meta_data":{"post_id":"63251","title":null,"description":null,"keywords":null,"keyphrases":null,"primary_term":null,"canonical_url":null,"og_title":null,"og_description":null,"og_object_type":"default","og_image_type":"default","og_image_url":null,"og_image_width":null,"og_image_height":null,"og_image_custom_url":null,"og_image_custom_fields":null,"og_video":null,"og_custom_url":null,"og_article_section":null,"og_article_tags":null,"twitter_use_og":false,"twitter_card":"default","twitter_image_type":"default","twitter_image_url":null,"twitter_image_custom_url":null,"twitter_image_custom_fields":null,"twitter_title":null,"twitter_description":null,"schema":{"blockGraphs":[],"customGraphs":[],"default":{"data":{"Article":[],"Course":[],"Dataset":[],"FAQPage":[],"Movie":[],"Person":[],"Product":[],"ProductReview":[],"Car":[],"Recipe":[],"Service":[],"SoftwareApplication":[],"WebPage":[]},"graphName":"","isEnabled":true},"graphs":[],"defaultGraph":"","defaultPostTypeGraph":""},"schema_type":null,"schema_type_options":null,"pillar_content":false,"robots_default":true,"robots_noindex":false,"robots_noarchive":false,"robots_nosnippet":false,"robots_nofollow":false,"robots_noimageindex":false,"robots_noodp":false,"robots_notranslate":false,"robots_max_snippet":null,"robots_max_videopreview":null,"robots_max_imagepreview":"large","priority":null,"frequency":null,"location":null,"local_seo":null,"seo_analyzer_scan_date":"2025-09-25 12:47:53","breadcrumb_settings":null,"limit_modified_date":false,"open_ai":null,"ai":null,"created":"2021-03-08 21:25:20","updated":"2025-09-25 12:47:53"},"aioseo_breadcrumb":"<div class=\"aioseo-breadcrumbs\"><span class=\"aioseo-breadcrumb\">\n\t<a href=\"https:\/\/eldigitaldeasturias.com\/magazine365\" title=\"Home\">Home<\/a>\n<\/span><span class=\"aioseo-breadcrumb-separator\">\u2013<\/span><span class=\"aioseo-breadcrumb\">\n\t<a href=\"https:\/\/eldigitaldeasturias.com\/magazine365\/category\/noticias-actualidad\/\" title=\"Noticias y Actualidad\">Noticias y Actualidad<\/a>\n<\/span><span class=\"aioseo-breadcrumb-separator\">\u2013<\/span><span class=\"aioseo-breadcrumb\">\n\t<a href=\"https:\/\/eldigitaldeasturias.com\/magazine365\/la-fundacion-cajasol-acoge-en-cordoba-la-ii-jornada-de-calidad-turistica\/\" title=\"La Fundaci\u00f3n Cajasol acoge en C\u00f3rdoba la II Jornada de Calidad Tur\u00edstica\">La Fundaci\u00f3n Cajasol acoge en C\u00f3rdoba la II Jornada de Calidad Tur\u00edstica<\/a>\n<\/span><\/div>","aioseo_breadcrumb_json":[{"label":"Home","link":"https:\/\/eldigitaldeasturias.com\/magazine365"},{"label":"Noticias y Actualidad","link":"https:\/\/eldigitaldeasturias.com\/magazine365\/category\/noticias-actualidad\/"},{"label":"La Fundaci\u00f3n Cajasol acoge en C\u00f3rdoba la II Jornada de Calidad Tur\u00edstica","link":"https:\/\/eldigitaldeasturias.com\/magazine365\/la-fundacion-cajasol-acoge-en-cordoba-la-ii-jornada-de-calidad-turistica\/"}],"_links":{"self":[{"href":"https:\/\/eldigitaldeasturias.com\/magazine365\/wp-json\/wp\/v2\/posts\/63251","targetHints":{"allow":["GET"]}}],"collection":[{"href":"https:\/\/eldigitaldeasturias.com\/magazine365\/wp-json\/wp\/v2\/posts"}],"about":[{"href":"https:\/\/eldigitaldeasturias.com\/magazine365\/wp-json\/wp\/v2\/types\/post"}],"author":[{"embeddable":true,"href":"https:\/\/eldigitaldeasturias.com\/magazine365\/wp-json\/wp\/v2\/users\/1"}],"replies":[{"embeddable":true,"href":"https:\/\/eldigitaldeasturias.com\/magazine365\/wp-json\/wp\/v2\/comments?post=63251"}],"version-history":[{"count":0,"href":"https:\/\/eldigitaldeasturias.com\/magazine365\/wp-json\/wp\/v2\/posts\/63251\/revisions"}],"wp:featuredmedia":[{"embeddable":true,"href":"https:\/\/eldigitaldeasturias.com\/magazine365\/wp-json\/wp\/v2\/media\/63252"}],"wp:attachment":[{"href":"https:\/\/eldigitaldeasturias.com\/magazine365\/wp-json\/wp\/v2\/media?parent=63251"}],"wp:term":[{"taxonomy":"category","embeddable":true,"href":"https:\/\/eldigitaldeasturias.com\/magazine365\/wp-json\/wp\/v2\/categories?post=63251"},{"taxonomy":"post_tag","embeddable":true,"href":"https:\/\/eldigitaldeasturias.com\/magazine365\/wp-json\/wp\/v2\/tags?post=63251"}],"curies":[{"name":"wp","href":"https:\/\/api.w.org\/{rel}","templated":true}]}}