{"id":63248,"date":"2016-02-06T20:13:01","date_gmt":"2016-02-06T19:13:01","guid":{"rendered":"http:\/\/eldigitaldeasturias.com\/magazine365\/?p=63248"},"modified":"2016-02-06T20:13:01","modified_gmt":"2016-02-06T19:13:01","slug":"la-aerolinea-internacional-de-pakistan-cancela-indefinidamente-sus-vuelos-nacionales-e-internacionales","status":"publish","type":"post","link":"https:\/\/eldigitaldeasturias.com\/magazine365\/la-aerolinea-internacional-de-pakistan-cancela-indefinidamente-sus-vuelos-nacionales-e-internacionales\/","title":{"rendered":"La Aerol\u00ednea Internacional de Pakist\u00e1n cancela indefinidamente sus vuelos nacionales e internacionales"},"content":{"rendered":"<p><img fetchpriority=\"high\" decoding=\"async\" class=\"alignleft size-medium wp-image-63249\" src=\"https:\/\/eldigitaldeasturias.com\/magazine365\/wp-content\/uploads\/2016\/02\/fotonoticia_20160204100501_800-360x255.jpg\" alt=\"fotonoticia_20160204100501_800\" width=\"360\" height=\"255\" srcset=\"https:\/\/eldigitaldeasturias.com\/magazine365\/wp-content\/uploads\/2016\/02\/fotonoticia_20160204100501_800-360x255.jpg 360w, https:\/\/eldigitaldeasturias.com\/magazine365\/wp-content\/uploads\/2016\/02\/fotonoticia_20160204100501_800-650x461.jpg 650w, https:\/\/eldigitaldeasturias.com\/magazine365\/wp-content\/uploads\/2016\/02\/fotonoticia_20160204100501_800-768x544.jpg 768w, https:\/\/eldigitaldeasturias.com\/magazine365\/wp-content\/uploads\/2016\/02\/fotonoticia_20160204100501_800-150x106.jpg 150w, https:\/\/eldigitaldeasturias.com\/magazine365\/wp-content\/uploads\/2016\/02\/fotonoticia_20160204100501_800-450x319.jpg 450w, https:\/\/eldigitaldeasturias.com\/magazine365\/wp-content\/uploads\/2016\/02\/fotonoticia_20160204100501_800-100x70.jpg 100w, https:\/\/eldigitaldeasturias.com\/magazine365\/wp-content\/uploads\/2016\/02\/fotonoticia_20160204100501_800-696x493.jpg 696w, https:\/\/eldigitaldeasturias.com\/magazine365\/wp-content\/uploads\/2016\/02\/fotonoticia_20160204100501_800-593x420.jpg 593w, https:\/\/eldigitaldeasturias.com\/magazine365\/wp-content\/uploads\/2016\/02\/fotonoticia_20160204100501_800.jpg 800w\" sizes=\"(max-width: 360px) 100vw, 360px\" \/>La Aerol\u00ednea Internacional de Pakist\u00e1n (PIA) ha cancelado todos sus vuelos nacionales e internacionales, en el tercer d\u00eda de una huelga que se ha saldado hasta el momento con la muerte de dos empleados durante una manifestaci\u00f3n.<\/p>\n<p>Representantes de la aerol\u00ednea en los aeropuertos internacionales de Karachi, Islamabad, Lahore y Peshawar han confirmado las cancelaciones, resaltando que las mismas \u00abtienen car\u00e1cter indefinido\u00bb, seg\u00fan ha informado el diario local &#8216;Dawn&#8217;.<\/p>\n<p>El portavoz de la Autoridad de Aviaci\u00f3n Civil (CAA), Pervez George, ha afirmado que las autoridades han reclamado a la aerol\u00ednea privada Airblue que acomode a los pasajeros afectados por las cancelaciones.<\/p>\n<p>El presidente de PIA, Nasser Jaffer, anunci\u00f3 el martes su dimisi\u00f3n tras la muerte de dos trabajadores durante una manifestaci\u00f3n contra la privatizaci\u00f3n de la empresa, afirmando que su conciencia \u00abno le permite\u00bb seguir al frente de la compa\u00f1\u00eda.<\/p>\n<p>Por su parte, el primer ministro paquistan\u00ed, Nawaz Sharif, ha advertido de que los empleados que contin\u00faen con las protestas ser\u00e1n despedidos y enviados a prisi\u00f3n durante un a\u00f1o, al tiempo que ha prometido que los que trabajen pese a la huelga recibir\u00e1n recompensas.<\/p>\n<p>Sharif ha acusado a los huelguistas de PIA de \u00abpolitizar la privatizaci\u00f3n\u00bb recurriendo a los paros, y ha recurrido ya a una medida que proh\u00edbe a los trabajadores participar en actividades sindicales durante un periodo de seis meses.<\/p>\n<p>El ministro del Interior, Chaudhry Nisar Al\u00ed Jan, ha lamentado la muerte de los dos trabajadores en las manifestaciones, si bien ha subrayado que \u00abes inaceptable criticar a las fuerzas de seguridad sin pruebas\u00bb.<\/p>\n","protected":false},"excerpt":{"rendered":"<p>La Aerol\u00ednea Internacional de Pakist\u00e1n (PIA) ha cancelado todos sus vuelos nacionales e internacionales, en el tercer d\u00eda de una huelga que se ha saldado hasta el momento con la muerte de dos empleados durante una manifestaci\u00f3n. Representantes de la aerol\u00ednea en los aeropuertos internacionales de Karachi, Islamabad, Lahore y Peshawar han confirmado las cancelaciones,<\/p>\n","protected":false},"author":1,"featured_media":63249,"comment_status":"open","ping_status":"closed","sticky":false,"template":"","format":"standard","meta":{"footnotes":""},"categories":[224],"tags":[],"class_list":{"0":"post-63248","1":"post","2":"type-post","3":"status-publish","4":"format-standard","5":"has-post-thumbnail","7":"category-noticias-actualidad"},"aioseo_notices":[],"aioseo_head":"\n\t\t<!-- All in One SEO Pro 4.9.6.1 - aioseo.com -->\n\t<meta name=\"description\" content=\"La Aerol\u00ednea Internacional de Pakist\u00e1n (PIA) ha cancelado todos sus vuelos nacionales e internacionales, en el tercer d\u00eda de una huelga que se ha saldado hasta el momento con la muerte de dos empleados durante una manifestaci\u00f3n. Representantes de la aerol\u00ednea en los aeropuertos internacionales de Karachi, Islamabad, Lahore y Peshawar han confirmado las cancelaciones,\" \/>\n\t<meta name=\"robots\" content=\"max-image-preview:large\" \/>\n\t<meta name=\"author\" content=\"admin\"\/>\n\t<meta name=\"google-site-verification\" content=\"UA-38556648-1\" \/>\n\t<meta name=\"keywords\" content=\"noticias y actualidad\" \/>\n\t<link rel=\"canonical\" href=\"https:\/\/eldigitaldeasturias.com\/magazine365\/la-aerolinea-internacional-de-pakistan-cancela-indefinidamente-sus-vuelos-nacionales-e-internacionales\/\" \/>\n\t<meta name=\"generator\" content=\"All in One SEO Pro (AIOSEO) 4.9.6.1\" \/>\n\t\t<meta property=\"og:locale\" content=\"es_ES\" \/>\n\t\t<meta property=\"og:site_name\" content=\"El Digital de Asturias \u2013 Revista de ocio, turismo y estilo de vida\" \/>\n\t\t<meta property=\"og:type\" content=\"article\" \/>\n\t\t<meta property=\"og:title\" content=\"La Aerol\u00ednea Internacional de Pakist\u00e1n cancela indefinidamente sus vuelos nacionales e internacionales | El Digital de Asturias\" \/>\n\t\t<meta property=\"og:description\" content=\"La Aerol\u00ednea Internacional de Pakist\u00e1n (PIA) ha cancelado todos sus vuelos nacionales e internacionales, en el tercer d\u00eda de una huelga que se ha saldado hasta el momento con la muerte de dos empleados durante una manifestaci\u00f3n. Representantes de la aerol\u00ednea en los aeropuertos internacionales de Karachi, Islamabad, Lahore y Peshawar han confirmado las cancelaciones,\" \/>\n\t\t<meta property=\"og:url\" content=\"https:\/\/eldigitaldeasturias.com\/magazine365\/la-aerolinea-internacional-de-pakistan-cancela-indefinidamente-sus-vuelos-nacionales-e-internacionales\/\" \/>\n\t\t<meta property=\"og:image\" content=\"https:\/\/eldigitaldeasturias.com\/magazine365\/wp-content\/uploads\/2016\/02\/fotonoticia_20160204100501_800.jpg\" \/>\n\t\t<meta property=\"og:image:secure_url\" content=\"https:\/\/eldigitaldeasturias.com\/magazine365\/wp-content\/uploads\/2016\/02\/fotonoticia_20160204100501_800.jpg\" \/>\n\t\t<meta property=\"og:image:width\" content=\"800\" \/>\n\t\t<meta property=\"og:image:height\" content=\"567\" \/>\n\t\t<meta property=\"article:published_time\" content=\"2016-02-06T19:13:01+00:00\" \/>\n\t\t<meta property=\"article:modified_time\" content=\"2016-02-06T19:13:01+00:00\" \/>\n\t\t<meta name=\"twitter:card\" content=\"summary_large_image\" \/>\n\t\t<meta name=\"twitter:title\" content=\"La Aerol\u00ednea Internacional de Pakist\u00e1n cancela indefinidamente sus vuelos nacionales e internacionales | El Digital de Asturias\" \/>\n\t\t<meta name=\"twitter:description\" content=\"La Aerol\u00ednea Internacional de Pakist\u00e1n (PIA) ha cancelado todos sus vuelos nacionales e internacionales, en el tercer d\u00eda de una huelga que se ha saldado hasta el momento con la muerte de dos empleados durante una manifestaci\u00f3n. Representantes de la aerol\u00ednea en los aeropuertos internacionales de Karachi, Islamabad, Lahore y Peshawar han confirmado las cancelaciones,\" \/>\n\t\t<meta name=\"twitter:image\" content=\"https:\/\/eldigitaldeasturias.com\/magazine365\/wp-content\/uploads\/2016\/02\/fotonoticia_20160204100501_800.jpg\" \/>\n\t\t<script type=\"application\/ld+json\" class=\"aioseo-schema\">\n\t\t\t{\"@context\":\"https:\\\/\\\/schema.org\",\"@graph\":[{\"@type\":\"Article\",\"@id\":\"https:\\\/\\\/eldigitaldeasturias.com\\\/magazine365\\\/la-aerolinea-internacional-de-pakistan-cancela-indefinidamente-sus-vuelos-nacionales-e-internacionales\\\/#article\",\"name\":\"La Aerol\\u00ednea Internacional de Pakist\\u00e1n cancela indefinidamente sus vuelos nacionales e internacionales | El Digital de Asturias\",\"headline\":\"La Aerol\\u00ednea Internacional de Pakist\\u00e1n cancela indefinidamente sus vuelos nacionales e internacionales\",\"author\":{\"@id\":\"https:\\\/\\\/eldigitaldeasturias.com\\\/magazine365\\\/author\\\/admin\\\/#author\"},\"publisher\":{\"@id\":\"https:\\\/\\\/eldigitaldeasturias.com\\\/magazine365\\\/#organization\"},\"image\":{\"@type\":\"ImageObject\",\"url\":\"https:\\\/\\\/eldigitaldeasturias.com\\\/magazine365\\\/wp-content\\\/uploads\\\/2016\\\/02\\\/fotonoticia_20160204100501_800.jpg\",\"width\":800,\"height\":567},\"datePublished\":\"2016-02-06T20:13:01+01:00\",\"dateModified\":\"2016-02-06T20:13:01+01:00\",\"inLanguage\":\"es-ES\",\"mainEntityOfPage\":{\"@id\":\"https:\\\/\\\/eldigitaldeasturias.com\\\/magazine365\\\/la-aerolinea-internacional-de-pakistan-cancela-indefinidamente-sus-vuelos-nacionales-e-internacionales\\\/#webpage\"},\"isPartOf\":{\"@id\":\"https:\\\/\\\/eldigitaldeasturias.com\\\/magazine365\\\/la-aerolinea-internacional-de-pakistan-cancela-indefinidamente-sus-vuelos-nacionales-e-internacionales\\\/#webpage\"},\"articleSection\":\"Noticias y Actualidad\"},{\"@type\":\"BreadcrumbList\",\"@id\":\"https:\\\/\\\/eldigitaldeasturias.com\\\/magazine365\\\/la-aerolinea-internacional-de-pakistan-cancela-indefinidamente-sus-vuelos-nacionales-e-internacionales\\\/#breadcrumblist\",\"itemListElement\":[{\"@type\":\"ListItem\",\"@id\":\"https:\\\/\\\/eldigitaldeasturias.com\\\/magazine365#listItem\",\"position\":1,\"name\":\"Home\",\"item\":\"https:\\\/\\\/eldigitaldeasturias.com\\\/magazine365\",\"nextItem\":{\"@type\":\"ListItem\",\"@id\":\"https:\\\/\\\/eldigitaldeasturias.com\\\/magazine365\\\/category\\\/noticias-actualidad\\\/#listItem\",\"name\":\"Noticias y Actualidad\"}},{\"@type\":\"ListItem\",\"@id\":\"https:\\\/\\\/eldigitaldeasturias.com\\\/magazine365\\\/category\\\/noticias-actualidad\\\/#listItem\",\"position\":2,\"name\":\"Noticias y Actualidad\",\"item\":\"https:\\\/\\\/eldigitaldeasturias.com\\\/magazine365\\\/category\\\/noticias-actualidad\\\/\",\"nextItem\":{\"@type\":\"ListItem\",\"@id\":\"https:\\\/\\\/eldigitaldeasturias.com\\\/magazine365\\\/la-aerolinea-internacional-de-pakistan-cancela-indefinidamente-sus-vuelos-nacionales-e-internacionales\\\/#listItem\",\"name\":\"La Aerol\\u00ednea Internacional de Pakist\\u00e1n cancela indefinidamente sus vuelos nacionales e internacionales\"},\"previousItem\":{\"@type\":\"ListItem\",\"@id\":\"https:\\\/\\\/eldigitaldeasturias.com\\\/magazine365#listItem\",\"name\":\"Home\"}},{\"@type\":\"ListItem\",\"@id\":\"https:\\\/\\\/eldigitaldeasturias.com\\\/magazine365\\\/la-aerolinea-internacional-de-pakistan-cancela-indefinidamente-sus-vuelos-nacionales-e-internacionales\\\/#listItem\",\"position\":3,\"name\":\"La Aerol\\u00ednea Internacional de Pakist\\u00e1n cancela indefinidamente sus vuelos nacionales e internacionales\",\"previousItem\":{\"@type\":\"ListItem\",\"@id\":\"https:\\\/\\\/eldigitaldeasturias.com\\\/magazine365\\\/category\\\/noticias-actualidad\\\/#listItem\",\"name\":\"Noticias y Actualidad\"}}]},{\"@type\":\"Organization\",\"@id\":\"https:\\\/\\\/eldigitaldeasturias.com\\\/magazine365\\\/#organization\",\"name\":\"El digital de Asturias\",\"description\":\"Revista de ocio, turismo y estilo de vida\",\"url\":\"https:\\\/\\\/eldigitaldeasturias.com\\\/magazine365\\\/\",\"logo\":{\"@type\":\"ImageObject\",\"url\":\"https:\\\/\\\/www.eldigitaldeasturias.com\\\/noticias\\\/wp-content\\\/uploads\\\/2020\\\/12\\\/EDA.jpg\",\"@id\":\"https:\\\/\\\/eldigitaldeasturias.com\\\/magazine365\\\/la-aerolinea-internacional-de-pakistan-cancela-indefinidamente-sus-vuelos-nacionales-e-internacionales\\\/#organizationLogo\"},\"image\":{\"@id\":\"https:\\\/\\\/eldigitaldeasturias.com\\\/magazine365\\\/la-aerolinea-internacional-de-pakistan-cancela-indefinidamente-sus-vuelos-nacionales-e-internacionales\\\/#organizationLogo\"}},{\"@type\":\"Person\",\"@id\":\"https:\\\/\\\/eldigitaldeasturias.com\\\/magazine365\\\/author\\\/admin\\\/#author\",\"url\":\"https:\\\/\\\/eldigitaldeasturias.com\\\/magazine365\\\/author\\\/admin\\\/\",\"name\":\"admin\",\"image\":{\"@type\":\"ImageObject\",\"@id\":\"https:\\\/\\\/eldigitaldeasturias.com\\\/magazine365\\\/la-aerolinea-internacional-de-pakistan-cancela-indefinidamente-sus-vuelos-nacionales-e-internacionales\\\/#authorImage\",\"url\":\"https:\\\/\\\/eldigitaldeasturias.com\\\/magazine365\\\/wp-content\\\/litespeed\\\/avatar\\\/e571bcf59a0edd6fa6838245a470f2fe.jpg?ver=1776969259\",\"width\":96,\"height\":96,\"caption\":\"admin\"}},{\"@type\":\"WebPage\",\"@id\":\"https:\\\/\\\/eldigitaldeasturias.com\\\/magazine365\\\/la-aerolinea-internacional-de-pakistan-cancela-indefinidamente-sus-vuelos-nacionales-e-internacionales\\\/#webpage\",\"url\":\"https:\\\/\\\/eldigitaldeasturias.com\\\/magazine365\\\/la-aerolinea-internacional-de-pakistan-cancela-indefinidamente-sus-vuelos-nacionales-e-internacionales\\\/\",\"name\":\"La Aerol\\u00ednea Internacional de Pakist\\u00e1n cancela indefinidamente sus vuelos nacionales e internacionales | El Digital de Asturias\",\"description\":\"La Aerol\\u00ednea Internacional de Pakist\\u00e1n (PIA) ha cancelado todos sus vuelos nacionales e internacionales, en el tercer d\\u00eda de una huelga que se ha saldado hasta el momento con la muerte de dos empleados durante una manifestaci\\u00f3n. Representantes de la aerol\\u00ednea en los aeropuertos internacionales de Karachi, Islamabad, Lahore y Peshawar han confirmado las cancelaciones,\",\"inLanguage\":\"es-ES\",\"isPartOf\":{\"@id\":\"https:\\\/\\\/eldigitaldeasturias.com\\\/magazine365\\\/#website\"},\"breadcrumb\":{\"@id\":\"https:\\\/\\\/eldigitaldeasturias.com\\\/magazine365\\\/la-aerolinea-internacional-de-pakistan-cancela-indefinidamente-sus-vuelos-nacionales-e-internacionales\\\/#breadcrumblist\"},\"author\":{\"@id\":\"https:\\\/\\\/eldigitaldeasturias.com\\\/magazine365\\\/author\\\/admin\\\/#author\"},\"creator\":{\"@id\":\"https:\\\/\\\/eldigitaldeasturias.com\\\/magazine365\\\/author\\\/admin\\\/#author\"},\"image\":{\"@type\":\"ImageObject\",\"url\":\"https:\\\/\\\/eldigitaldeasturias.com\\\/magazine365\\\/wp-content\\\/uploads\\\/2016\\\/02\\\/fotonoticia_20160204100501_800.jpg\",\"@id\":\"https:\\\/\\\/eldigitaldeasturias.com\\\/magazine365\\\/la-aerolinea-internacional-de-pakistan-cancela-indefinidamente-sus-vuelos-nacionales-e-internacionales\\\/#mainImage\",\"width\":800,\"height\":567},\"primaryImageOfPage\":{\"@id\":\"https:\\\/\\\/eldigitaldeasturias.com\\\/magazine365\\\/la-aerolinea-internacional-de-pakistan-cancela-indefinidamente-sus-vuelos-nacionales-e-internacionales\\\/#mainImage\"},\"datePublished\":\"2016-02-06T20:13:01+01:00\",\"dateModified\":\"2016-02-06T20:13:01+01:00\"},{\"@type\":\"WebSite\",\"@id\":\"https:\\\/\\\/eldigitaldeasturias.com\\\/magazine365\\\/#website\",\"url\":\"https:\\\/\\\/eldigitaldeasturias.com\\\/magazine365\\\/\",\"name\":\"El Digital de Asturias\",\"description\":\"Revista de ocio, turismo y estilo de vida\",\"inLanguage\":\"es-ES\",\"publisher\":{\"@id\":\"https:\\\/\\\/eldigitaldeasturias.com\\\/magazine365\\\/#organization\"}}]}\n\t\t<\/script>\n\t\t<!-- All in One SEO Pro -->\r\n\t\t<title>La Aerol\u00ednea Internacional de Pakist\u00e1n cancela indefinidamente sus vuelos nacionales e internacionales | El Digital de Asturias<\/title>\n\n","aioseo_head_json":{"title":"La Aerol\u00ednea Internacional de Pakist\u00e1n cancela indefinidamente sus vuelos nacionales e internacionales | El Digital de Asturias","description":"La Aerol\u00ednea Internacional de Pakist\u00e1n (PIA) ha cancelado todos sus vuelos nacionales e internacionales, en el tercer d\u00eda de una huelga que se ha saldado hasta el momento con la muerte de dos empleados durante una manifestaci\u00f3n. Representantes de la aerol\u00ednea en los aeropuertos internacionales de Karachi, Islamabad, Lahore y Peshawar han confirmado las cancelaciones,","canonical_url":"https:\/\/eldigitaldeasturias.com\/magazine365\/la-aerolinea-internacional-de-pakistan-cancela-indefinidamente-sus-vuelos-nacionales-e-internacionales\/","robots":"max-image-preview:large","keywords":"noticias y actualidad","webmasterTools":{"google-site-verification":"UA-38556648-1","miscellaneous":""},"schema":{"@context":"https:\/\/schema.org","@graph":[{"@type":"Article","@id":"https:\/\/eldigitaldeasturias.com\/magazine365\/la-aerolinea-internacional-de-pakistan-cancela-indefinidamente-sus-vuelos-nacionales-e-internacionales\/#article","name":"La Aerol\u00ednea Internacional de Pakist\u00e1n cancela indefinidamente sus vuelos nacionales e internacionales | El Digital de Asturias","headline":"La Aerol\u00ednea Internacional de Pakist\u00e1n cancela indefinidamente sus vuelos nacionales e internacionales","author":{"@id":"https:\/\/eldigitaldeasturias.com\/magazine365\/author\/admin\/#author"},"publisher":{"@id":"https:\/\/eldigitaldeasturias.com\/magazine365\/#organization"},"image":{"@type":"ImageObject","url":"https:\/\/eldigitaldeasturias.com\/magazine365\/wp-content\/uploads\/2016\/02\/fotonoticia_20160204100501_800.jpg","width":800,"height":567},"datePublished":"2016-02-06T20:13:01+01:00","dateModified":"2016-02-06T20:13:01+01:00","inLanguage":"es-ES","mainEntityOfPage":{"@id":"https:\/\/eldigitaldeasturias.com\/magazine365\/la-aerolinea-internacional-de-pakistan-cancela-indefinidamente-sus-vuelos-nacionales-e-internacionales\/#webpage"},"isPartOf":{"@id":"https:\/\/eldigitaldeasturias.com\/magazine365\/la-aerolinea-internacional-de-pakistan-cancela-indefinidamente-sus-vuelos-nacionales-e-internacionales\/#webpage"},"articleSection":"Noticias y Actualidad"},{"@type":"BreadcrumbList","@id":"https:\/\/eldigitaldeasturias.com\/magazine365\/la-aerolinea-internacional-de-pakistan-cancela-indefinidamente-sus-vuelos-nacionales-e-internacionales\/#breadcrumblist","itemListElement":[{"@type":"ListItem","@id":"https:\/\/eldigitaldeasturias.com\/magazine365#listItem","position":1,"name":"Home","item":"https:\/\/eldigitaldeasturias.com\/magazine365","nextItem":{"@type":"ListItem","@id":"https:\/\/eldigitaldeasturias.com\/magazine365\/category\/noticias-actualidad\/#listItem","name":"Noticias y Actualidad"}},{"@type":"ListItem","@id":"https:\/\/eldigitaldeasturias.com\/magazine365\/category\/noticias-actualidad\/#listItem","position":2,"name":"Noticias y Actualidad","item":"https:\/\/eldigitaldeasturias.com\/magazine365\/category\/noticias-actualidad\/","nextItem":{"@type":"ListItem","@id":"https:\/\/eldigitaldeasturias.com\/magazine365\/la-aerolinea-internacional-de-pakistan-cancela-indefinidamente-sus-vuelos-nacionales-e-internacionales\/#listItem","name":"La Aerol\u00ednea Internacional de Pakist\u00e1n cancela indefinidamente sus vuelos nacionales e internacionales"},"previousItem":{"@type":"ListItem","@id":"https:\/\/eldigitaldeasturias.com\/magazine365#listItem","name":"Home"}},{"@type":"ListItem","@id":"https:\/\/eldigitaldeasturias.com\/magazine365\/la-aerolinea-internacional-de-pakistan-cancela-indefinidamente-sus-vuelos-nacionales-e-internacionales\/#listItem","position":3,"name":"La Aerol\u00ednea Internacional de Pakist\u00e1n cancela indefinidamente sus vuelos nacionales e internacionales","previousItem":{"@type":"ListItem","@id":"https:\/\/eldigitaldeasturias.com\/magazine365\/category\/noticias-actualidad\/#listItem","name":"Noticias y Actualidad"}}]},{"@type":"Organization","@id":"https:\/\/eldigitaldeasturias.com\/magazine365\/#organization","name":"El digital de Asturias","description":"Revista de ocio, turismo y estilo de vida","url":"https:\/\/eldigitaldeasturias.com\/magazine365\/","logo":{"@type":"ImageObject","url":"https:\/\/www.eldigitaldeasturias.com\/noticias\/wp-content\/uploads\/2020\/12\/EDA.jpg","@id":"https:\/\/eldigitaldeasturias.com\/magazine365\/la-aerolinea-internacional-de-pakistan-cancela-indefinidamente-sus-vuelos-nacionales-e-internacionales\/#organizationLogo"},"image":{"@id":"https:\/\/eldigitaldeasturias.com\/magazine365\/la-aerolinea-internacional-de-pakistan-cancela-indefinidamente-sus-vuelos-nacionales-e-internacionales\/#organizationLogo"}},{"@type":"Person","@id":"https:\/\/eldigitaldeasturias.com\/magazine365\/author\/admin\/#author","url":"https:\/\/eldigitaldeasturias.com\/magazine365\/author\/admin\/","name":"admin","image":{"@type":"ImageObject","@id":"https:\/\/eldigitaldeasturias.com\/magazine365\/la-aerolinea-internacional-de-pakistan-cancela-indefinidamente-sus-vuelos-nacionales-e-internacionales\/#authorImage","url":"https:\/\/eldigitaldeasturias.com\/magazine365\/wp-content\/litespeed\/avatar\/e571bcf59a0edd6fa6838245a470f2fe.jpg?ver=1776969259","width":96,"height":96,"caption":"admin"}},{"@type":"WebPage","@id":"https:\/\/eldigitaldeasturias.com\/magazine365\/la-aerolinea-internacional-de-pakistan-cancela-indefinidamente-sus-vuelos-nacionales-e-internacionales\/#webpage","url":"https:\/\/eldigitaldeasturias.com\/magazine365\/la-aerolinea-internacional-de-pakistan-cancela-indefinidamente-sus-vuelos-nacionales-e-internacionales\/","name":"La Aerol\u00ednea Internacional de Pakist\u00e1n cancela indefinidamente sus vuelos nacionales e internacionales | El Digital de Asturias","description":"La Aerol\u00ednea Internacional de Pakist\u00e1n (PIA) ha cancelado todos sus vuelos nacionales e internacionales, en el tercer d\u00eda de una huelga que se ha saldado hasta el momento con la muerte de dos empleados durante una manifestaci\u00f3n. Representantes de la aerol\u00ednea en los aeropuertos internacionales de Karachi, Islamabad, Lahore y Peshawar han confirmado las cancelaciones,","inLanguage":"es-ES","isPartOf":{"@id":"https:\/\/eldigitaldeasturias.com\/magazine365\/#website"},"breadcrumb":{"@id":"https:\/\/eldigitaldeasturias.com\/magazine365\/la-aerolinea-internacional-de-pakistan-cancela-indefinidamente-sus-vuelos-nacionales-e-internacionales\/#breadcrumblist"},"author":{"@id":"https:\/\/eldigitaldeasturias.com\/magazine365\/author\/admin\/#author"},"creator":{"@id":"https:\/\/eldigitaldeasturias.com\/magazine365\/author\/admin\/#author"},"image":{"@type":"ImageObject","url":"https:\/\/eldigitaldeasturias.com\/magazine365\/wp-content\/uploads\/2016\/02\/fotonoticia_20160204100501_800.jpg","@id":"https:\/\/eldigitaldeasturias.com\/magazine365\/la-aerolinea-internacional-de-pakistan-cancela-indefinidamente-sus-vuelos-nacionales-e-internacionales\/#mainImage","width":800,"height":567},"primaryImageOfPage":{"@id":"https:\/\/eldigitaldeasturias.com\/magazine365\/la-aerolinea-internacional-de-pakistan-cancela-indefinidamente-sus-vuelos-nacionales-e-internacionales\/#mainImage"},"datePublished":"2016-02-06T20:13:01+01:00","dateModified":"2016-02-06T20:13:01+01:00"},{"@type":"WebSite","@id":"https:\/\/eldigitaldeasturias.com\/magazine365\/#website","url":"https:\/\/eldigitaldeasturias.com\/magazine365\/","name":"El Digital de Asturias","description":"Revista de ocio, turismo y estilo de vida","inLanguage":"es-ES","publisher":{"@id":"https:\/\/eldigitaldeasturias.com\/magazine365\/#organization"}}]},"og:locale":"es_ES","og:site_name":"El Digital de Asturias \u2013 Revista de ocio, turismo y estilo de vida","og:type":"article","og:title":"La Aerol\u00ednea Internacional de Pakist\u00e1n cancela indefinidamente sus vuelos nacionales e internacionales | El Digital de Asturias","og:description":"La Aerol\u00ednea Internacional de Pakist\u00e1n (PIA) ha cancelado todos sus vuelos nacionales e internacionales, en el tercer d\u00eda de una huelga que se ha saldado hasta el momento con la muerte de dos empleados durante una manifestaci\u00f3n. Representantes de la aerol\u00ednea en los aeropuertos internacionales de Karachi, Islamabad, Lahore y Peshawar han confirmado las cancelaciones,","og:url":"https:\/\/eldigitaldeasturias.com\/magazine365\/la-aerolinea-internacional-de-pakistan-cancela-indefinidamente-sus-vuelos-nacionales-e-internacionales\/","og:image":"https:\/\/eldigitaldeasturias.com\/magazine365\/wp-content\/uploads\/2016\/02\/fotonoticia_20160204100501_800.jpg","og:image:secure_url":"https:\/\/eldigitaldeasturias.com\/magazine365\/wp-content\/uploads\/2016\/02\/fotonoticia_20160204100501_800.jpg","og:image:width":800,"og:image:height":567,"article:published_time":"2016-02-06T19:13:01+00:00","article:modified_time":"2016-02-06T19:13:01+00:00","twitter:card":"summary_large_image","twitter:title":"La Aerol\u00ednea Internacional de Pakist\u00e1n cancela indefinidamente sus vuelos nacionales e internacionales | El Digital de Asturias","twitter:description":"La Aerol\u00ednea Internacional de Pakist\u00e1n (PIA) ha cancelado todos sus vuelos nacionales e internacionales, en el tercer d\u00eda de una huelga que se ha saldado hasta el momento con la muerte de dos empleados durante una manifestaci\u00f3n. Representantes de la aerol\u00ednea en los aeropuertos internacionales de Karachi, Islamabad, Lahore y Peshawar han confirmado las cancelaciones,","twitter:image":"https:\/\/eldigitaldeasturias.com\/magazine365\/wp-content\/uploads\/2016\/02\/fotonoticia_20160204100501_800.jpg"},"aioseo_meta_data":{"post_id":"63248","title":null,"description":null,"keywords":null,"keyphrases":null,"primary_term":null,"canonical_url":null,"og_title":null,"og_description":null,"og_object_type":"default","og_image_type":"default","og_image_url":null,"og_image_width":null,"og_image_height":null,"og_image_custom_url":null,"og_image_custom_fields":null,"og_video":null,"og_custom_url":null,"og_article_section":null,"og_article_tags":null,"twitter_use_og":false,"twitter_card":"default","twitter_image_type":"default","twitter_image_url":null,"twitter_image_custom_url":null,"twitter_image_custom_fields":null,"twitter_title":null,"twitter_description":null,"schema":{"blockGraphs":[],"customGraphs":[],"default":{"data":{"Article":[],"Course":[],"Dataset":[],"FAQPage":[],"Movie":[],"Person":[],"Product":[],"ProductReview":[],"Car":[],"Recipe":[],"Service":[],"SoftwareApplication":[],"WebPage":[]},"graphName":"","isEnabled":true},"graphs":[],"defaultGraph":"","defaultPostTypeGraph":""},"schema_type":null,"schema_type_options":null,"pillar_content":false,"robots_default":true,"robots_noindex":false,"robots_noarchive":false,"robots_nosnippet":false,"robots_nofollow":false,"robots_noimageindex":false,"robots_noodp":false,"robots_notranslate":false,"robots_max_snippet":null,"robots_max_videopreview":null,"robots_max_imagepreview":"large","priority":null,"frequency":null,"location":null,"local_seo":null,"seo_analyzer_scan_date":"2025-09-25 12:46:00","breadcrumb_settings":null,"limit_modified_date":false,"open_ai":null,"ai":null,"created":"2021-03-08 21:25:20","updated":"2025-09-25 12:46:00"},"aioseo_breadcrumb":"<div class=\"aioseo-breadcrumbs\"><span class=\"aioseo-breadcrumb\">\n\t<a href=\"https:\/\/eldigitaldeasturias.com\/magazine365\" title=\"Home\">Home<\/a>\n<\/span><span class=\"aioseo-breadcrumb-separator\">\u2013<\/span><span class=\"aioseo-breadcrumb\">\n\t<a href=\"https:\/\/eldigitaldeasturias.com\/magazine365\/category\/noticias-actualidad\/\" title=\"Noticias y Actualidad\">Noticias y Actualidad<\/a>\n<\/span><span class=\"aioseo-breadcrumb-separator\">\u2013<\/span><span class=\"aioseo-breadcrumb\">\n\t<a href=\"https:\/\/eldigitaldeasturias.com\/magazine365\/la-aerolinea-internacional-de-pakistan-cancela-indefinidamente-sus-vuelos-nacionales-e-internacionales\/\" title=\"La Aerol\u00ednea Internacional de Pakist\u00e1n cancela indefinidamente sus vuelos nacionales e internacionales\">La Aerol\u00ednea Internacional de Pakist\u00e1n cancela indefinidamente sus vuelos nacionales e internacionales<\/a>\n<\/span><\/div>","aioseo_breadcrumb_json":[{"label":"Home","link":"https:\/\/eldigitaldeasturias.com\/magazine365"},{"label":"Noticias y Actualidad","link":"https:\/\/eldigitaldeasturias.com\/magazine365\/category\/noticias-actualidad\/"},{"label":"La Aerol\u00ednea Internacional de Pakist\u00e1n cancela indefinidamente sus vuelos nacionales e internacionales","link":"https:\/\/eldigitaldeasturias.com\/magazine365\/la-aerolinea-internacional-de-pakistan-cancela-indefinidamente-sus-vuelos-nacionales-e-internacionales\/"}],"_links":{"self":[{"href":"https:\/\/eldigitaldeasturias.com\/magazine365\/wp-json\/wp\/v2\/posts\/63248","targetHints":{"allow":["GET"]}}],"collection":[{"href":"https:\/\/eldigitaldeasturias.com\/magazine365\/wp-json\/wp\/v2\/posts"}],"about":[{"href":"https:\/\/eldigitaldeasturias.com\/magazine365\/wp-json\/wp\/v2\/types\/post"}],"author":[{"embeddable":true,"href":"https:\/\/eldigitaldeasturias.com\/magazine365\/wp-json\/wp\/v2\/users\/1"}],"replies":[{"embeddable":true,"href":"https:\/\/eldigitaldeasturias.com\/magazine365\/wp-json\/wp\/v2\/comments?post=63248"}],"version-history":[{"count":0,"href":"https:\/\/eldigitaldeasturias.com\/magazine365\/wp-json\/wp\/v2\/posts\/63248\/revisions"}],"wp:featuredmedia":[{"embeddable":true,"href":"https:\/\/eldigitaldeasturias.com\/magazine365\/wp-json\/wp\/v2\/media\/63249"}],"wp:attachment":[{"href":"https:\/\/eldigitaldeasturias.com\/magazine365\/wp-json\/wp\/v2\/media?parent=63248"}],"wp:term":[{"taxonomy":"category","embeddable":true,"href":"https:\/\/eldigitaldeasturias.com\/magazine365\/wp-json\/wp\/v2\/categories?post=63248"},{"taxonomy":"post_tag","embeddable":true,"href":"https:\/\/eldigitaldeasturias.com\/magazine365\/wp-json\/wp\/v2\/tags?post=63248"}],"curies":[{"name":"wp","href":"https:\/\/api.w.org\/{rel}","templated":true}]}}