{"id":63235,"date":"2016-02-06T13:20:47","date_gmt":"2016-02-06T12:20:47","guid":{"rendered":"http:\/\/eldigitaldeasturias.com\/magazine365\/?p=63235"},"modified":"2016-02-06T13:20:47","modified_gmt":"2016-02-06T12:20:47","slug":"rincon-de-la-victoria-pone-en-marcha-un-plan-de-aprovechamiento-de-playas-para-cuatro-anos","status":"publish","type":"post","link":"https:\/\/eldigitaldeasturias.com\/magazine365\/rincon-de-la-victoria-pone-en-marcha-un-plan-de-aprovechamiento-de-playas-para-cuatro-anos\/","title":{"rendered":"Rinc\u00f3n de la Victoria pone en marcha un Plan de Aprovechamiento de Playas para cuatro a\u00f1os"},"content":{"rendered":"<p><img fetchpriority=\"high\" decoding=\"async\" class=\"alignleft size-medium wp-image-63236\" src=\"https:\/\/eldigitaldeasturias.com\/magazine365\/wp-content\/uploads\/2016\/02\/fotonoticia_20160203193512_800-360x218.jpg\" alt=\"fotonoticia_20160203193512_800\" width=\"360\" height=\"218\" srcset=\"https:\/\/eldigitaldeasturias.com\/magazine365\/wp-content\/uploads\/2016\/02\/fotonoticia_20160203193512_800-360x218.jpg 360w, https:\/\/eldigitaldeasturias.com\/magazine365\/wp-content\/uploads\/2016\/02\/fotonoticia_20160203193512_800-650x393.jpg 650w, https:\/\/eldigitaldeasturias.com\/magazine365\/wp-content\/uploads\/2016\/02\/fotonoticia_20160203193512_800-768x465.jpg 768w, https:\/\/eldigitaldeasturias.com\/magazine365\/wp-content\/uploads\/2016\/02\/fotonoticia_20160203193512_800-150x91.jpg 150w, https:\/\/eldigitaldeasturias.com\/magazine365\/wp-content\/uploads\/2016\/02\/fotonoticia_20160203193512_800-450x272.jpg 450w, https:\/\/eldigitaldeasturias.com\/magazine365\/wp-content\/uploads\/2016\/02\/fotonoticia_20160203193512_800-696x421.jpg 696w, https:\/\/eldigitaldeasturias.com\/magazine365\/wp-content\/uploads\/2016\/02\/fotonoticia_20160203193512_800-694x420.jpg 694w, https:\/\/eldigitaldeasturias.com\/magazine365\/wp-content\/uploads\/2016\/02\/fotonoticia_20160203193512_800.jpg 800w\" sizes=\"(max-width: 360px) 100vw, 360px\" \/>La Concejal\u00eda de Turismo y Playas del Ayuntamiento del municipio malague\u00f1o de Rinc\u00f3n de la Victoria ha informado de la elaboraci\u00f3n de un Plan de Aprovechamiento de Playas por un periodo vigente de cuatro a\u00f1os.<\/p>\n<p>As\u00ed lo ha anunciado el concejal del \u00e1rea, Javier L\u00f3pez, que ha explicado que la junta de gobierno ha dado luz verde a la propuesta de este Plan de Explotaci\u00f3n de los Servicios de Temporada, que hasta el momento se desarrollaba con car\u00e1cter anual, y que se presentar\u00e1 en los pr\u00f3ximos d\u00edas en la Delegaci\u00f3n Territorial de Medio Ambiente y Ordenaci\u00f3n del Territorio de M\u00e1laga.<\/p>\n<p>\u00abUna vez tengamos el visto bueno, el Plan permanecer\u00e1 en exposici\u00f3n p\u00fablica durante un plazo de 20 d\u00edas en los que los interesados que deseen podr\u00e1n presentar sugerencias o subsanar errores\u00bb.<\/p>\n<p>Por su parte, la alcaldesa de la localidad, Encarnaci\u00f3n Anaya, ha destacado la importancia de contar con un documento de estas caracter\u00edsticas que venga a \u00aboptimizar la gesti\u00f3n tur\u00edstica de las playas del litoral para las temporadas 2016-2019 y a aportar una seguridad jur\u00eddica y regularizaci\u00f3n del sector para cuatro a\u00f1os a las concesiones de actividades y servicios p\u00fablicos de nuestras playas\u00bb.<\/p>\n<p>La redacci\u00f3n del nuevo documento se adapta al programa base de la Junta de Andaluc\u00eda, que recoge de manera exhaustiva cada uno de los espacios para la prestaci\u00f3n de servicios y ocupaci\u00f3n de elementos que hasta el momento quedaban fuera del documento. Asimismo, seg\u00fan ha explicado el concejal, recoge las zonas de hamacas, zona na\u00fatica flotante, juegos infantiles o quioscos desmontables.<\/p>\n<p>El Plan clasifica por tramos el litoral municipal. As\u00ed, la playa de La Cala del Moral, Rinc\u00f3n de la Victoria y Torre de Benagalb\u00f3n concretan las temporadas con el inicio y fin de cada ellas: del 1 de junio al 30 de septiembre, alta; del 16 de marzo al 30 de abril, y los meses de mayo, octubre y noviembre, media, y del 1 de diciembre al 15 de marzo, baja.<\/p>\n<p>Asimismo, contempla otros aspectos como los espacios para la celebraci\u00f3n de actividades m\u00faltiples y eventos con y sin car\u00e1cter permanente.<\/p>\n<p>En este sentido, el concejal ha adelantado que este Plan \u00abalberga varias zonas para la puesta en marcha de la Escuela Municipal de Surf y pr\u00e1ctica de kitesurf, que se desarrollar\u00e1 entre los meses de octubre a marzo en las playas de Torre de Benagalb\u00f3n y zona de El Tajo de Rinc\u00f3n de la Victoria\u00bb.<\/p>\n<p>Por otra parte, el documento presenta el Plan de Limpieza de las playas durante los 365 d\u00edas del a\u00f1o, una actividad que se clasifica por temporadas.<\/p>\n<p>El equipo de Gobierno del Ayuntamiento de Rinc\u00f3n de la Victoria ha destacado la importancia de mejorar la calidad de nuestras playas como principal reclamo tur\u00edstico y motor econ\u00f3mico del municipio.<\/p>\n","protected":false},"excerpt":{"rendered":"<p>La Concejal\u00eda de Turismo y Playas del Ayuntamiento del municipio malague\u00f1o de Rinc\u00f3n de la Victoria ha informado de la elaboraci\u00f3n de un Plan de Aprovechamiento de Playas por un periodo vigente de cuatro a\u00f1os. As\u00ed lo ha anunciado el concejal del \u00e1rea, Javier L\u00f3pez, que ha explicado que la junta de gobierno ha dado<\/p>\n","protected":false},"author":1,"featured_media":63236,"comment_status":"open","ping_status":"closed","sticky":false,"template":"","format":"standard","meta":{"footnotes":""},"categories":[224],"tags":[],"class_list":{"0":"post-63235","1":"post","2":"type-post","3":"status-publish","4":"format-standard","5":"has-post-thumbnail","7":"category-noticias-actualidad"},"aioseo_notices":[],"aioseo_head":"\n\t\t<!-- All in One SEO Pro 4.9.6.1 - aioseo.com -->\n\t<meta name=\"description\" content=\"La Concejal\u00eda de Turismo y Playas del Ayuntamiento del municipio malague\u00f1o de Rinc\u00f3n de la Victoria ha informado de la elaboraci\u00f3n de un Plan de Aprovechamiento de Playas por un periodo vigente de cuatro a\u00f1os. As\u00ed lo ha anunciado el concejal del \u00e1rea, Javier L\u00f3pez, que ha explicado que la junta de gobierno ha dado\" \/>\n\t<meta name=\"robots\" content=\"max-image-preview:large\" \/>\n\t<meta name=\"author\" content=\"admin\"\/>\n\t<meta name=\"google-site-verification\" content=\"UA-38556648-1\" \/>\n\t<meta name=\"keywords\" content=\"noticias y actualidad\" \/>\n\t<link rel=\"canonical\" href=\"https:\/\/eldigitaldeasturias.com\/magazine365\/rincon-de-la-victoria-pone-en-marcha-un-plan-de-aprovechamiento-de-playas-para-cuatro-anos\/\" \/>\n\t<meta name=\"generator\" content=\"All in One SEO Pro (AIOSEO) 4.9.6.1\" \/>\n\t\t<meta property=\"og:locale\" content=\"es_ES\" \/>\n\t\t<meta property=\"og:site_name\" content=\"El Digital de Asturias \u2013 Revista de ocio, turismo y estilo de vida\" \/>\n\t\t<meta property=\"og:type\" content=\"article\" \/>\n\t\t<meta property=\"og:title\" content=\"Rinc\u00f3n de la Victoria pone en marcha un Plan de Aprovechamiento de Playas para cuatro a\u00f1os | El Digital de Asturias\" \/>\n\t\t<meta property=\"og:description\" content=\"La Concejal\u00eda de Turismo y Playas del Ayuntamiento del municipio malague\u00f1o de Rinc\u00f3n de la Victoria ha informado de la elaboraci\u00f3n de un Plan de Aprovechamiento de Playas por un periodo vigente de cuatro a\u00f1os. As\u00ed lo ha anunciado el concejal del \u00e1rea, Javier L\u00f3pez, que ha explicado que la junta de gobierno ha dado\" \/>\n\t\t<meta property=\"og:url\" content=\"https:\/\/eldigitaldeasturias.com\/magazine365\/rincon-de-la-victoria-pone-en-marcha-un-plan-de-aprovechamiento-de-playas-para-cuatro-anos\/\" \/>\n\t\t<meta property=\"og:image\" content=\"https:\/\/eldigitaldeasturias.com\/magazine365\/wp-content\/uploads\/2016\/02\/fotonoticia_20160203193512_800.jpg\" \/>\n\t\t<meta property=\"og:image:secure_url\" content=\"https:\/\/eldigitaldeasturias.com\/magazine365\/wp-content\/uploads\/2016\/02\/fotonoticia_20160203193512_800.jpg\" \/>\n\t\t<meta property=\"og:image:width\" content=\"800\" \/>\n\t\t<meta property=\"og:image:height\" content=\"484\" \/>\n\t\t<meta property=\"article:published_time\" content=\"2016-02-06T12:20:47+00:00\" \/>\n\t\t<meta property=\"article:modified_time\" content=\"2016-02-06T12:20:47+00:00\" \/>\n\t\t<meta name=\"twitter:card\" content=\"summary_large_image\" \/>\n\t\t<meta name=\"twitter:title\" content=\"Rinc\u00f3n de la Victoria pone en marcha un Plan de Aprovechamiento de Playas para cuatro a\u00f1os | El Digital de Asturias\" \/>\n\t\t<meta name=\"twitter:description\" content=\"La Concejal\u00eda de Turismo y Playas del Ayuntamiento del municipio malague\u00f1o de Rinc\u00f3n de la Victoria ha informado de la elaboraci\u00f3n de un Plan de Aprovechamiento de Playas por un periodo vigente de cuatro a\u00f1os. As\u00ed lo ha anunciado el concejal del \u00e1rea, Javier L\u00f3pez, que ha explicado que la junta de gobierno ha dado\" \/>\n\t\t<meta name=\"twitter:image\" content=\"https:\/\/eldigitaldeasturias.com\/magazine365\/wp-content\/uploads\/2016\/02\/fotonoticia_20160203193512_800.jpg\" \/>\n\t\t<script type=\"application\/ld+json\" class=\"aioseo-schema\">\n\t\t\t{\"@context\":\"https:\\\/\\\/schema.org\",\"@graph\":[{\"@type\":\"Article\",\"@id\":\"https:\\\/\\\/eldigitaldeasturias.com\\\/magazine365\\\/rincon-de-la-victoria-pone-en-marcha-un-plan-de-aprovechamiento-de-playas-para-cuatro-anos\\\/#article\",\"name\":\"Rinc\\u00f3n de la Victoria pone en marcha un Plan de Aprovechamiento de Playas para cuatro a\\u00f1os | El Digital de Asturias\",\"headline\":\"Rinc\\u00f3n de la Victoria pone en marcha un Plan de Aprovechamiento de Playas para cuatro a\\u00f1os\",\"author\":{\"@id\":\"https:\\\/\\\/eldigitaldeasturias.com\\\/magazine365\\\/author\\\/admin\\\/#author\"},\"publisher\":{\"@id\":\"https:\\\/\\\/eldigitaldeasturias.com\\\/magazine365\\\/#organization\"},\"image\":{\"@type\":\"ImageObject\",\"url\":\"https:\\\/\\\/eldigitaldeasturias.com\\\/magazine365\\\/wp-content\\\/uploads\\\/2016\\\/02\\\/fotonoticia_20160203193512_800.jpg\",\"width\":800,\"height\":484},\"datePublished\":\"2016-02-06T13:20:47+01:00\",\"dateModified\":\"2016-02-06T13:20:47+01:00\",\"inLanguage\":\"es-ES\",\"mainEntityOfPage\":{\"@id\":\"https:\\\/\\\/eldigitaldeasturias.com\\\/magazine365\\\/rincon-de-la-victoria-pone-en-marcha-un-plan-de-aprovechamiento-de-playas-para-cuatro-anos\\\/#webpage\"},\"isPartOf\":{\"@id\":\"https:\\\/\\\/eldigitaldeasturias.com\\\/magazine365\\\/rincon-de-la-victoria-pone-en-marcha-un-plan-de-aprovechamiento-de-playas-para-cuatro-anos\\\/#webpage\"},\"articleSection\":\"Noticias y Actualidad\"},{\"@type\":\"BreadcrumbList\",\"@id\":\"https:\\\/\\\/eldigitaldeasturias.com\\\/magazine365\\\/rincon-de-la-victoria-pone-en-marcha-un-plan-de-aprovechamiento-de-playas-para-cuatro-anos\\\/#breadcrumblist\",\"itemListElement\":[{\"@type\":\"ListItem\",\"@id\":\"https:\\\/\\\/eldigitaldeasturias.com\\\/magazine365#listItem\",\"position\":1,\"name\":\"Home\",\"item\":\"https:\\\/\\\/eldigitaldeasturias.com\\\/magazine365\",\"nextItem\":{\"@type\":\"ListItem\",\"@id\":\"https:\\\/\\\/eldigitaldeasturias.com\\\/magazine365\\\/category\\\/noticias-actualidad\\\/#listItem\",\"name\":\"Noticias y Actualidad\"}},{\"@type\":\"ListItem\",\"@id\":\"https:\\\/\\\/eldigitaldeasturias.com\\\/magazine365\\\/category\\\/noticias-actualidad\\\/#listItem\",\"position\":2,\"name\":\"Noticias y Actualidad\",\"item\":\"https:\\\/\\\/eldigitaldeasturias.com\\\/magazine365\\\/category\\\/noticias-actualidad\\\/\",\"nextItem\":{\"@type\":\"ListItem\",\"@id\":\"https:\\\/\\\/eldigitaldeasturias.com\\\/magazine365\\\/rincon-de-la-victoria-pone-en-marcha-un-plan-de-aprovechamiento-de-playas-para-cuatro-anos\\\/#listItem\",\"name\":\"Rinc\\u00f3n de la Victoria pone en marcha un Plan de Aprovechamiento de Playas para cuatro a\\u00f1os\"},\"previousItem\":{\"@type\":\"ListItem\",\"@id\":\"https:\\\/\\\/eldigitaldeasturias.com\\\/magazine365#listItem\",\"name\":\"Home\"}},{\"@type\":\"ListItem\",\"@id\":\"https:\\\/\\\/eldigitaldeasturias.com\\\/magazine365\\\/rincon-de-la-victoria-pone-en-marcha-un-plan-de-aprovechamiento-de-playas-para-cuatro-anos\\\/#listItem\",\"position\":3,\"name\":\"Rinc\\u00f3n de la Victoria pone en marcha un Plan de Aprovechamiento de Playas para cuatro a\\u00f1os\",\"previousItem\":{\"@type\":\"ListItem\",\"@id\":\"https:\\\/\\\/eldigitaldeasturias.com\\\/magazine365\\\/category\\\/noticias-actualidad\\\/#listItem\",\"name\":\"Noticias y Actualidad\"}}]},{\"@type\":\"Organization\",\"@id\":\"https:\\\/\\\/eldigitaldeasturias.com\\\/magazine365\\\/#organization\",\"name\":\"El digital de Asturias\",\"description\":\"Revista de ocio, turismo y estilo de vida\",\"url\":\"https:\\\/\\\/eldigitaldeasturias.com\\\/magazine365\\\/\",\"logo\":{\"@type\":\"ImageObject\",\"url\":\"https:\\\/\\\/www.eldigitaldeasturias.com\\\/noticias\\\/wp-content\\\/uploads\\\/2020\\\/12\\\/EDA.jpg\",\"@id\":\"https:\\\/\\\/eldigitaldeasturias.com\\\/magazine365\\\/rincon-de-la-victoria-pone-en-marcha-un-plan-de-aprovechamiento-de-playas-para-cuatro-anos\\\/#organizationLogo\"},\"image\":{\"@id\":\"https:\\\/\\\/eldigitaldeasturias.com\\\/magazine365\\\/rincon-de-la-victoria-pone-en-marcha-un-plan-de-aprovechamiento-de-playas-para-cuatro-anos\\\/#organizationLogo\"}},{\"@type\":\"Person\",\"@id\":\"https:\\\/\\\/eldigitaldeasturias.com\\\/magazine365\\\/author\\\/admin\\\/#author\",\"url\":\"https:\\\/\\\/eldigitaldeasturias.com\\\/magazine365\\\/author\\\/admin\\\/\",\"name\":\"admin\",\"image\":{\"@type\":\"ImageObject\",\"@id\":\"https:\\\/\\\/eldigitaldeasturias.com\\\/magazine365\\\/rincon-de-la-victoria-pone-en-marcha-un-plan-de-aprovechamiento-de-playas-para-cuatro-anos\\\/#authorImage\",\"url\":\"https:\\\/\\\/eldigitaldeasturias.com\\\/magazine365\\\/wp-content\\\/litespeed\\\/avatar\\\/e571bcf59a0edd6fa6838245a470f2fe.jpg?ver=1776969259\",\"width\":96,\"height\":96,\"caption\":\"admin\"}},{\"@type\":\"WebPage\",\"@id\":\"https:\\\/\\\/eldigitaldeasturias.com\\\/magazine365\\\/rincon-de-la-victoria-pone-en-marcha-un-plan-de-aprovechamiento-de-playas-para-cuatro-anos\\\/#webpage\",\"url\":\"https:\\\/\\\/eldigitaldeasturias.com\\\/magazine365\\\/rincon-de-la-victoria-pone-en-marcha-un-plan-de-aprovechamiento-de-playas-para-cuatro-anos\\\/\",\"name\":\"Rinc\\u00f3n de la Victoria pone en marcha un Plan de Aprovechamiento de Playas para cuatro a\\u00f1os | El Digital de Asturias\",\"description\":\"La Concejal\\u00eda de Turismo y Playas del Ayuntamiento del municipio malague\\u00f1o de Rinc\\u00f3n de la Victoria ha informado de la elaboraci\\u00f3n de un Plan de Aprovechamiento de Playas por un periodo vigente de cuatro a\\u00f1os. As\\u00ed lo ha anunciado el concejal del \\u00e1rea, Javier L\\u00f3pez, que ha explicado que la junta de gobierno ha dado\",\"inLanguage\":\"es-ES\",\"isPartOf\":{\"@id\":\"https:\\\/\\\/eldigitaldeasturias.com\\\/magazine365\\\/#website\"},\"breadcrumb\":{\"@id\":\"https:\\\/\\\/eldigitaldeasturias.com\\\/magazine365\\\/rincon-de-la-victoria-pone-en-marcha-un-plan-de-aprovechamiento-de-playas-para-cuatro-anos\\\/#breadcrumblist\"},\"author\":{\"@id\":\"https:\\\/\\\/eldigitaldeasturias.com\\\/magazine365\\\/author\\\/admin\\\/#author\"},\"creator\":{\"@id\":\"https:\\\/\\\/eldigitaldeasturias.com\\\/magazine365\\\/author\\\/admin\\\/#author\"},\"image\":{\"@type\":\"ImageObject\",\"url\":\"https:\\\/\\\/eldigitaldeasturias.com\\\/magazine365\\\/wp-content\\\/uploads\\\/2016\\\/02\\\/fotonoticia_20160203193512_800.jpg\",\"@id\":\"https:\\\/\\\/eldigitaldeasturias.com\\\/magazine365\\\/rincon-de-la-victoria-pone-en-marcha-un-plan-de-aprovechamiento-de-playas-para-cuatro-anos\\\/#mainImage\",\"width\":800,\"height\":484},\"primaryImageOfPage\":{\"@id\":\"https:\\\/\\\/eldigitaldeasturias.com\\\/magazine365\\\/rincon-de-la-victoria-pone-en-marcha-un-plan-de-aprovechamiento-de-playas-para-cuatro-anos\\\/#mainImage\"},\"datePublished\":\"2016-02-06T13:20:47+01:00\",\"dateModified\":\"2016-02-06T13:20:47+01:00\"},{\"@type\":\"WebSite\",\"@id\":\"https:\\\/\\\/eldigitaldeasturias.com\\\/magazine365\\\/#website\",\"url\":\"https:\\\/\\\/eldigitaldeasturias.com\\\/magazine365\\\/\",\"name\":\"El Digital de Asturias\",\"description\":\"Revista de ocio, turismo y estilo de vida\",\"inLanguage\":\"es-ES\",\"publisher\":{\"@id\":\"https:\\\/\\\/eldigitaldeasturias.com\\\/magazine365\\\/#organization\"}}]}\n\t\t<\/script>\n\t\t<!-- All in One SEO Pro -->\r\n\t\t<title>Rinc\u00f3n de la Victoria pone en marcha un Plan de Aprovechamiento de Playas para cuatro a\u00f1os | El Digital de Asturias<\/title>\n\n","aioseo_head_json":{"title":"Rinc\u00f3n de la Victoria pone en marcha un Plan de Aprovechamiento de Playas para cuatro a\u00f1os | El Digital de Asturias","description":"La Concejal\u00eda de Turismo y Playas del Ayuntamiento del municipio malague\u00f1o de Rinc\u00f3n de la Victoria ha informado de la elaboraci\u00f3n de un Plan de Aprovechamiento de Playas por un periodo vigente de cuatro a\u00f1os. As\u00ed lo ha anunciado el concejal del \u00e1rea, Javier L\u00f3pez, que ha explicado que la junta de gobierno ha dado","canonical_url":"https:\/\/eldigitaldeasturias.com\/magazine365\/rincon-de-la-victoria-pone-en-marcha-un-plan-de-aprovechamiento-de-playas-para-cuatro-anos\/","robots":"max-image-preview:large","keywords":"noticias y actualidad","webmasterTools":{"google-site-verification":"UA-38556648-1","miscellaneous":""},"schema":{"@context":"https:\/\/schema.org","@graph":[{"@type":"Article","@id":"https:\/\/eldigitaldeasturias.com\/magazine365\/rincon-de-la-victoria-pone-en-marcha-un-plan-de-aprovechamiento-de-playas-para-cuatro-anos\/#article","name":"Rinc\u00f3n de la Victoria pone en marcha un Plan de Aprovechamiento de Playas para cuatro a\u00f1os | El Digital de Asturias","headline":"Rinc\u00f3n de la Victoria pone en marcha un Plan de Aprovechamiento de Playas para cuatro a\u00f1os","author":{"@id":"https:\/\/eldigitaldeasturias.com\/magazine365\/author\/admin\/#author"},"publisher":{"@id":"https:\/\/eldigitaldeasturias.com\/magazine365\/#organization"},"image":{"@type":"ImageObject","url":"https:\/\/eldigitaldeasturias.com\/magazine365\/wp-content\/uploads\/2016\/02\/fotonoticia_20160203193512_800.jpg","width":800,"height":484},"datePublished":"2016-02-06T13:20:47+01:00","dateModified":"2016-02-06T13:20:47+01:00","inLanguage":"es-ES","mainEntityOfPage":{"@id":"https:\/\/eldigitaldeasturias.com\/magazine365\/rincon-de-la-victoria-pone-en-marcha-un-plan-de-aprovechamiento-de-playas-para-cuatro-anos\/#webpage"},"isPartOf":{"@id":"https:\/\/eldigitaldeasturias.com\/magazine365\/rincon-de-la-victoria-pone-en-marcha-un-plan-de-aprovechamiento-de-playas-para-cuatro-anos\/#webpage"},"articleSection":"Noticias y Actualidad"},{"@type":"BreadcrumbList","@id":"https:\/\/eldigitaldeasturias.com\/magazine365\/rincon-de-la-victoria-pone-en-marcha-un-plan-de-aprovechamiento-de-playas-para-cuatro-anos\/#breadcrumblist","itemListElement":[{"@type":"ListItem","@id":"https:\/\/eldigitaldeasturias.com\/magazine365#listItem","position":1,"name":"Home","item":"https:\/\/eldigitaldeasturias.com\/magazine365","nextItem":{"@type":"ListItem","@id":"https:\/\/eldigitaldeasturias.com\/magazine365\/category\/noticias-actualidad\/#listItem","name":"Noticias y Actualidad"}},{"@type":"ListItem","@id":"https:\/\/eldigitaldeasturias.com\/magazine365\/category\/noticias-actualidad\/#listItem","position":2,"name":"Noticias y Actualidad","item":"https:\/\/eldigitaldeasturias.com\/magazine365\/category\/noticias-actualidad\/","nextItem":{"@type":"ListItem","@id":"https:\/\/eldigitaldeasturias.com\/magazine365\/rincon-de-la-victoria-pone-en-marcha-un-plan-de-aprovechamiento-de-playas-para-cuatro-anos\/#listItem","name":"Rinc\u00f3n de la Victoria pone en marcha un Plan de Aprovechamiento de Playas para cuatro a\u00f1os"},"previousItem":{"@type":"ListItem","@id":"https:\/\/eldigitaldeasturias.com\/magazine365#listItem","name":"Home"}},{"@type":"ListItem","@id":"https:\/\/eldigitaldeasturias.com\/magazine365\/rincon-de-la-victoria-pone-en-marcha-un-plan-de-aprovechamiento-de-playas-para-cuatro-anos\/#listItem","position":3,"name":"Rinc\u00f3n de la Victoria pone en marcha un Plan de Aprovechamiento de Playas para cuatro a\u00f1os","previousItem":{"@type":"ListItem","@id":"https:\/\/eldigitaldeasturias.com\/magazine365\/category\/noticias-actualidad\/#listItem","name":"Noticias y Actualidad"}}]},{"@type":"Organization","@id":"https:\/\/eldigitaldeasturias.com\/magazine365\/#organization","name":"El digital de Asturias","description":"Revista de ocio, turismo y estilo de vida","url":"https:\/\/eldigitaldeasturias.com\/magazine365\/","logo":{"@type":"ImageObject","url":"https:\/\/www.eldigitaldeasturias.com\/noticias\/wp-content\/uploads\/2020\/12\/EDA.jpg","@id":"https:\/\/eldigitaldeasturias.com\/magazine365\/rincon-de-la-victoria-pone-en-marcha-un-plan-de-aprovechamiento-de-playas-para-cuatro-anos\/#organizationLogo"},"image":{"@id":"https:\/\/eldigitaldeasturias.com\/magazine365\/rincon-de-la-victoria-pone-en-marcha-un-plan-de-aprovechamiento-de-playas-para-cuatro-anos\/#organizationLogo"}},{"@type":"Person","@id":"https:\/\/eldigitaldeasturias.com\/magazine365\/author\/admin\/#author","url":"https:\/\/eldigitaldeasturias.com\/magazine365\/author\/admin\/","name":"admin","image":{"@type":"ImageObject","@id":"https:\/\/eldigitaldeasturias.com\/magazine365\/rincon-de-la-victoria-pone-en-marcha-un-plan-de-aprovechamiento-de-playas-para-cuatro-anos\/#authorImage","url":"https:\/\/eldigitaldeasturias.com\/magazine365\/wp-content\/litespeed\/avatar\/e571bcf59a0edd6fa6838245a470f2fe.jpg?ver=1776969259","width":96,"height":96,"caption":"admin"}},{"@type":"WebPage","@id":"https:\/\/eldigitaldeasturias.com\/magazine365\/rincon-de-la-victoria-pone-en-marcha-un-plan-de-aprovechamiento-de-playas-para-cuatro-anos\/#webpage","url":"https:\/\/eldigitaldeasturias.com\/magazine365\/rincon-de-la-victoria-pone-en-marcha-un-plan-de-aprovechamiento-de-playas-para-cuatro-anos\/","name":"Rinc\u00f3n de la Victoria pone en marcha un Plan de Aprovechamiento de Playas para cuatro a\u00f1os | El Digital de Asturias","description":"La Concejal\u00eda de Turismo y Playas del Ayuntamiento del municipio malague\u00f1o de Rinc\u00f3n de la Victoria ha informado de la elaboraci\u00f3n de un Plan de Aprovechamiento de Playas por un periodo vigente de cuatro a\u00f1os. As\u00ed lo ha anunciado el concejal del \u00e1rea, Javier L\u00f3pez, que ha explicado que la junta de gobierno ha dado","inLanguage":"es-ES","isPartOf":{"@id":"https:\/\/eldigitaldeasturias.com\/magazine365\/#website"},"breadcrumb":{"@id":"https:\/\/eldigitaldeasturias.com\/magazine365\/rincon-de-la-victoria-pone-en-marcha-un-plan-de-aprovechamiento-de-playas-para-cuatro-anos\/#breadcrumblist"},"author":{"@id":"https:\/\/eldigitaldeasturias.com\/magazine365\/author\/admin\/#author"},"creator":{"@id":"https:\/\/eldigitaldeasturias.com\/magazine365\/author\/admin\/#author"},"image":{"@type":"ImageObject","url":"https:\/\/eldigitaldeasturias.com\/magazine365\/wp-content\/uploads\/2016\/02\/fotonoticia_20160203193512_800.jpg","@id":"https:\/\/eldigitaldeasturias.com\/magazine365\/rincon-de-la-victoria-pone-en-marcha-un-plan-de-aprovechamiento-de-playas-para-cuatro-anos\/#mainImage","width":800,"height":484},"primaryImageOfPage":{"@id":"https:\/\/eldigitaldeasturias.com\/magazine365\/rincon-de-la-victoria-pone-en-marcha-un-plan-de-aprovechamiento-de-playas-para-cuatro-anos\/#mainImage"},"datePublished":"2016-02-06T13:20:47+01:00","dateModified":"2016-02-06T13:20:47+01:00"},{"@type":"WebSite","@id":"https:\/\/eldigitaldeasturias.com\/magazine365\/#website","url":"https:\/\/eldigitaldeasturias.com\/magazine365\/","name":"El Digital de Asturias","description":"Revista de ocio, turismo y estilo de vida","inLanguage":"es-ES","publisher":{"@id":"https:\/\/eldigitaldeasturias.com\/magazine365\/#organization"}}]},"og:locale":"es_ES","og:site_name":"El Digital de Asturias \u2013 Revista de ocio, turismo y estilo de vida","og:type":"article","og:title":"Rinc\u00f3n de la Victoria pone en marcha un Plan de Aprovechamiento de Playas para cuatro a\u00f1os | El Digital de Asturias","og:description":"La Concejal\u00eda de Turismo y Playas del Ayuntamiento del municipio malague\u00f1o de Rinc\u00f3n de la Victoria ha informado de la elaboraci\u00f3n de un Plan de Aprovechamiento de Playas por un periodo vigente de cuatro a\u00f1os. As\u00ed lo ha anunciado el concejal del \u00e1rea, Javier L\u00f3pez, que ha explicado que la junta de gobierno ha dado","og:url":"https:\/\/eldigitaldeasturias.com\/magazine365\/rincon-de-la-victoria-pone-en-marcha-un-plan-de-aprovechamiento-de-playas-para-cuatro-anos\/","og:image":"https:\/\/eldigitaldeasturias.com\/magazine365\/wp-content\/uploads\/2016\/02\/fotonoticia_20160203193512_800.jpg","og:image:secure_url":"https:\/\/eldigitaldeasturias.com\/magazine365\/wp-content\/uploads\/2016\/02\/fotonoticia_20160203193512_800.jpg","og:image:width":800,"og:image:height":484,"article:published_time":"2016-02-06T12:20:47+00:00","article:modified_time":"2016-02-06T12:20:47+00:00","twitter:card":"summary_large_image","twitter:title":"Rinc\u00f3n de la Victoria pone en marcha un Plan de Aprovechamiento de Playas para cuatro a\u00f1os | El Digital de Asturias","twitter:description":"La Concejal\u00eda de Turismo y Playas del Ayuntamiento del municipio malague\u00f1o de Rinc\u00f3n de la Victoria ha informado de la elaboraci\u00f3n de un Plan de Aprovechamiento de Playas por un periodo vigente de cuatro a\u00f1os. As\u00ed lo ha anunciado el concejal del \u00e1rea, Javier L\u00f3pez, que ha explicado que la junta de gobierno ha dado","twitter:image":"https:\/\/eldigitaldeasturias.com\/magazine365\/wp-content\/uploads\/2016\/02\/fotonoticia_20160203193512_800.jpg"},"aioseo_meta_data":{"post_id":"63235","title":null,"description":null,"keywords":null,"keyphrases":null,"primary_term":null,"canonical_url":null,"og_title":null,"og_description":null,"og_object_type":"default","og_image_type":"default","og_image_url":null,"og_image_width":null,"og_image_height":null,"og_image_custom_url":null,"og_image_custom_fields":null,"og_video":null,"og_custom_url":null,"og_article_section":null,"og_article_tags":null,"twitter_use_og":false,"twitter_card":"default","twitter_image_type":"default","twitter_image_url":null,"twitter_image_custom_url":null,"twitter_image_custom_fields":null,"twitter_title":null,"twitter_description":null,"schema":{"blockGraphs":[],"customGraphs":[],"default":{"data":{"Article":[],"Course":[],"Dataset":[],"FAQPage":[],"Movie":[],"Person":[],"Product":[],"ProductReview":[],"Car":[],"Recipe":[],"Service":[],"SoftwareApplication":[],"WebPage":[]},"graphName":"","isEnabled":true},"graphs":[],"defaultGraph":"","defaultPostTypeGraph":""},"schema_type":null,"schema_type_options":null,"pillar_content":false,"robots_default":true,"robots_noindex":false,"robots_noarchive":false,"robots_nosnippet":false,"robots_nofollow":false,"robots_noimageindex":false,"robots_noodp":false,"robots_notranslate":false,"robots_max_snippet":null,"robots_max_videopreview":null,"robots_max_imagepreview":"large","priority":null,"frequency":null,"location":null,"local_seo":null,"seo_analyzer_scan_date":"2025-09-25 12:45:54","breadcrumb_settings":null,"limit_modified_date":false,"open_ai":null,"ai":null,"created":"2021-03-08 21:25:20","updated":"2025-09-25 12:45:54"},"aioseo_breadcrumb":"<div class=\"aioseo-breadcrumbs\"><span class=\"aioseo-breadcrumb\">\n\t<a href=\"https:\/\/eldigitaldeasturias.com\/magazine365\" title=\"Home\">Home<\/a>\n<\/span><span class=\"aioseo-breadcrumb-separator\">\u2013<\/span><span class=\"aioseo-breadcrumb\">\n\t<a href=\"https:\/\/eldigitaldeasturias.com\/magazine365\/category\/noticias-actualidad\/\" title=\"Noticias y Actualidad\">Noticias y Actualidad<\/a>\n<\/span><span class=\"aioseo-breadcrumb-separator\">\u2013<\/span><span class=\"aioseo-breadcrumb\">\n\t<a href=\"https:\/\/eldigitaldeasturias.com\/magazine365\/rincon-de-la-victoria-pone-en-marcha-un-plan-de-aprovechamiento-de-playas-para-cuatro-anos\/\" title=\"Rinc\u00f3n de la Victoria pone en marcha un Plan de Aprovechamiento de Playas para cuatro a\u00f1os\">Rinc\u00f3n de la Victoria pone en marcha un Plan de Aprovechamiento de Playas para cuatro a\u00f1os<\/a>\n<\/span><\/div>","aioseo_breadcrumb_json":[{"label":"Home","link":"https:\/\/eldigitaldeasturias.com\/magazine365"},{"label":"Noticias y Actualidad","link":"https:\/\/eldigitaldeasturias.com\/magazine365\/category\/noticias-actualidad\/"},{"label":"Rinc\u00f3n de la Victoria pone en marcha un Plan de Aprovechamiento de Playas para cuatro a\u00f1os","link":"https:\/\/eldigitaldeasturias.com\/magazine365\/rincon-de-la-victoria-pone-en-marcha-un-plan-de-aprovechamiento-de-playas-para-cuatro-anos\/"}],"_links":{"self":[{"href":"https:\/\/eldigitaldeasturias.com\/magazine365\/wp-json\/wp\/v2\/posts\/63235","targetHints":{"allow":["GET"]}}],"collection":[{"href":"https:\/\/eldigitaldeasturias.com\/magazine365\/wp-json\/wp\/v2\/posts"}],"about":[{"href":"https:\/\/eldigitaldeasturias.com\/magazine365\/wp-json\/wp\/v2\/types\/post"}],"author":[{"embeddable":true,"href":"https:\/\/eldigitaldeasturias.com\/magazine365\/wp-json\/wp\/v2\/users\/1"}],"replies":[{"embeddable":true,"href":"https:\/\/eldigitaldeasturias.com\/magazine365\/wp-json\/wp\/v2\/comments?post=63235"}],"version-history":[{"count":0,"href":"https:\/\/eldigitaldeasturias.com\/magazine365\/wp-json\/wp\/v2\/posts\/63235\/revisions"}],"wp:featuredmedia":[{"embeddable":true,"href":"https:\/\/eldigitaldeasturias.com\/magazine365\/wp-json\/wp\/v2\/media\/63236"}],"wp:attachment":[{"href":"https:\/\/eldigitaldeasturias.com\/magazine365\/wp-json\/wp\/v2\/media?parent=63235"}],"wp:term":[{"taxonomy":"category","embeddable":true,"href":"https:\/\/eldigitaldeasturias.com\/magazine365\/wp-json\/wp\/v2\/categories?post=63235"},{"taxonomy":"post_tag","embeddable":true,"href":"https:\/\/eldigitaldeasturias.com\/magazine365\/wp-json\/wp\/v2\/tags?post=63235"}],"curies":[{"name":"wp","href":"https:\/\/api.w.org\/{rel}","templated":true}]}}