{"id":63232,"date":"2016-02-06T13:18:36","date_gmt":"2016-02-06T12:18:36","guid":{"rendered":"http:\/\/eldigitaldeasturias.com\/magazine365\/?p=63232"},"modified":"2016-02-06T13:18:36","modified_gmt":"2016-02-06T12:18:36","slug":"cuartas-jornadas-gastronomicas-de-la-trufa-negra-de-teruel","status":"publish","type":"post","link":"https:\/\/eldigitaldeasturias.com\/magazine365\/cuartas-jornadas-gastronomicas-de-la-trufa-negra-de-teruel\/","title":{"rendered":"Cuartas Jornadas Gastron\u00f3micas de la Trufa Negra de Teruel"},"content":{"rendered":"<p><img fetchpriority=\"high\" decoding=\"async\" class=\"alignleft size-medium wp-image-63233\" src=\"https:\/\/eldigitaldeasturias.com\/magazine365\/wp-content\/uploads\/2016\/02\/fotonoticia_20160203193358_800-360x242.jpg\" alt=\"fotonoticia_20160203193358_800\" width=\"360\" height=\"242\" srcset=\"https:\/\/eldigitaldeasturias.com\/magazine365\/wp-content\/uploads\/2016\/02\/fotonoticia_20160203193358_800-360x242.jpg 360w, https:\/\/eldigitaldeasturias.com\/magazine365\/wp-content\/uploads\/2016\/02\/fotonoticia_20160203193358_800-650x436.jpg 650w, https:\/\/eldigitaldeasturias.com\/magazine365\/wp-content\/uploads\/2016\/02\/fotonoticia_20160203193358_800-768x516.jpg 768w, https:\/\/eldigitaldeasturias.com\/magazine365\/wp-content\/uploads\/2016\/02\/fotonoticia_20160203193358_800-150x101.jpg 150w, https:\/\/eldigitaldeasturias.com\/magazine365\/wp-content\/uploads\/2016\/02\/fotonoticia_20160203193358_800-450x302.jpg 450w, https:\/\/eldigitaldeasturias.com\/magazine365\/wp-content\/uploads\/2016\/02\/fotonoticia_20160203193358_800-696x467.jpg 696w, https:\/\/eldigitaldeasturias.com\/magazine365\/wp-content\/uploads\/2016\/02\/fotonoticia_20160203193358_800-626x420.jpg 626w, https:\/\/eldigitaldeasturias.com\/magazine365\/wp-content\/uploads\/2016\/02\/fotonoticia_20160203193358_800.jpg 800w\" sizes=\"(max-width: 360px) 100vw, 360px\" \/>Empresarios tur\u00edsticos y truficultores organizan un a\u00f1o m\u00e1s, las cuartas Jornadas Gastron\u00f3micas de la Trufa Negra de Teruel, que se desarrollar\u00e1n desde este viernes, 5 de febrero, en 55 establecimientos de la provincia, tres m\u00e1s que en su edici\u00f3n anterior.<\/p>\n<p>Se podr\u00e1n degustar un total de 38 tapas con sabor a trufa que se disfrutar\u00e1n hasta el 14 de febrero en diez localidades, incluida la ciudad de Teruel.<\/p>\n<p>En el caso de los restaurantes, la oferta se ampl\u00eda hasta el 6 de marzo, de modo que los amantes de la Tuber Melanosporum, van a poder deleitarse con el diamante negro de la gastronom\u00eda tanto en men\u00fas del d\u00eda, a partir de 15 euros, como en men\u00fas degustaci\u00f3n, con 5 platos con trufas, cuyo precio oscila de 24 a 49 euros.<\/p>\n<p>El objetivo principal de estas jornadas es acercar el producto al p\u00fablico para que disfrute de este lujo culinario, del que la provincia de Teruel es un referente nacional. De este modo, se contin\u00faa con la promoci\u00f3n de Teruel como destino de turismo gastron\u00f3mico a trav\u00e9s de un producto de cercan\u00eda como es el caso de la trufa negra.<\/p>\n<p>En total participan este a\u00f1o 55 establecimientos entre bares y restaurantes repartidos por toda la provincia, con especial incidencia en la zona de G\u00fadar-Javalambre, donde quince locales apuestan una vez m\u00e1s por estas jornadas, reforzando as\u00ed el liderazgo de esta comarca por su vinculaci\u00f3n a un producto \u00abexcelente y dinamizador de la zona\u00bb.<\/p>\n<p>Las tapas se servir\u00e1n este a\u00f1o al precio de 2,5 euros, 3,50 si se acompa\u00f1an con una copa de vino &#8216;Vi\u00f1as del Vero Roble&#8217; del Somontano o una cerveza San Miguel que, en el caso de los men\u00fas degustaci\u00f3n pasar\u00e1 a ser San Miguel Especial XV para los fieles a la cerveza y un Crianza Vi\u00f1as del Vero o Chardonnay Colecci\u00f3n para los incondicionales del vino.<\/p>\n<p>MARIDAJE CON TERNASCO DE ARAG\u00d3N<\/p>\n<p>Este a\u00f1o se suma tambi\u00e9n a las Jornadas un producto de calidad como es el Ternasco de Arag\u00f3n. Por ello, todas las tapas y platos elaborados con Trufa de Teruel que incluyan Ternasco de Arag\u00f3n entre sus ingredientes optar\u00e1n a un premio valorado en 200 euros en el caso de la mejor tapa y de 300 para el mejor plato.<\/p>\n<p>Adem\u00e1s del Ternasco de Arag\u00f3n, estos d\u00edas se podr\u00e1 encontrar la trufa negra acompa\u00f1ando otros productos como la patata, los huevos, la pasta, el foie, aves, cerdo, ternera o pescados como el bacalao, la merluza o unas vieiras. Incluso los postres estar\u00e1n aromatizados con la Melanosporum como es el caso de un sorbete de Gin-Tonic.<\/p>\n<p>Una vez m\u00e1s las personas cel\u00edacas que no toleran el gluten tendr\u00e1n la oportunidad de disfrutar de muchas de estas propuestas con trufa, puesto que tambi\u00e9n hay tapas y men\u00fas aptos para cel\u00edacos o adaptables para ellos si se consulta en el establecimiento.<\/p>\n<p>ACTIVIDADES PARALELAS<\/p>\n<p>Las Jornadas se completar\u00e1n con Los Martes de la Trufa, talleres dirigidos al p\u00fablico en general, donde se cocinar\u00e1 en directo distintos platos con trufa y se comentar\u00e1n trucos de uso y conservaci\u00f3n de este preciado hongo.<\/p>\n<p>Este a\u00f1o en los talleres participar\u00e1n diferentes cocineros de la provincia, de modo que sean lo m\u00e1s atractivos posibles para el p\u00fablico. El primero de ellos tendr\u00e1 lugar el martes 9 de febrero en Teruel y el segundo el martes 23 en la Puebla de Valverde.<\/p>\n<p>Para participar en los talleres, las plazas son limitadas y en ellos se podr\u00e1n degustar cuatro propuestas con trufa maridadas con los caldos de las empresas patrocinadoras, por un precio de diez euros. Las plazas son limitadas y es imprescindible reservar para asistir en e-mail &#8216;info@conexionimaginativa.com&#8217;.<\/p>\n<p>MERCADOS DE TRUFA FRESCA<\/p>\n<p>Dado el \u00e9xito de la pasada edici\u00f3n este a\u00f1o se han programado dos mercados de venta de trufa fresca. La primera cita volver\u00e1 de nuevo a la Plaza del Torico, coincidiendo con el 14 de febrero, de modo que la Trufa Negra de Teruel, puede ser un a\u00f1o m\u00e1s tambi\u00e9n el regalo perfecto para San Valent\u00edn, especialmente para los amantes de la buena cocina.<\/p>\n<p>Para disfrutar del segundo de los Mercados, tanto turolenses como turistas tendr\u00e1n que desplazarse hasta la localidad de Mora de Rubielos. Entre todas las personas que se acerquen a cualquiera de estos mercados se sortear\u00e1n varios ejemplares de Tuber Melanosporum y se podr\u00e1n adquirir otros productos elaborados con este producto.<\/p>\n<p>Se han editado un total de 15.000 folletos desplegables y 300 carteles distribuidos por los diferentes establecimientos participantes, adem\u00e1s de hoteles, oficinas de turismo y organismos p\u00fablicos.<\/p>\n<p>Esta iniciativa cuenta con la colaboraci\u00f3n de Caja Rural de Teruel, Turismo Diputaci\u00f3n, el Ayuntamiento de Teruel y el Gobierno de Arag\u00f3n, adem\u00e1s de los patrocinadores oficiales: Vi\u00f1as del Vero y San Miguel y la incorporaci\u00f3n este a\u00f1o del Consejo Regulador del Ternasco de Arag\u00f3n.<\/p>\n<p>Asimismo, la Asociaci\u00f3n de Productores y Recolectores de Trufa ATRUTER obsequiar\u00e1 a cada participante con unos 50 gramos de trufa de Teruel, para arrancar las jornadas. Se entregar\u00e1 con un documento que recoge ocho recomendaciones de buenas pr\u00e1cticas con el producto.<\/p>\n","protected":false},"excerpt":{"rendered":"<p>Empresarios tur\u00edsticos y truficultores organizan un a\u00f1o m\u00e1s, las cuartas Jornadas Gastron\u00f3micas de la Trufa Negra de Teruel, que se desarrollar\u00e1n desde este viernes, 5 de febrero, en 55 establecimientos de la provincia, tres m\u00e1s que en su edici\u00f3n anterior. Se podr\u00e1n degustar un total de 38 tapas con sabor a trufa que se disfrutar\u00e1n<\/p>\n","protected":false},"author":1,"featured_media":63233,"comment_status":"open","ping_status":"closed","sticky":false,"template":"","format":"standard","meta":{"footnotes":""},"categories":[224],"tags":[],"class_list":{"0":"post-63232","1":"post","2":"type-post","3":"status-publish","4":"format-standard","5":"has-post-thumbnail","7":"category-noticias-actualidad"},"aioseo_notices":[],"aioseo_head":"\n\t\t<!-- All in One SEO Pro 4.9.6.1 - aioseo.com -->\n\t<meta name=\"description\" content=\"Empresarios tur\u00edsticos y truficultores organizan un a\u00f1o m\u00e1s, las cuartas Jornadas Gastron\u00f3micas de la Trufa Negra de Teruel, que se desarrollar\u00e1n desde este viernes, 5 de febrero, en 55 establecimientos de la provincia, tres m\u00e1s que en su edici\u00f3n anterior. Se podr\u00e1n degustar un total de 38 tapas con sabor a trufa que se disfrutar\u00e1n\" \/>\n\t<meta name=\"robots\" content=\"max-image-preview:large\" \/>\n\t<meta name=\"author\" content=\"admin\"\/>\n\t<meta name=\"google-site-verification\" content=\"UA-38556648-1\" \/>\n\t<meta name=\"keywords\" content=\"noticias y actualidad\" \/>\n\t<link rel=\"canonical\" href=\"https:\/\/eldigitaldeasturias.com\/magazine365\/cuartas-jornadas-gastronomicas-de-la-trufa-negra-de-teruel\/\" \/>\n\t<meta name=\"generator\" content=\"All in One SEO Pro (AIOSEO) 4.9.6.1\" \/>\n\t\t<meta property=\"og:locale\" content=\"es_ES\" \/>\n\t\t<meta property=\"og:site_name\" content=\"El Digital de Asturias \u2013 Revista de ocio, turismo y estilo de vida\" \/>\n\t\t<meta property=\"og:type\" content=\"article\" \/>\n\t\t<meta property=\"og:title\" content=\"Cuartas Jornadas Gastron\u00f3micas de la Trufa Negra de Teruel | El Digital de Asturias\" \/>\n\t\t<meta property=\"og:description\" content=\"Empresarios tur\u00edsticos y truficultores organizan un a\u00f1o m\u00e1s, las cuartas Jornadas Gastron\u00f3micas de la Trufa Negra de Teruel, que se desarrollar\u00e1n desde este viernes, 5 de febrero, en 55 establecimientos de la provincia, tres m\u00e1s que en su edici\u00f3n anterior. Se podr\u00e1n degustar un total de 38 tapas con sabor a trufa que se disfrutar\u00e1n\" \/>\n\t\t<meta property=\"og:url\" content=\"https:\/\/eldigitaldeasturias.com\/magazine365\/cuartas-jornadas-gastronomicas-de-la-trufa-negra-de-teruel\/\" \/>\n\t\t<meta property=\"og:image\" content=\"https:\/\/eldigitaldeasturias.com\/magazine365\/wp-content\/uploads\/2016\/02\/fotonoticia_20160203193358_800.jpg\" \/>\n\t\t<meta property=\"og:image:secure_url\" content=\"https:\/\/eldigitaldeasturias.com\/magazine365\/wp-content\/uploads\/2016\/02\/fotonoticia_20160203193358_800.jpg\" \/>\n\t\t<meta property=\"og:image:width\" content=\"800\" \/>\n\t\t<meta property=\"og:image:height\" content=\"537\" \/>\n\t\t<meta property=\"article:published_time\" content=\"2016-02-06T12:18:36+00:00\" \/>\n\t\t<meta property=\"article:modified_time\" content=\"2016-02-06T12:18:36+00:00\" \/>\n\t\t<meta name=\"twitter:card\" content=\"summary_large_image\" \/>\n\t\t<meta name=\"twitter:title\" content=\"Cuartas Jornadas Gastron\u00f3micas de la Trufa Negra de Teruel | El Digital de Asturias\" \/>\n\t\t<meta name=\"twitter:description\" content=\"Empresarios tur\u00edsticos y truficultores organizan un a\u00f1o m\u00e1s, las cuartas Jornadas Gastron\u00f3micas de la Trufa Negra de Teruel, que se desarrollar\u00e1n desde este viernes, 5 de febrero, en 55 establecimientos de la provincia, tres m\u00e1s que en su edici\u00f3n anterior. Se podr\u00e1n degustar un total de 38 tapas con sabor a trufa que se disfrutar\u00e1n\" \/>\n\t\t<meta name=\"twitter:image\" content=\"https:\/\/eldigitaldeasturias.com\/magazine365\/wp-content\/uploads\/2016\/02\/fotonoticia_20160203193358_800.jpg\" \/>\n\t\t<script type=\"application\/ld+json\" class=\"aioseo-schema\">\n\t\t\t{\"@context\":\"https:\\\/\\\/schema.org\",\"@graph\":[{\"@type\":\"Article\",\"@id\":\"https:\\\/\\\/eldigitaldeasturias.com\\\/magazine365\\\/cuartas-jornadas-gastronomicas-de-la-trufa-negra-de-teruel\\\/#article\",\"name\":\"Cuartas Jornadas Gastron\\u00f3micas de la Trufa Negra de Teruel | El Digital de Asturias\",\"headline\":\"Cuartas Jornadas Gastron\\u00f3micas de la Trufa Negra de Teruel\",\"author\":{\"@id\":\"https:\\\/\\\/eldigitaldeasturias.com\\\/magazine365\\\/author\\\/admin\\\/#author\"},\"publisher\":{\"@id\":\"https:\\\/\\\/eldigitaldeasturias.com\\\/magazine365\\\/#organization\"},\"image\":{\"@type\":\"ImageObject\",\"url\":\"https:\\\/\\\/eldigitaldeasturias.com\\\/magazine365\\\/wp-content\\\/uploads\\\/2016\\\/02\\\/fotonoticia_20160203193358_800.jpg\",\"width\":800,\"height\":537},\"datePublished\":\"2016-02-06T13:18:36+01:00\",\"dateModified\":\"2016-02-06T13:18:36+01:00\",\"inLanguage\":\"es-ES\",\"mainEntityOfPage\":{\"@id\":\"https:\\\/\\\/eldigitaldeasturias.com\\\/magazine365\\\/cuartas-jornadas-gastronomicas-de-la-trufa-negra-de-teruel\\\/#webpage\"},\"isPartOf\":{\"@id\":\"https:\\\/\\\/eldigitaldeasturias.com\\\/magazine365\\\/cuartas-jornadas-gastronomicas-de-la-trufa-negra-de-teruel\\\/#webpage\"},\"articleSection\":\"Noticias y Actualidad\"},{\"@type\":\"BreadcrumbList\",\"@id\":\"https:\\\/\\\/eldigitaldeasturias.com\\\/magazine365\\\/cuartas-jornadas-gastronomicas-de-la-trufa-negra-de-teruel\\\/#breadcrumblist\",\"itemListElement\":[{\"@type\":\"ListItem\",\"@id\":\"https:\\\/\\\/eldigitaldeasturias.com\\\/magazine365#listItem\",\"position\":1,\"name\":\"Home\",\"item\":\"https:\\\/\\\/eldigitaldeasturias.com\\\/magazine365\",\"nextItem\":{\"@type\":\"ListItem\",\"@id\":\"https:\\\/\\\/eldigitaldeasturias.com\\\/magazine365\\\/category\\\/noticias-actualidad\\\/#listItem\",\"name\":\"Noticias y Actualidad\"}},{\"@type\":\"ListItem\",\"@id\":\"https:\\\/\\\/eldigitaldeasturias.com\\\/magazine365\\\/category\\\/noticias-actualidad\\\/#listItem\",\"position\":2,\"name\":\"Noticias y Actualidad\",\"item\":\"https:\\\/\\\/eldigitaldeasturias.com\\\/magazine365\\\/category\\\/noticias-actualidad\\\/\",\"nextItem\":{\"@type\":\"ListItem\",\"@id\":\"https:\\\/\\\/eldigitaldeasturias.com\\\/magazine365\\\/cuartas-jornadas-gastronomicas-de-la-trufa-negra-de-teruel\\\/#listItem\",\"name\":\"Cuartas Jornadas Gastron\\u00f3micas de la Trufa Negra de Teruel\"},\"previousItem\":{\"@type\":\"ListItem\",\"@id\":\"https:\\\/\\\/eldigitaldeasturias.com\\\/magazine365#listItem\",\"name\":\"Home\"}},{\"@type\":\"ListItem\",\"@id\":\"https:\\\/\\\/eldigitaldeasturias.com\\\/magazine365\\\/cuartas-jornadas-gastronomicas-de-la-trufa-negra-de-teruel\\\/#listItem\",\"position\":3,\"name\":\"Cuartas Jornadas Gastron\\u00f3micas de la Trufa Negra de Teruel\",\"previousItem\":{\"@type\":\"ListItem\",\"@id\":\"https:\\\/\\\/eldigitaldeasturias.com\\\/magazine365\\\/category\\\/noticias-actualidad\\\/#listItem\",\"name\":\"Noticias y Actualidad\"}}]},{\"@type\":\"Organization\",\"@id\":\"https:\\\/\\\/eldigitaldeasturias.com\\\/magazine365\\\/#organization\",\"name\":\"El digital de Asturias\",\"description\":\"Revista de ocio, turismo y estilo de vida\",\"url\":\"https:\\\/\\\/eldigitaldeasturias.com\\\/magazine365\\\/\",\"logo\":{\"@type\":\"ImageObject\",\"url\":\"https:\\\/\\\/www.eldigitaldeasturias.com\\\/noticias\\\/wp-content\\\/uploads\\\/2020\\\/12\\\/EDA.jpg\",\"@id\":\"https:\\\/\\\/eldigitaldeasturias.com\\\/magazine365\\\/cuartas-jornadas-gastronomicas-de-la-trufa-negra-de-teruel\\\/#organizationLogo\"},\"image\":{\"@id\":\"https:\\\/\\\/eldigitaldeasturias.com\\\/magazine365\\\/cuartas-jornadas-gastronomicas-de-la-trufa-negra-de-teruel\\\/#organizationLogo\"}},{\"@type\":\"Person\",\"@id\":\"https:\\\/\\\/eldigitaldeasturias.com\\\/magazine365\\\/author\\\/admin\\\/#author\",\"url\":\"https:\\\/\\\/eldigitaldeasturias.com\\\/magazine365\\\/author\\\/admin\\\/\",\"name\":\"admin\",\"image\":{\"@type\":\"ImageObject\",\"@id\":\"https:\\\/\\\/eldigitaldeasturias.com\\\/magazine365\\\/cuartas-jornadas-gastronomicas-de-la-trufa-negra-de-teruel\\\/#authorImage\",\"url\":\"https:\\\/\\\/eldigitaldeasturias.com\\\/magazine365\\\/wp-content\\\/litespeed\\\/avatar\\\/e571bcf59a0edd6fa6838245a470f2fe.jpg?ver=1776969259\",\"width\":96,\"height\":96,\"caption\":\"admin\"}},{\"@type\":\"WebPage\",\"@id\":\"https:\\\/\\\/eldigitaldeasturias.com\\\/magazine365\\\/cuartas-jornadas-gastronomicas-de-la-trufa-negra-de-teruel\\\/#webpage\",\"url\":\"https:\\\/\\\/eldigitaldeasturias.com\\\/magazine365\\\/cuartas-jornadas-gastronomicas-de-la-trufa-negra-de-teruel\\\/\",\"name\":\"Cuartas Jornadas Gastron\\u00f3micas de la Trufa Negra de Teruel | El Digital de Asturias\",\"description\":\"Empresarios tur\\u00edsticos y truficultores organizan un a\\u00f1o m\\u00e1s, las cuartas Jornadas Gastron\\u00f3micas de la Trufa Negra de Teruel, que se desarrollar\\u00e1n desde este viernes, 5 de febrero, en 55 establecimientos de la provincia, tres m\\u00e1s que en su edici\\u00f3n anterior. Se podr\\u00e1n degustar un total de 38 tapas con sabor a trufa que se disfrutar\\u00e1n\",\"inLanguage\":\"es-ES\",\"isPartOf\":{\"@id\":\"https:\\\/\\\/eldigitaldeasturias.com\\\/magazine365\\\/#website\"},\"breadcrumb\":{\"@id\":\"https:\\\/\\\/eldigitaldeasturias.com\\\/magazine365\\\/cuartas-jornadas-gastronomicas-de-la-trufa-negra-de-teruel\\\/#breadcrumblist\"},\"author\":{\"@id\":\"https:\\\/\\\/eldigitaldeasturias.com\\\/magazine365\\\/author\\\/admin\\\/#author\"},\"creator\":{\"@id\":\"https:\\\/\\\/eldigitaldeasturias.com\\\/magazine365\\\/author\\\/admin\\\/#author\"},\"image\":{\"@type\":\"ImageObject\",\"url\":\"https:\\\/\\\/eldigitaldeasturias.com\\\/magazine365\\\/wp-content\\\/uploads\\\/2016\\\/02\\\/fotonoticia_20160203193358_800.jpg\",\"@id\":\"https:\\\/\\\/eldigitaldeasturias.com\\\/magazine365\\\/cuartas-jornadas-gastronomicas-de-la-trufa-negra-de-teruel\\\/#mainImage\",\"width\":800,\"height\":537},\"primaryImageOfPage\":{\"@id\":\"https:\\\/\\\/eldigitaldeasturias.com\\\/magazine365\\\/cuartas-jornadas-gastronomicas-de-la-trufa-negra-de-teruel\\\/#mainImage\"},\"datePublished\":\"2016-02-06T13:18:36+01:00\",\"dateModified\":\"2016-02-06T13:18:36+01:00\"},{\"@type\":\"WebSite\",\"@id\":\"https:\\\/\\\/eldigitaldeasturias.com\\\/magazine365\\\/#website\",\"url\":\"https:\\\/\\\/eldigitaldeasturias.com\\\/magazine365\\\/\",\"name\":\"El Digital de Asturias\",\"description\":\"Revista de ocio, turismo y estilo de vida\",\"inLanguage\":\"es-ES\",\"publisher\":{\"@id\":\"https:\\\/\\\/eldigitaldeasturias.com\\\/magazine365\\\/#organization\"}}]}\n\t\t<\/script>\n\t\t<!-- All in One SEO Pro -->\r\n\t\t<title>Cuartas Jornadas Gastron\u00f3micas de la Trufa Negra de Teruel | El Digital de Asturias<\/title>\n\n","aioseo_head_json":{"title":"Cuartas Jornadas Gastron\u00f3micas de la Trufa Negra de Teruel | El Digital de Asturias","description":"Empresarios tur\u00edsticos y truficultores organizan un a\u00f1o m\u00e1s, las cuartas Jornadas Gastron\u00f3micas de la Trufa Negra de Teruel, que se desarrollar\u00e1n desde este viernes, 5 de febrero, en 55 establecimientos de la provincia, tres m\u00e1s que en su edici\u00f3n anterior. Se podr\u00e1n degustar un total de 38 tapas con sabor a trufa que se disfrutar\u00e1n","canonical_url":"https:\/\/eldigitaldeasturias.com\/magazine365\/cuartas-jornadas-gastronomicas-de-la-trufa-negra-de-teruel\/","robots":"max-image-preview:large","keywords":"noticias y actualidad","webmasterTools":{"google-site-verification":"UA-38556648-1","miscellaneous":""},"schema":{"@context":"https:\/\/schema.org","@graph":[{"@type":"Article","@id":"https:\/\/eldigitaldeasturias.com\/magazine365\/cuartas-jornadas-gastronomicas-de-la-trufa-negra-de-teruel\/#article","name":"Cuartas Jornadas Gastron\u00f3micas de la Trufa Negra de Teruel | El Digital de Asturias","headline":"Cuartas Jornadas Gastron\u00f3micas de la Trufa Negra de Teruel","author":{"@id":"https:\/\/eldigitaldeasturias.com\/magazine365\/author\/admin\/#author"},"publisher":{"@id":"https:\/\/eldigitaldeasturias.com\/magazine365\/#organization"},"image":{"@type":"ImageObject","url":"https:\/\/eldigitaldeasturias.com\/magazine365\/wp-content\/uploads\/2016\/02\/fotonoticia_20160203193358_800.jpg","width":800,"height":537},"datePublished":"2016-02-06T13:18:36+01:00","dateModified":"2016-02-06T13:18:36+01:00","inLanguage":"es-ES","mainEntityOfPage":{"@id":"https:\/\/eldigitaldeasturias.com\/magazine365\/cuartas-jornadas-gastronomicas-de-la-trufa-negra-de-teruel\/#webpage"},"isPartOf":{"@id":"https:\/\/eldigitaldeasturias.com\/magazine365\/cuartas-jornadas-gastronomicas-de-la-trufa-negra-de-teruel\/#webpage"},"articleSection":"Noticias y Actualidad"},{"@type":"BreadcrumbList","@id":"https:\/\/eldigitaldeasturias.com\/magazine365\/cuartas-jornadas-gastronomicas-de-la-trufa-negra-de-teruel\/#breadcrumblist","itemListElement":[{"@type":"ListItem","@id":"https:\/\/eldigitaldeasturias.com\/magazine365#listItem","position":1,"name":"Home","item":"https:\/\/eldigitaldeasturias.com\/magazine365","nextItem":{"@type":"ListItem","@id":"https:\/\/eldigitaldeasturias.com\/magazine365\/category\/noticias-actualidad\/#listItem","name":"Noticias y Actualidad"}},{"@type":"ListItem","@id":"https:\/\/eldigitaldeasturias.com\/magazine365\/category\/noticias-actualidad\/#listItem","position":2,"name":"Noticias y Actualidad","item":"https:\/\/eldigitaldeasturias.com\/magazine365\/category\/noticias-actualidad\/","nextItem":{"@type":"ListItem","@id":"https:\/\/eldigitaldeasturias.com\/magazine365\/cuartas-jornadas-gastronomicas-de-la-trufa-negra-de-teruel\/#listItem","name":"Cuartas Jornadas Gastron\u00f3micas de la Trufa Negra de Teruel"},"previousItem":{"@type":"ListItem","@id":"https:\/\/eldigitaldeasturias.com\/magazine365#listItem","name":"Home"}},{"@type":"ListItem","@id":"https:\/\/eldigitaldeasturias.com\/magazine365\/cuartas-jornadas-gastronomicas-de-la-trufa-negra-de-teruel\/#listItem","position":3,"name":"Cuartas Jornadas Gastron\u00f3micas de la Trufa Negra de Teruel","previousItem":{"@type":"ListItem","@id":"https:\/\/eldigitaldeasturias.com\/magazine365\/category\/noticias-actualidad\/#listItem","name":"Noticias y Actualidad"}}]},{"@type":"Organization","@id":"https:\/\/eldigitaldeasturias.com\/magazine365\/#organization","name":"El digital de Asturias","description":"Revista de ocio, turismo y estilo de vida","url":"https:\/\/eldigitaldeasturias.com\/magazine365\/","logo":{"@type":"ImageObject","url":"https:\/\/www.eldigitaldeasturias.com\/noticias\/wp-content\/uploads\/2020\/12\/EDA.jpg","@id":"https:\/\/eldigitaldeasturias.com\/magazine365\/cuartas-jornadas-gastronomicas-de-la-trufa-negra-de-teruel\/#organizationLogo"},"image":{"@id":"https:\/\/eldigitaldeasturias.com\/magazine365\/cuartas-jornadas-gastronomicas-de-la-trufa-negra-de-teruel\/#organizationLogo"}},{"@type":"Person","@id":"https:\/\/eldigitaldeasturias.com\/magazine365\/author\/admin\/#author","url":"https:\/\/eldigitaldeasturias.com\/magazine365\/author\/admin\/","name":"admin","image":{"@type":"ImageObject","@id":"https:\/\/eldigitaldeasturias.com\/magazine365\/cuartas-jornadas-gastronomicas-de-la-trufa-negra-de-teruel\/#authorImage","url":"https:\/\/eldigitaldeasturias.com\/magazine365\/wp-content\/litespeed\/avatar\/e571bcf59a0edd6fa6838245a470f2fe.jpg?ver=1776969259","width":96,"height":96,"caption":"admin"}},{"@type":"WebPage","@id":"https:\/\/eldigitaldeasturias.com\/magazine365\/cuartas-jornadas-gastronomicas-de-la-trufa-negra-de-teruel\/#webpage","url":"https:\/\/eldigitaldeasturias.com\/magazine365\/cuartas-jornadas-gastronomicas-de-la-trufa-negra-de-teruel\/","name":"Cuartas Jornadas Gastron\u00f3micas de la Trufa Negra de Teruel | El Digital de Asturias","description":"Empresarios tur\u00edsticos y truficultores organizan un a\u00f1o m\u00e1s, las cuartas Jornadas Gastron\u00f3micas de la Trufa Negra de Teruel, que se desarrollar\u00e1n desde este viernes, 5 de febrero, en 55 establecimientos de la provincia, tres m\u00e1s que en su edici\u00f3n anterior. Se podr\u00e1n degustar un total de 38 tapas con sabor a trufa que se disfrutar\u00e1n","inLanguage":"es-ES","isPartOf":{"@id":"https:\/\/eldigitaldeasturias.com\/magazine365\/#website"},"breadcrumb":{"@id":"https:\/\/eldigitaldeasturias.com\/magazine365\/cuartas-jornadas-gastronomicas-de-la-trufa-negra-de-teruel\/#breadcrumblist"},"author":{"@id":"https:\/\/eldigitaldeasturias.com\/magazine365\/author\/admin\/#author"},"creator":{"@id":"https:\/\/eldigitaldeasturias.com\/magazine365\/author\/admin\/#author"},"image":{"@type":"ImageObject","url":"https:\/\/eldigitaldeasturias.com\/magazine365\/wp-content\/uploads\/2016\/02\/fotonoticia_20160203193358_800.jpg","@id":"https:\/\/eldigitaldeasturias.com\/magazine365\/cuartas-jornadas-gastronomicas-de-la-trufa-negra-de-teruel\/#mainImage","width":800,"height":537},"primaryImageOfPage":{"@id":"https:\/\/eldigitaldeasturias.com\/magazine365\/cuartas-jornadas-gastronomicas-de-la-trufa-negra-de-teruel\/#mainImage"},"datePublished":"2016-02-06T13:18:36+01:00","dateModified":"2016-02-06T13:18:36+01:00"},{"@type":"WebSite","@id":"https:\/\/eldigitaldeasturias.com\/magazine365\/#website","url":"https:\/\/eldigitaldeasturias.com\/magazine365\/","name":"El Digital de Asturias","description":"Revista de ocio, turismo y estilo de vida","inLanguage":"es-ES","publisher":{"@id":"https:\/\/eldigitaldeasturias.com\/magazine365\/#organization"}}]},"og:locale":"es_ES","og:site_name":"El Digital de Asturias \u2013 Revista de ocio, turismo y estilo de vida","og:type":"article","og:title":"Cuartas Jornadas Gastron\u00f3micas de la Trufa Negra de Teruel | El Digital de Asturias","og:description":"Empresarios tur\u00edsticos y truficultores organizan un a\u00f1o m\u00e1s, las cuartas Jornadas Gastron\u00f3micas de la Trufa Negra de Teruel, que se desarrollar\u00e1n desde este viernes, 5 de febrero, en 55 establecimientos de la provincia, tres m\u00e1s que en su edici\u00f3n anterior. Se podr\u00e1n degustar un total de 38 tapas con sabor a trufa que se disfrutar\u00e1n","og:url":"https:\/\/eldigitaldeasturias.com\/magazine365\/cuartas-jornadas-gastronomicas-de-la-trufa-negra-de-teruel\/","og:image":"https:\/\/eldigitaldeasturias.com\/magazine365\/wp-content\/uploads\/2016\/02\/fotonoticia_20160203193358_800.jpg","og:image:secure_url":"https:\/\/eldigitaldeasturias.com\/magazine365\/wp-content\/uploads\/2016\/02\/fotonoticia_20160203193358_800.jpg","og:image:width":800,"og:image:height":537,"article:published_time":"2016-02-06T12:18:36+00:00","article:modified_time":"2016-02-06T12:18:36+00:00","twitter:card":"summary_large_image","twitter:title":"Cuartas Jornadas Gastron\u00f3micas de la Trufa Negra de Teruel | El Digital de Asturias","twitter:description":"Empresarios tur\u00edsticos y truficultores organizan un a\u00f1o m\u00e1s, las cuartas Jornadas Gastron\u00f3micas de la Trufa Negra de Teruel, que se desarrollar\u00e1n desde este viernes, 5 de febrero, en 55 establecimientos de la provincia, tres m\u00e1s que en su edici\u00f3n anterior. Se podr\u00e1n degustar un total de 38 tapas con sabor a trufa que se disfrutar\u00e1n","twitter:image":"https:\/\/eldigitaldeasturias.com\/magazine365\/wp-content\/uploads\/2016\/02\/fotonoticia_20160203193358_800.jpg"},"aioseo_meta_data":{"post_id":"63232","title":null,"description":null,"keywords":null,"keyphrases":null,"primary_term":null,"canonical_url":null,"og_title":null,"og_description":null,"og_object_type":"default","og_image_type":"default","og_image_url":null,"og_image_width":null,"og_image_height":null,"og_image_custom_url":null,"og_image_custom_fields":null,"og_video":null,"og_custom_url":null,"og_article_section":null,"og_article_tags":null,"twitter_use_og":false,"twitter_card":"default","twitter_image_type":"default","twitter_image_url":null,"twitter_image_custom_url":null,"twitter_image_custom_fields":null,"twitter_title":null,"twitter_description":null,"schema":{"blockGraphs":[],"customGraphs":[],"default":{"data":{"Article":[],"Course":[],"Dataset":[],"FAQPage":[],"Movie":[],"Person":[],"Product":[],"ProductReview":[],"Car":[],"Recipe":[],"Service":[],"SoftwareApplication":[],"WebPage":[]},"graphName":"","isEnabled":true},"graphs":[],"defaultGraph":"","defaultPostTypeGraph":""},"schema_type":null,"schema_type_options":null,"pillar_content":false,"robots_default":true,"robots_noindex":false,"robots_noarchive":false,"robots_nosnippet":false,"robots_nofollow":false,"robots_noimageindex":false,"robots_noodp":false,"robots_notranslate":false,"robots_max_snippet":null,"robots_max_videopreview":null,"robots_max_imagepreview":"large","priority":null,"frequency":null,"location":null,"local_seo":null,"seo_analyzer_scan_date":"2025-09-25 12:44:13","breadcrumb_settings":null,"limit_modified_date":false,"open_ai":null,"ai":null,"created":"2021-03-08 21:25:20","updated":"2025-09-25 12:44:13"},"aioseo_breadcrumb":"<div class=\"aioseo-breadcrumbs\"><span class=\"aioseo-breadcrumb\">\n\t<a href=\"https:\/\/eldigitaldeasturias.com\/magazine365\" title=\"Home\">Home<\/a>\n<\/span><span class=\"aioseo-breadcrumb-separator\">\u2013<\/span><span class=\"aioseo-breadcrumb\">\n\t<a href=\"https:\/\/eldigitaldeasturias.com\/magazine365\/category\/noticias-actualidad\/\" title=\"Noticias y Actualidad\">Noticias y Actualidad<\/a>\n<\/span><span class=\"aioseo-breadcrumb-separator\">\u2013<\/span><span class=\"aioseo-breadcrumb\">\n\t<a href=\"https:\/\/eldigitaldeasturias.com\/magazine365\/cuartas-jornadas-gastronomicas-de-la-trufa-negra-de-teruel\/\" title=\"Cuartas Jornadas Gastron\u00f3micas de la Trufa Negra de Teruel\">Cuartas Jornadas Gastron\u00f3micas de la Trufa Negra de Teruel<\/a>\n<\/span><\/div>","aioseo_breadcrumb_json":[{"label":"Home","link":"https:\/\/eldigitaldeasturias.com\/magazine365"},{"label":"Noticias y Actualidad","link":"https:\/\/eldigitaldeasturias.com\/magazine365\/category\/noticias-actualidad\/"},{"label":"Cuartas Jornadas Gastron\u00f3micas de la Trufa Negra de Teruel","link":"https:\/\/eldigitaldeasturias.com\/magazine365\/cuartas-jornadas-gastronomicas-de-la-trufa-negra-de-teruel\/"}],"_links":{"self":[{"href":"https:\/\/eldigitaldeasturias.com\/magazine365\/wp-json\/wp\/v2\/posts\/63232","targetHints":{"allow":["GET"]}}],"collection":[{"href":"https:\/\/eldigitaldeasturias.com\/magazine365\/wp-json\/wp\/v2\/posts"}],"about":[{"href":"https:\/\/eldigitaldeasturias.com\/magazine365\/wp-json\/wp\/v2\/types\/post"}],"author":[{"embeddable":true,"href":"https:\/\/eldigitaldeasturias.com\/magazine365\/wp-json\/wp\/v2\/users\/1"}],"replies":[{"embeddable":true,"href":"https:\/\/eldigitaldeasturias.com\/magazine365\/wp-json\/wp\/v2\/comments?post=63232"}],"version-history":[{"count":0,"href":"https:\/\/eldigitaldeasturias.com\/magazine365\/wp-json\/wp\/v2\/posts\/63232\/revisions"}],"wp:featuredmedia":[{"embeddable":true,"href":"https:\/\/eldigitaldeasturias.com\/magazine365\/wp-json\/wp\/v2\/media\/63233"}],"wp:attachment":[{"href":"https:\/\/eldigitaldeasturias.com\/magazine365\/wp-json\/wp\/v2\/media?parent=63232"}],"wp:term":[{"taxonomy":"category","embeddable":true,"href":"https:\/\/eldigitaldeasturias.com\/magazine365\/wp-json\/wp\/v2\/categories?post=63232"},{"taxonomy":"post_tag","embeddable":true,"href":"https:\/\/eldigitaldeasturias.com\/magazine365\/wp-json\/wp\/v2\/tags?post=63232"}],"curies":[{"name":"wp","href":"https:\/\/api.w.org\/{rel}","templated":true}]}}