{"id":63220,"date":"2016-02-06T13:10:14","date_gmt":"2016-02-06T12:10:14","guid":{"rendered":"http:\/\/eldigitaldeasturias.com\/magazine365\/?p=63220"},"modified":"2016-02-06T13:10:14","modified_gmt":"2016-02-06T12:10:14","slug":"el-buque-modern-express-entra-en-el-puerto-de-bilbao","status":"publish","type":"post","link":"https:\/\/eldigitaldeasturias.com\/magazine365\/el-buque-modern-express-entra-en-el-puerto-de-bilbao\/","title":{"rendered":"El buque &#8216;Modern Express&#8217; entra en el puerto de Bilbao"},"content":{"rendered":"<p><img fetchpriority=\"high\" decoding=\"async\" class=\"alignleft size-medium wp-image-63221\" src=\"https:\/\/eldigitaldeasturias.com\/magazine365\/wp-content\/uploads\/2016\/02\/fotonoticia_20160203184147_800-360x203.jpg\" alt=\"fotonoticia_20160203184147_800\" width=\"360\" height=\"203\" srcset=\"https:\/\/eldigitaldeasturias.com\/magazine365\/wp-content\/uploads\/2016\/02\/fotonoticia_20160203184147_800-360x203.jpg 360w, https:\/\/eldigitaldeasturias.com\/magazine365\/wp-content\/uploads\/2016\/02\/fotonoticia_20160203184147_800-650x366.jpg 650w, https:\/\/eldigitaldeasturias.com\/magazine365\/wp-content\/uploads\/2016\/02\/fotonoticia_20160203184147_800-768x432.jpg 768w, https:\/\/eldigitaldeasturias.com\/magazine365\/wp-content\/uploads\/2016\/02\/fotonoticia_20160203184147_800-150x84.jpg 150w, https:\/\/eldigitaldeasturias.com\/magazine365\/wp-content\/uploads\/2016\/02\/fotonoticia_20160203184147_800-450x253.jpg 450w, https:\/\/eldigitaldeasturias.com\/magazine365\/wp-content\/uploads\/2016\/02\/fotonoticia_20160203184147_800-696x392.jpg 696w, https:\/\/eldigitaldeasturias.com\/magazine365\/wp-content\/uploads\/2016\/02\/fotonoticia_20160203184147_800-747x420.jpg 747w, https:\/\/eldigitaldeasturias.com\/magazine365\/wp-content\/uploads\/2016\/02\/fotonoticia_20160203184147_800-499x280.jpg 499w, https:\/\/eldigitaldeasturias.com\/magazine365\/wp-content\/uploads\/2016\/02\/fotonoticia_20160203184147_800-510x289.jpg 510w, https:\/\/eldigitaldeasturias.com\/magazine365\/wp-content\/uploads\/2016\/02\/fotonoticia_20160203184147_800.jpg 800w\" sizes=\"(max-width: 360px) 100vw, 360px\" \/>El buque &#8216;Modern Express&#8217;, que el 26 de enero se escor\u00f3 al norte de Cabo Ortegal y fue preciso rescatar a sus 22 tripulantes, ha entrado en la tarde de este mi\u00e9rcoles en el puerto de Bilbao.<\/p>\n<p>En el puerto ha iniciado ya su entrada en la d\u00e1rsena \u00ababrigada\u00bb de la zona de ampliaci\u00f3n, donde quedar\u00e1 ubicado, seg\u00fan han informado fuentes de la Autoridad Portuaria a Europa Press.<\/p>\n<p>El mercante de transporte de carga rodada de 164 metros de eslora, que transporta maquinaria de obra p\u00fablica y madera, procedente de Gab\u00f3n y con destino al puerto franc\u00e9s de Le Havre, sufri\u00f3 una fuerte escora por causas todav\u00eda pendientes de determinar.<\/p>\n<p>Tras comenzar su remolque el buque &#8216;Centaurus&#8217;, las autoridades espa\u00f1olas aceptaron la petici\u00f3n de refugio en el puerto de Bilbao, despu\u00e9s de haber quedado a la deriva hace ya m\u00e1s de una semana.<\/p>\n<p>Finalmente, esta tarde ha entrado en el puerto de Bilbao y ha enfilado la entrada a la d\u00e1rsena \u00ababrigada\u00bb en su zona de ampliaci\u00f3n en Zierbena, donde quedar\u00e1 ubicado.<\/p>\n","protected":false},"excerpt":{"rendered":"<p>El buque &#8216;Modern Express&#8217;, que el 26 de enero se escor\u00f3 al norte de Cabo Ortegal y fue preciso rescatar a sus 22 tripulantes, ha entrado en la tarde de este mi\u00e9rcoles en el puerto de Bilbao. En el puerto ha iniciado ya su entrada en la d\u00e1rsena \u00ababrigada\u00bb de la zona de ampliaci\u00f3n, donde<\/p>\n","protected":false},"author":1,"featured_media":63221,"comment_status":"open","ping_status":"closed","sticky":false,"template":"","format":"standard","meta":{"footnotes":""},"categories":[224],"tags":[],"class_list":{"0":"post-63220","1":"post","2":"type-post","3":"status-publish","4":"format-standard","5":"has-post-thumbnail","7":"category-noticias-actualidad"},"aioseo_notices":[],"aioseo_head":"\n\t\t<!-- All in One SEO Pro 4.9.6.1 - aioseo.com -->\n\t<meta name=\"description\" content=\"El buque &#039;Modern Express&#039;, que el 26 de enero se escor\u00f3 al norte de Cabo Ortegal y fue preciso rescatar a sus 22 tripulantes, ha entrado en la tarde de este mi\u00e9rcoles en el puerto de Bilbao. En el puerto ha iniciado ya su entrada en la d\u00e1rsena &quot;abrigada&quot; de la zona de ampliaci\u00f3n, donde\" \/>\n\t<meta name=\"robots\" content=\"max-image-preview:large\" \/>\n\t<meta name=\"author\" content=\"admin\"\/>\n\t<meta name=\"google-site-verification\" content=\"UA-38556648-1\" \/>\n\t<meta name=\"keywords\" content=\"noticias y actualidad\" \/>\n\t<link rel=\"canonical\" href=\"https:\/\/eldigitaldeasturias.com\/magazine365\/el-buque-modern-express-entra-en-el-puerto-de-bilbao\/\" \/>\n\t<meta name=\"generator\" content=\"All in One SEO Pro (AIOSEO) 4.9.6.1\" \/>\n\t\t<meta property=\"og:locale\" content=\"es_ES\" \/>\n\t\t<meta property=\"og:site_name\" content=\"El Digital de Asturias \u2013 Revista de ocio, turismo y estilo de vida\" \/>\n\t\t<meta property=\"og:type\" content=\"article\" \/>\n\t\t<meta property=\"og:title\" content=\"El buque \u2018Modern Express\u2019 entra en el puerto de Bilbao | El Digital de Asturias\" \/>\n\t\t<meta property=\"og:description\" content=\"El buque &#039;Modern Express&#039;, que el 26 de enero se escor\u00f3 al norte de Cabo Ortegal y fue preciso rescatar a sus 22 tripulantes, ha entrado en la tarde de este mi\u00e9rcoles en el puerto de Bilbao. En el puerto ha iniciado ya su entrada en la d\u00e1rsena &quot;abrigada&quot; de la zona de ampliaci\u00f3n, donde\" \/>\n\t\t<meta property=\"og:url\" content=\"https:\/\/eldigitaldeasturias.com\/magazine365\/el-buque-modern-express-entra-en-el-puerto-de-bilbao\/\" \/>\n\t\t<meta property=\"og:image\" content=\"https:\/\/eldigitaldeasturias.com\/magazine365\/wp-content\/uploads\/2016\/02\/fotonoticia_20160203184147_800.jpg\" \/>\n\t\t<meta property=\"og:image:secure_url\" content=\"https:\/\/eldigitaldeasturias.com\/magazine365\/wp-content\/uploads\/2016\/02\/fotonoticia_20160203184147_800.jpg\" \/>\n\t\t<meta property=\"og:image:width\" content=\"800\" \/>\n\t\t<meta property=\"og:image:height\" content=\"450\" \/>\n\t\t<meta property=\"article:published_time\" content=\"2016-02-06T12:10:14+00:00\" \/>\n\t\t<meta property=\"article:modified_time\" content=\"2016-02-06T12:10:14+00:00\" \/>\n\t\t<meta name=\"twitter:card\" content=\"summary_large_image\" \/>\n\t\t<meta name=\"twitter:title\" content=\"El buque \u2018Modern Express\u2019 entra en el puerto de Bilbao | El Digital de Asturias\" \/>\n\t\t<meta name=\"twitter:description\" content=\"El buque &#039;Modern Express&#039;, que el 26 de enero se escor\u00f3 al norte de Cabo Ortegal y fue preciso rescatar a sus 22 tripulantes, ha entrado en la tarde de este mi\u00e9rcoles en el puerto de Bilbao. En el puerto ha iniciado ya su entrada en la d\u00e1rsena &quot;abrigada&quot; de la zona de ampliaci\u00f3n, donde\" \/>\n\t\t<meta name=\"twitter:image\" content=\"https:\/\/eldigitaldeasturias.com\/magazine365\/wp-content\/uploads\/2016\/02\/fotonoticia_20160203184147_800.jpg\" \/>\n\t\t<script type=\"application\/ld+json\" class=\"aioseo-schema\">\n\t\t\t{\"@context\":\"https:\\\/\\\/schema.org\",\"@graph\":[{\"@type\":\"Article\",\"@id\":\"https:\\\/\\\/eldigitaldeasturias.com\\\/magazine365\\\/el-buque-modern-express-entra-en-el-puerto-de-bilbao\\\/#article\",\"name\":\"El buque \\u2018Modern Express\\u2019 entra en el puerto de Bilbao | El Digital de Asturias\",\"headline\":\"El buque &#8216;Modern Express&#8217; entra en el puerto de Bilbao\",\"author\":{\"@id\":\"https:\\\/\\\/eldigitaldeasturias.com\\\/magazine365\\\/author\\\/admin\\\/#author\"},\"publisher\":{\"@id\":\"https:\\\/\\\/eldigitaldeasturias.com\\\/magazine365\\\/#organization\"},\"image\":{\"@type\":\"ImageObject\",\"url\":\"https:\\\/\\\/eldigitaldeasturias.com\\\/magazine365\\\/wp-content\\\/uploads\\\/2016\\\/02\\\/fotonoticia_20160203184147_800.jpg\",\"width\":800,\"height\":450},\"datePublished\":\"2016-02-06T13:10:14+01:00\",\"dateModified\":\"2016-02-06T13:10:14+01:00\",\"inLanguage\":\"es-ES\",\"mainEntityOfPage\":{\"@id\":\"https:\\\/\\\/eldigitaldeasturias.com\\\/magazine365\\\/el-buque-modern-express-entra-en-el-puerto-de-bilbao\\\/#webpage\"},\"isPartOf\":{\"@id\":\"https:\\\/\\\/eldigitaldeasturias.com\\\/magazine365\\\/el-buque-modern-express-entra-en-el-puerto-de-bilbao\\\/#webpage\"},\"articleSection\":\"Noticias y Actualidad\"},{\"@type\":\"BreadcrumbList\",\"@id\":\"https:\\\/\\\/eldigitaldeasturias.com\\\/magazine365\\\/el-buque-modern-express-entra-en-el-puerto-de-bilbao\\\/#breadcrumblist\",\"itemListElement\":[{\"@type\":\"ListItem\",\"@id\":\"https:\\\/\\\/eldigitaldeasturias.com\\\/magazine365#listItem\",\"position\":1,\"name\":\"Home\",\"item\":\"https:\\\/\\\/eldigitaldeasturias.com\\\/magazine365\",\"nextItem\":{\"@type\":\"ListItem\",\"@id\":\"https:\\\/\\\/eldigitaldeasturias.com\\\/magazine365\\\/category\\\/noticias-actualidad\\\/#listItem\",\"name\":\"Noticias y Actualidad\"}},{\"@type\":\"ListItem\",\"@id\":\"https:\\\/\\\/eldigitaldeasturias.com\\\/magazine365\\\/category\\\/noticias-actualidad\\\/#listItem\",\"position\":2,\"name\":\"Noticias y Actualidad\",\"item\":\"https:\\\/\\\/eldigitaldeasturias.com\\\/magazine365\\\/category\\\/noticias-actualidad\\\/\",\"nextItem\":{\"@type\":\"ListItem\",\"@id\":\"https:\\\/\\\/eldigitaldeasturias.com\\\/magazine365\\\/el-buque-modern-express-entra-en-el-puerto-de-bilbao\\\/#listItem\",\"name\":\"El buque &#8216;Modern Express&#8217; entra en el puerto de Bilbao\"},\"previousItem\":{\"@type\":\"ListItem\",\"@id\":\"https:\\\/\\\/eldigitaldeasturias.com\\\/magazine365#listItem\",\"name\":\"Home\"}},{\"@type\":\"ListItem\",\"@id\":\"https:\\\/\\\/eldigitaldeasturias.com\\\/magazine365\\\/el-buque-modern-express-entra-en-el-puerto-de-bilbao\\\/#listItem\",\"position\":3,\"name\":\"El buque &#8216;Modern Express&#8217; entra en el puerto de Bilbao\",\"previousItem\":{\"@type\":\"ListItem\",\"@id\":\"https:\\\/\\\/eldigitaldeasturias.com\\\/magazine365\\\/category\\\/noticias-actualidad\\\/#listItem\",\"name\":\"Noticias y Actualidad\"}}]},{\"@type\":\"Organization\",\"@id\":\"https:\\\/\\\/eldigitaldeasturias.com\\\/magazine365\\\/#organization\",\"name\":\"El digital de Asturias\",\"description\":\"Revista de ocio, turismo y estilo de vida\",\"url\":\"https:\\\/\\\/eldigitaldeasturias.com\\\/magazine365\\\/\",\"logo\":{\"@type\":\"ImageObject\",\"url\":\"https:\\\/\\\/www.eldigitaldeasturias.com\\\/noticias\\\/wp-content\\\/uploads\\\/2020\\\/12\\\/EDA.jpg\",\"@id\":\"https:\\\/\\\/eldigitaldeasturias.com\\\/magazine365\\\/el-buque-modern-express-entra-en-el-puerto-de-bilbao\\\/#organizationLogo\"},\"image\":{\"@id\":\"https:\\\/\\\/eldigitaldeasturias.com\\\/magazine365\\\/el-buque-modern-express-entra-en-el-puerto-de-bilbao\\\/#organizationLogo\"}},{\"@type\":\"Person\",\"@id\":\"https:\\\/\\\/eldigitaldeasturias.com\\\/magazine365\\\/author\\\/admin\\\/#author\",\"url\":\"https:\\\/\\\/eldigitaldeasturias.com\\\/magazine365\\\/author\\\/admin\\\/\",\"name\":\"admin\",\"image\":{\"@type\":\"ImageObject\",\"@id\":\"https:\\\/\\\/eldigitaldeasturias.com\\\/magazine365\\\/el-buque-modern-express-entra-en-el-puerto-de-bilbao\\\/#authorImage\",\"url\":\"https:\\\/\\\/eldigitaldeasturias.com\\\/magazine365\\\/wp-content\\\/litespeed\\\/avatar\\\/e571bcf59a0edd6fa6838245a470f2fe.jpg?ver=1776969259\",\"width\":96,\"height\":96,\"caption\":\"admin\"}},{\"@type\":\"WebPage\",\"@id\":\"https:\\\/\\\/eldigitaldeasturias.com\\\/magazine365\\\/el-buque-modern-express-entra-en-el-puerto-de-bilbao\\\/#webpage\",\"url\":\"https:\\\/\\\/eldigitaldeasturias.com\\\/magazine365\\\/el-buque-modern-express-entra-en-el-puerto-de-bilbao\\\/\",\"name\":\"El buque \\u2018Modern Express\\u2019 entra en el puerto de Bilbao | El Digital de Asturias\",\"description\":\"El buque 'Modern Express', que el 26 de enero se escor\\u00f3 al norte de Cabo Ortegal y fue preciso rescatar a sus 22 tripulantes, ha entrado en la tarde de este mi\\u00e9rcoles en el puerto de Bilbao. En el puerto ha iniciado ya su entrada en la d\\u00e1rsena \\\"abrigada\\\" de la zona de ampliaci\\u00f3n, donde\",\"inLanguage\":\"es-ES\",\"isPartOf\":{\"@id\":\"https:\\\/\\\/eldigitaldeasturias.com\\\/magazine365\\\/#website\"},\"breadcrumb\":{\"@id\":\"https:\\\/\\\/eldigitaldeasturias.com\\\/magazine365\\\/el-buque-modern-express-entra-en-el-puerto-de-bilbao\\\/#breadcrumblist\"},\"author\":{\"@id\":\"https:\\\/\\\/eldigitaldeasturias.com\\\/magazine365\\\/author\\\/admin\\\/#author\"},\"creator\":{\"@id\":\"https:\\\/\\\/eldigitaldeasturias.com\\\/magazine365\\\/author\\\/admin\\\/#author\"},\"image\":{\"@type\":\"ImageObject\",\"url\":\"https:\\\/\\\/eldigitaldeasturias.com\\\/magazine365\\\/wp-content\\\/uploads\\\/2016\\\/02\\\/fotonoticia_20160203184147_800.jpg\",\"@id\":\"https:\\\/\\\/eldigitaldeasturias.com\\\/magazine365\\\/el-buque-modern-express-entra-en-el-puerto-de-bilbao\\\/#mainImage\",\"width\":800,\"height\":450},\"primaryImageOfPage\":{\"@id\":\"https:\\\/\\\/eldigitaldeasturias.com\\\/magazine365\\\/el-buque-modern-express-entra-en-el-puerto-de-bilbao\\\/#mainImage\"},\"datePublished\":\"2016-02-06T13:10:14+01:00\",\"dateModified\":\"2016-02-06T13:10:14+01:00\"},{\"@type\":\"WebSite\",\"@id\":\"https:\\\/\\\/eldigitaldeasturias.com\\\/magazine365\\\/#website\",\"url\":\"https:\\\/\\\/eldigitaldeasturias.com\\\/magazine365\\\/\",\"name\":\"El Digital de Asturias\",\"description\":\"Revista de ocio, turismo y estilo de vida\",\"inLanguage\":\"es-ES\",\"publisher\":{\"@id\":\"https:\\\/\\\/eldigitaldeasturias.com\\\/magazine365\\\/#organization\"}}]}\n\t\t<\/script>\n\t\t<!-- All in One SEO Pro -->\r\n\t\t<title>El buque \u2018Modern Express\u2019 entra en el puerto de Bilbao | El Digital de Asturias<\/title>\n\n","aioseo_head_json":{"title":"El buque \u2018Modern Express\u2019 entra en el puerto de Bilbao | El Digital de Asturias","description":"El buque 'Modern Express', que el 26 de enero se escor\u00f3 al norte de Cabo Ortegal y fue preciso rescatar a sus 22 tripulantes, ha entrado en la tarde de este mi\u00e9rcoles en el puerto de Bilbao. En el puerto ha iniciado ya su entrada en la d\u00e1rsena \"abrigada\" de la zona de ampliaci\u00f3n, donde","canonical_url":"https:\/\/eldigitaldeasturias.com\/magazine365\/el-buque-modern-express-entra-en-el-puerto-de-bilbao\/","robots":"max-image-preview:large","keywords":"noticias y actualidad","webmasterTools":{"google-site-verification":"UA-38556648-1","miscellaneous":""},"schema":{"@context":"https:\/\/schema.org","@graph":[{"@type":"Article","@id":"https:\/\/eldigitaldeasturias.com\/magazine365\/el-buque-modern-express-entra-en-el-puerto-de-bilbao\/#article","name":"El buque \u2018Modern Express\u2019 entra en el puerto de Bilbao | El Digital de Asturias","headline":"El buque &#8216;Modern Express&#8217; entra en el puerto de Bilbao","author":{"@id":"https:\/\/eldigitaldeasturias.com\/magazine365\/author\/admin\/#author"},"publisher":{"@id":"https:\/\/eldigitaldeasturias.com\/magazine365\/#organization"},"image":{"@type":"ImageObject","url":"https:\/\/eldigitaldeasturias.com\/magazine365\/wp-content\/uploads\/2016\/02\/fotonoticia_20160203184147_800.jpg","width":800,"height":450},"datePublished":"2016-02-06T13:10:14+01:00","dateModified":"2016-02-06T13:10:14+01:00","inLanguage":"es-ES","mainEntityOfPage":{"@id":"https:\/\/eldigitaldeasturias.com\/magazine365\/el-buque-modern-express-entra-en-el-puerto-de-bilbao\/#webpage"},"isPartOf":{"@id":"https:\/\/eldigitaldeasturias.com\/magazine365\/el-buque-modern-express-entra-en-el-puerto-de-bilbao\/#webpage"},"articleSection":"Noticias y Actualidad"},{"@type":"BreadcrumbList","@id":"https:\/\/eldigitaldeasturias.com\/magazine365\/el-buque-modern-express-entra-en-el-puerto-de-bilbao\/#breadcrumblist","itemListElement":[{"@type":"ListItem","@id":"https:\/\/eldigitaldeasturias.com\/magazine365#listItem","position":1,"name":"Home","item":"https:\/\/eldigitaldeasturias.com\/magazine365","nextItem":{"@type":"ListItem","@id":"https:\/\/eldigitaldeasturias.com\/magazine365\/category\/noticias-actualidad\/#listItem","name":"Noticias y Actualidad"}},{"@type":"ListItem","@id":"https:\/\/eldigitaldeasturias.com\/magazine365\/category\/noticias-actualidad\/#listItem","position":2,"name":"Noticias y Actualidad","item":"https:\/\/eldigitaldeasturias.com\/magazine365\/category\/noticias-actualidad\/","nextItem":{"@type":"ListItem","@id":"https:\/\/eldigitaldeasturias.com\/magazine365\/el-buque-modern-express-entra-en-el-puerto-de-bilbao\/#listItem","name":"El buque &#8216;Modern Express&#8217; entra en el puerto de Bilbao"},"previousItem":{"@type":"ListItem","@id":"https:\/\/eldigitaldeasturias.com\/magazine365#listItem","name":"Home"}},{"@type":"ListItem","@id":"https:\/\/eldigitaldeasturias.com\/magazine365\/el-buque-modern-express-entra-en-el-puerto-de-bilbao\/#listItem","position":3,"name":"El buque &#8216;Modern Express&#8217; entra en el puerto de Bilbao","previousItem":{"@type":"ListItem","@id":"https:\/\/eldigitaldeasturias.com\/magazine365\/category\/noticias-actualidad\/#listItem","name":"Noticias y Actualidad"}}]},{"@type":"Organization","@id":"https:\/\/eldigitaldeasturias.com\/magazine365\/#organization","name":"El digital de Asturias","description":"Revista de ocio, turismo y estilo de vida","url":"https:\/\/eldigitaldeasturias.com\/magazine365\/","logo":{"@type":"ImageObject","url":"https:\/\/www.eldigitaldeasturias.com\/noticias\/wp-content\/uploads\/2020\/12\/EDA.jpg","@id":"https:\/\/eldigitaldeasturias.com\/magazine365\/el-buque-modern-express-entra-en-el-puerto-de-bilbao\/#organizationLogo"},"image":{"@id":"https:\/\/eldigitaldeasturias.com\/magazine365\/el-buque-modern-express-entra-en-el-puerto-de-bilbao\/#organizationLogo"}},{"@type":"Person","@id":"https:\/\/eldigitaldeasturias.com\/magazine365\/author\/admin\/#author","url":"https:\/\/eldigitaldeasturias.com\/magazine365\/author\/admin\/","name":"admin","image":{"@type":"ImageObject","@id":"https:\/\/eldigitaldeasturias.com\/magazine365\/el-buque-modern-express-entra-en-el-puerto-de-bilbao\/#authorImage","url":"https:\/\/eldigitaldeasturias.com\/magazine365\/wp-content\/litespeed\/avatar\/e571bcf59a0edd6fa6838245a470f2fe.jpg?ver=1776969259","width":96,"height":96,"caption":"admin"}},{"@type":"WebPage","@id":"https:\/\/eldigitaldeasturias.com\/magazine365\/el-buque-modern-express-entra-en-el-puerto-de-bilbao\/#webpage","url":"https:\/\/eldigitaldeasturias.com\/magazine365\/el-buque-modern-express-entra-en-el-puerto-de-bilbao\/","name":"El buque \u2018Modern Express\u2019 entra en el puerto de Bilbao | El Digital de Asturias","description":"El buque 'Modern Express', que el 26 de enero se escor\u00f3 al norte de Cabo Ortegal y fue preciso rescatar a sus 22 tripulantes, ha entrado en la tarde de este mi\u00e9rcoles en el puerto de Bilbao. En el puerto ha iniciado ya su entrada en la d\u00e1rsena \"abrigada\" de la zona de ampliaci\u00f3n, donde","inLanguage":"es-ES","isPartOf":{"@id":"https:\/\/eldigitaldeasturias.com\/magazine365\/#website"},"breadcrumb":{"@id":"https:\/\/eldigitaldeasturias.com\/magazine365\/el-buque-modern-express-entra-en-el-puerto-de-bilbao\/#breadcrumblist"},"author":{"@id":"https:\/\/eldigitaldeasturias.com\/magazine365\/author\/admin\/#author"},"creator":{"@id":"https:\/\/eldigitaldeasturias.com\/magazine365\/author\/admin\/#author"},"image":{"@type":"ImageObject","url":"https:\/\/eldigitaldeasturias.com\/magazine365\/wp-content\/uploads\/2016\/02\/fotonoticia_20160203184147_800.jpg","@id":"https:\/\/eldigitaldeasturias.com\/magazine365\/el-buque-modern-express-entra-en-el-puerto-de-bilbao\/#mainImage","width":800,"height":450},"primaryImageOfPage":{"@id":"https:\/\/eldigitaldeasturias.com\/magazine365\/el-buque-modern-express-entra-en-el-puerto-de-bilbao\/#mainImage"},"datePublished":"2016-02-06T13:10:14+01:00","dateModified":"2016-02-06T13:10:14+01:00"},{"@type":"WebSite","@id":"https:\/\/eldigitaldeasturias.com\/magazine365\/#website","url":"https:\/\/eldigitaldeasturias.com\/magazine365\/","name":"El Digital de Asturias","description":"Revista de ocio, turismo y estilo de vida","inLanguage":"es-ES","publisher":{"@id":"https:\/\/eldigitaldeasturias.com\/magazine365\/#organization"}}]},"og:locale":"es_ES","og:site_name":"El Digital de Asturias \u2013 Revista de ocio, turismo y estilo de vida","og:type":"article","og:title":"El buque \u2018Modern Express\u2019 entra en el puerto de Bilbao | El Digital de Asturias","og:description":"El buque 'Modern Express', que el 26 de enero se escor\u00f3 al norte de Cabo Ortegal y fue preciso rescatar a sus 22 tripulantes, ha entrado en la tarde de este mi\u00e9rcoles en el puerto de Bilbao. En el puerto ha iniciado ya su entrada en la d\u00e1rsena &quot;abrigada&quot; de la zona de ampliaci\u00f3n, donde","og:url":"https:\/\/eldigitaldeasturias.com\/magazine365\/el-buque-modern-express-entra-en-el-puerto-de-bilbao\/","og:image":"https:\/\/eldigitaldeasturias.com\/magazine365\/wp-content\/uploads\/2016\/02\/fotonoticia_20160203184147_800.jpg","og:image:secure_url":"https:\/\/eldigitaldeasturias.com\/magazine365\/wp-content\/uploads\/2016\/02\/fotonoticia_20160203184147_800.jpg","og:image:width":800,"og:image:height":450,"article:published_time":"2016-02-06T12:10:14+00:00","article:modified_time":"2016-02-06T12:10:14+00:00","twitter:card":"summary_large_image","twitter:title":"El buque \u2018Modern Express\u2019 entra en el puerto de Bilbao | El Digital de Asturias","twitter:description":"El buque 'Modern Express', que el 26 de enero se escor\u00f3 al norte de Cabo Ortegal y fue preciso rescatar a sus 22 tripulantes, ha entrado en la tarde de este mi\u00e9rcoles en el puerto de Bilbao. En el puerto ha iniciado ya su entrada en la d\u00e1rsena &quot;abrigada&quot; de la zona de ampliaci\u00f3n, donde","twitter:image":"https:\/\/eldigitaldeasturias.com\/magazine365\/wp-content\/uploads\/2016\/02\/fotonoticia_20160203184147_800.jpg"},"aioseo_meta_data":{"post_id":"63220","title":null,"description":null,"keywords":null,"keyphrases":null,"primary_term":null,"canonical_url":null,"og_title":null,"og_description":null,"og_object_type":"default","og_image_type":"default","og_image_url":null,"og_image_width":null,"og_image_height":null,"og_image_custom_url":null,"og_image_custom_fields":null,"og_video":null,"og_custom_url":null,"og_article_section":null,"og_article_tags":null,"twitter_use_og":false,"twitter_card":"default","twitter_image_type":"default","twitter_image_url":null,"twitter_image_custom_url":null,"twitter_image_custom_fields":null,"twitter_title":null,"twitter_description":null,"schema":{"blockGraphs":[],"customGraphs":[],"default":{"data":{"Article":[],"Course":[],"Dataset":[],"FAQPage":[],"Movie":[],"Person":[],"Product":[],"ProductReview":[],"Car":[],"Recipe":[],"Service":[],"SoftwareApplication":[],"WebPage":[]},"graphName":"","isEnabled":true},"graphs":[],"defaultGraph":"","defaultPostTypeGraph":""},"schema_type":null,"schema_type_options":null,"pillar_content":false,"robots_default":true,"robots_noindex":false,"robots_noarchive":false,"robots_nosnippet":false,"robots_nofollow":false,"robots_noimageindex":false,"robots_noodp":false,"robots_notranslate":false,"robots_max_snippet":null,"robots_max_videopreview":null,"robots_max_imagepreview":"large","priority":null,"frequency":null,"location":null,"local_seo":null,"seo_analyzer_scan_date":"2025-09-25 12:44:09","breadcrumb_settings":null,"limit_modified_date":false,"open_ai":null,"ai":null,"created":"2021-03-08 21:25:20","updated":"2025-09-25 12:44:09"},"aioseo_breadcrumb":"<div class=\"aioseo-breadcrumbs\"><span class=\"aioseo-breadcrumb\">\n\t<a href=\"https:\/\/eldigitaldeasturias.com\/magazine365\" title=\"Home\">Home<\/a>\n<\/span><span class=\"aioseo-breadcrumb-separator\">\u2013<\/span><span class=\"aioseo-breadcrumb\">\n\t<a href=\"https:\/\/eldigitaldeasturias.com\/magazine365\/category\/noticias-actualidad\/\" title=\"Noticias y Actualidad\">Noticias y Actualidad<\/a>\n<\/span><span class=\"aioseo-breadcrumb-separator\">\u2013<\/span><span class=\"aioseo-breadcrumb\">\n\t<a href=\"https:\/\/eldigitaldeasturias.com\/magazine365\/el-buque-modern-express-entra-en-el-puerto-de-bilbao\/\" title=\"El buque \u2018Modern Express\u2019 entra en el puerto de Bilbao\">El buque \u2018Modern Express\u2019 entra en el puerto de Bilbao<\/a>\n<\/span><\/div>","aioseo_breadcrumb_json":[{"label":"Home","link":"https:\/\/eldigitaldeasturias.com\/magazine365"},{"label":"Noticias y Actualidad","link":"https:\/\/eldigitaldeasturias.com\/magazine365\/category\/noticias-actualidad\/"},{"label":"El buque &#8216;Modern Express&#8217; entra en el puerto de Bilbao","link":"https:\/\/eldigitaldeasturias.com\/magazine365\/el-buque-modern-express-entra-en-el-puerto-de-bilbao\/"}],"_links":{"self":[{"href":"https:\/\/eldigitaldeasturias.com\/magazine365\/wp-json\/wp\/v2\/posts\/63220","targetHints":{"allow":["GET"]}}],"collection":[{"href":"https:\/\/eldigitaldeasturias.com\/magazine365\/wp-json\/wp\/v2\/posts"}],"about":[{"href":"https:\/\/eldigitaldeasturias.com\/magazine365\/wp-json\/wp\/v2\/types\/post"}],"author":[{"embeddable":true,"href":"https:\/\/eldigitaldeasturias.com\/magazine365\/wp-json\/wp\/v2\/users\/1"}],"replies":[{"embeddable":true,"href":"https:\/\/eldigitaldeasturias.com\/magazine365\/wp-json\/wp\/v2\/comments?post=63220"}],"version-history":[{"count":0,"href":"https:\/\/eldigitaldeasturias.com\/magazine365\/wp-json\/wp\/v2\/posts\/63220\/revisions"}],"wp:featuredmedia":[{"embeddable":true,"href":"https:\/\/eldigitaldeasturias.com\/magazine365\/wp-json\/wp\/v2\/media\/63221"}],"wp:attachment":[{"href":"https:\/\/eldigitaldeasturias.com\/magazine365\/wp-json\/wp\/v2\/media?parent=63220"}],"wp:term":[{"taxonomy":"category","embeddable":true,"href":"https:\/\/eldigitaldeasturias.com\/magazine365\/wp-json\/wp\/v2\/categories?post=63220"},{"taxonomy":"post_tag","embeddable":true,"href":"https:\/\/eldigitaldeasturias.com\/magazine365\/wp-json\/wp\/v2\/tags?post=63220"}],"curies":[{"name":"wp","href":"https:\/\/api.w.org\/{rel}","templated":true}]}}