{"id":63207,"date":"2016-02-06T12:24:01","date_gmt":"2016-02-06T11:24:01","guid":{"rendered":"http:\/\/eldigitaldeasturias.com\/magazine365\/?p=63207"},"modified":"2016-02-06T12:24:01","modified_gmt":"2016-02-06T11:24:01","slug":"los-hoteles-de-cadiz-preven-una-ocupacion-del-841-el-primer-fin-de-semana-de-carnaval","status":"publish","type":"post","link":"https:\/\/eldigitaldeasturias.com\/magazine365\/los-hoteles-de-cadiz-preven-una-ocupacion-del-841-el-primer-fin-de-semana-de-carnaval\/","title":{"rendered":"Los hoteles de C\u00e1diz prev\u00e9n una ocupaci\u00f3n del 84,1% el primer fin de semana de Carnaval"},"content":{"rendered":"<p><img fetchpriority=\"high\" decoding=\"async\" class=\"alignleft size-medium wp-image-63208\" src=\"https:\/\/eldigitaldeasturias.com\/magazine365\/wp-content\/uploads\/2016\/02\/fotonoticia_20160203175336_800-360x270.jpg\" alt=\"fotonoticia_20160203175336_800\" width=\"360\" height=\"270\" srcset=\"https:\/\/eldigitaldeasturias.com\/magazine365\/wp-content\/uploads\/2016\/02\/fotonoticia_20160203175336_800-360x270.jpg 360w, https:\/\/eldigitaldeasturias.com\/magazine365\/wp-content\/uploads\/2016\/02\/fotonoticia_20160203175336_800-650x488.jpg 650w, https:\/\/eldigitaldeasturias.com\/magazine365\/wp-content\/uploads\/2016\/02\/fotonoticia_20160203175336_800-768x576.jpg 768w, https:\/\/eldigitaldeasturias.com\/magazine365\/wp-content\/uploads\/2016\/02\/fotonoticia_20160203175336_800-150x113.jpg 150w, https:\/\/eldigitaldeasturias.com\/magazine365\/wp-content\/uploads\/2016\/02\/fotonoticia_20160203175336_800-450x338.jpg 450w, https:\/\/eldigitaldeasturias.com\/magazine365\/wp-content\/uploads\/2016\/02\/fotonoticia_20160203175336_800-80x60.jpg 80w, https:\/\/eldigitaldeasturias.com\/magazine365\/wp-content\/uploads\/2016\/02\/fotonoticia_20160203175336_800-265x198.jpg 265w, https:\/\/eldigitaldeasturias.com\/magazine365\/wp-content\/uploads\/2016\/02\/fotonoticia_20160203175336_800-696x522.jpg 696w, https:\/\/eldigitaldeasturias.com\/magazine365\/wp-content\/uploads\/2016\/02\/fotonoticia_20160203175336_800-560x420.jpg 560w, https:\/\/eldigitaldeasturias.com\/magazine365\/wp-content\/uploads\/2016\/02\/fotonoticia_20160203175336_800-90x67.jpg 90w, https:\/\/eldigitaldeasturias.com\/magazine365\/wp-content\/uploads\/2016\/02\/fotonoticia_20160203175336_800-164x124.jpg 164w, https:\/\/eldigitaldeasturias.com\/magazine365\/wp-content\/uploads\/2016\/02\/fotonoticia_20160203175336_800-100x75.jpg 100w, https:\/\/eldigitaldeasturias.com\/magazine365\/wp-content\/uploads\/2016\/02\/fotonoticia_20160203175336_800.jpg 800w\" sizes=\"(max-width: 360px) 100vw, 360px\" \/>Los hoteles de la capital gaditana y su entorno esperan una ocupaci\u00f3n del 84,11 por ciento durante el primer viernes y s\u00e1bado de Carnaval, mientras que para el segundo las previsiones se sit\u00faan en un 83,61 por ciento.<\/p>\n<p>Seg\u00fan los datos que maneja la patronal provincial de hosteler\u00eda, Horeca, consultados por Europa Press, Chiclana de la Frontera es la poblaci\u00f3n que espera mayor ocupaci\u00f3n este viernes y el s\u00e1bado, alcanzando el 98 por ciento las reservas realizadas hasta el momento.<\/p>\n<p>Por detr\u00e1s se sit\u00faa San Fernando con un 88,61 por ciento de ocupaci\u00f3n &#8211;84,64% el viernes y el 92,57% el s\u00e1bado&#8211;, El Puerto de Santa Mar\u00eda con un 79,05 por ciento &#8211;60,6% el viernes y el 97,5% el s\u00e1bado&#8211;, C\u00e1diz con un 77,98 por ciento &#8211;66,23% el viernes y el 89,73% el s\u00e1bado&#8211; y Jerez de la Frontera con un 76,91 por ciento &#8211;53,81% el viernes y el 100% un d\u00eda despu\u00e9s&#8211;.<\/p>\n<p>En cuanto al fin de semana del viernes 12 y el s\u00e1bado 13, los hoteles de la capital gaditana se sit\u00faan a la cabeza con un 92,92 por ciento de ocupaci\u00f3n prevista hasta la fecha, seguidos de Chiclana (90,5%), San Fernando (85,87%), El Puerto (82,43%) y Jerez (66,34%).<\/p>\n","protected":false},"excerpt":{"rendered":"<p>Los hoteles de la capital gaditana y su entorno esperan una ocupaci\u00f3n del 84,11 por ciento durante el primer viernes y s\u00e1bado de Carnaval, mientras que para el segundo las previsiones se sit\u00faan en un 83,61 por ciento. Seg\u00fan los datos que maneja la patronal provincial de hosteler\u00eda, Horeca, consultados por Europa Press, Chiclana de<\/p>\n","protected":false},"author":1,"featured_media":63208,"comment_status":"open","ping_status":"closed","sticky":false,"template":"","format":"standard","meta":{"footnotes":""},"categories":[224],"tags":[],"class_list":{"0":"post-63207","1":"post","2":"type-post","3":"status-publish","4":"format-standard","5":"has-post-thumbnail","7":"category-noticias-actualidad"},"aioseo_notices":[],"aioseo_head":"\n\t\t<!-- All in One SEO Pro 4.9.6.1 - aioseo.com -->\n\t<meta name=\"description\" content=\"Los hoteles de la capital gaditana y su entorno esperan una ocupaci\u00f3n del 84,11 por ciento durante el primer viernes y s\u00e1bado de Carnaval, mientras que para el segundo las previsiones se sit\u00faan en un 83,61 por ciento. Seg\u00fan los datos que maneja la patronal provincial de hosteler\u00eda, Horeca, consultados por Europa Press, Chiclana de\" \/>\n\t<meta name=\"robots\" content=\"max-image-preview:large\" \/>\n\t<meta name=\"author\" content=\"admin\"\/>\n\t<meta name=\"google-site-verification\" content=\"UA-38556648-1\" \/>\n\t<meta name=\"keywords\" content=\"noticias y actualidad\" \/>\n\t<link rel=\"canonical\" href=\"https:\/\/eldigitaldeasturias.com\/magazine365\/los-hoteles-de-cadiz-preven-una-ocupacion-del-841-el-primer-fin-de-semana-de-carnaval\/\" \/>\n\t<meta name=\"generator\" content=\"All in One SEO Pro (AIOSEO) 4.9.6.1\" \/>\n\t\t<meta property=\"og:locale\" content=\"es_ES\" \/>\n\t\t<meta property=\"og:site_name\" content=\"El Digital de Asturias \u2013 Revista de ocio, turismo y estilo de vida\" \/>\n\t\t<meta property=\"og:type\" content=\"article\" \/>\n\t\t<meta property=\"og:title\" content=\"Los hoteles de C\u00e1diz prev\u00e9n una ocupaci\u00f3n del 84,1% el primer fin de semana de Carnaval | El Digital de Asturias\" \/>\n\t\t<meta property=\"og:description\" content=\"Los hoteles de la capital gaditana y su entorno esperan una ocupaci\u00f3n del 84,11 por ciento durante el primer viernes y s\u00e1bado de Carnaval, mientras que para el segundo las previsiones se sit\u00faan en un 83,61 por ciento. Seg\u00fan los datos que maneja la patronal provincial de hosteler\u00eda, Horeca, consultados por Europa Press, Chiclana de\" \/>\n\t\t<meta property=\"og:url\" content=\"https:\/\/eldigitaldeasturias.com\/magazine365\/los-hoteles-de-cadiz-preven-una-ocupacion-del-841-el-primer-fin-de-semana-de-carnaval\/\" \/>\n\t\t<meta property=\"og:image\" content=\"https:\/\/eldigitaldeasturias.com\/magazine365\/wp-content\/uploads\/2016\/02\/fotonoticia_20160203175336_800.jpg\" \/>\n\t\t<meta property=\"og:image:secure_url\" content=\"https:\/\/eldigitaldeasturias.com\/magazine365\/wp-content\/uploads\/2016\/02\/fotonoticia_20160203175336_800.jpg\" \/>\n\t\t<meta property=\"og:image:width\" content=\"800\" \/>\n\t\t<meta property=\"og:image:height\" content=\"600\" \/>\n\t\t<meta property=\"article:published_time\" content=\"2016-02-06T11:24:01+00:00\" \/>\n\t\t<meta property=\"article:modified_time\" content=\"2016-02-06T11:24:01+00:00\" \/>\n\t\t<meta name=\"twitter:card\" content=\"summary_large_image\" \/>\n\t\t<meta name=\"twitter:title\" content=\"Los hoteles de C\u00e1diz prev\u00e9n una ocupaci\u00f3n del 84,1% el primer fin de semana de Carnaval | El Digital de Asturias\" \/>\n\t\t<meta name=\"twitter:description\" content=\"Los hoteles de la capital gaditana y su entorno esperan una ocupaci\u00f3n del 84,11 por ciento durante el primer viernes y s\u00e1bado de Carnaval, mientras que para el segundo las previsiones se sit\u00faan en un 83,61 por ciento. Seg\u00fan los datos que maneja la patronal provincial de hosteler\u00eda, Horeca, consultados por Europa Press, Chiclana de\" \/>\n\t\t<meta name=\"twitter:image\" content=\"https:\/\/eldigitaldeasturias.com\/magazine365\/wp-content\/uploads\/2016\/02\/fotonoticia_20160203175336_800.jpg\" \/>\n\t\t<script type=\"application\/ld+json\" class=\"aioseo-schema\">\n\t\t\t{\"@context\":\"https:\\\/\\\/schema.org\",\"@graph\":[{\"@type\":\"Article\",\"@id\":\"https:\\\/\\\/eldigitaldeasturias.com\\\/magazine365\\\/los-hoteles-de-cadiz-preven-una-ocupacion-del-841-el-primer-fin-de-semana-de-carnaval\\\/#article\",\"name\":\"Los hoteles de C\\u00e1diz prev\\u00e9n una ocupaci\\u00f3n del 84,1% el primer fin de semana de Carnaval | El Digital de Asturias\",\"headline\":\"Los hoteles de C\\u00e1diz prev\\u00e9n una ocupaci\\u00f3n del 84,1% el primer fin de semana de Carnaval\",\"author\":{\"@id\":\"https:\\\/\\\/eldigitaldeasturias.com\\\/magazine365\\\/author\\\/admin\\\/#author\"},\"publisher\":{\"@id\":\"https:\\\/\\\/eldigitaldeasturias.com\\\/magazine365\\\/#organization\"},\"image\":{\"@type\":\"ImageObject\",\"url\":\"https:\\\/\\\/eldigitaldeasturias.com\\\/magazine365\\\/wp-content\\\/uploads\\\/2016\\\/02\\\/fotonoticia_20160203175336_800.jpg\",\"width\":800,\"height\":600},\"datePublished\":\"2016-02-06T12:24:01+01:00\",\"dateModified\":\"2016-02-06T12:24:01+01:00\",\"inLanguage\":\"es-ES\",\"mainEntityOfPage\":{\"@id\":\"https:\\\/\\\/eldigitaldeasturias.com\\\/magazine365\\\/los-hoteles-de-cadiz-preven-una-ocupacion-del-841-el-primer-fin-de-semana-de-carnaval\\\/#webpage\"},\"isPartOf\":{\"@id\":\"https:\\\/\\\/eldigitaldeasturias.com\\\/magazine365\\\/los-hoteles-de-cadiz-preven-una-ocupacion-del-841-el-primer-fin-de-semana-de-carnaval\\\/#webpage\"},\"articleSection\":\"Noticias y Actualidad\"},{\"@type\":\"BreadcrumbList\",\"@id\":\"https:\\\/\\\/eldigitaldeasturias.com\\\/magazine365\\\/los-hoteles-de-cadiz-preven-una-ocupacion-del-841-el-primer-fin-de-semana-de-carnaval\\\/#breadcrumblist\",\"itemListElement\":[{\"@type\":\"ListItem\",\"@id\":\"https:\\\/\\\/eldigitaldeasturias.com\\\/magazine365#listItem\",\"position\":1,\"name\":\"Home\",\"item\":\"https:\\\/\\\/eldigitaldeasturias.com\\\/magazine365\",\"nextItem\":{\"@type\":\"ListItem\",\"@id\":\"https:\\\/\\\/eldigitaldeasturias.com\\\/magazine365\\\/category\\\/noticias-actualidad\\\/#listItem\",\"name\":\"Noticias y Actualidad\"}},{\"@type\":\"ListItem\",\"@id\":\"https:\\\/\\\/eldigitaldeasturias.com\\\/magazine365\\\/category\\\/noticias-actualidad\\\/#listItem\",\"position\":2,\"name\":\"Noticias y Actualidad\",\"item\":\"https:\\\/\\\/eldigitaldeasturias.com\\\/magazine365\\\/category\\\/noticias-actualidad\\\/\",\"nextItem\":{\"@type\":\"ListItem\",\"@id\":\"https:\\\/\\\/eldigitaldeasturias.com\\\/magazine365\\\/los-hoteles-de-cadiz-preven-una-ocupacion-del-841-el-primer-fin-de-semana-de-carnaval\\\/#listItem\",\"name\":\"Los hoteles de C\\u00e1diz prev\\u00e9n una ocupaci\\u00f3n del 84,1% el primer fin de semana de Carnaval\"},\"previousItem\":{\"@type\":\"ListItem\",\"@id\":\"https:\\\/\\\/eldigitaldeasturias.com\\\/magazine365#listItem\",\"name\":\"Home\"}},{\"@type\":\"ListItem\",\"@id\":\"https:\\\/\\\/eldigitaldeasturias.com\\\/magazine365\\\/los-hoteles-de-cadiz-preven-una-ocupacion-del-841-el-primer-fin-de-semana-de-carnaval\\\/#listItem\",\"position\":3,\"name\":\"Los hoteles de C\\u00e1diz prev\\u00e9n una ocupaci\\u00f3n del 84,1% el primer fin de semana de Carnaval\",\"previousItem\":{\"@type\":\"ListItem\",\"@id\":\"https:\\\/\\\/eldigitaldeasturias.com\\\/magazine365\\\/category\\\/noticias-actualidad\\\/#listItem\",\"name\":\"Noticias y Actualidad\"}}]},{\"@type\":\"Organization\",\"@id\":\"https:\\\/\\\/eldigitaldeasturias.com\\\/magazine365\\\/#organization\",\"name\":\"El digital de Asturias\",\"description\":\"Revista de ocio, turismo y estilo de vida\",\"url\":\"https:\\\/\\\/eldigitaldeasturias.com\\\/magazine365\\\/\",\"logo\":{\"@type\":\"ImageObject\",\"url\":\"https:\\\/\\\/www.eldigitaldeasturias.com\\\/noticias\\\/wp-content\\\/uploads\\\/2020\\\/12\\\/EDA.jpg\",\"@id\":\"https:\\\/\\\/eldigitaldeasturias.com\\\/magazine365\\\/los-hoteles-de-cadiz-preven-una-ocupacion-del-841-el-primer-fin-de-semana-de-carnaval\\\/#organizationLogo\"},\"image\":{\"@id\":\"https:\\\/\\\/eldigitaldeasturias.com\\\/magazine365\\\/los-hoteles-de-cadiz-preven-una-ocupacion-del-841-el-primer-fin-de-semana-de-carnaval\\\/#organizationLogo\"}},{\"@type\":\"Person\",\"@id\":\"https:\\\/\\\/eldigitaldeasturias.com\\\/magazine365\\\/author\\\/admin\\\/#author\",\"url\":\"https:\\\/\\\/eldigitaldeasturias.com\\\/magazine365\\\/author\\\/admin\\\/\",\"name\":\"admin\",\"image\":{\"@type\":\"ImageObject\",\"@id\":\"https:\\\/\\\/eldigitaldeasturias.com\\\/magazine365\\\/los-hoteles-de-cadiz-preven-una-ocupacion-del-841-el-primer-fin-de-semana-de-carnaval\\\/#authorImage\",\"url\":\"https:\\\/\\\/eldigitaldeasturias.com\\\/magazine365\\\/wp-content\\\/litespeed\\\/avatar\\\/e571bcf59a0edd6fa6838245a470f2fe.jpg?ver=1776969259\",\"width\":96,\"height\":96,\"caption\":\"admin\"}},{\"@type\":\"WebPage\",\"@id\":\"https:\\\/\\\/eldigitaldeasturias.com\\\/magazine365\\\/los-hoteles-de-cadiz-preven-una-ocupacion-del-841-el-primer-fin-de-semana-de-carnaval\\\/#webpage\",\"url\":\"https:\\\/\\\/eldigitaldeasturias.com\\\/magazine365\\\/los-hoteles-de-cadiz-preven-una-ocupacion-del-841-el-primer-fin-de-semana-de-carnaval\\\/\",\"name\":\"Los hoteles de C\\u00e1diz prev\\u00e9n una ocupaci\\u00f3n del 84,1% el primer fin de semana de Carnaval | El Digital de Asturias\",\"description\":\"Los hoteles de la capital gaditana y su entorno esperan una ocupaci\\u00f3n del 84,11 por ciento durante el primer viernes y s\\u00e1bado de Carnaval, mientras que para el segundo las previsiones se sit\\u00faan en un 83,61 por ciento. Seg\\u00fan los datos que maneja la patronal provincial de hosteler\\u00eda, Horeca, consultados por Europa Press, Chiclana de\",\"inLanguage\":\"es-ES\",\"isPartOf\":{\"@id\":\"https:\\\/\\\/eldigitaldeasturias.com\\\/magazine365\\\/#website\"},\"breadcrumb\":{\"@id\":\"https:\\\/\\\/eldigitaldeasturias.com\\\/magazine365\\\/los-hoteles-de-cadiz-preven-una-ocupacion-del-841-el-primer-fin-de-semana-de-carnaval\\\/#breadcrumblist\"},\"author\":{\"@id\":\"https:\\\/\\\/eldigitaldeasturias.com\\\/magazine365\\\/author\\\/admin\\\/#author\"},\"creator\":{\"@id\":\"https:\\\/\\\/eldigitaldeasturias.com\\\/magazine365\\\/author\\\/admin\\\/#author\"},\"image\":{\"@type\":\"ImageObject\",\"url\":\"https:\\\/\\\/eldigitaldeasturias.com\\\/magazine365\\\/wp-content\\\/uploads\\\/2016\\\/02\\\/fotonoticia_20160203175336_800.jpg\",\"@id\":\"https:\\\/\\\/eldigitaldeasturias.com\\\/magazine365\\\/los-hoteles-de-cadiz-preven-una-ocupacion-del-841-el-primer-fin-de-semana-de-carnaval\\\/#mainImage\",\"width\":800,\"height\":600},\"primaryImageOfPage\":{\"@id\":\"https:\\\/\\\/eldigitaldeasturias.com\\\/magazine365\\\/los-hoteles-de-cadiz-preven-una-ocupacion-del-841-el-primer-fin-de-semana-de-carnaval\\\/#mainImage\"},\"datePublished\":\"2016-02-06T12:24:01+01:00\",\"dateModified\":\"2016-02-06T12:24:01+01:00\"},{\"@type\":\"WebSite\",\"@id\":\"https:\\\/\\\/eldigitaldeasturias.com\\\/magazine365\\\/#website\",\"url\":\"https:\\\/\\\/eldigitaldeasturias.com\\\/magazine365\\\/\",\"name\":\"El Digital de Asturias\",\"description\":\"Revista de ocio, turismo y estilo de vida\",\"inLanguage\":\"es-ES\",\"publisher\":{\"@id\":\"https:\\\/\\\/eldigitaldeasturias.com\\\/magazine365\\\/#organization\"}}]}\n\t\t<\/script>\n\t\t<!-- All in One SEO Pro -->\r\n\t\t<title>Los hoteles de C\u00e1diz prev\u00e9n una ocupaci\u00f3n del 84,1% el primer fin de semana de Carnaval | El Digital de Asturias<\/title>\n\n","aioseo_head_json":{"title":"Los hoteles de C\u00e1diz prev\u00e9n una ocupaci\u00f3n del 84,1% el primer fin de semana de Carnaval | El Digital de Asturias","description":"Los hoteles de la capital gaditana y su entorno esperan una ocupaci\u00f3n del 84,11 por ciento durante el primer viernes y s\u00e1bado de Carnaval, mientras que para el segundo las previsiones se sit\u00faan en un 83,61 por ciento. Seg\u00fan los datos que maneja la patronal provincial de hosteler\u00eda, Horeca, consultados por Europa Press, Chiclana de","canonical_url":"https:\/\/eldigitaldeasturias.com\/magazine365\/los-hoteles-de-cadiz-preven-una-ocupacion-del-841-el-primer-fin-de-semana-de-carnaval\/","robots":"max-image-preview:large","keywords":"noticias y actualidad","webmasterTools":{"google-site-verification":"UA-38556648-1","miscellaneous":""},"schema":{"@context":"https:\/\/schema.org","@graph":[{"@type":"Article","@id":"https:\/\/eldigitaldeasturias.com\/magazine365\/los-hoteles-de-cadiz-preven-una-ocupacion-del-841-el-primer-fin-de-semana-de-carnaval\/#article","name":"Los hoteles de C\u00e1diz prev\u00e9n una ocupaci\u00f3n del 84,1% el primer fin de semana de Carnaval | El Digital de Asturias","headline":"Los hoteles de C\u00e1diz prev\u00e9n una ocupaci\u00f3n del 84,1% el primer fin de semana de Carnaval","author":{"@id":"https:\/\/eldigitaldeasturias.com\/magazine365\/author\/admin\/#author"},"publisher":{"@id":"https:\/\/eldigitaldeasturias.com\/magazine365\/#organization"},"image":{"@type":"ImageObject","url":"https:\/\/eldigitaldeasturias.com\/magazine365\/wp-content\/uploads\/2016\/02\/fotonoticia_20160203175336_800.jpg","width":800,"height":600},"datePublished":"2016-02-06T12:24:01+01:00","dateModified":"2016-02-06T12:24:01+01:00","inLanguage":"es-ES","mainEntityOfPage":{"@id":"https:\/\/eldigitaldeasturias.com\/magazine365\/los-hoteles-de-cadiz-preven-una-ocupacion-del-841-el-primer-fin-de-semana-de-carnaval\/#webpage"},"isPartOf":{"@id":"https:\/\/eldigitaldeasturias.com\/magazine365\/los-hoteles-de-cadiz-preven-una-ocupacion-del-841-el-primer-fin-de-semana-de-carnaval\/#webpage"},"articleSection":"Noticias y Actualidad"},{"@type":"BreadcrumbList","@id":"https:\/\/eldigitaldeasturias.com\/magazine365\/los-hoteles-de-cadiz-preven-una-ocupacion-del-841-el-primer-fin-de-semana-de-carnaval\/#breadcrumblist","itemListElement":[{"@type":"ListItem","@id":"https:\/\/eldigitaldeasturias.com\/magazine365#listItem","position":1,"name":"Home","item":"https:\/\/eldigitaldeasturias.com\/magazine365","nextItem":{"@type":"ListItem","@id":"https:\/\/eldigitaldeasturias.com\/magazine365\/category\/noticias-actualidad\/#listItem","name":"Noticias y Actualidad"}},{"@type":"ListItem","@id":"https:\/\/eldigitaldeasturias.com\/magazine365\/category\/noticias-actualidad\/#listItem","position":2,"name":"Noticias y Actualidad","item":"https:\/\/eldigitaldeasturias.com\/magazine365\/category\/noticias-actualidad\/","nextItem":{"@type":"ListItem","@id":"https:\/\/eldigitaldeasturias.com\/magazine365\/los-hoteles-de-cadiz-preven-una-ocupacion-del-841-el-primer-fin-de-semana-de-carnaval\/#listItem","name":"Los hoteles de C\u00e1diz prev\u00e9n una ocupaci\u00f3n del 84,1% el primer fin de semana de Carnaval"},"previousItem":{"@type":"ListItem","@id":"https:\/\/eldigitaldeasturias.com\/magazine365#listItem","name":"Home"}},{"@type":"ListItem","@id":"https:\/\/eldigitaldeasturias.com\/magazine365\/los-hoteles-de-cadiz-preven-una-ocupacion-del-841-el-primer-fin-de-semana-de-carnaval\/#listItem","position":3,"name":"Los hoteles de C\u00e1diz prev\u00e9n una ocupaci\u00f3n del 84,1% el primer fin de semana de Carnaval","previousItem":{"@type":"ListItem","@id":"https:\/\/eldigitaldeasturias.com\/magazine365\/category\/noticias-actualidad\/#listItem","name":"Noticias y Actualidad"}}]},{"@type":"Organization","@id":"https:\/\/eldigitaldeasturias.com\/magazine365\/#organization","name":"El digital de Asturias","description":"Revista de ocio, turismo y estilo de vida","url":"https:\/\/eldigitaldeasturias.com\/magazine365\/","logo":{"@type":"ImageObject","url":"https:\/\/www.eldigitaldeasturias.com\/noticias\/wp-content\/uploads\/2020\/12\/EDA.jpg","@id":"https:\/\/eldigitaldeasturias.com\/magazine365\/los-hoteles-de-cadiz-preven-una-ocupacion-del-841-el-primer-fin-de-semana-de-carnaval\/#organizationLogo"},"image":{"@id":"https:\/\/eldigitaldeasturias.com\/magazine365\/los-hoteles-de-cadiz-preven-una-ocupacion-del-841-el-primer-fin-de-semana-de-carnaval\/#organizationLogo"}},{"@type":"Person","@id":"https:\/\/eldigitaldeasturias.com\/magazine365\/author\/admin\/#author","url":"https:\/\/eldigitaldeasturias.com\/magazine365\/author\/admin\/","name":"admin","image":{"@type":"ImageObject","@id":"https:\/\/eldigitaldeasturias.com\/magazine365\/los-hoteles-de-cadiz-preven-una-ocupacion-del-841-el-primer-fin-de-semana-de-carnaval\/#authorImage","url":"https:\/\/eldigitaldeasturias.com\/magazine365\/wp-content\/litespeed\/avatar\/e571bcf59a0edd6fa6838245a470f2fe.jpg?ver=1776969259","width":96,"height":96,"caption":"admin"}},{"@type":"WebPage","@id":"https:\/\/eldigitaldeasturias.com\/magazine365\/los-hoteles-de-cadiz-preven-una-ocupacion-del-841-el-primer-fin-de-semana-de-carnaval\/#webpage","url":"https:\/\/eldigitaldeasturias.com\/magazine365\/los-hoteles-de-cadiz-preven-una-ocupacion-del-841-el-primer-fin-de-semana-de-carnaval\/","name":"Los hoteles de C\u00e1diz prev\u00e9n una ocupaci\u00f3n del 84,1% el primer fin de semana de Carnaval | El Digital de Asturias","description":"Los hoteles de la capital gaditana y su entorno esperan una ocupaci\u00f3n del 84,11 por ciento durante el primer viernes y s\u00e1bado de Carnaval, mientras que para el segundo las previsiones se sit\u00faan en un 83,61 por ciento. Seg\u00fan los datos que maneja la patronal provincial de hosteler\u00eda, Horeca, consultados por Europa Press, Chiclana de","inLanguage":"es-ES","isPartOf":{"@id":"https:\/\/eldigitaldeasturias.com\/magazine365\/#website"},"breadcrumb":{"@id":"https:\/\/eldigitaldeasturias.com\/magazine365\/los-hoteles-de-cadiz-preven-una-ocupacion-del-841-el-primer-fin-de-semana-de-carnaval\/#breadcrumblist"},"author":{"@id":"https:\/\/eldigitaldeasturias.com\/magazine365\/author\/admin\/#author"},"creator":{"@id":"https:\/\/eldigitaldeasturias.com\/magazine365\/author\/admin\/#author"},"image":{"@type":"ImageObject","url":"https:\/\/eldigitaldeasturias.com\/magazine365\/wp-content\/uploads\/2016\/02\/fotonoticia_20160203175336_800.jpg","@id":"https:\/\/eldigitaldeasturias.com\/magazine365\/los-hoteles-de-cadiz-preven-una-ocupacion-del-841-el-primer-fin-de-semana-de-carnaval\/#mainImage","width":800,"height":600},"primaryImageOfPage":{"@id":"https:\/\/eldigitaldeasturias.com\/magazine365\/los-hoteles-de-cadiz-preven-una-ocupacion-del-841-el-primer-fin-de-semana-de-carnaval\/#mainImage"},"datePublished":"2016-02-06T12:24:01+01:00","dateModified":"2016-02-06T12:24:01+01:00"},{"@type":"WebSite","@id":"https:\/\/eldigitaldeasturias.com\/magazine365\/#website","url":"https:\/\/eldigitaldeasturias.com\/magazine365\/","name":"El Digital de Asturias","description":"Revista de ocio, turismo y estilo de vida","inLanguage":"es-ES","publisher":{"@id":"https:\/\/eldigitaldeasturias.com\/magazine365\/#organization"}}]},"og:locale":"es_ES","og:site_name":"El Digital de Asturias \u2013 Revista de ocio, turismo y estilo de vida","og:type":"article","og:title":"Los hoteles de C\u00e1diz prev\u00e9n una ocupaci\u00f3n del 84,1% el primer fin de semana de Carnaval | El Digital de Asturias","og:description":"Los hoteles de la capital gaditana y su entorno esperan una ocupaci\u00f3n del 84,11 por ciento durante el primer viernes y s\u00e1bado de Carnaval, mientras que para el segundo las previsiones se sit\u00faan en un 83,61 por ciento. Seg\u00fan los datos que maneja la patronal provincial de hosteler\u00eda, Horeca, consultados por Europa Press, Chiclana de","og:url":"https:\/\/eldigitaldeasturias.com\/magazine365\/los-hoteles-de-cadiz-preven-una-ocupacion-del-841-el-primer-fin-de-semana-de-carnaval\/","og:image":"https:\/\/eldigitaldeasturias.com\/magazine365\/wp-content\/uploads\/2016\/02\/fotonoticia_20160203175336_800.jpg","og:image:secure_url":"https:\/\/eldigitaldeasturias.com\/magazine365\/wp-content\/uploads\/2016\/02\/fotonoticia_20160203175336_800.jpg","og:image:width":800,"og:image:height":600,"article:published_time":"2016-02-06T11:24:01+00:00","article:modified_time":"2016-02-06T11:24:01+00:00","twitter:card":"summary_large_image","twitter:title":"Los hoteles de C\u00e1diz prev\u00e9n una ocupaci\u00f3n del 84,1% el primer fin de semana de Carnaval | El Digital de Asturias","twitter:description":"Los hoteles de la capital gaditana y su entorno esperan una ocupaci\u00f3n del 84,11 por ciento durante el primer viernes y s\u00e1bado de Carnaval, mientras que para el segundo las previsiones se sit\u00faan en un 83,61 por ciento. Seg\u00fan los datos que maneja la patronal provincial de hosteler\u00eda, Horeca, consultados por Europa Press, Chiclana de","twitter:image":"https:\/\/eldigitaldeasturias.com\/magazine365\/wp-content\/uploads\/2016\/02\/fotonoticia_20160203175336_800.jpg"},"aioseo_meta_data":{"post_id":"63207","title":null,"description":null,"keywords":null,"keyphrases":null,"primary_term":null,"canonical_url":null,"og_title":null,"og_description":null,"og_object_type":"default","og_image_type":"default","og_image_url":null,"og_image_width":null,"og_image_height":null,"og_image_custom_url":null,"og_image_custom_fields":null,"og_video":null,"og_custom_url":null,"og_article_section":null,"og_article_tags":null,"twitter_use_og":false,"twitter_card":"default","twitter_image_type":"default","twitter_image_url":null,"twitter_image_custom_url":null,"twitter_image_custom_fields":null,"twitter_title":null,"twitter_description":null,"schema":{"blockGraphs":[],"customGraphs":[],"default":{"data":{"Article":[],"Course":[],"Dataset":[],"FAQPage":[],"Movie":[],"Person":[],"Product":[],"ProductReview":[],"Car":[],"Recipe":[],"Service":[],"SoftwareApplication":[],"WebPage":[]},"graphName":"","isEnabled":true},"graphs":[],"defaultGraph":"","defaultPostTypeGraph":""},"schema_type":null,"schema_type_options":null,"pillar_content":false,"robots_default":true,"robots_noindex":false,"robots_noarchive":false,"robots_nosnippet":false,"robots_nofollow":false,"robots_noimageindex":false,"robots_noodp":false,"robots_notranslate":false,"robots_max_snippet":null,"robots_max_videopreview":null,"robots_max_imagepreview":"large","priority":null,"frequency":null,"location":null,"local_seo":null,"seo_analyzer_scan_date":"2025-09-25 12:42:41","breadcrumb_settings":null,"limit_modified_date":false,"open_ai":null,"ai":null,"created":"2021-03-08 21:25:20","updated":"2025-09-25 12:42:41"},"aioseo_breadcrumb":"<div class=\"aioseo-breadcrumbs\"><span class=\"aioseo-breadcrumb\">\n\t<a href=\"https:\/\/eldigitaldeasturias.com\/magazine365\" title=\"Home\">Home<\/a>\n<\/span><span class=\"aioseo-breadcrumb-separator\">\u2013<\/span><span class=\"aioseo-breadcrumb\">\n\t<a href=\"https:\/\/eldigitaldeasturias.com\/magazine365\/category\/noticias-actualidad\/\" title=\"Noticias y Actualidad\">Noticias y Actualidad<\/a>\n<\/span><span class=\"aioseo-breadcrumb-separator\">\u2013<\/span><span class=\"aioseo-breadcrumb\">\n\t<a href=\"https:\/\/eldigitaldeasturias.com\/magazine365\/los-hoteles-de-cadiz-preven-una-ocupacion-del-841-el-primer-fin-de-semana-de-carnaval\/\" title=\"Los hoteles de C\u00e1diz prev\u00e9n una ocupaci\u00f3n del 84,1% el primer fin de semana de Carnaval\">Los hoteles de C\u00e1diz prev\u00e9n una ocupaci\u00f3n del 84,1% el primer fin de semana de Carnaval<\/a>\n<\/span><\/div>","aioseo_breadcrumb_json":[{"label":"Home","link":"https:\/\/eldigitaldeasturias.com\/magazine365"},{"label":"Noticias y Actualidad","link":"https:\/\/eldigitaldeasturias.com\/magazine365\/category\/noticias-actualidad\/"},{"label":"Los hoteles de C\u00e1diz prev\u00e9n una ocupaci\u00f3n del 84,1% el primer fin de semana de Carnaval","link":"https:\/\/eldigitaldeasturias.com\/magazine365\/los-hoteles-de-cadiz-preven-una-ocupacion-del-841-el-primer-fin-de-semana-de-carnaval\/"}],"_links":{"self":[{"href":"https:\/\/eldigitaldeasturias.com\/magazine365\/wp-json\/wp\/v2\/posts\/63207","targetHints":{"allow":["GET"]}}],"collection":[{"href":"https:\/\/eldigitaldeasturias.com\/magazine365\/wp-json\/wp\/v2\/posts"}],"about":[{"href":"https:\/\/eldigitaldeasturias.com\/magazine365\/wp-json\/wp\/v2\/types\/post"}],"author":[{"embeddable":true,"href":"https:\/\/eldigitaldeasturias.com\/magazine365\/wp-json\/wp\/v2\/users\/1"}],"replies":[{"embeddable":true,"href":"https:\/\/eldigitaldeasturias.com\/magazine365\/wp-json\/wp\/v2\/comments?post=63207"}],"version-history":[{"count":0,"href":"https:\/\/eldigitaldeasturias.com\/magazine365\/wp-json\/wp\/v2\/posts\/63207\/revisions"}],"wp:featuredmedia":[{"embeddable":true,"href":"https:\/\/eldigitaldeasturias.com\/magazine365\/wp-json\/wp\/v2\/media\/63208"}],"wp:attachment":[{"href":"https:\/\/eldigitaldeasturias.com\/magazine365\/wp-json\/wp\/v2\/media?parent=63207"}],"wp:term":[{"taxonomy":"category","embeddable":true,"href":"https:\/\/eldigitaldeasturias.com\/magazine365\/wp-json\/wp\/v2\/categories?post=63207"},{"taxonomy":"post_tag","embeddable":true,"href":"https:\/\/eldigitaldeasturias.com\/magazine365\/wp-json\/wp\/v2\/tags?post=63207"}],"curies":[{"name":"wp","href":"https:\/\/api.w.org\/{rel}","templated":true}]}}