{"id":63189,"date":"2016-02-06T11:51:23","date_gmt":"2016-02-06T10:51:23","guid":{"rendered":"http:\/\/eldigitaldeasturias.com\/magazine365\/?p=63189"},"modified":"2016-02-06T11:51:23","modified_gmt":"2016-02-06T10:51:23","slug":"el-pp-reclama-mayor-protagonismo-para-el-turismo-religioso-asturiano","status":"publish","type":"post","link":"https:\/\/eldigitaldeasturias.com\/magazine365\/el-pp-reclama-mayor-protagonismo-para-el-turismo-religioso-asturiano\/","title":{"rendered":"El PP reclama mayor protagonismo para el turismo religioso asturiano"},"content":{"rendered":"<p><img fetchpriority=\"high\" decoding=\"async\" class=\"alignleft size-medium wp-image-63190\" src=\"https:\/\/eldigitaldeasturias.com\/magazine365\/wp-content\/uploads\/2016\/02\/fotonoticia_20160203141113_800-360x270.jpg\" alt=\"fotonoticia_20160203141113_800\" width=\"360\" height=\"270\" srcset=\"https:\/\/eldigitaldeasturias.com\/magazine365\/wp-content\/uploads\/2016\/02\/fotonoticia_20160203141113_800-360x270.jpg 360w, https:\/\/eldigitaldeasturias.com\/magazine365\/wp-content\/uploads\/2016\/02\/fotonoticia_20160203141113_800-650x488.jpg 650w, https:\/\/eldigitaldeasturias.com\/magazine365\/wp-content\/uploads\/2016\/02\/fotonoticia_20160203141113_800-768x576.jpg 768w, https:\/\/eldigitaldeasturias.com\/magazine365\/wp-content\/uploads\/2016\/02\/fotonoticia_20160203141113_800-150x113.jpg 150w, https:\/\/eldigitaldeasturias.com\/magazine365\/wp-content\/uploads\/2016\/02\/fotonoticia_20160203141113_800-450x338.jpg 450w, https:\/\/eldigitaldeasturias.com\/magazine365\/wp-content\/uploads\/2016\/02\/fotonoticia_20160203141113_800-80x60.jpg 80w, https:\/\/eldigitaldeasturias.com\/magazine365\/wp-content\/uploads\/2016\/02\/fotonoticia_20160203141113_800-265x198.jpg 265w, https:\/\/eldigitaldeasturias.com\/magazine365\/wp-content\/uploads\/2016\/02\/fotonoticia_20160203141113_800-696x522.jpg 696w, https:\/\/eldigitaldeasturias.com\/magazine365\/wp-content\/uploads\/2016\/02\/fotonoticia_20160203141113_800-560x420.jpg 560w, https:\/\/eldigitaldeasturias.com\/magazine365\/wp-content\/uploads\/2016\/02\/fotonoticia_20160203141113_800-90x67.jpg 90w, https:\/\/eldigitaldeasturias.com\/magazine365\/wp-content\/uploads\/2016\/02\/fotonoticia_20160203141113_800-164x124.jpg 164w, https:\/\/eldigitaldeasturias.com\/magazine365\/wp-content\/uploads\/2016\/02\/fotonoticia_20160203141113_800-100x75.jpg 100w, https:\/\/eldigitaldeasturias.com\/magazine365\/wp-content\/uploads\/2016\/02\/fotonoticia_20160203141113_800.jpg 800w\" sizes=\"(max-width: 360px) 100vw, 360px\" \/>La presidenta del PP de Asturias ha reclamado este mi\u00e9rcoles al Gobierno del Principado, que se apoya en el PSOE, que otorgue un mayor protagonismo al turismo religioso. \u00abCreemos que es important\u00edsimo, frente a los que quiz\u00e1s por complejos, falta de visi\u00f3n o sectarismo pretenden darle la espalda\u00bb, ha dicho la dirigente pol\u00edtica asturiana.<\/p>\n<p>Fern\u00e1ndez se ha pronunciado en estos t\u00e9rminos tras realizar una visita guiada en la Catedral de Oviedo, acompa\u00f1ada por los expertos en Turismo de su formaci\u00f3n.<\/p>\n<p>Para el PP asturiano, el turismo religioso \u00abmerece todo el respeto\u00bb y Asturias deber\u00eda darle el protagonismo que se le da en otros pa\u00edses. Ha explicado que el Principado cuenta con referentes y espacios de culto que habr\u00eda que potenciar para hacer que se multipliquen las visitas, incluyendo este tipo de turismo en una oferta global en la que tambi\u00e9n se encuentra el turismo de costa o el gastron\u00f3mico.<\/p>\n<p>Mercedes Fern\u00e1ndez se ha referido as\u00ed al tramo asturiano del Camino de Santiago, al Prerrom\u00e1nico asturiano, a la propia Catedral o al Santuario de Covadonga, del que ha dicho que \u00abest\u00e1 olvidado\u00bb y que requerir\u00eda un plan propio para potenciarlo y ponerlo \u00aben el escaparate p\u00fablico\u00bb.<\/p>\n<p>A nivel m\u00e1s general, la presidenta del PP de Asturias ha considerado \u00abdesalentador\u00bb que la oferta tur\u00edstica del Gobierno del socialista Javier Fern\u00e1ndez se limite a ir a la Feria Internacional del Turismo (Fitur) sin que ni siquiera los responsables regionales del ramo asuman compromisos de actuaci\u00f3n.<\/p>\n","protected":false},"excerpt":{"rendered":"<p>La presidenta del PP de Asturias ha reclamado este mi\u00e9rcoles al Gobierno del Principado, que se apoya en el PSOE, que otorgue un mayor protagonismo al turismo religioso. \u00abCreemos que es important\u00edsimo, frente a los que quiz\u00e1s por complejos, falta de visi\u00f3n o sectarismo pretenden darle la espalda\u00bb, ha dicho la dirigente pol\u00edtica asturiana. Fern\u00e1ndez<\/p>\n","protected":false},"author":1,"featured_media":63190,"comment_status":"open","ping_status":"closed","sticky":false,"template":"","format":"standard","meta":{"footnotes":""},"categories":[224],"tags":[],"class_list":{"0":"post-63189","1":"post","2":"type-post","3":"status-publish","4":"format-standard","5":"has-post-thumbnail","7":"category-noticias-actualidad"},"aioseo_notices":[],"aioseo_head":"\n\t\t<!-- All in One SEO Pro 4.9.6.1 - aioseo.com -->\n\t<meta name=\"description\" content=\"La presidenta del PP de Asturias ha reclamado este mi\u00e9rcoles al Gobierno del Principado, que se apoya en el PSOE, que otorgue un mayor protagonismo al turismo religioso. &quot;Creemos que es important\u00edsimo, frente a los que quiz\u00e1s por complejos, falta de visi\u00f3n o sectarismo pretenden darle la espalda&quot;, ha dicho la dirigente pol\u00edtica asturiana. Fern\u00e1ndez\" \/>\n\t<meta name=\"robots\" content=\"max-image-preview:large\" \/>\n\t<meta name=\"author\" content=\"admin\"\/>\n\t<meta name=\"google-site-verification\" content=\"UA-38556648-1\" \/>\n\t<meta name=\"keywords\" content=\"noticias y actualidad\" \/>\n\t<link rel=\"canonical\" href=\"https:\/\/eldigitaldeasturias.com\/magazine365\/el-pp-reclama-mayor-protagonismo-para-el-turismo-religioso-asturiano\/\" \/>\n\t<meta name=\"generator\" content=\"All in One SEO Pro (AIOSEO) 4.9.6.1\" \/>\n\t\t<meta property=\"og:locale\" content=\"es_ES\" \/>\n\t\t<meta property=\"og:site_name\" content=\"El Digital de Asturias \u2013 Revista de ocio, turismo y estilo de vida\" \/>\n\t\t<meta property=\"og:type\" content=\"article\" \/>\n\t\t<meta property=\"og:title\" content=\"El PP reclama mayor protagonismo para el turismo religioso asturiano | El Digital de Asturias\" \/>\n\t\t<meta property=\"og:description\" content=\"La presidenta del PP de Asturias ha reclamado este mi\u00e9rcoles al Gobierno del Principado, que se apoya en el PSOE, que otorgue un mayor protagonismo al turismo religioso. &quot;Creemos que es important\u00edsimo, frente a los que quiz\u00e1s por complejos, falta de visi\u00f3n o sectarismo pretenden darle la espalda&quot;, ha dicho la dirigente pol\u00edtica asturiana. Fern\u00e1ndez\" \/>\n\t\t<meta property=\"og:url\" content=\"https:\/\/eldigitaldeasturias.com\/magazine365\/el-pp-reclama-mayor-protagonismo-para-el-turismo-religioso-asturiano\/\" \/>\n\t\t<meta property=\"og:image\" content=\"https:\/\/eldigitaldeasturias.com\/magazine365\/wp-content\/uploads\/2016\/02\/fotonoticia_20160203141113_800.jpg\" \/>\n\t\t<meta property=\"og:image:secure_url\" content=\"https:\/\/eldigitaldeasturias.com\/magazine365\/wp-content\/uploads\/2016\/02\/fotonoticia_20160203141113_800.jpg\" \/>\n\t\t<meta property=\"og:image:width\" content=\"800\" \/>\n\t\t<meta property=\"og:image:height\" content=\"600\" \/>\n\t\t<meta property=\"article:published_time\" content=\"2016-02-06T10:51:23+00:00\" \/>\n\t\t<meta property=\"article:modified_time\" content=\"2016-02-06T10:51:23+00:00\" \/>\n\t\t<meta name=\"twitter:card\" content=\"summary_large_image\" \/>\n\t\t<meta name=\"twitter:title\" content=\"El PP reclama mayor protagonismo para el turismo religioso asturiano | El Digital de Asturias\" \/>\n\t\t<meta name=\"twitter:description\" content=\"La presidenta del PP de Asturias ha reclamado este mi\u00e9rcoles al Gobierno del Principado, que se apoya en el PSOE, que otorgue un mayor protagonismo al turismo religioso. &quot;Creemos que es important\u00edsimo, frente a los que quiz\u00e1s por complejos, falta de visi\u00f3n o sectarismo pretenden darle la espalda&quot;, ha dicho la dirigente pol\u00edtica asturiana. Fern\u00e1ndez\" \/>\n\t\t<meta name=\"twitter:image\" content=\"https:\/\/eldigitaldeasturias.com\/magazine365\/wp-content\/uploads\/2016\/02\/fotonoticia_20160203141113_800.jpg\" \/>\n\t\t<script type=\"application\/ld+json\" class=\"aioseo-schema\">\n\t\t\t{\"@context\":\"https:\\\/\\\/schema.org\",\"@graph\":[{\"@type\":\"Article\",\"@id\":\"https:\\\/\\\/eldigitaldeasturias.com\\\/magazine365\\\/el-pp-reclama-mayor-protagonismo-para-el-turismo-religioso-asturiano\\\/#article\",\"name\":\"El PP reclama mayor protagonismo para el turismo religioso asturiano | El Digital de Asturias\",\"headline\":\"El PP reclama mayor protagonismo para el turismo religioso asturiano\",\"author\":{\"@id\":\"https:\\\/\\\/eldigitaldeasturias.com\\\/magazine365\\\/author\\\/admin\\\/#author\"},\"publisher\":{\"@id\":\"https:\\\/\\\/eldigitaldeasturias.com\\\/magazine365\\\/#organization\"},\"image\":{\"@type\":\"ImageObject\",\"url\":\"https:\\\/\\\/eldigitaldeasturias.com\\\/magazine365\\\/wp-content\\\/uploads\\\/2016\\\/02\\\/fotonoticia_20160203141113_800.jpg\",\"width\":800,\"height\":600},\"datePublished\":\"2016-02-06T11:51:23+01:00\",\"dateModified\":\"2016-02-06T11:51:23+01:00\",\"inLanguage\":\"es-ES\",\"mainEntityOfPage\":{\"@id\":\"https:\\\/\\\/eldigitaldeasturias.com\\\/magazine365\\\/el-pp-reclama-mayor-protagonismo-para-el-turismo-religioso-asturiano\\\/#webpage\"},\"isPartOf\":{\"@id\":\"https:\\\/\\\/eldigitaldeasturias.com\\\/magazine365\\\/el-pp-reclama-mayor-protagonismo-para-el-turismo-religioso-asturiano\\\/#webpage\"},\"articleSection\":\"Noticias y Actualidad\"},{\"@type\":\"BreadcrumbList\",\"@id\":\"https:\\\/\\\/eldigitaldeasturias.com\\\/magazine365\\\/el-pp-reclama-mayor-protagonismo-para-el-turismo-religioso-asturiano\\\/#breadcrumblist\",\"itemListElement\":[{\"@type\":\"ListItem\",\"@id\":\"https:\\\/\\\/eldigitaldeasturias.com\\\/magazine365#listItem\",\"position\":1,\"name\":\"Home\",\"item\":\"https:\\\/\\\/eldigitaldeasturias.com\\\/magazine365\",\"nextItem\":{\"@type\":\"ListItem\",\"@id\":\"https:\\\/\\\/eldigitaldeasturias.com\\\/magazine365\\\/category\\\/noticias-actualidad\\\/#listItem\",\"name\":\"Noticias y Actualidad\"}},{\"@type\":\"ListItem\",\"@id\":\"https:\\\/\\\/eldigitaldeasturias.com\\\/magazine365\\\/category\\\/noticias-actualidad\\\/#listItem\",\"position\":2,\"name\":\"Noticias y Actualidad\",\"item\":\"https:\\\/\\\/eldigitaldeasturias.com\\\/magazine365\\\/category\\\/noticias-actualidad\\\/\",\"nextItem\":{\"@type\":\"ListItem\",\"@id\":\"https:\\\/\\\/eldigitaldeasturias.com\\\/magazine365\\\/el-pp-reclama-mayor-protagonismo-para-el-turismo-religioso-asturiano\\\/#listItem\",\"name\":\"El PP reclama mayor protagonismo para el turismo religioso asturiano\"},\"previousItem\":{\"@type\":\"ListItem\",\"@id\":\"https:\\\/\\\/eldigitaldeasturias.com\\\/magazine365#listItem\",\"name\":\"Home\"}},{\"@type\":\"ListItem\",\"@id\":\"https:\\\/\\\/eldigitaldeasturias.com\\\/magazine365\\\/el-pp-reclama-mayor-protagonismo-para-el-turismo-religioso-asturiano\\\/#listItem\",\"position\":3,\"name\":\"El PP reclama mayor protagonismo para el turismo religioso asturiano\",\"previousItem\":{\"@type\":\"ListItem\",\"@id\":\"https:\\\/\\\/eldigitaldeasturias.com\\\/magazine365\\\/category\\\/noticias-actualidad\\\/#listItem\",\"name\":\"Noticias y Actualidad\"}}]},{\"@type\":\"Organization\",\"@id\":\"https:\\\/\\\/eldigitaldeasturias.com\\\/magazine365\\\/#organization\",\"name\":\"El digital de Asturias\",\"description\":\"Revista de ocio, turismo y estilo de vida\",\"url\":\"https:\\\/\\\/eldigitaldeasturias.com\\\/magazine365\\\/\",\"logo\":{\"@type\":\"ImageObject\",\"url\":\"https:\\\/\\\/www.eldigitaldeasturias.com\\\/noticias\\\/wp-content\\\/uploads\\\/2020\\\/12\\\/EDA.jpg\",\"@id\":\"https:\\\/\\\/eldigitaldeasturias.com\\\/magazine365\\\/el-pp-reclama-mayor-protagonismo-para-el-turismo-religioso-asturiano\\\/#organizationLogo\"},\"image\":{\"@id\":\"https:\\\/\\\/eldigitaldeasturias.com\\\/magazine365\\\/el-pp-reclama-mayor-protagonismo-para-el-turismo-religioso-asturiano\\\/#organizationLogo\"}},{\"@type\":\"Person\",\"@id\":\"https:\\\/\\\/eldigitaldeasturias.com\\\/magazine365\\\/author\\\/admin\\\/#author\",\"url\":\"https:\\\/\\\/eldigitaldeasturias.com\\\/magazine365\\\/author\\\/admin\\\/\",\"name\":\"admin\",\"image\":{\"@type\":\"ImageObject\",\"@id\":\"https:\\\/\\\/eldigitaldeasturias.com\\\/magazine365\\\/el-pp-reclama-mayor-protagonismo-para-el-turismo-religioso-asturiano\\\/#authorImage\",\"url\":\"https:\\\/\\\/eldigitaldeasturias.com\\\/magazine365\\\/wp-content\\\/litespeed\\\/avatar\\\/e571bcf59a0edd6fa6838245a470f2fe.jpg?ver=1776969259\",\"width\":96,\"height\":96,\"caption\":\"admin\"}},{\"@type\":\"WebPage\",\"@id\":\"https:\\\/\\\/eldigitaldeasturias.com\\\/magazine365\\\/el-pp-reclama-mayor-protagonismo-para-el-turismo-religioso-asturiano\\\/#webpage\",\"url\":\"https:\\\/\\\/eldigitaldeasturias.com\\\/magazine365\\\/el-pp-reclama-mayor-protagonismo-para-el-turismo-religioso-asturiano\\\/\",\"name\":\"El PP reclama mayor protagonismo para el turismo religioso asturiano | El Digital de Asturias\",\"description\":\"La presidenta del PP de Asturias ha reclamado este mi\\u00e9rcoles al Gobierno del Principado, que se apoya en el PSOE, que otorgue un mayor protagonismo al turismo religioso. \\\"Creemos que es important\\u00edsimo, frente a los que quiz\\u00e1s por complejos, falta de visi\\u00f3n o sectarismo pretenden darle la espalda\\\", ha dicho la dirigente pol\\u00edtica asturiana. Fern\\u00e1ndez\",\"inLanguage\":\"es-ES\",\"isPartOf\":{\"@id\":\"https:\\\/\\\/eldigitaldeasturias.com\\\/magazine365\\\/#website\"},\"breadcrumb\":{\"@id\":\"https:\\\/\\\/eldigitaldeasturias.com\\\/magazine365\\\/el-pp-reclama-mayor-protagonismo-para-el-turismo-religioso-asturiano\\\/#breadcrumblist\"},\"author\":{\"@id\":\"https:\\\/\\\/eldigitaldeasturias.com\\\/magazine365\\\/author\\\/admin\\\/#author\"},\"creator\":{\"@id\":\"https:\\\/\\\/eldigitaldeasturias.com\\\/magazine365\\\/author\\\/admin\\\/#author\"},\"image\":{\"@type\":\"ImageObject\",\"url\":\"https:\\\/\\\/eldigitaldeasturias.com\\\/magazine365\\\/wp-content\\\/uploads\\\/2016\\\/02\\\/fotonoticia_20160203141113_800.jpg\",\"@id\":\"https:\\\/\\\/eldigitaldeasturias.com\\\/magazine365\\\/el-pp-reclama-mayor-protagonismo-para-el-turismo-religioso-asturiano\\\/#mainImage\",\"width\":800,\"height\":600},\"primaryImageOfPage\":{\"@id\":\"https:\\\/\\\/eldigitaldeasturias.com\\\/magazine365\\\/el-pp-reclama-mayor-protagonismo-para-el-turismo-religioso-asturiano\\\/#mainImage\"},\"datePublished\":\"2016-02-06T11:51:23+01:00\",\"dateModified\":\"2016-02-06T11:51:23+01:00\"},{\"@type\":\"WebSite\",\"@id\":\"https:\\\/\\\/eldigitaldeasturias.com\\\/magazine365\\\/#website\",\"url\":\"https:\\\/\\\/eldigitaldeasturias.com\\\/magazine365\\\/\",\"name\":\"El Digital de Asturias\",\"description\":\"Revista de ocio, turismo y estilo de vida\",\"inLanguage\":\"es-ES\",\"publisher\":{\"@id\":\"https:\\\/\\\/eldigitaldeasturias.com\\\/magazine365\\\/#organization\"}}]}\n\t\t<\/script>\n\t\t<!-- All in One SEO Pro -->\r\n\t\t<title>El PP reclama mayor protagonismo para el turismo religioso asturiano | El Digital de Asturias<\/title>\n\n","aioseo_head_json":{"title":"El PP reclama mayor protagonismo para el turismo religioso asturiano | El Digital de Asturias","description":"La presidenta del PP de Asturias ha reclamado este mi\u00e9rcoles al Gobierno del Principado, que se apoya en el PSOE, que otorgue un mayor protagonismo al turismo religioso. \"Creemos que es important\u00edsimo, frente a los que quiz\u00e1s por complejos, falta de visi\u00f3n o sectarismo pretenden darle la espalda\", ha dicho la dirigente pol\u00edtica asturiana. Fern\u00e1ndez","canonical_url":"https:\/\/eldigitaldeasturias.com\/magazine365\/el-pp-reclama-mayor-protagonismo-para-el-turismo-religioso-asturiano\/","robots":"max-image-preview:large","keywords":"noticias y actualidad","webmasterTools":{"google-site-verification":"UA-38556648-1","miscellaneous":""},"schema":{"@context":"https:\/\/schema.org","@graph":[{"@type":"Article","@id":"https:\/\/eldigitaldeasturias.com\/magazine365\/el-pp-reclama-mayor-protagonismo-para-el-turismo-religioso-asturiano\/#article","name":"El PP reclama mayor protagonismo para el turismo religioso asturiano | El Digital de Asturias","headline":"El PP reclama mayor protagonismo para el turismo religioso asturiano","author":{"@id":"https:\/\/eldigitaldeasturias.com\/magazine365\/author\/admin\/#author"},"publisher":{"@id":"https:\/\/eldigitaldeasturias.com\/magazine365\/#organization"},"image":{"@type":"ImageObject","url":"https:\/\/eldigitaldeasturias.com\/magazine365\/wp-content\/uploads\/2016\/02\/fotonoticia_20160203141113_800.jpg","width":800,"height":600},"datePublished":"2016-02-06T11:51:23+01:00","dateModified":"2016-02-06T11:51:23+01:00","inLanguage":"es-ES","mainEntityOfPage":{"@id":"https:\/\/eldigitaldeasturias.com\/magazine365\/el-pp-reclama-mayor-protagonismo-para-el-turismo-religioso-asturiano\/#webpage"},"isPartOf":{"@id":"https:\/\/eldigitaldeasturias.com\/magazine365\/el-pp-reclama-mayor-protagonismo-para-el-turismo-religioso-asturiano\/#webpage"},"articleSection":"Noticias y Actualidad"},{"@type":"BreadcrumbList","@id":"https:\/\/eldigitaldeasturias.com\/magazine365\/el-pp-reclama-mayor-protagonismo-para-el-turismo-religioso-asturiano\/#breadcrumblist","itemListElement":[{"@type":"ListItem","@id":"https:\/\/eldigitaldeasturias.com\/magazine365#listItem","position":1,"name":"Home","item":"https:\/\/eldigitaldeasturias.com\/magazine365","nextItem":{"@type":"ListItem","@id":"https:\/\/eldigitaldeasturias.com\/magazine365\/category\/noticias-actualidad\/#listItem","name":"Noticias y Actualidad"}},{"@type":"ListItem","@id":"https:\/\/eldigitaldeasturias.com\/magazine365\/category\/noticias-actualidad\/#listItem","position":2,"name":"Noticias y Actualidad","item":"https:\/\/eldigitaldeasturias.com\/magazine365\/category\/noticias-actualidad\/","nextItem":{"@type":"ListItem","@id":"https:\/\/eldigitaldeasturias.com\/magazine365\/el-pp-reclama-mayor-protagonismo-para-el-turismo-religioso-asturiano\/#listItem","name":"El PP reclama mayor protagonismo para el turismo religioso asturiano"},"previousItem":{"@type":"ListItem","@id":"https:\/\/eldigitaldeasturias.com\/magazine365#listItem","name":"Home"}},{"@type":"ListItem","@id":"https:\/\/eldigitaldeasturias.com\/magazine365\/el-pp-reclama-mayor-protagonismo-para-el-turismo-religioso-asturiano\/#listItem","position":3,"name":"El PP reclama mayor protagonismo para el turismo religioso asturiano","previousItem":{"@type":"ListItem","@id":"https:\/\/eldigitaldeasturias.com\/magazine365\/category\/noticias-actualidad\/#listItem","name":"Noticias y Actualidad"}}]},{"@type":"Organization","@id":"https:\/\/eldigitaldeasturias.com\/magazine365\/#organization","name":"El digital de Asturias","description":"Revista de ocio, turismo y estilo de vida","url":"https:\/\/eldigitaldeasturias.com\/magazine365\/","logo":{"@type":"ImageObject","url":"https:\/\/www.eldigitaldeasturias.com\/noticias\/wp-content\/uploads\/2020\/12\/EDA.jpg","@id":"https:\/\/eldigitaldeasturias.com\/magazine365\/el-pp-reclama-mayor-protagonismo-para-el-turismo-religioso-asturiano\/#organizationLogo"},"image":{"@id":"https:\/\/eldigitaldeasturias.com\/magazine365\/el-pp-reclama-mayor-protagonismo-para-el-turismo-religioso-asturiano\/#organizationLogo"}},{"@type":"Person","@id":"https:\/\/eldigitaldeasturias.com\/magazine365\/author\/admin\/#author","url":"https:\/\/eldigitaldeasturias.com\/magazine365\/author\/admin\/","name":"admin","image":{"@type":"ImageObject","@id":"https:\/\/eldigitaldeasturias.com\/magazine365\/el-pp-reclama-mayor-protagonismo-para-el-turismo-religioso-asturiano\/#authorImage","url":"https:\/\/eldigitaldeasturias.com\/magazine365\/wp-content\/litespeed\/avatar\/e571bcf59a0edd6fa6838245a470f2fe.jpg?ver=1776969259","width":96,"height":96,"caption":"admin"}},{"@type":"WebPage","@id":"https:\/\/eldigitaldeasturias.com\/magazine365\/el-pp-reclama-mayor-protagonismo-para-el-turismo-religioso-asturiano\/#webpage","url":"https:\/\/eldigitaldeasturias.com\/magazine365\/el-pp-reclama-mayor-protagonismo-para-el-turismo-religioso-asturiano\/","name":"El PP reclama mayor protagonismo para el turismo religioso asturiano | El Digital de Asturias","description":"La presidenta del PP de Asturias ha reclamado este mi\u00e9rcoles al Gobierno del Principado, que se apoya en el PSOE, que otorgue un mayor protagonismo al turismo religioso. \"Creemos que es important\u00edsimo, frente a los que quiz\u00e1s por complejos, falta de visi\u00f3n o sectarismo pretenden darle la espalda\", ha dicho la dirigente pol\u00edtica asturiana. Fern\u00e1ndez","inLanguage":"es-ES","isPartOf":{"@id":"https:\/\/eldigitaldeasturias.com\/magazine365\/#website"},"breadcrumb":{"@id":"https:\/\/eldigitaldeasturias.com\/magazine365\/el-pp-reclama-mayor-protagonismo-para-el-turismo-religioso-asturiano\/#breadcrumblist"},"author":{"@id":"https:\/\/eldigitaldeasturias.com\/magazine365\/author\/admin\/#author"},"creator":{"@id":"https:\/\/eldigitaldeasturias.com\/magazine365\/author\/admin\/#author"},"image":{"@type":"ImageObject","url":"https:\/\/eldigitaldeasturias.com\/magazine365\/wp-content\/uploads\/2016\/02\/fotonoticia_20160203141113_800.jpg","@id":"https:\/\/eldigitaldeasturias.com\/magazine365\/el-pp-reclama-mayor-protagonismo-para-el-turismo-religioso-asturiano\/#mainImage","width":800,"height":600},"primaryImageOfPage":{"@id":"https:\/\/eldigitaldeasturias.com\/magazine365\/el-pp-reclama-mayor-protagonismo-para-el-turismo-religioso-asturiano\/#mainImage"},"datePublished":"2016-02-06T11:51:23+01:00","dateModified":"2016-02-06T11:51:23+01:00"},{"@type":"WebSite","@id":"https:\/\/eldigitaldeasturias.com\/magazine365\/#website","url":"https:\/\/eldigitaldeasturias.com\/magazine365\/","name":"El Digital de Asturias","description":"Revista de ocio, turismo y estilo de vida","inLanguage":"es-ES","publisher":{"@id":"https:\/\/eldigitaldeasturias.com\/magazine365\/#organization"}}]},"og:locale":"es_ES","og:site_name":"El Digital de Asturias \u2013 Revista de ocio, turismo y estilo de vida","og:type":"article","og:title":"El PP reclama mayor protagonismo para el turismo religioso asturiano | El Digital de Asturias","og:description":"La presidenta del PP de Asturias ha reclamado este mi\u00e9rcoles al Gobierno del Principado, que se apoya en el PSOE, que otorgue un mayor protagonismo al turismo religioso. &quot;Creemos que es important\u00edsimo, frente a los que quiz\u00e1s por complejos, falta de visi\u00f3n o sectarismo pretenden darle la espalda&quot;, ha dicho la dirigente pol\u00edtica asturiana. Fern\u00e1ndez","og:url":"https:\/\/eldigitaldeasturias.com\/magazine365\/el-pp-reclama-mayor-protagonismo-para-el-turismo-religioso-asturiano\/","og:image":"https:\/\/eldigitaldeasturias.com\/magazine365\/wp-content\/uploads\/2016\/02\/fotonoticia_20160203141113_800.jpg","og:image:secure_url":"https:\/\/eldigitaldeasturias.com\/magazine365\/wp-content\/uploads\/2016\/02\/fotonoticia_20160203141113_800.jpg","og:image:width":800,"og:image:height":600,"article:published_time":"2016-02-06T10:51:23+00:00","article:modified_time":"2016-02-06T10:51:23+00:00","twitter:card":"summary_large_image","twitter:title":"El PP reclama mayor protagonismo para el turismo religioso asturiano | El Digital de Asturias","twitter:description":"La presidenta del PP de Asturias ha reclamado este mi\u00e9rcoles al Gobierno del Principado, que se apoya en el PSOE, que otorgue un mayor protagonismo al turismo religioso. &quot;Creemos que es important\u00edsimo, frente a los que quiz\u00e1s por complejos, falta de visi\u00f3n o sectarismo pretenden darle la espalda&quot;, ha dicho la dirigente pol\u00edtica asturiana. Fern\u00e1ndez","twitter:image":"https:\/\/eldigitaldeasturias.com\/magazine365\/wp-content\/uploads\/2016\/02\/fotonoticia_20160203141113_800.jpg"},"aioseo_meta_data":{"post_id":"63189","title":null,"description":null,"keywords":null,"keyphrases":null,"primary_term":null,"canonical_url":null,"og_title":null,"og_description":null,"og_object_type":"default","og_image_type":"default","og_image_url":null,"og_image_width":null,"og_image_height":null,"og_image_custom_url":null,"og_image_custom_fields":null,"og_video":null,"og_custom_url":null,"og_article_section":null,"og_article_tags":null,"twitter_use_og":false,"twitter_card":"default","twitter_image_type":"default","twitter_image_url":null,"twitter_image_custom_url":null,"twitter_image_custom_fields":null,"twitter_title":null,"twitter_description":null,"schema":{"blockGraphs":[],"customGraphs":[],"default":{"data":{"Article":[],"Course":[],"Dataset":[],"FAQPage":[],"Movie":[],"Person":[],"Product":[],"ProductReview":[],"Car":[],"Recipe":[],"Service":[],"SoftwareApplication":[],"WebPage":[]},"graphName":"","isEnabled":true},"graphs":[],"defaultGraph":"","defaultPostTypeGraph":""},"schema_type":null,"schema_type_options":null,"pillar_content":false,"robots_default":true,"robots_noindex":false,"robots_noarchive":false,"robots_nosnippet":false,"robots_nofollow":false,"robots_noimageindex":false,"robots_noodp":false,"robots_notranslate":false,"robots_max_snippet":null,"robots_max_videopreview":null,"robots_max_imagepreview":"large","priority":null,"frequency":null,"location":null,"local_seo":null,"seo_analyzer_scan_date":"2025-09-25 12:40:55","breadcrumb_settings":null,"limit_modified_date":false,"open_ai":null,"ai":null,"created":"2021-03-08 21:25:20","updated":"2025-09-25 12:40:55"},"aioseo_breadcrumb":"<div class=\"aioseo-breadcrumbs\"><span class=\"aioseo-breadcrumb\">\n\t<a href=\"https:\/\/eldigitaldeasturias.com\/magazine365\" title=\"Home\">Home<\/a>\n<\/span><span class=\"aioseo-breadcrumb-separator\">\u2013<\/span><span class=\"aioseo-breadcrumb\">\n\t<a href=\"https:\/\/eldigitaldeasturias.com\/magazine365\/category\/noticias-actualidad\/\" title=\"Noticias y Actualidad\">Noticias y Actualidad<\/a>\n<\/span><span class=\"aioseo-breadcrumb-separator\">\u2013<\/span><span class=\"aioseo-breadcrumb\">\n\t<a href=\"https:\/\/eldigitaldeasturias.com\/magazine365\/el-pp-reclama-mayor-protagonismo-para-el-turismo-religioso-asturiano\/\" title=\"El PP reclama mayor protagonismo para el turismo religioso asturiano\">El PP reclama mayor protagonismo para el turismo religioso asturiano<\/a>\n<\/span><\/div>","aioseo_breadcrumb_json":[{"label":"Home","link":"https:\/\/eldigitaldeasturias.com\/magazine365"},{"label":"Noticias y Actualidad","link":"https:\/\/eldigitaldeasturias.com\/magazine365\/category\/noticias-actualidad\/"},{"label":"El PP reclama mayor protagonismo para el turismo religioso asturiano","link":"https:\/\/eldigitaldeasturias.com\/magazine365\/el-pp-reclama-mayor-protagonismo-para-el-turismo-religioso-asturiano\/"}],"_links":{"self":[{"href":"https:\/\/eldigitaldeasturias.com\/magazine365\/wp-json\/wp\/v2\/posts\/63189","targetHints":{"allow":["GET"]}}],"collection":[{"href":"https:\/\/eldigitaldeasturias.com\/magazine365\/wp-json\/wp\/v2\/posts"}],"about":[{"href":"https:\/\/eldigitaldeasturias.com\/magazine365\/wp-json\/wp\/v2\/types\/post"}],"author":[{"embeddable":true,"href":"https:\/\/eldigitaldeasturias.com\/magazine365\/wp-json\/wp\/v2\/users\/1"}],"replies":[{"embeddable":true,"href":"https:\/\/eldigitaldeasturias.com\/magazine365\/wp-json\/wp\/v2\/comments?post=63189"}],"version-history":[{"count":0,"href":"https:\/\/eldigitaldeasturias.com\/magazine365\/wp-json\/wp\/v2\/posts\/63189\/revisions"}],"wp:featuredmedia":[{"embeddable":true,"href":"https:\/\/eldigitaldeasturias.com\/magazine365\/wp-json\/wp\/v2\/media\/63190"}],"wp:attachment":[{"href":"https:\/\/eldigitaldeasturias.com\/magazine365\/wp-json\/wp\/v2\/media?parent=63189"}],"wp:term":[{"taxonomy":"category","embeddable":true,"href":"https:\/\/eldigitaldeasturias.com\/magazine365\/wp-json\/wp\/v2\/categories?post=63189"},{"taxonomy":"post_tag","embeddable":true,"href":"https:\/\/eldigitaldeasturias.com\/magazine365\/wp-json\/wp\/v2\/tags?post=63189"}],"curies":[{"name":"wp","href":"https:\/\/api.w.org\/{rel}","templated":true}]}}