{"id":63180,"date":"2016-02-06T11:34:03","date_gmt":"2016-02-06T10:34:03","guid":{"rendered":"http:\/\/eldigitaldeasturias.com\/magazine365\/?p=63180"},"modified":"2016-02-06T11:34:03","modified_gmt":"2016-02-06T10:34:03","slug":"facua-recuerda-a-afectados-por-anulaciones-de-viajes-del-imserso-a-canarias-que-tienen-derecho-a-compensaciones","status":"publish","type":"post","link":"https:\/\/eldigitaldeasturias.com\/magazine365\/facua-recuerda-a-afectados-por-anulaciones-de-viajes-del-imserso-a-canarias-que-tienen-derecho-a-compensaciones\/","title":{"rendered":"Facua recuerda a afectados por anulaciones de viajes del Imserso a Canarias que tienen derecho a compensaciones"},"content":{"rendered":"<p><img fetchpriority=\"high\" decoding=\"async\" class=\"alignleft size-medium wp-image-63181\" src=\"https:\/\/eldigitaldeasturias.com\/magazine365\/wp-content\/uploads\/2016\/02\/fotonoticia_20160203131529_800-360x240.jpg\" alt=\"fotonoticia_20160203131529_800\" width=\"360\" height=\"240\" srcset=\"https:\/\/eldigitaldeasturias.com\/magazine365\/wp-content\/uploads\/2016\/02\/fotonoticia_20160203131529_800-360x240.jpg 360w, https:\/\/eldigitaldeasturias.com\/magazine365\/wp-content\/uploads\/2016\/02\/fotonoticia_20160203131529_800-650x433.jpg 650w, https:\/\/eldigitaldeasturias.com\/magazine365\/wp-content\/uploads\/2016\/02\/fotonoticia_20160203131529_800-768x512.jpg 768w, https:\/\/eldigitaldeasturias.com\/magazine365\/wp-content\/uploads\/2016\/02\/fotonoticia_20160203131529_800-150x100.jpg 150w, https:\/\/eldigitaldeasturias.com\/magazine365\/wp-content\/uploads\/2016\/02\/fotonoticia_20160203131529_800-450x300.jpg 450w, https:\/\/eldigitaldeasturias.com\/magazine365\/wp-content\/uploads\/2016\/02\/fotonoticia_20160203131529_800-696x464.jpg 696w, https:\/\/eldigitaldeasturias.com\/magazine365\/wp-content\/uploads\/2016\/02\/fotonoticia_20160203131529_800-630x420.jpg 630w, https:\/\/eldigitaldeasturias.com\/magazine365\/wp-content\/uploads\/2016\/02\/fotonoticia_20160203131529_800-101x66.jpg 101w, https:\/\/eldigitaldeasturias.com\/magazine365\/wp-content\/uploads\/2016\/02\/fotonoticia_20160203131529_800.jpg 800w\" sizes=\"(max-width: 360px) 100vw, 360px\" \/>FACUA-Consumidores en Acci\u00f3n ha recordado hoy a los usuarios afectados por las cancelaciones de \u00faltima hora de diversos viajes a Canarias del Imserso que tienen derecho a recibir compensaciones econ\u00f3micas de \u00abhasta el 25% adem\u00e1s de la cantidad \u00edntegra que hayan aportado como pago del servicio\u00bb, despu\u00e9s de haber recibido numerosas consultas.<\/p>\n<p>La organizaci\u00f3n se\u00f1ala que numerosos usuarios les ha contactado al tener previsto visitar Canarias durante el mes de enero a trav\u00e9s del Programa de Turismo del Imserso y recibir un aviso de \u00faltima hora sobre la cancelaci\u00f3n del viaje, incluso 48 horas antes.<\/p>\n<p>Los usuarios afectados pueden elegir cambiar el viaje por otro de similares caracter\u00edsticas (a otro destino con las mismas condiciones o el mismo previsto inicialmente en otras fechas) o solicitar la devoluci\u00f3n del importe pagado por el viaje, adem\u00e1s de recibir una compensaci\u00f3n econ\u00f3mica.<\/p>\n<p>Mundiplan &#8211;la UTE formada por Iberia, Alsa, Gowaii e IAG7&#8211; adjudicataria del lote de los viajes a Canarias y Baleares est\u00e1 teniendo problemas para conseguir camas disponibles para su venta, de las 142.000 plazas que le asignaron en Canarias.<\/p>\n<p>Una situaci\u00f3n por la que el Instituto de Mayores y Servicios Sociales (Imserso) ha pedido explicaciones a Mundiplan, ante las cancelaciones de varios turnos al archipi\u00e9lago canario en enero.<\/p>\n<p>DERECHOS DE LOS USUARIOS.<\/p>\n<p>Seg\u00fan ha informado el Imserso, y recuerda hoy Facua, \u00abel usuario tiene derecho a un 5% del precio total si la anulaci\u00f3n se produce entre dos meses y 15 d\u00edas antes de la salida; a un 10% entre 15 y tres d\u00edas; y a un 25% si ocurre 48 horas antes\u00bb.<\/p>\n<p>Los usuarios pueden tramitar esta reclamaci\u00f3n en la misma agencia de viajes en la que contrataron el servicio, explica Facua en su comunicado.<\/p>\n<p>Facua ha pedido al Imserso, dependiente del Ministerio de Sanidad, que act\u00fae con diligencia y compruebe que Mundiplan resuelve esta situaci\u00f3n \u00abcon agilidad y de acuerdo a las garant\u00edas legales existentes\u00bb.<\/p>\n<p>La organizaci\u00f3n recuerda que la Ley General para la Defensa de los Consumidores recoge en su art. 162.2 que tanto las agencias de viajes autorizadas como las que han contratado los consumidores con Mundiplan son los responsables de responder a los usuarios \u00abde los da\u00f1os sufridos como consecuencia de la no ejecuci\u00f3n o ejecuci\u00f3n deficiente del contrato\u00bb.<\/p>\n<p>EL IMSERSO PIDE A MUNDIPLAN QUE CUMPLA.<\/p>\n<p>La comercializaci\u00f3n de plazas del lote a Canarias y Baleares se llev\u00f3 a cabo entre los d\u00edas 19 y 30 de noviembre, plazo en el cual las personas mayores acreditadas por el Imserso acudieron a las agencias fijadas por Mundiplan para realizar la compra de las plazas a que ten\u00edan derecho.<\/p>\n<p>El Imserso recuerda que en ese plazo la UTE Mundiplan, que firm\u00f3 el contrato con el organismo el 17 de noviembre, tras resolverse el recurso planteado, ten\u00eda la obligaci\u00f3n de cumplir los requisitos exigidos para el servicio contratado, cuyo primer turno comenz\u00f3 en diciembre, por le ha exigido por carta que cumpla el contrato \u00aben sus estrictos t\u00e9rminos\u00bb.<\/p>\n<p>Por su parte, Mundosenior, la UTE integrada por Globalia (Viajes Halc\u00f3n) y Barcel\u00f3 (Viajes Barcel\u00f3), adjudicataria de los lotes de costa peninsular y turismo interior de los viajes del Imserso, ha vendido el torno al 96% de las m\u00e1s de 750.000 plazas programadas.<\/p>\n","protected":false},"excerpt":{"rendered":"<p>FACUA-Consumidores en Acci\u00f3n ha recordado hoy a los usuarios afectados por las cancelaciones de \u00faltima hora de diversos viajes a Canarias del Imserso que tienen derecho a recibir compensaciones econ\u00f3micas de \u00abhasta el 25% adem\u00e1s de la cantidad \u00edntegra que hayan aportado como pago del servicio\u00bb, despu\u00e9s de haber recibido numerosas consultas. La organizaci\u00f3n se\u00f1ala<\/p>\n","protected":false},"author":1,"featured_media":63181,"comment_status":"open","ping_status":"closed","sticky":false,"template":"","format":"standard","meta":{"footnotes":""},"categories":[224],"tags":[],"class_list":{"0":"post-63180","1":"post","2":"type-post","3":"status-publish","4":"format-standard","5":"has-post-thumbnail","7":"category-noticias-actualidad"},"aioseo_notices":[],"aioseo_head":"\n\t\t<!-- All in One SEO Pro 4.9.6.1 - aioseo.com -->\n\t<meta name=\"description\" content=\"FACUA-Consumidores en Acci\u00f3n ha recordado hoy a los usuarios afectados por las cancelaciones de \u00faltima hora de diversos viajes a Canarias del Imserso que tienen derecho a recibir compensaciones econ\u00f3micas de &quot;hasta el 25% adem\u00e1s de la cantidad \u00edntegra que hayan aportado como pago del servicio&quot;, despu\u00e9s de haber recibido numerosas consultas. La organizaci\u00f3n se\u00f1ala\" \/>\n\t<meta name=\"robots\" content=\"max-image-preview:large\" \/>\n\t<meta name=\"author\" content=\"admin\"\/>\n\t<meta name=\"google-site-verification\" content=\"UA-38556648-1\" \/>\n\t<meta name=\"keywords\" content=\"noticias y actualidad\" \/>\n\t<link rel=\"canonical\" href=\"https:\/\/eldigitaldeasturias.com\/magazine365\/facua-recuerda-a-afectados-por-anulaciones-de-viajes-del-imserso-a-canarias-que-tienen-derecho-a-compensaciones\/\" \/>\n\t<meta name=\"generator\" content=\"All in One SEO Pro (AIOSEO) 4.9.6.1\" \/>\n\t\t<meta property=\"og:locale\" content=\"es_ES\" \/>\n\t\t<meta property=\"og:site_name\" content=\"El Digital de Asturias \u2013 Revista de ocio, turismo y estilo de vida\" \/>\n\t\t<meta property=\"og:type\" content=\"article\" \/>\n\t\t<meta property=\"og:title\" content=\"Facua recuerda a afectados por anulaciones de viajes del Imserso a Canarias que tienen derecho a compensaciones | El Digital de Asturias\" \/>\n\t\t<meta property=\"og:description\" content=\"FACUA-Consumidores en Acci\u00f3n ha recordado hoy a los usuarios afectados por las cancelaciones de \u00faltima hora de diversos viajes a Canarias del Imserso que tienen derecho a recibir compensaciones econ\u00f3micas de &quot;hasta el 25% adem\u00e1s de la cantidad \u00edntegra que hayan aportado como pago del servicio&quot;, despu\u00e9s de haber recibido numerosas consultas. La organizaci\u00f3n se\u00f1ala\" \/>\n\t\t<meta property=\"og:url\" content=\"https:\/\/eldigitaldeasturias.com\/magazine365\/facua-recuerda-a-afectados-por-anulaciones-de-viajes-del-imserso-a-canarias-que-tienen-derecho-a-compensaciones\/\" \/>\n\t\t<meta property=\"og:image\" content=\"https:\/\/eldigitaldeasturias.com\/magazine365\/wp-content\/uploads\/2016\/02\/fotonoticia_20160203131529_800.jpg\" \/>\n\t\t<meta property=\"og:image:secure_url\" content=\"https:\/\/eldigitaldeasturias.com\/magazine365\/wp-content\/uploads\/2016\/02\/fotonoticia_20160203131529_800.jpg\" \/>\n\t\t<meta property=\"og:image:width\" content=\"800\" \/>\n\t\t<meta property=\"og:image:height\" content=\"533\" \/>\n\t\t<meta property=\"article:published_time\" content=\"2016-02-06T10:34:03+00:00\" \/>\n\t\t<meta property=\"article:modified_time\" content=\"2016-02-06T10:34:03+00:00\" \/>\n\t\t<meta name=\"twitter:card\" content=\"summary_large_image\" \/>\n\t\t<meta name=\"twitter:title\" content=\"Facua recuerda a afectados por anulaciones de viajes del Imserso a Canarias que tienen derecho a compensaciones | El Digital de Asturias\" \/>\n\t\t<meta name=\"twitter:description\" content=\"FACUA-Consumidores en Acci\u00f3n ha recordado hoy a los usuarios afectados por las cancelaciones de \u00faltima hora de diversos viajes a Canarias del Imserso que tienen derecho a recibir compensaciones econ\u00f3micas de &quot;hasta el 25% adem\u00e1s de la cantidad \u00edntegra que hayan aportado como pago del servicio&quot;, despu\u00e9s de haber recibido numerosas consultas. La organizaci\u00f3n se\u00f1ala\" \/>\n\t\t<meta name=\"twitter:image\" content=\"https:\/\/eldigitaldeasturias.com\/magazine365\/wp-content\/uploads\/2016\/02\/fotonoticia_20160203131529_800.jpg\" \/>\n\t\t<script type=\"application\/ld+json\" class=\"aioseo-schema\">\n\t\t\t{\"@context\":\"https:\\\/\\\/schema.org\",\"@graph\":[{\"@type\":\"Article\",\"@id\":\"https:\\\/\\\/eldigitaldeasturias.com\\\/magazine365\\\/facua-recuerda-a-afectados-por-anulaciones-de-viajes-del-imserso-a-canarias-que-tienen-derecho-a-compensaciones\\\/#article\",\"name\":\"Facua recuerda a afectados por anulaciones de viajes del Imserso a Canarias que tienen derecho a compensaciones | El Digital de Asturias\",\"headline\":\"Facua recuerda a afectados por anulaciones de viajes del Imserso a Canarias que tienen derecho a compensaciones\",\"author\":{\"@id\":\"https:\\\/\\\/eldigitaldeasturias.com\\\/magazine365\\\/author\\\/admin\\\/#author\"},\"publisher\":{\"@id\":\"https:\\\/\\\/eldigitaldeasturias.com\\\/magazine365\\\/#organization\"},\"image\":{\"@type\":\"ImageObject\",\"url\":\"https:\\\/\\\/eldigitaldeasturias.com\\\/magazine365\\\/wp-content\\\/uploads\\\/2016\\\/02\\\/fotonoticia_20160203131529_800.jpg\",\"width\":800,\"height\":533},\"datePublished\":\"2016-02-06T11:34:03+01:00\",\"dateModified\":\"2016-02-06T11:34:03+01:00\",\"inLanguage\":\"es-ES\",\"mainEntityOfPage\":{\"@id\":\"https:\\\/\\\/eldigitaldeasturias.com\\\/magazine365\\\/facua-recuerda-a-afectados-por-anulaciones-de-viajes-del-imserso-a-canarias-que-tienen-derecho-a-compensaciones\\\/#webpage\"},\"isPartOf\":{\"@id\":\"https:\\\/\\\/eldigitaldeasturias.com\\\/magazine365\\\/facua-recuerda-a-afectados-por-anulaciones-de-viajes-del-imserso-a-canarias-que-tienen-derecho-a-compensaciones\\\/#webpage\"},\"articleSection\":\"Noticias y Actualidad\"},{\"@type\":\"BreadcrumbList\",\"@id\":\"https:\\\/\\\/eldigitaldeasturias.com\\\/magazine365\\\/facua-recuerda-a-afectados-por-anulaciones-de-viajes-del-imserso-a-canarias-que-tienen-derecho-a-compensaciones\\\/#breadcrumblist\",\"itemListElement\":[{\"@type\":\"ListItem\",\"@id\":\"https:\\\/\\\/eldigitaldeasturias.com\\\/magazine365#listItem\",\"position\":1,\"name\":\"Home\",\"item\":\"https:\\\/\\\/eldigitaldeasturias.com\\\/magazine365\",\"nextItem\":{\"@type\":\"ListItem\",\"@id\":\"https:\\\/\\\/eldigitaldeasturias.com\\\/magazine365\\\/category\\\/noticias-actualidad\\\/#listItem\",\"name\":\"Noticias y Actualidad\"}},{\"@type\":\"ListItem\",\"@id\":\"https:\\\/\\\/eldigitaldeasturias.com\\\/magazine365\\\/category\\\/noticias-actualidad\\\/#listItem\",\"position\":2,\"name\":\"Noticias y Actualidad\",\"item\":\"https:\\\/\\\/eldigitaldeasturias.com\\\/magazine365\\\/category\\\/noticias-actualidad\\\/\",\"nextItem\":{\"@type\":\"ListItem\",\"@id\":\"https:\\\/\\\/eldigitaldeasturias.com\\\/magazine365\\\/facua-recuerda-a-afectados-por-anulaciones-de-viajes-del-imserso-a-canarias-que-tienen-derecho-a-compensaciones\\\/#listItem\",\"name\":\"Facua recuerda a afectados por anulaciones de viajes del Imserso a Canarias que tienen derecho a compensaciones\"},\"previousItem\":{\"@type\":\"ListItem\",\"@id\":\"https:\\\/\\\/eldigitaldeasturias.com\\\/magazine365#listItem\",\"name\":\"Home\"}},{\"@type\":\"ListItem\",\"@id\":\"https:\\\/\\\/eldigitaldeasturias.com\\\/magazine365\\\/facua-recuerda-a-afectados-por-anulaciones-de-viajes-del-imserso-a-canarias-que-tienen-derecho-a-compensaciones\\\/#listItem\",\"position\":3,\"name\":\"Facua recuerda a afectados por anulaciones de viajes del Imserso a Canarias que tienen derecho a compensaciones\",\"previousItem\":{\"@type\":\"ListItem\",\"@id\":\"https:\\\/\\\/eldigitaldeasturias.com\\\/magazine365\\\/category\\\/noticias-actualidad\\\/#listItem\",\"name\":\"Noticias y Actualidad\"}}]},{\"@type\":\"Organization\",\"@id\":\"https:\\\/\\\/eldigitaldeasturias.com\\\/magazine365\\\/#organization\",\"name\":\"El digital de Asturias\",\"description\":\"Revista de ocio, turismo y estilo de vida\",\"url\":\"https:\\\/\\\/eldigitaldeasturias.com\\\/magazine365\\\/\",\"logo\":{\"@type\":\"ImageObject\",\"url\":\"https:\\\/\\\/www.eldigitaldeasturias.com\\\/noticias\\\/wp-content\\\/uploads\\\/2020\\\/12\\\/EDA.jpg\",\"@id\":\"https:\\\/\\\/eldigitaldeasturias.com\\\/magazine365\\\/facua-recuerda-a-afectados-por-anulaciones-de-viajes-del-imserso-a-canarias-que-tienen-derecho-a-compensaciones\\\/#organizationLogo\"},\"image\":{\"@id\":\"https:\\\/\\\/eldigitaldeasturias.com\\\/magazine365\\\/facua-recuerda-a-afectados-por-anulaciones-de-viajes-del-imserso-a-canarias-que-tienen-derecho-a-compensaciones\\\/#organizationLogo\"}},{\"@type\":\"Person\",\"@id\":\"https:\\\/\\\/eldigitaldeasturias.com\\\/magazine365\\\/author\\\/admin\\\/#author\",\"url\":\"https:\\\/\\\/eldigitaldeasturias.com\\\/magazine365\\\/author\\\/admin\\\/\",\"name\":\"admin\",\"image\":{\"@type\":\"ImageObject\",\"@id\":\"https:\\\/\\\/eldigitaldeasturias.com\\\/magazine365\\\/facua-recuerda-a-afectados-por-anulaciones-de-viajes-del-imserso-a-canarias-que-tienen-derecho-a-compensaciones\\\/#authorImage\",\"url\":\"https:\\\/\\\/eldigitaldeasturias.com\\\/magazine365\\\/wp-content\\\/litespeed\\\/avatar\\\/e571bcf59a0edd6fa6838245a470f2fe.jpg?ver=1776969259\",\"width\":96,\"height\":96,\"caption\":\"admin\"}},{\"@type\":\"WebPage\",\"@id\":\"https:\\\/\\\/eldigitaldeasturias.com\\\/magazine365\\\/facua-recuerda-a-afectados-por-anulaciones-de-viajes-del-imserso-a-canarias-que-tienen-derecho-a-compensaciones\\\/#webpage\",\"url\":\"https:\\\/\\\/eldigitaldeasturias.com\\\/magazine365\\\/facua-recuerda-a-afectados-por-anulaciones-de-viajes-del-imserso-a-canarias-que-tienen-derecho-a-compensaciones\\\/\",\"name\":\"Facua recuerda a afectados por anulaciones de viajes del Imserso a Canarias que tienen derecho a compensaciones | El Digital de Asturias\",\"description\":\"FACUA-Consumidores en Acci\\u00f3n ha recordado hoy a los usuarios afectados por las cancelaciones de \\u00faltima hora de diversos viajes a Canarias del Imserso que tienen derecho a recibir compensaciones econ\\u00f3micas de \\\"hasta el 25% adem\\u00e1s de la cantidad \\u00edntegra que hayan aportado como pago del servicio\\\", despu\\u00e9s de haber recibido numerosas consultas. La organizaci\\u00f3n se\\u00f1ala\",\"inLanguage\":\"es-ES\",\"isPartOf\":{\"@id\":\"https:\\\/\\\/eldigitaldeasturias.com\\\/magazine365\\\/#website\"},\"breadcrumb\":{\"@id\":\"https:\\\/\\\/eldigitaldeasturias.com\\\/magazine365\\\/facua-recuerda-a-afectados-por-anulaciones-de-viajes-del-imserso-a-canarias-que-tienen-derecho-a-compensaciones\\\/#breadcrumblist\"},\"author\":{\"@id\":\"https:\\\/\\\/eldigitaldeasturias.com\\\/magazine365\\\/author\\\/admin\\\/#author\"},\"creator\":{\"@id\":\"https:\\\/\\\/eldigitaldeasturias.com\\\/magazine365\\\/author\\\/admin\\\/#author\"},\"image\":{\"@type\":\"ImageObject\",\"url\":\"https:\\\/\\\/eldigitaldeasturias.com\\\/magazine365\\\/wp-content\\\/uploads\\\/2016\\\/02\\\/fotonoticia_20160203131529_800.jpg\",\"@id\":\"https:\\\/\\\/eldigitaldeasturias.com\\\/magazine365\\\/facua-recuerda-a-afectados-por-anulaciones-de-viajes-del-imserso-a-canarias-que-tienen-derecho-a-compensaciones\\\/#mainImage\",\"width\":800,\"height\":533},\"primaryImageOfPage\":{\"@id\":\"https:\\\/\\\/eldigitaldeasturias.com\\\/magazine365\\\/facua-recuerda-a-afectados-por-anulaciones-de-viajes-del-imserso-a-canarias-que-tienen-derecho-a-compensaciones\\\/#mainImage\"},\"datePublished\":\"2016-02-06T11:34:03+01:00\",\"dateModified\":\"2016-02-06T11:34:03+01:00\"},{\"@type\":\"WebSite\",\"@id\":\"https:\\\/\\\/eldigitaldeasturias.com\\\/magazine365\\\/#website\",\"url\":\"https:\\\/\\\/eldigitaldeasturias.com\\\/magazine365\\\/\",\"name\":\"El Digital de Asturias\",\"description\":\"Revista de ocio, turismo y estilo de vida\",\"inLanguage\":\"es-ES\",\"publisher\":{\"@id\":\"https:\\\/\\\/eldigitaldeasturias.com\\\/magazine365\\\/#organization\"}}]}\n\t\t<\/script>\n\t\t<!-- All in One SEO Pro -->\r\n\t\t<title>Facua recuerda a afectados por anulaciones de viajes del Imserso a Canarias que tienen derecho a compensaciones | El Digital de Asturias<\/title>\n\n","aioseo_head_json":{"title":"Facua recuerda a afectados por anulaciones de viajes del Imserso a Canarias que tienen derecho a compensaciones | El Digital de Asturias","description":"FACUA-Consumidores en Acci\u00f3n ha recordado hoy a los usuarios afectados por las cancelaciones de \u00faltima hora de diversos viajes a Canarias del Imserso que tienen derecho a recibir compensaciones econ\u00f3micas de \"hasta el 25% adem\u00e1s de la cantidad \u00edntegra que hayan aportado como pago del servicio\", despu\u00e9s de haber recibido numerosas consultas. La organizaci\u00f3n se\u00f1ala","canonical_url":"https:\/\/eldigitaldeasturias.com\/magazine365\/facua-recuerda-a-afectados-por-anulaciones-de-viajes-del-imserso-a-canarias-que-tienen-derecho-a-compensaciones\/","robots":"max-image-preview:large","keywords":"noticias y actualidad","webmasterTools":{"google-site-verification":"UA-38556648-1","miscellaneous":""},"schema":{"@context":"https:\/\/schema.org","@graph":[{"@type":"Article","@id":"https:\/\/eldigitaldeasturias.com\/magazine365\/facua-recuerda-a-afectados-por-anulaciones-de-viajes-del-imserso-a-canarias-que-tienen-derecho-a-compensaciones\/#article","name":"Facua recuerda a afectados por anulaciones de viajes del Imserso a Canarias que tienen derecho a compensaciones | El Digital de Asturias","headline":"Facua recuerda a afectados por anulaciones de viajes del Imserso a Canarias que tienen derecho a compensaciones","author":{"@id":"https:\/\/eldigitaldeasturias.com\/magazine365\/author\/admin\/#author"},"publisher":{"@id":"https:\/\/eldigitaldeasturias.com\/magazine365\/#organization"},"image":{"@type":"ImageObject","url":"https:\/\/eldigitaldeasturias.com\/magazine365\/wp-content\/uploads\/2016\/02\/fotonoticia_20160203131529_800.jpg","width":800,"height":533},"datePublished":"2016-02-06T11:34:03+01:00","dateModified":"2016-02-06T11:34:03+01:00","inLanguage":"es-ES","mainEntityOfPage":{"@id":"https:\/\/eldigitaldeasturias.com\/magazine365\/facua-recuerda-a-afectados-por-anulaciones-de-viajes-del-imserso-a-canarias-que-tienen-derecho-a-compensaciones\/#webpage"},"isPartOf":{"@id":"https:\/\/eldigitaldeasturias.com\/magazine365\/facua-recuerda-a-afectados-por-anulaciones-de-viajes-del-imserso-a-canarias-que-tienen-derecho-a-compensaciones\/#webpage"},"articleSection":"Noticias y Actualidad"},{"@type":"BreadcrumbList","@id":"https:\/\/eldigitaldeasturias.com\/magazine365\/facua-recuerda-a-afectados-por-anulaciones-de-viajes-del-imserso-a-canarias-que-tienen-derecho-a-compensaciones\/#breadcrumblist","itemListElement":[{"@type":"ListItem","@id":"https:\/\/eldigitaldeasturias.com\/magazine365#listItem","position":1,"name":"Home","item":"https:\/\/eldigitaldeasturias.com\/magazine365","nextItem":{"@type":"ListItem","@id":"https:\/\/eldigitaldeasturias.com\/magazine365\/category\/noticias-actualidad\/#listItem","name":"Noticias y Actualidad"}},{"@type":"ListItem","@id":"https:\/\/eldigitaldeasturias.com\/magazine365\/category\/noticias-actualidad\/#listItem","position":2,"name":"Noticias y Actualidad","item":"https:\/\/eldigitaldeasturias.com\/magazine365\/category\/noticias-actualidad\/","nextItem":{"@type":"ListItem","@id":"https:\/\/eldigitaldeasturias.com\/magazine365\/facua-recuerda-a-afectados-por-anulaciones-de-viajes-del-imserso-a-canarias-que-tienen-derecho-a-compensaciones\/#listItem","name":"Facua recuerda a afectados por anulaciones de viajes del Imserso a Canarias que tienen derecho a compensaciones"},"previousItem":{"@type":"ListItem","@id":"https:\/\/eldigitaldeasturias.com\/magazine365#listItem","name":"Home"}},{"@type":"ListItem","@id":"https:\/\/eldigitaldeasturias.com\/magazine365\/facua-recuerda-a-afectados-por-anulaciones-de-viajes-del-imserso-a-canarias-que-tienen-derecho-a-compensaciones\/#listItem","position":3,"name":"Facua recuerda a afectados por anulaciones de viajes del Imserso a Canarias que tienen derecho a compensaciones","previousItem":{"@type":"ListItem","@id":"https:\/\/eldigitaldeasturias.com\/magazine365\/category\/noticias-actualidad\/#listItem","name":"Noticias y Actualidad"}}]},{"@type":"Organization","@id":"https:\/\/eldigitaldeasturias.com\/magazine365\/#organization","name":"El digital de Asturias","description":"Revista de ocio, turismo y estilo de vida","url":"https:\/\/eldigitaldeasturias.com\/magazine365\/","logo":{"@type":"ImageObject","url":"https:\/\/www.eldigitaldeasturias.com\/noticias\/wp-content\/uploads\/2020\/12\/EDA.jpg","@id":"https:\/\/eldigitaldeasturias.com\/magazine365\/facua-recuerda-a-afectados-por-anulaciones-de-viajes-del-imserso-a-canarias-que-tienen-derecho-a-compensaciones\/#organizationLogo"},"image":{"@id":"https:\/\/eldigitaldeasturias.com\/magazine365\/facua-recuerda-a-afectados-por-anulaciones-de-viajes-del-imserso-a-canarias-que-tienen-derecho-a-compensaciones\/#organizationLogo"}},{"@type":"Person","@id":"https:\/\/eldigitaldeasturias.com\/magazine365\/author\/admin\/#author","url":"https:\/\/eldigitaldeasturias.com\/magazine365\/author\/admin\/","name":"admin","image":{"@type":"ImageObject","@id":"https:\/\/eldigitaldeasturias.com\/magazine365\/facua-recuerda-a-afectados-por-anulaciones-de-viajes-del-imserso-a-canarias-que-tienen-derecho-a-compensaciones\/#authorImage","url":"https:\/\/eldigitaldeasturias.com\/magazine365\/wp-content\/litespeed\/avatar\/e571bcf59a0edd6fa6838245a470f2fe.jpg?ver=1776969259","width":96,"height":96,"caption":"admin"}},{"@type":"WebPage","@id":"https:\/\/eldigitaldeasturias.com\/magazine365\/facua-recuerda-a-afectados-por-anulaciones-de-viajes-del-imserso-a-canarias-que-tienen-derecho-a-compensaciones\/#webpage","url":"https:\/\/eldigitaldeasturias.com\/magazine365\/facua-recuerda-a-afectados-por-anulaciones-de-viajes-del-imserso-a-canarias-que-tienen-derecho-a-compensaciones\/","name":"Facua recuerda a afectados por anulaciones de viajes del Imserso a Canarias que tienen derecho a compensaciones | El Digital de Asturias","description":"FACUA-Consumidores en Acci\u00f3n ha recordado hoy a los usuarios afectados por las cancelaciones de \u00faltima hora de diversos viajes a Canarias del Imserso que tienen derecho a recibir compensaciones econ\u00f3micas de \"hasta el 25% adem\u00e1s de la cantidad \u00edntegra que hayan aportado como pago del servicio\", despu\u00e9s de haber recibido numerosas consultas. La organizaci\u00f3n se\u00f1ala","inLanguage":"es-ES","isPartOf":{"@id":"https:\/\/eldigitaldeasturias.com\/magazine365\/#website"},"breadcrumb":{"@id":"https:\/\/eldigitaldeasturias.com\/magazine365\/facua-recuerda-a-afectados-por-anulaciones-de-viajes-del-imserso-a-canarias-que-tienen-derecho-a-compensaciones\/#breadcrumblist"},"author":{"@id":"https:\/\/eldigitaldeasturias.com\/magazine365\/author\/admin\/#author"},"creator":{"@id":"https:\/\/eldigitaldeasturias.com\/magazine365\/author\/admin\/#author"},"image":{"@type":"ImageObject","url":"https:\/\/eldigitaldeasturias.com\/magazine365\/wp-content\/uploads\/2016\/02\/fotonoticia_20160203131529_800.jpg","@id":"https:\/\/eldigitaldeasturias.com\/magazine365\/facua-recuerda-a-afectados-por-anulaciones-de-viajes-del-imserso-a-canarias-que-tienen-derecho-a-compensaciones\/#mainImage","width":800,"height":533},"primaryImageOfPage":{"@id":"https:\/\/eldigitaldeasturias.com\/magazine365\/facua-recuerda-a-afectados-por-anulaciones-de-viajes-del-imserso-a-canarias-que-tienen-derecho-a-compensaciones\/#mainImage"},"datePublished":"2016-02-06T11:34:03+01:00","dateModified":"2016-02-06T11:34:03+01:00"},{"@type":"WebSite","@id":"https:\/\/eldigitaldeasturias.com\/magazine365\/#website","url":"https:\/\/eldigitaldeasturias.com\/magazine365\/","name":"El Digital de Asturias","description":"Revista de ocio, turismo y estilo de vida","inLanguage":"es-ES","publisher":{"@id":"https:\/\/eldigitaldeasturias.com\/magazine365\/#organization"}}]},"og:locale":"es_ES","og:site_name":"El Digital de Asturias \u2013 Revista de ocio, turismo y estilo de vida","og:type":"article","og:title":"Facua recuerda a afectados por anulaciones de viajes del Imserso a Canarias que tienen derecho a compensaciones | El Digital de Asturias","og:description":"FACUA-Consumidores en Acci\u00f3n ha recordado hoy a los usuarios afectados por las cancelaciones de \u00faltima hora de diversos viajes a Canarias del Imserso que tienen derecho a recibir compensaciones econ\u00f3micas de &quot;hasta el 25% adem\u00e1s de la cantidad \u00edntegra que hayan aportado como pago del servicio&quot;, despu\u00e9s de haber recibido numerosas consultas. La organizaci\u00f3n se\u00f1ala","og:url":"https:\/\/eldigitaldeasturias.com\/magazine365\/facua-recuerda-a-afectados-por-anulaciones-de-viajes-del-imserso-a-canarias-que-tienen-derecho-a-compensaciones\/","og:image":"https:\/\/eldigitaldeasturias.com\/magazine365\/wp-content\/uploads\/2016\/02\/fotonoticia_20160203131529_800.jpg","og:image:secure_url":"https:\/\/eldigitaldeasturias.com\/magazine365\/wp-content\/uploads\/2016\/02\/fotonoticia_20160203131529_800.jpg","og:image:width":800,"og:image:height":533,"article:published_time":"2016-02-06T10:34:03+00:00","article:modified_time":"2016-02-06T10:34:03+00:00","twitter:card":"summary_large_image","twitter:title":"Facua recuerda a afectados por anulaciones de viajes del Imserso a Canarias que tienen derecho a compensaciones | El Digital de Asturias","twitter:description":"FACUA-Consumidores en Acci\u00f3n ha recordado hoy a los usuarios afectados por las cancelaciones de \u00faltima hora de diversos viajes a Canarias del Imserso que tienen derecho a recibir compensaciones econ\u00f3micas de &quot;hasta el 25% adem\u00e1s de la cantidad \u00edntegra que hayan aportado como pago del servicio&quot;, despu\u00e9s de haber recibido numerosas consultas. La organizaci\u00f3n se\u00f1ala","twitter:image":"https:\/\/eldigitaldeasturias.com\/magazine365\/wp-content\/uploads\/2016\/02\/fotonoticia_20160203131529_800.jpg"},"aioseo_meta_data":{"post_id":"63180","title":null,"description":null,"keywords":null,"keyphrases":null,"primary_term":null,"canonical_url":null,"og_title":null,"og_description":null,"og_object_type":"default","og_image_type":"default","og_image_url":null,"og_image_width":null,"og_image_height":null,"og_image_custom_url":null,"og_image_custom_fields":null,"og_video":null,"og_custom_url":null,"og_article_section":null,"og_article_tags":null,"twitter_use_og":false,"twitter_card":"default","twitter_image_type":"default","twitter_image_url":null,"twitter_image_custom_url":null,"twitter_image_custom_fields":null,"twitter_title":null,"twitter_description":null,"schema":{"blockGraphs":[],"customGraphs":[],"default":{"data":{"Article":[],"Course":[],"Dataset":[],"FAQPage":[],"Movie":[],"Person":[],"Product":[],"ProductReview":[],"Car":[],"Recipe":[],"Service":[],"SoftwareApplication":[],"WebPage":[]},"graphName":"","isEnabled":true},"graphs":[],"defaultGraph":"","defaultPostTypeGraph":""},"schema_type":null,"schema_type_options":null,"pillar_content":false,"robots_default":true,"robots_noindex":false,"robots_noarchive":false,"robots_nosnippet":false,"robots_nofollow":false,"robots_noimageindex":false,"robots_noodp":false,"robots_notranslate":false,"robots_max_snippet":null,"robots_max_videopreview":null,"robots_max_imagepreview":"large","priority":null,"frequency":null,"location":null,"local_seo":null,"seo_analyzer_scan_date":"2025-09-25 12:39:16","breadcrumb_settings":null,"limit_modified_date":false,"open_ai":null,"ai":null,"created":"2021-03-08 21:27:05","updated":"2025-09-25 12:39:16"},"aioseo_breadcrumb":"<div class=\"aioseo-breadcrumbs\"><span class=\"aioseo-breadcrumb\">\n\t<a href=\"https:\/\/eldigitaldeasturias.com\/magazine365\" title=\"Home\">Home<\/a>\n<\/span><span class=\"aioseo-breadcrumb-separator\">\u2013<\/span><span class=\"aioseo-breadcrumb\">\n\t<a href=\"https:\/\/eldigitaldeasturias.com\/magazine365\/category\/noticias-actualidad\/\" title=\"Noticias y Actualidad\">Noticias y Actualidad<\/a>\n<\/span><span class=\"aioseo-breadcrumb-separator\">\u2013<\/span><span class=\"aioseo-breadcrumb\">\n\t<a href=\"https:\/\/eldigitaldeasturias.com\/magazine365\/facua-recuerda-a-afectados-por-anulaciones-de-viajes-del-imserso-a-canarias-que-tienen-derecho-a-compensaciones\/\" title=\"Facua recuerda a afectados por anulaciones de viajes del Imserso a Canarias que tienen derecho a compensaciones\">Facua recuerda a afectados por anulaciones de viajes del Imserso a Canarias que tienen derecho a compensaciones<\/a>\n<\/span><\/div>","aioseo_breadcrumb_json":[{"label":"Home","link":"https:\/\/eldigitaldeasturias.com\/magazine365"},{"label":"Noticias y Actualidad","link":"https:\/\/eldigitaldeasturias.com\/magazine365\/category\/noticias-actualidad\/"},{"label":"Facua recuerda a afectados por anulaciones de viajes del Imserso a Canarias que tienen derecho a compensaciones","link":"https:\/\/eldigitaldeasturias.com\/magazine365\/facua-recuerda-a-afectados-por-anulaciones-de-viajes-del-imserso-a-canarias-que-tienen-derecho-a-compensaciones\/"}],"_links":{"self":[{"href":"https:\/\/eldigitaldeasturias.com\/magazine365\/wp-json\/wp\/v2\/posts\/63180","targetHints":{"allow":["GET"]}}],"collection":[{"href":"https:\/\/eldigitaldeasturias.com\/magazine365\/wp-json\/wp\/v2\/posts"}],"about":[{"href":"https:\/\/eldigitaldeasturias.com\/magazine365\/wp-json\/wp\/v2\/types\/post"}],"author":[{"embeddable":true,"href":"https:\/\/eldigitaldeasturias.com\/magazine365\/wp-json\/wp\/v2\/users\/1"}],"replies":[{"embeddable":true,"href":"https:\/\/eldigitaldeasturias.com\/magazine365\/wp-json\/wp\/v2\/comments?post=63180"}],"version-history":[{"count":0,"href":"https:\/\/eldigitaldeasturias.com\/magazine365\/wp-json\/wp\/v2\/posts\/63180\/revisions"}],"wp:featuredmedia":[{"embeddable":true,"href":"https:\/\/eldigitaldeasturias.com\/magazine365\/wp-json\/wp\/v2\/media\/63181"}],"wp:attachment":[{"href":"https:\/\/eldigitaldeasturias.com\/magazine365\/wp-json\/wp\/v2\/media?parent=63180"}],"wp:term":[{"taxonomy":"category","embeddable":true,"href":"https:\/\/eldigitaldeasturias.com\/magazine365\/wp-json\/wp\/v2\/categories?post=63180"},{"taxonomy":"post_tag","embeddable":true,"href":"https:\/\/eldigitaldeasturias.com\/magazine365\/wp-json\/wp\/v2\/tags?post=63180"}],"curies":[{"name":"wp","href":"https:\/\/api.w.org\/{rel}","templated":true}]}}