{"id":63177,"date":"2016-02-06T11:32:47","date_gmt":"2016-02-06T10:32:47","guid":{"rendered":"http:\/\/eldigitaldeasturias.com\/magazine365\/?p=63177"},"modified":"2016-02-06T11:32:47","modified_gmt":"2016-02-06T10:32:47","slug":"extremadura-registro-en-2015-un-record-historico-de-viajeros-con-un-crecimiento-del-957","status":"publish","type":"post","link":"https:\/\/eldigitaldeasturias.com\/magazine365\/extremadura-registro-en-2015-un-record-historico-de-viajeros-con-un-crecimiento-del-957\/","title":{"rendered":"Extremadura registr\u00f3 en 2015 un \u00abr\u00e9cord hist\u00f3rico\u00bb de viajeros con un crecimiento del 9,57%"},"content":{"rendered":"<p><img fetchpriority=\"high\" decoding=\"async\" class=\"alignleft size-medium wp-image-63178\" src=\"https:\/\/eldigitaldeasturias.com\/magazine365\/wp-content\/uploads\/2016\/02\/fotonoticia_20160203123516_800-360x217.jpg\" alt=\"fotonoticia_20160203123516_800\" width=\"360\" height=\"217\" srcset=\"https:\/\/eldigitaldeasturias.com\/magazine365\/wp-content\/uploads\/2016\/02\/fotonoticia_20160203123516_800-360x217.jpg 360w, https:\/\/eldigitaldeasturias.com\/magazine365\/wp-content\/uploads\/2016\/02\/fotonoticia_20160203123516_800-650x392.jpg 650w, https:\/\/eldigitaldeasturias.com\/magazine365\/wp-content\/uploads\/2016\/02\/fotonoticia_20160203123516_800-768x463.jpg 768w, https:\/\/eldigitaldeasturias.com\/magazine365\/wp-content\/uploads\/2016\/02\/fotonoticia_20160203123516_800-150x90.jpg 150w, https:\/\/eldigitaldeasturias.com\/magazine365\/wp-content\/uploads\/2016\/02\/fotonoticia_20160203123516_800-450x271.jpg 450w, https:\/\/eldigitaldeasturias.com\/magazine365\/wp-content\/uploads\/2016\/02\/fotonoticia_20160203123516_800-696x419.jpg 696w, https:\/\/eldigitaldeasturias.com\/magazine365\/wp-content\/uploads\/2016\/02\/fotonoticia_20160203123516_800-697x420.jpg 697w, https:\/\/eldigitaldeasturias.com\/magazine365\/wp-content\/uploads\/2016\/02\/fotonoticia_20160203123516_800.jpg 800w\" sizes=\"(max-width: 360px) 100vw, 360px\" \/>Los alojamientos tur\u00edsticos de la comunidad aut\u00f3noma de Extremadura registraron en 2015 un total de 1.623.536 viajeros, lo que supone un \u00abr\u00e9cord hist\u00f3rico\u00bb para el sector con respecto a los diez \u00faltimos a\u00f1os, y un incremento del 9,57 por ciento con respecto a la cifra del ejercicio anterior, lo cual supone un aumento por encima de la media nacional, que fue del 6,27 por ciento.<\/p>\n<p>El director general de Turismo, Francisco Mart\u00edn, ha comparecido este mi\u00e9rcoles en rueda de prensa para valorar estas cifras, publicadas recientemente por el Instituto Nacional de Estad\u00edstica (INE), que seg\u00fan ha dicho refrendan que el sector tur\u00edstico regional se est\u00e1 \u00abrecuperando\u00bb, y que se \u00abconsolida\u00bb como una fuente de creaci\u00f3n de empleo y riqueza.<\/p>\n<p>Son datos, por tanto, que reflejan una \u00abbuena noticia\u00bb, que se sustenta en un incremento de empleo generado por el turismo en la regi\u00f3n en un 4,95 por ciento respecto al a\u00f1o anterior, hasta alcanzar los 23.137. Un sector que, si bien a\u00fan no hay datos oficiales definitivos, supone el 5 por ciento del PIB regional, seg\u00fan ha detallado Mart\u00edn.<\/p>\n<p>Otros datos destacados por Mart\u00edn se refieren al incremento de los turistas internacionales, que los datos del INE sit\u00faan en un 15,3 por ciento, tambi\u00e9n por encima de la media del pa\u00eds, que se situ\u00f3 en torno al 13 por ciento. Asimismo, ha resaltado las cifras arrojadas por los apartamentos tur\u00edsticos de la regi\u00f3n, que experimentan un aumento del 40 por ciento de los viajeros alojados, y de las casas rurales, en torno a un 19 por ciento.<\/p>\n<p>Las pernoctaciones se han incrementado un 8,16 por ciento, mientras que la media nacional fue del 4,49 por ciento, hasta un total de 2.938.658, donde destaca el aumento de los extranjeros, que fue del 13 por ciento. No obstante, este aspecto contin\u00faa siendo el \u00abcaballo de batalla\u00bb para el sector, seg\u00fan Mart\u00edn, en referencia al reto de alcanzar al menos las dos d\u00edas de estancia media de los viajeros, y que actualmente se sit\u00faa en torno a 1,8.<\/p>\n<p>MEJOR EN EL SEGUNDO TRIMESTRE<\/p>\n<p>El director general ha hecho hincapi\u00e9 en la evoluci\u00f3n de los datos por semestres, y en este sentido ha destacado los resultados obtenidos en el segundo, bajo la responsabilidad del gobierno socialista de Guillermo Fern\u00e1ndez Vara.<\/p>\n<p>As\u00ed, y aunque ha reconocido que en los seis primeros meses del a\u00f1o tambi\u00e9n se registr\u00f3 \u00abmuy buen dato\u00bb, lo cierto es que las mayores subidas se han producido en el segundo, lo cual ha relacionado directamente con la \u00abingente\u00bb cantidad de acciones organizadas por el actual ejecutivo, entre las que ha destacado la campa\u00f1a a favor de Sierra de Gata tras el incendio, las oto\u00f1adas o los actos con motivo de la capitalidad gastron\u00f3mica de C\u00e1ceres, entre otras.<\/p>\n<p>En concreto, si el n\u00famero de viajeros a alojados en Extremadura durante el primer semestre del a\u00f1o se increment\u00f3 un 7,07 por ciento, en el segundo lo hicieron un 11,69 por ciento. A su vez, las pernoctaciones crecieron un 6,83 por ciento la primera mitad del a\u00f1o, y un 10,06 por ciento en la segunda. Tambi\u00e9n en los extranjeros se da el mismo caso, con aumentos del 8,28 y del 17,90 por ciento, respectivamente.<\/p>\n<p>NUEVA GOBERNANZA DEL TURISMO<\/p>\n<p>Esto es consecuencia, seg\u00fan Mart\u00edn, de la \u00abnueva gobernanza del turismo\u00bb, ha dicho, y que se basa en la \u00abescucha activa\u00bb por parte de la administraci\u00f3n regional del conjunto de los actores del sector tur\u00edstico regional, y por la cooperaci\u00f3n a todos los niveles. Un \u00abtriple di\u00e1logo\u00bb en el que intervienen, por un lado, el sector, representado por los empresarios y las organizaciones empresariales.<\/p>\n<p>Por otro, las instituciones, entre las que incluye a los ayuntamientos, las diputaciones provinciales y a los grupos de acci\u00f3n local; y en tercer t\u00e9rmino se ha referido al di\u00e1logo pol\u00edtico.<\/p>\n<p>Esta \u00abnueva gobernanza\u00bb marcar\u00e1 asimismo la actuaci\u00f3n de la Junta de Extremadura en la consecuci\u00f3n de los retos del turismo regional para 2016, que pasan por \u00abconsolidar\u00bb las cifras del pasado a\u00f1o y elevar las pernoctaciones. Para ello, se va a impulsar una oferta orientada a los \u00abgrandes eventos\u00bb del a\u00f1o para la comunidad en materia tur\u00edstica.<\/p>\n<p>Entre los que ha incluido la Capitalidad de Iberoamericana de la Cultura Gastron\u00f3mica de M\u00e9rida, el Geoparque de Las Villuercas, la Semana Santa de Jerez de los Caballeros, que es la primera de Inter\u00e9s Tur\u00edstico Nacional, o las 57 fiestas de inter\u00e9s tur\u00edstico regional jalonadas por la comunidad durante todo el a\u00f1o.<\/p>\n<p>El otro pilar en el que sustentar\u00e1 la acci\u00f3n de la Junta este a\u00f1o ser\u00e1 impulsar una oferta de calidad, mejorando los \u00abespacios tur\u00edsticos\u00bb y su imagen, lo que Mart\u00edn ya ha definido en anteriores ocasiones como \u00abguapear Extremadura\u00bb, as\u00ed como en el impulso de los paquetes tur\u00edsticos y los grupos.<\/p>\n","protected":false},"excerpt":{"rendered":"<p>Los alojamientos tur\u00edsticos de la comunidad aut\u00f3noma de Extremadura registraron en 2015 un total de 1.623.536 viajeros, lo que supone un \u00abr\u00e9cord hist\u00f3rico\u00bb para el sector con respecto a los diez \u00faltimos a\u00f1os, y un incremento del 9,57 por ciento con respecto a la cifra del ejercicio anterior, lo cual supone un aumento por encima<\/p>\n","protected":false},"author":1,"featured_media":63178,"comment_status":"open","ping_status":"closed","sticky":false,"template":"","format":"standard","meta":{"footnotes":""},"categories":[224],"tags":[],"class_list":{"0":"post-63177","1":"post","2":"type-post","3":"status-publish","4":"format-standard","5":"has-post-thumbnail","7":"category-noticias-actualidad"},"aioseo_notices":[],"aioseo_head":"\n\t\t<!-- All in One SEO Pro 4.9.6.1 - aioseo.com -->\n\t<meta name=\"description\" content=\"Los alojamientos tur\u00edsticos de la comunidad aut\u00f3noma de Extremadura registraron en 2015 un total de 1.623.536 viajeros, lo que supone un &quot;r\u00e9cord hist\u00f3rico&quot; para el sector con respecto a los diez \u00faltimos a\u00f1os, y un incremento del 9,57 por ciento con respecto a la cifra del ejercicio anterior, lo cual supone un aumento por encima\" \/>\n\t<meta name=\"robots\" content=\"max-image-preview:large\" \/>\n\t<meta name=\"author\" content=\"admin\"\/>\n\t<meta name=\"google-site-verification\" content=\"UA-38556648-1\" \/>\n\t<meta name=\"keywords\" content=\"noticias y actualidad\" \/>\n\t<link rel=\"canonical\" href=\"https:\/\/eldigitaldeasturias.com\/magazine365\/extremadura-registro-en-2015-un-record-historico-de-viajeros-con-un-crecimiento-del-957\/\" \/>\n\t<meta name=\"generator\" content=\"All in One SEO Pro (AIOSEO) 4.9.6.1\" \/>\n\t\t<meta property=\"og:locale\" content=\"es_ES\" \/>\n\t\t<meta property=\"og:site_name\" content=\"El Digital de Asturias \u2013 Revista de ocio, turismo y estilo de vida\" \/>\n\t\t<meta property=\"og:type\" content=\"article\" \/>\n\t\t<meta property=\"og:title\" content=\"Extremadura registr\u00f3 en 2015 un \u00abr\u00e9cord hist\u00f3rico\u00bb de viajeros con un crecimiento del 9,57% | El Digital de Asturias\" \/>\n\t\t<meta property=\"og:description\" content=\"Los alojamientos tur\u00edsticos de la comunidad aut\u00f3noma de Extremadura registraron en 2015 un total de 1.623.536 viajeros, lo que supone un &quot;r\u00e9cord hist\u00f3rico&quot; para el sector con respecto a los diez \u00faltimos a\u00f1os, y un incremento del 9,57 por ciento con respecto a la cifra del ejercicio anterior, lo cual supone un aumento por encima\" \/>\n\t\t<meta property=\"og:url\" content=\"https:\/\/eldigitaldeasturias.com\/magazine365\/extremadura-registro-en-2015-un-record-historico-de-viajeros-con-un-crecimiento-del-957\/\" \/>\n\t\t<meta property=\"og:image\" content=\"https:\/\/eldigitaldeasturias.com\/magazine365\/wp-content\/uploads\/2016\/02\/fotonoticia_20160203123516_800.jpg\" \/>\n\t\t<meta property=\"og:image:secure_url\" content=\"https:\/\/eldigitaldeasturias.com\/magazine365\/wp-content\/uploads\/2016\/02\/fotonoticia_20160203123516_800.jpg\" \/>\n\t\t<meta property=\"og:image:width\" content=\"800\" \/>\n\t\t<meta property=\"og:image:height\" content=\"482\" \/>\n\t\t<meta property=\"article:published_time\" content=\"2016-02-06T10:32:47+00:00\" \/>\n\t\t<meta property=\"article:modified_time\" content=\"2016-02-06T10:32:47+00:00\" \/>\n\t\t<meta name=\"twitter:card\" content=\"summary_large_image\" \/>\n\t\t<meta name=\"twitter:title\" content=\"Extremadura registr\u00f3 en 2015 un \u00abr\u00e9cord hist\u00f3rico\u00bb de viajeros con un crecimiento del 9,57% | El Digital de Asturias\" \/>\n\t\t<meta name=\"twitter:description\" content=\"Los alojamientos tur\u00edsticos de la comunidad aut\u00f3noma de Extremadura registraron en 2015 un total de 1.623.536 viajeros, lo que supone un &quot;r\u00e9cord hist\u00f3rico&quot; para el sector con respecto a los diez \u00faltimos a\u00f1os, y un incremento del 9,57 por ciento con respecto a la cifra del ejercicio anterior, lo cual supone un aumento por encima\" \/>\n\t\t<meta name=\"twitter:image\" content=\"https:\/\/eldigitaldeasturias.com\/magazine365\/wp-content\/uploads\/2016\/02\/fotonoticia_20160203123516_800.jpg\" \/>\n\t\t<script type=\"application\/ld+json\" class=\"aioseo-schema\">\n\t\t\t{\"@context\":\"https:\\\/\\\/schema.org\",\"@graph\":[{\"@type\":\"Article\",\"@id\":\"https:\\\/\\\/eldigitaldeasturias.com\\\/magazine365\\\/extremadura-registro-en-2015-un-record-historico-de-viajeros-con-un-crecimiento-del-957\\\/#article\",\"name\":\"Extremadura registr\\u00f3 en 2015 un \\u00abr\\u00e9cord hist\\u00f3rico\\u00bb de viajeros con un crecimiento del 9,57% | El Digital de Asturias\",\"headline\":\"Extremadura registr\\u00f3 en 2015 un \\u00abr\\u00e9cord hist\\u00f3rico\\u00bb de viajeros con un crecimiento del 9,57%\",\"author\":{\"@id\":\"https:\\\/\\\/eldigitaldeasturias.com\\\/magazine365\\\/author\\\/admin\\\/#author\"},\"publisher\":{\"@id\":\"https:\\\/\\\/eldigitaldeasturias.com\\\/magazine365\\\/#organization\"},\"image\":{\"@type\":\"ImageObject\",\"url\":\"https:\\\/\\\/eldigitaldeasturias.com\\\/magazine365\\\/wp-content\\\/uploads\\\/2016\\\/02\\\/fotonoticia_20160203123516_800.jpg\",\"width\":800,\"height\":482},\"datePublished\":\"2016-02-06T11:32:47+01:00\",\"dateModified\":\"2016-02-06T11:32:47+01:00\",\"inLanguage\":\"es-ES\",\"mainEntityOfPage\":{\"@id\":\"https:\\\/\\\/eldigitaldeasturias.com\\\/magazine365\\\/extremadura-registro-en-2015-un-record-historico-de-viajeros-con-un-crecimiento-del-957\\\/#webpage\"},\"isPartOf\":{\"@id\":\"https:\\\/\\\/eldigitaldeasturias.com\\\/magazine365\\\/extremadura-registro-en-2015-un-record-historico-de-viajeros-con-un-crecimiento-del-957\\\/#webpage\"},\"articleSection\":\"Noticias y Actualidad\"},{\"@type\":\"BreadcrumbList\",\"@id\":\"https:\\\/\\\/eldigitaldeasturias.com\\\/magazine365\\\/extremadura-registro-en-2015-un-record-historico-de-viajeros-con-un-crecimiento-del-957\\\/#breadcrumblist\",\"itemListElement\":[{\"@type\":\"ListItem\",\"@id\":\"https:\\\/\\\/eldigitaldeasturias.com\\\/magazine365#listItem\",\"position\":1,\"name\":\"Home\",\"item\":\"https:\\\/\\\/eldigitaldeasturias.com\\\/magazine365\",\"nextItem\":{\"@type\":\"ListItem\",\"@id\":\"https:\\\/\\\/eldigitaldeasturias.com\\\/magazine365\\\/category\\\/noticias-actualidad\\\/#listItem\",\"name\":\"Noticias y Actualidad\"}},{\"@type\":\"ListItem\",\"@id\":\"https:\\\/\\\/eldigitaldeasturias.com\\\/magazine365\\\/category\\\/noticias-actualidad\\\/#listItem\",\"position\":2,\"name\":\"Noticias y Actualidad\",\"item\":\"https:\\\/\\\/eldigitaldeasturias.com\\\/magazine365\\\/category\\\/noticias-actualidad\\\/\",\"nextItem\":{\"@type\":\"ListItem\",\"@id\":\"https:\\\/\\\/eldigitaldeasturias.com\\\/magazine365\\\/extremadura-registro-en-2015-un-record-historico-de-viajeros-con-un-crecimiento-del-957\\\/#listItem\",\"name\":\"Extremadura registr\\u00f3 en 2015 un \\u00abr\\u00e9cord hist\\u00f3rico\\u00bb de viajeros con un crecimiento del 9,57%\"},\"previousItem\":{\"@type\":\"ListItem\",\"@id\":\"https:\\\/\\\/eldigitaldeasturias.com\\\/magazine365#listItem\",\"name\":\"Home\"}},{\"@type\":\"ListItem\",\"@id\":\"https:\\\/\\\/eldigitaldeasturias.com\\\/magazine365\\\/extremadura-registro-en-2015-un-record-historico-de-viajeros-con-un-crecimiento-del-957\\\/#listItem\",\"position\":3,\"name\":\"Extremadura registr\\u00f3 en 2015 un \\u00abr\\u00e9cord hist\\u00f3rico\\u00bb de viajeros con un crecimiento del 9,57%\",\"previousItem\":{\"@type\":\"ListItem\",\"@id\":\"https:\\\/\\\/eldigitaldeasturias.com\\\/magazine365\\\/category\\\/noticias-actualidad\\\/#listItem\",\"name\":\"Noticias y Actualidad\"}}]},{\"@type\":\"Organization\",\"@id\":\"https:\\\/\\\/eldigitaldeasturias.com\\\/magazine365\\\/#organization\",\"name\":\"El digital de Asturias\",\"description\":\"Revista de ocio, turismo y estilo de vida\",\"url\":\"https:\\\/\\\/eldigitaldeasturias.com\\\/magazine365\\\/\",\"logo\":{\"@type\":\"ImageObject\",\"url\":\"https:\\\/\\\/www.eldigitaldeasturias.com\\\/noticias\\\/wp-content\\\/uploads\\\/2020\\\/12\\\/EDA.jpg\",\"@id\":\"https:\\\/\\\/eldigitaldeasturias.com\\\/magazine365\\\/extremadura-registro-en-2015-un-record-historico-de-viajeros-con-un-crecimiento-del-957\\\/#organizationLogo\"},\"image\":{\"@id\":\"https:\\\/\\\/eldigitaldeasturias.com\\\/magazine365\\\/extremadura-registro-en-2015-un-record-historico-de-viajeros-con-un-crecimiento-del-957\\\/#organizationLogo\"}},{\"@type\":\"Person\",\"@id\":\"https:\\\/\\\/eldigitaldeasturias.com\\\/magazine365\\\/author\\\/admin\\\/#author\",\"url\":\"https:\\\/\\\/eldigitaldeasturias.com\\\/magazine365\\\/author\\\/admin\\\/\",\"name\":\"admin\",\"image\":{\"@type\":\"ImageObject\",\"@id\":\"https:\\\/\\\/eldigitaldeasturias.com\\\/magazine365\\\/extremadura-registro-en-2015-un-record-historico-de-viajeros-con-un-crecimiento-del-957\\\/#authorImage\",\"url\":\"https:\\\/\\\/eldigitaldeasturias.com\\\/magazine365\\\/wp-content\\\/litespeed\\\/avatar\\\/e571bcf59a0edd6fa6838245a470f2fe.jpg?ver=1776969259\",\"width\":96,\"height\":96,\"caption\":\"admin\"}},{\"@type\":\"WebPage\",\"@id\":\"https:\\\/\\\/eldigitaldeasturias.com\\\/magazine365\\\/extremadura-registro-en-2015-un-record-historico-de-viajeros-con-un-crecimiento-del-957\\\/#webpage\",\"url\":\"https:\\\/\\\/eldigitaldeasturias.com\\\/magazine365\\\/extremadura-registro-en-2015-un-record-historico-de-viajeros-con-un-crecimiento-del-957\\\/\",\"name\":\"Extremadura registr\\u00f3 en 2015 un \\u00abr\\u00e9cord hist\\u00f3rico\\u00bb de viajeros con un crecimiento del 9,57% | El Digital de Asturias\",\"description\":\"Los alojamientos tur\\u00edsticos de la comunidad aut\\u00f3noma de Extremadura registraron en 2015 un total de 1.623.536 viajeros, lo que supone un \\\"r\\u00e9cord hist\\u00f3rico\\\" para el sector con respecto a los diez \\u00faltimos a\\u00f1os, y un incremento del 9,57 por ciento con respecto a la cifra del ejercicio anterior, lo cual supone un aumento por encima\",\"inLanguage\":\"es-ES\",\"isPartOf\":{\"@id\":\"https:\\\/\\\/eldigitaldeasturias.com\\\/magazine365\\\/#website\"},\"breadcrumb\":{\"@id\":\"https:\\\/\\\/eldigitaldeasturias.com\\\/magazine365\\\/extremadura-registro-en-2015-un-record-historico-de-viajeros-con-un-crecimiento-del-957\\\/#breadcrumblist\"},\"author\":{\"@id\":\"https:\\\/\\\/eldigitaldeasturias.com\\\/magazine365\\\/author\\\/admin\\\/#author\"},\"creator\":{\"@id\":\"https:\\\/\\\/eldigitaldeasturias.com\\\/magazine365\\\/author\\\/admin\\\/#author\"},\"image\":{\"@type\":\"ImageObject\",\"url\":\"https:\\\/\\\/eldigitaldeasturias.com\\\/magazine365\\\/wp-content\\\/uploads\\\/2016\\\/02\\\/fotonoticia_20160203123516_800.jpg\",\"@id\":\"https:\\\/\\\/eldigitaldeasturias.com\\\/magazine365\\\/extremadura-registro-en-2015-un-record-historico-de-viajeros-con-un-crecimiento-del-957\\\/#mainImage\",\"width\":800,\"height\":482},\"primaryImageOfPage\":{\"@id\":\"https:\\\/\\\/eldigitaldeasturias.com\\\/magazine365\\\/extremadura-registro-en-2015-un-record-historico-de-viajeros-con-un-crecimiento-del-957\\\/#mainImage\"},\"datePublished\":\"2016-02-06T11:32:47+01:00\",\"dateModified\":\"2016-02-06T11:32:47+01:00\"},{\"@type\":\"WebSite\",\"@id\":\"https:\\\/\\\/eldigitaldeasturias.com\\\/magazine365\\\/#website\",\"url\":\"https:\\\/\\\/eldigitaldeasturias.com\\\/magazine365\\\/\",\"name\":\"El Digital de Asturias\",\"description\":\"Revista de ocio, turismo y estilo de vida\",\"inLanguage\":\"es-ES\",\"publisher\":{\"@id\":\"https:\\\/\\\/eldigitaldeasturias.com\\\/magazine365\\\/#organization\"}}]}\n\t\t<\/script>\n\t\t<!-- All in One SEO Pro -->\r\n\t\t<title>Extremadura registr\u00f3 en 2015 un \u00abr\u00e9cord hist\u00f3rico\u00bb de viajeros con un crecimiento del 9,57% | El Digital de Asturias<\/title>\n\n","aioseo_head_json":{"title":"Extremadura registr\u00f3 en 2015 un \u00abr\u00e9cord hist\u00f3rico\u00bb de viajeros con un crecimiento del 9,57% | El Digital de Asturias","description":"Los alojamientos tur\u00edsticos de la comunidad aut\u00f3noma de Extremadura registraron en 2015 un total de 1.623.536 viajeros, lo que supone un \"r\u00e9cord hist\u00f3rico\" para el sector con respecto a los diez \u00faltimos a\u00f1os, y un incremento del 9,57 por ciento con respecto a la cifra del ejercicio anterior, lo cual supone un aumento por encima","canonical_url":"https:\/\/eldigitaldeasturias.com\/magazine365\/extremadura-registro-en-2015-un-record-historico-de-viajeros-con-un-crecimiento-del-957\/","robots":"max-image-preview:large","keywords":"noticias y actualidad","webmasterTools":{"google-site-verification":"UA-38556648-1","miscellaneous":""},"schema":{"@context":"https:\/\/schema.org","@graph":[{"@type":"Article","@id":"https:\/\/eldigitaldeasturias.com\/magazine365\/extremadura-registro-en-2015-un-record-historico-de-viajeros-con-un-crecimiento-del-957\/#article","name":"Extremadura registr\u00f3 en 2015 un \u00abr\u00e9cord hist\u00f3rico\u00bb de viajeros con un crecimiento del 9,57% | El Digital de Asturias","headline":"Extremadura registr\u00f3 en 2015 un \u00abr\u00e9cord hist\u00f3rico\u00bb de viajeros con un crecimiento del 9,57%","author":{"@id":"https:\/\/eldigitaldeasturias.com\/magazine365\/author\/admin\/#author"},"publisher":{"@id":"https:\/\/eldigitaldeasturias.com\/magazine365\/#organization"},"image":{"@type":"ImageObject","url":"https:\/\/eldigitaldeasturias.com\/magazine365\/wp-content\/uploads\/2016\/02\/fotonoticia_20160203123516_800.jpg","width":800,"height":482},"datePublished":"2016-02-06T11:32:47+01:00","dateModified":"2016-02-06T11:32:47+01:00","inLanguage":"es-ES","mainEntityOfPage":{"@id":"https:\/\/eldigitaldeasturias.com\/magazine365\/extremadura-registro-en-2015-un-record-historico-de-viajeros-con-un-crecimiento-del-957\/#webpage"},"isPartOf":{"@id":"https:\/\/eldigitaldeasturias.com\/magazine365\/extremadura-registro-en-2015-un-record-historico-de-viajeros-con-un-crecimiento-del-957\/#webpage"},"articleSection":"Noticias y Actualidad"},{"@type":"BreadcrumbList","@id":"https:\/\/eldigitaldeasturias.com\/magazine365\/extremadura-registro-en-2015-un-record-historico-de-viajeros-con-un-crecimiento-del-957\/#breadcrumblist","itemListElement":[{"@type":"ListItem","@id":"https:\/\/eldigitaldeasturias.com\/magazine365#listItem","position":1,"name":"Home","item":"https:\/\/eldigitaldeasturias.com\/magazine365","nextItem":{"@type":"ListItem","@id":"https:\/\/eldigitaldeasturias.com\/magazine365\/category\/noticias-actualidad\/#listItem","name":"Noticias y Actualidad"}},{"@type":"ListItem","@id":"https:\/\/eldigitaldeasturias.com\/magazine365\/category\/noticias-actualidad\/#listItem","position":2,"name":"Noticias y Actualidad","item":"https:\/\/eldigitaldeasturias.com\/magazine365\/category\/noticias-actualidad\/","nextItem":{"@type":"ListItem","@id":"https:\/\/eldigitaldeasturias.com\/magazine365\/extremadura-registro-en-2015-un-record-historico-de-viajeros-con-un-crecimiento-del-957\/#listItem","name":"Extremadura registr\u00f3 en 2015 un \u00abr\u00e9cord hist\u00f3rico\u00bb de viajeros con un crecimiento del 9,57%"},"previousItem":{"@type":"ListItem","@id":"https:\/\/eldigitaldeasturias.com\/magazine365#listItem","name":"Home"}},{"@type":"ListItem","@id":"https:\/\/eldigitaldeasturias.com\/magazine365\/extremadura-registro-en-2015-un-record-historico-de-viajeros-con-un-crecimiento-del-957\/#listItem","position":3,"name":"Extremadura registr\u00f3 en 2015 un \u00abr\u00e9cord hist\u00f3rico\u00bb de viajeros con un crecimiento del 9,57%","previousItem":{"@type":"ListItem","@id":"https:\/\/eldigitaldeasturias.com\/magazine365\/category\/noticias-actualidad\/#listItem","name":"Noticias y Actualidad"}}]},{"@type":"Organization","@id":"https:\/\/eldigitaldeasturias.com\/magazine365\/#organization","name":"El digital de Asturias","description":"Revista de ocio, turismo y estilo de vida","url":"https:\/\/eldigitaldeasturias.com\/magazine365\/","logo":{"@type":"ImageObject","url":"https:\/\/www.eldigitaldeasturias.com\/noticias\/wp-content\/uploads\/2020\/12\/EDA.jpg","@id":"https:\/\/eldigitaldeasturias.com\/magazine365\/extremadura-registro-en-2015-un-record-historico-de-viajeros-con-un-crecimiento-del-957\/#organizationLogo"},"image":{"@id":"https:\/\/eldigitaldeasturias.com\/magazine365\/extremadura-registro-en-2015-un-record-historico-de-viajeros-con-un-crecimiento-del-957\/#organizationLogo"}},{"@type":"Person","@id":"https:\/\/eldigitaldeasturias.com\/magazine365\/author\/admin\/#author","url":"https:\/\/eldigitaldeasturias.com\/magazine365\/author\/admin\/","name":"admin","image":{"@type":"ImageObject","@id":"https:\/\/eldigitaldeasturias.com\/magazine365\/extremadura-registro-en-2015-un-record-historico-de-viajeros-con-un-crecimiento-del-957\/#authorImage","url":"https:\/\/eldigitaldeasturias.com\/magazine365\/wp-content\/litespeed\/avatar\/e571bcf59a0edd6fa6838245a470f2fe.jpg?ver=1776969259","width":96,"height":96,"caption":"admin"}},{"@type":"WebPage","@id":"https:\/\/eldigitaldeasturias.com\/magazine365\/extremadura-registro-en-2015-un-record-historico-de-viajeros-con-un-crecimiento-del-957\/#webpage","url":"https:\/\/eldigitaldeasturias.com\/magazine365\/extremadura-registro-en-2015-un-record-historico-de-viajeros-con-un-crecimiento-del-957\/","name":"Extremadura registr\u00f3 en 2015 un \u00abr\u00e9cord hist\u00f3rico\u00bb de viajeros con un crecimiento del 9,57% | El Digital de Asturias","description":"Los alojamientos tur\u00edsticos de la comunidad aut\u00f3noma de Extremadura registraron en 2015 un total de 1.623.536 viajeros, lo que supone un \"r\u00e9cord hist\u00f3rico\" para el sector con respecto a los diez \u00faltimos a\u00f1os, y un incremento del 9,57 por ciento con respecto a la cifra del ejercicio anterior, lo cual supone un aumento por encima","inLanguage":"es-ES","isPartOf":{"@id":"https:\/\/eldigitaldeasturias.com\/magazine365\/#website"},"breadcrumb":{"@id":"https:\/\/eldigitaldeasturias.com\/magazine365\/extremadura-registro-en-2015-un-record-historico-de-viajeros-con-un-crecimiento-del-957\/#breadcrumblist"},"author":{"@id":"https:\/\/eldigitaldeasturias.com\/magazine365\/author\/admin\/#author"},"creator":{"@id":"https:\/\/eldigitaldeasturias.com\/magazine365\/author\/admin\/#author"},"image":{"@type":"ImageObject","url":"https:\/\/eldigitaldeasturias.com\/magazine365\/wp-content\/uploads\/2016\/02\/fotonoticia_20160203123516_800.jpg","@id":"https:\/\/eldigitaldeasturias.com\/magazine365\/extremadura-registro-en-2015-un-record-historico-de-viajeros-con-un-crecimiento-del-957\/#mainImage","width":800,"height":482},"primaryImageOfPage":{"@id":"https:\/\/eldigitaldeasturias.com\/magazine365\/extremadura-registro-en-2015-un-record-historico-de-viajeros-con-un-crecimiento-del-957\/#mainImage"},"datePublished":"2016-02-06T11:32:47+01:00","dateModified":"2016-02-06T11:32:47+01:00"},{"@type":"WebSite","@id":"https:\/\/eldigitaldeasturias.com\/magazine365\/#website","url":"https:\/\/eldigitaldeasturias.com\/magazine365\/","name":"El Digital de Asturias","description":"Revista de ocio, turismo y estilo de vida","inLanguage":"es-ES","publisher":{"@id":"https:\/\/eldigitaldeasturias.com\/magazine365\/#organization"}}]},"og:locale":"es_ES","og:site_name":"El Digital de Asturias \u2013 Revista de ocio, turismo y estilo de vida","og:type":"article","og:title":"Extremadura registr\u00f3 en 2015 un \u00abr\u00e9cord hist\u00f3rico\u00bb de viajeros con un crecimiento del 9,57% | El Digital de Asturias","og:description":"Los alojamientos tur\u00edsticos de la comunidad aut\u00f3noma de Extremadura registraron en 2015 un total de 1.623.536 viajeros, lo que supone un &quot;r\u00e9cord hist\u00f3rico&quot; para el sector con respecto a los diez \u00faltimos a\u00f1os, y un incremento del 9,57 por ciento con respecto a la cifra del ejercicio anterior, lo cual supone un aumento por encima","og:url":"https:\/\/eldigitaldeasturias.com\/magazine365\/extremadura-registro-en-2015-un-record-historico-de-viajeros-con-un-crecimiento-del-957\/","og:image":"https:\/\/eldigitaldeasturias.com\/magazine365\/wp-content\/uploads\/2016\/02\/fotonoticia_20160203123516_800.jpg","og:image:secure_url":"https:\/\/eldigitaldeasturias.com\/magazine365\/wp-content\/uploads\/2016\/02\/fotonoticia_20160203123516_800.jpg","og:image:width":800,"og:image:height":482,"article:published_time":"2016-02-06T10:32:47+00:00","article:modified_time":"2016-02-06T10:32:47+00:00","twitter:card":"summary_large_image","twitter:title":"Extremadura registr\u00f3 en 2015 un \u00abr\u00e9cord hist\u00f3rico\u00bb de viajeros con un crecimiento del 9,57% | El Digital de Asturias","twitter:description":"Los alojamientos tur\u00edsticos de la comunidad aut\u00f3noma de Extremadura registraron en 2015 un total de 1.623.536 viajeros, lo que supone un &quot;r\u00e9cord hist\u00f3rico&quot; para el sector con respecto a los diez \u00faltimos a\u00f1os, y un incremento del 9,57 por ciento con respecto a la cifra del ejercicio anterior, lo cual supone un aumento por encima","twitter:image":"https:\/\/eldigitaldeasturias.com\/magazine365\/wp-content\/uploads\/2016\/02\/fotonoticia_20160203123516_800.jpg"},"aioseo_meta_data":{"post_id":"63177","title":null,"description":null,"keywords":null,"keyphrases":null,"primary_term":null,"canonical_url":null,"og_title":null,"og_description":null,"og_object_type":"default","og_image_type":"default","og_image_url":null,"og_image_width":null,"og_image_height":null,"og_image_custom_url":null,"og_image_custom_fields":null,"og_video":null,"og_custom_url":null,"og_article_section":null,"og_article_tags":null,"twitter_use_og":false,"twitter_card":"default","twitter_image_type":"default","twitter_image_url":null,"twitter_image_custom_url":null,"twitter_image_custom_fields":null,"twitter_title":null,"twitter_description":null,"schema":{"blockGraphs":[],"customGraphs":[],"default":{"data":{"Article":[],"Course":[],"Dataset":[],"FAQPage":[],"Movie":[],"Person":[],"Product":[],"ProductReview":[],"Car":[],"Recipe":[],"Service":[],"SoftwareApplication":[],"WebPage":[]},"graphName":"","isEnabled":true},"graphs":[],"defaultGraph":"","defaultPostTypeGraph":""},"schema_type":null,"schema_type_options":null,"pillar_content":false,"robots_default":true,"robots_noindex":false,"robots_noarchive":false,"robots_nosnippet":false,"robots_nofollow":false,"robots_noimageindex":false,"robots_noodp":false,"robots_notranslate":false,"robots_max_snippet":null,"robots_max_videopreview":null,"robots_max_imagepreview":"large","priority":null,"frequency":null,"location":null,"local_seo":null,"seo_analyzer_scan_date":"2025-09-25 12:39:15","breadcrumb_settings":null,"limit_modified_date":false,"open_ai":null,"ai":null,"created":"2021-03-08 21:27:05","updated":"2025-09-25 12:39:15"},"aioseo_breadcrumb":"<div class=\"aioseo-breadcrumbs\"><span class=\"aioseo-breadcrumb\">\n\t<a href=\"https:\/\/eldigitaldeasturias.com\/magazine365\" title=\"Home\">Home<\/a>\n<\/span><span class=\"aioseo-breadcrumb-separator\">\u2013<\/span><span class=\"aioseo-breadcrumb\">\n\t<a href=\"https:\/\/eldigitaldeasturias.com\/magazine365\/category\/noticias-actualidad\/\" title=\"Noticias y Actualidad\">Noticias y Actualidad<\/a>\n<\/span><span class=\"aioseo-breadcrumb-separator\">\u2013<\/span><span class=\"aioseo-breadcrumb\">\n\t<a href=\"https:\/\/eldigitaldeasturias.com\/magazine365\/extremadura-registro-en-2015-un-record-historico-de-viajeros-con-un-crecimiento-del-957\/\" title=\"Extremadura registr\u00f3 en 2015 un \u00abr\u00e9cord hist\u00f3rico\u00bb de viajeros con un crecimiento del 9,57%\">Extremadura registr\u00f3 en 2015 un \u00abr\u00e9cord hist\u00f3rico\u00bb de viajeros con un crecimiento del 9,57%<\/a>\n<\/span><\/div>","aioseo_breadcrumb_json":[{"label":"Home","link":"https:\/\/eldigitaldeasturias.com\/magazine365"},{"label":"Noticias y Actualidad","link":"https:\/\/eldigitaldeasturias.com\/magazine365\/category\/noticias-actualidad\/"},{"label":"Extremadura registr\u00f3 en 2015 un \u00abr\u00e9cord hist\u00f3rico\u00bb de viajeros con un crecimiento del 9,57%","link":"https:\/\/eldigitaldeasturias.com\/magazine365\/extremadura-registro-en-2015-un-record-historico-de-viajeros-con-un-crecimiento-del-957\/"}],"_links":{"self":[{"href":"https:\/\/eldigitaldeasturias.com\/magazine365\/wp-json\/wp\/v2\/posts\/63177","targetHints":{"allow":["GET"]}}],"collection":[{"href":"https:\/\/eldigitaldeasturias.com\/magazine365\/wp-json\/wp\/v2\/posts"}],"about":[{"href":"https:\/\/eldigitaldeasturias.com\/magazine365\/wp-json\/wp\/v2\/types\/post"}],"author":[{"embeddable":true,"href":"https:\/\/eldigitaldeasturias.com\/magazine365\/wp-json\/wp\/v2\/users\/1"}],"replies":[{"embeddable":true,"href":"https:\/\/eldigitaldeasturias.com\/magazine365\/wp-json\/wp\/v2\/comments?post=63177"}],"version-history":[{"count":0,"href":"https:\/\/eldigitaldeasturias.com\/magazine365\/wp-json\/wp\/v2\/posts\/63177\/revisions"}],"wp:featuredmedia":[{"embeddable":true,"href":"https:\/\/eldigitaldeasturias.com\/magazine365\/wp-json\/wp\/v2\/media\/63178"}],"wp:attachment":[{"href":"https:\/\/eldigitaldeasturias.com\/magazine365\/wp-json\/wp\/v2\/media?parent=63177"}],"wp:term":[{"taxonomy":"category","embeddable":true,"href":"https:\/\/eldigitaldeasturias.com\/magazine365\/wp-json\/wp\/v2\/categories?post=63177"},{"taxonomy":"post_tag","embeddable":true,"href":"https:\/\/eldigitaldeasturias.com\/magazine365\/wp-json\/wp\/v2\/tags?post=63177"}],"curies":[{"name":"wp","href":"https:\/\/api.w.org\/{rel}","templated":true}]}}