{"id":63174,"date":"2016-02-06T11:07:29","date_gmt":"2016-02-06T10:07:29","guid":{"rendered":"http:\/\/eldigitaldeasturias.com\/magazine365\/?p=63174"},"modified":"2016-02-06T11:07:29","modified_gmt":"2016-02-06T10:07:29","slug":"puigdemont-sobre-bcnworld-ni-mucho-menos-es-un-proyecto-muerto-esta-vivo","status":"publish","type":"post","link":"https:\/\/eldigitaldeasturias.com\/magazine365\/puigdemont-sobre-bcnworld-ni-mucho-menos-es-un-proyecto-muerto-esta-vivo\/","title":{"rendered":"Puigdemont sobre BCNWorld: \u00abNi mucho menos es un proyecto muerto. Est\u00e1 vivo\u00bb"},"content":{"rendered":"<p><img fetchpriority=\"high\" decoding=\"async\" class=\"alignleft size-medium wp-image-63175\" src=\"https:\/\/eldigitaldeasturias.com\/magazine365\/wp-content\/uploads\/2016\/02\/fotonoticia_20160203123358_800-360x240.jpg\" alt=\"fotonoticia_20160203123358_800\" width=\"360\" height=\"240\" srcset=\"https:\/\/eldigitaldeasturias.com\/magazine365\/wp-content\/uploads\/2016\/02\/fotonoticia_20160203123358_800-360x240.jpg 360w, https:\/\/eldigitaldeasturias.com\/magazine365\/wp-content\/uploads\/2016\/02\/fotonoticia_20160203123358_800-650x433.jpg 650w, https:\/\/eldigitaldeasturias.com\/magazine365\/wp-content\/uploads\/2016\/02\/fotonoticia_20160203123358_800-768x512.jpg 768w, https:\/\/eldigitaldeasturias.com\/magazine365\/wp-content\/uploads\/2016\/02\/fotonoticia_20160203123358_800-150x100.jpg 150w, https:\/\/eldigitaldeasturias.com\/magazine365\/wp-content\/uploads\/2016\/02\/fotonoticia_20160203123358_800-450x300.jpg 450w, https:\/\/eldigitaldeasturias.com\/magazine365\/wp-content\/uploads\/2016\/02\/fotonoticia_20160203123358_800-696x464.jpg 696w, https:\/\/eldigitaldeasturias.com\/magazine365\/wp-content\/uploads\/2016\/02\/fotonoticia_20160203123358_800-630x420.jpg 630w, https:\/\/eldigitaldeasturias.com\/magazine365\/wp-content\/uploads\/2016\/02\/fotonoticia_20160203123358_800-101x66.jpg 101w, https:\/\/eldigitaldeasturias.com\/magazine365\/wp-content\/uploads\/2016\/02\/fotonoticia_20160203123358_800.jpg 800w\" sizes=\"(max-width: 360px) 100vw, 360px\" \/>El presidente de la Generalitat, Carles Puigdemont, ha defendido este mi\u00e9rcoles la construcci\u00f3n del Centro Recreativo Tur\u00edstico (CRT) de Vila-seca y Salou (Tarragona), donde se ubicar\u00e1 el complejo de ocio BCN World: \u00abNi mucho menos es un proyecto muerto. Est\u00e1 vivo\u00bb.<\/p>\n<p>Preguntado por Miquel Iceta (PSC) en el Parlament en la primera sesi\u00f3n de control al Govern, Puigdemont ha manifestado su \u00abdefensa n\u00edtida\u00bb de un proyecto que apoya la mayor\u00eda de agentes del territorio, ha dicho.<\/p>\n<p>\u00abPero usted conoce bien las condiciones con las que hemos iniciado la legislatura\u00bb, ha respondido a Iceta en relaci\u00f3n al pacto entre JxS\u00ed y la CUP, que es contraria al proyecto.<\/p>\n<p>Pese a eso, Puigdemont ha avanzado que \u00abya ha habido reuniones muy profundas sobre el asunto y la semana que viene habr\u00e1 una muy relevante\u00bb, aunque no ha ofrecido m\u00e1s detalles.<\/p>\n<p>\u00abEscuchamos al territorio y no podemos despachar el tema de cualquier manera\u00bb, por lo que los trabajos de la comisi\u00f3n mixta para analizar el proyecto son muy necesarios.<\/p>\n<p>Ha defendido que la iniciativa es muy buena para la zona de Tarragona y para el impulso de la econom\u00eda: \u00abEstamos cogiendo el proyecto por su fase de maduraci\u00f3n para que los inversores puedan tener una respuesta clara y precisa en los pr\u00f3ximos tiempos\u00bb.<\/p>\n<p>MIQUEL ICETA (PSC)<\/p>\n<p>Iceta ha coincidido en la necesidad de desplegar el proyecto, que va acompa\u00f1ado de la construcci\u00f3n de unas 2.500 viviendas y la creaci\u00f3n de unas 15.000 plazas hoteleras y unos 7.000 empleos.<\/p>\n<p>\u00abEs muy reclamado por el territorio y muy importante para el futuro de las comarcas de Tarragona\u00bb, ha dicho Iceta, y ha asegurado que, como en la anterior legislatura, el Govern puede contar con el PSC para todo lo que conlleve impulsar la econom\u00eda y la industria.<\/p>\n","protected":false},"excerpt":{"rendered":"<p>El presidente de la Generalitat, Carles Puigdemont, ha defendido este mi\u00e9rcoles la construcci\u00f3n del Centro Recreativo Tur\u00edstico (CRT) de Vila-seca y Salou (Tarragona), donde se ubicar\u00e1 el complejo de ocio BCN World: \u00abNi mucho menos es un proyecto muerto. Est\u00e1 vivo\u00bb. Preguntado por Miquel Iceta (PSC) en el Parlament en la primera sesi\u00f3n de control<\/p>\n","protected":false},"author":1,"featured_media":63175,"comment_status":"open","ping_status":"closed","sticky":false,"template":"","format":"standard","meta":{"footnotes":""},"categories":[224],"tags":[],"class_list":{"0":"post-63174","1":"post","2":"type-post","3":"status-publish","4":"format-standard","5":"has-post-thumbnail","7":"category-noticias-actualidad"},"aioseo_notices":[],"aioseo_head":"\n\t\t<!-- All in One SEO Pro 4.9.6.1 - aioseo.com -->\n\t<meta name=\"description\" content=\"El presidente de la Generalitat, Carles Puigdemont, ha defendido este mi\u00e9rcoles la construcci\u00f3n del Centro Recreativo Tur\u00edstico (CRT) de Vila-seca y Salou (Tarragona), donde se ubicar\u00e1 el complejo de ocio BCN World: &quot;Ni mucho menos es un proyecto muerto. Est\u00e1 vivo&quot;. Preguntado por Miquel Iceta (PSC) en el Parlament en la primera sesi\u00f3n de control\" \/>\n\t<meta name=\"robots\" content=\"max-image-preview:large\" \/>\n\t<meta name=\"author\" content=\"admin\"\/>\n\t<meta name=\"google-site-verification\" content=\"UA-38556648-1\" \/>\n\t<meta name=\"keywords\" content=\"noticias y actualidad\" \/>\n\t<link rel=\"canonical\" href=\"https:\/\/eldigitaldeasturias.com\/magazine365\/puigdemont-sobre-bcnworld-ni-mucho-menos-es-un-proyecto-muerto-esta-vivo\/\" \/>\n\t<meta name=\"generator\" content=\"All in One SEO Pro (AIOSEO) 4.9.6.1\" \/>\n\t\t<meta property=\"og:locale\" content=\"es_ES\" \/>\n\t\t<meta property=\"og:site_name\" content=\"El Digital de Asturias \u2013 Revista de ocio, turismo y estilo de vida\" \/>\n\t\t<meta property=\"og:type\" content=\"article\" \/>\n\t\t<meta property=\"og:title\" content=\"Puigdemont sobre BCNWorld: \u00abNi mucho menos es un proyecto muerto. Est\u00e1 vivo\u00bb | El Digital de Asturias\" \/>\n\t\t<meta property=\"og:description\" content=\"El presidente de la Generalitat, Carles Puigdemont, ha defendido este mi\u00e9rcoles la construcci\u00f3n del Centro Recreativo Tur\u00edstico (CRT) de Vila-seca y Salou (Tarragona), donde se ubicar\u00e1 el complejo de ocio BCN World: &quot;Ni mucho menos es un proyecto muerto. Est\u00e1 vivo&quot;. Preguntado por Miquel Iceta (PSC) en el Parlament en la primera sesi\u00f3n de control\" \/>\n\t\t<meta property=\"og:url\" content=\"https:\/\/eldigitaldeasturias.com\/magazine365\/puigdemont-sobre-bcnworld-ni-mucho-menos-es-un-proyecto-muerto-esta-vivo\/\" \/>\n\t\t<meta property=\"og:image\" content=\"https:\/\/eldigitaldeasturias.com\/magazine365\/wp-content\/uploads\/2016\/02\/fotonoticia_20160203123358_800.jpg\" \/>\n\t\t<meta property=\"og:image:secure_url\" content=\"https:\/\/eldigitaldeasturias.com\/magazine365\/wp-content\/uploads\/2016\/02\/fotonoticia_20160203123358_800.jpg\" \/>\n\t\t<meta property=\"og:image:width\" content=\"800\" \/>\n\t\t<meta property=\"og:image:height\" content=\"533\" \/>\n\t\t<meta property=\"article:published_time\" content=\"2016-02-06T10:07:29+00:00\" \/>\n\t\t<meta property=\"article:modified_time\" content=\"2016-02-06T10:07:29+00:00\" \/>\n\t\t<meta name=\"twitter:card\" content=\"summary_large_image\" \/>\n\t\t<meta name=\"twitter:title\" content=\"Puigdemont sobre BCNWorld: \u00abNi mucho menos es un proyecto muerto. Est\u00e1 vivo\u00bb | El Digital de Asturias\" \/>\n\t\t<meta name=\"twitter:description\" content=\"El presidente de la Generalitat, Carles Puigdemont, ha defendido este mi\u00e9rcoles la construcci\u00f3n del Centro Recreativo Tur\u00edstico (CRT) de Vila-seca y Salou (Tarragona), donde se ubicar\u00e1 el complejo de ocio BCN World: &quot;Ni mucho menos es un proyecto muerto. Est\u00e1 vivo&quot;. Preguntado por Miquel Iceta (PSC) en el Parlament en la primera sesi\u00f3n de control\" \/>\n\t\t<meta name=\"twitter:image\" content=\"https:\/\/eldigitaldeasturias.com\/magazine365\/wp-content\/uploads\/2016\/02\/fotonoticia_20160203123358_800.jpg\" \/>\n\t\t<script type=\"application\/ld+json\" class=\"aioseo-schema\">\n\t\t\t{\"@context\":\"https:\\\/\\\/schema.org\",\"@graph\":[{\"@type\":\"Article\",\"@id\":\"https:\\\/\\\/eldigitaldeasturias.com\\\/magazine365\\\/puigdemont-sobre-bcnworld-ni-mucho-menos-es-un-proyecto-muerto-esta-vivo\\\/#article\",\"name\":\"Puigdemont sobre BCNWorld: \\u00abNi mucho menos es un proyecto muerto. Est\\u00e1 vivo\\u00bb | El Digital de Asturias\",\"headline\":\"Puigdemont sobre BCNWorld: \\u00abNi mucho menos es un proyecto muerto. Est\\u00e1 vivo\\u00bb\",\"author\":{\"@id\":\"https:\\\/\\\/eldigitaldeasturias.com\\\/magazine365\\\/author\\\/admin\\\/#author\"},\"publisher\":{\"@id\":\"https:\\\/\\\/eldigitaldeasturias.com\\\/magazine365\\\/#organization\"},\"image\":{\"@type\":\"ImageObject\",\"url\":\"https:\\\/\\\/eldigitaldeasturias.com\\\/magazine365\\\/wp-content\\\/uploads\\\/2016\\\/02\\\/fotonoticia_20160203123358_800.jpg\",\"width\":800,\"height\":533},\"datePublished\":\"2016-02-06T11:07:29+01:00\",\"dateModified\":\"2016-02-06T11:07:29+01:00\",\"inLanguage\":\"es-ES\",\"mainEntityOfPage\":{\"@id\":\"https:\\\/\\\/eldigitaldeasturias.com\\\/magazine365\\\/puigdemont-sobre-bcnworld-ni-mucho-menos-es-un-proyecto-muerto-esta-vivo\\\/#webpage\"},\"isPartOf\":{\"@id\":\"https:\\\/\\\/eldigitaldeasturias.com\\\/magazine365\\\/puigdemont-sobre-bcnworld-ni-mucho-menos-es-un-proyecto-muerto-esta-vivo\\\/#webpage\"},\"articleSection\":\"Noticias y Actualidad\"},{\"@type\":\"BreadcrumbList\",\"@id\":\"https:\\\/\\\/eldigitaldeasturias.com\\\/magazine365\\\/puigdemont-sobre-bcnworld-ni-mucho-menos-es-un-proyecto-muerto-esta-vivo\\\/#breadcrumblist\",\"itemListElement\":[{\"@type\":\"ListItem\",\"@id\":\"https:\\\/\\\/eldigitaldeasturias.com\\\/magazine365#listItem\",\"position\":1,\"name\":\"Home\",\"item\":\"https:\\\/\\\/eldigitaldeasturias.com\\\/magazine365\",\"nextItem\":{\"@type\":\"ListItem\",\"@id\":\"https:\\\/\\\/eldigitaldeasturias.com\\\/magazine365\\\/category\\\/noticias-actualidad\\\/#listItem\",\"name\":\"Noticias y Actualidad\"}},{\"@type\":\"ListItem\",\"@id\":\"https:\\\/\\\/eldigitaldeasturias.com\\\/magazine365\\\/category\\\/noticias-actualidad\\\/#listItem\",\"position\":2,\"name\":\"Noticias y Actualidad\",\"item\":\"https:\\\/\\\/eldigitaldeasturias.com\\\/magazine365\\\/category\\\/noticias-actualidad\\\/\",\"nextItem\":{\"@type\":\"ListItem\",\"@id\":\"https:\\\/\\\/eldigitaldeasturias.com\\\/magazine365\\\/puigdemont-sobre-bcnworld-ni-mucho-menos-es-un-proyecto-muerto-esta-vivo\\\/#listItem\",\"name\":\"Puigdemont sobre BCNWorld: \\u00abNi mucho menos es un proyecto muerto. Est\\u00e1 vivo\\u00bb\"},\"previousItem\":{\"@type\":\"ListItem\",\"@id\":\"https:\\\/\\\/eldigitaldeasturias.com\\\/magazine365#listItem\",\"name\":\"Home\"}},{\"@type\":\"ListItem\",\"@id\":\"https:\\\/\\\/eldigitaldeasturias.com\\\/magazine365\\\/puigdemont-sobre-bcnworld-ni-mucho-menos-es-un-proyecto-muerto-esta-vivo\\\/#listItem\",\"position\":3,\"name\":\"Puigdemont sobre BCNWorld: \\u00abNi mucho menos es un proyecto muerto. Est\\u00e1 vivo\\u00bb\",\"previousItem\":{\"@type\":\"ListItem\",\"@id\":\"https:\\\/\\\/eldigitaldeasturias.com\\\/magazine365\\\/category\\\/noticias-actualidad\\\/#listItem\",\"name\":\"Noticias y Actualidad\"}}]},{\"@type\":\"Organization\",\"@id\":\"https:\\\/\\\/eldigitaldeasturias.com\\\/magazine365\\\/#organization\",\"name\":\"El digital de Asturias\",\"description\":\"Revista de ocio, turismo y estilo de vida\",\"url\":\"https:\\\/\\\/eldigitaldeasturias.com\\\/magazine365\\\/\",\"logo\":{\"@type\":\"ImageObject\",\"url\":\"https:\\\/\\\/www.eldigitaldeasturias.com\\\/noticias\\\/wp-content\\\/uploads\\\/2020\\\/12\\\/EDA.jpg\",\"@id\":\"https:\\\/\\\/eldigitaldeasturias.com\\\/magazine365\\\/puigdemont-sobre-bcnworld-ni-mucho-menos-es-un-proyecto-muerto-esta-vivo\\\/#organizationLogo\"},\"image\":{\"@id\":\"https:\\\/\\\/eldigitaldeasturias.com\\\/magazine365\\\/puigdemont-sobre-bcnworld-ni-mucho-menos-es-un-proyecto-muerto-esta-vivo\\\/#organizationLogo\"}},{\"@type\":\"Person\",\"@id\":\"https:\\\/\\\/eldigitaldeasturias.com\\\/magazine365\\\/author\\\/admin\\\/#author\",\"url\":\"https:\\\/\\\/eldigitaldeasturias.com\\\/magazine365\\\/author\\\/admin\\\/\",\"name\":\"admin\",\"image\":{\"@type\":\"ImageObject\",\"@id\":\"https:\\\/\\\/eldigitaldeasturias.com\\\/magazine365\\\/puigdemont-sobre-bcnworld-ni-mucho-menos-es-un-proyecto-muerto-esta-vivo\\\/#authorImage\",\"url\":\"https:\\\/\\\/eldigitaldeasturias.com\\\/magazine365\\\/wp-content\\\/litespeed\\\/avatar\\\/e571bcf59a0edd6fa6838245a470f2fe.jpg?ver=1776969259\",\"width\":96,\"height\":96,\"caption\":\"admin\"}},{\"@type\":\"WebPage\",\"@id\":\"https:\\\/\\\/eldigitaldeasturias.com\\\/magazine365\\\/puigdemont-sobre-bcnworld-ni-mucho-menos-es-un-proyecto-muerto-esta-vivo\\\/#webpage\",\"url\":\"https:\\\/\\\/eldigitaldeasturias.com\\\/magazine365\\\/puigdemont-sobre-bcnworld-ni-mucho-menos-es-un-proyecto-muerto-esta-vivo\\\/\",\"name\":\"Puigdemont sobre BCNWorld: \\u00abNi mucho menos es un proyecto muerto. Est\\u00e1 vivo\\u00bb | El Digital de Asturias\",\"description\":\"El presidente de la Generalitat, Carles Puigdemont, ha defendido este mi\\u00e9rcoles la construcci\\u00f3n del Centro Recreativo Tur\\u00edstico (CRT) de Vila-seca y Salou (Tarragona), donde se ubicar\\u00e1 el complejo de ocio BCN World: \\\"Ni mucho menos es un proyecto muerto. Est\\u00e1 vivo\\\". Preguntado por Miquel Iceta (PSC) en el Parlament en la primera sesi\\u00f3n de control\",\"inLanguage\":\"es-ES\",\"isPartOf\":{\"@id\":\"https:\\\/\\\/eldigitaldeasturias.com\\\/magazine365\\\/#website\"},\"breadcrumb\":{\"@id\":\"https:\\\/\\\/eldigitaldeasturias.com\\\/magazine365\\\/puigdemont-sobre-bcnworld-ni-mucho-menos-es-un-proyecto-muerto-esta-vivo\\\/#breadcrumblist\"},\"author\":{\"@id\":\"https:\\\/\\\/eldigitaldeasturias.com\\\/magazine365\\\/author\\\/admin\\\/#author\"},\"creator\":{\"@id\":\"https:\\\/\\\/eldigitaldeasturias.com\\\/magazine365\\\/author\\\/admin\\\/#author\"},\"image\":{\"@type\":\"ImageObject\",\"url\":\"https:\\\/\\\/eldigitaldeasturias.com\\\/magazine365\\\/wp-content\\\/uploads\\\/2016\\\/02\\\/fotonoticia_20160203123358_800.jpg\",\"@id\":\"https:\\\/\\\/eldigitaldeasturias.com\\\/magazine365\\\/puigdemont-sobre-bcnworld-ni-mucho-menos-es-un-proyecto-muerto-esta-vivo\\\/#mainImage\",\"width\":800,\"height\":533},\"primaryImageOfPage\":{\"@id\":\"https:\\\/\\\/eldigitaldeasturias.com\\\/magazine365\\\/puigdemont-sobre-bcnworld-ni-mucho-menos-es-un-proyecto-muerto-esta-vivo\\\/#mainImage\"},\"datePublished\":\"2016-02-06T11:07:29+01:00\",\"dateModified\":\"2016-02-06T11:07:29+01:00\"},{\"@type\":\"WebSite\",\"@id\":\"https:\\\/\\\/eldigitaldeasturias.com\\\/magazine365\\\/#website\",\"url\":\"https:\\\/\\\/eldigitaldeasturias.com\\\/magazine365\\\/\",\"name\":\"El Digital de Asturias\",\"description\":\"Revista de ocio, turismo y estilo de vida\",\"inLanguage\":\"es-ES\",\"publisher\":{\"@id\":\"https:\\\/\\\/eldigitaldeasturias.com\\\/magazine365\\\/#organization\"}}]}\n\t\t<\/script>\n\t\t<!-- All in One SEO Pro -->\r\n\t\t<title>Puigdemont sobre BCNWorld: \u00abNi mucho menos es un proyecto muerto. Est\u00e1 vivo\u00bb | El Digital de Asturias<\/title>\n\n","aioseo_head_json":{"title":"Puigdemont sobre BCNWorld: \u00abNi mucho menos es un proyecto muerto. Est\u00e1 vivo\u00bb | El Digital de Asturias","description":"El presidente de la Generalitat, Carles Puigdemont, ha defendido este mi\u00e9rcoles la construcci\u00f3n del Centro Recreativo Tur\u00edstico (CRT) de Vila-seca y Salou (Tarragona), donde se ubicar\u00e1 el complejo de ocio BCN World: \"Ni mucho menos es un proyecto muerto. Est\u00e1 vivo\". Preguntado por Miquel Iceta (PSC) en el Parlament en la primera sesi\u00f3n de control","canonical_url":"https:\/\/eldigitaldeasturias.com\/magazine365\/puigdemont-sobre-bcnworld-ni-mucho-menos-es-un-proyecto-muerto-esta-vivo\/","robots":"max-image-preview:large","keywords":"noticias y actualidad","webmasterTools":{"google-site-verification":"UA-38556648-1","miscellaneous":""},"schema":{"@context":"https:\/\/schema.org","@graph":[{"@type":"Article","@id":"https:\/\/eldigitaldeasturias.com\/magazine365\/puigdemont-sobre-bcnworld-ni-mucho-menos-es-un-proyecto-muerto-esta-vivo\/#article","name":"Puigdemont sobre BCNWorld: \u00abNi mucho menos es un proyecto muerto. Est\u00e1 vivo\u00bb | El Digital de Asturias","headline":"Puigdemont sobre BCNWorld: \u00abNi mucho menos es un proyecto muerto. Est\u00e1 vivo\u00bb","author":{"@id":"https:\/\/eldigitaldeasturias.com\/magazine365\/author\/admin\/#author"},"publisher":{"@id":"https:\/\/eldigitaldeasturias.com\/magazine365\/#organization"},"image":{"@type":"ImageObject","url":"https:\/\/eldigitaldeasturias.com\/magazine365\/wp-content\/uploads\/2016\/02\/fotonoticia_20160203123358_800.jpg","width":800,"height":533},"datePublished":"2016-02-06T11:07:29+01:00","dateModified":"2016-02-06T11:07:29+01:00","inLanguage":"es-ES","mainEntityOfPage":{"@id":"https:\/\/eldigitaldeasturias.com\/magazine365\/puigdemont-sobre-bcnworld-ni-mucho-menos-es-un-proyecto-muerto-esta-vivo\/#webpage"},"isPartOf":{"@id":"https:\/\/eldigitaldeasturias.com\/magazine365\/puigdemont-sobre-bcnworld-ni-mucho-menos-es-un-proyecto-muerto-esta-vivo\/#webpage"},"articleSection":"Noticias y Actualidad"},{"@type":"BreadcrumbList","@id":"https:\/\/eldigitaldeasturias.com\/magazine365\/puigdemont-sobre-bcnworld-ni-mucho-menos-es-un-proyecto-muerto-esta-vivo\/#breadcrumblist","itemListElement":[{"@type":"ListItem","@id":"https:\/\/eldigitaldeasturias.com\/magazine365#listItem","position":1,"name":"Home","item":"https:\/\/eldigitaldeasturias.com\/magazine365","nextItem":{"@type":"ListItem","@id":"https:\/\/eldigitaldeasturias.com\/magazine365\/category\/noticias-actualidad\/#listItem","name":"Noticias y Actualidad"}},{"@type":"ListItem","@id":"https:\/\/eldigitaldeasturias.com\/magazine365\/category\/noticias-actualidad\/#listItem","position":2,"name":"Noticias y Actualidad","item":"https:\/\/eldigitaldeasturias.com\/magazine365\/category\/noticias-actualidad\/","nextItem":{"@type":"ListItem","@id":"https:\/\/eldigitaldeasturias.com\/magazine365\/puigdemont-sobre-bcnworld-ni-mucho-menos-es-un-proyecto-muerto-esta-vivo\/#listItem","name":"Puigdemont sobre BCNWorld: \u00abNi mucho menos es un proyecto muerto. Est\u00e1 vivo\u00bb"},"previousItem":{"@type":"ListItem","@id":"https:\/\/eldigitaldeasturias.com\/magazine365#listItem","name":"Home"}},{"@type":"ListItem","@id":"https:\/\/eldigitaldeasturias.com\/magazine365\/puigdemont-sobre-bcnworld-ni-mucho-menos-es-un-proyecto-muerto-esta-vivo\/#listItem","position":3,"name":"Puigdemont sobre BCNWorld: \u00abNi mucho menos es un proyecto muerto. Est\u00e1 vivo\u00bb","previousItem":{"@type":"ListItem","@id":"https:\/\/eldigitaldeasturias.com\/magazine365\/category\/noticias-actualidad\/#listItem","name":"Noticias y Actualidad"}}]},{"@type":"Organization","@id":"https:\/\/eldigitaldeasturias.com\/magazine365\/#organization","name":"El digital de Asturias","description":"Revista de ocio, turismo y estilo de vida","url":"https:\/\/eldigitaldeasturias.com\/magazine365\/","logo":{"@type":"ImageObject","url":"https:\/\/www.eldigitaldeasturias.com\/noticias\/wp-content\/uploads\/2020\/12\/EDA.jpg","@id":"https:\/\/eldigitaldeasturias.com\/magazine365\/puigdemont-sobre-bcnworld-ni-mucho-menos-es-un-proyecto-muerto-esta-vivo\/#organizationLogo"},"image":{"@id":"https:\/\/eldigitaldeasturias.com\/magazine365\/puigdemont-sobre-bcnworld-ni-mucho-menos-es-un-proyecto-muerto-esta-vivo\/#organizationLogo"}},{"@type":"Person","@id":"https:\/\/eldigitaldeasturias.com\/magazine365\/author\/admin\/#author","url":"https:\/\/eldigitaldeasturias.com\/magazine365\/author\/admin\/","name":"admin","image":{"@type":"ImageObject","@id":"https:\/\/eldigitaldeasturias.com\/magazine365\/puigdemont-sobre-bcnworld-ni-mucho-menos-es-un-proyecto-muerto-esta-vivo\/#authorImage","url":"https:\/\/eldigitaldeasturias.com\/magazine365\/wp-content\/litespeed\/avatar\/e571bcf59a0edd6fa6838245a470f2fe.jpg?ver=1776969259","width":96,"height":96,"caption":"admin"}},{"@type":"WebPage","@id":"https:\/\/eldigitaldeasturias.com\/magazine365\/puigdemont-sobre-bcnworld-ni-mucho-menos-es-un-proyecto-muerto-esta-vivo\/#webpage","url":"https:\/\/eldigitaldeasturias.com\/magazine365\/puigdemont-sobre-bcnworld-ni-mucho-menos-es-un-proyecto-muerto-esta-vivo\/","name":"Puigdemont sobre BCNWorld: \u00abNi mucho menos es un proyecto muerto. Est\u00e1 vivo\u00bb | El Digital de Asturias","description":"El presidente de la Generalitat, Carles Puigdemont, ha defendido este mi\u00e9rcoles la construcci\u00f3n del Centro Recreativo Tur\u00edstico (CRT) de Vila-seca y Salou (Tarragona), donde se ubicar\u00e1 el complejo de ocio BCN World: \"Ni mucho menos es un proyecto muerto. Est\u00e1 vivo\". Preguntado por Miquel Iceta (PSC) en el Parlament en la primera sesi\u00f3n de control","inLanguage":"es-ES","isPartOf":{"@id":"https:\/\/eldigitaldeasturias.com\/magazine365\/#website"},"breadcrumb":{"@id":"https:\/\/eldigitaldeasturias.com\/magazine365\/puigdemont-sobre-bcnworld-ni-mucho-menos-es-un-proyecto-muerto-esta-vivo\/#breadcrumblist"},"author":{"@id":"https:\/\/eldigitaldeasturias.com\/magazine365\/author\/admin\/#author"},"creator":{"@id":"https:\/\/eldigitaldeasturias.com\/magazine365\/author\/admin\/#author"},"image":{"@type":"ImageObject","url":"https:\/\/eldigitaldeasturias.com\/magazine365\/wp-content\/uploads\/2016\/02\/fotonoticia_20160203123358_800.jpg","@id":"https:\/\/eldigitaldeasturias.com\/magazine365\/puigdemont-sobre-bcnworld-ni-mucho-menos-es-un-proyecto-muerto-esta-vivo\/#mainImage","width":800,"height":533},"primaryImageOfPage":{"@id":"https:\/\/eldigitaldeasturias.com\/magazine365\/puigdemont-sobre-bcnworld-ni-mucho-menos-es-un-proyecto-muerto-esta-vivo\/#mainImage"},"datePublished":"2016-02-06T11:07:29+01:00","dateModified":"2016-02-06T11:07:29+01:00"},{"@type":"WebSite","@id":"https:\/\/eldigitaldeasturias.com\/magazine365\/#website","url":"https:\/\/eldigitaldeasturias.com\/magazine365\/","name":"El Digital de Asturias","description":"Revista de ocio, turismo y estilo de vida","inLanguage":"es-ES","publisher":{"@id":"https:\/\/eldigitaldeasturias.com\/magazine365\/#organization"}}]},"og:locale":"es_ES","og:site_name":"El Digital de Asturias \u2013 Revista de ocio, turismo y estilo de vida","og:type":"article","og:title":"Puigdemont sobre BCNWorld: \u00abNi mucho menos es un proyecto muerto. Est\u00e1 vivo\u00bb | El Digital de Asturias","og:description":"El presidente de la Generalitat, Carles Puigdemont, ha defendido este mi\u00e9rcoles la construcci\u00f3n del Centro Recreativo Tur\u00edstico (CRT) de Vila-seca y Salou (Tarragona), donde se ubicar\u00e1 el complejo de ocio BCN World: &quot;Ni mucho menos es un proyecto muerto. Est\u00e1 vivo&quot;. Preguntado por Miquel Iceta (PSC) en el Parlament en la primera sesi\u00f3n de control","og:url":"https:\/\/eldigitaldeasturias.com\/magazine365\/puigdemont-sobre-bcnworld-ni-mucho-menos-es-un-proyecto-muerto-esta-vivo\/","og:image":"https:\/\/eldigitaldeasturias.com\/magazine365\/wp-content\/uploads\/2016\/02\/fotonoticia_20160203123358_800.jpg","og:image:secure_url":"https:\/\/eldigitaldeasturias.com\/magazine365\/wp-content\/uploads\/2016\/02\/fotonoticia_20160203123358_800.jpg","og:image:width":800,"og:image:height":533,"article:published_time":"2016-02-06T10:07:29+00:00","article:modified_time":"2016-02-06T10:07:29+00:00","twitter:card":"summary_large_image","twitter:title":"Puigdemont sobre BCNWorld: \u00abNi mucho menos es un proyecto muerto. Est\u00e1 vivo\u00bb | El Digital de Asturias","twitter:description":"El presidente de la Generalitat, Carles Puigdemont, ha defendido este mi\u00e9rcoles la construcci\u00f3n del Centro Recreativo Tur\u00edstico (CRT) de Vila-seca y Salou (Tarragona), donde se ubicar\u00e1 el complejo de ocio BCN World: &quot;Ni mucho menos es un proyecto muerto. Est\u00e1 vivo&quot;. Preguntado por Miquel Iceta (PSC) en el Parlament en la primera sesi\u00f3n de control","twitter:image":"https:\/\/eldigitaldeasturias.com\/magazine365\/wp-content\/uploads\/2016\/02\/fotonoticia_20160203123358_800.jpg"},"aioseo_meta_data":{"post_id":"63174","title":null,"description":null,"keywords":null,"keyphrases":null,"primary_term":null,"canonical_url":null,"og_title":null,"og_description":null,"og_object_type":"default","og_image_type":"default","og_image_url":null,"og_image_width":null,"og_image_height":null,"og_image_custom_url":null,"og_image_custom_fields":null,"og_video":null,"og_custom_url":null,"og_article_section":null,"og_article_tags":null,"twitter_use_og":false,"twitter_card":"default","twitter_image_type":"default","twitter_image_url":null,"twitter_image_custom_url":null,"twitter_image_custom_fields":null,"twitter_title":null,"twitter_description":null,"schema":{"blockGraphs":[],"customGraphs":[],"default":{"data":{"Article":[],"Course":[],"Dataset":[],"FAQPage":[],"Movie":[],"Person":[],"Product":[],"ProductReview":[],"Car":[],"Recipe":[],"Service":[],"SoftwareApplication":[],"WebPage":[]},"graphName":"","isEnabled":true},"graphs":[],"defaultGraph":"","defaultPostTypeGraph":""},"schema_type":null,"schema_type_options":null,"pillar_content":false,"robots_default":true,"robots_noindex":false,"robots_noarchive":false,"robots_nosnippet":false,"robots_nofollow":false,"robots_noimageindex":false,"robots_noodp":false,"robots_notranslate":false,"robots_max_snippet":null,"robots_max_videopreview":null,"robots_max_imagepreview":"large","priority":null,"frequency":null,"location":null,"local_seo":null,"seo_analyzer_scan_date":"2025-09-25 12:39:14","breadcrumb_settings":null,"limit_modified_date":false,"open_ai":null,"ai":null,"created":"2021-03-08 21:27:05","updated":"2025-09-25 12:39:14"},"aioseo_breadcrumb":"<div class=\"aioseo-breadcrumbs\"><span class=\"aioseo-breadcrumb\">\n\t<a href=\"https:\/\/eldigitaldeasturias.com\/magazine365\" title=\"Home\">Home<\/a>\n<\/span><span class=\"aioseo-breadcrumb-separator\">\u2013<\/span><span class=\"aioseo-breadcrumb\">\n\t<a href=\"https:\/\/eldigitaldeasturias.com\/magazine365\/category\/noticias-actualidad\/\" title=\"Noticias y Actualidad\">Noticias y Actualidad<\/a>\n<\/span><span class=\"aioseo-breadcrumb-separator\">\u2013<\/span><span class=\"aioseo-breadcrumb\">\n\t<a href=\"https:\/\/eldigitaldeasturias.com\/magazine365\/puigdemont-sobre-bcnworld-ni-mucho-menos-es-un-proyecto-muerto-esta-vivo\/\" title=\"Puigdemont sobre BCNWorld: \u00abNi mucho menos es un proyecto muerto. Est\u00e1 vivo\u00bb\">Puigdemont sobre BCNWorld: \u00abNi mucho menos es un proyecto muerto. Est\u00e1 vivo\u00bb<\/a>\n<\/span><\/div>","aioseo_breadcrumb_json":[{"label":"Home","link":"https:\/\/eldigitaldeasturias.com\/magazine365"},{"label":"Noticias y Actualidad","link":"https:\/\/eldigitaldeasturias.com\/magazine365\/category\/noticias-actualidad\/"},{"label":"Puigdemont sobre BCNWorld: \u00abNi mucho menos es un proyecto muerto. Est\u00e1 vivo\u00bb","link":"https:\/\/eldigitaldeasturias.com\/magazine365\/puigdemont-sobre-bcnworld-ni-mucho-menos-es-un-proyecto-muerto-esta-vivo\/"}],"_links":{"self":[{"href":"https:\/\/eldigitaldeasturias.com\/magazine365\/wp-json\/wp\/v2\/posts\/63174","targetHints":{"allow":["GET"]}}],"collection":[{"href":"https:\/\/eldigitaldeasturias.com\/magazine365\/wp-json\/wp\/v2\/posts"}],"about":[{"href":"https:\/\/eldigitaldeasturias.com\/magazine365\/wp-json\/wp\/v2\/types\/post"}],"author":[{"embeddable":true,"href":"https:\/\/eldigitaldeasturias.com\/magazine365\/wp-json\/wp\/v2\/users\/1"}],"replies":[{"embeddable":true,"href":"https:\/\/eldigitaldeasturias.com\/magazine365\/wp-json\/wp\/v2\/comments?post=63174"}],"version-history":[{"count":0,"href":"https:\/\/eldigitaldeasturias.com\/magazine365\/wp-json\/wp\/v2\/posts\/63174\/revisions"}],"wp:featuredmedia":[{"embeddable":true,"href":"https:\/\/eldigitaldeasturias.com\/magazine365\/wp-json\/wp\/v2\/media\/63175"}],"wp:attachment":[{"href":"https:\/\/eldigitaldeasturias.com\/magazine365\/wp-json\/wp\/v2\/media?parent=63174"}],"wp:term":[{"taxonomy":"category","embeddable":true,"href":"https:\/\/eldigitaldeasturias.com\/magazine365\/wp-json\/wp\/v2\/categories?post=63174"},{"taxonomy":"post_tag","embeddable":true,"href":"https:\/\/eldigitaldeasturias.com\/magazine365\/wp-json\/wp\/v2\/tags?post=63174"}],"curies":[{"name":"wp","href":"https:\/\/api.w.org\/{rel}","templated":true}]}}