{"id":63171,"date":"2016-02-06T11:05:26","date_gmt":"2016-02-06T10:05:26","guid":{"rendered":"http:\/\/eldigitaldeasturias.com\/magazine365\/?p=63171"},"modified":"2016-02-06T11:05:26","modified_gmt":"2016-02-06T10:05:26","slug":"easyjet-abre-base-en-el-aeropuerto-de-barcelona-donde-preve-crecer-un-7-este-ano","status":"publish","type":"post","link":"https:\/\/eldigitaldeasturias.com\/magazine365\/easyjet-abre-base-en-el-aeropuerto-de-barcelona-donde-preve-crecer-un-7-este-ano\/","title":{"rendered":"easyJet abre base en el Aeropuerto de Barcelona, donde prev\u00e9 crecer un 7% este a\u00f1o"},"content":{"rendered":"<p><img fetchpriority=\"high\" decoding=\"async\" class=\"alignleft size-medium wp-image-63172\" src=\"https:\/\/eldigitaldeasturias.com\/magazine365\/wp-content\/uploads\/2016\/02\/fotonoticia_20160203122930_800-360x212.jpg\" alt=\"fotonoticia_20160203122930_800\" width=\"360\" height=\"212\" srcset=\"https:\/\/eldigitaldeasturias.com\/magazine365\/wp-content\/uploads\/2016\/02\/fotonoticia_20160203122930_800-360x212.jpg 360w, https:\/\/eldigitaldeasturias.com\/magazine365\/wp-content\/uploads\/2016\/02\/fotonoticia_20160203122930_800-650x382.jpg 650w, https:\/\/eldigitaldeasturias.com\/magazine365\/wp-content\/uploads\/2016\/02\/fotonoticia_20160203122930_800-768x451.jpg 768w, https:\/\/eldigitaldeasturias.com\/magazine365\/wp-content\/uploads\/2016\/02\/fotonoticia_20160203122930_800-150x88.jpg 150w, https:\/\/eldigitaldeasturias.com\/magazine365\/wp-content\/uploads\/2016\/02\/fotonoticia_20160203122930_800-450x264.jpg 450w, https:\/\/eldigitaldeasturias.com\/magazine365\/wp-content\/uploads\/2016\/02\/fotonoticia_20160203122930_800-696x409.jpg 696w, https:\/\/eldigitaldeasturias.com\/magazine365\/wp-content\/uploads\/2016\/02\/fotonoticia_20160203122930_800-715x420.jpg 715w, https:\/\/eldigitaldeasturias.com\/magazine365\/wp-content\/uploads\/2016\/02\/fotonoticia_20160203122930_800-172x100.jpg 172w, https:\/\/eldigitaldeasturias.com\/magazine365\/wp-content\/uploads\/2016\/02\/fotonoticia_20160203122930_800.jpg 800w\" sizes=\"(max-width: 360px) 100vw, 360px\" \/>easyJet ha inaugurado este mi\u00e9rcoles su nueva base operativa en el Aeropuerto de Barcelona-El Prat, con la que la aerol\u00ednea prev\u00e9 ampliar la oferta y la frecuencia de vuelos e incrementar en un 7% el n\u00famero de pasajeros en la capital catalana este 2016.<\/p>\n<p>A partir de ahora, easyJet tendr\u00e1 tres aviones de la familia A320 basados en el Aeropuerto de El Prat, en la que ser\u00e1 su base n\u00famero 27 en Europa.<\/p>\n<p>easyJet espera crecer este a\u00f1o un 7% en El Prat, pasando de los 2,8 millones de pasajeros de 2015 a 3,1 millones de usuarios, gracias a la apertura de la nueva base y a la puesta en marcha de vuelos a N\u00e1poles y Burdeos.<\/p>\n<p>El acto de inauguraci\u00f3n de la base ha sido presidido por el director general de easyJet para Espa\u00f1a, Javier G\u00e1ndara; por el director de la Red de Aeropuertos de Aena, Fernando Echegaray, y por la directora del Aeropuerto de El Prat, Sonia Corrochano, y ha incluido la bienvenida con ca\u00f1ones de agua a uno de los A320 que estar\u00e1n basados en Barcelona, donde la aerol\u00ednea de bajo coste opera desde hace 20 a\u00f1os.<\/p>\n<p>G\u00e1ndara ha manifestado que la base \u00abpermite seguir desarrollando la presencia de easyJet en El Prat, mejorar la conectividad de Barcelona, abrir nuevas rutas y seguir consolidando la apuesta de la compa\u00f1\u00eda de conectar Catalu\u00f1a con el resto de Europa\u00bb.<\/p>\n<p>Seg\u00fan G\u00e1ndara, la apertura de la base ha implicado generar 120 puestos de trabajo, entre tripulantes de cabina y pilotos.<\/p>\n<p>M\u00c1S PASAJEROS DE NEGOCIOS<\/p>\n<p>Con los tres aviones basados en Barcelona, easyJet prev\u00e9 ampliar las frecuencias de los vuelos que tiene en El Prat para atraer a m\u00e1s pasajeros de negocios y poner en marcha nuevas rutas, como las que conectar\u00e1n con Burdeos y N\u00e1poles a partir de la temporada de verano.<\/p>\n<p>\u00abCuando abrimos una base, la idea es empezar con dos o tres aviones e irlos incrementando seg\u00fan como vaya todo, y Barcelona por supuesto que es un lugar donde querr\u00edamos seguir creciendo\u00bb, ha asegurado el director general de easyJet para Espa\u00f1a.<\/p>\n<p>Durante la inauguraci\u00f3n, el director de la Red de Aeropuertos de Aena, Fernando Echegaray, ha dicho que \u00abse trata de un d\u00eda importante porque con esta apertura se consolida una relaci\u00f3n de muchos a\u00f1os de easyJet con el Aeropuerto de Barcelona y que continuar\u00e1 por muchos a\u00f1os m\u00e1s\u00bb.<\/p>\n","protected":false},"excerpt":{"rendered":"<p>easyJet ha inaugurado este mi\u00e9rcoles su nueva base operativa en el Aeropuerto de Barcelona-El Prat, con la que la aerol\u00ednea prev\u00e9 ampliar la oferta y la frecuencia de vuelos e incrementar en un 7% el n\u00famero de pasajeros en la capital catalana este 2016. A partir de ahora, easyJet tendr\u00e1 tres aviones de la familia<\/p>\n","protected":false},"author":1,"featured_media":63172,"comment_status":"open","ping_status":"closed","sticky":false,"template":"","format":"standard","meta":{"footnotes":""},"categories":[224],"tags":[],"class_list":{"0":"post-63171","1":"post","2":"type-post","3":"status-publish","4":"format-standard","5":"has-post-thumbnail","7":"category-noticias-actualidad"},"aioseo_notices":[],"aioseo_head":"\n\t\t<!-- All in One SEO Pro 4.9.6.1 - aioseo.com -->\n\t<meta name=\"description\" content=\"easyJet ha inaugurado este mi\u00e9rcoles su nueva base operativa en el Aeropuerto de Barcelona-El Prat, con la que la aerol\u00ednea prev\u00e9 ampliar la oferta y la frecuencia de vuelos e incrementar en un 7% el n\u00famero de pasajeros en la capital catalana este 2016. A partir de ahora, easyJet tendr\u00e1 tres aviones de la familia\" \/>\n\t<meta name=\"robots\" content=\"max-image-preview:large\" \/>\n\t<meta name=\"author\" content=\"admin\"\/>\n\t<meta name=\"google-site-verification\" content=\"UA-38556648-1\" \/>\n\t<meta name=\"keywords\" content=\"noticias y actualidad\" \/>\n\t<link rel=\"canonical\" href=\"https:\/\/eldigitaldeasturias.com\/magazine365\/easyjet-abre-base-en-el-aeropuerto-de-barcelona-donde-preve-crecer-un-7-este-ano\/\" \/>\n\t<meta name=\"generator\" content=\"All in One SEO Pro (AIOSEO) 4.9.6.1\" \/>\n\t\t<meta property=\"og:locale\" content=\"es_ES\" \/>\n\t\t<meta property=\"og:site_name\" content=\"El Digital de Asturias \u2013 Revista de ocio, turismo y estilo de vida\" \/>\n\t\t<meta property=\"og:type\" content=\"article\" \/>\n\t\t<meta property=\"og:title\" content=\"easyJet abre base en el Aeropuerto de Barcelona, donde prev\u00e9 crecer un 7% este a\u00f1o | El Digital de Asturias\" \/>\n\t\t<meta property=\"og:description\" content=\"easyJet ha inaugurado este mi\u00e9rcoles su nueva base operativa en el Aeropuerto de Barcelona-El Prat, con la que la aerol\u00ednea prev\u00e9 ampliar la oferta y la frecuencia de vuelos e incrementar en un 7% el n\u00famero de pasajeros en la capital catalana este 2016. A partir de ahora, easyJet tendr\u00e1 tres aviones de la familia\" \/>\n\t\t<meta property=\"og:url\" content=\"https:\/\/eldigitaldeasturias.com\/magazine365\/easyjet-abre-base-en-el-aeropuerto-de-barcelona-donde-preve-crecer-un-7-este-ano\/\" \/>\n\t\t<meta property=\"og:image\" content=\"https:\/\/eldigitaldeasturias.com\/magazine365\/wp-content\/uploads\/2016\/02\/fotonoticia_20160203122930_800.jpg\" \/>\n\t\t<meta property=\"og:image:secure_url\" content=\"https:\/\/eldigitaldeasturias.com\/magazine365\/wp-content\/uploads\/2016\/02\/fotonoticia_20160203122930_800.jpg\" \/>\n\t\t<meta property=\"og:image:width\" content=\"800\" \/>\n\t\t<meta property=\"og:image:height\" content=\"470\" \/>\n\t\t<meta property=\"article:published_time\" content=\"2016-02-06T10:05:26+00:00\" \/>\n\t\t<meta property=\"article:modified_time\" content=\"2016-02-06T10:05:26+00:00\" \/>\n\t\t<meta name=\"twitter:card\" content=\"summary_large_image\" \/>\n\t\t<meta name=\"twitter:title\" content=\"easyJet abre base en el Aeropuerto de Barcelona, donde prev\u00e9 crecer un 7% este a\u00f1o | El Digital de Asturias\" \/>\n\t\t<meta name=\"twitter:description\" content=\"easyJet ha inaugurado este mi\u00e9rcoles su nueva base operativa en el Aeropuerto de Barcelona-El Prat, con la que la aerol\u00ednea prev\u00e9 ampliar la oferta y la frecuencia de vuelos e incrementar en un 7% el n\u00famero de pasajeros en la capital catalana este 2016. A partir de ahora, easyJet tendr\u00e1 tres aviones de la familia\" \/>\n\t\t<meta name=\"twitter:image\" content=\"https:\/\/eldigitaldeasturias.com\/magazine365\/wp-content\/uploads\/2016\/02\/fotonoticia_20160203122930_800.jpg\" \/>\n\t\t<script type=\"application\/ld+json\" class=\"aioseo-schema\">\n\t\t\t{\"@context\":\"https:\\\/\\\/schema.org\",\"@graph\":[{\"@type\":\"Article\",\"@id\":\"https:\\\/\\\/eldigitaldeasturias.com\\\/magazine365\\\/easyjet-abre-base-en-el-aeropuerto-de-barcelona-donde-preve-crecer-un-7-este-ano\\\/#article\",\"name\":\"easyJet abre base en el Aeropuerto de Barcelona, donde prev\\u00e9 crecer un 7% este a\\u00f1o | El Digital de Asturias\",\"headline\":\"easyJet abre base en el Aeropuerto de Barcelona, donde prev\\u00e9 crecer un 7% este a\\u00f1o\",\"author\":{\"@id\":\"https:\\\/\\\/eldigitaldeasturias.com\\\/magazine365\\\/author\\\/admin\\\/#author\"},\"publisher\":{\"@id\":\"https:\\\/\\\/eldigitaldeasturias.com\\\/magazine365\\\/#organization\"},\"image\":{\"@type\":\"ImageObject\",\"url\":\"https:\\\/\\\/eldigitaldeasturias.com\\\/magazine365\\\/wp-content\\\/uploads\\\/2016\\\/02\\\/fotonoticia_20160203122930_800.jpg\",\"width\":800,\"height\":470},\"datePublished\":\"2016-02-06T11:05:26+01:00\",\"dateModified\":\"2016-02-06T11:05:26+01:00\",\"inLanguage\":\"es-ES\",\"mainEntityOfPage\":{\"@id\":\"https:\\\/\\\/eldigitaldeasturias.com\\\/magazine365\\\/easyjet-abre-base-en-el-aeropuerto-de-barcelona-donde-preve-crecer-un-7-este-ano\\\/#webpage\"},\"isPartOf\":{\"@id\":\"https:\\\/\\\/eldigitaldeasturias.com\\\/magazine365\\\/easyjet-abre-base-en-el-aeropuerto-de-barcelona-donde-preve-crecer-un-7-este-ano\\\/#webpage\"},\"articleSection\":\"Noticias y Actualidad\"},{\"@type\":\"BreadcrumbList\",\"@id\":\"https:\\\/\\\/eldigitaldeasturias.com\\\/magazine365\\\/easyjet-abre-base-en-el-aeropuerto-de-barcelona-donde-preve-crecer-un-7-este-ano\\\/#breadcrumblist\",\"itemListElement\":[{\"@type\":\"ListItem\",\"@id\":\"https:\\\/\\\/eldigitaldeasturias.com\\\/magazine365#listItem\",\"position\":1,\"name\":\"Home\",\"item\":\"https:\\\/\\\/eldigitaldeasturias.com\\\/magazine365\",\"nextItem\":{\"@type\":\"ListItem\",\"@id\":\"https:\\\/\\\/eldigitaldeasturias.com\\\/magazine365\\\/category\\\/noticias-actualidad\\\/#listItem\",\"name\":\"Noticias y Actualidad\"}},{\"@type\":\"ListItem\",\"@id\":\"https:\\\/\\\/eldigitaldeasturias.com\\\/magazine365\\\/category\\\/noticias-actualidad\\\/#listItem\",\"position\":2,\"name\":\"Noticias y Actualidad\",\"item\":\"https:\\\/\\\/eldigitaldeasturias.com\\\/magazine365\\\/category\\\/noticias-actualidad\\\/\",\"nextItem\":{\"@type\":\"ListItem\",\"@id\":\"https:\\\/\\\/eldigitaldeasturias.com\\\/magazine365\\\/easyjet-abre-base-en-el-aeropuerto-de-barcelona-donde-preve-crecer-un-7-este-ano\\\/#listItem\",\"name\":\"easyJet abre base en el Aeropuerto de Barcelona, donde prev\\u00e9 crecer un 7% este a\\u00f1o\"},\"previousItem\":{\"@type\":\"ListItem\",\"@id\":\"https:\\\/\\\/eldigitaldeasturias.com\\\/magazine365#listItem\",\"name\":\"Home\"}},{\"@type\":\"ListItem\",\"@id\":\"https:\\\/\\\/eldigitaldeasturias.com\\\/magazine365\\\/easyjet-abre-base-en-el-aeropuerto-de-barcelona-donde-preve-crecer-un-7-este-ano\\\/#listItem\",\"position\":3,\"name\":\"easyJet abre base en el Aeropuerto de Barcelona, donde prev\\u00e9 crecer un 7% este a\\u00f1o\",\"previousItem\":{\"@type\":\"ListItem\",\"@id\":\"https:\\\/\\\/eldigitaldeasturias.com\\\/magazine365\\\/category\\\/noticias-actualidad\\\/#listItem\",\"name\":\"Noticias y Actualidad\"}}]},{\"@type\":\"Organization\",\"@id\":\"https:\\\/\\\/eldigitaldeasturias.com\\\/magazine365\\\/#organization\",\"name\":\"El digital de Asturias\",\"description\":\"Revista de ocio, turismo y estilo de vida\",\"url\":\"https:\\\/\\\/eldigitaldeasturias.com\\\/magazine365\\\/\",\"logo\":{\"@type\":\"ImageObject\",\"url\":\"https:\\\/\\\/www.eldigitaldeasturias.com\\\/noticias\\\/wp-content\\\/uploads\\\/2020\\\/12\\\/EDA.jpg\",\"@id\":\"https:\\\/\\\/eldigitaldeasturias.com\\\/magazine365\\\/easyjet-abre-base-en-el-aeropuerto-de-barcelona-donde-preve-crecer-un-7-este-ano\\\/#organizationLogo\"},\"image\":{\"@id\":\"https:\\\/\\\/eldigitaldeasturias.com\\\/magazine365\\\/easyjet-abre-base-en-el-aeropuerto-de-barcelona-donde-preve-crecer-un-7-este-ano\\\/#organizationLogo\"}},{\"@type\":\"Person\",\"@id\":\"https:\\\/\\\/eldigitaldeasturias.com\\\/magazine365\\\/author\\\/admin\\\/#author\",\"url\":\"https:\\\/\\\/eldigitaldeasturias.com\\\/magazine365\\\/author\\\/admin\\\/\",\"name\":\"admin\",\"image\":{\"@type\":\"ImageObject\",\"@id\":\"https:\\\/\\\/eldigitaldeasturias.com\\\/magazine365\\\/easyjet-abre-base-en-el-aeropuerto-de-barcelona-donde-preve-crecer-un-7-este-ano\\\/#authorImage\",\"url\":\"https:\\\/\\\/eldigitaldeasturias.com\\\/magazine365\\\/wp-content\\\/litespeed\\\/avatar\\\/e571bcf59a0edd6fa6838245a470f2fe.jpg?ver=1776969259\",\"width\":96,\"height\":96,\"caption\":\"admin\"}},{\"@type\":\"WebPage\",\"@id\":\"https:\\\/\\\/eldigitaldeasturias.com\\\/magazine365\\\/easyjet-abre-base-en-el-aeropuerto-de-barcelona-donde-preve-crecer-un-7-este-ano\\\/#webpage\",\"url\":\"https:\\\/\\\/eldigitaldeasturias.com\\\/magazine365\\\/easyjet-abre-base-en-el-aeropuerto-de-barcelona-donde-preve-crecer-un-7-este-ano\\\/\",\"name\":\"easyJet abre base en el Aeropuerto de Barcelona, donde prev\\u00e9 crecer un 7% este a\\u00f1o | El Digital de Asturias\",\"description\":\"easyJet ha inaugurado este mi\\u00e9rcoles su nueva base operativa en el Aeropuerto de Barcelona-El Prat, con la que la aerol\\u00ednea prev\\u00e9 ampliar la oferta y la frecuencia de vuelos e incrementar en un 7% el n\\u00famero de pasajeros en la capital catalana este 2016. A partir de ahora, easyJet tendr\\u00e1 tres aviones de la familia\",\"inLanguage\":\"es-ES\",\"isPartOf\":{\"@id\":\"https:\\\/\\\/eldigitaldeasturias.com\\\/magazine365\\\/#website\"},\"breadcrumb\":{\"@id\":\"https:\\\/\\\/eldigitaldeasturias.com\\\/magazine365\\\/easyjet-abre-base-en-el-aeropuerto-de-barcelona-donde-preve-crecer-un-7-este-ano\\\/#breadcrumblist\"},\"author\":{\"@id\":\"https:\\\/\\\/eldigitaldeasturias.com\\\/magazine365\\\/author\\\/admin\\\/#author\"},\"creator\":{\"@id\":\"https:\\\/\\\/eldigitaldeasturias.com\\\/magazine365\\\/author\\\/admin\\\/#author\"},\"image\":{\"@type\":\"ImageObject\",\"url\":\"https:\\\/\\\/eldigitaldeasturias.com\\\/magazine365\\\/wp-content\\\/uploads\\\/2016\\\/02\\\/fotonoticia_20160203122930_800.jpg\",\"@id\":\"https:\\\/\\\/eldigitaldeasturias.com\\\/magazine365\\\/easyjet-abre-base-en-el-aeropuerto-de-barcelona-donde-preve-crecer-un-7-este-ano\\\/#mainImage\",\"width\":800,\"height\":470},\"primaryImageOfPage\":{\"@id\":\"https:\\\/\\\/eldigitaldeasturias.com\\\/magazine365\\\/easyjet-abre-base-en-el-aeropuerto-de-barcelona-donde-preve-crecer-un-7-este-ano\\\/#mainImage\"},\"datePublished\":\"2016-02-06T11:05:26+01:00\",\"dateModified\":\"2016-02-06T11:05:26+01:00\"},{\"@type\":\"WebSite\",\"@id\":\"https:\\\/\\\/eldigitaldeasturias.com\\\/magazine365\\\/#website\",\"url\":\"https:\\\/\\\/eldigitaldeasturias.com\\\/magazine365\\\/\",\"name\":\"El Digital de Asturias\",\"description\":\"Revista de ocio, turismo y estilo de vida\",\"inLanguage\":\"es-ES\",\"publisher\":{\"@id\":\"https:\\\/\\\/eldigitaldeasturias.com\\\/magazine365\\\/#organization\"}}]}\n\t\t<\/script>\n\t\t<!-- All in One SEO Pro -->\r\n\t\t<title>easyJet abre base en el Aeropuerto de Barcelona, donde prev\u00e9 crecer un 7% este a\u00f1o | El Digital de Asturias<\/title>\n\n","aioseo_head_json":{"title":"easyJet abre base en el Aeropuerto de Barcelona, donde prev\u00e9 crecer un 7% este a\u00f1o | El Digital de Asturias","description":"easyJet ha inaugurado este mi\u00e9rcoles su nueva base operativa en el Aeropuerto de Barcelona-El Prat, con la que la aerol\u00ednea prev\u00e9 ampliar la oferta y la frecuencia de vuelos e incrementar en un 7% el n\u00famero de pasajeros en la capital catalana este 2016. A partir de ahora, easyJet tendr\u00e1 tres aviones de la familia","canonical_url":"https:\/\/eldigitaldeasturias.com\/magazine365\/easyjet-abre-base-en-el-aeropuerto-de-barcelona-donde-preve-crecer-un-7-este-ano\/","robots":"max-image-preview:large","keywords":"noticias y actualidad","webmasterTools":{"google-site-verification":"UA-38556648-1","miscellaneous":""},"schema":{"@context":"https:\/\/schema.org","@graph":[{"@type":"Article","@id":"https:\/\/eldigitaldeasturias.com\/magazine365\/easyjet-abre-base-en-el-aeropuerto-de-barcelona-donde-preve-crecer-un-7-este-ano\/#article","name":"easyJet abre base en el Aeropuerto de Barcelona, donde prev\u00e9 crecer un 7% este a\u00f1o | El Digital de Asturias","headline":"easyJet abre base en el Aeropuerto de Barcelona, donde prev\u00e9 crecer un 7% este a\u00f1o","author":{"@id":"https:\/\/eldigitaldeasturias.com\/magazine365\/author\/admin\/#author"},"publisher":{"@id":"https:\/\/eldigitaldeasturias.com\/magazine365\/#organization"},"image":{"@type":"ImageObject","url":"https:\/\/eldigitaldeasturias.com\/magazine365\/wp-content\/uploads\/2016\/02\/fotonoticia_20160203122930_800.jpg","width":800,"height":470},"datePublished":"2016-02-06T11:05:26+01:00","dateModified":"2016-02-06T11:05:26+01:00","inLanguage":"es-ES","mainEntityOfPage":{"@id":"https:\/\/eldigitaldeasturias.com\/magazine365\/easyjet-abre-base-en-el-aeropuerto-de-barcelona-donde-preve-crecer-un-7-este-ano\/#webpage"},"isPartOf":{"@id":"https:\/\/eldigitaldeasturias.com\/magazine365\/easyjet-abre-base-en-el-aeropuerto-de-barcelona-donde-preve-crecer-un-7-este-ano\/#webpage"},"articleSection":"Noticias y Actualidad"},{"@type":"BreadcrumbList","@id":"https:\/\/eldigitaldeasturias.com\/magazine365\/easyjet-abre-base-en-el-aeropuerto-de-barcelona-donde-preve-crecer-un-7-este-ano\/#breadcrumblist","itemListElement":[{"@type":"ListItem","@id":"https:\/\/eldigitaldeasturias.com\/magazine365#listItem","position":1,"name":"Home","item":"https:\/\/eldigitaldeasturias.com\/magazine365","nextItem":{"@type":"ListItem","@id":"https:\/\/eldigitaldeasturias.com\/magazine365\/category\/noticias-actualidad\/#listItem","name":"Noticias y Actualidad"}},{"@type":"ListItem","@id":"https:\/\/eldigitaldeasturias.com\/magazine365\/category\/noticias-actualidad\/#listItem","position":2,"name":"Noticias y Actualidad","item":"https:\/\/eldigitaldeasturias.com\/magazine365\/category\/noticias-actualidad\/","nextItem":{"@type":"ListItem","@id":"https:\/\/eldigitaldeasturias.com\/magazine365\/easyjet-abre-base-en-el-aeropuerto-de-barcelona-donde-preve-crecer-un-7-este-ano\/#listItem","name":"easyJet abre base en el Aeropuerto de Barcelona, donde prev\u00e9 crecer un 7% este a\u00f1o"},"previousItem":{"@type":"ListItem","@id":"https:\/\/eldigitaldeasturias.com\/magazine365#listItem","name":"Home"}},{"@type":"ListItem","@id":"https:\/\/eldigitaldeasturias.com\/magazine365\/easyjet-abre-base-en-el-aeropuerto-de-barcelona-donde-preve-crecer-un-7-este-ano\/#listItem","position":3,"name":"easyJet abre base en el Aeropuerto de Barcelona, donde prev\u00e9 crecer un 7% este a\u00f1o","previousItem":{"@type":"ListItem","@id":"https:\/\/eldigitaldeasturias.com\/magazine365\/category\/noticias-actualidad\/#listItem","name":"Noticias y Actualidad"}}]},{"@type":"Organization","@id":"https:\/\/eldigitaldeasturias.com\/magazine365\/#organization","name":"El digital de Asturias","description":"Revista de ocio, turismo y estilo de vida","url":"https:\/\/eldigitaldeasturias.com\/magazine365\/","logo":{"@type":"ImageObject","url":"https:\/\/www.eldigitaldeasturias.com\/noticias\/wp-content\/uploads\/2020\/12\/EDA.jpg","@id":"https:\/\/eldigitaldeasturias.com\/magazine365\/easyjet-abre-base-en-el-aeropuerto-de-barcelona-donde-preve-crecer-un-7-este-ano\/#organizationLogo"},"image":{"@id":"https:\/\/eldigitaldeasturias.com\/magazine365\/easyjet-abre-base-en-el-aeropuerto-de-barcelona-donde-preve-crecer-un-7-este-ano\/#organizationLogo"}},{"@type":"Person","@id":"https:\/\/eldigitaldeasturias.com\/magazine365\/author\/admin\/#author","url":"https:\/\/eldigitaldeasturias.com\/magazine365\/author\/admin\/","name":"admin","image":{"@type":"ImageObject","@id":"https:\/\/eldigitaldeasturias.com\/magazine365\/easyjet-abre-base-en-el-aeropuerto-de-barcelona-donde-preve-crecer-un-7-este-ano\/#authorImage","url":"https:\/\/eldigitaldeasturias.com\/magazine365\/wp-content\/litespeed\/avatar\/e571bcf59a0edd6fa6838245a470f2fe.jpg?ver=1776969259","width":96,"height":96,"caption":"admin"}},{"@type":"WebPage","@id":"https:\/\/eldigitaldeasturias.com\/magazine365\/easyjet-abre-base-en-el-aeropuerto-de-barcelona-donde-preve-crecer-un-7-este-ano\/#webpage","url":"https:\/\/eldigitaldeasturias.com\/magazine365\/easyjet-abre-base-en-el-aeropuerto-de-barcelona-donde-preve-crecer-un-7-este-ano\/","name":"easyJet abre base en el Aeropuerto de Barcelona, donde prev\u00e9 crecer un 7% este a\u00f1o | El Digital de Asturias","description":"easyJet ha inaugurado este mi\u00e9rcoles su nueva base operativa en el Aeropuerto de Barcelona-El Prat, con la que la aerol\u00ednea prev\u00e9 ampliar la oferta y la frecuencia de vuelos e incrementar en un 7% el n\u00famero de pasajeros en la capital catalana este 2016. A partir de ahora, easyJet tendr\u00e1 tres aviones de la familia","inLanguage":"es-ES","isPartOf":{"@id":"https:\/\/eldigitaldeasturias.com\/magazine365\/#website"},"breadcrumb":{"@id":"https:\/\/eldigitaldeasturias.com\/magazine365\/easyjet-abre-base-en-el-aeropuerto-de-barcelona-donde-preve-crecer-un-7-este-ano\/#breadcrumblist"},"author":{"@id":"https:\/\/eldigitaldeasturias.com\/magazine365\/author\/admin\/#author"},"creator":{"@id":"https:\/\/eldigitaldeasturias.com\/magazine365\/author\/admin\/#author"},"image":{"@type":"ImageObject","url":"https:\/\/eldigitaldeasturias.com\/magazine365\/wp-content\/uploads\/2016\/02\/fotonoticia_20160203122930_800.jpg","@id":"https:\/\/eldigitaldeasturias.com\/magazine365\/easyjet-abre-base-en-el-aeropuerto-de-barcelona-donde-preve-crecer-un-7-este-ano\/#mainImage","width":800,"height":470},"primaryImageOfPage":{"@id":"https:\/\/eldigitaldeasturias.com\/magazine365\/easyjet-abre-base-en-el-aeropuerto-de-barcelona-donde-preve-crecer-un-7-este-ano\/#mainImage"},"datePublished":"2016-02-06T11:05:26+01:00","dateModified":"2016-02-06T11:05:26+01:00"},{"@type":"WebSite","@id":"https:\/\/eldigitaldeasturias.com\/magazine365\/#website","url":"https:\/\/eldigitaldeasturias.com\/magazine365\/","name":"El Digital de Asturias","description":"Revista de ocio, turismo y estilo de vida","inLanguage":"es-ES","publisher":{"@id":"https:\/\/eldigitaldeasturias.com\/magazine365\/#organization"}}]},"og:locale":"es_ES","og:site_name":"El Digital de Asturias \u2013 Revista de ocio, turismo y estilo de vida","og:type":"article","og:title":"easyJet abre base en el Aeropuerto de Barcelona, donde prev\u00e9 crecer un 7% este a\u00f1o | El Digital de Asturias","og:description":"easyJet ha inaugurado este mi\u00e9rcoles su nueva base operativa en el Aeropuerto de Barcelona-El Prat, con la que la aerol\u00ednea prev\u00e9 ampliar la oferta y la frecuencia de vuelos e incrementar en un 7% el n\u00famero de pasajeros en la capital catalana este 2016. A partir de ahora, easyJet tendr\u00e1 tres aviones de la familia","og:url":"https:\/\/eldigitaldeasturias.com\/magazine365\/easyjet-abre-base-en-el-aeropuerto-de-barcelona-donde-preve-crecer-un-7-este-ano\/","og:image":"https:\/\/eldigitaldeasturias.com\/magazine365\/wp-content\/uploads\/2016\/02\/fotonoticia_20160203122930_800.jpg","og:image:secure_url":"https:\/\/eldigitaldeasturias.com\/magazine365\/wp-content\/uploads\/2016\/02\/fotonoticia_20160203122930_800.jpg","og:image:width":800,"og:image:height":470,"article:published_time":"2016-02-06T10:05:26+00:00","article:modified_time":"2016-02-06T10:05:26+00:00","twitter:card":"summary_large_image","twitter:title":"easyJet abre base en el Aeropuerto de Barcelona, donde prev\u00e9 crecer un 7% este a\u00f1o | El Digital de Asturias","twitter:description":"easyJet ha inaugurado este mi\u00e9rcoles su nueva base operativa en el Aeropuerto de Barcelona-El Prat, con la que la aerol\u00ednea prev\u00e9 ampliar la oferta y la frecuencia de vuelos e incrementar en un 7% el n\u00famero de pasajeros en la capital catalana este 2016. A partir de ahora, easyJet tendr\u00e1 tres aviones de la familia","twitter:image":"https:\/\/eldigitaldeasturias.com\/magazine365\/wp-content\/uploads\/2016\/02\/fotonoticia_20160203122930_800.jpg"},"aioseo_meta_data":{"post_id":"63171","title":null,"description":null,"keywords":null,"keyphrases":null,"primary_term":null,"canonical_url":null,"og_title":null,"og_description":null,"og_object_type":"default","og_image_type":"default","og_image_url":null,"og_image_width":null,"og_image_height":null,"og_image_custom_url":null,"og_image_custom_fields":null,"og_video":null,"og_custom_url":null,"og_article_section":null,"og_article_tags":null,"twitter_use_og":false,"twitter_card":"default","twitter_image_type":"default","twitter_image_url":null,"twitter_image_custom_url":null,"twitter_image_custom_fields":null,"twitter_title":null,"twitter_description":null,"schema":{"blockGraphs":[],"customGraphs":[],"default":{"data":{"Article":[],"Course":[],"Dataset":[],"FAQPage":[],"Movie":[],"Person":[],"Product":[],"ProductReview":[],"Car":[],"Recipe":[],"Service":[],"SoftwareApplication":[],"WebPage":[]},"graphName":"","isEnabled":true},"graphs":[]},"schema_type":null,"schema_type_options":null,"pillar_content":false,"robots_default":true,"robots_noindex":false,"robots_noarchive":false,"robots_nosnippet":false,"robots_nofollow":false,"robots_noimageindex":false,"robots_noodp":false,"robots_notranslate":false,"robots_max_snippet":null,"robots_max_videopreview":null,"robots_max_imagepreview":"large","priority":null,"frequency":null,"location":null,"local_seo":null,"seo_analyzer_scan_date":"2025-09-25 12:37:05","breadcrumb_settings":null,"limit_modified_date":false,"open_ai":null,"ai":null,"created":"2021-03-08 21:27:05","updated":"2025-09-25 12:37:05"},"aioseo_breadcrumb":"<div class=\"aioseo-breadcrumbs\"><span class=\"aioseo-breadcrumb\">\n\t<a href=\"https:\/\/eldigitaldeasturias.com\/magazine365\" title=\"Home\">Home<\/a>\n<\/span><span class=\"aioseo-breadcrumb-separator\">\u2013<\/span><span class=\"aioseo-breadcrumb\">\n\t<a href=\"https:\/\/eldigitaldeasturias.com\/magazine365\/category\/noticias-actualidad\/\" title=\"Noticias y Actualidad\">Noticias y Actualidad<\/a>\n<\/span><span class=\"aioseo-breadcrumb-separator\">\u2013<\/span><span class=\"aioseo-breadcrumb\">\n\t<a href=\"https:\/\/eldigitaldeasturias.com\/magazine365\/easyjet-abre-base-en-el-aeropuerto-de-barcelona-donde-preve-crecer-un-7-este-ano\/\" title=\"easyJet abre base en el Aeropuerto de Barcelona, donde prev\u00e9 crecer un 7% este a\u00f1o\">easyJet abre base en el Aeropuerto de Barcelona, donde prev\u00e9 crecer un 7% este a\u00f1o<\/a>\n<\/span><\/div>","aioseo_breadcrumb_json":[{"label":"Home","link":"https:\/\/eldigitaldeasturias.com\/magazine365"},{"label":"Noticias y Actualidad","link":"https:\/\/eldigitaldeasturias.com\/magazine365\/category\/noticias-actualidad\/"},{"label":"easyJet abre base en el Aeropuerto de Barcelona, donde prev\u00e9 crecer un 7% este a\u00f1o","link":"https:\/\/eldigitaldeasturias.com\/magazine365\/easyjet-abre-base-en-el-aeropuerto-de-barcelona-donde-preve-crecer-un-7-este-ano\/"}],"_links":{"self":[{"href":"https:\/\/eldigitaldeasturias.com\/magazine365\/wp-json\/wp\/v2\/posts\/63171","targetHints":{"allow":["GET"]}}],"collection":[{"href":"https:\/\/eldigitaldeasturias.com\/magazine365\/wp-json\/wp\/v2\/posts"}],"about":[{"href":"https:\/\/eldigitaldeasturias.com\/magazine365\/wp-json\/wp\/v2\/types\/post"}],"author":[{"embeddable":true,"href":"https:\/\/eldigitaldeasturias.com\/magazine365\/wp-json\/wp\/v2\/users\/1"}],"replies":[{"embeddable":true,"href":"https:\/\/eldigitaldeasturias.com\/magazine365\/wp-json\/wp\/v2\/comments?post=63171"}],"version-history":[{"count":0,"href":"https:\/\/eldigitaldeasturias.com\/magazine365\/wp-json\/wp\/v2\/posts\/63171\/revisions"}],"wp:featuredmedia":[{"embeddable":true,"href":"https:\/\/eldigitaldeasturias.com\/magazine365\/wp-json\/wp\/v2\/media\/63172"}],"wp:attachment":[{"href":"https:\/\/eldigitaldeasturias.com\/magazine365\/wp-json\/wp\/v2\/media?parent=63171"}],"wp:term":[{"taxonomy":"category","embeddable":true,"href":"https:\/\/eldigitaldeasturias.com\/magazine365\/wp-json\/wp\/v2\/categories?post=63171"},{"taxonomy":"post_tag","embeddable":true,"href":"https:\/\/eldigitaldeasturias.com\/magazine365\/wp-json\/wp\/v2\/tags?post=63171"}],"curies":[{"name":"wp","href":"https:\/\/api.w.org\/{rel}","templated":true}]}}