{"id":63153,"date":"2016-02-06T10:53:24","date_gmt":"2016-02-06T09:53:24","guid":{"rendered":"http:\/\/eldigitaldeasturias.com\/magazine365\/?p=63153"},"modified":"2016-02-06T10:53:24","modified_gmt":"2016-02-06T09:53:24","slug":"la-actividad-del-sector-servicios-de-espana-crece-al-menor-ritmo-en-un-ano-ante-el-estancamiento-politico","status":"publish","type":"post","link":"https:\/\/eldigitaldeasturias.com\/magazine365\/la-actividad-del-sector-servicios-de-espana-crece-al-menor-ritmo-en-un-ano-ante-el-estancamiento-politico\/","title":{"rendered":"La actividad del sector servicios de Espa\u00f1a crece al menor ritmo en un a\u00f1o ante el \u00abestancamiento pol\u00edtico\u00bb"},"content":{"rendered":"<p><img fetchpriority=\"high\" decoding=\"async\" class=\"alignleft size-medium wp-image-63154\" src=\"https:\/\/eldigitaldeasturias.com\/magazine365\/wp-content\/uploads\/2016\/02\/fotonoticia_20160203103845_800-360x240.jpg\" alt=\"fotonoticia_20160203103845_800\" width=\"360\" height=\"240\" srcset=\"https:\/\/eldigitaldeasturias.com\/magazine365\/wp-content\/uploads\/2016\/02\/fotonoticia_20160203103845_800-360x240.jpg 360w, https:\/\/eldigitaldeasturias.com\/magazine365\/wp-content\/uploads\/2016\/02\/fotonoticia_20160203103845_800-650x433.jpg 650w, https:\/\/eldigitaldeasturias.com\/magazine365\/wp-content\/uploads\/2016\/02\/fotonoticia_20160203103845_800-768x512.jpg 768w, https:\/\/eldigitaldeasturias.com\/magazine365\/wp-content\/uploads\/2016\/02\/fotonoticia_20160203103845_800-150x100.jpg 150w, https:\/\/eldigitaldeasturias.com\/magazine365\/wp-content\/uploads\/2016\/02\/fotonoticia_20160203103845_800-450x300.jpg 450w, https:\/\/eldigitaldeasturias.com\/magazine365\/wp-content\/uploads\/2016\/02\/fotonoticia_20160203103845_800-696x464.jpg 696w, https:\/\/eldigitaldeasturias.com\/magazine365\/wp-content\/uploads\/2016\/02\/fotonoticia_20160203103845_800-630x420.jpg 630w, https:\/\/eldigitaldeasturias.com\/magazine365\/wp-content\/uploads\/2016\/02\/fotonoticia_20160203103845_800-101x66.jpg 101w, https:\/\/eldigitaldeasturias.com\/magazine365\/wp-content\/uploads\/2016\/02\/fotonoticia_20160203103845_800.jpg 800w\" sizes=\"(max-width: 360px) 100vw, 360px\" \/>La actividad del sector servicios de Espa\u00f1a mantuvo un s\u00f3lido ritmo de crecimiento en enero, aunque su expansi\u00f3n fue la menos vigorosa desde diciembre de 2014, seg\u00fan el \u00edndice PMI, que se situ\u00f3 en 54,6 puntos desde los 55,1 del mes anterior, ante los primeros informes de que el \u00abestancamiento pol\u00edtico\u00bb se traduce en incertidumbre sobre la econom\u00eda.<\/p>\n<p>De este modo, la actividad del sector servicios en Espa\u00f1a ha aumentado ininterrumpidamente durante los \u00faltimos 27 meses, mientras los nuevos pedidos se han incrementado ininterrumpidamente durante los \u00faltimos dos a\u00f1os y medio, con una ligera aceleraci\u00f3n en enero.<\/p>\n<p>\u00abLa expansi\u00f3n de la actividad se desaceler\u00f3 hasta el nivel m\u00e1s d\u00e9bil en m\u00e1s de un a\u00f1o y la confianza empresarial se moder\u00f3 en medio de los primeros informes de que el estancamiento pol\u00edtico en Espa\u00f1a se ha manifestado a trav\u00e9s de cierta incertidumbre en la econom\u00eda\u00bb, declar\u00f3 Andrew Harker, economista senior de Markit y autor del informe.<\/p>\n<p>Como parte de los esfuerzos para aliviar la presi\u00f3n sobre la capacidad, las empresas espa\u00f1olas de servicios aumentaron de nuevo sus niveles de dotaci\u00f3n de personal en enero, lo que extiende a 16 meses consecutivos la creaci\u00f3n de empleo en el sector y a un ritmo ligeramente mayor en enero que en el mes anterior.<\/p>\n<p>A este respecto, Harker destac\u00f3 que el \u00faltimo dato del PMI del sector servicios en Espa\u00f1a \u00abmuestra un panorama bastante positivo de la salud del sector en el inicio de 2016, ya que los nuevos pedidos registraron un fuerte incremento y el empleo sigue creciendo en respuesta al aumento de la presi\u00f3n sobre la capacidad\u00bb.<\/p>\n","protected":false},"excerpt":{"rendered":"<p>La actividad del sector servicios de Espa\u00f1a mantuvo un s\u00f3lido ritmo de crecimiento en enero, aunque su expansi\u00f3n fue la menos vigorosa desde diciembre de 2014, seg\u00fan el \u00edndice PMI, que se situ\u00f3 en 54,6 puntos desde los 55,1 del mes anterior, ante los primeros informes de que el \u00abestancamiento pol\u00edtico\u00bb se traduce en incertidumbre<\/p>\n","protected":false},"author":1,"featured_media":63154,"comment_status":"open","ping_status":"closed","sticky":false,"template":"","format":"standard","meta":{"footnotes":""},"categories":[224],"tags":[],"class_list":{"0":"post-63153","1":"post","2":"type-post","3":"status-publish","4":"format-standard","5":"has-post-thumbnail","7":"category-noticias-actualidad"},"aioseo_notices":[],"aioseo_head":"\n\t\t<!-- All in One SEO Pro 4.9.6.1 - aioseo.com -->\n\t<meta name=\"description\" content=\"La actividad del sector servicios de Espa\u00f1a mantuvo un s\u00f3lido ritmo de crecimiento en enero, aunque su expansi\u00f3n fue la menos vigorosa desde diciembre de 2014, seg\u00fan el \u00edndice PMI, que se situ\u00f3 en 54,6 puntos desde los 55,1 del mes anterior, ante los primeros informes de que el &quot;estancamiento pol\u00edtico&quot; se traduce en incertidumbre\" \/>\n\t<meta name=\"robots\" content=\"max-image-preview:large\" \/>\n\t<meta name=\"author\" content=\"admin\"\/>\n\t<meta name=\"google-site-verification\" content=\"UA-38556648-1\" \/>\n\t<meta name=\"keywords\" content=\"noticias y actualidad\" \/>\n\t<link rel=\"canonical\" href=\"https:\/\/eldigitaldeasturias.com\/magazine365\/la-actividad-del-sector-servicios-de-espana-crece-al-menor-ritmo-en-un-ano-ante-el-estancamiento-politico\/\" \/>\n\t<meta name=\"generator\" content=\"All in One SEO Pro (AIOSEO) 4.9.6.1\" \/>\n\t\t<meta property=\"og:locale\" content=\"es_ES\" \/>\n\t\t<meta property=\"og:site_name\" content=\"El Digital de Asturias \u2013 Revista de ocio, turismo y estilo de vida\" \/>\n\t\t<meta property=\"og:type\" content=\"article\" \/>\n\t\t<meta property=\"og:title\" content=\"La actividad del sector servicios de Espa\u00f1a crece al menor ritmo en un a\u00f1o ante el \u00abestancamiento pol\u00edtico\u00bb | El Digital de Asturias\" \/>\n\t\t<meta property=\"og:description\" content=\"La actividad del sector servicios de Espa\u00f1a mantuvo un s\u00f3lido ritmo de crecimiento en enero, aunque su expansi\u00f3n fue la menos vigorosa desde diciembre de 2014, seg\u00fan el \u00edndice PMI, que se situ\u00f3 en 54,6 puntos desde los 55,1 del mes anterior, ante los primeros informes de que el &quot;estancamiento pol\u00edtico&quot; se traduce en incertidumbre\" \/>\n\t\t<meta property=\"og:url\" content=\"https:\/\/eldigitaldeasturias.com\/magazine365\/la-actividad-del-sector-servicios-de-espana-crece-al-menor-ritmo-en-un-ano-ante-el-estancamiento-politico\/\" \/>\n\t\t<meta property=\"og:image\" content=\"https:\/\/eldigitaldeasturias.com\/magazine365\/wp-content\/uploads\/2016\/02\/fotonoticia_20160203103845_800.jpg\" \/>\n\t\t<meta property=\"og:image:secure_url\" content=\"https:\/\/eldigitaldeasturias.com\/magazine365\/wp-content\/uploads\/2016\/02\/fotonoticia_20160203103845_800.jpg\" \/>\n\t\t<meta property=\"og:image:width\" content=\"800\" \/>\n\t\t<meta property=\"og:image:height\" content=\"533\" \/>\n\t\t<meta property=\"article:published_time\" content=\"2016-02-06T09:53:24+00:00\" \/>\n\t\t<meta property=\"article:modified_time\" content=\"2016-02-06T09:53:24+00:00\" \/>\n\t\t<meta name=\"twitter:card\" content=\"summary_large_image\" \/>\n\t\t<meta name=\"twitter:title\" content=\"La actividad del sector servicios de Espa\u00f1a crece al menor ritmo en un a\u00f1o ante el \u00abestancamiento pol\u00edtico\u00bb | El Digital de Asturias\" \/>\n\t\t<meta name=\"twitter:description\" content=\"La actividad del sector servicios de Espa\u00f1a mantuvo un s\u00f3lido ritmo de crecimiento en enero, aunque su expansi\u00f3n fue la menos vigorosa desde diciembre de 2014, seg\u00fan el \u00edndice PMI, que se situ\u00f3 en 54,6 puntos desde los 55,1 del mes anterior, ante los primeros informes de que el &quot;estancamiento pol\u00edtico&quot; se traduce en incertidumbre\" \/>\n\t\t<meta name=\"twitter:image\" content=\"https:\/\/eldigitaldeasturias.com\/magazine365\/wp-content\/uploads\/2016\/02\/fotonoticia_20160203103845_800.jpg\" \/>\n\t\t<script type=\"application\/ld+json\" class=\"aioseo-schema\">\n\t\t\t{\"@context\":\"https:\\\/\\\/schema.org\",\"@graph\":[{\"@type\":\"Article\",\"@id\":\"https:\\\/\\\/eldigitaldeasturias.com\\\/magazine365\\\/la-actividad-del-sector-servicios-de-espana-crece-al-menor-ritmo-en-un-ano-ante-el-estancamiento-politico\\\/#article\",\"name\":\"La actividad del sector servicios de Espa\\u00f1a crece al menor ritmo en un a\\u00f1o ante el \\u00abestancamiento pol\\u00edtico\\u00bb | El Digital de Asturias\",\"headline\":\"La actividad del sector servicios de Espa\\u00f1a crece al menor ritmo en un a\\u00f1o ante el \\u00abestancamiento pol\\u00edtico\\u00bb\",\"author\":{\"@id\":\"https:\\\/\\\/eldigitaldeasturias.com\\\/magazine365\\\/author\\\/admin\\\/#author\"},\"publisher\":{\"@id\":\"https:\\\/\\\/eldigitaldeasturias.com\\\/magazine365\\\/#organization\"},\"image\":{\"@type\":\"ImageObject\",\"url\":\"https:\\\/\\\/eldigitaldeasturias.com\\\/magazine365\\\/wp-content\\\/uploads\\\/2016\\\/02\\\/fotonoticia_20160203103845_800.jpg\",\"width\":800,\"height\":533},\"datePublished\":\"2016-02-06T10:53:24+01:00\",\"dateModified\":\"2016-02-06T10:53:24+01:00\",\"inLanguage\":\"es-ES\",\"mainEntityOfPage\":{\"@id\":\"https:\\\/\\\/eldigitaldeasturias.com\\\/magazine365\\\/la-actividad-del-sector-servicios-de-espana-crece-al-menor-ritmo-en-un-ano-ante-el-estancamiento-politico\\\/#webpage\"},\"isPartOf\":{\"@id\":\"https:\\\/\\\/eldigitaldeasturias.com\\\/magazine365\\\/la-actividad-del-sector-servicios-de-espana-crece-al-menor-ritmo-en-un-ano-ante-el-estancamiento-politico\\\/#webpage\"},\"articleSection\":\"Noticias y Actualidad\"},{\"@type\":\"BreadcrumbList\",\"@id\":\"https:\\\/\\\/eldigitaldeasturias.com\\\/magazine365\\\/la-actividad-del-sector-servicios-de-espana-crece-al-menor-ritmo-en-un-ano-ante-el-estancamiento-politico\\\/#breadcrumblist\",\"itemListElement\":[{\"@type\":\"ListItem\",\"@id\":\"https:\\\/\\\/eldigitaldeasturias.com\\\/magazine365#listItem\",\"position\":1,\"name\":\"Home\",\"item\":\"https:\\\/\\\/eldigitaldeasturias.com\\\/magazine365\",\"nextItem\":{\"@type\":\"ListItem\",\"@id\":\"https:\\\/\\\/eldigitaldeasturias.com\\\/magazine365\\\/category\\\/noticias-actualidad\\\/#listItem\",\"name\":\"Noticias y Actualidad\"}},{\"@type\":\"ListItem\",\"@id\":\"https:\\\/\\\/eldigitaldeasturias.com\\\/magazine365\\\/category\\\/noticias-actualidad\\\/#listItem\",\"position\":2,\"name\":\"Noticias y Actualidad\",\"item\":\"https:\\\/\\\/eldigitaldeasturias.com\\\/magazine365\\\/category\\\/noticias-actualidad\\\/\",\"nextItem\":{\"@type\":\"ListItem\",\"@id\":\"https:\\\/\\\/eldigitaldeasturias.com\\\/magazine365\\\/la-actividad-del-sector-servicios-de-espana-crece-al-menor-ritmo-en-un-ano-ante-el-estancamiento-politico\\\/#listItem\",\"name\":\"La actividad del sector servicios de Espa\\u00f1a crece al menor ritmo en un a\\u00f1o ante el \\u00abestancamiento pol\\u00edtico\\u00bb\"},\"previousItem\":{\"@type\":\"ListItem\",\"@id\":\"https:\\\/\\\/eldigitaldeasturias.com\\\/magazine365#listItem\",\"name\":\"Home\"}},{\"@type\":\"ListItem\",\"@id\":\"https:\\\/\\\/eldigitaldeasturias.com\\\/magazine365\\\/la-actividad-del-sector-servicios-de-espana-crece-al-menor-ritmo-en-un-ano-ante-el-estancamiento-politico\\\/#listItem\",\"position\":3,\"name\":\"La actividad del sector servicios de Espa\\u00f1a crece al menor ritmo en un a\\u00f1o ante el \\u00abestancamiento pol\\u00edtico\\u00bb\",\"previousItem\":{\"@type\":\"ListItem\",\"@id\":\"https:\\\/\\\/eldigitaldeasturias.com\\\/magazine365\\\/category\\\/noticias-actualidad\\\/#listItem\",\"name\":\"Noticias y Actualidad\"}}]},{\"@type\":\"Organization\",\"@id\":\"https:\\\/\\\/eldigitaldeasturias.com\\\/magazine365\\\/#organization\",\"name\":\"El digital de Asturias\",\"description\":\"Revista de ocio, turismo y estilo de vida\",\"url\":\"https:\\\/\\\/eldigitaldeasturias.com\\\/magazine365\\\/\",\"logo\":{\"@type\":\"ImageObject\",\"url\":\"https:\\\/\\\/www.eldigitaldeasturias.com\\\/noticias\\\/wp-content\\\/uploads\\\/2020\\\/12\\\/EDA.jpg\",\"@id\":\"https:\\\/\\\/eldigitaldeasturias.com\\\/magazine365\\\/la-actividad-del-sector-servicios-de-espana-crece-al-menor-ritmo-en-un-ano-ante-el-estancamiento-politico\\\/#organizationLogo\"},\"image\":{\"@id\":\"https:\\\/\\\/eldigitaldeasturias.com\\\/magazine365\\\/la-actividad-del-sector-servicios-de-espana-crece-al-menor-ritmo-en-un-ano-ante-el-estancamiento-politico\\\/#organizationLogo\"}},{\"@type\":\"Person\",\"@id\":\"https:\\\/\\\/eldigitaldeasturias.com\\\/magazine365\\\/author\\\/admin\\\/#author\",\"url\":\"https:\\\/\\\/eldigitaldeasturias.com\\\/magazine365\\\/author\\\/admin\\\/\",\"name\":\"admin\",\"image\":{\"@type\":\"ImageObject\",\"@id\":\"https:\\\/\\\/eldigitaldeasturias.com\\\/magazine365\\\/la-actividad-del-sector-servicios-de-espana-crece-al-menor-ritmo-en-un-ano-ante-el-estancamiento-politico\\\/#authorImage\",\"url\":\"https:\\\/\\\/eldigitaldeasturias.com\\\/magazine365\\\/wp-content\\\/litespeed\\\/avatar\\\/e571bcf59a0edd6fa6838245a470f2fe.jpg?ver=1776969259\",\"width\":96,\"height\":96,\"caption\":\"admin\"}},{\"@type\":\"WebPage\",\"@id\":\"https:\\\/\\\/eldigitaldeasturias.com\\\/magazine365\\\/la-actividad-del-sector-servicios-de-espana-crece-al-menor-ritmo-en-un-ano-ante-el-estancamiento-politico\\\/#webpage\",\"url\":\"https:\\\/\\\/eldigitaldeasturias.com\\\/magazine365\\\/la-actividad-del-sector-servicios-de-espana-crece-al-menor-ritmo-en-un-ano-ante-el-estancamiento-politico\\\/\",\"name\":\"La actividad del sector servicios de Espa\\u00f1a crece al menor ritmo en un a\\u00f1o ante el \\u00abestancamiento pol\\u00edtico\\u00bb | El Digital de Asturias\",\"description\":\"La actividad del sector servicios de Espa\\u00f1a mantuvo un s\\u00f3lido ritmo de crecimiento en enero, aunque su expansi\\u00f3n fue la menos vigorosa desde diciembre de 2014, seg\\u00fan el \\u00edndice PMI, que se situ\\u00f3 en 54,6 puntos desde los 55,1 del mes anterior, ante los primeros informes de que el \\\"estancamiento pol\\u00edtico\\\" se traduce en incertidumbre\",\"inLanguage\":\"es-ES\",\"isPartOf\":{\"@id\":\"https:\\\/\\\/eldigitaldeasturias.com\\\/magazine365\\\/#website\"},\"breadcrumb\":{\"@id\":\"https:\\\/\\\/eldigitaldeasturias.com\\\/magazine365\\\/la-actividad-del-sector-servicios-de-espana-crece-al-menor-ritmo-en-un-ano-ante-el-estancamiento-politico\\\/#breadcrumblist\"},\"author\":{\"@id\":\"https:\\\/\\\/eldigitaldeasturias.com\\\/magazine365\\\/author\\\/admin\\\/#author\"},\"creator\":{\"@id\":\"https:\\\/\\\/eldigitaldeasturias.com\\\/magazine365\\\/author\\\/admin\\\/#author\"},\"image\":{\"@type\":\"ImageObject\",\"url\":\"https:\\\/\\\/eldigitaldeasturias.com\\\/magazine365\\\/wp-content\\\/uploads\\\/2016\\\/02\\\/fotonoticia_20160203103845_800.jpg\",\"@id\":\"https:\\\/\\\/eldigitaldeasturias.com\\\/magazine365\\\/la-actividad-del-sector-servicios-de-espana-crece-al-menor-ritmo-en-un-ano-ante-el-estancamiento-politico\\\/#mainImage\",\"width\":800,\"height\":533},\"primaryImageOfPage\":{\"@id\":\"https:\\\/\\\/eldigitaldeasturias.com\\\/magazine365\\\/la-actividad-del-sector-servicios-de-espana-crece-al-menor-ritmo-en-un-ano-ante-el-estancamiento-politico\\\/#mainImage\"},\"datePublished\":\"2016-02-06T10:53:24+01:00\",\"dateModified\":\"2016-02-06T10:53:24+01:00\"},{\"@type\":\"WebSite\",\"@id\":\"https:\\\/\\\/eldigitaldeasturias.com\\\/magazine365\\\/#website\",\"url\":\"https:\\\/\\\/eldigitaldeasturias.com\\\/magazine365\\\/\",\"name\":\"El Digital de Asturias\",\"description\":\"Revista de ocio, turismo y estilo de vida\",\"inLanguage\":\"es-ES\",\"publisher\":{\"@id\":\"https:\\\/\\\/eldigitaldeasturias.com\\\/magazine365\\\/#organization\"}}]}\n\t\t<\/script>\n\t\t<!-- All in One SEO Pro -->\r\n\t\t<title>La actividad del sector servicios de Espa\u00f1a crece al menor ritmo en un a\u00f1o ante el \u00abestancamiento pol\u00edtico\u00bb | El Digital de Asturias<\/title>\n\n","aioseo_head_json":{"title":"La actividad del sector servicios de Espa\u00f1a crece al menor ritmo en un a\u00f1o ante el \u00abestancamiento pol\u00edtico\u00bb | El Digital de Asturias","description":"La actividad del sector servicios de Espa\u00f1a mantuvo un s\u00f3lido ritmo de crecimiento en enero, aunque su expansi\u00f3n fue la menos vigorosa desde diciembre de 2014, seg\u00fan el \u00edndice PMI, que se situ\u00f3 en 54,6 puntos desde los 55,1 del mes anterior, ante los primeros informes de que el \"estancamiento pol\u00edtico\" se traduce en incertidumbre","canonical_url":"https:\/\/eldigitaldeasturias.com\/magazine365\/la-actividad-del-sector-servicios-de-espana-crece-al-menor-ritmo-en-un-ano-ante-el-estancamiento-politico\/","robots":"max-image-preview:large","keywords":"noticias y actualidad","webmasterTools":{"google-site-verification":"UA-38556648-1","miscellaneous":""},"schema":{"@context":"https:\/\/schema.org","@graph":[{"@type":"Article","@id":"https:\/\/eldigitaldeasturias.com\/magazine365\/la-actividad-del-sector-servicios-de-espana-crece-al-menor-ritmo-en-un-ano-ante-el-estancamiento-politico\/#article","name":"La actividad del sector servicios de Espa\u00f1a crece al menor ritmo en un a\u00f1o ante el \u00abestancamiento pol\u00edtico\u00bb | El Digital de Asturias","headline":"La actividad del sector servicios de Espa\u00f1a crece al menor ritmo en un a\u00f1o ante el \u00abestancamiento pol\u00edtico\u00bb","author":{"@id":"https:\/\/eldigitaldeasturias.com\/magazine365\/author\/admin\/#author"},"publisher":{"@id":"https:\/\/eldigitaldeasturias.com\/magazine365\/#organization"},"image":{"@type":"ImageObject","url":"https:\/\/eldigitaldeasturias.com\/magazine365\/wp-content\/uploads\/2016\/02\/fotonoticia_20160203103845_800.jpg","width":800,"height":533},"datePublished":"2016-02-06T10:53:24+01:00","dateModified":"2016-02-06T10:53:24+01:00","inLanguage":"es-ES","mainEntityOfPage":{"@id":"https:\/\/eldigitaldeasturias.com\/magazine365\/la-actividad-del-sector-servicios-de-espana-crece-al-menor-ritmo-en-un-ano-ante-el-estancamiento-politico\/#webpage"},"isPartOf":{"@id":"https:\/\/eldigitaldeasturias.com\/magazine365\/la-actividad-del-sector-servicios-de-espana-crece-al-menor-ritmo-en-un-ano-ante-el-estancamiento-politico\/#webpage"},"articleSection":"Noticias y Actualidad"},{"@type":"BreadcrumbList","@id":"https:\/\/eldigitaldeasturias.com\/magazine365\/la-actividad-del-sector-servicios-de-espana-crece-al-menor-ritmo-en-un-ano-ante-el-estancamiento-politico\/#breadcrumblist","itemListElement":[{"@type":"ListItem","@id":"https:\/\/eldigitaldeasturias.com\/magazine365#listItem","position":1,"name":"Home","item":"https:\/\/eldigitaldeasturias.com\/magazine365","nextItem":{"@type":"ListItem","@id":"https:\/\/eldigitaldeasturias.com\/magazine365\/category\/noticias-actualidad\/#listItem","name":"Noticias y Actualidad"}},{"@type":"ListItem","@id":"https:\/\/eldigitaldeasturias.com\/magazine365\/category\/noticias-actualidad\/#listItem","position":2,"name":"Noticias y Actualidad","item":"https:\/\/eldigitaldeasturias.com\/magazine365\/category\/noticias-actualidad\/","nextItem":{"@type":"ListItem","@id":"https:\/\/eldigitaldeasturias.com\/magazine365\/la-actividad-del-sector-servicios-de-espana-crece-al-menor-ritmo-en-un-ano-ante-el-estancamiento-politico\/#listItem","name":"La actividad del sector servicios de Espa\u00f1a crece al menor ritmo en un a\u00f1o ante el \u00abestancamiento pol\u00edtico\u00bb"},"previousItem":{"@type":"ListItem","@id":"https:\/\/eldigitaldeasturias.com\/magazine365#listItem","name":"Home"}},{"@type":"ListItem","@id":"https:\/\/eldigitaldeasturias.com\/magazine365\/la-actividad-del-sector-servicios-de-espana-crece-al-menor-ritmo-en-un-ano-ante-el-estancamiento-politico\/#listItem","position":3,"name":"La actividad del sector servicios de Espa\u00f1a crece al menor ritmo en un a\u00f1o ante el \u00abestancamiento pol\u00edtico\u00bb","previousItem":{"@type":"ListItem","@id":"https:\/\/eldigitaldeasturias.com\/magazine365\/category\/noticias-actualidad\/#listItem","name":"Noticias y Actualidad"}}]},{"@type":"Organization","@id":"https:\/\/eldigitaldeasturias.com\/magazine365\/#organization","name":"El digital de Asturias","description":"Revista de ocio, turismo y estilo de vida","url":"https:\/\/eldigitaldeasturias.com\/magazine365\/","logo":{"@type":"ImageObject","url":"https:\/\/www.eldigitaldeasturias.com\/noticias\/wp-content\/uploads\/2020\/12\/EDA.jpg","@id":"https:\/\/eldigitaldeasturias.com\/magazine365\/la-actividad-del-sector-servicios-de-espana-crece-al-menor-ritmo-en-un-ano-ante-el-estancamiento-politico\/#organizationLogo"},"image":{"@id":"https:\/\/eldigitaldeasturias.com\/magazine365\/la-actividad-del-sector-servicios-de-espana-crece-al-menor-ritmo-en-un-ano-ante-el-estancamiento-politico\/#organizationLogo"}},{"@type":"Person","@id":"https:\/\/eldigitaldeasturias.com\/magazine365\/author\/admin\/#author","url":"https:\/\/eldigitaldeasturias.com\/magazine365\/author\/admin\/","name":"admin","image":{"@type":"ImageObject","@id":"https:\/\/eldigitaldeasturias.com\/magazine365\/la-actividad-del-sector-servicios-de-espana-crece-al-menor-ritmo-en-un-ano-ante-el-estancamiento-politico\/#authorImage","url":"https:\/\/eldigitaldeasturias.com\/magazine365\/wp-content\/litespeed\/avatar\/e571bcf59a0edd6fa6838245a470f2fe.jpg?ver=1776969259","width":96,"height":96,"caption":"admin"}},{"@type":"WebPage","@id":"https:\/\/eldigitaldeasturias.com\/magazine365\/la-actividad-del-sector-servicios-de-espana-crece-al-menor-ritmo-en-un-ano-ante-el-estancamiento-politico\/#webpage","url":"https:\/\/eldigitaldeasturias.com\/magazine365\/la-actividad-del-sector-servicios-de-espana-crece-al-menor-ritmo-en-un-ano-ante-el-estancamiento-politico\/","name":"La actividad del sector servicios de Espa\u00f1a crece al menor ritmo en un a\u00f1o ante el \u00abestancamiento pol\u00edtico\u00bb | El Digital de Asturias","description":"La actividad del sector servicios de Espa\u00f1a mantuvo un s\u00f3lido ritmo de crecimiento en enero, aunque su expansi\u00f3n fue la menos vigorosa desde diciembre de 2014, seg\u00fan el \u00edndice PMI, que se situ\u00f3 en 54,6 puntos desde los 55,1 del mes anterior, ante los primeros informes de que el \"estancamiento pol\u00edtico\" se traduce en incertidumbre","inLanguage":"es-ES","isPartOf":{"@id":"https:\/\/eldigitaldeasturias.com\/magazine365\/#website"},"breadcrumb":{"@id":"https:\/\/eldigitaldeasturias.com\/magazine365\/la-actividad-del-sector-servicios-de-espana-crece-al-menor-ritmo-en-un-ano-ante-el-estancamiento-politico\/#breadcrumblist"},"author":{"@id":"https:\/\/eldigitaldeasturias.com\/magazine365\/author\/admin\/#author"},"creator":{"@id":"https:\/\/eldigitaldeasturias.com\/magazine365\/author\/admin\/#author"},"image":{"@type":"ImageObject","url":"https:\/\/eldigitaldeasturias.com\/magazine365\/wp-content\/uploads\/2016\/02\/fotonoticia_20160203103845_800.jpg","@id":"https:\/\/eldigitaldeasturias.com\/magazine365\/la-actividad-del-sector-servicios-de-espana-crece-al-menor-ritmo-en-un-ano-ante-el-estancamiento-politico\/#mainImage","width":800,"height":533},"primaryImageOfPage":{"@id":"https:\/\/eldigitaldeasturias.com\/magazine365\/la-actividad-del-sector-servicios-de-espana-crece-al-menor-ritmo-en-un-ano-ante-el-estancamiento-politico\/#mainImage"},"datePublished":"2016-02-06T10:53:24+01:00","dateModified":"2016-02-06T10:53:24+01:00"},{"@type":"WebSite","@id":"https:\/\/eldigitaldeasturias.com\/magazine365\/#website","url":"https:\/\/eldigitaldeasturias.com\/magazine365\/","name":"El Digital de Asturias","description":"Revista de ocio, turismo y estilo de vida","inLanguage":"es-ES","publisher":{"@id":"https:\/\/eldigitaldeasturias.com\/magazine365\/#organization"}}]},"og:locale":"es_ES","og:site_name":"El Digital de Asturias \u2013 Revista de ocio, turismo y estilo de vida","og:type":"article","og:title":"La actividad del sector servicios de Espa\u00f1a crece al menor ritmo en un a\u00f1o ante el \u00abestancamiento pol\u00edtico\u00bb | El Digital de Asturias","og:description":"La actividad del sector servicios de Espa\u00f1a mantuvo un s\u00f3lido ritmo de crecimiento en enero, aunque su expansi\u00f3n fue la menos vigorosa desde diciembre de 2014, seg\u00fan el \u00edndice PMI, que se situ\u00f3 en 54,6 puntos desde los 55,1 del mes anterior, ante los primeros informes de que el &quot;estancamiento pol\u00edtico&quot; se traduce en incertidumbre","og:url":"https:\/\/eldigitaldeasturias.com\/magazine365\/la-actividad-del-sector-servicios-de-espana-crece-al-menor-ritmo-en-un-ano-ante-el-estancamiento-politico\/","og:image":"https:\/\/eldigitaldeasturias.com\/magazine365\/wp-content\/uploads\/2016\/02\/fotonoticia_20160203103845_800.jpg","og:image:secure_url":"https:\/\/eldigitaldeasturias.com\/magazine365\/wp-content\/uploads\/2016\/02\/fotonoticia_20160203103845_800.jpg","og:image:width":800,"og:image:height":533,"article:published_time":"2016-02-06T09:53:24+00:00","article:modified_time":"2016-02-06T09:53:24+00:00","twitter:card":"summary_large_image","twitter:title":"La actividad del sector servicios de Espa\u00f1a crece al menor ritmo en un a\u00f1o ante el \u00abestancamiento pol\u00edtico\u00bb | El Digital de Asturias","twitter:description":"La actividad del sector servicios de Espa\u00f1a mantuvo un s\u00f3lido ritmo de crecimiento en enero, aunque su expansi\u00f3n fue la menos vigorosa desde diciembre de 2014, seg\u00fan el \u00edndice PMI, que se situ\u00f3 en 54,6 puntos desde los 55,1 del mes anterior, ante los primeros informes de que el &quot;estancamiento pol\u00edtico&quot; se traduce en incertidumbre","twitter:image":"https:\/\/eldigitaldeasturias.com\/magazine365\/wp-content\/uploads\/2016\/02\/fotonoticia_20160203103845_800.jpg"},"aioseo_meta_data":{"post_id":"63153","title":null,"description":null,"keywords":null,"keyphrases":null,"primary_term":null,"canonical_url":null,"og_title":null,"og_description":null,"og_object_type":"default","og_image_type":"default","og_image_url":null,"og_image_width":null,"og_image_height":null,"og_image_custom_url":null,"og_image_custom_fields":null,"og_video":null,"og_custom_url":null,"og_article_section":null,"og_article_tags":null,"twitter_use_og":false,"twitter_card":"default","twitter_image_type":"default","twitter_image_url":null,"twitter_image_custom_url":null,"twitter_image_custom_fields":null,"twitter_title":null,"twitter_description":null,"schema":{"blockGraphs":[],"customGraphs":[],"default":{"data":{"Article":[],"Course":[],"Dataset":[],"FAQPage":[],"Movie":[],"Person":[],"Product":[],"ProductReview":[],"Car":[],"Recipe":[],"Service":[],"SoftwareApplication":[],"WebPage":[]},"graphName":"","isEnabled":true},"graphs":[],"defaultGraph":"","defaultPostTypeGraph":""},"schema_type":null,"schema_type_options":null,"pillar_content":false,"robots_default":true,"robots_noindex":false,"robots_noarchive":false,"robots_nosnippet":false,"robots_nofollow":false,"robots_noimageindex":false,"robots_noodp":false,"robots_notranslate":false,"robots_max_snippet":null,"robots_max_videopreview":null,"robots_max_imagepreview":"large","priority":null,"frequency":null,"location":null,"local_seo":null,"seo_analyzer_scan_date":"2025-09-25 12:35:53","breadcrumb_settings":null,"limit_modified_date":false,"open_ai":null,"ai":null,"created":"2021-03-08 21:27:05","updated":"2025-09-25 12:35:53"},"aioseo_breadcrumb":"<div class=\"aioseo-breadcrumbs\"><span class=\"aioseo-breadcrumb\">\n\t<a href=\"https:\/\/eldigitaldeasturias.com\/magazine365\" title=\"Home\">Home<\/a>\n<\/span><span class=\"aioseo-breadcrumb-separator\">\u2013<\/span><span class=\"aioseo-breadcrumb\">\n\t<a href=\"https:\/\/eldigitaldeasturias.com\/magazine365\/category\/noticias-actualidad\/\" title=\"Noticias y Actualidad\">Noticias y Actualidad<\/a>\n<\/span><span class=\"aioseo-breadcrumb-separator\">\u2013<\/span><span class=\"aioseo-breadcrumb\">\n\t<a href=\"https:\/\/eldigitaldeasturias.com\/magazine365\/la-actividad-del-sector-servicios-de-espana-crece-al-menor-ritmo-en-un-ano-ante-el-estancamiento-politico\/\" title=\"La actividad del sector servicios de Espa\u00f1a crece al menor ritmo en un a\u00f1o ante el \u00abestancamiento pol\u00edtico\u00bb\">La actividad del sector servicios de Espa\u00f1a crece al menor ritmo en un a\u00f1o ante el \u00abestancamiento pol\u00edtico\u00bb<\/a>\n<\/span><\/div>","aioseo_breadcrumb_json":[{"label":"Home","link":"https:\/\/eldigitaldeasturias.com\/magazine365"},{"label":"Noticias y Actualidad","link":"https:\/\/eldigitaldeasturias.com\/magazine365\/category\/noticias-actualidad\/"},{"label":"La actividad del sector servicios de Espa\u00f1a crece al menor ritmo en un a\u00f1o ante el \u00abestancamiento pol\u00edtico\u00bb","link":"https:\/\/eldigitaldeasturias.com\/magazine365\/la-actividad-del-sector-servicios-de-espana-crece-al-menor-ritmo-en-un-ano-ante-el-estancamiento-politico\/"}],"_links":{"self":[{"href":"https:\/\/eldigitaldeasturias.com\/magazine365\/wp-json\/wp\/v2\/posts\/63153","targetHints":{"allow":["GET"]}}],"collection":[{"href":"https:\/\/eldigitaldeasturias.com\/magazine365\/wp-json\/wp\/v2\/posts"}],"about":[{"href":"https:\/\/eldigitaldeasturias.com\/magazine365\/wp-json\/wp\/v2\/types\/post"}],"author":[{"embeddable":true,"href":"https:\/\/eldigitaldeasturias.com\/magazine365\/wp-json\/wp\/v2\/users\/1"}],"replies":[{"embeddable":true,"href":"https:\/\/eldigitaldeasturias.com\/magazine365\/wp-json\/wp\/v2\/comments?post=63153"}],"version-history":[{"count":0,"href":"https:\/\/eldigitaldeasturias.com\/magazine365\/wp-json\/wp\/v2\/posts\/63153\/revisions"}],"wp:featuredmedia":[{"embeddable":true,"href":"https:\/\/eldigitaldeasturias.com\/magazine365\/wp-json\/wp\/v2\/media\/63154"}],"wp:attachment":[{"href":"https:\/\/eldigitaldeasturias.com\/magazine365\/wp-json\/wp\/v2\/media?parent=63153"}],"wp:term":[{"taxonomy":"category","embeddable":true,"href":"https:\/\/eldigitaldeasturias.com\/magazine365\/wp-json\/wp\/v2\/categories?post=63153"},{"taxonomy":"post_tag","embeddable":true,"href":"https:\/\/eldigitaldeasturias.com\/magazine365\/wp-json\/wp\/v2\/tags?post=63153"}],"curies":[{"name":"wp","href":"https:\/\/api.w.org\/{rel}","templated":true}]}}